{"id":18304,"date":"2023-12-19T11:47:35","date_gmt":"2023-12-19T09:47:35","guid":{"rendered":"https:\/\/www.welovecycling.com\/hu\/?p=18304"},"modified":"2023-12-19T11:47:35","modified_gmt":"2023-12-19T09:47:35","slug":"pogacar-debutal-a-giron-es-durva-eve-lesz-cavendish-nem-lesz-ott-jovore-az-olasz-koron","status":"publish","type":"post","link":"https:\/\/www.welovecycling.com\/hu\/orszaguti-kerekpar\/pogacar-debutal-a-giron-es-durva-eve-lesz-cavendish-nem-lesz-ott-jovore-az-olasz-koron\/","title":{"rendered":"Poga\u010dar deb\u00fct\u00e1l a Gir\u00f3n, \u00e9s durva \u00e9ve lesz, Cavendish nem lesz ott j\u00f6v\u0151re az olasz k\u00f6r\u00f6n"},"content":{"rendered":"<p><strong>Nagy bejelent\u00e9sek a 2024-es olasz k\u00f6rversennyel kapcsolatosan.<\/strong><!--more--><\/p>\n<p>Az \u00e9v utols\u00f3 heteire fordulva kezd k\u00f6rvonalaz\u00f3dni a j\u00f6v\u0151 \u00e9vi versenyszezon, egyre t\u00f6bb WorldTour-csapat \u00e9s nagymen\u0151 hozza nyilv\u00e1noss\u00e1gra konkr\u00e9tabb 2024-es terveit.<\/p>\n<p>A h\u00e9tv\u00e9g\u00e9n a Giro d\u2019Italia szervez\u0151i jelentkeztek egy bombah\u00edrrel: egy l\u00e1tv\u00e1nyos vide\u00f3val bejelentett\u00e9k, hogy Tadej Poga\u010dar el\u0151sz\u00f6r \u00e1ll majd rajthoz az olasz k\u00f6rversenyen j\u00f6v\u0151 m\u00e1jusban.<\/p>\n<div class=\"embed-controller-wrapper\">\n<blockquote class=\"twitter-tweet\" data-width=\"500\" data-dnt=\"true\">\n<p lang=\"en\" dir=\"ltr\">Break the internet \u267e\ud83d\udc97<\/p>\n<p>\ud83d\udc4b <a href=\"https:\/\/twitter.com\/TamauPogi?ref_src=twsrc%5Etfw\">@TamauPogi<\/a> <a href=\"https:\/\/twitter.com\/TeamEmiratesUAE?ref_src=twsrc%5Etfw\">@TeamEmiratesUAE<\/a> <a href=\"https:\/\/twitter.com\/hashtag\/Giro?src=hash&amp;ref_src=twsrc%5Etfw\">#Giro<\/a> <a href=\"https:\/\/twitter.com\/hashtag\/GirodItalia?src=hash&amp;ref_src=twsrc%5Etfw\">#GirodItalia<\/a> <a href=\"https:\/\/twitter.com\/MiAirports?ref_src=twsrc%5Etfw\">@MiAirports<\/a> <a href=\"https:\/\/t.co\/eFIxlLy6L5\">pic.twitter.com\/eFIxlLy6L5<\/a><\/p>\n<p>&mdash; Giro d&#39;Italia (@giroditalia) <a href=\"https:\/\/twitter.com\/giroditalia\/status\/1736415967847067770?ref_src=twsrc%5Etfw\">December 17, 2023<\/a><\/p><\/blockquote>\n<p><script async data-src=\"https:\/\/platform.twitter.com\/widgets.js\" charset=\"utf-8\"><\/script><\/div>\n<p>Noha a k\u00e9tszeres Tour de France-gy\u0151ztes els\u0151dleges c\u00e9lja, mint mindig, \u00fagy az el\u0151tt\u00fcnk \u00e1ll\u00f3 esztend\u0151ben is a s\u00e1rga trik\u00f3 megszerz\u00e9se lesz (pontosabban: ez\u00fattal visszaszerz\u00e9se a legut\u00f3bbi k\u00e9t ki\u00edr\u00e1st megnyer\u0151 Jonas Vingegaard-t\u00f3l), \u00fagy t\u0171nik, ez nem akad\u00e1lyozza meg abban, hogy el\u0151tte letekerje a kem\u00e9ny olaszorsz\u00e1gi h\u00e1romhetest is. A szlov\u00e9n szt\u00e1r d\u00f6nt\u00e9se egy\u00e9bk\u00e9nt kicsit n\u00e9pmesei: meglep\u0151 is, meg nem is. Poga\u010dar ugyanis kor\u00e1bban m\u00e1r t\u00f6bbsz\u00f6r kijelentette, hogy nagyon szeretn\u00e9 kipr\u00f3b\u00e1lni mag\u00e1t a Gir\u00f3n is, de mivel az olasz k\u00f6r m\u00e1jus 26-\u00e1n \u00e9r c\u00e9lba, m\u00edg a Tour alig egy h\u00f3nappal k\u00e9s\u0151bb, j\u00fanius 29-\u00e9n m\u00e1r el is rajtol Firenz\u00e9ben, ez\u00e9rt sokan \u00fagy gondolt\u00e1k, a kett\u0151t egy\u00fctt, egy napt\u00e1ri \u00e9vben nem fogja megkock\u00e1ztatni, f\u0151leg, ha mindk\u00e9t versenyen gy\u0151zelmi \u00e1lmokat d\u00e9delget. Az Emirates extraklasszisa azonban a jelek szerint ism\u00e9t fittyet h\u00e1ny a k\u00e9tked\u0151kre, \u00e9s nagy terveket sz\u00f6v\u00f6get: nemcsak, hogy elindulna mindk\u00e9t f\u0151versenyen, de nyilv\u00e1nval\u00f3an nyerni is szeretne. Val\u00f3sz\u00edn\u0171leg az is extr\u00e1n motiv\u00e1lja, hogy a Giro-Tour dupl\u00e1z\u00e1s olyan ritka, mint a feh\u00e9r holl\u00f3, legut\u00f3bb a p\u00e1ly\u00e1ja cs\u00facs\u00e1n l\u00e9v\u0151 Marco Pantaninak siker\u00fclt mindkett\u0151t megnyerni egyazon \u00e9vben, \u00e9ppen negyedsz\u00e1zada, 1998-ban.<\/p>\n<figure id=\"attachment_18300\" aria-describedby=\"caption-attachment-18300\" style=\"width: 1024px\" class=\"wp-caption alignnone\"><img loading=\"lazy\" decoding=\"async\" class=\"size-large wp-image-18300\" src=\"https:\/\/d2p6e6u75xmxt8.cloudfront.net\/12\/2023\/12\/Marco_Pantani_-_Giro_d_Italia_1998-06-04_Plan_di_Montecampione-1024x690.webp\" alt=\"\" width=\"1024\" height=\"690\" srcset=\"https:\/\/d2p6e6u75xmxt8.cloudfront.net\/12\/2023\/12\/Marco_Pantani_-_Giro_d_Italia_1998-06-04_Plan_di_Montecampione-1024x690.webp 1024w, https:\/\/d2p6e6u75xmxt8.cloudfront.net\/12\/2023\/12\/Marco_Pantani_-_Giro_d_Italia_1998-06-04_Plan_di_Montecampione-300x202.webp 300w, https:\/\/d2p6e6u75xmxt8.cloudfront.net\/12\/2023\/12\/Marco_Pantani_-_Giro_d_Italia_1998-06-04_Plan_di_Montecampione-768x518.webp 768w, https:\/\/d2p6e6u75xmxt8.cloudfront.net\/12\/2023\/12\/Marco_Pantani_-_Giro_d_Italia_1998-06-04_Plan_di_Montecampione-400x270.webp 400w, https:\/\/d2p6e6u75xmxt8.cloudfront.net\/12\/2023\/12\/Marco_Pantani_-_Giro_d_Italia_1998-06-04_Plan_di_Montecampione-272x182.webp 272w, https:\/\/d2p6e6u75xmxt8.cloudfront.net\/12\/2023\/12\/Marco_Pantani_-_Giro_d_Italia_1998-06-04_Plan_di_Montecampione.webp 1046w\" sizes=\"auto, (max-width: 1024px) 100vw, 1024px\" \/><figcaption id=\"caption-attachment-18300\" class=\"wp-caption-text\">A \u201ekal\u00f3z\u201d, Marco Pantani 1998-ban (forr\u00e1s: Wikip\u00e9dia)<\/figcaption><\/figure>\n<p>Poga\u010dar 2024-es \u00e9v\u00e9re teh\u00e1t egyre ink\u00e1bb az \u201eide nekem az oroszl\u00e1nt is!\u201d szeml\u00e9letm\u00f3d a jellemz\u0151, hiszen a 25 \u00e9ves szlov\u00e9nnak jelen \u00e1ll\u00e1s szerint \u00edgy fog kin\u00e9zni a v\u00e1rhat\u00f3 f\u0151 teend\u0151list\u00e1ja: febru\u00e1rban Volta ao Algarve, tavasszal olyan klasszikusok, mint a Strade Bianche, a Tirreno-Adriatico \u00e9s a Mil\u00e1n\u00f3-Sanremo, m\u00e1jusban a Giro, j\u00fanius v\u00e9g\u00e9n utazik a Tour de France-ra, onnan azt\u00e1n egyb\u0151l \u00e1t a n\u00e9h\u00e1ny nappal k\u00e9s\u0151bb rajtol\u00f3 p\u00e1rizsi olimpi\u00e1ra, hogy a v\u00e9g\u00e9n mindezt \u201elefojtsa\u201d majd a z\u00fcrichi vil\u00e1gbajnoks\u00e1ggal. Ez els\u0151re finoman sz\u00f3lva is extr\u00e9mnek n\u00e9z ki, noha Poga\u010dar nem is csin\u00e1lt bel\u0151le titkot, hogy szeretn\u00e9 halmozni a versenyeket: a Cyclingnewsnak okt\u00f3berben \u00fagy nyilatkozott, hogy ha a sz\u00edv\u00e9re hallgatna, legsz\u00edvvesebben mindenhol elindulna, de ez nyilv\u00e1n nem lehets\u00e9ges. A tervek mindenesetre \u00edgy is grandi\u00f3zusak, az pedig majd kider\u00fcl, hogy a rengeteg nagy verseny bev\u00e1llal\u00e1sa nem \u00fct-e majd vissza, s nem mennek-e egym\u00e1s rov\u00e1s\u00e1ra.<\/p>\n<figure id=\"attachment_18295\" aria-describedby=\"caption-attachment-18295\" style=\"width: 920px\" class=\"wp-caption alignnone\"><img loading=\"lazy\" decoding=\"async\" class=\"size-full wp-image-18295\" src=\"https:\/\/d2p6e6u75xmxt8.cloudfront.net\/12\/2023\/12\/20230706cycling-horizontal.webp\" alt=\"\" width=\"920\" height=\"613\" srcset=\"https:\/\/d2p6e6u75xmxt8.cloudfront.net\/12\/2023\/12\/20230706cycling-horizontal.webp 920w, https:\/\/d2p6e6u75xmxt8.cloudfront.net\/12\/2023\/12\/20230706cycling-horizontal-300x200.webp 300w, https:\/\/d2p6e6u75xmxt8.cloudfront.net\/12\/2023\/12\/20230706cycling-horizontal-768x512.webp 768w, https:\/\/d2p6e6u75xmxt8.cloudfront.net\/12\/2023\/12\/20230706cycling-horizontal-400x267.webp 400w, https:\/\/d2p6e6u75xmxt8.cloudfront.net\/12\/2023\/12\/20230706cycling-horizontal-272x182.webp 272w\" sizes=\"auto, (max-width: 920px) 100vw, 920px\" \/><figcaption id=\"caption-attachment-18295\" class=\"wp-caption-text\">fot\u00f3: AFP\/Anne-Christine Poujoulat<\/figcaption><\/figure>\n<p>Egy m\u00e1sik klasszis azonban m\u00e1r biztosan hi\u00e1nyozni fog a j\u00f6v\u0151 \u00e9vi Gir\u00f3r\u00f3l: Mark Cavendish \u00e9s az Astana bejelentette, hogy a brit sprinterkir\u00e1ly utols\u00f3 verseny\u00e9v\u00e9ben gyakorlatilag mindent a Tour-rekordd\u00f6nt\u00e9sre tesznek fel, a kevesebb verseny, t\u00f6bb edz\u0151t\u00e1bor strat\u00e9gi\u00e1nak pedig \u00e1ldozatul esik az olasz k\u00f6r, vagyis Cav-et j\u00f3 es\u00e9llyel nem l\u00e1tjuk m\u00e1r t\u00f6bb\u00e9 a Gir\u00f3n versenyezni.<\/p>\n<figure id=\"attachment_18302\" aria-describedby=\"caption-attachment-18302\" style=\"width: 1024px\" class=\"wp-caption alignnone\"><img loading=\"lazy\" decoding=\"async\" class=\"size-full wp-image-18302\" src=\"https:\/\/d2p6e6u75xmxt8.cloudfront.net\/12\/2023\/12\/Ujf92n3UiJ99LX9TLXUnXH.webp\" alt=\"\" width=\"1024\" height=\"683\" srcset=\"https:\/\/d2p6e6u75xmxt8.cloudfront.net\/12\/2023\/12\/Ujf92n3UiJ99LX9TLXUnXH.webp 1024w, https:\/\/d2p6e6u75xmxt8.cloudfront.net\/12\/2023\/12\/Ujf92n3UiJ99LX9TLXUnXH-300x200.webp 300w, https:\/\/d2p6e6u75xmxt8.cloudfront.net\/12\/2023\/12\/Ujf92n3UiJ99LX9TLXUnXH-768x512.webp 768w, https:\/\/d2p6e6u75xmxt8.cloudfront.net\/12\/2023\/12\/Ujf92n3UiJ99LX9TLXUnXH-400x267.webp 400w, https:\/\/d2p6e6u75xmxt8.cloudfront.net\/12\/2023\/12\/Ujf92n3UiJ99LX9TLXUnXH-272x182.webp 272w\" sizes=\"auto, (max-width: 1024px) 100vw, 1024px\" \/><figcaption id=\"caption-attachment-18302\" class=\"wp-caption-text\">fot\u00f3: Stuart Franklin\/Getty<\/figcaption><\/figure>\n","protected":false},"excerpt":{"rendered":"<p>Nagy bejelent\u00e9sek a 2024-es olasz k\u00f6rversennyel kapcsolatosan.<\/p>\n","protected":false},"author":71,"featured_media":18301,"comment_status":"open","ping_status":"open","sticky":false,"template":"","format":"standard","meta":{"footnotes":""},"categories":[8],"tags":[],"global-categories":[419],"class_list":["post-18304","post","type-post","status-publish","format-standard","has-post-thumbnail","hentry","category-orszaguti-kerekpar","global-categories-cycling"],"yoast_head":"<!-- This site is optimized with the Yoast SEO Premium plugin v25.3 (Yoast SEO v25.9) - https:\/\/yoast.com\/wordpress\/plugins\/seo\/ -->\n<title>Poga\u010dar deb\u00fct\u00e1l a Gir\u00f3n, \u00e9s durva \u00e9ve lesz, Cavendish nem lesz ott j\u00f6v\u0151re az olasz k\u00f6r\u00f6n - \u0160koda We Love Cycling - Magyarorsz\u00e1g<\/title>\n<meta name=\"robots\" content=\"index, follow, max-snippet:-1, max-image-preview:large, max-video-preview:-1\" \/>\n<link rel=\"canonical\" href=\"https:\/\/www.welovecycling.com\/hu\/orszaguti-kerekpar\/pogacar-debutal-a-giron-es-durva-eve-lesz-cavendish-nem-lesz-ott-jovore-az-olasz-koron\/\" \/>\n<meta property=\"og:locale\" content=\"hu_HU\" \/>\n<meta property=\"og:type\" content=\"article\" \/>\n<meta property=\"og:title\" content=\"Poga\u010dar deb\u00fct\u00e1l a Gir\u00f3n, \u00e9s durva \u00e9ve lesz, Cavendish nem lesz ott j\u00f6v\u0151re az olasz k\u00f6r\u00f6n\" \/>\n<meta property=\"og:description\" content=\"Nagy bejelent\u00e9sek a 2024-es olasz k\u00f6rversennyel kapcsolatosan.\" \/>\n<meta property=\"og:url\" content=\"https:\/\/www.welovecycling.com\/hu\/orszaguti-kerekpar\/pogacar-debutal-a-giron-es-durva-eve-lesz-cavendish-nem-lesz-ott-jovore-az-olasz-koron\/\" \/>\n<meta property=\"og:site_name\" content=\"\u0160koda We Love Cycling - Magyarorsz\u00e1g\" \/>\n<meta property=\"article:publisher\" content=\"https:\/\/www.facebook.com\/WeLoveCyclingHungary\/\" \/>\n<meta property=\"article:published_time\" content=\"2023-12-19T09:47:35+00:00\" \/>\n<meta property=\"og:image\" content=\"https:\/\/d2p6e6u75xmxt8.cloudfront.net\/12\/2023\/12\/maxresdefault.webp\" \/>\n\t<meta property=\"og:image:width\" content=\"1280\" \/>\n\t<meta property=\"og:image:height\" content=\"720\" \/>\n\t<meta property=\"og:image:type\" content=\"image\/webp\" \/>\n<meta name=\"author\" content=\"hegyizs\" \/>\n<meta name=\"twitter:card\" content=\"summary_large_image\" \/>\n<meta name=\"twitter:label1\" content=\"Written by\" \/>\n\t<meta name=\"twitter:data1\" content=\"WLC\" \/>\n\t<meta name=\"twitter:label2\" content=\"Est. reading time\" \/>\n\t<meta name=\"twitter:data2\" content=\"3 minutes\" \/>\n<script type=\"application\/ld+json\" class=\"yoast-schema-graph\">{\"@context\":\"https:\/\/schema.org\",\"@graph\":[{\"@type\":\"WebPage\",\"@id\":\"https:\/\/www.welovecycling.com\/hu\/orszaguti-kerekpar\/pogacar-debutal-a-giron-es-durva-eve-lesz-cavendish-nem-lesz-ott-jovore-az-olasz-koron\/\",\"url\":\"https:\/\/www.welovecycling.com\/hu\/orszaguti-kerekpar\/pogacar-debutal-a-giron-es-durva-eve-lesz-cavendish-nem-lesz-ott-jovore-az-olasz-koron\/\",\"name\":\"Poga\u010dar deb\u00fct\u00e1l a Gir\u00f3n, \u00e9s durva \u00e9ve lesz, Cavendish nem lesz ott j\u00f6v\u0151re az olasz k\u00f6r\u00f6n - \u0160koda We Love Cycling - Magyarorsz\u00e1g\",\"isPartOf\":{\"@id\":\"https:\/\/www.welovecycling.com\/hu\/#website\"},\"primaryImageOfPage\":{\"@id\":\"https:\/\/www.welovecycling.com\/hu\/orszaguti-kerekpar\/pogacar-debutal-a-giron-es-durva-eve-lesz-cavendish-nem-lesz-ott-jovore-az-olasz-koron\/#primaryimage\"},\"image\":{\"@id\":\"https:\/\/www.welovecycling.com\/hu\/orszaguti-kerekpar\/pogacar-debutal-a-giron-es-durva-eve-lesz-cavendish-nem-lesz-ott-jovore-az-olasz-koron\/#primaryimage\"},\"thumbnailUrl\":\"https:\/\/d2p6e6u75xmxt8.cloudfront.net\/12\/2023\/12\/maxresdefault.webp\",\"datePublished\":\"2023-12-19T09:47:35+00:00\",\"author\":{\"@id\":\"https:\/\/www.welovecycling.com\/hu\/#\/schema\/person\/414a2aebf1801691a5320edb6468e194\"},\"breadcrumb\":{\"@id\":\"https:\/\/www.welovecycling.com\/hu\/orszaguti-kerekpar\/pogacar-debutal-a-giron-es-durva-eve-lesz-cavendish-nem-lesz-ott-jovore-az-olasz-koron\/#breadcrumb\"},\"inLanguage\":\"hu\",\"potentialAction\":[{\"@type\":\"ReadAction\",\"target\":[\"https:\/\/www.welovecycling.com\/hu\/orszaguti-kerekpar\/pogacar-debutal-a-giron-es-durva-eve-lesz-cavendish-nem-lesz-ott-jovore-az-olasz-koron\/\"]}]},{\"@type\":\"ImageObject\",\"inLanguage\":\"hu\",\"@id\":\"https:\/\/www.welovecycling.com\/hu\/orszaguti-kerekpar\/pogacar-debutal-a-giron-es-durva-eve-lesz-cavendish-nem-lesz-ott-jovore-az-olasz-koron\/#primaryimage\",\"url\":\"https:\/\/d2p6e6u75xmxt8.cloudfront.net\/12\/2023\/12\/maxresdefault.webp\",\"contentUrl\":\"https:\/\/d2p6e6u75xmxt8.cloudfront.net\/12\/2023\/12\/maxresdefault.webp\",\"width\":1280,\"height\":720},{\"@type\":\"BreadcrumbList\",\"@id\":\"https:\/\/www.welovecycling.com\/hu\/orszaguti-kerekpar\/pogacar-debutal-a-giron-es-durva-eve-lesz-cavendish-nem-lesz-ott-jovore-az-olasz-koron\/#breadcrumb\",\"itemListElement\":[{\"@type\":\"ListItem\",\"position\":1,\"name\":\"Home\",\"item\":\"https:\/\/www.welovecycling.com\/hu\/\"},{\"@type\":\"ListItem\",\"position\":2,\"name\":\"Poga\u010dar deb\u00fct\u00e1l a Gir\u00f3n, \u00e9s durva \u00e9ve lesz, Cavendish nem lesz ott j\u00f6v\u0151re az olasz k\u00f6r\u00f6n\"}]},{\"@type\":\"WebSite\",\"@id\":\"https:\/\/www.welovecycling.com\/hu\/#website\",\"url\":\"https:\/\/www.welovecycling.com\/hu\/\",\"name\":\"\u0160koda We Love Cycling - Magyarorsz\u00e1g\",\"description\":\"\u0160koda WeLoveCycling\",\"potentialAction\":[{\"@type\":\"SearchAction\",\"target\":{\"@type\":\"EntryPoint\",\"urlTemplate\":\"https:\/\/www.welovecycling.com\/hu\/?s={search_term_string}\"},\"query-input\":{\"@type\":\"PropertyValueSpecification\",\"valueRequired\":true,\"valueName\":\"search_term_string\"}}],\"inLanguage\":\"hu\"},{\"@type\":\"Person\",\"@id\":\"https:\/\/www.welovecycling.com\/hu\/#\/schema\/person\/414a2aebf1801691a5320edb6468e194\",\"name\":\"hegyizs\",\"image\":{\"@type\":\"ImageObject\",\"inLanguage\":\"hu\",\"@id\":\"https:\/\/www.welovecycling.com\/hu\/#\/schema\/person\/image\/\",\"url\":\"https:\/\/secure.gravatar.com\/avatar\/02cf8a7906b8cf90cecb4679defac7cfd33a1c2e3b88e4903d947f3bb58eedd3?s=96&d=mm&r=g\",\"contentUrl\":\"https:\/\/secure.gravatar.com\/avatar\/02cf8a7906b8cf90cecb4679defac7cfd33a1c2e3b88e4903d947f3bb58eedd3?s=96&d=mm&r=g\",\"caption\":\"hegyizs\"},\"url\":\"https:\/\/www.welovecycling.com\/hu\/author\/hegyizs\/\"}]}<\/script>\n<!-- \/ Yoast SEO Premium plugin. -->","yoast_head_json":{"title":"Poga\u010dar deb\u00fct\u00e1l a Gir\u00f3n, \u00e9s durva \u00e9ve lesz, Cavendish nem lesz ott j\u00f6v\u0151re az olasz k\u00f6r\u00f6n - \u0160koda We Love Cycling - Magyarorsz\u00e1g","robots":{"index":"index","follow":"follow","max-snippet":"max-snippet:-1","max-image-preview":"max-image-preview:large","max-video-preview":"max-video-preview:-1"},"canonical":"https:\/\/www.welovecycling.com\/hu\/orszaguti-kerekpar\/pogacar-debutal-a-giron-es-durva-eve-lesz-cavendish-nem-lesz-ott-jovore-az-olasz-koron\/","og_locale":"hu_HU","og_type":"article","og_title":"Poga\u010dar deb\u00fct\u00e1l a Gir\u00f3n, \u00e9s durva \u00e9ve lesz, Cavendish nem lesz ott j\u00f6v\u0151re az olasz k\u00f6r\u00f6n","og_description":"Nagy bejelent\u00e9sek a 2024-es olasz k\u00f6rversennyel kapcsolatosan.","og_url":"https:\/\/www.welovecycling.com\/hu\/orszaguti-kerekpar\/pogacar-debutal-a-giron-es-durva-eve-lesz-cavendish-nem-lesz-ott-jovore-az-olasz-koron\/","og_site_name":"\u0160koda We Love Cycling - Magyarorsz\u00e1g","article_publisher":"https:\/\/www.facebook.com\/WeLoveCyclingHungary\/","article_published_time":"2023-12-19T09:47:35+00:00","og_image":[{"width":1280,"height":720,"url":"https:\/\/d2p6e6u75xmxt8.cloudfront.net\/12\/2023\/12\/maxresdefault.webp","type":"image\/webp"}],"author":"hegyizs","twitter_card":"summary_large_image","twitter_misc":{"Written by":"WLC","Est. reading time":"3 minutes"},"schema":{"@context":"https:\/\/schema.org","@graph":[{"@type":"WebPage","@id":"https:\/\/www.welovecycling.com\/hu\/orszaguti-kerekpar\/pogacar-debutal-a-giron-es-durva-eve-lesz-cavendish-nem-lesz-ott-jovore-az-olasz-koron\/","url":"https:\/\/www.welovecycling.com\/hu\/orszaguti-kerekpar\/pogacar-debutal-a-giron-es-durva-eve-lesz-cavendish-nem-lesz-ott-jovore-az-olasz-koron\/","name":"Poga\u010dar deb\u00fct\u00e1l a Gir\u00f3n, \u00e9s durva \u00e9ve lesz, Cavendish nem lesz ott j\u00f6v\u0151re az olasz k\u00f6r\u00f6n - \u0160koda We Love Cycling - Magyarorsz\u00e1g","isPartOf":{"@id":"https:\/\/www.welovecycling.com\/hu\/#website"},"primaryImageOfPage":{"@id":"https:\/\/www.welovecycling.com\/hu\/orszaguti-kerekpar\/pogacar-debutal-a-giron-es-durva-eve-lesz-cavendish-nem-lesz-ott-jovore-az-olasz-koron\/#primaryimage"},"image":{"@id":"https:\/\/www.welovecycling.com\/hu\/orszaguti-kerekpar\/pogacar-debutal-a-giron-es-durva-eve-lesz-cavendish-nem-lesz-ott-jovore-az-olasz-koron\/#primaryimage"},"thumbnailUrl":"https:\/\/d2p6e6u75xmxt8.cloudfront.net\/12\/2023\/12\/maxresdefault.webp","datePublished":"2023-12-19T09:47:35+00:00","author":{"@id":"https:\/\/www.welovecycling.com\/hu\/#\/schema\/person\/414a2aebf1801691a5320edb6468e194"},"breadcrumb":{"@id":"https:\/\/www.welovecycling.com\/hu\/orszaguti-kerekpar\/pogacar-debutal-a-giron-es-durva-eve-lesz-cavendish-nem-lesz-ott-jovore-az-olasz-koron\/#breadcrumb"},"inLanguage":"hu","potentialAction":[{"@type":"ReadAction","target":["https:\/\/www.welovecycling.com\/hu\/orszaguti-kerekpar\/pogacar-debutal-a-giron-es-durva-eve-lesz-cavendish-nem-lesz-ott-jovore-az-olasz-koron\/"]}]},{"@type":"ImageObject","inLanguage":"hu","@id":"https:\/\/www.welovecycling.com\/hu\/orszaguti-kerekpar\/pogacar-debutal-a-giron-es-durva-eve-lesz-cavendish-nem-lesz-ott-jovore-az-olasz-koron\/#primaryimage","url":"https:\/\/d2p6e6u75xmxt8.cloudfront.net\/12\/2023\/12\/maxresdefault.webp","contentUrl":"https:\/\/d2p6e6u75xmxt8.cloudfront.net\/12\/2023\/12\/maxresdefault.webp","width":1280,"height":720},{"@type":"BreadcrumbList","@id":"https:\/\/www.welovecycling.com\/hu\/orszaguti-kerekpar\/pogacar-debutal-a-giron-es-durva-eve-lesz-cavendish-nem-lesz-ott-jovore-az-olasz-koron\/#breadcrumb","itemListElement":[{"@type":"ListItem","position":1,"name":"Home","item":"https:\/\/www.welovecycling.com\/hu\/"},{"@type":"ListItem","position":2,"name":"Poga\u010dar deb\u00fct\u00e1l a Gir\u00f3n, \u00e9s durva \u00e9ve lesz, Cavendish nem lesz ott j\u00f6v\u0151re az olasz k\u00f6r\u00f6n"}]},{"@type":"WebSite","@id":"https:\/\/www.welovecycling.com\/hu\/#website","url":"https:\/\/www.welovecycling.com\/hu\/","name":"\u0160koda We Love Cycling - Magyarorsz\u00e1g","description":"\u0160koda WeLoveCycling","potentialAction":[{"@type":"SearchAction","target":{"@type":"EntryPoint","urlTemplate":"https:\/\/www.welovecycling.com\/hu\/?s={search_term_string}"},"query-input":{"@type":"PropertyValueSpecification","valueRequired":true,"valueName":"search_term_string"}}],"inLanguage":"hu"},{"@type":"Person","@id":"https:\/\/www.welovecycling.com\/hu\/#\/schema\/person\/414a2aebf1801691a5320edb6468e194","name":"hegyizs","image":{"@type":"ImageObject","inLanguage":"hu","@id":"https:\/\/www.welovecycling.com\/hu\/#\/schema\/person\/image\/","url":"https:\/\/secure.gravatar.com\/avatar\/02cf8a7906b8cf90cecb4679defac7cfd33a1c2e3b88e4903d947f3bb58eedd3?s=96&d=mm&r=g","contentUrl":"https:\/\/secure.gravatar.com\/avatar\/02cf8a7906b8cf90cecb4679defac7cfd33a1c2e3b88e4903d947f3bb58eedd3?s=96&d=mm&r=g","caption":"hegyizs"},"url":"https:\/\/www.welovecycling.com\/hu\/author\/hegyizs\/"}]}},"_links":{"self":[{"href":"https:\/\/www.welovecycling.com\/hu\/wp-json\/wp\/v2\/posts\/18304","targetHints":{"allow":["GET"]}}],"collection":[{"href":"https:\/\/www.welovecycling.com\/hu\/wp-json\/wp\/v2\/posts"}],"about":[{"href":"https:\/\/www.welovecycling.com\/hu\/wp-json\/wp\/v2\/types\/post"}],"author":[{"embeddable":true,"href":"https:\/\/www.welovecycling.com\/hu\/wp-json\/wp\/v2\/users\/71"}],"replies":[{"embeddable":true,"href":"https:\/\/www.welovecycling.com\/hu\/wp-json\/wp\/v2\/comments?post=18304"}],"version-history":[{"count":2,"href":"https:\/\/www.welovecycling.com\/hu\/wp-json\/wp\/v2\/posts\/18304\/revisions"}],"predecessor-version":[{"id":18306,"href":"https:\/\/www.welovecycling.com\/hu\/wp-json\/wp\/v2\/posts\/18304\/revisions\/18306"}],"wp:featuredmedia":[{"embeddable":true,"href":"https:\/\/www.welovecycling.com\/hu\/wp-json\/wp\/v2\/media\/18301"}],"wp:attachment":[{"href":"https:\/\/www.welovecycling.com\/hu\/wp-json\/wp\/v2\/media?parent=18304"}],"wp:term":[{"taxonomy":"category","embeddable":true,"href":"https:\/\/www.welovecycling.com\/hu\/wp-json\/wp\/v2\/categories?post=18304"},{"taxonomy":"post_tag","embeddable":true,"href":"https:\/\/www.welovecycling.com\/hu\/wp-json\/wp\/v2\/tags?post=18304"},{"taxonomy":"global-categories","embeddable":true,"href":"https:\/\/www.welovecycling.com\/hu\/wp-json\/wp\/v2\/global-categories?post=18304"}],"curies":[{"name":"wp","href":"https:\/\/api.w.org\/{rel}","templated":true}]}}