{"id":18294,"date":"2023-12-31T08:00:37","date_gmt":"2023-12-31T06:00:37","guid":{"rendered":"https:\/\/www.welovecycling.com\/hu\/?p=18294"},"modified":"2023-12-19T12:01:07","modified_gmt":"2023-12-19T10:01:07","slug":"ez-a-tour-a-legnagyobb-verseny-nem-adod-fel-hacsak-nincs-eltorve-mindket-labad","status":"publish","type":"post","link":"https:\/\/www.welovecycling.com\/hu\/orszaguti-kerekpar\/ez-a-tour-a-legnagyobb-verseny-nem-adod-fel-hacsak-nincs-eltorve-mindket-labad\/","title":{"rendered":"\u201eEz a Tour, a legnagyobb verseny, nem adod fel, hacsak nincs elt\u00f6rve mindk\u00e9t l\u00e1bad\u201d"},"content":{"rendered":"<p><strong>A 2022-es Giro-gy\u0151ztes Jai Hindley edz\u00e9smunk\u00e1r\u00f3l, szenved\u00e9sr\u0151l, cs\u0151l\u00e1t\u00e1sr\u00f3l \u00e9s a profi bring\u00e1sok mag\u00e1ny\u00e1r\u00f3l, nagyon \u00e9rdekes k\u00f6nt\u00f6sbe csomagolva.<\/strong><!--more--><\/p>\n<p>Jai Hindley a World Tour-mez\u0151ny egyik \u00fcde sz\u00ednfoltj\u00e1v\u00e1 n\u0151tte ki mag\u00e1t az elm\u00falt \u00e9vekben. A most 27 \u00e9ves versenyz\u0151 Ausztr\u00e1li\u00e1b\u00f3l indulva \u00e9rt oda fokozatosan a legjobbak k\u00f6z\u00e9, 2020-ban meglepet\u00e9sre m\u00e1r m\u00e1sodik lett a Giro d\u2019Itali\u00e1n, k\u00e9t \u00e9v m\u00falva pedig, imm\u00e1r a Bora bring\u00e1sak\u00e9nt meg is nyerte a r\u00f3zsasz\u00edn trik\u00f3t a Richard Carapazzal v\u00edvott eml\u00e9kezetes k\u00fczdelme ut\u00e1n.<\/p>\n<p>Az al\u00e1zatos, k\u00f6zkedvelt Hindley tavaly a Tour de France-on szeretett volna nagyot dobbantani, \u00e9s a verseny els\u0151 fel\u00e9ben kimondottan j\u00f3l is ment: el\u0151bb az 5. szakaszon megszerezte a s\u00e1rga trik\u00f3t, amit azt\u00e1n k\u00e9s\u0151bb leadott ugyan, de m\u00e9g a m\u00e1sodik h\u00e9ten is a k\u00fcl\u00f6ncsat\u00e1t v\u00edv\u00f3 k\u00e9t extraklasszis, a Jonas Vingegaard-t \u00e9s Tadej Poga\u010dart \u00fcld\u00f6z\u0151 boly legjobbja volt. Eg\u00e9szen a 14. etapig, amikor egy cs\u00fanya buk\u00e1s sz\u00e9trombolta az \u00e1lmait, no meg a test\u00e9t: noha a viadalt nem adta fel, hanem a fog\u00e1t \u00f6sszeszor\u00edtva v\u00e9gigk\u00fczd\u00f6tte, f\u00e1jdalmai miatt minden nap egyre nehezebben alakult \u2013 ilyen k\u00f6r\u00fclm\u00e9nyek k\u00f6z\u00f6tt a 7. helye is az abszol\u00fat megs\u00fcvegelend\u0151 kateg\u00f3ria. Hindley a napokban a Cyclingnewsnak adott hosszabb \u00e9s \u00e9rdekes interj\u00fat, melyben egy csom\u00f3 kulisszatitokba betekint\u00e9st enged, \u00e9s kivil\u00e1glik az is, hogy a profi orsz\u00e1g\u00fati ker\u00e9kp\u00e1rosok \u00e9lete az\u00e9rt finoman sz\u00f3lva sem csak m\u00f3ka \u00e9s kacag\u00e1s. \u201e<em>Pont telibe a farokcsontomra estem, borzalmas volt. A h\u00e1tam onnant\u00f3l minden egyes nappal rosszabb \u00e9s rosszabb lett, a fizi\u00f3sok minden nap \u00f3r\u00e1kon \u00e1t foglalkoztak velem est\u00e9nk\u00e9nt \u2013 s\u0151t, n\u00e9ha m\u00e9g a szakaszok el\u0151tt is \u2013, hogy azt\u00e1n full g\u00e1zzal tudjam nyomni. Na de ez a Tour, a legnagyobb verseny, nem fogod feladni, hacsak nincs elt\u00f6rve mindk\u00e9t l\u00e1bad. A z\u00e1r\u00f3h\u00e9t pokoli volt, iszonyatosat szenvedtem minden nap, \u00e9s folyamatosan id\u0151t vesztettem, de m\u00e9g \u00edgy is pr\u00f3b\u00e1ltam ott maradni az \u00f6sszetett k\u00fczdelemben. Igaz\u00e1n pocs\u00e9k \u00e9rz\u00e9s volt l\u00e1tni, ahogy egyre t\u00e1volabb ker\u00fcl\u00f6k\u2026\u201d<\/em><\/p>\n<figure id=\"attachment_18298\" aria-describedby=\"caption-attachment-18298\" style=\"width: 1024px\" class=\"wp-caption alignnone\"><img loading=\"lazy\" decoding=\"async\" class=\"size-large wp-image-18298\" src=\"https:\/\/d2p6e6u75xmxt8.cloudfront.net\/12\/2023\/12\/hindley-Zac-WilliamsSWpix.com_-1024x683.webp\" alt=\"\" width=\"1024\" height=\"683\" srcset=\"https:\/\/d2p6e6u75xmxt8.cloudfront.net\/12\/2023\/12\/hindley-Zac-WilliamsSWpix.com_-1024x683.webp 1024w, https:\/\/d2p6e6u75xmxt8.cloudfront.net\/12\/2023\/12\/hindley-Zac-WilliamsSWpix.com_-300x200.webp 300w, https:\/\/d2p6e6u75xmxt8.cloudfront.net\/12\/2023\/12\/hindley-Zac-WilliamsSWpix.com_-768x512.webp 768w, https:\/\/d2p6e6u75xmxt8.cloudfront.net\/12\/2023\/12\/hindley-Zac-WilliamsSWpix.com_-400x267.webp 400w, https:\/\/d2p6e6u75xmxt8.cloudfront.net\/12\/2023\/12\/hindley-Zac-WilliamsSWpix.com_-272x182.webp 272w, https:\/\/d2p6e6u75xmxt8.cloudfront.net\/12\/2023\/12\/hindley-Zac-WilliamsSWpix.com_.webp 1200w\" sizes=\"auto, (max-width: 1024px) 100vw, 1024px\" \/><figcaption id=\"caption-attachment-18298\" class=\"wp-caption-text\">Hindley 14. szakaszon t\u00f6rt\u00e9nt buk\u00e1sa nagyban r\u00e1nyomta a b\u00e9lyeg\u00e9t a Tourja h\u00e1tral\u00e9v\u0151 r\u00e9sz\u00e9re (fot\u00f3: Zac Williams\/SWpix.com)<\/figcaption><\/figure>\n<p>Hindley a felk\u00e9sz\u00fcl\u00e9s alapr\u00e9szek\u00e9nt eml\u00edtette a szigor\u00fa t\u00e1pl\u00e1lkoz\u00e1st \u00e9s a magaslati edz\u0151t\u00e1borokat, amib\u0151l b\u0151ven kijutott neki a Tour el\u0151tt: n\u00e9gy \u00e9s f\u00e9l hetet t\u00f6lt\u00f6tt a hegyekben a Tour-t felvezet\u0151 Crit\u00e9rium du Dauphin\u00e9-ig, ahol azt\u00e1n m\u00e1sodik helye visszaigazolta a kiv\u00e1l\u00f3 alapoz\u00e1st \u2013 olyannyira, hogy azt\u00e1n m\u00e9g egy magaslati edz\u0151t\u00e1borba visszat\u00e9rt, ami tal\u00e1n m\u00e1r egy kicsit soknak is bizonyult. Hogy a sokszor monoton edz\u00e9smunk\u00e1hoz kell valamif\u00e9le fura \u00f6nsanyargat\u00f3 fanatizmus, m\u00e1r sokan elmondt\u00e1k a legsikeresebb versenyz\u0151k k\u00f6z\u00fcl \u2013 p\u00e9ld\u00e1ul Valter Attila is \u2013, \u00e9s Hindley is az a fajta, aki szeret mag\u00e1nyosan szenvedni ak\u00e1r \u00f3r\u00e1kon \u00e1t. \u0150k ugyanis ezt teljesen m\u00e1sk\u00e9nt \u00e9lik meg. <em>\u201eBizonyos \u00e9rtelemben \u00e9lvezem az elszigetelts\u00e9get \u00e9s a rengeteg edz\u00e9st \u2013 m\u00e9g ha ez id\u0151nk\u00e9nt nagyon unalmas \u00e9s mag\u00e1nyos \u00e9rz\u00e9s is. Nyilv\u00e1nval\u00f3an nem egyszer\u0171 fizikailag az, amikor n\u00e9gy h\u00e9ten \u00e1t minden nap teljesen sz\u00e9thajtod magad, \u00e9s lelkileg is neh\u00e9z tud lenni. De ha j\u00f3 a t\u00e1bor, \u00e9s remek sr\u00e1cokkal vagy k\u00f6r\u00fclv\u00e9ve, j\u00f3l \u00e9rzed magad a nyeregben, akkor nagyszer\u0171 az eg\u00e9sz. Egy biztos: ha nincs egyfajta cs\u0151l\u00e1t\u00e1sod, akkor lent maradsz a porban. Ez val\u00f3j\u00e1ban egy el\u00e9g \u0151r\u00fclt dolog, nem tagadom. De nekem ez a szeml\u00e9letem 2018 \u00f3ta, amikor profiv\u00e1 v\u00e1ltam, eg\u00e9szen mostan\u00e1ig.\u201d<\/em><\/p>\n<figure id=\"attachment_18296\" aria-describedby=\"caption-attachment-18296\" style=\"width: 1024px\" class=\"wp-caption alignnone\"><img loading=\"lazy\" decoding=\"async\" class=\"size-large wp-image-18296\" src=\"https:\/\/d2p6e6u75xmxt8.cloudfront.net\/12\/2023\/12\/csm_Jai_Hindley_Bora_Andorra_2022-5207_63a833581c-1024x576.webp\" alt=\"\" width=\"1024\" height=\"576\" srcset=\"https:\/\/d2p6e6u75xmxt8.cloudfront.net\/12\/2023\/12\/csm_Jai_Hindley_Bora_Andorra_2022-5207_63a833581c-1024x576.webp 1024w, https:\/\/d2p6e6u75xmxt8.cloudfront.net\/12\/2023\/12\/csm_Jai_Hindley_Bora_Andorra_2022-5207_63a833581c-300x169.webp 300w, https:\/\/d2p6e6u75xmxt8.cloudfront.net\/12\/2023\/12\/csm_Jai_Hindley_Bora_Andorra_2022-5207_63a833581c-768x432.webp 768w, https:\/\/d2p6e6u75xmxt8.cloudfront.net\/12\/2023\/12\/csm_Jai_Hindley_Bora_Andorra_2022-5207_63a833581c-1536x864.webp 1536w, https:\/\/d2p6e6u75xmxt8.cloudfront.net\/12\/2023\/12\/csm_Jai_Hindley_Bora_Andorra_2022-5207_63a833581c-400x225.webp 400w, https:\/\/d2p6e6u75xmxt8.cloudfront.net\/12\/2023\/12\/csm_Jai_Hindley_Bora_Andorra_2022-5207_63a833581c.webp 1920w\" sizes=\"auto, (max-width: 1024px) 100vw, 1024px\" \/><figcaption id=\"caption-attachment-18296\" class=\"wp-caption-text\">Hindley j\u00f3 orsz\u00e1g\u00fatis m\u00f3dj\u00e1ra szereti a mag\u00e1nyt, a cs\u0151l\u00e1t\u00e1st \u00e9s a kem\u00e9ny, monoton edz\u00e9seket (fot\u00f3: Bora)<\/figcaption><\/figure>\n<p>V\u00e9g\u00fcl egyfajta ars poetic\u00e1t is megfogalmazott \u00f6sszegz\u00e9sk\u00e9nt (ami nem felt\u00e9tlen\u00fcl csak a profi ker\u00e9kp\u00e1rosoknak sz\u00f3lhat):<em> \u201eIm\u00e1dom, amit a ker\u00e9kp\u00e1roz\u00e1s adni tud; azt a sok embert, akikkel tal\u00e1lkozol, a helyeket, ahova m\u00e9sz, a versenyz\u00e9st\u2026 De ez kor\u00e1ntsem mindig olyan csillog\u00f3, fontos, hogy megtal\u00e1ld a kell\u0151 egyens\u00falyt. Amikor szabadid\u0151d van, akkor az t\u00e9nyleg legyen szabadid\u0151. \u00c9n olyankor r\u00e1 sem pillantok a bring\u00e1mra, nem n\u00e9zek ker\u00e9kp\u00e1rt a t\u00e9v\u00e9ben, \u00e9s nem v\u00e1laszolok egy csom\u00f3 olyan \u00fczenetre, amelyek a sport\u00e1ggal kapcsolatos emberekt\u0151l \u00e9rkeznek. Engedned kell az elm\u00e9dnek egy kis \u00fajraindul\u00e1st, azt\u00e1n \u00fagyis term\u00e9szetszer\u0171leg visszacs\u00e1bulsz. Ha nincs meg ez a fajta egyens\u00faly, akkor nagyon hamar ki\u00e9gsz.\u201d<\/em><\/p>\n<p>\u00c9s hogy mire lesz k\u00e9pes Hindley, vagy a Bora, imm\u00e1r a szlov\u00e9n szuperszt\u00e1rral, Primoz Rogli\u010dcsal kieg\u00e9sz\u00edtve 2024-ben? Megl\u00e1tjuk \u2013 Hindley mindenesetre optimista. <em>\u201e\u0150 a vil\u00e1g egyik legjobb versenyz\u0151je, egyben a Giro c\u00edmv\u00e9d\u0151je, hatalmas er\u0151s\u00edt\u00e9s a csapatunk sz\u00e1m\u00e1ra. Nagyon izgatott vagyok, rem\u00e9lhet\u0151leg vele k\u00e9pesek lesz\u00fcnk szintet l\u00e9pni.\u201d<\/em> Az ausztr\u00e1l klasszist a jelek szerint az sem zavarja, hogy ezzel egy id\u0151re j\u00f3 es\u00e9llyel elvesztette az els\u0151 sz\u00e1m\u00fa versenyz\u0151 poz\u00edci\u00f3j\u00e1t a Bor\u00e1n\u00e1l. Mint mondta, ez a szerepk\u00f6r sokszor am\u00fagy sem volt neki k\u00f6nny\u0171, sz\u00f3val tulajdonk\u00e9ppen m\u00e9g \u00f6r\u00fcl is neki, hogy innent\u0151l v\u00e1rhat\u00f3an egy m\u00e1sik sr\u00e1c lesz az \u00f6sszetett men\u0151: <em>\u201ek\u00f6nnyebb \u00fagy, ha kevesebb az elv\u00e1r\u00e1s\u2026\u201d<\/em><\/p>\n<figure id=\"attachment_18299\" aria-describedby=\"caption-attachment-18299\" style=\"width: 1024px\" class=\"wp-caption alignnone\"><img loading=\"lazy\" decoding=\"async\" class=\"size-large wp-image-18299\" src=\"https:\/\/d2p6e6u75xmxt8.cloudfront.net\/12\/2023\/12\/images.sbs_.com_-1024x576.webp\" alt=\"\" width=\"1024\" height=\"576\" srcset=\"https:\/\/d2p6e6u75xmxt8.cloudfront.net\/12\/2023\/12\/images.sbs_.com_-1024x576.webp 1024w, https:\/\/d2p6e6u75xmxt8.cloudfront.net\/12\/2023\/12\/images.sbs_.com_-300x169.webp 300w, https:\/\/d2p6e6u75xmxt8.cloudfront.net\/12\/2023\/12\/images.sbs_.com_-768x432.webp 768w, https:\/\/d2p6e6u75xmxt8.cloudfront.net\/12\/2023\/12\/images.sbs_.com_-400x225.webp 400w, https:\/\/d2p6e6u75xmxt8.cloudfront.net\/12\/2023\/12\/images.sbs_.com_.webp 1280w\" sizes=\"auto, (max-width: 1024px) 100vw, 1024px\" \/><figcaption id=\"caption-attachment-18299\" class=\"wp-caption-text\">Hindley \u00e9s Rogli\u010d szem\u00e9ly\u00e9ben j\u00f6v\u0151re m\u00e1r k\u00e9t Giro-gy\u0151ztes teker majd a Bor\u00e1ban egym\u00e1s oldal\u00e1n (fot\u00f3: sbs.com.au)<\/figcaption><\/figure>\n<p><em>Bor\u00edt\u00f3k\u00e9p: Michael Steele\/Getty<\/em><\/p>\n<p>&nbsp;<\/p>\n","protected":false},"excerpt":{"rendered":"<p>A 2022-es Giro-gy\u0151ztes Jai Hindley edz\u00e9smunk\u00e1r\u00f3l, szenved\u00e9sr\u0151l, cs\u0151l\u00e1t\u00e1sr\u00f3l \u00e9s a profi bring\u00e1sok mag\u00e1ny\u00e1r\u00f3l, nagyon \u00e9rdekes k\u00f6nt\u00f6sbe csomagolva.<\/p>\n","protected":false},"author":71,"featured_media":18297,"comment_status":"open","ping_status":"open","sticky":false,"template":"","format":"standard","meta":{"footnotes":""},"categories":[8],"tags":[],"global-categories":[],"class_list":["post-18294","post","type-post","status-publish","format-standard","has-post-thumbnail","hentry","category-orszaguti-kerekpar"],"yoast_head":"<!-- This site is optimized with the Yoast SEO Premium plugin v25.3 (Yoast SEO v25.9) - https:\/\/yoast.com\/wordpress\/plugins\/seo\/ -->\n<title>\u201eEz a Tour, a legnagyobb verseny, nem adod fel, hacsak nincs elt\u00f6rve mindk\u00e9t l\u00e1bad\u201d<\/title>\n<meta name=\"description\" content=\"A 2022-es Giro-gy\u0151ztes Jai Hindley edz\u00e9smunk\u00e1r\u00f3l, szenved\u00e9sr\u0151l, cs\u0151l\u00e1t\u00e1sr\u00f3l \u00e9s a profi bring\u00e1sok mag\u00e1ny\u00e1r\u00f3l, nagyon \u00e9rdekes k\u00f6nt\u00f6sbe csomagolva.\" \/>\n<meta name=\"robots\" content=\"index, follow, max-snippet:-1, max-image-preview:large, max-video-preview:-1\" \/>\n<link rel=\"canonical\" href=\"https:\/\/www.welovecycling.com\/hu\/orszaguti-kerekpar\/ez-a-tour-a-legnagyobb-verseny-nem-adod-fel-hacsak-nincs-eltorve-mindket-labad\/\" \/>\n<meta property=\"og:locale\" content=\"hu_HU\" \/>\n<meta property=\"og:type\" content=\"article\" \/>\n<meta property=\"og:title\" content=\"\u201eEz a Tour, a legnagyobb verseny, nem adod fel, hacsak nincs elt\u00f6rve mindk\u00e9t l\u00e1bad\u201d\" \/>\n<meta property=\"og:description\" content=\"A 2022-es Giro-gy\u0151ztes Jai Hindley edz\u00e9smunk\u00e1r\u00f3l, szenved\u00e9sr\u0151l, cs\u0151l\u00e1t\u00e1sr\u00f3l \u00e9s a profi bring\u00e1sok mag\u00e1ny\u00e1r\u00f3l, nagyon \u00e9rdekes k\u00f6nt\u00f6sbe csomagolva.\" \/>\n<meta property=\"og:url\" content=\"https:\/\/www.welovecycling.com\/hu\/orszaguti-kerekpar\/ez-a-tour-a-legnagyobb-verseny-nem-adod-fel-hacsak-nincs-eltorve-mindket-labad\/\" \/>\n<meta property=\"og:site_name\" content=\"\u0160koda We Love Cycling - Magyarorsz\u00e1g\" \/>\n<meta property=\"article:publisher\" content=\"https:\/\/www.facebook.com\/WeLoveCyclingHungary\/\" \/>\n<meta property=\"article:published_time\" content=\"2023-12-31T06:00:37+00:00\" \/>\n<meta property=\"og:image\" content=\"https:\/\/d2p6e6u75xmxt8.cloudfront.net\/12\/2023\/12\/hindley-Michael-Steele.webp\" \/>\n\t<meta property=\"og:image:width\" content=\"1024\" \/>\n\t<meta property=\"og:image:height\" content=\"683\" \/>\n\t<meta property=\"og:image:type\" content=\"image\/webp\" \/>\n<meta name=\"author\" content=\"hegyizs\" \/>\n<meta name=\"twitter:card\" content=\"summary_large_image\" \/>\n<meta name=\"twitter:label1\" content=\"Written by\" \/>\n\t<meta name=\"twitter:data1\" content=\"WLC\" \/>\n\t<meta name=\"twitter:label2\" content=\"Est. reading time\" \/>\n\t<meta name=\"twitter:data2\" content=\"5 minutes\" \/>\n<script type=\"application\/ld+json\" class=\"yoast-schema-graph\">{\"@context\":\"https:\/\/schema.org\",\"@graph\":[{\"@type\":\"WebPage\",\"@id\":\"https:\/\/www.welovecycling.com\/hu\/orszaguti-kerekpar\/ez-a-tour-a-legnagyobb-verseny-nem-adod-fel-hacsak-nincs-eltorve-mindket-labad\/\",\"url\":\"https:\/\/www.welovecycling.com\/hu\/orszaguti-kerekpar\/ez-a-tour-a-legnagyobb-verseny-nem-adod-fel-hacsak-nincs-eltorve-mindket-labad\/\",\"name\":\"\u201eEz a Tour, a legnagyobb verseny, nem adod fel, hacsak nincs elt\u00f6rve mindk\u00e9t l\u00e1bad\u201d\",\"isPartOf\":{\"@id\":\"https:\/\/www.welovecycling.com\/hu\/#website\"},\"primaryImageOfPage\":{\"@id\":\"https:\/\/www.welovecycling.com\/hu\/orszaguti-kerekpar\/ez-a-tour-a-legnagyobb-verseny-nem-adod-fel-hacsak-nincs-eltorve-mindket-labad\/#primaryimage\"},\"image\":{\"@id\":\"https:\/\/www.welovecycling.com\/hu\/orszaguti-kerekpar\/ez-a-tour-a-legnagyobb-verseny-nem-adod-fel-hacsak-nincs-eltorve-mindket-labad\/#primaryimage\"},\"thumbnailUrl\":\"https:\/\/d2p6e6u75xmxt8.cloudfront.net\/12\/2023\/12\/hindley-Michael-Steele.webp\",\"datePublished\":\"2023-12-31T06:00:37+00:00\",\"author\":{\"@id\":\"https:\/\/www.welovecycling.com\/hu\/#\/schema\/person\/414a2aebf1801691a5320edb6468e194\"},\"description\":\"A 2022-es Giro-gy\u0151ztes Jai Hindley edz\u00e9smunk\u00e1r\u00f3l, szenved\u00e9sr\u0151l, cs\u0151l\u00e1t\u00e1sr\u00f3l \u00e9s a profi bring\u00e1sok mag\u00e1ny\u00e1r\u00f3l, nagyon \u00e9rdekes k\u00f6nt\u00f6sbe csomagolva.\",\"breadcrumb\":{\"@id\":\"https:\/\/www.welovecycling.com\/hu\/orszaguti-kerekpar\/ez-a-tour-a-legnagyobb-verseny-nem-adod-fel-hacsak-nincs-eltorve-mindket-labad\/#breadcrumb\"},\"inLanguage\":\"hu\",\"potentialAction\":[{\"@type\":\"ReadAction\",\"target\":[\"https:\/\/www.welovecycling.com\/hu\/orszaguti-kerekpar\/ez-a-tour-a-legnagyobb-verseny-nem-adod-fel-hacsak-nincs-eltorve-mindket-labad\/\"]}]},{\"@type\":\"ImageObject\",\"inLanguage\":\"hu\",\"@id\":\"https:\/\/www.welovecycling.com\/hu\/orszaguti-kerekpar\/ez-a-tour-a-legnagyobb-verseny-nem-adod-fel-hacsak-nincs-eltorve-mindket-labad\/#primaryimage\",\"url\":\"https:\/\/d2p6e6u75xmxt8.cloudfront.net\/12\/2023\/12\/hindley-Michael-Steele.webp\",\"contentUrl\":\"https:\/\/d2p6e6u75xmxt8.cloudfront.net\/12\/2023\/12\/hindley-Michael-Steele.webp\",\"width\":1024,\"height\":683},{\"@type\":\"BreadcrumbList\",\"@id\":\"https:\/\/www.welovecycling.com\/hu\/orszaguti-kerekpar\/ez-a-tour-a-legnagyobb-verseny-nem-adod-fel-hacsak-nincs-eltorve-mindket-labad\/#breadcrumb\",\"itemListElement\":[{\"@type\":\"ListItem\",\"position\":1,\"name\":\"Home\",\"item\":\"https:\/\/www.welovecycling.com\/hu\/\"},{\"@type\":\"ListItem\",\"position\":2,\"name\":\"\u201eEz a Tour, a legnagyobb verseny, nem adod fel, hacsak nincs elt\u00f6rve mindk\u00e9t l\u00e1bad\u201d\"}]},{\"@type\":\"WebSite\",\"@id\":\"https:\/\/www.welovecycling.com\/hu\/#website\",\"url\":\"https:\/\/www.welovecycling.com\/hu\/\",\"name\":\"\u0160koda We Love Cycling - Magyarorsz\u00e1g\",\"description\":\"\u0160koda WeLoveCycling\",\"potentialAction\":[{\"@type\":\"SearchAction\",\"target\":{\"@type\":\"EntryPoint\",\"urlTemplate\":\"https:\/\/www.welovecycling.com\/hu\/?s={search_term_string}\"},\"query-input\":{\"@type\":\"PropertyValueSpecification\",\"valueRequired\":true,\"valueName\":\"search_term_string\"}}],\"inLanguage\":\"hu\"},{\"@type\":\"Person\",\"@id\":\"https:\/\/www.welovecycling.com\/hu\/#\/schema\/person\/414a2aebf1801691a5320edb6468e194\",\"name\":\"hegyizs\",\"image\":{\"@type\":\"ImageObject\",\"inLanguage\":\"hu\",\"@id\":\"https:\/\/www.welovecycling.com\/hu\/#\/schema\/person\/image\/\",\"url\":\"https:\/\/secure.gravatar.com\/avatar\/02cf8a7906b8cf90cecb4679defac7cfd33a1c2e3b88e4903d947f3bb58eedd3?s=96&d=mm&r=g\",\"contentUrl\":\"https:\/\/secure.gravatar.com\/avatar\/02cf8a7906b8cf90cecb4679defac7cfd33a1c2e3b88e4903d947f3bb58eedd3?s=96&d=mm&r=g\",\"caption\":\"hegyizs\"},\"url\":\"https:\/\/www.welovecycling.com\/hu\/author\/hegyizs\/\"}]}<\/script>\n<!-- \/ Yoast SEO Premium plugin. -->","yoast_head_json":{"title":"\u201eEz a Tour, a legnagyobb verseny, nem adod fel, hacsak nincs elt\u00f6rve mindk\u00e9t l\u00e1bad\u201d","description":"A 2022-es Giro-gy\u0151ztes Jai Hindley edz\u00e9smunk\u00e1r\u00f3l, szenved\u00e9sr\u0151l, cs\u0151l\u00e1t\u00e1sr\u00f3l \u00e9s a profi bring\u00e1sok mag\u00e1ny\u00e1r\u00f3l, nagyon \u00e9rdekes k\u00f6nt\u00f6sbe csomagolva.","robots":{"index":"index","follow":"follow","max-snippet":"max-snippet:-1","max-image-preview":"max-image-preview:large","max-video-preview":"max-video-preview:-1"},"canonical":"https:\/\/www.welovecycling.com\/hu\/orszaguti-kerekpar\/ez-a-tour-a-legnagyobb-verseny-nem-adod-fel-hacsak-nincs-eltorve-mindket-labad\/","og_locale":"hu_HU","og_type":"article","og_title":"\u201eEz a Tour, a legnagyobb verseny, nem adod fel, hacsak nincs elt\u00f6rve mindk\u00e9t l\u00e1bad\u201d","og_description":"A 2022-es Giro-gy\u0151ztes Jai Hindley edz\u00e9smunk\u00e1r\u00f3l, szenved\u00e9sr\u0151l, cs\u0151l\u00e1t\u00e1sr\u00f3l \u00e9s a profi bring\u00e1sok mag\u00e1ny\u00e1r\u00f3l, nagyon \u00e9rdekes k\u00f6nt\u00f6sbe csomagolva.","og_url":"https:\/\/www.welovecycling.com\/hu\/orszaguti-kerekpar\/ez-a-tour-a-legnagyobb-verseny-nem-adod-fel-hacsak-nincs-eltorve-mindket-labad\/","og_site_name":"\u0160koda We Love Cycling - Magyarorsz\u00e1g","article_publisher":"https:\/\/www.facebook.com\/WeLoveCyclingHungary\/","article_published_time":"2023-12-31T06:00:37+00:00","og_image":[{"width":1024,"height":683,"url":"https:\/\/d2p6e6u75xmxt8.cloudfront.net\/12\/2023\/12\/hindley-Michael-Steele.webp","type":"image\/webp"}],"author":"hegyizs","twitter_card":"summary_large_image","twitter_misc":{"Written by":"WLC","Est. reading time":"5 minutes"},"schema":{"@context":"https:\/\/schema.org","@graph":[{"@type":"WebPage","@id":"https:\/\/www.welovecycling.com\/hu\/orszaguti-kerekpar\/ez-a-tour-a-legnagyobb-verseny-nem-adod-fel-hacsak-nincs-eltorve-mindket-labad\/","url":"https:\/\/www.welovecycling.com\/hu\/orszaguti-kerekpar\/ez-a-tour-a-legnagyobb-verseny-nem-adod-fel-hacsak-nincs-eltorve-mindket-labad\/","name":"\u201eEz a Tour, a legnagyobb verseny, nem adod fel, hacsak nincs elt\u00f6rve mindk\u00e9t l\u00e1bad\u201d","isPartOf":{"@id":"https:\/\/www.welovecycling.com\/hu\/#website"},"primaryImageOfPage":{"@id":"https:\/\/www.welovecycling.com\/hu\/orszaguti-kerekpar\/ez-a-tour-a-legnagyobb-verseny-nem-adod-fel-hacsak-nincs-eltorve-mindket-labad\/#primaryimage"},"image":{"@id":"https:\/\/www.welovecycling.com\/hu\/orszaguti-kerekpar\/ez-a-tour-a-legnagyobb-verseny-nem-adod-fel-hacsak-nincs-eltorve-mindket-labad\/#primaryimage"},"thumbnailUrl":"https:\/\/d2p6e6u75xmxt8.cloudfront.net\/12\/2023\/12\/hindley-Michael-Steele.webp","datePublished":"2023-12-31T06:00:37+00:00","author":{"@id":"https:\/\/www.welovecycling.com\/hu\/#\/schema\/person\/414a2aebf1801691a5320edb6468e194"},"description":"A 2022-es Giro-gy\u0151ztes Jai Hindley edz\u00e9smunk\u00e1r\u00f3l, szenved\u00e9sr\u0151l, cs\u0151l\u00e1t\u00e1sr\u00f3l \u00e9s a profi bring\u00e1sok mag\u00e1ny\u00e1r\u00f3l, nagyon \u00e9rdekes k\u00f6nt\u00f6sbe csomagolva.","breadcrumb":{"@id":"https:\/\/www.welovecycling.com\/hu\/orszaguti-kerekpar\/ez-a-tour-a-legnagyobb-verseny-nem-adod-fel-hacsak-nincs-eltorve-mindket-labad\/#breadcrumb"},"inLanguage":"hu","potentialAction":[{"@type":"ReadAction","target":["https:\/\/www.welovecycling.com\/hu\/orszaguti-kerekpar\/ez-a-tour-a-legnagyobb-verseny-nem-adod-fel-hacsak-nincs-eltorve-mindket-labad\/"]}]},{"@type":"ImageObject","inLanguage":"hu","@id":"https:\/\/www.welovecycling.com\/hu\/orszaguti-kerekpar\/ez-a-tour-a-legnagyobb-verseny-nem-adod-fel-hacsak-nincs-eltorve-mindket-labad\/#primaryimage","url":"https:\/\/d2p6e6u75xmxt8.cloudfront.net\/12\/2023\/12\/hindley-Michael-Steele.webp","contentUrl":"https:\/\/d2p6e6u75xmxt8.cloudfront.net\/12\/2023\/12\/hindley-Michael-Steele.webp","width":1024,"height":683},{"@type":"BreadcrumbList","@id":"https:\/\/www.welovecycling.com\/hu\/orszaguti-kerekpar\/ez-a-tour-a-legnagyobb-verseny-nem-adod-fel-hacsak-nincs-eltorve-mindket-labad\/#breadcrumb","itemListElement":[{"@type":"ListItem","position":1,"name":"Home","item":"https:\/\/www.welovecycling.com\/hu\/"},{"@type":"ListItem","position":2,"name":"\u201eEz a Tour, a legnagyobb verseny, nem adod fel, hacsak nincs elt\u00f6rve mindk\u00e9t l\u00e1bad\u201d"}]},{"@type":"WebSite","@id":"https:\/\/www.welovecycling.com\/hu\/#website","url":"https:\/\/www.welovecycling.com\/hu\/","name":"\u0160koda We Love Cycling - Magyarorsz\u00e1g","description":"\u0160koda WeLoveCycling","potentialAction":[{"@type":"SearchAction","target":{"@type":"EntryPoint","urlTemplate":"https:\/\/www.welovecycling.com\/hu\/?s={search_term_string}"},"query-input":{"@type":"PropertyValueSpecification","valueRequired":true,"valueName":"search_term_string"}}],"inLanguage":"hu"},{"@type":"Person","@id":"https:\/\/www.welovecycling.com\/hu\/#\/schema\/person\/414a2aebf1801691a5320edb6468e194","name":"hegyizs","image":{"@type":"ImageObject","inLanguage":"hu","@id":"https:\/\/www.welovecycling.com\/hu\/#\/schema\/person\/image\/","url":"https:\/\/secure.gravatar.com\/avatar\/02cf8a7906b8cf90cecb4679defac7cfd33a1c2e3b88e4903d947f3bb58eedd3?s=96&d=mm&r=g","contentUrl":"https:\/\/secure.gravatar.com\/avatar\/02cf8a7906b8cf90cecb4679defac7cfd33a1c2e3b88e4903d947f3bb58eedd3?s=96&d=mm&r=g","caption":"hegyizs"},"url":"https:\/\/www.welovecycling.com\/hu\/author\/hegyizs\/"}]}},"_links":{"self":[{"href":"https:\/\/www.welovecycling.com\/hu\/wp-json\/wp\/v2\/posts\/18294","targetHints":{"allow":["GET"]}}],"collection":[{"href":"https:\/\/www.welovecycling.com\/hu\/wp-json\/wp\/v2\/posts"}],"about":[{"href":"https:\/\/www.welovecycling.com\/hu\/wp-json\/wp\/v2\/types\/post"}],"author":[{"embeddable":true,"href":"https:\/\/www.welovecycling.com\/hu\/wp-json\/wp\/v2\/users\/71"}],"replies":[{"embeddable":true,"href":"https:\/\/www.welovecycling.com\/hu\/wp-json\/wp\/v2\/comments?post=18294"}],"version-history":[{"count":1,"href":"https:\/\/www.welovecycling.com\/hu\/wp-json\/wp\/v2\/posts\/18294\/revisions"}],"predecessor-version":[{"id":18303,"href":"https:\/\/www.welovecycling.com\/hu\/wp-json\/wp\/v2\/posts\/18294\/revisions\/18303"}],"wp:featuredmedia":[{"embeddable":true,"href":"https:\/\/www.welovecycling.com\/hu\/wp-json\/wp\/v2\/media\/18297"}],"wp:attachment":[{"href":"https:\/\/www.welovecycling.com\/hu\/wp-json\/wp\/v2\/media?parent=18294"}],"wp:term":[{"taxonomy":"category","embeddable":true,"href":"https:\/\/www.welovecycling.com\/hu\/wp-json\/wp\/v2\/categories?post=18294"},{"taxonomy":"post_tag","embeddable":true,"href":"https:\/\/www.welovecycling.com\/hu\/wp-json\/wp\/v2\/tags?post=18294"},{"taxonomy":"global-categories","embeddable":true,"href":"https:\/\/www.welovecycling.com\/hu\/wp-json\/wp\/v2\/global-categories?post=18294"}],"curies":[{"name":"wp","href":"https:\/\/api.w.org\/{rel}","templated":true}]}}