{"id":18289,"date":"2024-01-05T08:00:31","date_gmt":"2024-01-05T06:00:31","guid":{"rendered":"https:\/\/www.welovecycling.com\/hu\/?p=18289"},"modified":"2023-12-15T16:40:31","modified_gmt":"2023-12-15T14:40:31","slug":"dobd-fel-a-kerekparturakat-a-felsotest-szerepe-a-biciklizesben","status":"publish","type":"post","link":"https:\/\/www.welovecycling.com\/hu\/edzes-es-eletmod\/dobd-fel-a-kerekparturakat-a-felsotest-szerepe-a-biciklizesben\/","title":{"rendered":"Dobd fel a ker\u00e9kp\u00e1rt\u00far\u00e1kat: A fels\u0151test szerepe a bicikliz\u00e9sben"},"content":{"rendered":"<p><strong>A ker\u00e9kp\u00e1roz\u00e1s a mozg\u00e1s szimf\u00f3ni\u00e1ja, ahol a test minden egyes r\u00e9sze fontos szerepet j\u00e1tszik az utaz\u00e1s harmoniz\u00e1l\u00e1s\u00e1ban. Ker\u00e9kp\u00e1rosk\u00e9nt \u00e9s j\u00f3gaoktat\u00f3k\u00e9nt megismertem a fizikai er\u0151, a rugalmass\u00e1g \u00e9s a mobilit\u00e1s hihetetlen k\u00f6lcs\u00f6nhat\u00e1s\u00e1t, amely ahhoz sz\u00fcks\u00e9ges, hogy igaz\u00e1n j\u00f3l \u00e9rezz\u00fck magunkat ped\u00e1loz\u00e1s k\u00f6zben. Ebben a cikkben azt fogjuk boncolgatni, hogy pontosan hogyan is t\u00e1mogatj\u00e1k a k\u00fcl\u00f6nb\u00f6z\u0151 testr\u00e9szek a ker\u00e9kp\u00e1roz\u00e1st. Els\u0151sorban a gyakran al\u00e1becs\u00fclt fels\u0151testre fogunk \u00f6sszpontos\u00edtani. Az olvas\u00e1s v\u00e9g\u00e9re pedig a gyakorlati tippek egy eg\u00e9sz t\u00e1rh\u00e1z\u00e1val fogsz rendelkezni, melyek seg\u00edtenek megtanulni, hogyan er\u0151s\u00edtheted, ny\u00fajthatod \u00e9s mobiliz\u00e1lhatod a tested ezen r\u00e9sz\u00e9t, jav\u00edtva ezzel az \u00e1ltal\u00e1nos ker\u00e9kp\u00e1ros teljes\u00edtm\u00e9nyed \u00e9s a bicikliz\u00e9s \u00e9lm\u00e9ny\u00e9t.<\/strong><\/p>\n<p><!--more--><\/p>\n<h2><strong>A fels\u0151test szerepe a ker\u00e9kp\u00e1roz\u00e1sban<\/strong><\/h2>\n<p>B\u00e1r \u00fagy t\u0171nhet, hogy a ker\u00e9kp\u00e1roz\u00e1s f\u0151k\u00e9nt az als\u00f3testet veszi ig\u00e9nybe, a fels\u0151test val\u00f3j\u00e1ban az eg\u00e9sz teker\u00e9s sor\u00e1n d\u00f6nt\u0151 fontoss\u00e1g\u00fa horgonyk\u00e9nt szolg\u00e1l. Ugyanis, ha er\u0151s a fels\u0151tested, jobb poz\u00edci\u00f3t tudsz tartani a ker\u00e9kp\u00e1ron, \u00edgy jav\u00edthatod az aerodinamikai hat\u00e9konys\u00e1godat \u00e9s az \u00e1ltal\u00e1nos stabilit\u00e1sodat. Most vizsg\u00e1ljuk meg r\u00e9szletekbe men\u0151en, hogy a fels\u0151test hogyan is j\u00e1rul hozz\u00e1 a ker\u00e9kp\u00e1roz\u00e1shoz:<\/p>\n<p><strong>1) Stabilit\u00e1s \u00e9s aerodinamika:<\/strong> Az er\u0151s fels\u0151test biztos\u00edtja, hogy menet k\u00f6zben stabil, aerodinamikus poz\u00edci\u00f3t tarts fenn. Ez k\u00fcl\u00f6n\u00f6sen el\u0151ny\u00f6s ereszked\u00e9s vagy nagy sebess\u00e9g\u0171 ker\u00e9kp\u00e1roz\u00e1s k\u00f6zben. A karjaid, a v\u00e1llaid \u00e9s a t\u00f6rzsed pedig a l\u00e9gellen\u00e1ll\u00e1s cs\u00f6kkent\u00e9s\u00e9ben j\u00e1tszanak kulcsfontoss\u00e1g\u00fa szerepet.<\/p>\n<p><strong>2) Kezel\u00e9s \u00e9s ir\u00e1ny\u00edt\u00e1s:<\/strong> A fels\u0151tested, bele\u00e9rtve a karjaidat \u00e9s a v\u00e1llaidat is, tov\u00e1bb\u00e1 d\u00f6nt\u0151 fontoss\u00e1g\u00fa a korm\u00e1nyz\u00e1s, az egyens\u00falyoz\u00e1s \u00e9s a ker\u00e9kp\u00e1r ir\u00e1ny\u00edt\u00e1sa szempontj\u00e1b\u00f3l. Ha megfelel\u0151en er\u0151s\u00edted \u00e9s mobiliz\u00e1lod ezeket a ter\u00fcleteket, jav\u00edthatod a reakci\u00f3k\u00e9pess\u00e9ged, ez\u00e1ltal pedig hat\u00e9konyabban ir\u00e1ny\u00edthatod a ker\u00e9kp\u00e1rodat, ami igencsak hasznos lehet, k\u00fcl\u00f6n\u00f6sen, amikor kih\u00edv\u00e1st jelent\u0151 terepeken vagy \u00e9les kanyarokban kell navig\u00e1lnod.<\/p>\n<p><strong>3) K\u00e9nyelem \u00e9s \u00e1ll\u00f3k\u00e9pess\u00e9g:<\/strong> Az er\u0151s fels\u0151test nem csak a ker\u00e9kp\u00e1ros teljes\u00edtm\u00e9nyt n\u00f6veli, hanem hosszabb t\u00far\u00e1kon a k\u00e9nyelmet \u00e9s az \u00e1ll\u00f3k\u00e9pess\u00e9get is fokozza. A j\u00f3l kondicion\u00e1lt fels\u0151test ugyanis cs\u00f6kkenti a nyakra, a v\u00e1llakra \u00e9s a h\u00e1t als\u00f3 r\u00e9sz\u00e9re jut\u00f3 terhel\u00e9st, reduk\u00e1lva ezzel a k\u00e9nyelmetlens\u00e9g \u00e9s a s\u00e9r\u00fcl\u00e9s kock\u00e1zat\u00e1t.<\/p>\n<p>Most pedig t\u00e9rj\u00fcnk \u00e1t a gyakorlati tippekre \u00e9s technik\u00e1kra, melyekkel er\u0151s\u00edtheted a fels\u0151testedet.<\/p>\n<h2><strong>A fels\u0151test er\u0151s\u00edt\u00e9se<\/strong><\/h2>\n<lite-youtube videoid=77ViDBu9Qls params=\"enablejsapi=1\" style=\"background-image: url('https:\/\/i.ytimg.com\/vi_webp\/77ViDBu9Qls\/maxresdefault.webp');\"><\/lite-youtube>\n<p>Nem kell edz\u0151terembe j\u00e1rnod, sem dr\u00e1ga felszerel\u00e9sekbe fektetned ahhoz, hogy jelent\u0151s eredm\u00e9nyeket \u00e9rj el. Rengeteg saj\u00e1t tests\u00falyos gyakorlat l\u00e9tezik, amiket k\u00f6nnyed\u00e9n be\u00e9p\u00edthetsz az edz\u00e9stervedbe.<\/p>\n<p><strong>Plank:<\/strong> A plank egy egyszer\u0171, m\u00e9gis rendk\u00edv\u00fcl hat\u00e9kony gyakorlat a t\u00f6rzs \u00e9s a fels\u0151test er\u0151s\u00edt\u00e9s\u00e9re. Fek\u00fcdj fekv\u0151t\u00e1masz poz\u00edci\u00f3ba, de \u00fagy, hogy az alkarod a f\u00f6ld\u00f6n legyen. Tartsd a tested egyenes vonalban a fejedt\u0151l a sarkadig, \u00edgy a t\u00f6rzsed, a karjaid \u00e9s a v\u00e1llaid lesznek legink\u00e1bb ig\u00e9nybe v\u00e9ve. Tartsd a poz\u00edci\u00f3t 30-60 m\u00e1sodpercen kereszt\u00fcl, majd fokozatosan n\u00f6veld az id\u0151tartamot.<\/p>\n<p><strong>Fekv\u0151t\u00e1masz:<\/strong> A hagyom\u00e1nyos fekv\u0151t\u00e1masz a mellkast, a v\u00e1llat \u00e9s a tricepszet c\u00e9lozza, melyek elengedhetetlen izomcsoportok az er\u0151s fels\u0151testhez. T\u00f6rekedj arra, hogy 3&#215;10-15-\u00f6s sorozatokat v\u00e9gezz. Ha a teljes fekv\u0151t\u00e1maszok t\u00fal nagy kih\u00edv\u00e1st jelentenek, kezdetben seg\u00edthetsz azzal, hogy leteszed a t\u00e9rdeddel, \u00e9s onnan haladhatsz tov\u00e1bb.<\/p>\n<p><strong>H\u00faz\u00f3dzkod\u00e1s:<\/strong> Amennyiben nincs h\u00faz\u00f3dzkod\u00f3 rudad, keress egy m\u00e1sik stabil, v\u00edzszintes rudat. V\u00e1lsz\u00e9less\u00e9gben fogd meg a rudat \u00fagy, hogy a k\u00e9zfejeid fel\u00e9d n\u00e9zzenek. L\u00f3gj egy kicsit szabadon, majd h\u00fazd a mellkasod a r\u00fadhoz. Ezzel megdolgoztathatod a h\u00e1tad, a v\u00e1llad \u00e9s a karjaidat. V\u00e9gezz h\u00e1rom sorozatot, 6-8 ism\u00e9tl\u00e9ssel.<\/p>\n<p><strong>Chaturanga Dandasana:<\/strong> A j\u00f3ga rengeteg olyan p\u00f3zt k\u00edn\u00e1l, melyekkel er\u0151s\u00edtheted a fels\u0151tested. A Chaturanga, ami a tricepszet, a mellkast \u00e9s a v\u00e1llat er\u0151s\u00edti, egy kiv\u00e1l\u00f3 p\u00e9lda erre. A mozdulatot a fekv\u0151t\u00e1maszhoz hasonl\u00f3 plank poz\u00edci\u00f3ban kell kezdeni. Leereszked\u00e9skor azonban akkor kell meg\u00e1llnod, mikor a felkarod p\u00e1rhuzamos a talajjal. A poz\u00edci\u00f3d akkor t\u00f6k\u00e9letes, ha a k\u00f6ny\u00f6k\u00f6d 90 fokos sz\u00f6gben van behajl\u00edtva, a v\u00e1llad pedig a k\u00f6ny\u00f6k\u00f6ddel egy vonalban van.<\/p>\n<h2><strong>A fels\u0151test ny\u00fajt\u00e1sa \u00e9s mobiliz\u00e1l\u00e1sa<\/strong><\/h2>\n<p>Ha rendszeresen id\u0151t sz\u00e1nsz ezekre a dolgokra, sokkal mozg\u00e9konyabb leszel, \u00e9s biztos\u00edthatod, hogy a ker\u00e9kp\u00e1roz\u00e1s f\u00e1jdalommentes legyen. \u00cdme n\u00e9h\u00e1ny egyszer\u0171 gyakorlat, ami nem csak j\u00f3l esik, de nagy v\u00e1ltoz\u00e1sokat is eredm\u00e9nyezhet.<\/p>\n<p><strong>Magzatp\u00f3z:<\/strong> Ez a j\u00f3gap\u00f3z gyeng\u00e9den ny\u00fajtja a h\u00e1tat, a v\u00e1llakat \u00e9s a karokat. A gyakorlat kivitelez\u00e9s\u00e9hez t\u00e9rdelj le, \u00fclj a sarkadra, \u00e9s ny\u00fajtsd el\u0151re a karjaidat, mik\u00f6zben a mellkasod a talaj fel\u00e9 engeded.<\/p>\n<p><strong>V\u00e1llk\u00f6rz\u00e9s:<\/strong> Bicikliz\u00e9s el\u0151tt \u00e9s ut\u00e1n is \u00e9rdemes v\u00e1llk\u00f6rz\u00e9seket v\u00e9gezned. Emeld a karjaidat a f\u00fcled mell\u00e9, \u00e9s csin\u00e1lj k\u00f6rk\u00f6r\u00f6s mozdulatokat. Ez seg\u00edt enyh\u00edteni a v\u00e1lladban felgy\u00fclemlett fesz\u00fclts\u00e9get \u00e9s jav\u00edtja a mozg\u00e9konys\u00e1got.<\/p>\n<p><strong>Mellkasnyit\u00e1s:<\/strong> \u00c1llj cs\u00edp\u0151sz\u00e9less\u00e9g\u0171 terpeszbe, a h\u00e1tad m\u00f6g\u00f6tt kulcsold \u00f6ssze a kezeidet, \u00e9s \u00f3vatosan emeld fel a karjaidat, mik\u00f6zben \u00f6sszeszor\u00edtod a lapock\u00e1idat. Ez a gyakorlat megny\u00fajtja a mellkasod \u00e9s a v\u00e1llaidat.<\/p>\n<h2><strong>Mi\u00e9rt hasznosak ezek a gyakorlatok?<\/strong><\/h2>\n<p>A t\u00f6rzs \u00e9s a fels\u0151test er\u0151s\u00edt\u00e9se jav\u00edtja a stabilit\u00e1sod ker\u00e9kp\u00e1roz\u00e1s k\u00f6zben, ami lehet\u0151v\u00e9 teszi, hogy jobban tudd ir\u00e1ny\u00edtani a biciklid \u00e9s nagyobb biztons\u00e1gban legy\u00e9l. Az er\u0151sebb v\u00e1llak \u00e9s karok a ker\u00e9kp\u00e1r jobb kezelhet\u0151s\u00e9g\u00e9t seg\u00edtik, ez\u00e1ltal ugyanis magabiztosabban tudsz korm\u00e1nyozni a k\u00fcl\u00f6nb\u00f6z\u0151 terepeken \u00e9s meg\u0151rizheted az ir\u00e1ny\u00edt\u00e1st a lejt\u0151k\u00f6n. Az er\u0151s fels\u0151test mindemellett cs\u00f6kkenti a nyakra \u00e9s a h\u00e1t als\u00f3 r\u00e9sz\u00e9re jut\u00f3 terhel\u00e9st, a hosszabb t\u00far\u00e1k ez\u00e1ltal k\u00e9nyelmesebb\u00e9 v\u00e1lnak, \u00e9s cs\u00f6kken a s\u00e9r\u00fcl\u00e9s kock\u00e1zata.<\/p>\n<p>A ny\u00fajt\u00e1s \u00e9s a mobiliz\u00e1l\u00e1s beiktat\u00e1sa az edz\u00e9stervedbe pedig n\u00f6veli a rugalmass\u00e1god \u00e9s a mozg\u00e9konys\u00e1god. Ezek a gyakorlatok minden ker\u00e9kp\u00e1ros sz\u00e1m\u00e1ra alapvet\u0151 fontoss\u00e1g\u00faak, mivel seg\u00edtenek megel\u0151zni a merevs\u00e9get \u00e9s a hosszabb t\u00far\u00e1k sor\u00e1n felgy\u00fcleml\u0151 fesz\u00fclts\u00e9get.<\/p>\n<h2><strong>A j\u00f3ga \u00e9s a fels\u0151test<\/strong><\/h2>\n<p>Az egyens\u00falyra, rugalmass\u00e1gra \u00e9s er\u0151re \u00f6sszpontos\u00edt\u00f3 j\u00f3ga fantasztikus kieg\u00e9sz\u00edt\u0151 mozg\u00e1sforma a ker\u00e9kp\u00e1rosok sz\u00e1m\u00e1ra. Sz\u00e1mos j\u00f3gap\u00f3z kifejezetten a fels\u0151test izmait c\u00e9lozza meg, seg\u00edtve ezzel a ker\u00e9kp\u00e1roz\u00e1shoz n\u00e9lk\u00fcl\u00f6zhetetlen stabil \u00e9s rugalmas alap ki\u00e9p\u00edt\u00e9s\u00e9t. Emellett a j\u00f3ga el\u0151seg\u00edti a testtudatoss\u00e1got is, ami pedig nagyban hozz\u00e1j\u00e1rulhat a bicikliz\u00e9shez sz\u00fcks\u00e9ges megfelel\u0151 testtart\u00e1s finom\u00edt\u00e1s\u00e1hoz.<\/p>\n<h2><strong>Az er\u0151s fels\u0151test el\u0151nye<\/strong><\/h2>\n<p>Nem titok, hogy teker\u00e9s k\u00f6zben a ker\u00e9kp\u00e1rosok t\u00falnyom\u00f3r\u00e9szt az als\u00f3test\u00fckre t\u00e1maszkodnak. A fels\u0151test azonban olyan lehet\u0151s\u00e9geket rejt mag\u00e1ban, amik csak arra v\u00e1rnak, hogy kihaszn\u00e1lj\u00e1k \u0151ket. \u00c9p\u00edtsd be a fels\u0151testet er\u0151s\u00edt\u0151 gyakorlatokat az edz\u00e9stervedbe, \u00e9s fedezd fel, milyen fokozott er\u0151vel, kontrollal \u00e9s \u00e1ll\u00f3k\u00e9pess\u00e9ggel sz\u00e1guldani a bicajodon. Ahogy a mond\u00e1s tartja: &#8220;Egy l\u00e1nc csak annyira er\u0151s, mint a leggyeng\u00e9bb l\u00e1ncszeme&#8221;. Az eg\u00e9sz tested er\u0151s\u00edt\u00e9s\u00e9vel biztos\u00edthatod, hogy l\u00e9nyed minden egyes r\u00e9sze harmoniz\u00e1ljon egym\u00e1ssal, ami teljesen \u00faj magass\u00e1gokba rep\u00edti majd a ker\u00e9kp\u00e1roz\u00e1s \u00e9lm\u00e9ny\u00e9t.<\/p>\n","protected":false},"excerpt":{"rendered":"<p>A ker\u00e9kp\u00e1roz\u00e1s a mozg\u00e1s szimf\u00f3ni\u00e1ja, ahol a test minden egyes r\u00e9sze fontos szerepet j\u00e1tszik az utaz\u00e1s harmoniz\u00e1l\u00e1s\u00e1ban. Ker\u00e9kp\u00e1rosk\u00e9nt \u00e9s j\u00f3gaoktat\u00f3k\u00e9nt [&hellip;]<\/p>\n","protected":false},"author":71,"featured_media":18290,"comment_status":"open","ping_status":"open","sticky":false,"template":"","format":"standard","meta":{"footnotes":""},"categories":[6],"tags":[],"global-categories":[],"class_list":["post-18289","post","type-post","status-publish","format-standard","has-post-thumbnail","hentry","category-edzes-es-eletmod"],"yoast_head":"<!-- This site is optimized with the Yoast SEO Premium plugin v25.3 (Yoast SEO v25.9) - https:\/\/yoast.com\/wordpress\/plugins\/seo\/ -->\n<title>Dobd fel a ker\u00e9kp\u00e1rt\u00far\u00e1kat: A fels\u0151test szerepe a bicikliz\u00e9sben<\/title>\n<meta name=\"description\" content=\"A ker\u00e9kp\u00e1roz\u00e1s a mozg\u00e1s szimf\u00f3ni\u00e1ja, ahol a test minden egyes r\u00e9sze fontos szerepet j\u00e1tszik az utaz\u00e1s harmoniz\u00e1l\u00e1s\u00e1ban. Ker\u00e9kp\u00e1rosk\u00e9nt \u00e9s j\u00f3gaoktat\u00f3k\u00e9nt megismertem a fizikai er\u0151, a rugalmass\u00e1g \u00e9s a mobilit\u00e1s hihetetlen k\u00f6lcs\u00f6nhat\u00e1s\u00e1t, amely ahhoz sz\u00fcks\u00e9ges, hogy igaz\u00e1n j\u00f3l \u00e9rezz\u00fck magunkat ped\u00e1loz\u00e1s k\u00f6zben.\" \/>\n<meta name=\"robots\" content=\"index, follow, max-snippet:-1, max-image-preview:large, max-video-preview:-1\" \/>\n<link rel=\"canonical\" href=\"https:\/\/www.welovecycling.com\/hu\/edzes-es-eletmod\/dobd-fel-a-kerekparturakat-a-felsotest-szerepe-a-biciklizesben\/\" \/>\n<meta property=\"og:locale\" content=\"hu_HU\" \/>\n<meta property=\"og:type\" content=\"article\" \/>\n<meta property=\"og:title\" content=\"Dobd fel a ker\u00e9kp\u00e1rt\u00far\u00e1kat: A fels\u0151test szerepe a bicikliz\u00e9sben\" \/>\n<meta property=\"og:description\" content=\"A ker\u00e9kp\u00e1roz\u00e1s a mozg\u00e1s szimf\u00f3ni\u00e1ja, ahol a test minden egyes r\u00e9sze fontos szerepet j\u00e1tszik az utaz\u00e1s harmoniz\u00e1l\u00e1s\u00e1ban. Ker\u00e9kp\u00e1rosk\u00e9nt \u00e9s j\u00f3gaoktat\u00f3k\u00e9nt megismertem a fizikai er\u0151, a rugalmass\u00e1g \u00e9s a mobilit\u00e1s hihetetlen k\u00f6lcs\u00f6nhat\u00e1s\u00e1t, amely ahhoz sz\u00fcks\u00e9ges, hogy igaz\u00e1n j\u00f3l \u00e9rezz\u00fck magunkat ped\u00e1loz\u00e1s k\u00f6zben.\" \/>\n<meta property=\"og:url\" content=\"https:\/\/www.welovecycling.com\/hu\/edzes-es-eletmod\/dobd-fel-a-kerekparturakat-a-felsotest-szerepe-a-biciklizesben\/\" \/>\n<meta property=\"og:site_name\" content=\"\u0160koda We Love Cycling - Magyarorsz\u00e1g\" \/>\n<meta property=\"article:publisher\" content=\"https:\/\/www.facebook.com\/WeLoveCyclingHungary\/\" \/>\n<meta property=\"article:published_time\" content=\"2024-01-05T06:00:31+00:00\" \/>\n<meta property=\"og:image\" content=\"https:\/\/d2p6e6u75xmxt8.cloudfront.net\/12\/2023\/12\/Cyclists-Cycling-in-Spain-profimedia-0827287403-CVR.webp\" \/>\n\t<meta property=\"og:image:width\" content=\"990\" \/>\n\t<meta property=\"og:image:height\" content=\"660\" \/>\n\t<meta property=\"og:image:type\" content=\"image\/webp\" \/>\n<meta name=\"author\" content=\"hegyizs\" \/>\n<meta name=\"twitter:card\" content=\"summary_large_image\" \/>\n<meta name=\"twitter:label1\" content=\"Written by\" \/>\n\t<meta name=\"twitter:data1\" content=\"Megan Flottorp\" \/>\n\t<meta name=\"twitter:label2\" content=\"Est. reading time\" \/>\n\t<meta name=\"twitter:data2\" content=\"5\" \/>\n<script type=\"application\/ld+json\" class=\"yoast-schema-graph\">{\"@context\":\"https:\/\/schema.org\",\"@graph\":[{\"@type\":\"WebPage\",\"@id\":\"https:\/\/www.welovecycling.com\/hu\/edzes-es-eletmod\/dobd-fel-a-kerekparturakat-a-felsotest-szerepe-a-biciklizesben\/\",\"url\":\"https:\/\/www.welovecycling.com\/hu\/edzes-es-eletmod\/dobd-fel-a-kerekparturakat-a-felsotest-szerepe-a-biciklizesben\/\",\"name\":\"Dobd fel a ker\u00e9kp\u00e1rt\u00far\u00e1kat: A fels\u0151test szerepe a bicikliz\u00e9sben\",\"isPartOf\":{\"@id\":\"https:\/\/www.welovecycling.com\/hu\/#website\"},\"primaryImageOfPage\":{\"@id\":\"https:\/\/www.welovecycling.com\/hu\/edzes-es-eletmod\/dobd-fel-a-kerekparturakat-a-felsotest-szerepe-a-biciklizesben\/#primaryimage\"},\"image\":{\"@id\":\"https:\/\/www.welovecycling.com\/hu\/edzes-es-eletmod\/dobd-fel-a-kerekparturakat-a-felsotest-szerepe-a-biciklizesben\/#primaryimage\"},\"thumbnailUrl\":\"https:\/\/d2p6e6u75xmxt8.cloudfront.net\/12\/2023\/12\/Cyclists-Cycling-in-Spain-profimedia-0827287403-CVR.webp\",\"datePublished\":\"2024-01-05T06:00:31+00:00\",\"author\":{\"@id\":\"https:\/\/www.welovecycling.com\/hu\/#\/schema\/person\/414a2aebf1801691a5320edb6468e194\"},\"description\":\"A ker\u00e9kp\u00e1roz\u00e1s a mozg\u00e1s szimf\u00f3ni\u00e1ja, ahol a test minden egyes r\u00e9sze fontos szerepet j\u00e1tszik az utaz\u00e1s harmoniz\u00e1l\u00e1s\u00e1ban. Ker\u00e9kp\u00e1rosk\u00e9nt \u00e9s j\u00f3gaoktat\u00f3k\u00e9nt megismertem a fizikai er\u0151, a rugalmass\u00e1g \u00e9s a mobilit\u00e1s hihetetlen k\u00f6lcs\u00f6nhat\u00e1s\u00e1t, amely ahhoz sz\u00fcks\u00e9ges, hogy igaz\u00e1n j\u00f3l \u00e9rezz\u00fck magunkat ped\u00e1loz\u00e1s k\u00f6zben.\",\"breadcrumb\":{\"@id\":\"https:\/\/www.welovecycling.com\/hu\/edzes-es-eletmod\/dobd-fel-a-kerekparturakat-a-felsotest-szerepe-a-biciklizesben\/#breadcrumb\"},\"inLanguage\":\"hu\",\"potentialAction\":[{\"@type\":\"ReadAction\",\"target\":[\"https:\/\/www.welovecycling.com\/hu\/edzes-es-eletmod\/dobd-fel-a-kerekparturakat-a-felsotest-szerepe-a-biciklizesben\/\"]}]},{\"@type\":\"ImageObject\",\"inLanguage\":\"hu\",\"@id\":\"https:\/\/www.welovecycling.com\/hu\/edzes-es-eletmod\/dobd-fel-a-kerekparturakat-a-felsotest-szerepe-a-biciklizesben\/#primaryimage\",\"url\":\"https:\/\/d2p6e6u75xmxt8.cloudfront.net\/12\/2023\/12\/Cyclists-Cycling-in-Spain-profimedia-0827287403-CVR.webp\",\"contentUrl\":\"https:\/\/d2p6e6u75xmxt8.cloudfront.net\/12\/2023\/12\/Cyclists-Cycling-in-Spain-profimedia-0827287403-CVR.webp\",\"width\":990,\"height\":660,\"caption\":\"Cycling in Spain\"},{\"@type\":\"BreadcrumbList\",\"@id\":\"https:\/\/www.welovecycling.com\/hu\/edzes-es-eletmod\/dobd-fel-a-kerekparturakat-a-felsotest-szerepe-a-biciklizesben\/#breadcrumb\",\"itemListElement\":[{\"@type\":\"ListItem\",\"position\":1,\"name\":\"Home\",\"item\":\"https:\/\/www.welovecycling.com\/hu\/\"},{\"@type\":\"ListItem\",\"position\":2,\"name\":\"Dobd fel a ker\u00e9kp\u00e1rt\u00far\u00e1kat: A fels\u0151test szerepe a bicikliz\u00e9sben\"}]},{\"@type\":\"WebSite\",\"@id\":\"https:\/\/www.welovecycling.com\/hu\/#website\",\"url\":\"https:\/\/www.welovecycling.com\/hu\/\",\"name\":\"\u0160koda We Love Cycling - Magyarorsz\u00e1g\",\"description\":\"\u0160koda WeLoveCycling\",\"potentialAction\":[{\"@type\":\"SearchAction\",\"target\":{\"@type\":\"EntryPoint\",\"urlTemplate\":\"https:\/\/www.welovecycling.com\/hu\/?s={search_term_string}\"},\"query-input\":{\"@type\":\"PropertyValueSpecification\",\"valueRequired\":true,\"valueName\":\"search_term_string\"}}],\"inLanguage\":\"hu\"},{\"@type\":\"Person\",\"@id\":\"https:\/\/www.welovecycling.com\/hu\/#\/schema\/person\/414a2aebf1801691a5320edb6468e194\",\"name\":\"hegyizs\",\"image\":{\"@type\":\"ImageObject\",\"inLanguage\":\"hu\",\"@id\":\"https:\/\/www.welovecycling.com\/hu\/#\/schema\/person\/image\/\",\"url\":\"https:\/\/secure.gravatar.com\/avatar\/02cf8a7906b8cf90cecb4679defac7cfd33a1c2e3b88e4903d947f3bb58eedd3?s=96&d=mm&r=g\",\"contentUrl\":\"https:\/\/secure.gravatar.com\/avatar\/02cf8a7906b8cf90cecb4679defac7cfd33a1c2e3b88e4903d947f3bb58eedd3?s=96&d=mm&r=g\",\"caption\":\"hegyizs\"},\"url\":\"https:\/\/www.welovecycling.com\/hu\/author\/hegyizs\/\"}]}<\/script>\n<!-- \/ Yoast SEO Premium plugin. -->","yoast_head_json":{"title":"Dobd fel a ker\u00e9kp\u00e1rt\u00far\u00e1kat: A fels\u0151test szerepe a bicikliz\u00e9sben","description":"A ker\u00e9kp\u00e1roz\u00e1s a mozg\u00e1s szimf\u00f3ni\u00e1ja, ahol a test minden egyes r\u00e9sze fontos szerepet j\u00e1tszik az utaz\u00e1s harmoniz\u00e1l\u00e1s\u00e1ban. Ker\u00e9kp\u00e1rosk\u00e9nt \u00e9s j\u00f3gaoktat\u00f3k\u00e9nt megismertem a fizikai er\u0151, a rugalmass\u00e1g \u00e9s a mobilit\u00e1s hihetetlen k\u00f6lcs\u00f6nhat\u00e1s\u00e1t, amely ahhoz sz\u00fcks\u00e9ges, hogy igaz\u00e1n j\u00f3l \u00e9rezz\u00fck magunkat ped\u00e1loz\u00e1s k\u00f6zben.","robots":{"index":"index","follow":"follow","max-snippet":"max-snippet:-1","max-image-preview":"max-image-preview:large","max-video-preview":"max-video-preview:-1"},"canonical":"https:\/\/www.welovecycling.com\/hu\/edzes-es-eletmod\/dobd-fel-a-kerekparturakat-a-felsotest-szerepe-a-biciklizesben\/","og_locale":"hu_HU","og_type":"article","og_title":"Dobd fel a ker\u00e9kp\u00e1rt\u00far\u00e1kat: A fels\u0151test szerepe a bicikliz\u00e9sben","og_description":"A ker\u00e9kp\u00e1roz\u00e1s a mozg\u00e1s szimf\u00f3ni\u00e1ja, ahol a test minden egyes r\u00e9sze fontos szerepet j\u00e1tszik az utaz\u00e1s harmoniz\u00e1l\u00e1s\u00e1ban. Ker\u00e9kp\u00e1rosk\u00e9nt \u00e9s j\u00f3gaoktat\u00f3k\u00e9nt megismertem a fizikai er\u0151, a rugalmass\u00e1g \u00e9s a mobilit\u00e1s hihetetlen k\u00f6lcs\u00f6nhat\u00e1s\u00e1t, amely ahhoz sz\u00fcks\u00e9ges, hogy igaz\u00e1n j\u00f3l \u00e9rezz\u00fck magunkat ped\u00e1loz\u00e1s k\u00f6zben.","og_url":"https:\/\/www.welovecycling.com\/hu\/edzes-es-eletmod\/dobd-fel-a-kerekparturakat-a-felsotest-szerepe-a-biciklizesben\/","og_site_name":"\u0160koda We Love Cycling - Magyarorsz\u00e1g","article_publisher":"https:\/\/www.facebook.com\/WeLoveCyclingHungary\/","article_published_time":"2024-01-05T06:00:31+00:00","og_image":[{"width":990,"height":660,"url":"https:\/\/d2p6e6u75xmxt8.cloudfront.net\/12\/2023\/12\/Cyclists-Cycling-in-Spain-profimedia-0827287403-CVR.webp","type":"image\/webp"}],"author":"hegyizs","twitter_card":"summary_large_image","twitter_misc":{"Written by":"Megan Flottorp","Est. reading time":"5"},"schema":{"@context":"https:\/\/schema.org","@graph":[{"@type":"WebPage","@id":"https:\/\/www.welovecycling.com\/hu\/edzes-es-eletmod\/dobd-fel-a-kerekparturakat-a-felsotest-szerepe-a-biciklizesben\/","url":"https:\/\/www.welovecycling.com\/hu\/edzes-es-eletmod\/dobd-fel-a-kerekparturakat-a-felsotest-szerepe-a-biciklizesben\/","name":"Dobd fel a ker\u00e9kp\u00e1rt\u00far\u00e1kat: A fels\u0151test szerepe a bicikliz\u00e9sben","isPartOf":{"@id":"https:\/\/www.welovecycling.com\/hu\/#website"},"primaryImageOfPage":{"@id":"https:\/\/www.welovecycling.com\/hu\/edzes-es-eletmod\/dobd-fel-a-kerekparturakat-a-felsotest-szerepe-a-biciklizesben\/#primaryimage"},"image":{"@id":"https:\/\/www.welovecycling.com\/hu\/edzes-es-eletmod\/dobd-fel-a-kerekparturakat-a-felsotest-szerepe-a-biciklizesben\/#primaryimage"},"thumbnailUrl":"https:\/\/d2p6e6u75xmxt8.cloudfront.net\/12\/2023\/12\/Cyclists-Cycling-in-Spain-profimedia-0827287403-CVR.webp","datePublished":"2024-01-05T06:00:31+00:00","author":{"@id":"https:\/\/www.welovecycling.com\/hu\/#\/schema\/person\/414a2aebf1801691a5320edb6468e194"},"description":"A ker\u00e9kp\u00e1roz\u00e1s a mozg\u00e1s szimf\u00f3ni\u00e1ja, ahol a test minden egyes r\u00e9sze fontos szerepet j\u00e1tszik az utaz\u00e1s harmoniz\u00e1l\u00e1s\u00e1ban. Ker\u00e9kp\u00e1rosk\u00e9nt \u00e9s j\u00f3gaoktat\u00f3k\u00e9nt megismertem a fizikai er\u0151, a rugalmass\u00e1g \u00e9s a mobilit\u00e1s hihetetlen k\u00f6lcs\u00f6nhat\u00e1s\u00e1t, amely ahhoz sz\u00fcks\u00e9ges, hogy igaz\u00e1n j\u00f3l \u00e9rezz\u00fck magunkat ped\u00e1loz\u00e1s k\u00f6zben.","breadcrumb":{"@id":"https:\/\/www.welovecycling.com\/hu\/edzes-es-eletmod\/dobd-fel-a-kerekparturakat-a-felsotest-szerepe-a-biciklizesben\/#breadcrumb"},"inLanguage":"hu","potentialAction":[{"@type":"ReadAction","target":["https:\/\/www.welovecycling.com\/hu\/edzes-es-eletmod\/dobd-fel-a-kerekparturakat-a-felsotest-szerepe-a-biciklizesben\/"]}]},{"@type":"ImageObject","inLanguage":"hu","@id":"https:\/\/www.welovecycling.com\/hu\/edzes-es-eletmod\/dobd-fel-a-kerekparturakat-a-felsotest-szerepe-a-biciklizesben\/#primaryimage","url":"https:\/\/d2p6e6u75xmxt8.cloudfront.net\/12\/2023\/12\/Cyclists-Cycling-in-Spain-profimedia-0827287403-CVR.webp","contentUrl":"https:\/\/d2p6e6u75xmxt8.cloudfront.net\/12\/2023\/12\/Cyclists-Cycling-in-Spain-profimedia-0827287403-CVR.webp","width":990,"height":660,"caption":"Cycling in Spain"},{"@type":"BreadcrumbList","@id":"https:\/\/www.welovecycling.com\/hu\/edzes-es-eletmod\/dobd-fel-a-kerekparturakat-a-felsotest-szerepe-a-biciklizesben\/#breadcrumb","itemListElement":[{"@type":"ListItem","position":1,"name":"Home","item":"https:\/\/www.welovecycling.com\/hu\/"},{"@type":"ListItem","position":2,"name":"Dobd fel a ker\u00e9kp\u00e1rt\u00far\u00e1kat: A fels\u0151test szerepe a bicikliz\u00e9sben"}]},{"@type":"WebSite","@id":"https:\/\/www.welovecycling.com\/hu\/#website","url":"https:\/\/www.welovecycling.com\/hu\/","name":"\u0160koda We Love Cycling - Magyarorsz\u00e1g","description":"\u0160koda WeLoveCycling","potentialAction":[{"@type":"SearchAction","target":{"@type":"EntryPoint","urlTemplate":"https:\/\/www.welovecycling.com\/hu\/?s={search_term_string}"},"query-input":{"@type":"PropertyValueSpecification","valueRequired":true,"valueName":"search_term_string"}}],"inLanguage":"hu"},{"@type":"Person","@id":"https:\/\/www.welovecycling.com\/hu\/#\/schema\/person\/414a2aebf1801691a5320edb6468e194","name":"hegyizs","image":{"@type":"ImageObject","inLanguage":"hu","@id":"https:\/\/www.welovecycling.com\/hu\/#\/schema\/person\/image\/","url":"https:\/\/secure.gravatar.com\/avatar\/02cf8a7906b8cf90cecb4679defac7cfd33a1c2e3b88e4903d947f3bb58eedd3?s=96&d=mm&r=g","contentUrl":"https:\/\/secure.gravatar.com\/avatar\/02cf8a7906b8cf90cecb4679defac7cfd33a1c2e3b88e4903d947f3bb58eedd3?s=96&d=mm&r=g","caption":"hegyizs"},"url":"https:\/\/www.welovecycling.com\/hu\/author\/hegyizs\/"}]}},"_links":{"self":[{"href":"https:\/\/www.welovecycling.com\/hu\/wp-json\/wp\/v2\/posts\/18289","targetHints":{"allow":["GET"]}}],"collection":[{"href":"https:\/\/www.welovecycling.com\/hu\/wp-json\/wp\/v2\/posts"}],"about":[{"href":"https:\/\/www.welovecycling.com\/hu\/wp-json\/wp\/v2\/types\/post"}],"author":[{"embeddable":true,"href":"https:\/\/www.welovecycling.com\/hu\/wp-json\/wp\/v2\/users\/71"}],"replies":[{"embeddable":true,"href":"https:\/\/www.welovecycling.com\/hu\/wp-json\/wp\/v2\/comments?post=18289"}],"version-history":[{"count":1,"href":"https:\/\/www.welovecycling.com\/hu\/wp-json\/wp\/v2\/posts\/18289\/revisions"}],"predecessor-version":[{"id":18291,"href":"https:\/\/www.welovecycling.com\/hu\/wp-json\/wp\/v2\/posts\/18289\/revisions\/18291"}],"wp:featuredmedia":[{"embeddable":true,"href":"https:\/\/www.welovecycling.com\/hu\/wp-json\/wp\/v2\/media\/18290"}],"wp:attachment":[{"href":"https:\/\/www.welovecycling.com\/hu\/wp-json\/wp\/v2\/media?parent=18289"}],"wp:term":[{"taxonomy":"category","embeddable":true,"href":"https:\/\/www.welovecycling.com\/hu\/wp-json\/wp\/v2\/categories?post=18289"},{"taxonomy":"post_tag","embeddable":true,"href":"https:\/\/www.welovecycling.com\/hu\/wp-json\/wp\/v2\/tags?post=18289"},{"taxonomy":"global-categories","embeddable":true,"href":"https:\/\/www.welovecycling.com\/hu\/wp-json\/wp\/v2\/global-categories?post=18289"}],"curies":[{"name":"wp","href":"https:\/\/api.w.org\/{rel}","templated":true}]}}