{"id":18281,"date":"2024-01-02T08:00:55","date_gmt":"2024-01-02T06:00:55","guid":{"rendered":"https:\/\/www.welovecycling.com\/hu\/?p=18281"},"modified":"2023-12-15T16:24:38","modified_gmt":"2023-12-15T14:24:38","slug":"16-ev-tour-de-france-egyetlen-interaktiv-terkepen","status":"publish","type":"post","link":"https:\/\/www.welovecycling.com\/hu\/orszaguti-kerekpar\/16-ev-tour-de-france-egyetlen-interaktiv-terkepen\/","title":{"rendered":"16 \u00e9v Tour de France egyetlen interakt\u00edv t\u00e9rk\u00e9pen"},"content":{"rendered":"<p><strong>Id\u0151nk\u00e9nt, a verseny hev\u00e9ben k\u00f6nny\u0171 elfelejteni, hogy a Tour de France nemcsak egy ker\u00e9kp\u00e1rverseny: egy\u00fattal, ahogy a neve is mondja, ez egy monument\u00e1lis t\u00fara Franciaorsz\u00e1gban, nem v\u00e9letlen\u00fcl parkol annyi lak\u00f3kocsi azokon az utakon, amelyeken a mez\u0151ny halad. Sokan azok k\u00f6z\u00fcl, akik szem\u00e9lyesen n\u00e9zik meg a Tour de France-t, sz\u00f3 szerint turist\u00e1k.<\/strong><\/p>\n<p><!--more--><\/p>\n<p>B\u00e1r a Tour m\u00e1r nem csak kiz\u00e1r\u00f3lag az orsz\u00e1ghat\u00e1rokon bel\u00fcl mozog, ami\u00f3ta 1954-ben az els\u0151 k\u00fclf\u00f6ldi Grand D\u00e9part-t tartott\u00e1k Amszterdamban, \u00e9s az\u00f3ta olyan messze is eljutott, mint D\u00e1nia, tov\u00e1bbra is francia verseny maradt, \u00e9s sok szempontb\u00f3l a francia vid\u00e9k \u00e9s t\u00f6rt\u00e9nelmi helyek gy\u00f6ny\u00f6r\u0171 \u00e9s v\u00e1ltozatos bemutat\u00e1s\u00e1t szolg\u00e1lja. Teh\u00e1t a Tour szervez\u0151inek egyik c\u00e9lja az, hogy f\u00f6ldrajzilag min\u00e9l inkluz\u00edvabbak legyenek, \u00e9s minden r\u00e9gi\u00f3, v\u00e1ros \u00e9s telep\u00fcl\u00e9s sz\u00e1m\u00e1ra lehet\u0151s\u00e9get adjanak arra, hogy l\u00e1that\u00f3v\u00e1 v\u00e1ljanak sz\u00e1zmilli\u00f3k sz\u00e1m\u00e1ra, akik n\u00e9zik a versenyt, \u00e9s akik k\u00f6z\u00fcl n\u00e9h\u00e1nyan egyszer turist\u00e1kk\u00e1 v\u00e1lnak.<\/p>\n<p>Annak \u00e9rz\u00e9keltet\u00e9s\u00e9re, mennyire sikeres volt a verseny ebben a k\u00fcldet\u00e9sben, a <a href=\"https:\/\/www.velowire.com\/article\/1121\/en\/the-tour-de-france-doesn-t-visit-the-whole-of-france--in-fact-it-does--over-time----the-historical-map-with-the-tour-de-france-parcours.html\">velowire.com k\u00f6zz\u00e9tett egy t\u00e9rk\u00e9pet<\/a>, amelyen minden, 2008 \u00f3ta megrendezett Tour \u00fatvonal\u00e1t sz\u00ednes vonalakkal \u00e1br\u00e1zolja, 16-ot \u00f6sszesen. \u00c9s innent\u0151l minden \u00e9vben hozz\u00e1adj\u00e1k majd a teljes \u00faj \u00fatvonalat, amely m\u00e9g t\u00f6bb sz\u00ednt ad majd ehhez az egy\u00e9bk\u00e9nt is sz\u00ednes t\u00f6rt\u00e9nelemhez. Ez egy izgalmas m\u00f3dja annak, hogy felfedezz\u00fck vagy felid\u00e9zz\u00fck a Tour de France minden szakasz\u00e1t, eg\u00e9szen 2008 \u00f3ta.<\/p>\n<p>P\u00e9ld\u00e1ul r\u00e1kattinthatsz erre a hossz\u00fa, k\u00edgy\u00f3z\u00f3 k\u00e9k vonalra az orsz\u00e1g k\u00f6zep\u00e9n, \u00e9s megtudhatod, hogy a 2013-as Tour 14. szakasza 2013. j\u00falius 13-\u00e1n, szombaton zajlott, \u00e9s 191 km-t hosszan kanyargott Saint-Pour\u00e7ain-sur-Sioule-b\u00f3l Lyonba. Majd, ha t\u00f6bb inform\u00e1ci\u00f3t szeretn\u00e9l, r\u00e1kattinthatsz a k\u00e9k vonal v\u00e9g\u00e9re, \u00e9s m\u00e1ris kider\u00fcl, hogy a Jean Jaur\u00e8s sug\u00e1r\u00faton volt a befut\u00f3, egy 2,100 m hossz\u00fa egyenes szakasz v\u00e9g\u00e9n, \u00e9s hogy az \u00fat 7,5 m sz\u00e9les volt.<\/p>\n<div class=\"embed-controller-wrapper\">\n<blockquote class=\"twitter-tweet\" data-width=\"500\" data-dnt=\"true\">\n<p lang=\"fr\" dir=\"ltr\">FR Le Tour de France ne visite pas la France enti\u00e8re ? En fait si, au fil du temps ! &#8211; la carte historique du parcours du Tour de France <a href=\"https:\/\/twitter.com\/LeTour?ref_src=twsrc%5Etfw\">@letour<\/a> <a href=\"https:\/\/twitter.com\/amaurysport?ref_src=twsrc%5Etfw\">@amaurysport<\/a> <a href=\"https:\/\/twitter.com\/hashtag\/TDF?src=hash&amp;ref_src=twsrc%5Etfw\">#TDF<\/a> <a href=\"https:\/\/twitter.com\/hashtag\/parcours?src=hash&amp;ref_src=twsrc%5Etfw\">#parcours<\/a> <a href=\"https:\/\/twitter.com\/hashtag\/cartehistorique?src=hash&amp;ref_src=twsrc%5Etfw\">#cartehistorique<\/a> <a href=\"https:\/\/twitter.com\/hashtag\/exclusivite?src=hash&amp;ref_src=twsrc%5Etfw\">#exclusivite<\/a> <a href=\"https:\/\/t.co\/gx4Z3GIPZH\">https:\/\/t.co\/gx4Z3GIPZH<\/a><\/p>\n<p>&mdash; velowire.com (@velowire_com) <a href=\"https:\/\/twitter.com\/velowire_com\/status\/1716706730363744515?ref_src=twsrc%5Etfw\">October 24, 2023<\/a><\/p><\/blockquote>\n<p><script async data-src=\"https:\/\/platform.twitter.com\/widgets.js\" charset=\"utf-8\"><\/script><\/div>\n<p>Vagy, ha mozgatod az egeret d\u00e9l fel\u00e9, a Pireneusokba, \u00e9s r\u00e1kattintasz erre a lila &#8216;k\u00edgy\u00f3ra&#8217;, amely (mint kider\u00fclt) a 2014-es Tour 18. szakasz\u00e1t jel\u00f6li, ami 2014. j\u00falius 24-\u00e9n, cs\u00fct\u00f6rt\u00f6k\u00f6n Pau-ban indult, \u00e9s a 145,5 km-re fekv\u0151 Hautacam-on \u00e9rt v\u00e9get. Egy m\u00e1sik kattint\u00e1s, a k\u00edgy\u00f3 fark\u00e1n\u00e1l, \u00e9s kider\u00fcl, hogy a Hautacam befut\u00f3ja egy 13,6 km-es, azaz kateg\u00f3ri\u00e1n fel\u00fcli emelked\u0151, 7,8% -os \u00e1tlagos emelked\u00e9ssel, mind\u00f6ssze 50 m hossz\u00fa egyenes szakasszal a v\u00e9g\u00e9n.<\/p>\n<p>A t\u00e9rk\u00e9p azt is felfedi, hogy Bretagne r\u00e9gi\u00f3j\u00e1t hat alkalommal l\u00e1togatta meg a verseny az elm\u00falt 16 \u00e9vben, tal\u00e1n az\u00e9rt, mert Franciaorsz\u00e1g egyik igazi legend\u00e1ja, \u00e9s az utols\u00f3 francia versenyz\u0151, aki megnyerte a Tour-t, Bernard Hinault, Yffiniac-ban, Breton r\u00e9gi\u00f3ban sz\u00fcletett. A vonalak P\u00e1rizs k\u00f6rny\u00e9k\u00e9n, ahol majdnem minden Tour v\u00e9get \u00e9rt (<a href=\"https:\/\/www.welovecycling.com\/hu\/orszaguti-kerekpar\/a-2024-es-tour-de-france-utvonala\/\">a j\u00f6v\u0151 \u00e9vi egy ritka kiv\u00e9tel lesz<\/a>), olyan s\u0171r\u0171ek, ak\u00e1r egy p\u00f3kh\u00e1l\u00f3. J\u00f3val fel kell nagy\u00edtanod a t\u00e9rk\u00e9pet, ahhoz, hogy az egyes szakaszokat k\u00fcl\u00f6n tudd v\u00e1lasztani, amikor befutnak a f\u0151v\u00e1rosba.<\/p>\n<p>Az elm\u00falt 16 \u00e9vben a Tour mind\u00f6ssze h\u00e1rom francia ter\u00fcletet nem l\u00e1togatott meg: a Loiret r\u00e9gi\u00f3t, bele\u00e9rtve annak f\u0151v\u00e1ros\u00e1t, Orl\u00e9ans-t; az Angoul\u00eame k\u00f6r\u00fci ter\u00fcletetl, bele\u00e9rtve a Charente \u00e9s Charente-Maritime r\u00e9gi\u00f3kat, eg\u00e9szen Haute-Vienne-ig; valamint egy s\u00e1vot Troyes-t\u00f3l \u00e9szakra illetve nyugatra. De ezt j\u00f6v\u0151re orvosolj\u00e1k, amikor a 8. szakasz Troyes v\u00e1ros\u00e1ban \u00e9s k\u00f6rny\u00e9k\u00e9n zajlik majd, \u00e9s a 9. szakasz Orl\u00e9ans-ban kezd\u0151dik, egy pihen\u0151nap ut\u00e1n a v\u00e1rosban.<\/p>\n<p>A t\u00e9rk\u00e9p nem csak a francia szakaszokra korl\u00e1toz\u00f3dik, hanem mag\u00e1ban foglal minden Grand D\u00e9part-ot \u00e9s az \u00f6sszes egy\u00e9b k\u00fclf\u00f6ldi szakaszt is, p\u00e9ld\u00e1ul a 2014-es h\u00e1rom brit etapot \u00e9s a tavalyi h\u00e1rom d\u00e1nt. A t\u00e9rk\u00e9p nagyon sz\u00f3rakoztat\u00f3 \u00e9s \u00e9rdekes a Tour de France rajong\u00f3i sz\u00e1m\u00e1ra, pr\u00f3b\u00e1ld ki!<\/p>\n","protected":false},"excerpt":{"rendered":"<p>Id\u0151nk\u00e9nt, a verseny hev\u00e9ben k\u00f6nny\u0171 elfelejteni, hogy a Tour de France nemcsak egy ker\u00e9kp\u00e1rverseny: egy\u00fattal, ahogy a neve is mondja, [&hellip;]<\/p>\n","protected":false},"author":71,"featured_media":18282,"comment_status":"open","ping_status":"open","sticky":false,"template":"","format":"standard","meta":{"footnotes":""},"categories":[8],"tags":[],"global-categories":[],"class_list":["post-18281","post","type-post","status-publish","format-standard","has-post-thumbnail","hentry","category-orszaguti-kerekpar"],"yoast_head":"<!-- This site is optimized with the Yoast SEO Premium plugin v25.3 (Yoast SEO v25.9) - https:\/\/yoast.com\/wordpress\/plugins\/seo\/ -->\n<title>16 \u00e9v Tour de France egyetlen interakt\u00edv t\u00e9rk\u00e9pen<\/title>\n<meta name=\"description\" content=\"Id\u0151nk\u00e9nt, a verseny hev\u00e9ben k\u00f6nny\u0171 elfelejteni, hogy a Tour de France nemcsak egy ker\u00e9kp\u00e1rverseny: egy\u00fattal, ahogy a neve is mondja, ez egy monument\u00e1lis t\u00fara Franciaorsz\u00e1gban, nem v\u00e9letlen\u00fcl parkol annyi lak\u00f3kocsi azokon az utakon, amelyeken a mez\u0151ny halad. Sokan azok k\u00f6z\u00fcl, akik szem\u00e9lyesen n\u00e9zik meg a Tour de France-t, sz\u00f3 szerint turist\u00e1k.\" \/>\n<meta name=\"robots\" content=\"index, follow, max-snippet:-1, max-image-preview:large, max-video-preview:-1\" \/>\n<link rel=\"canonical\" href=\"https:\/\/www.welovecycling.com\/hu\/orszaguti-kerekpar\/16-ev-tour-de-france-egyetlen-interaktiv-terkepen\/\" \/>\n<meta property=\"og:locale\" content=\"hu_HU\" \/>\n<meta property=\"og:type\" content=\"article\" \/>\n<meta property=\"og:title\" content=\"16 \u00e9v Tour de France egyetlen interakt\u00edv t\u00e9rk\u00e9pen\" \/>\n<meta property=\"og:description\" content=\"Id\u0151nk\u00e9nt, a verseny hev\u00e9ben k\u00f6nny\u0171 elfelejteni, hogy a Tour de France nemcsak egy ker\u00e9kp\u00e1rverseny: egy\u00fattal, ahogy a neve is mondja, ez egy monument\u00e1lis t\u00fara Franciaorsz\u00e1gban, nem v\u00e9letlen\u00fcl parkol annyi lak\u00f3kocsi azokon az utakon, amelyeken a mez\u0151ny halad. Sokan azok k\u00f6z\u00fcl, akik szem\u00e9lyesen n\u00e9zik meg a Tour de France-t, sz\u00f3 szerint turist\u00e1k.\" \/>\n<meta property=\"og:url\" content=\"https:\/\/www.welovecycling.com\/hu\/orszaguti-kerekpar\/16-ev-tour-de-france-egyetlen-interaktiv-terkepen\/\" \/>\n<meta property=\"og:site_name\" content=\"\u0160koda We Love Cycling - Magyarorsz\u00e1g\" \/>\n<meta property=\"article:publisher\" content=\"https:\/\/www.facebook.com\/WeLoveCyclingHungary\/\" \/>\n<meta property=\"article:published_time\" content=\"2024-01-02T06:00:55+00:00\" \/>\n<meta property=\"og:image\" content=\"https:\/\/d2p6e6u75xmxt8.cloudfront.net\/12\/2023\/12\/Tour-de-France-Femmes-Women-Peloton-profimedia-0791822987-CVR.webp\" \/>\n\t<meta property=\"og:image:width\" content=\"990\" \/>\n\t<meta property=\"og:image:height\" content=\"660\" \/>\n\t<meta property=\"og:image:type\" content=\"image\/webp\" \/>\n<meta name=\"author\" content=\"hegyizs\" \/>\n<meta name=\"twitter:card\" content=\"summary_large_image\" \/>\n<meta name=\"twitter:label1\" content=\"Written by\" \/>\n\t<meta name=\"twitter:data1\" content=\"Siegfried Mortkowitz\" \/>\n\t<meta name=\"twitter:label2\" content=\"Est. reading time\" \/>\n\t<meta name=\"twitter:data2\" content=\"4\" \/>\n<script type=\"application\/ld+json\" class=\"yoast-schema-graph\">{\"@context\":\"https:\/\/schema.org\",\"@graph\":[{\"@type\":\"WebPage\",\"@id\":\"https:\/\/www.welovecycling.com\/hu\/orszaguti-kerekpar\/16-ev-tour-de-france-egyetlen-interaktiv-terkepen\/\",\"url\":\"https:\/\/www.welovecycling.com\/hu\/orszaguti-kerekpar\/16-ev-tour-de-france-egyetlen-interaktiv-terkepen\/\",\"name\":\"16 \u00e9v Tour de France egyetlen interakt\u00edv t\u00e9rk\u00e9pen\",\"isPartOf\":{\"@id\":\"https:\/\/www.welovecycling.com\/hu\/#website\"},\"primaryImageOfPage\":{\"@id\":\"https:\/\/www.welovecycling.com\/hu\/orszaguti-kerekpar\/16-ev-tour-de-france-egyetlen-interaktiv-terkepen\/#primaryimage\"},\"image\":{\"@id\":\"https:\/\/www.welovecycling.com\/hu\/orszaguti-kerekpar\/16-ev-tour-de-france-egyetlen-interaktiv-terkepen\/#primaryimage\"},\"thumbnailUrl\":\"https:\/\/d2p6e6u75xmxt8.cloudfront.net\/12\/2023\/12\/Tour-de-France-Femmes-Women-Peloton-profimedia-0791822987-CVR.webp\",\"datePublished\":\"2024-01-02T06:00:55+00:00\",\"author\":{\"@id\":\"https:\/\/www.welovecycling.com\/hu\/#\/schema\/person\/414a2aebf1801691a5320edb6468e194\"},\"description\":\"Id\u0151nk\u00e9nt, a verseny hev\u00e9ben k\u00f6nny\u0171 elfelejteni, hogy a Tour de France nemcsak egy ker\u00e9kp\u00e1rverseny: egy\u00fattal, ahogy a neve is mondja, ez egy monument\u00e1lis t\u00fara Franciaorsz\u00e1gban, nem v\u00e9letlen\u00fcl parkol annyi lak\u00f3kocsi azokon az utakon, amelyeken a mez\u0151ny halad. Sokan azok k\u00f6z\u00fcl, akik szem\u00e9lyesen n\u00e9zik meg a Tour de France-t, sz\u00f3 szerint turist\u00e1k.\",\"breadcrumb\":{\"@id\":\"https:\/\/www.welovecycling.com\/hu\/orszaguti-kerekpar\/16-ev-tour-de-france-egyetlen-interaktiv-terkepen\/#breadcrumb\"},\"inLanguage\":\"hu\",\"potentialAction\":[{\"@type\":\"ReadAction\",\"target\":[\"https:\/\/www.welovecycling.com\/hu\/orszaguti-kerekpar\/16-ev-tour-de-france-egyetlen-interaktiv-terkepen\/\"]}]},{\"@type\":\"ImageObject\",\"inLanguage\":\"hu\",\"@id\":\"https:\/\/www.welovecycling.com\/hu\/orszaguti-kerekpar\/16-ev-tour-de-france-egyetlen-interaktiv-terkepen\/#primaryimage\",\"url\":\"https:\/\/d2p6e6u75xmxt8.cloudfront.net\/12\/2023\/12\/Tour-de-France-Femmes-Women-Peloton-profimedia-0791822987-CVR.webp\",\"contentUrl\":\"https:\/\/d2p6e6u75xmxt8.cloudfront.net\/12\/2023\/12\/Tour-de-France-Femmes-Women-Peloton-profimedia-0791822987-CVR.webp\",\"width\":990,\"height\":660,\"caption\":\"Tour de France Femmes\"},{\"@type\":\"BreadcrumbList\",\"@id\":\"https:\/\/www.welovecycling.com\/hu\/orszaguti-kerekpar\/16-ev-tour-de-france-egyetlen-interaktiv-terkepen\/#breadcrumb\",\"itemListElement\":[{\"@type\":\"ListItem\",\"position\":1,\"name\":\"Home\",\"item\":\"https:\/\/www.welovecycling.com\/hu\/\"},{\"@type\":\"ListItem\",\"position\":2,\"name\":\"16 \u00e9v Tour de France egyetlen interakt\u00edv t\u00e9rk\u00e9pen\"}]},{\"@type\":\"WebSite\",\"@id\":\"https:\/\/www.welovecycling.com\/hu\/#website\",\"url\":\"https:\/\/www.welovecycling.com\/hu\/\",\"name\":\"\u0160koda We Love Cycling - Magyarorsz\u00e1g\",\"description\":\"\u0160koda WeLoveCycling\",\"potentialAction\":[{\"@type\":\"SearchAction\",\"target\":{\"@type\":\"EntryPoint\",\"urlTemplate\":\"https:\/\/www.welovecycling.com\/hu\/?s={search_term_string}\"},\"query-input\":{\"@type\":\"PropertyValueSpecification\",\"valueRequired\":true,\"valueName\":\"search_term_string\"}}],\"inLanguage\":\"hu\"},{\"@type\":\"Person\",\"@id\":\"https:\/\/www.welovecycling.com\/hu\/#\/schema\/person\/414a2aebf1801691a5320edb6468e194\",\"name\":\"hegyizs\",\"image\":{\"@type\":\"ImageObject\",\"inLanguage\":\"hu\",\"@id\":\"https:\/\/www.welovecycling.com\/hu\/#\/schema\/person\/image\/\",\"url\":\"https:\/\/secure.gravatar.com\/avatar\/02cf8a7906b8cf90cecb4679defac7cfd33a1c2e3b88e4903d947f3bb58eedd3?s=96&d=mm&r=g\",\"contentUrl\":\"https:\/\/secure.gravatar.com\/avatar\/02cf8a7906b8cf90cecb4679defac7cfd33a1c2e3b88e4903d947f3bb58eedd3?s=96&d=mm&r=g\",\"caption\":\"hegyizs\"},\"url\":\"https:\/\/www.welovecycling.com\/hu\/author\/hegyizs\/\"}]}<\/script>\n<!-- \/ Yoast SEO Premium plugin. -->","yoast_head_json":{"title":"16 \u00e9v Tour de France egyetlen interakt\u00edv t\u00e9rk\u00e9pen","description":"Id\u0151nk\u00e9nt, a verseny hev\u00e9ben k\u00f6nny\u0171 elfelejteni, hogy a Tour de France nemcsak egy ker\u00e9kp\u00e1rverseny: egy\u00fattal, ahogy a neve is mondja, ez egy monument\u00e1lis t\u00fara Franciaorsz\u00e1gban, nem v\u00e9letlen\u00fcl parkol annyi lak\u00f3kocsi azokon az utakon, amelyeken a mez\u0151ny halad. Sokan azok k\u00f6z\u00fcl, akik szem\u00e9lyesen n\u00e9zik meg a Tour de France-t, sz\u00f3 szerint turist\u00e1k.","robots":{"index":"index","follow":"follow","max-snippet":"max-snippet:-1","max-image-preview":"max-image-preview:large","max-video-preview":"max-video-preview:-1"},"canonical":"https:\/\/www.welovecycling.com\/hu\/orszaguti-kerekpar\/16-ev-tour-de-france-egyetlen-interaktiv-terkepen\/","og_locale":"hu_HU","og_type":"article","og_title":"16 \u00e9v Tour de France egyetlen interakt\u00edv t\u00e9rk\u00e9pen","og_description":"Id\u0151nk\u00e9nt, a verseny hev\u00e9ben k\u00f6nny\u0171 elfelejteni, hogy a Tour de France nemcsak egy ker\u00e9kp\u00e1rverseny: egy\u00fattal, ahogy a neve is mondja, ez egy monument\u00e1lis t\u00fara Franciaorsz\u00e1gban, nem v\u00e9letlen\u00fcl parkol annyi lak\u00f3kocsi azokon az utakon, amelyeken a mez\u0151ny halad. Sokan azok k\u00f6z\u00fcl, akik szem\u00e9lyesen n\u00e9zik meg a Tour de France-t, sz\u00f3 szerint turist\u00e1k.","og_url":"https:\/\/www.welovecycling.com\/hu\/orszaguti-kerekpar\/16-ev-tour-de-france-egyetlen-interaktiv-terkepen\/","og_site_name":"\u0160koda We Love Cycling - Magyarorsz\u00e1g","article_publisher":"https:\/\/www.facebook.com\/WeLoveCyclingHungary\/","article_published_time":"2024-01-02T06:00:55+00:00","og_image":[{"width":990,"height":660,"url":"https:\/\/d2p6e6u75xmxt8.cloudfront.net\/12\/2023\/12\/Tour-de-France-Femmes-Women-Peloton-profimedia-0791822987-CVR.webp","type":"image\/webp"}],"author":"hegyizs","twitter_card":"summary_large_image","twitter_misc":{"Written by":"Siegfried Mortkowitz","Est. reading time":"4"},"schema":{"@context":"https:\/\/schema.org","@graph":[{"@type":"WebPage","@id":"https:\/\/www.welovecycling.com\/hu\/orszaguti-kerekpar\/16-ev-tour-de-france-egyetlen-interaktiv-terkepen\/","url":"https:\/\/www.welovecycling.com\/hu\/orszaguti-kerekpar\/16-ev-tour-de-france-egyetlen-interaktiv-terkepen\/","name":"16 \u00e9v Tour de France egyetlen interakt\u00edv t\u00e9rk\u00e9pen","isPartOf":{"@id":"https:\/\/www.welovecycling.com\/hu\/#website"},"primaryImageOfPage":{"@id":"https:\/\/www.welovecycling.com\/hu\/orszaguti-kerekpar\/16-ev-tour-de-france-egyetlen-interaktiv-terkepen\/#primaryimage"},"image":{"@id":"https:\/\/www.welovecycling.com\/hu\/orszaguti-kerekpar\/16-ev-tour-de-france-egyetlen-interaktiv-terkepen\/#primaryimage"},"thumbnailUrl":"https:\/\/d2p6e6u75xmxt8.cloudfront.net\/12\/2023\/12\/Tour-de-France-Femmes-Women-Peloton-profimedia-0791822987-CVR.webp","datePublished":"2024-01-02T06:00:55+00:00","author":{"@id":"https:\/\/www.welovecycling.com\/hu\/#\/schema\/person\/414a2aebf1801691a5320edb6468e194"},"description":"Id\u0151nk\u00e9nt, a verseny hev\u00e9ben k\u00f6nny\u0171 elfelejteni, hogy a Tour de France nemcsak egy ker\u00e9kp\u00e1rverseny: egy\u00fattal, ahogy a neve is mondja, ez egy monument\u00e1lis t\u00fara Franciaorsz\u00e1gban, nem v\u00e9letlen\u00fcl parkol annyi lak\u00f3kocsi azokon az utakon, amelyeken a mez\u0151ny halad. Sokan azok k\u00f6z\u00fcl, akik szem\u00e9lyesen n\u00e9zik meg a Tour de France-t, sz\u00f3 szerint turist\u00e1k.","breadcrumb":{"@id":"https:\/\/www.welovecycling.com\/hu\/orszaguti-kerekpar\/16-ev-tour-de-france-egyetlen-interaktiv-terkepen\/#breadcrumb"},"inLanguage":"hu","potentialAction":[{"@type":"ReadAction","target":["https:\/\/www.welovecycling.com\/hu\/orszaguti-kerekpar\/16-ev-tour-de-france-egyetlen-interaktiv-terkepen\/"]}]},{"@type":"ImageObject","inLanguage":"hu","@id":"https:\/\/www.welovecycling.com\/hu\/orszaguti-kerekpar\/16-ev-tour-de-france-egyetlen-interaktiv-terkepen\/#primaryimage","url":"https:\/\/d2p6e6u75xmxt8.cloudfront.net\/12\/2023\/12\/Tour-de-France-Femmes-Women-Peloton-profimedia-0791822987-CVR.webp","contentUrl":"https:\/\/d2p6e6u75xmxt8.cloudfront.net\/12\/2023\/12\/Tour-de-France-Femmes-Women-Peloton-profimedia-0791822987-CVR.webp","width":990,"height":660,"caption":"Tour de France Femmes"},{"@type":"BreadcrumbList","@id":"https:\/\/www.welovecycling.com\/hu\/orszaguti-kerekpar\/16-ev-tour-de-france-egyetlen-interaktiv-terkepen\/#breadcrumb","itemListElement":[{"@type":"ListItem","position":1,"name":"Home","item":"https:\/\/www.welovecycling.com\/hu\/"},{"@type":"ListItem","position":2,"name":"16 \u00e9v Tour de France egyetlen interakt\u00edv t\u00e9rk\u00e9pen"}]},{"@type":"WebSite","@id":"https:\/\/www.welovecycling.com\/hu\/#website","url":"https:\/\/www.welovecycling.com\/hu\/","name":"\u0160koda We Love Cycling - Magyarorsz\u00e1g","description":"\u0160koda WeLoveCycling","potentialAction":[{"@type":"SearchAction","target":{"@type":"EntryPoint","urlTemplate":"https:\/\/www.welovecycling.com\/hu\/?s={search_term_string}"},"query-input":{"@type":"PropertyValueSpecification","valueRequired":true,"valueName":"search_term_string"}}],"inLanguage":"hu"},{"@type":"Person","@id":"https:\/\/www.welovecycling.com\/hu\/#\/schema\/person\/414a2aebf1801691a5320edb6468e194","name":"hegyizs","image":{"@type":"ImageObject","inLanguage":"hu","@id":"https:\/\/www.welovecycling.com\/hu\/#\/schema\/person\/image\/","url":"https:\/\/secure.gravatar.com\/avatar\/02cf8a7906b8cf90cecb4679defac7cfd33a1c2e3b88e4903d947f3bb58eedd3?s=96&d=mm&r=g","contentUrl":"https:\/\/secure.gravatar.com\/avatar\/02cf8a7906b8cf90cecb4679defac7cfd33a1c2e3b88e4903d947f3bb58eedd3?s=96&d=mm&r=g","caption":"hegyizs"},"url":"https:\/\/www.welovecycling.com\/hu\/author\/hegyizs\/"}]}},"_links":{"self":[{"href":"https:\/\/www.welovecycling.com\/hu\/wp-json\/wp\/v2\/posts\/18281","targetHints":{"allow":["GET"]}}],"collection":[{"href":"https:\/\/www.welovecycling.com\/hu\/wp-json\/wp\/v2\/posts"}],"about":[{"href":"https:\/\/www.welovecycling.com\/hu\/wp-json\/wp\/v2\/types\/post"}],"author":[{"embeddable":true,"href":"https:\/\/www.welovecycling.com\/hu\/wp-json\/wp\/v2\/users\/71"}],"replies":[{"embeddable":true,"href":"https:\/\/www.welovecycling.com\/hu\/wp-json\/wp\/v2\/comments?post=18281"}],"version-history":[{"count":1,"href":"https:\/\/www.welovecycling.com\/hu\/wp-json\/wp\/v2\/posts\/18281\/revisions"}],"predecessor-version":[{"id":18283,"href":"https:\/\/www.welovecycling.com\/hu\/wp-json\/wp\/v2\/posts\/18281\/revisions\/18283"}],"wp:featuredmedia":[{"embeddable":true,"href":"https:\/\/www.welovecycling.com\/hu\/wp-json\/wp\/v2\/media\/18282"}],"wp:attachment":[{"href":"https:\/\/www.welovecycling.com\/hu\/wp-json\/wp\/v2\/media?parent=18281"}],"wp:term":[{"taxonomy":"category","embeddable":true,"href":"https:\/\/www.welovecycling.com\/hu\/wp-json\/wp\/v2\/categories?post=18281"},{"taxonomy":"post_tag","embeddable":true,"href":"https:\/\/www.welovecycling.com\/hu\/wp-json\/wp\/v2\/tags?post=18281"},{"taxonomy":"global-categories","embeddable":true,"href":"https:\/\/www.welovecycling.com\/hu\/wp-json\/wp\/v2\/global-categories?post=18281"}],"curies":[{"name":"wp","href":"https:\/\/api.w.org\/{rel}","templated":true}]}}