{"id":18269,"date":"2023-12-15T14:26:37","date_gmt":"2023-12-15T12:26:37","guid":{"rendered":"https:\/\/www.welovecycling.com\/hu\/?p=18269"},"modified":"2023-12-15T14:29:24","modified_gmt":"2023-12-15T12:29:24","slug":"nemreg-jarni-sem-tudott-jovore-mar-a-lidl-szineiben-tundokolve-celozna-meg-a-sarga-trikot","status":"publish","type":"post","link":"https:\/\/www.welovecycling.com\/hu\/orszaguti-kerekpar\/nemreg-jarni-sem-tudott-jovore-mar-a-lidl-szineiben-tundokolve-celozna-meg-a-sarga-trikot\/","title":{"rendered":"Nemr\u00e9g j\u00e1rni sem tudott, j\u00f6v\u0151re m\u00e1r a Lidl sz\u00edneiben t\u00fcnd\u00f6k\u00f6lve c\u00e9lozn\u00e1 meg a s\u00e1rga trik\u00f3t"},"content":{"rendered":"<p><strong>A Lidl-Trek bejelentette 2024-es Grand Tour-h\u00faz\u00f3neveit, leend\u0151 Tour de France-vez\u00e9r\u00fck, Tao Geoghegan Hart pedig idei pokolj\u00e1r\u00e1s\u00e1r\u00f3l mes\u00e9lt.<\/strong><!--more--><\/p>\n<p>A 2020-ban Giro-gy\u0151ztes brit klasszis tulajdonk\u00e9ppen m\u00e1r novemberben elhintette a The Timesnak adott interj\u00faj\u00e1ban, hogy j\u00f6v\u0151 \u00e9vi f\u0151 c\u00e9lja a Tour de France-indul\u00e1s, \u00e9s h\u00e1t az sem volt titok, hogy \u00faj csapata, az imm\u00e1r Lidl-Trek n\u00e9ven fut\u00f3 amerikai ist\u00e1ll\u00f3 is az\u00e9rt igazolta le nagy fog\u00e1s gyan\u00e1nt, mert szem\u00e9ly\u00e9ben olyan h\u00e1romhetes \u00f6sszetett men\u0151t szereztek, amilyen az elm\u00falt id\u0151szakban nem volt nekik.<\/p>\n<p>\u00cdgy a h\u00e9t k\u00f6zep\u00e9n megejtett bejelent\u00e9s\u00fck Tour-ra vonatkoz\u00f3 r\u00e9sze tulajdonk\u00e9ppen egy hivatalos r\u00e1er\u0151s\u00edt\u00e9sk\u00e9nt foghat\u00f3 fel: a Lidl-Trek franciaorsz\u00e1gi sora val\u00f3ban Geoghegan Hartra \u00e9p\u00fcl majd, kieg\u00e9sz\u00edtve a Tour-on id\u00e9n \u00e9s tavaly is szakaszt nyer\u0151, 2019-ben vil\u00e1gbajnok d\u00e1n sprinterklasszissal, Mads Pedersennel. A Giro d\u2019Itali\u00e1ra is komoly er\u0151ket mozg\u00f3s\u00edt a Trek: a legut\u00f3bb hazai k\u00f6z\u00f6ns\u00e9g el\u0151tt a gyorsas\u00e1gi pontversenyt megnyer\u0151 Jonathan Milan mellett a Tour-r\u00f3l a p\u00f6tty\u00f6s trik\u00f3val t\u00e1voz\u00f3 Gulio Ciccone is ott lesz f\u0151 emberk\u00e9nt, \u0151t olyan nevek eg\u00e9sz\u00edtik majd ki, mint Jasper Stuyven \u00e9s az \u00faj igazol\u00e1s, Andrea Bagioli. Az ist\u00e1ll\u00f3 egyik legnagyobb tehets\u00e9g\u00e9nek tartott Mattias Skjelmose a sv\u00e1jci k\u00f6r\u00f6n aratott gy\u0151zelme, valamint egy-egy Tour- \u00e9s Giro-r\u00e9szv\u00e9tel ut\u00e1n j\u00f6v\u0151re elvesz\u00edti \u201eVuelta-sz\u00fczess\u00e9g\u00e9t\u201d is, Spanyolorsz\u00e1gban \u0151 vezeti majd a Trek sor\u00e1t, vagyis 23 \u00e9ves kor\u00e1ra mindh\u00e1rom nagy k\u00f6rversenyt kipip\u00e1lhatja.<\/p>\n<figure id=\"attachment_18270\" aria-describedby=\"caption-attachment-18270\" style=\"width: 1024px\" class=\"wp-caption alignnone\"><img loading=\"lazy\" decoding=\"async\" class=\"size-large wp-image-18270\" src=\"https:\/\/d2p6e6u75xmxt8.cloudfront.net\/12\/2023\/12\/V4HxWMGqap3mH4dg4mRVPP-Large-1024x682.webp\" alt=\"\" width=\"1024\" height=\"682\" srcset=\"https:\/\/d2p6e6u75xmxt8.cloudfront.net\/12\/2023\/12\/V4HxWMGqap3mH4dg4mRVPP-Large-1024x682.webp 1024w, https:\/\/d2p6e6u75xmxt8.cloudfront.net\/12\/2023\/12\/V4HxWMGqap3mH4dg4mRVPP-Large-300x200.webp 300w, https:\/\/d2p6e6u75xmxt8.cloudfront.net\/12\/2023\/12\/V4HxWMGqap3mH4dg4mRVPP-Large-768x512.webp 768w, https:\/\/d2p6e6u75xmxt8.cloudfront.net\/12\/2023\/12\/V4HxWMGqap3mH4dg4mRVPP-Large-400x267.webp 400w, https:\/\/d2p6e6u75xmxt8.cloudfront.net\/12\/2023\/12\/V4HxWMGqap3mH4dg4mRVPP-Large-272x182.webp 272w, https:\/\/d2p6e6u75xmxt8.cloudfront.net\/12\/2023\/12\/V4HxWMGqap3mH4dg4mRVPP-Large.webp 1280w\" sizes=\"auto, (max-width: 1024px) 100vw, 1024px\" \/><figcaption id=\"caption-attachment-18270\" class=\"wp-caption-text\">A csapat abban b\u00edzik, Mads Pedersen az \u00faj egyenruh\u00e1ban is sok sz\u00e9p sikert sz\u00e1ll\u00edt majd (fot\u00f3: Tim Dea Waele\/Getty).<\/figcaption><\/figure>\n<p>A Lidl nagy igazol\u00e1sa (egyel\u0151re a nevet is, a mezt is szokni kell m\u00e9g a ker\u00e9kp\u00e1rvil\u00e1gban), Tao Geoghegan Hart mindenesetre az aprop\u00f3b\u00f3l visszan\u00e9zett balszerencs\u00e9s idei \u00e9v\u00e9re, \u00e9s betekint\u00e9st engedett a legm\u00e9lyebb napok k\u00fczdelm\u00e9be is. A 28 \u00e9ves brit versenyz\u0151 az idei Gir\u00f3t kirobban\u00f3 form\u00e1ban kezdte, az els\u0151 10 szakasz ut\u00e1n az \u00f6sszetett harmadik hely\u00e9n \u00e1llt, \u00e9s saj\u00e1t bevall\u00e1sa szerint m\u00e9g a h\u00e1rom \u00e9vvel kor\u00e1bbin\u00e1l is jobb \u00e1llapotban \u00e9rezte mag\u00e1t \u2013 pedig akkor megnyerte a patin\u00e1s olasz k\u00f6rversenyt \u2013, \u00edgy minden es\u00e9lye megvolt az \u00fajabb r\u00f3zsasz\u00edn trik\u00f3ra. Ezek az \u00e1lmok v\u00e9g\u00fcl egy nappal k\u00e9s\u0151bb, a 11. etapon foszlottak szerte, amikor nagyon cs\u00fany\u00e1t bukott, komoly s\u00e9r\u00fcl\u00e9sekkel vitt\u00e9k k\u00f3rh\u00e1zba, a legs\u00falyosabb a cs\u00edp\u0151t\u00f6r\u00e9se volt. A h\u00e1tral\u00e9v\u0151 szezont term\u00e9szetesen kihagyta, nem mintha lett volna b\u00e1rmi v\u00e1laszt\u00e1sa, hiszen kis t\u00falz\u00e1ssal a null\u00e1r\u00f3l kellett vissza\u00e9p\u00edtenie mag\u00e1t oda, hogy ma m\u00e1r 4-5 \u00f3r\u00e1kat tud \u00fajra a nyeregben \u00fclni. <em>\u201eH\u00f3napokon \u00e1t ki sem tudtam ny\u00fajtani a t\u00e9rdemet, sz\u00f3 szerint napr\u00f3l napra \u00fagy \u00e9ltem, hogy azt kellett m\u00e9ricsk\u00e9lnem, az el\u0151z\u0151 napihoz k\u00e9pest ma h\u00e1ny fokkal tudom jobban kiny\u00fajtani a l\u00e1bamat. Amikor j\u00e1rni sem tudsz, olyankor meg sem fordul a fejedben a bring\u00e1z\u00e1s \u00e9s a wattok, hiszen m\u00e9g csak a ped\u00e1loz\u00e1sra sem vagy k\u00e9pes \u2013 nem t\u00falzok, egyetlen ped\u00e1lfordulatot sem tudtam megtenni.\u201d<\/em><\/p>\n<figure id=\"attachment_18271\" aria-describedby=\"caption-attachment-18271\" style=\"width: 1024px\" class=\"wp-caption alignnone\"><img loading=\"lazy\" decoding=\"async\" class=\"size-large wp-image-18271\" src=\"https:\/\/d2p6e6u75xmxt8.cloudfront.net\/12\/2023\/12\/crash-tao-hart-6464ef53767a6-1024x683.webp\" alt=\"\" width=\"1024\" height=\"683\" srcset=\"https:\/\/d2p6e6u75xmxt8.cloudfront.net\/12\/2023\/12\/crash-tao-hart-6464ef53767a6-1024x683.webp 1024w, https:\/\/d2p6e6u75xmxt8.cloudfront.net\/12\/2023\/12\/crash-tao-hart-6464ef53767a6-300x200.webp 300w, https:\/\/d2p6e6u75xmxt8.cloudfront.net\/12\/2023\/12\/crash-tao-hart-6464ef53767a6-768x512.webp 768w, https:\/\/d2p6e6u75xmxt8.cloudfront.net\/12\/2023\/12\/crash-tao-hart-6464ef53767a6-400x267.webp 400w, https:\/\/d2p6e6u75xmxt8.cloudfront.net\/12\/2023\/12\/crash-tao-hart-6464ef53767a6-272x182.webp 272w, https:\/\/d2p6e6u75xmxt8.cloudfront.net\/12\/2023\/12\/crash-tao-hart-6464ef53767a6.webp 1200w\" sizes=\"auto, (max-width: 1024px) 100vw, 1024px\" \/><figcaption id=\"caption-attachment-18271\" class=\"wp-caption-text\">Geoghegan Hart az idei Giro fel\u00e9n\u00e9l \u00f3ri\u00e1sit bukott, cs\u00edp\u0151j\u00e9t t\u00f6rte, h\u00f3napokon \u00e1t l\u00e1bra sem tudott \u00e1llni.<\/figcaption><\/figure>\n<p>A Trek ennek ellen\u00e9re b\u00edzott a p\u00f3rul j\u00e1rt versenyz\u0151ben, \u00e9s a Lidl \u00e9rkez\u00e9s\u00e9vel megn\u00f6vekedett b\u00fcdzs\u00e9j\u00fck lehet\u0151v\u00e9 tette Geoghegan Hart ny\u00e1ri szerz\u0151d\u00e9s\u00e9t, aki \u00edgy h\u00e9t hossz\u00fa \u00e9s sikeres esztend\u0151 ut\u00e1n hagyta el a brit gig\u00e1szt, az Ineost. Ezzel kapcsolatban egy\u00e9bk\u00e9nt el\u00e1rulta, nagyon kett\u0151s \u00e9rz\u00e9sek vannak benne, mert onnant\u00f3l, hogy nekil\u00e1tott a hosszas rehabilit\u00e1ci\u00f3nak, a csapat legt\u00f6bb tagj\u00e1val m\u00e1r nem is tal\u00e1lkozott, \u00edgy egy csom\u00f3 szeretett embert\u0151l \u00e9s csapatt\u00e1rst\u00f3l nem tudott sem elb\u00facs\u00fazni, sem k\u00f6sz\u00f6netet mondani nekik \u2013 de mint mondta, az orsz\u00e1g\u00fati ker\u00e9kp\u00e1rsport m\u00e1r csak egy ilyen vil\u00e1g\u2026 Mindenesetre ha a j\u00f6v\u0151 \u00e9vi Tour-ra vissza tudn\u00e1 nyerni az idei Giro-form\u00e1j\u00e1t, akkor nagyon komoly versenynek n\u00e9zn\u00e9nk el\u00e9be, hiszen olyan favoritok k\u00fczden\u00e9nek a s\u00e1rga trik\u00f3\u00e9rt, mint a k\u00e9tszeres c\u00edmv\u00e9d\u0151 Jonas Vingegaard, a k\u00e9tszeres gy\u0151ztes Tadej Poga\u010dar, a csapatot v\u00e1lt\u00f3 \u00e9s ism\u00e9t gy\u0151zelemre hajt\u00f3 Primoz Rogli\u010d, vagy \u00e9ppen a Vuelta-gy\u0151ztes, vil\u00e1gbajnok Remco Evenepoel \u2013 plusz az eg\u00e9sz csapata t\u00e1mogat\u00e1s\u00e1t \u00e9lvez\u0151 Geoghegan Hart.<\/p>\n<figure id=\"attachment_18272\" aria-describedby=\"caption-attachment-18272\" style=\"width: 640px\" class=\"wp-caption alignnone\"><img loading=\"lazy\" decoding=\"async\" class=\"size-full wp-image-18272\" src=\"https:\/\/d2p6e6u75xmxt8.cloudfront.net\/12\/2023\/12\/3706763-75425189-640-480.webp\" alt=\"\" width=\"640\" height=\"480\" srcset=\"https:\/\/d2p6e6u75xmxt8.cloudfront.net\/12\/2023\/12\/3706763-75425189-640-480.webp 640w, https:\/\/d2p6e6u75xmxt8.cloudfront.net\/12\/2023\/12\/3706763-75425189-640-480-300x225.webp 300w, https:\/\/d2p6e6u75xmxt8.cloudfront.net\/12\/2023\/12\/3706763-75425189-640-480-400x300.webp 400w\" sizes=\"auto, (max-width: 640px) 100vw, 640px\" \/><figcaption id=\"caption-attachment-18272\" class=\"wp-caption-text\">Rogli\u010d \u00e9s Geoghegan Hart a \u201924-es Tour-on \u00fajra megk\u00fczdhet egym\u00e1ssal \u2013 imm\u00e1r mindketten \u00faj csapatban.<\/figcaption><\/figure>\n","protected":false},"excerpt":{"rendered":"<p>A Lidl-Trek bejelentette 2024-es Grand Tour-h\u00faz\u00f3neveit, leend\u0151 Tour de France-vez\u00e9r\u00fck, Tao Geoghegan Hart pedig idei pokolj\u00e1r\u00e1s\u00e1r\u00f3l mes\u00e9lt.<\/p>\n","protected":false},"author":71,"featured_media":18275,"comment_status":"open","ping_status":"open","sticky":false,"template":"","format":"standard","meta":{"footnotes":""},"categories":[8],"tags":[],"global-categories":[419],"class_list":["post-18269","post","type-post","status-publish","format-standard","has-post-thumbnail","hentry","category-orszaguti-kerekpar","global-categories-cycling"],"yoast_head":"<!-- This site is optimized with the Yoast SEO Premium plugin v25.3 (Yoast SEO v25.9) - https:\/\/yoast.com\/wordpress\/plugins\/seo\/ -->\n<title>Nemr\u00e9g j\u00e1rni sem tudott, j\u00f6v\u0151re m\u00e1r a Lidl sz\u00edneiben t\u00fcnd\u00f6k\u00f6lve c\u00e9lozn\u00e1 meg a s\u00e1rga trik\u00f3t<\/title>\n<meta name=\"description\" content=\"A Lidl-Trek bejelentette 2024-es Grand Tour-h\u00faz\u00f3neveit, leend\u0151 Tour de France-vez\u00e9r\u00fck, Tao Geoghegan Hart pedig idei pokolj\u00e1r\u00e1s\u00e1r\u00f3l mes\u00e9lt.\" \/>\n<meta name=\"robots\" content=\"index, follow, max-snippet:-1, max-image-preview:large, max-video-preview:-1\" \/>\n<link rel=\"canonical\" href=\"https:\/\/www.welovecycling.com\/hu\/orszaguti-kerekpar\/nemreg-jarni-sem-tudott-jovore-mar-a-lidl-szineiben-tundokolve-celozna-meg-a-sarga-trikot\/\" \/>\n<meta property=\"og:locale\" content=\"hu_HU\" \/>\n<meta property=\"og:type\" content=\"article\" \/>\n<meta property=\"og:title\" content=\"Nemr\u00e9g j\u00e1rni sem tudott, j\u00f6v\u0151re m\u00e1r a Lidl sz\u00edneiben t\u00fcnd\u00f6k\u00f6lve c\u00e9lozn\u00e1 meg a s\u00e1rga trik\u00f3t\" \/>\n<meta property=\"og:description\" content=\"A Lidl-Trek bejelentette 2024-es Grand Tour-h\u00faz\u00f3neveit, leend\u0151 Tour de France-vez\u00e9r\u00fck, Tao Geoghegan Hart pedig idei pokolj\u00e1r\u00e1s\u00e1r\u00f3l mes\u00e9lt.\" \/>\n<meta property=\"og:url\" content=\"https:\/\/www.welovecycling.com\/hu\/orszaguti-kerekpar\/nemreg-jarni-sem-tudott-jovore-mar-a-lidl-szineiben-tundokolve-celozna-meg-a-sarga-trikot\/\" \/>\n<meta property=\"og:site_name\" content=\"\u0160koda We Love Cycling - Magyarorsz\u00e1g\" \/>\n<meta property=\"article:publisher\" content=\"https:\/\/www.facebook.com\/WeLoveCyclingHungary\/\" \/>\n<meta property=\"article:published_time\" content=\"2023-12-15T12:26:37+00:00\" \/>\n<meta property=\"article:modified_time\" content=\"2023-12-15T12:29:24+00:00\" \/>\n<meta property=\"og:image\" content=\"https:\/\/d2p6e6u75xmxt8.cloudfront.net\/12\/2023\/12\/dambin-1.webp\" \/>\n\t<meta property=\"og:image:width\" content=\"1000\" \/>\n\t<meta property=\"og:image:height\" content=\"500\" \/>\n\t<meta property=\"og:image:type\" content=\"image\/webp\" \/>\n<meta name=\"author\" content=\"hegyizs\" \/>\n<meta name=\"twitter:card\" content=\"summary_large_image\" \/>\n<meta name=\"twitter:label1\" content=\"Written by\" \/>\n\t<meta name=\"twitter:data1\" content=\"WLC\" \/>\n\t<meta name=\"twitter:label2\" content=\"Est. reading time\" \/>\n\t<meta name=\"twitter:data2\" content=\"4 minutes\" \/>\n<script type=\"application\/ld+json\" class=\"yoast-schema-graph\">{\"@context\":\"https:\/\/schema.org\",\"@graph\":[{\"@type\":\"WebPage\",\"@id\":\"https:\/\/www.welovecycling.com\/hu\/orszaguti-kerekpar\/nemreg-jarni-sem-tudott-jovore-mar-a-lidl-szineiben-tundokolve-celozna-meg-a-sarga-trikot\/\",\"url\":\"https:\/\/www.welovecycling.com\/hu\/orszaguti-kerekpar\/nemreg-jarni-sem-tudott-jovore-mar-a-lidl-szineiben-tundokolve-celozna-meg-a-sarga-trikot\/\",\"name\":\"Nemr\u00e9g j\u00e1rni sem tudott, j\u00f6v\u0151re m\u00e1r a Lidl sz\u00edneiben t\u00fcnd\u00f6k\u00f6lve c\u00e9lozn\u00e1 meg a s\u00e1rga trik\u00f3t\",\"isPartOf\":{\"@id\":\"https:\/\/www.welovecycling.com\/hu\/#website\"},\"primaryImageOfPage\":{\"@id\":\"https:\/\/www.welovecycling.com\/hu\/orszaguti-kerekpar\/nemreg-jarni-sem-tudott-jovore-mar-a-lidl-szineiben-tundokolve-celozna-meg-a-sarga-trikot\/#primaryimage\"},\"image\":{\"@id\":\"https:\/\/www.welovecycling.com\/hu\/orszaguti-kerekpar\/nemreg-jarni-sem-tudott-jovore-mar-a-lidl-szineiben-tundokolve-celozna-meg-a-sarga-trikot\/#primaryimage\"},\"thumbnailUrl\":\"https:\/\/d2p6e6u75xmxt8.cloudfront.net\/12\/2023\/12\/dambin-1.webp\",\"datePublished\":\"2023-12-15T12:26:37+00:00\",\"dateModified\":\"2023-12-15T12:29:24+00:00\",\"author\":{\"@id\":\"https:\/\/www.welovecycling.com\/hu\/#\/schema\/person\/414a2aebf1801691a5320edb6468e194\"},\"description\":\"A Lidl-Trek bejelentette 2024-es Grand Tour-h\u00faz\u00f3neveit, leend\u0151 Tour de France-vez\u00e9r\u00fck, Tao Geoghegan Hart pedig idei pokolj\u00e1r\u00e1s\u00e1r\u00f3l mes\u00e9lt.\",\"breadcrumb\":{\"@id\":\"https:\/\/www.welovecycling.com\/hu\/orszaguti-kerekpar\/nemreg-jarni-sem-tudott-jovore-mar-a-lidl-szineiben-tundokolve-celozna-meg-a-sarga-trikot\/#breadcrumb\"},\"inLanguage\":\"hu\",\"potentialAction\":[{\"@type\":\"ReadAction\",\"target\":[\"https:\/\/www.welovecycling.com\/hu\/orszaguti-kerekpar\/nemreg-jarni-sem-tudott-jovore-mar-a-lidl-szineiben-tundokolve-celozna-meg-a-sarga-trikot\/\"]}]},{\"@type\":\"ImageObject\",\"inLanguage\":\"hu\",\"@id\":\"https:\/\/www.welovecycling.com\/hu\/orszaguti-kerekpar\/nemreg-jarni-sem-tudott-jovore-mar-a-lidl-szineiben-tundokolve-celozna-meg-a-sarga-trikot\/#primaryimage\",\"url\":\"https:\/\/d2p6e6u75xmxt8.cloudfront.net\/12\/2023\/12\/dambin-1.webp\",\"contentUrl\":\"https:\/\/d2p6e6u75xmxt8.cloudfront.net\/12\/2023\/12\/dambin-1.webp\",\"width\":1000,\"height\":500},{\"@type\":\"BreadcrumbList\",\"@id\":\"https:\/\/www.welovecycling.com\/hu\/orszaguti-kerekpar\/nemreg-jarni-sem-tudott-jovore-mar-a-lidl-szineiben-tundokolve-celozna-meg-a-sarga-trikot\/#breadcrumb\",\"itemListElement\":[{\"@type\":\"ListItem\",\"position\":1,\"name\":\"Home\",\"item\":\"https:\/\/www.welovecycling.com\/hu\/\"},{\"@type\":\"ListItem\",\"position\":2,\"name\":\"Nemr\u00e9g j\u00e1rni sem tudott, j\u00f6v\u0151re m\u00e1r a Lidl sz\u00edneiben t\u00fcnd\u00f6k\u00f6lve c\u00e9lozn\u00e1 meg a s\u00e1rga trik\u00f3t\"}]},{\"@type\":\"WebSite\",\"@id\":\"https:\/\/www.welovecycling.com\/hu\/#website\",\"url\":\"https:\/\/www.welovecycling.com\/hu\/\",\"name\":\"\u0160koda We Love Cycling - Magyarorsz\u00e1g\",\"description\":\"\u0160koda WeLoveCycling\",\"potentialAction\":[{\"@type\":\"SearchAction\",\"target\":{\"@type\":\"EntryPoint\",\"urlTemplate\":\"https:\/\/www.welovecycling.com\/hu\/?s={search_term_string}\"},\"query-input\":{\"@type\":\"PropertyValueSpecification\",\"valueRequired\":true,\"valueName\":\"search_term_string\"}}],\"inLanguage\":\"hu\"},{\"@type\":\"Person\",\"@id\":\"https:\/\/www.welovecycling.com\/hu\/#\/schema\/person\/414a2aebf1801691a5320edb6468e194\",\"name\":\"hegyizs\",\"image\":{\"@type\":\"ImageObject\",\"inLanguage\":\"hu\",\"@id\":\"https:\/\/www.welovecycling.com\/hu\/#\/schema\/person\/image\/\",\"url\":\"https:\/\/secure.gravatar.com\/avatar\/02cf8a7906b8cf90cecb4679defac7cfd33a1c2e3b88e4903d947f3bb58eedd3?s=96&d=mm&r=g\",\"contentUrl\":\"https:\/\/secure.gravatar.com\/avatar\/02cf8a7906b8cf90cecb4679defac7cfd33a1c2e3b88e4903d947f3bb58eedd3?s=96&d=mm&r=g\",\"caption\":\"hegyizs\"},\"url\":\"https:\/\/www.welovecycling.com\/hu\/author\/hegyizs\/\"}]}<\/script>\n<!-- \/ Yoast SEO Premium plugin. -->","yoast_head_json":{"title":"Nemr\u00e9g j\u00e1rni sem tudott, j\u00f6v\u0151re m\u00e1r a Lidl sz\u00edneiben t\u00fcnd\u00f6k\u00f6lve c\u00e9lozn\u00e1 meg a s\u00e1rga trik\u00f3t","description":"A Lidl-Trek bejelentette 2024-es Grand Tour-h\u00faz\u00f3neveit, leend\u0151 Tour de France-vez\u00e9r\u00fck, Tao Geoghegan Hart pedig idei pokolj\u00e1r\u00e1s\u00e1r\u00f3l mes\u00e9lt.","robots":{"index":"index","follow":"follow","max-snippet":"max-snippet:-1","max-image-preview":"max-image-preview:large","max-video-preview":"max-video-preview:-1"},"canonical":"https:\/\/www.welovecycling.com\/hu\/orszaguti-kerekpar\/nemreg-jarni-sem-tudott-jovore-mar-a-lidl-szineiben-tundokolve-celozna-meg-a-sarga-trikot\/","og_locale":"hu_HU","og_type":"article","og_title":"Nemr\u00e9g j\u00e1rni sem tudott, j\u00f6v\u0151re m\u00e1r a Lidl sz\u00edneiben t\u00fcnd\u00f6k\u00f6lve c\u00e9lozn\u00e1 meg a s\u00e1rga trik\u00f3t","og_description":"A Lidl-Trek bejelentette 2024-es Grand Tour-h\u00faz\u00f3neveit, leend\u0151 Tour de France-vez\u00e9r\u00fck, Tao Geoghegan Hart pedig idei pokolj\u00e1r\u00e1s\u00e1r\u00f3l mes\u00e9lt.","og_url":"https:\/\/www.welovecycling.com\/hu\/orszaguti-kerekpar\/nemreg-jarni-sem-tudott-jovore-mar-a-lidl-szineiben-tundokolve-celozna-meg-a-sarga-trikot\/","og_site_name":"\u0160koda We Love Cycling - Magyarorsz\u00e1g","article_publisher":"https:\/\/www.facebook.com\/WeLoveCyclingHungary\/","article_published_time":"2023-12-15T12:26:37+00:00","article_modified_time":"2023-12-15T12:29:24+00:00","og_image":[{"width":1000,"height":500,"url":"https:\/\/d2p6e6u75xmxt8.cloudfront.net\/12\/2023\/12\/dambin-1.webp","type":"image\/webp"}],"author":"hegyizs","twitter_card":"summary_large_image","twitter_misc":{"Written by":"WLC","Est. reading time":"4 minutes"},"schema":{"@context":"https:\/\/schema.org","@graph":[{"@type":"WebPage","@id":"https:\/\/www.welovecycling.com\/hu\/orszaguti-kerekpar\/nemreg-jarni-sem-tudott-jovore-mar-a-lidl-szineiben-tundokolve-celozna-meg-a-sarga-trikot\/","url":"https:\/\/www.welovecycling.com\/hu\/orszaguti-kerekpar\/nemreg-jarni-sem-tudott-jovore-mar-a-lidl-szineiben-tundokolve-celozna-meg-a-sarga-trikot\/","name":"Nemr\u00e9g j\u00e1rni sem tudott, j\u00f6v\u0151re m\u00e1r a Lidl sz\u00edneiben t\u00fcnd\u00f6k\u00f6lve c\u00e9lozn\u00e1 meg a s\u00e1rga trik\u00f3t","isPartOf":{"@id":"https:\/\/www.welovecycling.com\/hu\/#website"},"primaryImageOfPage":{"@id":"https:\/\/www.welovecycling.com\/hu\/orszaguti-kerekpar\/nemreg-jarni-sem-tudott-jovore-mar-a-lidl-szineiben-tundokolve-celozna-meg-a-sarga-trikot\/#primaryimage"},"image":{"@id":"https:\/\/www.welovecycling.com\/hu\/orszaguti-kerekpar\/nemreg-jarni-sem-tudott-jovore-mar-a-lidl-szineiben-tundokolve-celozna-meg-a-sarga-trikot\/#primaryimage"},"thumbnailUrl":"https:\/\/d2p6e6u75xmxt8.cloudfront.net\/12\/2023\/12\/dambin-1.webp","datePublished":"2023-12-15T12:26:37+00:00","dateModified":"2023-12-15T12:29:24+00:00","author":{"@id":"https:\/\/www.welovecycling.com\/hu\/#\/schema\/person\/414a2aebf1801691a5320edb6468e194"},"description":"A Lidl-Trek bejelentette 2024-es Grand Tour-h\u00faz\u00f3neveit, leend\u0151 Tour de France-vez\u00e9r\u00fck, Tao Geoghegan Hart pedig idei pokolj\u00e1r\u00e1s\u00e1r\u00f3l mes\u00e9lt.","breadcrumb":{"@id":"https:\/\/www.welovecycling.com\/hu\/orszaguti-kerekpar\/nemreg-jarni-sem-tudott-jovore-mar-a-lidl-szineiben-tundokolve-celozna-meg-a-sarga-trikot\/#breadcrumb"},"inLanguage":"hu","potentialAction":[{"@type":"ReadAction","target":["https:\/\/www.welovecycling.com\/hu\/orszaguti-kerekpar\/nemreg-jarni-sem-tudott-jovore-mar-a-lidl-szineiben-tundokolve-celozna-meg-a-sarga-trikot\/"]}]},{"@type":"ImageObject","inLanguage":"hu","@id":"https:\/\/www.welovecycling.com\/hu\/orszaguti-kerekpar\/nemreg-jarni-sem-tudott-jovore-mar-a-lidl-szineiben-tundokolve-celozna-meg-a-sarga-trikot\/#primaryimage","url":"https:\/\/d2p6e6u75xmxt8.cloudfront.net\/12\/2023\/12\/dambin-1.webp","contentUrl":"https:\/\/d2p6e6u75xmxt8.cloudfront.net\/12\/2023\/12\/dambin-1.webp","width":1000,"height":500},{"@type":"BreadcrumbList","@id":"https:\/\/www.welovecycling.com\/hu\/orszaguti-kerekpar\/nemreg-jarni-sem-tudott-jovore-mar-a-lidl-szineiben-tundokolve-celozna-meg-a-sarga-trikot\/#breadcrumb","itemListElement":[{"@type":"ListItem","position":1,"name":"Home","item":"https:\/\/www.welovecycling.com\/hu\/"},{"@type":"ListItem","position":2,"name":"Nemr\u00e9g j\u00e1rni sem tudott, j\u00f6v\u0151re m\u00e1r a Lidl sz\u00edneiben t\u00fcnd\u00f6k\u00f6lve c\u00e9lozn\u00e1 meg a s\u00e1rga trik\u00f3t"}]},{"@type":"WebSite","@id":"https:\/\/www.welovecycling.com\/hu\/#website","url":"https:\/\/www.welovecycling.com\/hu\/","name":"\u0160koda We Love Cycling - Magyarorsz\u00e1g","description":"\u0160koda WeLoveCycling","potentialAction":[{"@type":"SearchAction","target":{"@type":"EntryPoint","urlTemplate":"https:\/\/www.welovecycling.com\/hu\/?s={search_term_string}"},"query-input":{"@type":"PropertyValueSpecification","valueRequired":true,"valueName":"search_term_string"}}],"inLanguage":"hu"},{"@type":"Person","@id":"https:\/\/www.welovecycling.com\/hu\/#\/schema\/person\/414a2aebf1801691a5320edb6468e194","name":"hegyizs","image":{"@type":"ImageObject","inLanguage":"hu","@id":"https:\/\/www.welovecycling.com\/hu\/#\/schema\/person\/image\/","url":"https:\/\/secure.gravatar.com\/avatar\/02cf8a7906b8cf90cecb4679defac7cfd33a1c2e3b88e4903d947f3bb58eedd3?s=96&d=mm&r=g","contentUrl":"https:\/\/secure.gravatar.com\/avatar\/02cf8a7906b8cf90cecb4679defac7cfd33a1c2e3b88e4903d947f3bb58eedd3?s=96&d=mm&r=g","caption":"hegyizs"},"url":"https:\/\/www.welovecycling.com\/hu\/author\/hegyizs\/"}]}},"_links":{"self":[{"href":"https:\/\/www.welovecycling.com\/hu\/wp-json\/wp\/v2\/posts\/18269","targetHints":{"allow":["GET"]}}],"collection":[{"href":"https:\/\/www.welovecycling.com\/hu\/wp-json\/wp\/v2\/posts"}],"about":[{"href":"https:\/\/www.welovecycling.com\/hu\/wp-json\/wp\/v2\/types\/post"}],"author":[{"embeddable":true,"href":"https:\/\/www.welovecycling.com\/hu\/wp-json\/wp\/v2\/users\/71"}],"replies":[{"embeddable":true,"href":"https:\/\/www.welovecycling.com\/hu\/wp-json\/wp\/v2\/comments?post=18269"}],"version-history":[{"count":1,"href":"https:\/\/www.welovecycling.com\/hu\/wp-json\/wp\/v2\/posts\/18269\/revisions"}],"predecessor-version":[{"id":18274,"href":"https:\/\/www.welovecycling.com\/hu\/wp-json\/wp\/v2\/posts\/18269\/revisions\/18274"}],"wp:featuredmedia":[{"embeddable":true,"href":"https:\/\/www.welovecycling.com\/hu\/wp-json\/wp\/v2\/media\/18275"}],"wp:attachment":[{"href":"https:\/\/www.welovecycling.com\/hu\/wp-json\/wp\/v2\/media?parent=18269"}],"wp:term":[{"taxonomy":"category","embeddable":true,"href":"https:\/\/www.welovecycling.com\/hu\/wp-json\/wp\/v2\/categories?post=18269"},{"taxonomy":"post_tag","embeddable":true,"href":"https:\/\/www.welovecycling.com\/hu\/wp-json\/wp\/v2\/tags?post=18269"},{"taxonomy":"global-categories","embeddable":true,"href":"https:\/\/www.welovecycling.com\/hu\/wp-json\/wp\/v2\/global-categories?post=18269"}],"curies":[{"name":"wp","href":"https:\/\/api.w.org\/{rel}","templated":true}]}}