{"id":18265,"date":"2023-12-28T08:00:19","date_gmt":"2023-12-28T06:00:19","guid":{"rendered":"https:\/\/www.welovecycling.com\/hu\/?p=18265"},"modified":"2023-12-15T14:38:12","modified_gmt":"2023-12-15T12:38:12","slug":"igy-keszitsd-fel-a-kerekparos-cipodet-a-telre","status":"publish","type":"post","link":"https:\/\/www.welovecycling.com\/hu\/orszaguti-kerekpar\/igy-keszitsd-fel-a-kerekparos-cipodet-a-telre\/","title":{"rendered":"\u00cdgy k\u00e9sz\u00edtsd fel a ker\u00e9kp\u00e1ros cip\u0151det a t\u00e9lre"},"content":{"rendered":"<p><strong>A meleg id\u0151j\u00e1r\u00e1st egyel\u0151re magunk m\u00f6g\u00f6tt tudhatjuk. A h\u0151m\u00e9r\u0151n lefel\u00e9 sz\u00e1guld\u00f3 fokokat figyelve, egyre nagyobb lehet a k\u00eds\u00e9rt\u00e9s, hogy otthon maradj, \u00e9s bekuck\u00f3zz a kanap\u00e9n. Tov\u00e1bb\u00e1 az is nagy visszatart\u00f3 er\u0151 lehet, ha arra gondolsz, mennyire vacogna a l\u00e1bad teker\u00e9s k\u00f6zben az egyetlen p\u00e1r, nem \u00e9ppen t\u00e9li ker\u00e9kp\u00e1ros cip\u0151dben. <\/strong><\/p>\n<p><!--more--><\/p>\n<p>De nincs mit\u0151l f\u00e9lned! Van n\u00e9h\u00e1ny egyszer\u0171 tr\u00fckk, amivel felk\u00e9sz\u00edtheted a cip\u0151det a t\u00e9lre. \u00cdgy a ker\u00e9kp\u00e1roz\u00e1s nem az \u00e1tfagyott v\u00e9gtagokr\u00f3l fog sz\u00f3lni, hanem \u00fajra mosolyt csal az arcodra. A legt\u00f6bb ilyen praktika minim\u00e1lis energiabefektet\u00e9st ig\u00e9nyel a r\u00e9szedr\u0151l, a t\u00f6bbire pedig csup\u00e1n n\u00e9h\u00e1ny percet kell sz\u00e1nnod \u00e9s csak olyan eszk\u00f6z\u00f6ket kell felhaszn\u00e1lnod, melyek megtal\u00e1lhat\u00f3k a h\u00e1ztart\u00e1sban. L\u00e1ssunk is hozz\u00e1!<\/p>\n<h2><strong>Keresd meg a szell\u0151z\u0151ny\u00edl\u00e1sokat<\/strong><\/h2>\n<p>Egy ker\u00e9kp\u00e1ros cip\u0151 eset\u00e9ben a leveg\u0151 a cip\u0151 als\u00f3- \u00e9s fels\u0151r\u00e9sz\u00e9n tal\u00e1lhat\u00f3 szell\u0151z\u0151ny\u00edl\u00e1sokon kereszt\u00fcl \u00e1ramlik. A ny\u00e1ri melegben val\u00f3sz\u00edn\u0171leg \u00e9szre sem veszed ezt a l\u00e9g\u00e1raml\u00e1st, t\u00e9len viszont azonnal nyilv\u00e1nval\u00f3v\u00e1 v\u00e1lik. Ez\u00e9rt az els\u0151 l\u00e9p\u00e9s, hogy megkeresd \u00e9s befedd ezeket a ny\u00edl\u00e1sokat. A fels\u0151 szell\u0151z\u0151r\u00e9sek eset\u00e9ben nincs neh\u00e9z dolgod, \u00edgy ink\u00e1bb most a talpra fogunk koncentr\u00e1lni.<\/p>\n<p>Vedd ki a talpbet\u00e9tet \u00e9s keresd meg a l\u00e1that\u00f3 szell\u0151z\u0151ny\u00edl\u00e1sokat. Ezek sz\u00e1ma t\u00edpusonk\u00e9nt elt\u00e9r\u0151, de \u00e1ltal\u00e1ban mindig van egy a talp elej\u00e9n, a l\u00e1bujjak alatt. Egyes modellek tov\u00e1bbi szell\u0151z\u0151ny\u00edl\u00e1sokat is tartalmaznak a talon, eg\u00e9szen a sarokig. N\u00e9melyik cip\u0151ben h\u00e1rom szell\u0151z\u0151r\u00e9st is tal\u00e1lhatsz.<\/p>\n<h2><strong>Fedd be a szell\u0151z\u0151r\u00e9seket <\/strong><\/h2>\n<p>Milyen ragad\u00f3s, szalagszer\u0171 anyagok vannak a h\u00e1ztart\u00e1sodban? A maszkol\u00f3szalag nem j\u00f3, az t\u00fal gyenge. A csomagol\u00f3szalag, egy r\u00e9gi telefon k\u00e9perny\u0151v\u00e9d\u0151 f\u00f3li\u00e1ja, vagy \u00e9pp a keretv\u00e9d\u0151 tokj\u00e1nak megmaradt r\u00e9szei viszont kiv\u00e1l\u00f3 v\u00e1laszt\u00e1snak sz\u00e1m\u00edtanak.<\/p>\n<p>Ha megvan a t\u00f6k\u00e9letes ragaszt\u00f3anyag, el\u0151sz\u00f6r tiszt\u00edtsd meg a talpbet\u00e9ten l\u00e9v\u0151 szell\u0151z\u0151ny\u00edl\u00e1sok k\u00f6rny\u00e9k\u00e9t izopropil-alkohollal vagy feh\u00e9r ecettel. Amint a talpbet\u00e9t teljesen megsz\u00e1radt, mehet r\u00e1 a m\u00e9retre v\u00e1gott ragaszt\u00f3anyag. \u00c9rdemes a szell\u0151z\u0151ny\u00edl\u00e1sok a m\u00e9ret\u00fckn\u00e9l sz\u00e9lesebb ter\u00fcleten lefedni a bet\u00e9tet, hogy n\u00f6veld a tapad\u00e1st \u00e9s biztos\u00edtsd, hogy a cip\u0151 eg\u00e9sz t\u00e9len v\u00e9dve legyen a hidegt\u0151l. V\u00e9g\u00fcl hagyd a ragaszt\u00f3t legal\u00e1bb 12 \u00f3r\u00e1n kereszt\u00fcl sz\u00e1radni, hogy biztosan megk\u00f6ss\u00f6n.<\/p>\n<p>Amennyiben dupla v\u00e9delmet szeretn\u00e9l, el\u0151sz\u00f6r egy kis blu tack-el fedd be a szell\u0151z\u0151ny\u00edl\u00e1sokat, \u00e9s csak ut\u00e1na vidd fel a ragaszt\u00f3anyagot. Ezt megel\u0151z\u0151en azonban mindenk\u00e9pp tegy\u00e9l valamilyen v\u00e9d\u0151r\u00e9teget a ny\u00edl\u00e1sokra, m\u00e1sk\u00fcl\u00f6nben teljesen elt\u00f6m\u00edted \u0151ket. Miut\u00e1n megvagy a talpbet\u00e9ttel, a cip\u0151 belsej\u00e9ben tal\u00e1lhat\u00f3 szell\u0151z\u0151ny\u00edl\u00e1sokat is ragaszd le. Itt val\u00f3sz\u00edn\u0171leg nem lesz olyan j\u00f3 a tapad\u00e1s, de a befedett talpbet\u00e9ttel egy\u00fctt mindennek rendben kell lennie.<\/p>\n<figure id=\"attachment_13288\" aria-describedby=\"caption-attachment-13288\" style=\"width: 1366px\" class=\"wp-caption alignnone\"><a href=\"https:\/\/d2p6e6u75xmxt8.cloudfront.net\/12\/2021\/12\/Winter-cycling-profimedia-0599294335-CVR.jpg\"><img loading=\"lazy\" decoding=\"async\" class=\"wp-image-13288 size-full\" src=\"https:\/\/d2p6e6u75xmxt8.cloudfront.net\/12\/2021\/12\/Winter-cycling-profimedia-0599294335-CVR.jpg\" alt=\"Winter cycling\" width=\"1366\" height=\"600\" srcset=\"https:\/\/d2p6e6u75xmxt8.cloudfront.net\/12\/2021\/12\/Winter-cycling-profimedia-0599294335-CVR.jpg 1366w, https:\/\/d2p6e6u75xmxt8.cloudfront.net\/12\/2021\/12\/Winter-cycling-profimedia-0599294335-CVR-300x132.jpg 300w, https:\/\/d2p6e6u75xmxt8.cloudfront.net\/12\/2021\/12\/Winter-cycling-profimedia-0599294335-CVR-1024x450.jpg 1024w, https:\/\/d2p6e6u75xmxt8.cloudfront.net\/12\/2021\/12\/Winter-cycling-profimedia-0599294335-CVR-768x337.jpg 768w\" sizes=\"auto, (max-width: 1366px) 100vw, 1366px\" \/><\/a><figcaption id=\"caption-attachment-13288\" class=\"wp-caption-text\">Tartsd melegen a l\u00e1bad t\u00e9len is. \u00a9 Profimedia<\/figcaption><\/figure>\n<h2><strong>Cser\u00e9lj talpbet\u00e9tet<\/strong><\/h2>\n<p>El\u0151fordulhat, hogy nincsenek l\u00e1that\u00f3 szell\u0151z\u0151ny\u00edl\u00e1sok, hanem csak olyan rejtett r\u00e9sek, amik akkor jelennek meg, ha alulr\u00f3l enyhe nyom\u00e1st gyakorolsz a talpbet\u00e9tre. Ebben az esetben a leveg\u0151 ezeken a puha, j\u00f3l \u00e1lc\u00e1zott lyukakon kereszt\u00fcl jut be.<\/p>\n<p>A hideg elleni v\u00e9delem \u00e9rdek\u00e9ben jobb, ha az ilyen t\u00edpus\u00fa talpbet\u00e9teket t\u00e9li, szigetelt bet\u00e9tekre cser\u00e9led. Vonz\u00f3 tulajdons\u00e1gokkal b\u00edrnak p\u00e9ld\u00e1ul a b\u00e1r\u00e1nyb\u0151rb\u0151l k\u00e9sz\u00fclt vagy parafa talpbet\u00e9tek, de sokan esk\u00fcsznek a merin\u00f3 gyapj\u00fara is. Mindegyik remek v\u00e1laszt\u00e1s, ha term\u00e9szetes anyagokkal szeretn\u00e9d v\u00e9deni a l\u00e1bad.<\/p>\n<p>A habszivacsb\u00f3l \u00e9s alum\u00ednium alapb\u00f3l k\u00e9sz\u00fclt termikus t\u00e9li talpbet\u00e9tek szint\u00e9n nagyszer\u0171 alternat\u00edv\u00e1k lehetnek. Ha azonban a legf\u00e1z\u00f3sabb emberek k\u00f6z\u00e9 tartozol, ak\u00e1r m\u00e9g elemmel m\u0171k\u00f6d\u0151, f\u0171t\u00f6tt talpbet\u00e9tekkel is k\u00e9nyeztetheted magad. A felsoroltak b\u00e1rmelyike t\u00f6k\u00e9letes megold\u00e1st biztos\u00edt a hideg ellen, ha pedig elj\u00f6n az ideje, csak vedd ki, \u00e9s a k\u00f6vetkez\u0151 \u00e9vig t\u00e1rold \u0151ket a t\u00f6bbi ker\u00e9kp\u00e1ros cuccal egy\u00fctt.<\/p>\n<h2><strong>Maradj a hagyom\u00e1nyos m\u00f3dszerekn\u00e9l<\/strong><\/h2>\n<p>Most pedig vegy\u00fck nagy\u00edt\u00f3 al\u00e1 a cip\u0151 tr\u00fckk\u00f6sebb, fels\u0151 r\u00e9sz\u00e9t. B\u00e1rmilyen ragad\u00f3s anyag, amit a cip\u0151 fels\u0151 r\u00e9sz\u00e9re helyezel, cs\u00fanya nyomot hagyhat elt\u00e1vol\u00edt\u00e1skor. S\u0151t, rosszabb esetben k\u00e1ros\u00edthatja is a cip\u0151t, ezt pedig biztosan nem szeretn\u00e9d.<\/p>\n<p>Amennyiben a cip\u0151d f\u0171z\u0151s, gyakorlatilag olyan, mint egy szita, amin a leveg\u0151 kedv\u00e9re \u00e1thatolhat. Ha van egy cip\u0151re h\u00fazhat\u00f3 v\u00e9d\u0151huzatod, amivel betakarhatod ezt a r\u00e9szt, az remek. Azonban nem ez az egyetlen lehet\u0151s\u00e9g.<\/p>\n<p>V\u00e1laszthatod a hagyom\u00e1nyos m\u00f3dszert is, \u00e9s kivehetsz egy gyapj\u00fazoknit a fi\u00f3kod m\u00e9ly\u00e9r\u0151l. Vedd fel a cip\u0151det \u00e9s h\u00fazd r\u00e1 a zoknit. Ezut\u00e1n jel\u00f6ld be a sarok hely\u00e9t, majd v\u00e1gd m\u00e9retre. \u00c9rdemes lehet k\u00e9zn\u00e9l tartani t\u0171t \u00e9s c\u00e9rn\u00e1t, hogy kijav\u00edthasd az esetleged hib\u00e1kat \u00e9s megg\u00e1told, hogy a zokni id\u0151vel foszlani kezdjen.<\/p>\n<p>A mai cip\u0151huzatok el\u0151tt a cip\u0151 f\u00f6l\u00f6tt viselt gyapj\u00fazoknik alap t\u00e9li felszerel\u00e9snek sz\u00e1m\u00edtottak a ker\u00e9kp\u00e1rosok k\u00f6r\u00e9ben. Ma m\u00e1r nem biztos, hogy egy ilyen szettel t\u00fal divatosnak fogsz t\u0171nni, de kit \u00e9rdekel? Legal\u00e1bb visszahozod kicsit a retro-st\u00edlust, mik\u00f6zben melegen tartod a l\u00e1bad. A hideg elleni v\u00e9delmet pedig ak\u00e1r meg is h\u00e1romszorozhatod, ha a gyapj\u00fazokni el\u0151tt el\u0151sz\u00f6r alum\u00edniumf\u00f3li\u00e1ba csomagolod a cip\u0151d orr\u00e1t, majd minderre r\u00e1h\u00fazol egy sz\u00e9l\u00e1ll\u00f3 v\u00e9d\u0151huzatot.<\/p>\n<h2><strong>Tov\u00e1bbra is f\u00e1znak a l\u00e1baid?<\/strong><\/h2>\n<p>Az, hogy a fentiekben megosztott praktik\u00e1k helyettes\u00edthetik-e a t\u00e9li cip\u0151t, nagyban f\u00fcgg att\u00f3l, hogy mennyire vagy \u00e9rz\u00e9keny a hidegre. Emellett, ha rossz a v\u00e9rkering\u00e9s a l\u00e1baidban, az szint\u00e9n hideg\u00e9rz\u00e9st \u00e9s zsibbad\u00e1st okozhat.<\/p>\n<p>A gyapj\u00fa vagy m\u00e1s t\u00e9li zokni val\u00f3ban v\u00e9d a hideg ellen, de csak akkor, ha nem szor\u00edtja t\u00falzottan a l\u00e1badat, ilyenkor ugyanis kering\u00e9si probl\u00e9m\u00e1kat okozhat. Ez a probl\u00e9ma pedig fokoz\u00f3dhat is, ha a cip\u0151d belsej\u00e9ben t\u00fal nagy a zs\u00fafolts\u00e1g, \u00e9s a l\u00e1badban l\u00e9v\u0151 idegek \u00f6sszenyom\u00f3dnak.<\/p>\n<p>A zsibbad\u00e1s \u00e9s a hidegl\u00e1b-\u00e9rz\u00e9s elker\u00fcl\u00e9se \u00e9rdek\u00e9ben gondold v\u00e9gig a k\u00f6vetkez\u0151ket: Van el\u00e9g hely a l\u00e1bujjaidnak \u00e9s szabadon tudnak mozogni a cip\u0151ben? A l\u00e1badhoz m\u00e9rten megfelel\u0151 sz\u00e9less\u00e9g\u0171 cip\u0151ben tekersz? Stoplis cip\u0151t haszn\u00e1lsz, ami tov\u00e1bbi nyom\u00e1st gyakorol a talpaidra? T\u00fal magasan van a nyereg? Ezek mind fokozhatj\u00e1k a kellemetlen \u00e9rz\u00e9seket.<\/p>\n<p>Ha \u00fagy \u00e9rzed, mindent megtett\u00e9l, de tov\u00e1bbra is f\u00e1znak a l\u00e1baid, \u00e9rdemes konzult\u00e1lnod a helyi ker\u00e9kp\u00e1rbolt szem\u00e9lyzet\u00e9vel. A mai technol\u00f3gi\u00e1k mellett m\u00e1r k\u00f6nnyed\u00e9n megoldhat\u00f3, hogy melegen tartsd a l\u00e1baidat bicikliz\u00e9s k\u00f6zben. Ha minden m\u00e1s kudarcot vallana, m\u00e9g mindig ott vannak a f\u0171t\u00f6tt zoknik \u00e9s a cip\u0151huzatok. B\u00e1r az t\u00e9ny, hogy ezek haszn\u00e1lata nem lesz olyan sz\u00f3rakoztat\u00f3 \u00e9s gazdas\u00e1gos, mint a saj\u00e1t orsz\u00e1g\u00fati ker\u00e9kp\u00e1ros cip\u0151det \u00e1talak\u00edtani a t\u00e9li id\u0151szakra.<\/p>\n","protected":false},"excerpt":{"rendered":"<p>A meleg id\u0151j\u00e1r\u00e1st egyel\u0151re magunk m\u00f6g\u00f6tt tudhatjuk. A h\u0151m\u00e9r\u0151n lefel\u00e9 sz\u00e1guld\u00f3 fokokat figyelve, egyre nagyobb lehet a k\u00eds\u00e9rt\u00e9s, hogy otthon [&hellip;]<\/p>\n","protected":false},"author":71,"featured_media":18267,"comment_status":"open","ping_status":"open","sticky":false,"template":"","format":"standard","meta":{"footnotes":""},"categories":[8],"tags":[],"global-categories":[],"class_list":["post-18265","post","type-post","status-publish","format-standard","has-post-thumbnail","hentry","category-orszaguti-kerekpar"],"yoast_head":"<!-- This site is optimized with the Yoast SEO Premium plugin v25.3 (Yoast SEO v25.9) - https:\/\/yoast.com\/wordpress\/plugins\/seo\/ -->\n<title>\u00cdgy k\u00e9sz\u00edtsd fel a ker\u00e9kp\u00e1ros cip\u0151det a t\u00e9lre<\/title>\n<meta name=\"description\" content=\"A meleg id\u0151j\u00e1r\u00e1st egyel\u0151re magunk m\u00f6g\u00f6tt tudhatjuk. A h\u0151m\u00e9r\u0151n lefel\u00e9 sz\u00e1guld\u00f3 fokokat figyelve, egyre nagyobb lehet a k\u00eds\u00e9rt\u00e9s, hogy otthon maradj, \u00e9s bekuck\u00f3zz a kanap\u00e9n. Tov\u00e1bb\u00e1 az is nagy visszatart\u00f3 er\u0151 lehet, ha arra gondolsz, mennyire vacogna a l\u00e1bad teker\u00e9s k\u00f6zben az egyetlen p\u00e1r, nem \u00e9ppen t\u00e9li ker\u00e9kp\u00e1ros cip\u0151dben.\" \/>\n<meta name=\"robots\" content=\"index, follow, max-snippet:-1, max-image-preview:large, max-video-preview:-1\" \/>\n<link rel=\"canonical\" href=\"https:\/\/www.welovecycling.com\/hu\/orszaguti-kerekpar\/igy-keszitsd-fel-a-kerekparos-cipodet-a-telre\/\" \/>\n<meta property=\"og:locale\" content=\"hu_HU\" \/>\n<meta property=\"og:type\" content=\"article\" \/>\n<meta property=\"og:title\" content=\"\u00cdgy k\u00e9sz\u00edtsd fel a ker\u00e9kp\u00e1ros cip\u0151det a t\u00e9lre\" \/>\n<meta property=\"og:description\" content=\"A meleg id\u0151j\u00e1r\u00e1st egyel\u0151re magunk m\u00f6g\u00f6tt tudhatjuk. A h\u0151m\u00e9r\u0151n lefel\u00e9 sz\u00e1guld\u00f3 fokokat figyelve, egyre nagyobb lehet a k\u00eds\u00e9rt\u00e9s, hogy otthon maradj, \u00e9s bekuck\u00f3zz a kanap\u00e9n. Tov\u00e1bb\u00e1 az is nagy visszatart\u00f3 er\u0151 lehet, ha arra gondolsz, mennyire vacogna a l\u00e1bad teker\u00e9s k\u00f6zben az egyetlen p\u00e1r, nem \u00e9ppen t\u00e9li ker\u00e9kp\u00e1ros cip\u0151dben.\" \/>\n<meta property=\"og:url\" content=\"https:\/\/www.welovecycling.com\/hu\/orszaguti-kerekpar\/igy-keszitsd-fel-a-kerekparos-cipodet-a-telre\/\" \/>\n<meta property=\"og:site_name\" content=\"\u0160koda We Love Cycling - Magyarorsz\u00e1g\" \/>\n<meta property=\"article:publisher\" content=\"https:\/\/www.facebook.com\/WeLoveCyclingHungary\/\" \/>\n<meta property=\"article:published_time\" content=\"2023-12-28T06:00:19+00:00\" \/>\n<meta property=\"og:image\" content=\"https:\/\/d2p6e6u75xmxt8.cloudfront.net\/12\/2023\/12\/Winter-cycling-profimedia-0651755891-CVR.webp\" \/>\n\t<meta property=\"og:image:width\" content=\"900\" \/>\n\t<meta property=\"og:image:height\" content=\"600\" \/>\n\t<meta property=\"og:image:type\" content=\"image\/webp\" \/>\n<meta name=\"author\" content=\"hegyizs\" \/>\n<meta name=\"twitter:card\" content=\"summary_large_image\" \/>\n<meta name=\"twitter:label1\" content=\"Written by\" \/>\n\t<meta name=\"twitter:data1\" content=\"Andrea Champredonde\" \/>\n\t<meta name=\"twitter:label2\" content=\"Est. reading time\" \/>\n\t<meta name=\"twitter:data2\" content=\"4\" \/>\n<script type=\"application\/ld+json\" class=\"yoast-schema-graph\">{\"@context\":\"https:\/\/schema.org\",\"@graph\":[{\"@type\":\"WebPage\",\"@id\":\"https:\/\/www.welovecycling.com\/hu\/orszaguti-kerekpar\/igy-keszitsd-fel-a-kerekparos-cipodet-a-telre\/\",\"url\":\"https:\/\/www.welovecycling.com\/hu\/orszaguti-kerekpar\/igy-keszitsd-fel-a-kerekparos-cipodet-a-telre\/\",\"name\":\"\u00cdgy k\u00e9sz\u00edtsd fel a ker\u00e9kp\u00e1ros cip\u0151det a t\u00e9lre\",\"isPartOf\":{\"@id\":\"https:\/\/www.welovecycling.com\/hu\/#website\"},\"primaryImageOfPage\":{\"@id\":\"https:\/\/www.welovecycling.com\/hu\/orszaguti-kerekpar\/igy-keszitsd-fel-a-kerekparos-cipodet-a-telre\/#primaryimage\"},\"image\":{\"@id\":\"https:\/\/www.welovecycling.com\/hu\/orszaguti-kerekpar\/igy-keszitsd-fel-a-kerekparos-cipodet-a-telre\/#primaryimage\"},\"thumbnailUrl\":\"https:\/\/d2p6e6u75xmxt8.cloudfront.net\/12\/2023\/12\/Winter-cycling-profimedia-0651755891-CVR.webp\",\"datePublished\":\"2023-12-28T06:00:19+00:00\",\"author\":{\"@id\":\"https:\/\/www.welovecycling.com\/hu\/#\/schema\/person\/414a2aebf1801691a5320edb6468e194\"},\"description\":\"A meleg id\u0151j\u00e1r\u00e1st egyel\u0151re magunk m\u00f6g\u00f6tt tudhatjuk. A h\u0151m\u00e9r\u0151n lefel\u00e9 sz\u00e1guld\u00f3 fokokat figyelve, egyre nagyobb lehet a k\u00eds\u00e9rt\u00e9s, hogy otthon maradj, \u00e9s bekuck\u00f3zz a kanap\u00e9n. Tov\u00e1bb\u00e1 az is nagy visszatart\u00f3 er\u0151 lehet, ha arra gondolsz, mennyire vacogna a l\u00e1bad teker\u00e9s k\u00f6zben az egyetlen p\u00e1r, nem \u00e9ppen t\u00e9li ker\u00e9kp\u00e1ros cip\u0151dben.\",\"breadcrumb\":{\"@id\":\"https:\/\/www.welovecycling.com\/hu\/orszaguti-kerekpar\/igy-keszitsd-fel-a-kerekparos-cipodet-a-telre\/#breadcrumb\"},\"inLanguage\":\"hu\",\"potentialAction\":[{\"@type\":\"ReadAction\",\"target\":[\"https:\/\/www.welovecycling.com\/hu\/orszaguti-kerekpar\/igy-keszitsd-fel-a-kerekparos-cipodet-a-telre\/\"]}]},{\"@type\":\"ImageObject\",\"inLanguage\":\"hu\",\"@id\":\"https:\/\/www.welovecycling.com\/hu\/orszaguti-kerekpar\/igy-keszitsd-fel-a-kerekparos-cipodet-a-telre\/#primaryimage\",\"url\":\"https:\/\/d2p6e6u75xmxt8.cloudfront.net\/12\/2023\/12\/Winter-cycling-profimedia-0651755891-CVR.webp\",\"contentUrl\":\"https:\/\/d2p6e6u75xmxt8.cloudfront.net\/12\/2023\/12\/Winter-cycling-profimedia-0651755891-CVR.webp\",\"width\":900,\"height\":600,\"caption\":\"When riding in frigid temperatures, a certain amount of mental preparation is required that you simply don\u2019t have to reckon with in the summer.\"},{\"@type\":\"BreadcrumbList\",\"@id\":\"https:\/\/www.welovecycling.com\/hu\/orszaguti-kerekpar\/igy-keszitsd-fel-a-kerekparos-cipodet-a-telre\/#breadcrumb\",\"itemListElement\":[{\"@type\":\"ListItem\",\"position\":1,\"name\":\"Home\",\"item\":\"https:\/\/www.welovecycling.com\/hu\/\"},{\"@type\":\"ListItem\",\"position\":2,\"name\":\"\u00cdgy k\u00e9sz\u00edtsd fel a ker\u00e9kp\u00e1ros cip\u0151det a t\u00e9lre\"}]},{\"@type\":\"WebSite\",\"@id\":\"https:\/\/www.welovecycling.com\/hu\/#website\",\"url\":\"https:\/\/www.welovecycling.com\/hu\/\",\"name\":\"\u0160koda We Love Cycling - Magyarorsz\u00e1g\",\"description\":\"\u0160koda WeLoveCycling\",\"potentialAction\":[{\"@type\":\"SearchAction\",\"target\":{\"@type\":\"EntryPoint\",\"urlTemplate\":\"https:\/\/www.welovecycling.com\/hu\/?s={search_term_string}\"},\"query-input\":{\"@type\":\"PropertyValueSpecification\",\"valueRequired\":true,\"valueName\":\"search_term_string\"}}],\"inLanguage\":\"hu\"},{\"@type\":\"Person\",\"@id\":\"https:\/\/www.welovecycling.com\/hu\/#\/schema\/person\/414a2aebf1801691a5320edb6468e194\",\"name\":\"hegyizs\",\"image\":{\"@type\":\"ImageObject\",\"inLanguage\":\"hu\",\"@id\":\"https:\/\/www.welovecycling.com\/hu\/#\/schema\/person\/image\/\",\"url\":\"https:\/\/secure.gravatar.com\/avatar\/02cf8a7906b8cf90cecb4679defac7cfd33a1c2e3b88e4903d947f3bb58eedd3?s=96&d=mm&r=g\",\"contentUrl\":\"https:\/\/secure.gravatar.com\/avatar\/02cf8a7906b8cf90cecb4679defac7cfd33a1c2e3b88e4903d947f3bb58eedd3?s=96&d=mm&r=g\",\"caption\":\"hegyizs\"},\"url\":\"https:\/\/www.welovecycling.com\/hu\/author\/hegyizs\/\"}]}<\/script>\n<!-- \/ Yoast SEO Premium plugin. -->","yoast_head_json":{"title":"\u00cdgy k\u00e9sz\u00edtsd fel a ker\u00e9kp\u00e1ros cip\u0151det a t\u00e9lre","description":"A meleg id\u0151j\u00e1r\u00e1st egyel\u0151re magunk m\u00f6g\u00f6tt tudhatjuk. A h\u0151m\u00e9r\u0151n lefel\u00e9 sz\u00e1guld\u00f3 fokokat figyelve, egyre nagyobb lehet a k\u00eds\u00e9rt\u00e9s, hogy otthon maradj, \u00e9s bekuck\u00f3zz a kanap\u00e9n. Tov\u00e1bb\u00e1 az is nagy visszatart\u00f3 er\u0151 lehet, ha arra gondolsz, mennyire vacogna a l\u00e1bad teker\u00e9s k\u00f6zben az egyetlen p\u00e1r, nem \u00e9ppen t\u00e9li ker\u00e9kp\u00e1ros cip\u0151dben.","robots":{"index":"index","follow":"follow","max-snippet":"max-snippet:-1","max-image-preview":"max-image-preview:large","max-video-preview":"max-video-preview:-1"},"canonical":"https:\/\/www.welovecycling.com\/hu\/orszaguti-kerekpar\/igy-keszitsd-fel-a-kerekparos-cipodet-a-telre\/","og_locale":"hu_HU","og_type":"article","og_title":"\u00cdgy k\u00e9sz\u00edtsd fel a ker\u00e9kp\u00e1ros cip\u0151det a t\u00e9lre","og_description":"A meleg id\u0151j\u00e1r\u00e1st egyel\u0151re magunk m\u00f6g\u00f6tt tudhatjuk. A h\u0151m\u00e9r\u0151n lefel\u00e9 sz\u00e1guld\u00f3 fokokat figyelve, egyre nagyobb lehet a k\u00eds\u00e9rt\u00e9s, hogy otthon maradj, \u00e9s bekuck\u00f3zz a kanap\u00e9n. Tov\u00e1bb\u00e1 az is nagy visszatart\u00f3 er\u0151 lehet, ha arra gondolsz, mennyire vacogna a l\u00e1bad teker\u00e9s k\u00f6zben az egyetlen p\u00e1r, nem \u00e9ppen t\u00e9li ker\u00e9kp\u00e1ros cip\u0151dben.","og_url":"https:\/\/www.welovecycling.com\/hu\/orszaguti-kerekpar\/igy-keszitsd-fel-a-kerekparos-cipodet-a-telre\/","og_site_name":"\u0160koda We Love Cycling - Magyarorsz\u00e1g","article_publisher":"https:\/\/www.facebook.com\/WeLoveCyclingHungary\/","article_published_time":"2023-12-28T06:00:19+00:00","og_image":[{"width":900,"height":600,"url":"https:\/\/d2p6e6u75xmxt8.cloudfront.net\/12\/2023\/12\/Winter-cycling-profimedia-0651755891-CVR.webp","type":"image\/webp"}],"author":"hegyizs","twitter_card":"summary_large_image","twitter_misc":{"Written by":"Andrea Champredonde","Est. reading time":"4"},"schema":{"@context":"https:\/\/schema.org","@graph":[{"@type":"WebPage","@id":"https:\/\/www.welovecycling.com\/hu\/orszaguti-kerekpar\/igy-keszitsd-fel-a-kerekparos-cipodet-a-telre\/","url":"https:\/\/www.welovecycling.com\/hu\/orszaguti-kerekpar\/igy-keszitsd-fel-a-kerekparos-cipodet-a-telre\/","name":"\u00cdgy k\u00e9sz\u00edtsd fel a ker\u00e9kp\u00e1ros cip\u0151det a t\u00e9lre","isPartOf":{"@id":"https:\/\/www.welovecycling.com\/hu\/#website"},"primaryImageOfPage":{"@id":"https:\/\/www.welovecycling.com\/hu\/orszaguti-kerekpar\/igy-keszitsd-fel-a-kerekparos-cipodet-a-telre\/#primaryimage"},"image":{"@id":"https:\/\/www.welovecycling.com\/hu\/orszaguti-kerekpar\/igy-keszitsd-fel-a-kerekparos-cipodet-a-telre\/#primaryimage"},"thumbnailUrl":"https:\/\/d2p6e6u75xmxt8.cloudfront.net\/12\/2023\/12\/Winter-cycling-profimedia-0651755891-CVR.webp","datePublished":"2023-12-28T06:00:19+00:00","author":{"@id":"https:\/\/www.welovecycling.com\/hu\/#\/schema\/person\/414a2aebf1801691a5320edb6468e194"},"description":"A meleg id\u0151j\u00e1r\u00e1st egyel\u0151re magunk m\u00f6g\u00f6tt tudhatjuk. A h\u0151m\u00e9r\u0151n lefel\u00e9 sz\u00e1guld\u00f3 fokokat figyelve, egyre nagyobb lehet a k\u00eds\u00e9rt\u00e9s, hogy otthon maradj, \u00e9s bekuck\u00f3zz a kanap\u00e9n. Tov\u00e1bb\u00e1 az is nagy visszatart\u00f3 er\u0151 lehet, ha arra gondolsz, mennyire vacogna a l\u00e1bad teker\u00e9s k\u00f6zben az egyetlen p\u00e1r, nem \u00e9ppen t\u00e9li ker\u00e9kp\u00e1ros cip\u0151dben.","breadcrumb":{"@id":"https:\/\/www.welovecycling.com\/hu\/orszaguti-kerekpar\/igy-keszitsd-fel-a-kerekparos-cipodet-a-telre\/#breadcrumb"},"inLanguage":"hu","potentialAction":[{"@type":"ReadAction","target":["https:\/\/www.welovecycling.com\/hu\/orszaguti-kerekpar\/igy-keszitsd-fel-a-kerekparos-cipodet-a-telre\/"]}]},{"@type":"ImageObject","inLanguage":"hu","@id":"https:\/\/www.welovecycling.com\/hu\/orszaguti-kerekpar\/igy-keszitsd-fel-a-kerekparos-cipodet-a-telre\/#primaryimage","url":"https:\/\/d2p6e6u75xmxt8.cloudfront.net\/12\/2023\/12\/Winter-cycling-profimedia-0651755891-CVR.webp","contentUrl":"https:\/\/d2p6e6u75xmxt8.cloudfront.net\/12\/2023\/12\/Winter-cycling-profimedia-0651755891-CVR.webp","width":900,"height":600,"caption":"When riding in frigid temperatures, a certain amount of mental preparation is required that you simply don\u2019t have to reckon with in the summer."},{"@type":"BreadcrumbList","@id":"https:\/\/www.welovecycling.com\/hu\/orszaguti-kerekpar\/igy-keszitsd-fel-a-kerekparos-cipodet-a-telre\/#breadcrumb","itemListElement":[{"@type":"ListItem","position":1,"name":"Home","item":"https:\/\/www.welovecycling.com\/hu\/"},{"@type":"ListItem","position":2,"name":"\u00cdgy k\u00e9sz\u00edtsd fel a ker\u00e9kp\u00e1ros cip\u0151det a t\u00e9lre"}]},{"@type":"WebSite","@id":"https:\/\/www.welovecycling.com\/hu\/#website","url":"https:\/\/www.welovecycling.com\/hu\/","name":"\u0160koda We Love Cycling - Magyarorsz\u00e1g","description":"\u0160koda WeLoveCycling","potentialAction":[{"@type":"SearchAction","target":{"@type":"EntryPoint","urlTemplate":"https:\/\/www.welovecycling.com\/hu\/?s={search_term_string}"},"query-input":{"@type":"PropertyValueSpecification","valueRequired":true,"valueName":"search_term_string"}}],"inLanguage":"hu"},{"@type":"Person","@id":"https:\/\/www.welovecycling.com\/hu\/#\/schema\/person\/414a2aebf1801691a5320edb6468e194","name":"hegyizs","image":{"@type":"ImageObject","inLanguage":"hu","@id":"https:\/\/www.welovecycling.com\/hu\/#\/schema\/person\/image\/","url":"https:\/\/secure.gravatar.com\/avatar\/02cf8a7906b8cf90cecb4679defac7cfd33a1c2e3b88e4903d947f3bb58eedd3?s=96&d=mm&r=g","contentUrl":"https:\/\/secure.gravatar.com\/avatar\/02cf8a7906b8cf90cecb4679defac7cfd33a1c2e3b88e4903d947f3bb58eedd3?s=96&d=mm&r=g","caption":"hegyizs"},"url":"https:\/\/www.welovecycling.com\/hu\/author\/hegyizs\/"}]}},"_links":{"self":[{"href":"https:\/\/www.welovecycling.com\/hu\/wp-json\/wp\/v2\/posts\/18265","targetHints":{"allow":["GET"]}}],"collection":[{"href":"https:\/\/www.welovecycling.com\/hu\/wp-json\/wp\/v2\/posts"}],"about":[{"href":"https:\/\/www.welovecycling.com\/hu\/wp-json\/wp\/v2\/types\/post"}],"author":[{"embeddable":true,"href":"https:\/\/www.welovecycling.com\/hu\/wp-json\/wp\/v2\/users\/71"}],"replies":[{"embeddable":true,"href":"https:\/\/www.welovecycling.com\/hu\/wp-json\/wp\/v2\/comments?post=18265"}],"version-history":[{"count":2,"href":"https:\/\/www.welovecycling.com\/hu\/wp-json\/wp\/v2\/posts\/18265\/revisions"}],"predecessor-version":[{"id":18268,"href":"https:\/\/www.welovecycling.com\/hu\/wp-json\/wp\/v2\/posts\/18265\/revisions\/18268"}],"wp:featuredmedia":[{"embeddable":true,"href":"https:\/\/www.welovecycling.com\/hu\/wp-json\/wp\/v2\/media\/18267"}],"wp:attachment":[{"href":"https:\/\/www.welovecycling.com\/hu\/wp-json\/wp\/v2\/media?parent=18265"}],"wp:term":[{"taxonomy":"category","embeddable":true,"href":"https:\/\/www.welovecycling.com\/hu\/wp-json\/wp\/v2\/categories?post=18265"},{"taxonomy":"post_tag","embeddable":true,"href":"https:\/\/www.welovecycling.com\/hu\/wp-json\/wp\/v2\/tags?post=18265"},{"taxonomy":"global-categories","embeddable":true,"href":"https:\/\/www.welovecycling.com\/hu\/wp-json\/wp\/v2\/global-categories?post=18265"}],"curies":[{"name":"wp","href":"https:\/\/api.w.org\/{rel}","templated":true}]}}