{"id":18262,"date":"2023-12-27T08:00:48","date_gmt":"2023-12-27T06:00:48","guid":{"rendered":"https:\/\/www.welovecycling.com\/hu\/?p=18262"},"modified":"2023-12-15T14:37:33","modified_gmt":"2023-12-15T12:37:33","slug":"etkezesek-ketkereken-milyen-egy-az-elet-csapatsefkent","status":"publish","type":"post","link":"https:\/\/www.welovecycling.com\/hu\/kozosseg-es-kultura\/etkezesek-ketkereken-milyen-egy-az-elet-csapatsefkent\/","title":{"rendered":"\u00c9tkez\u00e9sek k\u00e9tker\u00e9ken: Milyen egy az \u00e9let csapats\u00e9fk\u00e9nt?"},"content":{"rendered":"<p><strong>Ha valaki egy norv\u00e9g orsz\u00e1g\u00fati bajnok fia \u00e9s egy id\u0151futam bajnok testv\u00e9re, azt hihetn\u00e9d, hogy az \u0151 \u00e9lete is k\u00e9tker\u00e9ken telik. \u00c9s ez bizonyos \u00e9rtelemben Henrik Orre-re is igaz, csak nem \u00fagy, ahogy gondoln\u00e1d. Henrik Orre ugyanis s\u00e9f, nem pedig profi ker\u00e9kp\u00e1ros. De egy k\u00fcl\u00f6nleges s\u00e9f, aki kifejezetten a ker\u00e9kp\u00e1rosok \u00e9tkeztet\u00e9s\u00e9re specializ\u00e1l\u00f3dott.<\/strong><\/p>\n<p><!--more--><\/p>\n<p>\u00cdme, Henrik Orre, a Velochef. Henrik jogosan b\u00fcszk\u00e9lkedhet ker\u00e9kp\u00e1ros h\u00e1tter\u00e9vel. Apja, Magne, 1976-ban norv\u00e9g orsz\u00e1g\u00fati bajnok volt, r\u00e9szt vett k\u00e9t ny\u00e1ri olimpi\u00e1n, ahol 1972-ben M\u00fcnchenben a csapat-id\u0151m\u00e9r\u0151ben \u00f6t\u00f6dik, majd n\u00e9gy \u00e9vvel k\u00e9s\u0151bb Montrealban ugyanebben a versenyben nyolcadik helyez\u00e9st \u00e9rt el. R\u00e1ad\u00e1sul Henrik testv\u00e9re, Henning szint\u00e9n 1992-ben norv\u00e9g id\u0151futam bajnok lett.<\/p>\n<p>Egy interj\u00faban Orre elmagyar\u00e1zta, mi\u00e9rt d\u00f6nt\u00f6tt \u00fagy, hogy nem k\u00f6veti a csal\u00e1di hagyom\u00e1nyt. <em>&#8220;Csak egy r\u00e9gi BMX biciklim volt, amivel a k\u00f6rny\u00e9ken szoktam bring\u00e1zni&#8221;<\/em> &#8211; mondta. <em>&#8220;L\u00e1ttam, mennyi er\u0151fesz\u00edt\u00e9sre van sz\u00fcks\u00e9ge a testv\u00e9remnek, hogy nemzeti szinten versenyezzen, \u00e9s azt gondoltam, hogy \u201cigen, te menj \u00e9s csin\u00e1ld ezt, \u00e9n pedig kipr\u00f3b\u00e1lok valami m\u00e1st.&#8221;<\/em><\/p>\n<p>https:\/\/www.instagram.com\/p\/CxYSc1fMYLK\/?img_index=1<\/p>\n<p>De Henrik maga is versenyzett. M\u00e9ghozz\u00e1 annak a norv\u00e9g csapatnak a r\u00e9szek\u00e9nt, amely 2005-ben \u00e9s 2006-ban megnyerte a Culinary World Cup-ot. \u00d6t \u00e9vvel k\u00e9s\u0151bb a Mathias Dahlgren akkor k\u00e9tcsillagos Michelin \u00e9tterem f\u0151szak\u00e1csa lett, azonban hamarosan elker\u00fclhetetlen\u00fcl r\u00e9szese lett a ker\u00e9kp\u00e1roz\u00e1s vil\u00e1g\u00e1nak. 2010-ben Thor Hushovd lett az els\u0151 norv\u00e9g ker\u00e9kp\u00e1ros, aki megnyerte a UCI Vil\u00e1g\u00fat Bajnoks\u00e1got, ami n\u00f6velte a Norv\u00e9g Ker\u00e9kp\u00e1ros Sz\u00f6vets\u00e9g k\u00f6lts\u00e9gvet\u00e9s\u00e9t, m\u00e9ghozz\u00e1 el\u00e9g nagy mennyis\u00e9gben ahhoz, hogy felvegyenek egy fine-dining s\u00e9fet, aki ell\u00e1tja a norv\u00e9g v\u00e1logatott versenyz\u0151it. \u00cdgy ker\u00fclt a k\u00e9pbe Henrik Orre.<\/p>\n<p>Ez a munka k\u00e9t \u00e9vig tartott. K\u00f6zben pedig egy norv\u00e9g t\u00e9v\u00e9m\u0171sort is vezetett, amelyben a Tour de France alatt k\u00f6vette az esem\u00e9nyeket, hagyom\u00e1nyos r\u00e9gi\u00f3s \u00e9teleket k\u00e9sz\u00edtve az adott orsz\u00e1g ter\u00fclet\u00e9n. Hamarosan a 2010-es \u00e9vek domin\u00e1ns ker\u00e9kp\u00e1rcsapata, \u00e9s a ker\u00e9kp\u00e1roz\u00e1s t\u00f6rt\u00e9net\u00e9nek egyik legnagyobb csapata, a Team Sky felk\u00e9rte, hogy \u00f6t \u00e9vig \u0151 f\u0151zz\u00f6n Sir Bradley Wiggins \u00e9s Chris Froome sz\u00e1m\u00e1ra. Val\u00f3sz\u00edn\u0171leg j\u00f3l v\u00e9gezte a feladatot, mert ebben az id\u0151szakban a Team Sky n\u00e9gyszer megnyerte a Tour de France-ot, egyszer a Vuelt\u00e1t, \u00e9s h\u00e1romszor a P\u00e1rizs-Nizza \u00e9s a Crit\u00e9rium du Dauphin\u00e9 versenyeket.<\/p>\n<p>https:\/\/www.instagram.com\/p\/CkDxTX7MbSX\/<\/p>\n<p>Orre biztos benne, hogy a csapat l\u00e1tv\u00e1nyos eredm\u00e9nyeit r\u00e9szben az \u0151 er\u0151fesz\u00edt\u00e9seinek k\u00f6sz\u00f6nheti. <em>&#8220;M\u00e9g a Team Sky el\u0151nyeit is le tudtuk ford\u00edtani az \u00e9tel nyelv\u00e9re&#8221;<\/em> &#8211; magyar\u00e1zta. <em>&#8220;Minden l\u00e9p\u00e9st \u00e1ttekintett\u00fck, \u00e9s ez vezetett ahhoz, hogy beruh\u00e1ztunk egy mobil konyh\u00e1s teheraut\u00f3ba, hogy biztons\u00e1gosabb \u00e9s hat\u00e9konyabb k\u00f6rnyezetet biztos\u00edtsunk az \u00e9tkez\u00e9sek el\u0151k\u00e9sz\u00edt\u00e9s\u00e9hez. Sokkal ellen\u0151rz\u00f6ttebb \u00edgy a folyamat higi\u00e9niai szempontb\u00f3l, mivel nincs sz\u00fcks\u00e9g sz\u00e1llodai konyh\u00e1k haszn\u00e1lat\u00e1ra. Eg\u00e9szen addig elment\u00fcnk, hogy az \u00e9telt h\u0151m\u00e9rs\u00e9klet-szab\u00e1lyozott j\u00e1rm\u0171vel sz\u00e1ll\u00edtottuk.<\/em>&#8221;<\/p>\n<p>De Orre elmondta, hogy egy Grand Tour-on val\u00f3 f\u0151z\u00e9s nagyon munkaig\u00e9nyes, \u00e9s nem sok szabadideje maradt mellette. <em>&#8220;\u00c9lveztem a Team Sky-n\u00e1l t\u00f6lt\u00f6tt id\u0151t, de kem\u00e9ny munka volt&#8221;<\/em> &#8211; mondta. <em>&#8220;A napom \u00e1ltal\u00e1ban reggel 7:00-kor kezd\u0151d\u00f6tt, amikor egyenesen lementem a konyh\u00e1mba, hogy elkezdjem a reggeliket. A fi\u00fak azt\u00e1n elindultak a busszal, mi pedig \u00f6sszepakoljuk a teheraut\u00f3t, hogy k\u00e9szen \u00e1lljunk a transzferre. Ez, az \u00fatvonal f\u00fcggv\u00e9ny\u00e9ben ak\u00e1r n\u00e9gy \u00f3r\u00e1s is lehet, \u00e9s rem\u00e9lhet\u0151leg el\u00e9g id\u0151ben meg\u00e9rkez\u00fcnk, hogy tudjunk v\u00e1s\u00e1rolni \u00e9s eb\u00e9delni. Azt\u00e1n azonnal nekil\u00e1ttunk el\u0151k\u00e9sz\u00edteni a csapat vacsor\u00e1j\u00e1t. Este dolgoztunk, majd ment\u00fcnk aludtunk. Egy\u00e1ltal\u00e1n nem volt szabadid\u0151nk.&#8221;<\/em><\/p>\n<p>Ezt a kalandot k\u00f6vet\u0151en Orre neki\u00e1llt meg\u00edrni a Velochef sorozat els\u0151 k\u00f6tet\u00e9t, majd a m\u00e1sodikat \u00e9s a harmadikat is. Jelenleg Orre tulajdon\u00e1ban \u00e9s ir\u00e1ny\u00edt\u00e1s\u00e1val m\u0171k\u00f6dik a Velochef Clubhouse \u00e9tterem Osl\u00f3ban, amit egyar\u00e1nt elismernek a ker\u00e9kp\u00e1rosok \u00e9s a nem ker\u00e9kp\u00e1rosok is.<\/p>\n","protected":false},"excerpt":{"rendered":"<p>Ha valaki egy norv\u00e9g orsz\u00e1g\u00fati bajnok fia \u00e9s egy id\u0151futam bajnok testv\u00e9re, azt hihetn\u00e9d, hogy az \u0151 \u00e9lete is k\u00e9tker\u00e9ken [&hellip;]<\/p>\n","protected":false},"author":71,"featured_media":18263,"comment_status":"open","ping_status":"open","sticky":false,"template":"","format":"standard","meta":{"footnotes":""},"categories":[12],"tags":[],"global-categories":[],"class_list":["post-18262","post","type-post","status-publish","format-standard","has-post-thumbnail","hentry","category-kozosseg-es-kultura"],"yoast_head":"<!-- This site is optimized with the Yoast SEO Premium plugin v25.3 (Yoast SEO v25.9) - https:\/\/yoast.com\/wordpress\/plugins\/seo\/ -->\n<title>\u00c9tkez\u00e9sek k\u00e9tker\u00e9ken: Milyen egy az \u00e9let csapats\u00e9fk\u00e9nt?<\/title>\n<meta name=\"description\" content=\"Ha valaki egy norv\u00e9g orsz\u00e1g\u00fati bajnok fia \u00e9s egy id\u0151futam bajnok testv\u00e9re, azt hihetn\u00e9d, hogy az \u0151 \u00e9lete is k\u00e9tker\u00e9ken telik. \u00c9s ez bizonyos \u00e9rtelemben Henrik Orre-re is igaz, csak nem \u00fagy, ahogy gondoln\u00e1d. Henrik Orre ugyanis s\u00e9f, nem pedig profi ker\u00e9kp\u00e1ros. De egy k\u00fcl\u00f6nleges s\u00e9f, aki kifejezetten a ker\u00e9kp\u00e1rosok \u00e9tkeztet\u00e9s\u00e9re specializ\u00e1l\u00f3dott.\" \/>\n<meta name=\"robots\" content=\"index, follow, max-snippet:-1, max-image-preview:large, max-video-preview:-1\" \/>\n<link rel=\"canonical\" href=\"https:\/\/www.welovecycling.com\/hu\/kozosseg-es-kultura\/etkezesek-ketkereken-milyen-egy-az-elet-csapatsefkent\/\" \/>\n<meta property=\"og:locale\" content=\"hu_HU\" \/>\n<meta property=\"og:type\" content=\"article\" \/>\n<meta property=\"og:title\" content=\"\u00c9tkez\u00e9sek k\u00e9tker\u00e9ken: Milyen egy az \u00e9let csapats\u00e9fk\u00e9nt?\" \/>\n<meta property=\"og:description\" content=\"Ha valaki egy norv\u00e9g orsz\u00e1g\u00fati bajnok fia \u00e9s egy id\u0151futam bajnok testv\u00e9re, azt hihetn\u00e9d, hogy az \u0151 \u00e9lete is k\u00e9tker\u00e9ken telik. \u00c9s ez bizonyos \u00e9rtelemben Henrik Orre-re is igaz, csak nem \u00fagy, ahogy gondoln\u00e1d. Henrik Orre ugyanis s\u00e9f, nem pedig profi ker\u00e9kp\u00e1ros. De egy k\u00fcl\u00f6nleges s\u00e9f, aki kifejezetten a ker\u00e9kp\u00e1rosok \u00e9tkeztet\u00e9s\u00e9re specializ\u00e1l\u00f3dott.\" \/>\n<meta property=\"og:url\" content=\"https:\/\/www.welovecycling.com\/hu\/kozosseg-es-kultura\/etkezesek-ketkereken-milyen-egy-az-elet-csapatsefkent\/\" \/>\n<meta property=\"og:site_name\" content=\"\u0160koda We Love Cycling - Magyarorsz\u00e1g\" \/>\n<meta property=\"article:publisher\" content=\"https:\/\/www.facebook.com\/WeLoveCyclingHungary\/\" \/>\n<meta property=\"article:published_time\" content=\"2023-12-27T06:00:48+00:00\" \/>\n<meta property=\"og:image\" content=\"https:\/\/d2p6e6u75xmxt8.cloudfront.net\/12\/2023\/12\/Mushroom-Risotto-profimedia-0818998826-CVR.webp\" \/>\n\t<meta property=\"og:image:width\" content=\"990\" \/>\n\t<meta property=\"og:image:height\" content=\"660\" \/>\n\t<meta property=\"og:image:type\" content=\"image\/webp\" \/>\n<meta name=\"author\" content=\"hegyizs\" \/>\n<meta name=\"twitter:card\" content=\"summary_large_image\" \/>\n<meta name=\"twitter:label1\" content=\"Written by\" \/>\n\t<meta name=\"twitter:data1\" content=\"Siegfried Mortkowitz\" \/>\n\t<meta name=\"twitter:label2\" content=\"Est. reading time\" \/>\n\t<meta name=\"twitter:data2\" content=\"4\" \/>\n<script type=\"application\/ld+json\" class=\"yoast-schema-graph\">{\"@context\":\"https:\/\/schema.org\",\"@graph\":[{\"@type\":\"WebPage\",\"@id\":\"https:\/\/www.welovecycling.com\/hu\/kozosseg-es-kultura\/etkezesek-ketkereken-milyen-egy-az-elet-csapatsefkent\/\",\"url\":\"https:\/\/www.welovecycling.com\/hu\/kozosseg-es-kultura\/etkezesek-ketkereken-milyen-egy-az-elet-csapatsefkent\/\",\"name\":\"\u00c9tkez\u00e9sek k\u00e9tker\u00e9ken: Milyen egy az \u00e9let csapats\u00e9fk\u00e9nt?\",\"isPartOf\":{\"@id\":\"https:\/\/www.welovecycling.com\/hu\/#website\"},\"primaryImageOfPage\":{\"@id\":\"https:\/\/www.welovecycling.com\/hu\/kozosseg-es-kultura\/etkezesek-ketkereken-milyen-egy-az-elet-csapatsefkent\/#primaryimage\"},\"image\":{\"@id\":\"https:\/\/www.welovecycling.com\/hu\/kozosseg-es-kultura\/etkezesek-ketkereken-milyen-egy-az-elet-csapatsefkent\/#primaryimage\"},\"thumbnailUrl\":\"https:\/\/d2p6e6u75xmxt8.cloudfront.net\/12\/2023\/12\/Mushroom-Risotto-profimedia-0818998826-CVR.webp\",\"datePublished\":\"2023-12-27T06:00:48+00:00\",\"author\":{\"@id\":\"https:\/\/www.welovecycling.com\/hu\/#\/schema\/person\/414a2aebf1801691a5320edb6468e194\"},\"description\":\"Ha valaki egy norv\u00e9g orsz\u00e1g\u00fati bajnok fia \u00e9s egy id\u0151futam bajnok testv\u00e9re, azt hihetn\u00e9d, hogy az \u0151 \u00e9lete is k\u00e9tker\u00e9ken telik. \u00c9s ez bizonyos \u00e9rtelemben Henrik Orre-re is igaz, csak nem \u00fagy, ahogy gondoln\u00e1d. Henrik Orre ugyanis s\u00e9f, nem pedig profi ker\u00e9kp\u00e1ros. De egy k\u00fcl\u00f6nleges s\u00e9f, aki kifejezetten a ker\u00e9kp\u00e1rosok \u00e9tkeztet\u00e9s\u00e9re specializ\u00e1l\u00f3dott.\",\"breadcrumb\":{\"@id\":\"https:\/\/www.welovecycling.com\/hu\/kozosseg-es-kultura\/etkezesek-ketkereken-milyen-egy-az-elet-csapatsefkent\/#breadcrumb\"},\"inLanguage\":\"hu\",\"potentialAction\":[{\"@type\":\"ReadAction\",\"target\":[\"https:\/\/www.welovecycling.com\/hu\/kozosseg-es-kultura\/etkezesek-ketkereken-milyen-egy-az-elet-csapatsefkent\/\"]}]},{\"@type\":\"ImageObject\",\"inLanguage\":\"hu\",\"@id\":\"https:\/\/www.welovecycling.com\/hu\/kozosseg-es-kultura\/etkezesek-ketkereken-milyen-egy-az-elet-csapatsefkent\/#primaryimage\",\"url\":\"https:\/\/d2p6e6u75xmxt8.cloudfront.net\/12\/2023\/12\/Mushroom-Risotto-profimedia-0818998826-CVR.webp\",\"contentUrl\":\"https:\/\/d2p6e6u75xmxt8.cloudfront.net\/12\/2023\/12\/Mushroom-Risotto-profimedia-0818998826-CVR.webp\",\"width\":990,\"height\":660,\"caption\":\"Mushroom risotto\"},{\"@type\":\"BreadcrumbList\",\"@id\":\"https:\/\/www.welovecycling.com\/hu\/kozosseg-es-kultura\/etkezesek-ketkereken-milyen-egy-az-elet-csapatsefkent\/#breadcrumb\",\"itemListElement\":[{\"@type\":\"ListItem\",\"position\":1,\"name\":\"Home\",\"item\":\"https:\/\/www.welovecycling.com\/hu\/\"},{\"@type\":\"ListItem\",\"position\":2,\"name\":\"\u00c9tkez\u00e9sek k\u00e9tker\u00e9ken: Milyen egy az \u00e9let csapats\u00e9fk\u00e9nt?\"}]},{\"@type\":\"WebSite\",\"@id\":\"https:\/\/www.welovecycling.com\/hu\/#website\",\"url\":\"https:\/\/www.welovecycling.com\/hu\/\",\"name\":\"\u0160koda We Love Cycling - Magyarorsz\u00e1g\",\"description\":\"\u0160koda WeLoveCycling\",\"potentialAction\":[{\"@type\":\"SearchAction\",\"target\":{\"@type\":\"EntryPoint\",\"urlTemplate\":\"https:\/\/www.welovecycling.com\/hu\/?s={search_term_string}\"},\"query-input\":{\"@type\":\"PropertyValueSpecification\",\"valueRequired\":true,\"valueName\":\"search_term_string\"}}],\"inLanguage\":\"hu\"},{\"@type\":\"Person\",\"@id\":\"https:\/\/www.welovecycling.com\/hu\/#\/schema\/person\/414a2aebf1801691a5320edb6468e194\",\"name\":\"hegyizs\",\"image\":{\"@type\":\"ImageObject\",\"inLanguage\":\"hu\",\"@id\":\"https:\/\/www.welovecycling.com\/hu\/#\/schema\/person\/image\/\",\"url\":\"https:\/\/secure.gravatar.com\/avatar\/02cf8a7906b8cf90cecb4679defac7cfd33a1c2e3b88e4903d947f3bb58eedd3?s=96&d=mm&r=g\",\"contentUrl\":\"https:\/\/secure.gravatar.com\/avatar\/02cf8a7906b8cf90cecb4679defac7cfd33a1c2e3b88e4903d947f3bb58eedd3?s=96&d=mm&r=g\",\"caption\":\"hegyizs\"},\"url\":\"https:\/\/www.welovecycling.com\/hu\/author\/hegyizs\/\"}]}<\/script>\n<!-- \/ Yoast SEO Premium plugin. -->","yoast_head_json":{"title":"\u00c9tkez\u00e9sek k\u00e9tker\u00e9ken: Milyen egy az \u00e9let csapats\u00e9fk\u00e9nt?","description":"Ha valaki egy norv\u00e9g orsz\u00e1g\u00fati bajnok fia \u00e9s egy id\u0151futam bajnok testv\u00e9re, azt hihetn\u00e9d, hogy az \u0151 \u00e9lete is k\u00e9tker\u00e9ken telik. \u00c9s ez bizonyos \u00e9rtelemben Henrik Orre-re is igaz, csak nem \u00fagy, ahogy gondoln\u00e1d. Henrik Orre ugyanis s\u00e9f, nem pedig profi ker\u00e9kp\u00e1ros. De egy k\u00fcl\u00f6nleges s\u00e9f, aki kifejezetten a ker\u00e9kp\u00e1rosok \u00e9tkeztet\u00e9s\u00e9re specializ\u00e1l\u00f3dott.","robots":{"index":"index","follow":"follow","max-snippet":"max-snippet:-1","max-image-preview":"max-image-preview:large","max-video-preview":"max-video-preview:-1"},"canonical":"https:\/\/www.welovecycling.com\/hu\/kozosseg-es-kultura\/etkezesek-ketkereken-milyen-egy-az-elet-csapatsefkent\/","og_locale":"hu_HU","og_type":"article","og_title":"\u00c9tkez\u00e9sek k\u00e9tker\u00e9ken: Milyen egy az \u00e9let csapats\u00e9fk\u00e9nt?","og_description":"Ha valaki egy norv\u00e9g orsz\u00e1g\u00fati bajnok fia \u00e9s egy id\u0151futam bajnok testv\u00e9re, azt hihetn\u00e9d, hogy az \u0151 \u00e9lete is k\u00e9tker\u00e9ken telik. \u00c9s ez bizonyos \u00e9rtelemben Henrik Orre-re is igaz, csak nem \u00fagy, ahogy gondoln\u00e1d. Henrik Orre ugyanis s\u00e9f, nem pedig profi ker\u00e9kp\u00e1ros. De egy k\u00fcl\u00f6nleges s\u00e9f, aki kifejezetten a ker\u00e9kp\u00e1rosok \u00e9tkeztet\u00e9s\u00e9re specializ\u00e1l\u00f3dott.","og_url":"https:\/\/www.welovecycling.com\/hu\/kozosseg-es-kultura\/etkezesek-ketkereken-milyen-egy-az-elet-csapatsefkent\/","og_site_name":"\u0160koda We Love Cycling - Magyarorsz\u00e1g","article_publisher":"https:\/\/www.facebook.com\/WeLoveCyclingHungary\/","article_published_time":"2023-12-27T06:00:48+00:00","og_image":[{"width":990,"height":660,"url":"https:\/\/d2p6e6u75xmxt8.cloudfront.net\/12\/2023\/12\/Mushroom-Risotto-profimedia-0818998826-CVR.webp","type":"image\/webp"}],"author":"hegyizs","twitter_card":"summary_large_image","twitter_misc":{"Written by":"Siegfried Mortkowitz","Est. reading time":"4"},"schema":{"@context":"https:\/\/schema.org","@graph":[{"@type":"WebPage","@id":"https:\/\/www.welovecycling.com\/hu\/kozosseg-es-kultura\/etkezesek-ketkereken-milyen-egy-az-elet-csapatsefkent\/","url":"https:\/\/www.welovecycling.com\/hu\/kozosseg-es-kultura\/etkezesek-ketkereken-milyen-egy-az-elet-csapatsefkent\/","name":"\u00c9tkez\u00e9sek k\u00e9tker\u00e9ken: Milyen egy az \u00e9let csapats\u00e9fk\u00e9nt?","isPartOf":{"@id":"https:\/\/www.welovecycling.com\/hu\/#website"},"primaryImageOfPage":{"@id":"https:\/\/www.welovecycling.com\/hu\/kozosseg-es-kultura\/etkezesek-ketkereken-milyen-egy-az-elet-csapatsefkent\/#primaryimage"},"image":{"@id":"https:\/\/www.welovecycling.com\/hu\/kozosseg-es-kultura\/etkezesek-ketkereken-milyen-egy-az-elet-csapatsefkent\/#primaryimage"},"thumbnailUrl":"https:\/\/d2p6e6u75xmxt8.cloudfront.net\/12\/2023\/12\/Mushroom-Risotto-profimedia-0818998826-CVR.webp","datePublished":"2023-12-27T06:00:48+00:00","author":{"@id":"https:\/\/www.welovecycling.com\/hu\/#\/schema\/person\/414a2aebf1801691a5320edb6468e194"},"description":"Ha valaki egy norv\u00e9g orsz\u00e1g\u00fati bajnok fia \u00e9s egy id\u0151futam bajnok testv\u00e9re, azt hihetn\u00e9d, hogy az \u0151 \u00e9lete is k\u00e9tker\u00e9ken telik. \u00c9s ez bizonyos \u00e9rtelemben Henrik Orre-re is igaz, csak nem \u00fagy, ahogy gondoln\u00e1d. Henrik Orre ugyanis s\u00e9f, nem pedig profi ker\u00e9kp\u00e1ros. De egy k\u00fcl\u00f6nleges s\u00e9f, aki kifejezetten a ker\u00e9kp\u00e1rosok \u00e9tkeztet\u00e9s\u00e9re specializ\u00e1l\u00f3dott.","breadcrumb":{"@id":"https:\/\/www.welovecycling.com\/hu\/kozosseg-es-kultura\/etkezesek-ketkereken-milyen-egy-az-elet-csapatsefkent\/#breadcrumb"},"inLanguage":"hu","potentialAction":[{"@type":"ReadAction","target":["https:\/\/www.welovecycling.com\/hu\/kozosseg-es-kultura\/etkezesek-ketkereken-milyen-egy-az-elet-csapatsefkent\/"]}]},{"@type":"ImageObject","inLanguage":"hu","@id":"https:\/\/www.welovecycling.com\/hu\/kozosseg-es-kultura\/etkezesek-ketkereken-milyen-egy-az-elet-csapatsefkent\/#primaryimage","url":"https:\/\/d2p6e6u75xmxt8.cloudfront.net\/12\/2023\/12\/Mushroom-Risotto-profimedia-0818998826-CVR.webp","contentUrl":"https:\/\/d2p6e6u75xmxt8.cloudfront.net\/12\/2023\/12\/Mushroom-Risotto-profimedia-0818998826-CVR.webp","width":990,"height":660,"caption":"Mushroom risotto"},{"@type":"BreadcrumbList","@id":"https:\/\/www.welovecycling.com\/hu\/kozosseg-es-kultura\/etkezesek-ketkereken-milyen-egy-az-elet-csapatsefkent\/#breadcrumb","itemListElement":[{"@type":"ListItem","position":1,"name":"Home","item":"https:\/\/www.welovecycling.com\/hu\/"},{"@type":"ListItem","position":2,"name":"\u00c9tkez\u00e9sek k\u00e9tker\u00e9ken: Milyen egy az \u00e9let csapats\u00e9fk\u00e9nt?"}]},{"@type":"WebSite","@id":"https:\/\/www.welovecycling.com\/hu\/#website","url":"https:\/\/www.welovecycling.com\/hu\/","name":"\u0160koda We Love Cycling - Magyarorsz\u00e1g","description":"\u0160koda WeLoveCycling","potentialAction":[{"@type":"SearchAction","target":{"@type":"EntryPoint","urlTemplate":"https:\/\/www.welovecycling.com\/hu\/?s={search_term_string}"},"query-input":{"@type":"PropertyValueSpecification","valueRequired":true,"valueName":"search_term_string"}}],"inLanguage":"hu"},{"@type":"Person","@id":"https:\/\/www.welovecycling.com\/hu\/#\/schema\/person\/414a2aebf1801691a5320edb6468e194","name":"hegyizs","image":{"@type":"ImageObject","inLanguage":"hu","@id":"https:\/\/www.welovecycling.com\/hu\/#\/schema\/person\/image\/","url":"https:\/\/secure.gravatar.com\/avatar\/02cf8a7906b8cf90cecb4679defac7cfd33a1c2e3b88e4903d947f3bb58eedd3?s=96&d=mm&r=g","contentUrl":"https:\/\/secure.gravatar.com\/avatar\/02cf8a7906b8cf90cecb4679defac7cfd33a1c2e3b88e4903d947f3bb58eedd3?s=96&d=mm&r=g","caption":"hegyizs"},"url":"https:\/\/www.welovecycling.com\/hu\/author\/hegyizs\/"}]}},"_links":{"self":[{"href":"https:\/\/www.welovecycling.com\/hu\/wp-json\/wp\/v2\/posts\/18262","targetHints":{"allow":["GET"]}}],"collection":[{"href":"https:\/\/www.welovecycling.com\/hu\/wp-json\/wp\/v2\/posts"}],"about":[{"href":"https:\/\/www.welovecycling.com\/hu\/wp-json\/wp\/v2\/types\/post"}],"author":[{"embeddable":true,"href":"https:\/\/www.welovecycling.com\/hu\/wp-json\/wp\/v2\/users\/71"}],"replies":[{"embeddable":true,"href":"https:\/\/www.welovecycling.com\/hu\/wp-json\/wp\/v2\/comments?post=18262"}],"version-history":[{"count":1,"href":"https:\/\/www.welovecycling.com\/hu\/wp-json\/wp\/v2\/posts\/18262\/revisions"}],"predecessor-version":[{"id":18264,"href":"https:\/\/www.welovecycling.com\/hu\/wp-json\/wp\/v2\/posts\/18262\/revisions\/18264"}],"wp:featuredmedia":[{"embeddable":true,"href":"https:\/\/www.welovecycling.com\/hu\/wp-json\/wp\/v2\/media\/18263"}],"wp:attachment":[{"href":"https:\/\/www.welovecycling.com\/hu\/wp-json\/wp\/v2\/media?parent=18262"}],"wp:term":[{"taxonomy":"category","embeddable":true,"href":"https:\/\/www.welovecycling.com\/hu\/wp-json\/wp\/v2\/categories?post=18262"},{"taxonomy":"post_tag","embeddable":true,"href":"https:\/\/www.welovecycling.com\/hu\/wp-json\/wp\/v2\/tags?post=18262"},{"taxonomy":"global-categories","embeddable":true,"href":"https:\/\/www.welovecycling.com\/hu\/wp-json\/wp\/v2\/global-categories?post=18262"}],"curies":[{"name":"wp","href":"https:\/\/api.w.org\/{rel}","templated":true}]}}