{"id":18259,"date":"2023-12-29T08:00:47","date_gmt":"2023-12-29T06:00:47","guid":{"rendered":"https:\/\/www.welovecycling.com\/hu\/?p=18259"},"modified":"2023-12-15T14:38:51","modified_gmt":"2023-12-15T12:38:51","slug":"112-tour-de-france-utazas-eszak-franciaorszag-szivebe","status":"publish","type":"post","link":"https:\/\/www.welovecycling.com\/hu\/orszaguti-kerekpar\/112-tour-de-france-utazas-eszak-franciaorszag-szivebe\/","title":{"rendered":"112. Tour de France: Utaz\u00e1s \u00c9szak-Franciaorsz\u00e1g sz\u00edv\u00e9be"},"content":{"rendered":"<p><strong>A Lille-ben tartott sajt\u00f3t\u00e1j\u00e9koztat\u00f3n ismertett\u00e9k a 112. Tour de France r\u00e9szleteit, ezeket friss\u00edtj\u00fck most fel: a 2025-\u00f6s Grand D\u00e9part a Hauts-de-France r\u00e9gi\u00f3ban ker\u00fcl megrendez\u00e9sre, \u00e9s t\u00f6bbek k\u00f6z\u00f6tt \u00e1thalad majd a gy\u00f6ny\u00f6r\u0171 Nord megy\u00e9n \u00e9s az eur\u00f3pai metropoliszon, Lille-en. <\/strong><\/p>\n<p><!--more--><\/p>\n<p>A 2025. j\u00falius 5-re tervezett els\u0151 szakaszon a ker\u00e9kp\u00e1rosok Lille-t tekerik majd k\u00f6rbe. A verseny ezut\u00e1n a Pas-de-Calais-on kereszt\u00fcl Lauwin-Planque-t\u00f3l Boulogne-sur-Mer-ig halad majd. A k\u00f6vetkez\u0151 cs\u00facspont Valenciennes lesz, amely 34 \u00e9v ut\u00e1n \u00fajra megjelenik a Tour-on. A harmadik szakasz Dunkerque-ben \u00e9r majd v\u00e9get, amely m\u00e1r t\u00f6bbsz\u00f6r is szerepelt a versenyen. T\u00f6bbek k\u00f6z\u00f6tt ez a v\u00e1ros adott otthont a 2001-es Grand D\u00e9partnak, \u00e9s 2022-ben is itt volt az egyik szakasz rajtvonala. Hauts-de-France-ban v\u00e9g\u00fcl Amiens lesz az utols\u00f3 szakasz, miel\u0151tt tov\u00e1bb halad a verseny.<\/p>\n<p>Ez a verseny \u00c9szak-Franciaorsz\u00e1g ker\u00e9kp\u00e1ros \u00f6r\u00f6ks\u00e9g\u00e9t fogja bemutatni. Olyan nagyszer\u0171 sportol\u00f3k sz\u00e1rmaznak innen, mint Maurice Garin \u00e9s Henri Cornet, az 1900-as \u00e9vek sz\u00e1mos Tour-gy\u0151ztese, valamint Jean Stablinski, a t\u00f6bb mint 100 profi gy\u0151zelmet arat\u00f3 legenda. \u00c9szak-Franciaorsz\u00e1g sz\u00e1mos s\u00e1rga trik\u00f3t visel\u0151 ker\u00e9kp\u00e1rost is kinevelt, ezzel pedig jelent\u0151sen hozz\u00e1j\u00e1rult a sport\u00e1g t\u00f6rt\u00e9nelm\u00e9hez.<\/p>\n<div class=\"embed-controller-wrapper\">\n<blockquote class=\"twitter-tweet\" data-width=\"500\" data-dnt=\"true\">\n<p lang=\"fr\" dir=\"ltr\">\ud83e\udd29 Grand D\u00e9part <a href=\"https:\/\/twitter.com\/hashtag\/TDF2025?src=hash&amp;ref_src=twsrc%5Etfw\">#TDF2025<\/a> Lille &#8211; Nord de France \ud83e\udd29<\/p>\n<p>Stage 1 \ud83d\udea9 <a href=\"https:\/\/twitter.com\/MetropoleLille?ref_src=twsrc%5Etfw\">@MetropoleLille<\/a> &#8211; <a href=\"https:\/\/twitter.com\/MetropoleLille?ref_src=twsrc%5Etfw\">@MetropoleLille<\/a> \ud83c\udfc1<br \/>Stage 2 \ud83d\udea9 Lauwin-Planque &#8211; <a href=\"https:\/\/twitter.com\/Ville_Boulogne?ref_src=twsrc%5Etfw\">@Ville_Boulogne<\/a> \ud83c\udfc1<br \/>Stage 3 \ud83d\udea9 <a href=\"https:\/\/twitter.com\/Valenciennes_?ref_src=twsrc%5Etfw\">@Valenciennes_<\/a> &#8211; <a href=\"https:\/\/twitter.com\/Dunkerque?ref_src=twsrc%5Etfw\">@Dunkerque<\/a> \ud83c\udfc1<br \/>Stage 4 \ud83d\udea9 <a href=\"https:\/\/twitter.com\/AmiensMetropole?ref_src=twsrc%5Etfw\">@AmiensMetropole<\/a> &#8211; ??? <a href=\"https:\/\/t.co\/mjIaATOptI\">pic.twitter.com\/mjIaATOptI<\/a><\/p>\n<p>&mdash; Tour de France\u2122 (@LeTour) <a href=\"https:\/\/twitter.com\/LeTour\/status\/1730182014169456668?ref_src=twsrc%5Etfw\">November 30, 2023<\/a><\/p><\/blockquote>\n<p><script async data-src=\"https:\/\/platform.twitter.com\/widgets.js\" charset=\"utf-8\"><\/script><\/div>\n<p>A P\u00e1rizs-Roubaix-r\u00f3l ismert Hauts-de-France \u00f6t\u00f6dik alkalommal ad otthont a Grand D\u00e9partnak. Az els\u0151 Lille-i szakasz, ahol a s\u00e1rga trik\u00f3\u00e9rt lehet majd versenyezni, d\u00f6nt\u0151 fontoss\u00e1g\u00fa lesz. A szeles k\u00f6r\u00fclm\u00e9nyek \u00e9s az olyan kih\u00edv\u00e1st jelent\u0151 strat\u00e9giai \u00fatvonalak, mint a Notre-Dame-de-Lorette \u00e9s a Mont Cassel lejt\u0151i megteremtik majd a felt\u00e9teleket a h\u0151n \u00e1h\u00edtott trik\u00f3k\u00e9rt folytatott intenz\u00edv k\u00fczdelemhez.<\/p>\n<p>A m\u00e1sodik napon Pas-de-Calais-on kereszt\u00fcl tekernek majd a versenyz\u0151k, hogy Boulogne-sur-Mer-ben c\u00e9lba \u00e9rkezzenek. A hegym\u00e1sz\u00f3kra szabott szakasz alaposan pr\u00f3b\u00e1ra teszi majd a sprintereket a c\u00e9lvonalhoz k\u00f6zeli kem\u00e9ny emelked\u0151ivel. A verseny ezut\u00e1n visszat\u00e9r a Nord megy\u00e9be, \u00e9s Valenciennes-t\u0151l Dunkerque-ig halad majd. Ez a szakasz v\u00e1rhat\u00f3an strat\u00e9gi\u00e1t \u00e9s \u00e1ll\u00f3k\u00e9pess\u00e9get ig\u00e9nyel majd a ker\u00e9kp\u00e1rosokt\u00f3l, k\u00fcl\u00f6n\u00f6sen a Dunkerque k\u00f6zeli kih\u00edv\u00e1sokkal teli finishek miatt.<\/p>\n<p>A verseny v\u00e9g\u00fcl j\u00falius 8-\u00e1n \u00e9r v\u00e9get Amiens-ben, Picardia t\u00f6rt\u00e9nelmi f\u0151v\u00e1ros\u00e1ban, ami a Tour els\u0151 fejezet\u00e9nek v\u00e9g\u00e9t, \u00e9s az epikus verseny k\u00f6vetkez\u0151 szakasz\u00e1nak kezdet\u00e9t jelenti.<\/p>\n","protected":false},"excerpt":{"rendered":"<p>A Lille-ben tartott sajt\u00f3t\u00e1j\u00e9koztat\u00f3n ismertett\u00e9k a 112. Tour de France r\u00e9szleteit, ezeket friss\u00edtj\u00fck most fel: a 2025-\u00f6s Grand D\u00e9part a [&hellip;]<\/p>\n","protected":false},"author":71,"featured_media":18260,"comment_status":"open","ping_status":"open","sticky":false,"template":"","format":"standard","meta":{"footnotes":""},"categories":[8],"tags":[],"global-categories":[],"class_list":["post-18259","post","type-post","status-publish","format-standard","has-post-thumbnail","hentry","category-orszaguti-kerekpar"],"yoast_head":"<!-- This site is optimized with the Yoast SEO Premium plugin v25.3 (Yoast SEO v25.9) - https:\/\/yoast.com\/wordpress\/plugins\/seo\/ -->\n<title>112. Tour de France: Utaz\u00e1s \u00c9szak-Franciaorsz\u00e1g sz\u00edv\u00e9be<\/title>\n<meta name=\"description\" content=\"A Lille-ben tartott sajt\u00f3t\u00e1j\u00e9koztat\u00f3n ismertett\u00e9k a 112. Tour de France r\u00e9szleteit, ezeket friss\u00edtj\u00fck most fel: a 2025-\u00f6s Grand D\u00e9part a Hauts-de-France r\u00e9gi\u00f3ban ker\u00fcl megrendez\u00e9sre, \u00e9s t\u00f6bbek k\u00f6z\u00f6tt \u00e1thalad majd a gy\u00f6ny\u00f6r\u0171 Nord megy\u00e9n \u00e9s az eur\u00f3pai metropoliszon, Lille-en.\" \/>\n<meta name=\"robots\" content=\"index, follow, max-snippet:-1, max-image-preview:large, max-video-preview:-1\" \/>\n<link rel=\"canonical\" href=\"https:\/\/www.welovecycling.com\/hu\/orszaguti-kerekpar\/112-tour-de-france-utazas-eszak-franciaorszag-szivebe\/\" \/>\n<meta property=\"og:locale\" content=\"hu_HU\" \/>\n<meta property=\"og:type\" content=\"article\" \/>\n<meta property=\"og:title\" content=\"112. Tour de France: Utaz\u00e1s \u00c9szak-Franciaorsz\u00e1g sz\u00edv\u00e9be\" \/>\n<meta property=\"og:description\" content=\"A Lille-ben tartott sajt\u00f3t\u00e1j\u00e9koztat\u00f3n ismertett\u00e9k a 112. Tour de France r\u00e9szleteit, ezeket friss\u00edtj\u00fck most fel: a 2025-\u00f6s Grand D\u00e9part a Hauts-de-France r\u00e9gi\u00f3ban ker\u00fcl megrendez\u00e9sre, \u00e9s t\u00f6bbek k\u00f6z\u00f6tt \u00e1thalad majd a gy\u00f6ny\u00f6r\u0171 Nord megy\u00e9n \u00e9s az eur\u00f3pai metropoliszon, Lille-en.\" \/>\n<meta property=\"og:url\" content=\"https:\/\/www.welovecycling.com\/hu\/orszaguti-kerekpar\/112-tour-de-france-utazas-eszak-franciaorszag-szivebe\/\" \/>\n<meta property=\"og:site_name\" content=\"\u0160koda We Love Cycling - Magyarorsz\u00e1g\" \/>\n<meta property=\"article:publisher\" content=\"https:\/\/www.facebook.com\/WeLoveCyclingHungary\/\" \/>\n<meta property=\"article:published_time\" content=\"2023-12-29T06:00:47+00:00\" \/>\n<meta property=\"og:image\" content=\"https:\/\/d2p6e6u75xmxt8.cloudfront.net\/12\/2023\/12\/2022-Tour-de-France-Peloton-profimedia-0705467962-CVR.webp\" \/>\n\t<meta property=\"og:image:width\" content=\"990\" \/>\n\t<meta property=\"og:image:height\" content=\"660\" \/>\n\t<meta property=\"og:image:type\" content=\"image\/webp\" \/>\n<meta name=\"author\" content=\"hegyizs\" \/>\n<meta name=\"twitter:card\" content=\"summary_large_image\" \/>\n<meta name=\"twitter:label1\" content=\"Written by\" \/>\n\t<meta name=\"twitter:data1\" content=\"Monica Buck\" \/>\n\t<meta name=\"twitter:label2\" content=\"Est. reading time\" \/>\n\t<meta name=\"twitter:data2\" content=\"3\" \/>\n<script type=\"application\/ld+json\" class=\"yoast-schema-graph\">{\"@context\":\"https:\/\/schema.org\",\"@graph\":[{\"@type\":\"WebPage\",\"@id\":\"https:\/\/www.welovecycling.com\/hu\/orszaguti-kerekpar\/112-tour-de-france-utazas-eszak-franciaorszag-szivebe\/\",\"url\":\"https:\/\/www.welovecycling.com\/hu\/orszaguti-kerekpar\/112-tour-de-france-utazas-eszak-franciaorszag-szivebe\/\",\"name\":\"112. Tour de France: Utaz\u00e1s \u00c9szak-Franciaorsz\u00e1g sz\u00edv\u00e9be\",\"isPartOf\":{\"@id\":\"https:\/\/www.welovecycling.com\/hu\/#website\"},\"primaryImageOfPage\":{\"@id\":\"https:\/\/www.welovecycling.com\/hu\/orszaguti-kerekpar\/112-tour-de-france-utazas-eszak-franciaorszag-szivebe\/#primaryimage\"},\"image\":{\"@id\":\"https:\/\/www.welovecycling.com\/hu\/orszaguti-kerekpar\/112-tour-de-france-utazas-eszak-franciaorszag-szivebe\/#primaryimage\"},\"thumbnailUrl\":\"https:\/\/d2p6e6u75xmxt8.cloudfront.net\/12\/2023\/12\/2022-Tour-de-France-Peloton-profimedia-0705467962-CVR.webp\",\"datePublished\":\"2023-12-29T06:00:47+00:00\",\"author\":{\"@id\":\"https:\/\/www.welovecycling.com\/hu\/#\/schema\/person\/414a2aebf1801691a5320edb6468e194\"},\"description\":\"A Lille-ben tartott sajt\u00f3t\u00e1j\u00e9koztat\u00f3n ismertett\u00e9k a 112. Tour de France r\u00e9szleteit, ezeket friss\u00edtj\u00fck most fel: a 2025-\u00f6s Grand D\u00e9part a Hauts-de-France r\u00e9gi\u00f3ban ker\u00fcl megrendez\u00e9sre, \u00e9s t\u00f6bbek k\u00f6z\u00f6tt \u00e1thalad majd a gy\u00f6ny\u00f6r\u0171 Nord megy\u00e9n \u00e9s az eur\u00f3pai metropoliszon, Lille-en.\",\"breadcrumb\":{\"@id\":\"https:\/\/www.welovecycling.com\/hu\/orszaguti-kerekpar\/112-tour-de-france-utazas-eszak-franciaorszag-szivebe\/#breadcrumb\"},\"inLanguage\":\"hu\",\"potentialAction\":[{\"@type\":\"ReadAction\",\"target\":[\"https:\/\/www.welovecycling.com\/hu\/orszaguti-kerekpar\/112-tour-de-france-utazas-eszak-franciaorszag-szivebe\/\"]}]},{\"@type\":\"ImageObject\",\"inLanguage\":\"hu\",\"@id\":\"https:\/\/www.welovecycling.com\/hu\/orszaguti-kerekpar\/112-tour-de-france-utazas-eszak-franciaorszag-szivebe\/#primaryimage\",\"url\":\"https:\/\/d2p6e6u75xmxt8.cloudfront.net\/12\/2023\/12\/2022-Tour-de-France-Peloton-profimedia-0705467962-CVR.webp\",\"contentUrl\":\"https:\/\/d2p6e6u75xmxt8.cloudfront.net\/12\/2023\/12\/2022-Tour-de-France-Peloton-profimedia-0705467962-CVR.webp\",\"width\":990,\"height\":660,\"caption\":\"Tour de France\"},{\"@type\":\"BreadcrumbList\",\"@id\":\"https:\/\/www.welovecycling.com\/hu\/orszaguti-kerekpar\/112-tour-de-france-utazas-eszak-franciaorszag-szivebe\/#breadcrumb\",\"itemListElement\":[{\"@type\":\"ListItem\",\"position\":1,\"name\":\"Home\",\"item\":\"https:\/\/www.welovecycling.com\/hu\/\"},{\"@type\":\"ListItem\",\"position\":2,\"name\":\"112. Tour de France: Utaz\u00e1s \u00c9szak-Franciaorsz\u00e1g sz\u00edv\u00e9be\"}]},{\"@type\":\"WebSite\",\"@id\":\"https:\/\/www.welovecycling.com\/hu\/#website\",\"url\":\"https:\/\/www.welovecycling.com\/hu\/\",\"name\":\"\u0160koda We Love Cycling - Magyarorsz\u00e1g\",\"description\":\"\u0160koda WeLoveCycling\",\"potentialAction\":[{\"@type\":\"SearchAction\",\"target\":{\"@type\":\"EntryPoint\",\"urlTemplate\":\"https:\/\/www.welovecycling.com\/hu\/?s={search_term_string}\"},\"query-input\":{\"@type\":\"PropertyValueSpecification\",\"valueRequired\":true,\"valueName\":\"search_term_string\"}}],\"inLanguage\":\"hu\"},{\"@type\":\"Person\",\"@id\":\"https:\/\/www.welovecycling.com\/hu\/#\/schema\/person\/414a2aebf1801691a5320edb6468e194\",\"name\":\"hegyizs\",\"image\":{\"@type\":\"ImageObject\",\"inLanguage\":\"hu\",\"@id\":\"https:\/\/www.welovecycling.com\/hu\/#\/schema\/person\/image\/\",\"url\":\"https:\/\/secure.gravatar.com\/avatar\/02cf8a7906b8cf90cecb4679defac7cfd33a1c2e3b88e4903d947f3bb58eedd3?s=96&d=mm&r=g\",\"contentUrl\":\"https:\/\/secure.gravatar.com\/avatar\/02cf8a7906b8cf90cecb4679defac7cfd33a1c2e3b88e4903d947f3bb58eedd3?s=96&d=mm&r=g\",\"caption\":\"hegyizs\"},\"url\":\"https:\/\/www.welovecycling.com\/hu\/author\/hegyizs\/\"}]}<\/script>\n<!-- \/ Yoast SEO Premium plugin. -->","yoast_head_json":{"title":"112. Tour de France: Utaz\u00e1s \u00c9szak-Franciaorsz\u00e1g sz\u00edv\u00e9be","description":"A Lille-ben tartott sajt\u00f3t\u00e1j\u00e9koztat\u00f3n ismertett\u00e9k a 112. Tour de France r\u00e9szleteit, ezeket friss\u00edtj\u00fck most fel: a 2025-\u00f6s Grand D\u00e9part a Hauts-de-France r\u00e9gi\u00f3ban ker\u00fcl megrendez\u00e9sre, \u00e9s t\u00f6bbek k\u00f6z\u00f6tt \u00e1thalad majd a gy\u00f6ny\u00f6r\u0171 Nord megy\u00e9n \u00e9s az eur\u00f3pai metropoliszon, Lille-en.","robots":{"index":"index","follow":"follow","max-snippet":"max-snippet:-1","max-image-preview":"max-image-preview:large","max-video-preview":"max-video-preview:-1"},"canonical":"https:\/\/www.welovecycling.com\/hu\/orszaguti-kerekpar\/112-tour-de-france-utazas-eszak-franciaorszag-szivebe\/","og_locale":"hu_HU","og_type":"article","og_title":"112. Tour de France: Utaz\u00e1s \u00c9szak-Franciaorsz\u00e1g sz\u00edv\u00e9be","og_description":"A Lille-ben tartott sajt\u00f3t\u00e1j\u00e9koztat\u00f3n ismertett\u00e9k a 112. Tour de France r\u00e9szleteit, ezeket friss\u00edtj\u00fck most fel: a 2025-\u00f6s Grand D\u00e9part a Hauts-de-France r\u00e9gi\u00f3ban ker\u00fcl megrendez\u00e9sre, \u00e9s t\u00f6bbek k\u00f6z\u00f6tt \u00e1thalad majd a gy\u00f6ny\u00f6r\u0171 Nord megy\u00e9n \u00e9s az eur\u00f3pai metropoliszon, Lille-en.","og_url":"https:\/\/www.welovecycling.com\/hu\/orszaguti-kerekpar\/112-tour-de-france-utazas-eszak-franciaorszag-szivebe\/","og_site_name":"\u0160koda We Love Cycling - Magyarorsz\u00e1g","article_publisher":"https:\/\/www.facebook.com\/WeLoveCyclingHungary\/","article_published_time":"2023-12-29T06:00:47+00:00","og_image":[{"width":990,"height":660,"url":"https:\/\/d2p6e6u75xmxt8.cloudfront.net\/12\/2023\/12\/2022-Tour-de-France-Peloton-profimedia-0705467962-CVR.webp","type":"image\/webp"}],"author":"hegyizs","twitter_card":"summary_large_image","twitter_misc":{"Written by":"Monica Buck","Est. reading time":"3"},"schema":{"@context":"https:\/\/schema.org","@graph":[{"@type":"WebPage","@id":"https:\/\/www.welovecycling.com\/hu\/orszaguti-kerekpar\/112-tour-de-france-utazas-eszak-franciaorszag-szivebe\/","url":"https:\/\/www.welovecycling.com\/hu\/orszaguti-kerekpar\/112-tour-de-france-utazas-eszak-franciaorszag-szivebe\/","name":"112. Tour de France: Utaz\u00e1s \u00c9szak-Franciaorsz\u00e1g sz\u00edv\u00e9be","isPartOf":{"@id":"https:\/\/www.welovecycling.com\/hu\/#website"},"primaryImageOfPage":{"@id":"https:\/\/www.welovecycling.com\/hu\/orszaguti-kerekpar\/112-tour-de-france-utazas-eszak-franciaorszag-szivebe\/#primaryimage"},"image":{"@id":"https:\/\/www.welovecycling.com\/hu\/orszaguti-kerekpar\/112-tour-de-france-utazas-eszak-franciaorszag-szivebe\/#primaryimage"},"thumbnailUrl":"https:\/\/d2p6e6u75xmxt8.cloudfront.net\/12\/2023\/12\/2022-Tour-de-France-Peloton-profimedia-0705467962-CVR.webp","datePublished":"2023-12-29T06:00:47+00:00","author":{"@id":"https:\/\/www.welovecycling.com\/hu\/#\/schema\/person\/414a2aebf1801691a5320edb6468e194"},"description":"A Lille-ben tartott sajt\u00f3t\u00e1j\u00e9koztat\u00f3n ismertett\u00e9k a 112. Tour de France r\u00e9szleteit, ezeket friss\u00edtj\u00fck most fel: a 2025-\u00f6s Grand D\u00e9part a Hauts-de-France r\u00e9gi\u00f3ban ker\u00fcl megrendez\u00e9sre, \u00e9s t\u00f6bbek k\u00f6z\u00f6tt \u00e1thalad majd a gy\u00f6ny\u00f6r\u0171 Nord megy\u00e9n \u00e9s az eur\u00f3pai metropoliszon, Lille-en.","breadcrumb":{"@id":"https:\/\/www.welovecycling.com\/hu\/orszaguti-kerekpar\/112-tour-de-france-utazas-eszak-franciaorszag-szivebe\/#breadcrumb"},"inLanguage":"hu","potentialAction":[{"@type":"ReadAction","target":["https:\/\/www.welovecycling.com\/hu\/orszaguti-kerekpar\/112-tour-de-france-utazas-eszak-franciaorszag-szivebe\/"]}]},{"@type":"ImageObject","inLanguage":"hu","@id":"https:\/\/www.welovecycling.com\/hu\/orszaguti-kerekpar\/112-tour-de-france-utazas-eszak-franciaorszag-szivebe\/#primaryimage","url":"https:\/\/d2p6e6u75xmxt8.cloudfront.net\/12\/2023\/12\/2022-Tour-de-France-Peloton-profimedia-0705467962-CVR.webp","contentUrl":"https:\/\/d2p6e6u75xmxt8.cloudfront.net\/12\/2023\/12\/2022-Tour-de-France-Peloton-profimedia-0705467962-CVR.webp","width":990,"height":660,"caption":"Tour de France"},{"@type":"BreadcrumbList","@id":"https:\/\/www.welovecycling.com\/hu\/orszaguti-kerekpar\/112-tour-de-france-utazas-eszak-franciaorszag-szivebe\/#breadcrumb","itemListElement":[{"@type":"ListItem","position":1,"name":"Home","item":"https:\/\/www.welovecycling.com\/hu\/"},{"@type":"ListItem","position":2,"name":"112. Tour de France: Utaz\u00e1s \u00c9szak-Franciaorsz\u00e1g sz\u00edv\u00e9be"}]},{"@type":"WebSite","@id":"https:\/\/www.welovecycling.com\/hu\/#website","url":"https:\/\/www.welovecycling.com\/hu\/","name":"\u0160koda We Love Cycling - Magyarorsz\u00e1g","description":"\u0160koda WeLoveCycling","potentialAction":[{"@type":"SearchAction","target":{"@type":"EntryPoint","urlTemplate":"https:\/\/www.welovecycling.com\/hu\/?s={search_term_string}"},"query-input":{"@type":"PropertyValueSpecification","valueRequired":true,"valueName":"search_term_string"}}],"inLanguage":"hu"},{"@type":"Person","@id":"https:\/\/www.welovecycling.com\/hu\/#\/schema\/person\/414a2aebf1801691a5320edb6468e194","name":"hegyizs","image":{"@type":"ImageObject","inLanguage":"hu","@id":"https:\/\/www.welovecycling.com\/hu\/#\/schema\/person\/image\/","url":"https:\/\/secure.gravatar.com\/avatar\/02cf8a7906b8cf90cecb4679defac7cfd33a1c2e3b88e4903d947f3bb58eedd3?s=96&d=mm&r=g","contentUrl":"https:\/\/secure.gravatar.com\/avatar\/02cf8a7906b8cf90cecb4679defac7cfd33a1c2e3b88e4903d947f3bb58eedd3?s=96&d=mm&r=g","caption":"hegyizs"},"url":"https:\/\/www.welovecycling.com\/hu\/author\/hegyizs\/"}]}},"_links":{"self":[{"href":"https:\/\/www.welovecycling.com\/hu\/wp-json\/wp\/v2\/posts\/18259","targetHints":{"allow":["GET"]}}],"collection":[{"href":"https:\/\/www.welovecycling.com\/hu\/wp-json\/wp\/v2\/posts"}],"about":[{"href":"https:\/\/www.welovecycling.com\/hu\/wp-json\/wp\/v2\/types\/post"}],"author":[{"embeddable":true,"href":"https:\/\/www.welovecycling.com\/hu\/wp-json\/wp\/v2\/users\/71"}],"replies":[{"embeddable":true,"href":"https:\/\/www.welovecycling.com\/hu\/wp-json\/wp\/v2\/comments?post=18259"}],"version-history":[{"count":1,"href":"https:\/\/www.welovecycling.com\/hu\/wp-json\/wp\/v2\/posts\/18259\/revisions"}],"predecessor-version":[{"id":18261,"href":"https:\/\/www.welovecycling.com\/hu\/wp-json\/wp\/v2\/posts\/18259\/revisions\/18261"}],"wp:featuredmedia":[{"embeddable":true,"href":"https:\/\/www.welovecycling.com\/hu\/wp-json\/wp\/v2\/media\/18260"}],"wp:attachment":[{"href":"https:\/\/www.welovecycling.com\/hu\/wp-json\/wp\/v2\/media?parent=18259"}],"wp:term":[{"taxonomy":"category","embeddable":true,"href":"https:\/\/www.welovecycling.com\/hu\/wp-json\/wp\/v2\/categories?post=18259"},{"taxonomy":"post_tag","embeddable":true,"href":"https:\/\/www.welovecycling.com\/hu\/wp-json\/wp\/v2\/tags?post=18259"},{"taxonomy":"global-categories","embeddable":true,"href":"https:\/\/www.welovecycling.com\/hu\/wp-json\/wp\/v2\/global-categories?post=18259"}],"curies":[{"name":"wp","href":"https:\/\/api.w.org\/{rel}","templated":true}]}}