{"id":18251,"date":"2023-12-22T08:00:28","date_gmt":"2023-12-22T06:00:28","guid":{"rendered":"https:\/\/www.welovecycling.com\/hu\/?p=18251"},"modified":"2023-12-15T14:36:10","modified_gmt":"2023-12-15T12:36:10","slug":"fatbike-5-ok-amiert-ki-kell-probalnod","status":"publish","type":"post","link":"https:\/\/www.welovecycling.com\/hu\/edzes-es-eletmod\/fatbike-5-ok-amiert-ki-kell-probalnod\/","title":{"rendered":"Fatbike: 5 ok, ami\u00e9rt ki kell pr\u00f3b\u00e1lnod"},"content":{"rendered":"<p><strong>Mostan\u00e1ban te is t\u00f6bbsz\u00f6r l\u00e1tsz ilyen furcsa, vastag abroncs\u00fa bicikliket? Amint leesett az els\u0151 h\u00f3,a fatbike tulajdonosok ism\u00e9t ki\u00e9lvezhetik ezt a igaz\u00e1n sz\u00f3rakoztat\u00f3nak t\u0171n\u0151 sportot. \u00c9s tal\u00e1n id\u00e9n neked is ki kellene pr\u00f3b\u00e1lnod! \u00cdme n\u00e9h\u00e1ny ok, ami\u00e9rt \u00e9rdemes lehet adni egy es\u00e9lyt a fatbike-oknak.<\/strong><\/p>\n<p><!--more--><\/p>\n<h2><strong>Sz\u00f3rakoztat\u00f3ak \u00e9s izgalmasak<\/strong><\/h2>\n<p>A Fatbike-ok t\u00f6k\u00e9letesek, ha szeretn\u00e9l \u00faj dolgokat felfedezni \u00e9s \u00fagy kir\u00e1ndulni, ahogy m\u00e9g soha. A sz\u00e9les abroncsok extra tapad\u00e1st biztos\u00edtanak, lehet\u0151v\u00e9 t\u00e9ve, hogy olyan terepeken tekerj, ahol a hagyom\u00e1nyos abroncsok els\u00fcllyedn\u00e9nek. A Fatbike-ok abroncsaiban alacsony a nyom\u00e1s, ez pedig lehet\u0151v\u00e9 teszi, hogy nagyobb stabilit\u00e1ssal guruljanak \u00e1t akad\u00e1lyokon, \u00edgy alkalmasak k\u00fcl\u00f6nb\u00f6z\u0151 terepekre, bele\u00e9rtve a havat, homokot, sarat \u00e9s nedves aszfaltot is. Egyszer\u0171en fogalmazva, a legizgalmasabb \u00f6sv\u00e9nyekre is elmer\u00e9szkedhetsz, \u00e9s sz\u00e1mos \u00faj ter\u00fcletet fedezhetsz fel, ha fatbike-on tekersz.<\/p>\n<p>https:\/\/www.instagram.com\/p\/CpfTQRTMELA\/<\/p>\n<h2><strong>J\u00f3l passzolnak m\u00e1s t\u00e9li sportokhoz is<\/strong><\/h2>\n<p>A hideg t\u00e9li id\u0151ben nehezebb fenntartani az edzetts\u00e9gi szinted. A Fatbike-ok k\u00e9t m\u00f3don is seg\u00edthetnek ebben. Remek lehet\u0151s\u00e9get k\u00edn\u00e1l intenz\u00edv edz\u00e9sekhez, amelyek sok kal\u00f3ri\u00e1t \u00e9getnek, de nem ig\u00e9nyelnek hossz\u00fa regener\u00e1l\u00f3d\u00e1si id\u0151t. A hidegben val\u00f3 bicikliz\u00e9s sor\u00e1n a testednek sok energi\u00e1t kell felhaszn\u00e1lnia, hogy a magh\u0151m\u00e9rs\u00e9kletet fenntartsa, de a regener\u00e1ci\u00f3 m\u00e9g \u00edgy is sokkal gyorsabb, mint fut\u00e1s vagy s\u00edel\u00e9s ut\u00e1n.<\/p>\n<div class=\"embed-controller-wrapper\">\n<blockquote class=\"twitter-tweet\" data-width=\"500\" data-dnt=\"true\">\n<p lang=\"en\" dir=\"ltr\">Tell me again why winter should prevent us doing things in a sustainable manner?<\/p>\n<p>This is <a href=\"https:\/\/twitter.com\/hashtag\/Oulu?src=hash&amp;ref_src=twsrc%5Etfw\">#Oulu<\/a>, a cycling city with more than 950km well maintained cycling paths. We have also 350km well maintained skiing paths and many of them are easily accessible by bike. <a href=\"https:\/\/twitter.com\/oulunkaupunki?ref_src=twsrc%5Etfw\">@oulunkaupunki<\/a> <a href=\"https:\/\/t.co\/4brydmH2Zb\">pic.twitter.com\/4brydmH2Zb<\/a><\/p>\n<p>&mdash; Harri Vaarala (@harrivaarala) <a href=\"https:\/\/twitter.com\/harrivaarala\/status\/1731015944783138888?ref_src=twsrc%5Etfw\">December 2, 2023<\/a><\/p><\/blockquote>\n<p><script async data-src=\"https:\/\/platform.twitter.com\/widgets.js\" charset=\"utf-8\"><\/script><\/div>\n<h2><strong>Megtapasztalhatod az alacsony abroncsnyom\u00e1st<\/strong><\/h2>\n<p>Hogy mennyire g\u00f6rd\u00fcl k\u00f6nnyen a ker\u00e9kp\u00e1rod a homokon vagy a h\u00f3ban, az mind az abroncsnyom\u00e1sodt\u00f3l f\u00fcgg. Amikor fatbike-kal tekersz h\u00f3ban, ak\u00e1r 0,3-0,5 barra is leviheted. Egy \u00e1tlagos terepen 0,5-0,9 bar k\u00f6z\u00f6tti az \u00e1ltal\u00e1nos. Nagyon m\u00e1s \u00e9rz\u00e9s, mint a tipikus 6-9 barral tekerni, amit a hegyiker\u00e9kp\u00e1rok vagy az orsz\u00e1g\u00fatik eset\u00e9ben a megszokott. Ennyire alacsony abroncsnyom\u00e1s nemcsak jav\u00edtja a stabilit\u00e1st, hanem nagyon k\u00e9nyelmes is. A gy\u00f6kerek \u00e9s a k\u00f6vek \u00edgy nem jelentenek probl\u00e9m\u00e1t. Sokkal hosszabb ideig tudsz teh\u00e1t a bring\u00e1n maradni an\u00e9lk\u00fcl, hogy kif\u00e1rasztana terep.<\/p>\n<h2><strong>N\u00f6velik az \u00f6nbizalmad<\/strong><\/h2>\n<p>Tudod, mi a stabilabb ker\u00e9kp\u00e1rkezel\u00e9s, a jobb ir\u00e1ny\u00edthat\u00f3s\u00e1g \u00e9s a magasabb k\u00e9nyelem eredm\u00e9nye? T\u00f6bb \u00f6nbizalom! Ha fatbike-on tekersz, b\u00e1rmilyen akad\u00e1lyt k\u00e9pes vagy lek\u00fczdeni S\u00e1ros foly\u00f3meder, friss h\u00f3 vagy vad lejt\u0151k? Semmi gond. \u00c9s a fatbike el\u0151nyeit m\u00e9g a v\u00e1rosban is \u00e9lvezheted. Nem kell agg\u00f3dnod az \u00fathib\u00e1k, reped\u00e9sek vagy bukkan\u00f3k miatt!<\/p>\n<h2><strong>Egy \u00fajabb ok, hogy haszn\u00e1ld a t\u00e9li felszerel\u00e9sed<\/strong><\/h2>\n<p>A t\u00e9l t\u00f6k\u00e9letes id\u0151szak a fatbike kipr\u00f3b\u00e1l\u00e1s\u00e1hoz, hiszen remek lehet\u0151s\u00e9get k\u00edn\u00e1l arra, hogy haszn\u00e1ld a t\u00e9li ruh\u00e1zatodat \u00e9s felszerel\u00e9sedet. Gyakorlatilag \u00fagy \u00f6lt\u00f6zhetsz, mintha s\u00edelni menn\u00e9l. A r\u00e9teges \u00f6lt\u00f6zk\u00f6d\u00e9s kulcsfontoss\u00e1g\u00fa hidegben: haszn\u00e1lj ki minden ker\u00e9kp\u00e1ros ruh\u00e1zatot, amit csak tal\u00e1lsz otthon, vagy helyettes\u00edts n\u00e9h\u00e1ny r\u00e9teget m\u00e1s sportruh\u00e1kkal! Ahhoz, hogy t\u00e9nyleg k\u00e9nyelmes legyen fatbike-ozni, kulcsfontoss\u00e1g\u00fa, hogy melegen tartd a fejed, a l\u00e1bad \u00e9s a kezed. H\u00fazz k\u00e9t p\u00e1r keszty\u0171t, a cip\u0151k f\u00f6l\u00e9 meleg\u00edt\u0151t, \u00e9s kend\u0151t a f\u00fclre \u00e9s a nyakra! Ha igaz\u00e1n hideg van, ak\u00e1r le is cser\u00e9lheted a ker\u00e9kp\u00e1ros sisakod egy s\u00edsisakra. Emellett ez a legjobb alkalom arra, hogy kipr\u00f3b\u00e1ld a h\u0151szigetelt palackokat is, a meleg m\u00e9zes tea soha nem esett m\u00e9g ilyen j\u00f3l!<\/p>\n","protected":false},"excerpt":{"rendered":"<p>Mostan\u00e1ban te is t\u00f6bbsz\u00f6r l\u00e1tsz ilyen furcsa, vastag abroncs\u00fa bicikliket? Amint leesett az els\u0151 h\u00f3,a fatbike tulajdonosok ism\u00e9t ki\u00e9lvezhetik ezt [&hellip;]<\/p>\n","protected":false},"author":71,"featured_media":18252,"comment_status":"open","ping_status":"open","sticky":false,"template":"","format":"standard","meta":{"footnotes":""},"categories":[6],"tags":[],"global-categories":[],"class_list":["post-18251","post","type-post","status-publish","format-standard","has-post-thumbnail","hentry","category-edzes-es-eletmod"],"yoast_head":"<!-- This site is optimized with the Yoast SEO Premium plugin v25.3 (Yoast SEO v25.9) - https:\/\/yoast.com\/wordpress\/plugins\/seo\/ -->\n<title>Fatbike: 5 ok, ami\u00e9rt ki kell pr\u00f3b\u00e1lnod - \u0160koda We Love Cycling - Magyarorsz\u00e1g<\/title>\n<meta name=\"robots\" content=\"index, follow, max-snippet:-1, max-image-preview:large, max-video-preview:-1\" \/>\n<link rel=\"canonical\" href=\"https:\/\/www.welovecycling.com\/hu\/edzes-es-eletmod\/fatbike-5-ok-amiert-ki-kell-probalnod\/\" \/>\n<meta property=\"og:locale\" content=\"hu_HU\" \/>\n<meta property=\"og:type\" content=\"article\" \/>\n<meta property=\"og:title\" content=\"Fatbike: 5 ok, ami\u00e9rt ki kell pr\u00f3b\u00e1lnod\" \/>\n<meta property=\"og:description\" content=\"Mostan\u00e1ban te is t\u00f6bbsz\u00f6r l\u00e1tsz ilyen furcsa, vastag abroncs\u00fa bicikliket? Amint leesett az els\u0151 h\u00f3,a fatbike tulajdonosok ism\u00e9t ki\u00e9lvezhetik ezt [&hellip;]\" \/>\n<meta property=\"og:url\" content=\"https:\/\/www.welovecycling.com\/hu\/edzes-es-eletmod\/fatbike-5-ok-amiert-ki-kell-probalnod\/\" \/>\n<meta property=\"og:site_name\" content=\"\u0160koda We Love Cycling - Magyarorsz\u00e1g\" \/>\n<meta property=\"article:publisher\" content=\"https:\/\/www.facebook.com\/WeLoveCyclingHungary\/\" \/>\n<meta property=\"article:published_time\" content=\"2023-12-22T06:00:28+00:00\" \/>\n<meta property=\"og:image\" content=\"https:\/\/d2p6e6u75xmxt8.cloudfront.net\/12\/2023\/12\/Fatbike-profimedia-0826576343-CVR.webp\" \/>\n\t<meta property=\"og:image:width\" content=\"990\" \/>\n\t<meta property=\"og:image:height\" content=\"660\" \/>\n\t<meta property=\"og:image:type\" content=\"image\/webp\" \/>\n<meta name=\"author\" content=\"hegyizs\" \/>\n<meta name=\"twitter:card\" content=\"summary_large_image\" \/>\n<meta name=\"twitter:label1\" content=\"Written by\" \/>\n\t<meta name=\"twitter:data1\" content=\"Jiri Kaloc\" \/>\n\t<meta name=\"twitter:label2\" content=\"Est. reading time\" \/>\n\t<meta name=\"twitter:data2\" content=\"4\" \/>\n<script type=\"application\/ld+json\" class=\"yoast-schema-graph\">{\"@context\":\"https:\/\/schema.org\",\"@graph\":[{\"@type\":\"WebPage\",\"@id\":\"https:\/\/www.welovecycling.com\/hu\/edzes-es-eletmod\/fatbike-5-ok-amiert-ki-kell-probalnod\/\",\"url\":\"https:\/\/www.welovecycling.com\/hu\/edzes-es-eletmod\/fatbike-5-ok-amiert-ki-kell-probalnod\/\",\"name\":\"Fatbike: 5 ok, ami\u00e9rt ki kell pr\u00f3b\u00e1lnod - \u0160koda We Love Cycling - Magyarorsz\u00e1g\",\"isPartOf\":{\"@id\":\"https:\/\/www.welovecycling.com\/hu\/#website\"},\"primaryImageOfPage\":{\"@id\":\"https:\/\/www.welovecycling.com\/hu\/edzes-es-eletmod\/fatbike-5-ok-amiert-ki-kell-probalnod\/#primaryimage\"},\"image\":{\"@id\":\"https:\/\/www.welovecycling.com\/hu\/edzes-es-eletmod\/fatbike-5-ok-amiert-ki-kell-probalnod\/#primaryimage\"},\"thumbnailUrl\":\"https:\/\/d2p6e6u75xmxt8.cloudfront.net\/12\/2023\/12\/Fatbike-profimedia-0826576343-CVR.webp\",\"datePublished\":\"2023-12-22T06:00:28+00:00\",\"author\":{\"@id\":\"https:\/\/www.welovecycling.com\/hu\/#\/schema\/person\/414a2aebf1801691a5320edb6468e194\"},\"breadcrumb\":{\"@id\":\"https:\/\/www.welovecycling.com\/hu\/edzes-es-eletmod\/fatbike-5-ok-amiert-ki-kell-probalnod\/#breadcrumb\"},\"inLanguage\":\"hu\",\"potentialAction\":[{\"@type\":\"ReadAction\",\"target\":[\"https:\/\/www.welovecycling.com\/hu\/edzes-es-eletmod\/fatbike-5-ok-amiert-ki-kell-probalnod\/\"]}]},{\"@type\":\"ImageObject\",\"inLanguage\":\"hu\",\"@id\":\"https:\/\/www.welovecycling.com\/hu\/edzes-es-eletmod\/fatbike-5-ok-amiert-ki-kell-probalnod\/#primaryimage\",\"url\":\"https:\/\/d2p6e6u75xmxt8.cloudfront.net\/12\/2023\/12\/Fatbike-profimedia-0826576343-CVR.webp\",\"contentUrl\":\"https:\/\/d2p6e6u75xmxt8.cloudfront.net\/12\/2023\/12\/Fatbike-profimedia-0826576343-CVR.webp\",\"width\":990,\"height\":660,\"caption\":\"Fatbike\"},{\"@type\":\"BreadcrumbList\",\"@id\":\"https:\/\/www.welovecycling.com\/hu\/edzes-es-eletmod\/fatbike-5-ok-amiert-ki-kell-probalnod\/#breadcrumb\",\"itemListElement\":[{\"@type\":\"ListItem\",\"position\":1,\"name\":\"Home\",\"item\":\"https:\/\/www.welovecycling.com\/hu\/\"},{\"@type\":\"ListItem\",\"position\":2,\"name\":\"Fatbike: 5 ok, ami\u00e9rt ki kell pr\u00f3b\u00e1lnod\"}]},{\"@type\":\"WebSite\",\"@id\":\"https:\/\/www.welovecycling.com\/hu\/#website\",\"url\":\"https:\/\/www.welovecycling.com\/hu\/\",\"name\":\"\u0160koda We Love Cycling - Magyarorsz\u00e1g\",\"description\":\"\u0160koda WeLoveCycling\",\"potentialAction\":[{\"@type\":\"SearchAction\",\"target\":{\"@type\":\"EntryPoint\",\"urlTemplate\":\"https:\/\/www.welovecycling.com\/hu\/?s={search_term_string}\"},\"query-input\":{\"@type\":\"PropertyValueSpecification\",\"valueRequired\":true,\"valueName\":\"search_term_string\"}}],\"inLanguage\":\"hu\"},{\"@type\":\"Person\",\"@id\":\"https:\/\/www.welovecycling.com\/hu\/#\/schema\/person\/414a2aebf1801691a5320edb6468e194\",\"name\":\"hegyizs\",\"image\":{\"@type\":\"ImageObject\",\"inLanguage\":\"hu\",\"@id\":\"https:\/\/www.welovecycling.com\/hu\/#\/schema\/person\/image\/\",\"url\":\"https:\/\/secure.gravatar.com\/avatar\/02cf8a7906b8cf90cecb4679defac7cfd33a1c2e3b88e4903d947f3bb58eedd3?s=96&d=mm&r=g\",\"contentUrl\":\"https:\/\/secure.gravatar.com\/avatar\/02cf8a7906b8cf90cecb4679defac7cfd33a1c2e3b88e4903d947f3bb58eedd3?s=96&d=mm&r=g\",\"caption\":\"hegyizs\"},\"url\":\"https:\/\/www.welovecycling.com\/hu\/author\/hegyizs\/\"}]}<\/script>\n<!-- \/ Yoast SEO Premium plugin. -->","yoast_head_json":{"title":"Fatbike: 5 ok, ami\u00e9rt ki kell pr\u00f3b\u00e1lnod - \u0160koda We Love Cycling - Magyarorsz\u00e1g","robots":{"index":"index","follow":"follow","max-snippet":"max-snippet:-1","max-image-preview":"max-image-preview:large","max-video-preview":"max-video-preview:-1"},"canonical":"https:\/\/www.welovecycling.com\/hu\/edzes-es-eletmod\/fatbike-5-ok-amiert-ki-kell-probalnod\/","og_locale":"hu_HU","og_type":"article","og_title":"Fatbike: 5 ok, ami\u00e9rt ki kell pr\u00f3b\u00e1lnod","og_description":"Mostan\u00e1ban te is t\u00f6bbsz\u00f6r l\u00e1tsz ilyen furcsa, vastag abroncs\u00fa bicikliket? Amint leesett az els\u0151 h\u00f3,a fatbike tulajdonosok ism\u00e9t ki\u00e9lvezhetik ezt [&hellip;]","og_url":"https:\/\/www.welovecycling.com\/hu\/edzes-es-eletmod\/fatbike-5-ok-amiert-ki-kell-probalnod\/","og_site_name":"\u0160koda We Love Cycling - Magyarorsz\u00e1g","article_publisher":"https:\/\/www.facebook.com\/WeLoveCyclingHungary\/","article_published_time":"2023-12-22T06:00:28+00:00","og_image":[{"width":990,"height":660,"url":"https:\/\/d2p6e6u75xmxt8.cloudfront.net\/12\/2023\/12\/Fatbike-profimedia-0826576343-CVR.webp","type":"image\/webp"}],"author":"hegyizs","twitter_card":"summary_large_image","twitter_misc":{"Written by":"Jiri Kaloc","Est. reading time":"4"},"schema":{"@context":"https:\/\/schema.org","@graph":[{"@type":"WebPage","@id":"https:\/\/www.welovecycling.com\/hu\/edzes-es-eletmod\/fatbike-5-ok-amiert-ki-kell-probalnod\/","url":"https:\/\/www.welovecycling.com\/hu\/edzes-es-eletmod\/fatbike-5-ok-amiert-ki-kell-probalnod\/","name":"Fatbike: 5 ok, ami\u00e9rt ki kell pr\u00f3b\u00e1lnod - \u0160koda We Love Cycling - Magyarorsz\u00e1g","isPartOf":{"@id":"https:\/\/www.welovecycling.com\/hu\/#website"},"primaryImageOfPage":{"@id":"https:\/\/www.welovecycling.com\/hu\/edzes-es-eletmod\/fatbike-5-ok-amiert-ki-kell-probalnod\/#primaryimage"},"image":{"@id":"https:\/\/www.welovecycling.com\/hu\/edzes-es-eletmod\/fatbike-5-ok-amiert-ki-kell-probalnod\/#primaryimage"},"thumbnailUrl":"https:\/\/d2p6e6u75xmxt8.cloudfront.net\/12\/2023\/12\/Fatbike-profimedia-0826576343-CVR.webp","datePublished":"2023-12-22T06:00:28+00:00","author":{"@id":"https:\/\/www.welovecycling.com\/hu\/#\/schema\/person\/414a2aebf1801691a5320edb6468e194"},"breadcrumb":{"@id":"https:\/\/www.welovecycling.com\/hu\/edzes-es-eletmod\/fatbike-5-ok-amiert-ki-kell-probalnod\/#breadcrumb"},"inLanguage":"hu","potentialAction":[{"@type":"ReadAction","target":["https:\/\/www.welovecycling.com\/hu\/edzes-es-eletmod\/fatbike-5-ok-amiert-ki-kell-probalnod\/"]}]},{"@type":"ImageObject","inLanguage":"hu","@id":"https:\/\/www.welovecycling.com\/hu\/edzes-es-eletmod\/fatbike-5-ok-amiert-ki-kell-probalnod\/#primaryimage","url":"https:\/\/d2p6e6u75xmxt8.cloudfront.net\/12\/2023\/12\/Fatbike-profimedia-0826576343-CVR.webp","contentUrl":"https:\/\/d2p6e6u75xmxt8.cloudfront.net\/12\/2023\/12\/Fatbike-profimedia-0826576343-CVR.webp","width":990,"height":660,"caption":"Fatbike"},{"@type":"BreadcrumbList","@id":"https:\/\/www.welovecycling.com\/hu\/edzes-es-eletmod\/fatbike-5-ok-amiert-ki-kell-probalnod\/#breadcrumb","itemListElement":[{"@type":"ListItem","position":1,"name":"Home","item":"https:\/\/www.welovecycling.com\/hu\/"},{"@type":"ListItem","position":2,"name":"Fatbike: 5 ok, ami\u00e9rt ki kell pr\u00f3b\u00e1lnod"}]},{"@type":"WebSite","@id":"https:\/\/www.welovecycling.com\/hu\/#website","url":"https:\/\/www.welovecycling.com\/hu\/","name":"\u0160koda We Love Cycling - Magyarorsz\u00e1g","description":"\u0160koda WeLoveCycling","potentialAction":[{"@type":"SearchAction","target":{"@type":"EntryPoint","urlTemplate":"https:\/\/www.welovecycling.com\/hu\/?s={search_term_string}"},"query-input":{"@type":"PropertyValueSpecification","valueRequired":true,"valueName":"search_term_string"}}],"inLanguage":"hu"},{"@type":"Person","@id":"https:\/\/www.welovecycling.com\/hu\/#\/schema\/person\/414a2aebf1801691a5320edb6468e194","name":"hegyizs","image":{"@type":"ImageObject","inLanguage":"hu","@id":"https:\/\/www.welovecycling.com\/hu\/#\/schema\/person\/image\/","url":"https:\/\/secure.gravatar.com\/avatar\/02cf8a7906b8cf90cecb4679defac7cfd33a1c2e3b88e4903d947f3bb58eedd3?s=96&d=mm&r=g","contentUrl":"https:\/\/secure.gravatar.com\/avatar\/02cf8a7906b8cf90cecb4679defac7cfd33a1c2e3b88e4903d947f3bb58eedd3?s=96&d=mm&r=g","caption":"hegyizs"},"url":"https:\/\/www.welovecycling.com\/hu\/author\/hegyizs\/"}]}},"_links":{"self":[{"href":"https:\/\/www.welovecycling.com\/hu\/wp-json\/wp\/v2\/posts\/18251","targetHints":{"allow":["GET"]}}],"collection":[{"href":"https:\/\/www.welovecycling.com\/hu\/wp-json\/wp\/v2\/posts"}],"about":[{"href":"https:\/\/www.welovecycling.com\/hu\/wp-json\/wp\/v2\/types\/post"}],"author":[{"embeddable":true,"href":"https:\/\/www.welovecycling.com\/hu\/wp-json\/wp\/v2\/users\/71"}],"replies":[{"embeddable":true,"href":"https:\/\/www.welovecycling.com\/hu\/wp-json\/wp\/v2\/comments?post=18251"}],"version-history":[{"count":1,"href":"https:\/\/www.welovecycling.com\/hu\/wp-json\/wp\/v2\/posts\/18251\/revisions"}],"predecessor-version":[{"id":18253,"href":"https:\/\/www.welovecycling.com\/hu\/wp-json\/wp\/v2\/posts\/18251\/revisions\/18253"}],"wp:featuredmedia":[{"embeddable":true,"href":"https:\/\/www.welovecycling.com\/hu\/wp-json\/wp\/v2\/media\/18252"}],"wp:attachment":[{"href":"https:\/\/www.welovecycling.com\/hu\/wp-json\/wp\/v2\/media?parent=18251"}],"wp:term":[{"taxonomy":"category","embeddable":true,"href":"https:\/\/www.welovecycling.com\/hu\/wp-json\/wp\/v2\/categories?post=18251"},{"taxonomy":"post_tag","embeddable":true,"href":"https:\/\/www.welovecycling.com\/hu\/wp-json\/wp\/v2\/tags?post=18251"},{"taxonomy":"global-categories","embeddable":true,"href":"https:\/\/www.welovecycling.com\/hu\/wp-json\/wp\/v2\/global-categories?post=18251"}],"curies":[{"name":"wp","href":"https:\/\/api.w.org\/{rel}","templated":true}]}}