{"id":18235,"date":"2023-12-08T16:23:47","date_gmt":"2023-12-08T14:23:47","guid":{"rendered":"https:\/\/www.welovecycling.com\/hu\/?p=18235"},"modified":"2023-12-08T16:23:47","modified_gmt":"2023-12-08T14:23:47","slug":"vas-kata-blanka-mar-versenyez-a-mutet-sem-torte-meg-a-lenduletet","status":"publish","type":"post","link":"https:\/\/www.welovecycling.com\/hu\/orszaguti-kerekpar\/vas-kata-blanka-mar-versenyez-a-mutet-sem-torte-meg-a-lenduletet\/","title":{"rendered":"Vas Kata Blanka m\u00e1r versenyez, a m\u0171t\u00e9t sem t\u00f6rte meg a lend\u00fclet\u00e9t"},"content":{"rendered":"<p><strong>Legjobb n\u0151i ker\u00e9kp\u00e1rosunk nagyon hamar fel\u00e9p\u00fclt kulcscsontt\u00f6r\u00e9s\u00e9t k\u00f6vet\u0151en, m\u00e1r k\u00e9t versenyen is t\u00fal van, h\u00e9tv\u00e9g\u00e9n m\u00e1r a dobog\u00f3\u00e9rt tekerhetett.<\/strong><!--more--><\/p>\n<p>Amikor Vas Kata Blanka okt\u00f3ber k\u00f6zep\u00e9n egy edz\u00e9sbalesetben kulcscsontj\u00e1t t\u00f6rte, \u00e9s gyors m\u0171t\u00e9tre is sz\u00fcks\u00e9g volt, t\u00f6bben att\u00f3l tartottak, hosszabb kihagy\u00e1s is v\u00e1rhat az egyik kedvenc m\u0171faj\u00e1ra, a cyclocrossra edz\u0151 magyar klasszisra (aki a szak\u00e1gi id\u00e9ny\u00e9t kiv\u00e1l\u00f3an kezdte, a hollandiai, oisterwijki eur\u00f3pai nyit\u00e1nyt meg is nyerte). Szerencs\u00e9re egy\u00e1ltal\u00e1n nem \u00edgy lett: a belgiumi oper\u00e1ci\u00f3 kiv\u00e1l\u00f3an siker\u00fclt, olyannyira, hogy Blanka m\u00e1r a h\u00f3nap v\u00e9g\u00e9n vissza is \u00fclhetett a nyeregbe. Akkor az M1-nek azt nyilatkozta, <em>\u201en\u00e9h\u00e1ny verseny most kimarad, de j\u00f6hetett volna egy rosszabb pillanatban is ez a s\u00e9r\u00fcl\u00e9s. M\u00e9g mindig jobb most, mintha az olimpia vagy a vil\u00e1gbajnoks\u00e1g el\u0151tt t\u00f6rt\u00e9nt volna, \u00edgy legal\u00e1bb pihenek kicsit. A c\u00e9l, hogy min\u00e9l gyorsabban gy\u00f3gyuljak. Napr\u00f3l napra jobban \u00e9rzem magam. Az orvos azt mondta, a legkor\u00e1bbi id\u0151pont, amikor tal\u00e1n \u00fajra versenyezhetek, az november 25-e, ez nem olyan rossz szerintem.\u201d<\/em><\/p>\n<p><img loading=\"lazy\" decoding=\"async\" class=\"alignnone size-large wp-image-18237\" src=\"https:\/\/d2p6e6u75xmxt8.cloudfront.net\/12\/2023\/12\/blanka-vas-6561f314d7daa-1024x683.webp\" alt=\"\" width=\"1024\" height=\"683\" srcset=\"https:\/\/d2p6e6u75xmxt8.cloudfront.net\/12\/2023\/12\/blanka-vas-6561f314d7daa-1024x683.webp 1024w, https:\/\/d2p6e6u75xmxt8.cloudfront.net\/12\/2023\/12\/blanka-vas-6561f314d7daa-300x200.webp 300w, https:\/\/d2p6e6u75xmxt8.cloudfront.net\/12\/2023\/12\/blanka-vas-6561f314d7daa-768x512.webp 768w, https:\/\/d2p6e6u75xmxt8.cloudfront.net\/12\/2023\/12\/blanka-vas-6561f314d7daa-400x267.webp 400w, https:\/\/d2p6e6u75xmxt8.cloudfront.net\/12\/2023\/12\/blanka-vas-6561f314d7daa-272x182.webp 272w, https:\/\/d2p6e6u75xmxt8.cloudfront.net\/12\/2023\/12\/blanka-vas-6561f314d7daa.webp 1200w\" sizes=\"auto, (max-width: 1024px) 100vw, 1024px\" \/><\/p>\n<p>A doktoroknak v\u00e9g\u00fcl igazuk lett, a 22 \u00e9ves versenyz\u0151 a november 25-i, kortrijki versenyen m\u00e1r rajthoz \u00e1llhatott, \u00e9s a hathetes kihagy\u00e1st k\u00f6vet\u0151en egyb\u0151l egy 7. hellyel jelezte, nem t\u00f6rte meg a lend\u00fclet\u00e9t a k\u00e9nyszer\u0171 pihen\u0151. A h\u00e9tv\u00e9g\u00e9n azt\u00e1n tov\u00e1bb folytatta szerepl\u00e9s\u00e9t, szombaton ism\u00e9t Belgiumban, a Superprestige Boomon m\u00e1r konkr\u00e9tan a dobog\u00f3\u00e9rt harcolt: a fagyos terepen t\u00f6bbsz\u00f6r is be-bet\u00e1madta riv\u00e1lisait az \u00e9llovas du\u00f3t \u00fcld\u00f6zve, v\u00e9g\u00fcl az utols\u00f3 k\u00f6rben n\u00e9h\u00e1ny kisebb hib\u00e1t elk\u00f6vetve a hetedik helyen j\u00f6tt meg \u2013 hat holland m\u00f6g\u00f6tt az els\u0151 nem hollandk\u00e9nt\u2026 M\u00e1snap m\u00e1r a franciaorsz\u00e1gi Flamanville-ben versenyzett, jelezve, hogy a dupl\u00e1z\u00e1s sem gond neki, itt a 13. helyen z\u00e1rt, de egyel\u0151re nem is a sz\u00e1mszer\u0171 eredm\u00e9nyek a l\u00e9nyegesek, hanem a visszaszok\u00e1s.<\/p>\n<p><img loading=\"lazy\" decoding=\"async\" class=\"alignnone size-large wp-image-18239\" src=\"https:\/\/d2p6e6u75xmxt8.cloudfront.net\/12\/2023\/12\/vas-blanka-visszatert-kulcscsonttorese-utan-1024x576.webp\" alt=\"\" width=\"1024\" height=\"576\" srcset=\"https:\/\/d2p6e6u75xmxt8.cloudfront.net\/12\/2023\/12\/vas-blanka-visszatert-kulcscsonttorese-utan-1024x576.webp 1024w, https:\/\/d2p6e6u75xmxt8.cloudfront.net\/12\/2023\/12\/vas-blanka-visszatert-kulcscsonttorese-utan-300x169.webp 300w, https:\/\/d2p6e6u75xmxt8.cloudfront.net\/12\/2023\/12\/vas-blanka-visszatert-kulcscsonttorese-utan-768x432.webp 768w, https:\/\/d2p6e6u75xmxt8.cloudfront.net\/12\/2023\/12\/vas-blanka-visszatert-kulcscsonttorese-utan-400x225.webp 400w, https:\/\/d2p6e6u75xmxt8.cloudfront.net\/12\/2023\/12\/vas-blanka-visszatert-kulcscsonttorese-utan.webp 1440w\" sizes=\"auto, (max-width: 1024px) 100vw, 1024px\" \/><\/p>\n<p>Ahogy Blanka az Eurosportnak elmondta: <em>\u201eAz okt\u00f3ber v\u00e9gi m\u0171t\u00e9t ut\u00e1n szerintem maximum \u00f6t olyan napom volt, amikor nem tudtam ker\u00e9kp\u00e1rra \u00fclni. Azt\u00e1n elkezdtem g\u00f6rg\u0151zni, de k\u00e9t alkalom ut\u00e1n m\u00e1r mentem is ki. Els\u0151re m\u00e9g csak 1-2 \u00f3r\u00e1t tekertem, azt\u00e1n k\u00e9t h\u00e9t ut\u00e1n ment 3 \u00f3ra is.<\/em><em> Sz\u00e9pen \u00f3vatosan nyomtam, t\u00e9nyleg nem siettet\u00fcnk semmit, \u00e9pp ez\u00e9rt az els\u0151 versenyeken val\u00f3sz\u00edn\u0171leg m\u00e9g nem is leszek t\u00fal j\u00f3. De nincs katasztr\u00f3fa, ha nem j\u00f6v\u00f6k meg a mez\u0151ny els\u0151 fel\u00e9ben, mert most a visszaszok\u00e1s a l\u00e9nyeg. A v\u00e1llam m\u00e1r egy\u00e1ltal\u00e1n nem f\u00e1j, de a bord\u00e1imat kicsit m\u00e9g \u00e9rzem. Val\u00f3sz\u00edn\u0171leg volt egy minim\u00e1lis z\u00faz\u00f3d\u00e1s, az orvos azt mondta, hogy ezt ak\u00e1r m\u00e9g nyolc h\u00e9ten \u00e1t \u00e9rezhetem. F\u0151leg akkor zavar, amikor r\u00e1z\u00f3s az \u00fat, de nem f\u00e1j, ink\u00e1bb csak zavar.\u201d<\/em><\/p>\n<p>A sokoldal\u00fa magyar kedvenc most ezen a h\u00e9tv\u00e9g\u00e9n pihen egy kicsit, a k\u00f6vetkez\u0151n viszont m\u00e1r j\u00f6n is a k\u00f6vetkez\u0151, namuri \u00e1llom\u00e1s, majd a kar\u00e1csonyi er\u0151ltetett menet, \u00edgy legjobb n\u0151i bring\u00e1sunk id\u00e9n az \u00fcnnepeket sem itthon t\u00f6lti \u2013 mik\u00f6zben f\u00e9l szemmel m\u00e1r a tavaszi, orsz\u00e1g\u00fati szezonra is el\u0151re tekint.<\/p>\n<figure id=\"attachment_18238\" aria-describedby=\"caption-attachment-18238\" style=\"width: 900px\" class=\"wp-caption alignnone\"><img loading=\"lazy\" decoding=\"async\" class=\"size-full wp-image-18238\" src=\"https:\/\/d2p6e6u75xmxt8.cloudfront.net\/12\/2023\/12\/vas-blanka-hollandia-gavere-cyclocross-vilagkupa-bringazas-900x506-1.webp\" alt=\"\" width=\"900\" height=\"506\" srcset=\"https:\/\/d2p6e6u75xmxt8.cloudfront.net\/12\/2023\/12\/vas-blanka-hollandia-gavere-cyclocross-vilagkupa-bringazas-900x506-1.webp 900w, https:\/\/d2p6e6u75xmxt8.cloudfront.net\/12\/2023\/12\/vas-blanka-hollandia-gavere-cyclocross-vilagkupa-bringazas-900x506-1-300x169.webp 300w, https:\/\/d2p6e6u75xmxt8.cloudfront.net\/12\/2023\/12\/vas-blanka-hollandia-gavere-cyclocross-vilagkupa-bringazas-900x506-1-768x432.webp 768w, https:\/\/d2p6e6u75xmxt8.cloudfront.net\/12\/2023\/12\/vas-blanka-hollandia-gavere-cyclocross-vilagkupa-bringazas-900x506-1-400x225.webp 400w\" sizes=\"auto, (max-width: 900px) 100vw, 900px\" \/><figcaption id=\"caption-attachment-18238\" class=\"wp-caption-text\">fot\u00f3: David Pintes\/APF\/Getty<\/figcaption><\/figure>\n","protected":false},"excerpt":{"rendered":"<p>Legjobb n\u0151i ker\u00e9kp\u00e1rosunk nagyon hamar fel\u00e9p\u00fclt kulcscsontt\u00f6r\u00e9s\u00e9t k\u00f6vet\u0151en, m\u00e1r k\u00e9t versenyen is t\u00fal van, h\u00e9tv\u00e9g\u00e9n m\u00e1r a dobog\u00f3\u00e9rt tekerhetett.<\/p>\n","protected":false},"author":71,"featured_media":18236,"comment_status":"open","ping_status":"open","sticky":false,"template":"","format":"standard","meta":{"footnotes":""},"categories":[8],"tags":[],"global-categories":[419],"class_list":["post-18235","post","type-post","status-publish","format-standard","has-post-thumbnail","hentry","category-orszaguti-kerekpar","global-categories-cycling"],"yoast_head":"<!-- This site is optimized with the Yoast SEO Premium plugin v25.3 (Yoast SEO v25.9) - https:\/\/yoast.com\/wordpress\/plugins\/seo\/ -->\n<title>Vas Kata Blanka m\u00e1r versenyez, a m\u0171t\u00e9t sem t\u00f6rte meg a lend\u00fclet\u00e9t<\/title>\n<meta name=\"description\" content=\"Legjobb n\u0151i ker\u00e9kp\u00e1rosunk nagyon hamar fel\u00e9p\u00fclt kulcscsontt\u00f6r\u00e9s\u00e9t k\u00f6vet\u0151en, m\u00e1r k\u00e9t versenyen is t\u00fal van, h\u00e9tv\u00e9g\u00e9n m\u00e1r a dobog\u00f3\u00e9rt tekerhetett.\" \/>\n<meta name=\"robots\" content=\"index, follow, max-snippet:-1, max-image-preview:large, max-video-preview:-1\" \/>\n<link rel=\"canonical\" href=\"https:\/\/www.welovecycling.com\/hu\/orszaguti-kerekpar\/vas-kata-blanka-mar-versenyez-a-mutet-sem-torte-meg-a-lenduletet\/\" \/>\n<meta property=\"og:locale\" content=\"hu_HU\" \/>\n<meta property=\"og:type\" content=\"article\" \/>\n<meta property=\"og:title\" content=\"Vas Kata Blanka m\u00e1r versenyez, a m\u0171t\u00e9t sem t\u00f6rte meg a lend\u00fclet\u00e9t\" \/>\n<meta property=\"og:description\" content=\"Legjobb n\u0151i ker\u00e9kp\u00e1rosunk nagyon hamar fel\u00e9p\u00fclt kulcscsontt\u00f6r\u00e9s\u00e9t k\u00f6vet\u0151en, m\u00e1r k\u00e9t versenyen is t\u00fal van, h\u00e9tv\u00e9g\u00e9n m\u00e1r a dobog\u00f3\u00e9rt tekerhetett.\" \/>\n<meta property=\"og:url\" content=\"https:\/\/www.welovecycling.com\/hu\/orszaguti-kerekpar\/vas-kata-blanka-mar-versenyez-a-mutet-sem-torte-meg-a-lenduletet\/\" \/>\n<meta property=\"og:site_name\" content=\"\u0160koda We Love Cycling - Magyarorsz\u00e1g\" \/>\n<meta property=\"article:publisher\" content=\"https:\/\/www.facebook.com\/WeLoveCyclingHungary\/\" \/>\n<meta property=\"article:published_time\" content=\"2023-12-08T14:23:47+00:00\" \/>\n<meta property=\"og:image\" content=\"https:\/\/d2p6e6u75xmxt8.cloudfront.net\/12\/2023\/12\/blanka-osterwijk.webp\" \/>\n\t<meta property=\"og:image:width\" content=\"1024\" \/>\n\t<meta property=\"og:image:height\" content=\"684\" \/>\n\t<meta property=\"og:image:type\" content=\"image\/webp\" \/>\n<meta name=\"author\" content=\"hegyizs\" \/>\n<meta name=\"twitter:card\" content=\"summary_large_image\" \/>\n<meta name=\"twitter:label1\" content=\"Written by\" \/>\n\t<meta name=\"twitter:data1\" content=\"WLC\" \/>\n\t<meta name=\"twitter:label2\" content=\"Est. reading time\" \/>\n\t<meta name=\"twitter:data2\" content=\"3 minutes\" \/>\n<script type=\"application\/ld+json\" class=\"yoast-schema-graph\">{\"@context\":\"https:\/\/schema.org\",\"@graph\":[{\"@type\":\"WebPage\",\"@id\":\"https:\/\/www.welovecycling.com\/hu\/orszaguti-kerekpar\/vas-kata-blanka-mar-versenyez-a-mutet-sem-torte-meg-a-lenduletet\/\",\"url\":\"https:\/\/www.welovecycling.com\/hu\/orszaguti-kerekpar\/vas-kata-blanka-mar-versenyez-a-mutet-sem-torte-meg-a-lenduletet\/\",\"name\":\"Vas Kata Blanka m\u00e1r versenyez, a m\u0171t\u00e9t sem t\u00f6rte meg a lend\u00fclet\u00e9t\",\"isPartOf\":{\"@id\":\"https:\/\/www.welovecycling.com\/hu\/#website\"},\"primaryImageOfPage\":{\"@id\":\"https:\/\/www.welovecycling.com\/hu\/orszaguti-kerekpar\/vas-kata-blanka-mar-versenyez-a-mutet-sem-torte-meg-a-lenduletet\/#primaryimage\"},\"image\":{\"@id\":\"https:\/\/www.welovecycling.com\/hu\/orszaguti-kerekpar\/vas-kata-blanka-mar-versenyez-a-mutet-sem-torte-meg-a-lenduletet\/#primaryimage\"},\"thumbnailUrl\":\"https:\/\/d2p6e6u75xmxt8.cloudfront.net\/12\/2023\/12\/blanka-osterwijk.webp\",\"datePublished\":\"2023-12-08T14:23:47+00:00\",\"author\":{\"@id\":\"https:\/\/www.welovecycling.com\/hu\/#\/schema\/person\/414a2aebf1801691a5320edb6468e194\"},\"description\":\"Legjobb n\u0151i ker\u00e9kp\u00e1rosunk nagyon hamar fel\u00e9p\u00fclt kulcscsontt\u00f6r\u00e9s\u00e9t k\u00f6vet\u0151en, m\u00e1r k\u00e9t versenyen is t\u00fal van, h\u00e9tv\u00e9g\u00e9n m\u00e1r a dobog\u00f3\u00e9rt tekerhetett.\",\"breadcrumb\":{\"@id\":\"https:\/\/www.welovecycling.com\/hu\/orszaguti-kerekpar\/vas-kata-blanka-mar-versenyez-a-mutet-sem-torte-meg-a-lenduletet\/#breadcrumb\"},\"inLanguage\":\"hu\",\"potentialAction\":[{\"@type\":\"ReadAction\",\"target\":[\"https:\/\/www.welovecycling.com\/hu\/orszaguti-kerekpar\/vas-kata-blanka-mar-versenyez-a-mutet-sem-torte-meg-a-lenduletet\/\"]}]},{\"@type\":\"ImageObject\",\"inLanguage\":\"hu\",\"@id\":\"https:\/\/www.welovecycling.com\/hu\/orszaguti-kerekpar\/vas-kata-blanka-mar-versenyez-a-mutet-sem-torte-meg-a-lenduletet\/#primaryimage\",\"url\":\"https:\/\/d2p6e6u75xmxt8.cloudfront.net\/12\/2023\/12\/blanka-osterwijk.webp\",\"contentUrl\":\"https:\/\/d2p6e6u75xmxt8.cloudfront.net\/12\/2023\/12\/blanka-osterwijk.webp\",\"width\":1024,\"height\":684},{\"@type\":\"BreadcrumbList\",\"@id\":\"https:\/\/www.welovecycling.com\/hu\/orszaguti-kerekpar\/vas-kata-blanka-mar-versenyez-a-mutet-sem-torte-meg-a-lenduletet\/#breadcrumb\",\"itemListElement\":[{\"@type\":\"ListItem\",\"position\":1,\"name\":\"Home\",\"item\":\"https:\/\/www.welovecycling.com\/hu\/\"},{\"@type\":\"ListItem\",\"position\":2,\"name\":\"Vas Kata Blanka m\u00e1r versenyez, a m\u0171t\u00e9t sem t\u00f6rte meg a lend\u00fclet\u00e9t\"}]},{\"@type\":\"WebSite\",\"@id\":\"https:\/\/www.welovecycling.com\/hu\/#website\",\"url\":\"https:\/\/www.welovecycling.com\/hu\/\",\"name\":\"\u0160koda We Love Cycling - Magyarorsz\u00e1g\",\"description\":\"\u0160koda WeLoveCycling\",\"potentialAction\":[{\"@type\":\"SearchAction\",\"target\":{\"@type\":\"EntryPoint\",\"urlTemplate\":\"https:\/\/www.welovecycling.com\/hu\/?s={search_term_string}\"},\"query-input\":{\"@type\":\"PropertyValueSpecification\",\"valueRequired\":true,\"valueName\":\"search_term_string\"}}],\"inLanguage\":\"hu\"},{\"@type\":\"Person\",\"@id\":\"https:\/\/www.welovecycling.com\/hu\/#\/schema\/person\/414a2aebf1801691a5320edb6468e194\",\"name\":\"hegyizs\",\"image\":{\"@type\":\"ImageObject\",\"inLanguage\":\"hu\",\"@id\":\"https:\/\/www.welovecycling.com\/hu\/#\/schema\/person\/image\/\",\"url\":\"https:\/\/secure.gravatar.com\/avatar\/02cf8a7906b8cf90cecb4679defac7cfd33a1c2e3b88e4903d947f3bb58eedd3?s=96&d=mm&r=g\",\"contentUrl\":\"https:\/\/secure.gravatar.com\/avatar\/02cf8a7906b8cf90cecb4679defac7cfd33a1c2e3b88e4903d947f3bb58eedd3?s=96&d=mm&r=g\",\"caption\":\"hegyizs\"},\"url\":\"https:\/\/www.welovecycling.com\/hu\/author\/hegyizs\/\"}]}<\/script>\n<!-- \/ Yoast SEO Premium plugin. -->","yoast_head_json":{"title":"Vas Kata Blanka m\u00e1r versenyez, a m\u0171t\u00e9t sem t\u00f6rte meg a lend\u00fclet\u00e9t","description":"Legjobb n\u0151i ker\u00e9kp\u00e1rosunk nagyon hamar fel\u00e9p\u00fclt kulcscsontt\u00f6r\u00e9s\u00e9t k\u00f6vet\u0151en, m\u00e1r k\u00e9t versenyen is t\u00fal van, h\u00e9tv\u00e9g\u00e9n m\u00e1r a dobog\u00f3\u00e9rt tekerhetett.","robots":{"index":"index","follow":"follow","max-snippet":"max-snippet:-1","max-image-preview":"max-image-preview:large","max-video-preview":"max-video-preview:-1"},"canonical":"https:\/\/www.welovecycling.com\/hu\/orszaguti-kerekpar\/vas-kata-blanka-mar-versenyez-a-mutet-sem-torte-meg-a-lenduletet\/","og_locale":"hu_HU","og_type":"article","og_title":"Vas Kata Blanka m\u00e1r versenyez, a m\u0171t\u00e9t sem t\u00f6rte meg a lend\u00fclet\u00e9t","og_description":"Legjobb n\u0151i ker\u00e9kp\u00e1rosunk nagyon hamar fel\u00e9p\u00fclt kulcscsontt\u00f6r\u00e9s\u00e9t k\u00f6vet\u0151en, m\u00e1r k\u00e9t versenyen is t\u00fal van, h\u00e9tv\u00e9g\u00e9n m\u00e1r a dobog\u00f3\u00e9rt tekerhetett.","og_url":"https:\/\/www.welovecycling.com\/hu\/orszaguti-kerekpar\/vas-kata-blanka-mar-versenyez-a-mutet-sem-torte-meg-a-lenduletet\/","og_site_name":"\u0160koda We Love Cycling - Magyarorsz\u00e1g","article_publisher":"https:\/\/www.facebook.com\/WeLoveCyclingHungary\/","article_published_time":"2023-12-08T14:23:47+00:00","og_image":[{"width":1024,"height":684,"url":"https:\/\/d2p6e6u75xmxt8.cloudfront.net\/12\/2023\/12\/blanka-osterwijk.webp","type":"image\/webp"}],"author":"hegyizs","twitter_card":"summary_large_image","twitter_misc":{"Written by":"WLC","Est. reading time":"3 minutes"},"schema":{"@context":"https:\/\/schema.org","@graph":[{"@type":"WebPage","@id":"https:\/\/www.welovecycling.com\/hu\/orszaguti-kerekpar\/vas-kata-blanka-mar-versenyez-a-mutet-sem-torte-meg-a-lenduletet\/","url":"https:\/\/www.welovecycling.com\/hu\/orszaguti-kerekpar\/vas-kata-blanka-mar-versenyez-a-mutet-sem-torte-meg-a-lenduletet\/","name":"Vas Kata Blanka m\u00e1r versenyez, a m\u0171t\u00e9t sem t\u00f6rte meg a lend\u00fclet\u00e9t","isPartOf":{"@id":"https:\/\/www.welovecycling.com\/hu\/#website"},"primaryImageOfPage":{"@id":"https:\/\/www.welovecycling.com\/hu\/orszaguti-kerekpar\/vas-kata-blanka-mar-versenyez-a-mutet-sem-torte-meg-a-lenduletet\/#primaryimage"},"image":{"@id":"https:\/\/www.welovecycling.com\/hu\/orszaguti-kerekpar\/vas-kata-blanka-mar-versenyez-a-mutet-sem-torte-meg-a-lenduletet\/#primaryimage"},"thumbnailUrl":"https:\/\/d2p6e6u75xmxt8.cloudfront.net\/12\/2023\/12\/blanka-osterwijk.webp","datePublished":"2023-12-08T14:23:47+00:00","author":{"@id":"https:\/\/www.welovecycling.com\/hu\/#\/schema\/person\/414a2aebf1801691a5320edb6468e194"},"description":"Legjobb n\u0151i ker\u00e9kp\u00e1rosunk nagyon hamar fel\u00e9p\u00fclt kulcscsontt\u00f6r\u00e9s\u00e9t k\u00f6vet\u0151en, m\u00e1r k\u00e9t versenyen is t\u00fal van, h\u00e9tv\u00e9g\u00e9n m\u00e1r a dobog\u00f3\u00e9rt tekerhetett.","breadcrumb":{"@id":"https:\/\/www.welovecycling.com\/hu\/orszaguti-kerekpar\/vas-kata-blanka-mar-versenyez-a-mutet-sem-torte-meg-a-lenduletet\/#breadcrumb"},"inLanguage":"hu","potentialAction":[{"@type":"ReadAction","target":["https:\/\/www.welovecycling.com\/hu\/orszaguti-kerekpar\/vas-kata-blanka-mar-versenyez-a-mutet-sem-torte-meg-a-lenduletet\/"]}]},{"@type":"ImageObject","inLanguage":"hu","@id":"https:\/\/www.welovecycling.com\/hu\/orszaguti-kerekpar\/vas-kata-blanka-mar-versenyez-a-mutet-sem-torte-meg-a-lenduletet\/#primaryimage","url":"https:\/\/d2p6e6u75xmxt8.cloudfront.net\/12\/2023\/12\/blanka-osterwijk.webp","contentUrl":"https:\/\/d2p6e6u75xmxt8.cloudfront.net\/12\/2023\/12\/blanka-osterwijk.webp","width":1024,"height":684},{"@type":"BreadcrumbList","@id":"https:\/\/www.welovecycling.com\/hu\/orszaguti-kerekpar\/vas-kata-blanka-mar-versenyez-a-mutet-sem-torte-meg-a-lenduletet\/#breadcrumb","itemListElement":[{"@type":"ListItem","position":1,"name":"Home","item":"https:\/\/www.welovecycling.com\/hu\/"},{"@type":"ListItem","position":2,"name":"Vas Kata Blanka m\u00e1r versenyez, a m\u0171t\u00e9t sem t\u00f6rte meg a lend\u00fclet\u00e9t"}]},{"@type":"WebSite","@id":"https:\/\/www.welovecycling.com\/hu\/#website","url":"https:\/\/www.welovecycling.com\/hu\/","name":"\u0160koda We Love Cycling - Magyarorsz\u00e1g","description":"\u0160koda WeLoveCycling","potentialAction":[{"@type":"SearchAction","target":{"@type":"EntryPoint","urlTemplate":"https:\/\/www.welovecycling.com\/hu\/?s={search_term_string}"},"query-input":{"@type":"PropertyValueSpecification","valueRequired":true,"valueName":"search_term_string"}}],"inLanguage":"hu"},{"@type":"Person","@id":"https:\/\/www.welovecycling.com\/hu\/#\/schema\/person\/414a2aebf1801691a5320edb6468e194","name":"hegyizs","image":{"@type":"ImageObject","inLanguage":"hu","@id":"https:\/\/www.welovecycling.com\/hu\/#\/schema\/person\/image\/","url":"https:\/\/secure.gravatar.com\/avatar\/02cf8a7906b8cf90cecb4679defac7cfd33a1c2e3b88e4903d947f3bb58eedd3?s=96&d=mm&r=g","contentUrl":"https:\/\/secure.gravatar.com\/avatar\/02cf8a7906b8cf90cecb4679defac7cfd33a1c2e3b88e4903d947f3bb58eedd3?s=96&d=mm&r=g","caption":"hegyizs"},"url":"https:\/\/www.welovecycling.com\/hu\/author\/hegyizs\/"}]}},"_links":{"self":[{"href":"https:\/\/www.welovecycling.com\/hu\/wp-json\/wp\/v2\/posts\/18235","targetHints":{"allow":["GET"]}}],"collection":[{"href":"https:\/\/www.welovecycling.com\/hu\/wp-json\/wp\/v2\/posts"}],"about":[{"href":"https:\/\/www.welovecycling.com\/hu\/wp-json\/wp\/v2\/types\/post"}],"author":[{"embeddable":true,"href":"https:\/\/www.welovecycling.com\/hu\/wp-json\/wp\/v2\/users\/71"}],"replies":[{"embeddable":true,"href":"https:\/\/www.welovecycling.com\/hu\/wp-json\/wp\/v2\/comments?post=18235"}],"version-history":[{"count":1,"href":"https:\/\/www.welovecycling.com\/hu\/wp-json\/wp\/v2\/posts\/18235\/revisions"}],"predecessor-version":[{"id":18240,"href":"https:\/\/www.welovecycling.com\/hu\/wp-json\/wp\/v2\/posts\/18235\/revisions\/18240"}],"wp:featuredmedia":[{"embeddable":true,"href":"https:\/\/www.welovecycling.com\/hu\/wp-json\/wp\/v2\/media\/18236"}],"wp:attachment":[{"href":"https:\/\/www.welovecycling.com\/hu\/wp-json\/wp\/v2\/media?parent=18235"}],"wp:term":[{"taxonomy":"category","embeddable":true,"href":"https:\/\/www.welovecycling.com\/hu\/wp-json\/wp\/v2\/categories?post=18235"},{"taxonomy":"post_tag","embeddable":true,"href":"https:\/\/www.welovecycling.com\/hu\/wp-json\/wp\/v2\/tags?post=18235"},{"taxonomy":"global-categories","embeddable":true,"href":"https:\/\/www.welovecycling.com\/hu\/wp-json\/wp\/v2\/global-categories?post=18235"}],"curies":[{"name":"wp","href":"https:\/\/api.w.org\/{rel}","templated":true}]}}