{"id":18221,"date":"2023-12-12T08:00:06","date_gmt":"2023-12-12T06:00:06","guid":{"rendered":"https:\/\/www.welovecycling.com\/hu\/?p=18221"},"modified":"2023-12-08T16:15:20","modified_gmt":"2023-12-08T14:15:20","slug":"a-berszakadek-athidalasa-a-jovedelmi-egyenlotlensegek-kezelese-a-profi-noi-kerekparozasban","status":"publish","type":"post","link":"https:\/\/www.welovecycling.com\/hu\/orszaguti-kerekpar\/a-berszakadek-athidalasa-a-jovedelmi-egyenlotlensegek-kezelese-a-profi-noi-kerekparozasban\/","title":{"rendered":"A b\u00e9rszakad\u00e9k \u00e1thidal\u00e1sa: A j\u00f6vedelmi egyenl\u0151tlens\u00e9gek kezel\u00e9se a profi n\u0151i ker\u00e9kp\u00e1roz\u00e1sban"},"content":{"rendered":"<p><strong>A profi ker\u00e9kp\u00e1rsportban a versenyz\u0151k sz\u00edv\u00fcket-lelk\u00fcket beleadj\u00e1k a k\u00fczdelembe. A szenved\u00e9ly \u00e9s az elsz\u00e1nts\u00e1g hajtja \u0151ket a kiv\u00e1l\u00f3s\u00e1g fel\u00e9. Sok n\u0151i bring\u00e1s sz\u00e1m\u00e1ra azonban az az \u00e1lom, hogy az er\u0151fesz\u00edt\u00e9seik egyszer kifizet\u0151dnek \u00e9s tisztess\u00e9gesen meg\u00e9lnek a ker\u00e9kp\u00e1rsportb\u00f3l, tov\u00e1bbra is el\u00e9rhetetlennek t\u0171nik. Typhaine Laurance, francia ker\u00e9kp\u00e1rosn\u0151 t\u00f6rt\u00e9nete \u2013 aki 25 \u00e9vesen anyagi neh\u00e9zs\u00e9gek miatt vonult vissza \u2013 szomor\u00fa eml\u00e9keztet\u0151\u00fcl szolg\u00e1l arra vonatkoz\u00f3an, hogy a j\u00f6vedelmi egyenl\u0151tlens\u00e9gek m\u00e9g mindig \u00f3ri\u00e1si probl\u00e9m\u00e1t jelentenek a profi n\u0151i ker\u00e9kp\u00e1rsportban.\u00a0 <\/strong><\/p>\n<p><!--more--><\/p>\n<p>Ebben a cikkben ezt a s\u00fcrget\u0151 k\u00e9rd\u00e9st fogjuk nagy\u00edt\u00f3 al\u00e1 venni. Megvizsg\u00e1ljuk, milyen kih\u00edv\u00e1sokkal kell szemben\u00e9zni\u00fck a Typhaine-hoz hasonl\u00f3 n\u0151i ker\u00e9kp\u00e1rosoknak, hogyan hat a j\u00f6vedelemk\u00fcl\u00f6nbs\u00e9g ezen sportol\u00f3k karrierj\u00e9re, \u00e9s hogyan pr\u00f3b\u00e1lj\u00e1k \u00e1thidalni ezt a probl\u00e9m\u00e1t a sport\u00e1gon bel\u00fcl. A cikk \u00e1ltal szeretn\u00e9nk r\u00e1vil\u00e1g\u00edtani az egyes sportol\u00f3k tapasztalataira, \u00e9s bemutatni a lehets\u00e9ges megold\u00e1sokat a n\u0151i ker\u00e9kp\u00e1rsport m\u00e9lt\u00e1nyosabb \u00e9s fenntarthat\u00f3bb j\u00f6v\u0151j\u00e9nek megteremt\u00e9se \u00e9rdek\u00e9ben.<\/p>\n<h2><strong>Egy neh\u00e9z d\u00f6nt\u00e9s<\/strong><\/h2>\n<p>A m\u00falt h\u00f3napban Typhaine Laurance, kor\u00e1bbi junior orsz\u00e1gos bajnok bejelentette, hogy n\u00e9h\u00e1ny nappal a 25. sz\u00fclet\u00e9snapja el\u0151tt befejezi ker\u00e9kp\u00e1ros p\u00e1lyafut\u00e1s\u00e1t. B\u00e1r m\u00e1r 2024-re is kapott szerz\u0151d\u00e9saj\u00e1nlatot, anyagi neh\u00e9zs\u00e9gekre hivatkozva m\u00e9gis a visszavonul\u00e1s mellett d\u00f6nt\u00f6tt. Laurance a brit Lifeplus Wahoo kontinent\u00e1lis csapatn\u00e1l versenyzett, \u00e9s havonta k\u00f6r\u00fclbel\u00fcl 1000 eur\u00f3t keresett. D\u00f6nt\u00e9s\u00e9ben az a felismer\u00e9s vez\u00e9relte, hogy ilyen kereset mellett nem k\u00e9pes fenntartani az \u00e9let\u00e9t.<\/p>\n<p>A Le Parisiennek adott \u0151szinte interj\u00faj\u00e1ban elmondta: &#8220;<em>Sok k\u00e9rd\u00e9st tettem fel magamnak az elm\u00falt \u00e9v sor\u00e1n, \u00e9s r\u00e1j\u00f6ttem a nyilv\u00e1nval\u00f3ra: b\u00e1r ez a sport a szenved\u00e9lyem, nem tudok tisztess\u00e9gesen meg\u00e9lni bel\u0151le.&#8221;<\/em><\/p>\n<p><em>&#8220;A Lifeplus Wahoo-t\u00f3l k\u00f6r\u00fclbel\u00fcl 1000 eur\u00f3t kaptam havonta. Az azt megel\u0151z\u0151 \u00e9vekben az Ark\u00e9\u00e1val dolgoztam egy\u00fctt. N\u00e1luk 400-700 eur\u00f3 k\u00f6z\u00f6tt kerestem. M\u00e9g mindig a sz\u00fcleimmel \u00e9lek, \u00e9s nem tudok k\u00fcl\u00f6n lak\u00e1sba k\u00f6lt\u00f6zni. 25 \u00e9vesen m\u00e1r el kell gondolkodni az ilyeneken, nem igaz?&#8221;<\/em><\/p>\n<h2><strong>J\u00f6vedelemk\u00fcl\u00f6nbs\u00e9gek <\/strong><\/h2>\n<p>Laurance helyzete nem egyedi eset. A profi ker\u00e9kp\u00e1rsportban megd\u00f6bbent\u0151en nagyok a j\u00f6vedelemk\u00fcl\u00f6nbs\u00e9gek. A n\u0151i UCI kontinent\u00e1lis csapatok sz\u00e1m\u00e1ra ugyanis jelenleg nincs minim\u00e1lb\u00e9r-el\u0151\u00edr\u00e1s. A versenyz\u0151k szakszervezete, a The Cyclists&#8217; Alliance nemr\u00e9giben v\u00e9gzett felm\u00e9r\u00e9se szerint a n\u0151i versenyz\u0151k t\u00f6bb mint 70%-a kevesebb mint 10 000 eur\u00f3t keres \u00e9vente. Azonban, tal\u00e1n m\u00e9g enn\u00e9l is aggaszt\u00f3bb, hogy a n\u0151i ker\u00e9kp\u00e1rosok negyede egy\u00e1ltal\u00e1n nem kap fizet\u00e9st, ami lehetetlenn\u00e9 teszi sz\u00e1mukra, hogy kiz\u00e1r\u00f3lag a sportol\u00f3i karrierj\u00fckre koncentr\u00e1ljanak.<\/p>\n<p>Typhaine Laurance kihangs\u00falyozta, hogy a j\u00f6vedelemegyenl\u0151tlens\u00e9gek rendk\u00edv\u00fcl negat\u00edv hat\u00e1ssal vannak a profi n\u0151i ker\u00e9kp\u00e1rsport helyzet\u00e9re. M\u00edg a WorldTour-csapatok 2020 \u00f3ta k\u00f6telesek betartani a minim\u00e1lb\u00e9rre vonatkoz\u00f3 el\u0151\u00edr\u00e1sokat (jelenleg 32 100 eur\u00f3), a kontinent\u00e1lis csapatok tov\u00e1bbra is folyamatosan k\u00fczdenek a meg\u00e9lhet\u00e9s\u00e9rt, \u00e9s sokan k\u00f6z\u00fcl\u00fck alig l\u00e1tnak ki a v\u00edzb\u0151l. A stabil j\u00f6v\u0151 biztos\u00edt\u00e1sa \u00e9rdek\u00e9ben ez\u00e9rt a ker\u00e9kp\u00e1roz\u00e1s mellett ezen sportol\u00f3knak alternat\u00edv munkahelyeket kell keresni\u00fck.<\/p>\n<h2><strong>Az adatok r\u00e9szletes elemz\u00e9se <\/strong><\/h2>\n<p>Ha k\u00f6zelebbr\u0151l megvizsg\u00e1ljuk a The Cyclists&#8217; Alliance 2018 \u00f3ta \u00e9vente v\u00e9gzett felm\u00e9r\u00e9seib\u0151l sz\u00e1rmaz\u00f3 adatokat, tov\u00e1bbi aggaszt\u00f3 tendenci\u00e1kat fedezhet\u00fcnk fel.<\/p>\n<p>A TCA 2023-as felm\u00e9r\u00e9se az el\u0151z\u0151 \u00e9vhez k\u00e9pest a fizetetlen ker\u00e9kp\u00e1rosok sz\u00e1m\u00e1nak gyarapod\u00e1s\u00e1t \u00e9s a n\u0151i pelotonon bel\u00fcli anyagi egyenl\u0151tlens\u00e9gek riaszt\u00f3 n\u00f6veked\u00e9s\u00e9t mutatja. A legszembet\u0171n\u0151bb meg\u00e1llap\u00edt\u00e1s az a m\u00e1r kor\u00e1bban is eml\u00edtett t\u00e9ny, hogy a n\u0151i ker\u00e9kp\u00e1rosok negyede nem kap fizet\u00e9st, valamint, hogy a WorldTour-on nem szerepl\u0151 versenyz\u0151k t\u00f6bb mint 70%-a kevesebb mint 10 000 eur\u00f3t keres \u00e9vente. Az ebbe a csoportba tartoz\u00f3 bring\u00e1sok dolgoznak vagy tanulnak a ker\u00e9kp\u00e1roz\u00e1s mellett, ami azt jelzi, hogy a sport\u00e1g professzionaliz\u00e1l\u00e1s\u00e1ra ir\u00e1nyul\u00f3 er\u0151fesz\u00edt\u00e9sek nem \u00e9rik el hat\u00e9konyan a WorldTour-on k\u00edv\u00fcli csapatokat.<\/p>\n<p>A WorldTour \u00e9s a kontinent\u00e1lis csapatok k\u00f6z\u00f6tti k\u00fcl\u00f6nbs\u00e9gek is \u00e9vr\u0151l \u00e9vre n\u00f6vekednek. A felm\u00e9r\u00e9sben r\u00e9sztvev\u0151 versenyz\u0151k t\u00f6bbs\u00e9ge (53%-uk) kontinent\u00e1lis csapatokn\u00e1l, m\u00edg 41%-uk WorldTour-csapatokn\u00e1l versenyzett. A k\u00e9t csoport k\u00f6z\u00f6tti ellent\u00e9t r\u00e1vil\u00e1g\u00edt arra, hogy \u00e1tfog\u00f3 politik\u00e1ra van sz\u00fcks\u00e9g a profi n\u0151i ker\u00e9kp\u00e1rsportban tapasztalhat\u00f3 j\u00f6vedelmi egyenl\u0151tlens\u00e9gek kezel\u00e9s\u00e9re.<\/p>\n<figure id=\"attachment_18222\" aria-describedby=\"caption-attachment-18222\" style=\"width: 990px\" class=\"wp-caption alignnone\"><a href=\"https:\/\/d2p6e6u75xmxt8.cloudfront.net\/12\/2023\/12\/Womens-Peloton-profimedia-0726254810-CVR.webp\"><img loading=\"lazy\" decoding=\"async\" class=\"wp-image-18222 size-full\" src=\"https:\/\/d2p6e6u75xmxt8.cloudfront.net\/12\/2023\/12\/Womens-Peloton-profimedia-0726254810-CVR.webp\" alt=\"Women's Cycling\" width=\"990\" height=\"660\" srcset=\"https:\/\/d2p6e6u75xmxt8.cloudfront.net\/12\/2023\/12\/Womens-Peloton-profimedia-0726254810-CVR.webp 990w, https:\/\/d2p6e6u75xmxt8.cloudfront.net\/12\/2023\/12\/Womens-Peloton-profimedia-0726254810-CVR-300x200.webp 300w, https:\/\/d2p6e6u75xmxt8.cloudfront.net\/12\/2023\/12\/Womens-Peloton-profimedia-0726254810-CVR-768x512.webp 768w, https:\/\/d2p6e6u75xmxt8.cloudfront.net\/12\/2023\/12\/Womens-Peloton-profimedia-0726254810-CVR-400x267.webp 400w, https:\/\/d2p6e6u75xmxt8.cloudfront.net\/12\/2023\/12\/Womens-Peloton-profimedia-0726254810-CVR-272x182.webp 272w\" sizes=\"auto, (max-width: 990px) 100vw, 990px\" \/><\/a><figcaption id=\"caption-attachment-18222\" class=\"wp-caption-text\">Sok n\u0151i bring\u00e1s sz\u00e1m\u00e1ra az az \u00e1lom, hogy az er\u0151fesz\u00edt\u00e9seik egyszer kifizet\u0151dnek \u00e9s tisztess\u00e9gesen meg\u00e9lnek a ker\u00e9kp\u00e1rsportb\u00f3l, tov\u00e1bbra is el\u00e9rhetetlennek t\u0171nik. \u00a9 Profimedia<\/figcaption><\/figure>\n<h2><strong>P\u00e9nz\u00fcgyi instabilit\u00e1s, bizonytalan szerz\u0151d\u00e9sek \u00e9s egy\u00e9b t\u00e9nyez\u0151k <\/strong><\/h2>\n<p>B\u00e1r a WorldTour-csapatokn\u00e1l bek\u00f6vetkezett v\u00e1ltoz\u00e1sok j\u00f3 ir\u00e1nyba mutatnak, a TCA felm\u00e9r\u00e9se eml\u00e9keztet\u0151\u00fcl szolg\u00e1l arra vonatkoz\u00f3an, hogy sok versenyz\u0151 m\u00e9g mindig jelent\u0151s p\u00e9nz\u00fcgyi akad\u00e1lyokkal k\u00fczd. A felm\u00e9r\u00e9s eredm\u00e9nyei ugyanis azt mutatj\u00e1k, hogy azon versenyz\u0151k ar\u00e1nya, akik els\u0151dleges bev\u00e9teli forr\u00e1sk\u00e9nt tudnak tekinteni a ker\u00e9kp\u00e1roz\u00e1sra csup\u00e1n 46%. E versenyz\u0151k t\u00f6bbs\u00e9ge r\u00e1ad\u00e1sul a WorldTour-csapatokhoz tartozik. A profi sportol\u00f3k (k\u00fcl\u00f6n\u00f6sen a kontinent\u00e1lis csapatokban versenyz\u0151k) egyharmada arr\u00f3l sz\u00e1molt be, hogy a ker\u00e9kp\u00e1roz\u00e1s mellett m\u00e1sod\u00e1ll\u00e1sban is dolgoznak.<\/p>\n<p>A n\u0151i ker\u00e9kp\u00e1rosok egy r\u00e9sze az instabil szerz\u0151d\u00e9sek miatt is p\u00e9nz\u00fcgyi bizonytalans\u00e1gban \u00e9l. 2023-ban a megk\u00e9rdezett versenyz\u0151k 31%-a volt bejelentve, mint alkalmazott (k\u00f6z\u00fcl\u00fck 37% \u00f6n\u00e1ll\u00f3 v\u00e1llalkoz\u00f3k\u00e9nt). Emellett a szerz\u0151d\u00e9sek id\u0151tartama is n\u00f6veli a ker\u00e9kp\u00e1rosok aggodalmait, hiszen a felm\u00e9r\u00e9sben r\u00e9sztvev\u0151 versenyz\u0151k 47%-\u00e1t mind\u00f6ssze egy \u00e9vre szerz\u0151dtett\u00e9k. A hosszabb t\u00e1v\u00fa szerz\u0151d\u00e9sek m\u00e9g mindig ritk\u00e1k, a versenyz\u0151k csup\u00e1n 8%-a sz\u00e1molt be h\u00e1rom\u00e9ves vagy ann\u00e1l hosszabb szerz\u0151d\u00e9sr\u0151l.<\/p>\n<p>A TCA felm\u00e9r\u00e9se olyan k\u00e9rd\u00e9seket is tartalmazott, melyekkel a versenyz\u0151k \u00e9rt\u00e9kelhett\u00e9k a csapataikat. Az eredm\u00e9nyek az el\u00e9gedetts\u00e9g cs\u00f6kken\u00e9s\u00e9t mutatt\u00e1k. B\u00e1r a v\u00e1laszad\u00f3k 63%-a jelezte, hogy &#8220;nagyon el\u00e9gedett&#8221; vagy &#8220;el\u00e9gedett&#8221; a csapat\u00e1val, ez az ar\u00e1ny a 2022-es 74%-hoz k\u00e9pest cs\u00f6kkent. A &#8220;semleges&#8221; v\u00e1laszt ad\u00f3 versenyz\u0151k ar\u00e1nya 15%-r\u00f3l 22%-ra n\u0151tt, azok\u00e9 pedig, akik &#8220;nagyon el\u00e9gedetlennek&#8221; vagy &#8220;boldogtalannak&#8221; vallott\u00e1k magukat, 11%-r\u00f3l 15%-ra emelkedett.<\/p>\n<p>A versenyz\u0151k tov\u00e1bb\u00e1 el\u00e9gedetlens\u00e9g\u00fcket fejezt\u00e9k ki a biztos\u00edtott felszerel\u00e9ssel \u00e9s a p\u00e1lyafut\u00e1sukhoz ny\u00fajtott p\u00e9nz\u00fcgyi t\u00e1mogat\u00e1ssal kapcsolatban is. Sok ker\u00e9kp\u00e1rosnak saj\u00e1t mag\u00e1nak kellett fedeznie az olyan kiad\u00e1sokat, mint az UCI orvosi vizsg\u00e1latok, az alapvet\u0151 felszerel\u00e9sek \u00e9s a jav\u00edt\u00e1sok. A biztons\u00e1gi agg\u00e1lyok, mint a sisak min\u0151s\u00e9ge \u00e9s az agyr\u00e1zk\u00f3d\u00e1s kezel\u00e9se, szint\u00e9n k\u00f6z\u00f6s t\u00e9m\u00e1k voltak a versenyz\u0151k k\u00f6r\u00e9ben.<\/p>\n<h2><strong>Az \u0171r bet\u00f6lt\u00e9se<\/strong><\/h2>\n<p>A n\u0151i versenyz\u0151knek val\u00f3ban sok kih\u00edv\u00e1ssal kell szemben\u00e9zni\u00fck. \u00c9pp ez\u00e9rt a ker\u00e9kp\u00e1ros k\u00f6z\u00f6ss\u00e9g \u00e9s annak elk\u00f6telezett sz\u00f3sz\u00f3l\u00f3i igyekeznek kreat\u00edv megold\u00e1sokat tal\u00e1lni a j\u00f6vedelmi egyenl\u0151tlens\u00e9gek kezel\u00e9se \u00e9s a sport\u00e1g f\u00e9nyes j\u00f6v\u0151j\u00e9nek biztos\u00edt\u00e1sa \u00e9rdek\u00e9ben. A The Cyclists&#8217; Alliance p\u00e9ld\u00e1ul a Strava-val egy\u00fcttm\u0171k\u00f6dve nemr\u00e9giben el\u00e9rhet\u0151v\u00e9 tett n\u00e9h\u00e1ny olyan lehet\u0151s\u00e9get, melyek seg\u00edthetnek finansz\u00edrozni a p\u00e9nz\u00fcgyi akad\u00e1lyokkal k\u00fczd\u0151 \u00edg\u00e9retes n\u0151i ker\u00e9kp\u00e1rosok karrierj\u00e9t. E t\u00e1mogat\u00e1s c\u00e9lja, hogy biztos\u00edts\u00e1k a fiatal n\u0151i ker\u00e9kp\u00e1rosoknak a versenyekhez sz\u00fcks\u00e9ges felszerel\u00e9st \u00e9s szakmai t\u00e1mogat\u00e1st, ezzel seg\u00edtve \u0151ket a profi szint el\u00e9r\u00e9s\u00e9ben.<\/p>\n<h2><strong>K\u00fczdelem egy szebb j\u00f6v\u0151\u00e9rt<\/strong><\/h2>\n<p>B\u00e1r m\u00e9g mindig sz\u00e1mos probl\u00e9ma v\u00e1r megold\u00e1sra a n\u0151i ker\u00e9kp\u00e1rsportban, a The Cyclists&#8217; Alliance felm\u00e9r\u00e9s\u00e9nek eredm\u00e9nyei n\u00e9mi rem\u00e9nyt is ny\u00fajtanak. Egyes fizet\u00e9sek emelkednek, t\u00f6bb versenyz\u0151nek biztos\u00edtanak helyet a WorldTour-csapatokban, \u00e9s egyre jobb v\u00e9delmi eszk\u00f6z\u00f6k v\u00e1lnak el\u00e9rhet\u0151v\u00e9 a ker\u00e9kp\u00e1rosok sz\u00e1m\u00e1ra. Mindez pedig azt bizony\u00edtja, hogy az \u00faj megk\u00f6zel\u00edt\u00e9snek van hat\u00e1sa.<\/p>\n<p>A profi n\u0151i ker\u00e9kp\u00e1rsportban kiegyenl\u00edt\u0151dni l\u00e1tszik tov\u00e1bb\u00e1 a k\u00e9pess\u00e9gekhez m\u00e9rt finansz\u00edroz\u00e1s. A v\u00e1ltoz\u00e1sok \u00fctem\u00e9nek azonban tov\u00e1bbra is gyorsulnia kell, hogy megfeleljen a szponzorok \u00e9s a k\u00f6z\u00f6ns\u00e9g n\u00f6vekv\u0151 elv\u00e1r\u00e1sainak. Ez\u00e9rt, mik\u00f6zben \u00fcnnepelj\u00fck az el\u00e9rt eredm\u00e9nyeket, tov\u00e1bbra is elk\u00f6telezettnek kell maradnunk a n\u0151i ker\u00e9kp\u00e1rosok helyzet\u00e9nek jav\u00edt\u00e1sa mellett. A profi n\u0151i ker\u00e9kp\u00e1rsport j\u00f6v\u0151je k\u00f6z\u00f6s er\u0151fesz\u00edt\u00e9seinken m\u00falik, hogy minden sportol\u00f3 sz\u00e1m\u00e1ra tisztess\u00e9ges \u00e9s p\u00e9nz\u00fcgyileg kiel\u00e9g\u00edt\u0151 k\u00f6rnyezetet biztos\u00edtsunk.<\/p>\n<p>A n\u0151i sportol\u00f3k figyelemre m\u00e9lt\u00f3 rugalmass\u00e1got mutatnak a j\u00f6vedelmi egyenl\u0151tlens\u00e9gekkel szemben. Sokan tov\u00e1bbra is elviselik a szponzor\u00e1ci\u00f3k bizonytalans\u00e1g\u00e1t \u00e9s az anyagi neh\u00e9zs\u00e9geket, mik\u00f6zben gyakran fizet\u00e9s n\u00e9lk\u00fcl edzenek \u00e9s versenyeznek, abban a rem\u00e9nyben, hogy er\u0151fesz\u00edt\u00e9seiket v\u00e9g\u00fcl megjutalmazz\u00e1k. A ker\u00e9kp\u00e1ros k\u00f6z\u00f6ss\u00e9gnek ez\u00e9rt el kell ismernie, hogy milyen \u00e9rt\u00e9ket k\u00e9pviselnek ezek a sportol\u00f3k, \u00e9s fel kell l\u00e9pnie a j\u00f6vedelmi egyenl\u0151tlens\u00e9gek ellen.<\/p>\n","protected":false},"excerpt":{"rendered":"<p>A profi ker\u00e9kp\u00e1rsportban a versenyz\u0151k sz\u00edv\u00fcket-lelk\u00fcket beleadj\u00e1k a k\u00fczdelembe. A szenved\u00e9ly \u00e9s az elsz\u00e1nts\u00e1g hajtja \u0151ket a kiv\u00e1l\u00f3s\u00e1g fel\u00e9. Sok [&hellip;]<\/p>\n","protected":false},"author":71,"featured_media":17901,"comment_status":"open","ping_status":"open","sticky":false,"template":"","format":"standard","meta":{"footnotes":""},"categories":[8],"tags":[],"global-categories":[],"class_list":["post-18221","post","type-post","status-publish","format-standard","has-post-thumbnail","hentry","category-orszaguti-kerekpar"],"yoast_head":"<!-- This site is optimized with the Yoast SEO Premium plugin v25.3 (Yoast SEO v25.9) - https:\/\/yoast.com\/wordpress\/plugins\/seo\/ -->\n<title>A b\u00e9rszakad\u00e9k \u00e1thidal\u00e1sa: A j\u00f6vedelmi egyenl\u0151tlens\u00e9gek kezel\u00e9se a profi n\u0151i ker\u00e9kp\u00e1roz\u00e1sban<\/title>\n<meta name=\"description\" content=\"A profi ker\u00e9kp\u00e1rsportban a versenyz\u0151k sz\u00edv\u00fcket-lelk\u00fcket beleadj\u00e1k a k\u00fczdelembe. A szenved\u00e9ly \u00e9s az elsz\u00e1nts\u00e1g hajtja \u0151ket a kiv\u00e1l\u00f3s\u00e1g fel\u00e9. Sok n\u0151i bring\u00e1s sz\u00e1m\u00e1ra azonban az az \u00e1lom, hogy az er\u0151fesz\u00edt\u00e9seik egyszer kifizet\u0151dnek \u00e9s tisztess\u00e9gesen meg\u00e9lnek a ker\u00e9kp\u00e1rsportb\u00f3l, tov\u00e1bbra is el\u00e9rhetetlennek t\u0171nik. Typhaine Laurance, francia ker\u00e9kp\u00e1rosn\u0151 t\u00f6rt\u00e9nete \u2013 aki 25 \u00e9vesen anyagi neh\u00e9zs\u00e9gek miatt vonult vissza \u2013 szomor\u00fa eml\u00e9keztet\u0151\u00fcl szolg\u00e1l arra vonatkoz\u00f3an, hogy a j\u00f6vedelmi egyenl\u0151tlens\u00e9gek m\u00e9g mindig \u00f3ri\u00e1si probl\u00e9m\u00e1t jelentenek a profi n\u0151i ker\u00e9kp\u00e1rsportban.\" \/>\n<meta name=\"robots\" content=\"index, follow, max-snippet:-1, max-image-preview:large, max-video-preview:-1\" \/>\n<link rel=\"canonical\" href=\"https:\/\/www.welovecycling.com\/hu\/orszaguti-kerekpar\/a-berszakadek-athidalasa-a-jovedelmi-egyenlotlensegek-kezelese-a-profi-noi-kerekparozasban\/\" \/>\n<meta property=\"og:locale\" content=\"hu_HU\" \/>\n<meta property=\"og:type\" content=\"article\" \/>\n<meta property=\"og:title\" content=\"A b\u00e9rszakad\u00e9k \u00e1thidal\u00e1sa: A j\u00f6vedelmi egyenl\u0151tlens\u00e9gek kezel\u00e9se a profi n\u0151i ker\u00e9kp\u00e1roz\u00e1sban\" \/>\n<meta property=\"og:description\" content=\"A profi ker\u00e9kp\u00e1rsportban a versenyz\u0151k sz\u00edv\u00fcket-lelk\u00fcket beleadj\u00e1k a k\u00fczdelembe. A szenved\u00e9ly \u00e9s az elsz\u00e1nts\u00e1g hajtja \u0151ket a kiv\u00e1l\u00f3s\u00e1g fel\u00e9. Sok n\u0151i bring\u00e1s sz\u00e1m\u00e1ra azonban az az \u00e1lom, hogy az er\u0151fesz\u00edt\u00e9seik egyszer kifizet\u0151dnek \u00e9s tisztess\u00e9gesen meg\u00e9lnek a ker\u00e9kp\u00e1rsportb\u00f3l, tov\u00e1bbra is el\u00e9rhetetlennek t\u0171nik. Typhaine Laurance, francia ker\u00e9kp\u00e1rosn\u0151 t\u00f6rt\u00e9nete \u2013 aki 25 \u00e9vesen anyagi neh\u00e9zs\u00e9gek miatt vonult vissza \u2013 szomor\u00fa eml\u00e9keztet\u0151\u00fcl szolg\u00e1l arra vonatkoz\u00f3an, hogy a j\u00f6vedelmi egyenl\u0151tlens\u00e9gek m\u00e9g mindig \u00f3ri\u00e1si probl\u00e9m\u00e1t jelentenek a profi n\u0151i ker\u00e9kp\u00e1rsportban.\" \/>\n<meta property=\"og:url\" content=\"https:\/\/www.welovecycling.com\/hu\/orszaguti-kerekpar\/a-berszakadek-athidalasa-a-jovedelmi-egyenlotlensegek-kezelese-a-profi-noi-kerekparozasban\/\" \/>\n<meta property=\"og:site_name\" content=\"\u0160koda We Love Cycling - Magyarorsz\u00e1g\" \/>\n<meta property=\"article:publisher\" content=\"https:\/\/www.facebook.com\/WeLoveCyclingHungary\/\" \/>\n<meta property=\"article:published_time\" content=\"2023-12-12T06:00:06+00:00\" \/>\n<meta property=\"og:image\" content=\"https:\/\/d2p6e6u75xmxt8.cloudfront.net\/12\/2023\/09\/Strade-Bianche-Donne-Women39s-Peloton-profimedia-0760309414-CVR.webp\" \/>\n\t<meta property=\"og:image:width\" content=\"990\" \/>\n\t<meta property=\"og:image:height\" content=\"660\" \/>\n\t<meta property=\"og:image:type\" content=\"image\/webp\" \/>\n<meta name=\"author\" content=\"hegyizs\" \/>\n<meta name=\"twitter:card\" content=\"summary_large_image\" \/>\n<meta name=\"twitter:label1\" content=\"Written by\" \/>\n\t<meta name=\"twitter:data1\" content=\"Megan Flottorp\" \/>\n\t<meta name=\"twitter:label2\" content=\"Est. reading time\" \/>\n\t<meta name=\"twitter:data2\" content=\"5\" \/>\n<script type=\"application\/ld+json\" class=\"yoast-schema-graph\">{\"@context\":\"https:\/\/schema.org\",\"@graph\":[{\"@type\":\"WebPage\",\"@id\":\"https:\/\/www.welovecycling.com\/hu\/orszaguti-kerekpar\/a-berszakadek-athidalasa-a-jovedelmi-egyenlotlensegek-kezelese-a-profi-noi-kerekparozasban\/\",\"url\":\"https:\/\/www.welovecycling.com\/hu\/orszaguti-kerekpar\/a-berszakadek-athidalasa-a-jovedelmi-egyenlotlensegek-kezelese-a-profi-noi-kerekparozasban\/\",\"name\":\"A b\u00e9rszakad\u00e9k \u00e1thidal\u00e1sa: A j\u00f6vedelmi egyenl\u0151tlens\u00e9gek kezel\u00e9se a profi n\u0151i ker\u00e9kp\u00e1roz\u00e1sban\",\"isPartOf\":{\"@id\":\"https:\/\/www.welovecycling.com\/hu\/#website\"},\"primaryImageOfPage\":{\"@id\":\"https:\/\/www.welovecycling.com\/hu\/orszaguti-kerekpar\/a-berszakadek-athidalasa-a-jovedelmi-egyenlotlensegek-kezelese-a-profi-noi-kerekparozasban\/#primaryimage\"},\"image\":{\"@id\":\"https:\/\/www.welovecycling.com\/hu\/orszaguti-kerekpar\/a-berszakadek-athidalasa-a-jovedelmi-egyenlotlensegek-kezelese-a-profi-noi-kerekparozasban\/#primaryimage\"},\"thumbnailUrl\":\"https:\/\/d2p6e6u75xmxt8.cloudfront.net\/12\/2023\/09\/Strade-Bianche-Donne-Women39s-Peloton-profimedia-0760309414-CVR.webp\",\"datePublished\":\"2023-12-12T06:00:06+00:00\",\"author\":{\"@id\":\"https:\/\/www.welovecycling.com\/hu\/#\/schema\/person\/414a2aebf1801691a5320edb6468e194\"},\"description\":\"A profi ker\u00e9kp\u00e1rsportban a versenyz\u0151k sz\u00edv\u00fcket-lelk\u00fcket beleadj\u00e1k a k\u00fczdelembe. A szenved\u00e9ly \u00e9s az elsz\u00e1nts\u00e1g hajtja \u0151ket a kiv\u00e1l\u00f3s\u00e1g fel\u00e9. Sok n\u0151i bring\u00e1s sz\u00e1m\u00e1ra azonban az az \u00e1lom, hogy az er\u0151fesz\u00edt\u00e9seik egyszer kifizet\u0151dnek \u00e9s tisztess\u00e9gesen meg\u00e9lnek a ker\u00e9kp\u00e1rsportb\u00f3l, tov\u00e1bbra is el\u00e9rhetetlennek t\u0171nik. Typhaine Laurance, francia ker\u00e9kp\u00e1rosn\u0151 t\u00f6rt\u00e9nete \u2013 aki 25 \u00e9vesen anyagi neh\u00e9zs\u00e9gek miatt vonult vissza \u2013 szomor\u00fa eml\u00e9keztet\u0151\u00fcl szolg\u00e1l arra vonatkoz\u00f3an, hogy a j\u00f6vedelmi egyenl\u0151tlens\u00e9gek m\u00e9g mindig \u00f3ri\u00e1si probl\u00e9m\u00e1t jelentenek a profi n\u0151i ker\u00e9kp\u00e1rsportban.\",\"breadcrumb\":{\"@id\":\"https:\/\/www.welovecycling.com\/hu\/orszaguti-kerekpar\/a-berszakadek-athidalasa-a-jovedelmi-egyenlotlensegek-kezelese-a-profi-noi-kerekparozasban\/#breadcrumb\"},\"inLanguage\":\"hu\",\"potentialAction\":[{\"@type\":\"ReadAction\",\"target\":[\"https:\/\/www.welovecycling.com\/hu\/orszaguti-kerekpar\/a-berszakadek-athidalasa-a-jovedelmi-egyenlotlensegek-kezelese-a-profi-noi-kerekparozasban\/\"]}]},{\"@type\":\"ImageObject\",\"inLanguage\":\"hu\",\"@id\":\"https:\/\/www.welovecycling.com\/hu\/orszaguti-kerekpar\/a-berszakadek-athidalasa-a-jovedelmi-egyenlotlensegek-kezelese-a-profi-noi-kerekparozasban\/#primaryimage\",\"url\":\"https:\/\/d2p6e6u75xmxt8.cloudfront.net\/12\/2023\/09\/Strade-Bianche-Donne-Women39s-Peloton-profimedia-0760309414-CVR.webp\",\"contentUrl\":\"https:\/\/d2p6e6u75xmxt8.cloudfront.net\/12\/2023\/09\/Strade-Bianche-Donne-Women39s-Peloton-profimedia-0760309414-CVR.webp\",\"width\":990,\"height\":660,\"caption\":\"Strade Bianche Donne\"},{\"@type\":\"BreadcrumbList\",\"@id\":\"https:\/\/www.welovecycling.com\/hu\/orszaguti-kerekpar\/a-berszakadek-athidalasa-a-jovedelmi-egyenlotlensegek-kezelese-a-profi-noi-kerekparozasban\/#breadcrumb\",\"itemListElement\":[{\"@type\":\"ListItem\",\"position\":1,\"name\":\"Home\",\"item\":\"https:\/\/www.welovecycling.com\/hu\/\"},{\"@type\":\"ListItem\",\"position\":2,\"name\":\"A b\u00e9rszakad\u00e9k \u00e1thidal\u00e1sa: A j\u00f6vedelmi egyenl\u0151tlens\u00e9gek kezel\u00e9se a profi n\u0151i ker\u00e9kp\u00e1roz\u00e1sban\"}]},{\"@type\":\"WebSite\",\"@id\":\"https:\/\/www.welovecycling.com\/hu\/#website\",\"url\":\"https:\/\/www.welovecycling.com\/hu\/\",\"name\":\"\u0160koda We Love Cycling - Magyarorsz\u00e1g\",\"description\":\"\u0160koda WeLoveCycling\",\"potentialAction\":[{\"@type\":\"SearchAction\",\"target\":{\"@type\":\"EntryPoint\",\"urlTemplate\":\"https:\/\/www.welovecycling.com\/hu\/?s={search_term_string}\"},\"query-input\":{\"@type\":\"PropertyValueSpecification\",\"valueRequired\":true,\"valueName\":\"search_term_string\"}}],\"inLanguage\":\"hu\"},{\"@type\":\"Person\",\"@id\":\"https:\/\/www.welovecycling.com\/hu\/#\/schema\/person\/414a2aebf1801691a5320edb6468e194\",\"name\":\"hegyizs\",\"image\":{\"@type\":\"ImageObject\",\"inLanguage\":\"hu\",\"@id\":\"https:\/\/www.welovecycling.com\/hu\/#\/schema\/person\/image\/\",\"url\":\"https:\/\/secure.gravatar.com\/avatar\/02cf8a7906b8cf90cecb4679defac7cfd33a1c2e3b88e4903d947f3bb58eedd3?s=96&d=mm&r=g\",\"contentUrl\":\"https:\/\/secure.gravatar.com\/avatar\/02cf8a7906b8cf90cecb4679defac7cfd33a1c2e3b88e4903d947f3bb58eedd3?s=96&d=mm&r=g\",\"caption\":\"hegyizs\"},\"url\":\"https:\/\/www.welovecycling.com\/hu\/author\/hegyizs\/\"}]}<\/script>\n<!-- \/ Yoast SEO Premium plugin. -->","yoast_head_json":{"title":"A b\u00e9rszakad\u00e9k \u00e1thidal\u00e1sa: A j\u00f6vedelmi egyenl\u0151tlens\u00e9gek kezel\u00e9se a profi n\u0151i ker\u00e9kp\u00e1roz\u00e1sban","description":"A profi ker\u00e9kp\u00e1rsportban a versenyz\u0151k sz\u00edv\u00fcket-lelk\u00fcket beleadj\u00e1k a k\u00fczdelembe. A szenved\u00e9ly \u00e9s az elsz\u00e1nts\u00e1g hajtja \u0151ket a kiv\u00e1l\u00f3s\u00e1g fel\u00e9. Sok n\u0151i bring\u00e1s sz\u00e1m\u00e1ra azonban az az \u00e1lom, hogy az er\u0151fesz\u00edt\u00e9seik egyszer kifizet\u0151dnek \u00e9s tisztess\u00e9gesen meg\u00e9lnek a ker\u00e9kp\u00e1rsportb\u00f3l, tov\u00e1bbra is el\u00e9rhetetlennek t\u0171nik. Typhaine Laurance, francia ker\u00e9kp\u00e1rosn\u0151 t\u00f6rt\u00e9nete \u2013 aki 25 \u00e9vesen anyagi neh\u00e9zs\u00e9gek miatt vonult vissza \u2013 szomor\u00fa eml\u00e9keztet\u0151\u00fcl szolg\u00e1l arra vonatkoz\u00f3an, hogy a j\u00f6vedelmi egyenl\u0151tlens\u00e9gek m\u00e9g mindig \u00f3ri\u00e1si probl\u00e9m\u00e1t jelentenek a profi n\u0151i ker\u00e9kp\u00e1rsportban.","robots":{"index":"index","follow":"follow","max-snippet":"max-snippet:-1","max-image-preview":"max-image-preview:large","max-video-preview":"max-video-preview:-1"},"canonical":"https:\/\/www.welovecycling.com\/hu\/orszaguti-kerekpar\/a-berszakadek-athidalasa-a-jovedelmi-egyenlotlensegek-kezelese-a-profi-noi-kerekparozasban\/","og_locale":"hu_HU","og_type":"article","og_title":"A b\u00e9rszakad\u00e9k \u00e1thidal\u00e1sa: A j\u00f6vedelmi egyenl\u0151tlens\u00e9gek kezel\u00e9se a profi n\u0151i ker\u00e9kp\u00e1roz\u00e1sban","og_description":"A profi ker\u00e9kp\u00e1rsportban a versenyz\u0151k sz\u00edv\u00fcket-lelk\u00fcket beleadj\u00e1k a k\u00fczdelembe. A szenved\u00e9ly \u00e9s az elsz\u00e1nts\u00e1g hajtja \u0151ket a kiv\u00e1l\u00f3s\u00e1g fel\u00e9. Sok n\u0151i bring\u00e1s sz\u00e1m\u00e1ra azonban az az \u00e1lom, hogy az er\u0151fesz\u00edt\u00e9seik egyszer kifizet\u0151dnek \u00e9s tisztess\u00e9gesen meg\u00e9lnek a ker\u00e9kp\u00e1rsportb\u00f3l, tov\u00e1bbra is el\u00e9rhetetlennek t\u0171nik. Typhaine Laurance, francia ker\u00e9kp\u00e1rosn\u0151 t\u00f6rt\u00e9nete \u2013 aki 25 \u00e9vesen anyagi neh\u00e9zs\u00e9gek miatt vonult vissza \u2013 szomor\u00fa eml\u00e9keztet\u0151\u00fcl szolg\u00e1l arra vonatkoz\u00f3an, hogy a j\u00f6vedelmi egyenl\u0151tlens\u00e9gek m\u00e9g mindig \u00f3ri\u00e1si probl\u00e9m\u00e1t jelentenek a profi n\u0151i ker\u00e9kp\u00e1rsportban.","og_url":"https:\/\/www.welovecycling.com\/hu\/orszaguti-kerekpar\/a-berszakadek-athidalasa-a-jovedelmi-egyenlotlensegek-kezelese-a-profi-noi-kerekparozasban\/","og_site_name":"\u0160koda We Love Cycling - Magyarorsz\u00e1g","article_publisher":"https:\/\/www.facebook.com\/WeLoveCyclingHungary\/","article_published_time":"2023-12-12T06:00:06+00:00","og_image":[{"width":990,"height":660,"url":"https:\/\/d2p6e6u75xmxt8.cloudfront.net\/12\/2023\/09\/Strade-Bianche-Donne-Women39s-Peloton-profimedia-0760309414-CVR.webp","type":"image\/webp"}],"author":"hegyizs","twitter_card":"summary_large_image","twitter_misc":{"Written by":"Megan Flottorp","Est. reading time":"5"},"schema":{"@context":"https:\/\/schema.org","@graph":[{"@type":"WebPage","@id":"https:\/\/www.welovecycling.com\/hu\/orszaguti-kerekpar\/a-berszakadek-athidalasa-a-jovedelmi-egyenlotlensegek-kezelese-a-profi-noi-kerekparozasban\/","url":"https:\/\/www.welovecycling.com\/hu\/orszaguti-kerekpar\/a-berszakadek-athidalasa-a-jovedelmi-egyenlotlensegek-kezelese-a-profi-noi-kerekparozasban\/","name":"A b\u00e9rszakad\u00e9k \u00e1thidal\u00e1sa: A j\u00f6vedelmi egyenl\u0151tlens\u00e9gek kezel\u00e9se a profi n\u0151i ker\u00e9kp\u00e1roz\u00e1sban","isPartOf":{"@id":"https:\/\/www.welovecycling.com\/hu\/#website"},"primaryImageOfPage":{"@id":"https:\/\/www.welovecycling.com\/hu\/orszaguti-kerekpar\/a-berszakadek-athidalasa-a-jovedelmi-egyenlotlensegek-kezelese-a-profi-noi-kerekparozasban\/#primaryimage"},"image":{"@id":"https:\/\/www.welovecycling.com\/hu\/orszaguti-kerekpar\/a-berszakadek-athidalasa-a-jovedelmi-egyenlotlensegek-kezelese-a-profi-noi-kerekparozasban\/#primaryimage"},"thumbnailUrl":"https:\/\/d2p6e6u75xmxt8.cloudfront.net\/12\/2023\/09\/Strade-Bianche-Donne-Women39s-Peloton-profimedia-0760309414-CVR.webp","datePublished":"2023-12-12T06:00:06+00:00","author":{"@id":"https:\/\/www.welovecycling.com\/hu\/#\/schema\/person\/414a2aebf1801691a5320edb6468e194"},"description":"A profi ker\u00e9kp\u00e1rsportban a versenyz\u0151k sz\u00edv\u00fcket-lelk\u00fcket beleadj\u00e1k a k\u00fczdelembe. A szenved\u00e9ly \u00e9s az elsz\u00e1nts\u00e1g hajtja \u0151ket a kiv\u00e1l\u00f3s\u00e1g fel\u00e9. Sok n\u0151i bring\u00e1s sz\u00e1m\u00e1ra azonban az az \u00e1lom, hogy az er\u0151fesz\u00edt\u00e9seik egyszer kifizet\u0151dnek \u00e9s tisztess\u00e9gesen meg\u00e9lnek a ker\u00e9kp\u00e1rsportb\u00f3l, tov\u00e1bbra is el\u00e9rhetetlennek t\u0171nik. Typhaine Laurance, francia ker\u00e9kp\u00e1rosn\u0151 t\u00f6rt\u00e9nete \u2013 aki 25 \u00e9vesen anyagi neh\u00e9zs\u00e9gek miatt vonult vissza \u2013 szomor\u00fa eml\u00e9keztet\u0151\u00fcl szolg\u00e1l arra vonatkoz\u00f3an, hogy a j\u00f6vedelmi egyenl\u0151tlens\u00e9gek m\u00e9g mindig \u00f3ri\u00e1si probl\u00e9m\u00e1t jelentenek a profi n\u0151i ker\u00e9kp\u00e1rsportban.","breadcrumb":{"@id":"https:\/\/www.welovecycling.com\/hu\/orszaguti-kerekpar\/a-berszakadek-athidalasa-a-jovedelmi-egyenlotlensegek-kezelese-a-profi-noi-kerekparozasban\/#breadcrumb"},"inLanguage":"hu","potentialAction":[{"@type":"ReadAction","target":["https:\/\/www.welovecycling.com\/hu\/orszaguti-kerekpar\/a-berszakadek-athidalasa-a-jovedelmi-egyenlotlensegek-kezelese-a-profi-noi-kerekparozasban\/"]}]},{"@type":"ImageObject","inLanguage":"hu","@id":"https:\/\/www.welovecycling.com\/hu\/orszaguti-kerekpar\/a-berszakadek-athidalasa-a-jovedelmi-egyenlotlensegek-kezelese-a-profi-noi-kerekparozasban\/#primaryimage","url":"https:\/\/d2p6e6u75xmxt8.cloudfront.net\/12\/2023\/09\/Strade-Bianche-Donne-Women39s-Peloton-profimedia-0760309414-CVR.webp","contentUrl":"https:\/\/d2p6e6u75xmxt8.cloudfront.net\/12\/2023\/09\/Strade-Bianche-Donne-Women39s-Peloton-profimedia-0760309414-CVR.webp","width":990,"height":660,"caption":"Strade Bianche Donne"},{"@type":"BreadcrumbList","@id":"https:\/\/www.welovecycling.com\/hu\/orszaguti-kerekpar\/a-berszakadek-athidalasa-a-jovedelmi-egyenlotlensegek-kezelese-a-profi-noi-kerekparozasban\/#breadcrumb","itemListElement":[{"@type":"ListItem","position":1,"name":"Home","item":"https:\/\/www.welovecycling.com\/hu\/"},{"@type":"ListItem","position":2,"name":"A b\u00e9rszakad\u00e9k \u00e1thidal\u00e1sa: A j\u00f6vedelmi egyenl\u0151tlens\u00e9gek kezel\u00e9se a profi n\u0151i ker\u00e9kp\u00e1roz\u00e1sban"}]},{"@type":"WebSite","@id":"https:\/\/www.welovecycling.com\/hu\/#website","url":"https:\/\/www.welovecycling.com\/hu\/","name":"\u0160koda We Love Cycling - Magyarorsz\u00e1g","description":"\u0160koda WeLoveCycling","potentialAction":[{"@type":"SearchAction","target":{"@type":"EntryPoint","urlTemplate":"https:\/\/www.welovecycling.com\/hu\/?s={search_term_string}"},"query-input":{"@type":"PropertyValueSpecification","valueRequired":true,"valueName":"search_term_string"}}],"inLanguage":"hu"},{"@type":"Person","@id":"https:\/\/www.welovecycling.com\/hu\/#\/schema\/person\/414a2aebf1801691a5320edb6468e194","name":"hegyizs","image":{"@type":"ImageObject","inLanguage":"hu","@id":"https:\/\/www.welovecycling.com\/hu\/#\/schema\/person\/image\/","url":"https:\/\/secure.gravatar.com\/avatar\/02cf8a7906b8cf90cecb4679defac7cfd33a1c2e3b88e4903d947f3bb58eedd3?s=96&d=mm&r=g","contentUrl":"https:\/\/secure.gravatar.com\/avatar\/02cf8a7906b8cf90cecb4679defac7cfd33a1c2e3b88e4903d947f3bb58eedd3?s=96&d=mm&r=g","caption":"hegyizs"},"url":"https:\/\/www.welovecycling.com\/hu\/author\/hegyizs\/"}]}},"_links":{"self":[{"href":"https:\/\/www.welovecycling.com\/hu\/wp-json\/wp\/v2\/posts\/18221","targetHints":{"allow":["GET"]}}],"collection":[{"href":"https:\/\/www.welovecycling.com\/hu\/wp-json\/wp\/v2\/posts"}],"about":[{"href":"https:\/\/www.welovecycling.com\/hu\/wp-json\/wp\/v2\/types\/post"}],"author":[{"embeddable":true,"href":"https:\/\/www.welovecycling.com\/hu\/wp-json\/wp\/v2\/users\/71"}],"replies":[{"embeddable":true,"href":"https:\/\/www.welovecycling.com\/hu\/wp-json\/wp\/v2\/comments?post=18221"}],"version-history":[{"count":2,"href":"https:\/\/www.welovecycling.com\/hu\/wp-json\/wp\/v2\/posts\/18221\/revisions"}],"predecessor-version":[{"id":18224,"href":"https:\/\/www.welovecycling.com\/hu\/wp-json\/wp\/v2\/posts\/18221\/revisions\/18224"}],"wp:featuredmedia":[{"embeddable":true,"href":"https:\/\/www.welovecycling.com\/hu\/wp-json\/wp\/v2\/media\/17901"}],"wp:attachment":[{"href":"https:\/\/www.welovecycling.com\/hu\/wp-json\/wp\/v2\/media?parent=18221"}],"wp:term":[{"taxonomy":"category","embeddable":true,"href":"https:\/\/www.welovecycling.com\/hu\/wp-json\/wp\/v2\/categories?post=18221"},{"taxonomy":"post_tag","embeddable":true,"href":"https:\/\/www.welovecycling.com\/hu\/wp-json\/wp\/v2\/tags?post=18221"},{"taxonomy":"global-categories","embeddable":true,"href":"https:\/\/www.welovecycling.com\/hu\/wp-json\/wp\/v2\/global-categories?post=18221"}],"curies":[{"name":"wp","href":"https:\/\/api.w.org\/{rel}","templated":true}]}}