{"id":18216,"date":"2023-12-14T08:00:05","date_gmt":"2023-12-14T06:00:05","guid":{"rendered":"https:\/\/www.welovecycling.com\/hu\/?p=18216"},"modified":"2023-12-08T16:17:14","modified_gmt":"2023-12-08T14:17:14","slug":"girmay-ugy-latja-a-kudarcokkal-teli-2023-as-evet-mint-egy-tanulasi-folyamat-reszet","status":"publish","type":"post","link":"https:\/\/www.welovecycling.com\/hu\/orszaguti-kerekpar\/girmay-ugy-latja-a-kudarcokkal-teli-2023-as-evet-mint-egy-tanulasi-folyamat-reszet\/","title":{"rendered":"Girmay \u00fagy l\u00e1tja a kudarcokkal teli 2023-as \u00e9vet, mint egy tanul\u00e1si folyamat r\u00e9sz\u00e9t"},"content":{"rendered":"<p><strong>Biniam Girmay 2023-as szezonja nagy csal\u00f3d\u00e1s volt a ker\u00e9kp\u00e1ros sz\u00e1m\u00e1ra. A 23 \u00e9ves eritreai Afrika eddigi legsikeresebb bring\u00e1sa, \u00e9s j\u00f3 es\u00e9lye volt arra, hogy az orsz\u00e1g\u00fati vil\u00e1gbajnoks\u00e1gon a legjobb 10 k\u00f6z\u00e9 ker\u00fclhessen, ha nem \u00e9ppen arra, hogy gy\u0151ztesk\u00e9nt \u00e1llhasson fel a dobog\u00f3ra. De el\u0151sz\u00f6r is &#8211; mint sz\u00e1mos m\u00e1s afrikai versenyz\u0151nek &#8211; elutas\u00edtott\u00e1k az Egyes\u00fclt Kir\u00e1lys\u00e1gba val\u00f3 bel\u00e9p\u00e9shez sz\u00fcks\u00e9ges v\u00edzum\u00e1t, majd majdnem ugyanabban az id\u0151ben egy baleset miatt vissza kellett l\u00e9pnie a Clasica San Sebastian versenyr\u0151l.<\/strong><\/p>\n<p style=\"font-weight: 400;\"><!--more--><\/p>\n<p><em>\u201eTerm\u00e9szetesen nagyon csal\u00f3dott vagyok, hogy vissza kellett l\u00e9pnem att\u00f3l a versenyt\u0151l, ami a f\u0151 c\u00e9lom volt ebben a szezonban m\u00e1r a tavalyi t\u00e9lt\u0151l kezdve,\u201d<\/em> mondta az Intermarch\u00e9-Circus-Wanty csapata weboldal\u00e1n k\u00f6zz\u00e9tett nyilatkozat\u00e1ban. <em>\u201eJ\u00f3 \u00e9rz\u00e9seim voltak a Tour de France ut\u00e1n, de a Clasica San Sebasti\u00e1n-on t\u00f6rt\u00e9nt baleset ut\u00e1ni f\u00e1jdalmak nem tett\u00e9k lehet\u0151v\u00e9, hogy kipr\u00f3b\u00e1ljam az es\u00e9lyeimet a vil\u00e1gbajnoks\u00e1gon. Az els\u0151dleges c\u00e9l most az, hogy fel\u00e9p\u00fcljek, majd felk\u00e9sz\u00fcljek a szezon utols\u00f3 r\u00e9sz\u00e9re, \u00e9s sz\u00e9p c\u00e9lokat t\u0171zzek ki az egynapos versenyeken, mint amilyen a Grand Prix de Plouay \u00e9s a kanadai klasszikusok.\u201d<\/em><\/p>\n<p>Sajn\u00e1latos m\u00f3don Girmay szezonj\u00e1nak tov\u00e1bbi r\u00e9sze is csal\u00f3d\u00e1sokkal volt teli: nem fejezte be a Bretagne Classic\u2013Ouest-France versenyt \u00e9s a Grand Prix Cycliste de Montr\u00e9al-t, a Grand Prix Cicliste de Qu\u00e9bec-en a 38. helyen v\u00e9gzett. A szezon utols\u00f3 10 verseny\u00e9n a legjobb eredm\u00e9nye k\u00e9t 7. helyez\u00e9s lett. Mind\u00f6ssze teh\u00e1t k\u00e9t gy\u0151zelmet aratott Girmay az \u00e9v sor\u00e1n: megnyert egy szakaszt a Tour de Suisse-en \u00e9s egyet a Volta a la Comunitat Valenciana-\u00e1n. Ahogy \u0151 maga is elismeri,\u00a0 ez nagy visszal\u00e9p\u00e9s a 2022-es \u00e1tt\u00f6r\u0151 szezonja ut\u00e1n, amikor megnyerte a Gent-Wevelgem-et, a Trofeo Alc\u00fadia\u2013Port d\u2019Alc\u00fadia-t \u00e9s els\u0151 feketek\u00e9nt nyert egy szakaszt a Giro d\u2019Italia-n is. Emellett dobog\u00f3s helyez\u00e9seket \u00e9rt el a Grand Prix de Wallonie-n \u00e9s a Grand Prix Cycliste de Qu\u00e9bec-en.<\/p>\n<p><em>\u201eA tavalyi \u00e9v hihetetlen volt. Minden olyan gyorsan t\u00f6rt\u00e9nt,\u201d<\/em> mondta a Rouleur-nak. <em>\u201eTavaly minden az els\u0151 volt. Az els\u0151 Grand Tour-om, az els\u0151 klasszikusaim, \u00e9s minden olyan j\u00f3l ment &#8211; sokkal jobban, mint ahogy v\u00e1rtam. Persze sosem k\u00f6nny\u0171 megism\u00e9telni az ilyesmit, de n\u00e9ha t\u00e9nyleg apr\u00f3 dolgok jelentenek hatalmas k\u00fcl\u00f6nbs\u00e9geket. A r\u00e9szletek sz\u00e1m\u00edtanak, k\u00fcl\u00f6n\u00f6sen a sprinterek sz\u00e1m\u00e1ra. \u00c9s ha valami csak egy kicsit is elt\u00e9r, minden borul.\u201d<\/em><\/p>\n<figure id=\"attachment_18217\" aria-describedby=\"caption-attachment-18217\" style=\"width: 990px\" class=\"wp-caption alignnone\"><a href=\"https:\/\/d2p6e6u75xmxt8.cloudfront.net\/12\/2023\/12\/Biniam-Girmay-Giro-Stage-10-profimedia-0692160440-CVR.webp\"><img loading=\"lazy\" decoding=\"async\" class=\"wp-image-18217 size-full\" src=\"https:\/\/d2p6e6u75xmxt8.cloudfront.net\/12\/2023\/12\/Biniam-Girmay-Giro-Stage-10-profimedia-0692160440-CVR.webp\" alt=\"Biniam Girmay\" width=\"990\" height=\"660\" srcset=\"https:\/\/d2p6e6u75xmxt8.cloudfront.net\/12\/2023\/12\/Biniam-Girmay-Giro-Stage-10-profimedia-0692160440-CVR.webp 990w, https:\/\/d2p6e6u75xmxt8.cloudfront.net\/12\/2023\/12\/Biniam-Girmay-Giro-Stage-10-profimedia-0692160440-CVR-300x200.webp 300w, https:\/\/d2p6e6u75xmxt8.cloudfront.net\/12\/2023\/12\/Biniam-Girmay-Giro-Stage-10-profimedia-0692160440-CVR-768x512.webp 768w, https:\/\/d2p6e6u75xmxt8.cloudfront.net\/12\/2023\/12\/Biniam-Girmay-Giro-Stage-10-profimedia-0692160440-CVR-400x267.webp 400w, https:\/\/d2p6e6u75xmxt8.cloudfront.net\/12\/2023\/12\/Biniam-Girmay-Giro-Stage-10-profimedia-0692160440-CVR-272x182.webp 272w\" sizes=\"auto, (max-width: 990px) 100vw, 990px\" \/><\/a><figcaption id=\"caption-attachment-18217\" class=\"wp-caption-text\">Girmay a 2022-es Giro d&#8217;Itali\u00e1n. \u00a9 Profimedia<\/figcaption><\/figure>\n<p>A betegs\u00e9g \u00e9s a balesetek r\u00e1ad\u00e1sul nem csup\u00e1n apr\u00f3s\u00e1gok, \u00e9s ezek a szerencs\u00e9tlens\u00e9gek jelent\u0151s hat\u00e1ssal voltak Girmay teljes\u00edtm\u00e9ny\u00e9re. A flamand egynapos verseny el\u0151tt megbetegedett, egy 75 km\/\u00f3r\u00e1s sebess\u00e9g\u0171 lejtmenet sor\u00e1n pedig balesetet szenvedett a Tour of Flanders-en. Az \u00fctk\u00f6z\u00e9st k\u00f6vet\u0151en k\u00e9t \u00f3r\u00e1ig eszm\u00e9tlen volt, \u00e9s csak a k\u00f3rh\u00e1zban \u00e9bredt fel. <em>\u201eM\u00e9g ma sem eml\u00e9kszem semmire,\u201d<\/em> mondta.<\/p>\n<p>Tal\u00e1n nem meglep\u0151, hogy nem teljes\u00edtette az elv\u00e1r\u00e1soknak megfelel\u0151en a Tour de France-on. Ez volt az els\u0151 Tour-ja, \u00e9s ahogy elmondta, \u201e<em>a harc a j\u00f3 poz\u00edci\u00f3\u00e9rt, a sprintek, a teljes \u00e1tszellem\u00fcl\u00e9s. Semmi sem hasonl\u00edthat\u00f3 ehhez.\u201d<\/em> \u00c9s a kudarc ellen\u00e9re jobb versenyz\u0151k\u00e9nt j\u00f6tt ki a versenyb\u0151l: <em>\u201eEz egy hatalmas tanul\u00e1si folyamat volt.\u201d<\/em><\/p>\n<p>Fontos tudni, hogy Girmay az idei Tour-on az egyetlen fekete versenyz\u0151 volt. Biztosan nagy nyom\u00e1s nehezedett r\u00e1, hiszen tudta, hogy milli\u00f3 ker\u00e9kp\u00e1ros rajong\u00f3ja szurkol neki otthon. <em>\u201eNagy pillanat ez sz\u00e1momra \u00e9s az afrikai versenyz\u0151k sz\u00e1m\u00e1ra, mert most az eg\u00e9sz megtudhatja, hogy az afrikaiaknak is van itt helye,\u201d<\/em> mondta az Eurosportnak tavalyi Giro-szakaszgy\u0151zelme ut\u00e1n. <em>\u201eRem\u00e9lem, t\u00f6bbet is tehet\u00fcnk.\u201d<\/em><\/p>\n<p>Mind Girmay, mind sportigazgat\u00f3ja, Aike Visbeek, optimist\u00e1n tekintenek 2024-re, annak ellen\u00e9re, hogy m\u00e9g mindig vannak akad\u00e1lyok mind a versenyz\u0151, mind a csapat sz\u00e1m\u00e1ra. <em>\u201eBiniam m\u00e9g mindig nagyon fiatal,<\/em>\u201d mondta Visbeek a Rouleur-nak. <em>\u201eA kulcs az, hogy tanuljunk \u00e9s meg\u00e9rts\u00fck, mit\u00a0 csin\u00e1lhatunk jobban, hiszen m\u00e9g mindig a tanul\u00e1si f\u00e1zisban vagyunk. M\u00e9g keress\u00fck a legjobb m\u00f3dszert az \u00e9letvitele \u00e9s az eur\u00f3pai versenyz\u00e9s egyens\u00falyoz\u00e1s\u00e1hoz, finom\u00edtva edz\u00e9seinket \u00e9s felk\u00e9sz\u00fcl\u00e9s\u00fcnket.\u201d<\/em><\/p>\n<p style=\"font-weight: 400;\">Ahogy megjegyezte, a versenyz\u00e9s egy tanul\u00e1si folyamat, ami gyakran lass\u00fa \u00e9s n\u00e9ha a fejl\u0151d\u00e9s neh\u00e9z \u00e9szrevehet\u0151. P\u00e9ld\u00e1ul 2022-ben Girmay megnyerte a Gent-Wevelgem-et, de id\u00e9n a 97 befejez\u0151 k\u00f6z\u00fcl a 96. helyen v\u00e9gzett. De &#8211; ahogy Visbeek r\u00e1mutatott -, a fagyban, es\u0151ben megrendezett verseny megintcsak egy nagy \u201cels\u0151\u201d volt a sz\u00e1m\u00e1ra. <em>\u201eAmi pedig a Tour-t illeti,\u201d<\/em> tette hozz\u00e1, <em>\u201evoltak rossz pillanatai, de befejezte a verseny, \u00e9s m\u00e9g egy hatodik helyez\u00e9st is el\u00e9rt a Champs-\u00c9lys\u00e9es-n. De f\u0151k\u00e9nt: v\u00e9gigcsin\u00e1lta az els\u0151 Grand Tour-j\u00e1t!\u201d<\/em><\/p>\n","protected":false},"excerpt":{"rendered":"<p>Biniam Girmay 2023-as szezonja nagy csal\u00f3d\u00e1s volt a ker\u00e9kp\u00e1ros sz\u00e1m\u00e1ra. A 23 \u00e9ves eritreai Afrika eddigi legsikeresebb bring\u00e1sa, \u00e9s j\u00f3 [&hellip;]<\/p>\n","protected":false},"author":71,"featured_media":18219,"comment_status":"open","ping_status":"open","sticky":false,"template":"","format":"standard","meta":{"footnotes":""},"categories":[8],"tags":[],"global-categories":[],"class_list":["post-18216","post","type-post","status-publish","format-standard","has-post-thumbnail","hentry","category-orszaguti-kerekpar"],"yoast_head":"<!-- This site is optimized with the Yoast SEO Premium plugin v25.3 (Yoast SEO v25.9) - https:\/\/yoast.com\/wordpress\/plugins\/seo\/ -->\n<title>Girmay \u00fagy l\u00e1tja a kudarcokkal teli 2023-as \u00e9vet, mint egy tanul\u00e1si folyamat r\u00e9sz\u00e9t<\/title>\n<meta name=\"description\" content=\"Biniam Girmay 2023-as szezonja nagy csal\u00f3d\u00e1s volt a ker\u00e9kp\u00e1ros sz\u00e1m\u00e1ra. A 23 \u00e9ves eritreai Afrika eddigi legsikeresebb bring\u00e1sa, \u00e9s j\u00f3 es\u00e9lye volt arra, hogy az orsz\u00e1g\u00fati vil\u00e1gbajnoks\u00e1gon a legjobb 10 k\u00f6z\u00e9 ker\u00fclhessen, ha nem \u00e9ppen arra, hogy gy\u0151ztesk\u00e9nt \u00e1llhasson fel a dobog\u00f3ra. De el\u0151sz\u00f6r is - mint sz\u00e1mos m\u00e1s afrikai versenyz\u0151nek - elutas\u00edtott\u00e1k az Egyes\u00fclt Kir\u00e1lys\u00e1gba val\u00f3 bel\u00e9p\u00e9shez sz\u00fcks\u00e9ges v\u00edzum\u00e1t, majd majdnem ugyanabban az id\u0151ben egy baleset miatt vissza kellett l\u00e9pnie a Clasica San Sebastian versenyr\u0151l.\" \/>\n<meta name=\"robots\" content=\"index, follow, max-snippet:-1, max-image-preview:large, max-video-preview:-1\" \/>\n<link rel=\"canonical\" href=\"https:\/\/www.welovecycling.com\/hu\/orszaguti-kerekpar\/girmay-ugy-latja-a-kudarcokkal-teli-2023-as-evet-mint-egy-tanulasi-folyamat-reszet\/\" \/>\n<meta property=\"og:locale\" content=\"hu_HU\" \/>\n<meta property=\"og:type\" content=\"article\" \/>\n<meta property=\"og:title\" content=\"Girmay \u00fagy l\u00e1tja a kudarcokkal teli 2023-as \u00e9vet, mint egy tanul\u00e1si folyamat r\u00e9sz\u00e9t\" \/>\n<meta property=\"og:description\" content=\"Biniam Girmay 2023-as szezonja nagy csal\u00f3d\u00e1s volt a ker\u00e9kp\u00e1ros sz\u00e1m\u00e1ra. A 23 \u00e9ves eritreai Afrika eddigi legsikeresebb bring\u00e1sa, \u00e9s j\u00f3 es\u00e9lye volt arra, hogy az orsz\u00e1g\u00fati vil\u00e1gbajnoks\u00e1gon a legjobb 10 k\u00f6z\u00e9 ker\u00fclhessen, ha nem \u00e9ppen arra, hogy gy\u0151ztesk\u00e9nt \u00e1llhasson fel a dobog\u00f3ra. De el\u0151sz\u00f6r is - mint sz\u00e1mos m\u00e1s afrikai versenyz\u0151nek - elutas\u00edtott\u00e1k az Egyes\u00fclt Kir\u00e1lys\u00e1gba val\u00f3 bel\u00e9p\u00e9shez sz\u00fcks\u00e9ges v\u00edzum\u00e1t, majd majdnem ugyanabban az id\u0151ben egy baleset miatt vissza kellett l\u00e9pnie a Clasica San Sebastian versenyr\u0151l.\" \/>\n<meta property=\"og:url\" content=\"https:\/\/www.welovecycling.com\/hu\/orszaguti-kerekpar\/girmay-ugy-latja-a-kudarcokkal-teli-2023-as-evet-mint-egy-tanulasi-folyamat-reszet\/\" \/>\n<meta property=\"og:site_name\" content=\"\u0160koda We Love Cycling - Magyarorsz\u00e1g\" \/>\n<meta property=\"article:publisher\" content=\"https:\/\/www.facebook.com\/WeLoveCyclingHungary\/\" \/>\n<meta property=\"article:published_time\" content=\"2023-12-14T06:00:05+00:00\" \/>\n<meta property=\"og:image\" content=\"https:\/\/d2p6e6u75xmxt8.cloudfront.net\/12\/2023\/12\/Biniam-Girmay-profimedia-0786906534-CVR.webp\" \/>\n\t<meta property=\"og:image:width\" content=\"990\" \/>\n\t<meta property=\"og:image:height\" content=\"660\" \/>\n\t<meta property=\"og:image:type\" content=\"image\/webp\" \/>\n<meta name=\"author\" content=\"hegyizs\" \/>\n<meta name=\"twitter:card\" content=\"summary_large_image\" \/>\n<meta name=\"twitter:label1\" content=\"Written by\" \/>\n\t<meta name=\"twitter:data1\" content=\"hegyizs\" \/>\n\t<meta name=\"twitter:label2\" content=\"Est. reading time\" \/>\n\t<meta name=\"twitter:data2\" content=\"5 minutes\" \/>\n<script type=\"application\/ld+json\" class=\"yoast-schema-graph\">{\"@context\":\"https:\/\/schema.org\",\"@graph\":[{\"@type\":\"WebPage\",\"@id\":\"https:\/\/www.welovecycling.com\/hu\/orszaguti-kerekpar\/girmay-ugy-latja-a-kudarcokkal-teli-2023-as-evet-mint-egy-tanulasi-folyamat-reszet\/\",\"url\":\"https:\/\/www.welovecycling.com\/hu\/orszaguti-kerekpar\/girmay-ugy-latja-a-kudarcokkal-teli-2023-as-evet-mint-egy-tanulasi-folyamat-reszet\/\",\"name\":\"Girmay \u00fagy l\u00e1tja a kudarcokkal teli 2023-as \u00e9vet, mint egy tanul\u00e1si folyamat r\u00e9sz\u00e9t\",\"isPartOf\":{\"@id\":\"https:\/\/www.welovecycling.com\/hu\/#website\"},\"primaryImageOfPage\":{\"@id\":\"https:\/\/www.welovecycling.com\/hu\/orszaguti-kerekpar\/girmay-ugy-latja-a-kudarcokkal-teli-2023-as-evet-mint-egy-tanulasi-folyamat-reszet\/#primaryimage\"},\"image\":{\"@id\":\"https:\/\/www.welovecycling.com\/hu\/orszaguti-kerekpar\/girmay-ugy-latja-a-kudarcokkal-teli-2023-as-evet-mint-egy-tanulasi-folyamat-reszet\/#primaryimage\"},\"thumbnailUrl\":\"https:\/\/d2p6e6u75xmxt8.cloudfront.net\/12\/2023\/12\/Biniam-Girmay-profimedia-0786906534-CVR.webp\",\"datePublished\":\"2023-12-14T06:00:05+00:00\",\"author\":{\"@id\":\"https:\/\/www.welovecycling.com\/hu\/#\/schema\/person\/414a2aebf1801691a5320edb6468e194\"},\"description\":\"Biniam Girmay 2023-as szezonja nagy csal\u00f3d\u00e1s volt a ker\u00e9kp\u00e1ros sz\u00e1m\u00e1ra. A 23 \u00e9ves eritreai Afrika eddigi legsikeresebb bring\u00e1sa, \u00e9s j\u00f3 es\u00e9lye volt arra, hogy az orsz\u00e1g\u00fati vil\u00e1gbajnoks\u00e1gon a legjobb 10 k\u00f6z\u00e9 ker\u00fclhessen, ha nem \u00e9ppen arra, hogy gy\u0151ztesk\u00e9nt \u00e1llhasson fel a dobog\u00f3ra. De el\u0151sz\u00f6r is - mint sz\u00e1mos m\u00e1s afrikai versenyz\u0151nek - elutas\u00edtott\u00e1k az Egyes\u00fclt Kir\u00e1lys\u00e1gba val\u00f3 bel\u00e9p\u00e9shez sz\u00fcks\u00e9ges v\u00edzum\u00e1t, majd majdnem ugyanabban az id\u0151ben egy baleset miatt vissza kellett l\u00e9pnie a Clasica San Sebastian versenyr\u0151l.\",\"breadcrumb\":{\"@id\":\"https:\/\/www.welovecycling.com\/hu\/orszaguti-kerekpar\/girmay-ugy-latja-a-kudarcokkal-teli-2023-as-evet-mint-egy-tanulasi-folyamat-reszet\/#breadcrumb\"},\"inLanguage\":\"hu\",\"potentialAction\":[{\"@type\":\"ReadAction\",\"target\":[\"https:\/\/www.welovecycling.com\/hu\/orszaguti-kerekpar\/girmay-ugy-latja-a-kudarcokkal-teli-2023-as-evet-mint-egy-tanulasi-folyamat-reszet\/\"]}]},{\"@type\":\"ImageObject\",\"inLanguage\":\"hu\",\"@id\":\"https:\/\/www.welovecycling.com\/hu\/orszaguti-kerekpar\/girmay-ugy-latja-a-kudarcokkal-teli-2023-as-evet-mint-egy-tanulasi-folyamat-reszet\/#primaryimage\",\"url\":\"https:\/\/d2p6e6u75xmxt8.cloudfront.net\/12\/2023\/12\/Biniam-Girmay-profimedia-0786906534-CVR.webp\",\"contentUrl\":\"https:\/\/d2p6e6u75xmxt8.cloudfront.net\/12\/2023\/12\/Biniam-Girmay-profimedia-0786906534-CVR.webp\",\"width\":990,\"height\":660,\"caption\":\"Biniam Girmay\"},{\"@type\":\"BreadcrumbList\",\"@id\":\"https:\/\/www.welovecycling.com\/hu\/orszaguti-kerekpar\/girmay-ugy-latja-a-kudarcokkal-teli-2023-as-evet-mint-egy-tanulasi-folyamat-reszet\/#breadcrumb\",\"itemListElement\":[{\"@type\":\"ListItem\",\"position\":1,\"name\":\"Home\",\"item\":\"https:\/\/www.welovecycling.com\/hu\/\"},{\"@type\":\"ListItem\",\"position\":2,\"name\":\"Girmay \u00fagy l\u00e1tja a kudarcokkal teli 2023-as \u00e9vet, mint egy tanul\u00e1si folyamat r\u00e9sz\u00e9t\"}]},{\"@type\":\"WebSite\",\"@id\":\"https:\/\/www.welovecycling.com\/hu\/#website\",\"url\":\"https:\/\/www.welovecycling.com\/hu\/\",\"name\":\"\u0160koda We Love Cycling - Magyarorsz\u00e1g\",\"description\":\"\u0160koda WeLoveCycling\",\"potentialAction\":[{\"@type\":\"SearchAction\",\"target\":{\"@type\":\"EntryPoint\",\"urlTemplate\":\"https:\/\/www.welovecycling.com\/hu\/?s={search_term_string}\"},\"query-input\":{\"@type\":\"PropertyValueSpecification\",\"valueRequired\":true,\"valueName\":\"search_term_string\"}}],\"inLanguage\":\"hu\"},{\"@type\":\"Person\",\"@id\":\"https:\/\/www.welovecycling.com\/hu\/#\/schema\/person\/414a2aebf1801691a5320edb6468e194\",\"name\":\"hegyizs\",\"image\":{\"@type\":\"ImageObject\",\"inLanguage\":\"hu\",\"@id\":\"https:\/\/www.welovecycling.com\/hu\/#\/schema\/person\/image\/\",\"url\":\"https:\/\/secure.gravatar.com\/avatar\/02cf8a7906b8cf90cecb4679defac7cfd33a1c2e3b88e4903d947f3bb58eedd3?s=96&d=mm&r=g\",\"contentUrl\":\"https:\/\/secure.gravatar.com\/avatar\/02cf8a7906b8cf90cecb4679defac7cfd33a1c2e3b88e4903d947f3bb58eedd3?s=96&d=mm&r=g\",\"caption\":\"hegyizs\"},\"url\":\"https:\/\/www.welovecycling.com\/hu\/author\/hegyizs\/\"}]}<\/script>\n<!-- \/ Yoast SEO Premium plugin. -->","yoast_head_json":{"title":"Girmay \u00fagy l\u00e1tja a kudarcokkal teli 2023-as \u00e9vet, mint egy tanul\u00e1si folyamat r\u00e9sz\u00e9t","description":"Biniam Girmay 2023-as szezonja nagy csal\u00f3d\u00e1s volt a ker\u00e9kp\u00e1ros sz\u00e1m\u00e1ra. A 23 \u00e9ves eritreai Afrika eddigi legsikeresebb bring\u00e1sa, \u00e9s j\u00f3 es\u00e9lye volt arra, hogy az orsz\u00e1g\u00fati vil\u00e1gbajnoks\u00e1gon a legjobb 10 k\u00f6z\u00e9 ker\u00fclhessen, ha nem \u00e9ppen arra, hogy gy\u0151ztesk\u00e9nt \u00e1llhasson fel a dobog\u00f3ra. De el\u0151sz\u00f6r is - mint sz\u00e1mos m\u00e1s afrikai versenyz\u0151nek - elutas\u00edtott\u00e1k az Egyes\u00fclt Kir\u00e1lys\u00e1gba val\u00f3 bel\u00e9p\u00e9shez sz\u00fcks\u00e9ges v\u00edzum\u00e1t, majd majdnem ugyanabban az id\u0151ben egy baleset miatt vissza kellett l\u00e9pnie a Clasica San Sebastian versenyr\u0151l.","robots":{"index":"index","follow":"follow","max-snippet":"max-snippet:-1","max-image-preview":"max-image-preview:large","max-video-preview":"max-video-preview:-1"},"canonical":"https:\/\/www.welovecycling.com\/hu\/orszaguti-kerekpar\/girmay-ugy-latja-a-kudarcokkal-teli-2023-as-evet-mint-egy-tanulasi-folyamat-reszet\/","og_locale":"hu_HU","og_type":"article","og_title":"Girmay \u00fagy l\u00e1tja a kudarcokkal teli 2023-as \u00e9vet, mint egy tanul\u00e1si folyamat r\u00e9sz\u00e9t","og_description":"Biniam Girmay 2023-as szezonja nagy csal\u00f3d\u00e1s volt a ker\u00e9kp\u00e1ros sz\u00e1m\u00e1ra. A 23 \u00e9ves eritreai Afrika eddigi legsikeresebb bring\u00e1sa, \u00e9s j\u00f3 es\u00e9lye volt arra, hogy az orsz\u00e1g\u00fati vil\u00e1gbajnoks\u00e1gon a legjobb 10 k\u00f6z\u00e9 ker\u00fclhessen, ha nem \u00e9ppen arra, hogy gy\u0151ztesk\u00e9nt \u00e1llhasson fel a dobog\u00f3ra. De el\u0151sz\u00f6r is - mint sz\u00e1mos m\u00e1s afrikai versenyz\u0151nek - elutas\u00edtott\u00e1k az Egyes\u00fclt Kir\u00e1lys\u00e1gba val\u00f3 bel\u00e9p\u00e9shez sz\u00fcks\u00e9ges v\u00edzum\u00e1t, majd majdnem ugyanabban az id\u0151ben egy baleset miatt vissza kellett l\u00e9pnie a Clasica San Sebastian versenyr\u0151l.","og_url":"https:\/\/www.welovecycling.com\/hu\/orszaguti-kerekpar\/girmay-ugy-latja-a-kudarcokkal-teli-2023-as-evet-mint-egy-tanulasi-folyamat-reszet\/","og_site_name":"\u0160koda We Love Cycling - Magyarorsz\u00e1g","article_publisher":"https:\/\/www.facebook.com\/WeLoveCyclingHungary\/","article_published_time":"2023-12-14T06:00:05+00:00","og_image":[{"width":990,"height":660,"url":"https:\/\/d2p6e6u75xmxt8.cloudfront.net\/12\/2023\/12\/Biniam-Girmay-profimedia-0786906534-CVR.webp","type":"image\/webp"}],"author":"hegyizs","twitter_card":"summary_large_image","twitter_misc":{"Written by":"hegyizs","Est. reading time":"5 minutes"},"schema":{"@context":"https:\/\/schema.org","@graph":[{"@type":"WebPage","@id":"https:\/\/www.welovecycling.com\/hu\/orszaguti-kerekpar\/girmay-ugy-latja-a-kudarcokkal-teli-2023-as-evet-mint-egy-tanulasi-folyamat-reszet\/","url":"https:\/\/www.welovecycling.com\/hu\/orszaguti-kerekpar\/girmay-ugy-latja-a-kudarcokkal-teli-2023-as-evet-mint-egy-tanulasi-folyamat-reszet\/","name":"Girmay \u00fagy l\u00e1tja a kudarcokkal teli 2023-as \u00e9vet, mint egy tanul\u00e1si folyamat r\u00e9sz\u00e9t","isPartOf":{"@id":"https:\/\/www.welovecycling.com\/hu\/#website"},"primaryImageOfPage":{"@id":"https:\/\/www.welovecycling.com\/hu\/orszaguti-kerekpar\/girmay-ugy-latja-a-kudarcokkal-teli-2023-as-evet-mint-egy-tanulasi-folyamat-reszet\/#primaryimage"},"image":{"@id":"https:\/\/www.welovecycling.com\/hu\/orszaguti-kerekpar\/girmay-ugy-latja-a-kudarcokkal-teli-2023-as-evet-mint-egy-tanulasi-folyamat-reszet\/#primaryimage"},"thumbnailUrl":"https:\/\/d2p6e6u75xmxt8.cloudfront.net\/12\/2023\/12\/Biniam-Girmay-profimedia-0786906534-CVR.webp","datePublished":"2023-12-14T06:00:05+00:00","author":{"@id":"https:\/\/www.welovecycling.com\/hu\/#\/schema\/person\/414a2aebf1801691a5320edb6468e194"},"description":"Biniam Girmay 2023-as szezonja nagy csal\u00f3d\u00e1s volt a ker\u00e9kp\u00e1ros sz\u00e1m\u00e1ra. A 23 \u00e9ves eritreai Afrika eddigi legsikeresebb bring\u00e1sa, \u00e9s j\u00f3 es\u00e9lye volt arra, hogy az orsz\u00e1g\u00fati vil\u00e1gbajnoks\u00e1gon a legjobb 10 k\u00f6z\u00e9 ker\u00fclhessen, ha nem \u00e9ppen arra, hogy gy\u0151ztesk\u00e9nt \u00e1llhasson fel a dobog\u00f3ra. De el\u0151sz\u00f6r is - mint sz\u00e1mos m\u00e1s afrikai versenyz\u0151nek - elutas\u00edtott\u00e1k az Egyes\u00fclt Kir\u00e1lys\u00e1gba val\u00f3 bel\u00e9p\u00e9shez sz\u00fcks\u00e9ges v\u00edzum\u00e1t, majd majdnem ugyanabban az id\u0151ben egy baleset miatt vissza kellett l\u00e9pnie a Clasica San Sebastian versenyr\u0151l.","breadcrumb":{"@id":"https:\/\/www.welovecycling.com\/hu\/orszaguti-kerekpar\/girmay-ugy-latja-a-kudarcokkal-teli-2023-as-evet-mint-egy-tanulasi-folyamat-reszet\/#breadcrumb"},"inLanguage":"hu","potentialAction":[{"@type":"ReadAction","target":["https:\/\/www.welovecycling.com\/hu\/orszaguti-kerekpar\/girmay-ugy-latja-a-kudarcokkal-teli-2023-as-evet-mint-egy-tanulasi-folyamat-reszet\/"]}]},{"@type":"ImageObject","inLanguage":"hu","@id":"https:\/\/www.welovecycling.com\/hu\/orszaguti-kerekpar\/girmay-ugy-latja-a-kudarcokkal-teli-2023-as-evet-mint-egy-tanulasi-folyamat-reszet\/#primaryimage","url":"https:\/\/d2p6e6u75xmxt8.cloudfront.net\/12\/2023\/12\/Biniam-Girmay-profimedia-0786906534-CVR.webp","contentUrl":"https:\/\/d2p6e6u75xmxt8.cloudfront.net\/12\/2023\/12\/Biniam-Girmay-profimedia-0786906534-CVR.webp","width":990,"height":660,"caption":"Biniam Girmay"},{"@type":"BreadcrumbList","@id":"https:\/\/www.welovecycling.com\/hu\/orszaguti-kerekpar\/girmay-ugy-latja-a-kudarcokkal-teli-2023-as-evet-mint-egy-tanulasi-folyamat-reszet\/#breadcrumb","itemListElement":[{"@type":"ListItem","position":1,"name":"Home","item":"https:\/\/www.welovecycling.com\/hu\/"},{"@type":"ListItem","position":2,"name":"Girmay \u00fagy l\u00e1tja a kudarcokkal teli 2023-as \u00e9vet, mint egy tanul\u00e1si folyamat r\u00e9sz\u00e9t"}]},{"@type":"WebSite","@id":"https:\/\/www.welovecycling.com\/hu\/#website","url":"https:\/\/www.welovecycling.com\/hu\/","name":"\u0160koda We Love Cycling - Magyarorsz\u00e1g","description":"\u0160koda WeLoveCycling","potentialAction":[{"@type":"SearchAction","target":{"@type":"EntryPoint","urlTemplate":"https:\/\/www.welovecycling.com\/hu\/?s={search_term_string}"},"query-input":{"@type":"PropertyValueSpecification","valueRequired":true,"valueName":"search_term_string"}}],"inLanguage":"hu"},{"@type":"Person","@id":"https:\/\/www.welovecycling.com\/hu\/#\/schema\/person\/414a2aebf1801691a5320edb6468e194","name":"hegyizs","image":{"@type":"ImageObject","inLanguage":"hu","@id":"https:\/\/www.welovecycling.com\/hu\/#\/schema\/person\/image\/","url":"https:\/\/secure.gravatar.com\/avatar\/02cf8a7906b8cf90cecb4679defac7cfd33a1c2e3b88e4903d947f3bb58eedd3?s=96&d=mm&r=g","contentUrl":"https:\/\/secure.gravatar.com\/avatar\/02cf8a7906b8cf90cecb4679defac7cfd33a1c2e3b88e4903d947f3bb58eedd3?s=96&d=mm&r=g","caption":"hegyizs"},"url":"https:\/\/www.welovecycling.com\/hu\/author\/hegyizs\/"}]}},"_links":{"self":[{"href":"https:\/\/www.welovecycling.com\/hu\/wp-json\/wp\/v2\/posts\/18216","targetHints":{"allow":["GET"]}}],"collection":[{"href":"https:\/\/www.welovecycling.com\/hu\/wp-json\/wp\/v2\/posts"}],"about":[{"href":"https:\/\/www.welovecycling.com\/hu\/wp-json\/wp\/v2\/types\/post"}],"author":[{"embeddable":true,"href":"https:\/\/www.welovecycling.com\/hu\/wp-json\/wp\/v2\/users\/71"}],"replies":[{"embeddable":true,"href":"https:\/\/www.welovecycling.com\/hu\/wp-json\/wp\/v2\/comments?post=18216"}],"version-history":[{"count":2,"href":"https:\/\/www.welovecycling.com\/hu\/wp-json\/wp\/v2\/posts\/18216\/revisions"}],"predecessor-version":[{"id":18220,"href":"https:\/\/www.welovecycling.com\/hu\/wp-json\/wp\/v2\/posts\/18216\/revisions\/18220"}],"wp:featuredmedia":[{"embeddable":true,"href":"https:\/\/www.welovecycling.com\/hu\/wp-json\/wp\/v2\/media\/18219"}],"wp:attachment":[{"href":"https:\/\/www.welovecycling.com\/hu\/wp-json\/wp\/v2\/media?parent=18216"}],"wp:term":[{"taxonomy":"category","embeddable":true,"href":"https:\/\/www.welovecycling.com\/hu\/wp-json\/wp\/v2\/categories?post=18216"},{"taxonomy":"post_tag","embeddable":true,"href":"https:\/\/www.welovecycling.com\/hu\/wp-json\/wp\/v2\/tags?post=18216"},{"taxonomy":"global-categories","embeddable":true,"href":"https:\/\/www.welovecycling.com\/hu\/wp-json\/wp\/v2\/global-categories?post=18216"}],"curies":[{"name":"wp","href":"https:\/\/api.w.org\/{rel}","templated":true}]}}