{"id":18207,"date":"2023-12-11T08:00:04","date_gmt":"2023-12-11T06:00:04","guid":{"rendered":"https:\/\/www.welovecycling.com\/hu\/?p=18207"},"modified":"2023-12-08T16:14:41","modified_gmt":"2023-12-08T14:14:41","slug":"utmutato-kiveteles-ajandekokhoz-a-kerekparozas-kiralynoinek","status":"publish","type":"post","link":"https:\/\/www.welovecycling.com\/hu\/kozosseg-es-kultura\/utmutato-kiveteles-ajandekokhoz-a-kerekparozas-kiralynoinek\/","title":{"rendered":"\u00datmutat\u00f3 kiv\u00e9teles aj\u00e1nd\u00e9kokhoz a ker\u00e9kp\u00e1roz\u00e1s kir\u00e1lyn\u0151inek"},"content":{"rendered":"<p><strong>Te is \u00e9pp keresed \u00e9leted n\u0151i ker\u00e9kp\u00e1ros\u00e1nak a t\u00f6k\u00e9letes aj\u00e1nd\u00e9kot? Nos, szerencs\u00e9d van, bar\u00e1tom. A keres\u00e9s itt \u00e9r v\u00e9get. Tudjuk, hogy a n\u0151i ker\u00e9kp\u00e1rosok \u00e9rdekl\u0151d\u00e9si k\u00f6re igen sz\u00e9les, \u00e9s \u00f6ssze\u00e1ll\u00edtottuk ezt a \u00e1tfog\u00f3 \u00fatmutat\u00f3t megfizethet\u0151 aj\u00e1nd\u00e9k \u00f6tletekkel, minden ker\u00e9kp\u00e1ros sz\u00e1m\u00e1ra. A h\u00f3bortos csavarkulcs k\u00e9szletekt\u0151l a szem\u00e9lyre szabott kapar\u00f3s nyomatokig, n\u00e1lunk megtal\u00e1lod az ide\u00e1lis aj\u00e1nd\u00e9kokat!<\/strong><\/p>\n<p><!--more--><\/p>\n<p>Ak\u00e1r a kar\u00e1csonyi szezonra k\u00e9sz\u00fclsz, ak\u00e1r csak szeretn\u00e9d meglepni egy ker\u00e9kp\u00e1ros szeretted egy sz\u00edvhez sz\u00f3l\u00f3 gesztussal, n\u00e1lunk megtal\u00e1lod, amire sz\u00fcks\u00e9ged van.<\/p>\n<h2><strong>K\u00fcl\u00f6nleges csavarkulcsok: Wera Hex-Plus k\u00e9szlet<\/strong><\/h2>\n<p><a href=\"https:\/\/d2p6e6u75xmxt8.cloudfront.net\/2\/2023\/11\/Wera-Tools.webp\"><img loading=\"lazy\" decoding=\"async\" class=\"alignnone size-full wp-image-194513\" src=\"https:\/\/d2p6e6u75xmxt8.cloudfront.net\/2\/2023\/11\/Wera-Tools.webp\" alt=\"Wera Tools\" width=\"1500\" height=\"579\" \/><\/a><\/p>\n<p>A tapasztalt ker\u00e9kp\u00e1rosok \u00e9rt\u00e9kelik a kiv\u00e1l\u00f3 min\u0151s\u00e9g\u0171 eszk\u00f6z\u00f6ket. Lepd meg szeretett ker\u00e9kp\u00e1rosodat egy Wera Hex-Plus csavarkulcs k\u00e9szlettel! Ezek a n\u00e9met gy\u00e1rt\u00e1s\u00fa, magas min\u0151s\u00e9g\u0171 kulcsok nemcsak sz\u00ednt visznek a mindennapi ker\u00e9kp\u00e1rkarbantart\u00e1sba, de m\u00e9g praktikusak \u00e9s st\u00edlusosak is.<\/p>\n<h2><strong>Mini massz\u00e1zspisztoly<\/strong><\/h2>\n<p>Egy nap kem\u00e9ny bring\u00e1z\u00e1s ut\u00e1n semmi sem esik jobban a f\u00e1radt izmoknak, mint egy massz\u00e1zs. Egy <a href=\"https:\/\/www.decathlon.hu\/p\/mini-masszazspisztoly\/_\/R-p-333644\">mini massz\u00e1zspisztoly<\/a> kompakt, t\u00f6k\u00e9letes utaz\u00e1shoz. A <a href=\"https:\/\/www.amazon.com\/dp\/B0B6QDYSG5\/?th=1\">Theragun Mini<\/a> p\u00e9ld\u00e1ul k\u00f6nny\u0171 \u00e9s utaz\u00e1sbar\u00e1tabb t\u00e1rsaihoz k\u00e9pest, h\u00e1rom sebess\u00e9get k\u00edn\u00e1l, \u00e9s sokan szeretik a ker\u00e9kp\u00e1rosok k\u00f6r\u00e9ben.<\/p>\n<h2><strong>Cseng\u0151sz\u00f3, cseng\u0151sz\u00f3, cseng \u00e9s bong az \u00fat<\/strong><\/h2>\n<p>A s\u0171r\u0171 erd\u0151ket felfedez\u0151 hegyi ker\u00e9kp\u00e1rosok sz\u00e1m\u00e1ra a <a href=\"https:\/\/www.amazon.com\/dp\/B0C26BFWQD\/\">Timber Quick Release Bell <\/a>cseng\u0151 forradalmian \u00faj. A hagyom\u00e1nyos ker\u00e9kp\u00e1rcseng\u0151kt\u0151l elt\u00e9r\u0151en folyamatosan sz\u00f3l, egy harmonikus l\u00e9gk\u00f6rt teremtve az \u00f6sv\u00e9nyen. Ez a gyorskiold\u00e1s\u00fa verzi\u00f3 k\u00f6nnyen le-\u00e9s felszerelhet\u0151, \u00edgy sokoldal\u00fa \u00e9s hasznos aj\u00e1nd\u00e9k.<\/p>\n<h2><strong>K\u00e1v\u00e9s kieg\u00e9sz\u00edt\u0151k: egy k\u00e9zzel k\u00e9sz\u00edtett porcel\u00e1n cs\u00e9sze &#8211; de nem ak\u00e1rmilyen<\/strong><\/h2>\n<p><a href=\"https:\/\/d2p6e6u75xmxt8.cloudfront.net\/2\/2023\/11\/Greg-LeMond-Cup.jpg.webp\"><img loading=\"lazy\" decoding=\"async\" class=\"alignnone size-full wp-image-194514\" src=\"https:\/\/d2p6e6u75xmxt8.cloudfront.net\/2\/2023\/11\/Greg-LeMond-Cup.jpg.webp\" alt=\"Greg LeMond Cup\" width=\"1200\" height=\"1200\" \/><\/a><\/p>\n<p>Az espresso a orsz\u00e1g\u00fati ker\u00e9kp\u00e1roz\u00e1s h\u0151se, \u00e9s a <a href=\"https:\/\/thehandmadecyclist.com\/collections\/espresso-cups\/products\/greg-lemond-espresso-cup-saucer\">The Handmade Cyclist<\/a> porcel\u00e1n cs\u00e9sz\u00e9i t\u00f6k\u00e9letes tisztelettel ad\u00f3znak neki. A ker\u00e9kp\u00e1ros legend\u00e1k motiv\u00e1ci\u00f3s id\u00e9zeteivel ell\u00e1tva ezek a cs\u00e9sz\u00e9k st\u00edlust adnak az otthoni k\u00e1v\u00e9ritu\u00e1l\u00e9knak. V\u00e1lassz a k\u00fcl\u00f6nb\u00f6z\u0151 st\u00edlusok k\u00f6z\u00fcl, \u00e9s aj\u00e1nd\u00e9kozz egy olyan cs\u00e9sz\u00e9t, amely rezon\u00e1l a ker\u00e9kp\u00e1ros szem\u00e9lyis\u00e9g\u00e9vel!<\/p>\n<h2><strong>Egy gy\u00f6ny\u00f6r\u0171 k\u00f6nyv a k\u00e1v\u00e9z\u00f3asztalra: \u201cMountains: Epic Cycling Climbs\u201d<\/strong><\/h2>\n<p>A Tour de France rajong\u00f3i sz\u00e1m\u00e1ra, akik im\u00e1dj\u00e1k a hegyeket, ez a k\u00f6nyv egy vizu\u00e1lis paradicsom. L\u00e9legzetel\u00e1ll\u00edt\u00f3 f\u00e9nyk\u00e9pekkel \u00e9s ker\u00e9kp\u00e1ros legend\u00e1k els\u0151 k\u00e9zb\u0151l sz\u00e1rmaz\u00f3 besz\u00e1mol\u00f3ival, egy elb\u0171v\u00f6l\u0151 utaz\u00e1s Eur\u00f3pa legl\u00e1tv\u00e1nyosabb emelked\u0151in kereszt\u00fcl. T\u00f6k\u00e9letes a hegyi szakaszok izgalmainak \u00fajra\u00e9l\u00e9s\u00e9re.<\/p>\n<h2><strong>Els\u0151 a biztons\u00e1g: <\/strong><a href=\"https:\/\/provizsports.com\/products\/reflect360-womens-outdoor-jacket?_pos=8&amp;_fid=6bf2a8501&amp;_ss=c&amp;country=CZ\"><strong>Proviz Reflect360<\/strong><\/a><strong> kab\u00e1t<\/strong><\/h2>\n<p>A biztons\u00e1g tal\u00e1lkozik a st\u00edlussal a Proviz Reflect360 ker\u00e9kp\u00e1roz\u00f3 kab\u00e1tj\u00e1banl. V\u00edz\u00e1ll\u00f3, j\u00f3l szell\u0151z\u0151 \u00e9s nagyon er\u0151s f\u00e9nyvisszaver\u0151, \u00edgy biztos\u00edtja az \u00e9jszakai utaz\u00e1s sor\u00e1n a l\u00e1that\u00f3s\u00e1got. Ami nappal egy szolid sz\u00fcrk\u00e9vel, vak\u00edt\u00f3an vil\u00e1gos feh\u00e9rr\u00e9 v\u00e1lik a f\u00e9nysz\u00f3r\u00f3k f\u00e9ny\u00e9ben. Egy n\u00e9lk\u00fcl\u00f6zhetetlen kell\u00e9k azoknak a ker\u00e9kp\u00e1rosoknak, akik nem akarj\u00e1k fel\u00e1ldozni a divatot a biztons\u00e1g olt\u00e1r\u00e1n.<\/p>\n<h2><strong>Mountain bike-os f\u00fclbeval\u00f3k<\/strong><\/h2>\n<p><a href=\"https:\/\/d2p6e6u75xmxt8.cloudfront.net\/2\/2023\/11\/Etsy-MTB-Earrings.webp\"><img loading=\"lazy\" decoding=\"async\" class=\"alignnone size-full wp-image-194517\" src=\"https:\/\/d2p6e6u75xmxt8.cloudfront.net\/2\/2023\/11\/Etsy-MTB-Earrings.webp\" alt=\"Bicycle earrings\" width=\"1588\" height=\"1588\" \/><\/a><\/p>\n<p>A ker\u00e9kp\u00e1roz\u00e1s inspir\u00e1lta elegancia: n\u00e9zd csak meg ezeket a Tiffany Teske \u00e1ltal k\u00e9sz\u00edtett <a href=\"https:\/\/www.etsy.com\/listing\/795957038\/mixed-bike-bicycle-mountain-peak\">hegyi ker\u00e9kp\u00e1ros f\u00fclbeval\u00f3kat<\/a>! Rozsdamentes ac\u00e9lb\u00f3l k\u00e9sz\u00fcltek \u00e9s k\u00fcl\u00f6nb\u00f6z\u0151 kivitelben kaphat\u00f3k, r\u00e1ad\u00e1sul, mivel nem l\u00f3gnak, nem vesznek \u00f6ssze a sisak p\u00e1ntjaival, \u00edgy divatos \u00e9s praktikus kieg\u00e9sz\u00edt\u0151k minden ker\u00e9kp\u00e1ros sz\u00e1m\u00e1ra.<\/p>\n<h2><strong>Baba Tree biciklikos\u00e1r<\/strong><\/h2>\n<p>Vigy\u00e9l egy kis sz\u00ednt \u00e9s funkcionalit\u00e1st a ker\u00e9kp\u00e1r\u00fatjaidhoz egy<a href=\"https:\/\/babatree.com\/collections\/bicycle-baskets\"> Baba Tree biciklikos\u00e1rral<\/a>! A kosarak Ghan\u00e1ban, k\u00e9zzel k\u00e9sz\u00fclnek, strapab\u00edr\u00f3, min\u0151s\u00e9gi \u00e9s \u00e9l\u00e9nk kieg\u00e9sz\u00edt\u0151i minden ker\u00e9kp\u00e1rnak. K\u00fcl\u00f6nb\u00f6z\u0151 m\u00e9retekben \u00e9s mint\u00e1kkal is kaphat\u00f3k!<\/p>\n<h2><strong>K\u00e1v\u00e9, gombnyom\u00e1sra: Aeropress Go<\/strong><\/h2>\n<p><a href=\"https:\/\/d2p6e6u75xmxt8.cloudfront.net\/2\/2023\/11\/Aeropress_Coffee-Maker.webp\"><img loading=\"lazy\" decoding=\"async\" class=\"alignnone size-full wp-image-194518\" src=\"https:\/\/d2p6e6u75xmxt8.cloudfront.net\/2\/2023\/11\/Aeropress_Coffee-Maker.webp\" alt=\"Aeropress\" width=\"900\" height=\"900\" \/><\/a><\/p>\n<p>A k\u00e1v\u00e9 a ker\u00e9kp\u00e1rosok legjobb t\u00e1rsa, m\u00e9g \u00fatk\u00f6zben is. Az <a href=\"https:\/\/aeropress.com\/products\/aeropress-go-travel-coffee-press\">Aeropress Go<\/a> egy utaz\u00e1sbar\u00e1t k\u00e1v\u00e9g\u00e9p, amely b\u00e1rhol t\u00f6k\u00e9letes feket\u00e9t k\u00e9sz\u00edt. Legyen sz\u00f3 eszpressz\u00f3r\u00f3l, amerikan\u00f3r\u00f3l vagy cold brew k\u00e1v\u00e9r\u00f3l, ez a kompakt g\u00e9pecske, egy b\u00f6gr\u00e9vel egy\u00fctt, kellemes kieg\u00e9sz\u00edt\u0151je lesz a ker\u00e9kp\u00e1ros kalandoknak.<\/p>\n<h2><strong>UnboxingRituals ker\u00e9kp\u00e1ros rekre\u00e1ci\u00f3s doboz<\/strong><\/h2>\n<p>K\u00e9nyeztesd kedvenc ker\u00e9kp\u00e1rosodat egy szem\u00e9lyre szabott, rekre\u00e1ci\u00f3s aj\u00e1nd\u00e9kcsomaggal az <a href=\"https:\/\/www.etsy.com\/uk\/listing\/1063545947\/sport-recovery-gift-box-relax-and\">UnboxingRituals doboz\u00e1val<\/a>. F\u00fcrd\u0151s\u00f3kkal, energia g\u00e9llel, veg\u00e1n-bar\u00e1t snackekkel \u00e9s m\u00e9g sok m\u00e1ssal megpakolva seg\u00edts ellazulni egy kih\u00edv\u00e1st jelent\u0151 t\u00fara ut\u00e1n. A k\u00e9zzel \u00edrt \u00fczenet pedig szem\u00e9lyess\u00e9 teszi a csomagot.<\/p>\n<h2><strong>Egy gy\u00f6ny\u00f6r\u0171 d\u00edsz a falra: a TrailMaps.co.uk egyedi nyomatai<\/strong><\/h2>\n<p>Tisztelegj ker\u00e9kp\u00e1rosod kedvenc \u00f6sv\u00e9nyei el\u0151tt a <a href=\"https:\/\/trailmaps.com\/\">TrailMaps.co.uk<\/a> grafik\u00e1ival! Legyen sz\u00f3 egy ikonikus Tour emelked\u0151r\u0151l vagy egy kedvelt helyi \u00f6sv\u00e9nyr\u0151l, ezek a st\u00edlusos nyomatok egyedi m\u00f3don \u00fcnneplik azokat a helyeket, amelyeket szerettek bej\u00e1rni. V\u00e1laszthatsz k\u00e9sz tervek k\u00f6z\u00fcl, vagy egy GPS f\u00e1jl alapj\u00e1n k\u00e9sz\u00edts egyedi nyomatot!<\/p>\n<h2><strong>Wild Rye The Kaweah n\u0151i ker\u00e9kp\u00e1rnadr\u00e1g<\/strong><\/h2>\n<p><a href=\"https:\/\/d2p6e6u75xmxt8.cloudfront.net\/2\/2023\/11\/Kaweah_Bike-Shorts.jpg.webp\"><img loading=\"lazy\" decoding=\"async\" class=\"alignnone size-full wp-image-194519\" src=\"https:\/\/d2p6e6u75xmxt8.cloudfront.net\/2\/2023\/11\/Kaweah_Bike-Shorts.jpg.webp\" alt=\"Kaweah Bike Shorts\" width=\"1800\" height=\"1800\" \/><\/a><\/p>\n<p>A kalandv\u00e1gy\u00f3 hegyiker\u00e9kp\u00e1rosoknak t\u00f6k\u00e9letes aj\u00e1nd\u00e9k egy <a href=\"https:\/\/wild-rye.com\/products\/kaweah-womens-bike-short\">Rye Kaweah<\/a> nadr\u00e1g! Ezek a nacik t\u00f6k\u00e9letes egyens\u00falyt teremtenek a min\u0151s\u00e9g \u00e9s az el\u00e9rhet\u0151s\u00e9g k\u00f6z\u00f6tt. Ide\u00e1lis a mer\u00e9szebb t\u00far\u00e1khoz, k\u00e9nyelmet \u00e9s st\u00edlust k\u00edn\u00e1l an\u00e9lk\u00fcl, hogy ki\u00fcr\u00fclne a banksz\u00e1ml\u00e1d.<\/p>\n<h2><strong>S\u00fctem\u00e9nyes szak\u00e1csk\u00f6nyv: The Cake Cook Book Hannah Grantt\u0151l<\/strong><\/h2>\n<p>Engedd szabadj\u00e1ra az \u00e9dess\u00e9g ir\u00e1nti v\u00e1gyat, b\u0171ntudat n\u00e9lk\u00fcl Hannah Grant, a Tinkoff-Saxo volt szak\u00e1cs\u00e1nak, <a href=\"https:\/\/hannahgrant.com\/products\/the-cake-cookbook\">&#8220;The Cake Cook Cook&#8221;<\/a> c\u00edm\u0171 k\u00f6nyv\u00e9vel! Ezek az eg\u00e9szs\u00e9ges, \u00e9des finoms\u00e1gok nemcsak \u00edzletesek, hanem veg\u00e1nok, glut\u00e9nmentesek \u00e9s gyakran z\u00f6lds\u00e9gekb\u0151l k\u00e9sz\u00fclnek &#8211; egy t\u00f6k\u00e9letes aj\u00e1nd\u00e9k azoknak a ker\u00e9kp\u00e1rosoknak, akik \u00e9rt\u00e9kelnek egy j\u00f3l meg\u00e9rdemelt \u00e9des finoms\u00e1got bring\u00e1z\u00e1s ut\u00e1n. Ez a k\u00f6nyv sajnos nem jelent meg magyarul (m\u00e9g).<\/p>\n<p>Tedd st\u00edlusosabb\u00e1 a bicikli-karbantart\u00e1st, eml\u00e9kezetesebb\u00e9 az \u00f6sv\u00e9nyeket \u00e9s kalandokat, vagy \u00fcnnepibb\u00e9 a bring\u00e1z\u00e1s ut\u00e1ni regener\u00e1ci\u00f3t! Ezek az aj\u00e1nd\u00e9kok biztosan minden ker\u00e9kp\u00e1ros sz\u00edv\u00e9t megdobogtatj\u00e1k!<\/p>\n","protected":false},"excerpt":{"rendered":"<p>Te is \u00e9pp keresed \u00e9leted n\u0151i ker\u00e9kp\u00e1ros\u00e1nak a t\u00f6k\u00e9letes aj\u00e1nd\u00e9kot? Nos, szerencs\u00e9d van, bar\u00e1tom. A keres\u00e9s itt \u00e9r v\u00e9get. Tudjuk, [&hellip;]<\/p>\n","protected":false},"author":71,"featured_media":18214,"comment_status":"open","ping_status":"open","sticky":false,"template":"","format":"standard","meta":{"footnotes":""},"categories":[12],"tags":[],"global-categories":[],"class_list":["post-18207","post","type-post","status-publish","format-standard","has-post-thumbnail","hentry","category-kozosseg-es-kultura"],"yoast_head":"<!-- This site is optimized with the Yoast SEO Premium plugin v25.3 (Yoast SEO v25.9) - https:\/\/yoast.com\/wordpress\/plugins\/seo\/ -->\n<title>\u00datmutat\u00f3 kiv\u00e9teles aj\u00e1nd\u00e9kokhoz a ker\u00e9kp\u00e1roz\u00e1s kir\u00e1lyn\u0151inek<\/title>\n<meta name=\"description\" content=\"Te is \u00e9pp keresed \u00e9leted n\u0151i ker\u00e9kp\u00e1ros\u00e1nak a t\u00f6k\u00e9letes aj\u00e1nd\u00e9kot? Nos, szerencs\u00e9d van, bar\u00e1tom. A keres\u00e9s itt \u00e9r v\u00e9get. Tudjuk, hogy a n\u0151i ker\u00e9kp\u00e1rosok \u00e9rdekl\u0151d\u00e9si k\u00f6re igen sz\u00e9les, \u00e9s \u00f6ssze\u00e1ll\u00edtottuk ezt a \u00e1tfog\u00f3 \u00fatmutat\u00f3t megfizethet\u0151 aj\u00e1nd\u00e9k \u00f6tletekkel, minden ker\u00e9kp\u00e1ros sz\u00e1m\u00e1ra. A h\u00f3bortos csavarkulcs k\u00e9szletekt\u0151l a szem\u00e9lyre szabott kapar\u00f3s nyomatokig, n\u00e1lunk megtal\u00e1lod az ide\u00e1lis aj\u00e1nd\u00e9kokat!\" \/>\n<meta name=\"robots\" content=\"index, follow, max-snippet:-1, max-image-preview:large, max-video-preview:-1\" \/>\n<link rel=\"canonical\" href=\"https:\/\/www.welovecycling.com\/hu\/kozosseg-es-kultura\/utmutato-kiveteles-ajandekokhoz-a-kerekparozas-kiralynoinek\/\" \/>\n<meta property=\"og:locale\" content=\"hu_HU\" \/>\n<meta property=\"og:type\" content=\"article\" \/>\n<meta property=\"og:title\" content=\"\u00datmutat\u00f3 kiv\u00e9teles aj\u00e1nd\u00e9kokhoz a ker\u00e9kp\u00e1roz\u00e1s kir\u00e1lyn\u0151inek\" \/>\n<meta property=\"og:description\" content=\"Te is \u00e9pp keresed \u00e9leted n\u0151i ker\u00e9kp\u00e1ros\u00e1nak a t\u00f6k\u00e9letes aj\u00e1nd\u00e9kot? Nos, szerencs\u00e9d van, bar\u00e1tom. A keres\u00e9s itt \u00e9r v\u00e9get. Tudjuk, hogy a n\u0151i ker\u00e9kp\u00e1rosok \u00e9rdekl\u0151d\u00e9si k\u00f6re igen sz\u00e9les, \u00e9s \u00f6ssze\u00e1ll\u00edtottuk ezt a \u00e1tfog\u00f3 \u00fatmutat\u00f3t megfizethet\u0151 aj\u00e1nd\u00e9k \u00f6tletekkel, minden ker\u00e9kp\u00e1ros sz\u00e1m\u00e1ra. A h\u00f3bortos csavarkulcs k\u00e9szletekt\u0151l a szem\u00e9lyre szabott kapar\u00f3s nyomatokig, n\u00e1lunk megtal\u00e1lod az ide\u00e1lis aj\u00e1nd\u00e9kokat!\" \/>\n<meta property=\"og:url\" content=\"https:\/\/www.welovecycling.com\/hu\/kozosseg-es-kultura\/utmutato-kiveteles-ajandekokhoz-a-kerekparozas-kiralynoinek\/\" \/>\n<meta property=\"og:site_name\" content=\"\u0160koda We Love Cycling - Magyarorsz\u00e1g\" \/>\n<meta property=\"article:publisher\" content=\"https:\/\/www.facebook.com\/WeLoveCyclingHungary\/\" \/>\n<meta property=\"article:published_time\" content=\"2023-12-11T06:00:04+00:00\" \/>\n<meta property=\"og:image\" content=\"https:\/\/d2p6e6u75xmxt8.cloudfront.net\/12\/2023\/12\/Bicycle-Gifts-Christmas-profimedia-0747564125-CVR.webp\" \/>\n\t<meta property=\"og:image:width\" content=\"990\" \/>\n\t<meta property=\"og:image:height\" content=\"660\" \/>\n\t<meta property=\"og:image:type\" content=\"image\/webp\" \/>\n<meta name=\"author\" content=\"hegyizs\" \/>\n<meta name=\"twitter:card\" content=\"summary_large_image\" \/>\n<meta name=\"twitter:label1\" content=\"Written by\" \/>\n\t<meta name=\"twitter:data1\" content=\"Megan Flottorp\" \/>\n\t<meta name=\"twitter:label2\" content=\"Est. reading time\" \/>\n\t<meta name=\"twitter:data2\" content=\"5\" \/>\n<script type=\"application\/ld+json\" class=\"yoast-schema-graph\">{\"@context\":\"https:\/\/schema.org\",\"@graph\":[{\"@type\":\"WebPage\",\"@id\":\"https:\/\/www.welovecycling.com\/hu\/kozosseg-es-kultura\/utmutato-kiveteles-ajandekokhoz-a-kerekparozas-kiralynoinek\/\",\"url\":\"https:\/\/www.welovecycling.com\/hu\/kozosseg-es-kultura\/utmutato-kiveteles-ajandekokhoz-a-kerekparozas-kiralynoinek\/\",\"name\":\"\u00datmutat\u00f3 kiv\u00e9teles aj\u00e1nd\u00e9kokhoz a ker\u00e9kp\u00e1roz\u00e1s kir\u00e1lyn\u0151inek\",\"isPartOf\":{\"@id\":\"https:\/\/www.welovecycling.com\/hu\/#website\"},\"primaryImageOfPage\":{\"@id\":\"https:\/\/www.welovecycling.com\/hu\/kozosseg-es-kultura\/utmutato-kiveteles-ajandekokhoz-a-kerekparozas-kiralynoinek\/#primaryimage\"},\"image\":{\"@id\":\"https:\/\/www.welovecycling.com\/hu\/kozosseg-es-kultura\/utmutato-kiveteles-ajandekokhoz-a-kerekparozas-kiralynoinek\/#primaryimage\"},\"thumbnailUrl\":\"https:\/\/d2p6e6u75xmxt8.cloudfront.net\/12\/2023\/12\/Bicycle-Gifts-Christmas-profimedia-0747564125-CVR.webp\",\"datePublished\":\"2023-12-11T06:00:04+00:00\",\"author\":{\"@id\":\"https:\/\/www.welovecycling.com\/hu\/#\/schema\/person\/414a2aebf1801691a5320edb6468e194\"},\"description\":\"Te is \u00e9pp keresed \u00e9leted n\u0151i ker\u00e9kp\u00e1ros\u00e1nak a t\u00f6k\u00e9letes aj\u00e1nd\u00e9kot? Nos, szerencs\u00e9d van, bar\u00e1tom. A keres\u00e9s itt \u00e9r v\u00e9get. Tudjuk, hogy a n\u0151i ker\u00e9kp\u00e1rosok \u00e9rdekl\u0151d\u00e9si k\u00f6re igen sz\u00e9les, \u00e9s \u00f6ssze\u00e1ll\u00edtottuk ezt a \u00e1tfog\u00f3 \u00fatmutat\u00f3t megfizethet\u0151 aj\u00e1nd\u00e9k \u00f6tletekkel, minden ker\u00e9kp\u00e1ros sz\u00e1m\u00e1ra. A h\u00f3bortos csavarkulcs k\u00e9szletekt\u0151l a szem\u00e9lyre szabott kapar\u00f3s nyomatokig, n\u00e1lunk megtal\u00e1lod az ide\u00e1lis aj\u00e1nd\u00e9kokat!\",\"breadcrumb\":{\"@id\":\"https:\/\/www.welovecycling.com\/hu\/kozosseg-es-kultura\/utmutato-kiveteles-ajandekokhoz-a-kerekparozas-kiralynoinek\/#breadcrumb\"},\"inLanguage\":\"hu\",\"potentialAction\":[{\"@type\":\"ReadAction\",\"target\":[\"https:\/\/www.welovecycling.com\/hu\/kozosseg-es-kultura\/utmutato-kiveteles-ajandekokhoz-a-kerekparozas-kiralynoinek\/\"]}]},{\"@type\":\"ImageObject\",\"inLanguage\":\"hu\",\"@id\":\"https:\/\/www.welovecycling.com\/hu\/kozosseg-es-kultura\/utmutato-kiveteles-ajandekokhoz-a-kerekparozas-kiralynoinek\/#primaryimage\",\"url\":\"https:\/\/d2p6e6u75xmxt8.cloudfront.net\/12\/2023\/12\/Bicycle-Gifts-Christmas-profimedia-0747564125-CVR.webp\",\"contentUrl\":\"https:\/\/d2p6e6u75xmxt8.cloudfront.net\/12\/2023\/12\/Bicycle-Gifts-Christmas-profimedia-0747564125-CVR.webp\",\"width\":990,\"height\":660,\"caption\":\"Christmas gifts\"},{\"@type\":\"BreadcrumbList\",\"@id\":\"https:\/\/www.welovecycling.com\/hu\/kozosseg-es-kultura\/utmutato-kiveteles-ajandekokhoz-a-kerekparozas-kiralynoinek\/#breadcrumb\",\"itemListElement\":[{\"@type\":\"ListItem\",\"position\":1,\"name\":\"Home\",\"item\":\"https:\/\/www.welovecycling.com\/hu\/\"},{\"@type\":\"ListItem\",\"position\":2,\"name\":\"\u00datmutat\u00f3 kiv\u00e9teles aj\u00e1nd\u00e9kokhoz a ker\u00e9kp\u00e1roz\u00e1s kir\u00e1lyn\u0151inek\"}]},{\"@type\":\"WebSite\",\"@id\":\"https:\/\/www.welovecycling.com\/hu\/#website\",\"url\":\"https:\/\/www.welovecycling.com\/hu\/\",\"name\":\"\u0160koda We Love Cycling - Magyarorsz\u00e1g\",\"description\":\"\u0160koda WeLoveCycling\",\"potentialAction\":[{\"@type\":\"SearchAction\",\"target\":{\"@type\":\"EntryPoint\",\"urlTemplate\":\"https:\/\/www.welovecycling.com\/hu\/?s={search_term_string}\"},\"query-input\":{\"@type\":\"PropertyValueSpecification\",\"valueRequired\":true,\"valueName\":\"search_term_string\"}}],\"inLanguage\":\"hu\"},{\"@type\":\"Person\",\"@id\":\"https:\/\/www.welovecycling.com\/hu\/#\/schema\/person\/414a2aebf1801691a5320edb6468e194\",\"name\":\"hegyizs\",\"image\":{\"@type\":\"ImageObject\",\"inLanguage\":\"hu\",\"@id\":\"https:\/\/www.welovecycling.com\/hu\/#\/schema\/person\/image\/\",\"url\":\"https:\/\/secure.gravatar.com\/avatar\/02cf8a7906b8cf90cecb4679defac7cfd33a1c2e3b88e4903d947f3bb58eedd3?s=96&d=mm&r=g\",\"contentUrl\":\"https:\/\/secure.gravatar.com\/avatar\/02cf8a7906b8cf90cecb4679defac7cfd33a1c2e3b88e4903d947f3bb58eedd3?s=96&d=mm&r=g\",\"caption\":\"hegyizs\"},\"url\":\"https:\/\/www.welovecycling.com\/hu\/author\/hegyizs\/\"}]}<\/script>\n<!-- \/ Yoast SEO Premium plugin. -->","yoast_head_json":{"title":"\u00datmutat\u00f3 kiv\u00e9teles aj\u00e1nd\u00e9kokhoz a ker\u00e9kp\u00e1roz\u00e1s kir\u00e1lyn\u0151inek","description":"Te is \u00e9pp keresed \u00e9leted n\u0151i ker\u00e9kp\u00e1ros\u00e1nak a t\u00f6k\u00e9letes aj\u00e1nd\u00e9kot? Nos, szerencs\u00e9d van, bar\u00e1tom. A keres\u00e9s itt \u00e9r v\u00e9get. Tudjuk, hogy a n\u0151i ker\u00e9kp\u00e1rosok \u00e9rdekl\u0151d\u00e9si k\u00f6re igen sz\u00e9les, \u00e9s \u00f6ssze\u00e1ll\u00edtottuk ezt a \u00e1tfog\u00f3 \u00fatmutat\u00f3t megfizethet\u0151 aj\u00e1nd\u00e9k \u00f6tletekkel, minden ker\u00e9kp\u00e1ros sz\u00e1m\u00e1ra. A h\u00f3bortos csavarkulcs k\u00e9szletekt\u0151l a szem\u00e9lyre szabott kapar\u00f3s nyomatokig, n\u00e1lunk megtal\u00e1lod az ide\u00e1lis aj\u00e1nd\u00e9kokat!","robots":{"index":"index","follow":"follow","max-snippet":"max-snippet:-1","max-image-preview":"max-image-preview:large","max-video-preview":"max-video-preview:-1"},"canonical":"https:\/\/www.welovecycling.com\/hu\/kozosseg-es-kultura\/utmutato-kiveteles-ajandekokhoz-a-kerekparozas-kiralynoinek\/","og_locale":"hu_HU","og_type":"article","og_title":"\u00datmutat\u00f3 kiv\u00e9teles aj\u00e1nd\u00e9kokhoz a ker\u00e9kp\u00e1roz\u00e1s kir\u00e1lyn\u0151inek","og_description":"Te is \u00e9pp keresed \u00e9leted n\u0151i ker\u00e9kp\u00e1ros\u00e1nak a t\u00f6k\u00e9letes aj\u00e1nd\u00e9kot? Nos, szerencs\u00e9d van, bar\u00e1tom. A keres\u00e9s itt \u00e9r v\u00e9get. Tudjuk, hogy a n\u0151i ker\u00e9kp\u00e1rosok \u00e9rdekl\u0151d\u00e9si k\u00f6re igen sz\u00e9les, \u00e9s \u00f6ssze\u00e1ll\u00edtottuk ezt a \u00e1tfog\u00f3 \u00fatmutat\u00f3t megfizethet\u0151 aj\u00e1nd\u00e9k \u00f6tletekkel, minden ker\u00e9kp\u00e1ros sz\u00e1m\u00e1ra. A h\u00f3bortos csavarkulcs k\u00e9szletekt\u0151l a szem\u00e9lyre szabott kapar\u00f3s nyomatokig, n\u00e1lunk megtal\u00e1lod az ide\u00e1lis aj\u00e1nd\u00e9kokat!","og_url":"https:\/\/www.welovecycling.com\/hu\/kozosseg-es-kultura\/utmutato-kiveteles-ajandekokhoz-a-kerekparozas-kiralynoinek\/","og_site_name":"\u0160koda We Love Cycling - Magyarorsz\u00e1g","article_publisher":"https:\/\/www.facebook.com\/WeLoveCyclingHungary\/","article_published_time":"2023-12-11T06:00:04+00:00","og_image":[{"width":990,"height":660,"url":"https:\/\/d2p6e6u75xmxt8.cloudfront.net\/12\/2023\/12\/Bicycle-Gifts-Christmas-profimedia-0747564125-CVR.webp","type":"image\/webp"}],"author":"hegyizs","twitter_card":"summary_large_image","twitter_misc":{"Written by":"Megan Flottorp","Est. reading time":"5"},"schema":{"@context":"https:\/\/schema.org","@graph":[{"@type":"WebPage","@id":"https:\/\/www.welovecycling.com\/hu\/kozosseg-es-kultura\/utmutato-kiveteles-ajandekokhoz-a-kerekparozas-kiralynoinek\/","url":"https:\/\/www.welovecycling.com\/hu\/kozosseg-es-kultura\/utmutato-kiveteles-ajandekokhoz-a-kerekparozas-kiralynoinek\/","name":"\u00datmutat\u00f3 kiv\u00e9teles aj\u00e1nd\u00e9kokhoz a ker\u00e9kp\u00e1roz\u00e1s kir\u00e1lyn\u0151inek","isPartOf":{"@id":"https:\/\/www.welovecycling.com\/hu\/#website"},"primaryImageOfPage":{"@id":"https:\/\/www.welovecycling.com\/hu\/kozosseg-es-kultura\/utmutato-kiveteles-ajandekokhoz-a-kerekparozas-kiralynoinek\/#primaryimage"},"image":{"@id":"https:\/\/www.welovecycling.com\/hu\/kozosseg-es-kultura\/utmutato-kiveteles-ajandekokhoz-a-kerekparozas-kiralynoinek\/#primaryimage"},"thumbnailUrl":"https:\/\/d2p6e6u75xmxt8.cloudfront.net\/12\/2023\/12\/Bicycle-Gifts-Christmas-profimedia-0747564125-CVR.webp","datePublished":"2023-12-11T06:00:04+00:00","author":{"@id":"https:\/\/www.welovecycling.com\/hu\/#\/schema\/person\/414a2aebf1801691a5320edb6468e194"},"description":"Te is \u00e9pp keresed \u00e9leted n\u0151i ker\u00e9kp\u00e1ros\u00e1nak a t\u00f6k\u00e9letes aj\u00e1nd\u00e9kot? Nos, szerencs\u00e9d van, bar\u00e1tom. A keres\u00e9s itt \u00e9r v\u00e9get. Tudjuk, hogy a n\u0151i ker\u00e9kp\u00e1rosok \u00e9rdekl\u0151d\u00e9si k\u00f6re igen sz\u00e9les, \u00e9s \u00f6ssze\u00e1ll\u00edtottuk ezt a \u00e1tfog\u00f3 \u00fatmutat\u00f3t megfizethet\u0151 aj\u00e1nd\u00e9k \u00f6tletekkel, minden ker\u00e9kp\u00e1ros sz\u00e1m\u00e1ra. A h\u00f3bortos csavarkulcs k\u00e9szletekt\u0151l a szem\u00e9lyre szabott kapar\u00f3s nyomatokig, n\u00e1lunk megtal\u00e1lod az ide\u00e1lis aj\u00e1nd\u00e9kokat!","breadcrumb":{"@id":"https:\/\/www.welovecycling.com\/hu\/kozosseg-es-kultura\/utmutato-kiveteles-ajandekokhoz-a-kerekparozas-kiralynoinek\/#breadcrumb"},"inLanguage":"hu","potentialAction":[{"@type":"ReadAction","target":["https:\/\/www.welovecycling.com\/hu\/kozosseg-es-kultura\/utmutato-kiveteles-ajandekokhoz-a-kerekparozas-kiralynoinek\/"]}]},{"@type":"ImageObject","inLanguage":"hu","@id":"https:\/\/www.welovecycling.com\/hu\/kozosseg-es-kultura\/utmutato-kiveteles-ajandekokhoz-a-kerekparozas-kiralynoinek\/#primaryimage","url":"https:\/\/d2p6e6u75xmxt8.cloudfront.net\/12\/2023\/12\/Bicycle-Gifts-Christmas-profimedia-0747564125-CVR.webp","contentUrl":"https:\/\/d2p6e6u75xmxt8.cloudfront.net\/12\/2023\/12\/Bicycle-Gifts-Christmas-profimedia-0747564125-CVR.webp","width":990,"height":660,"caption":"Christmas gifts"},{"@type":"BreadcrumbList","@id":"https:\/\/www.welovecycling.com\/hu\/kozosseg-es-kultura\/utmutato-kiveteles-ajandekokhoz-a-kerekparozas-kiralynoinek\/#breadcrumb","itemListElement":[{"@type":"ListItem","position":1,"name":"Home","item":"https:\/\/www.welovecycling.com\/hu\/"},{"@type":"ListItem","position":2,"name":"\u00datmutat\u00f3 kiv\u00e9teles aj\u00e1nd\u00e9kokhoz a ker\u00e9kp\u00e1roz\u00e1s kir\u00e1lyn\u0151inek"}]},{"@type":"WebSite","@id":"https:\/\/www.welovecycling.com\/hu\/#website","url":"https:\/\/www.welovecycling.com\/hu\/","name":"\u0160koda We Love Cycling - Magyarorsz\u00e1g","description":"\u0160koda WeLoveCycling","potentialAction":[{"@type":"SearchAction","target":{"@type":"EntryPoint","urlTemplate":"https:\/\/www.welovecycling.com\/hu\/?s={search_term_string}"},"query-input":{"@type":"PropertyValueSpecification","valueRequired":true,"valueName":"search_term_string"}}],"inLanguage":"hu"},{"@type":"Person","@id":"https:\/\/www.welovecycling.com\/hu\/#\/schema\/person\/414a2aebf1801691a5320edb6468e194","name":"hegyizs","image":{"@type":"ImageObject","inLanguage":"hu","@id":"https:\/\/www.welovecycling.com\/hu\/#\/schema\/person\/image\/","url":"https:\/\/secure.gravatar.com\/avatar\/02cf8a7906b8cf90cecb4679defac7cfd33a1c2e3b88e4903d947f3bb58eedd3?s=96&d=mm&r=g","contentUrl":"https:\/\/secure.gravatar.com\/avatar\/02cf8a7906b8cf90cecb4679defac7cfd33a1c2e3b88e4903d947f3bb58eedd3?s=96&d=mm&r=g","caption":"hegyizs"},"url":"https:\/\/www.welovecycling.com\/hu\/author\/hegyizs\/"}]}},"_links":{"self":[{"href":"https:\/\/www.welovecycling.com\/hu\/wp-json\/wp\/v2\/posts\/18207","targetHints":{"allow":["GET"]}}],"collection":[{"href":"https:\/\/www.welovecycling.com\/hu\/wp-json\/wp\/v2\/posts"}],"about":[{"href":"https:\/\/www.welovecycling.com\/hu\/wp-json\/wp\/v2\/types\/post"}],"author":[{"embeddable":true,"href":"https:\/\/www.welovecycling.com\/hu\/wp-json\/wp\/v2\/users\/71"}],"replies":[{"embeddable":true,"href":"https:\/\/www.welovecycling.com\/hu\/wp-json\/wp\/v2\/comments?post=18207"}],"version-history":[{"count":2,"href":"https:\/\/www.welovecycling.com\/hu\/wp-json\/wp\/v2\/posts\/18207\/revisions"}],"predecessor-version":[{"id":18215,"href":"https:\/\/www.welovecycling.com\/hu\/wp-json\/wp\/v2\/posts\/18207\/revisions\/18215"}],"wp:featuredmedia":[{"embeddable":true,"href":"https:\/\/www.welovecycling.com\/hu\/wp-json\/wp\/v2\/media\/18214"}],"wp:attachment":[{"href":"https:\/\/www.welovecycling.com\/hu\/wp-json\/wp\/v2\/media?parent=18207"}],"wp:term":[{"taxonomy":"category","embeddable":true,"href":"https:\/\/www.welovecycling.com\/hu\/wp-json\/wp\/v2\/categories?post=18207"},{"taxonomy":"post_tag","embeddable":true,"href":"https:\/\/www.welovecycling.com\/hu\/wp-json\/wp\/v2\/tags?post=18207"},{"taxonomy":"global-categories","embeddable":true,"href":"https:\/\/www.welovecycling.com\/hu\/wp-json\/wp\/v2\/global-categories?post=18207"}],"curies":[{"name":"wp","href":"https:\/\/api.w.org\/{rel}","templated":true}]}}