{"id":18194,"date":"2023-12-05T08:00:49","date_gmt":"2023-12-05T06:00:49","guid":{"rendered":"https:\/\/www.welovecycling.com\/hu\/?p=18194"},"modified":"2023-12-01T15:55:46","modified_gmt":"2023-12-01T13:55:46","slug":"telen-tekerni-utmutato-csaladi-kerekparturakhoz-hidegben","status":"publish","type":"post","link":"https:\/\/www.welovecycling.com\/hu\/csalad\/telen-tekerni-utmutato-csaladi-kerekparturakhoz-hidegben\/","title":{"rendered":"T\u00e9len tekerni: \u00datmutat\u00f3 csal\u00e1di ker\u00e9kp\u00e1rt\u00far\u00e1khoz, hidegben"},"content":{"rendered":"<p><strong>A csal\u00e1di ker\u00e9kp\u00e1roz\u00e1s nem csup\u00e1n egy k\u00f6nnyed tev\u00e9kenys\u00e9g, amit napf\u00e9nyes d\u00e9lut\u00e1nokra tartogatunk. Ahogy bek\u00f6sz\u00f6nt a t\u00e9l, \u00e9s hozza mag\u00e1val a h\u0171v\u00f6s, friss leveg\u0151t, a ker\u00e9kp\u00e1ros kalandok \u00e1talakulnak &#8211; de folytat\u00f3dnak! A csillog\u00f3, fagyos t\u00e1jak \u00e9s a h\u00f3val bor\u00edtott utak csendje var\u00e1zslatos \u00e9lm\u00e9nyt adhat az eg\u00e9sz csal\u00e1dnak. Igen, vannak kih\u00edv\u00e1sok &#8211; a hideg, a j\u00e9g, a r\u00f6videbb napok &#8211; de a megfelel\u0151 el\u0151k\u00e9sz\u00fcletekkel \u00e9s hozz\u00e1\u00e1ll\u00e1ssal a t\u00e9li ker\u00e9kp\u00e1roz\u00e1s biztons\u00e1gos, izgalmas \u00e9s fantasztikus m\u00f3dja lehet a mozg\u00e1snak \u00e9s a k\u00f6z\u00f6s id\u0151t\u00f6lt\u00e9snek. N\u00e9zz\u00fck, hogyan folytathatj\u00e1tok a csal\u00e1di ped\u00e1loz\u00e1st a t\u00e9li szezonban!<\/strong><!--more--><\/p>\n<h2><strong>A felszerel\u00e9s<\/strong><\/h2>\n<p>A t\u00e9li ker\u00e9kp\u00e1roz\u00e1s kicsit t\u00f6bb el\u0151k\u00e9sz\u00fcletet ig\u00e9nyel, k\u00fcl\u00f6n\u00f6sen, ha az eg\u00e9sz csal\u00e1d r\u00e9szt vesz benne.<\/p>\n<p><strong>A biciklik felk\u00e9sz\u00edt\u00e9se:<\/strong> Az els\u0151 l\u00e9p\u00e9s az, hogy a biciklik k\u00e9szen \u00e1lljanak a hidegebb id\u0151vel j\u00e1r\u00f3 k\u00f6r\u00fclm\u00e9nyekre. Ellen\u0151rizd a gumiabroncs mint\u00e1zat\u00e1t a lehets\u00e9ges cs\u00fasz\u00f3s fel\u00fcleteken val\u00f3 jobb tapad\u00e1s \u00e9rdek\u00e9ben, szerelj fel s\u00e1rv\u00e9d\u0151ket, hogy elker\u00fcld a latyak felfr\u00f6ccsen\u00e9s\u00e9t \u00e9s gy\u0151z\u0151dj meg arr\u00f3l, hogy a f\u00e9kek is rendben vannak. A mozg\u00f3 alkatr\u00e9szek \u00e1tken\u00e9se szint\u00e9n l\u00e9tfontoss\u00e1g\u00fa a nedvess\u00e9g \u00e9s a hideg elleni v\u00e9delem \u00e9rdek\u00e9ben.<\/p>\n<p><strong>Megfelel\u0151 ruh\u00e1zat: <\/strong>A t\u00e9li ker\u00e9kp\u00e1roz\u00e1s sor\u00e1n a kulcs, hogy \u00fagy tartsd magad melegen, hogy k\u00f6zben k\u00e9nyelmes is a szetted. Kezdd egy nedvess\u00e9gelvezet\u0151 alapr\u00e9teggel, hogy t\u00e1vol tartsd a verejt\u00e9ket a b\u0151rt\u0151l, adj hozz\u00e1 egy szigetel\u0151 r\u00e9teget a melegs\u00e9g \u00e9rdek\u00e9ben, \u00e9s v\u00e9g\u00fcl koron\u00e1zd meg mindezt egy sz\u00e9l\u00e1ll\u00f3 \u00e9s v\u00edz\u00e1ll\u00f3 k\u00fcls\u0151 r\u00e9teggel a k\u00f6rnyezeti elemek elleni v\u00e9delem\u00e9rt. Ne felejtsd el v\u00e9deni az ujjaid &#8211; a szigetelt keszty\u0171k, a sisak al\u00e1 ill\u0151 sapk\u00e1k \u00e9s a h\u0151szigetel\u0151 zoknik elengedhetetlenek.<\/p>\n<p><strong>L\u00e1that\u00f3s\u00e1g \u00e9s vil\u00e1g\u00edt\u00e1s:<\/strong> Mivel hamarabb s\u00f6t\u00e9tedik, m\u00e9g nagyobb figyelmet kell ford\u00edtanod arra, hogy j\u00f3l l\u00e1that\u00f3 legy\u00e9l, mint ny\u00e1ron. K\u00f6telez\u0151 a bring\u00e1kon er\u0151s els\u0151 \u00e9s h\u00e1ts\u00f3 l\u00e1mpal, \u00e9s \u00e9rdemes megfontolni a kerekekre vagy v\u00e1zakra felhelyezhet\u0151 f\u00e9nyvisszaver\u0151 cs\u00edkok vagy l\u00e1mp\u00e1k beszerz\u00e9s\u00e9t is. Minden csal\u00e1dtag vegyen fel j\u00f3l l\u00e1that\u00f3 ruh\u00e1zatot \u00e9s l\u00e1that\u00f3s\u00e1gi mell\u00e9nyt!<\/p>\n<h2><strong>Els\u0151 a biztons\u00e1g<\/strong><\/h2>\n<p>A t\u00e9li terep kisz\u00e1m\u00edthatatlan lehet. Az els\u0151dleges szempontnak mindig a biztons\u00e1gnak kell lennie.<\/p>\n<p><strong>Navig\u00e1l\u00e1s jeges vagy vizes utakon:<\/strong> Tan\u00edtsd meg a csal\u00e1d minden tagj\u00e1nak, hogyan kezelje a biciklij\u00e9t jeges \u00e9s nedves utakon. Cs\u00f6kkents\u00e9tek a sebess\u00e9get, ker\u00fclj\u00e9tek a hirtelen ir\u00e1nyv\u00e1ltoztat\u00e1sokat \u00e9s haladjatok a kijel\u00f6lt ker\u00e9kp\u00e1rutakon, amiket nagyobb val\u00f3sz\u00edn\u0171s\u00e9ggel takar\u00edtanak!<\/p>\n<p class=\"-wm-MsoNormal\"><strong>Az id\u0151j\u00e1r\u00e1si k\u00f6r\u00fclm\u00e9nyek ismerete<\/strong>: Mindig ellen\u0151rizd az id\u0151j\u00e1r\u00e1s-el\u0151rejelz\u00e9st, miel\u0151tt elinduln\u00e1tok! Tan\u00edtsd meg a gyerekeknek, hogyan ismerj\u00e9k fel a hipotermia \u00e9s a fagy\u00e1s korai jeleit, p\u00e9ld\u00e1ul a remeg\u00e9st, f\u00e1radts\u00e1got \u00e9s zsibbad\u00e1st, \u00e9s legyenek felk\u00e9sz\u00fclve r\u00e1, hogy ha kell, akkor kor\u00e1bban vissza kell fordulni a tervezetn\u00e9l!<\/p>\n<h2><\/h2>\n<figure id=\"attachment_12868\" aria-describedby=\"caption-attachment-12868\" style=\"width: 1000px\" class=\"wp-caption alignnone\"><a href=\"https:\/\/d2p6e6u75xmxt8.cloudfront.net\/12\/2021\/11\/Family-winter-cycling-profimedia-0497110127.jpg\"><img loading=\"lazy\" decoding=\"async\" class=\"wp-image-12868 size-full\" src=\"https:\/\/d2p6e6u75xmxt8.cloudfront.net\/12\/2021\/11\/Family-winter-cycling-profimedia-0497110127.jpg\" alt=\"Winter cycling\" width=\"1000\" height=\"666\" srcset=\"https:\/\/d2p6e6u75xmxt8.cloudfront.net\/12\/2021\/11\/Family-winter-cycling-profimedia-0497110127.jpg 1000w, https:\/\/d2p6e6u75xmxt8.cloudfront.net\/12\/2021\/11\/Family-winter-cycling-profimedia-0497110127-300x200.jpg 300w, https:\/\/d2p6e6u75xmxt8.cloudfront.net\/12\/2021\/11\/Family-winter-cycling-profimedia-0497110127-768x511.jpg 768w, https:\/\/d2p6e6u75xmxt8.cloudfront.net\/12\/2021\/11\/Family-winter-cycling-profimedia-0497110127-272x182.jpg 272w\" sizes=\"auto, (max-width: 1000px) 100vw, 1000px\" \/><\/a><figcaption id=\"caption-attachment-12868\" class=\"wp-caption-text\">A csal\u00e1di ker\u00e9kp\u00e1roz\u00e1s nem csup\u00e1n egy kellemes tev\u00e9kenys\u00e9g, amit napf\u00e9nyes napokra tartogatunk. \u00a9 Profimedia<\/figcaption><\/figure>\n<h2><strong>Tervezd meg az \u00fatvonalat!<\/strong><\/h2>\n<p>Ha k\u00f6r\u00fcltekint\u0151en v\u00e1lasztasz \u00fatvonalat, sokkal \u00e9lvezetesebb\u00e9 teheted a t\u00e9li ker\u00e9kp\u00e1roz\u00e1st.<\/p>\n<p><strong>T\u00e9l-bar\u00e1t utak kiv\u00e1laszt\u00e1sa:<\/strong> V\u00e1lassz olyan \u00fatvonalakat, amelyek v\u00e9dettek a sz\u00e9lt\u0151l, nincs rajtuk t\u00fal nagy forgalom, \u00e9s a t\u00e9li h\u00f3napok alatt is j\u00f3l karbantartottak. A parkok \u00e9s ker\u00e9kp\u00e1rutak \u00e1ltal\u00e1ban megfelelnek ezeknek.<\/p>\n<p><strong>R\u00f6videbb \u00e9s biztons\u00e1gosabb t\u00far\u00e1k:<\/strong> Tervezzen r\u00f6videbb \u00fatvonalakat t\u00e9len! Ez k\u00fcl\u00f6n\u00f6sen fontos, amikor gyerekekkel ker\u00e9kp\u00e1rozol, hiszen \u0151k k\u00f6nnyebben elf\u00e1radhatnak a hidegben, \u00e9s lehet, hogy kev\u00e9sb\u00e9 kitart\u00f3ak, mint a feln\u0151ttek.<\/p>\n<h2><strong>Maradj vid\u00e1m \u00e9s motiv\u00e1lt!<\/strong><\/h2>\n<p>Ha szeretn\u00e9tek v\u00e9gigtekerni a t\u00e9li szezont, fontos, hogy j\u00f3l \u00e9rezz\u00e9tek magatokat k\u00f6zben!<\/p>\n<p><strong>T\u00e9li t\u00e1jak \u00e9s kalandok:<\/strong> Haszn\u00e1lja ki a t\u00e9l egyedi sz\u00e9ps\u00e9g\u00e9t! Fedezzetek fel havas t\u00e1jakat, \u00e9s \u00e9lvezz\u00e9tek a kev\u00e9sb\u00e9 zs\u00fafolt \u00f6sv\u00e9nyek nyugalm\u00e1t!<\/p>\n<p><strong>El\u00e9rhet\u0151 c\u00e9lkit\u0171z\u00e9sek:<\/strong> Keress kisebb, el\u00e9rhet\u0151 c\u00e9lokat minden t\u00far\u00e1hoz, hogy motiv\u00e1ld a csal\u00e1dot. Ez lehet egy bizonyos helysz\u00edn el\u00e9r\u00e9se, egy \u00faj \u00f6sv\u00e9ny bej\u00e1r\u00e1sa vagy az, hogy fokozatosan n\u00f6velj\u00e9tek a megtett t\u00e1vols\u00e1got.<\/p>\n<p><strong>Tev\u00e9kenys\u00e9gek t\u00fara ut\u00e1n:<\/strong> Tervezz \u00e9lvezetes tev\u00e9kenys\u00e9geket a t\u00fara ut\u00e1nra, p\u00e9ld\u00e1ul egy j\u00f3 adag forr\u00f3 csokol\u00e1d\u00e9 vagy meleg leves elkortyolgat\u00e1s\u00e1t. Ez seg\u00edt pozit\u00edv eml\u00e9keket teremteni a t\u00e9li ker\u00e9kp\u00e1roz\u00e1shoz kapcsol\u00f3d\u00f3an.<\/p>\n<h2><strong>Eg\u00e9szs\u00e9g \u00e9s hidrat\u00e1lts\u00e1g<\/strong><\/h2>\n<p>Ne hagyd figyelmen k\u00edv\u00fcl a hidrat\u00e1lts\u00e1g \u00e9s a t\u00e1pl\u00e1lkoz\u00e1s fontoss\u00e1g\u00e1t a t\u00e9li t\u00far\u00e1k sor\u00e1n!<\/p>\n<p><strong>Hidrat\u00e1lts\u00e1g:<\/strong> M\u00e9g hideg id\u0151ben is kulcsfontoss\u00e1g\u00fa a hidrat\u00e1lts\u00e1g fenntart\u00e1sa. Mindig vigyetek magatokkal h\u0151tart\u00f3 palackokat meleg italokkal, \u00e9s \u00f6szt\u00f6n\u00f6zd a t\u00f6bbieket is, hogy rendszeresen kortyolgassanak!<\/p>\n<p><strong>T\u00e1pl\u00e1lkoz\u00e1si tippek:<\/strong> Csomagolj energiad\u00fas snackeket, mint p\u00e9ld\u00e1ul di\u00f3f\u00e9l\u00e9ket, aszalt gy\u00fcm\u00f6lcs\u00f6ket vagy zabszeleteket. Ezek k\u00f6nnyen fogyaszthat\u00f3ak \u00fatk\u00f6zben, \u00e9s biztos\u00edtj\u00e1k a sz\u00fcks\u00e9ges \u00fczemanyagot a t\u00e9li kalandokhoz.<\/p>\n<p class=\"-wm-MsoNormal\">A csal\u00e1di t\u00e9li ker\u00e9kp\u00e1roz\u00e1s \u00f6r\u00f6mteli \u00e9lm\u00e9ny lehet. A megfelel\u0151 felszerel\u00e9ssel, biztons\u00e1gi int\u00e9zked\u00e9sekkel \u00e9s kalandv\u00e1gy\u00f3 szellemmel hosszan tart\u00f3 eml\u00e9keket teremthettek egy\u00fctt, \u00e9s \u00e9lvezhetitek a hidegebb h\u00f3napokban is a ker\u00e9kp\u00e1roz\u00e1s egyedi sz\u00e9ps\u00e9g\u00e9t. Teh\u00e1t \u00f6lt\u00f6zzetek fel, k\u00e9sz\u00edts\u00e9tek el\u0151 a bicikliket, \u00e9s induljatok el egy t\u00e9li kalandra!<\/p>\n","protected":false},"excerpt":{"rendered":"<p>A csal\u00e1di ker\u00e9kp\u00e1roz\u00e1s nem csup\u00e1n egy k\u00f6nnyed tev\u00e9kenys\u00e9g, amit napf\u00e9nyes d\u00e9lut\u00e1nokra tartogatunk. Ahogy bek\u00f6sz\u00f6nt a t\u00e9l, \u00e9s hozza mag\u00e1val a [&hellip;]<\/p>\n","protected":false},"author":71,"featured_media":12872,"comment_status":"open","ping_status":"open","sticky":false,"template":"","format":"standard","meta":{"footnotes":""},"categories":[11],"tags":[],"global-categories":[],"class_list":["post-18194","post","type-post","status-publish","format-standard","has-post-thumbnail","hentry","category-csalad"],"yoast_head":"<!-- This site is optimized with the Yoast SEO Premium plugin v25.3 (Yoast SEO v25.9) - https:\/\/yoast.com\/wordpress\/plugins\/seo\/ -->\n<title>T\u00e9len tekerni: \u00datmutat\u00f3 csal\u00e1di ker\u00e9kp\u00e1rt\u00far\u00e1khoz, hidegben<\/title>\n<meta name=\"description\" content=\"A csal\u00e1di ker\u00e9kp\u00e1roz\u00e1s nem csup\u00e1n egy k\u00f6nnyed tev\u00e9kenys\u00e9g, amit napf\u00e9nyes d\u00e9lut\u00e1nokra tartogatunk. Ahogy bek\u00f6sz\u00f6nt a t\u00e9l, \u00e9s hozza mag\u00e1val a h\u0171v\u00f6s, friss leveg\u0151t, a ker\u00e9kp\u00e1ros kalandok \u00e1talakulnak - de folytat\u00f3dnak!\" \/>\n<meta name=\"robots\" content=\"index, follow, max-snippet:-1, max-image-preview:large, max-video-preview:-1\" \/>\n<link rel=\"canonical\" href=\"https:\/\/www.welovecycling.com\/hu\/csalad\/telen-tekerni-utmutato-csaladi-kerekparturakhoz-hidegben\/\" \/>\n<meta property=\"og:locale\" content=\"hu_HU\" \/>\n<meta property=\"og:type\" content=\"article\" \/>\n<meta property=\"og:title\" content=\"T\u00e9len tekerni: \u00datmutat\u00f3 csal\u00e1di ker\u00e9kp\u00e1rt\u00far\u00e1khoz, hidegben\" \/>\n<meta property=\"og:description\" content=\"A csal\u00e1di ker\u00e9kp\u00e1roz\u00e1s nem csup\u00e1n egy k\u00f6nnyed tev\u00e9kenys\u00e9g, amit napf\u00e9nyes d\u00e9lut\u00e1nokra tartogatunk. Ahogy bek\u00f6sz\u00f6nt a t\u00e9l, \u00e9s hozza mag\u00e1val a h\u0171v\u00f6s, friss leveg\u0151t, a ker\u00e9kp\u00e1ros kalandok \u00e1talakulnak - de folytat\u00f3dnak!\" \/>\n<meta property=\"og:url\" content=\"https:\/\/www.welovecycling.com\/hu\/csalad\/telen-tekerni-utmutato-csaladi-kerekparturakhoz-hidegben\/\" \/>\n<meta property=\"og:site_name\" content=\"\u0160koda We Love Cycling - Magyarorsz\u00e1g\" \/>\n<meta property=\"article:publisher\" content=\"https:\/\/www.facebook.com\/WeLoveCyclingHungary\/\" \/>\n<meta property=\"article:published_time\" content=\"2023-12-05T06:00:49+00:00\" \/>\n<meta property=\"og:image\" content=\"https:\/\/d2p6e6u75xmxt8.cloudfront.net\/12\/2021\/11\/Family-winter-cycling-profimedia-0497041556-CVR.jpg\" \/>\n\t<meta property=\"og:image:width\" content=\"1366\" \/>\n\t<meta property=\"og:image:height\" content=\"600\" \/>\n\t<meta property=\"og:image:type\" content=\"image\/jpeg\" \/>\n<meta name=\"author\" content=\"hegyizs\" \/>\n<meta name=\"twitter:card\" content=\"summary_large_image\" \/>\n<meta name=\"twitter:label1\" content=\"Written by\" \/>\n\t<meta name=\"twitter:data1\" content=\"We Love Cycling\" \/>\n\t<meta name=\"twitter:label2\" content=\"Est. reading time\" \/>\n\t<meta name=\"twitter:data2\" content=\"4\" \/>\n<script type=\"application\/ld+json\" class=\"yoast-schema-graph\">{\"@context\":\"https:\/\/schema.org\",\"@graph\":[{\"@type\":\"WebPage\",\"@id\":\"https:\/\/www.welovecycling.com\/hu\/csalad\/telen-tekerni-utmutato-csaladi-kerekparturakhoz-hidegben\/\",\"url\":\"https:\/\/www.welovecycling.com\/hu\/csalad\/telen-tekerni-utmutato-csaladi-kerekparturakhoz-hidegben\/\",\"name\":\"T\u00e9len tekerni: \u00datmutat\u00f3 csal\u00e1di ker\u00e9kp\u00e1rt\u00far\u00e1khoz, hidegben\",\"isPartOf\":{\"@id\":\"https:\/\/www.welovecycling.com\/hu\/#website\"},\"primaryImageOfPage\":{\"@id\":\"https:\/\/www.welovecycling.com\/hu\/csalad\/telen-tekerni-utmutato-csaladi-kerekparturakhoz-hidegben\/#primaryimage\"},\"image\":{\"@id\":\"https:\/\/www.welovecycling.com\/hu\/csalad\/telen-tekerni-utmutato-csaladi-kerekparturakhoz-hidegben\/#primaryimage\"},\"thumbnailUrl\":\"https:\/\/d2p6e6u75xmxt8.cloudfront.net\/12\/2021\/11\/Family-winter-cycling-profimedia-0497041556-CVR.jpg\",\"datePublished\":\"2023-12-05T06:00:49+00:00\",\"author\":{\"@id\":\"https:\/\/www.welovecycling.com\/hu\/#\/schema\/person\/414a2aebf1801691a5320edb6468e194\"},\"description\":\"A csal\u00e1di ker\u00e9kp\u00e1roz\u00e1s nem csup\u00e1n egy k\u00f6nnyed tev\u00e9kenys\u00e9g, amit napf\u00e9nyes d\u00e9lut\u00e1nokra tartogatunk. Ahogy bek\u00f6sz\u00f6nt a t\u00e9l, \u00e9s hozza mag\u00e1val a h\u0171v\u00f6s, friss leveg\u0151t, a ker\u00e9kp\u00e1ros kalandok \u00e1talakulnak - de folytat\u00f3dnak!\",\"breadcrumb\":{\"@id\":\"https:\/\/www.welovecycling.com\/hu\/csalad\/telen-tekerni-utmutato-csaladi-kerekparturakhoz-hidegben\/#breadcrumb\"},\"inLanguage\":\"hu\",\"potentialAction\":[{\"@type\":\"ReadAction\",\"target\":[\"https:\/\/www.welovecycling.com\/hu\/csalad\/telen-tekerni-utmutato-csaladi-kerekparturakhoz-hidegben\/\"]}]},{\"@type\":\"ImageObject\",\"inLanguage\":\"hu\",\"@id\":\"https:\/\/www.welovecycling.com\/hu\/csalad\/telen-tekerni-utmutato-csaladi-kerekparturakhoz-hidegben\/#primaryimage\",\"url\":\"https:\/\/d2p6e6u75xmxt8.cloudfront.net\/12\/2021\/11\/Family-winter-cycling-profimedia-0497041556-CVR.jpg\",\"contentUrl\":\"https:\/\/d2p6e6u75xmxt8.cloudfront.net\/12\/2021\/11\/Family-winter-cycling-profimedia-0497041556-CVR.jpg\",\"width\":1366,\"height\":600},{\"@type\":\"BreadcrumbList\",\"@id\":\"https:\/\/www.welovecycling.com\/hu\/csalad\/telen-tekerni-utmutato-csaladi-kerekparturakhoz-hidegben\/#breadcrumb\",\"itemListElement\":[{\"@type\":\"ListItem\",\"position\":1,\"name\":\"Home\",\"item\":\"https:\/\/www.welovecycling.com\/hu\/\"},{\"@type\":\"ListItem\",\"position\":2,\"name\":\"T\u00e9len tekerni: \u00datmutat\u00f3 csal\u00e1di ker\u00e9kp\u00e1rt\u00far\u00e1khoz, hidegben\"}]},{\"@type\":\"WebSite\",\"@id\":\"https:\/\/www.welovecycling.com\/hu\/#website\",\"url\":\"https:\/\/www.welovecycling.com\/hu\/\",\"name\":\"\u0160koda We Love Cycling - Magyarorsz\u00e1g\",\"description\":\"\u0160koda WeLoveCycling\",\"potentialAction\":[{\"@type\":\"SearchAction\",\"target\":{\"@type\":\"EntryPoint\",\"urlTemplate\":\"https:\/\/www.welovecycling.com\/hu\/?s={search_term_string}\"},\"query-input\":{\"@type\":\"PropertyValueSpecification\",\"valueRequired\":true,\"valueName\":\"search_term_string\"}}],\"inLanguage\":\"hu\"},{\"@type\":\"Person\",\"@id\":\"https:\/\/www.welovecycling.com\/hu\/#\/schema\/person\/414a2aebf1801691a5320edb6468e194\",\"name\":\"hegyizs\",\"image\":{\"@type\":\"ImageObject\",\"inLanguage\":\"hu\",\"@id\":\"https:\/\/www.welovecycling.com\/hu\/#\/schema\/person\/image\/\",\"url\":\"https:\/\/secure.gravatar.com\/avatar\/02cf8a7906b8cf90cecb4679defac7cfd33a1c2e3b88e4903d947f3bb58eedd3?s=96&d=mm&r=g\",\"contentUrl\":\"https:\/\/secure.gravatar.com\/avatar\/02cf8a7906b8cf90cecb4679defac7cfd33a1c2e3b88e4903d947f3bb58eedd3?s=96&d=mm&r=g\",\"caption\":\"hegyizs\"},\"url\":\"https:\/\/www.welovecycling.com\/hu\/author\/hegyizs\/\"}]}<\/script>\n<!-- \/ Yoast SEO Premium plugin. -->","yoast_head_json":{"title":"T\u00e9len tekerni: \u00datmutat\u00f3 csal\u00e1di ker\u00e9kp\u00e1rt\u00far\u00e1khoz, hidegben","description":"A csal\u00e1di ker\u00e9kp\u00e1roz\u00e1s nem csup\u00e1n egy k\u00f6nnyed tev\u00e9kenys\u00e9g, amit napf\u00e9nyes d\u00e9lut\u00e1nokra tartogatunk. Ahogy bek\u00f6sz\u00f6nt a t\u00e9l, \u00e9s hozza mag\u00e1val a h\u0171v\u00f6s, friss leveg\u0151t, a ker\u00e9kp\u00e1ros kalandok \u00e1talakulnak - de folytat\u00f3dnak!","robots":{"index":"index","follow":"follow","max-snippet":"max-snippet:-1","max-image-preview":"max-image-preview:large","max-video-preview":"max-video-preview:-1"},"canonical":"https:\/\/www.welovecycling.com\/hu\/csalad\/telen-tekerni-utmutato-csaladi-kerekparturakhoz-hidegben\/","og_locale":"hu_HU","og_type":"article","og_title":"T\u00e9len tekerni: \u00datmutat\u00f3 csal\u00e1di ker\u00e9kp\u00e1rt\u00far\u00e1khoz, hidegben","og_description":"A csal\u00e1di ker\u00e9kp\u00e1roz\u00e1s nem csup\u00e1n egy k\u00f6nnyed tev\u00e9kenys\u00e9g, amit napf\u00e9nyes d\u00e9lut\u00e1nokra tartogatunk. Ahogy bek\u00f6sz\u00f6nt a t\u00e9l, \u00e9s hozza mag\u00e1val a h\u0171v\u00f6s, friss leveg\u0151t, a ker\u00e9kp\u00e1ros kalandok \u00e1talakulnak - de folytat\u00f3dnak!","og_url":"https:\/\/www.welovecycling.com\/hu\/csalad\/telen-tekerni-utmutato-csaladi-kerekparturakhoz-hidegben\/","og_site_name":"\u0160koda We Love Cycling - Magyarorsz\u00e1g","article_publisher":"https:\/\/www.facebook.com\/WeLoveCyclingHungary\/","article_published_time":"2023-12-05T06:00:49+00:00","og_image":[{"width":1366,"height":600,"url":"https:\/\/d2p6e6u75xmxt8.cloudfront.net\/12\/2021\/11\/Family-winter-cycling-profimedia-0497041556-CVR.jpg","type":"image\/jpeg"}],"author":"hegyizs","twitter_card":"summary_large_image","twitter_misc":{"Written by":"We Love Cycling","Est. reading time":"4"},"schema":{"@context":"https:\/\/schema.org","@graph":[{"@type":"WebPage","@id":"https:\/\/www.welovecycling.com\/hu\/csalad\/telen-tekerni-utmutato-csaladi-kerekparturakhoz-hidegben\/","url":"https:\/\/www.welovecycling.com\/hu\/csalad\/telen-tekerni-utmutato-csaladi-kerekparturakhoz-hidegben\/","name":"T\u00e9len tekerni: \u00datmutat\u00f3 csal\u00e1di ker\u00e9kp\u00e1rt\u00far\u00e1khoz, hidegben","isPartOf":{"@id":"https:\/\/www.welovecycling.com\/hu\/#website"},"primaryImageOfPage":{"@id":"https:\/\/www.welovecycling.com\/hu\/csalad\/telen-tekerni-utmutato-csaladi-kerekparturakhoz-hidegben\/#primaryimage"},"image":{"@id":"https:\/\/www.welovecycling.com\/hu\/csalad\/telen-tekerni-utmutato-csaladi-kerekparturakhoz-hidegben\/#primaryimage"},"thumbnailUrl":"https:\/\/d2p6e6u75xmxt8.cloudfront.net\/12\/2021\/11\/Family-winter-cycling-profimedia-0497041556-CVR.jpg","datePublished":"2023-12-05T06:00:49+00:00","author":{"@id":"https:\/\/www.welovecycling.com\/hu\/#\/schema\/person\/414a2aebf1801691a5320edb6468e194"},"description":"A csal\u00e1di ker\u00e9kp\u00e1roz\u00e1s nem csup\u00e1n egy k\u00f6nnyed tev\u00e9kenys\u00e9g, amit napf\u00e9nyes d\u00e9lut\u00e1nokra tartogatunk. Ahogy bek\u00f6sz\u00f6nt a t\u00e9l, \u00e9s hozza mag\u00e1val a h\u0171v\u00f6s, friss leveg\u0151t, a ker\u00e9kp\u00e1ros kalandok \u00e1talakulnak - de folytat\u00f3dnak!","breadcrumb":{"@id":"https:\/\/www.welovecycling.com\/hu\/csalad\/telen-tekerni-utmutato-csaladi-kerekparturakhoz-hidegben\/#breadcrumb"},"inLanguage":"hu","potentialAction":[{"@type":"ReadAction","target":["https:\/\/www.welovecycling.com\/hu\/csalad\/telen-tekerni-utmutato-csaladi-kerekparturakhoz-hidegben\/"]}]},{"@type":"ImageObject","inLanguage":"hu","@id":"https:\/\/www.welovecycling.com\/hu\/csalad\/telen-tekerni-utmutato-csaladi-kerekparturakhoz-hidegben\/#primaryimage","url":"https:\/\/d2p6e6u75xmxt8.cloudfront.net\/12\/2021\/11\/Family-winter-cycling-profimedia-0497041556-CVR.jpg","contentUrl":"https:\/\/d2p6e6u75xmxt8.cloudfront.net\/12\/2021\/11\/Family-winter-cycling-profimedia-0497041556-CVR.jpg","width":1366,"height":600},{"@type":"BreadcrumbList","@id":"https:\/\/www.welovecycling.com\/hu\/csalad\/telen-tekerni-utmutato-csaladi-kerekparturakhoz-hidegben\/#breadcrumb","itemListElement":[{"@type":"ListItem","position":1,"name":"Home","item":"https:\/\/www.welovecycling.com\/hu\/"},{"@type":"ListItem","position":2,"name":"T\u00e9len tekerni: \u00datmutat\u00f3 csal\u00e1di ker\u00e9kp\u00e1rt\u00far\u00e1khoz, hidegben"}]},{"@type":"WebSite","@id":"https:\/\/www.welovecycling.com\/hu\/#website","url":"https:\/\/www.welovecycling.com\/hu\/","name":"\u0160koda We Love Cycling - Magyarorsz\u00e1g","description":"\u0160koda WeLoveCycling","potentialAction":[{"@type":"SearchAction","target":{"@type":"EntryPoint","urlTemplate":"https:\/\/www.welovecycling.com\/hu\/?s={search_term_string}"},"query-input":{"@type":"PropertyValueSpecification","valueRequired":true,"valueName":"search_term_string"}}],"inLanguage":"hu"},{"@type":"Person","@id":"https:\/\/www.welovecycling.com\/hu\/#\/schema\/person\/414a2aebf1801691a5320edb6468e194","name":"hegyizs","image":{"@type":"ImageObject","inLanguage":"hu","@id":"https:\/\/www.welovecycling.com\/hu\/#\/schema\/person\/image\/","url":"https:\/\/secure.gravatar.com\/avatar\/02cf8a7906b8cf90cecb4679defac7cfd33a1c2e3b88e4903d947f3bb58eedd3?s=96&d=mm&r=g","contentUrl":"https:\/\/secure.gravatar.com\/avatar\/02cf8a7906b8cf90cecb4679defac7cfd33a1c2e3b88e4903d947f3bb58eedd3?s=96&d=mm&r=g","caption":"hegyizs"},"url":"https:\/\/www.welovecycling.com\/hu\/author\/hegyizs\/"}]}},"_links":{"self":[{"href":"https:\/\/www.welovecycling.com\/hu\/wp-json\/wp\/v2\/posts\/18194","targetHints":{"allow":["GET"]}}],"collection":[{"href":"https:\/\/www.welovecycling.com\/hu\/wp-json\/wp\/v2\/posts"}],"about":[{"href":"https:\/\/www.welovecycling.com\/hu\/wp-json\/wp\/v2\/types\/post"}],"author":[{"embeddable":true,"href":"https:\/\/www.welovecycling.com\/hu\/wp-json\/wp\/v2\/users\/71"}],"replies":[{"embeddable":true,"href":"https:\/\/www.welovecycling.com\/hu\/wp-json\/wp\/v2\/comments?post=18194"}],"version-history":[{"count":2,"href":"https:\/\/www.welovecycling.com\/hu\/wp-json\/wp\/v2\/posts\/18194\/revisions"}],"predecessor-version":[{"id":18196,"href":"https:\/\/www.welovecycling.com\/hu\/wp-json\/wp\/v2\/posts\/18194\/revisions\/18196"}],"wp:featuredmedia":[{"embeddable":true,"href":"https:\/\/www.welovecycling.com\/hu\/wp-json\/wp\/v2\/media\/12872"}],"wp:attachment":[{"href":"https:\/\/www.welovecycling.com\/hu\/wp-json\/wp\/v2\/media?parent=18194"}],"wp:term":[{"taxonomy":"category","embeddable":true,"href":"https:\/\/www.welovecycling.com\/hu\/wp-json\/wp\/v2\/categories?post=18194"},{"taxonomy":"post_tag","embeddable":true,"href":"https:\/\/www.welovecycling.com\/hu\/wp-json\/wp\/v2\/tags?post=18194"},{"taxonomy":"global-categories","embeddable":true,"href":"https:\/\/www.welovecycling.com\/hu\/wp-json\/wp\/v2\/global-categories?post=18194"}],"curies":[{"name":"wp","href":"https:\/\/api.w.org\/{rel}","templated":true}]}}