{"id":18189,"date":"2023-12-04T08:00:07","date_gmt":"2023-12-04T06:00:07","guid":{"rendered":"https:\/\/www.welovecycling.com\/hu\/?p=18189"},"modified":"2023-12-01T15:54:53","modified_gmt":"2023-12-01T13:54:53","slug":"az-uci-fontolgatja-a-versenynaptar-atalakitasat-beleertve-a-paris-roubaix-athelyezeset-is","status":"publish","type":"post","link":"https:\/\/www.welovecycling.com\/hu\/orszaguti-kerekpar\/az-uci-fontolgatja-a-versenynaptar-atalakitasat-beleertve-a-paris-roubaix-athelyezeset-is\/","title":{"rendered":"Az UCI fontolgatja a versenynapt\u00e1r \u00e1talak\u00edt\u00e1s\u00e1t, bele\u00e9rtve a Paris-Roubaix \u00e1thelyez\u00e9s\u00e9t is"},"content":{"rendered":"<p><strong>A WorldTour versenynapt\u00e1r k\u00f6r\u00fcl zajl\u00f3 vit\u00e1k f\u00e9ny\u00e9ben az UCI eln\u00f6ke, David Lappartient elmondta, t\u00e1mogatja a v\u00e1ltoz\u00e1sokat, ide\u00e9rtve a Paris-Roubaix \u00e9s m\u00e1s, hasonl\u00f3an h\u00edres versenyek esetleges okt\u00f3beri id\u0151pontra t\u00f6rt\u00e9n\u0151 \u00e1thelyez\u00e9s\u00e9t. Ez a javaslat illeszkedik az \u00e1tfog\u00f3 One Cycling reform kezdem\u00e9nyez\u00e9shez, amely a versenynapt\u00e1r teljes \u00e1talak\u00edt\u00e1s\u00e1t c\u00e9lozza meg.<\/strong><\/p>\n<p><!--more--><\/p>\n<p>A DirectVelo-nak adott interj\u00faj\u00e1ban Lappartient felt\u00e1rta, mi \u00e1ll az \u00e1ltala javasolt v\u00e1ltoztat\u00e1sok m\u00f6g\u00f6tt: \u00faj p\u00e9nzforr\u00e1sok gener\u00e1l\u00e1sa a ker\u00e9kp\u00e1roz\u00e1s sz\u00e1m\u00e1ra \u00e9s a sport k\u00f6rnyezeti l\u00e1bnyom\u00e1nak cs\u00f6kkent\u00e9se. Mindez sz\u00e1mos orsz\u00e1g \u00e9s kontinens \u00e1tfog\u00f3, utaz\u00e1ssal kapcsolatos aggodalmai k\u00f6zepette t\u00f6rt\u00e9nik.<\/p>\n<p>Az UCI szakmai st\u00e1bja, Lappartient vezet\u00e9s\u00e9vel, egy bonyolult k\u00f6rnyezetben navig\u00e1l, amelyet k\u00fcls\u0151 befektet\u00e9sek &#8211; p\u00e9ld\u00e1ul a sza\u00fadi PIF szuver\u00e9n vagyonalap &#8211; lehet\u0151s\u00e9gei is befoly\u00e1solnak. Lappartient p\u00e1rhuzamot vont a helyzettel az eur\u00f3pai labdar\u00fag\u00e1s r\u00f6vid \u00e9let\u0171 hatalmi harc\u00e1val, hangs\u00falyozva az UCI folyamatos p\u00e1rbesz\u00e9d\u00e9t a csapatokkal \u00e9s az esem\u00e9ny szervez\u0151ivel, hogy elker\u00fclj\u00e9k a hasonl\u00f3 konfliktusokat.<\/p>\n<figure id=\"attachment_18190\" aria-describedby=\"caption-attachment-18190\" style=\"width: 1250px\" class=\"wp-caption alignnone\"><a href=\"https:\/\/d2p6e6u75xmxt8.cloudfront.net\/12\/2023\/12\/David-Lappartient-profimedia-0820490020.webp\"><img loading=\"lazy\" decoding=\"async\" class=\"wp-image-18190 size-full\" src=\"https:\/\/d2p6e6u75xmxt8.cloudfront.net\/12\/2023\/12\/David-Lappartient-profimedia-0820490020.webp\" alt=\"David Lappartient\" width=\"1250\" height=\"833\" srcset=\"https:\/\/d2p6e6u75xmxt8.cloudfront.net\/12\/2023\/12\/David-Lappartient-profimedia-0820490020.webp 1250w, https:\/\/d2p6e6u75xmxt8.cloudfront.net\/12\/2023\/12\/David-Lappartient-profimedia-0820490020-300x200.webp 300w, https:\/\/d2p6e6u75xmxt8.cloudfront.net\/12\/2023\/12\/David-Lappartient-profimedia-0820490020-1024x682.webp 1024w, https:\/\/d2p6e6u75xmxt8.cloudfront.net\/12\/2023\/12\/David-Lappartient-profimedia-0820490020-768x512.webp 768w, https:\/\/d2p6e6u75xmxt8.cloudfront.net\/12\/2023\/12\/David-Lappartient-profimedia-0820490020-400x267.webp 400w, https:\/\/d2p6e6u75xmxt8.cloudfront.net\/12\/2023\/12\/David-Lappartient-profimedia-0820490020-272x182.webp 272w\" sizes=\"auto, (max-width: 1250px) 100vw, 1250px\" \/><\/a><figcaption id=\"caption-attachment-18190\" class=\"wp-caption-text\">David Lappartient \u00a9 Profimedia<\/figcaption><\/figure>\n<p><em>&#8220;\u00d6t olyan csapat van, amely uralkodik a WorldTour-okon, \u00edgy van egy k\u00fcl\u00f6n mez\u0151ny, amely m\u00f6g\u00f6tt\u00fck k\u00f6vetkezik. Ha az els\u0151k csak saj\u00e1t magukra \u00f6sszpontos\u00edtanak, akkor \u00f3ri\u00e1si egyenl\u0151tlens\u00e9geket kock\u00e1ztatunk,&#8221;<\/em> hangs\u00falyozta Lappartient, elismerve olyan csapatok dominanci\u00e1j\u00e1t, mint az UAE Team Emirates, a Jumbo-Visma \u00e9s az Ineos Grenadiers.<\/p>\n<p>Olyan reformokat javasol, melyek a verseny kiegyenl\u00edt\u00e9s\u00e9t szolg\u00e1lj\u00e1k, mint p\u00e9ld\u00e1ul a fizet\u00e9si sapk\u00e1k. Az UCI c\u00e9lja, hogy logikusabb\u00e1 \u00e9s \u00e1tl\u00e1that\u00f3bb\u00e1 tegye a versenynapt\u00e1rat, a v\u00e1ltoz\u00e1sok pedig m\u00e1r 2026-ban elkezd\u0151dhetnek. Ez a fel\u00fclvizsg\u00e1lat mag\u00e1ban foglalhatja a nagy klasszikusokat \u00e9s r\u00f6videbb WorldTour szakaszversenyeket is, b\u00e1r a h\u00e1rom Grand Tour nem lenne \u00e9rintett.<\/p>\n<p>Lappartient utalt a 2020-as Flandriai K\u00f6rversenyre \u00e9s a Paris-Roubaix-ra, melyek a j\u00e1rv\u00e1ny miatt ebben az \u00e9vben okt\u00f3berben zajlottak, megjegyezve kiv\u00e9telesen magas n\u00e9zetts\u00e9g\u00fcket. Azt javasolta, hogy az \u0151szi id\u0151pontokat \u00fajra meg lehetne vizsg\u00e1lni.<\/p>\n<p>Az UCI egyik legfontosabb napirendi pontja a sz\u00e9n-dioxid-kibocs\u00e1t\u00e1s jelent\u0151s cs\u00f6kkent\u00e9se 2030-ra. Lappartient azt javasolta, hogy elektromos j\u00e1rm\u0171veket haszn\u00e1ljanak a versenyeken, \u00e9s optimaliz\u00e1lj\u00e1k a versenynapt\u00e1rat a felesleges utaz\u00e1s minimaliz\u00e1l\u00e1sa \u00e9rdek\u00e9ben. Egy olyan logikusan el\u0151rehalad\u00f3, koh\u00e9z\u00edv \u00fctemtervet k\u00e9pzelt el, amely cs\u00f6kkenti a hossz\u00fa t\u00e1v\u00fa transzferek sz\u00e1m\u00e1t, ez\u00e1ltal a sport \u00f6kol\u00f3giai l\u00e1bnyom\u00e1t is.<\/p>\n<p>\u00d6sszefoglalva Lappartient j\u00f6v\u0151k\u00e9p\u00e9t, a k\u00f6rnyezeti felel\u0151ss\u00e9gv\u00e1llal\u00e1s \u00e9s a strat\u00e9giai gazdas\u00e1gi tervez\u00e9s a hangs\u00falyos, amely egy fenntarthat\u00f3 \u00e9s igazs\u00e1gos j\u00f6v\u0151t c\u00e9loz meg a sport sz\u00e1m\u00e1ra.<\/p>\n","protected":false},"excerpt":{"rendered":"<p>A WorldTour versenynapt\u00e1r k\u00f6r\u00fcl zajl\u00f3 vit\u00e1k f\u00e9ny\u00e9ben az UCI eln\u00f6ke, David Lappartient elmondta, t\u00e1mogatja a v\u00e1ltoz\u00e1sokat, ide\u00e9rtve a Paris-Roubaix \u00e9s [&hellip;]<\/p>\n","protected":false},"author":71,"featured_media":18192,"comment_status":"open","ping_status":"open","sticky":false,"template":"","format":"standard","meta":{"footnotes":""},"categories":[8],"tags":[],"global-categories":[],"class_list":["post-18189","post","type-post","status-publish","format-standard","has-post-thumbnail","hentry","category-orszaguti-kerekpar"],"yoast_head":"<!-- This site is optimized with the Yoast SEO Premium plugin v25.3 (Yoast SEO v25.9) - https:\/\/yoast.com\/wordpress\/plugins\/seo\/ -->\n<title>Az UCI fontolgatja a versenynapt\u00e1r \u00e1talak\u00edt\u00e1s\u00e1t, bele\u00e9rtve a Paris-Roubaix \u00e1thelyez\u00e9s\u00e9t is<\/title>\n<meta name=\"description\" content=\"A WorldTour versenynapt\u00e1r k\u00f6r\u00fcl zajl\u00f3 vit\u00e1k f\u00e9ny\u00e9ben az UCI eln\u00f6ke, David Lappartient elmondta, t\u00e1mogatja a v\u00e1ltoz\u00e1sokat, ide\u00e9rtve a Paris-Roubaix \u00e9s m\u00e1s, hasonl\u00f3an h\u00edres versenyek esetleges okt\u00f3beri id\u0151pontra t\u00f6rt\u00e9n\u0151 \u00e1thelyez\u00e9s\u00e9t. Ez a javaslat illeszkedik az \u00e1tfog\u00f3 One Cycling reform kezdem\u00e9nyez\u00e9shez, amely a versenynapt\u00e1r teljes \u00e1talak\u00edt\u00e1s\u00e1t c\u00e9lozza meg.\" \/>\n<meta name=\"robots\" content=\"index, follow, max-snippet:-1, max-image-preview:large, max-video-preview:-1\" \/>\n<link rel=\"canonical\" href=\"https:\/\/www.welovecycling.com\/hu\/orszaguti-kerekpar\/az-uci-fontolgatja-a-versenynaptar-atalakitasat-beleertve-a-paris-roubaix-athelyezeset-is\/\" \/>\n<meta property=\"og:locale\" content=\"hu_HU\" \/>\n<meta property=\"og:type\" content=\"article\" \/>\n<meta property=\"og:title\" content=\"Az UCI fontolgatja a versenynapt\u00e1r \u00e1talak\u00edt\u00e1s\u00e1t, bele\u00e9rtve a Paris-Roubaix \u00e1thelyez\u00e9s\u00e9t is\" \/>\n<meta property=\"og:description\" content=\"A WorldTour versenynapt\u00e1r k\u00f6r\u00fcl zajl\u00f3 vit\u00e1k f\u00e9ny\u00e9ben az UCI eln\u00f6ke, David Lappartient elmondta, t\u00e1mogatja a v\u00e1ltoz\u00e1sokat, ide\u00e9rtve a Paris-Roubaix \u00e9s m\u00e1s, hasonl\u00f3an h\u00edres versenyek esetleges okt\u00f3beri id\u0151pontra t\u00f6rt\u00e9n\u0151 \u00e1thelyez\u00e9s\u00e9t. Ez a javaslat illeszkedik az \u00e1tfog\u00f3 One Cycling reform kezdem\u00e9nyez\u00e9shez, amely a versenynapt\u00e1r teljes \u00e1talak\u00edt\u00e1s\u00e1t c\u00e9lozza meg.\" \/>\n<meta property=\"og:url\" content=\"https:\/\/www.welovecycling.com\/hu\/orszaguti-kerekpar\/az-uci-fontolgatja-a-versenynaptar-atalakitasat-beleertve-a-paris-roubaix-athelyezeset-is\/\" \/>\n<meta property=\"og:site_name\" content=\"\u0160koda We Love Cycling - Magyarorsz\u00e1g\" \/>\n<meta property=\"article:publisher\" content=\"https:\/\/www.facebook.com\/WeLoveCyclingHungary\/\" \/>\n<meta property=\"article:published_time\" content=\"2023-12-04T06:00:07+00:00\" \/>\n<meta property=\"og:image\" content=\"https:\/\/d2p6e6u75xmxt8.cloudfront.net\/12\/2023\/12\/Paris-Roubaix-Peloton-profimedia-0683509237-CVR.webp\" \/>\n\t<meta property=\"og:image:width\" content=\"990\" \/>\n\t<meta property=\"og:image:height\" content=\"660\" \/>\n\t<meta property=\"og:image:type\" content=\"image\/webp\" \/>\n<meta name=\"author\" content=\"hegyizs\" \/>\n<meta name=\"twitter:card\" content=\"summary_large_image\" \/>\n<meta name=\"twitter:label1\" content=\"Written by\" \/>\n\t<meta name=\"twitter:data1\" content=\"Monica Buck\" \/>\n\t<meta name=\"twitter:label2\" content=\"Est. reading time\" \/>\n\t<meta name=\"twitter:data2\" content=\"3\" \/>\n<script type=\"application\/ld+json\" class=\"yoast-schema-graph\">{\"@context\":\"https:\/\/schema.org\",\"@graph\":[{\"@type\":\"WebPage\",\"@id\":\"https:\/\/www.welovecycling.com\/hu\/orszaguti-kerekpar\/az-uci-fontolgatja-a-versenynaptar-atalakitasat-beleertve-a-paris-roubaix-athelyezeset-is\/\",\"url\":\"https:\/\/www.welovecycling.com\/hu\/orszaguti-kerekpar\/az-uci-fontolgatja-a-versenynaptar-atalakitasat-beleertve-a-paris-roubaix-athelyezeset-is\/\",\"name\":\"Az UCI fontolgatja a versenynapt\u00e1r \u00e1talak\u00edt\u00e1s\u00e1t, bele\u00e9rtve a Paris-Roubaix \u00e1thelyez\u00e9s\u00e9t is\",\"isPartOf\":{\"@id\":\"https:\/\/www.welovecycling.com\/hu\/#website\"},\"primaryImageOfPage\":{\"@id\":\"https:\/\/www.welovecycling.com\/hu\/orszaguti-kerekpar\/az-uci-fontolgatja-a-versenynaptar-atalakitasat-beleertve-a-paris-roubaix-athelyezeset-is\/#primaryimage\"},\"image\":{\"@id\":\"https:\/\/www.welovecycling.com\/hu\/orszaguti-kerekpar\/az-uci-fontolgatja-a-versenynaptar-atalakitasat-beleertve-a-paris-roubaix-athelyezeset-is\/#primaryimage\"},\"thumbnailUrl\":\"https:\/\/d2p6e6u75xmxt8.cloudfront.net\/12\/2023\/12\/Paris-Roubaix-Peloton-profimedia-0683509237-CVR.webp\",\"datePublished\":\"2023-12-04T06:00:07+00:00\",\"author\":{\"@id\":\"https:\/\/www.welovecycling.com\/hu\/#\/schema\/person\/414a2aebf1801691a5320edb6468e194\"},\"description\":\"A WorldTour versenynapt\u00e1r k\u00f6r\u00fcl zajl\u00f3 vit\u00e1k f\u00e9ny\u00e9ben az UCI eln\u00f6ke, David Lappartient elmondta, t\u00e1mogatja a v\u00e1ltoz\u00e1sokat, ide\u00e9rtve a Paris-Roubaix \u00e9s m\u00e1s, hasonl\u00f3an h\u00edres versenyek esetleges okt\u00f3beri id\u0151pontra t\u00f6rt\u00e9n\u0151 \u00e1thelyez\u00e9s\u00e9t. Ez a javaslat illeszkedik az \u00e1tfog\u00f3 One Cycling reform kezdem\u00e9nyez\u00e9shez, amely a versenynapt\u00e1r teljes \u00e1talak\u00edt\u00e1s\u00e1t c\u00e9lozza meg.\",\"breadcrumb\":{\"@id\":\"https:\/\/www.welovecycling.com\/hu\/orszaguti-kerekpar\/az-uci-fontolgatja-a-versenynaptar-atalakitasat-beleertve-a-paris-roubaix-athelyezeset-is\/#breadcrumb\"},\"inLanguage\":\"hu\",\"potentialAction\":[{\"@type\":\"ReadAction\",\"target\":[\"https:\/\/www.welovecycling.com\/hu\/orszaguti-kerekpar\/az-uci-fontolgatja-a-versenynaptar-atalakitasat-beleertve-a-paris-roubaix-athelyezeset-is\/\"]}]},{\"@type\":\"ImageObject\",\"inLanguage\":\"hu\",\"@id\":\"https:\/\/www.welovecycling.com\/hu\/orszaguti-kerekpar\/az-uci-fontolgatja-a-versenynaptar-atalakitasat-beleertve-a-paris-roubaix-athelyezeset-is\/#primaryimage\",\"url\":\"https:\/\/d2p6e6u75xmxt8.cloudfront.net\/12\/2023\/12\/Paris-Roubaix-Peloton-profimedia-0683509237-CVR.webp\",\"contentUrl\":\"https:\/\/d2p6e6u75xmxt8.cloudfront.net\/12\/2023\/12\/Paris-Roubaix-Peloton-profimedia-0683509237-CVR.webp\",\"width\":990,\"height\":660},{\"@type\":\"BreadcrumbList\",\"@id\":\"https:\/\/www.welovecycling.com\/hu\/orszaguti-kerekpar\/az-uci-fontolgatja-a-versenynaptar-atalakitasat-beleertve-a-paris-roubaix-athelyezeset-is\/#breadcrumb\",\"itemListElement\":[{\"@type\":\"ListItem\",\"position\":1,\"name\":\"Home\",\"item\":\"https:\/\/www.welovecycling.com\/hu\/\"},{\"@type\":\"ListItem\",\"position\":2,\"name\":\"Az UCI fontolgatja a versenynapt\u00e1r \u00e1talak\u00edt\u00e1s\u00e1t, bele\u00e9rtve a Paris-Roubaix \u00e1thelyez\u00e9s\u00e9t is\"}]},{\"@type\":\"WebSite\",\"@id\":\"https:\/\/www.welovecycling.com\/hu\/#website\",\"url\":\"https:\/\/www.welovecycling.com\/hu\/\",\"name\":\"\u0160koda We Love Cycling - Magyarorsz\u00e1g\",\"description\":\"\u0160koda WeLoveCycling\",\"potentialAction\":[{\"@type\":\"SearchAction\",\"target\":{\"@type\":\"EntryPoint\",\"urlTemplate\":\"https:\/\/www.welovecycling.com\/hu\/?s={search_term_string}\"},\"query-input\":{\"@type\":\"PropertyValueSpecification\",\"valueRequired\":true,\"valueName\":\"search_term_string\"}}],\"inLanguage\":\"hu\"},{\"@type\":\"Person\",\"@id\":\"https:\/\/www.welovecycling.com\/hu\/#\/schema\/person\/414a2aebf1801691a5320edb6468e194\",\"name\":\"hegyizs\",\"image\":{\"@type\":\"ImageObject\",\"inLanguage\":\"hu\",\"@id\":\"https:\/\/www.welovecycling.com\/hu\/#\/schema\/person\/image\/\",\"url\":\"https:\/\/secure.gravatar.com\/avatar\/02cf8a7906b8cf90cecb4679defac7cfd33a1c2e3b88e4903d947f3bb58eedd3?s=96&d=mm&r=g\",\"contentUrl\":\"https:\/\/secure.gravatar.com\/avatar\/02cf8a7906b8cf90cecb4679defac7cfd33a1c2e3b88e4903d947f3bb58eedd3?s=96&d=mm&r=g\",\"caption\":\"hegyizs\"},\"url\":\"https:\/\/www.welovecycling.com\/hu\/author\/hegyizs\/\"}]}<\/script>\n<!-- \/ Yoast SEO Premium plugin. -->","yoast_head_json":{"title":"Az UCI fontolgatja a versenynapt\u00e1r \u00e1talak\u00edt\u00e1s\u00e1t, bele\u00e9rtve a Paris-Roubaix \u00e1thelyez\u00e9s\u00e9t is","description":"A WorldTour versenynapt\u00e1r k\u00f6r\u00fcl zajl\u00f3 vit\u00e1k f\u00e9ny\u00e9ben az UCI eln\u00f6ke, David Lappartient elmondta, t\u00e1mogatja a v\u00e1ltoz\u00e1sokat, ide\u00e9rtve a Paris-Roubaix \u00e9s m\u00e1s, hasonl\u00f3an h\u00edres versenyek esetleges okt\u00f3beri id\u0151pontra t\u00f6rt\u00e9n\u0151 \u00e1thelyez\u00e9s\u00e9t. Ez a javaslat illeszkedik az \u00e1tfog\u00f3 One Cycling reform kezdem\u00e9nyez\u00e9shez, amely a versenynapt\u00e1r teljes \u00e1talak\u00edt\u00e1s\u00e1t c\u00e9lozza meg.","robots":{"index":"index","follow":"follow","max-snippet":"max-snippet:-1","max-image-preview":"max-image-preview:large","max-video-preview":"max-video-preview:-1"},"canonical":"https:\/\/www.welovecycling.com\/hu\/orszaguti-kerekpar\/az-uci-fontolgatja-a-versenynaptar-atalakitasat-beleertve-a-paris-roubaix-athelyezeset-is\/","og_locale":"hu_HU","og_type":"article","og_title":"Az UCI fontolgatja a versenynapt\u00e1r \u00e1talak\u00edt\u00e1s\u00e1t, bele\u00e9rtve a Paris-Roubaix \u00e1thelyez\u00e9s\u00e9t is","og_description":"A WorldTour versenynapt\u00e1r k\u00f6r\u00fcl zajl\u00f3 vit\u00e1k f\u00e9ny\u00e9ben az UCI eln\u00f6ke, David Lappartient elmondta, t\u00e1mogatja a v\u00e1ltoz\u00e1sokat, ide\u00e9rtve a Paris-Roubaix \u00e9s m\u00e1s, hasonl\u00f3an h\u00edres versenyek esetleges okt\u00f3beri id\u0151pontra t\u00f6rt\u00e9n\u0151 \u00e1thelyez\u00e9s\u00e9t. Ez a javaslat illeszkedik az \u00e1tfog\u00f3 One Cycling reform kezdem\u00e9nyez\u00e9shez, amely a versenynapt\u00e1r teljes \u00e1talak\u00edt\u00e1s\u00e1t c\u00e9lozza meg.","og_url":"https:\/\/www.welovecycling.com\/hu\/orszaguti-kerekpar\/az-uci-fontolgatja-a-versenynaptar-atalakitasat-beleertve-a-paris-roubaix-athelyezeset-is\/","og_site_name":"\u0160koda We Love Cycling - Magyarorsz\u00e1g","article_publisher":"https:\/\/www.facebook.com\/WeLoveCyclingHungary\/","article_published_time":"2023-12-04T06:00:07+00:00","og_image":[{"width":990,"height":660,"url":"https:\/\/d2p6e6u75xmxt8.cloudfront.net\/12\/2023\/12\/Paris-Roubaix-Peloton-profimedia-0683509237-CVR.webp","type":"image\/webp"}],"author":"hegyizs","twitter_card":"summary_large_image","twitter_misc":{"Written by":"Monica Buck","Est. reading time":"3"},"schema":{"@context":"https:\/\/schema.org","@graph":[{"@type":"WebPage","@id":"https:\/\/www.welovecycling.com\/hu\/orszaguti-kerekpar\/az-uci-fontolgatja-a-versenynaptar-atalakitasat-beleertve-a-paris-roubaix-athelyezeset-is\/","url":"https:\/\/www.welovecycling.com\/hu\/orszaguti-kerekpar\/az-uci-fontolgatja-a-versenynaptar-atalakitasat-beleertve-a-paris-roubaix-athelyezeset-is\/","name":"Az UCI fontolgatja a versenynapt\u00e1r \u00e1talak\u00edt\u00e1s\u00e1t, bele\u00e9rtve a Paris-Roubaix \u00e1thelyez\u00e9s\u00e9t is","isPartOf":{"@id":"https:\/\/www.welovecycling.com\/hu\/#website"},"primaryImageOfPage":{"@id":"https:\/\/www.welovecycling.com\/hu\/orszaguti-kerekpar\/az-uci-fontolgatja-a-versenynaptar-atalakitasat-beleertve-a-paris-roubaix-athelyezeset-is\/#primaryimage"},"image":{"@id":"https:\/\/www.welovecycling.com\/hu\/orszaguti-kerekpar\/az-uci-fontolgatja-a-versenynaptar-atalakitasat-beleertve-a-paris-roubaix-athelyezeset-is\/#primaryimage"},"thumbnailUrl":"https:\/\/d2p6e6u75xmxt8.cloudfront.net\/12\/2023\/12\/Paris-Roubaix-Peloton-profimedia-0683509237-CVR.webp","datePublished":"2023-12-04T06:00:07+00:00","author":{"@id":"https:\/\/www.welovecycling.com\/hu\/#\/schema\/person\/414a2aebf1801691a5320edb6468e194"},"description":"A WorldTour versenynapt\u00e1r k\u00f6r\u00fcl zajl\u00f3 vit\u00e1k f\u00e9ny\u00e9ben az UCI eln\u00f6ke, David Lappartient elmondta, t\u00e1mogatja a v\u00e1ltoz\u00e1sokat, ide\u00e9rtve a Paris-Roubaix \u00e9s m\u00e1s, hasonl\u00f3an h\u00edres versenyek esetleges okt\u00f3beri id\u0151pontra t\u00f6rt\u00e9n\u0151 \u00e1thelyez\u00e9s\u00e9t. Ez a javaslat illeszkedik az \u00e1tfog\u00f3 One Cycling reform kezdem\u00e9nyez\u00e9shez, amely a versenynapt\u00e1r teljes \u00e1talak\u00edt\u00e1s\u00e1t c\u00e9lozza meg.","breadcrumb":{"@id":"https:\/\/www.welovecycling.com\/hu\/orszaguti-kerekpar\/az-uci-fontolgatja-a-versenynaptar-atalakitasat-beleertve-a-paris-roubaix-athelyezeset-is\/#breadcrumb"},"inLanguage":"hu","potentialAction":[{"@type":"ReadAction","target":["https:\/\/www.welovecycling.com\/hu\/orszaguti-kerekpar\/az-uci-fontolgatja-a-versenynaptar-atalakitasat-beleertve-a-paris-roubaix-athelyezeset-is\/"]}]},{"@type":"ImageObject","inLanguage":"hu","@id":"https:\/\/www.welovecycling.com\/hu\/orszaguti-kerekpar\/az-uci-fontolgatja-a-versenynaptar-atalakitasat-beleertve-a-paris-roubaix-athelyezeset-is\/#primaryimage","url":"https:\/\/d2p6e6u75xmxt8.cloudfront.net\/12\/2023\/12\/Paris-Roubaix-Peloton-profimedia-0683509237-CVR.webp","contentUrl":"https:\/\/d2p6e6u75xmxt8.cloudfront.net\/12\/2023\/12\/Paris-Roubaix-Peloton-profimedia-0683509237-CVR.webp","width":990,"height":660},{"@type":"BreadcrumbList","@id":"https:\/\/www.welovecycling.com\/hu\/orszaguti-kerekpar\/az-uci-fontolgatja-a-versenynaptar-atalakitasat-beleertve-a-paris-roubaix-athelyezeset-is\/#breadcrumb","itemListElement":[{"@type":"ListItem","position":1,"name":"Home","item":"https:\/\/www.welovecycling.com\/hu\/"},{"@type":"ListItem","position":2,"name":"Az UCI fontolgatja a versenynapt\u00e1r \u00e1talak\u00edt\u00e1s\u00e1t, bele\u00e9rtve a Paris-Roubaix \u00e1thelyez\u00e9s\u00e9t is"}]},{"@type":"WebSite","@id":"https:\/\/www.welovecycling.com\/hu\/#website","url":"https:\/\/www.welovecycling.com\/hu\/","name":"\u0160koda We Love Cycling - Magyarorsz\u00e1g","description":"\u0160koda WeLoveCycling","potentialAction":[{"@type":"SearchAction","target":{"@type":"EntryPoint","urlTemplate":"https:\/\/www.welovecycling.com\/hu\/?s={search_term_string}"},"query-input":{"@type":"PropertyValueSpecification","valueRequired":true,"valueName":"search_term_string"}}],"inLanguage":"hu"},{"@type":"Person","@id":"https:\/\/www.welovecycling.com\/hu\/#\/schema\/person\/414a2aebf1801691a5320edb6468e194","name":"hegyizs","image":{"@type":"ImageObject","inLanguage":"hu","@id":"https:\/\/www.welovecycling.com\/hu\/#\/schema\/person\/image\/","url":"https:\/\/secure.gravatar.com\/avatar\/02cf8a7906b8cf90cecb4679defac7cfd33a1c2e3b88e4903d947f3bb58eedd3?s=96&d=mm&r=g","contentUrl":"https:\/\/secure.gravatar.com\/avatar\/02cf8a7906b8cf90cecb4679defac7cfd33a1c2e3b88e4903d947f3bb58eedd3?s=96&d=mm&r=g","caption":"hegyizs"},"url":"https:\/\/www.welovecycling.com\/hu\/author\/hegyizs\/"}]}},"_links":{"self":[{"href":"https:\/\/www.welovecycling.com\/hu\/wp-json\/wp\/v2\/posts\/18189","targetHints":{"allow":["GET"]}}],"collection":[{"href":"https:\/\/www.welovecycling.com\/hu\/wp-json\/wp\/v2\/posts"}],"about":[{"href":"https:\/\/www.welovecycling.com\/hu\/wp-json\/wp\/v2\/types\/post"}],"author":[{"embeddable":true,"href":"https:\/\/www.welovecycling.com\/hu\/wp-json\/wp\/v2\/users\/71"}],"replies":[{"embeddable":true,"href":"https:\/\/www.welovecycling.com\/hu\/wp-json\/wp\/v2\/comments?post=18189"}],"version-history":[{"count":2,"href":"https:\/\/www.welovecycling.com\/hu\/wp-json\/wp\/v2\/posts\/18189\/revisions"}],"predecessor-version":[{"id":18193,"href":"https:\/\/www.welovecycling.com\/hu\/wp-json\/wp\/v2\/posts\/18189\/revisions\/18193"}],"wp:featuredmedia":[{"embeddable":true,"href":"https:\/\/www.welovecycling.com\/hu\/wp-json\/wp\/v2\/media\/18192"}],"wp:attachment":[{"href":"https:\/\/www.welovecycling.com\/hu\/wp-json\/wp\/v2\/media?parent=18189"}],"wp:term":[{"taxonomy":"category","embeddable":true,"href":"https:\/\/www.welovecycling.com\/hu\/wp-json\/wp\/v2\/categories?post=18189"},{"taxonomy":"post_tag","embeddable":true,"href":"https:\/\/www.welovecycling.com\/hu\/wp-json\/wp\/v2\/tags?post=18189"},{"taxonomy":"global-categories","embeddable":true,"href":"https:\/\/www.welovecycling.com\/hu\/wp-json\/wp\/v2\/global-categories?post=18189"}],"curies":[{"name":"wp","href":"https:\/\/api.w.org\/{rel}","templated":true}]}}