{"id":18182,"date":"2023-12-01T14:23:04","date_gmt":"2023-12-01T12:23:04","guid":{"rendered":"https:\/\/www.welovecycling.com\/hu\/?p=18182"},"modified":"2023-12-01T14:25:11","modified_gmt":"2023-12-01T12:25:11","slug":"van-der-poel-bealdozhatja-a-jovo-evi-tourt-az-olimpiaert-a-2025-os-nagy-rajt-lille-ben-lesz","status":"publish","type":"post","link":"https:\/\/www.welovecycling.com\/hu\/orszaguti-kerekpar\/van-der-poel-bealdozhatja-a-jovo-evi-tourt-az-olimpiaert-a-2025-os-nagy-rajt-lille-ben-lesz\/","title":{"rendered":"Van der Poel be\u00e1ldozhatja a j\u00f6v\u0151 \u00e9vi Tourt az olimpi\u00e1\u00e9rt, a 2025-\u00f6s Nagy Rajt Lille-ben lesz"},"content":{"rendered":"<p><strong>A szervez\u0151ket \u00e9s a versenyz\u0151ket is izgalmas kih\u00edv\u00e1sok el\u00e9 \u00e1ll\u00edtja a 2024-es p\u00e1rizsi olimpia \u00e9s a Francia k\u00f6rverseny k\u00f6zels\u00e9ge. <\/strong><!--more--><\/p>\n<p>Mi is t\u00f6bbsz\u00f6r fejtegett\u00fck m\u00e1r, hogy a j\u00f6v\u0151 \u00e9vi p\u00e1rizsi ny\u00e1ri j\u00e1t\u00e9kok miatt a 2024-es Tour de France t\u00f6bb szempontb\u00f3l is rendhagy\u00f3 lesz, p\u00e9ld\u00e1ul az id\u0151- \u00e9s t\u00e9rbeli k\u00f6zels\u00e9g miatt kiv\u00e9telesen nem a francia f\u0151v\u00e1rosban, a Champs \u00c9lys\u00e9es-n lesz a k\u00f6rverseny befut\u00f3ja, hanem az utols\u00f3 szakaszt Nizz\u00e1ba viszik \u00e1t.<\/p>\n<p>Ezek a kih\u00edv\u00e1sok ugyanakkor a versenyz\u0151ket is megoldand\u00f3 feladv\u00e1nyok el\u00e9 \u00e1ll\u00edtj\u00e1k. A Tour ugyanis j\u00falius 21-\u00e9n z\u00e1rul majd a francia rivi\u00e9r\u00e1n, m\u00edg az olimpia ker\u00e9kp\u00e1rossz\u00e1mai kevesebb, mint egy h\u00e9ttel k\u00e9s\u0151bb, j\u00falius 27-\u00e9n rajtolnak el a f\u0151v\u00e1rosban \u2013 a mindk\u00e9t f\u0151versenyen indulni sz\u00e1nd\u00e9koz\u00f3knak teh\u00e1t roppant kev\u00e9s idej\u00fck marad az \u00e1t\u00e1ll\u00e1sra, logisztik\u00e1z\u00e1sra, regener\u00e1ci\u00f3ra. Ez legink\u00e1bb Mathieu van der Poelt \u00e9rinti, aki az olimpi\u00e1n t\u00f6bb szak\u00e1gban is nagyon komoly es\u00e9lyekkel \u00e1ll rajthoz. Az ezeroldal\u00fa holland zseni mountain bike- \u00e9s orsz\u00e1g\u00fati vil\u00e1gbajnokk\u00e9nt \u00e9rkezik majd meg a p\u00e1rizsi j\u00e1t\u00e9kokra, \u00e9s legal\u00e1bb az egyikben mindenk\u00e9ppen szeretn\u00e9 megszerezni az \u00f6tkarik\u00e1s arany\u00e9rmet is. F\u0151 priorit\u00e1sk\u00e9nt el\u0151zetesen a hegyiker\u00e9kp\u00e1rt jel\u00f6lte meg, amelyet m\u00e1r Toki\u00f3ban is nagyon szeretett volna megnyerni, \u00e1m egy eml\u00e9kezetes buk\u00e1s (kivettek egy r\u00e1mp\u00e1t a p\u00e1ly\u00e1r\u00f3l) r\u00f6gt\u00f6n az els\u0151 k\u00f6rben megfosztotta \u00e1lmait\u00f3l \u2013 \u00edgy v\u00e9g\u00fcl Tom Pidcock \u00f6r\u00fclhetett a dobog\u00f3 tetej\u00e9n, aki P\u00e1rizsban is van der Poel egyik f\u0151 riv\u00e1lis\u00e1nak sz\u00e1m\u00edt majd, hiszen az olimpiai c\u00edmv\u00e9d\u00e9s kimondott sz\u00e1nd\u00e9k\u00e1val \u00e1ll majd rajthoz a hegyen.<\/p>\n<figure id=\"attachment_18183\" aria-describedby=\"caption-attachment-18183\" style=\"width: 1000px\" class=\"wp-caption alignnone\"><img loading=\"lazy\" decoding=\"async\" class=\"size-full wp-image-18183\" src=\"https:\/\/d2p6e6u75xmxt8.cloudfront.net\/12\/2023\/12\/mvdp-tokyo-mtb.webp\" alt=\"\" width=\"1000\" height=\"750\" srcset=\"https:\/\/d2p6e6u75xmxt8.cloudfront.net\/12\/2023\/12\/mvdp-tokyo-mtb.webp 1000w, https:\/\/d2p6e6u75xmxt8.cloudfront.net\/12\/2023\/12\/mvdp-tokyo-mtb-300x225.webp 300w, https:\/\/d2p6e6u75xmxt8.cloudfront.net\/12\/2023\/12\/mvdp-tokyo-mtb-768x576.webp 768w, https:\/\/d2p6e6u75xmxt8.cloudfront.net\/12\/2023\/12\/mvdp-tokyo-mtb-400x300.webp 400w\" sizes=\"auto, (max-width: 1000px) 100vw, 1000px\" \/><figcaption id=\"caption-attachment-18183\" class=\"wp-caption-text\">Mathieu van der Poel \u00f3ri\u00e1si bukott Toki\u00f3ban, s\u00e9r\u00fcl\u00e9se megfosztotta olimpiai \u00e9rem\u00e1lmait\u00f3l (fot\u00f3: JASPER JACOBS\/BELGA MAG\/AFP via Getty Images)<\/figcaption><\/figure>\n<p>Az olimpiai MTB-verseny m\u00e1rpedig j\u00falius 29-\u00e9re esik majd, ami alig 8 nappal a Tour-z\u00e1r\u00e1s ut\u00e1n esed\u00e9kes, ilyen r\u00f6vid id\u0151 pedig kock\u00e1zatoss\u00e1 teszi az \u00e1t\u00e1ll\u00e1st az aszfaltr\u00f3l a hegyi terepre \u2013 m\u00e9g egy ekkora klasszisnak is, mint amilyen van der Poel. A holland mountain bike-v\u00e1logatott edz\u0151je, Gerben de Knegt \u00edgy jelz\u00e9s\u00e9rt\u00e9kkel m\u00e1ris azt fejtegette az egyik belga lapnak adott interj\u00faj\u00e1ban, hogy az volna az optim\u00e1lis, ha van der Poel legk\u00e9s\u0151bb j\u00falius 7-\u00e9n, a Tour de France 9., murv\u00e1s troyes-i etapja ut\u00e1n befejezn\u00e9 a francia k\u00f6rversenyt, \u00e9s \u00e1tutazna P\u00e1rizsba, \u00edgy jutna elegend\u0151 ideje (kereken h\u00e1rom hete) a regener\u00e1ci\u00f3ra, az \u00e1t\u00e1ll\u00e1sra \u00e9s a p\u00e1lyabej\u00e1r\u00e1sra. A holland extraklasszis egy\u00e9bk\u00e9nt az MTB-verseny eredm\u00e9ny\u00e9t\u0151l f\u00fcggetlen\u00fcl az orsz\u00e1g\u00fati mez\u0151nyversenyben is rajthoz szeretne \u00e1llni, \u00e9s vil\u00e1gbajnoki c\u00edmv\u00e9d\u0151k\u00e9nt nyilv\u00e1n itt sem lenne es\u00e9lytelen, azzal egy\u00fctt sem, hogy a menetrend fesz\u00edtett lesz, illetve hogy a hegyi terep nem felt\u00e9tlen\u00fcl a legjobb felk\u00e9sz\u00fcl\u00e9s az aszfaltra.<\/p>\n<figure style=\"width: 1024px\" class=\"wp-caption alignnone\"><img loading=\"lazy\" decoding=\"async\" class=\"wp-image-18184 size-large\" src=\"https:\/\/d2p6e6u75xmxt8.cloudfront.net\/12\/2023\/12\/PYU4bGECK2mtgzv25BXLJZ-1024x683.webp\" alt=\"\" width=\"1024\" height=\"683\" srcset=\"https:\/\/d2p6e6u75xmxt8.cloudfront.net\/12\/2023\/12\/PYU4bGECK2mtgzv25BXLJZ-1024x683.webp 1024w, https:\/\/d2p6e6u75xmxt8.cloudfront.net\/12\/2023\/12\/PYU4bGECK2mtgzv25BXLJZ-300x200.webp 300w, https:\/\/d2p6e6u75xmxt8.cloudfront.net\/12\/2023\/12\/PYU4bGECK2mtgzv25BXLJZ-768x512.webp 768w, https:\/\/d2p6e6u75xmxt8.cloudfront.net\/12\/2023\/12\/PYU4bGECK2mtgzv25BXLJZ-400x267.webp 400w, https:\/\/d2p6e6u75xmxt8.cloudfront.net\/12\/2023\/12\/PYU4bGECK2mtgzv25BXLJZ-272x182.webp 272w, https:\/\/d2p6e6u75xmxt8.cloudfront.net\/12\/2023\/12\/PYU4bGECK2mtgzv25BXLJZ.webp 1200w\" sizes=\"auto, (max-width: 1024px) 100vw, 1024px\" \/><figcaption class=\"wp-caption-text\">Az orsz\u00e1g\u00faton is vil\u00e1gbajnoki c\u00edmv\u00e9d\u0151 holland extraklasszis az olimpi\u00e1n is alak\u00edtana aszfalton (fot\u00f3: JASPER JACOBS\/BELGA MAG\/AFP via Getty Images)<\/figcaption><\/figure>\n<p>&nbsp;<\/p>\n<\/div>\n<p>Sok teh\u00e1t a k\u00e9rd\u0151jel \u00e9s a bizonytalans\u00e1g 2024 nyara k\u00f6r\u00fcl, ehhez k\u00e9pest a Tour f\u0151szervez\u0151i m\u00e1ris m\u00e9g el\u0151r\u00e9bb tekintenek, \u00e9s cs\u00fct\u00f6rt\u00f6k\u00f6n m\u00e1r a 2025-\u00f6s \u00fatvonal els\u0151 \u201eh\u00e1rom \u00e9s f\u00e9l\u201d szakasz\u00e1t is leleplezt\u00e9k, \u00e9szakr\u00f3l indul majd \u00fatj\u00e1ra a h\u00e1romhetes karav\u00e1n. A Grand D\u00e9part-nak, vagyis a francia Nagy Rajtnak m\u00e1sf\u00e9l \u00e9v m\u00falva Lille v\u00e1rosa ad majd otthont j\u00falius 5-\u00e9n, a m\u00e1sodik szakasz a Lauwin-Planque \u00e9s Boulogne-sur-Mer k\u00f6z\u00f6tti hossz\u00fa, 209 km-es t\u00e1v lesz, a harmadik pedig Valenciennes \u00e9s Dunkerque k\u00f6z\u00f6tt. A negyedik napon Amiens-b\u0151l indul a mez\u0151ny, a t\u00f6bbi azonban egyel\u0151re titok \u2013 \u00e9s m\u00e9g j\u00f3 darabig az is marad, a teljes 2025-\u00f6s \u00fatvonalbemutat\u00f3t ugyanis csak j\u00f6v\u0151re \u00edg\u00e9rik Christian Prudhomme versenyigazgat\u00f3\u00e9k.<\/p>\n<figure id=\"attachment_18186\" aria-describedby=\"caption-attachment-18186\" style=\"width: 1024px\" class=\"wp-caption alignnone\"><img loading=\"lazy\" decoding=\"async\" class=\"size-large wp-image-18186\" src=\"https:\/\/d2p6e6u75xmxt8.cloudfront.net\/12\/2023\/12\/Tour_France_2025-1024x512.webp\" alt=\"\" width=\"1024\" height=\"512\" srcset=\"https:\/\/d2p6e6u75xmxt8.cloudfront.net\/12\/2023\/12\/Tour_France_2025-1024x512.webp 1024w, https:\/\/d2p6e6u75xmxt8.cloudfront.net\/12\/2023\/12\/Tour_France_2025-300x150.webp 300w, https:\/\/d2p6e6u75xmxt8.cloudfront.net\/12\/2023\/12\/Tour_France_2025-768x384.webp 768w, https:\/\/d2p6e6u75xmxt8.cloudfront.net\/12\/2023\/12\/Tour_France_2025-400x200.webp 400w, https:\/\/d2p6e6u75xmxt8.cloudfront.net\/12\/2023\/12\/Tour_France_2025.webp 1200w\" sizes=\"auto, (max-width: 1024px) 100vw, 1024px\" \/><figcaption id=\"caption-attachment-18186\" class=\"wp-caption-text\">A 2025-\u00f6s Tour de France els\u0151 \u201eh\u00e1rom \u00e9s f\u00e9l\u201d, \u00e9szaki szakasza (forr\u00e1s: hautsdefrance.fr)<\/figcaption><\/figure>\n<p><em>Bor\u00edt\u00f3k\u00e9p: Dan Istitene\/Getty Images<\/em><\/p>\n","protected":false},"excerpt":{"rendered":"<p>A szervez\u0151ket \u00e9s a versenyz\u0151ket is izgalmas kih\u00edv\u00e1sok el\u00e9 \u00e1ll\u00edtja a 2024-es p\u00e1rizsi olimpia \u00e9s a Francia k\u00f6rverseny k\u00f6zels\u00e9ge.<\/p>\n","protected":false},"author":71,"featured_media":18185,"comment_status":"open","ping_status":"open","sticky":false,"template":"","format":"standard","meta":{"footnotes":""},"categories":[8],"tags":[],"global-categories":[419],"class_list":["post-18182","post","type-post","status-publish","format-standard","has-post-thumbnail","hentry","category-orszaguti-kerekpar","global-categories-cycling"],"yoast_head":"<!-- This site is optimized with the Yoast SEO Premium plugin v25.3 (Yoast SEO v25.9) - https:\/\/yoast.com\/wordpress\/plugins\/seo\/ -->\n<title>Van der Poel be\u00e1ldozhatja a j\u00f6v\u0151 \u00e9vi Tourt az olimpi\u00e1\u00e9rt, a 2025-\u00f6s Nagy Rajt Lille-ben lesz<\/title>\n<meta name=\"description\" content=\"A szervez\u0151ket \u00e9s a versenyz\u0151ket is izgalmas kih\u00edv\u00e1sok el\u00e9 \u00e1ll\u00edtja a 2024-es p\u00e1rizsi olimpia \u00e9s a Francia k\u00f6rverseny k\u00f6zels\u00e9ge.\" \/>\n<meta name=\"robots\" content=\"index, follow, max-snippet:-1, max-image-preview:large, max-video-preview:-1\" \/>\n<link rel=\"canonical\" href=\"https:\/\/www.welovecycling.com\/hu\/orszaguti-kerekpar\/van-der-poel-bealdozhatja-a-jovo-evi-tourt-az-olimpiaert-a-2025-os-nagy-rajt-lille-ben-lesz\/\" \/>\n<meta property=\"og:locale\" content=\"hu_HU\" \/>\n<meta property=\"og:type\" content=\"article\" \/>\n<meta property=\"og:title\" content=\"Van der Poel be\u00e1ldozhatja a j\u00f6v\u0151 \u00e9vi Tourt az olimpi\u00e1\u00e9rt, a 2025-\u00f6s Nagy Rajt Lille-ben lesz\" \/>\n<meta property=\"og:description\" content=\"A szervez\u0151ket \u00e9s a versenyz\u0151ket is izgalmas kih\u00edv\u00e1sok el\u00e9 \u00e1ll\u00edtja a 2024-es p\u00e1rizsi olimpia \u00e9s a Francia k\u00f6rverseny k\u00f6zels\u00e9ge.\" \/>\n<meta property=\"og:url\" content=\"https:\/\/www.welovecycling.com\/hu\/orszaguti-kerekpar\/van-der-poel-bealdozhatja-a-jovo-evi-tourt-az-olimpiaert-a-2025-os-nagy-rajt-lille-ben-lesz\/\" \/>\n<meta property=\"og:site_name\" content=\"\u0160koda We Love Cycling - Magyarorsz\u00e1g\" \/>\n<meta property=\"article:publisher\" content=\"https:\/\/www.facebook.com\/WeLoveCyclingHungary\/\" \/>\n<meta property=\"article:published_time\" content=\"2023-12-01T12:23:04+00:00\" \/>\n<meta property=\"article:modified_time\" content=\"2023-12-01T12:25:11+00:00\" \/>\n<meta property=\"og:image\" content=\"https:\/\/d2p6e6u75xmxt8.cloudfront.net\/12\/2023\/12\/QBKJtKcTZ8FJ4jHDg7NWYe-1200-80.webp\" \/>\n\t<meta property=\"og:image:width\" content=\"1024\" \/>\n\t<meta property=\"og:image:height\" content=\"683\" \/>\n\t<meta property=\"og:image:type\" content=\"image\/webp\" \/>\n<meta name=\"author\" content=\"hegyizs\" \/>\n<meta name=\"twitter:card\" content=\"summary_large_image\" \/>\n<meta name=\"twitter:label1\" content=\"Written by\" \/>\n\t<meta name=\"twitter:data1\" content=\"WLC\" \/>\n\t<meta name=\"twitter:label2\" content=\"Est. reading time\" \/>\n\t<meta name=\"twitter:data2\" content=\"4 minutes\" \/>\n<script type=\"application\/ld+json\" class=\"yoast-schema-graph\">{\"@context\":\"https:\/\/schema.org\",\"@graph\":[{\"@type\":\"WebPage\",\"@id\":\"https:\/\/www.welovecycling.com\/hu\/orszaguti-kerekpar\/van-der-poel-bealdozhatja-a-jovo-evi-tourt-az-olimpiaert-a-2025-os-nagy-rajt-lille-ben-lesz\/\",\"url\":\"https:\/\/www.welovecycling.com\/hu\/orszaguti-kerekpar\/van-der-poel-bealdozhatja-a-jovo-evi-tourt-az-olimpiaert-a-2025-os-nagy-rajt-lille-ben-lesz\/\",\"name\":\"Van der Poel be\u00e1ldozhatja a j\u00f6v\u0151 \u00e9vi Tourt az olimpi\u00e1\u00e9rt, a 2025-\u00f6s Nagy Rajt Lille-ben lesz\",\"isPartOf\":{\"@id\":\"https:\/\/www.welovecycling.com\/hu\/#website\"},\"primaryImageOfPage\":{\"@id\":\"https:\/\/www.welovecycling.com\/hu\/orszaguti-kerekpar\/van-der-poel-bealdozhatja-a-jovo-evi-tourt-az-olimpiaert-a-2025-os-nagy-rajt-lille-ben-lesz\/#primaryimage\"},\"image\":{\"@id\":\"https:\/\/www.welovecycling.com\/hu\/orszaguti-kerekpar\/van-der-poel-bealdozhatja-a-jovo-evi-tourt-az-olimpiaert-a-2025-os-nagy-rajt-lille-ben-lesz\/#primaryimage\"},\"thumbnailUrl\":\"https:\/\/d2p6e6u75xmxt8.cloudfront.net\/12\/2023\/12\/QBKJtKcTZ8FJ4jHDg7NWYe-1200-80.webp\",\"datePublished\":\"2023-12-01T12:23:04+00:00\",\"dateModified\":\"2023-12-01T12:25:11+00:00\",\"author\":{\"@id\":\"https:\/\/www.welovecycling.com\/hu\/#\/schema\/person\/414a2aebf1801691a5320edb6468e194\"},\"description\":\"A szervez\u0151ket \u00e9s a versenyz\u0151ket is izgalmas kih\u00edv\u00e1sok el\u00e9 \u00e1ll\u00edtja a 2024-es p\u00e1rizsi olimpia \u00e9s a Francia k\u00f6rverseny k\u00f6zels\u00e9ge.\",\"breadcrumb\":{\"@id\":\"https:\/\/www.welovecycling.com\/hu\/orszaguti-kerekpar\/van-der-poel-bealdozhatja-a-jovo-evi-tourt-az-olimpiaert-a-2025-os-nagy-rajt-lille-ben-lesz\/#breadcrumb\"},\"inLanguage\":\"hu\",\"potentialAction\":[{\"@type\":\"ReadAction\",\"target\":[\"https:\/\/www.welovecycling.com\/hu\/orszaguti-kerekpar\/van-der-poel-bealdozhatja-a-jovo-evi-tourt-az-olimpiaert-a-2025-os-nagy-rajt-lille-ben-lesz\/\"]}]},{\"@type\":\"ImageObject\",\"inLanguage\":\"hu\",\"@id\":\"https:\/\/www.welovecycling.com\/hu\/orszaguti-kerekpar\/van-der-poel-bealdozhatja-a-jovo-evi-tourt-az-olimpiaert-a-2025-os-nagy-rajt-lille-ben-lesz\/#primaryimage\",\"url\":\"https:\/\/d2p6e6u75xmxt8.cloudfront.net\/12\/2023\/12\/QBKJtKcTZ8FJ4jHDg7NWYe-1200-80.webp\",\"contentUrl\":\"https:\/\/d2p6e6u75xmxt8.cloudfront.net\/12\/2023\/12\/QBKJtKcTZ8FJ4jHDg7NWYe-1200-80.webp\",\"width\":1024,\"height\":683},{\"@type\":\"BreadcrumbList\",\"@id\":\"https:\/\/www.welovecycling.com\/hu\/orszaguti-kerekpar\/van-der-poel-bealdozhatja-a-jovo-evi-tourt-az-olimpiaert-a-2025-os-nagy-rajt-lille-ben-lesz\/#breadcrumb\",\"itemListElement\":[{\"@type\":\"ListItem\",\"position\":1,\"name\":\"Home\",\"item\":\"https:\/\/www.welovecycling.com\/hu\/\"},{\"@type\":\"ListItem\",\"position\":2,\"name\":\"Van der Poel be\u00e1ldozhatja a j\u00f6v\u0151 \u00e9vi Tourt az olimpi\u00e1\u00e9rt, a 2025-\u00f6s Nagy Rajt Lille-ben lesz\"}]},{\"@type\":\"WebSite\",\"@id\":\"https:\/\/www.welovecycling.com\/hu\/#website\",\"url\":\"https:\/\/www.welovecycling.com\/hu\/\",\"name\":\"\u0160koda We Love Cycling - Magyarorsz\u00e1g\",\"description\":\"\u0160koda WeLoveCycling\",\"potentialAction\":[{\"@type\":\"SearchAction\",\"target\":{\"@type\":\"EntryPoint\",\"urlTemplate\":\"https:\/\/www.welovecycling.com\/hu\/?s={search_term_string}\"},\"query-input\":{\"@type\":\"PropertyValueSpecification\",\"valueRequired\":true,\"valueName\":\"search_term_string\"}}],\"inLanguage\":\"hu\"},{\"@type\":\"Person\",\"@id\":\"https:\/\/www.welovecycling.com\/hu\/#\/schema\/person\/414a2aebf1801691a5320edb6468e194\",\"name\":\"hegyizs\",\"image\":{\"@type\":\"ImageObject\",\"inLanguage\":\"hu\",\"@id\":\"https:\/\/www.welovecycling.com\/hu\/#\/schema\/person\/image\/\",\"url\":\"https:\/\/secure.gravatar.com\/avatar\/02cf8a7906b8cf90cecb4679defac7cfd33a1c2e3b88e4903d947f3bb58eedd3?s=96&d=mm&r=g\",\"contentUrl\":\"https:\/\/secure.gravatar.com\/avatar\/02cf8a7906b8cf90cecb4679defac7cfd33a1c2e3b88e4903d947f3bb58eedd3?s=96&d=mm&r=g\",\"caption\":\"hegyizs\"},\"url\":\"https:\/\/www.welovecycling.com\/hu\/author\/hegyizs\/\"}]}<\/script>\n<!-- \/ Yoast SEO Premium plugin. -->","yoast_head_json":{"title":"Van der Poel be\u00e1ldozhatja a j\u00f6v\u0151 \u00e9vi Tourt az olimpi\u00e1\u00e9rt, a 2025-\u00f6s Nagy Rajt Lille-ben lesz","description":"A szervez\u0151ket \u00e9s a versenyz\u0151ket is izgalmas kih\u00edv\u00e1sok el\u00e9 \u00e1ll\u00edtja a 2024-es p\u00e1rizsi olimpia \u00e9s a Francia k\u00f6rverseny k\u00f6zels\u00e9ge.","robots":{"index":"index","follow":"follow","max-snippet":"max-snippet:-1","max-image-preview":"max-image-preview:large","max-video-preview":"max-video-preview:-1"},"canonical":"https:\/\/www.welovecycling.com\/hu\/orszaguti-kerekpar\/van-der-poel-bealdozhatja-a-jovo-evi-tourt-az-olimpiaert-a-2025-os-nagy-rajt-lille-ben-lesz\/","og_locale":"hu_HU","og_type":"article","og_title":"Van der Poel be\u00e1ldozhatja a j\u00f6v\u0151 \u00e9vi Tourt az olimpi\u00e1\u00e9rt, a 2025-\u00f6s Nagy Rajt Lille-ben lesz","og_description":"A szervez\u0151ket \u00e9s a versenyz\u0151ket is izgalmas kih\u00edv\u00e1sok el\u00e9 \u00e1ll\u00edtja a 2024-es p\u00e1rizsi olimpia \u00e9s a Francia k\u00f6rverseny k\u00f6zels\u00e9ge.","og_url":"https:\/\/www.welovecycling.com\/hu\/orszaguti-kerekpar\/van-der-poel-bealdozhatja-a-jovo-evi-tourt-az-olimpiaert-a-2025-os-nagy-rajt-lille-ben-lesz\/","og_site_name":"\u0160koda We Love Cycling - Magyarorsz\u00e1g","article_publisher":"https:\/\/www.facebook.com\/WeLoveCyclingHungary\/","article_published_time":"2023-12-01T12:23:04+00:00","article_modified_time":"2023-12-01T12:25:11+00:00","og_image":[{"width":1024,"height":683,"url":"https:\/\/d2p6e6u75xmxt8.cloudfront.net\/12\/2023\/12\/QBKJtKcTZ8FJ4jHDg7NWYe-1200-80.webp","type":"image\/webp"}],"author":"hegyizs","twitter_card":"summary_large_image","twitter_misc":{"Written by":"WLC","Est. reading time":"4 minutes"},"schema":{"@context":"https:\/\/schema.org","@graph":[{"@type":"WebPage","@id":"https:\/\/www.welovecycling.com\/hu\/orszaguti-kerekpar\/van-der-poel-bealdozhatja-a-jovo-evi-tourt-az-olimpiaert-a-2025-os-nagy-rajt-lille-ben-lesz\/","url":"https:\/\/www.welovecycling.com\/hu\/orszaguti-kerekpar\/van-der-poel-bealdozhatja-a-jovo-evi-tourt-az-olimpiaert-a-2025-os-nagy-rajt-lille-ben-lesz\/","name":"Van der Poel be\u00e1ldozhatja a j\u00f6v\u0151 \u00e9vi Tourt az olimpi\u00e1\u00e9rt, a 2025-\u00f6s Nagy Rajt Lille-ben lesz","isPartOf":{"@id":"https:\/\/www.welovecycling.com\/hu\/#website"},"primaryImageOfPage":{"@id":"https:\/\/www.welovecycling.com\/hu\/orszaguti-kerekpar\/van-der-poel-bealdozhatja-a-jovo-evi-tourt-az-olimpiaert-a-2025-os-nagy-rajt-lille-ben-lesz\/#primaryimage"},"image":{"@id":"https:\/\/www.welovecycling.com\/hu\/orszaguti-kerekpar\/van-der-poel-bealdozhatja-a-jovo-evi-tourt-az-olimpiaert-a-2025-os-nagy-rajt-lille-ben-lesz\/#primaryimage"},"thumbnailUrl":"https:\/\/d2p6e6u75xmxt8.cloudfront.net\/12\/2023\/12\/QBKJtKcTZ8FJ4jHDg7NWYe-1200-80.webp","datePublished":"2023-12-01T12:23:04+00:00","dateModified":"2023-12-01T12:25:11+00:00","author":{"@id":"https:\/\/www.welovecycling.com\/hu\/#\/schema\/person\/414a2aebf1801691a5320edb6468e194"},"description":"A szervez\u0151ket \u00e9s a versenyz\u0151ket is izgalmas kih\u00edv\u00e1sok el\u00e9 \u00e1ll\u00edtja a 2024-es p\u00e1rizsi olimpia \u00e9s a Francia k\u00f6rverseny k\u00f6zels\u00e9ge.","breadcrumb":{"@id":"https:\/\/www.welovecycling.com\/hu\/orszaguti-kerekpar\/van-der-poel-bealdozhatja-a-jovo-evi-tourt-az-olimpiaert-a-2025-os-nagy-rajt-lille-ben-lesz\/#breadcrumb"},"inLanguage":"hu","potentialAction":[{"@type":"ReadAction","target":["https:\/\/www.welovecycling.com\/hu\/orszaguti-kerekpar\/van-der-poel-bealdozhatja-a-jovo-evi-tourt-az-olimpiaert-a-2025-os-nagy-rajt-lille-ben-lesz\/"]}]},{"@type":"ImageObject","inLanguage":"hu","@id":"https:\/\/www.welovecycling.com\/hu\/orszaguti-kerekpar\/van-der-poel-bealdozhatja-a-jovo-evi-tourt-az-olimpiaert-a-2025-os-nagy-rajt-lille-ben-lesz\/#primaryimage","url":"https:\/\/d2p6e6u75xmxt8.cloudfront.net\/12\/2023\/12\/QBKJtKcTZ8FJ4jHDg7NWYe-1200-80.webp","contentUrl":"https:\/\/d2p6e6u75xmxt8.cloudfront.net\/12\/2023\/12\/QBKJtKcTZ8FJ4jHDg7NWYe-1200-80.webp","width":1024,"height":683},{"@type":"BreadcrumbList","@id":"https:\/\/www.welovecycling.com\/hu\/orszaguti-kerekpar\/van-der-poel-bealdozhatja-a-jovo-evi-tourt-az-olimpiaert-a-2025-os-nagy-rajt-lille-ben-lesz\/#breadcrumb","itemListElement":[{"@type":"ListItem","position":1,"name":"Home","item":"https:\/\/www.welovecycling.com\/hu\/"},{"@type":"ListItem","position":2,"name":"Van der Poel be\u00e1ldozhatja a j\u00f6v\u0151 \u00e9vi Tourt az olimpi\u00e1\u00e9rt, a 2025-\u00f6s Nagy Rajt Lille-ben lesz"}]},{"@type":"WebSite","@id":"https:\/\/www.welovecycling.com\/hu\/#website","url":"https:\/\/www.welovecycling.com\/hu\/","name":"\u0160koda We Love Cycling - Magyarorsz\u00e1g","description":"\u0160koda WeLoveCycling","potentialAction":[{"@type":"SearchAction","target":{"@type":"EntryPoint","urlTemplate":"https:\/\/www.welovecycling.com\/hu\/?s={search_term_string}"},"query-input":{"@type":"PropertyValueSpecification","valueRequired":true,"valueName":"search_term_string"}}],"inLanguage":"hu"},{"@type":"Person","@id":"https:\/\/www.welovecycling.com\/hu\/#\/schema\/person\/414a2aebf1801691a5320edb6468e194","name":"hegyizs","image":{"@type":"ImageObject","inLanguage":"hu","@id":"https:\/\/www.welovecycling.com\/hu\/#\/schema\/person\/image\/","url":"https:\/\/secure.gravatar.com\/avatar\/02cf8a7906b8cf90cecb4679defac7cfd33a1c2e3b88e4903d947f3bb58eedd3?s=96&d=mm&r=g","contentUrl":"https:\/\/secure.gravatar.com\/avatar\/02cf8a7906b8cf90cecb4679defac7cfd33a1c2e3b88e4903d947f3bb58eedd3?s=96&d=mm&r=g","caption":"hegyizs"},"url":"https:\/\/www.welovecycling.com\/hu\/author\/hegyizs\/"}]}},"_links":{"self":[{"href":"https:\/\/www.welovecycling.com\/hu\/wp-json\/wp\/v2\/posts\/18182","targetHints":{"allow":["GET"]}}],"collection":[{"href":"https:\/\/www.welovecycling.com\/hu\/wp-json\/wp\/v2\/posts"}],"about":[{"href":"https:\/\/www.welovecycling.com\/hu\/wp-json\/wp\/v2\/types\/post"}],"author":[{"embeddable":true,"href":"https:\/\/www.welovecycling.com\/hu\/wp-json\/wp\/v2\/users\/71"}],"replies":[{"embeddable":true,"href":"https:\/\/www.welovecycling.com\/hu\/wp-json\/wp\/v2\/comments?post=18182"}],"version-history":[{"count":2,"href":"https:\/\/www.welovecycling.com\/hu\/wp-json\/wp\/v2\/posts\/18182\/revisions"}],"predecessor-version":[{"id":18188,"href":"https:\/\/www.welovecycling.com\/hu\/wp-json\/wp\/v2\/posts\/18182\/revisions\/18188"}],"wp:featuredmedia":[{"embeddable":true,"href":"https:\/\/www.welovecycling.com\/hu\/wp-json\/wp\/v2\/media\/18185"}],"wp:attachment":[{"href":"https:\/\/www.welovecycling.com\/hu\/wp-json\/wp\/v2\/media?parent=18182"}],"wp:term":[{"taxonomy":"category","embeddable":true,"href":"https:\/\/www.welovecycling.com\/hu\/wp-json\/wp\/v2\/categories?post=18182"},{"taxonomy":"post_tag","embeddable":true,"href":"https:\/\/www.welovecycling.com\/hu\/wp-json\/wp\/v2\/tags?post=18182"},{"taxonomy":"global-categories","embeddable":true,"href":"https:\/\/www.welovecycling.com\/hu\/wp-json\/wp\/v2\/global-categories?post=18182"}],"curies":[{"name":"wp","href":"https:\/\/api.w.org\/{rel}","templated":true}]}}