{"id":18172,"date":"2023-11-26T08:00:28","date_gmt":"2023-11-26T06:00:28","guid":{"rendered":"https:\/\/www.welovecycling.com\/hu\/?p=18172"},"modified":"2023-11-24T15:54:54","modified_gmt":"2023-11-24T13:54:54","slug":"ritka-mint-a-nippon-sarkany-japan-profi-orszagutis-az-ef-worldtour-csapataban","status":"publish","type":"post","link":"https:\/\/www.welovecycling.com\/hu\/orszaguti-kerekpar\/ritka-mint-a-nippon-sarkany-japan-profi-orszagutis-az-ef-worldtour-csapataban\/","title":{"rendered":"Ritka, mint a nippon s\u00e1rk\u00e1ny: jap\u00e1n profi orsz\u00e1g\u00fatis az EF WorldTour-csapat\u00e1ban"},"content":{"rendered":"<p><strong>A fiatal Todome Juhi a m\u00e1sodik jap\u00e1n versenyz\u0151 lesz a jelenlegi elitmez\u0151nyben.<\/strong><!--more--><\/p>\n<p>Az EF-EasyPost a napokban bejelentette, hogy teljesnek tekinthet\u0151 a 2024-es WorldTour-kerete: az utols\u00f3 helyet <a href=\"https:\/\/www.instagram.com\/p\/Cz7tNO2uIkB\/\">egy meglepet\u00e9sn\u00e9vvel, a jap\u00e1n Todome Juhival<\/a> t\u00f6lt\u00f6tt\u00e9k ki. A 21 \u00e9ves, alapvet\u0151en hegyi men\u0151nek \u00e9s seg\u00edt\u0151nek sz\u00e1m\u00edt\u00f3, de az id\u0151futamokon is kiv\u00e1l\u00f3an teljes\u00edt\u0151 toki\u00f3i egyetemista az amerikai ist\u00e1ll\u00f3 saj\u00e1t (am\u00fagy \u00e9ppen bed\u0151l\u0151) kontinent\u00e1lis besorol\u00e1s\u00fa fi\u00f3kcsapat\u00e1b\u00f3l l\u00e9phet feljebb a vil\u00e1gsz\u00ednpadra, \u00e9s kapja meg \u00e9lete nagy lehet\u0151s\u00e9g\u00e9t a bizony\u00edt\u00e1sra.<\/p>\n<figure id=\"attachment_18176\" aria-describedby=\"caption-attachment-18176\" style=\"width: 1024px\" class=\"wp-caption alignnone\"><img loading=\"lazy\" decoding=\"async\" class=\"size-large wp-image-18176\" src=\"https:\/\/d2p6e6u75xmxt8.cloudfront.net\/12\/2023\/11\/WjdDCVJAkUD3szpZvG9TAa-1024x683.webp\" alt=\"\" width=\"1024\" height=\"683\" srcset=\"https:\/\/d2p6e6u75xmxt8.cloudfront.net\/12\/2023\/11\/WjdDCVJAkUD3szpZvG9TAa-1024x683.webp 1024w, https:\/\/d2p6e6u75xmxt8.cloudfront.net\/12\/2023\/11\/WjdDCVJAkUD3szpZvG9TAa-300x200.webp 300w, https:\/\/d2p6e6u75xmxt8.cloudfront.net\/12\/2023\/11\/WjdDCVJAkUD3szpZvG9TAa-768x512.webp 768w, https:\/\/d2p6e6u75xmxt8.cloudfront.net\/12\/2023\/11\/WjdDCVJAkUD3szpZvG9TAa-1536x1024.webp 1536w, https:\/\/d2p6e6u75xmxt8.cloudfront.net\/12\/2023\/11\/WjdDCVJAkUD3szpZvG9TAa-2048x1365.webp 2048w, https:\/\/d2p6e6u75xmxt8.cloudfront.net\/12\/2023\/11\/WjdDCVJAkUD3szpZvG9TAa-1920x1280.webp 1920w, https:\/\/d2p6e6u75xmxt8.cloudfront.net\/12\/2023\/11\/WjdDCVJAkUD3szpZvG9TAa-400x267.webp 400w, https:\/\/d2p6e6u75xmxt8.cloudfront.net\/12\/2023\/11\/WjdDCVJAkUD3szpZvG9TAa-272x182.webp 272w, https:\/\/d2p6e6u75xmxt8.cloudfront.net\/12\/2023\/11\/WjdDCVJAkUD3szpZvG9TAa-1920x1280.webp 1920w\" sizes=\"auto, (max-width: 1024px) 100vw, 1024px\" \/><figcaption id=\"caption-attachment-18176\" class=\"wp-caption-text\">fot\u00f3: Getty Images<\/figcaption><\/figure>\n<p>A sport\u00e1gkedvel\u0151knek az az\u00e9rt felt\u0171nhetett, hogy jap\u00e1n versenyz\u0151kkel legfeljebb h\u00e9be-h\u00f3ba tal\u00e1lkozhatunk az aszfalton: az \u00e1zsiai orsz\u00e1g bring\u00e1sai els\u0151sorban p\u00e1lyaker\u00e9kp\u00e1rra specializ\u00e1l\u00f3dtak, ezen bel\u00fcl t\u00f6bb szak\u00e1g is nagy n\u00e9pszer\u0171s\u00e9gnek \u00f6rvend (legf\u0151k\u00e9ppen a keirin, amely egyenesen innen, a jap\u00e1n Kokura v\u00e1ros\u00e1b\u00f3l sz\u00e1rmaztathat\u00f3 az 1940-es \u00e9vekb\u0151l), az orsz\u00e1g\u00fati WorldTour-mez\u0151nyben viszont elv\u00e9tve bukkan fel n\u00e9ha egy-egy jap\u00e1n n\u00e9v. Olyannyira, hogy Todome EF-hez val\u00f3 csatlakoz\u00e1s\u00e1val is konkr\u00e9tan csak ketten lesznek jap\u00e1nok a legmagasabb szinten (ez tal\u00e1n meglep\u0151nek hathat a vil\u00e1g egyik legfejlettebb, 120 milli\u00f3s, v\u00e1ltozatos terepviszonyokkal rendelkez\u0151 orsz\u00e1ga kapcs\u00e1n). A m\u00e1sik honfit\u00e1rsa a WorldTourban az az <strong>Arasiro Jukija<\/strong>, aki egyben a legsikeresebb jap\u00e1n versenyz\u0151nek mondhat\u00f3, hiszen 2014 \u00f3ta teker a legjobbak k\u00f6z\u00f6tt (jelenleg \u00e9vek \u00f3ta a Bahrainn\u00e9l), nyert t\u00f6bbek k\u00f6z\u00f6tt \u00c1zsiai Bajnoks\u00e1got, Tour du Limousine-t \u00e9s Tajvani k\u00f6rt is, j\u00e1rt olimpi\u00e1n \u00e9s vil\u00e1gbajnoks\u00e1gon is, illetve 2009 \u00f3ta(!) nem telt el \u00fagy \u00e9v, hogy ne ment volna legal\u00e1bb egy nagy h\u00e1romhetest: a Tour de France-on h\u00e9tszer, a Gir\u00f3n \u00f6t, a Vuelt\u00e1n n\u00e9gy alkalommal \u00e1llt rajthoz.<\/p>\n<figure id=\"attachment_18173\" aria-describedby=\"caption-attachment-18173\" style=\"width: 1024px\" class=\"wp-caption alignnone\"><img loading=\"lazy\" decoding=\"async\" class=\"size-large wp-image-18173\" src=\"https:\/\/d2p6e6u75xmxt8.cloudfront.net\/12\/2023\/11\/2019-10-29-yukiya-arashiro-gewinnt-saitama-criterium-3-1024x683.webp\" alt=\"\" width=\"1024\" height=\"683\" srcset=\"https:\/\/d2p6e6u75xmxt8.cloudfront.net\/12\/2023\/11\/2019-10-29-yukiya-arashiro-gewinnt-saitama-criterium-3-1024x683.webp 1024w, https:\/\/d2p6e6u75xmxt8.cloudfront.net\/12\/2023\/11\/2019-10-29-yukiya-arashiro-gewinnt-saitama-criterium-3-300x200.webp 300w, https:\/\/d2p6e6u75xmxt8.cloudfront.net\/12\/2023\/11\/2019-10-29-yukiya-arashiro-gewinnt-saitama-criterium-3-768x512.webp 768w, https:\/\/d2p6e6u75xmxt8.cloudfront.net\/12\/2023\/11\/2019-10-29-yukiya-arashiro-gewinnt-saitama-criterium-3-1536x1024.webp 1536w, https:\/\/d2p6e6u75xmxt8.cloudfront.net\/12\/2023\/11\/2019-10-29-yukiya-arashiro-gewinnt-saitama-criterium-3-400x267.webp 400w, https:\/\/d2p6e6u75xmxt8.cloudfront.net\/12\/2023\/11\/2019-10-29-yukiya-arashiro-gewinnt-saitama-criterium-3-272x182.webp 272w, https:\/\/d2p6e6u75xmxt8.cloudfront.net\/12\/2023\/11\/2019-10-29-yukiya-arashiro-gewinnt-saitama-criterium-3.webp 1920w\" sizes=\"auto, (max-width: 1024px) 100vw, 1024px\" \/><figcaption id=\"caption-attachment-18173\" class=\"wp-caption-text\">Arasiro Bernal \u00e9s Rogli\u010d el\u0151tt be\u00e9rve \u00fcnnepelhetett hazai k\u00f6z\u00f6ns\u00e9g el\u0151tt a 2019-es Saitama Crit\u00e9riumon (forr\u00e1s: merida-bikes.com)<\/figcaption><\/figure>\n<p>A most az EF-n\u00e9l sz\u00ednre l\u00e9p\u0151 Todome kapcs\u00e1n mindenk\u00e9ppen meg kell eml\u00edteni m\u00e9g Beppu Fumijukit is, akinek tulajdonk\u00e9ppen az \u201eut\u00f3dja\u201d lesz, hiszen a 2021 v\u00e9g\u00e9n visszavonult jap\u00e1n kor\u00e1bban ugyancsak leh\u00fazott az\u00e9rt t\u00f6bb, mint egy \u00e9vtizedet a legmagasabb szinten, utols\u00f3 verseny\u00e9v\u00e9ben \u00e9ppen az EF-n\u00e9l, innen ment nyugd\u00edjba m\u00e1r 38 \u00e9vesen.<\/p>\n<p>Todome mindenesetre szokatlan \u00e9rzelmess\u00e9ggel nyilatkozott \u00e9lete els\u0151 profi szerz\u0151d\u00e9s\u00e9r\u0151l, mint mondta: <em>\u201eEgy \u00e1lom v\u00e1lt most val\u00f3ra, rendk\u00edv\u00fcl boldog vagyok, hogy egy ilyen csod\u00e1latos csapatban versenyezhetek majd! A csal\u00e1dom els\u00edrta mag\u00e1t, amikor meghallott\u00e1k a nagy \u00fajs\u00e1got, hogy csatlakozhatok az EF-hez \u2013 \u0151k voltak azok, akik v\u00e9gig t\u00e1mogattak att\u00f3l a napt\u00f3l fogva, hogy elkezdtem versenyezni. Tiszt\u00e1ban vagyok vele, hogy egy WorldTour-csapat szintje igen neh\u00e9z, de a legjobbamat fogom adni!\u201d<\/em><\/p>\n<figure id=\"attachment_18174\" aria-describedby=\"caption-attachment-18174\" style=\"width: 1024px\" class=\"wp-caption alignnone\"><img loading=\"lazy\" decoding=\"async\" class=\"size-large wp-image-18174\" src=\"https:\/\/d2p6e6u75xmxt8.cloudfront.net\/12\/2023\/11\/ec51475686905cd3d5d28c12b9db7b6d261cbc9d-5292x3528-1-1024x683.webp\" alt=\"\" width=\"1024\" height=\"683\" srcset=\"https:\/\/d2p6e6u75xmxt8.cloudfront.net\/12\/2023\/11\/ec51475686905cd3d5d28c12b9db7b6d261cbc9d-5292x3528-1-1024x683.webp 1024w, https:\/\/d2p6e6u75xmxt8.cloudfront.net\/12\/2023\/11\/ec51475686905cd3d5d28c12b9db7b6d261cbc9d-5292x3528-1-300x200.webp 300w, https:\/\/d2p6e6u75xmxt8.cloudfront.net\/12\/2023\/11\/ec51475686905cd3d5d28c12b9db7b6d261cbc9d-5292x3528-1-768x512.webp 768w, https:\/\/d2p6e6u75xmxt8.cloudfront.net\/12\/2023\/11\/ec51475686905cd3d5d28c12b9db7b6d261cbc9d-5292x3528-1-1536x1024.webp 1536w, https:\/\/d2p6e6u75xmxt8.cloudfront.net\/12\/2023\/11\/ec51475686905cd3d5d28c12b9db7b6d261cbc9d-5292x3528-1-400x267.webp 400w, https:\/\/d2p6e6u75xmxt8.cloudfront.net\/12\/2023\/11\/ec51475686905cd3d5d28c12b9db7b6d261cbc9d-5292x3528-1-272x182.webp 272w, https:\/\/d2p6e6u75xmxt8.cloudfront.net\/12\/2023\/11\/ec51475686905cd3d5d28c12b9db7b6d261cbc9d-5292x3528-1.webp 1600w\" sizes=\"auto, (max-width: 1024px) 100vw, 1024px\" \/><figcaption id=\"caption-attachment-18174\" class=\"wp-caption-text\">fot\u00f3: Velo Collection (TDW) \/ Getty Images<\/figcaption><\/figure>\n<p>Az amerikai csapat j\u00f6v\u0151 \u00e9vi keret\u00e9ben egy\u00e9bk\u00e9nt nem Todome lesz az egyetlen \u00fajonc, az EF komoly fiatal\u00edt\u00e1sba fogott: a 10 \u00faj igazol\u00e1suk k\u00f6z\u00fcl heten is hozz\u00e1 hasonl\u00f3an 22 \u00e9ven aluliak, \u00e9s az els\u0151 teljes napt\u00e1ri versenyszezonjukra k\u00e9sz\u00fclnek. A csapatvezet\u00e9s rem\u00e9nye az, hogy ez a fiatal mag sz\u00e9pen kieg\u00e9sz\u00edti majd az egy\u00fcttes veter\u00e1njait, \u00e9s ez ide\u00e1lis egyens\u00falyt teremt majd a kereten bel\u00fcl. Az EF 2024-es keret\u00e9nek \u00e1tlag\u00e9letkora \u00e9ppen csak el\u00e9ri a 25 \u00e9vet, ezt legink\u00e1bb az olyan rutinos r\u00f3k\u00e1k h\u00fazz\u00e1k fel, mint a most 37 \u00e9ves Rui Costa, az olimpia ut\u00e1n visszavonul\u00f3 Rigoberto Ur\u00e1n (36), a Giro-gy\u0151ztes, olimpiai bajnok Richard Carapaz (30) vagy az olaszok klasszisa, Alberto Bettiol (30). Ennek (illetve Todome) kapcs\u00e1n Jonathan Vaughters csapatigazgat\u00f3 \u00edgy nyilatkozott: <em>\u201eAz utols\u00f3 helyet egy olyan \u00fajoncnak szerett\u00fck volna fenntartani a keretben, aki ki tudja akn\u00e1zni a veter\u00e1n csapatt\u00e1rsai tapasztalat\u00e1b\u00f3l \u00e9s tud\u00e1s\u00e1b\u00f3l fakad\u00f3 el\u0151ny\u00f6ket \u2013 \u00e9s Juhi szem\u00e9ly\u00e9ben meg is tal\u00e1ltuk \u0151t.\u201d<\/em><\/p>\n","protected":false},"excerpt":{"rendered":"<p>A fiatal Todome Juhi a m\u00e1sodik jap\u00e1n versenyz\u0151 lesz a jelenlegi elitmez\u0151nyben.<\/p>\n","protected":false},"author":71,"featured_media":18177,"comment_status":"open","ping_status":"open","sticky":false,"template":"","format":"standard","meta":{"footnotes":""},"categories":[8],"tags":[],"global-categories":[],"class_list":["post-18172","post","type-post","status-publish","format-standard","has-post-thumbnail","hentry","category-orszaguti-kerekpar"],"yoast_head":"<!-- This site is optimized with the Yoast SEO Premium plugin v25.3 (Yoast SEO v25.9) - https:\/\/yoast.com\/wordpress\/plugins\/seo\/ -->\n<title>Ritka, mint a nippon s\u00e1rk\u00e1ny: jap\u00e1n profi orsz\u00e1g\u00fatis az EF WorldTour-csapat\u00e1ban<\/title>\n<meta name=\"description\" content=\"A fiatal Todome Juhi a m\u00e1sodik jap\u00e1n versenyz\u0151 lesz a jelenlegi elitmez\u0151nyben.\" \/>\n<meta name=\"robots\" content=\"index, follow, max-snippet:-1, max-image-preview:large, max-video-preview:-1\" \/>\n<link rel=\"canonical\" href=\"https:\/\/www.welovecycling.com\/hu\/orszaguti-kerekpar\/ritka-mint-a-nippon-sarkany-japan-profi-orszagutis-az-ef-worldtour-csapataban\/\" \/>\n<meta property=\"og:locale\" content=\"hu_HU\" \/>\n<meta property=\"og:type\" content=\"article\" \/>\n<meta property=\"og:title\" content=\"Ritka, mint a nippon s\u00e1rk\u00e1ny: jap\u00e1n profi orsz\u00e1g\u00fatis az EF WorldTour-csapat\u00e1ban\" \/>\n<meta property=\"og:description\" content=\"A fiatal Todome Juhi a m\u00e1sodik jap\u00e1n versenyz\u0151 lesz a jelenlegi elitmez\u0151nyben.\" \/>\n<meta property=\"og:url\" content=\"https:\/\/www.welovecycling.com\/hu\/orszaguti-kerekpar\/ritka-mint-a-nippon-sarkany-japan-profi-orszagutis-az-ef-worldtour-csapataban\/\" \/>\n<meta property=\"og:site_name\" content=\"\u0160koda We Love Cycling - Magyarorsz\u00e1g\" \/>\n<meta property=\"article:publisher\" content=\"https:\/\/www.facebook.com\/WeLoveCyclingHungary\/\" \/>\n<meta property=\"article:published_time\" content=\"2023-11-26T06:00:28+00:00\" \/>\n<meta property=\"og:image\" content=\"https:\/\/d2p6e6u75xmxt8.cloudfront.net\/12\/2023\/11\/Yuhi-Todome-scaled-e1700665480900.webp\" \/>\n\t<meta property=\"og:image:width\" content=\"2560\" \/>\n\t<meta property=\"og:image:height\" content=\"1292\" \/>\n\t<meta property=\"og:image:type\" content=\"image\/webp\" \/>\n<meta name=\"author\" content=\"hegyizs\" \/>\n<meta name=\"twitter:card\" content=\"summary_large_image\" \/>\n<meta name=\"twitter:label1\" content=\"Written by\" \/>\n\t<meta name=\"twitter:data1\" content=\"WLC\" \/>\n\t<meta name=\"twitter:label2\" content=\"Est. reading time\" \/>\n\t<meta name=\"twitter:data2\" content=\"4 minutes\" \/>\n<script type=\"application\/ld+json\" class=\"yoast-schema-graph\">{\"@context\":\"https:\/\/schema.org\",\"@graph\":[{\"@type\":\"WebPage\",\"@id\":\"https:\/\/www.welovecycling.com\/hu\/orszaguti-kerekpar\/ritka-mint-a-nippon-sarkany-japan-profi-orszagutis-az-ef-worldtour-csapataban\/\",\"url\":\"https:\/\/www.welovecycling.com\/hu\/orszaguti-kerekpar\/ritka-mint-a-nippon-sarkany-japan-profi-orszagutis-az-ef-worldtour-csapataban\/\",\"name\":\"Ritka, mint a nippon s\u00e1rk\u00e1ny: jap\u00e1n profi orsz\u00e1g\u00fatis az EF WorldTour-csapat\u00e1ban\",\"isPartOf\":{\"@id\":\"https:\/\/www.welovecycling.com\/hu\/#website\"},\"primaryImageOfPage\":{\"@id\":\"https:\/\/www.welovecycling.com\/hu\/orszaguti-kerekpar\/ritka-mint-a-nippon-sarkany-japan-profi-orszagutis-az-ef-worldtour-csapataban\/#primaryimage\"},\"image\":{\"@id\":\"https:\/\/www.welovecycling.com\/hu\/orszaguti-kerekpar\/ritka-mint-a-nippon-sarkany-japan-profi-orszagutis-az-ef-worldtour-csapataban\/#primaryimage\"},\"thumbnailUrl\":\"https:\/\/d2p6e6u75xmxt8.cloudfront.net\/12\/2023\/11\/Yuhi-Todome-scaled-e1700665480900.webp\",\"datePublished\":\"2023-11-26T06:00:28+00:00\",\"author\":{\"@id\":\"https:\/\/www.welovecycling.com\/hu\/#\/schema\/person\/414a2aebf1801691a5320edb6468e194\"},\"description\":\"A fiatal Todome Juhi a m\u00e1sodik jap\u00e1n versenyz\u0151 lesz a jelenlegi elitmez\u0151nyben.\",\"breadcrumb\":{\"@id\":\"https:\/\/www.welovecycling.com\/hu\/orszaguti-kerekpar\/ritka-mint-a-nippon-sarkany-japan-profi-orszagutis-az-ef-worldtour-csapataban\/#breadcrumb\"},\"inLanguage\":\"hu\",\"potentialAction\":[{\"@type\":\"ReadAction\",\"target\":[\"https:\/\/www.welovecycling.com\/hu\/orszaguti-kerekpar\/ritka-mint-a-nippon-sarkany-japan-profi-orszagutis-az-ef-worldtour-csapataban\/\"]}]},{\"@type\":\"ImageObject\",\"inLanguage\":\"hu\",\"@id\":\"https:\/\/www.welovecycling.com\/hu\/orszaguti-kerekpar\/ritka-mint-a-nippon-sarkany-japan-profi-orszagutis-az-ef-worldtour-csapataban\/#primaryimage\",\"url\":\"https:\/\/d2p6e6u75xmxt8.cloudfront.net\/12\/2023\/11\/Yuhi-Todome-scaled-e1700665480900.webp\",\"contentUrl\":\"https:\/\/d2p6e6u75xmxt8.cloudfront.net\/12\/2023\/11\/Yuhi-Todome-scaled-e1700665480900.webp\",\"width\":2560,\"height\":1292},{\"@type\":\"BreadcrumbList\",\"@id\":\"https:\/\/www.welovecycling.com\/hu\/orszaguti-kerekpar\/ritka-mint-a-nippon-sarkany-japan-profi-orszagutis-az-ef-worldtour-csapataban\/#breadcrumb\",\"itemListElement\":[{\"@type\":\"ListItem\",\"position\":1,\"name\":\"Home\",\"item\":\"https:\/\/www.welovecycling.com\/hu\/\"},{\"@type\":\"ListItem\",\"position\":2,\"name\":\"Ritka, mint a nippon s\u00e1rk\u00e1ny: jap\u00e1n profi orsz\u00e1g\u00fatis az EF WorldTour-csapat\u00e1ban\"}]},{\"@type\":\"WebSite\",\"@id\":\"https:\/\/www.welovecycling.com\/hu\/#website\",\"url\":\"https:\/\/www.welovecycling.com\/hu\/\",\"name\":\"\u0160koda We Love Cycling - Magyarorsz\u00e1g\",\"description\":\"\u0160koda WeLoveCycling\",\"potentialAction\":[{\"@type\":\"SearchAction\",\"target\":{\"@type\":\"EntryPoint\",\"urlTemplate\":\"https:\/\/www.welovecycling.com\/hu\/?s={search_term_string}\"},\"query-input\":{\"@type\":\"PropertyValueSpecification\",\"valueRequired\":true,\"valueName\":\"search_term_string\"}}],\"inLanguage\":\"hu\"},{\"@type\":\"Person\",\"@id\":\"https:\/\/www.welovecycling.com\/hu\/#\/schema\/person\/414a2aebf1801691a5320edb6468e194\",\"name\":\"hegyizs\",\"image\":{\"@type\":\"ImageObject\",\"inLanguage\":\"hu\",\"@id\":\"https:\/\/www.welovecycling.com\/hu\/#\/schema\/person\/image\/\",\"url\":\"https:\/\/secure.gravatar.com\/avatar\/02cf8a7906b8cf90cecb4679defac7cfd33a1c2e3b88e4903d947f3bb58eedd3?s=96&d=mm&r=g\",\"contentUrl\":\"https:\/\/secure.gravatar.com\/avatar\/02cf8a7906b8cf90cecb4679defac7cfd33a1c2e3b88e4903d947f3bb58eedd3?s=96&d=mm&r=g\",\"caption\":\"hegyizs\"},\"url\":\"https:\/\/www.welovecycling.com\/hu\/author\/hegyizs\/\"}]}<\/script>\n<!-- \/ Yoast SEO Premium plugin. -->","yoast_head_json":{"title":"Ritka, mint a nippon s\u00e1rk\u00e1ny: jap\u00e1n profi orsz\u00e1g\u00fatis az EF WorldTour-csapat\u00e1ban","description":"A fiatal Todome Juhi a m\u00e1sodik jap\u00e1n versenyz\u0151 lesz a jelenlegi elitmez\u0151nyben.","robots":{"index":"index","follow":"follow","max-snippet":"max-snippet:-1","max-image-preview":"max-image-preview:large","max-video-preview":"max-video-preview:-1"},"canonical":"https:\/\/www.welovecycling.com\/hu\/orszaguti-kerekpar\/ritka-mint-a-nippon-sarkany-japan-profi-orszagutis-az-ef-worldtour-csapataban\/","og_locale":"hu_HU","og_type":"article","og_title":"Ritka, mint a nippon s\u00e1rk\u00e1ny: jap\u00e1n profi orsz\u00e1g\u00fatis az EF WorldTour-csapat\u00e1ban","og_description":"A fiatal Todome Juhi a m\u00e1sodik jap\u00e1n versenyz\u0151 lesz a jelenlegi elitmez\u0151nyben.","og_url":"https:\/\/www.welovecycling.com\/hu\/orszaguti-kerekpar\/ritka-mint-a-nippon-sarkany-japan-profi-orszagutis-az-ef-worldtour-csapataban\/","og_site_name":"\u0160koda We Love Cycling - Magyarorsz\u00e1g","article_publisher":"https:\/\/www.facebook.com\/WeLoveCyclingHungary\/","article_published_time":"2023-11-26T06:00:28+00:00","og_image":[{"width":2560,"height":1292,"url":"https:\/\/d2p6e6u75xmxt8.cloudfront.net\/12\/2023\/11\/Yuhi-Todome-scaled-e1700665480900.webp","type":"image\/webp"}],"author":"hegyizs","twitter_card":"summary_large_image","twitter_misc":{"Written by":"WLC","Est. reading time":"4 minutes"},"schema":{"@context":"https:\/\/schema.org","@graph":[{"@type":"WebPage","@id":"https:\/\/www.welovecycling.com\/hu\/orszaguti-kerekpar\/ritka-mint-a-nippon-sarkany-japan-profi-orszagutis-az-ef-worldtour-csapataban\/","url":"https:\/\/www.welovecycling.com\/hu\/orszaguti-kerekpar\/ritka-mint-a-nippon-sarkany-japan-profi-orszagutis-az-ef-worldtour-csapataban\/","name":"Ritka, mint a nippon s\u00e1rk\u00e1ny: jap\u00e1n profi orsz\u00e1g\u00fatis az EF WorldTour-csapat\u00e1ban","isPartOf":{"@id":"https:\/\/www.welovecycling.com\/hu\/#website"},"primaryImageOfPage":{"@id":"https:\/\/www.welovecycling.com\/hu\/orszaguti-kerekpar\/ritka-mint-a-nippon-sarkany-japan-profi-orszagutis-az-ef-worldtour-csapataban\/#primaryimage"},"image":{"@id":"https:\/\/www.welovecycling.com\/hu\/orszaguti-kerekpar\/ritka-mint-a-nippon-sarkany-japan-profi-orszagutis-az-ef-worldtour-csapataban\/#primaryimage"},"thumbnailUrl":"https:\/\/d2p6e6u75xmxt8.cloudfront.net\/12\/2023\/11\/Yuhi-Todome-scaled-e1700665480900.webp","datePublished":"2023-11-26T06:00:28+00:00","author":{"@id":"https:\/\/www.welovecycling.com\/hu\/#\/schema\/person\/414a2aebf1801691a5320edb6468e194"},"description":"A fiatal Todome Juhi a m\u00e1sodik jap\u00e1n versenyz\u0151 lesz a jelenlegi elitmez\u0151nyben.","breadcrumb":{"@id":"https:\/\/www.welovecycling.com\/hu\/orszaguti-kerekpar\/ritka-mint-a-nippon-sarkany-japan-profi-orszagutis-az-ef-worldtour-csapataban\/#breadcrumb"},"inLanguage":"hu","potentialAction":[{"@type":"ReadAction","target":["https:\/\/www.welovecycling.com\/hu\/orszaguti-kerekpar\/ritka-mint-a-nippon-sarkany-japan-profi-orszagutis-az-ef-worldtour-csapataban\/"]}]},{"@type":"ImageObject","inLanguage":"hu","@id":"https:\/\/www.welovecycling.com\/hu\/orszaguti-kerekpar\/ritka-mint-a-nippon-sarkany-japan-profi-orszagutis-az-ef-worldtour-csapataban\/#primaryimage","url":"https:\/\/d2p6e6u75xmxt8.cloudfront.net\/12\/2023\/11\/Yuhi-Todome-scaled-e1700665480900.webp","contentUrl":"https:\/\/d2p6e6u75xmxt8.cloudfront.net\/12\/2023\/11\/Yuhi-Todome-scaled-e1700665480900.webp","width":2560,"height":1292},{"@type":"BreadcrumbList","@id":"https:\/\/www.welovecycling.com\/hu\/orszaguti-kerekpar\/ritka-mint-a-nippon-sarkany-japan-profi-orszagutis-az-ef-worldtour-csapataban\/#breadcrumb","itemListElement":[{"@type":"ListItem","position":1,"name":"Home","item":"https:\/\/www.welovecycling.com\/hu\/"},{"@type":"ListItem","position":2,"name":"Ritka, mint a nippon s\u00e1rk\u00e1ny: jap\u00e1n profi orsz\u00e1g\u00fatis az EF WorldTour-csapat\u00e1ban"}]},{"@type":"WebSite","@id":"https:\/\/www.welovecycling.com\/hu\/#website","url":"https:\/\/www.welovecycling.com\/hu\/","name":"\u0160koda We Love Cycling - Magyarorsz\u00e1g","description":"\u0160koda WeLoveCycling","potentialAction":[{"@type":"SearchAction","target":{"@type":"EntryPoint","urlTemplate":"https:\/\/www.welovecycling.com\/hu\/?s={search_term_string}"},"query-input":{"@type":"PropertyValueSpecification","valueRequired":true,"valueName":"search_term_string"}}],"inLanguage":"hu"},{"@type":"Person","@id":"https:\/\/www.welovecycling.com\/hu\/#\/schema\/person\/414a2aebf1801691a5320edb6468e194","name":"hegyizs","image":{"@type":"ImageObject","inLanguage":"hu","@id":"https:\/\/www.welovecycling.com\/hu\/#\/schema\/person\/image\/","url":"https:\/\/secure.gravatar.com\/avatar\/02cf8a7906b8cf90cecb4679defac7cfd33a1c2e3b88e4903d947f3bb58eedd3?s=96&d=mm&r=g","contentUrl":"https:\/\/secure.gravatar.com\/avatar\/02cf8a7906b8cf90cecb4679defac7cfd33a1c2e3b88e4903d947f3bb58eedd3?s=96&d=mm&r=g","caption":"hegyizs"},"url":"https:\/\/www.welovecycling.com\/hu\/author\/hegyizs\/"}]}},"_links":{"self":[{"href":"https:\/\/www.welovecycling.com\/hu\/wp-json\/wp\/v2\/posts\/18172","targetHints":{"allow":["GET"]}}],"collection":[{"href":"https:\/\/www.welovecycling.com\/hu\/wp-json\/wp\/v2\/posts"}],"about":[{"href":"https:\/\/www.welovecycling.com\/hu\/wp-json\/wp\/v2\/types\/post"}],"author":[{"embeddable":true,"href":"https:\/\/www.welovecycling.com\/hu\/wp-json\/wp\/v2\/users\/71"}],"replies":[{"embeddable":true,"href":"https:\/\/www.welovecycling.com\/hu\/wp-json\/wp\/v2\/comments?post=18172"}],"version-history":[{"count":1,"href":"https:\/\/www.welovecycling.com\/hu\/wp-json\/wp\/v2\/posts\/18172\/revisions"}],"predecessor-version":[{"id":18178,"href":"https:\/\/www.welovecycling.com\/hu\/wp-json\/wp\/v2\/posts\/18172\/revisions\/18178"}],"wp:featuredmedia":[{"embeddable":true,"href":"https:\/\/www.welovecycling.com\/hu\/wp-json\/wp\/v2\/media\/18177"}],"wp:attachment":[{"href":"https:\/\/www.welovecycling.com\/hu\/wp-json\/wp\/v2\/media?parent=18172"}],"wp:term":[{"taxonomy":"category","embeddable":true,"href":"https:\/\/www.welovecycling.com\/hu\/wp-json\/wp\/v2\/categories?post=18172"},{"taxonomy":"post_tag","embeddable":true,"href":"https:\/\/www.welovecycling.com\/hu\/wp-json\/wp\/v2\/tags?post=18172"},{"taxonomy":"global-categories","embeddable":true,"href":"https:\/\/www.welovecycling.com\/hu\/wp-json\/wp\/v2\/global-categories?post=18172"}],"curies":[{"name":"wp","href":"https:\/\/api.w.org\/{rel}","templated":true}]}}