{"id":18165,"date":"2023-12-02T08:00:58","date_gmt":"2023-12-02T06:00:58","guid":{"rendered":"https:\/\/www.welovecycling.com\/hu\/?p=18165"},"modified":"2023-11-24T15:59:52","modified_gmt":"2023-11-24T13:59:52","slug":"egy-kutatas-ravilagitott-a-kronikus-hatfajas-mentalis-oldalara","status":"publish","type":"post","link":"https:\/\/www.welovecycling.com\/hu\/edzes-es-eletmod\/egy-kutatas-ravilagitott-a-kronikus-hatfajas-mentalis-oldalara\/","title":{"rendered":"Egy kutat\u00e1s r\u00e1vil\u00e1g\u00edtott a kr\u00f3nikus h\u00e1tf\u00e1j\u00e1s ment\u00e1lis oldal\u00e1ra"},"content":{"rendered":"<p><strong>Egy \u00faj tanulm\u00e1ny szerint nem el\u00e9g a f\u00e1jdalom fizikai aspektusaira keresni megold\u00e1st &#8211; a ment\u00e1lis okokat is kezelni kell.<\/strong><!--more--><\/p>\n<p>A kutat\u00e1s azt vizsg\u00e1lta, hogy az elm\u00e9nk hogyan j\u00e1tszik szerepet a f\u00e1jdalom\u00e9rzet\u00fcnkben. A k\u00eds\u00e9rlet sor\u00e1n kr\u00f3nikus h\u00e1tf\u00e1j\u00e1sban szenved\u0151k hetente k\u00e9tszer j\u00e1rtak ter\u00e1pi\u00e1ra, hogy megbesz\u00e9lj\u00e9k a h\u00e1tf\u00e1j\u00e1s lehets\u00e9ges okait, \u00e9s az eredm\u00e9nyeket igen \u00edg\u00e9retesek lettek.<\/p>\n<p>B\u00e1r a test b\u00e1rmely r\u00e9sz\u00e9n \u00e9szlelt kr\u00f3nikus f\u00e1jdalom bosszant\u00f3 \u00e9s kimer\u00edt\u0151 lehet, a kutat\u00e1sok szerint a h\u00e1tf\u00e1j\u00e1s <a href=\"https:\/\/go.redirectingat.com\/?id=74968X1576257&amp;url=https%3A%2F%2Fwww.nature.com%2Farticles%2Fs41598-022-24703-7&amp;sref=https%3A%2F%2Fwww.bicycling.com%2Fhealth-nutrition%2Fa45897729%2Fmental-side-of-chronic-back-pain-study%2F&amp;xs=1&amp;xcust=%5Butm_source%7C%5Butm_campaign%7C%5Butm_medium%7C%5Bgclid%7C%5Bmsclkid%7C%5Bfbclid%7C%5Brefdomain%7Cwww.bicycling.com%5Bcontent_id%7Cb2b82001-d6e6-4629-be5c-dc202a6e81ac%5Bcontent_product_id%7Ccabb87b9-3052-4332-98f1-e0e23bc1da82%5Bproduct_retailer_id%7C8902cf60-0265-4b72-b430-de76c2149fce%5Blt%7C%5Boptxid%7C%5Boptvid%7C\">k\u00fcl\u00f6n\u00f6sen probl\u00e9m\u00e1s<\/a> az \u00e9letmin\u0151s\u00e9g szempontj\u00e1b\u00f3l, bele\u00e9rtve mind a fizikai funkci\u00f3kat, mind az \u00e9rzelmi eg\u00e9szs\u00e9get.<\/p>\n<p>A pszichol\u00f3giai \u00e9s fizikai j\u00f3l\u00e9t kapcsolata k\u00e9tir\u00e1ny\u00fa, a <a href=\"https:\/\/jamanetwork.com\/journals\/jamanetworkopen\/fullarticle\/2809959\">JAMA Network Open tanulm\u00e1nya szerint<\/a>. Ez azt jelenti, hogy a kr\u00f3nikus h\u00e1tf\u00e1j\u00e1s szorong\u00e1shoz vezethet &#8211; de azt is kimutatt\u00e1k, hogy a ment\u00e1lis neh\u00e9zs\u00e9gek s\u00falyosb\u00edthatj\u00e1k vagy ak\u00e1r okozhatj\u00e1k is a f\u00e1jdalmat.<\/p>\n<p>De \u00fajra lehet-e kalibr\u00e1lni az agyunkat, hogy megsz\u00fcntess\u00fck a f\u00e1jdalmat? Mindenesetre leny\u0171g\u00f6z\u0151 a lehet\u0151s\u00e9g, mondta Dr. Yoni Ashar, a Colorado Egyetem Anschutz orvostudom\u00e1nyi tansz\u00e9k\u00e9nek adjunktusa.<\/p>\n<p><em>&#8220;Sokszor azt hissz\u00fck, hogy a f\u00e1jdalom valamilyen olyan probl\u00e9m\u00e1b\u00f3l ered, mint p\u00e9ld\u00e1ul a porckorongs\u00e9rv vagy a porckop\u00e1s&#8221;<\/em>, mondta Ashar. <em>&#8220;De \u00e1ltal\u00e1ban nem ezek a f\u0151 okok. A kr\u00f3nikus h\u00e1tf\u00e1j\u00e1s t\u00falnyom\u00f3 r\u00e9sz\u00e9t ment\u00e1lis folyamatok okozz\u00e1k, mint amilyen p\u00e9ld\u00e1ul a f\u00e1jdalomt\u00f3l val\u00f3 f\u00e9lelem.&#8221; <\/em>Ez pedig rossz viselked\u00e9si strat\u00e9gi\u00e1khoz vezethet, p\u00e9ld\u00e1ul ahhoz, hogy t\u00fal sokat pihen\u00fcnk, vagy nem terhelj\u00fck egyes izmainkat.<\/p>\n<figure id=\"attachment_18167\" aria-describedby=\"caption-attachment-18167\" style=\"width: 1024px\" class=\"wp-caption alignnone\"><img loading=\"lazy\" decoding=\"async\" class=\"size-large wp-image-18167\" src=\"https:\/\/d2p6e6u75xmxt8.cloudfront.net\/12\/2023\/11\/joyce-hankins-IG96K_HiDk0-unsplash-1024x768.webp\" alt=\"\" width=\"1024\" height=\"768\" srcset=\"https:\/\/d2p6e6u75xmxt8.cloudfront.net\/12\/2023\/11\/joyce-hankins-IG96K_HiDk0-unsplash-1024x768.webp 1024w, https:\/\/d2p6e6u75xmxt8.cloudfront.net\/12\/2023\/11\/joyce-hankins-IG96K_HiDk0-unsplash-300x225.webp 300w, https:\/\/d2p6e6u75xmxt8.cloudfront.net\/12\/2023\/11\/joyce-hankins-IG96K_HiDk0-unsplash-768x576.webp 768w, https:\/\/d2p6e6u75xmxt8.cloudfront.net\/12\/2023\/11\/joyce-hankins-IG96K_HiDk0-unsplash-1536x1152.webp 1536w, https:\/\/d2p6e6u75xmxt8.cloudfront.net\/12\/2023\/11\/joyce-hankins-IG96K_HiDk0-unsplash-400x300.webp 400w, https:\/\/d2p6e6u75xmxt8.cloudfront.net\/12\/2023\/11\/joyce-hankins-IG96K_HiDk0-unsplash.webp 1920w\" sizes=\"auto, (max-width: 1024px) 100vw, 1024px\" \/><figcaption id=\"caption-attachment-18167\" class=\"wp-caption-text\">\u00c1ltal\u00e1ban nem fizikai okok \u00e1llnak a h\u00e1tf\u00e1j\u00e1s m\u00f6g\u00f6tt. Fot\u00f3: Joyce Hankins I Unsplash<\/figcaption><\/figure>\n<p>Ashar \u00e9s koll\u00e9g\u00e1i teh\u00e1t f\u00e1jdalomfeldolgoz\u00e1si ter\u00e1pi\u00e1val dolgoztak a kutat\u00e1s sor\u00e1n, ami seg\u00edthet a f\u00e1jdalomjelek &#8220;kikapcsol\u00e1s\u00e1ban&#8221; az agyban. Ez a megk\u00f6zel\u00edt\u00e9s a f\u00e1jdalom \u00e9szlel\u00e9s\u00e9re \u00f6sszpontos\u00edt\u00f3 kognit\u00edv, viselked\u00e9si \u00e9s fizikai technik\u00e1kat kombin\u00e1lja.<\/p>\n<p>A tanulm\u00e1nyban 151 kr\u00f3nikus h\u00e1tf\u00e1j\u00e1sban szenved\u0151 feln\u0151tt vett r\u00e9szt, akiket vagy egy placeb\u00f3-csoportba vagy f\u00e1jdalomfeldolgoz\u00e1si ter\u00e1pi\u00e1s csoportba tettek. Az ut\u00f3bbi csoport tagjai hetente k\u00e9tszer egy terapeuta vezet\u00e9s\u00e9vel nyolc egy\u00f3r\u00e1s \u00fcl\u00e9sen vett r\u00e9szt, \u00f6sszesen n\u00e9gy h\u00e9ten \u00e1t. Az eredm\u00e9nyek a k\u00f6vetkez\u0151k:<\/p>\n<ul>\n<li>A ter\u00e1pi\u00e1ra j\u00e1r\u00f3 r\u00e9sztvev\u0151knek 66 sz\u00e1zal\u00e9ka lett f\u00e1jdalommentes vagy majdnem f\u00e1jdalommentes<\/li>\n<li>szemben a placeb\u00f3-csoport tagjainak 20 sz\u00e1zal\u00e9k\u00e1val.<\/li>\n<\/ul>\n<p><em>&#8220;Ezek a eredm\u00e9nyek figyelemre m\u00e9lt\u00f3ak, hiszen a kor\u00e1bbi pszichol\u00f3giai kezel\u00e9sekr\u0151l sz\u00f3l\u00f3 vizsg\u00e1latok ritk\u00e1n vezettek teljes fel\u00e9p\u00fcl\u00e9shez&#8221;<\/em>, mondta Ashar.<\/p>\n<figure id=\"attachment_18168\" aria-describedby=\"caption-attachment-18168\" style=\"width: 1024px\" class=\"wp-caption alignnone\"><img loading=\"lazy\" decoding=\"async\" class=\"size-large wp-image-18168\" src=\"https:\/\/d2p6e6u75xmxt8.cloudfront.net\/12\/2023\/11\/kelly-sikkema-f_aHTIof44U-unsplash-1024x683.webp\" alt=\"\" width=\"1024\" height=\"683\" srcset=\"https:\/\/d2p6e6u75xmxt8.cloudfront.net\/12\/2023\/11\/kelly-sikkema-f_aHTIof44U-unsplash-1024x683.webp 1024w, https:\/\/d2p6e6u75xmxt8.cloudfront.net\/12\/2023\/11\/kelly-sikkema-f_aHTIof44U-unsplash-300x200.webp 300w, https:\/\/d2p6e6u75xmxt8.cloudfront.net\/12\/2023\/11\/kelly-sikkema-f_aHTIof44U-unsplash-768x512.webp 768w, https:\/\/d2p6e6u75xmxt8.cloudfront.net\/12\/2023\/11\/kelly-sikkema-f_aHTIof44U-unsplash-1536x1024.webp 1536w, https:\/\/d2p6e6u75xmxt8.cloudfront.net\/12\/2023\/11\/kelly-sikkema-f_aHTIof44U-unsplash-400x267.webp 400w, https:\/\/d2p6e6u75xmxt8.cloudfront.net\/12\/2023\/11\/kelly-sikkema-f_aHTIof44U-unsplash-272x182.webp 272w, https:\/\/d2p6e6u75xmxt8.cloudfront.net\/12\/2023\/11\/kelly-sikkema-f_aHTIof44U-unsplash.webp 1920w\" sizes=\"auto, (max-width: 1024px) 100vw, 1024px\" \/><figcaption id=\"caption-attachment-18168\" class=\"wp-caption-text\">Min\u00e9l ink\u00e1bb felismerj\u00fck a f\u00e1jdalom \u00e9s a f\u00e9lelem k\u00f6z\u00f6tti kapcsolatot, ann\u00e1l jobban tudjuk kezelni a h\u00e1tprobl\u00e9m\u00e1nkat is. Fot\u00f3: Kelly Sikkema I Unsplash<\/figcaption><\/figure>\n<p>A ter\u00e1pia sor\u00e1n azt k\u00e9rt\u00e9k a r\u00e9sztvev\u0151kt\u0151l, hogy ossz\u00e1k meg, szerint\u00fck mi okozza a f\u00e1jdalmukat. B\u00e1r sokan kezdetben s\u00e9r\u00fcl\u00e9seket vagy a gyenge izmoknak \u00e9rezt\u00e9k a ludasnak, a k\u00e9s\u0151bbi besz\u00e9lget\u00e9sek a f\u00e9lelemr\u0151l \u00e9s szorong\u00e1sr\u00f3l \u00faj megk\u00f6zel\u00edt\u00e9st adtak.<\/p>\n<p><em>&#8220;Min\u00e9l ink\u00e1bb felismert\u00e9k a f\u00e1jdalom \u00e9s a f\u00e9lelem kapcsolatot, ann\u00e1l kev\u00e9sb\u00e9 \u00e9rezt\u00e9k az el\u0151bbit&#8221;<\/em>, mondta Ashar. <em>&#8220;Ha cs\u00f6kkenteni tudjuk a f\u00e9lelmet a f\u00e1jdalomt\u00f3l \u00e9s az elker\u00fcl\u00e9st,\u00a0 meg\u00e9rthetj\u00fck, milyen egy eg\u00e9szs\u00e9ges, f\u00e1jdalomcsillap\u00edt\u00f3 viselked\u00e9s, mint p\u00e9ld\u00e1ul a mozg\u00e1s.&#8221; <\/em>Azok sz\u00e1m\u00e1ra, akiknek nincs hozz\u00e1f\u00e9r\u00e9se az ilyen ter\u00e1pi\u00e1khoz, Ashar szerint az is seg\u00edt, ha egyszer\u0171en elismerik, hogy az agy &#8211; k\u00fcl\u00f6n\u00f6sen az \u00e9rzelmi folyamatok &#8211; jelent\u0151s szerepet j\u00e1tszhat a kr\u00f3nikus h\u00e1tf\u00e1j\u00e1s kialakul\u00e1s\u00e1ban. Ezzel \u00e1tstruktur\u00e1lhatjuk a hiedelmeket arr\u00f3l, mi okozza a f\u00e1jdalmat. Egy ilyen \u00faj perspekt\u00edva &#8211; b\u00e1r lehet, hogy nem sz\u00fcnteti meg teljesen a probl\u00e9m\u00e1t -, cs\u00f6kkentheti a f\u00e1jdalom szintj\u00e9t, \u00edgy az kezelhet\u0151bb lesz, \u00e9s k\u00f6nnyebben le tudod majd gy\u0151zni.<\/p>\n<p><em>Forr\u00e1s: <\/em><a href=\"https:\/\/www.bicycling.com\/health-nutrition\/a45897729\/mental-side-of-chronic-back-pain-study\/\"><em>bicycling.com<\/em><\/a><\/p>\n","protected":false},"excerpt":{"rendered":"<p>Egy \u00faj tanulm\u00e1ny szerint nem el\u00e9g a f\u00e1jdalom fizikai aspektusaira keresni megold\u00e1st &#8211; a ment\u00e1lis okokat is kezelni kell.<\/p>\n","protected":false},"author":71,"featured_media":18166,"comment_status":"open","ping_status":"open","sticky":false,"template":"","format":"standard","meta":{"footnotes":""},"categories":[6],"tags":[],"global-categories":[],"class_list":["post-18165","post","type-post","status-publish","format-standard","has-post-thumbnail","hentry","category-edzes-es-eletmod"],"yoast_head":"<!-- This site is optimized with the Yoast SEO Premium plugin v25.3 (Yoast SEO v25.9) - https:\/\/yoast.com\/wordpress\/plugins\/seo\/ -->\n<title>Egy kutat\u00e1s r\u00e1vil\u00e1g\u00edtott a kr\u00f3nikus h\u00e1tf\u00e1j\u00e1s ment\u00e1lis oldal\u00e1ra<\/title>\n<meta name=\"description\" content=\"Egy \u00faj tanulm\u00e1ny szerint nem el\u00e9g a f\u00e1jdalom fizikai aspektusaira keresni megold\u00e1st - a ment\u00e1lis okokat is kezelni kell.\" \/>\n<meta name=\"robots\" content=\"index, follow, max-snippet:-1, max-image-preview:large, max-video-preview:-1\" \/>\n<link rel=\"canonical\" href=\"https:\/\/www.welovecycling.com\/hu\/edzes-es-eletmod\/egy-kutatas-ravilagitott-a-kronikus-hatfajas-mentalis-oldalara\/\" \/>\n<meta property=\"og:locale\" content=\"hu_HU\" \/>\n<meta property=\"og:type\" content=\"article\" \/>\n<meta property=\"og:title\" content=\"Egy kutat\u00e1s r\u00e1vil\u00e1g\u00edtott a kr\u00f3nikus h\u00e1tf\u00e1j\u00e1s ment\u00e1lis oldal\u00e1ra\" \/>\n<meta property=\"og:description\" content=\"Egy \u00faj tanulm\u00e1ny szerint nem el\u00e9g a f\u00e1jdalom fizikai aspektusaira keresni megold\u00e1st - a ment\u00e1lis okokat is kezelni kell.\" \/>\n<meta property=\"og:url\" content=\"https:\/\/www.welovecycling.com\/hu\/edzes-es-eletmod\/egy-kutatas-ravilagitott-a-kronikus-hatfajas-mentalis-oldalara\/\" \/>\n<meta property=\"og:site_name\" content=\"\u0160koda We Love Cycling - Magyarorsz\u00e1g\" \/>\n<meta property=\"article:publisher\" content=\"https:\/\/www.facebook.com\/WeLoveCyclingHungary\/\" \/>\n<meta property=\"article:published_time\" content=\"2023-12-02T06:00:58+00:00\" \/>\n<meta property=\"og:image\" content=\"https:\/\/d2p6e6u75xmxt8.cloudfront.net\/12\/2023\/11\/keenan-constance-nfmoJh9n4PM-unsplash.webp\" \/>\n\t<meta property=\"og:image:width\" content=\"1920\" \/>\n\t<meta property=\"og:image:height\" content=\"1574\" \/>\n\t<meta property=\"og:image:type\" content=\"image\/webp\" \/>\n<meta name=\"author\" content=\"hegyizs\" \/>\n<meta name=\"twitter:card\" content=\"summary_large_image\" \/>\n<meta name=\"twitter:label1\" content=\"Written by\" \/>\n\t<meta name=\"twitter:data1\" content=\"WLC\" \/>\n\t<meta name=\"twitter:label2\" content=\"Est. reading time\" \/>\n\t<meta name=\"twitter:data2\" content=\"4 minutes\" \/>\n<script type=\"application\/ld+json\" class=\"yoast-schema-graph\">{\"@context\":\"https:\/\/schema.org\",\"@graph\":[{\"@type\":\"WebPage\",\"@id\":\"https:\/\/www.welovecycling.com\/hu\/edzes-es-eletmod\/egy-kutatas-ravilagitott-a-kronikus-hatfajas-mentalis-oldalara\/\",\"url\":\"https:\/\/www.welovecycling.com\/hu\/edzes-es-eletmod\/egy-kutatas-ravilagitott-a-kronikus-hatfajas-mentalis-oldalara\/\",\"name\":\"Egy kutat\u00e1s r\u00e1vil\u00e1g\u00edtott a kr\u00f3nikus h\u00e1tf\u00e1j\u00e1s ment\u00e1lis oldal\u00e1ra\",\"isPartOf\":{\"@id\":\"https:\/\/www.welovecycling.com\/hu\/#website\"},\"primaryImageOfPage\":{\"@id\":\"https:\/\/www.welovecycling.com\/hu\/edzes-es-eletmod\/egy-kutatas-ravilagitott-a-kronikus-hatfajas-mentalis-oldalara\/#primaryimage\"},\"image\":{\"@id\":\"https:\/\/www.welovecycling.com\/hu\/edzes-es-eletmod\/egy-kutatas-ravilagitott-a-kronikus-hatfajas-mentalis-oldalara\/#primaryimage\"},\"thumbnailUrl\":\"https:\/\/d2p6e6u75xmxt8.cloudfront.net\/12\/2023\/11\/keenan-constance-nfmoJh9n4PM-unsplash.webp\",\"datePublished\":\"2023-12-02T06:00:58+00:00\",\"author\":{\"@id\":\"https:\/\/www.welovecycling.com\/hu\/#\/schema\/person\/414a2aebf1801691a5320edb6468e194\"},\"description\":\"Egy \u00faj tanulm\u00e1ny szerint nem el\u00e9g a f\u00e1jdalom fizikai aspektusaira keresni megold\u00e1st - a ment\u00e1lis okokat is kezelni kell.\",\"breadcrumb\":{\"@id\":\"https:\/\/www.welovecycling.com\/hu\/edzes-es-eletmod\/egy-kutatas-ravilagitott-a-kronikus-hatfajas-mentalis-oldalara\/#breadcrumb\"},\"inLanguage\":\"hu\",\"potentialAction\":[{\"@type\":\"ReadAction\",\"target\":[\"https:\/\/www.welovecycling.com\/hu\/edzes-es-eletmod\/egy-kutatas-ravilagitott-a-kronikus-hatfajas-mentalis-oldalara\/\"]}]},{\"@type\":\"ImageObject\",\"inLanguage\":\"hu\",\"@id\":\"https:\/\/www.welovecycling.com\/hu\/edzes-es-eletmod\/egy-kutatas-ravilagitott-a-kronikus-hatfajas-mentalis-oldalara\/#primaryimage\",\"url\":\"https:\/\/d2p6e6u75xmxt8.cloudfront.net\/12\/2023\/11\/keenan-constance-nfmoJh9n4PM-unsplash.webp\",\"contentUrl\":\"https:\/\/d2p6e6u75xmxt8.cloudfront.net\/12\/2023\/11\/keenan-constance-nfmoJh9n4PM-unsplash.webp\",\"width\":1920,\"height\":1574},{\"@type\":\"BreadcrumbList\",\"@id\":\"https:\/\/www.welovecycling.com\/hu\/edzes-es-eletmod\/egy-kutatas-ravilagitott-a-kronikus-hatfajas-mentalis-oldalara\/#breadcrumb\",\"itemListElement\":[{\"@type\":\"ListItem\",\"position\":1,\"name\":\"Home\",\"item\":\"https:\/\/www.welovecycling.com\/hu\/\"},{\"@type\":\"ListItem\",\"position\":2,\"name\":\"Egy kutat\u00e1s r\u00e1vil\u00e1g\u00edtott a kr\u00f3nikus h\u00e1tf\u00e1j\u00e1s ment\u00e1lis oldal\u00e1ra\"}]},{\"@type\":\"WebSite\",\"@id\":\"https:\/\/www.welovecycling.com\/hu\/#website\",\"url\":\"https:\/\/www.welovecycling.com\/hu\/\",\"name\":\"\u0160koda We Love Cycling - Magyarorsz\u00e1g\",\"description\":\"\u0160koda WeLoveCycling\",\"potentialAction\":[{\"@type\":\"SearchAction\",\"target\":{\"@type\":\"EntryPoint\",\"urlTemplate\":\"https:\/\/www.welovecycling.com\/hu\/?s={search_term_string}\"},\"query-input\":{\"@type\":\"PropertyValueSpecification\",\"valueRequired\":true,\"valueName\":\"search_term_string\"}}],\"inLanguage\":\"hu\"},{\"@type\":\"Person\",\"@id\":\"https:\/\/www.welovecycling.com\/hu\/#\/schema\/person\/414a2aebf1801691a5320edb6468e194\",\"name\":\"hegyizs\",\"image\":{\"@type\":\"ImageObject\",\"inLanguage\":\"hu\",\"@id\":\"https:\/\/www.welovecycling.com\/hu\/#\/schema\/person\/image\/\",\"url\":\"https:\/\/secure.gravatar.com\/avatar\/02cf8a7906b8cf90cecb4679defac7cfd33a1c2e3b88e4903d947f3bb58eedd3?s=96&d=mm&r=g\",\"contentUrl\":\"https:\/\/secure.gravatar.com\/avatar\/02cf8a7906b8cf90cecb4679defac7cfd33a1c2e3b88e4903d947f3bb58eedd3?s=96&d=mm&r=g\",\"caption\":\"hegyizs\"},\"url\":\"https:\/\/www.welovecycling.com\/hu\/author\/hegyizs\/\"}]}<\/script>\n<!-- \/ Yoast SEO Premium plugin. -->","yoast_head_json":{"title":"Egy kutat\u00e1s r\u00e1vil\u00e1g\u00edtott a kr\u00f3nikus h\u00e1tf\u00e1j\u00e1s ment\u00e1lis oldal\u00e1ra","description":"Egy \u00faj tanulm\u00e1ny szerint nem el\u00e9g a f\u00e1jdalom fizikai aspektusaira keresni megold\u00e1st - a ment\u00e1lis okokat is kezelni kell.","robots":{"index":"index","follow":"follow","max-snippet":"max-snippet:-1","max-image-preview":"max-image-preview:large","max-video-preview":"max-video-preview:-1"},"canonical":"https:\/\/www.welovecycling.com\/hu\/edzes-es-eletmod\/egy-kutatas-ravilagitott-a-kronikus-hatfajas-mentalis-oldalara\/","og_locale":"hu_HU","og_type":"article","og_title":"Egy kutat\u00e1s r\u00e1vil\u00e1g\u00edtott a kr\u00f3nikus h\u00e1tf\u00e1j\u00e1s ment\u00e1lis oldal\u00e1ra","og_description":"Egy \u00faj tanulm\u00e1ny szerint nem el\u00e9g a f\u00e1jdalom fizikai aspektusaira keresni megold\u00e1st - a ment\u00e1lis okokat is kezelni kell.","og_url":"https:\/\/www.welovecycling.com\/hu\/edzes-es-eletmod\/egy-kutatas-ravilagitott-a-kronikus-hatfajas-mentalis-oldalara\/","og_site_name":"\u0160koda We Love Cycling - Magyarorsz\u00e1g","article_publisher":"https:\/\/www.facebook.com\/WeLoveCyclingHungary\/","article_published_time":"2023-12-02T06:00:58+00:00","og_image":[{"width":1920,"height":1574,"url":"https:\/\/d2p6e6u75xmxt8.cloudfront.net\/12\/2023\/11\/keenan-constance-nfmoJh9n4PM-unsplash.webp","type":"image\/webp"}],"author":"hegyizs","twitter_card":"summary_large_image","twitter_misc":{"Written by":"WLC","Est. reading time":"4 minutes"},"schema":{"@context":"https:\/\/schema.org","@graph":[{"@type":"WebPage","@id":"https:\/\/www.welovecycling.com\/hu\/edzes-es-eletmod\/egy-kutatas-ravilagitott-a-kronikus-hatfajas-mentalis-oldalara\/","url":"https:\/\/www.welovecycling.com\/hu\/edzes-es-eletmod\/egy-kutatas-ravilagitott-a-kronikus-hatfajas-mentalis-oldalara\/","name":"Egy kutat\u00e1s r\u00e1vil\u00e1g\u00edtott a kr\u00f3nikus h\u00e1tf\u00e1j\u00e1s ment\u00e1lis oldal\u00e1ra","isPartOf":{"@id":"https:\/\/www.welovecycling.com\/hu\/#website"},"primaryImageOfPage":{"@id":"https:\/\/www.welovecycling.com\/hu\/edzes-es-eletmod\/egy-kutatas-ravilagitott-a-kronikus-hatfajas-mentalis-oldalara\/#primaryimage"},"image":{"@id":"https:\/\/www.welovecycling.com\/hu\/edzes-es-eletmod\/egy-kutatas-ravilagitott-a-kronikus-hatfajas-mentalis-oldalara\/#primaryimage"},"thumbnailUrl":"https:\/\/d2p6e6u75xmxt8.cloudfront.net\/12\/2023\/11\/keenan-constance-nfmoJh9n4PM-unsplash.webp","datePublished":"2023-12-02T06:00:58+00:00","author":{"@id":"https:\/\/www.welovecycling.com\/hu\/#\/schema\/person\/414a2aebf1801691a5320edb6468e194"},"description":"Egy \u00faj tanulm\u00e1ny szerint nem el\u00e9g a f\u00e1jdalom fizikai aspektusaira keresni megold\u00e1st - a ment\u00e1lis okokat is kezelni kell.","breadcrumb":{"@id":"https:\/\/www.welovecycling.com\/hu\/edzes-es-eletmod\/egy-kutatas-ravilagitott-a-kronikus-hatfajas-mentalis-oldalara\/#breadcrumb"},"inLanguage":"hu","potentialAction":[{"@type":"ReadAction","target":["https:\/\/www.welovecycling.com\/hu\/edzes-es-eletmod\/egy-kutatas-ravilagitott-a-kronikus-hatfajas-mentalis-oldalara\/"]}]},{"@type":"ImageObject","inLanguage":"hu","@id":"https:\/\/www.welovecycling.com\/hu\/edzes-es-eletmod\/egy-kutatas-ravilagitott-a-kronikus-hatfajas-mentalis-oldalara\/#primaryimage","url":"https:\/\/d2p6e6u75xmxt8.cloudfront.net\/12\/2023\/11\/keenan-constance-nfmoJh9n4PM-unsplash.webp","contentUrl":"https:\/\/d2p6e6u75xmxt8.cloudfront.net\/12\/2023\/11\/keenan-constance-nfmoJh9n4PM-unsplash.webp","width":1920,"height":1574},{"@type":"BreadcrumbList","@id":"https:\/\/www.welovecycling.com\/hu\/edzes-es-eletmod\/egy-kutatas-ravilagitott-a-kronikus-hatfajas-mentalis-oldalara\/#breadcrumb","itemListElement":[{"@type":"ListItem","position":1,"name":"Home","item":"https:\/\/www.welovecycling.com\/hu\/"},{"@type":"ListItem","position":2,"name":"Egy kutat\u00e1s r\u00e1vil\u00e1g\u00edtott a kr\u00f3nikus h\u00e1tf\u00e1j\u00e1s ment\u00e1lis oldal\u00e1ra"}]},{"@type":"WebSite","@id":"https:\/\/www.welovecycling.com\/hu\/#website","url":"https:\/\/www.welovecycling.com\/hu\/","name":"\u0160koda We Love Cycling - Magyarorsz\u00e1g","description":"\u0160koda WeLoveCycling","potentialAction":[{"@type":"SearchAction","target":{"@type":"EntryPoint","urlTemplate":"https:\/\/www.welovecycling.com\/hu\/?s={search_term_string}"},"query-input":{"@type":"PropertyValueSpecification","valueRequired":true,"valueName":"search_term_string"}}],"inLanguage":"hu"},{"@type":"Person","@id":"https:\/\/www.welovecycling.com\/hu\/#\/schema\/person\/414a2aebf1801691a5320edb6468e194","name":"hegyizs","image":{"@type":"ImageObject","inLanguage":"hu","@id":"https:\/\/www.welovecycling.com\/hu\/#\/schema\/person\/image\/","url":"https:\/\/secure.gravatar.com\/avatar\/02cf8a7906b8cf90cecb4679defac7cfd33a1c2e3b88e4903d947f3bb58eedd3?s=96&d=mm&r=g","contentUrl":"https:\/\/secure.gravatar.com\/avatar\/02cf8a7906b8cf90cecb4679defac7cfd33a1c2e3b88e4903d947f3bb58eedd3?s=96&d=mm&r=g","caption":"hegyizs"},"url":"https:\/\/www.welovecycling.com\/hu\/author\/hegyizs\/"}]}},"_links":{"self":[{"href":"https:\/\/www.welovecycling.com\/hu\/wp-json\/wp\/v2\/posts\/18165","targetHints":{"allow":["GET"]}}],"collection":[{"href":"https:\/\/www.welovecycling.com\/hu\/wp-json\/wp\/v2\/posts"}],"about":[{"href":"https:\/\/www.welovecycling.com\/hu\/wp-json\/wp\/v2\/types\/post"}],"author":[{"embeddable":true,"href":"https:\/\/www.welovecycling.com\/hu\/wp-json\/wp\/v2\/users\/71"}],"replies":[{"embeddable":true,"href":"https:\/\/www.welovecycling.com\/hu\/wp-json\/wp\/v2\/comments?post=18165"}],"version-history":[{"count":1,"href":"https:\/\/www.welovecycling.com\/hu\/wp-json\/wp\/v2\/posts\/18165\/revisions"}],"predecessor-version":[{"id":18169,"href":"https:\/\/www.welovecycling.com\/hu\/wp-json\/wp\/v2\/posts\/18165\/revisions\/18169"}],"wp:featuredmedia":[{"embeddable":true,"href":"https:\/\/www.welovecycling.com\/hu\/wp-json\/wp\/v2\/media\/18166"}],"wp:attachment":[{"href":"https:\/\/www.welovecycling.com\/hu\/wp-json\/wp\/v2\/media?parent=18165"}],"wp:term":[{"taxonomy":"category","embeddable":true,"href":"https:\/\/www.welovecycling.com\/hu\/wp-json\/wp\/v2\/categories?post=18165"},{"taxonomy":"post_tag","embeddable":true,"href":"https:\/\/www.welovecycling.com\/hu\/wp-json\/wp\/v2\/tags?post=18165"},{"taxonomy":"global-categories","embeddable":true,"href":"https:\/\/www.welovecycling.com\/hu\/wp-json\/wp\/v2\/global-categories?post=18165"}],"curies":[{"name":"wp","href":"https:\/\/api.w.org\/{rel}","templated":true}]}}