{"id":18161,"date":"2023-12-02T09:00:51","date_gmt":"2023-12-02T07:00:51","guid":{"rendered":"https:\/\/www.welovecycling.com\/hu\/?p=18161"},"modified":"2023-11-24T16:01:57","modified_gmt":"2023-11-24T14:01:57","slug":"a-legnagyobb-kihivast-jelento-ultraversenyek-amiket-muszaj-kiprobalnod","status":"publish","type":"post","link":"https:\/\/www.welovecycling.com\/hu\/trekking-mtb\/a-legnagyobb-kihivast-jelento-ultraversenyek-amiket-muszaj-kiprobalnod\/","title":{"rendered":"A legnagyobb kih\u00edv\u00e1st jelent\u0151 ultraversenyek, amiket musz\u00e1j kipr\u00f3b\u00e1lnod"},"content":{"rendered":"<p><strong>V\u00e9kony a hat\u00e1rvonal egy h\u00e9tk\u00f6znapi ker\u00e9kp\u00e1roz\u00e1s \u00e9s egy ultraverseny k\u00f6z\u00f6tt. Na j\u00f3, tal\u00e1n m\u00e9gsem olyan v\u00e9kony, de ki ne \u00e1lmodna arr\u00f3l, hogy r\u00e9szt vesz egy ilyen esem\u00e9nyen? Egy ultrat\u00e1v\u00fa ker\u00e9kp\u00e1rverseny pap\u00edron val\u00f3ban csod\u00e1san fest, de az indul\u00e1st k\u00f6vet\u0151en hamar r\u00e1j\u00f6n az ember, hogy nem is olyan k\u00f6nny\u0171 megtenni azt a t\u00f6bb sz\u00e1z vagy t\u00f6bb ezer kilom\u00e9tert. Ahhoz, hogy teljes\u00edteni tudj egy ilyen kih\u00edv\u00e1st, sz\u00e1mos dolognak kell megfelelned. El\u0151sz\u00f6r is, elk\u00f6telez\u0151d\u00e9sre van sz\u00fcks\u00e9g. Azt\u00e1n a versenyre val\u00f3 felk\u00e9sz\u00fcl\u00e9s is hatalmas er\u0151fesz\u00edt\u00e9seket ig\u00e9nyel. A legfontosabb k\u00f6vetelm\u00e9ny azonban az egyes versenyt\u00edpusok ismerete, hogy a sz\u00e1modra legmegfelel\u0151bbet tudd kiv\u00e1lasztani. Ebben az 5 legvadabb ultraversenyt hoztuk el. <\/strong><\/p>\n<p><!--more--><\/p>\n<h2><strong>1. Dragon Devil<\/strong><\/h2>\n<p>Kezdj\u00fck egy r\u00f6videbb t\u00e1v\u00fa versennyel, csak hogy egy kicsit beinduljon a fant\u00e1zi\u00e1d. A Dragon Devil az Egyes\u00fclt Kir\u00e1lys\u00e1g egyik legikonikusabb sportesem\u00e9nye, egyben a Dragon-sorozat leghosszabb \u00e9s legkimer\u00edt\u0151bb kih\u00edv\u00e1sa. Ez az epikus ker\u00e9kp\u00e1rverseny nem a gyenge idegzet\u0171eknek vagy a k\u00e9nyelmet kedvel\u0151knek val\u00f3.<\/p>\n<p>A futam Port Talbotb\u00f3l indul \u00e9s 296 kilom\u00e9tert \u00f6lel fel, ami pr\u00f3b\u00e1ra teszi a versenyz\u0151k elsz\u00e1nts\u00e1g\u00e1t, erej\u00e9t \u00e9s kitart\u00e1s\u00e1t is. A verseny a Brecon Beacons Nemzeti Park ter\u00fclet\u00e9n zajlik, amely kih\u00edv\u00e1st jelent\u0151 emelked\u0151ir\u0151l \u00e9s dr\u00e1mai t\u00e1jair\u00f3l ismert. Az igaz\u00e1n sz\u00e9p kil\u00e1t\u00e1s\u00e9rt azonban 4614 m\u00e9tert kell megm\u00e1szni. Semmis\u00e9g, igaz? A Pen y Fan fel\u00e9 vezet\u0151 \u00faton tov\u00e1bb\u00e1, amely D\u00e9l-Wales legmagasabb hegycs\u00facsa, a versenyz\u0151knek egy sor kimer\u00edt\u0151 emelked\u0151t kell lek\u00fczdeni\u00fck.<\/p>\n<p>A legt\u00f6bb mai versennyel ellent\u00e9tben a Dragon Devil egy egynapos kih\u00edv\u00e1s. Ez azonban nem azt jelenti, hogy a futam k\u00f6nny\u0171. A v\u00e9rt \u00e9s verejt\u00e9ket k\u00edv\u00e1n\u00f3 nap minden tekintetben pr\u00f3b\u00e1ra teszi a versenyz\u0151ket.<\/p>\n<p style=\"font-weight: 400;\">A Dragon Devil ennek ellen\u00e9re m\u00e9gis vonzza a b\u00e1tor ker\u00e9kp\u00e1rosokat. R\u00e9szt venni ezen a versenyen olyan, mintha egy s\u00e1rk\u00e1nyt pr\u00f3b\u00e1ln\u00e1l megszel\u00edd\u00edteni &#8211; vad, kisz\u00e1m\u00edthatatlan \u00e9s f\u00e9lelmetes. Ha siker\u00fcl teljes\u00edtened ezt a megm\u00e9rettet\u00e9st, nem csak a Dragon Devil becs\u00fcletjelv\u00e9nyt nyered el, de egy \u00e9letre sz\u00f3l\u00f3 eml\u00e9kkel is gazdagodni fogsz.<\/p>\n<div class=\"embed-controller-wrapper\">\n<blockquote class=\"twitter-tweet\" data-width=\"500\" data-dnt=\"true\">\n<p lang=\"en\" dir=\"ltr\">Ride for Team <a href=\"https:\/\/twitter.com\/macmillancancer?ref_src=twsrc%5Etfw\">@macmillancancer<\/a> at Dragon Ride 2024! \ud83d\udc09 Support includes:<\/p>\n<p>Free Team Macmillan jersey<br \/>Exclusive training programmes <br \/>Coaching sessions and more!<br \/>\u00a0<br \/>We do whatever it takes for people living with cancer! \ud83d\udc9a<\/p>\n<p>Join here \ud83d\udc49 <a href=\"https:\/\/t.co\/0KOpNJPvTk\">https:\/\/t.co\/0KOpNJPvTk<\/a> <a href=\"https:\/\/t.co\/kodRxZ9dzz\">pic.twitter.com\/kodRxZ9dzz<\/a><\/p>\n<p>&mdash; Dragon Ride (@DragonRideWales) <a href=\"https:\/\/twitter.com\/DragonRideWales\/status\/1722222571847057864?ref_src=twsrc%5Etfw\">November 8, 2023<\/a><\/p><\/blockquote>\n<p><script async data-src=\"https:\/\/platform.twitter.com\/widgets.js\" charset=\"utf-8\"><\/script><\/div>\n<h2><strong>2. Swiss Epic<\/strong><\/h2>\n<p>Esetleg valami mountain bike-osabbra v\u00e1gysz? Mit sz\u00f3ln\u00e1l egy 340 kilom\u00e9teres meredek hegyi \u00fatvonalhoz? J\u00f3l hangzik? Akkor a Swiss Epic az, amit keresel.<\/p>\n<p style=\"font-weight: 400;\">A Swiss Epic egy \u00e9vente megrendezett 8 napos hegyiker\u00e9kp\u00e1ros szakaszverseny, amit a sv\u00e1jci Grisons Cantonban tartanak. Mivel ez az Epic sorozat egyik legnehezebb kih\u00edv\u00e1sa, \u00e9rtelemszer\u0171en nem val\u00f3 mindenkinek. Ez a verseny a legjobbaknak k\u00e9sz\u00fclt. A ker\u00e9kp\u00e1rosoknak nyolc nap alatt k\u00f6zel 13 000 m\u00e9ternyi szintemelked\u00e9st kell lek\u00fczdeni\u00fck, \u00edgy, ha \u00fagy d\u00f6ntesz, v\u00e9gig csin\u00e1lod a futamot, j\u00f3, ha tiszt\u00e1ban vagy vele, hogy bizony nem ak\u00e1rmilyen virg\u00e1csokra lesz sz\u00fcks\u00e9ged.<\/p>\n<p>A verseny neh\u00e9zs\u00e9gi szintje ellen\u00e9re, a Swiss Epic nem korl\u00e1tozza a nevez\u00e9seket csup\u00e1n a profi ker\u00e9kp\u00e1rosokra. Mindenkit sz\u00edvesen l\u00e1tnak, de a megm\u00e9rettet\u00e9sre csak saj\u00e1t felel\u0151ss\u00e9gre lehet jelentkezni. Amellett, hogy egy \u00f3ri\u00e1si kih\u00edv\u00e1st tartogat mag\u00e1ban, n\u00e9zz\u00fck, mit lehet m\u00e9g tudni a Swiss Epic-r\u0151l:<\/p>\n<p>A versenyz\u0151knek \u00e1tlagosan 70 km-t kell megtenni\u00fck szakaszonk\u00e9nt. Ez els\u0151re tal\u00e1n nem t\u0171nik olyan hossz\u00fanak, azonban a durva alpesi tereppel \u00e9s a napi 2000 m\u00e9ternyi emelked\u0151vel a feladat teljes\u00edt\u00e9se szinte lehetetlenn\u00e9 v\u00e1lik. Szerinted k\u00e9szen \u00e1llsz a kelet-sv\u00e1jci Alpok ny\u00fajtotta epikus kih\u00edv\u00e1sra? Csak egy m\u00f3don tudhatod meg: csatlakozz a m\u00f3k\u00e1hoz! A k\u00f6vetkez\u0151 verseny 2024. augusztus 20-24. k\u00f6z\u00f6tt lesz. V\u00e9sd be a napt\u00e1radba.<\/p>\n<h2><strong>3. Highland Trail<\/strong><\/h2>\n<p>A sv\u00e1jci Alpokban \u00e9s a Balk\u00e1non tett r\u00f6vid kit\u00e9r\u0151 ut\u00e1n t\u00e9rj\u00fcnk vissza Nagy-Britanni\u00e1ba. Pontosabban annak is az \u00e9szaki r\u00e9sz\u00e9re. A Highland Trail 550 egy \u00f6nell\u00e1t\u00f3, ultrat\u00e1v\u00fa hegyiker\u00e9kp\u00e1rverseny, amely a sk\u00f3t felf\u00f6ld\u00f6n vezet kereszt\u00fcl. Ritk\u00e1n van lehet\u0151s\u00e9ged enn\u00e9l nyugodtabb \u00e9s fest\u0151ibb helysz\u00ednen tekerni, ez azonban csak a hab a tort\u00e1n. A verseny sor\u00e1n bizony k\u00fczdeni is kell, hiszen az el\u0151\u00edrt 890 kilom\u00e9teres t\u00e1vot mind\u00f6ssze t\u00edz nap alatt kell teljes\u00edteni. A leggyorsabb ker\u00e9kp\u00e1rosoknak persze nincs sz\u00fcks\u00e9g\u00fck ennyi id\u0151re. Vannak olyanok, akik alig n\u00e9gy nap alatt c\u00e9lba \u00e9rnek. Erre Te azt mondod, rekordot d\u00f6ntesz, \u00e9s h\u00e1rom nap alatt v\u00e9gig csin\u00e1lod a versenyt, mire mi azt mondjuk, sok szerencs\u00e9t. Ha a futam csak ennyib\u0151l \u00e1llna, m\u00e9g siker\u00fclhetne is, ugyanis itt nem a t\u00e1vols\u00e1g a legnagyobb probl\u00e9ma. Az igaz\u00e1n nagy kih\u00edv\u00e1s a 18\u00a0500 m\u00e9ternyi szintemelked\u00e9s.<\/p>\n<p>K\u00e1rp\u00f3tolhat azonban a tudat, hogy a verseny sor\u00e1n val\u00f3ban megn\u00e9zheted Nagy-Britannia legcsod\u00e1latosabb r\u00e9szeit. Vegyes terepeken tekerhetsz, mint az egy- \u00e9s k\u00e9ts\u00e1vos utak vagy a kavicsos \u00f6sv\u00e9nyek, k\u00f6zben pedig szikl\u00e1s hegyekben, s\u0171r\u0171 erd\u0151kben \u00e9s fest\u0151i tavakban gy\u00f6ny\u00f6rk\u00f6dhetsz, amelyek t\u00f6bbs\u00e9g\u00e9ben nincs benne az a bizonyos dinoszaurusz-szer\u0171 l\u00e9ny.<\/p>\n<p>K\u00e9ts\u00e9gtelen\u00fcl \u00e9lm\u00e9nyd\u00fas megm\u00e9rettet\u00e9snek t\u0171nik, a versenyt azonban nem szabad al\u00e1becs\u00fclni. A futam teljesen \u00f6nell\u00e1t\u00f3, teh\u00e1t mindent magaddal kell vinned, amire a 4-10 napos t\u00fara sor\u00e1n sz\u00fcks\u00e9ged lehet.<\/p>\n<p>A verseny egyik legcs\u00e1b\u00edt\u00f3bb eleme tov\u00e1bb\u00e1 a navig\u00e1ci\u00f3. Minden r\u00e9sztvev\u0151nek saj\u00e1t mag\u00e1nak kell v\u00e9gignavig\u00e1lnia az \u00fatvonalon, kiz\u00e1r\u00f3lag GPS \u00e9s t\u00e9rk\u00e9pek seg\u00edts\u00e9g\u00e9vel. Nincsenek jelz\u00e9sek, a r\u00e9sztvev\u0151knek maguknak kell megtal\u00e1lniuk a helyes \u00fatvonalat. Na, ezt nevezz\u00fck mi igazi sz\u00f3rakoz\u00e1snak.<\/p>\n<h2><strong>4. Haute Route Alps<\/strong><\/h2>\n<p>Ha ak\u00e1r a k\u00e9pess\u00e9geid, ak\u00e1r egy nagy m\u00e1rka t\u00e1mogat\u00e1s\u00e1nak a hi\u00e1nya miatt eddig nem j\u00f6hetett \u00f6ssze a Tour de France-on val\u00f3 r\u00e9szv\u00e9tel, v\u00e1laszthatod az azt k\u00f6vet\u0151 legjobb lehet\u0151s\u00e9get, ami nem m\u00e1s, mint a Haute Route Alps. Ez az orsz\u00e1g\u00fati ker\u00e9kp\u00e1ros esem\u00e9ny ugyanis a Tour legizgalmasabb szakaszait mint\u00e1zza. R\u00e1ad\u00e1sul a tavalyi d\u00f6nt\u0151 Nizz\u00e1ban volt, ahol a Tour j\u00f6v\u0151re v\u00e9get \u00e9r majd.<\/p>\n<p>A teljes verseny 755 km hossz\u00fa \u00e9s h\u00e9t szakaszra oszlik. Minden szakaszon van legal\u00e1bb egy HC-kateg\u00f3ri\u00e1s emelked\u0151, de a legt\u00f6bb vonalon kett\u0151vel is meg kell k\u00fczdeni. A 2023-as versenyen a harmadik szakasz k\u00e9tszer is \u00e1thaladt Alpe D&#8217;Huez-en, \u00edgy az \u00f6sszes\u00edtett szintemelked\u00e9s egy elk\u00e9peszt\u0151, 20 100 m\u00e9teres \u00e9rt\u00e9ket mutatott.<\/p>\n<div class=\"embed-controller-wrapper\">\n<blockquote class=\"twitter-tweet\" data-width=\"500\" data-dnt=\"true\">\n<p lang=\"en\" dir=\"ltr\">What a great reward to enjoy Cormet de Roselend\u2019s views after such a demanding climb! <a href=\"https:\/\/twitter.com\/hashtag\/HauteRoute?src=hash&amp;ref_src=twsrc%5Etfw\">#HauteRoute<\/a> <a href=\"https:\/\/twitter.com\/hashtag\/Alps?src=hash&amp;ref_src=twsrc%5Etfw\">#Alps<\/a> <a href=\"https:\/\/twitter.com\/hashtag\/Stage6?src=hash&amp;ref_src=twsrc%5Etfw\">#Stage6<\/a> <a href=\"https:\/\/twitter.com\/hashtag\/landscape?src=hash&amp;ref_src=twsrc%5Etfw\">#landscape<\/a> <a href=\"https:\/\/twitter.com\/hashtag\/cycling?src=hash&amp;ref_src=twsrc%5Etfw\">#cycling<\/a> <a href=\"https:\/\/t.co\/nSp1CXpbAn\">pic.twitter.com\/nSp1CXpbAn<\/a><\/p>\n<p>&mdash; HauteRoute (@Haute_Route) <a href=\"https:\/\/twitter.com\/Haute_Route\/status\/1563210863510622214?ref_src=twsrc%5Etfw\">August 26, 2022<\/a><\/p><\/blockquote>\n<p><script async data-src=\"https:\/\/platform.twitter.com\/widgets.js\" charset=\"utf-8\"><\/script><\/div>\n<p>Persze ez az esem\u00e9ny sem kezd\u0151knek val\u00f3. Az id\u0151korl\u00e1tok m\u00e1r legal\u00e1bb f\u00e9lprofi szintet k\u00edv\u00e1nnak, a h\u00e9tnapos teker\u00e9s \u00e9s a meredek \u00fatvonalak pedig a fizikai er\u0151n\u00e9l sokkal t\u00f6bbet ig\u00e9nyelnek a versenyz\u0151kt\u0151l.<\/p>\n<p style=\"font-weight: 400;\">Ha m\u00e9gis \u00fagy d\u00f6ntesz, r\u00e9szt veszel a kih\u00edv\u00e1son, \u00e9rdemes figyelemmel k\u00eds\u00e9rni <a href=\"https:\/\/www.hauteroute.org\/events\">az esem\u00e9ny honlapj\u00e1t<\/a> a 2024-es versennyel kapcsolatos inform\u00e1ci\u00f3k\u00e9rt.<\/p>\n<h2><strong>5. \u0160koda Titan Desert Morocco<\/strong><\/h2>\n<p>V\u00e9gezet\u00fcl j\u00f6jj\u00f6n az az esem\u00e9ny, amely minden ker\u00e9kp\u00e1rosb\u00f3l remeg\u00e9st v\u00e1lt ki: a <a href=\"https:\/\/www.welovecycling.com\/hu\/trekking-mtb\/fedezd-fel-dakart-ket-kereken-hogyan-jott-letre-a-skoda-titan-desert\/\">\u0160koda Titan Desert Morocco<\/a>. Ez a verseny a terepker\u00e9kp\u00e1roz\u00e1s kr\u00e9mje. Val\u00f3sz\u00edn\u0171leg ez az egyik legnagyobb kih\u00edv\u00e1s, amivel valaha is szembeker\u00fclhetsz, \u00edgy nem csoda, hogy olyan \u00f3ri\u00e1si megel\u00e9gedetts\u00e9get \u00e9reznek azok a versenyz\u0151k, akik k\u00e9pesek teljes\u00edteni a futam mind a 6 szakasz\u00e1t.<\/p>\n<p>A 600 km-es \u00fatvonal kisv\u00e1rosokon, hatalmas sivatagokon \u00e9s szikl\u00e1s v\u00f6lgyeken vezet kereszt\u00fcl, melynek sor\u00e1n lehet\u0151s\u00e9ged van megtapasztalni a helyiek \u00e9letm\u00f3dj\u00e1t. Emellett 6000 m\u00e9ternyi szintemelked\u00e9s \u00e9s az Atlasz-hegys\u00e9gen val\u00f3 \u00e1tkel\u00e9s is a verseny r\u00e9sz\u00e9t k\u00e9pezi, nem besz\u00e9lve az esem\u00e9nye cs\u00facspontjak\u00e9nt sz\u00e1montartott maratoni szakaszokr\u00f3l, ahol \u00f6n\u00e1ll\u00f3an kell gondoskodnod mindenr\u0151l, amire az \u00fat sor\u00e1n sz\u00fcks\u00e9ged lehet.<\/p>\n<p>A Titan Desert k\u00e9ts\u00e9gtelen\u00fcl az a terep, ahol igazi ultrat\u00e1v\u00fa versenyz\u0151k\u00e9nt bizony\u00edthatsz. Mehetsz a Balk\u00e1nra, Nagy-Britanni\u00e1ba vagy ak\u00e1r az Alpokba, de am\u00edg nem pr\u00f3b\u00e1lod legy\u0151zni a marokk\u00f3i sivatag 37 fokos perzsel\u0151 h\u0151s\u00e9g\u00e9t, addig nem lehetsz igazi tit\u00e1n. A 2024-es verseny \u00c1prilis 28t\u00f3l M\u00e1jus 3ig tart, \u00e9s m\u00e1r<a href=\"https:\/\/www.titandesert.com\/en\"> elindult a jelentkez\u00e9s<\/a>! Siess, a helyek ugyanis el\u00e9g gyorsan fogynak.<\/p>\n<h2><strong>Z\u00e1r\u00f3 gondolatok<\/strong><\/h2>\n<p>A fentiek mellett persze van m\u00e9g ezer m\u00e1s ultrat\u00e1v\u00fa verseny, t\u00f6bbek k\u00f6z\u00f6tt a 45-Southwest vagy a TransContinental. \u00dagyhogy, ha igaz\u00e1n nagy kih\u00edv\u00e1sra v\u00e1gysz, van m\u00e9g mib\u0151l v\u00e1logatni. M\u00e9gis, miel\u0151tt nekiv\u00e1gn\u00e1l ezeknek a t\u00f6bb mint 4000 km hossz\u00fa versenyeknek, el\u0151sz\u00f6r pr\u00f3b\u00e1ld meg teljes\u00edteni a fentiek egyik\u00e9t. Az \u00e1ltalunk javasolt ultrat\u00e1v\u00fa versenyek tal\u00e1n nem a leghosszabbak, de k\u00e9ts\u00e9gtelen\u00fcl a legnagyobb kih\u00edv\u00e1st jelentik mind k\u00f6z\u00fcl. Sz\u00f3val, kezdhetsz ped\u00e1lozni.<\/p>\n","protected":false},"excerpt":{"rendered":"<p>V\u00e9kony a hat\u00e1rvonal egy h\u00e9tk\u00f6znapi ker\u00e9kp\u00e1roz\u00e1s \u00e9s egy ultraverseny k\u00f6z\u00f6tt. Na j\u00f3, tal\u00e1n m\u00e9gsem olyan v\u00e9kony, de ki ne \u00e1lmodna [&hellip;]<\/p>\n","protected":false},"author":71,"featured_media":18162,"comment_status":"open","ping_status":"open","sticky":false,"template":"","format":"standard","meta":{"footnotes":""},"categories":[7],"tags":[],"global-categories":[],"class_list":["post-18161","post","type-post","status-publish","format-standard","has-post-thumbnail","hentry","category-trekking-mtb"],"yoast_head":"<!-- This site is optimized with the Yoast SEO Premium plugin v25.3 (Yoast SEO v25.9) - https:\/\/yoast.com\/wordpress\/plugins\/seo\/ -->\n<title>A legnagyobb kih\u00edv\u00e1st jelent\u0151 ultraversenyek, amiket musz\u00e1j kipr\u00f3b\u00e1lnod<\/title>\n<meta name=\"description\" content=\"V\u00e9kony a hat\u00e1rvonal egy h\u00e9tk\u00f6znapi ker\u00e9kp\u00e1roz\u00e1s \u00e9s egy ultraverseny k\u00f6z\u00f6tt. Na j\u00f3, tal\u00e1n m\u00e9gsem olyan v\u00e9kony, de ki ne \u00e1lmodna arr\u00f3l, hogy r\u00e9szt vesz egy ilyen esem\u00e9nyen? Egy ultrat\u00e1v\u00fa ker\u00e9kp\u00e1rverseny pap\u00edron val\u00f3ban csod\u00e1san fest, de az indul\u00e1st k\u00f6vet\u0151en hamar r\u00e1j\u00f6n az ember, hogy nem is olyan k\u00f6nny\u0171 megtenni azt a t\u00f6bb sz\u00e1z vagy t\u00f6bb ezer kilom\u00e9tert.\" \/>\n<meta name=\"robots\" content=\"index, follow, max-snippet:-1, max-image-preview:large, max-video-preview:-1\" \/>\n<link rel=\"canonical\" href=\"https:\/\/www.welovecycling.com\/hu\/trekking-mtb\/a-legnagyobb-kihivast-jelento-ultraversenyek-amiket-muszaj-kiprobalnod\/\" \/>\n<meta property=\"og:locale\" content=\"hu_HU\" \/>\n<meta property=\"og:type\" content=\"article\" \/>\n<meta property=\"og:title\" content=\"A legnagyobb kih\u00edv\u00e1st jelent\u0151 ultraversenyek, amiket musz\u00e1j kipr\u00f3b\u00e1lnod\" \/>\n<meta property=\"og:description\" content=\"V\u00e9kony a hat\u00e1rvonal egy h\u00e9tk\u00f6znapi ker\u00e9kp\u00e1roz\u00e1s \u00e9s egy ultraverseny k\u00f6z\u00f6tt. Na j\u00f3, tal\u00e1n m\u00e9gsem olyan v\u00e9kony, de ki ne \u00e1lmodna arr\u00f3l, hogy r\u00e9szt vesz egy ilyen esem\u00e9nyen? Egy ultrat\u00e1v\u00fa ker\u00e9kp\u00e1rverseny pap\u00edron val\u00f3ban csod\u00e1san fest, de az indul\u00e1st k\u00f6vet\u0151en hamar r\u00e1j\u00f6n az ember, hogy nem is olyan k\u00f6nny\u0171 megtenni azt a t\u00f6bb sz\u00e1z vagy t\u00f6bb ezer kilom\u00e9tert.\" \/>\n<meta property=\"og:url\" content=\"https:\/\/www.welovecycling.com\/hu\/trekking-mtb\/a-legnagyobb-kihivast-jelento-ultraversenyek-amiket-muszaj-kiprobalnod\/\" \/>\n<meta property=\"og:site_name\" content=\"\u0160koda We Love Cycling - Magyarorsz\u00e1g\" \/>\n<meta property=\"article:publisher\" content=\"https:\/\/www.facebook.com\/WeLoveCyclingHungary\/\" \/>\n<meta property=\"article:published_time\" content=\"2023-12-02T07:00:51+00:00\" \/>\n<meta property=\"og:image\" content=\"https:\/\/d2p6e6u75xmxt8.cloudfront.net\/12\/2023\/11\/Titan-Desert-Stage-3-CVR.webp\" \/>\n\t<meta property=\"og:image:width\" content=\"990\" \/>\n\t<meta property=\"og:image:height\" content=\"660\" \/>\n\t<meta property=\"og:image:type\" content=\"image\/webp\" \/>\n<meta name=\"author\" content=\"hegyizs\" \/>\n<meta name=\"twitter:card\" content=\"summary_large_image\" \/>\n<meta name=\"twitter:label1\" content=\"Written by\" \/>\n\t<meta name=\"twitter:data1\" content=\"Martin Atanasov\" \/>\n\t<meta name=\"twitter:label2\" content=\"Est. reading time\" \/>\n\t<meta name=\"twitter:data2\" content=\"5\" \/>\n<script type=\"application\/ld+json\" class=\"yoast-schema-graph\">{\"@context\":\"https:\/\/schema.org\",\"@graph\":[{\"@type\":\"WebPage\",\"@id\":\"https:\/\/www.welovecycling.com\/hu\/trekking-mtb\/a-legnagyobb-kihivast-jelento-ultraversenyek-amiket-muszaj-kiprobalnod\/\",\"url\":\"https:\/\/www.welovecycling.com\/hu\/trekking-mtb\/a-legnagyobb-kihivast-jelento-ultraversenyek-amiket-muszaj-kiprobalnod\/\",\"name\":\"A legnagyobb kih\u00edv\u00e1st jelent\u0151 ultraversenyek, amiket musz\u00e1j kipr\u00f3b\u00e1lnod\",\"isPartOf\":{\"@id\":\"https:\/\/www.welovecycling.com\/hu\/#website\"},\"primaryImageOfPage\":{\"@id\":\"https:\/\/www.welovecycling.com\/hu\/trekking-mtb\/a-legnagyobb-kihivast-jelento-ultraversenyek-amiket-muszaj-kiprobalnod\/#primaryimage\"},\"image\":{\"@id\":\"https:\/\/www.welovecycling.com\/hu\/trekking-mtb\/a-legnagyobb-kihivast-jelento-ultraversenyek-amiket-muszaj-kiprobalnod\/#primaryimage\"},\"thumbnailUrl\":\"https:\/\/d2p6e6u75xmxt8.cloudfront.net\/12\/2023\/11\/Titan-Desert-Stage-3-CVR.webp\",\"datePublished\":\"2023-12-02T07:00:51+00:00\",\"author\":{\"@id\":\"https:\/\/www.welovecycling.com\/hu\/#\/schema\/person\/414a2aebf1801691a5320edb6468e194\"},\"description\":\"V\u00e9kony a hat\u00e1rvonal egy h\u00e9tk\u00f6znapi ker\u00e9kp\u00e1roz\u00e1s \u00e9s egy ultraverseny k\u00f6z\u00f6tt. Na j\u00f3, tal\u00e1n m\u00e9gsem olyan v\u00e9kony, de ki ne \u00e1lmodna arr\u00f3l, hogy r\u00e9szt vesz egy ilyen esem\u00e9nyen? Egy ultrat\u00e1v\u00fa ker\u00e9kp\u00e1rverseny pap\u00edron val\u00f3ban csod\u00e1san fest, de az indul\u00e1st k\u00f6vet\u0151en hamar r\u00e1j\u00f6n az ember, hogy nem is olyan k\u00f6nny\u0171 megtenni azt a t\u00f6bb sz\u00e1z vagy t\u00f6bb ezer kilom\u00e9tert.\",\"breadcrumb\":{\"@id\":\"https:\/\/www.welovecycling.com\/hu\/trekking-mtb\/a-legnagyobb-kihivast-jelento-ultraversenyek-amiket-muszaj-kiprobalnod\/#breadcrumb\"},\"inLanguage\":\"hu\",\"potentialAction\":[{\"@type\":\"ReadAction\",\"target\":[\"https:\/\/www.welovecycling.com\/hu\/trekking-mtb\/a-legnagyobb-kihivast-jelento-ultraversenyek-amiket-muszaj-kiprobalnod\/\"]}]},{\"@type\":\"ImageObject\",\"inLanguage\":\"hu\",\"@id\":\"https:\/\/www.welovecycling.com\/hu\/trekking-mtb\/a-legnagyobb-kihivast-jelento-ultraversenyek-amiket-muszaj-kiprobalnod\/#primaryimage\",\"url\":\"https:\/\/d2p6e6u75xmxt8.cloudfront.net\/12\/2023\/11\/Titan-Desert-Stage-3-CVR.webp\",\"contentUrl\":\"https:\/\/d2p6e6u75xmxt8.cloudfront.net\/12\/2023\/11\/Titan-Desert-Stage-3-CVR.webp\",\"width\":990,\"height\":660,\"caption\":\"Titan Desert peloton\"},{\"@type\":\"BreadcrumbList\",\"@id\":\"https:\/\/www.welovecycling.com\/hu\/trekking-mtb\/a-legnagyobb-kihivast-jelento-ultraversenyek-amiket-muszaj-kiprobalnod\/#breadcrumb\",\"itemListElement\":[{\"@type\":\"ListItem\",\"position\":1,\"name\":\"Home\",\"item\":\"https:\/\/www.welovecycling.com\/hu\/\"},{\"@type\":\"ListItem\",\"position\":2,\"name\":\"A legnagyobb kih\u00edv\u00e1st jelent\u0151 ultraversenyek, amiket musz\u00e1j kipr\u00f3b\u00e1lnod\"}]},{\"@type\":\"WebSite\",\"@id\":\"https:\/\/www.welovecycling.com\/hu\/#website\",\"url\":\"https:\/\/www.welovecycling.com\/hu\/\",\"name\":\"\u0160koda We Love Cycling - Magyarorsz\u00e1g\",\"description\":\"\u0160koda WeLoveCycling\",\"potentialAction\":[{\"@type\":\"SearchAction\",\"target\":{\"@type\":\"EntryPoint\",\"urlTemplate\":\"https:\/\/www.welovecycling.com\/hu\/?s={search_term_string}\"},\"query-input\":{\"@type\":\"PropertyValueSpecification\",\"valueRequired\":true,\"valueName\":\"search_term_string\"}}],\"inLanguage\":\"hu\"},{\"@type\":\"Person\",\"@id\":\"https:\/\/www.welovecycling.com\/hu\/#\/schema\/person\/414a2aebf1801691a5320edb6468e194\",\"name\":\"hegyizs\",\"image\":{\"@type\":\"ImageObject\",\"inLanguage\":\"hu\",\"@id\":\"https:\/\/www.welovecycling.com\/hu\/#\/schema\/person\/image\/\",\"url\":\"https:\/\/secure.gravatar.com\/avatar\/02cf8a7906b8cf90cecb4679defac7cfd33a1c2e3b88e4903d947f3bb58eedd3?s=96&d=mm&r=g\",\"contentUrl\":\"https:\/\/secure.gravatar.com\/avatar\/02cf8a7906b8cf90cecb4679defac7cfd33a1c2e3b88e4903d947f3bb58eedd3?s=96&d=mm&r=g\",\"caption\":\"hegyizs\"},\"url\":\"https:\/\/www.welovecycling.com\/hu\/author\/hegyizs\/\"}]}<\/script>\n<!-- \/ Yoast SEO Premium plugin. -->","yoast_head_json":{"title":"A legnagyobb kih\u00edv\u00e1st jelent\u0151 ultraversenyek, amiket musz\u00e1j kipr\u00f3b\u00e1lnod","description":"V\u00e9kony a hat\u00e1rvonal egy h\u00e9tk\u00f6znapi ker\u00e9kp\u00e1roz\u00e1s \u00e9s egy ultraverseny k\u00f6z\u00f6tt. Na j\u00f3, tal\u00e1n m\u00e9gsem olyan v\u00e9kony, de ki ne \u00e1lmodna arr\u00f3l, hogy r\u00e9szt vesz egy ilyen esem\u00e9nyen? Egy ultrat\u00e1v\u00fa ker\u00e9kp\u00e1rverseny pap\u00edron val\u00f3ban csod\u00e1san fest, de az indul\u00e1st k\u00f6vet\u0151en hamar r\u00e1j\u00f6n az ember, hogy nem is olyan k\u00f6nny\u0171 megtenni azt a t\u00f6bb sz\u00e1z vagy t\u00f6bb ezer kilom\u00e9tert.","robots":{"index":"index","follow":"follow","max-snippet":"max-snippet:-1","max-image-preview":"max-image-preview:large","max-video-preview":"max-video-preview:-1"},"canonical":"https:\/\/www.welovecycling.com\/hu\/trekking-mtb\/a-legnagyobb-kihivast-jelento-ultraversenyek-amiket-muszaj-kiprobalnod\/","og_locale":"hu_HU","og_type":"article","og_title":"A legnagyobb kih\u00edv\u00e1st jelent\u0151 ultraversenyek, amiket musz\u00e1j kipr\u00f3b\u00e1lnod","og_description":"V\u00e9kony a hat\u00e1rvonal egy h\u00e9tk\u00f6znapi ker\u00e9kp\u00e1roz\u00e1s \u00e9s egy ultraverseny k\u00f6z\u00f6tt. Na j\u00f3, tal\u00e1n m\u00e9gsem olyan v\u00e9kony, de ki ne \u00e1lmodna arr\u00f3l, hogy r\u00e9szt vesz egy ilyen esem\u00e9nyen? Egy ultrat\u00e1v\u00fa ker\u00e9kp\u00e1rverseny pap\u00edron val\u00f3ban csod\u00e1san fest, de az indul\u00e1st k\u00f6vet\u0151en hamar r\u00e1j\u00f6n az ember, hogy nem is olyan k\u00f6nny\u0171 megtenni azt a t\u00f6bb sz\u00e1z vagy t\u00f6bb ezer kilom\u00e9tert.","og_url":"https:\/\/www.welovecycling.com\/hu\/trekking-mtb\/a-legnagyobb-kihivast-jelento-ultraversenyek-amiket-muszaj-kiprobalnod\/","og_site_name":"\u0160koda We Love Cycling - Magyarorsz\u00e1g","article_publisher":"https:\/\/www.facebook.com\/WeLoveCyclingHungary\/","article_published_time":"2023-12-02T07:00:51+00:00","og_image":[{"width":990,"height":660,"url":"https:\/\/d2p6e6u75xmxt8.cloudfront.net\/12\/2023\/11\/Titan-Desert-Stage-3-CVR.webp","type":"image\/webp"}],"author":"hegyizs","twitter_card":"summary_large_image","twitter_misc":{"Written by":"Martin Atanasov","Est. reading time":"5"},"schema":{"@context":"https:\/\/schema.org","@graph":[{"@type":"WebPage","@id":"https:\/\/www.welovecycling.com\/hu\/trekking-mtb\/a-legnagyobb-kihivast-jelento-ultraversenyek-amiket-muszaj-kiprobalnod\/","url":"https:\/\/www.welovecycling.com\/hu\/trekking-mtb\/a-legnagyobb-kihivast-jelento-ultraversenyek-amiket-muszaj-kiprobalnod\/","name":"A legnagyobb kih\u00edv\u00e1st jelent\u0151 ultraversenyek, amiket musz\u00e1j kipr\u00f3b\u00e1lnod","isPartOf":{"@id":"https:\/\/www.welovecycling.com\/hu\/#website"},"primaryImageOfPage":{"@id":"https:\/\/www.welovecycling.com\/hu\/trekking-mtb\/a-legnagyobb-kihivast-jelento-ultraversenyek-amiket-muszaj-kiprobalnod\/#primaryimage"},"image":{"@id":"https:\/\/www.welovecycling.com\/hu\/trekking-mtb\/a-legnagyobb-kihivast-jelento-ultraversenyek-amiket-muszaj-kiprobalnod\/#primaryimage"},"thumbnailUrl":"https:\/\/d2p6e6u75xmxt8.cloudfront.net\/12\/2023\/11\/Titan-Desert-Stage-3-CVR.webp","datePublished":"2023-12-02T07:00:51+00:00","author":{"@id":"https:\/\/www.welovecycling.com\/hu\/#\/schema\/person\/414a2aebf1801691a5320edb6468e194"},"description":"V\u00e9kony a hat\u00e1rvonal egy h\u00e9tk\u00f6znapi ker\u00e9kp\u00e1roz\u00e1s \u00e9s egy ultraverseny k\u00f6z\u00f6tt. Na j\u00f3, tal\u00e1n m\u00e9gsem olyan v\u00e9kony, de ki ne \u00e1lmodna arr\u00f3l, hogy r\u00e9szt vesz egy ilyen esem\u00e9nyen? Egy ultrat\u00e1v\u00fa ker\u00e9kp\u00e1rverseny pap\u00edron val\u00f3ban csod\u00e1san fest, de az indul\u00e1st k\u00f6vet\u0151en hamar r\u00e1j\u00f6n az ember, hogy nem is olyan k\u00f6nny\u0171 megtenni azt a t\u00f6bb sz\u00e1z vagy t\u00f6bb ezer kilom\u00e9tert.","breadcrumb":{"@id":"https:\/\/www.welovecycling.com\/hu\/trekking-mtb\/a-legnagyobb-kihivast-jelento-ultraversenyek-amiket-muszaj-kiprobalnod\/#breadcrumb"},"inLanguage":"hu","potentialAction":[{"@type":"ReadAction","target":["https:\/\/www.welovecycling.com\/hu\/trekking-mtb\/a-legnagyobb-kihivast-jelento-ultraversenyek-amiket-muszaj-kiprobalnod\/"]}]},{"@type":"ImageObject","inLanguage":"hu","@id":"https:\/\/www.welovecycling.com\/hu\/trekking-mtb\/a-legnagyobb-kihivast-jelento-ultraversenyek-amiket-muszaj-kiprobalnod\/#primaryimage","url":"https:\/\/d2p6e6u75xmxt8.cloudfront.net\/12\/2023\/11\/Titan-Desert-Stage-3-CVR.webp","contentUrl":"https:\/\/d2p6e6u75xmxt8.cloudfront.net\/12\/2023\/11\/Titan-Desert-Stage-3-CVR.webp","width":990,"height":660,"caption":"Titan Desert peloton"},{"@type":"BreadcrumbList","@id":"https:\/\/www.welovecycling.com\/hu\/trekking-mtb\/a-legnagyobb-kihivast-jelento-ultraversenyek-amiket-muszaj-kiprobalnod\/#breadcrumb","itemListElement":[{"@type":"ListItem","position":1,"name":"Home","item":"https:\/\/www.welovecycling.com\/hu\/"},{"@type":"ListItem","position":2,"name":"A legnagyobb kih\u00edv\u00e1st jelent\u0151 ultraversenyek, amiket musz\u00e1j kipr\u00f3b\u00e1lnod"}]},{"@type":"WebSite","@id":"https:\/\/www.welovecycling.com\/hu\/#website","url":"https:\/\/www.welovecycling.com\/hu\/","name":"\u0160koda We Love Cycling - Magyarorsz\u00e1g","description":"\u0160koda WeLoveCycling","potentialAction":[{"@type":"SearchAction","target":{"@type":"EntryPoint","urlTemplate":"https:\/\/www.welovecycling.com\/hu\/?s={search_term_string}"},"query-input":{"@type":"PropertyValueSpecification","valueRequired":true,"valueName":"search_term_string"}}],"inLanguage":"hu"},{"@type":"Person","@id":"https:\/\/www.welovecycling.com\/hu\/#\/schema\/person\/414a2aebf1801691a5320edb6468e194","name":"hegyizs","image":{"@type":"ImageObject","inLanguage":"hu","@id":"https:\/\/www.welovecycling.com\/hu\/#\/schema\/person\/image\/","url":"https:\/\/secure.gravatar.com\/avatar\/02cf8a7906b8cf90cecb4679defac7cfd33a1c2e3b88e4903d947f3bb58eedd3?s=96&d=mm&r=g","contentUrl":"https:\/\/secure.gravatar.com\/avatar\/02cf8a7906b8cf90cecb4679defac7cfd33a1c2e3b88e4903d947f3bb58eedd3?s=96&d=mm&r=g","caption":"hegyizs"},"url":"https:\/\/www.welovecycling.com\/hu\/author\/hegyizs\/"}]}},"_links":{"self":[{"href":"https:\/\/www.welovecycling.com\/hu\/wp-json\/wp\/v2\/posts\/18161","targetHints":{"allow":["GET"]}}],"collection":[{"href":"https:\/\/www.welovecycling.com\/hu\/wp-json\/wp\/v2\/posts"}],"about":[{"href":"https:\/\/www.welovecycling.com\/hu\/wp-json\/wp\/v2\/types\/post"}],"author":[{"embeddable":true,"href":"https:\/\/www.welovecycling.com\/hu\/wp-json\/wp\/v2\/users\/71"}],"replies":[{"embeddable":true,"href":"https:\/\/www.welovecycling.com\/hu\/wp-json\/wp\/v2\/comments?post=18161"}],"version-history":[{"count":2,"href":"https:\/\/www.welovecycling.com\/hu\/wp-json\/wp\/v2\/posts\/18161\/revisions"}],"predecessor-version":[{"id":18171,"href":"https:\/\/www.welovecycling.com\/hu\/wp-json\/wp\/v2\/posts\/18161\/revisions\/18171"}],"wp:featuredmedia":[{"embeddable":true,"href":"https:\/\/www.welovecycling.com\/hu\/wp-json\/wp\/v2\/media\/18162"}],"wp:attachment":[{"href":"https:\/\/www.welovecycling.com\/hu\/wp-json\/wp\/v2\/media?parent=18161"}],"wp:term":[{"taxonomy":"category","embeddable":true,"href":"https:\/\/www.welovecycling.com\/hu\/wp-json\/wp\/v2\/categories?post=18161"},{"taxonomy":"post_tag","embeddable":true,"href":"https:\/\/www.welovecycling.com\/hu\/wp-json\/wp\/v2\/tags?post=18161"},{"taxonomy":"global-categories","embeddable":true,"href":"https:\/\/www.welovecycling.com\/hu\/wp-json\/wp\/v2\/global-categories?post=18161"}],"curies":[{"name":"wp","href":"https:\/\/api.w.org\/{rel}","templated":true}]}}