{"id":18154,"date":"2023-11-28T08:00:57","date_gmt":"2023-11-28T06:00:57","guid":{"rendered":"https:\/\/www.welovecycling.com\/hu\/?p=18154"},"modified":"2023-11-24T15:56:33","modified_gmt":"2023-11-24T13:56:33","slug":"kerekparozas-macskakoveken-miert-szeretik-a-bringasok","status":"publish","type":"post","link":"https:\/\/www.welovecycling.com\/hu\/edzes-es-eletmod\/kerekparozas-macskakoveken-miert-szeretik-a-bringasok\/","title":{"rendered":"Ker\u00e9kp\u00e1roz\u00e1s macskak\u00f6veken &#8211; Mi\u00e9rt szeretik a bring\u00e1sok?"},"content":{"rendered":"<p><strong>Minden alkalommal, amikor macskak\u00f6veken forg\u00f3 ker\u00e9kp\u00e1rkerekek hangj\u00e1t halljuk, val\u00f3j\u00e1ban a t\u00f6rt\u00e9nelem visszhangzik a f\u00fcl\u00fcnkben. A macskak\u00f6veken val\u00f3 ker\u00e9kp\u00e1roz\u00e1s nem egyszer\u0171 bicikliz\u00e9s, hanem egyfajta r\u00edtus. Sz\u00e1mos oka van annak, ami\u00e9rt a ker\u00e9kp\u00e1rosok m\u00e9g mindig vonz\u00f3dnak ehhez a g\u00f6r\u00f6ngy\u00f6s, kisz\u00e1m\u00edthatatlan terephez \u2013 \u00fcgyesebb\u00e9 tesz, adrenalint ad \u00e9s seg\u00edt a kiteljesed\u00e9sben. N\u00e9zz\u00fck meg k\u00f6zelebbr\u0151l, mi motiv\u00e1lja a bring\u00e1sokat, hogy macskak\u00f6ves utakon tekerjenek. <\/strong><\/p>\n<p><!--more--><\/p>\n<h2><strong>Technika \u00e9s k\u00f6nnyeds\u00e9g<\/strong><\/h2>\n<p>A macskak\u00f6ves utak a neh\u00e9zs\u00e9g n\u00f6vel\u00e9se \u00e9rdek\u00e9ben ker\u00fclnek be a ker\u00e9kp\u00e1rversenyekbe. Ezek a terepek ugyanis nem csup\u00e1n nyers er\u0151t, hanem megfelel\u0151 technik\u00e1t \u00e9s k\u00f6nnyeds\u00e9get is ig\u00e9nyelnek a versenyz\u0151kt\u0151l. Ahhoz, hogy boldogulni tudj a macskak\u00f6ves utakon, egyens\u00faly\u00e9rz\u00e9kre, a ker\u00e9kp\u00e1rod pontos ismeret\u00e9re \u00e9s a kisz\u00e1m\u00edthatatlan fel\u00fcletek kezel\u00e9s\u00e9nek k\u00e9pess\u00e9g\u00e9re van sz\u00fcks\u00e9ged. A macskak\u00f6ves terepeken val\u00f3 minden egyes teker\u00e9s csiszolja ezen k\u00e9pess\u00e9geidet, k\u00f6zben pedig egyre \u00fcgyesebb ker\u00e9kp\u00e1ross\u00e1 v\u00e1lsz. Ez\u00e9rt olyan vonz\u00f3ak a macskak\u00f6ves utak azon bring\u00e1sok sz\u00e1m\u00e1ra, akik ezeken a ter\u00fcleteken szeretn\u00e9nek fejl\u0151dni.<\/p>\n<h2><strong>Az adrenalin faktor<\/strong><\/h2>\n<p>A szab\u00e1lytalan terepen t\u00f6rt\u00e9n\u0151, nagy sebess\u00e9g\u0171 teker\u00e9s felp\u00f6rgeti az ember adrenalinszintj\u00e9t. A kisz\u00e1m\u00edthat\u00f3 aszfalttal ellent\u00e9tben a macskak\u00f6vek hull\u00e1mvas\u00fatszer\u0171 \u00e9rz\u00e9st keltenek. Minden m\u00e1sodperc egy \u00faj kih\u00edv\u00e1s, az eles\u00e9s vesz\u00e9lye pedig \u00e1lland\u00f3. Vannak olyanok, akik sz\u00e1m\u00e1ra izgalmas man\u0151verezni ebben a k\u00e1oszban. \u0150k pontosan ez\u00e9rt vonz\u00f3dnak a macskak\u00f6ves utakhoz.<\/p>\n<figure id=\"attachment_18155\" aria-describedby=\"caption-attachment-18155\" style=\"width: 1800px\" class=\"wp-caption alignnone\"><a href=\"https:\/\/d2p6e6u75xmxt8.cloudfront.net\/12\/2023\/11\/profimedia-0328463741.webp\"><img loading=\"lazy\" decoding=\"async\" class=\"wp-image-18155 size-full\" src=\"https:\/\/d2p6e6u75xmxt8.cloudfront.net\/12\/2023\/11\/profimedia-0328463741.webp\" alt=\"Cycling on cobblestones\" width=\"1800\" height=\"1200\" srcset=\"https:\/\/d2p6e6u75xmxt8.cloudfront.net\/12\/2023\/11\/profimedia-0328463741.webp 1800w, https:\/\/d2p6e6u75xmxt8.cloudfront.net\/12\/2023\/11\/profimedia-0328463741-300x200.webp 300w, https:\/\/d2p6e6u75xmxt8.cloudfront.net\/12\/2023\/11\/profimedia-0328463741-1024x683.webp 1024w, https:\/\/d2p6e6u75xmxt8.cloudfront.net\/12\/2023\/11\/profimedia-0328463741-768x512.webp 768w, https:\/\/d2p6e6u75xmxt8.cloudfront.net\/12\/2023\/11\/profimedia-0328463741-1536x1024.webp 1536w, https:\/\/d2p6e6u75xmxt8.cloudfront.net\/12\/2023\/11\/profimedia-0328463741-400x267.webp 400w, https:\/\/d2p6e6u75xmxt8.cloudfront.net\/12\/2023\/11\/profimedia-0328463741-272x182.webp 272w\" sizes=\"auto, (max-width: 1800px) 100vw, 1800px\" \/><\/a><figcaption id=\"caption-attachment-18155\" class=\"wp-caption-text\">A macskak\u00f6veket, amelyeket franci\u00e1ul pav\u00e9-nak is neveznek, eredetileg a neh\u00e9zs\u00e9gi szint n\u00f6vel\u00e9se \u00e9rdek\u00e9ben alkalmazt\u00e1k a ker\u00e9kp\u00e1rversenyekben. \u00a9 Profimedia<\/figcaption><\/figure>\n<h2><strong>Egy\u00e9ni sikerek \u00e9s k\u00f6z\u00f6ss\u00e9g<\/strong><\/h2>\n<p>Ha megh\u00f3d\u00edtasz egy macskak\u00f6ves terepet, egyid\u0151ben az \u00f6nbizalomhi\u00e1ny felett is gy\u0151zelmet arathatsz, hiszen \u00e9rezheted azt a sikert, amit ezen \u0151si ellenf\u00e9l lek\u00fczd\u00e9se ny\u00fajt. A macskak\u00f6ves \u00fatvonalak r\u00e1ad\u00e1sul gyakran k\u00f6z\u00f6ss\u00e9gi tal\u00e1lkoz\u00f3helyek is, ahol a k\u00f6z\u00f6s k\u00fczdelmek \u00e9s diadalok \u00e1ltal \u00e9letre sz\u00f3l\u00f3 k\u00f6tel\u00e9kek kov\u00e1csol\u00f3dnak. Ez a k\u00f6z\u00f6ss\u00e9g nem szenved hi\u00e1nyt izzads\u00e1gban, s\u00e1rban, szakadt trik\u00f3kban \u00e9s nevet\u00e9sben. Elismerik egym\u00e1st, mivel a macskak\u00f6ves utak megh\u00f3d\u00edt\u00e1sa k\u00f6zben mind ugyanolyan neh\u00e9zs\u00e9geken mentek kereszt\u00fcl. Sok ker\u00e9kp\u00e1ros sz\u00edv\u00e9t ez rabolja el.<\/p>\n<h2><strong>K\u00f6t\u0151d\u00e9s a t\u00f6rt\u00e9nelemhez <\/strong><\/h2>\n<p>A ker\u00e9kp\u00e1roz\u00e1s hihetetlen\u00fcl gazdag t\u00f6rt\u00e9nelemmel rendelkez\u0151 sport\u00e1g, a macskak\u00f6veken val\u00f3 teker\u00e9s pedig ezt nagyon is tudatos\u00edtja az emberben. A macskak\u00f6vek ugyanis a ker\u00e9kp\u00e1rsport \u00f3ri\u00e1sainak \u00f6r\u00f6ks\u00e9g\u00e9t hordozz\u00e1k, akik ugyanezeken az utakon k\u00fczd\u00f6ttek olyan legend\u00e1s versenyeken, mint a P\u00e1rizs-Roubaix vagy a Flandriai k\u00f6rverseny. Ha ilyen utakon biciklizel, a t\u00f6rt\u00e9nelem ker\u00e9knyomain ped\u00e1lozol, \u00e9s egy olyan hagyom\u00e1ny r\u00e9sz\u00e9v\u00e9 v\u00e1lsz, amely t\u00falmutat az id\u0151n. De ha nem is tudsz semmit arr\u00f3l, milyen jelent\u0151s\u00e9g\u00fck volt a macskak\u00f6veknek a ker\u00e9kp\u00e1rsportban, a tested biztosan \u00e9rezni fogja, milyen volt akkoriban ezeken a fel\u00fcleteken tekerni.<\/p>\n<p>A macskak\u00f6veken val\u00f3 ker\u00e9kp\u00e1roz\u00e1s teh\u00e1t sokf\u00e9le dolgot jelent a k\u00fcl\u00f6nb\u00f6z\u0151 ker\u00e9kp\u00e1rosok sz\u00e1m\u00e1ra. Egyesek szerint egy ilyen \u00fat a fizikai \u00e9s technikai k\u00e9pess\u00e9gek tan\u00edt\u00f3mestere, m\u00e1sok sz\u00e1m\u00e1ra pedig a t\u00f6rt\u00e9nelemhez val\u00f3 kapcsol\u00f3d\u00e1s \u00e9s a k\u00f6z\u00f6ss\u00e9gi sz\u00e1lak szorosabbra f\u0171z\u00e9s\u00e9nek lehet\u0151s\u00e9g\u00e9t hordozza mag\u00e1ban. Ha \u00faj kih\u00edv\u00e1st vagy kalandot keresel, \u00e9rdemes legal\u00e1bb egyszer kipr\u00f3b\u00e1lnod n\u00e9h\u00e1ny komoly macskak\u00f6ves utat.<\/p>\n","protected":false},"excerpt":{"rendered":"<p>Minden alkalommal, amikor macskak\u00f6veken forg\u00f3 ker\u00e9kp\u00e1rkerekek hangj\u00e1t halljuk, val\u00f3j\u00e1ban a t\u00f6rt\u00e9nelem visszhangzik a f\u00fcl\u00fcnkben. A macskak\u00f6veken val\u00f3 ker\u00e9kp\u00e1roz\u00e1s nem egyszer\u0171 [&hellip;]<\/p>\n","protected":false},"author":71,"featured_media":18157,"comment_status":"open","ping_status":"open","sticky":false,"template":"","format":"standard","meta":{"footnotes":""},"categories":[6],"tags":[],"global-categories":[],"class_list":["post-18154","post","type-post","status-publish","format-standard","has-post-thumbnail","hentry","category-edzes-es-eletmod"],"yoast_head":"<!-- This site is optimized with the Yoast SEO Premium plugin v25.3 (Yoast SEO v25.9) - https:\/\/yoast.com\/wordpress\/plugins\/seo\/ -->\n<title>Ker\u00e9kp\u00e1roz\u00e1s macskak\u00f6veken - Mi\u00e9rt szeretik a bring\u00e1sok?<\/title>\n<meta name=\"description\" content=\"Minden alkalommal, amikor macskak\u00f6veken forg\u00f3 ker\u00e9kp\u00e1rkerekek hangj\u00e1t halljuk, val\u00f3j\u00e1ban a t\u00f6rt\u00e9nelem visszhangzik a f\u00fcl\u00fcnkben. A macskak\u00f6veken val\u00f3 ker\u00e9kp\u00e1roz\u00e1s nem egyszer\u0171 bicikliz\u00e9s, hanem egyfajta r\u00edtus. Sz\u00e1mos oka van annak, ami\u00e9rt a ker\u00e9kp\u00e1rosok m\u00e9g mindig vonz\u00f3dnak ehhez a g\u00f6r\u00f6ngy\u00f6s, kisz\u00e1m\u00edthatatlan terephez \u2013 \u00fcgyesebb\u00e9 tesz, adrenalint ad \u00e9s seg\u00edt a kiteljesed\u00e9sben. N\u00e9zz\u00fck meg k\u00f6zelebbr\u0151l, mi motiv\u00e1lja a bring\u00e1sokat, hogy macskak\u00f6ves utakon tekerjenek.\" \/>\n<meta name=\"robots\" content=\"index, follow, max-snippet:-1, max-image-preview:large, max-video-preview:-1\" \/>\n<link rel=\"canonical\" href=\"https:\/\/www.welovecycling.com\/hu\/edzes-es-eletmod\/kerekparozas-macskakoveken-miert-szeretik-a-bringasok\/\" \/>\n<meta property=\"og:locale\" content=\"hu_HU\" \/>\n<meta property=\"og:type\" content=\"article\" \/>\n<meta property=\"og:title\" content=\"Ker\u00e9kp\u00e1roz\u00e1s macskak\u00f6veken - Mi\u00e9rt szeretik a bring\u00e1sok?\" \/>\n<meta property=\"og:description\" content=\"Minden alkalommal, amikor macskak\u00f6veken forg\u00f3 ker\u00e9kp\u00e1rkerekek hangj\u00e1t halljuk, val\u00f3j\u00e1ban a t\u00f6rt\u00e9nelem visszhangzik a f\u00fcl\u00fcnkben. A macskak\u00f6veken val\u00f3 ker\u00e9kp\u00e1roz\u00e1s nem egyszer\u0171 bicikliz\u00e9s, hanem egyfajta r\u00edtus. Sz\u00e1mos oka van annak, ami\u00e9rt a ker\u00e9kp\u00e1rosok m\u00e9g mindig vonz\u00f3dnak ehhez a g\u00f6r\u00f6ngy\u00f6s, kisz\u00e1m\u00edthatatlan terephez \u2013 \u00fcgyesebb\u00e9 tesz, adrenalint ad \u00e9s seg\u00edt a kiteljesed\u00e9sben. N\u00e9zz\u00fck meg k\u00f6zelebbr\u0151l, mi motiv\u00e1lja a bring\u00e1sokat, hogy macskak\u00f6ves utakon tekerjenek.\" \/>\n<meta property=\"og:url\" content=\"https:\/\/www.welovecycling.com\/hu\/edzes-es-eletmod\/kerekparozas-macskakoveken-miert-szeretik-a-bringasok\/\" \/>\n<meta property=\"og:site_name\" content=\"\u0160koda We Love Cycling - Magyarorsz\u00e1g\" \/>\n<meta property=\"article:publisher\" content=\"https:\/\/www.facebook.com\/WeLoveCyclingHungary\/\" \/>\n<meta property=\"article:published_time\" content=\"2023-11-28T06:00:57+00:00\" \/>\n<meta property=\"og:image\" content=\"https:\/\/d2p6e6u75xmxt8.cloudfront.net\/12\/2023\/11\/Cobbles-Cycling-profimedia-0458094360-CVR.webp\" \/>\n\t<meta property=\"og:image:width\" content=\"990\" \/>\n\t<meta property=\"og:image:height\" content=\"660\" \/>\n\t<meta property=\"og:image:type\" content=\"image\/webp\" \/>\n<meta name=\"author\" content=\"hegyizs\" \/>\n<meta name=\"twitter:card\" content=\"summary_large_image\" \/>\n<meta name=\"twitter:label1\" content=\"Written by\" \/>\n\t<meta name=\"twitter:data1\" content=\"Jiri Kaloc\" \/>\n\t<meta name=\"twitter:label2\" content=\"Est. reading time\" \/>\n\t<meta name=\"twitter:data2\" content=\"3\" \/>\n<script type=\"application\/ld+json\" class=\"yoast-schema-graph\">{\"@context\":\"https:\/\/schema.org\",\"@graph\":[{\"@type\":\"WebPage\",\"@id\":\"https:\/\/www.welovecycling.com\/hu\/edzes-es-eletmod\/kerekparozas-macskakoveken-miert-szeretik-a-bringasok\/\",\"url\":\"https:\/\/www.welovecycling.com\/hu\/edzes-es-eletmod\/kerekparozas-macskakoveken-miert-szeretik-a-bringasok\/\",\"name\":\"Ker\u00e9kp\u00e1roz\u00e1s macskak\u00f6veken - Mi\u00e9rt szeretik a bring\u00e1sok?\",\"isPartOf\":{\"@id\":\"https:\/\/www.welovecycling.com\/hu\/#website\"},\"primaryImageOfPage\":{\"@id\":\"https:\/\/www.welovecycling.com\/hu\/edzes-es-eletmod\/kerekparozas-macskakoveken-miert-szeretik-a-bringasok\/#primaryimage\"},\"image\":{\"@id\":\"https:\/\/www.welovecycling.com\/hu\/edzes-es-eletmod\/kerekparozas-macskakoveken-miert-szeretik-a-bringasok\/#primaryimage\"},\"thumbnailUrl\":\"https:\/\/d2p6e6u75xmxt8.cloudfront.net\/12\/2023\/11\/Cobbles-Cycling-profimedia-0458094360-CVR.webp\",\"datePublished\":\"2023-11-28T06:00:57+00:00\",\"author\":{\"@id\":\"https:\/\/www.welovecycling.com\/hu\/#\/schema\/person\/414a2aebf1801691a5320edb6468e194\"},\"description\":\"Minden alkalommal, amikor macskak\u00f6veken forg\u00f3 ker\u00e9kp\u00e1rkerekek hangj\u00e1t halljuk, val\u00f3j\u00e1ban a t\u00f6rt\u00e9nelem visszhangzik a f\u00fcl\u00fcnkben. A macskak\u00f6veken val\u00f3 ker\u00e9kp\u00e1roz\u00e1s nem egyszer\u0171 bicikliz\u00e9s, hanem egyfajta r\u00edtus. Sz\u00e1mos oka van annak, ami\u00e9rt a ker\u00e9kp\u00e1rosok m\u00e9g mindig vonz\u00f3dnak ehhez a g\u00f6r\u00f6ngy\u00f6s, kisz\u00e1m\u00edthatatlan terephez \u2013 \u00fcgyesebb\u00e9 tesz, adrenalint ad \u00e9s seg\u00edt a kiteljesed\u00e9sben. N\u00e9zz\u00fck meg k\u00f6zelebbr\u0151l, mi motiv\u00e1lja a bring\u00e1sokat, hogy macskak\u00f6ves utakon tekerjenek.\",\"breadcrumb\":{\"@id\":\"https:\/\/www.welovecycling.com\/hu\/edzes-es-eletmod\/kerekparozas-macskakoveken-miert-szeretik-a-bringasok\/#breadcrumb\"},\"inLanguage\":\"hu\",\"potentialAction\":[{\"@type\":\"ReadAction\",\"target\":[\"https:\/\/www.welovecycling.com\/hu\/edzes-es-eletmod\/kerekparozas-macskakoveken-miert-szeretik-a-bringasok\/\"]}]},{\"@type\":\"ImageObject\",\"inLanguage\":\"hu\",\"@id\":\"https:\/\/www.welovecycling.com\/hu\/edzes-es-eletmod\/kerekparozas-macskakoveken-miert-szeretik-a-bringasok\/#primaryimage\",\"url\":\"https:\/\/d2p6e6u75xmxt8.cloudfront.net\/12\/2023\/11\/Cobbles-Cycling-profimedia-0458094360-CVR.webp\",\"contentUrl\":\"https:\/\/d2p6e6u75xmxt8.cloudfront.net\/12\/2023\/11\/Cobbles-Cycling-profimedia-0458094360-CVR.webp\",\"width\":990,\"height\":660,\"caption\":\"Mastering Cobbles\"},{\"@type\":\"BreadcrumbList\",\"@id\":\"https:\/\/www.welovecycling.com\/hu\/edzes-es-eletmod\/kerekparozas-macskakoveken-miert-szeretik-a-bringasok\/#breadcrumb\",\"itemListElement\":[{\"@type\":\"ListItem\",\"position\":1,\"name\":\"Home\",\"item\":\"https:\/\/www.welovecycling.com\/hu\/\"},{\"@type\":\"ListItem\",\"position\":2,\"name\":\"Ker\u00e9kp\u00e1roz\u00e1s macskak\u00f6veken &#8211; Mi\u00e9rt szeretik a bring\u00e1sok?\"}]},{\"@type\":\"WebSite\",\"@id\":\"https:\/\/www.welovecycling.com\/hu\/#website\",\"url\":\"https:\/\/www.welovecycling.com\/hu\/\",\"name\":\"\u0160koda We Love Cycling - Magyarorsz\u00e1g\",\"description\":\"\u0160koda WeLoveCycling\",\"potentialAction\":[{\"@type\":\"SearchAction\",\"target\":{\"@type\":\"EntryPoint\",\"urlTemplate\":\"https:\/\/www.welovecycling.com\/hu\/?s={search_term_string}\"},\"query-input\":{\"@type\":\"PropertyValueSpecification\",\"valueRequired\":true,\"valueName\":\"search_term_string\"}}],\"inLanguage\":\"hu\"},{\"@type\":\"Person\",\"@id\":\"https:\/\/www.welovecycling.com\/hu\/#\/schema\/person\/414a2aebf1801691a5320edb6468e194\",\"name\":\"hegyizs\",\"image\":{\"@type\":\"ImageObject\",\"inLanguage\":\"hu\",\"@id\":\"https:\/\/www.welovecycling.com\/hu\/#\/schema\/person\/image\/\",\"url\":\"https:\/\/secure.gravatar.com\/avatar\/02cf8a7906b8cf90cecb4679defac7cfd33a1c2e3b88e4903d947f3bb58eedd3?s=96&d=mm&r=g\",\"contentUrl\":\"https:\/\/secure.gravatar.com\/avatar\/02cf8a7906b8cf90cecb4679defac7cfd33a1c2e3b88e4903d947f3bb58eedd3?s=96&d=mm&r=g\",\"caption\":\"hegyizs\"},\"url\":\"https:\/\/www.welovecycling.com\/hu\/author\/hegyizs\/\"}]}<\/script>\n<!-- \/ Yoast SEO Premium plugin. -->","yoast_head_json":{"title":"Ker\u00e9kp\u00e1roz\u00e1s macskak\u00f6veken - Mi\u00e9rt szeretik a bring\u00e1sok?","description":"Minden alkalommal, amikor macskak\u00f6veken forg\u00f3 ker\u00e9kp\u00e1rkerekek hangj\u00e1t halljuk, val\u00f3j\u00e1ban a t\u00f6rt\u00e9nelem visszhangzik a f\u00fcl\u00fcnkben. A macskak\u00f6veken val\u00f3 ker\u00e9kp\u00e1roz\u00e1s nem egyszer\u0171 bicikliz\u00e9s, hanem egyfajta r\u00edtus. Sz\u00e1mos oka van annak, ami\u00e9rt a ker\u00e9kp\u00e1rosok m\u00e9g mindig vonz\u00f3dnak ehhez a g\u00f6r\u00f6ngy\u00f6s, kisz\u00e1m\u00edthatatlan terephez \u2013 \u00fcgyesebb\u00e9 tesz, adrenalint ad \u00e9s seg\u00edt a kiteljesed\u00e9sben. N\u00e9zz\u00fck meg k\u00f6zelebbr\u0151l, mi motiv\u00e1lja a bring\u00e1sokat, hogy macskak\u00f6ves utakon tekerjenek.","robots":{"index":"index","follow":"follow","max-snippet":"max-snippet:-1","max-image-preview":"max-image-preview:large","max-video-preview":"max-video-preview:-1"},"canonical":"https:\/\/www.welovecycling.com\/hu\/edzes-es-eletmod\/kerekparozas-macskakoveken-miert-szeretik-a-bringasok\/","og_locale":"hu_HU","og_type":"article","og_title":"Ker\u00e9kp\u00e1roz\u00e1s macskak\u00f6veken - Mi\u00e9rt szeretik a bring\u00e1sok?","og_description":"Minden alkalommal, amikor macskak\u00f6veken forg\u00f3 ker\u00e9kp\u00e1rkerekek hangj\u00e1t halljuk, val\u00f3j\u00e1ban a t\u00f6rt\u00e9nelem visszhangzik a f\u00fcl\u00fcnkben. A macskak\u00f6veken val\u00f3 ker\u00e9kp\u00e1roz\u00e1s nem egyszer\u0171 bicikliz\u00e9s, hanem egyfajta r\u00edtus. Sz\u00e1mos oka van annak, ami\u00e9rt a ker\u00e9kp\u00e1rosok m\u00e9g mindig vonz\u00f3dnak ehhez a g\u00f6r\u00f6ngy\u00f6s, kisz\u00e1m\u00edthatatlan terephez \u2013 \u00fcgyesebb\u00e9 tesz, adrenalint ad \u00e9s seg\u00edt a kiteljesed\u00e9sben. N\u00e9zz\u00fck meg k\u00f6zelebbr\u0151l, mi motiv\u00e1lja a bring\u00e1sokat, hogy macskak\u00f6ves utakon tekerjenek.","og_url":"https:\/\/www.welovecycling.com\/hu\/edzes-es-eletmod\/kerekparozas-macskakoveken-miert-szeretik-a-bringasok\/","og_site_name":"\u0160koda We Love Cycling - Magyarorsz\u00e1g","article_publisher":"https:\/\/www.facebook.com\/WeLoveCyclingHungary\/","article_published_time":"2023-11-28T06:00:57+00:00","og_image":[{"width":990,"height":660,"url":"https:\/\/d2p6e6u75xmxt8.cloudfront.net\/12\/2023\/11\/Cobbles-Cycling-profimedia-0458094360-CVR.webp","type":"image\/webp"}],"author":"hegyizs","twitter_card":"summary_large_image","twitter_misc":{"Written by":"Jiri Kaloc","Est. reading time":"3"},"schema":{"@context":"https:\/\/schema.org","@graph":[{"@type":"WebPage","@id":"https:\/\/www.welovecycling.com\/hu\/edzes-es-eletmod\/kerekparozas-macskakoveken-miert-szeretik-a-bringasok\/","url":"https:\/\/www.welovecycling.com\/hu\/edzes-es-eletmod\/kerekparozas-macskakoveken-miert-szeretik-a-bringasok\/","name":"Ker\u00e9kp\u00e1roz\u00e1s macskak\u00f6veken - Mi\u00e9rt szeretik a bring\u00e1sok?","isPartOf":{"@id":"https:\/\/www.welovecycling.com\/hu\/#website"},"primaryImageOfPage":{"@id":"https:\/\/www.welovecycling.com\/hu\/edzes-es-eletmod\/kerekparozas-macskakoveken-miert-szeretik-a-bringasok\/#primaryimage"},"image":{"@id":"https:\/\/www.welovecycling.com\/hu\/edzes-es-eletmod\/kerekparozas-macskakoveken-miert-szeretik-a-bringasok\/#primaryimage"},"thumbnailUrl":"https:\/\/d2p6e6u75xmxt8.cloudfront.net\/12\/2023\/11\/Cobbles-Cycling-profimedia-0458094360-CVR.webp","datePublished":"2023-11-28T06:00:57+00:00","author":{"@id":"https:\/\/www.welovecycling.com\/hu\/#\/schema\/person\/414a2aebf1801691a5320edb6468e194"},"description":"Minden alkalommal, amikor macskak\u00f6veken forg\u00f3 ker\u00e9kp\u00e1rkerekek hangj\u00e1t halljuk, val\u00f3j\u00e1ban a t\u00f6rt\u00e9nelem visszhangzik a f\u00fcl\u00fcnkben. A macskak\u00f6veken val\u00f3 ker\u00e9kp\u00e1roz\u00e1s nem egyszer\u0171 bicikliz\u00e9s, hanem egyfajta r\u00edtus. Sz\u00e1mos oka van annak, ami\u00e9rt a ker\u00e9kp\u00e1rosok m\u00e9g mindig vonz\u00f3dnak ehhez a g\u00f6r\u00f6ngy\u00f6s, kisz\u00e1m\u00edthatatlan terephez \u2013 \u00fcgyesebb\u00e9 tesz, adrenalint ad \u00e9s seg\u00edt a kiteljesed\u00e9sben. N\u00e9zz\u00fck meg k\u00f6zelebbr\u0151l, mi motiv\u00e1lja a bring\u00e1sokat, hogy macskak\u00f6ves utakon tekerjenek.","breadcrumb":{"@id":"https:\/\/www.welovecycling.com\/hu\/edzes-es-eletmod\/kerekparozas-macskakoveken-miert-szeretik-a-bringasok\/#breadcrumb"},"inLanguage":"hu","potentialAction":[{"@type":"ReadAction","target":["https:\/\/www.welovecycling.com\/hu\/edzes-es-eletmod\/kerekparozas-macskakoveken-miert-szeretik-a-bringasok\/"]}]},{"@type":"ImageObject","inLanguage":"hu","@id":"https:\/\/www.welovecycling.com\/hu\/edzes-es-eletmod\/kerekparozas-macskakoveken-miert-szeretik-a-bringasok\/#primaryimage","url":"https:\/\/d2p6e6u75xmxt8.cloudfront.net\/12\/2023\/11\/Cobbles-Cycling-profimedia-0458094360-CVR.webp","contentUrl":"https:\/\/d2p6e6u75xmxt8.cloudfront.net\/12\/2023\/11\/Cobbles-Cycling-profimedia-0458094360-CVR.webp","width":990,"height":660,"caption":"Mastering Cobbles"},{"@type":"BreadcrumbList","@id":"https:\/\/www.welovecycling.com\/hu\/edzes-es-eletmod\/kerekparozas-macskakoveken-miert-szeretik-a-bringasok\/#breadcrumb","itemListElement":[{"@type":"ListItem","position":1,"name":"Home","item":"https:\/\/www.welovecycling.com\/hu\/"},{"@type":"ListItem","position":2,"name":"Ker\u00e9kp\u00e1roz\u00e1s macskak\u00f6veken &#8211; Mi\u00e9rt szeretik a bring\u00e1sok?"}]},{"@type":"WebSite","@id":"https:\/\/www.welovecycling.com\/hu\/#website","url":"https:\/\/www.welovecycling.com\/hu\/","name":"\u0160koda We Love Cycling - Magyarorsz\u00e1g","description":"\u0160koda WeLoveCycling","potentialAction":[{"@type":"SearchAction","target":{"@type":"EntryPoint","urlTemplate":"https:\/\/www.welovecycling.com\/hu\/?s={search_term_string}"},"query-input":{"@type":"PropertyValueSpecification","valueRequired":true,"valueName":"search_term_string"}}],"inLanguage":"hu"},{"@type":"Person","@id":"https:\/\/www.welovecycling.com\/hu\/#\/schema\/person\/414a2aebf1801691a5320edb6468e194","name":"hegyizs","image":{"@type":"ImageObject","inLanguage":"hu","@id":"https:\/\/www.welovecycling.com\/hu\/#\/schema\/person\/image\/","url":"https:\/\/secure.gravatar.com\/avatar\/02cf8a7906b8cf90cecb4679defac7cfd33a1c2e3b88e4903d947f3bb58eedd3?s=96&d=mm&r=g","contentUrl":"https:\/\/secure.gravatar.com\/avatar\/02cf8a7906b8cf90cecb4679defac7cfd33a1c2e3b88e4903d947f3bb58eedd3?s=96&d=mm&r=g","caption":"hegyizs"},"url":"https:\/\/www.welovecycling.com\/hu\/author\/hegyizs\/"}]}},"_links":{"self":[{"href":"https:\/\/www.welovecycling.com\/hu\/wp-json\/wp\/v2\/posts\/18154","targetHints":{"allow":["GET"]}}],"collection":[{"href":"https:\/\/www.welovecycling.com\/hu\/wp-json\/wp\/v2\/posts"}],"about":[{"href":"https:\/\/www.welovecycling.com\/hu\/wp-json\/wp\/v2\/types\/post"}],"author":[{"embeddable":true,"href":"https:\/\/www.welovecycling.com\/hu\/wp-json\/wp\/v2\/users\/71"}],"replies":[{"embeddable":true,"href":"https:\/\/www.welovecycling.com\/hu\/wp-json\/wp\/v2\/comments?post=18154"}],"version-history":[{"count":2,"href":"https:\/\/www.welovecycling.com\/hu\/wp-json\/wp\/v2\/posts\/18154\/revisions"}],"predecessor-version":[{"id":18163,"href":"https:\/\/www.welovecycling.com\/hu\/wp-json\/wp\/v2\/posts\/18154\/revisions\/18163"}],"wp:featuredmedia":[{"embeddable":true,"href":"https:\/\/www.welovecycling.com\/hu\/wp-json\/wp\/v2\/media\/18157"}],"wp:attachment":[{"href":"https:\/\/www.welovecycling.com\/hu\/wp-json\/wp\/v2\/media?parent=18154"}],"wp:term":[{"taxonomy":"category","embeddable":true,"href":"https:\/\/www.welovecycling.com\/hu\/wp-json\/wp\/v2\/categories?post=18154"},{"taxonomy":"post_tag","embeddable":true,"href":"https:\/\/www.welovecycling.com\/hu\/wp-json\/wp\/v2\/tags?post=18154"},{"taxonomy":"global-categories","embeddable":true,"href":"https:\/\/www.welovecycling.com\/hu\/wp-json\/wp\/v2\/global-categories?post=18154"}],"curies":[{"name":"wp","href":"https:\/\/api.w.org\/{rel}","templated":true}]}}