{"id":18138,"date":"2023-11-19T08:00:56","date_gmt":"2023-11-19T06:00:56","guid":{"rendered":"https:\/\/www.welovecycling.com\/hu\/?p=18138"},"modified":"2023-11-17T16:03:05","modified_gmt":"2023-11-17T14:03:05","slug":"van-der-poel-es-van-aert-decemberben-is-osszecsap-a-quickstep-gyilkosozos-csapatepitot-tartott","status":"publish","type":"post","link":"https:\/\/www.welovecycling.com\/hu\/orszaguti-kerekpar\/van-der-poel-es-van-aert-decemberben-is-osszecsap-a-quickstep-gyilkosozos-csapatepitot-tartott\/","title":{"rendered":"Van der Poel \u00e9s Van Aert decemberben is \u00f6sszecsap, a QuickStep \u201egyilkosoz\u00f3s\u201d csapat\u00e9p\u00edt\u0151t tartott"},"content":{"rendered":"<p><strong>Kar\u00e1csony k\u00f6rny\u00e9ke is tartogat n\u00e9h\u00e1ny aj\u00e1nd\u00e9k \u00ednyencs\u00e9get a ker\u00e9kp\u00e1rsport szerelmeseinek.<\/strong><!--more--><\/p>\n<p>Ah\u00e1ny h\u00e1z, annyi szok\u00e1s, ah\u00e1ny csapat \u00e9s versenyz\u0151, annyif\u00e9le k\u00fcl\u00f6nb\u00f6z\u0151 megold\u00e1s a k\u00e9s\u0151 \u0151szi \u00e9s t\u00e9li h\u00f3napok hasznos\u00edt\u00e1s\u00e1ra.<\/p>\n<p>A f\u0151szezon ut\u00e1ni pihen\u0151ket k\u00f6vet\u0151en a legt\u00f6bben ebben az id\u0151szakban kezdik meg a kev\u00e9sb\u00e9 sz\u00f3rakoztat\u00f3, \u00e1m ann\u00e1l elengedhetetlenebb t\u00e9li alapoz\u00f3edz\u00e9seket, el\u0151bb jellemz\u0151en egy\u00e9nileg, majd a csapatok k\u00f6z\u00f6s edz\u0151t\u00e1boraiban. A sokoldal\u00fa csodabogarak pedig ilyenkor szoktak terepet v\u00e1ltani, \u00e9s \u00e1tnyergelni a cyclocross-szak\u00e1g hideg, saras p\u00e1ly\u00e1ira: \u00edgy tett Vas Kata Blanka is, miel\u0151tt a m\u00falt h\u00f3napban edz\u00e9sen elt\u00f6rte a kulcscsontj\u00e1t (szerencs\u00e9re <a href=\"https:\/\/www.redbull.com\/hu-hu\/vas-kata-blanka-naprol-napra-jobban-erzi-magat\">napr\u00f3l napra jobban \u00e9rzi mag\u00e1t<\/a>), \u00e9s \u00e9ppen \u00edgy tesz a mez\u0151ny k\u00e9t legnagyobb szt\u00e1rja, Wout Van Aert \u00e9s Mathieu van der Poel is. A k\u00e9t \u00f6r\u00f6k riv\u00e1lis a h\u00edrek szerint a t\u00e9li id\u0151szakban, kar\u00e1csony k\u00f6rny\u00e9k\u00e9n nem kevesebb, mint hat cyclocross-versenyen \u00e9s vil\u00e1gkupafutamon m\u00e9ri \u00f6ssze erej\u00e9t december 9. \u00e9s 27. k\u00f6z\u00f6tt. Ez a sz\u00e1m egy\u00e9bk\u00e9nt lehetne magasabb is, de Van Aert \u00fagy d\u00f6nt\u00f6tt, id\u00e9n j\u00f3val kevesebb ilyen jelleg\u0171 versenyt v\u00e1llal be, mint holland riv\u00e1lisa, aki 15 t\u00e9li versenyt vett c\u00e9lba felk\u00e9sz\u00fcl\u00e9s gyan\u00e1nt.<\/p>\n<figure id=\"attachment_18139\" aria-describedby=\"caption-attachment-18139\" style=\"width: 970px\" class=\"wp-caption alignnone\"><img loading=\"lazy\" decoding=\"async\" class=\"size-full wp-image-18139\" src=\"https:\/\/d2p6e6u75xmxt8.cloudfront.net\/12\/2023\/11\/aw79897.webp\" alt=\"\" width=\"970\" height=\"647\" srcset=\"https:\/\/d2p6e6u75xmxt8.cloudfront.net\/12\/2023\/11\/aw79897.webp 970w, https:\/\/d2p6e6u75xmxt8.cloudfront.net\/12\/2023\/11\/aw79897-300x200.webp 300w, https:\/\/d2p6e6u75xmxt8.cloudfront.net\/12\/2023\/11\/aw79897-768x512.webp 768w, https:\/\/d2p6e6u75xmxt8.cloudfront.net\/12\/2023\/11\/aw79897-400x267.webp 400w, https:\/\/d2p6e6u75xmxt8.cloudfront.net\/12\/2023\/11\/aw79897-272x182.webp 272w\" sizes=\"auto, (max-width: 970px) 100vw, 970px\" \/><figcaption id=\"caption-attachment-18139\" class=\"wp-caption-text\">Van Aert \u00e9s Van der Poel k\u00fcl\u00f6nharc\u00e1t id\u00e9n is kiemelt figyelem \u00f6vezi majd (fot\u00f3: Alex Whitehead\/SWpix.com)<\/figcaption><\/figure>\n<p>Azt\u00e1n elkezd\u0151dnek a szok\u00e1sos csapat\u00e9p\u00edt\u0151-jelleg\u0171 rendezv\u00e9nyek is, amelyek azon ritka esem\u00e9nyek k\u00f6z\u00e9 tartoznak, melyeken az \u00f6sszes csapattag egyszerre, egy id\u0151ben, egy helysz\u00ednen tud szem\u00e9lyesen ott lenni, bele\u00e9rtve a fiatal els\u0151\u00e9ves profikat, a veter\u00e1n klasszisokat, valamint az ist\u00e1ll\u00f3k \u00faj igazol\u00e1sait is. A Soudal-QuickStep 2024-es kerete m\u00e1r sort is ker\u00edtett az els\u0151 ilyen \u00f6sszetart\u00e1sra, m\u00e9ghozz\u00e1 az els\u0151k k\u00f6z\u00f6tt. Ez tal\u00e1n nem v\u00e9letlen, k\u00f6ze lehet ahhoz is, hogy nekik most nagy sz\u00fcks\u00e9g\u00fck van a pozit\u00edv impulzusokra azok ut\u00e1n, hogy az elm\u00falt hetekben v\u00e9gig azon izgulhattak a nem k\u00edv\u00e1nt reflektorf\u00e9ny k\u00f6zepette, hogy l\u00e9trej\u00f6n-e a <a href=\"https:\/\/www.welovecycling.com\/hu\/orszaguti-kerekpar\/atformalna-a-worldtour-vilagat-a-jumbo-visma-es-a-soudal-quickstep-fuzioja\/\">f\u00f6ldreng\u00e9sszer\u0171 k\u00f6vetkezm\u00e9nyekkel j\u00e1r\u00f3 Jumbo\u2013QuickStep f\u00fazi\u00f3<\/a>, \u00e9s ennek k\u00f6vetkezt\u00e9ben h\u00e1nyan maradnak csapat \u00e9s munka n\u00e9lk\u00fcl. Az\u00f3ta m\u00e1r tudjuk, hogy az egyes\u00fcl\u00e9s v\u00e9g\u00fcl <a href=\"https:\/\/www.welovecycling.com\/hu\/orszaguti-kerekpar\/nem-egyesul-a-jumbo-es-a-quickstep-evenepoel-nem-megy-az-ineosba-de-rogli-mar-a-boranal\/\">k\u00fatba esett<\/a>, ennek nem titkoltan a QuickStep versenyz\u0151i \u00f6r\u00fcltek a legjobban, akik most egy oostendei csapat\u00e9p\u00edt\u0151n kell\u0151k\u00e9ppen ki is \u00fcnnepelhett\u00e9k magukat. A rendhagy\u00f3 esem\u00e9nyen mindenki ott volt, az egy\u00fcttes legnagyobb szt\u00e1rjait is bele\u00e9rtve, \u00edgy ritka egy kupacban lehetett megtal\u00e1lni p\u00e9ld\u00e1ul Remco Evenepoelt, Julian Alaphilippe-et, Tim Merliert, Gianni Moscont, Kasper Asgreent, vagy \u00e9ppen Yves Lampaert-t is. Az \u00f6sszetart\u00e1s a hivatalos fot\u00f3k \u00e9s sztorik alapj\u00e1n bizony\u00e1ra el\u00e9rte a c\u00e9lj\u00e1t, hiszen kiv\u00e1l\u00f3 hangulatban telt \u00e9s igen j\u00f3l siker\u00fclt. A n\u00e9vad\u00f3 f\u0151szponzor ragaszt\u00f3- \u00e9s szigetel\u0151anyaggy\u00e1r\u00e1ban tett be\u00f6lt\u00f6z\u0151s m\u0171helyl\u00e1togat\u00e1s ut\u00e1n a versenyz\u0151k \u201egyilkosoz\u00f3s\u201d szerepj\u00e1t\u00e9kkal m\u00f3k\u00e1ztak, k\u00e9t csapatra oszt\u00f3dva: voltak a gondolkod\u00f3k \u00e9s a fut\u00f3k, el\u0151bbiek sz\u00e1mos k\u00fcl\u00f6nleges feladattal b\u00edzt\u00e1k meg t\u00e1rsaikat Oostende v\u00e1rosr\u00e9szein bel\u00fcl, hogy v\u00e9g\u00fcl egy\u00fctt oldj\u00e1k meg a rejt\u00e9lyt, \u00e9s der\u00edtsenek f\u00e9nyt a \u201egyilkos\u201d kil\u00e9t\u00e9re. A csapatigazgat\u00f3 Tom Steels ut\u00f3bb meg is er\u0151s\u00edtette, nagyszer\u0171 napokat t\u00f6lt\u00f6ttek egy\u00fctt, az esem\u00e9ny sokat dobott a csapatszellemen \u00e9s kiv\u00e1l\u00f3 megind\u00edt\u00e1sa volt a k\u00f6vetkez\u0151 \u00e9vre val\u00f3 felk\u00e9sz\u00fcl\u00e9snek.<\/p>\n<p>A Soudal-QuickStep jelenleg 27 tag\u00fa kerete egy spanyolorsz\u00e1gi edz\u0151t\u00e1borral folytatja majd a t\u00e9li hetekben, els\u0151 verseny\u00fck pedig az \u00e9vnyit\u00f3 Tour Down Under lesz majd janu\u00e1r 16-\u00e1n Ausztr\u00e1li\u00e1ban.<\/p>\n<figure id=\"attachment_18141\" aria-describedby=\"caption-attachment-18141\" style=\"width: 970px\" class=\"wp-caption alignnone\"><img loading=\"lazy\" decoding=\"async\" class=\"size-full wp-image-18141\" src=\"https:\/\/d2p6e6u75xmxt8.cloudfront.net\/12\/2023\/11\/quickstep-mystery-game2.webp\" alt=\"\" width=\"970\" height=\"646\" srcset=\"https:\/\/d2p6e6u75xmxt8.cloudfront.net\/12\/2023\/11\/quickstep-mystery-game2.webp 970w, https:\/\/d2p6e6u75xmxt8.cloudfront.net\/12\/2023\/11\/quickstep-mystery-game2-300x200.webp 300w, https:\/\/d2p6e6u75xmxt8.cloudfront.net\/12\/2023\/11\/quickstep-mystery-game2-768x511.webp 768w, https:\/\/d2p6e6u75xmxt8.cloudfront.net\/12\/2023\/11\/quickstep-mystery-game2-400x266.webp 400w, https:\/\/d2p6e6u75xmxt8.cloudfront.net\/12\/2023\/11\/quickstep-mystery-game2-272x182.webp 272w\" sizes=\"auto, (max-width: 970px) 100vw, 970px\" \/><figcaption id=\"caption-attachment-18141\" class=\"wp-caption-text\">V\u00e9g\u00fcl meglett a \u201egyilkos\u201d a QuickStepn\u00e9l, mindenki \u00fcnnepelhetett (fot\u00f3: Soudal-QuickStep\/Getty)<\/figcaption><\/figure>\n<p>Bor\u00edt\u00f3k\u00e9p: Soudal-QuickStep\/Getty<\/p>\n","protected":false},"excerpt":{"rendered":"<p>Kar\u00e1csony k\u00f6rny\u00e9ke is tartogat n\u00e9h\u00e1ny aj\u00e1nd\u00e9k \u00ednyencs\u00e9get a ker\u00e9kp\u00e1rsport szerelmeseinek.<\/p>\n","protected":false},"author":71,"featured_media":18140,"comment_status":"open","ping_status":"open","sticky":false,"template":"","format":"standard","meta":{"footnotes":""},"categories":[8],"tags":[],"global-categories":[],"class_list":["post-18138","post","type-post","status-publish","format-standard","has-post-thumbnail","hentry","category-orszaguti-kerekpar"],"yoast_head":"<!-- This site is optimized with the Yoast SEO Premium plugin v25.3 (Yoast SEO v25.9) - https:\/\/yoast.com\/wordpress\/plugins\/seo\/ -->\n<title>Van der Poel \u00e9s Van Aert decemberben is \u00f6sszecsap, a QuickStep \u201egyilkosoz\u00f3s\u201d csapat\u00e9p\u00edt\u0151t tartott<\/title>\n<meta name=\"description\" content=\"Kar\u00e1csony k\u00f6rny\u00e9ke is tartogat n\u00e9h\u00e1ny aj\u00e1nd\u00e9k \u00ednyencs\u00e9get a ker\u00e9kp\u00e1rsport szerelmeseinek.\" \/>\n<meta name=\"robots\" content=\"index, follow, max-snippet:-1, max-image-preview:large, max-video-preview:-1\" \/>\n<link rel=\"canonical\" href=\"https:\/\/www.welovecycling.com\/hu\/orszaguti-kerekpar\/van-der-poel-es-van-aert-decemberben-is-osszecsap-a-quickstep-gyilkosozos-csapatepitot-tartott\/\" \/>\n<meta property=\"og:locale\" content=\"hu_HU\" \/>\n<meta property=\"og:type\" content=\"article\" \/>\n<meta property=\"og:title\" content=\"Van der Poel \u00e9s Van Aert decemberben is \u00f6sszecsap, a QuickStep \u201egyilkosoz\u00f3s\u201d csapat\u00e9p\u00edt\u0151t tartott\" \/>\n<meta property=\"og:description\" content=\"Kar\u00e1csony k\u00f6rny\u00e9ke is tartogat n\u00e9h\u00e1ny aj\u00e1nd\u00e9k \u00ednyencs\u00e9get a ker\u00e9kp\u00e1rsport szerelmeseinek.\" \/>\n<meta property=\"og:url\" content=\"https:\/\/www.welovecycling.com\/hu\/orszaguti-kerekpar\/van-der-poel-es-van-aert-decemberben-is-osszecsap-a-quickstep-gyilkosozos-csapatepitot-tartott\/\" \/>\n<meta property=\"og:site_name\" content=\"\u0160koda We Love Cycling - Magyarorsz\u00e1g\" \/>\n<meta property=\"article:publisher\" content=\"https:\/\/www.facebook.com\/WeLoveCyclingHungary\/\" \/>\n<meta property=\"article:published_time\" content=\"2023-11-19T06:00:56+00:00\" \/>\n<meta property=\"og:image\" content=\"https:\/\/d2p6e6u75xmxt8.cloudfront.net\/12\/2023\/11\/quickstep-mystery-game.webp\" \/>\n\t<meta property=\"og:image:width\" content=\"960\" \/>\n\t<meta property=\"og:image:height\" content=\"640\" \/>\n\t<meta property=\"og:image:type\" content=\"image\/webp\" \/>\n<meta name=\"author\" content=\"hegyizs\" \/>\n<meta name=\"twitter:card\" content=\"summary_large_image\" \/>\n<meta name=\"twitter:label1\" content=\"Written by\" \/>\n\t<meta name=\"twitter:data1\" content=\"WLC\" \/>\n\t<meta name=\"twitter:label2\" content=\"Est. reading time\" \/>\n\t<meta name=\"twitter:data2\" content=\"4 minutes\" \/>\n<script type=\"application\/ld+json\" class=\"yoast-schema-graph\">{\"@context\":\"https:\/\/schema.org\",\"@graph\":[{\"@type\":\"WebPage\",\"@id\":\"https:\/\/www.welovecycling.com\/hu\/orszaguti-kerekpar\/van-der-poel-es-van-aert-decemberben-is-osszecsap-a-quickstep-gyilkosozos-csapatepitot-tartott\/\",\"url\":\"https:\/\/www.welovecycling.com\/hu\/orszaguti-kerekpar\/van-der-poel-es-van-aert-decemberben-is-osszecsap-a-quickstep-gyilkosozos-csapatepitot-tartott\/\",\"name\":\"Van der Poel \u00e9s Van Aert decemberben is \u00f6sszecsap, a QuickStep \u201egyilkosoz\u00f3s\u201d csapat\u00e9p\u00edt\u0151t tartott\",\"isPartOf\":{\"@id\":\"https:\/\/www.welovecycling.com\/hu\/#website\"},\"primaryImageOfPage\":{\"@id\":\"https:\/\/www.welovecycling.com\/hu\/orszaguti-kerekpar\/van-der-poel-es-van-aert-decemberben-is-osszecsap-a-quickstep-gyilkosozos-csapatepitot-tartott\/#primaryimage\"},\"image\":{\"@id\":\"https:\/\/www.welovecycling.com\/hu\/orszaguti-kerekpar\/van-der-poel-es-van-aert-decemberben-is-osszecsap-a-quickstep-gyilkosozos-csapatepitot-tartott\/#primaryimage\"},\"thumbnailUrl\":\"https:\/\/d2p6e6u75xmxt8.cloudfront.net\/12\/2023\/11\/quickstep-mystery-game.webp\",\"datePublished\":\"2023-11-19T06:00:56+00:00\",\"author\":{\"@id\":\"https:\/\/www.welovecycling.com\/hu\/#\/schema\/person\/414a2aebf1801691a5320edb6468e194\"},\"description\":\"Kar\u00e1csony k\u00f6rny\u00e9ke is tartogat n\u00e9h\u00e1ny aj\u00e1nd\u00e9k \u00ednyencs\u00e9get a ker\u00e9kp\u00e1rsport szerelmeseinek.\",\"breadcrumb\":{\"@id\":\"https:\/\/www.welovecycling.com\/hu\/orszaguti-kerekpar\/van-der-poel-es-van-aert-decemberben-is-osszecsap-a-quickstep-gyilkosozos-csapatepitot-tartott\/#breadcrumb\"},\"inLanguage\":\"hu\",\"potentialAction\":[{\"@type\":\"ReadAction\",\"target\":[\"https:\/\/www.welovecycling.com\/hu\/orszaguti-kerekpar\/van-der-poel-es-van-aert-decemberben-is-osszecsap-a-quickstep-gyilkosozos-csapatepitot-tartott\/\"]}]},{\"@type\":\"ImageObject\",\"inLanguage\":\"hu\",\"@id\":\"https:\/\/www.welovecycling.com\/hu\/orszaguti-kerekpar\/van-der-poel-es-van-aert-decemberben-is-osszecsap-a-quickstep-gyilkosozos-csapatepitot-tartott\/#primaryimage\",\"url\":\"https:\/\/d2p6e6u75xmxt8.cloudfront.net\/12\/2023\/11\/quickstep-mystery-game.webp\",\"contentUrl\":\"https:\/\/d2p6e6u75xmxt8.cloudfront.net\/12\/2023\/11\/quickstep-mystery-game.webp\",\"width\":960,\"height\":640},{\"@type\":\"BreadcrumbList\",\"@id\":\"https:\/\/www.welovecycling.com\/hu\/orszaguti-kerekpar\/van-der-poel-es-van-aert-decemberben-is-osszecsap-a-quickstep-gyilkosozos-csapatepitot-tartott\/#breadcrumb\",\"itemListElement\":[{\"@type\":\"ListItem\",\"position\":1,\"name\":\"Home\",\"item\":\"https:\/\/www.welovecycling.com\/hu\/\"},{\"@type\":\"ListItem\",\"position\":2,\"name\":\"Van der Poel \u00e9s Van Aert decemberben is \u00f6sszecsap, a QuickStep \u201egyilkosoz\u00f3s\u201d csapat\u00e9p\u00edt\u0151t tartott\"}]},{\"@type\":\"WebSite\",\"@id\":\"https:\/\/www.welovecycling.com\/hu\/#website\",\"url\":\"https:\/\/www.welovecycling.com\/hu\/\",\"name\":\"\u0160koda We Love Cycling - Magyarorsz\u00e1g\",\"description\":\"\u0160koda WeLoveCycling\",\"potentialAction\":[{\"@type\":\"SearchAction\",\"target\":{\"@type\":\"EntryPoint\",\"urlTemplate\":\"https:\/\/www.welovecycling.com\/hu\/?s={search_term_string}\"},\"query-input\":{\"@type\":\"PropertyValueSpecification\",\"valueRequired\":true,\"valueName\":\"search_term_string\"}}],\"inLanguage\":\"hu\"},{\"@type\":\"Person\",\"@id\":\"https:\/\/www.welovecycling.com\/hu\/#\/schema\/person\/414a2aebf1801691a5320edb6468e194\",\"name\":\"hegyizs\",\"image\":{\"@type\":\"ImageObject\",\"inLanguage\":\"hu\",\"@id\":\"https:\/\/www.welovecycling.com\/hu\/#\/schema\/person\/image\/\",\"url\":\"https:\/\/secure.gravatar.com\/avatar\/02cf8a7906b8cf90cecb4679defac7cfd33a1c2e3b88e4903d947f3bb58eedd3?s=96&d=mm&r=g\",\"contentUrl\":\"https:\/\/secure.gravatar.com\/avatar\/02cf8a7906b8cf90cecb4679defac7cfd33a1c2e3b88e4903d947f3bb58eedd3?s=96&d=mm&r=g\",\"caption\":\"hegyizs\"},\"url\":\"https:\/\/www.welovecycling.com\/hu\/author\/hegyizs\/\"}]}<\/script>\n<!-- \/ Yoast SEO Premium plugin. -->","yoast_head_json":{"title":"Van der Poel \u00e9s Van Aert decemberben is \u00f6sszecsap, a QuickStep \u201egyilkosoz\u00f3s\u201d csapat\u00e9p\u00edt\u0151t tartott","description":"Kar\u00e1csony k\u00f6rny\u00e9ke is tartogat n\u00e9h\u00e1ny aj\u00e1nd\u00e9k \u00ednyencs\u00e9get a ker\u00e9kp\u00e1rsport szerelmeseinek.","robots":{"index":"index","follow":"follow","max-snippet":"max-snippet:-1","max-image-preview":"max-image-preview:large","max-video-preview":"max-video-preview:-1"},"canonical":"https:\/\/www.welovecycling.com\/hu\/orszaguti-kerekpar\/van-der-poel-es-van-aert-decemberben-is-osszecsap-a-quickstep-gyilkosozos-csapatepitot-tartott\/","og_locale":"hu_HU","og_type":"article","og_title":"Van der Poel \u00e9s Van Aert decemberben is \u00f6sszecsap, a QuickStep \u201egyilkosoz\u00f3s\u201d csapat\u00e9p\u00edt\u0151t tartott","og_description":"Kar\u00e1csony k\u00f6rny\u00e9ke is tartogat n\u00e9h\u00e1ny aj\u00e1nd\u00e9k \u00ednyencs\u00e9get a ker\u00e9kp\u00e1rsport szerelmeseinek.","og_url":"https:\/\/www.welovecycling.com\/hu\/orszaguti-kerekpar\/van-der-poel-es-van-aert-decemberben-is-osszecsap-a-quickstep-gyilkosozos-csapatepitot-tartott\/","og_site_name":"\u0160koda We Love Cycling - Magyarorsz\u00e1g","article_publisher":"https:\/\/www.facebook.com\/WeLoveCyclingHungary\/","article_published_time":"2023-11-19T06:00:56+00:00","og_image":[{"width":960,"height":640,"url":"https:\/\/d2p6e6u75xmxt8.cloudfront.net\/12\/2023\/11\/quickstep-mystery-game.webp","type":"image\/webp"}],"author":"hegyizs","twitter_card":"summary_large_image","twitter_misc":{"Written by":"WLC","Est. reading time":"4 minutes"},"schema":{"@context":"https:\/\/schema.org","@graph":[{"@type":"WebPage","@id":"https:\/\/www.welovecycling.com\/hu\/orszaguti-kerekpar\/van-der-poel-es-van-aert-decemberben-is-osszecsap-a-quickstep-gyilkosozos-csapatepitot-tartott\/","url":"https:\/\/www.welovecycling.com\/hu\/orszaguti-kerekpar\/van-der-poel-es-van-aert-decemberben-is-osszecsap-a-quickstep-gyilkosozos-csapatepitot-tartott\/","name":"Van der Poel \u00e9s Van Aert decemberben is \u00f6sszecsap, a QuickStep \u201egyilkosoz\u00f3s\u201d csapat\u00e9p\u00edt\u0151t tartott","isPartOf":{"@id":"https:\/\/www.welovecycling.com\/hu\/#website"},"primaryImageOfPage":{"@id":"https:\/\/www.welovecycling.com\/hu\/orszaguti-kerekpar\/van-der-poel-es-van-aert-decemberben-is-osszecsap-a-quickstep-gyilkosozos-csapatepitot-tartott\/#primaryimage"},"image":{"@id":"https:\/\/www.welovecycling.com\/hu\/orszaguti-kerekpar\/van-der-poel-es-van-aert-decemberben-is-osszecsap-a-quickstep-gyilkosozos-csapatepitot-tartott\/#primaryimage"},"thumbnailUrl":"https:\/\/d2p6e6u75xmxt8.cloudfront.net\/12\/2023\/11\/quickstep-mystery-game.webp","datePublished":"2023-11-19T06:00:56+00:00","author":{"@id":"https:\/\/www.welovecycling.com\/hu\/#\/schema\/person\/414a2aebf1801691a5320edb6468e194"},"description":"Kar\u00e1csony k\u00f6rny\u00e9ke is tartogat n\u00e9h\u00e1ny aj\u00e1nd\u00e9k \u00ednyencs\u00e9get a ker\u00e9kp\u00e1rsport szerelmeseinek.","breadcrumb":{"@id":"https:\/\/www.welovecycling.com\/hu\/orszaguti-kerekpar\/van-der-poel-es-van-aert-decemberben-is-osszecsap-a-quickstep-gyilkosozos-csapatepitot-tartott\/#breadcrumb"},"inLanguage":"hu","potentialAction":[{"@type":"ReadAction","target":["https:\/\/www.welovecycling.com\/hu\/orszaguti-kerekpar\/van-der-poel-es-van-aert-decemberben-is-osszecsap-a-quickstep-gyilkosozos-csapatepitot-tartott\/"]}]},{"@type":"ImageObject","inLanguage":"hu","@id":"https:\/\/www.welovecycling.com\/hu\/orszaguti-kerekpar\/van-der-poel-es-van-aert-decemberben-is-osszecsap-a-quickstep-gyilkosozos-csapatepitot-tartott\/#primaryimage","url":"https:\/\/d2p6e6u75xmxt8.cloudfront.net\/12\/2023\/11\/quickstep-mystery-game.webp","contentUrl":"https:\/\/d2p6e6u75xmxt8.cloudfront.net\/12\/2023\/11\/quickstep-mystery-game.webp","width":960,"height":640},{"@type":"BreadcrumbList","@id":"https:\/\/www.welovecycling.com\/hu\/orszaguti-kerekpar\/van-der-poel-es-van-aert-decemberben-is-osszecsap-a-quickstep-gyilkosozos-csapatepitot-tartott\/#breadcrumb","itemListElement":[{"@type":"ListItem","position":1,"name":"Home","item":"https:\/\/www.welovecycling.com\/hu\/"},{"@type":"ListItem","position":2,"name":"Van der Poel \u00e9s Van Aert decemberben is \u00f6sszecsap, a QuickStep \u201egyilkosoz\u00f3s\u201d csapat\u00e9p\u00edt\u0151t tartott"}]},{"@type":"WebSite","@id":"https:\/\/www.welovecycling.com\/hu\/#website","url":"https:\/\/www.welovecycling.com\/hu\/","name":"\u0160koda We Love Cycling - Magyarorsz\u00e1g","description":"\u0160koda WeLoveCycling","potentialAction":[{"@type":"SearchAction","target":{"@type":"EntryPoint","urlTemplate":"https:\/\/www.welovecycling.com\/hu\/?s={search_term_string}"},"query-input":{"@type":"PropertyValueSpecification","valueRequired":true,"valueName":"search_term_string"}}],"inLanguage":"hu"},{"@type":"Person","@id":"https:\/\/www.welovecycling.com\/hu\/#\/schema\/person\/414a2aebf1801691a5320edb6468e194","name":"hegyizs","image":{"@type":"ImageObject","inLanguage":"hu","@id":"https:\/\/www.welovecycling.com\/hu\/#\/schema\/person\/image\/","url":"https:\/\/secure.gravatar.com\/avatar\/02cf8a7906b8cf90cecb4679defac7cfd33a1c2e3b88e4903d947f3bb58eedd3?s=96&d=mm&r=g","contentUrl":"https:\/\/secure.gravatar.com\/avatar\/02cf8a7906b8cf90cecb4679defac7cfd33a1c2e3b88e4903d947f3bb58eedd3?s=96&d=mm&r=g","caption":"hegyizs"},"url":"https:\/\/www.welovecycling.com\/hu\/author\/hegyizs\/"}]}},"_links":{"self":[{"href":"https:\/\/www.welovecycling.com\/hu\/wp-json\/wp\/v2\/posts\/18138","targetHints":{"allow":["GET"]}}],"collection":[{"href":"https:\/\/www.welovecycling.com\/hu\/wp-json\/wp\/v2\/posts"}],"about":[{"href":"https:\/\/www.welovecycling.com\/hu\/wp-json\/wp\/v2\/types\/post"}],"author":[{"embeddable":true,"href":"https:\/\/www.welovecycling.com\/hu\/wp-json\/wp\/v2\/users\/71"}],"replies":[{"embeddable":true,"href":"https:\/\/www.welovecycling.com\/hu\/wp-json\/wp\/v2\/comments?post=18138"}],"version-history":[{"count":1,"href":"https:\/\/www.welovecycling.com\/hu\/wp-json\/wp\/v2\/posts\/18138\/revisions"}],"predecessor-version":[{"id":18142,"href":"https:\/\/www.welovecycling.com\/hu\/wp-json\/wp\/v2\/posts\/18138\/revisions\/18142"}],"wp:featuredmedia":[{"embeddable":true,"href":"https:\/\/www.welovecycling.com\/hu\/wp-json\/wp\/v2\/media\/18140"}],"wp:attachment":[{"href":"https:\/\/www.welovecycling.com\/hu\/wp-json\/wp\/v2\/media?parent=18138"}],"wp:term":[{"taxonomy":"category","embeddable":true,"href":"https:\/\/www.welovecycling.com\/hu\/wp-json\/wp\/v2\/categories?post=18138"},{"taxonomy":"post_tag","embeddable":true,"href":"https:\/\/www.welovecycling.com\/hu\/wp-json\/wp\/v2\/tags?post=18138"},{"taxonomy":"global-categories","embeddable":true,"href":"https:\/\/www.welovecycling.com\/hu\/wp-json\/wp\/v2\/global-categories?post=18138"}],"curies":[{"name":"wp","href":"https:\/\/api.w.org\/{rel}","templated":true}]}}