{"id":18134,"date":"2023-11-20T08:00:20","date_gmt":"2023-11-20T06:00:20","guid":{"rendered":"https:\/\/www.welovecycling.com\/hu\/?p=18134"},"modified":"2023-11-17T16:03:58","modified_gmt":"2023-11-17T14:03:58","slug":"9-hiba-amit-erdemes-elkerulnod-ha-biciklivel-jarsz-dolgozni","status":"publish","type":"post","link":"https:\/\/www.welovecycling.com\/hu\/varosi-kerekparozas\/9-hiba-amit-erdemes-elkerulnod-ha-biciklivel-jarsz-dolgozni\/","title":{"rendered":"9 hiba, amit \u00e9rdemes elker\u00fcln\u00f6d, ha biciklivel j\u00e1rsz dolgozni"},"content":{"rendered":"<p><strong>A napi ker\u00e9kp\u00e1roz\u00e1s kitiszt\u00edtja az elm\u00e9det, tov\u00e1bb\u00e1 fitt\u00e9 \u00e9s nyugodtt\u00e1 tesz, de csak akkor, ha elker\u00fcl\u00f6d a leggyakoribb hib\u00e1kat.<\/strong><\/p>\n<p><!--more--><\/p>\n<h2><strong>1. Szersz\u00e1mok n\u00e9lk\u00fcl indulsz el<\/strong><\/h2>\n<p>El\u0151bb vagy ut\u00f3bb biztosan kapsz egy defektet: mindig tarts magadn\u00e1l egy tartal\u00e9k gumibels\u0151t, defektjav\u00edt\u00f3t \u00e9s egy pump\u00e1t, hogy sz\u00fcks\u00e9g eset\u00e9n orvosolni tudd a probl\u00e9m\u00e1t! Egy multifunkci\u00f3s szersz\u00e1m is az alapfeleszerel\u00e9sed elengedhetetlen kell\u00e9ke. Miel\u0151tt azonban venn\u00e9l egyet, gy\u0151z\u0151dj meg r\u00f3la, hogy minden olyan eszk\u00f6zzel rendelkezik, amire a karbantart\u00e1shoz sz\u00fcks\u00e9ged lehet, bele\u00e9rtve egy Torx imbuszkulcsot is.<\/p>\n<h2><strong>2. Farmerben tekersz<\/strong><\/h2>\n<p>Ha alapvet\u0151en farmerben j\u00e1rsz dolgozni, kipr\u00f3b\u00e1lhatod, hogy a ker\u00e9kp\u00e1ron is azt viseled, de val\u00f3sz\u00edn\u0171leg hamar szembes\u00fclsz majd vele, hogy az utaz\u00e1s \u00edgy nem t\u00fal nagy \u00e9lm\u00e9ny. A rossz nadr\u00e1g ugyanis k\u00ednszenved\u00e9ss\u00e9 v\u00e1ltoztathatja a napi teker\u00e9seket \u00e9s ahhoz vezethet, hogy a biciklit buszra vagy m\u00e1s k\u00f6zleked\u00e9si eszk\u00f6zre v\u00e1ltod. De ne agg\u00f3dj, ha a Lycra ker\u00e9kp\u00e1ros r\u00f6vidnadr\u00e1got t\u00fal extr\u00e9mnek gondolod, mint munkaruha, sz\u00e1mos m\u00e1s ker\u00e9kp\u00e1rra szabott nadr\u00e1g l\u00e9tezik, amit a biciklin \u00e9s azon k\u00edv\u00fcl is viselhetsz.<\/p>\n<h2><strong>3. Elhanyagolod a l\u00e1mp\u00e1k felt\u00f6lt\u00e9s\u00e9t<\/strong><\/h2>\n<p>Minden igyekezet\u00fcnk ellen\u00e9re ez a hiba id\u0151nk\u00e9nt el\u0151fordul. Egy lemer\u00fcl\u0151 l\u00e1mpa azonban k\u00f6nnyen az utaz\u00e1s rov\u00e1s\u00e1ra mehet, f\u0151leg egy t\u00e9li est\u00e9n. Tarts az irod\u00e1dban egy tartal\u00e9k t\u00f6lt\u0151t, amivel a d\u00e9lut\u00e1ni munka sor\u00e1n \u00e9letet lehelhetsz az akkumul\u00e1torba, m\u00e9g miel\u0151tt ker\u00e9kp\u00e1rra pattann\u00e1l. Azt\u00e1n ott van a dinam\u00f3s l\u00e1mpa haszn\u00e1lat\u00e1nak lehet\u0151s\u00e9ge is, ami teker\u00e9s k\u00f6zben vil\u00e1g\u00edt.<\/p>\n<h2><strong>4. A leggyorsabb, de legforgalmasabb \u00fatvonal<\/strong><strong>at v\u00e1lasztod<\/strong><\/h2>\n<p>Nem k\u00f6telez\u0151 a legr\u00f6videbb vagy leggyorsabb \u00faton menned a munkahelyre. Nyugodtan v\u00e1laszthatsz m\u00e1st is, mint a legforgalmasabb \u00fatszakaszok, amik sokszor pokoliv\u00e1 teszik az utaz\u00e1st. T\u00f6lts egy h\u00e9tv\u00e9g\u00e9t azzal, hogy felfedezel n\u00e9h\u00e1ny nyugodtabb lehet\u0151s\u00e9get. Ak\u00e1r napr\u00f3l napra v\u00e1ltoztathatod az \u00fatvonalakat, hogy a sz\u00f3rakoztat\u00f3bb legyen a teker\u00e9s.<\/p>\n<figure id=\"attachment_8208\" aria-describedby=\"caption-attachment-8208\" style=\"width: 1800px\" class=\"wp-caption alignnone\"><a href=\"https:\/\/d2p6e6u75xmxt8.cloudfront.net\/12\/2020\/07\/Cycling-Commuting-profimedia-0285170835.jpg\"><img loading=\"lazy\" decoding=\"async\" class=\"size-full wp-image-8208\" src=\"https:\/\/d2p6e6u75xmxt8.cloudfront.net\/12\/2020\/07\/Cycling-Commuting-profimedia-0285170835.jpg\" alt=\"Bicycle commute\" width=\"1800\" height=\"1200\" \/><\/a><figcaption id=\"caption-attachment-8208\" class=\"wp-caption-text\"><em>Tedd a lehet\u0151 legz\u00f6kken\u0151mentesebb\u00e9 a napi ing\u00e1z\u00e1st. \u00a9 Profimedia<\/em><\/figcaption><\/figure>\n<h2><strong>5. Nem haszn\u00e1lsz s\u00e1rv\u00e9d\u0151t<\/strong><\/h2>\n<p>Nem v\u00e1laszthatod meg, hogy milyen napszakban ing\u00e1zol a munkahelyedre, ez\u00e9rt el\u0151fordulhat, hogy n\u00e9ha esik az es\u0151, \u00e9s az utak vizesek lesznek. Ha mell\u0151z\u00f6d a megfelel\u0151 ker\u00e9kp\u00e1rfelszerel\u00e9sek haszn\u00e1lat\u00e1t, az lesz a sorsod, hogy eg\u00e9sz nap a vizes ruh\u00e1dban vacogj az \u00edr\u00f3asztalod m\u00f6g\u00f6tt.<\/p>\n<h2><strong>6. Elfelejted a v\u00e1lt\u00f3ruh\u00e1t<\/strong><\/h2>\n<p>Sokan ker\u00e9kp\u00e1ros felszerel\u00e9sben ing\u00e1znak a munkahely\u00fckre, \u00e9s egy h\u00e1tizs\u00e1kban viszik magukkal a ruh\u00e1t, amibe majd \u00e1t\u00f6lt\u00f6znek. A rendszer eg\u00e9szen addig m\u0171k\u00f6dik, m\u00edg valamit el nem felejtesz becsomagolni. Ha az als\u00f3nem\u0171 marad ki, m\u00e9g k\u00f6nnyen meg\u00faszod, maximum kicsit k\u00e9nyelmetlen\u00fcl \u00e9rzed majd magad. Ha viszont a nadr\u00e1godat hagyod otthon, az m\u00e1r komolyabb probl\u00e9ma lehet. A legjobb, ha mindig tartasz az irod\u00e1dban tartal\u00e9k ruh\u00e1t.<\/p>\n<h2><strong>7. Sp\u00f3rol<\/strong><strong>sz a bicikliz\u00e1ron<\/strong><\/h2>\n<p>A ker\u00e9kp\u00e1rz\u00e1rnak olyan min\u0151s\u00e9g\u0171nek kell lennie, mint amilyen a bicikli, amit meg szeretn\u00e9l \u00f3vni a lop\u00e1st\u00f3l. Nagy lehet a k\u00eds\u00e9rt\u00e9s, hogy sp\u00f3rolj ezen a kieg\u00e9sz\u00edt\u0151n, de ez nagy meggondolatlans\u00e1g lenne. B\u00e1rmennyit is k\u00f6ltesz bicikliz\u00e1rra, az biztos olcs\u00f3bb lesz, mint az ellopott bring\u00e1d p\u00f3tl\u00e1sa.<\/p>\n<h2><strong>8. T\u00fal k\u00f6zel m\u00e9sz a j\u00e1rdaszeg\u00e9lyhez<\/strong><\/h2>\n<p>Sz\u00e1mos vesz\u00e9ly leselkedik azokra a ker\u00e9kp\u00e1rosokra, akik t\u00fal k\u00f6zel tekernek a j\u00e1rdaszeg\u00e9lyhez. Ott vannak a cs\u00fasz\u00f3s csatornafedelek, az \u00fattest \u00e9s a j\u00e1rda k\u00f6zti magass\u00e1gk\u00fcl\u00f6nbs\u00e9g, \u00e9s persze a hirtelen j\u00e1rd\u00e1ra l\u00e9p\u0151 gyalogosok. Ha valami egyik pillanatr\u00f3l a m\u00e1sikra el\u00e1llja az utad, el\u0151fordulhat, hogy reflexszer\u0171en a szembej\u00f6v\u0151 forgalomba t\u00e9rsz ki, ami nagyon kock\u00e1zatos. R\u00e1ad\u00e1sul, ha a j\u00e1rdaszeg\u00e9lyhez k\u00f6zel ker\u00e9kp\u00e1rozol, arra cs\u00e1b\u00edthatod az aut\u00f3sokat, hogy megel\u0151zzenek, m\u00e9g akkor is, ha val\u00f3j\u00e1ban nincs el\u00e9g hely\u00fck ahhoz, hogy ezt biztons\u00e1gosan megtehess\u00e9k.<\/p>\n<p>A parkol\u00f3 aut\u00f3sor k\u00f6zel\u00e9ben val\u00f3 bicikliz\u00e9s szint\u00e9n vesz\u00e9lyes lehet, ugyanis a figyelmetlen utasok id\u0151nk\u00e9nt v\u00e1ratlanul kinyitj\u00e1k az ajt\u00f3kat, amikbe nagyon f\u00e1jdalmas belerohanni. A legjobb, ha biztosra m\u00e9sz, \u00e9s a s\u00e1vod k\u00f6zep\u00e9n tekersz. Minden jogod megvan hozz\u00e1, \u00e9s sokszor ez a legb\u00f6lcsebb, amit tehetsz.<\/p>\n<h2><strong>9. Random versenyek<\/strong><\/h2>\n<p>Idegenek ellen versenyezni a forgalmas utakon csak ritk\u00e1n okoz \u00f6r\u00f6met. Ha kezdem\u00e9nyezni akarsz egy ilyen \u00f6sszecsap\u00e1st, az igenl\u0151 b\u00f3logat\u00e1sok helyett val\u00f3sz\u00edn\u0171bb, hogy a t\u00f6bbi ker\u00e9kp\u00e1ros udvariatlannak, s\u0151t but\u00e1nak fog tal\u00e1lni. R\u00e1ad\u00e1sul, ha egy verseny ut\u00e1n az izzads\u00e1gt\u00f3l nedves ruh\u00e1dban m\u00e9sz be dolgozni, a koll\u00e9g\u00e1id az iroda legt\u00e1volabbi zug\u00e1ba fognak el\u0151led menek\u00fclni.<\/p>\n","protected":false},"excerpt":{"rendered":"<p>A napi ker\u00e9kp\u00e1roz\u00e1s kitiszt\u00edtja az elm\u00e9det, tov\u00e1bb\u00e1 fitt\u00e9 \u00e9s nyugodtt\u00e1 tesz, de csak akkor, ha elker\u00fcl\u00f6d a leggyakoribb hib\u00e1kat.<\/p>\n","protected":false},"author":71,"featured_media":18136,"comment_status":"open","ping_status":"open","sticky":false,"template":"","format":"standard","meta":{"footnotes":""},"categories":[9],"tags":[],"global-categories":[],"class_list":["post-18134","post","type-post","status-publish","format-standard","has-post-thumbnail","hentry","category-varosi-kerekparozas"],"yoast_head":"<!-- This site is optimized with the Yoast SEO Premium plugin v25.3 (Yoast SEO v25.9) - https:\/\/yoast.com\/wordpress\/plugins\/seo\/ -->\n<title>9 hiba, amit \u00e9rdemes elker\u00fcln\u00f6d, ha biciklivel j\u00e1rsz dolgozni<\/title>\n<meta name=\"description\" content=\"A napi ker\u00e9kp\u00e1roz\u00e1s kitiszt\u00edtja az elm\u00e9det, tov\u00e1bb\u00e1 fitt\u00e9 \u00e9s nyugodtt\u00e1 tesz, de csak akkor, ha elker\u00fcl\u00f6d a leggyakoribb hib\u00e1kat.\" \/>\n<meta name=\"robots\" content=\"index, follow, max-snippet:-1, max-image-preview:large, max-video-preview:-1\" \/>\n<link rel=\"canonical\" href=\"https:\/\/www.welovecycling.com\/hu\/varosi-kerekparozas\/9-hiba-amit-erdemes-elkerulnod-ha-biciklivel-jarsz-dolgozni\/\" \/>\n<meta property=\"og:locale\" content=\"hu_HU\" \/>\n<meta property=\"og:type\" content=\"article\" \/>\n<meta property=\"og:title\" content=\"9 hiba, amit \u00e9rdemes elker\u00fcln\u00f6d, ha biciklivel j\u00e1rsz dolgozni\" \/>\n<meta property=\"og:description\" content=\"A napi ker\u00e9kp\u00e1roz\u00e1s kitiszt\u00edtja az elm\u00e9det, tov\u00e1bb\u00e1 fitt\u00e9 \u00e9s nyugodtt\u00e1 tesz, de csak akkor, ha elker\u00fcl\u00f6d a leggyakoribb hib\u00e1kat.\" \/>\n<meta property=\"og:url\" content=\"https:\/\/www.welovecycling.com\/hu\/varosi-kerekparozas\/9-hiba-amit-erdemes-elkerulnod-ha-biciklivel-jarsz-dolgozni\/\" \/>\n<meta property=\"og:site_name\" content=\"\u0160koda We Love Cycling - Magyarorsz\u00e1g\" \/>\n<meta property=\"article:publisher\" content=\"https:\/\/www.facebook.com\/WeLoveCyclingHungary\/\" \/>\n<meta property=\"article:published_time\" content=\"2023-11-20T06:00:20+00:00\" \/>\n<meta property=\"og:image\" content=\"https:\/\/d2p6e6u75xmxt8.cloudfront.net\/12\/2023\/11\/Urban-Cyclist-Commute-profimedia-0747297503-CVR.webp\" \/>\n\t<meta property=\"og:image:width\" content=\"990\" \/>\n\t<meta property=\"og:image:height\" content=\"660\" \/>\n\t<meta property=\"og:image:type\" content=\"image\/webp\" \/>\n<meta name=\"author\" content=\"hegyizs\" \/>\n<meta name=\"twitter:card\" content=\"summary_large_image\" \/>\n<meta name=\"twitter:label1\" content=\"Written by\" \/>\n\t<meta name=\"twitter:data1\" content=\"Adam Marsal\" \/>\n\t<meta name=\"twitter:label2\" content=\"Est. reading time\" \/>\n\t<meta name=\"twitter:data2\" content=\"4\" \/>\n<script type=\"application\/ld+json\" class=\"yoast-schema-graph\">{\"@context\":\"https:\/\/schema.org\",\"@graph\":[{\"@type\":\"WebPage\",\"@id\":\"https:\/\/www.welovecycling.com\/hu\/varosi-kerekparozas\/9-hiba-amit-erdemes-elkerulnod-ha-biciklivel-jarsz-dolgozni\/\",\"url\":\"https:\/\/www.welovecycling.com\/hu\/varosi-kerekparozas\/9-hiba-amit-erdemes-elkerulnod-ha-biciklivel-jarsz-dolgozni\/\",\"name\":\"9 hiba, amit \u00e9rdemes elker\u00fcln\u00f6d, ha biciklivel j\u00e1rsz dolgozni\",\"isPartOf\":{\"@id\":\"https:\/\/www.welovecycling.com\/hu\/#website\"},\"primaryImageOfPage\":{\"@id\":\"https:\/\/www.welovecycling.com\/hu\/varosi-kerekparozas\/9-hiba-amit-erdemes-elkerulnod-ha-biciklivel-jarsz-dolgozni\/#primaryimage\"},\"image\":{\"@id\":\"https:\/\/www.welovecycling.com\/hu\/varosi-kerekparozas\/9-hiba-amit-erdemes-elkerulnod-ha-biciklivel-jarsz-dolgozni\/#primaryimage\"},\"thumbnailUrl\":\"https:\/\/d2p6e6u75xmxt8.cloudfront.net\/12\/2023\/11\/Urban-Cyclist-Commute-profimedia-0747297503-CVR.webp\",\"datePublished\":\"2023-11-20T06:00:20+00:00\",\"author\":{\"@id\":\"https:\/\/www.welovecycling.com\/hu\/#\/schema\/person\/414a2aebf1801691a5320edb6468e194\"},\"description\":\"A napi ker\u00e9kp\u00e1roz\u00e1s kitiszt\u00edtja az elm\u00e9det, tov\u00e1bb\u00e1 fitt\u00e9 \u00e9s nyugodtt\u00e1 tesz, de csak akkor, ha elker\u00fcl\u00f6d a leggyakoribb hib\u00e1kat.\",\"breadcrumb\":{\"@id\":\"https:\/\/www.welovecycling.com\/hu\/varosi-kerekparozas\/9-hiba-amit-erdemes-elkerulnod-ha-biciklivel-jarsz-dolgozni\/#breadcrumb\"},\"inLanguage\":\"hu\",\"potentialAction\":[{\"@type\":\"ReadAction\",\"target\":[\"https:\/\/www.welovecycling.com\/hu\/varosi-kerekparozas\/9-hiba-amit-erdemes-elkerulnod-ha-biciklivel-jarsz-dolgozni\/\"]}]},{\"@type\":\"ImageObject\",\"inLanguage\":\"hu\",\"@id\":\"https:\/\/www.welovecycling.com\/hu\/varosi-kerekparozas\/9-hiba-amit-erdemes-elkerulnod-ha-biciklivel-jarsz-dolgozni\/#primaryimage\",\"url\":\"https:\/\/d2p6e6u75xmxt8.cloudfront.net\/12\/2023\/11\/Urban-Cyclist-Commute-profimedia-0747297503-CVR.webp\",\"contentUrl\":\"https:\/\/d2p6e6u75xmxt8.cloudfront.net\/12\/2023\/11\/Urban-Cyclist-Commute-profimedia-0747297503-CVR.webp\",\"width\":990,\"height\":660,\"caption\":\"Urban cyclist\"},{\"@type\":\"BreadcrumbList\",\"@id\":\"https:\/\/www.welovecycling.com\/hu\/varosi-kerekparozas\/9-hiba-amit-erdemes-elkerulnod-ha-biciklivel-jarsz-dolgozni\/#breadcrumb\",\"itemListElement\":[{\"@type\":\"ListItem\",\"position\":1,\"name\":\"Home\",\"item\":\"https:\/\/www.welovecycling.com\/hu\/\"},{\"@type\":\"ListItem\",\"position\":2,\"name\":\"9 hiba, amit \u00e9rdemes elker\u00fcln\u00f6d, ha biciklivel j\u00e1rsz dolgozni\"}]},{\"@type\":\"WebSite\",\"@id\":\"https:\/\/www.welovecycling.com\/hu\/#website\",\"url\":\"https:\/\/www.welovecycling.com\/hu\/\",\"name\":\"\u0160koda We Love Cycling - Magyarorsz\u00e1g\",\"description\":\"\u0160koda WeLoveCycling\",\"potentialAction\":[{\"@type\":\"SearchAction\",\"target\":{\"@type\":\"EntryPoint\",\"urlTemplate\":\"https:\/\/www.welovecycling.com\/hu\/?s={search_term_string}\"},\"query-input\":{\"@type\":\"PropertyValueSpecification\",\"valueRequired\":true,\"valueName\":\"search_term_string\"}}],\"inLanguage\":\"hu\"},{\"@type\":\"Person\",\"@id\":\"https:\/\/www.welovecycling.com\/hu\/#\/schema\/person\/414a2aebf1801691a5320edb6468e194\",\"name\":\"hegyizs\",\"image\":{\"@type\":\"ImageObject\",\"inLanguage\":\"hu\",\"@id\":\"https:\/\/www.welovecycling.com\/hu\/#\/schema\/person\/image\/\",\"url\":\"https:\/\/secure.gravatar.com\/avatar\/02cf8a7906b8cf90cecb4679defac7cfd33a1c2e3b88e4903d947f3bb58eedd3?s=96&d=mm&r=g\",\"contentUrl\":\"https:\/\/secure.gravatar.com\/avatar\/02cf8a7906b8cf90cecb4679defac7cfd33a1c2e3b88e4903d947f3bb58eedd3?s=96&d=mm&r=g\",\"caption\":\"hegyizs\"},\"url\":\"https:\/\/www.welovecycling.com\/hu\/author\/hegyizs\/\"}]}<\/script>\n<!-- \/ Yoast SEO Premium plugin. -->","yoast_head_json":{"title":"9 hiba, amit \u00e9rdemes elker\u00fcln\u00f6d, ha biciklivel j\u00e1rsz dolgozni","description":"A napi ker\u00e9kp\u00e1roz\u00e1s kitiszt\u00edtja az elm\u00e9det, tov\u00e1bb\u00e1 fitt\u00e9 \u00e9s nyugodtt\u00e1 tesz, de csak akkor, ha elker\u00fcl\u00f6d a leggyakoribb hib\u00e1kat.","robots":{"index":"index","follow":"follow","max-snippet":"max-snippet:-1","max-image-preview":"max-image-preview:large","max-video-preview":"max-video-preview:-1"},"canonical":"https:\/\/www.welovecycling.com\/hu\/varosi-kerekparozas\/9-hiba-amit-erdemes-elkerulnod-ha-biciklivel-jarsz-dolgozni\/","og_locale":"hu_HU","og_type":"article","og_title":"9 hiba, amit \u00e9rdemes elker\u00fcln\u00f6d, ha biciklivel j\u00e1rsz dolgozni","og_description":"A napi ker\u00e9kp\u00e1roz\u00e1s kitiszt\u00edtja az elm\u00e9det, tov\u00e1bb\u00e1 fitt\u00e9 \u00e9s nyugodtt\u00e1 tesz, de csak akkor, ha elker\u00fcl\u00f6d a leggyakoribb hib\u00e1kat.","og_url":"https:\/\/www.welovecycling.com\/hu\/varosi-kerekparozas\/9-hiba-amit-erdemes-elkerulnod-ha-biciklivel-jarsz-dolgozni\/","og_site_name":"\u0160koda We Love Cycling - Magyarorsz\u00e1g","article_publisher":"https:\/\/www.facebook.com\/WeLoveCyclingHungary\/","article_published_time":"2023-11-20T06:00:20+00:00","og_image":[{"width":990,"height":660,"url":"https:\/\/d2p6e6u75xmxt8.cloudfront.net\/12\/2023\/11\/Urban-Cyclist-Commute-profimedia-0747297503-CVR.webp","type":"image\/webp"}],"author":"hegyizs","twitter_card":"summary_large_image","twitter_misc":{"Written by":"Adam Marsal","Est. reading time":"4"},"schema":{"@context":"https:\/\/schema.org","@graph":[{"@type":"WebPage","@id":"https:\/\/www.welovecycling.com\/hu\/varosi-kerekparozas\/9-hiba-amit-erdemes-elkerulnod-ha-biciklivel-jarsz-dolgozni\/","url":"https:\/\/www.welovecycling.com\/hu\/varosi-kerekparozas\/9-hiba-amit-erdemes-elkerulnod-ha-biciklivel-jarsz-dolgozni\/","name":"9 hiba, amit \u00e9rdemes elker\u00fcln\u00f6d, ha biciklivel j\u00e1rsz dolgozni","isPartOf":{"@id":"https:\/\/www.welovecycling.com\/hu\/#website"},"primaryImageOfPage":{"@id":"https:\/\/www.welovecycling.com\/hu\/varosi-kerekparozas\/9-hiba-amit-erdemes-elkerulnod-ha-biciklivel-jarsz-dolgozni\/#primaryimage"},"image":{"@id":"https:\/\/www.welovecycling.com\/hu\/varosi-kerekparozas\/9-hiba-amit-erdemes-elkerulnod-ha-biciklivel-jarsz-dolgozni\/#primaryimage"},"thumbnailUrl":"https:\/\/d2p6e6u75xmxt8.cloudfront.net\/12\/2023\/11\/Urban-Cyclist-Commute-profimedia-0747297503-CVR.webp","datePublished":"2023-11-20T06:00:20+00:00","author":{"@id":"https:\/\/www.welovecycling.com\/hu\/#\/schema\/person\/414a2aebf1801691a5320edb6468e194"},"description":"A napi ker\u00e9kp\u00e1roz\u00e1s kitiszt\u00edtja az elm\u00e9det, tov\u00e1bb\u00e1 fitt\u00e9 \u00e9s nyugodtt\u00e1 tesz, de csak akkor, ha elker\u00fcl\u00f6d a leggyakoribb hib\u00e1kat.","breadcrumb":{"@id":"https:\/\/www.welovecycling.com\/hu\/varosi-kerekparozas\/9-hiba-amit-erdemes-elkerulnod-ha-biciklivel-jarsz-dolgozni\/#breadcrumb"},"inLanguage":"hu","potentialAction":[{"@type":"ReadAction","target":["https:\/\/www.welovecycling.com\/hu\/varosi-kerekparozas\/9-hiba-amit-erdemes-elkerulnod-ha-biciklivel-jarsz-dolgozni\/"]}]},{"@type":"ImageObject","inLanguage":"hu","@id":"https:\/\/www.welovecycling.com\/hu\/varosi-kerekparozas\/9-hiba-amit-erdemes-elkerulnod-ha-biciklivel-jarsz-dolgozni\/#primaryimage","url":"https:\/\/d2p6e6u75xmxt8.cloudfront.net\/12\/2023\/11\/Urban-Cyclist-Commute-profimedia-0747297503-CVR.webp","contentUrl":"https:\/\/d2p6e6u75xmxt8.cloudfront.net\/12\/2023\/11\/Urban-Cyclist-Commute-profimedia-0747297503-CVR.webp","width":990,"height":660,"caption":"Urban cyclist"},{"@type":"BreadcrumbList","@id":"https:\/\/www.welovecycling.com\/hu\/varosi-kerekparozas\/9-hiba-amit-erdemes-elkerulnod-ha-biciklivel-jarsz-dolgozni\/#breadcrumb","itemListElement":[{"@type":"ListItem","position":1,"name":"Home","item":"https:\/\/www.welovecycling.com\/hu\/"},{"@type":"ListItem","position":2,"name":"9 hiba, amit \u00e9rdemes elker\u00fcln\u00f6d, ha biciklivel j\u00e1rsz dolgozni"}]},{"@type":"WebSite","@id":"https:\/\/www.welovecycling.com\/hu\/#website","url":"https:\/\/www.welovecycling.com\/hu\/","name":"\u0160koda We Love Cycling - Magyarorsz\u00e1g","description":"\u0160koda WeLoveCycling","potentialAction":[{"@type":"SearchAction","target":{"@type":"EntryPoint","urlTemplate":"https:\/\/www.welovecycling.com\/hu\/?s={search_term_string}"},"query-input":{"@type":"PropertyValueSpecification","valueRequired":true,"valueName":"search_term_string"}}],"inLanguage":"hu"},{"@type":"Person","@id":"https:\/\/www.welovecycling.com\/hu\/#\/schema\/person\/414a2aebf1801691a5320edb6468e194","name":"hegyizs","image":{"@type":"ImageObject","inLanguage":"hu","@id":"https:\/\/www.welovecycling.com\/hu\/#\/schema\/person\/image\/","url":"https:\/\/secure.gravatar.com\/avatar\/02cf8a7906b8cf90cecb4679defac7cfd33a1c2e3b88e4903d947f3bb58eedd3?s=96&d=mm&r=g","contentUrl":"https:\/\/secure.gravatar.com\/avatar\/02cf8a7906b8cf90cecb4679defac7cfd33a1c2e3b88e4903d947f3bb58eedd3?s=96&d=mm&r=g","caption":"hegyizs"},"url":"https:\/\/www.welovecycling.com\/hu\/author\/hegyizs\/"}]}},"_links":{"self":[{"href":"https:\/\/www.welovecycling.com\/hu\/wp-json\/wp\/v2\/posts\/18134","targetHints":{"allow":["GET"]}}],"collection":[{"href":"https:\/\/www.welovecycling.com\/hu\/wp-json\/wp\/v2\/posts"}],"about":[{"href":"https:\/\/www.welovecycling.com\/hu\/wp-json\/wp\/v2\/types\/post"}],"author":[{"embeddable":true,"href":"https:\/\/www.welovecycling.com\/hu\/wp-json\/wp\/v2\/users\/71"}],"replies":[{"embeddable":true,"href":"https:\/\/www.welovecycling.com\/hu\/wp-json\/wp\/v2\/comments?post=18134"}],"version-history":[{"count":2,"href":"https:\/\/www.welovecycling.com\/hu\/wp-json\/wp\/v2\/posts\/18134\/revisions"}],"predecessor-version":[{"id":18137,"href":"https:\/\/www.welovecycling.com\/hu\/wp-json\/wp\/v2\/posts\/18134\/revisions\/18137"}],"wp:featuredmedia":[{"embeddable":true,"href":"https:\/\/www.welovecycling.com\/hu\/wp-json\/wp\/v2\/media\/18136"}],"wp:attachment":[{"href":"https:\/\/www.welovecycling.com\/hu\/wp-json\/wp\/v2\/media?parent=18134"}],"wp:term":[{"taxonomy":"category","embeddable":true,"href":"https:\/\/www.welovecycling.com\/hu\/wp-json\/wp\/v2\/categories?post=18134"},{"taxonomy":"post_tag","embeddable":true,"href":"https:\/\/www.welovecycling.com\/hu\/wp-json\/wp\/v2\/tags?post=18134"},{"taxonomy":"global-categories","embeddable":true,"href":"https:\/\/www.welovecycling.com\/hu\/wp-json\/wp\/v2\/global-categories?post=18134"}],"curies":[{"name":"wp","href":"https:\/\/api.w.org\/{rel}","templated":true}]}}