{"id":18125,"date":"2023-11-10T14:44:24","date_gmt":"2023-11-10T12:44:24","guid":{"rendered":"https:\/\/www.welovecycling.com\/hu\/?p=18125"},"modified":"2023-11-10T14:44:24","modified_gmt":"2023-11-10T12:44:24","slug":"rigoberto-uran-egy-focimeccsen-jelentette-be-visszavonulasat-mikozben-hazajaban-sorozat-fut-az-eleterol","status":"publish","type":"post","link":"https:\/\/www.welovecycling.com\/hu\/orszaguti-kerekpar\/rigoberto-uran-egy-focimeccsen-jelentette-be-visszavonulasat-mikozben-hazajaban-sorozat-fut-az-eleterol\/","title":{"rendered":"Rigoberto Ur\u00e1n egy focimeccsen jelentette be visszavonul\u00e1s\u00e1t, mik\u00f6zben haz\u00e1j\u00e1ban sorozat fut az \u00e9let\u00e9r\u0151l"},"content":{"rendered":"<p><strong>A kolumbiai szt\u00e1r a t\u0151le megszokott lazas\u00e1ggal ejtette el, hogy a p\u00e1rizsi olimpia lesz az utols\u00f3 versenye.<\/strong><!--more--><\/p>\n<p>A komplett WorldTour-mez\u0151ny egyik legegyedibb figur\u00e1ja Rigoberto Ur\u00e1n, aki egyebek mellett <a href=\"https:\/\/twitter.com\/UranRigoberto\/status\/1054056175308849154\">saj\u00e1tos humora miatt is<\/a> hatalmas n\u00e9pszer\u0171s\u00e9gnek \u00f6rvend. A janu\u00e1rban 37. \u00e9v\u00e9t bet\u00f6lt\u0151 veter\u00e1n kolumbiai klasszis m\u00e9g 2012-ben t\u00f6rt be a k\u00f6ztudatba, amikor 7. lett a Giro d\u2019Itali\u00e1n, a k\u00f6vetkez\u0151 k\u00e9t \u00e9vben pedig egyar\u00e1nt m\u00e1sodik helyen v\u00e9gzett az olasz k\u00f6r\u00f6n, el\u0151bb az olaszok k\u00f6z\u00f6ns\u00e9gkedvence, Vincenzo Nibali, majd tulajdon honfit\u00e1rsa, Nairo Quintana el\u0151zte meg. Karrierje tal\u00e1n legnagyobb siker\u00e9t 2017-ben \u00e9rte el, amikor a Tour de France-on csak a p\u00e1ly\u00e1ja cs\u00facs\u00e1n l\u00e9v\u0151 Chris Froome tudta maga m\u00f6g\u00e9 utas\u00edtani; de a vil\u00e1g legnagyobb k\u00f6rverseny\u00e9r\u0151l van m\u00e9g h\u00e1rom top 10-es helyez\u00e9se, valamint a Vuelt\u00e1r\u00f3l is egy 7. \u00e9s egy 9. poz\u00edci\u00f3. Emellett a 2012-es londoni olimpia mez\u0151nyverseny\u00e9n is ez\u00fcst\u00e9rmesk\u00e9nt z\u00e1rt, Alekszandr Vinokurov a c\u00e9l el\u0151tt \u0151t sprintelte le eml\u00e9kezetes gy\u0151zelm\u00e9\u00e9rt.<\/p>\n<figure id=\"attachment_18126\" aria-describedby=\"caption-attachment-18126\" style=\"width: 322px\" class=\"wp-caption alignnone\"><img loading=\"lazy\" decoding=\"async\" class=\"size-full wp-image-18126\" src=\"https:\/\/d2p6e6u75xmxt8.cloudfront.net\/12\/2023\/11\/83517a123791cded2f60210a3eb5a702.webp\" alt=\"\" width=\"322\" height=\"548\" srcset=\"https:\/\/d2p6e6u75xmxt8.cloudfront.net\/12\/2023\/11\/83517a123791cded2f60210a3eb5a702.webp 322w, https:\/\/d2p6e6u75xmxt8.cloudfront.net\/12\/2023\/11\/83517a123791cded2f60210a3eb5a702-176x300.webp 176w, https:\/\/d2p6e6u75xmxt8.cloudfront.net\/12\/2023\/11\/83517a123791cded2f60210a3eb5a702-235x400.webp 235w\" sizes=\"auto, (max-width: 322px) 100vw, 322px\" \/><figcaption id=\"caption-attachment-18126\" class=\"wp-caption-text\">Rigoberto Ur\u00e1n meglehet\u0151sen egyedi humora miatt is nagy n\u00e9pszer\u0171s\u00e9gnek \u00f6rvend a mez\u0151nyben<\/figcaption><\/figure>\n<p>\u00c9s most olyb\u00e1 t\u0171nik, nagyszer\u0171 p\u00e1lyafut\u00e1sa legutols\u00f3 versenye is az \u00f6tkarik\u00e1s j\u00e1t\u00e9kokon lesz, m\u00e9ghozz\u00e1 j\u00f6v\u0151re. Ezt Ur\u00e1n gyakorlatilag a semmib\u0151l jelentette be, olyan nagyon \u201eur\u00e1nosan\u201d: a h\u00e9ten haz\u00e1j\u00e1ban j\u00e1rt vend\u00e9gs\u00e9gben, a medell\u00edni Atl\u00e9tico Nacional csapat\u00e1n\u00e1l, a meccs ut\u00e1n pedig a klub csat\u00e1ra, Dorlan Pab\u00f3n \u2013 aki anno Ur\u00e1nnal egyid\u0151ben, m\u00e9g 2006-ban kezdte karrierj\u00e9t \u2013 f\u00e9lig viccesen r\u00e1k\u00e9rdezett a bringaszt\u00e1rn\u00e1l, hogy mikor vonul m\u00e1r vissza. Ur\u00e1n erre \u00e1ltal\u00e1nos meglepet\u00e9sre teljesen komolyan meg is v\u00e1laszolta, s k\u00f6z\u00f6lte, hogy m\u00e9g egy \u00e9vet ad mag\u00e1nak: a 2024-es p\u00e1rizsi olimpi\u00e1t m\u00e9g bev\u00e1llalja, de ut\u00e1na viszl\u00e1t.<\/p>\n<figure id=\"attachment_18128\" aria-describedby=\"caption-attachment-18128\" style=\"width: 720px\" class=\"wp-caption alignnone\"><img loading=\"lazy\" decoding=\"async\" class=\"size-full wp-image-18128\" src=\"https:\/\/d2p6e6u75xmxt8.cloudfront.net\/12\/2023\/11\/uran-getty.webp\" alt=\"\" width=\"720\" height=\"480\" srcset=\"https:\/\/d2p6e6u75xmxt8.cloudfront.net\/12\/2023\/11\/uran-getty.webp 720w, https:\/\/d2p6e6u75xmxt8.cloudfront.net\/12\/2023\/11\/uran-getty-300x200.webp 300w, https:\/\/d2p6e6u75xmxt8.cloudfront.net\/12\/2023\/11\/uran-getty-400x267.webp 400w, https:\/\/d2p6e6u75xmxt8.cloudfront.net\/12\/2023\/11\/uran-getty-272x182.webp 272w\" sizes=\"auto, (max-width: 720px) 100vw, 720px\" \/><figcaption id=\"caption-attachment-18128\" class=\"wp-caption-text\">fot\u00f3: Getty<\/figcaption><\/figure>\n<p>D\u00f6nt\u00e9se ugyanakkor abb\u00f3l a szempontb\u00f3l egy\u00e1ltal\u00e1n nem meglep\u0151, hogy Rig\u00f3t nem titkoltan m\u00e1r tavaly is foglalkoztatta a visszavonul\u00e1s gondolata, mid\u0151n lej\u00e1rt a szerz\u0151d\u00e9se csapat\u00e1val, az EF-EasyPosttal. V\u00e9g\u00fcl azonban csak al\u00e1\u00edrta \u00faj szerz\u0151d\u00e9s\u00e9t az amerikai ist\u00e1ll\u00f3val, \u00edgy m\u00e1r majd\u2019 k\u00e9t \u00e9vtizedesre, 18 esztend\u0151sre ny\u00fajtva gazdag p\u00e1lyafut\u00e1s\u00e1t. \u201eEzek az utols\u00f3 \u00e9veim arra, hogy ott lehessek a dobog\u00f3kon, ez\u00e9rt minden er\u0151mmel ezen leszek. Megl\u00e1tjuk, oda\u00e9rhet\u00fcnk-e a Grand Tour-dobog\u00f3kra, ezen dolgozunk, ez\u00e9rt versenyz\u00fcnk egym\u00e1s\u00e9rt.\u201d<\/p>\n<p>Kolumbi\u00e1ban egy\u00e9bk\u00e9nt a ker\u00e9kp\u00e1rversenyz\u0151k \u00e1ltal\u00e1noss\u00e1gban \u00f3ri\u00e1si n\u00e9pszer\u0171s\u00e9gnek \u00f6rvendenek, igazi szt\u00e1rok \u00e9s nemzeti h\u0151s\u00f6k. Nincs ez m\u00e1sk\u00e9nt Rigoberto Ur\u00e1nnal sem, akinek jelenleg is fut az \u00e9let\u00e9r\u0151l forgatott sorozat az egyik legh\u00edresebb kolumbiai sz\u00edn\u00e9sz, Juan Pablo Urrego f\u0151szerepl\u00e9s\u00e9vel.<\/p>\n<figure id=\"attachment_18129\" aria-describedby=\"caption-attachment-18129\" style=\"width: 1024px\" class=\"wp-caption alignnone\"><img loading=\"lazy\" decoding=\"async\" class=\"size-full wp-image-18129\" src=\"https:\/\/d2p6e6u75xmxt8.cloudfront.net\/12\/2023\/11\/uran-maximiliano-blanco-getty.webp\" alt=\"\" width=\"1024\" height=\"683\" srcset=\"https:\/\/d2p6e6u75xmxt8.cloudfront.net\/12\/2023\/11\/uran-maximiliano-blanco-getty.webp 1024w, https:\/\/d2p6e6u75xmxt8.cloudfront.net\/12\/2023\/11\/uran-maximiliano-blanco-getty-300x200.webp 300w, https:\/\/d2p6e6u75xmxt8.cloudfront.net\/12\/2023\/11\/uran-maximiliano-blanco-getty-768x512.webp 768w, https:\/\/d2p6e6u75xmxt8.cloudfront.net\/12\/2023\/11\/uran-maximiliano-blanco-getty-400x267.webp 400w, https:\/\/d2p6e6u75xmxt8.cloudfront.net\/12\/2023\/11\/uran-maximiliano-blanco-getty-272x182.webp 272w\" sizes=\"auto, (max-width: 1024px) 100vw, 1024px\" \/><figcaption id=\"caption-attachment-18129\" class=\"wp-caption-text\">fot\u00f3: Getty<\/figcaption><\/figure>\n","protected":false},"excerpt":{"rendered":"<p>A kolumbiai szt\u00e1r a t\u0151le megszokott lazas\u00e1ggal ejtette el, hogy a p\u00e1rizsi olimpia lesz az utols\u00f3 versenye.<\/p>\n","protected":false},"author":71,"featured_media":18127,"comment_status":"open","ping_status":"open","sticky":false,"template":"","format":"standard","meta":{"footnotes":""},"categories":[8],"tags":[],"global-categories":[419],"class_list":["post-18125","post","type-post","status-publish","format-standard","has-post-thumbnail","hentry","category-orszaguti-kerekpar","global-categories-cycling"],"yoast_head":"<!-- This site is optimized with the Yoast SEO Premium plugin v25.3 (Yoast SEO v25.9) - https:\/\/yoast.com\/wordpress\/plugins\/seo\/ -->\n<title>Rigoberto Ur\u00e1n egy focimeccsen jelentette be visszavonul\u00e1s\u00e1t, mik\u00f6zben haz\u00e1j\u00e1ban sorozat fut az \u00e9let\u00e9r\u0151l<\/title>\n<meta name=\"description\" content=\"A kolumbiai szt\u00e1r a t\u0151le megszokott lazas\u00e1ggal ejtette el, hogy a p\u00e1rizsi olimpia lesz az utols\u00f3 versenye.\" \/>\n<meta name=\"robots\" content=\"index, follow, max-snippet:-1, max-image-preview:large, max-video-preview:-1\" \/>\n<link rel=\"canonical\" href=\"https:\/\/www.welovecycling.com\/hu\/orszaguti-kerekpar\/rigoberto-uran-egy-focimeccsen-jelentette-be-visszavonulasat-mikozben-hazajaban-sorozat-fut-az-eleterol\/\" \/>\n<meta property=\"og:locale\" content=\"hu_HU\" \/>\n<meta property=\"og:type\" content=\"article\" \/>\n<meta property=\"og:title\" content=\"Rigoberto Ur\u00e1n egy focimeccsen jelentette be visszavonul\u00e1s\u00e1t, mik\u00f6zben haz\u00e1j\u00e1ban sorozat fut az \u00e9let\u00e9r\u0151l\" \/>\n<meta property=\"og:description\" content=\"A kolumbiai szt\u00e1r a t\u0151le megszokott lazas\u00e1ggal ejtette el, hogy a p\u00e1rizsi olimpia lesz az utols\u00f3 versenye.\" \/>\n<meta property=\"og:url\" content=\"https:\/\/www.welovecycling.com\/hu\/orszaguti-kerekpar\/rigoberto-uran-egy-focimeccsen-jelentette-be-visszavonulasat-mikozben-hazajaban-sorozat-fut-az-eleterol\/\" \/>\n<meta property=\"og:site_name\" content=\"\u0160koda We Love Cycling - Magyarorsz\u00e1g\" \/>\n<meta property=\"article:publisher\" content=\"https:\/\/www.facebook.com\/WeLoveCyclingHungary\/\" \/>\n<meta property=\"article:published_time\" content=\"2023-11-10T12:44:24+00:00\" \/>\n<meta property=\"og:image\" content=\"https:\/\/d2p6e6u75xmxt8.cloudfront.net\/12\/2023\/11\/3449428-70373728-2560-1440.webp\" \/>\n\t<meta property=\"og:image:width\" content=\"1200\" \/>\n\t<meta property=\"og:image:height\" content=\"675\" \/>\n\t<meta property=\"og:image:type\" content=\"image\/webp\" \/>\n<meta name=\"author\" content=\"hegyizs\" \/>\n<meta name=\"twitter:card\" content=\"summary_large_image\" \/>\n<meta name=\"twitter:label1\" content=\"Written by\" \/>\n\t<meta name=\"twitter:data1\" content=\"WLC\" \/>\n\t<meta name=\"twitter:label2\" content=\"Est. reading time\" \/>\n\t<meta name=\"twitter:data2\" content=\"3 minutes\" \/>\n<script type=\"application\/ld+json\" class=\"yoast-schema-graph\">{\"@context\":\"https:\/\/schema.org\",\"@graph\":[{\"@type\":\"WebPage\",\"@id\":\"https:\/\/www.welovecycling.com\/hu\/orszaguti-kerekpar\/rigoberto-uran-egy-focimeccsen-jelentette-be-visszavonulasat-mikozben-hazajaban-sorozat-fut-az-eleterol\/\",\"url\":\"https:\/\/www.welovecycling.com\/hu\/orszaguti-kerekpar\/rigoberto-uran-egy-focimeccsen-jelentette-be-visszavonulasat-mikozben-hazajaban-sorozat-fut-az-eleterol\/\",\"name\":\"Rigoberto Ur\u00e1n egy focimeccsen jelentette be visszavonul\u00e1s\u00e1t, mik\u00f6zben haz\u00e1j\u00e1ban sorozat fut az \u00e9let\u00e9r\u0151l\",\"isPartOf\":{\"@id\":\"https:\/\/www.welovecycling.com\/hu\/#website\"},\"primaryImageOfPage\":{\"@id\":\"https:\/\/www.welovecycling.com\/hu\/orszaguti-kerekpar\/rigoberto-uran-egy-focimeccsen-jelentette-be-visszavonulasat-mikozben-hazajaban-sorozat-fut-az-eleterol\/#primaryimage\"},\"image\":{\"@id\":\"https:\/\/www.welovecycling.com\/hu\/orszaguti-kerekpar\/rigoberto-uran-egy-focimeccsen-jelentette-be-visszavonulasat-mikozben-hazajaban-sorozat-fut-az-eleterol\/#primaryimage\"},\"thumbnailUrl\":\"https:\/\/d2p6e6u75xmxt8.cloudfront.net\/12\/2023\/11\/3449428-70373728-2560-1440.webp\",\"datePublished\":\"2023-11-10T12:44:24+00:00\",\"author\":{\"@id\":\"https:\/\/www.welovecycling.com\/hu\/#\/schema\/person\/414a2aebf1801691a5320edb6468e194\"},\"description\":\"A kolumbiai szt\u00e1r a t\u0151le megszokott lazas\u00e1ggal ejtette el, hogy a p\u00e1rizsi olimpia lesz az utols\u00f3 versenye.\",\"breadcrumb\":{\"@id\":\"https:\/\/www.welovecycling.com\/hu\/orszaguti-kerekpar\/rigoberto-uran-egy-focimeccsen-jelentette-be-visszavonulasat-mikozben-hazajaban-sorozat-fut-az-eleterol\/#breadcrumb\"},\"inLanguage\":\"hu\",\"potentialAction\":[{\"@type\":\"ReadAction\",\"target\":[\"https:\/\/www.welovecycling.com\/hu\/orszaguti-kerekpar\/rigoberto-uran-egy-focimeccsen-jelentette-be-visszavonulasat-mikozben-hazajaban-sorozat-fut-az-eleterol\/\"]}]},{\"@type\":\"ImageObject\",\"inLanguage\":\"hu\",\"@id\":\"https:\/\/www.welovecycling.com\/hu\/orszaguti-kerekpar\/rigoberto-uran-egy-focimeccsen-jelentette-be-visszavonulasat-mikozben-hazajaban-sorozat-fut-az-eleterol\/#primaryimage\",\"url\":\"https:\/\/d2p6e6u75xmxt8.cloudfront.net\/12\/2023\/11\/3449428-70373728-2560-1440.webp\",\"contentUrl\":\"https:\/\/d2p6e6u75xmxt8.cloudfront.net\/12\/2023\/11\/3449428-70373728-2560-1440.webp\",\"width\":1200,\"height\":675},{\"@type\":\"BreadcrumbList\",\"@id\":\"https:\/\/www.welovecycling.com\/hu\/orszaguti-kerekpar\/rigoberto-uran-egy-focimeccsen-jelentette-be-visszavonulasat-mikozben-hazajaban-sorozat-fut-az-eleterol\/#breadcrumb\",\"itemListElement\":[{\"@type\":\"ListItem\",\"position\":1,\"name\":\"Home\",\"item\":\"https:\/\/www.welovecycling.com\/hu\/\"},{\"@type\":\"ListItem\",\"position\":2,\"name\":\"Rigoberto Ur\u00e1n egy focimeccsen jelentette be visszavonul\u00e1s\u00e1t, mik\u00f6zben haz\u00e1j\u00e1ban sorozat fut az \u00e9let\u00e9r\u0151l\"}]},{\"@type\":\"WebSite\",\"@id\":\"https:\/\/www.welovecycling.com\/hu\/#website\",\"url\":\"https:\/\/www.welovecycling.com\/hu\/\",\"name\":\"\u0160koda We Love Cycling - Magyarorsz\u00e1g\",\"description\":\"\u0160koda WeLoveCycling\",\"potentialAction\":[{\"@type\":\"SearchAction\",\"target\":{\"@type\":\"EntryPoint\",\"urlTemplate\":\"https:\/\/www.welovecycling.com\/hu\/?s={search_term_string}\"},\"query-input\":{\"@type\":\"PropertyValueSpecification\",\"valueRequired\":true,\"valueName\":\"search_term_string\"}}],\"inLanguage\":\"hu\"},{\"@type\":\"Person\",\"@id\":\"https:\/\/www.welovecycling.com\/hu\/#\/schema\/person\/414a2aebf1801691a5320edb6468e194\",\"name\":\"hegyizs\",\"image\":{\"@type\":\"ImageObject\",\"inLanguage\":\"hu\",\"@id\":\"https:\/\/www.welovecycling.com\/hu\/#\/schema\/person\/image\/\",\"url\":\"https:\/\/secure.gravatar.com\/avatar\/02cf8a7906b8cf90cecb4679defac7cfd33a1c2e3b88e4903d947f3bb58eedd3?s=96&d=mm&r=g\",\"contentUrl\":\"https:\/\/secure.gravatar.com\/avatar\/02cf8a7906b8cf90cecb4679defac7cfd33a1c2e3b88e4903d947f3bb58eedd3?s=96&d=mm&r=g\",\"caption\":\"hegyizs\"},\"url\":\"https:\/\/www.welovecycling.com\/hu\/author\/hegyizs\/\"}]}<\/script>\n<!-- \/ Yoast SEO Premium plugin. -->","yoast_head_json":{"title":"Rigoberto Ur\u00e1n egy focimeccsen jelentette be visszavonul\u00e1s\u00e1t, mik\u00f6zben haz\u00e1j\u00e1ban sorozat fut az \u00e9let\u00e9r\u0151l","description":"A kolumbiai szt\u00e1r a t\u0151le megszokott lazas\u00e1ggal ejtette el, hogy a p\u00e1rizsi olimpia lesz az utols\u00f3 versenye.","robots":{"index":"index","follow":"follow","max-snippet":"max-snippet:-1","max-image-preview":"max-image-preview:large","max-video-preview":"max-video-preview:-1"},"canonical":"https:\/\/www.welovecycling.com\/hu\/orszaguti-kerekpar\/rigoberto-uran-egy-focimeccsen-jelentette-be-visszavonulasat-mikozben-hazajaban-sorozat-fut-az-eleterol\/","og_locale":"hu_HU","og_type":"article","og_title":"Rigoberto Ur\u00e1n egy focimeccsen jelentette be visszavonul\u00e1s\u00e1t, mik\u00f6zben haz\u00e1j\u00e1ban sorozat fut az \u00e9let\u00e9r\u0151l","og_description":"A kolumbiai szt\u00e1r a t\u0151le megszokott lazas\u00e1ggal ejtette el, hogy a p\u00e1rizsi olimpia lesz az utols\u00f3 versenye.","og_url":"https:\/\/www.welovecycling.com\/hu\/orszaguti-kerekpar\/rigoberto-uran-egy-focimeccsen-jelentette-be-visszavonulasat-mikozben-hazajaban-sorozat-fut-az-eleterol\/","og_site_name":"\u0160koda We Love Cycling - Magyarorsz\u00e1g","article_publisher":"https:\/\/www.facebook.com\/WeLoveCyclingHungary\/","article_published_time":"2023-11-10T12:44:24+00:00","og_image":[{"width":1200,"height":675,"url":"https:\/\/d2p6e6u75xmxt8.cloudfront.net\/12\/2023\/11\/3449428-70373728-2560-1440.webp","type":"image\/webp"}],"author":"hegyizs","twitter_card":"summary_large_image","twitter_misc":{"Written by":"WLC","Est. reading time":"3 minutes"},"schema":{"@context":"https:\/\/schema.org","@graph":[{"@type":"WebPage","@id":"https:\/\/www.welovecycling.com\/hu\/orszaguti-kerekpar\/rigoberto-uran-egy-focimeccsen-jelentette-be-visszavonulasat-mikozben-hazajaban-sorozat-fut-az-eleterol\/","url":"https:\/\/www.welovecycling.com\/hu\/orszaguti-kerekpar\/rigoberto-uran-egy-focimeccsen-jelentette-be-visszavonulasat-mikozben-hazajaban-sorozat-fut-az-eleterol\/","name":"Rigoberto Ur\u00e1n egy focimeccsen jelentette be visszavonul\u00e1s\u00e1t, mik\u00f6zben haz\u00e1j\u00e1ban sorozat fut az \u00e9let\u00e9r\u0151l","isPartOf":{"@id":"https:\/\/www.welovecycling.com\/hu\/#website"},"primaryImageOfPage":{"@id":"https:\/\/www.welovecycling.com\/hu\/orszaguti-kerekpar\/rigoberto-uran-egy-focimeccsen-jelentette-be-visszavonulasat-mikozben-hazajaban-sorozat-fut-az-eleterol\/#primaryimage"},"image":{"@id":"https:\/\/www.welovecycling.com\/hu\/orszaguti-kerekpar\/rigoberto-uran-egy-focimeccsen-jelentette-be-visszavonulasat-mikozben-hazajaban-sorozat-fut-az-eleterol\/#primaryimage"},"thumbnailUrl":"https:\/\/d2p6e6u75xmxt8.cloudfront.net\/12\/2023\/11\/3449428-70373728-2560-1440.webp","datePublished":"2023-11-10T12:44:24+00:00","author":{"@id":"https:\/\/www.welovecycling.com\/hu\/#\/schema\/person\/414a2aebf1801691a5320edb6468e194"},"description":"A kolumbiai szt\u00e1r a t\u0151le megszokott lazas\u00e1ggal ejtette el, hogy a p\u00e1rizsi olimpia lesz az utols\u00f3 versenye.","breadcrumb":{"@id":"https:\/\/www.welovecycling.com\/hu\/orszaguti-kerekpar\/rigoberto-uran-egy-focimeccsen-jelentette-be-visszavonulasat-mikozben-hazajaban-sorozat-fut-az-eleterol\/#breadcrumb"},"inLanguage":"hu","potentialAction":[{"@type":"ReadAction","target":["https:\/\/www.welovecycling.com\/hu\/orszaguti-kerekpar\/rigoberto-uran-egy-focimeccsen-jelentette-be-visszavonulasat-mikozben-hazajaban-sorozat-fut-az-eleterol\/"]}]},{"@type":"ImageObject","inLanguage":"hu","@id":"https:\/\/www.welovecycling.com\/hu\/orszaguti-kerekpar\/rigoberto-uran-egy-focimeccsen-jelentette-be-visszavonulasat-mikozben-hazajaban-sorozat-fut-az-eleterol\/#primaryimage","url":"https:\/\/d2p6e6u75xmxt8.cloudfront.net\/12\/2023\/11\/3449428-70373728-2560-1440.webp","contentUrl":"https:\/\/d2p6e6u75xmxt8.cloudfront.net\/12\/2023\/11\/3449428-70373728-2560-1440.webp","width":1200,"height":675},{"@type":"BreadcrumbList","@id":"https:\/\/www.welovecycling.com\/hu\/orszaguti-kerekpar\/rigoberto-uran-egy-focimeccsen-jelentette-be-visszavonulasat-mikozben-hazajaban-sorozat-fut-az-eleterol\/#breadcrumb","itemListElement":[{"@type":"ListItem","position":1,"name":"Home","item":"https:\/\/www.welovecycling.com\/hu\/"},{"@type":"ListItem","position":2,"name":"Rigoberto Ur\u00e1n egy focimeccsen jelentette be visszavonul\u00e1s\u00e1t, mik\u00f6zben haz\u00e1j\u00e1ban sorozat fut az \u00e9let\u00e9r\u0151l"}]},{"@type":"WebSite","@id":"https:\/\/www.welovecycling.com\/hu\/#website","url":"https:\/\/www.welovecycling.com\/hu\/","name":"\u0160koda We Love Cycling - Magyarorsz\u00e1g","description":"\u0160koda WeLoveCycling","potentialAction":[{"@type":"SearchAction","target":{"@type":"EntryPoint","urlTemplate":"https:\/\/www.welovecycling.com\/hu\/?s={search_term_string}"},"query-input":{"@type":"PropertyValueSpecification","valueRequired":true,"valueName":"search_term_string"}}],"inLanguage":"hu"},{"@type":"Person","@id":"https:\/\/www.welovecycling.com\/hu\/#\/schema\/person\/414a2aebf1801691a5320edb6468e194","name":"hegyizs","image":{"@type":"ImageObject","inLanguage":"hu","@id":"https:\/\/www.welovecycling.com\/hu\/#\/schema\/person\/image\/","url":"https:\/\/secure.gravatar.com\/avatar\/02cf8a7906b8cf90cecb4679defac7cfd33a1c2e3b88e4903d947f3bb58eedd3?s=96&d=mm&r=g","contentUrl":"https:\/\/secure.gravatar.com\/avatar\/02cf8a7906b8cf90cecb4679defac7cfd33a1c2e3b88e4903d947f3bb58eedd3?s=96&d=mm&r=g","caption":"hegyizs"},"url":"https:\/\/www.welovecycling.com\/hu\/author\/hegyizs\/"}]}},"_links":{"self":[{"href":"https:\/\/www.welovecycling.com\/hu\/wp-json\/wp\/v2\/posts\/18125","targetHints":{"allow":["GET"]}}],"collection":[{"href":"https:\/\/www.welovecycling.com\/hu\/wp-json\/wp\/v2\/posts"}],"about":[{"href":"https:\/\/www.welovecycling.com\/hu\/wp-json\/wp\/v2\/types\/post"}],"author":[{"embeddable":true,"href":"https:\/\/www.welovecycling.com\/hu\/wp-json\/wp\/v2\/users\/71"}],"replies":[{"embeddable":true,"href":"https:\/\/www.welovecycling.com\/hu\/wp-json\/wp\/v2\/comments?post=18125"}],"version-history":[{"count":1,"href":"https:\/\/www.welovecycling.com\/hu\/wp-json\/wp\/v2\/posts\/18125\/revisions"}],"predecessor-version":[{"id":18130,"href":"https:\/\/www.welovecycling.com\/hu\/wp-json\/wp\/v2\/posts\/18125\/revisions\/18130"}],"wp:featuredmedia":[{"embeddable":true,"href":"https:\/\/www.welovecycling.com\/hu\/wp-json\/wp\/v2\/media\/18127"}],"wp:attachment":[{"href":"https:\/\/www.welovecycling.com\/hu\/wp-json\/wp\/v2\/media?parent=18125"}],"wp:term":[{"taxonomy":"category","embeddable":true,"href":"https:\/\/www.welovecycling.com\/hu\/wp-json\/wp\/v2\/categories?post=18125"},{"taxonomy":"post_tag","embeddable":true,"href":"https:\/\/www.welovecycling.com\/hu\/wp-json\/wp\/v2\/tags?post=18125"},{"taxonomy":"global-categories","embeddable":true,"href":"https:\/\/www.welovecycling.com\/hu\/wp-json\/wp\/v2\/global-categories?post=18125"}],"curies":[{"name":"wp","href":"https:\/\/api.w.org\/{rel}","templated":true}]}}