{"id":18114,"date":"2023-11-15T08:00:58","date_gmt":"2023-11-15T06:00:58","guid":{"rendered":"https:\/\/www.welovecycling.com\/hu\/?p=18114"},"modified":"2023-11-07T17:12:49","modified_gmt":"2023-11-07T15:12:49","slug":"a-2023-ban-visszavonult-noi-kerekparosok-tiszteletere","status":"publish","type":"post","link":"https:\/\/www.welovecycling.com\/hu\/orszaguti-kerekpar\/a-2023-ban-visszavonult-noi-kerekparosok-tiszteletere\/","title":{"rendered":"A 2023-ban visszavonult n\u0151i ker\u00e9kp\u00e1rosok tisztelet\u00e9re"},"content":{"rendered":"<p><strong>Ahogy lez\u00e1rul az idei versenyszezon, \u00e9s a versenyz\u0151k felk\u00e9sz\u00fclnek a j\u00f3l meg\u00e9rdemelt pihen\u00e9sre, sz\u00e1njunk egy kis id\u0151t arra, hogy meg\u00fcnnepelj\u00fck azokat a kiemelked\u0151 n\u0151ket, akik \u00fagy d\u00f6nt\u00f6ttek, hogy visszavonulnak. A n\u0151i ker\u00e9kp\u00e1rsport az elm\u00falt \u00e9vtizedekben hatalmas n\u00f6veked\u00e9st mutatott, \u00e9s ezek a sportol\u00f3k jelent\u0151sen hozz\u00e1j\u00e1rultak a sport\u00e1g fejl\u0151d\u00e9s\u00e9hez. A visszavonul\u00e1suk egy fontos fejezet v\u00e9g\u00e9t jelzi, \u00e9s szeretn\u00e9nk elismerni a teljes\u00edtm\u00e9ny\u00fcket, mik\u00f6zben r\u00e1vil\u00e1g\u00edtunk n\u00e9h\u00e1ny kih\u00edv\u00e1sra, amivel a profi n\u0151i ker\u00e9kp\u00e1rosok tov\u00e1bbra is szembes\u00fclnek.<\/strong><\/p>\n<p><!--more--><\/p>\n<h2><strong>Jessica Allen (Jayco-AlUla)<\/strong><\/h2>\n<p>Jessica Allen, aki 2013-ban l\u00e9pett be a profik k\u00f6z\u00e9, nemr\u00e9giben meglepte a ker\u00e9kp\u00e1ros k\u00f6z\u00f6ss\u00e9get, \u00e9s bejelentette, hogy visszavonul. M\u00e9g nem er\u0151s\u00edtette meg k\u00e9s\u0151bbi terveit; azonban v\u00e1rhat\u00f3, hogy valamilyen form\u00e1ban tov\u00e1bbra is hozz\u00e1j\u00e1rul majd a sport\u00e1g fejl\u0151d\u00e9s\u00e9hez. Allen karrierje lend\u00fcletesen indult, amikor junior id\u0151futam vil\u00e1gbajnoki c\u00edmet szerzett, olyan er\u0151s versenyz\u0151ket gy\u0151zve le, mint Elinor Barker \u00e9s Mieke Kr\u00f6ger. 2013-ban csatlakozott a Vienne Futuroscope csapat\u00e1hoz, de ugyanebben az \u00e9vben r\u00f6vid sz\u00fcnetet tartott, majd 2016-ban gy\u0151zedelmesen t\u00e9rt vissza a legmagasabb szint\u0171 versenyz\u00e9shez, \u00e9s az egyik legtiszteletrem\u00e9lt\u00f3bb seg\u00edt\u0151v\u00e9 v\u00e1lt a mez\u0151nyben.<\/p>\n<h2><strong>Rachel Neylan (Cofidis)<\/strong><\/h2>\n<p>Az ausztr\u00e1l ker\u00e9kp\u00e1ros, Rachel Neylan, aki sokoldal\u00fas\u00e1g\u00e1r\u00f3l \u00e9s alkalmazkod\u00f3k\u00e9pess\u00e9g\u00e9r\u0151l ismert, szint\u00e9n b\u00facs\u00fazik profi ker\u00e9kp\u00e1ros p\u00e1lyafut\u00e1s\u00e1t\u00f3l a 2023-as szezon ut\u00e1n. Utaz\u00e1sa 2009-ben kezd\u0151d\u00f6tt az Egyes\u00fclt \u00c1llamokban, majd k\u00fcl\u00f6nb\u00f6z\u0151 UCI csapatokkal folytat\u00f3dott, k\u00f6zt\u00fck a Diadora-Pasta Zara \u00e9s az Orica-AIS\/Orica-Scott h\u00edres ist\u00e1ll\u00f3kkal. Karrierje sor\u00e1n Neylan n\u00e9gy gy\u0151zelmet szerzett, bele\u00e9rtve a 2015-\u00f6s Troph\u00e9e d\u2019Or F\u00e9minin \u00e9s a 2019-es Gracia Orlov\u00e1 szakaszgy\u0151zelmeit, valamint a 2016-os GP de Plumelec-Morbihan \u00e9s a Cadel Road Race gy\u0151zelmeit.<\/p>\n<p>Legikonikusabb pillanata a 2012-es Vil\u00e1gbajnoks\u00e1gon volt, ahol mind\u00f6ssze 10 m\u00e1sodperccel maradt el Marianne Vos m\u00f6g\u00f6tt. Az \u00e9vek sor\u00e1n, Neylan eml\u00e9kezetes 2021-es szezonja a Parkhotel Valkenburg csapat\u00e1val az aktu\u00e1lis szerz\u0151d\u00e9s\u00e9hez vezetett a Cofidis csapattal. Ahogy befejezi utols\u00f3 szezonj\u00e1t, Neylan felejthetetlen \u00f6r\u00f6ks\u00e9get hagy maga ut\u00e1n sokoldal\u00fas\u00e1ga \u00e9s elt\u00f6k\u00e9lts\u00e9ge r\u00e9v\u00e9n a profi ker\u00e9kp\u00e1ros vil\u00e1gban.<\/p>\n<h2><strong>Tayler Wiles (Lidl-Trek)<\/strong><\/h2>\n<p>Tayler Wiles, egy tapasztalt profi, aki 2012-ben kezdte profi ker\u00e9kp\u00e1ros p\u00e1lyafut\u00e1s\u00e1t, nehezen hozta meg a visszavonul\u00e1s d\u00f6nt\u00e9s\u00e9t a szezon k\u00f6zep\u00e9n. Karrierje k\u00e9t \u00e9vvel ezel\u0151tt v\u00e1ratlan fordulatot vett, amikor eg\u00e9szs\u00e9g\u00fcgyi probl\u00e9m\u00e1kat kezdett tapasztalni. A m\u00falt szezonban fel\u00e1ll\u00edtott diagn\u00f3zis szerint iliac artery endofibrosis nev\u0171 betegs\u00e9gben szenvedett, \u00e9s meg is kellett m\u0171teni. B\u00e1r ez a betegs\u00e9g nem ritka a ker\u00e9kp\u00e1rosok k\u00f6r\u00e9ben, \u00e9s \u00e1ltal\u00e1ban kezelhet\u0151, Wiles a m\u0171t\u00e9t ut\u00e1n is k\u00fczd\u00f6tt vele. Ny\u00e1ron Instagramon megosztotta, hogy gondolkodik a visszavonul\u00e1s lehet\u0151s\u00e9g\u00e9n, de fizikai \u00e1llapota arra k\u00e9nyszer\u00edtette, hogy felgyors\u00edtsa ezeket a terveket. Utols\u00f3 versenye m\u00e1jusban zajlott a Vuelta a Burgos Feminas sor\u00e1n. Wiles b\u00fcszk\u00e9n n\u00e9zhet vissza karrierj\u00e9re, ide\u00e9rtve a 2017-es Tour of the Gila-gy\u0151zelm\u00e9t is. P\u00e1lyafut\u00e1sa k\u00e9s\u0151bbi szakasz\u00e1ban a Lidl-Trek (kor\u00e1bban Trek-Segafredo) h\u0171s\u00e9ges seg\u00edt\u0151j\u00e9nek kulcsfontoss\u00e1g\u00fa szerep\u00e9re \u00f6sszpontos\u00edtott.<\/p>\n<figure id=\"attachment_18115\" aria-describedby=\"caption-attachment-18115\" style=\"width: 1250px\" class=\"wp-caption alignnone\"><a href=\"https:\/\/d2p6e6u75xmxt8.cloudfront.net\/12\/2023\/11\/Tayler-Wiles-profimedia-0749938580.webp\"><img loading=\"lazy\" decoding=\"async\" class=\"size-full wp-image-18115\" src=\"https:\/\/d2p6e6u75xmxt8.cloudfront.net\/12\/2023\/11\/Tayler-Wiles-profimedia-0749938580.webp\" alt=\"Tayler Wiles\" width=\"1250\" height=\"833\" srcset=\"https:\/\/d2p6e6u75xmxt8.cloudfront.net\/12\/2023\/11\/Tayler-Wiles-profimedia-0749938580.webp 1250w, https:\/\/d2p6e6u75xmxt8.cloudfront.net\/12\/2023\/11\/Tayler-Wiles-profimedia-0749938580-300x200.webp 300w, https:\/\/d2p6e6u75xmxt8.cloudfront.net\/12\/2023\/11\/Tayler-Wiles-profimedia-0749938580-1024x682.webp 1024w, https:\/\/d2p6e6u75xmxt8.cloudfront.net\/12\/2023\/11\/Tayler-Wiles-profimedia-0749938580-768x512.webp 768w, https:\/\/d2p6e6u75xmxt8.cloudfront.net\/12\/2023\/11\/Tayler-Wiles-profimedia-0749938580-400x267.webp 400w, https:\/\/d2p6e6u75xmxt8.cloudfront.net\/12\/2023\/11\/Tayler-Wiles-profimedia-0749938580-272x182.webp 272w\" sizes=\"auto, (max-width: 1250px) 100vw, 1250px\" \/><\/a><figcaption id=\"caption-attachment-18115\" class=\"wp-caption-text\">\u00a9 Profimedia<\/figcaption><\/figure>\n<h2><strong>Hannah Barnes (Uno-X)<\/strong><\/h2>\n<p>Ak\u00e1rcsak Tayler Wiles, Hannah Barnes is eg\u00e9szs\u00e9g\u00fcgyi probl\u00e9m\u00e1k miatt d\u00f6nt\u00f6tt a visszavonul\u00e1s mellett. Probl\u00e9m\u00e1i nincsenek \u00f6sszef\u00fcgg\u00e9sben egy specifikus s\u00e9r\u00fcl\u00e9ssel, de t\u00fcnetei fizikailag \u00e9s ment\u00e1lisan is megterhelt\u00e9k. Egy j\u00falius v\u00e9g\u00e9n k\u00f6zz\u00e9tett bejegyz\u00e9sben \u0151szint\u00e9n elmes\u00e9lte, milyen neh\u00e9z, hogy m\u00e1r nem lehet r\u00e9sze a versenyeknek. Barnes karrierje sor\u00e1n brit orsz\u00e1g\u00fati \u00e9s id\u0151futam bajnoki c\u00edmet szerzett, emellett 2018-ban a Canyon-SRAM csapat r\u00e9sze volt, amikor id\u0151futam vil\u00e1gbajnokok lettek.<\/p>\n<h2><strong>Kim de Baat (Fenix-Deceuninck)<\/strong><\/h2>\n<p>Kim de Baat id\u00e9n d\u00f6nt\u00f6tt a visszavonul\u00e1s mellett, fizikai probl\u00e9m\u00e1k, k\u00fcl\u00f6n\u00f6sen a t\u00faledz\u00e9sb\u0151l fakad\u00f3 terhel\u00e9s miatt. Elmondta, hogy elm\u00e9je nem tudott l\u00e9p\u00e9st tartani test\u00e9nek ig\u00e9nyeivel, \u00e9s a fel\u00e9p\u00fcl\u00e9shez jelent\u0151s id\u0151re van sz\u00fcks\u00e9ge. De Baat eredetileg Hollandi\u00e1b\u00f3l sz\u00e1rmazik, k\u00e9s\u0151bb pedig a belga \u00e1llampolg\u00e1rs\u00e1got is megszerezte h\u00e1zass\u00e1gk\u00f6t\u00e9se ut\u00e1n. 2013-ban l\u00e9pett be profi ker\u00e9kp\u00e1rosk\u00e9nt a Boels-Dolmans csapat\u00e1ba (jelenleg az SD Worx tagja). El\u0151sz\u00f6r a Dwars Door de Westhoek egynapos versenyen szerzett dobog\u00f3s helyez\u00e9st, majd harmadik helyez\u00e9st \u00e9rt el az U23 Eur\u00f3pai orsz\u00e1g\u00fati bajnoks\u00e1gon. B\u00e1r karrierje nem teljesen hozta az els\u0151 elv\u00e1r\u00e1sokat, De Baat kiv\u00e1l\u00f3 seg\u00edt\u0151k\u00e9nt dolgozott. Eml\u00e9kezetes pillanat volt, amikor tavaly megnyerte a belga orsz\u00e1g\u00fati bajnoks\u00e1got.<\/p>\n<h2><strong>Georgia Williams (EF Education-TIBCO-SVB)<\/strong><\/h2>\n<p>Georgia Williams, n\u00e9gyszeres \u00faj-z\u00e9landi id\u0151futam bajnok \u00e9s k\u00e9tszeres orsz\u00e1g\u00fati bajnok, 30 \u00e9ves kor\u00e1ban d\u00f6nt\u00f6tt a visszavonul\u00e1s mellett. Impoz\u00e1ns karrierj\u00e9be tartozik egy ez\u00fcst\u00e9rem a Commonwealth Games orsz\u00e1g\u00fati versenyen \u00e9s a Tour Down Under harmadik helyez\u00e9se. Williams karrierj\u00e9t p\u00e1lyaker\u00e9kp\u00e1rosk\u00e9nt kezdte, majd \u00e1tt\u00e9rt az orsz\u00e1g\u00fati ker\u00e9kp\u00e1roz\u00e1sra, ahol p\u00e1lyafut\u00e1sa jelent\u0151s r\u00e9sz\u00e9t a Mitchelton-Scott csapatn\u00e1l (most Jayco-AlUla) t\u00f6lt\u00f6tte, miel\u0151tt id\u00e9n \u00e1tigazolt az EF Education-TIBCO-SVB ist\u00e1ll\u00f3hoz.<\/p>\n<h2><strong>Annemiek van Vleuten (Movistar Team)<\/strong><\/h2>\n<p>\u00c9s v\u00e9g\u00fcl, de biztosan nem utols\u00f3sorban &#8211; Annemiek van Vleuten, aki k\u00e9ts\u00e9gtelen\u00fcl ennek a list\u00e1nak a legismertebb \u00e9s legkiv\u00e1l\u00f3bb ker\u00e9kp\u00e1rosa. A holland versenyz\u0151 a 2022-es szezon v\u00e9g\u00e9n bejelentette visszavonul\u00e1s\u00e1t, \u00edgy id\u00e9n egy eml\u00e9kezetes b\u00facs\u00fak\u00f6rt teljes\u00edtett. Annak ellen\u00e9re, hogy nem tudta megism\u00e9telni tavalyi fantasztikus szezonj\u00e1t, amelyen h\u00e1rom nagy k\u00f6r gy\u0151zelmet \u00e9s sz\u00e1mos m\u00e1s jelent\u0151s sikert \u00e9rt el, b\u00fcszke lehet az utols\u00f3 \u00e9v\u00e9re is.<\/p>\n<p>Van Vleuten hat\u00e1sa a n\u0151i ker\u00e9kp\u00e1roz\u00e1sra vitathatatlan. A ker\u00e9kp\u00e1roz\u00e1st egyetemi \u00e9vei alatt kezdett foglalkozni, \u00e9s gyorsan felm\u00e1szott a rangl\u00e9tr\u00e1n. Legkiemelked\u0151bb eredm\u00e9nyei karrierj\u00e9nek k\u00e9s\u0151bbi szakasz\u00e1ban sz\u00fclettek, k\u00f6zt\u00fck egy Tour de France gy\u0151zelemmel \u00e9s egy m\u00e1sodik vil\u00e1gbajnoki orsz\u00e1g\u00fati c\u00edmmel, annak ellen\u00e9re, hogy elt\u00f6rt a k\u00f6ny\u00f6ke. Van Vleuten m\u00e9g nem nyilatkozott arr\u00f3l, milyen tervei vannak a visszavonul\u00e1s ut\u00e1n, de felt\u00e9telezhet\u0151, hogy k\u00f6vetkez\u0151 kalandjait ugyanazzal az elsz\u00e1nts\u00e1ggal kezdi majd meg, amely meghat\u00e1rozta h\u00edres ker\u00e9kp\u00e1ros karrierj\u00e9t.<\/p>\n<h2><strong>A profi n\u0151i ker\u00e9kp\u00e1rosok diadalai \u00e9s megpr\u00f3b\u00e1ltat\u00e1sai<\/strong><\/h2>\n<p>Mik\u00f6zben \u00fcnnepelj\u00fck ezeket a kiv\u00e9teles n\u0151ket a profi ker\u00e9kp\u00e1roz\u00e1sban el\u00e9rt eredm\u00e9nyeik \u00e9s hozz\u00e1j\u00e1rul\u00e1saik miatt, fontos felismern\u00fcnk, hogy a sport\u00e1g tov\u00e1bbra is olyan probl\u00e9m\u00e1kkal n\u00e9z szembe, amelyek befoly\u00e1solj\u00e1k a n\u0151i ker\u00e9kp\u00e1rosok karrierj\u00e9t. Az egyik kiemelked\u0151 kih\u00edv\u00e1s az alacsony fizet\u00e9s \u00e9s a nem megfelel\u0151 t\u00e1mogat\u00e1s k\u00e9rd\u00e9se. Sok n\u0151i ker\u00e9kp\u00e1ros tov\u00e1bbra is p\u00e9nz\u00fcgyi korl\u00e1tokkal k\u00fczd, ami megnehez\u00edti a sportol\u00f3i \u00e9letm\u00f3d fenntart\u00e1s\u00e1t \u00e9s fizikai \u00e9s ment\u00e1lis terhet jelent. Ez a probl\u00e9ma az ut\u00f3bbi \u00e9vekben sz\u00e1mottev\u0151 javul\u00e1st mutatott, de tov\u00e1bbra is aktu\u00e1lis, \u00e9s fontos, hogy besz\u00e9lj\u00fcnk r\u00f3la.<\/p>\n<p>Ennek ellen\u00e9re, hatalmas hat\u00e1suk volt a fent eml\u00edtett n\u0151knek a ker\u00e9kp\u00e1ros vil\u00e1gra. H\u0171s\u00e9g\u00fck, tehets\u00e9g\u00fck \u00e9s elt\u00e9r\u00edthetetlen elk\u00f6telezetts\u00e9g\u00fck nemcsak egy \u00faj n\u0151i ker\u00e9kp\u00e1ros gener\u00e1ci\u00f3t inspir\u00e1lt, hanem el\u0151re is vitte a sportot. Ahogy b\u00facs\u00fat vesz\u00fcnk t\u0151l\u00fck, megk\u00f6sz\u00f6nj\u00fck hozz\u00e1j\u00e1rul\u00e1saikat \u00e9s v\u00e1rakoz\u00e1ssal tekint\u00fcnk a n\u0151i ker\u00e9kp\u00e1roz\u00e1s j\u00f6v\u0151j\u00e9re, amely az \u00e1ltaluk h\u00e1trahagyott \u00f6r\u00f6ks\u00e9gre \u00e9p\u00fcl.<\/p>\n","protected":false},"excerpt":{"rendered":"<p>Ahogy lez\u00e1rul az idei versenyszezon, \u00e9s a versenyz\u0151k felk\u00e9sz\u00fclnek a j\u00f3l meg\u00e9rdemelt pihen\u00e9sre, sz\u00e1njunk egy kis id\u0151t arra, hogy meg\u00fcnnepelj\u00fck [&hellip;]<\/p>\n","protected":false},"author":71,"featured_media":18117,"comment_status":"open","ping_status":"open","sticky":false,"template":"","format":"standard","meta":{"footnotes":""},"categories":[8],"tags":[],"global-categories":[],"class_list":["post-18114","post","type-post","status-publish","format-standard","has-post-thumbnail","hentry","category-orszaguti-kerekpar"],"yoast_head":"<!-- This site is optimized with the Yoast SEO Premium plugin v25.3 (Yoast SEO v25.9) - https:\/\/yoast.com\/wordpress\/plugins\/seo\/ -->\n<title>A 2023-ban visszavonult n\u0151i ker\u00e9kp\u00e1rosok tisztelet\u00e9re<\/title>\n<meta name=\"description\" content=\"Ahogy lez\u00e1rul az idei versenyszezon, \u00e9s a versenyz\u0151k felk\u00e9sz\u00fclnek a j\u00f3l meg\u00e9rdemelt pihen\u00e9sre, sz\u00e1njunk egy kis id\u0151t arra, hogy meg\u00fcnnepelj\u00fck azokat a kiemelked\u0151 n\u0151ket, akik \u00fagy d\u00f6nt\u00f6ttek, hogy visszavonulnak. A n\u0151i ker\u00e9kp\u00e1rsport az elm\u00falt \u00e9vtizedekben hatalmas n\u00f6veked\u00e9st mutatott, \u00e9s ezek a sportol\u00f3k jelent\u0151sen hozz\u00e1j\u00e1rultak a sport\u00e1g fejl\u0151d\u00e9s\u00e9hez. A visszavonul\u00e1suk egy fontos fejezet v\u00e9g\u00e9t jelzi, \u00e9s szeretn\u00e9nk elismerni a teljes\u00edtm\u00e9ny\u00fcket, mik\u00f6zben r\u00e1vil\u00e1g\u00edtunk n\u00e9h\u00e1ny kih\u00edv\u00e1sra, amivel a profi n\u0151i ker\u00e9kp\u00e1rosok tov\u00e1bbra is szembes\u00fclnek.\" \/>\n<meta name=\"robots\" content=\"index, follow, max-snippet:-1, max-image-preview:large, max-video-preview:-1\" \/>\n<link rel=\"canonical\" href=\"https:\/\/www.welovecycling.com\/hu\/orszaguti-kerekpar\/a-2023-ban-visszavonult-noi-kerekparosok-tiszteletere\/\" \/>\n<meta property=\"og:locale\" content=\"hu_HU\" \/>\n<meta property=\"og:type\" content=\"article\" \/>\n<meta property=\"og:title\" content=\"A 2023-ban visszavonult n\u0151i ker\u00e9kp\u00e1rosok tisztelet\u00e9re\" \/>\n<meta property=\"og:description\" content=\"Ahogy lez\u00e1rul az idei versenyszezon, \u00e9s a versenyz\u0151k felk\u00e9sz\u00fclnek a j\u00f3l meg\u00e9rdemelt pihen\u00e9sre, sz\u00e1njunk egy kis id\u0151t arra, hogy meg\u00fcnnepelj\u00fck azokat a kiemelked\u0151 n\u0151ket, akik \u00fagy d\u00f6nt\u00f6ttek, hogy visszavonulnak. A n\u0151i ker\u00e9kp\u00e1rsport az elm\u00falt \u00e9vtizedekben hatalmas n\u00f6veked\u00e9st mutatott, \u00e9s ezek a sportol\u00f3k jelent\u0151sen hozz\u00e1j\u00e1rultak a sport\u00e1g fejl\u0151d\u00e9s\u00e9hez. A visszavonul\u00e1suk egy fontos fejezet v\u00e9g\u00e9t jelzi, \u00e9s szeretn\u00e9nk elismerni a teljes\u00edtm\u00e9ny\u00fcket, mik\u00f6zben r\u00e1vil\u00e1g\u00edtunk n\u00e9h\u00e1ny kih\u00edv\u00e1sra, amivel a profi n\u0151i ker\u00e9kp\u00e1rosok tov\u00e1bbra is szembes\u00fclnek.\" \/>\n<meta property=\"og:url\" content=\"https:\/\/www.welovecycling.com\/hu\/orszaguti-kerekpar\/a-2023-ban-visszavonult-noi-kerekparosok-tiszteletere\/\" \/>\n<meta property=\"og:site_name\" content=\"\u0160koda We Love Cycling - Magyarorsz\u00e1g\" \/>\n<meta property=\"article:publisher\" content=\"https:\/\/www.facebook.com\/WeLoveCyclingHungary\/\" \/>\n<meta property=\"article:published_time\" content=\"2023-11-15T06:00:58+00:00\" \/>\n<meta property=\"og:image\" content=\"https:\/\/d2p6e6u75xmxt8.cloudfront.net\/12\/2023\/11\/Annemiek-van-Vleuten-profimedia-0804351796-CVR.webp\" \/>\n\t<meta property=\"og:image:width\" content=\"990\" \/>\n\t<meta property=\"og:image:height\" content=\"660\" \/>\n\t<meta property=\"og:image:type\" content=\"image\/webp\" \/>\n<meta name=\"author\" content=\"hegyizs\" \/>\n<meta name=\"twitter:card\" content=\"summary_large_image\" \/>\n<meta name=\"twitter:label1\" content=\"Written by\" \/>\n\t<meta name=\"twitter:data1\" content=\"Megan Flottorp\" \/>\n\t<meta name=\"twitter:label2\" content=\"Est. reading time\" \/>\n\t<meta name=\"twitter:data2\" content=\"6\" \/>\n<script type=\"application\/ld+json\" class=\"yoast-schema-graph\">{\"@context\":\"https:\/\/schema.org\",\"@graph\":[{\"@type\":\"WebPage\",\"@id\":\"https:\/\/www.welovecycling.com\/hu\/orszaguti-kerekpar\/a-2023-ban-visszavonult-noi-kerekparosok-tiszteletere\/\",\"url\":\"https:\/\/www.welovecycling.com\/hu\/orszaguti-kerekpar\/a-2023-ban-visszavonult-noi-kerekparosok-tiszteletere\/\",\"name\":\"A 2023-ban visszavonult n\u0151i ker\u00e9kp\u00e1rosok tisztelet\u00e9re\",\"isPartOf\":{\"@id\":\"https:\/\/www.welovecycling.com\/hu\/#website\"},\"primaryImageOfPage\":{\"@id\":\"https:\/\/www.welovecycling.com\/hu\/orszaguti-kerekpar\/a-2023-ban-visszavonult-noi-kerekparosok-tiszteletere\/#primaryimage\"},\"image\":{\"@id\":\"https:\/\/www.welovecycling.com\/hu\/orszaguti-kerekpar\/a-2023-ban-visszavonult-noi-kerekparosok-tiszteletere\/#primaryimage\"},\"thumbnailUrl\":\"https:\/\/d2p6e6u75xmxt8.cloudfront.net\/12\/2023\/11\/Annemiek-van-Vleuten-profimedia-0804351796-CVR.webp\",\"datePublished\":\"2023-11-15T06:00:58+00:00\",\"author\":{\"@id\":\"https:\/\/www.welovecycling.com\/hu\/#\/schema\/person\/414a2aebf1801691a5320edb6468e194\"},\"description\":\"Ahogy lez\u00e1rul az idei versenyszezon, \u00e9s a versenyz\u0151k felk\u00e9sz\u00fclnek a j\u00f3l meg\u00e9rdemelt pihen\u00e9sre, sz\u00e1njunk egy kis id\u0151t arra, hogy meg\u00fcnnepelj\u00fck azokat a kiemelked\u0151 n\u0151ket, akik \u00fagy d\u00f6nt\u00f6ttek, hogy visszavonulnak. A n\u0151i ker\u00e9kp\u00e1rsport az elm\u00falt \u00e9vtizedekben hatalmas n\u00f6veked\u00e9st mutatott, \u00e9s ezek a sportol\u00f3k jelent\u0151sen hozz\u00e1j\u00e1rultak a sport\u00e1g fejl\u0151d\u00e9s\u00e9hez. A visszavonul\u00e1suk egy fontos fejezet v\u00e9g\u00e9t jelzi, \u00e9s szeretn\u00e9nk elismerni a teljes\u00edtm\u00e9ny\u00fcket, mik\u00f6zben r\u00e1vil\u00e1g\u00edtunk n\u00e9h\u00e1ny kih\u00edv\u00e1sra, amivel a profi n\u0151i ker\u00e9kp\u00e1rosok tov\u00e1bbra is szembes\u00fclnek.\",\"breadcrumb\":{\"@id\":\"https:\/\/www.welovecycling.com\/hu\/orszaguti-kerekpar\/a-2023-ban-visszavonult-noi-kerekparosok-tiszteletere\/#breadcrumb\"},\"inLanguage\":\"hu\",\"potentialAction\":[{\"@type\":\"ReadAction\",\"target\":[\"https:\/\/www.welovecycling.com\/hu\/orszaguti-kerekpar\/a-2023-ban-visszavonult-noi-kerekparosok-tiszteletere\/\"]}]},{\"@type\":\"ImageObject\",\"inLanguage\":\"hu\",\"@id\":\"https:\/\/www.welovecycling.com\/hu\/orszaguti-kerekpar\/a-2023-ban-visszavonult-noi-kerekparosok-tiszteletere\/#primaryimage\",\"url\":\"https:\/\/d2p6e6u75xmxt8.cloudfront.net\/12\/2023\/11\/Annemiek-van-Vleuten-profimedia-0804351796-CVR.webp\",\"contentUrl\":\"https:\/\/d2p6e6u75xmxt8.cloudfront.net\/12\/2023\/11\/Annemiek-van-Vleuten-profimedia-0804351796-CVR.webp\",\"width\":990,\"height\":660,\"caption\":\"Annemiek van Vleuten\"},{\"@type\":\"BreadcrumbList\",\"@id\":\"https:\/\/www.welovecycling.com\/hu\/orszaguti-kerekpar\/a-2023-ban-visszavonult-noi-kerekparosok-tiszteletere\/#breadcrumb\",\"itemListElement\":[{\"@type\":\"ListItem\",\"position\":1,\"name\":\"Home\",\"item\":\"https:\/\/www.welovecycling.com\/hu\/\"},{\"@type\":\"ListItem\",\"position\":2,\"name\":\"A 2023-ban visszavonult n\u0151i ker\u00e9kp\u00e1rosok tisztelet\u00e9re\"}]},{\"@type\":\"WebSite\",\"@id\":\"https:\/\/www.welovecycling.com\/hu\/#website\",\"url\":\"https:\/\/www.welovecycling.com\/hu\/\",\"name\":\"\u0160koda We Love Cycling - Magyarorsz\u00e1g\",\"description\":\"\u0160koda WeLoveCycling\",\"potentialAction\":[{\"@type\":\"SearchAction\",\"target\":{\"@type\":\"EntryPoint\",\"urlTemplate\":\"https:\/\/www.welovecycling.com\/hu\/?s={search_term_string}\"},\"query-input\":{\"@type\":\"PropertyValueSpecification\",\"valueRequired\":true,\"valueName\":\"search_term_string\"}}],\"inLanguage\":\"hu\"},{\"@type\":\"Person\",\"@id\":\"https:\/\/www.welovecycling.com\/hu\/#\/schema\/person\/414a2aebf1801691a5320edb6468e194\",\"name\":\"hegyizs\",\"image\":{\"@type\":\"ImageObject\",\"inLanguage\":\"hu\",\"@id\":\"https:\/\/www.welovecycling.com\/hu\/#\/schema\/person\/image\/\",\"url\":\"https:\/\/secure.gravatar.com\/avatar\/02cf8a7906b8cf90cecb4679defac7cfd33a1c2e3b88e4903d947f3bb58eedd3?s=96&d=mm&r=g\",\"contentUrl\":\"https:\/\/secure.gravatar.com\/avatar\/02cf8a7906b8cf90cecb4679defac7cfd33a1c2e3b88e4903d947f3bb58eedd3?s=96&d=mm&r=g\",\"caption\":\"hegyizs\"},\"url\":\"https:\/\/www.welovecycling.com\/hu\/author\/hegyizs\/\"}]}<\/script>\n<!-- \/ Yoast SEO Premium plugin. -->","yoast_head_json":{"title":"A 2023-ban visszavonult n\u0151i ker\u00e9kp\u00e1rosok tisztelet\u00e9re","description":"Ahogy lez\u00e1rul az idei versenyszezon, \u00e9s a versenyz\u0151k felk\u00e9sz\u00fclnek a j\u00f3l meg\u00e9rdemelt pihen\u00e9sre, sz\u00e1njunk egy kis id\u0151t arra, hogy meg\u00fcnnepelj\u00fck azokat a kiemelked\u0151 n\u0151ket, akik \u00fagy d\u00f6nt\u00f6ttek, hogy visszavonulnak. A n\u0151i ker\u00e9kp\u00e1rsport az elm\u00falt \u00e9vtizedekben hatalmas n\u00f6veked\u00e9st mutatott, \u00e9s ezek a sportol\u00f3k jelent\u0151sen hozz\u00e1j\u00e1rultak a sport\u00e1g fejl\u0151d\u00e9s\u00e9hez. A visszavonul\u00e1suk egy fontos fejezet v\u00e9g\u00e9t jelzi, \u00e9s szeretn\u00e9nk elismerni a teljes\u00edtm\u00e9ny\u00fcket, mik\u00f6zben r\u00e1vil\u00e1g\u00edtunk n\u00e9h\u00e1ny kih\u00edv\u00e1sra, amivel a profi n\u0151i ker\u00e9kp\u00e1rosok tov\u00e1bbra is szembes\u00fclnek.","robots":{"index":"index","follow":"follow","max-snippet":"max-snippet:-1","max-image-preview":"max-image-preview:large","max-video-preview":"max-video-preview:-1"},"canonical":"https:\/\/www.welovecycling.com\/hu\/orszaguti-kerekpar\/a-2023-ban-visszavonult-noi-kerekparosok-tiszteletere\/","og_locale":"hu_HU","og_type":"article","og_title":"A 2023-ban visszavonult n\u0151i ker\u00e9kp\u00e1rosok tisztelet\u00e9re","og_description":"Ahogy lez\u00e1rul az idei versenyszezon, \u00e9s a versenyz\u0151k felk\u00e9sz\u00fclnek a j\u00f3l meg\u00e9rdemelt pihen\u00e9sre, sz\u00e1njunk egy kis id\u0151t arra, hogy meg\u00fcnnepelj\u00fck azokat a kiemelked\u0151 n\u0151ket, akik \u00fagy d\u00f6nt\u00f6ttek, hogy visszavonulnak. A n\u0151i ker\u00e9kp\u00e1rsport az elm\u00falt \u00e9vtizedekben hatalmas n\u00f6veked\u00e9st mutatott, \u00e9s ezek a sportol\u00f3k jelent\u0151sen hozz\u00e1j\u00e1rultak a sport\u00e1g fejl\u0151d\u00e9s\u00e9hez. A visszavonul\u00e1suk egy fontos fejezet v\u00e9g\u00e9t jelzi, \u00e9s szeretn\u00e9nk elismerni a teljes\u00edtm\u00e9ny\u00fcket, mik\u00f6zben r\u00e1vil\u00e1g\u00edtunk n\u00e9h\u00e1ny kih\u00edv\u00e1sra, amivel a profi n\u0151i ker\u00e9kp\u00e1rosok tov\u00e1bbra is szembes\u00fclnek.","og_url":"https:\/\/www.welovecycling.com\/hu\/orszaguti-kerekpar\/a-2023-ban-visszavonult-noi-kerekparosok-tiszteletere\/","og_site_name":"\u0160koda We Love Cycling - Magyarorsz\u00e1g","article_publisher":"https:\/\/www.facebook.com\/WeLoveCyclingHungary\/","article_published_time":"2023-11-15T06:00:58+00:00","og_image":[{"width":990,"height":660,"url":"https:\/\/d2p6e6u75xmxt8.cloudfront.net\/12\/2023\/11\/Annemiek-van-Vleuten-profimedia-0804351796-CVR.webp","type":"image\/webp"}],"author":"hegyizs","twitter_card":"summary_large_image","twitter_misc":{"Written by":"Megan Flottorp","Est. reading time":"6"},"schema":{"@context":"https:\/\/schema.org","@graph":[{"@type":"WebPage","@id":"https:\/\/www.welovecycling.com\/hu\/orszaguti-kerekpar\/a-2023-ban-visszavonult-noi-kerekparosok-tiszteletere\/","url":"https:\/\/www.welovecycling.com\/hu\/orszaguti-kerekpar\/a-2023-ban-visszavonult-noi-kerekparosok-tiszteletere\/","name":"A 2023-ban visszavonult n\u0151i ker\u00e9kp\u00e1rosok tisztelet\u00e9re","isPartOf":{"@id":"https:\/\/www.welovecycling.com\/hu\/#website"},"primaryImageOfPage":{"@id":"https:\/\/www.welovecycling.com\/hu\/orszaguti-kerekpar\/a-2023-ban-visszavonult-noi-kerekparosok-tiszteletere\/#primaryimage"},"image":{"@id":"https:\/\/www.welovecycling.com\/hu\/orszaguti-kerekpar\/a-2023-ban-visszavonult-noi-kerekparosok-tiszteletere\/#primaryimage"},"thumbnailUrl":"https:\/\/d2p6e6u75xmxt8.cloudfront.net\/12\/2023\/11\/Annemiek-van-Vleuten-profimedia-0804351796-CVR.webp","datePublished":"2023-11-15T06:00:58+00:00","author":{"@id":"https:\/\/www.welovecycling.com\/hu\/#\/schema\/person\/414a2aebf1801691a5320edb6468e194"},"description":"Ahogy lez\u00e1rul az idei versenyszezon, \u00e9s a versenyz\u0151k felk\u00e9sz\u00fclnek a j\u00f3l meg\u00e9rdemelt pihen\u00e9sre, sz\u00e1njunk egy kis id\u0151t arra, hogy meg\u00fcnnepelj\u00fck azokat a kiemelked\u0151 n\u0151ket, akik \u00fagy d\u00f6nt\u00f6ttek, hogy visszavonulnak. A n\u0151i ker\u00e9kp\u00e1rsport az elm\u00falt \u00e9vtizedekben hatalmas n\u00f6veked\u00e9st mutatott, \u00e9s ezek a sportol\u00f3k jelent\u0151sen hozz\u00e1j\u00e1rultak a sport\u00e1g fejl\u0151d\u00e9s\u00e9hez. A visszavonul\u00e1suk egy fontos fejezet v\u00e9g\u00e9t jelzi, \u00e9s szeretn\u00e9nk elismerni a teljes\u00edtm\u00e9ny\u00fcket, mik\u00f6zben r\u00e1vil\u00e1g\u00edtunk n\u00e9h\u00e1ny kih\u00edv\u00e1sra, amivel a profi n\u0151i ker\u00e9kp\u00e1rosok tov\u00e1bbra is szembes\u00fclnek.","breadcrumb":{"@id":"https:\/\/www.welovecycling.com\/hu\/orszaguti-kerekpar\/a-2023-ban-visszavonult-noi-kerekparosok-tiszteletere\/#breadcrumb"},"inLanguage":"hu","potentialAction":[{"@type":"ReadAction","target":["https:\/\/www.welovecycling.com\/hu\/orszaguti-kerekpar\/a-2023-ban-visszavonult-noi-kerekparosok-tiszteletere\/"]}]},{"@type":"ImageObject","inLanguage":"hu","@id":"https:\/\/www.welovecycling.com\/hu\/orszaguti-kerekpar\/a-2023-ban-visszavonult-noi-kerekparosok-tiszteletere\/#primaryimage","url":"https:\/\/d2p6e6u75xmxt8.cloudfront.net\/12\/2023\/11\/Annemiek-van-Vleuten-profimedia-0804351796-CVR.webp","contentUrl":"https:\/\/d2p6e6u75xmxt8.cloudfront.net\/12\/2023\/11\/Annemiek-van-Vleuten-profimedia-0804351796-CVR.webp","width":990,"height":660,"caption":"Annemiek van Vleuten"},{"@type":"BreadcrumbList","@id":"https:\/\/www.welovecycling.com\/hu\/orszaguti-kerekpar\/a-2023-ban-visszavonult-noi-kerekparosok-tiszteletere\/#breadcrumb","itemListElement":[{"@type":"ListItem","position":1,"name":"Home","item":"https:\/\/www.welovecycling.com\/hu\/"},{"@type":"ListItem","position":2,"name":"A 2023-ban visszavonult n\u0151i ker\u00e9kp\u00e1rosok tisztelet\u00e9re"}]},{"@type":"WebSite","@id":"https:\/\/www.welovecycling.com\/hu\/#website","url":"https:\/\/www.welovecycling.com\/hu\/","name":"\u0160koda We Love Cycling - Magyarorsz\u00e1g","description":"\u0160koda WeLoveCycling","potentialAction":[{"@type":"SearchAction","target":{"@type":"EntryPoint","urlTemplate":"https:\/\/www.welovecycling.com\/hu\/?s={search_term_string}"},"query-input":{"@type":"PropertyValueSpecification","valueRequired":true,"valueName":"search_term_string"}}],"inLanguage":"hu"},{"@type":"Person","@id":"https:\/\/www.welovecycling.com\/hu\/#\/schema\/person\/414a2aebf1801691a5320edb6468e194","name":"hegyizs","image":{"@type":"ImageObject","inLanguage":"hu","@id":"https:\/\/www.welovecycling.com\/hu\/#\/schema\/person\/image\/","url":"https:\/\/secure.gravatar.com\/avatar\/02cf8a7906b8cf90cecb4679defac7cfd33a1c2e3b88e4903d947f3bb58eedd3?s=96&d=mm&r=g","contentUrl":"https:\/\/secure.gravatar.com\/avatar\/02cf8a7906b8cf90cecb4679defac7cfd33a1c2e3b88e4903d947f3bb58eedd3?s=96&d=mm&r=g","caption":"hegyizs"},"url":"https:\/\/www.welovecycling.com\/hu\/author\/hegyizs\/"}]}},"_links":{"self":[{"href":"https:\/\/www.welovecycling.com\/hu\/wp-json\/wp\/v2\/posts\/18114","targetHints":{"allow":["GET"]}}],"collection":[{"href":"https:\/\/www.welovecycling.com\/hu\/wp-json\/wp\/v2\/posts"}],"about":[{"href":"https:\/\/www.welovecycling.com\/hu\/wp-json\/wp\/v2\/types\/post"}],"author":[{"embeddable":true,"href":"https:\/\/www.welovecycling.com\/hu\/wp-json\/wp\/v2\/users\/71"}],"replies":[{"embeddable":true,"href":"https:\/\/www.welovecycling.com\/hu\/wp-json\/wp\/v2\/comments?post=18114"}],"version-history":[{"count":2,"href":"https:\/\/www.welovecycling.com\/hu\/wp-json\/wp\/v2\/posts\/18114\/revisions"}],"predecessor-version":[{"id":18122,"href":"https:\/\/www.welovecycling.com\/hu\/wp-json\/wp\/v2\/posts\/18114\/revisions\/18122"}],"wp:featuredmedia":[{"embeddable":true,"href":"https:\/\/www.welovecycling.com\/hu\/wp-json\/wp\/v2\/media\/18117"}],"wp:attachment":[{"href":"https:\/\/www.welovecycling.com\/hu\/wp-json\/wp\/v2\/media?parent=18114"}],"wp:term":[{"taxonomy":"category","embeddable":true,"href":"https:\/\/www.welovecycling.com\/hu\/wp-json\/wp\/v2\/categories?post=18114"},{"taxonomy":"post_tag","embeddable":true,"href":"https:\/\/www.welovecycling.com\/hu\/wp-json\/wp\/v2\/tags?post=18114"},{"taxonomy":"global-categories","embeddable":true,"href":"https:\/\/www.welovecycling.com\/hu\/wp-json\/wp\/v2\/global-categories?post=18114"}],"curies":[{"name":"wp","href":"https:\/\/api.w.org\/{rel}","templated":true}]}}