{"id":18110,"date":"2023-11-14T08:00:32","date_gmt":"2023-11-14T06:00:32","guid":{"rendered":"https:\/\/www.welovecycling.com\/hu\/?p=18110"},"modified":"2023-11-07T17:11:55","modified_gmt":"2023-11-07T15:11:55","slug":"a-legjobb-montis-helyszinek-oszre","status":"publish","type":"post","link":"https:\/\/www.welovecycling.com\/hu\/trekking-mtb\/a-legjobb-montis-helyszinek-oszre\/","title":{"rendered":"A legjobb montis helysz\u00ednek \u0151szre"},"content":{"rendered":"<p><strong>Neh\u00e9z elhinni, de v\u00e9gre t\u00e9nyleg itt van az \u0151sz, ez pedig a montisoknak a v\u00e1ndorl\u00e1s id\u0151szak\u00e1t jelzi. Term\u00e9szetesen az Alpok \u00e9s az \u00e9szaki orsz\u00e1gok az els\u0151k, ahonnan k\u00e9nytelenek t\u00e1vozni a kerekesek, ahogyan a magas Pireneusok \u00fcd\u00fcl\u0151helyei is ki\u00fcr\u00fclnek t\u00e9lre. Azonban az MTB nem szezon\u00e1lis szenved\u00e9ly. Ez egy 24 \u00f3r\u00e1s, eg\u00e9sz hetes, 365 napos ig\u00e9ny, amit ki kell el\u00e9g\u00edteni, minden \u00e9vszakban. De hova menj\u00fcnk, ha igaz\u00e1n sz\u00e9p helyeket akarunk l\u00e1tni? \u00d6ssze\u00e1ll\u00edtottunk egy list\u00e1t.<\/strong><\/p>\n<p><!--more--><\/p>\n<h2><strong>1. D\u00e9l-Tirol, Olaszorsz\u00e1g<\/strong><\/h2>\n<p>\u00c1ltal\u00e1ban mi lenn\u00e9nk az els\u0151k, akik azt javasoln\u00e1k, hogy hagyd el az Alpokat, ahogy a napok r\u00f6vid\u00fclnek \u00e9s az \u00e9jszak\u00e1k hidegebbek lesznek. Azonban id\u00e9n, az El Ni\u00f1o-nak k\u00f6sz\u00f6nhet\u0151en az h\u0151m\u00e9rs\u00e9klet rendk\u00edv\u00fcl meleg marad, legal\u00e1bbis janu\u00e1rig. Sz\u00f3val, lehet \u00f6r\u00fclni! A jelens\u00e9gnek k\u00f6sz\u00f6nhet\u0151en id\u00e9n tov\u00e1bb \u00e9lvezhetj\u00fck a magas hegyeket. M\u00e9gis, azt javasoljuk, hogy ink\u00e1bb a d\u00e9li lejt\u0151k\u00f6n sz\u00e1guldozz. D\u00e9l-Tirol t\u00f6k\u00e9letes hely erre.<\/p>\n<p>A r\u00e9gi\u00f3ban t\u00f6bb mint 500 kilom\u00e9ternyi ker\u00e9kp\u00e1r\u00fat tal\u00e1lhat\u00f3. Mindenkinek k\u00edn\u00e1l valamit, legy\u00e9l downhill rajong\u00f3, CX bring\u00e1s vagy enduro fanatikus. A v\u00e1rosok, mint p\u00e9ld\u00e1ul Bolzano, h\u00edresek a biciklibar\u00e1t infrastrukt\u00far\u00e1jukr\u00f3l. Ha mindehhez m\u00e9g hozz\u00e1adod az osztr\u00e1k s\u00f6r \u00e9s az olasz \u00e9telek pomp\u00e1s kever\u00e9k\u00e9t, akkor egyszer\u0171en ellen\u00e1llhatatlan lesz a cs\u00e1b\u00edt\u00e1s.<\/p>\n<p>Mindazon\u00e1ltal \u00fcgyelj az id\u0151j\u00e1r\u00e1sra, hiszen az Alpokban hirtelen \u00e9rkezik az es\u0151 \u00e9s a h\u00f3, \u00e9s ha nem vagy j\u00f3l felk\u00e9sz\u00fclve, bajba ker\u00fclhetsz.<\/p>\n<h2><strong>2. Rijeka, Horv\u00e1torsz\u00e1g<\/strong><\/h2>\n<figure id=\"attachment_18111\" aria-describedby=\"caption-attachment-18111\" style=\"width: 990px\" class=\"wp-caption alignnone\"><a href=\"https:\/\/d2p6e6u75xmxt8.cloudfront.net\/12\/2023\/11\/Vojak-Croatia-MTB-profimedia-0788248642-CVR.webp\"><img loading=\"lazy\" decoding=\"async\" class=\"wp-image-18111 size-full\" src=\"https:\/\/d2p6e6u75xmxt8.cloudfront.net\/12\/2023\/11\/Vojak-Croatia-MTB-profimedia-0788248642-CVR.webp\" alt=\"Mount Vojak\" width=\"990\" height=\"660\" srcset=\"https:\/\/d2p6e6u75xmxt8.cloudfront.net\/12\/2023\/11\/Vojak-Croatia-MTB-profimedia-0788248642-CVR.webp 990w, https:\/\/d2p6e6u75xmxt8.cloudfront.net\/12\/2023\/11\/Vojak-Croatia-MTB-profimedia-0788248642-CVR-300x200.webp 300w, https:\/\/d2p6e6u75xmxt8.cloudfront.net\/12\/2023\/11\/Vojak-Croatia-MTB-profimedia-0788248642-CVR-768x512.webp 768w, https:\/\/d2p6e6u75xmxt8.cloudfront.net\/12\/2023\/11\/Vojak-Croatia-MTB-profimedia-0788248642-CVR-400x267.webp 400w, https:\/\/d2p6e6u75xmxt8.cloudfront.net\/12\/2023\/11\/Vojak-Croatia-MTB-profimedia-0788248642-CVR-272x182.webp 272w\" sizes=\"auto, (max-width: 990px) 100vw, 990px\" \/><\/a><figcaption id=\"caption-attachment-18111\" class=\"wp-caption-text\">\u00c9lvezd a Vojak-hegy csod\u00e1latos kil\u00e1t\u00e1s\u00e1t! \u00a9 Profimedia<\/figcaption><\/figure>\n<p>M\u00edg a Mediterr\u00e1n szigetekre, mint Mallorca, Szic\u00edlia, G\u00f6r\u00f6gorsz\u00e1g vagy a Kan\u00e1ri-szigetek val\u00f3 utaz\u00e1s ny\u00e1ron mag\u00e1t\u00f3l \u00e9rtet\u0151d\u0151, ugyan\u00fagy \u00e9lvezheted \u0151ket t\u00e9len is! Horv\u00e1torsz\u00e1g pedig szint\u00e9n megadja a mediterr\u00e1n hangulatot, \u00e9s sokkal k\u00f6zelebb is van. B\u00e1r a downhill \u00e9s MTB infrastrukt\u00fara nincs olyan j\u00f3l ki\u00e9p\u00edtve, mint K\u00f6z\u00e9p- \u00e9s Nyugat-Eur\u00f3p\u00e1ban, a \u00e9rintetlen term\u00e9szet \u00e9s a Dalm\u00e1t partra n\u00e9z\u0151 vad \u00f6sv\u00e9nyek le\u00edrhatatlanul csod\u00e1latosak. Ezt l\u00e1tni kell!<\/p>\n<p>Ha \u00fagy d\u00f6ntesz, hogy id\u00e9n \u0151sszel megl\u00e1togatod Horv\u00e1torsz\u00e1got, mindenk\u00e9ppen pr\u00f3b\u00e1ld ki az ikonikus Rijeka &#8211; Vojak-hegyi k\u00f6rutat. Fantasztikus m\u00f3dja ez annak, hogy megtapasztald a horv\u00e1t vid\u00e9k nyers sz\u00e9ps\u00e9g\u00e9t. A Parenzana Trail is szerepelhet a list\u00e1don: ez egy \u0151si vas\u00fatvonal, amelyet bicikli\u00fatt\u00e1 alak\u00edtottak \u00e1t, \u00e9s b\u0151ven fokozza az adrenalin-szintedet.<\/p>\n<p>Ha pedig \u00e9ppen bikepacking-fanatikus korszakodat \u00e9led, akkor Horv\u00e1torsz\u00e1g val\u00f3s\u00e1gos paradicsom lesz sz\u00e1modra. A helyiek bar\u00e1ts\u00e1gosak, \u00e9s \u00fatk\u00f6zben rendk\u00edv\u00fcl finom \u00e9teleket \u00e9s italokat k\u00f3stolhatsz. Csak gondoskodj arr\u00f3l, hogy legyen n\u00e9mi meleg ruh\u00e1d is. Az id\u0151j\u00e1r\u00e1s \u00e9jszaka leh\u0171lhet, \u00edgy jobb, ha felk\u00e9sz\u00fclsz.<\/p>\n<h2><strong>3. M\u00e1laga, Spanyolorsz\u00e1g<\/strong><\/h2>\n<p>M\u00e1laga gyakran lemarad a montisok list\u00e1j\u00e1r\u00f3l, pedig gy\u00f6ny\u00f6r\u0171 \u00f6sv\u00e9nyek kanyarognak errefel\u00e9. Ak\u00e1r a forr\u00f3 ny\u00e1ri h\u00f3napok vagy a t\u00fals\u00e1gosan poros terep miatt, az MTB szerelmesei gyakran kihagyj\u00e1k ezt a ker\u00e9kp\u00e1ros paradicsomot. Pedi az egyik legnagyobb el\u0151nye ennek a rejtett kincsnek az, hogy nincs t\u00f6meg a bringautakon.<\/p>\n<p>Neh\u00e9zs\u00e9get jelenthet azonban, hogy az MTB \u00fatvonalak csak f\u00f6ldutakon kereszt\u00fcl \u00e9rhet\u0151ek el, amik kiss\u00e9 neh\u00e9zkess\u00e9 teszik a k\u00f6zleked\u00e9st. Mindenesetre ha szeretsz ped\u00e1lozni \u00e9s \u00faj dolgokat felfedezni, M\u00e1laga rengeteg lehet\u0151s\u00e9get k\u00edn\u00e1l. Legyen sz\u00f3 a Montes de M\u00e1laga Natural Park kellemes szell\u0151j\u00e9r\u0151l, a Sierra De Tejeda vad \u00f6sv\u00e9nyeir\u0151l vagy a part menti k\u00f6nnyebb, kezd\u0151knek val\u00f3 lejt\u0151kr\u0151l, v\u00e9gtelen lehet\u0151s\u00e9g v\u00e1r r\u00e1d. Ha az enduro-t\u00far\u00e1kat kedveled, akkor a Los Almendrales ter\u00fclet\u00e9t mindenk\u00e9ppen meg kell l\u00e1togatnod.<\/p>\n<p>De M\u00e1laga m\u00e9g enn\u00e9l is sokkal t\u00f6bbet k\u00edn\u00e1l. Kiemelked\u0151 downhill nyomvonalakat (R3 \u00e9s Alhaurin), valamint kellemes cyclo-cross lehet\u0151s\u00e9geket (La Techa), csak hogy n\u00e9h\u00e1nyat eml\u00edts\u00fcnk. A min\u0151s\u00e9gi \u00e9telek, bar\u00e1ts\u00e1gos helyiekl \u00e9s a vil\u00e1g legjobb borai k\u00f6z\u00e9 tartoz\u00f3 italok pedig igazi \u00f6tcsillagos nyaral\u00e1ss\u00e1 teszik. Mit is k\u00e9rhetn\u00e9l m\u00e9g?<\/p>\n<h2 style=\"font-weight: 400;\"><strong>4. Finale Ligure, Olaszorsz\u00e1g<\/strong><\/h2>\n<figure id=\"attachment_16920\" aria-describedby=\"caption-attachment-16920\" style=\"width: 1080px\" class=\"wp-caption alignnone\"><a href=\"https:\/\/d2p6e6u75xmxt8.cloudfront.net\/12\/2023\/02\/finale_ligure_dominika3.webp\"><img loading=\"lazy\" decoding=\"async\" class=\"wp-image-16920 size-full\" src=\"https:\/\/d2p6e6u75xmxt8.cloudfront.net\/12\/2023\/02\/finale_ligure_dominika3.webp\" alt=\"Finale Ligure\" width=\"1080\" height=\"720\" srcset=\"https:\/\/d2p6e6u75xmxt8.cloudfront.net\/12\/2023\/02\/finale_ligure_dominika3.webp 1080w, https:\/\/d2p6e6u75xmxt8.cloudfront.net\/12\/2023\/02\/finale_ligure_dominika3-300x200.webp 300w, https:\/\/d2p6e6u75xmxt8.cloudfront.net\/12\/2023\/02\/finale_ligure_dominika3-1024x683.webp 1024w, https:\/\/d2p6e6u75xmxt8.cloudfront.net\/12\/2023\/02\/finale_ligure_dominika3-768x512.webp 768w, https:\/\/d2p6e6u75xmxt8.cloudfront.net\/12\/2023\/02\/finale_ligure_dominika3-272x182.webp 272w\" sizes=\"auto, (max-width: 1080px) 100vw, 1080px\" \/><\/a><figcaption id=\"caption-attachment-16920\" class=\"wp-caption-text\">A homokos strandok \u00e9s a kil\u00e1t\u00e1s mellett Finale Ligure hihetetlen enduro \u00f6sv\u00e9nyh\u00e1l\u00f3zat\u00e1r\u00f3l ismert.<\/figcaption><\/figure>\n<p>Ami az \u00e9telt \u00e9s a bort illeti, Olaszorsz\u00e1g ott van a lista elej\u00e9n, ugye? A ker\u00e9kp\u00e1ros hagyom\u00e1nyokat ismerve, nem meglep\u0151, hogy itt tal\u00e1lhat\u00f3k a legjobb MTB \u00f6sv\u00e9nyek is. A <a href=\"https:\/\/www.welovecycling.com\/hu\/trekking-mtb\/finale-ligure-a-tokeletes-hely-a-teli-enduro-turakhoz\/\">Finale Ligure <\/a>az MTB ker\u00e9kp\u00e1roz\u00e1s ter\u00e9n a kr\u00e9mek kr\u00e9mje. Ez a kisv\u00e1ros Monaco \u00e9s San Remo k\u00f6z\u00f6tt tal\u00e1lhat\u00f3, a F\u00f6ldk\u00f6zi-tengeri \u00e9ghajlat \u00e9s a hideg \u00e9szaki \u00e9s nyugati szelek elleni v\u00e9delemnek k\u00f6sz\u00f6nhet\u0151en eg\u00e9sz \u00e9vben egyike a legmelegebb helyeknek. Term\u00e9szetesen a bring\u00e1sok \u0151sz v\u00e9ge fel\u00e9 gy\u0171lnek ide, \u00e9s a vid\u00e1m t\u00far\u00e1k eg\u00e9sz t\u00e9len \u00e1t tartanak.<\/p>\n<p>A ter\u00fcleten t\u00f6bb mint 90 k\u00fcl\u00f6nb\u00f6z\u0151 \u00f6sv\u00e9ny tal\u00e1lhat\u00f3, \u00f6sszesen t\u00f6bb mint 350 km part menti \u00fattal. A helyiek kihaszn\u00e1lj\u00e1k ezt az egyed\u00fcl\u00e1ll\u00f3 id\u0151j\u00e1r\u00e1st \u00e9s transzferszolg\u00e1ltat\u00e1sokat k\u00edn\u00e1lnak az 1000 m\u00e9terrel felett\u00fck fekv\u0151 cs\u00facsokra. Felesleges mondani, hogy a lefel\u00e9 vezet\u0151 \u00fat egyszer\u0171en leny\u0171g\u00f6z\u0151, a F\u00f6ldk\u00f6zi-tenger partj\u00e1nak csod\u00e1latos l\u00e1tv\u00e1ny\u00e1val \u00e9s az \u00f3ce\u00e1n k\u00e9k viz\u00e9vel. Az olasz konyh\u00e1r\u00f3l pedig mindenki tudja, milyen isteni.<\/p>\n<h2><strong>5. C\u00f4te d\u2019Azur, Franciaorsz\u00e1g<\/strong><\/h2>\n<p>Nem hagyhatjuk ki a list\u00e1b\u00f3l a Cote d\u2019Azur-t! Nem v\u00e9letlen, hogy a vil\u00e1gklasszis bring\u00e1sok el\u0151szeretettel t\u00f6ltik itt a telet. Az id\u0151j\u00e1r\u00e1s csod\u00e1latos, az egyik legjobb a kontinensen a hideg h\u00f3napokban is. Az egyetlen probl\u00e9ma az, hogy kora \u0151sszel, b\u00e1r a parton m\u00e9g meleg van, a hegyekben a id\u0151j\u00e1r\u00e1s napr\u00f3l napra hidegebb lesz. Teh\u00e1t lehet, hogy k\u00e9nyelmetlen\u00fcl \u00e9rzed magad az utaz\u00e1s kezdet\u00e9n, k\u00fcl\u00f6n\u00f6sen, ha a tengerparton vagy, m\u00e9gis \u00e9rdemes r\u00e9tegesen, melegen fel\u00f6lt\u00f6zni, ha a hegyekbe indulsz.<\/p>\n<p>M\u00e1sr\u00e9szt rengeteg odafent a l\u00e1tnival\u00f3. \u00c9s az \u00f6sv\u00e9nyek &#8211; egyszer\u0171en leny\u0171g\u00f6z\u0151ek. A k\u00f6nnyed La Brague-t\u00f3l a technik\u00e1s L\u2019escarene-ig, mindenki tal\u00e1lhat kedv\u00e9re val\u00f3t. A legjobb az eg\u00e9szben, hogy ha elf\u00e1radsz a teker\u00e9sben, b\u00e1rmikor tehetsz egy egynapos kir\u00e1ndul\u00e1st Monacoba, \u00e9s magad is megn\u00e9zheted az extr\u00e1n luxus hercegs\u00e9get.<\/p>\n<p>A t\u00f6bbi vil\u00e1gos, mint a nap. Nagyszer\u0171 francia borok, rengeteg tenger gy\u00fcm\u00f6lcse \u00e9s term\u00e9szetesen izgalmas \u00e9jszakai \u00e9let.<\/p>\n<p>K\u00e9szen \u00e1llsz a csomagol\u00e1sra? Nem kell sietned, a t\u00e9l enyhe lesz, ami nem j\u00f3 az \u00f6kosziszt\u00e9m\u00e1nk szempontj\u00e1b\u00f3l, de a montisoknak igen. Teh\u00e1t \u00e9lj az El Ni\u00f1o el\u0151nyeivel \u00e9s tegy\u00e9l eml\u00e9kezetes MTB t\u00far\u00e1kat id\u00e9n! Ki tudja, j\u00f6v\u0151re lehet, hogy h\u00f3napokon \u00e1t havazni fog.<\/p>\n","protected":false},"excerpt":{"rendered":"<p>Neh\u00e9z elhinni, de v\u00e9gre t\u00e9nyleg itt van az \u0151sz, ez pedig a montisoknak a v\u00e1ndorl\u00e1s id\u0151szak\u00e1t jelzi. Term\u00e9szetesen az Alpok [&hellip;]<\/p>\n","protected":false},"author":71,"featured_media":18113,"comment_status":"open","ping_status":"open","sticky":false,"template":"","format":"standard","meta":{"footnotes":""},"categories":[7],"tags":[],"global-categories":[],"class_list":["post-18110","post","type-post","status-publish","format-standard","has-post-thumbnail","hentry","category-trekking-mtb"],"yoast_head":"<!-- This site is optimized with the Yoast SEO Premium plugin v25.3 (Yoast SEO v25.9) - https:\/\/yoast.com\/wordpress\/plugins\/seo\/ -->\n<title>A legjobb montis helysz\u00ednek \u0151szre<\/title>\n<meta name=\"description\" content=\"Neh\u00e9z elhinni, de v\u00e9gre t\u00e9nyleg itt van az \u0151sz, ez pedig a montisoknak a v\u00e1ndorl\u00e1s id\u0151szak\u00e1t jelzi. Term\u00e9szetesen az Alpok \u00e9s az \u00e9szaki orsz\u00e1gok az els\u0151k, ahonnan k\u00e9nytelenek t\u00e1vozni a kerekesek,ahogyan a magas Pireneusok \u00fcd\u00fcl\u0151helyei is ki\u00fcr\u00fclnek t\u00e9lre. Azonban az MTB nem szezon\u00e1lis szenved\u00e9ly. Ez egy 24 \u00f3r\u00e1s, eg\u00e9sz hetes, 365 napos ig\u00e9ny, amit ki kell el\u00e9g\u00edteni, minden \u00e9vszakban. De hova menj\u00fcnk, ha igaz\u00e1n sz\u00e9p helyeket akarunk l\u00e1tni? \u00d6ssze\u00e1ll\u00edtottunk egy list\u00e1t.\" \/>\n<meta name=\"robots\" content=\"index, follow, max-snippet:-1, max-image-preview:large, max-video-preview:-1\" \/>\n<link rel=\"canonical\" href=\"https:\/\/www.welovecycling.com\/hu\/trekking-mtb\/a-legjobb-montis-helyszinek-oszre\/\" \/>\n<meta property=\"og:locale\" content=\"hu_HU\" \/>\n<meta property=\"og:type\" content=\"article\" \/>\n<meta property=\"og:title\" content=\"A legjobb montis helysz\u00ednek \u0151szre\" \/>\n<meta property=\"og:description\" content=\"Neh\u00e9z elhinni, de v\u00e9gre t\u00e9nyleg itt van az \u0151sz, ez pedig a montisoknak a v\u00e1ndorl\u00e1s id\u0151szak\u00e1t jelzi. Term\u00e9szetesen az Alpok \u00e9s az \u00e9szaki orsz\u00e1gok az els\u0151k, ahonnan k\u00e9nytelenek t\u00e1vozni a kerekesek,ahogyan a magas Pireneusok \u00fcd\u00fcl\u0151helyei is ki\u00fcr\u00fclnek t\u00e9lre. Azonban az MTB nem szezon\u00e1lis szenved\u00e9ly. Ez egy 24 \u00f3r\u00e1s, eg\u00e9sz hetes, 365 napos ig\u00e9ny, amit ki kell el\u00e9g\u00edteni, minden \u00e9vszakban. De hova menj\u00fcnk, ha igaz\u00e1n sz\u00e9p helyeket akarunk l\u00e1tni? \u00d6ssze\u00e1ll\u00edtottunk egy list\u00e1t.\" \/>\n<meta property=\"og:url\" content=\"https:\/\/www.welovecycling.com\/hu\/trekking-mtb\/a-legjobb-montis-helyszinek-oszre\/\" \/>\n<meta property=\"og:site_name\" content=\"\u0160koda We Love Cycling - Magyarorsz\u00e1g\" \/>\n<meta property=\"article:publisher\" content=\"https:\/\/www.facebook.com\/WeLoveCyclingHungary\/\" \/>\n<meta property=\"article:published_time\" content=\"2023-11-14T06:00:32+00:00\" \/>\n<meta property=\"og:image\" content=\"https:\/\/d2p6e6u75xmxt8.cloudfront.net\/12\/2023\/11\/Parenzana-Croatia-profimedia-0703675557-CVR.webp\" \/>\n\t<meta property=\"og:image:width\" content=\"990\" \/>\n\t<meta property=\"og:image:height\" content=\"660\" \/>\n\t<meta property=\"og:image:type\" content=\"image\/webp\" \/>\n<meta name=\"author\" content=\"hegyizs\" \/>\n<meta name=\"twitter:card\" content=\"summary_large_image\" \/>\n<meta name=\"twitter:label1\" content=\"Written by\" \/>\n\t<meta name=\"twitter:data1\" content=\"Martin Atanasov\" \/>\n\t<meta name=\"twitter:label2\" content=\"Est. reading time\" \/>\n\t<meta name=\"twitter:data2\" content=\"5\" \/>\n<script type=\"application\/ld+json\" class=\"yoast-schema-graph\">{\"@context\":\"https:\/\/schema.org\",\"@graph\":[{\"@type\":\"WebPage\",\"@id\":\"https:\/\/www.welovecycling.com\/hu\/trekking-mtb\/a-legjobb-montis-helyszinek-oszre\/\",\"url\":\"https:\/\/www.welovecycling.com\/hu\/trekking-mtb\/a-legjobb-montis-helyszinek-oszre\/\",\"name\":\"A legjobb montis helysz\u00ednek \u0151szre\",\"isPartOf\":{\"@id\":\"https:\/\/www.welovecycling.com\/hu\/#website\"},\"primaryImageOfPage\":{\"@id\":\"https:\/\/www.welovecycling.com\/hu\/trekking-mtb\/a-legjobb-montis-helyszinek-oszre\/#primaryimage\"},\"image\":{\"@id\":\"https:\/\/www.welovecycling.com\/hu\/trekking-mtb\/a-legjobb-montis-helyszinek-oszre\/#primaryimage\"},\"thumbnailUrl\":\"https:\/\/d2p6e6u75xmxt8.cloudfront.net\/12\/2023\/11\/Parenzana-Croatia-profimedia-0703675557-CVR.webp\",\"datePublished\":\"2023-11-14T06:00:32+00:00\",\"author\":{\"@id\":\"https:\/\/www.welovecycling.com\/hu\/#\/schema\/person\/414a2aebf1801691a5320edb6468e194\"},\"description\":\"Neh\u00e9z elhinni, de v\u00e9gre t\u00e9nyleg itt van az \u0151sz, ez pedig a montisoknak a v\u00e1ndorl\u00e1s id\u0151szak\u00e1t jelzi. Term\u00e9szetesen az Alpok \u00e9s az \u00e9szaki orsz\u00e1gok az els\u0151k, ahonnan k\u00e9nytelenek t\u00e1vozni a kerekesek,ahogyan a magas Pireneusok \u00fcd\u00fcl\u0151helyei is ki\u00fcr\u00fclnek t\u00e9lre. Azonban az MTB nem szezon\u00e1lis szenved\u00e9ly. Ez egy 24 \u00f3r\u00e1s, eg\u00e9sz hetes, 365 napos ig\u00e9ny, amit ki kell el\u00e9g\u00edteni, minden \u00e9vszakban. De hova menj\u00fcnk, ha igaz\u00e1n sz\u00e9p helyeket akarunk l\u00e1tni? \u00d6ssze\u00e1ll\u00edtottunk egy list\u00e1t.\",\"breadcrumb\":{\"@id\":\"https:\/\/www.welovecycling.com\/hu\/trekking-mtb\/a-legjobb-montis-helyszinek-oszre\/#breadcrumb\"},\"inLanguage\":\"hu\",\"potentialAction\":[{\"@type\":\"ReadAction\",\"target\":[\"https:\/\/www.welovecycling.com\/hu\/trekking-mtb\/a-legjobb-montis-helyszinek-oszre\/\"]}]},{\"@type\":\"ImageObject\",\"inLanguage\":\"hu\",\"@id\":\"https:\/\/www.welovecycling.com\/hu\/trekking-mtb\/a-legjobb-montis-helyszinek-oszre\/#primaryimage\",\"url\":\"https:\/\/d2p6e6u75xmxt8.cloudfront.net\/12\/2023\/11\/Parenzana-Croatia-profimedia-0703675557-CVR.webp\",\"contentUrl\":\"https:\/\/d2p6e6u75xmxt8.cloudfront.net\/12\/2023\/11\/Parenzana-Croatia-profimedia-0703675557-CVR.webp\",\"width\":990,\"height\":660},{\"@type\":\"BreadcrumbList\",\"@id\":\"https:\/\/www.welovecycling.com\/hu\/trekking-mtb\/a-legjobb-montis-helyszinek-oszre\/#breadcrumb\",\"itemListElement\":[{\"@type\":\"ListItem\",\"position\":1,\"name\":\"Home\",\"item\":\"https:\/\/www.welovecycling.com\/hu\/\"},{\"@type\":\"ListItem\",\"position\":2,\"name\":\"A legjobb montis helysz\u00ednek \u0151szre\"}]},{\"@type\":\"WebSite\",\"@id\":\"https:\/\/www.welovecycling.com\/hu\/#website\",\"url\":\"https:\/\/www.welovecycling.com\/hu\/\",\"name\":\"\u0160koda We Love Cycling - Magyarorsz\u00e1g\",\"description\":\"\u0160koda WeLoveCycling\",\"potentialAction\":[{\"@type\":\"SearchAction\",\"target\":{\"@type\":\"EntryPoint\",\"urlTemplate\":\"https:\/\/www.welovecycling.com\/hu\/?s={search_term_string}\"},\"query-input\":{\"@type\":\"PropertyValueSpecification\",\"valueRequired\":true,\"valueName\":\"search_term_string\"}}],\"inLanguage\":\"hu\"},{\"@type\":\"Person\",\"@id\":\"https:\/\/www.welovecycling.com\/hu\/#\/schema\/person\/414a2aebf1801691a5320edb6468e194\",\"name\":\"hegyizs\",\"image\":{\"@type\":\"ImageObject\",\"inLanguage\":\"hu\",\"@id\":\"https:\/\/www.welovecycling.com\/hu\/#\/schema\/person\/image\/\",\"url\":\"https:\/\/secure.gravatar.com\/avatar\/02cf8a7906b8cf90cecb4679defac7cfd33a1c2e3b88e4903d947f3bb58eedd3?s=96&d=mm&r=g\",\"contentUrl\":\"https:\/\/secure.gravatar.com\/avatar\/02cf8a7906b8cf90cecb4679defac7cfd33a1c2e3b88e4903d947f3bb58eedd3?s=96&d=mm&r=g\",\"caption\":\"hegyizs\"},\"url\":\"https:\/\/www.welovecycling.com\/hu\/author\/hegyizs\/\"}]}<\/script>\n<!-- \/ Yoast SEO Premium plugin. -->","yoast_head_json":{"title":"A legjobb montis helysz\u00ednek \u0151szre","description":"Neh\u00e9z elhinni, de v\u00e9gre t\u00e9nyleg itt van az \u0151sz, ez pedig a montisoknak a v\u00e1ndorl\u00e1s id\u0151szak\u00e1t jelzi. Term\u00e9szetesen az Alpok \u00e9s az \u00e9szaki orsz\u00e1gok az els\u0151k, ahonnan k\u00e9nytelenek t\u00e1vozni a kerekesek,ahogyan a magas Pireneusok \u00fcd\u00fcl\u0151helyei is ki\u00fcr\u00fclnek t\u00e9lre. Azonban az MTB nem szezon\u00e1lis szenved\u00e9ly. Ez egy 24 \u00f3r\u00e1s, eg\u00e9sz hetes, 365 napos ig\u00e9ny, amit ki kell el\u00e9g\u00edteni, minden \u00e9vszakban. De hova menj\u00fcnk, ha igaz\u00e1n sz\u00e9p helyeket akarunk l\u00e1tni? \u00d6ssze\u00e1ll\u00edtottunk egy list\u00e1t.","robots":{"index":"index","follow":"follow","max-snippet":"max-snippet:-1","max-image-preview":"max-image-preview:large","max-video-preview":"max-video-preview:-1"},"canonical":"https:\/\/www.welovecycling.com\/hu\/trekking-mtb\/a-legjobb-montis-helyszinek-oszre\/","og_locale":"hu_HU","og_type":"article","og_title":"A legjobb montis helysz\u00ednek \u0151szre","og_description":"Neh\u00e9z elhinni, de v\u00e9gre t\u00e9nyleg itt van az \u0151sz, ez pedig a montisoknak a v\u00e1ndorl\u00e1s id\u0151szak\u00e1t jelzi. Term\u00e9szetesen az Alpok \u00e9s az \u00e9szaki orsz\u00e1gok az els\u0151k, ahonnan k\u00e9nytelenek t\u00e1vozni a kerekesek,ahogyan a magas Pireneusok \u00fcd\u00fcl\u0151helyei is ki\u00fcr\u00fclnek t\u00e9lre. Azonban az MTB nem szezon\u00e1lis szenved\u00e9ly. Ez egy 24 \u00f3r\u00e1s, eg\u00e9sz hetes, 365 napos ig\u00e9ny, amit ki kell el\u00e9g\u00edteni, minden \u00e9vszakban. De hova menj\u00fcnk, ha igaz\u00e1n sz\u00e9p helyeket akarunk l\u00e1tni? \u00d6ssze\u00e1ll\u00edtottunk egy list\u00e1t.","og_url":"https:\/\/www.welovecycling.com\/hu\/trekking-mtb\/a-legjobb-montis-helyszinek-oszre\/","og_site_name":"\u0160koda We Love Cycling - Magyarorsz\u00e1g","article_publisher":"https:\/\/www.facebook.com\/WeLoveCyclingHungary\/","article_published_time":"2023-11-14T06:00:32+00:00","og_image":[{"width":990,"height":660,"url":"https:\/\/d2p6e6u75xmxt8.cloudfront.net\/12\/2023\/11\/Parenzana-Croatia-profimedia-0703675557-CVR.webp","type":"image\/webp"}],"author":"hegyizs","twitter_card":"summary_large_image","twitter_misc":{"Written by":"Martin Atanasov","Est. reading time":"5"},"schema":{"@context":"https:\/\/schema.org","@graph":[{"@type":"WebPage","@id":"https:\/\/www.welovecycling.com\/hu\/trekking-mtb\/a-legjobb-montis-helyszinek-oszre\/","url":"https:\/\/www.welovecycling.com\/hu\/trekking-mtb\/a-legjobb-montis-helyszinek-oszre\/","name":"A legjobb montis helysz\u00ednek \u0151szre","isPartOf":{"@id":"https:\/\/www.welovecycling.com\/hu\/#website"},"primaryImageOfPage":{"@id":"https:\/\/www.welovecycling.com\/hu\/trekking-mtb\/a-legjobb-montis-helyszinek-oszre\/#primaryimage"},"image":{"@id":"https:\/\/www.welovecycling.com\/hu\/trekking-mtb\/a-legjobb-montis-helyszinek-oszre\/#primaryimage"},"thumbnailUrl":"https:\/\/d2p6e6u75xmxt8.cloudfront.net\/12\/2023\/11\/Parenzana-Croatia-profimedia-0703675557-CVR.webp","datePublished":"2023-11-14T06:00:32+00:00","author":{"@id":"https:\/\/www.welovecycling.com\/hu\/#\/schema\/person\/414a2aebf1801691a5320edb6468e194"},"description":"Neh\u00e9z elhinni, de v\u00e9gre t\u00e9nyleg itt van az \u0151sz, ez pedig a montisoknak a v\u00e1ndorl\u00e1s id\u0151szak\u00e1t jelzi. Term\u00e9szetesen az Alpok \u00e9s az \u00e9szaki orsz\u00e1gok az els\u0151k, ahonnan k\u00e9nytelenek t\u00e1vozni a kerekesek,ahogyan a magas Pireneusok \u00fcd\u00fcl\u0151helyei is ki\u00fcr\u00fclnek t\u00e9lre. Azonban az MTB nem szezon\u00e1lis szenved\u00e9ly. Ez egy 24 \u00f3r\u00e1s, eg\u00e9sz hetes, 365 napos ig\u00e9ny, amit ki kell el\u00e9g\u00edteni, minden \u00e9vszakban. De hova menj\u00fcnk, ha igaz\u00e1n sz\u00e9p helyeket akarunk l\u00e1tni? \u00d6ssze\u00e1ll\u00edtottunk egy list\u00e1t.","breadcrumb":{"@id":"https:\/\/www.welovecycling.com\/hu\/trekking-mtb\/a-legjobb-montis-helyszinek-oszre\/#breadcrumb"},"inLanguage":"hu","potentialAction":[{"@type":"ReadAction","target":["https:\/\/www.welovecycling.com\/hu\/trekking-mtb\/a-legjobb-montis-helyszinek-oszre\/"]}]},{"@type":"ImageObject","inLanguage":"hu","@id":"https:\/\/www.welovecycling.com\/hu\/trekking-mtb\/a-legjobb-montis-helyszinek-oszre\/#primaryimage","url":"https:\/\/d2p6e6u75xmxt8.cloudfront.net\/12\/2023\/11\/Parenzana-Croatia-profimedia-0703675557-CVR.webp","contentUrl":"https:\/\/d2p6e6u75xmxt8.cloudfront.net\/12\/2023\/11\/Parenzana-Croatia-profimedia-0703675557-CVR.webp","width":990,"height":660},{"@type":"BreadcrumbList","@id":"https:\/\/www.welovecycling.com\/hu\/trekking-mtb\/a-legjobb-montis-helyszinek-oszre\/#breadcrumb","itemListElement":[{"@type":"ListItem","position":1,"name":"Home","item":"https:\/\/www.welovecycling.com\/hu\/"},{"@type":"ListItem","position":2,"name":"A legjobb montis helysz\u00ednek \u0151szre"}]},{"@type":"WebSite","@id":"https:\/\/www.welovecycling.com\/hu\/#website","url":"https:\/\/www.welovecycling.com\/hu\/","name":"\u0160koda We Love Cycling - Magyarorsz\u00e1g","description":"\u0160koda WeLoveCycling","potentialAction":[{"@type":"SearchAction","target":{"@type":"EntryPoint","urlTemplate":"https:\/\/www.welovecycling.com\/hu\/?s={search_term_string}"},"query-input":{"@type":"PropertyValueSpecification","valueRequired":true,"valueName":"search_term_string"}}],"inLanguage":"hu"},{"@type":"Person","@id":"https:\/\/www.welovecycling.com\/hu\/#\/schema\/person\/414a2aebf1801691a5320edb6468e194","name":"hegyizs","image":{"@type":"ImageObject","inLanguage":"hu","@id":"https:\/\/www.welovecycling.com\/hu\/#\/schema\/person\/image\/","url":"https:\/\/secure.gravatar.com\/avatar\/02cf8a7906b8cf90cecb4679defac7cfd33a1c2e3b88e4903d947f3bb58eedd3?s=96&d=mm&r=g","contentUrl":"https:\/\/secure.gravatar.com\/avatar\/02cf8a7906b8cf90cecb4679defac7cfd33a1c2e3b88e4903d947f3bb58eedd3?s=96&d=mm&r=g","caption":"hegyizs"},"url":"https:\/\/www.welovecycling.com\/hu\/author\/hegyizs\/"}]}},"_links":{"self":[{"href":"https:\/\/www.welovecycling.com\/hu\/wp-json\/wp\/v2\/posts\/18110","targetHints":{"allow":["GET"]}}],"collection":[{"href":"https:\/\/www.welovecycling.com\/hu\/wp-json\/wp\/v2\/posts"}],"about":[{"href":"https:\/\/www.welovecycling.com\/hu\/wp-json\/wp\/v2\/types\/post"}],"author":[{"embeddable":true,"href":"https:\/\/www.welovecycling.com\/hu\/wp-json\/wp\/v2\/users\/71"}],"replies":[{"embeddable":true,"href":"https:\/\/www.welovecycling.com\/hu\/wp-json\/wp\/v2\/comments?post=18110"}],"version-history":[{"count":2,"href":"https:\/\/www.welovecycling.com\/hu\/wp-json\/wp\/v2\/posts\/18110\/revisions"}],"predecessor-version":[{"id":18121,"href":"https:\/\/www.welovecycling.com\/hu\/wp-json\/wp\/v2\/posts\/18110\/revisions\/18121"}],"wp:featuredmedia":[{"embeddable":true,"href":"https:\/\/www.welovecycling.com\/hu\/wp-json\/wp\/v2\/media\/18113"}],"wp:attachment":[{"href":"https:\/\/www.welovecycling.com\/hu\/wp-json\/wp\/v2\/media?parent=18110"}],"wp:term":[{"taxonomy":"category","embeddable":true,"href":"https:\/\/www.welovecycling.com\/hu\/wp-json\/wp\/v2\/categories?post=18110"},{"taxonomy":"post_tag","embeddable":true,"href":"https:\/\/www.welovecycling.com\/hu\/wp-json\/wp\/v2\/tags?post=18110"},{"taxonomy":"global-categories","embeddable":true,"href":"https:\/\/www.welovecycling.com\/hu\/wp-json\/wp\/v2\/global-categories?post=18110"}],"curies":[{"name":"wp","href":"https:\/\/api.w.org\/{rel}","templated":true}]}}