{"id":18107,"date":"2023-11-13T08:00:35","date_gmt":"2023-11-13T06:00:35","guid":{"rendered":"https:\/\/www.welovecycling.com\/hu\/?p=18107"},"modified":"2023-11-07T17:11:07","modified_gmt":"2023-11-07T15:11:07","slug":"6-modszer-amivel-megtanulhatod-szeretni-az-oszi-varosi-tekereseket","status":"publish","type":"post","link":"https:\/\/www.welovecycling.com\/hu\/varosi-kerekparozas\/6-modszer-amivel-megtanulhatod-szeretni-az-oszi-varosi-tekereseket\/","title":{"rendered":"6 m\u00f3dszer, amivel megtanulhatod szeretni az \u0151szi v\u00e1rosi teker\u00e9seket"},"content":{"rendered":"<p><strong>Aki biciklivel j\u00e1r dolgozni, az ismeri a ny\u00fczsg\u0151 biciklutak, forgalmas v\u00e1rosk\u00f6zpont, reggeli napf\u00e9ny \u00e9s az \u00e9bredez\u0151 vil\u00e1g egyveleg\u00e9t. A v\u00e1rosban az utak sz\u00e1razak, a leveg\u0151 meleg, \u00e9s kev\u00e9s a pocsolya. Eg\u00e9szen \u00e9rthet\u0151, mi\u00e9rt v\u00e1lik sok ember sz\u00e1m\u00e1ra rendszeress\u00e9, f\u0151leg ny\u00e1ron. De mi a helyzet az \u0151sszel?<\/strong><\/p>\n<p><!--more--><\/p>\n<p>Amint bek\u00f6sz\u00f6nt a szeptember, minden megv\u00e1ltozik. Elkezd esni az es\u0151, \u00e9s \u00fagy t\u0171nik, sosem hagyja abba. Az apr\u00f3 g\u00f6dr\u00f6k, amelyeket kor\u00e1bban egyszer\u0171en kiker\u00fclt\u00e9l, most v\u00edzzel telnek meg, \u00e9s \u00fagy t\u0171nik, minden nap egyre nagyobbra n\u0151nek. A s\u00f6t\u00e9t reggeleken r\u00e1ad\u00e1sul n\u00e9ha nem is l\u00e1tod \u0151ket.<\/p>\n<p>Az egykor vir\u00e1gz\u00f3 reggeli teker\u00e9sek id\u0151vel elkezdenek vesz\u00edteni vonzerej\u00fckb\u0151l. Akkor ennyi volt a szezon? Az\u00e9rt nem eszik olyan forr\u00f3n a k\u00e1s\u00e1t! Ne add m\u00e9g fel! Sokf\u00e9le m\u00f3d van arra, hogy \u00f6r\u00f6mmel t\u00f6ltsd meg az \u0151szi ing\u00e1z\u00e1st \u00e9s megtartsd a ker\u00e9kp\u00e1ros k\u00f6zleked\u00e9s ir\u00e1nti szeretetedet.<\/p>\n<h2><strong>\u00c9ld meg a cyclo-cross szezont!<\/strong><\/h2>\n<p>Ny\u00e1ron k\u00f6nny\u0171 ker\u00e9kp\u00e1rozni. De amint elkezdenek hullani a levelek, \u00e9s az es\u0151 \u00e9s a s\u00e1r nehezen j\u00e1rhat\u00f3v\u00e1 teszi a v\u00e9kony abroncsokkal az utat, \u00e9rdemes \u00f3vatosnak lenned. De ahelyett, hogy elz\u00e1rn\u00e1d a j\u00e1rg\u00e1nyod a biciklit\u00e1rol\u00f3ba a k\u00f6vetkez\u0151 6 h\u00f3napra, fedezd fel egy \u00faj oldalad, mint cyclo-cross versenyz\u0151!<\/p>\n<figure id=\"attachment_9954\" aria-describedby=\"caption-attachment-9954\" style=\"width: 1250px\" class=\"wp-caption alignnone\"><a href=\"https:\/\/d2p6e6u75xmxt8.cloudfront.net\/12\/2021\/01\/Sanne-Cant-profimedia-0580630923.jpg\"><img loading=\"lazy\" decoding=\"async\" class=\"wp-image-9954 size-full\" src=\"https:\/\/d2p6e6u75xmxt8.cloudfront.net\/12\/2021\/01\/Sanne-Cant-profimedia-0580630923.jpg\" alt=\"Sanne Cant\" width=\"1250\" height=\"833\" srcset=\"https:\/\/d2p6e6u75xmxt8.cloudfront.net\/12\/2021\/01\/Sanne-Cant-profimedia-0580630923.jpg 1250w, https:\/\/d2p6e6u75xmxt8.cloudfront.net\/12\/2021\/01\/Sanne-Cant-profimedia-0580630923-300x200.jpg 300w, https:\/\/d2p6e6u75xmxt8.cloudfront.net\/12\/2021\/01\/Sanne-Cant-profimedia-0580630923-1024x682.jpg 1024w, https:\/\/d2p6e6u75xmxt8.cloudfront.net\/12\/2021\/01\/Sanne-Cant-profimedia-0580630923-768x512.jpg 768w, https:\/\/d2p6e6u75xmxt8.cloudfront.net\/12\/2021\/01\/Sanne-Cant-profimedia-0580630923-272x182.jpg 272w\" sizes=\"auto, (max-width: 1250px) 100vw, 1250px\" \/><\/a><figcaption id=\"caption-attachment-9954\" class=\"wp-caption-text\">\u00a9 Profimedia<\/figcaption><\/figure>\n<h2><strong>Cser\u00e9ld le a gumikat!<\/strong><\/h2>\n<p>Ahhoz, hogy teljes m\u00e9rt\u00e9kben magad\u00e9nak \u00e9rezhesd a cyclo-cross versenyz\u00e9st, le kell cser\u00e9lned a gumikat. Ha egy orsz\u00e1g\u00fati ker\u00e9kp\u00e1rt alak\u00edtasz \u00e1t, akkor olyan gumikra lesz sz\u00fcks\u00e9ged, amelyek lehet\u0151leg keskenyek, mondjuk 30 mm-esek, de el\u00e9g j\u00f3l tapadnak az \u0151szi utakon. Ha azonban montid van, akkor kicsit sz\u00e9lesebb gumikra lesz sz\u00fcks\u00e9ged. B\u00e1rmilyen gumit is v\u00e1lasztasz, val\u00f3sz\u00edn\u0171leg sokkal stabilabbnak \u00e9rzed majd magadat, amikor s\u00e1ros leveleken sz\u00e1guldasz az 9 \u00f3r\u00e1s meetinged fel\u00e9.<\/p>\n<h2><strong>Cs\u00f6kkentsd a ker\u00e9knyom\u00e1st!<\/strong><\/h2>\n<p>Ha eddig orsz\u00e1g\u00fati ker\u00e9kp\u00e1ron ing\u00e1zt\u00e1l a munkahelyedre, val\u00f3sz\u00edn\u0171leg hozz\u00e1szokt\u00e1l a lehet\u0151 legmagasabb l\u00e9gnyom\u00e1shoz a kerekeidben. De ha szeretn\u00e9d kihaszn\u00e1lni a terepre val\u00f3 gumik el\u0151nyeit, akkor cs\u00f6kkentened kell a nyom\u00e1st.<\/p>\n<p>Az \u0151sz nedves \u00fatfel\u00fcleteket \u00e9s m\u00e1s potenci\u00e1lis vesz\u00e9lyeket jelent, lehet, hogy m\u00e9g az \u00e9v els\u0151 fagyos id\u0151szakait is mag\u00e1val hozza. A l\u00e1gyabb gumik seg\u00edtenek abban, hogy az abroncs jobban megtapadhasson a talajon, cs\u00f6kkentve a s\u00e9r\u00fcl\u00e9s kock\u00e1zat\u00e1t, \u00e9s felgyors\u00edtva a rohan\u00f3s reggeleket.<\/p>\n<h2><strong>V\u00e1ltoztasd meg az \u00fatvonalad!<\/strong><\/h2>\n<p>Ha beszerezted az \u00faj gumikat \u00e9s elfogadtad, hogy kicsit meg\u00e1zol \u00e9s s\u00e1ros leszel, akkor elj\u00f6tt az id\u0151, hogy v\u00e1ltoztass az \u00fatvonaladon.<\/p>\n<p>Az orsz\u00e1g\u00fati ker\u00e9kp\u00e1roz\u00e1s \u00f6nmag\u00e1ban is gy\u00f6ny\u00f6r\u0171 sport, de az es\u0151sebb h\u00f3napokban az elhalad\u00f3 j\u00e1rm\u0171vek \u00e1ltal keltett v\u00edzpermet megkeser\u00edtheti a reggeleket. Vajon van off-road szakasz az otthonod \u00e9s a munkahelyed k\u00f6z\u00f6tt? Pr\u00f3b\u00e1lj kit\u00f6rni a megszokott rutinb\u00f3l, \u00e9s tervezz n\u00e9h\u00e1ny izgalmasabb szakaszt az utadba, \u00edgy elker\u00fclheted a forgalmat \u00e9s egy kis term\u00e9szetj\u00e1r\u00e1ssal ind\u00edthatod a napod.<\/p>\n<p>Ne felejtsd el ellen\u0151rizni az \u00fatvonalakat, m\u00e9g miel\u0151tt \u00e9lesben haszn\u00e1ln\u00e1d \u0151ket, hogy ne a munkahelyedre menet kelljen r\u00e1j\u00f6nn\u00f6d, hogy egy-k\u00e9t szakasz nem igaz\u00e1n alkalmas ker\u00e9kp\u00e1roz\u00e1sra.<\/p>\n<h2><strong>S\u00e1rv\u00e9d\u0151k<\/strong><\/h2>\n<p>A v\u00edzpermet egy r\u00e9sz\u00e9\u00e9rt val\u00f3ban az aut\u00f3k tehetnek, de lehets\u00e9ges, hogy a nedvess\u00e9g m\u00e1sik fele a saj\u00e1t abroncsaidb\u00f3l sz\u00e1rmazik, ha \u00e9pp nem az \u00e9gb\u0151l hullik. Nem a legide\u00e1lisabb nyakig s\u00e1rosan \u00e9rkezni a munkahelyedre, \u00e9s az az igazs\u00e1g, hogy van valami, amit megtehetsz, hogy ezt elker\u00fcld.<\/p>\n<p>Itt az id\u0151 a feltenni a s\u00e1rv\u00e9d\u0151ket!<\/p>\n<p>El\u0151sz\u00f6ris fontold meg, mennyire komoly v\u00e9delemre van sz\u00fcks\u00e9ged, ha csak n\u00e9h\u00e1ny s\u00e1ros pocsoly\u00e1val tal\u00e1lkozol egy \u00e1tlagos \u00fat alatt, akkor egy gyors \u00e9s k\u00f6nny\u0171 megold\u00e1s lehet egy &#8220;ass-saver&#8221; modell. Nagyon k\u00f6nny\u0171ek, \u00e9s a t\u00e1sk\u00e1dban is magaddal viheted \u0151ket. Azonban vannak korl\u00e1taik, \u00e9s nem ny\u00fajtanak v\u00e9delmet a l\u00e1baknak \u00e9s a ker\u00e9kp\u00e1r alkatr\u00e9szeinek sem.<\/p>\n<div class=\"embed-controller-wrapper\">\n<blockquote class=\"twitter-tweet\" data-width=\"500\" data-dnt=\"true\">\n<p lang=\"en\" dir=\"ltr\">Ass Savers Win Wing rear mudguard review <a href=\"https:\/\/t.co\/kwYtMX2BPM\">https:\/\/t.co\/kwYtMX2BPM<\/a> <a href=\"https:\/\/t.co\/zeoxHS4zvD\">pic.twitter.com\/zeoxHS4zvD<\/a><\/p>\n<p>&mdash; off-road.cc (@off_roadcc) <a href=\"https:\/\/twitter.com\/off_roadcc\/status\/1609950204895059971?ref_src=twsrc%5Etfw\">January 2, 2023<\/a><\/p><\/blockquote>\n<p><script async data-src=\"https:\/\/platform.twitter.com\/widgets.js\" charset=\"utf-8\"><\/script><\/div>\n<p>Ha nedvesebb az id\u0151, akkor egy kicsit nagyobb s\u00e1rv\u00e9d\u0151 jobb v\u00e1laszt\u00e1s. Ha tov\u00e1bbra is gyors \u00e9s k\u00f6nnyen feltehet\u0151 darabokat keresel, ezek a <a href=\"https:\/\/www.planetx.co.uk\/products\/planet-x-front-and-rear-mudguard-set?currency=GBP&amp;variant=43837875912934&amp;utm_medium=cpc&amp;utm_source=google&amp;utm_campaign=Google%20Shopping&amp;stkn=d630251700e8&amp;gclid=Cj0KCQjw4bipBhCyARIsAFsieCzAgOQ1VjxdWmrENKDYjlx1Euewb1Xea_Wq2gCqWreHSlFgq8LtmrcaAnGbEALw_wcB\">Planet X el\u00fcls\u0151 \u00e9s h\u00e1ts\u00f3 s\u00e1rv\u00e9d\u0151k<\/a> megfizethet\u0151 megold\u00e1st jelentenek az \u00e1tfog\u00f3 v\u00e9delemhez.<\/p>\n<p>Minden nap \u00e1tvenni a nadr\u00e1godat, amikor meg\u00e9rkezel az irod\u00e1ba, m\u00e9g akkor is, amikor nem is esett az es\u0151, el\u00e9gg\u00e9 demoraliz\u00e1l\u00f3 lehet. A n\u00e9met SKS m\u00e1rka sz\u00e1mos s\u00e1rv\u00e9d\u0151t k\u00edn\u00e1l minden ker\u00e9kp\u00e1rhoz \u00e9s gumiabroncshoz. Fontos megjegyezni, hogy ha kicser\u00e9lted a gumikat nagyobb CX abroncsokra, akkor gy\u0151z\u0151dj meg r\u00f3la, hogy elegend\u0151 helyed van a m\u00e9retesebb s\u00e1rv\u00e9d\u0151kh\u00f6z!<\/p>\n<h2><strong>Nem baj, ha az elej\u00e9n f\u00e1zol (de legyen n\u00e1lad v\u00edz\u00e1ll\u00f3 r\u00e9teg!)<\/strong><\/h2>\n<p>Az \u0151sz tr\u00fckk\u00f6s id\u0151szak, folyamatosan v\u00e1ltozik a h\u0151m\u00e9rs\u00e9klet, hol meleged van, hol f\u00e1zol, \u00edgy pedig neh\u00e9z alkalmazkodni. Amikor a h\u0151m\u00e9rs\u00e9klet lecs\u00f6kken 10 Celsius-fok al\u00e1, val\u00f3sz\u00edn\u0171leg te is hajlamos vagy melegebben fel\u00f6lt\u00f6zni, mint kellene.<\/p>\n<p>V\u00e1rj egy kicsit a meleg al\u00e1\u00f6lt\u00f6z\u0151kkel, \u00e9s ne dobd m\u00e9g sutba a ny\u00e1ri r\u00e9tegeidet! Az indul\u00e1skor tal\u00e1n kicsit f\u00e1zni fogsz, de ha van rajtad egy v\u00edz\u00e1ll\u00f3 r\u00e9teg, hamar l\u00e9trehozol egy kis mikrokl\u00edm\u00e1t, amint elkezdesz\u00a0 tekerni. Ha bemelegszel, \u00fcgyelj arra, hogy szell\u0151ztess, ha ugyanis kiizzadsz, k\u00f6nnyebben megf\u00e1zol. J\u00f3 m\u00f3dszer ez a szesz\u00e9lyes id\u0151j\u00e1r\u00e1shoz val\u00f3 alkalmazkod\u00e1shoz.<\/p>\n<p>Sz\u00e1mos tipp\u00fcnk van, amivel jobb\u00e1 teheted az \u0151szi munk\u00e1ba j\u00e1r\u00e1st, de id\u0151vel \u00fagyis r\u00e1j\u00f6ssz, hogy neked mi m\u0171k\u00f6dik. Ak\u00e1r d\u00f6nthetsz \u00fagy is, hogy kevesebbet biciklizel, \u00e9s csak 3 nap m\u00e9sz bring\u00e1val dolgozni. \u00cdgy is b\u00fcszke lehetsz magadra! Ha pedig t\u00e9nyleg siker\u00fcl megszeretned a cyclo-cross-t, extra kalandoknak n\u00e9zhetsz el\u00e9be!<\/p>\n","protected":false},"excerpt":{"rendered":"<p>Aki biciklivel j\u00e1r dolgozni, az ismeri a ny\u00fczsg\u0151 biciklutak, forgalmas v\u00e1rosk\u00f6zpont, reggeli napf\u00e9ny \u00e9s az \u00e9bredez\u0151 vil\u00e1g egyveleg\u00e9t. A v\u00e1rosban [&hellip;]<\/p>\n","protected":false},"author":71,"featured_media":18109,"comment_status":"open","ping_status":"open","sticky":false,"template":"","format":"standard","meta":{"footnotes":""},"categories":[9],"tags":[],"global-categories":[],"class_list":["post-18107","post","type-post","status-publish","format-standard","has-post-thumbnail","hentry","category-varosi-kerekparozas"],"yoast_head":"<!-- This site is optimized with the Yoast SEO Premium plugin v25.3 (Yoast SEO v25.9) - https:\/\/yoast.com\/wordpress\/plugins\/seo\/ -->\n<title>6 m\u00f3dszer, amivel megtanulhatod szeretni az \u0151szi v\u00e1rosi teker\u00e9seket<\/title>\n<meta name=\"description\" content=\"Aki biciklivel j\u00e1r dolgozni, az ismeri a ny\u00fczsg\u0151 biciklutak, forgalmas v\u00e1rosk\u00f6zpont, reggeli napf\u00e9ny \u00e9s az \u00e9bredez\u0151 vil\u00e1g egyveleg\u00e9t. A v\u00e1rosban az utak sz\u00e1razak, a leveg\u0151 meleg, \u00e9s kev\u00e9s a pocsolya. Eg\u00e9szen \u00e9rthet\u0151, mi\u00e9rt v\u00e1lik sok ember sz\u00e1m\u00e1ra rendszeress\u00e9, f\u0151leg ny\u00e1ron. De mi a helyzet az \u0151sszel?\" \/>\n<meta name=\"robots\" content=\"index, follow, max-snippet:-1, max-image-preview:large, max-video-preview:-1\" \/>\n<link rel=\"canonical\" href=\"https:\/\/www.welovecycling.com\/hu\/varosi-kerekparozas\/6-modszer-amivel-megtanulhatod-szeretni-az-oszi-varosi-tekereseket\/\" \/>\n<meta property=\"og:locale\" content=\"hu_HU\" \/>\n<meta property=\"og:type\" content=\"article\" \/>\n<meta property=\"og:title\" content=\"6 m\u00f3dszer, amivel megtanulhatod szeretni az \u0151szi v\u00e1rosi teker\u00e9seket\" \/>\n<meta property=\"og:description\" content=\"Aki biciklivel j\u00e1r dolgozni, az ismeri a ny\u00fczsg\u0151 biciklutak, forgalmas v\u00e1rosk\u00f6zpont, reggeli napf\u00e9ny \u00e9s az \u00e9bredez\u0151 vil\u00e1g egyveleg\u00e9t. A v\u00e1rosban az utak sz\u00e1razak, a leveg\u0151 meleg, \u00e9s kev\u00e9s a pocsolya. Eg\u00e9szen \u00e9rthet\u0151, mi\u00e9rt v\u00e1lik sok ember sz\u00e1m\u00e1ra rendszeress\u00e9, f\u0151leg ny\u00e1ron. De mi a helyzet az \u0151sszel?\" \/>\n<meta property=\"og:url\" content=\"https:\/\/www.welovecycling.com\/hu\/varosi-kerekparozas\/6-modszer-amivel-megtanulhatod-szeretni-az-oszi-varosi-tekereseket\/\" \/>\n<meta property=\"og:site_name\" content=\"\u0160koda We Love Cycling - Magyarorsz\u00e1g\" \/>\n<meta property=\"article:publisher\" content=\"https:\/\/www.facebook.com\/WeLoveCyclingHungary\/\" \/>\n<meta property=\"article:published_time\" content=\"2023-11-13T06:00:35+00:00\" \/>\n<meta property=\"og:image\" content=\"https:\/\/d2p6e6u75xmxt8.cloudfront.net\/12\/2023\/11\/Autumn-Cycling-Commute-profimedia-0818698735-CVR.webp\" \/>\n\t<meta property=\"og:image:width\" content=\"990\" \/>\n\t<meta property=\"og:image:height\" content=\"660\" \/>\n\t<meta property=\"og:image:type\" content=\"image\/webp\" \/>\n<meta name=\"author\" content=\"hegyizs\" \/>\n<meta name=\"twitter:card\" content=\"summary_large_image\" \/>\n<meta name=\"twitter:label1\" content=\"Written by\" \/>\n\t<meta name=\"twitter:data1\" content=\"Charlotte Murray\" \/>\n\t<meta name=\"twitter:label2\" content=\"Est. reading time\" \/>\n\t<meta name=\"twitter:data2\" content=\"5\" \/>\n<script type=\"application\/ld+json\" class=\"yoast-schema-graph\">{\"@context\":\"https:\/\/schema.org\",\"@graph\":[{\"@type\":\"WebPage\",\"@id\":\"https:\/\/www.welovecycling.com\/hu\/varosi-kerekparozas\/6-modszer-amivel-megtanulhatod-szeretni-az-oszi-varosi-tekereseket\/\",\"url\":\"https:\/\/www.welovecycling.com\/hu\/varosi-kerekparozas\/6-modszer-amivel-megtanulhatod-szeretni-az-oszi-varosi-tekereseket\/\",\"name\":\"6 m\u00f3dszer, amivel megtanulhatod szeretni az \u0151szi v\u00e1rosi teker\u00e9seket\",\"isPartOf\":{\"@id\":\"https:\/\/www.welovecycling.com\/hu\/#website\"},\"primaryImageOfPage\":{\"@id\":\"https:\/\/www.welovecycling.com\/hu\/varosi-kerekparozas\/6-modszer-amivel-megtanulhatod-szeretni-az-oszi-varosi-tekereseket\/#primaryimage\"},\"image\":{\"@id\":\"https:\/\/www.welovecycling.com\/hu\/varosi-kerekparozas\/6-modszer-amivel-megtanulhatod-szeretni-az-oszi-varosi-tekereseket\/#primaryimage\"},\"thumbnailUrl\":\"https:\/\/d2p6e6u75xmxt8.cloudfront.net\/12\/2023\/11\/Autumn-Cycling-Commute-profimedia-0818698735-CVR.webp\",\"datePublished\":\"2023-11-13T06:00:35+00:00\",\"author\":{\"@id\":\"https:\/\/www.welovecycling.com\/hu\/#\/schema\/person\/414a2aebf1801691a5320edb6468e194\"},\"description\":\"Aki biciklivel j\u00e1r dolgozni, az ismeri a ny\u00fczsg\u0151 biciklutak, forgalmas v\u00e1rosk\u00f6zpont, reggeli napf\u00e9ny \u00e9s az \u00e9bredez\u0151 vil\u00e1g egyveleg\u00e9t. A v\u00e1rosban az utak sz\u00e1razak, a leveg\u0151 meleg, \u00e9s kev\u00e9s a pocsolya. Eg\u00e9szen \u00e9rthet\u0151, mi\u00e9rt v\u00e1lik sok ember sz\u00e1m\u00e1ra rendszeress\u00e9, f\u0151leg ny\u00e1ron. De mi a helyzet az \u0151sszel?\",\"breadcrumb\":{\"@id\":\"https:\/\/www.welovecycling.com\/hu\/varosi-kerekparozas\/6-modszer-amivel-megtanulhatod-szeretni-az-oszi-varosi-tekereseket\/#breadcrumb\"},\"inLanguage\":\"hu\",\"potentialAction\":[{\"@type\":\"ReadAction\",\"target\":[\"https:\/\/www.welovecycling.com\/hu\/varosi-kerekparozas\/6-modszer-amivel-megtanulhatod-szeretni-az-oszi-varosi-tekereseket\/\"]}]},{\"@type\":\"ImageObject\",\"inLanguage\":\"hu\",\"@id\":\"https:\/\/www.welovecycling.com\/hu\/varosi-kerekparozas\/6-modszer-amivel-megtanulhatod-szeretni-az-oszi-varosi-tekereseket\/#primaryimage\",\"url\":\"https:\/\/d2p6e6u75xmxt8.cloudfront.net\/12\/2023\/11\/Autumn-Cycling-Commute-profimedia-0818698735-CVR.webp\",\"contentUrl\":\"https:\/\/d2p6e6u75xmxt8.cloudfront.net\/12\/2023\/11\/Autumn-Cycling-Commute-profimedia-0818698735-CVR.webp\",\"width\":990,\"height\":660,\"caption\":\"Autumn cycling\"},{\"@type\":\"BreadcrumbList\",\"@id\":\"https:\/\/www.welovecycling.com\/hu\/varosi-kerekparozas\/6-modszer-amivel-megtanulhatod-szeretni-az-oszi-varosi-tekereseket\/#breadcrumb\",\"itemListElement\":[{\"@type\":\"ListItem\",\"position\":1,\"name\":\"Home\",\"item\":\"https:\/\/www.welovecycling.com\/hu\/\"},{\"@type\":\"ListItem\",\"position\":2,\"name\":\"6 m\u00f3dszer, amivel megtanulhatod szeretni az \u0151szi v\u00e1rosi teker\u00e9seket\"}]},{\"@type\":\"WebSite\",\"@id\":\"https:\/\/www.welovecycling.com\/hu\/#website\",\"url\":\"https:\/\/www.welovecycling.com\/hu\/\",\"name\":\"\u0160koda We Love Cycling - Magyarorsz\u00e1g\",\"description\":\"\u0160koda WeLoveCycling\",\"potentialAction\":[{\"@type\":\"SearchAction\",\"target\":{\"@type\":\"EntryPoint\",\"urlTemplate\":\"https:\/\/www.welovecycling.com\/hu\/?s={search_term_string}\"},\"query-input\":{\"@type\":\"PropertyValueSpecification\",\"valueRequired\":true,\"valueName\":\"search_term_string\"}}],\"inLanguage\":\"hu\"},{\"@type\":\"Person\",\"@id\":\"https:\/\/www.welovecycling.com\/hu\/#\/schema\/person\/414a2aebf1801691a5320edb6468e194\",\"name\":\"hegyizs\",\"image\":{\"@type\":\"ImageObject\",\"inLanguage\":\"hu\",\"@id\":\"https:\/\/www.welovecycling.com\/hu\/#\/schema\/person\/image\/\",\"url\":\"https:\/\/secure.gravatar.com\/avatar\/02cf8a7906b8cf90cecb4679defac7cfd33a1c2e3b88e4903d947f3bb58eedd3?s=96&d=mm&r=g\",\"contentUrl\":\"https:\/\/secure.gravatar.com\/avatar\/02cf8a7906b8cf90cecb4679defac7cfd33a1c2e3b88e4903d947f3bb58eedd3?s=96&d=mm&r=g\",\"caption\":\"hegyizs\"},\"url\":\"https:\/\/www.welovecycling.com\/hu\/author\/hegyizs\/\"}]}<\/script>\n<!-- \/ Yoast SEO Premium plugin. -->","yoast_head_json":{"title":"6 m\u00f3dszer, amivel megtanulhatod szeretni az \u0151szi v\u00e1rosi teker\u00e9seket","description":"Aki biciklivel j\u00e1r dolgozni, az ismeri a ny\u00fczsg\u0151 biciklutak, forgalmas v\u00e1rosk\u00f6zpont, reggeli napf\u00e9ny \u00e9s az \u00e9bredez\u0151 vil\u00e1g egyveleg\u00e9t. A v\u00e1rosban az utak sz\u00e1razak, a leveg\u0151 meleg, \u00e9s kev\u00e9s a pocsolya. Eg\u00e9szen \u00e9rthet\u0151, mi\u00e9rt v\u00e1lik sok ember sz\u00e1m\u00e1ra rendszeress\u00e9, f\u0151leg ny\u00e1ron. De mi a helyzet az \u0151sszel?","robots":{"index":"index","follow":"follow","max-snippet":"max-snippet:-1","max-image-preview":"max-image-preview:large","max-video-preview":"max-video-preview:-1"},"canonical":"https:\/\/www.welovecycling.com\/hu\/varosi-kerekparozas\/6-modszer-amivel-megtanulhatod-szeretni-az-oszi-varosi-tekereseket\/","og_locale":"hu_HU","og_type":"article","og_title":"6 m\u00f3dszer, amivel megtanulhatod szeretni az \u0151szi v\u00e1rosi teker\u00e9seket","og_description":"Aki biciklivel j\u00e1r dolgozni, az ismeri a ny\u00fczsg\u0151 biciklutak, forgalmas v\u00e1rosk\u00f6zpont, reggeli napf\u00e9ny \u00e9s az \u00e9bredez\u0151 vil\u00e1g egyveleg\u00e9t. A v\u00e1rosban az utak sz\u00e1razak, a leveg\u0151 meleg, \u00e9s kev\u00e9s a pocsolya. Eg\u00e9szen \u00e9rthet\u0151, mi\u00e9rt v\u00e1lik sok ember sz\u00e1m\u00e1ra rendszeress\u00e9, f\u0151leg ny\u00e1ron. De mi a helyzet az \u0151sszel?","og_url":"https:\/\/www.welovecycling.com\/hu\/varosi-kerekparozas\/6-modszer-amivel-megtanulhatod-szeretni-az-oszi-varosi-tekereseket\/","og_site_name":"\u0160koda We Love Cycling - Magyarorsz\u00e1g","article_publisher":"https:\/\/www.facebook.com\/WeLoveCyclingHungary\/","article_published_time":"2023-11-13T06:00:35+00:00","og_image":[{"width":990,"height":660,"url":"https:\/\/d2p6e6u75xmxt8.cloudfront.net\/12\/2023\/11\/Autumn-Cycling-Commute-profimedia-0818698735-CVR.webp","type":"image\/webp"}],"author":"hegyizs","twitter_card":"summary_large_image","twitter_misc":{"Written by":"Charlotte Murray","Est. reading time":"5"},"schema":{"@context":"https:\/\/schema.org","@graph":[{"@type":"WebPage","@id":"https:\/\/www.welovecycling.com\/hu\/varosi-kerekparozas\/6-modszer-amivel-megtanulhatod-szeretni-az-oszi-varosi-tekereseket\/","url":"https:\/\/www.welovecycling.com\/hu\/varosi-kerekparozas\/6-modszer-amivel-megtanulhatod-szeretni-az-oszi-varosi-tekereseket\/","name":"6 m\u00f3dszer, amivel megtanulhatod szeretni az \u0151szi v\u00e1rosi teker\u00e9seket","isPartOf":{"@id":"https:\/\/www.welovecycling.com\/hu\/#website"},"primaryImageOfPage":{"@id":"https:\/\/www.welovecycling.com\/hu\/varosi-kerekparozas\/6-modszer-amivel-megtanulhatod-szeretni-az-oszi-varosi-tekereseket\/#primaryimage"},"image":{"@id":"https:\/\/www.welovecycling.com\/hu\/varosi-kerekparozas\/6-modszer-amivel-megtanulhatod-szeretni-az-oszi-varosi-tekereseket\/#primaryimage"},"thumbnailUrl":"https:\/\/d2p6e6u75xmxt8.cloudfront.net\/12\/2023\/11\/Autumn-Cycling-Commute-profimedia-0818698735-CVR.webp","datePublished":"2023-11-13T06:00:35+00:00","author":{"@id":"https:\/\/www.welovecycling.com\/hu\/#\/schema\/person\/414a2aebf1801691a5320edb6468e194"},"description":"Aki biciklivel j\u00e1r dolgozni, az ismeri a ny\u00fczsg\u0151 biciklutak, forgalmas v\u00e1rosk\u00f6zpont, reggeli napf\u00e9ny \u00e9s az \u00e9bredez\u0151 vil\u00e1g egyveleg\u00e9t. A v\u00e1rosban az utak sz\u00e1razak, a leveg\u0151 meleg, \u00e9s kev\u00e9s a pocsolya. Eg\u00e9szen \u00e9rthet\u0151, mi\u00e9rt v\u00e1lik sok ember sz\u00e1m\u00e1ra rendszeress\u00e9, f\u0151leg ny\u00e1ron. De mi a helyzet az \u0151sszel?","breadcrumb":{"@id":"https:\/\/www.welovecycling.com\/hu\/varosi-kerekparozas\/6-modszer-amivel-megtanulhatod-szeretni-az-oszi-varosi-tekereseket\/#breadcrumb"},"inLanguage":"hu","potentialAction":[{"@type":"ReadAction","target":["https:\/\/www.welovecycling.com\/hu\/varosi-kerekparozas\/6-modszer-amivel-megtanulhatod-szeretni-az-oszi-varosi-tekereseket\/"]}]},{"@type":"ImageObject","inLanguage":"hu","@id":"https:\/\/www.welovecycling.com\/hu\/varosi-kerekparozas\/6-modszer-amivel-megtanulhatod-szeretni-az-oszi-varosi-tekereseket\/#primaryimage","url":"https:\/\/d2p6e6u75xmxt8.cloudfront.net\/12\/2023\/11\/Autumn-Cycling-Commute-profimedia-0818698735-CVR.webp","contentUrl":"https:\/\/d2p6e6u75xmxt8.cloudfront.net\/12\/2023\/11\/Autumn-Cycling-Commute-profimedia-0818698735-CVR.webp","width":990,"height":660,"caption":"Autumn cycling"},{"@type":"BreadcrumbList","@id":"https:\/\/www.welovecycling.com\/hu\/varosi-kerekparozas\/6-modszer-amivel-megtanulhatod-szeretni-az-oszi-varosi-tekereseket\/#breadcrumb","itemListElement":[{"@type":"ListItem","position":1,"name":"Home","item":"https:\/\/www.welovecycling.com\/hu\/"},{"@type":"ListItem","position":2,"name":"6 m\u00f3dszer, amivel megtanulhatod szeretni az \u0151szi v\u00e1rosi teker\u00e9seket"}]},{"@type":"WebSite","@id":"https:\/\/www.welovecycling.com\/hu\/#website","url":"https:\/\/www.welovecycling.com\/hu\/","name":"\u0160koda We Love Cycling - Magyarorsz\u00e1g","description":"\u0160koda WeLoveCycling","potentialAction":[{"@type":"SearchAction","target":{"@type":"EntryPoint","urlTemplate":"https:\/\/www.welovecycling.com\/hu\/?s={search_term_string}"},"query-input":{"@type":"PropertyValueSpecification","valueRequired":true,"valueName":"search_term_string"}}],"inLanguage":"hu"},{"@type":"Person","@id":"https:\/\/www.welovecycling.com\/hu\/#\/schema\/person\/414a2aebf1801691a5320edb6468e194","name":"hegyizs","image":{"@type":"ImageObject","inLanguage":"hu","@id":"https:\/\/www.welovecycling.com\/hu\/#\/schema\/person\/image\/","url":"https:\/\/secure.gravatar.com\/avatar\/02cf8a7906b8cf90cecb4679defac7cfd33a1c2e3b88e4903d947f3bb58eedd3?s=96&d=mm&r=g","contentUrl":"https:\/\/secure.gravatar.com\/avatar\/02cf8a7906b8cf90cecb4679defac7cfd33a1c2e3b88e4903d947f3bb58eedd3?s=96&d=mm&r=g","caption":"hegyizs"},"url":"https:\/\/www.welovecycling.com\/hu\/author\/hegyizs\/"}]}},"_links":{"self":[{"href":"https:\/\/www.welovecycling.com\/hu\/wp-json\/wp\/v2\/posts\/18107","targetHints":{"allow":["GET"]}}],"collection":[{"href":"https:\/\/www.welovecycling.com\/hu\/wp-json\/wp\/v2\/posts"}],"about":[{"href":"https:\/\/www.welovecycling.com\/hu\/wp-json\/wp\/v2\/types\/post"}],"author":[{"embeddable":true,"href":"https:\/\/www.welovecycling.com\/hu\/wp-json\/wp\/v2\/users\/71"}],"replies":[{"embeddable":true,"href":"https:\/\/www.welovecycling.com\/hu\/wp-json\/wp\/v2\/comments?post=18107"}],"version-history":[{"count":2,"href":"https:\/\/www.welovecycling.com\/hu\/wp-json\/wp\/v2\/posts\/18107\/revisions"}],"predecessor-version":[{"id":18120,"href":"https:\/\/www.welovecycling.com\/hu\/wp-json\/wp\/v2\/posts\/18107\/revisions\/18120"}],"wp:featuredmedia":[{"embeddable":true,"href":"https:\/\/www.welovecycling.com\/hu\/wp-json\/wp\/v2\/media\/18109"}],"wp:attachment":[{"href":"https:\/\/www.welovecycling.com\/hu\/wp-json\/wp\/v2\/media?parent=18107"}],"wp:term":[{"taxonomy":"category","embeddable":true,"href":"https:\/\/www.welovecycling.com\/hu\/wp-json\/wp\/v2\/categories?post=18107"},{"taxonomy":"post_tag","embeddable":true,"href":"https:\/\/www.welovecycling.com\/hu\/wp-json\/wp\/v2\/tags?post=18107"},{"taxonomy":"global-categories","embeddable":true,"href":"https:\/\/www.welovecycling.com\/hu\/wp-json\/wp\/v2\/global-categories?post=18107"}],"curies":[{"name":"wp","href":"https:\/\/api.w.org\/{rel}","templated":true}]}}