{"id":18100,"date":"2023-11-06T08:00:58","date_gmt":"2023-11-06T06:00:58","guid":{"rendered":"https:\/\/www.welovecycling.com\/hu\/?p=18100"},"modified":"2023-11-03T14:09:34","modified_gmt":"2023-11-03T12:09:34","slug":"a-2024-es-tour-de-france-utvonala","status":"publish","type":"post","link":"https:\/\/www.welovecycling.com\/hu\/orszaguti-kerekpar\/a-2024-es-tour-de-france-utvonala\/","title":{"rendered":"A 2024-es Tour de France \u00fatvonala"},"content":{"rendered":"<p><strong>Bemutatt\u00e1k a 2024-es Tour de France \u00fatvonal\u00e1t: sokaknak okozott meglepet\u00e9st mind a n\u00e9z\u0151k, mind a ker\u00e9kp\u00e1rosok k\u00f6r\u00e9ben, azoknak pedig egyenesen csal\u00f3d\u00e1s lehetett, akik im\u00e1dj\u00e1k P\u00e1rizst. H\u00e9t teljes hegyi szakasz, n\u00e9gy hegyi befut\u00f3, rengeteg domb, k\u00e9t egy\u00e9ni id\u0151futam (a tavalyi egy helyett) \u00e9s egy tr\u00fckk\u00f6s id\u0151m\u00e9r\u0151 z\u00e1rja a versenyt, id\u00e9n azonban nem a f\u00e9ny v\u00e1ros\u00e1ban, hanem a Rivi\u00e9r\u00e1n, Nizz\u00e1ban.<\/strong><\/p>\n<p><!--more--><\/p>\n<p>A verseny a Tour t\u00f6rt\u00e9net\u00e9ben el\u0151sz\u00f6r Olaszorsz\u00e1gban indul &#8211; Firenz\u00e9ben, Emilie-Romagn\u00e9ban, hogy pontosak legy\u00fcnk, egy 206 km hossz\u00fa szakasszal, amit t\u00f6bb mint el\u00e9g, pontosan 7 domb tark\u00edt. A szakasz Riminiben \u00e9r v\u00e9get, mely v\u00e1ros szint\u00e9n id\u00e9n deb\u00fct\u00e1l a versenyen.<\/p>\n<p>A teljes \u00fatvonal 3,405 km-t fed le, \u00e9s t\u00f6bb mint 52,000 m\u00e9ter szintk\u00fcl\u00f6nbs\u00e9get tartalmaz, ami sok dr\u00e1m\u00e1t \u00edg\u00e9r. Az izgalmak nagy r\u00e9sze val\u00f3sz\u00edn\u0171leg az utols\u00f3 pihen\u0151nap ut\u00e1n zajlik majd, hiszen a hat utols\u00f3 szakasz k\u00f6z\u00fcl h\u00e1rom a magas hegyekben fut, \u00e9s a befejez\u0151 id\u0151futam sem s\u00edk. Az utols\u00f3 h\u00e1rom hegyi szakasz k\u00f6t\u00fcl kett\u0151 hegyi befut\u00f3val \u00e9r v\u00e9get &#8211; az Isola 2000 \u00e9s Col de la Couillole cs\u00facsokon -, ezek pedig pr\u00f3b\u00e1ra teszik majd a versenyz\u0151k l\u00e1bait a neh\u00e9z id\u0151futam el\u0151tt. A Col de la Couillole emelked\u0151je (15.7 km, 7.1%-os \u00e1tlagos emelked\u00e9ssel) m\u00e1r szerepelt n\u00e9h\u00e1nyszor nagyobb versenyen, \u00e9s sokszor itt d\u0151lt el a legnagyobb riv\u00e1lisok k\u00f6z\u00f6tti k\u00fczdelem &#8211; p\u00e9ld\u00e1ul a idei P\u00e1rizs-Nizz\u00e1n, amikor Poga\u010dar legy\u0151zte David Gaudut \u00e9s a idei Tour gy\u0151ztest, Jonas Vingegaard-ot.<\/p>\n<p>Val\u00f3sz\u00edn\u0171leg az utols\u00f3 szakaszon is komoly verseny zajlik majd, ha nem d\u0151l el a hegyekben a v\u00e9geredm\u00e9ny, hasonl\u00f3 dr\u00e1m\u00e1t hozhat, mint az 1989-es legend\u00e1s Tour, amikor Greg LeMond \u00e1tvette a s\u00e1rga trik\u00f3t a francia Laurent Fignon-t\u00f3l az id\u0151futam sor\u00e1n, \u00edgy &#8211; mind\u00f6ssze 8 m\u00e1sodperccel megnyerte &#8211; az \u00f6sszetett versenyt, \u00e9s a Tour t\u00f6rt\u00e9nelm\u00e9nek egyik nagy meglepet\u00e9s\u00e9t produk\u00e1lta. A 35 km-es id\u0151futam tartalmazza a La Turbie (8.1 km, 6.5%-os \u00e1tlagos szintemelked\u00e9s) n\u00e9vre hallgat\u00f3, nehezen megh\u00f3d\u00edthat\u00f3 hegycs\u00facsot \u00e9s egy r\u00f6vid, de meredek emelked\u0151t, a Col d&#8217;\u00c8ze-t (1.6 km, 8.1%), miel\u0151tt visszat\u00e9rne a tengerpartra. Felt\u00e9telezz\u00fck, hogy Remco Evenepoel, aki majdnem biztosan r\u00e9szt vesz a Tour de France\u2013on j\u00f6v\u0151re, (r\u00e1ad\u00e1sul ez lesz neki az els\u0151), m\u00e1r most k\u00e9sz\u00f3l a v\u00e9gs\u0151 szakaszra, amely kulcsfontoss\u00e1g\u00fa lehet a verseny kimenetel\u00e9ben.<\/p>\n<p>Az ASO szerint a 2024-es Tour nyolc s\u00edk szakaszt tartalmaz, ami j\u00f3 h\u00edr a tavalyi \u0160koda Z\u00f6ld Trik\u00f3 nyertes\u00e9nek, Jasper Philipsennek, \u00e9s Mark Cavendishnek, aki miut\u00e1n id\u0151 el\u0151tt bejelentette visszavonul\u00e1s\u00e1t, visszat\u00e9r, hogy \u00fajra megszerezze a 35. Tour szakaszgy\u0151zelm\u00e9t \u00e9s \u00e1tvegye a nagy Eddy Merckx hely\u00e9t a rekordk\u00f6nyvekben. \u00daj szempont lesz j\u00f6v\u0151re a 8, 5 \u00e9s 2 m\u00e1sodperces id\u0151jutalmak kioszt\u00e1sa, amelyeket k\u00fcl\u00f6n kell majd v\u00e1lasztanunk a hagyom\u00e1nyos t\u00edz, hat \u00e9s n\u00e9gy m\u00e1sodperces b\u00f3nuszokt\u00f3l, amelyeket a szakaszok befejez\u00e9sekor adnak ki.<\/p>\n<p>Ami biztos, hogy mindenki sz\u00e1m\u00e1ra lesznek izgalmak a j\u00f6v\u0151 \u00e9vi Tour-on &#8211; mi m\u00e1r alig v\u00e1rjuk!<\/p>\n","protected":false},"excerpt":{"rendered":"<p>Bemutatt\u00e1k a 2024-es Tour de France \u00fatvonal\u00e1t: sokaknak okozott meglepet\u00e9st mind a n\u00e9z\u0151k, mind a ker\u00e9kp\u00e1rosok k\u00f6r\u00e9ben, azoknak pedig egyenesen [&hellip;]<\/p>\n","protected":false},"author":71,"featured_media":18101,"comment_status":"open","ping_status":"open","sticky":false,"template":"","format":"standard","meta":{"footnotes":""},"categories":[8],"tags":[],"global-categories":[],"class_list":["post-18100","post","type-post","status-publish","format-standard","has-post-thumbnail","hentry","category-orszaguti-kerekpar"],"yoast_head":"<!-- This site is optimized with the Yoast SEO Premium plugin v25.3 (Yoast SEO v25.9) - https:\/\/yoast.com\/wordpress\/plugins\/seo\/ -->\n<title>A 2024-es Tour de France \u00fatvonala<\/title>\n<meta name=\"description\" content=\"Bemutatt\u00e1k a 2024-es Tour de France \u00fatvonal\u00e1t: sokaknak okozott meglepet\u00e9st mind a n\u00e9z\u0151k, mind a ker\u00e9kp\u00e1rosok k\u00f6r\u00e9ben, azoknak pedig egyenesen csal\u00f3d\u00e1s lehetett, akik im\u00e1dj\u00e1k P\u00e1rizst. H\u00e9t teljes hegyi szakasz, n\u00e9gy hegyi befut\u00f3, rengeteg domb, k\u00e9t egy\u00e9ni id\u0151futam (a tavalyi egy helyett) \u00e9s egy tr\u00fckk\u00f6s id\u0151m\u00e9r\u0151 z\u00e1rja a versenyt, id\u00e9n azonban nem a f\u00e9ny v\u00e1ros\u00e1ban, hanem a Rivi\u00e9r\u00e1n, Nizz\u00e1ban.\" \/>\n<meta name=\"robots\" content=\"index, follow, max-snippet:-1, max-image-preview:large, max-video-preview:-1\" \/>\n<link rel=\"canonical\" href=\"https:\/\/www.welovecycling.com\/hu\/orszaguti-kerekpar\/a-2024-es-tour-de-france-utvonala\/\" \/>\n<meta property=\"og:locale\" content=\"hu_HU\" \/>\n<meta property=\"og:type\" content=\"article\" \/>\n<meta property=\"og:title\" content=\"A 2024-es Tour de France \u00fatvonala\" \/>\n<meta property=\"og:description\" content=\"Bemutatt\u00e1k a 2024-es Tour de France \u00fatvonal\u00e1t: sokaknak okozott meglepet\u00e9st mind a n\u00e9z\u0151k, mind a ker\u00e9kp\u00e1rosok k\u00f6r\u00e9ben, azoknak pedig egyenesen csal\u00f3d\u00e1s lehetett, akik im\u00e1dj\u00e1k P\u00e1rizst. H\u00e9t teljes hegyi szakasz, n\u00e9gy hegyi befut\u00f3, rengeteg domb, k\u00e9t egy\u00e9ni id\u0151futam (a tavalyi egy helyett) \u00e9s egy tr\u00fckk\u00f6s id\u0151m\u00e9r\u0151 z\u00e1rja a versenyt, id\u00e9n azonban nem a f\u00e9ny v\u00e1ros\u00e1ban, hanem a Rivi\u00e9r\u00e1n, Nizz\u00e1ban.\" \/>\n<meta property=\"og:url\" content=\"https:\/\/www.welovecycling.com\/hu\/orszaguti-kerekpar\/a-2024-es-tour-de-france-utvonala\/\" \/>\n<meta property=\"og:site_name\" content=\"\u0160koda We Love Cycling - Magyarorsz\u00e1g\" \/>\n<meta property=\"article:publisher\" content=\"https:\/\/www.facebook.com\/WeLoveCyclingHungary\/\" \/>\n<meta property=\"article:published_time\" content=\"2023-11-06T06:00:58+00:00\" \/>\n<meta property=\"og:image\" content=\"https:\/\/d2p6e6u75xmxt8.cloudfront.net\/12\/2023\/11\/Tour-de-France-2024-Route-profimedia-0816633054-CVR.webp\" \/>\n\t<meta property=\"og:image:width\" content=\"990\" \/>\n\t<meta property=\"og:image:height\" content=\"660\" \/>\n\t<meta property=\"og:image:type\" content=\"image\/webp\" \/>\n<meta name=\"author\" content=\"hegyizs\" \/>\n<meta name=\"twitter:card\" content=\"summary_large_image\" \/>\n<meta name=\"twitter:label1\" content=\"Written by\" \/>\n\t<meta name=\"twitter:data1\" content=\"Siegfried Mortkowitz\" \/>\n\t<meta name=\"twitter:label2\" content=\"Est. reading time\" \/>\n\t<meta name=\"twitter:data2\" content=\"4\" \/>\n<script type=\"application\/ld+json\" class=\"yoast-schema-graph\">{\"@context\":\"https:\/\/schema.org\",\"@graph\":[{\"@type\":\"WebPage\",\"@id\":\"https:\/\/www.welovecycling.com\/hu\/orszaguti-kerekpar\/a-2024-es-tour-de-france-utvonala\/\",\"url\":\"https:\/\/www.welovecycling.com\/hu\/orszaguti-kerekpar\/a-2024-es-tour-de-france-utvonala\/\",\"name\":\"A 2024-es Tour de France \u00fatvonala\",\"isPartOf\":{\"@id\":\"https:\/\/www.welovecycling.com\/hu\/#website\"},\"primaryImageOfPage\":{\"@id\":\"https:\/\/www.welovecycling.com\/hu\/orszaguti-kerekpar\/a-2024-es-tour-de-france-utvonala\/#primaryimage\"},\"image\":{\"@id\":\"https:\/\/www.welovecycling.com\/hu\/orszaguti-kerekpar\/a-2024-es-tour-de-france-utvonala\/#primaryimage\"},\"thumbnailUrl\":\"https:\/\/d2p6e6u75xmxt8.cloudfront.net\/12\/2023\/11\/Tour-de-France-2024-Route-profimedia-0816633054-CVR.webp\",\"datePublished\":\"2023-11-06T06:00:58+00:00\",\"author\":{\"@id\":\"https:\/\/www.welovecycling.com\/hu\/#\/schema\/person\/414a2aebf1801691a5320edb6468e194\"},\"description\":\"Bemutatt\u00e1k a 2024-es Tour de France \u00fatvonal\u00e1t: sokaknak okozott meglepet\u00e9st mind a n\u00e9z\u0151k, mind a ker\u00e9kp\u00e1rosok k\u00f6r\u00e9ben, azoknak pedig egyenesen csal\u00f3d\u00e1s lehetett, akik im\u00e1dj\u00e1k P\u00e1rizst. H\u00e9t teljes hegyi szakasz, n\u00e9gy hegyi befut\u00f3, rengeteg domb, k\u00e9t egy\u00e9ni id\u0151futam (a tavalyi egy helyett) \u00e9s egy tr\u00fckk\u00f6s id\u0151m\u00e9r\u0151 z\u00e1rja a versenyt, id\u00e9n azonban nem a f\u00e9ny v\u00e1ros\u00e1ban, hanem a Rivi\u00e9r\u00e1n, Nizz\u00e1ban.\",\"breadcrumb\":{\"@id\":\"https:\/\/www.welovecycling.com\/hu\/orszaguti-kerekpar\/a-2024-es-tour-de-france-utvonala\/#breadcrumb\"},\"inLanguage\":\"hu\",\"potentialAction\":[{\"@type\":\"ReadAction\",\"target\":[\"https:\/\/www.welovecycling.com\/hu\/orszaguti-kerekpar\/a-2024-es-tour-de-france-utvonala\/\"]}]},{\"@type\":\"ImageObject\",\"inLanguage\":\"hu\",\"@id\":\"https:\/\/www.welovecycling.com\/hu\/orszaguti-kerekpar\/a-2024-es-tour-de-france-utvonala\/#primaryimage\",\"url\":\"https:\/\/d2p6e6u75xmxt8.cloudfront.net\/12\/2023\/11\/Tour-de-France-2024-Route-profimedia-0816633054-CVR.webp\",\"contentUrl\":\"https:\/\/d2p6e6u75xmxt8.cloudfront.net\/12\/2023\/11\/Tour-de-France-2024-Route-profimedia-0816633054-CVR.webp\",\"width\":990,\"height\":660,\"caption\":\"2024 Tour de France Route\"},{\"@type\":\"BreadcrumbList\",\"@id\":\"https:\/\/www.welovecycling.com\/hu\/orszaguti-kerekpar\/a-2024-es-tour-de-france-utvonala\/#breadcrumb\",\"itemListElement\":[{\"@type\":\"ListItem\",\"position\":1,\"name\":\"Home\",\"item\":\"https:\/\/www.welovecycling.com\/hu\/\"},{\"@type\":\"ListItem\",\"position\":2,\"name\":\"A 2024-es Tour de France \u00fatvonala\"}]},{\"@type\":\"WebSite\",\"@id\":\"https:\/\/www.welovecycling.com\/hu\/#website\",\"url\":\"https:\/\/www.welovecycling.com\/hu\/\",\"name\":\"\u0160koda We Love Cycling - Magyarorsz\u00e1g\",\"description\":\"\u0160koda WeLoveCycling\",\"potentialAction\":[{\"@type\":\"SearchAction\",\"target\":{\"@type\":\"EntryPoint\",\"urlTemplate\":\"https:\/\/www.welovecycling.com\/hu\/?s={search_term_string}\"},\"query-input\":{\"@type\":\"PropertyValueSpecification\",\"valueRequired\":true,\"valueName\":\"search_term_string\"}}],\"inLanguage\":\"hu\"},{\"@type\":\"Person\",\"@id\":\"https:\/\/www.welovecycling.com\/hu\/#\/schema\/person\/414a2aebf1801691a5320edb6468e194\",\"name\":\"hegyizs\",\"image\":{\"@type\":\"ImageObject\",\"inLanguage\":\"hu\",\"@id\":\"https:\/\/www.welovecycling.com\/hu\/#\/schema\/person\/image\/\",\"url\":\"https:\/\/secure.gravatar.com\/avatar\/02cf8a7906b8cf90cecb4679defac7cfd33a1c2e3b88e4903d947f3bb58eedd3?s=96&d=mm&r=g\",\"contentUrl\":\"https:\/\/secure.gravatar.com\/avatar\/02cf8a7906b8cf90cecb4679defac7cfd33a1c2e3b88e4903d947f3bb58eedd3?s=96&d=mm&r=g\",\"caption\":\"hegyizs\"},\"url\":\"https:\/\/www.welovecycling.com\/hu\/author\/hegyizs\/\"}]}<\/script>\n<!-- \/ Yoast SEO Premium plugin. -->","yoast_head_json":{"title":"A 2024-es Tour de France \u00fatvonala","description":"Bemutatt\u00e1k a 2024-es Tour de France \u00fatvonal\u00e1t: sokaknak okozott meglepet\u00e9st mind a n\u00e9z\u0151k, mind a ker\u00e9kp\u00e1rosok k\u00f6r\u00e9ben, azoknak pedig egyenesen csal\u00f3d\u00e1s lehetett, akik im\u00e1dj\u00e1k P\u00e1rizst. H\u00e9t teljes hegyi szakasz, n\u00e9gy hegyi befut\u00f3, rengeteg domb, k\u00e9t egy\u00e9ni id\u0151futam (a tavalyi egy helyett) \u00e9s egy tr\u00fckk\u00f6s id\u0151m\u00e9r\u0151 z\u00e1rja a versenyt, id\u00e9n azonban nem a f\u00e9ny v\u00e1ros\u00e1ban, hanem a Rivi\u00e9r\u00e1n, Nizz\u00e1ban.","robots":{"index":"index","follow":"follow","max-snippet":"max-snippet:-1","max-image-preview":"max-image-preview:large","max-video-preview":"max-video-preview:-1"},"canonical":"https:\/\/www.welovecycling.com\/hu\/orszaguti-kerekpar\/a-2024-es-tour-de-france-utvonala\/","og_locale":"hu_HU","og_type":"article","og_title":"A 2024-es Tour de France \u00fatvonala","og_description":"Bemutatt\u00e1k a 2024-es Tour de France \u00fatvonal\u00e1t: sokaknak okozott meglepet\u00e9st mind a n\u00e9z\u0151k, mind a ker\u00e9kp\u00e1rosok k\u00f6r\u00e9ben, azoknak pedig egyenesen csal\u00f3d\u00e1s lehetett, akik im\u00e1dj\u00e1k P\u00e1rizst. H\u00e9t teljes hegyi szakasz, n\u00e9gy hegyi befut\u00f3, rengeteg domb, k\u00e9t egy\u00e9ni id\u0151futam (a tavalyi egy helyett) \u00e9s egy tr\u00fckk\u00f6s id\u0151m\u00e9r\u0151 z\u00e1rja a versenyt, id\u00e9n azonban nem a f\u00e9ny v\u00e1ros\u00e1ban, hanem a Rivi\u00e9r\u00e1n, Nizz\u00e1ban.","og_url":"https:\/\/www.welovecycling.com\/hu\/orszaguti-kerekpar\/a-2024-es-tour-de-france-utvonala\/","og_site_name":"\u0160koda We Love Cycling - Magyarorsz\u00e1g","article_publisher":"https:\/\/www.facebook.com\/WeLoveCyclingHungary\/","article_published_time":"2023-11-06T06:00:58+00:00","og_image":[{"width":990,"height":660,"url":"https:\/\/d2p6e6u75xmxt8.cloudfront.net\/12\/2023\/11\/Tour-de-France-2024-Route-profimedia-0816633054-CVR.webp","type":"image\/webp"}],"author":"hegyizs","twitter_card":"summary_large_image","twitter_misc":{"Written by":"Siegfried Mortkowitz","Est. reading time":"4"},"schema":{"@context":"https:\/\/schema.org","@graph":[{"@type":"WebPage","@id":"https:\/\/www.welovecycling.com\/hu\/orszaguti-kerekpar\/a-2024-es-tour-de-france-utvonala\/","url":"https:\/\/www.welovecycling.com\/hu\/orszaguti-kerekpar\/a-2024-es-tour-de-france-utvonala\/","name":"A 2024-es Tour de France \u00fatvonala","isPartOf":{"@id":"https:\/\/www.welovecycling.com\/hu\/#website"},"primaryImageOfPage":{"@id":"https:\/\/www.welovecycling.com\/hu\/orszaguti-kerekpar\/a-2024-es-tour-de-france-utvonala\/#primaryimage"},"image":{"@id":"https:\/\/www.welovecycling.com\/hu\/orszaguti-kerekpar\/a-2024-es-tour-de-france-utvonala\/#primaryimage"},"thumbnailUrl":"https:\/\/d2p6e6u75xmxt8.cloudfront.net\/12\/2023\/11\/Tour-de-France-2024-Route-profimedia-0816633054-CVR.webp","datePublished":"2023-11-06T06:00:58+00:00","author":{"@id":"https:\/\/www.welovecycling.com\/hu\/#\/schema\/person\/414a2aebf1801691a5320edb6468e194"},"description":"Bemutatt\u00e1k a 2024-es Tour de France \u00fatvonal\u00e1t: sokaknak okozott meglepet\u00e9st mind a n\u00e9z\u0151k, mind a ker\u00e9kp\u00e1rosok k\u00f6r\u00e9ben, azoknak pedig egyenesen csal\u00f3d\u00e1s lehetett, akik im\u00e1dj\u00e1k P\u00e1rizst. H\u00e9t teljes hegyi szakasz, n\u00e9gy hegyi befut\u00f3, rengeteg domb, k\u00e9t egy\u00e9ni id\u0151futam (a tavalyi egy helyett) \u00e9s egy tr\u00fckk\u00f6s id\u0151m\u00e9r\u0151 z\u00e1rja a versenyt, id\u00e9n azonban nem a f\u00e9ny v\u00e1ros\u00e1ban, hanem a Rivi\u00e9r\u00e1n, Nizz\u00e1ban.","breadcrumb":{"@id":"https:\/\/www.welovecycling.com\/hu\/orszaguti-kerekpar\/a-2024-es-tour-de-france-utvonala\/#breadcrumb"},"inLanguage":"hu","potentialAction":[{"@type":"ReadAction","target":["https:\/\/www.welovecycling.com\/hu\/orszaguti-kerekpar\/a-2024-es-tour-de-france-utvonala\/"]}]},{"@type":"ImageObject","inLanguage":"hu","@id":"https:\/\/www.welovecycling.com\/hu\/orszaguti-kerekpar\/a-2024-es-tour-de-france-utvonala\/#primaryimage","url":"https:\/\/d2p6e6u75xmxt8.cloudfront.net\/12\/2023\/11\/Tour-de-France-2024-Route-profimedia-0816633054-CVR.webp","contentUrl":"https:\/\/d2p6e6u75xmxt8.cloudfront.net\/12\/2023\/11\/Tour-de-France-2024-Route-profimedia-0816633054-CVR.webp","width":990,"height":660,"caption":"2024 Tour de France Route"},{"@type":"BreadcrumbList","@id":"https:\/\/www.welovecycling.com\/hu\/orszaguti-kerekpar\/a-2024-es-tour-de-france-utvonala\/#breadcrumb","itemListElement":[{"@type":"ListItem","position":1,"name":"Home","item":"https:\/\/www.welovecycling.com\/hu\/"},{"@type":"ListItem","position":2,"name":"A 2024-es Tour de France \u00fatvonala"}]},{"@type":"WebSite","@id":"https:\/\/www.welovecycling.com\/hu\/#website","url":"https:\/\/www.welovecycling.com\/hu\/","name":"\u0160koda We Love Cycling - Magyarorsz\u00e1g","description":"\u0160koda WeLoveCycling","potentialAction":[{"@type":"SearchAction","target":{"@type":"EntryPoint","urlTemplate":"https:\/\/www.welovecycling.com\/hu\/?s={search_term_string}"},"query-input":{"@type":"PropertyValueSpecification","valueRequired":true,"valueName":"search_term_string"}}],"inLanguage":"hu"},{"@type":"Person","@id":"https:\/\/www.welovecycling.com\/hu\/#\/schema\/person\/414a2aebf1801691a5320edb6468e194","name":"hegyizs","image":{"@type":"ImageObject","inLanguage":"hu","@id":"https:\/\/www.welovecycling.com\/hu\/#\/schema\/person\/image\/","url":"https:\/\/secure.gravatar.com\/avatar\/02cf8a7906b8cf90cecb4679defac7cfd33a1c2e3b88e4903d947f3bb58eedd3?s=96&d=mm&r=g","contentUrl":"https:\/\/secure.gravatar.com\/avatar\/02cf8a7906b8cf90cecb4679defac7cfd33a1c2e3b88e4903d947f3bb58eedd3?s=96&d=mm&r=g","caption":"hegyizs"},"url":"https:\/\/www.welovecycling.com\/hu\/author\/hegyizs\/"}]}},"_links":{"self":[{"href":"https:\/\/www.welovecycling.com\/hu\/wp-json\/wp\/v2\/posts\/18100","targetHints":{"allow":["GET"]}}],"collection":[{"href":"https:\/\/www.welovecycling.com\/hu\/wp-json\/wp\/v2\/posts"}],"about":[{"href":"https:\/\/www.welovecycling.com\/hu\/wp-json\/wp\/v2\/types\/post"}],"author":[{"embeddable":true,"href":"https:\/\/www.welovecycling.com\/hu\/wp-json\/wp\/v2\/users\/71"}],"replies":[{"embeddable":true,"href":"https:\/\/www.welovecycling.com\/hu\/wp-json\/wp\/v2\/comments?post=18100"}],"version-history":[{"count":1,"href":"https:\/\/www.welovecycling.com\/hu\/wp-json\/wp\/v2\/posts\/18100\/revisions"}],"predecessor-version":[{"id":18102,"href":"https:\/\/www.welovecycling.com\/hu\/wp-json\/wp\/v2\/posts\/18100\/revisions\/18102"}],"wp:featuredmedia":[{"embeddable":true,"href":"https:\/\/www.welovecycling.com\/hu\/wp-json\/wp\/v2\/media\/18101"}],"wp:attachment":[{"href":"https:\/\/www.welovecycling.com\/hu\/wp-json\/wp\/v2\/media?parent=18100"}],"wp:term":[{"taxonomy":"category","embeddable":true,"href":"https:\/\/www.welovecycling.com\/hu\/wp-json\/wp\/v2\/categories?post=18100"},{"taxonomy":"post_tag","embeddable":true,"href":"https:\/\/www.welovecycling.com\/hu\/wp-json\/wp\/v2\/tags?post=18100"},{"taxonomy":"global-categories","embeddable":true,"href":"https:\/\/www.welovecycling.com\/hu\/wp-json\/wp\/v2\/global-categories?post=18100"}],"curies":[{"name":"wp","href":"https:\/\/api.w.org\/{rel}","templated":true}]}}