{"id":18092,"date":"2023-11-08T08:00:18","date_gmt":"2023-11-08T06:00:18","guid":{"rendered":"https:\/\/www.welovecycling.com\/hu\/?p=18092"},"modified":"2023-11-03T14:11:20","modified_gmt":"2023-11-03T12:11:20","slug":"monica-beck-a-2024-es-tour-de-france-femmes-avec-zwift-utvonalarol","status":"publish","type":"post","link":"https:\/\/www.welovecycling.com\/hu\/orszaguti-kerekpar\/monica-beck-a-2024-es-tour-de-france-femmes-avec-zwift-utvonalarol\/","title":{"rendered":"Monica Beck a 2024-es Tour de France Femmes avec Zwift \u00fatvonal\u00e1r\u00f3l"},"content":{"rendered":"<p><strong>A 2024-es Tour de France Femmes avec Zwift rengeteg izgalommal t\u00e9r vissza, ezt a nemr\u00e9g bemutatott \u00fatvonal is el\u0151revet\u00edti.\u00a0 A harmadik modern kori n\u0151i Tour de France s\u00edk, dombos \u00e9s hegyi szakaszokat, valamint izgalmas egy\u00e9ni id\u0151futamot hoz augusztus 12 \u00e9s 18 k\u00f6z\u00f6tt, \u00f6sszesen 946,3 km-en \u00e1t.<\/strong><\/p>\n<p><!--more--><\/p>\n<p>A verseny 2024. augusztus 12-\u00e9n indul Hollandi\u00e1b\u00f3l, a Grand D\u00e9part-nak Rotterdam ad otthont, majd H\u00e1ga, Dordrecht \u00e9s Valkenburg v\u00e1rosain halad kereszt\u00fcl, miel\u0151tt Belgiumba, majd Franciaorsz\u00e1g sz\u00edv\u00e9be \u00e9r. A d\u00e1tumv\u00e1ltoztat\u00e1s oka, hogy a versenynek helyet kell adnia a 2024. j\u00falius 26-t\u00f3l augusztus 11-ig tart\u00f3 p\u00e1rizsi olimpiai j\u00e1t\u00e9koknak.<\/p>\n<p>A versenyigazgat\u00f3k, Christian Prudhomme \u00e9s Marion Rousse k\u00f6zz\u00e9tett\u00e9k a f\u00e9rfi \u00e9s n\u0151i versenyek \u00fatvonalainak r\u00e9szleteit, nagy izgalmat v\u00e1ltva ki a ker\u00e9kp\u00e1rrajong\u00f3kb\u00f3l. A f\u0151 attrakci\u00f3 a befut\u00f3 az Alpe d&#8217;Huez legend\u00e1s hegycs\u00facs\u00e1n, ami val\u00f3sz\u00edn\u0171leg pr\u00f3b\u00e1ra teszi majd a mez\u0151ny \u00e1ll\u00f3k\u00e9pess\u00e9g\u00e9t \u00e9s rengeteg izgalommal kecsegtet.<\/p>\n<p><a href=\"https:\/\/www.youtube.com\/watch?v=67RidX5anHU&amp;ab_channel=TourdeFrance\">https:\/\/www.youtube.com\/watch?v=67RidX5anHU&amp;ab_channel=TourdeFrance<\/a><\/p>\n<p class=\"-wm-MsoNormal\">The stages are well-varied to cater to sprinters, climbers, and time trial specialists alike. The first three stages in the Netherlands are set to commence with a flat 124km stretch from Rotterdam to The Hague on August 12. The excitement continues on August 13 with a bustling day of racing; the morning will feature the second stage, a shorter 67km dash from Dordrecht to Rotterdam, and as the day progresses, the afternoon will usher in the third stage, a brisk 6.3km individual time trial within Rotterdam. This double-header on August 13 is designed to test the endurance and versatility of the riders, making for a captivating display of racing prowess.<\/p>\n<p class=\"-wm-MsoNormal\">As the race transitions to Belgium on August 14, stage 4 mirrors the Ardennes Classics, taking the riders from Valkenburg to Li\u00e8ge over a 122km hilly terrain. The following day, the peloton will set forth from Bastogne, racing 150km to Amn\u00e9ville in France, marking the race&#8217;s entry into French soil.<\/p>\n<p class=\"-wm-MsoNormal\">With the Alps looming, stage 6 on August 16, is a 160km hilly ride from Remiremont to Morteau, setting the stage for the mountainous challenges ahead. On August 17, the first Alpine stage of 167km will commence from Champagnole, concluding at Le Grand-Bornand, the longest of all stages.<\/p>\n<p class=\"-wm-MsoNormal\">The grand finale awaits on August 18 with a 150km mountain stage from Le Grand-Bornand to the revered Alpe d&#8217;Huez. The riders will first tackle the challenging Col du Glandon before reaching the summit finish at Alpe d&#8217;Huez, encapsulating a grueling yet exhilarating climax to the <a href=\"http:\/\/letourfemmes.fr\">Tour de France Femmes avec Zwift 2024.<\/a><\/p>\n<p class=\"-wm-MsoNormal\">We cannot wait for it to start!<\/p>\n","protected":false},"excerpt":{"rendered":"<p>A 2024-es Tour de France Femmes avec Zwift rengeteg izgalommal t\u00e9r vissza, ezt a nemr\u00e9g bemutatott \u00fatvonal is el\u0151revet\u00edti.\u00a0 A [&hellip;]<\/p>\n","protected":false},"author":71,"featured_media":18093,"comment_status":"open","ping_status":"open","sticky":false,"template":"","format":"standard","meta":{"footnotes":""},"categories":[8],"tags":[],"global-categories":[],"class_list":["post-18092","post","type-post","status-publish","format-standard","has-post-thumbnail","hentry","category-orszaguti-kerekpar"],"yoast_head":"<!-- This site is optimized with the Yoast SEO Premium plugin v25.3 (Yoast SEO v25.9) - https:\/\/yoast.com\/wordpress\/plugins\/seo\/ -->\n<title>Monica Beck a 2024-es Tour de France Femmes avec Zwift \u00fatvonal\u00e1r\u00f3l<\/title>\n<meta name=\"description\" content=\"A 2024-es Tour de France Femmes avec Zwift rengeteg izgalommal t\u00e9r vissza, ezt a nemr\u00e9g bemutatott \u00fatvonal is el\u0151revet\u00edti. A harmadik modern kori n\u0151i Tour de France s\u00edk, dombos \u00e9s hegyi szakaszokat, valamint izgalmas egy\u00e9ni id\u0151futamot hoz augusztus 12 \u00e9s 18 k\u00f6z\u00f6tt, \u00f6sszesen 946,3 km-en \u00e1t.\" \/>\n<meta name=\"robots\" content=\"index, follow, max-snippet:-1, max-image-preview:large, max-video-preview:-1\" \/>\n<link rel=\"canonical\" href=\"https:\/\/www.welovecycling.com\/hu\/orszaguti-kerekpar\/monica-beck-a-2024-es-tour-de-france-femmes-avec-zwift-utvonalarol\/\" \/>\n<meta property=\"og:locale\" content=\"hu_HU\" \/>\n<meta property=\"og:type\" content=\"article\" \/>\n<meta property=\"og:title\" content=\"Monica Beck a 2024-es Tour de France Femmes avec Zwift \u00fatvonal\u00e1r\u00f3l\" \/>\n<meta property=\"og:description\" content=\"A 2024-es Tour de France Femmes avec Zwift rengeteg izgalommal t\u00e9r vissza, ezt a nemr\u00e9g bemutatott \u00fatvonal is el\u0151revet\u00edti. A harmadik modern kori n\u0151i Tour de France s\u00edk, dombos \u00e9s hegyi szakaszokat, valamint izgalmas egy\u00e9ni id\u0151futamot hoz augusztus 12 \u00e9s 18 k\u00f6z\u00f6tt, \u00f6sszesen 946,3 km-en \u00e1t.\" \/>\n<meta property=\"og:url\" content=\"https:\/\/www.welovecycling.com\/hu\/orszaguti-kerekpar\/monica-beck-a-2024-es-tour-de-france-femmes-avec-zwift-utvonalarol\/\" \/>\n<meta property=\"og:site_name\" content=\"\u0160koda We Love Cycling - Magyarorsz\u00e1g\" \/>\n<meta property=\"article:publisher\" content=\"https:\/\/www.facebook.com\/WeLoveCyclingHungary\/\" \/>\n<meta property=\"article:published_time\" content=\"2023-11-08T06:00:18+00:00\" \/>\n<meta property=\"og:image\" content=\"https:\/\/d2p6e6u75xmxt8.cloudfront.net\/12\/2023\/11\/Marlen-Reusser-Tour-de-France-Femmes-2024-Route-profimedia-0816607263-CVR.webp\" \/>\n\t<meta property=\"og:image:width\" content=\"990\" \/>\n\t<meta property=\"og:image:height\" content=\"660\" \/>\n\t<meta property=\"og:image:type\" content=\"image\/webp\" \/>\n<meta name=\"author\" content=\"hegyizs\" \/>\n<meta name=\"twitter:card\" content=\"summary_large_image\" \/>\n<meta name=\"twitter:label1\" content=\"Written by\" \/>\n\t<meta name=\"twitter:data1\" content=\"Monica Buck\" \/>\n\t<meta name=\"twitter:label2\" content=\"Est. reading time\" \/>\n\t<meta name=\"twitter:data2\" content=\"3\" \/>\n<script type=\"application\/ld+json\" class=\"yoast-schema-graph\">{\"@context\":\"https:\/\/schema.org\",\"@graph\":[{\"@type\":\"WebPage\",\"@id\":\"https:\/\/www.welovecycling.com\/hu\/orszaguti-kerekpar\/monica-beck-a-2024-es-tour-de-france-femmes-avec-zwift-utvonalarol\/\",\"url\":\"https:\/\/www.welovecycling.com\/hu\/orszaguti-kerekpar\/monica-beck-a-2024-es-tour-de-france-femmes-avec-zwift-utvonalarol\/\",\"name\":\"Monica Beck a 2024-es Tour de France Femmes avec Zwift \u00fatvonal\u00e1r\u00f3l\",\"isPartOf\":{\"@id\":\"https:\/\/www.welovecycling.com\/hu\/#website\"},\"primaryImageOfPage\":{\"@id\":\"https:\/\/www.welovecycling.com\/hu\/orszaguti-kerekpar\/monica-beck-a-2024-es-tour-de-france-femmes-avec-zwift-utvonalarol\/#primaryimage\"},\"image\":{\"@id\":\"https:\/\/www.welovecycling.com\/hu\/orszaguti-kerekpar\/monica-beck-a-2024-es-tour-de-france-femmes-avec-zwift-utvonalarol\/#primaryimage\"},\"thumbnailUrl\":\"https:\/\/d2p6e6u75xmxt8.cloudfront.net\/12\/2023\/11\/Marlen-Reusser-Tour-de-France-Femmes-2024-Route-profimedia-0816607263-CVR.webp\",\"datePublished\":\"2023-11-08T06:00:18+00:00\",\"author\":{\"@id\":\"https:\/\/www.welovecycling.com\/hu\/#\/schema\/person\/414a2aebf1801691a5320edb6468e194\"},\"description\":\"A 2024-es Tour de France Femmes avec Zwift rengeteg izgalommal t\u00e9r vissza, ezt a nemr\u00e9g bemutatott \u00fatvonal is el\u0151revet\u00edti. A harmadik modern kori n\u0151i Tour de France s\u00edk, dombos \u00e9s hegyi szakaszokat, valamint izgalmas egy\u00e9ni id\u0151futamot hoz augusztus 12 \u00e9s 18 k\u00f6z\u00f6tt, \u00f6sszesen 946,3 km-en \u00e1t.\",\"breadcrumb\":{\"@id\":\"https:\/\/www.welovecycling.com\/hu\/orszaguti-kerekpar\/monica-beck-a-2024-es-tour-de-france-femmes-avec-zwift-utvonalarol\/#breadcrumb\"},\"inLanguage\":\"hu\",\"potentialAction\":[{\"@type\":\"ReadAction\",\"target\":[\"https:\/\/www.welovecycling.com\/hu\/orszaguti-kerekpar\/monica-beck-a-2024-es-tour-de-france-femmes-avec-zwift-utvonalarol\/\"]}]},{\"@type\":\"ImageObject\",\"inLanguage\":\"hu\",\"@id\":\"https:\/\/www.welovecycling.com\/hu\/orszaguti-kerekpar\/monica-beck-a-2024-es-tour-de-france-femmes-avec-zwift-utvonalarol\/#primaryimage\",\"url\":\"https:\/\/d2p6e6u75xmxt8.cloudfront.net\/12\/2023\/11\/Marlen-Reusser-Tour-de-France-Femmes-2024-Route-profimedia-0816607263-CVR.webp\",\"contentUrl\":\"https:\/\/d2p6e6u75xmxt8.cloudfront.net\/12\/2023\/11\/Marlen-Reusser-Tour-de-France-Femmes-2024-Route-profimedia-0816607263-CVR.webp\",\"width\":990,\"height\":660,\"caption\":\"Marlen Reusser\"},{\"@type\":\"BreadcrumbList\",\"@id\":\"https:\/\/www.welovecycling.com\/hu\/orszaguti-kerekpar\/monica-beck-a-2024-es-tour-de-france-femmes-avec-zwift-utvonalarol\/#breadcrumb\",\"itemListElement\":[{\"@type\":\"ListItem\",\"position\":1,\"name\":\"Home\",\"item\":\"https:\/\/www.welovecycling.com\/hu\/\"},{\"@type\":\"ListItem\",\"position\":2,\"name\":\"Monica Beck a 2024-es Tour de France Femmes avec Zwift \u00fatvonal\u00e1r\u00f3l\"}]},{\"@type\":\"WebSite\",\"@id\":\"https:\/\/www.welovecycling.com\/hu\/#website\",\"url\":\"https:\/\/www.welovecycling.com\/hu\/\",\"name\":\"\u0160koda We Love Cycling - Magyarorsz\u00e1g\",\"description\":\"\u0160koda WeLoveCycling\",\"potentialAction\":[{\"@type\":\"SearchAction\",\"target\":{\"@type\":\"EntryPoint\",\"urlTemplate\":\"https:\/\/www.welovecycling.com\/hu\/?s={search_term_string}\"},\"query-input\":{\"@type\":\"PropertyValueSpecification\",\"valueRequired\":true,\"valueName\":\"search_term_string\"}}],\"inLanguage\":\"hu\"},{\"@type\":\"Person\",\"@id\":\"https:\/\/www.welovecycling.com\/hu\/#\/schema\/person\/414a2aebf1801691a5320edb6468e194\",\"name\":\"hegyizs\",\"image\":{\"@type\":\"ImageObject\",\"inLanguage\":\"hu\",\"@id\":\"https:\/\/www.welovecycling.com\/hu\/#\/schema\/person\/image\/\",\"url\":\"https:\/\/secure.gravatar.com\/avatar\/02cf8a7906b8cf90cecb4679defac7cfd33a1c2e3b88e4903d947f3bb58eedd3?s=96&d=mm&r=g\",\"contentUrl\":\"https:\/\/secure.gravatar.com\/avatar\/02cf8a7906b8cf90cecb4679defac7cfd33a1c2e3b88e4903d947f3bb58eedd3?s=96&d=mm&r=g\",\"caption\":\"hegyizs\"},\"url\":\"https:\/\/www.welovecycling.com\/hu\/author\/hegyizs\/\"}]}<\/script>\n<!-- \/ Yoast SEO Premium plugin. -->","yoast_head_json":{"title":"Monica Beck a 2024-es Tour de France Femmes avec Zwift \u00fatvonal\u00e1r\u00f3l","description":"A 2024-es Tour de France Femmes avec Zwift rengeteg izgalommal t\u00e9r vissza, ezt a nemr\u00e9g bemutatott \u00fatvonal is el\u0151revet\u00edti. A harmadik modern kori n\u0151i Tour de France s\u00edk, dombos \u00e9s hegyi szakaszokat, valamint izgalmas egy\u00e9ni id\u0151futamot hoz augusztus 12 \u00e9s 18 k\u00f6z\u00f6tt, \u00f6sszesen 946,3 km-en \u00e1t.","robots":{"index":"index","follow":"follow","max-snippet":"max-snippet:-1","max-image-preview":"max-image-preview:large","max-video-preview":"max-video-preview:-1"},"canonical":"https:\/\/www.welovecycling.com\/hu\/orszaguti-kerekpar\/monica-beck-a-2024-es-tour-de-france-femmes-avec-zwift-utvonalarol\/","og_locale":"hu_HU","og_type":"article","og_title":"Monica Beck a 2024-es Tour de France Femmes avec Zwift \u00fatvonal\u00e1r\u00f3l","og_description":"A 2024-es Tour de France Femmes avec Zwift rengeteg izgalommal t\u00e9r vissza, ezt a nemr\u00e9g bemutatott \u00fatvonal is el\u0151revet\u00edti. A harmadik modern kori n\u0151i Tour de France s\u00edk, dombos \u00e9s hegyi szakaszokat, valamint izgalmas egy\u00e9ni id\u0151futamot hoz augusztus 12 \u00e9s 18 k\u00f6z\u00f6tt, \u00f6sszesen 946,3 km-en \u00e1t.","og_url":"https:\/\/www.welovecycling.com\/hu\/orszaguti-kerekpar\/monica-beck-a-2024-es-tour-de-france-femmes-avec-zwift-utvonalarol\/","og_site_name":"\u0160koda We Love Cycling - Magyarorsz\u00e1g","article_publisher":"https:\/\/www.facebook.com\/WeLoveCyclingHungary\/","article_published_time":"2023-11-08T06:00:18+00:00","og_image":[{"width":990,"height":660,"url":"https:\/\/d2p6e6u75xmxt8.cloudfront.net\/12\/2023\/11\/Marlen-Reusser-Tour-de-France-Femmes-2024-Route-profimedia-0816607263-CVR.webp","type":"image\/webp"}],"author":"hegyizs","twitter_card":"summary_large_image","twitter_misc":{"Written by":"Monica Buck","Est. reading time":"3"},"schema":{"@context":"https:\/\/schema.org","@graph":[{"@type":"WebPage","@id":"https:\/\/www.welovecycling.com\/hu\/orszaguti-kerekpar\/monica-beck-a-2024-es-tour-de-france-femmes-avec-zwift-utvonalarol\/","url":"https:\/\/www.welovecycling.com\/hu\/orszaguti-kerekpar\/monica-beck-a-2024-es-tour-de-france-femmes-avec-zwift-utvonalarol\/","name":"Monica Beck a 2024-es Tour de France Femmes avec Zwift \u00fatvonal\u00e1r\u00f3l","isPartOf":{"@id":"https:\/\/www.welovecycling.com\/hu\/#website"},"primaryImageOfPage":{"@id":"https:\/\/www.welovecycling.com\/hu\/orszaguti-kerekpar\/monica-beck-a-2024-es-tour-de-france-femmes-avec-zwift-utvonalarol\/#primaryimage"},"image":{"@id":"https:\/\/www.welovecycling.com\/hu\/orszaguti-kerekpar\/monica-beck-a-2024-es-tour-de-france-femmes-avec-zwift-utvonalarol\/#primaryimage"},"thumbnailUrl":"https:\/\/d2p6e6u75xmxt8.cloudfront.net\/12\/2023\/11\/Marlen-Reusser-Tour-de-France-Femmes-2024-Route-profimedia-0816607263-CVR.webp","datePublished":"2023-11-08T06:00:18+00:00","author":{"@id":"https:\/\/www.welovecycling.com\/hu\/#\/schema\/person\/414a2aebf1801691a5320edb6468e194"},"description":"A 2024-es Tour de France Femmes avec Zwift rengeteg izgalommal t\u00e9r vissza, ezt a nemr\u00e9g bemutatott \u00fatvonal is el\u0151revet\u00edti. A harmadik modern kori n\u0151i Tour de France s\u00edk, dombos \u00e9s hegyi szakaszokat, valamint izgalmas egy\u00e9ni id\u0151futamot hoz augusztus 12 \u00e9s 18 k\u00f6z\u00f6tt, \u00f6sszesen 946,3 km-en \u00e1t.","breadcrumb":{"@id":"https:\/\/www.welovecycling.com\/hu\/orszaguti-kerekpar\/monica-beck-a-2024-es-tour-de-france-femmes-avec-zwift-utvonalarol\/#breadcrumb"},"inLanguage":"hu","potentialAction":[{"@type":"ReadAction","target":["https:\/\/www.welovecycling.com\/hu\/orszaguti-kerekpar\/monica-beck-a-2024-es-tour-de-france-femmes-avec-zwift-utvonalarol\/"]}]},{"@type":"ImageObject","inLanguage":"hu","@id":"https:\/\/www.welovecycling.com\/hu\/orszaguti-kerekpar\/monica-beck-a-2024-es-tour-de-france-femmes-avec-zwift-utvonalarol\/#primaryimage","url":"https:\/\/d2p6e6u75xmxt8.cloudfront.net\/12\/2023\/11\/Marlen-Reusser-Tour-de-France-Femmes-2024-Route-profimedia-0816607263-CVR.webp","contentUrl":"https:\/\/d2p6e6u75xmxt8.cloudfront.net\/12\/2023\/11\/Marlen-Reusser-Tour-de-France-Femmes-2024-Route-profimedia-0816607263-CVR.webp","width":990,"height":660,"caption":"Marlen Reusser"},{"@type":"BreadcrumbList","@id":"https:\/\/www.welovecycling.com\/hu\/orszaguti-kerekpar\/monica-beck-a-2024-es-tour-de-france-femmes-avec-zwift-utvonalarol\/#breadcrumb","itemListElement":[{"@type":"ListItem","position":1,"name":"Home","item":"https:\/\/www.welovecycling.com\/hu\/"},{"@type":"ListItem","position":2,"name":"Monica Beck a 2024-es Tour de France Femmes avec Zwift \u00fatvonal\u00e1r\u00f3l"}]},{"@type":"WebSite","@id":"https:\/\/www.welovecycling.com\/hu\/#website","url":"https:\/\/www.welovecycling.com\/hu\/","name":"\u0160koda We Love Cycling - Magyarorsz\u00e1g","description":"\u0160koda WeLoveCycling","potentialAction":[{"@type":"SearchAction","target":{"@type":"EntryPoint","urlTemplate":"https:\/\/www.welovecycling.com\/hu\/?s={search_term_string}"},"query-input":{"@type":"PropertyValueSpecification","valueRequired":true,"valueName":"search_term_string"}}],"inLanguage":"hu"},{"@type":"Person","@id":"https:\/\/www.welovecycling.com\/hu\/#\/schema\/person\/414a2aebf1801691a5320edb6468e194","name":"hegyizs","image":{"@type":"ImageObject","inLanguage":"hu","@id":"https:\/\/www.welovecycling.com\/hu\/#\/schema\/person\/image\/","url":"https:\/\/secure.gravatar.com\/avatar\/02cf8a7906b8cf90cecb4679defac7cfd33a1c2e3b88e4903d947f3bb58eedd3?s=96&d=mm&r=g","contentUrl":"https:\/\/secure.gravatar.com\/avatar\/02cf8a7906b8cf90cecb4679defac7cfd33a1c2e3b88e4903d947f3bb58eedd3?s=96&d=mm&r=g","caption":"hegyizs"},"url":"https:\/\/www.welovecycling.com\/hu\/author\/hegyizs\/"}]}},"_links":{"self":[{"href":"https:\/\/www.welovecycling.com\/hu\/wp-json\/wp\/v2\/posts\/18092","targetHints":{"allow":["GET"]}}],"collection":[{"href":"https:\/\/www.welovecycling.com\/hu\/wp-json\/wp\/v2\/posts"}],"about":[{"href":"https:\/\/www.welovecycling.com\/hu\/wp-json\/wp\/v2\/types\/post"}],"author":[{"embeddable":true,"href":"https:\/\/www.welovecycling.com\/hu\/wp-json\/wp\/v2\/users\/71"}],"replies":[{"embeddable":true,"href":"https:\/\/www.welovecycling.com\/hu\/wp-json\/wp\/v2\/comments?post=18092"}],"version-history":[{"count":3,"href":"https:\/\/www.welovecycling.com\/hu\/wp-json\/wp\/v2\/posts\/18092\/revisions"}],"predecessor-version":[{"id":18096,"href":"https:\/\/www.welovecycling.com\/hu\/wp-json\/wp\/v2\/posts\/18092\/revisions\/18096"}],"wp:featuredmedia":[{"embeddable":true,"href":"https:\/\/www.welovecycling.com\/hu\/wp-json\/wp\/v2\/media\/18093"}],"wp:attachment":[{"href":"https:\/\/www.welovecycling.com\/hu\/wp-json\/wp\/v2\/media?parent=18092"}],"wp:term":[{"taxonomy":"category","embeddable":true,"href":"https:\/\/www.welovecycling.com\/hu\/wp-json\/wp\/v2\/categories?post=18092"},{"taxonomy":"post_tag","embeddable":true,"href":"https:\/\/www.welovecycling.com\/hu\/wp-json\/wp\/v2\/tags?post=18092"},{"taxonomy":"global-categories","embeddable":true,"href":"https:\/\/www.welovecycling.com\/hu\/wp-json\/wp\/v2\/global-categories?post=18092"}],"curies":[{"name":"wp","href":"https:\/\/api.w.org\/{rel}","templated":true}]}}