{"id":1809,"date":"2018-09-20T15:18:02","date_gmt":"2018-09-20T15:18:02","guid":{"rendered":"https:\/\/www.welovecycling.com\/hu\/?p=1809"},"modified":"2018-09-20T15:18:02","modified_gmt":"2018-09-20T15:18:02","slug":"10-dolog-amit-nem-tudtal-a-kerekparokrol","status":"publish","type":"post","link":"https:\/\/www.welovecycling.com\/hu\/kozosseg-es-kultura\/10-dolog-amit-nem-tudtal-a-kerekparokrol\/","title":{"rendered":"10 dolog, amit nem tudt\u00e1l a ker\u00e9kp\u00e1rokr\u00f3l"},"content":{"rendered":"<p><strong>H\u00e1ny bringa van \u00f6sszesen a vil\u00e1gon? Mi az a velocip\u00e9d? Mekkora volt a vil\u00e1g leghosszabb tandem ker\u00e9kp\u00e1rja? Random t\u00e9nyek bring\u00e1kr\u00f3l \u00e9s bring\u00e1z\u00e1sr\u00f3l, amiket nem biztos, hogy tudt\u00e1l, pedig k\u00e1r lenne lemaradni r\u00f3la.<\/strong><\/p>\n<p>1. Nagy Britanni\u00e1ban az eg\u00e9sz orsz\u00e1g \u00f6sszes\u00edtett utaz\u00e1s\u00e1nak 5%-\u00e1t bring\u00e1kkal teszik meg. Az Egyes\u00fclt \u00c1llamokban ez a sz\u00e1m kevesebb, mint 1%, Hollandi\u00e1ban viszont nemsok\u00e1ra el\u00e9ri a 30%-ot.<\/p>\n<p><img loading=\"lazy\" decoding=\"async\" class=\"alignnone size-extra-large\" src=\"https:\/\/i.giphy.com\/media\/xT0BKmAwXs7yzwWcJq\/giphy.webp\" width=\"480\" height=\"320\" \/><\/p>\n<p>2. A ker\u00e9kp\u00e1r kifejez\u00e9s csak t\u00f6bb \u00e9vvel annak feltal\u00e1l\u00e1sa ut\u00e1n kapta meg az az\u00f3ta is haszn\u00e1latos nevet, azel\u0151tt a modelleket velocip\u00e9deknek h\u00edvt\u00e1k. A velocip\u00e9d \u00e9s a ker\u00e9kp\u00e1r nem is teljesen ugyanaz, a k\u00fcl\u00f6nbs\u00e9g a meghajt\u00e1sukban rejlik, a velocip\u00e9dek eset\u00e9ben ugyanis k\u00f6zvetlen\u00fcl az els\u0151 kereket hajtjuk meg.Itt is van egy bel\u0151l\u00fck!<\/p>\n<p><a href=\"https:\/\/d2p6e6u75xmxt8.cloudfront.net\/12\/2018\/09\/Velocip\u00e9d_l\u00e1nchajt\u00e1ssal.jpg\"><img loading=\"lazy\" decoding=\"async\" class=\"alignnone size-full wp-image-1810\" src=\"https:\/\/d2p6e6u75xmxt8.cloudfront.net\/12\/2018\/09\/Velocip\u00e9d_l\u00e1nchajt\u00e1ssal.jpg\" alt=\"Velocip\u00e9d\" width=\"800\" height=\"600\" srcset=\"https:\/\/d2p6e6u75xmxt8.cloudfront.net\/12\/2018\/09\/Velocip\u00e9d_l\u00e1nchajt\u00e1ssal.jpg 800w, https:\/\/d2p6e6u75xmxt8.cloudfront.net\/12\/2018\/09\/Velocip\u00e9d_l\u00e1nchajt\u00e1ssal-300x225.jpg 300w, https:\/\/d2p6e6u75xmxt8.cloudfront.net\/12\/2018\/09\/Velocip\u00e9d_l\u00e1nchajt\u00e1ssal-768x576.jpg 768w\" sizes=\"auto, (max-width: 800px) 100vw, 800px\" \/><\/a><\/p>\n<p>3. Az els\u0151 BMX-eket (BicycleMotocross) a \u201970-es \u00e9vekben az\u00e9rt rakt\u00e1k \u00f6ssze, hogy a crossmotor versenyeknek legyen egy olcs\u00f3bb alternat\u00edv\u00e1ja. A BMX-et olyan fiatalok \u0171zt\u00e9k el\u0151sz\u00f6r, akik anyagilag nem engedhett\u00e9k meg maguknak a crossmotoroz\u00e1st. Az \u00e9vek sor\u00e1n annyira n\u00e9pszer\u0171v\u00e9 \u00e9s k\u00fcl\u00f6n\u00e1ll\u00f3 szak\u00e1gg\u00e1 alakult \u00e1t, hogy a 2008-as pekingi olimpi\u00e1n m\u00e1r \u00faj sport\u00e1gk\u00e9nt deb\u00fct\u00e1lt.<\/p>\n<p><a href=\"https:\/\/d2p6e6u75xmxt8.cloudfront.net\/12\/2018\/09\/bmx.jpg\"><img loading=\"lazy\" decoding=\"async\" class=\"alignnone size-full wp-image-1817\" src=\"https:\/\/d2p6e6u75xmxt8.cloudfront.net\/12\/2018\/09\/bmx.jpg\" alt=\"bmx\" width=\"1500\" height=\"1000\" srcset=\"https:\/\/d2p6e6u75xmxt8.cloudfront.net\/12\/2018\/09\/bmx.jpg 1500w, https:\/\/d2p6e6u75xmxt8.cloudfront.net\/12\/2018\/09\/bmx-300x200.jpg 300w, https:\/\/d2p6e6u75xmxt8.cloudfront.net\/12\/2018\/09\/bmx-768x512.jpg 768w, https:\/\/d2p6e6u75xmxt8.cloudfront.net\/12\/2018\/09\/bmx-1024x683.jpg 1024w, https:\/\/d2p6e6u75xmxt8.cloudfront.net\/12\/2018\/09\/bmx-272x182.jpg 272w\" sizes=\"auto, (max-width: 1500px) 100vw, 1500px\" \/><\/a><\/p>\n<p>4. Jelenleg az eg\u00e9sz vil\u00e1gon \u00f6sszesen k\u00f6r\u00fclbel\u00fcl 1 billi\u00f3 biciklit haszn\u00e1lnak az emberek. Ez az\u00e9rt nem semmi, igaz?<\/p>\n<p><img loading=\"lazy\" decoding=\"async\" class=\"alignnone size-extra-large\" src=\"https:\/\/i.giphy.com\/media\/3o7aTL8emsvhlAXg0U\/giphy.webp\" width=\"480\" height=\"358\" \/><br \/>\n5. 2011-ben az ausztriai versenybring\u00e1s, Markus St\u00f6ckl ker\u00e9kp\u00e1rj\u00e1val sz\u00e1raz talajon 167.6km\/h-s sebess\u00e9get vett fel. A gyorsas\u00e1gf\u00fcgg\u0151 DH-s Chil\u00e9ben, az Atacama sivatag egyik vulkanikus hegyoldal\u00e1r\u00f3l sz\u00e1guldott le, ezt a rekordot m\u00e9g senki nem tudta megd\u00f6nteni.<\/p>\n<p><iframe loading=\"lazy\" src=\"https:\/\/www.youtube-nocookie.com\/embed\/RFwrGa6IswY\" width=\"560\" height=\"315\" frameborder=\"0\" allowfullscreen=\"allowfullscreen\"><\/iframe><\/p>\n<p>6. Koppenh\u00e1g\u00e1ban a dolgoz\u00f3k 36%-a minden nap bring\u00e1val jut el a munkahely\u00e9re, ezzel ellent\u00e9tben csak a lak\u00f3k 27%-a v\u00e1lasztja az aut\u00f3t. A v\u00e1rosban egy\u00e9bk\u00e9nt b\u00e1rki ingyenesen k\u00f6lcs\u00f6n\u00f6zhet mag\u00e1nak ker\u00e9kp\u00e1rt, \u00edgy szinte senkinek nincs saj\u00e1t j\u00e1rg\u00e1nya.<\/p>\n<p><a href=\"https:\/\/d2p6e6u75xmxt8.cloudfront.net\/12\/2018\/09\/koppenhaga.jpg\"><img loading=\"lazy\" decoding=\"async\" class=\"alignnone size-full wp-image-1829\" src=\"https:\/\/d2p6e6u75xmxt8.cloudfront.net\/12\/2018\/09\/koppenhaga.jpg\" alt=\"koppenh\u00e1ga\" width=\"1024\" height=\"768\" srcset=\"https:\/\/d2p6e6u75xmxt8.cloudfront.net\/12\/2018\/09\/koppenhaga.jpg 1024w, https:\/\/d2p6e6u75xmxt8.cloudfront.net\/12\/2018\/09\/koppenhaga-300x225.jpg 300w, https:\/\/d2p6e6u75xmxt8.cloudfront.net\/12\/2018\/09\/koppenhaga-768x576.jpg 768w\" sizes=\"auto, (max-width: 1024px) 100vw, 1024px\" \/><\/a><\/p>\n<p>7. Az els\u0151 \u00f6sszerakott bringa szinte minden alkot\u00f3eleme f\u00e1b\u00f3l k\u00e9sz\u00fclt \u00e9s t\u00f6bb ezer darabot k\u00e9sz\u00edtettek m\u00e9g bel\u0151le. A f\u00e1b\u00f3l k\u00e9sz\u00fclt bicikliket rengetegen haszn\u00e1lt\u00e1k, a n\u00e9pszer\u0171s\u00e9g\u00fck viszont gyorsan hanyatlani kezdett, amikor egyre t\u00f6bb baleset k\u00f6vetkezett be, \u00e9s a rend\u0151rs\u00e9g is betiltotta a haszn\u00e1latukat. Gondolhatj\u00e1tok, mekkora k\u00e1oszt okozott a nem megfelel\u0151 anyagb\u00f3l k\u00e9sz\u00fclt v\u00e1z\u2026<\/p>\n<p><a href=\"https:\/\/d2p6e6u75xmxt8.cloudfront.net\/12\/2018\/09\/fabringa.jpeg\"><img loading=\"lazy\" decoding=\"async\" class=\"alignnone size-full wp-image-1831\" src=\"https:\/\/d2p6e6u75xmxt8.cloudfront.net\/12\/2018\/09\/fabringa.jpeg\" alt=\"fav\u00e1z\u00fa bicikli\" width=\"938\" height=\"704\" srcset=\"https:\/\/d2p6e6u75xmxt8.cloudfront.net\/12\/2018\/09\/fabringa.jpeg 938w, https:\/\/d2p6e6u75xmxt8.cloudfront.net\/12\/2018\/09\/fabringa-300x225.jpeg 300w, https:\/\/d2p6e6u75xmxt8.cloudfront.net\/12\/2018\/09\/fabringa-768x576.jpeg 768w\" sizes=\"auto, (max-width: 938px) 100vw, 938px\" \/><\/a><\/p>\n<p>8. B\u00e1r legt\u00f6bbsz\u00f6r csak a k\u00e9t- vagy h\u00e1rom\u00fcl\u00e9ses v\u00e1ltozattal szoktunk tal\u00e1lkozni, a vil\u00e1g leghosszabb tandemker\u00e9kp\u00e1rja enn\u00e9l sokkal t\u00f6bbet tud. \u00d6sszesen 35 k\u00fcl\u00f6n \u00fcl\u00e9ssel rendelkezik, \u00e9s 67 l\u00e1b hossz\u00fa. M\u00e9g elk\u00e9pzelni is neh\u00e9z!<\/p>\n<div class=\"embed-controller-wrapper\">\n<div class=\"tumblr-post\" data-href=\"https:\/\/embed.tumblr.com\/embed\/post\/t:8j5FLHdrwkHU0P1U3GhNkg\/87537285073\/v2\" data-did=\"da39a3ee5e6b4b0d3255bfef95601890afd80709\"  ><a href=\"https:\/\/www.tumblr.com\/scorpiondagger\/87537285073\">https:\/\/www.tumblr.com\/scorpiondagger\/87537285073<\/a><\/div>\n<p><script async data-src=\"https:\/\/assets.tumblr.com\/post.js?_v=38df9a6ca7436e6ca1b851b0543b9f51\"><\/script><\/div>\n<p>9. A vil\u00e1g legnagyobb bring\u00e1j\u00e1nak t\u00f6bb mint 3 m\u00e9teres a ker\u00e9k\u00e1tm\u00e9r\u0151je. A gigamonstrumot a n\u00e9met Didi Senft \u00e1lmodta meg mag\u00e1nak. Ez az \u00e1lom pedig term\u00e9szetesen Guinness rekordot is \u00e9rt.<\/p>\n<p><a href=\"https:\/\/d2p6e6u75xmxt8.cloudfront.net\/12\/2018\/09\/guinness-world-records_2014_pixanews-6_0.jpg\"><img loading=\"lazy\" decoding=\"async\" class=\"alignnone size-full wp-image-1833\" src=\"https:\/\/d2p6e6u75xmxt8.cloudfront.net\/12\/2018\/09\/guinness-world-records_2014_pixanews-6_0.jpg\" alt=\"velocip\u00e9d\" width=\"938\" height=\"625\" srcset=\"https:\/\/d2p6e6u75xmxt8.cloudfront.net\/12\/2018\/09\/guinness-world-records_2014_pixanews-6_0.jpg 938w, https:\/\/d2p6e6u75xmxt8.cloudfront.net\/12\/2018\/09\/guinness-world-records_2014_pixanews-6_0-300x200.jpg 300w, https:\/\/d2p6e6u75xmxt8.cloudfront.net\/12\/2018\/09\/guinness-world-records_2014_pixanews-6_0-768x512.jpg 768w, https:\/\/d2p6e6u75xmxt8.cloudfront.net\/12\/2018\/09\/guinness-world-records_2014_pixanews-6_0-272x182.jpg 272w\" sizes=\"auto, (max-width: 938px) 100vw, 938px\" \/><\/a><\/p>\n<p>10. A teker\u00e9s \u00e1tlagosan h\u00e1romszor gyorsabb a gyalogl\u00e1sn\u00e1l, de ugyanannyi energi\u00e1t \u00e9getsz el vele. Ugye ezek ut\u00e1n m\u00e1r nem is k\u00e9rd\u00e9s, hogy melyiket fogod v\u00e1lasztani?<\/p>\n","protected":false},"excerpt":{"rendered":"<p>H\u00e1ny bringa van \u00f6sszesen a vil\u00e1gon? Mi az a velocip\u00e9d? Mekkora volt a vil\u00e1g leghosszabb tandem ker\u00e9kp\u00e1rja? Random t\u00e9nyek bring\u00e1kr\u00f3l [&hellip;]<\/p>\n","protected":false},"author":71,"featured_media":1833,"comment_status":"open","ping_status":"open","sticky":false,"template":"","format":"standard","meta":{"footnotes":""},"categories":[12],"tags":[184,187,16,186,166,185,183],"global-categories":[],"class_list":["post-1809","post","type-post","status-publish","format-standard","has-post-thumbnail","hentry","category-kozosseg-es-kultura","tag-10-dolog","tag-bringa-tippek","tag-kerekpar","tag-kerekpar-tippek","tag-tandem-kerekpar","tag-tenyek","tag-velociped"],"yoast_head":"<!-- This site is optimized with the Yoast SEO Premium plugin v25.3 (Yoast SEO v25.9) - https:\/\/yoast.com\/wordpress\/plugins\/seo\/ -->\n<title>10 dolog, amit nem tudt\u00e1l a ker\u00e9kp\u00e1rokr\u00f3l - \u0160koda We Love Cycling - Magyarorsz\u00e1g<\/title>\n<meta name=\"description\" content=\"Mi az a velocip\u00e9d? Mekkora volt a vil\u00e1g leghosszabb tandem ker\u00e9kp\u00e1rja? T\u00e9nyek a bring\u00e1z\u00e1sr\u00f3l, amiket nem biztos, hogy tudt\u00e1l.\" \/>\n<meta name=\"robots\" content=\"index, follow, max-snippet:-1, max-image-preview:large, max-video-preview:-1\" \/>\n<link rel=\"canonical\" href=\"https:\/\/www.welovecycling.com\/hu\/kozosseg-es-kultura\/10-dolog-amit-nem-tudtal-a-kerekparokrol\/\" \/>\n<meta property=\"og:locale\" content=\"hu_HU\" \/>\n<meta property=\"og:type\" content=\"article\" \/>\n<meta property=\"og:title\" content=\"10 dolog, amit nem tudt\u00e1l a ker\u00e9kp\u00e1rokr\u00f3l\" \/>\n<meta property=\"og:description\" content=\"Mi az a velocip\u00e9d? Mekkora volt a vil\u00e1g leghosszabb tandem ker\u00e9kp\u00e1rja? T\u00e9nyek a bring\u00e1z\u00e1sr\u00f3l, amiket nem biztos, hogy tudt\u00e1l.\" \/>\n<meta property=\"og:url\" content=\"https:\/\/www.welovecycling.com\/hu\/kozosseg-es-kultura\/10-dolog-amit-nem-tudtal-a-kerekparokrol\/\" \/>\n<meta property=\"og:site_name\" content=\"\u0160koda We Love Cycling - Magyarorsz\u00e1g\" \/>\n<meta property=\"article:publisher\" content=\"https:\/\/www.facebook.com\/WeLoveCyclingHungary\/\" \/>\n<meta property=\"article:published_time\" content=\"2018-09-20T15:18:02+00:00\" \/>\n<meta property=\"og:image\" content=\"https:\/\/d2p6e6u75xmxt8.cloudfront.net\/12\/2018\/09\/guinness-world-records_2014_pixanews-6_0.jpg\" \/>\n\t<meta property=\"og:image:width\" content=\"938\" \/>\n\t<meta property=\"og:image:height\" content=\"625\" \/>\n\t<meta property=\"og:image:type\" content=\"image\/jpeg\" \/>\n<meta name=\"author\" content=\"hegyizs\" \/>\n<meta name=\"twitter:card\" content=\"summary_large_image\" \/>\n<meta name=\"twitter:label1\" content=\"Written by\" \/>\n\t<meta name=\"twitter:data1\" content=\"hegyizs\" \/>\n\t<meta name=\"twitter:label2\" content=\"Est. reading time\" \/>\n\t<meta name=\"twitter:data2\" content=\"3 minutes\" \/>\n<script type=\"application\/ld+json\" class=\"yoast-schema-graph\">{\"@context\":\"https:\/\/schema.org\",\"@graph\":[{\"@type\":\"WebPage\",\"@id\":\"https:\/\/www.welovecycling.com\/hu\/kozosseg-es-kultura\/10-dolog-amit-nem-tudtal-a-kerekparokrol\/\",\"url\":\"https:\/\/www.welovecycling.com\/hu\/kozosseg-es-kultura\/10-dolog-amit-nem-tudtal-a-kerekparokrol\/\",\"name\":\"10 dolog, amit nem tudt\u00e1l a ker\u00e9kp\u00e1rokr\u00f3l - \u0160koda We Love Cycling - Magyarorsz\u00e1g\",\"isPartOf\":{\"@id\":\"https:\/\/www.welovecycling.com\/hu\/#website\"},\"primaryImageOfPage\":{\"@id\":\"https:\/\/www.welovecycling.com\/hu\/kozosseg-es-kultura\/10-dolog-amit-nem-tudtal-a-kerekparokrol\/#primaryimage\"},\"image\":{\"@id\":\"https:\/\/www.welovecycling.com\/hu\/kozosseg-es-kultura\/10-dolog-amit-nem-tudtal-a-kerekparokrol\/#primaryimage\"},\"thumbnailUrl\":\"https:\/\/d2p6e6u75xmxt8.cloudfront.net\/12\/2018\/09\/guinness-world-records_2014_pixanews-6_0.jpg\",\"datePublished\":\"2018-09-20T15:18:02+00:00\",\"author\":{\"@id\":\"https:\/\/www.welovecycling.com\/hu\/#\/schema\/person\/414a2aebf1801691a5320edb6468e194\"},\"description\":\"Mi az a velocip\u00e9d? Mekkora volt a vil\u00e1g leghosszabb tandem ker\u00e9kp\u00e1rja? T\u00e9nyek a bring\u00e1z\u00e1sr\u00f3l, amiket nem biztos, hogy tudt\u00e1l.\",\"breadcrumb\":{\"@id\":\"https:\/\/www.welovecycling.com\/hu\/kozosseg-es-kultura\/10-dolog-amit-nem-tudtal-a-kerekparokrol\/#breadcrumb\"},\"inLanguage\":\"hu\",\"potentialAction\":[{\"@type\":\"ReadAction\",\"target\":[\"https:\/\/www.welovecycling.com\/hu\/kozosseg-es-kultura\/10-dolog-amit-nem-tudtal-a-kerekparokrol\/\"]}]},{\"@type\":\"ImageObject\",\"inLanguage\":\"hu\",\"@id\":\"https:\/\/www.welovecycling.com\/hu\/kozosseg-es-kultura\/10-dolog-amit-nem-tudtal-a-kerekparokrol\/#primaryimage\",\"url\":\"https:\/\/d2p6e6u75xmxt8.cloudfront.net\/12\/2018\/09\/guinness-world-records_2014_pixanews-6_0.jpg\",\"contentUrl\":\"https:\/\/d2p6e6u75xmxt8.cloudfront.net\/12\/2018\/09\/guinness-world-records_2014_pixanews-6_0.jpg\",\"width\":938,\"height\":625,\"caption\":\"velocip\u00e9d\"},{\"@type\":\"BreadcrumbList\",\"@id\":\"https:\/\/www.welovecycling.com\/hu\/kozosseg-es-kultura\/10-dolog-amit-nem-tudtal-a-kerekparokrol\/#breadcrumb\",\"itemListElement\":[{\"@type\":\"ListItem\",\"position\":1,\"name\":\"Home\",\"item\":\"https:\/\/www.welovecycling.com\/hu\/\"},{\"@type\":\"ListItem\",\"position\":2,\"name\":\"10 dolog, amit nem tudt\u00e1l a ker\u00e9kp\u00e1rokr\u00f3l\"}]},{\"@type\":\"WebSite\",\"@id\":\"https:\/\/www.welovecycling.com\/hu\/#website\",\"url\":\"https:\/\/www.welovecycling.com\/hu\/\",\"name\":\"\u0160koda We Love Cycling - Magyarorsz\u00e1g\",\"description\":\"\u0160koda WeLoveCycling\",\"potentialAction\":[{\"@type\":\"SearchAction\",\"target\":{\"@type\":\"EntryPoint\",\"urlTemplate\":\"https:\/\/www.welovecycling.com\/hu\/?s={search_term_string}\"},\"query-input\":{\"@type\":\"PropertyValueSpecification\",\"valueRequired\":true,\"valueName\":\"search_term_string\"}}],\"inLanguage\":\"hu\"},{\"@type\":\"Person\",\"@id\":\"https:\/\/www.welovecycling.com\/hu\/#\/schema\/person\/414a2aebf1801691a5320edb6468e194\",\"name\":\"hegyizs\",\"image\":{\"@type\":\"ImageObject\",\"inLanguage\":\"hu\",\"@id\":\"https:\/\/www.welovecycling.com\/hu\/#\/schema\/person\/image\/\",\"url\":\"https:\/\/secure.gravatar.com\/avatar\/02cf8a7906b8cf90cecb4679defac7cfd33a1c2e3b88e4903d947f3bb58eedd3?s=96&d=mm&r=g\",\"contentUrl\":\"https:\/\/secure.gravatar.com\/avatar\/02cf8a7906b8cf90cecb4679defac7cfd33a1c2e3b88e4903d947f3bb58eedd3?s=96&d=mm&r=g\",\"caption\":\"hegyizs\"},\"url\":\"https:\/\/www.welovecycling.com\/hu\/author\/hegyizs\/\"}]}<\/script>\n<!-- \/ Yoast SEO Premium plugin. -->","yoast_head_json":{"title":"10 dolog, amit nem tudt\u00e1l a ker\u00e9kp\u00e1rokr\u00f3l - \u0160koda We Love Cycling - Magyarorsz\u00e1g","description":"Mi az a velocip\u00e9d? Mekkora volt a vil\u00e1g leghosszabb tandem ker\u00e9kp\u00e1rja? T\u00e9nyek a bring\u00e1z\u00e1sr\u00f3l, amiket nem biztos, hogy tudt\u00e1l.","robots":{"index":"index","follow":"follow","max-snippet":"max-snippet:-1","max-image-preview":"max-image-preview:large","max-video-preview":"max-video-preview:-1"},"canonical":"https:\/\/www.welovecycling.com\/hu\/kozosseg-es-kultura\/10-dolog-amit-nem-tudtal-a-kerekparokrol\/","og_locale":"hu_HU","og_type":"article","og_title":"10 dolog, amit nem tudt\u00e1l a ker\u00e9kp\u00e1rokr\u00f3l","og_description":"Mi az a velocip\u00e9d? Mekkora volt a vil\u00e1g leghosszabb tandem ker\u00e9kp\u00e1rja? T\u00e9nyek a bring\u00e1z\u00e1sr\u00f3l, amiket nem biztos, hogy tudt\u00e1l.","og_url":"https:\/\/www.welovecycling.com\/hu\/kozosseg-es-kultura\/10-dolog-amit-nem-tudtal-a-kerekparokrol\/","og_site_name":"\u0160koda We Love Cycling - Magyarorsz\u00e1g","article_publisher":"https:\/\/www.facebook.com\/WeLoveCyclingHungary\/","article_published_time":"2018-09-20T15:18:02+00:00","og_image":[{"width":938,"height":625,"url":"https:\/\/d2p6e6u75xmxt8.cloudfront.net\/12\/2018\/09\/guinness-world-records_2014_pixanews-6_0.jpg","type":"image\/jpeg"}],"author":"hegyizs","twitter_card":"summary_large_image","twitter_misc":{"Written by":"hegyizs","Est. reading time":"3 minutes"},"schema":{"@context":"https:\/\/schema.org","@graph":[{"@type":"WebPage","@id":"https:\/\/www.welovecycling.com\/hu\/kozosseg-es-kultura\/10-dolog-amit-nem-tudtal-a-kerekparokrol\/","url":"https:\/\/www.welovecycling.com\/hu\/kozosseg-es-kultura\/10-dolog-amit-nem-tudtal-a-kerekparokrol\/","name":"10 dolog, amit nem tudt\u00e1l a ker\u00e9kp\u00e1rokr\u00f3l - \u0160koda We Love Cycling - Magyarorsz\u00e1g","isPartOf":{"@id":"https:\/\/www.welovecycling.com\/hu\/#website"},"primaryImageOfPage":{"@id":"https:\/\/www.welovecycling.com\/hu\/kozosseg-es-kultura\/10-dolog-amit-nem-tudtal-a-kerekparokrol\/#primaryimage"},"image":{"@id":"https:\/\/www.welovecycling.com\/hu\/kozosseg-es-kultura\/10-dolog-amit-nem-tudtal-a-kerekparokrol\/#primaryimage"},"thumbnailUrl":"https:\/\/d2p6e6u75xmxt8.cloudfront.net\/12\/2018\/09\/guinness-world-records_2014_pixanews-6_0.jpg","datePublished":"2018-09-20T15:18:02+00:00","author":{"@id":"https:\/\/www.welovecycling.com\/hu\/#\/schema\/person\/414a2aebf1801691a5320edb6468e194"},"description":"Mi az a velocip\u00e9d? Mekkora volt a vil\u00e1g leghosszabb tandem ker\u00e9kp\u00e1rja? T\u00e9nyek a bring\u00e1z\u00e1sr\u00f3l, amiket nem biztos, hogy tudt\u00e1l.","breadcrumb":{"@id":"https:\/\/www.welovecycling.com\/hu\/kozosseg-es-kultura\/10-dolog-amit-nem-tudtal-a-kerekparokrol\/#breadcrumb"},"inLanguage":"hu","potentialAction":[{"@type":"ReadAction","target":["https:\/\/www.welovecycling.com\/hu\/kozosseg-es-kultura\/10-dolog-amit-nem-tudtal-a-kerekparokrol\/"]}]},{"@type":"ImageObject","inLanguage":"hu","@id":"https:\/\/www.welovecycling.com\/hu\/kozosseg-es-kultura\/10-dolog-amit-nem-tudtal-a-kerekparokrol\/#primaryimage","url":"https:\/\/d2p6e6u75xmxt8.cloudfront.net\/12\/2018\/09\/guinness-world-records_2014_pixanews-6_0.jpg","contentUrl":"https:\/\/d2p6e6u75xmxt8.cloudfront.net\/12\/2018\/09\/guinness-world-records_2014_pixanews-6_0.jpg","width":938,"height":625,"caption":"velocip\u00e9d"},{"@type":"BreadcrumbList","@id":"https:\/\/www.welovecycling.com\/hu\/kozosseg-es-kultura\/10-dolog-amit-nem-tudtal-a-kerekparokrol\/#breadcrumb","itemListElement":[{"@type":"ListItem","position":1,"name":"Home","item":"https:\/\/www.welovecycling.com\/hu\/"},{"@type":"ListItem","position":2,"name":"10 dolog, amit nem tudt\u00e1l a ker\u00e9kp\u00e1rokr\u00f3l"}]},{"@type":"WebSite","@id":"https:\/\/www.welovecycling.com\/hu\/#website","url":"https:\/\/www.welovecycling.com\/hu\/","name":"\u0160koda We Love Cycling - Magyarorsz\u00e1g","description":"\u0160koda WeLoveCycling","potentialAction":[{"@type":"SearchAction","target":{"@type":"EntryPoint","urlTemplate":"https:\/\/www.welovecycling.com\/hu\/?s={search_term_string}"},"query-input":{"@type":"PropertyValueSpecification","valueRequired":true,"valueName":"search_term_string"}}],"inLanguage":"hu"},{"@type":"Person","@id":"https:\/\/www.welovecycling.com\/hu\/#\/schema\/person\/414a2aebf1801691a5320edb6468e194","name":"hegyizs","image":{"@type":"ImageObject","inLanguage":"hu","@id":"https:\/\/www.welovecycling.com\/hu\/#\/schema\/person\/image\/","url":"https:\/\/secure.gravatar.com\/avatar\/02cf8a7906b8cf90cecb4679defac7cfd33a1c2e3b88e4903d947f3bb58eedd3?s=96&d=mm&r=g","contentUrl":"https:\/\/secure.gravatar.com\/avatar\/02cf8a7906b8cf90cecb4679defac7cfd33a1c2e3b88e4903d947f3bb58eedd3?s=96&d=mm&r=g","caption":"hegyizs"},"url":"https:\/\/www.welovecycling.com\/hu\/author\/hegyizs\/"}]}},"_links":{"self":[{"href":"https:\/\/www.welovecycling.com\/hu\/wp-json\/wp\/v2\/posts\/1809","targetHints":{"allow":["GET"]}}],"collection":[{"href":"https:\/\/www.welovecycling.com\/hu\/wp-json\/wp\/v2\/posts"}],"about":[{"href":"https:\/\/www.welovecycling.com\/hu\/wp-json\/wp\/v2\/types\/post"}],"author":[{"embeddable":true,"href":"https:\/\/www.welovecycling.com\/hu\/wp-json\/wp\/v2\/users\/71"}],"replies":[{"embeddable":true,"href":"https:\/\/www.welovecycling.com\/hu\/wp-json\/wp\/v2\/comments?post=1809"}],"version-history":[{"count":2,"href":"https:\/\/www.welovecycling.com\/hu\/wp-json\/wp\/v2\/posts\/1809\/revisions"}],"predecessor-version":[{"id":1837,"href":"https:\/\/www.welovecycling.com\/hu\/wp-json\/wp\/v2\/posts\/1809\/revisions\/1837"}],"wp:featuredmedia":[{"embeddable":true,"href":"https:\/\/www.welovecycling.com\/hu\/wp-json\/wp\/v2\/media\/1833"}],"wp:attachment":[{"href":"https:\/\/www.welovecycling.com\/hu\/wp-json\/wp\/v2\/media?parent=1809"}],"wp:term":[{"taxonomy":"category","embeddable":true,"href":"https:\/\/www.welovecycling.com\/hu\/wp-json\/wp\/v2\/categories?post=1809"},{"taxonomy":"post_tag","embeddable":true,"href":"https:\/\/www.welovecycling.com\/hu\/wp-json\/wp\/v2\/tags?post=1809"},{"taxonomy":"global-categories","embeddable":true,"href":"https:\/\/www.welovecycling.com\/hu\/wp-json\/wp\/v2\/global-categories?post=1809"}],"curies":[{"name":"wp","href":"https:\/\/api.w.org\/{rel}","templated":true}]}}