{"id":18078,"date":"2023-11-03T12:49:46","date_gmt":"2023-11-03T10:49:46","guid":{"rendered":"https:\/\/www.welovecycling.com\/hu\/?p=18078"},"modified":"2023-11-03T12:49:46","modified_gmt":"2023-11-03T10:49:46","slug":"quintana-karrierjet-megmenti-a-movistar-pogacar-van-der-poel-szivarvanyos-mezere-palyazik","status":"publish","type":"post","link":"https:\/\/www.welovecycling.com\/hu\/orszaguti-kerekpar\/quintana-karrierjet-megmenti-a-movistar-pogacar-van-der-poel-szivarvanyos-mezere-palyazik\/","title":{"rendered":"Quintana karrierj\u00e9t megmenti a Movistar, Poga\u010dar van der Poel sziv\u00e1rv\u00e1nyos mez\u00e9re p\u00e1ly\u00e1zik"},"content":{"rendered":"<p><strong>Zajlik az \u00e9let az uborkaszezonban is.<\/strong><!--more--><\/p>\n<p>Hogy az orsz\u00e1g\u00fati versenyszezon lez\u00e1rult\u00e1val se unatkozzunk, arr\u00f3l ezen a h\u00e9ten a Movistar gondoskodott el\u0151z\u00e9kenyen, egy hatalmas meglepet\u00e9ssel: bejelentette Nairo Quintana teljesen v\u00e1ratlannak mondhat\u00f3 visszat\u00e9r\u00e9s\u00e9t.<\/p>\n<p>A sztori t\u00f6bb szempontb\u00f3l is meglep\u0151. Egyr\u00e9szt a kolumbiai klasszis \u00e9s a spanyol szt\u00e1rcsapat n\u00e9gy \u00e9vvel ezel\u0151tti v\u00e1l\u00e1sa kimondottan hangosra \u00e9s cs\u00fany\u00e1ra sikeredett, a kor\u00e1bban egy\u00fctt el\u00e9rt sz\u00e1mos nagy siker (t\u00f6bbek k\u00f6z\u00f6tt Giro- \u00e9s Vuelta-gy\u0151zelem, Tour p\u00f6tty\u00f6s \u00e9s feh\u00e9r trik\u00f3) dac\u00e1ra is; a Netflix akkori movistaros sorozat\u00e1nak k\u00f6sz\u00f6nhet\u0151en betekint\u00e9st kaphattunk a k\u00e9t f\u00e9l egyre jobban megroml\u00f3 viszony\u00e1ba. Ez m\u00e1r \u00f6nmag\u00e1ban elegend\u0151 oknak t\u0171nt ahhoz, hogy elvegye a j\u00f6v\u0151beli k\u00f6z\u00f6s munka es\u00e9ly\u00e9t, de ehhez m\u00e9g r\u00e1j\u00f6tt Quintana 2022-es tramadol-\u00fcgye is: a kolumbiait ut\u00f3lag kiz\u00e1rt\u00e1k a Tour de France-r\u00f3l a mint\u00e1iban tal\u00e1lt tiltott f\u00e1jdalomcsillap\u00edt\u00f3 haszn\u00e1lata miatt, majd az Ark\u00e9\u00e1t\u00f3l val\u00f3 t\u00e1voz\u00e1s\u00e1t k\u00f6vet\u0151en nem tal\u00e1lt mag\u00e1nak csapatot, gyakorlatilag a teljes idei \u00e9vet \u201eki\u00fclte\u201d. Ennek ellen\u00e9re sz\u00e1mos nagy WorldTour-ist\u00e1ll\u00f3val sz\u00f3bahozt\u00e1k az elm\u00falt hetekben-h\u00f3napokban, \u00edgy m\u00e9g val\u00f3sz\u00edn\u0171tlenebbnek t\u0171nt az \u00e9ppen a Movistarhoz val\u00f3 visszat\u00e9r\u00e9se. \u00c1m az \u00e9let v\u00e9g\u00fcl m\u00e9gis \u00edgy hozta: a felek, Eus\u00e9bio Unzu\u00e9 \u00e9s Quintana is bejelentett\u00e9k, hogy f\u00e9lretett\u00e9k a r\u00e9gi s\u00e9relmeket, mondv\u00e1n, sokkal jobban hi\u00e1nyoztak egym\u00e1snak ann\u00e1l, minthogy ilyen akad\u00e1lyok k\u00f6z\u00e9j\u00fck \u00e1lljanak, \u00fagyhogy ez tulajdonk\u00e9ppen egy ritk\u00e1n l\u00e1that\u00f3 \u00e9rzelmes visszat\u00e9r\u00e9s egy egykor gy\u00fcm\u00f6lcs\u00f6z\u0151 kapcsolathoz. Persze, ez nem azt jelenti, hogy az ist\u00e1ll\u00f3 ism\u00e9t Quintan\u00e1ra \u00e9p\u00edtene, \u00e9s ezt a j\u00f6v\u0151 \u00e9v elej\u00e9n a 34. \u00e9let\u00e9v\u00e9t bet\u00f6lt\u0151 klasszis is tudja: azonnal le is sz\u00f6gezte, tiszt\u00e1ban van vele, hogy a Movistarn\u00e1l jelenleg Enric Mas a kapit\u00e1ny, \u0151 ink\u00e1bb f\u0151 seg\u00edt\u0151k\u00e9nt \u00e9s az egynaposokon, kisebb szakaszversenyeken r\u00faghat majd labd\u00e1ba. De ahogy a dolgok \u00e1lltak tavaly ilyenkor, ez is nagyon nagy sz\u00f3.<\/p>\n<figure id=\"attachment_18084\" aria-describedby=\"caption-attachment-18084\" style=\"width: 1024px\" class=\"wp-caption alignnone\"><img loading=\"lazy\" decoding=\"async\" class=\"size-large wp-image-18084\" src=\"https:\/\/d2p6e6u75xmxt8.cloudfront.net\/12\/2023\/11\/quintana-unzue-1024x602.webp\" alt=\"\" width=\"1024\" height=\"602\" srcset=\"https:\/\/d2p6e6u75xmxt8.cloudfront.net\/12\/2023\/11\/quintana-unzue-1024x602.webp 1024w, https:\/\/d2p6e6u75xmxt8.cloudfront.net\/12\/2023\/11\/quintana-unzue-300x176.webp 300w, https:\/\/d2p6e6u75xmxt8.cloudfront.net\/12\/2023\/11\/quintana-unzue-768x451.webp 768w, https:\/\/d2p6e6u75xmxt8.cloudfront.net\/12\/2023\/11\/quintana-unzue-400x235.webp 400w, https:\/\/d2p6e6u75xmxt8.cloudfront.net\/12\/2023\/11\/quintana-unzue.webp 1280w\" sizes=\"auto, (max-width: 1024px) 100vw, 1024px\" \/><figcaption id=\"caption-attachment-18084\" class=\"wp-caption-text\">Ism\u00e9t mosolyog egym\u00e1s oldal\u00e1n Quintana \u00e9s Unzu\u00e9 (fot\u00f3: AFP)<\/figcaption><\/figure>\n<p>K\u00f6zben a mez\u0151ny k\u00e9t legnagyobb szt\u00e1rja, Mathieu van der Poel \u00e9s Tadej Poga\u010dar is hallatott mag\u00e1r\u00f3l. A holland \u201emindenes\u201d bejelentette, hogy december 22-vel kezd\u0151d\u0151en egy 15 versenyt mag\u00e1ba foglal\u00f3 t\u00e9li cyclocross-szezonnal k\u00e9sz\u00edti fel mag\u00e1t a k\u00f6vetkez\u0151 id\u00e9nyre, amelynek megkoron\u00e1z\u00e1sak\u00e9nt febru\u00e1r 4-\u00e9n, a csehorsz\u00e1gi T\u00e1borban megv\u00e9den\u00e9 cyclocross vil\u00e1gbajnoki c\u00edm\u00e9t. Poga\u010dar k\u00f6zben a belga HLN-nek adott szezonz\u00e1r\u00f3 nagyinterj\u00fat, amelyben el\u00e1rulta egyebek mellett, ha most lenne kisgyerek, neki val\u00f3sz\u00edn\u0171leg pont az eml\u00edtett van der Poel lenne a p\u00e9ldak\u00e9pe. Term\u00e9szetesen sz\u00f3t ejtett j\u00f6v\u0151 \u00e9vi terveir\u0151l is, egyik f\u0151 teljes\u00edtend\u0151 c\u00e9lk\u00e9nt \u00e9ppen a holland szuperszt\u00e1r id\u00e9n megszerzett vil\u00e1gbajnoki trik\u00f3j\u00e1t jel\u00f6lte meg. Hozz\u00e1tette, tudja azt is, hogy a napt\u00e1r legfontosabb versenye \u00e9vr\u0151l \u00e9vre vitathatatlanul a Tour de France, \u00e9s hogy a szponzorok, szurkol\u00f3k, csapatok szeme el\u0151tt is ez lebeg f\u0151k\u00e9nt, de mint mondta, \u0151 k\u00e9ptelen lenne arra, hogy minden \u00e9vben csup\u00e1n erre az egy versenyre f\u00f3kusz\u00e1ljon, mik\u00f6zben \u00e9rzi mag\u00e1ban az er\u0151t a szezoneleji \u00e9s a szezonv\u00e9gi versenyekre is \u2013 mint az az idei eredm\u00e9nyein is krist\u00e1lytiszt\u00e1n l\u00e1tszik.<\/p>\n<figure id=\"attachment_18082\" aria-describedby=\"caption-attachment-18082\" style=\"width: 1024px\" class=\"wp-caption alignnone\"><img loading=\"lazy\" decoding=\"async\" class=\"size-large wp-image-18082\" src=\"https:\/\/d2p6e6u75xmxt8.cloudfront.net\/12\/2023\/11\/mathieu-van-der-poel-et-tadej-pogacar-seront-particulierement-scrutes-dans-les-flandres-photo-sipa-daniel-cole-1648937044-1024x690.webp\" alt=\"\" width=\"1024\" height=\"690\" srcset=\"https:\/\/d2p6e6u75xmxt8.cloudfront.net\/12\/2023\/11\/mathieu-van-der-poel-et-tadej-pogacar-seront-particulierement-scrutes-dans-les-flandres-photo-sipa-daniel-cole-1648937044-1024x690.webp 1024w, https:\/\/d2p6e6u75xmxt8.cloudfront.net\/12\/2023\/11\/mathieu-van-der-poel-et-tadej-pogacar-seront-particulierement-scrutes-dans-les-flandres-photo-sipa-daniel-cole-1648937044-300x202.webp 300w, https:\/\/d2p6e6u75xmxt8.cloudfront.net\/12\/2023\/11\/mathieu-van-der-poel-et-tadej-pogacar-seront-particulierement-scrutes-dans-les-flandres-photo-sipa-daniel-cole-1648937044-768x518.webp 768w, https:\/\/d2p6e6u75xmxt8.cloudfront.net\/12\/2023\/11\/mathieu-van-der-poel-et-tadej-pogacar-seront-particulierement-scrutes-dans-les-flandres-photo-sipa-daniel-cole-1648937044-400x270.webp 400w, https:\/\/d2p6e6u75xmxt8.cloudfront.net\/12\/2023\/11\/mathieu-van-der-poel-et-tadej-pogacar-seront-particulierement-scrutes-dans-les-flandres-photo-sipa-daniel-cole-1648937044-272x182.webp 272w, https:\/\/d2p6e6u75xmxt8.cloudfront.net\/12\/2023\/11\/mathieu-van-der-poel-et-tadej-pogacar-seront-particulierement-scrutes-dans-les-flandres-photo-sipa-daniel-cole-1648937044.webp 1280w\" sizes=\"auto, (max-width: 1024px) 100vw, 1024px\" \/><figcaption id=\"caption-attachment-18082\" class=\"wp-caption-text\">A k\u00e9t szuperzseni, Mathieu van der Poel \u00e9s Tadej Poga\u010dar (fot\u00f3: SIPA\/Daniel Cole)<\/figcaption><\/figure>\n","protected":false},"excerpt":{"rendered":"<p>Zajlik az \u00e9let az uborkaszezonban is.<\/p>\n","protected":false},"author":71,"featured_media":18083,"comment_status":"open","ping_status":"open","sticky":false,"template":"","format":"standard","meta":{"footnotes":""},"categories":[8],"tags":[],"global-categories":[419],"class_list":["post-18078","post","type-post","status-publish","format-standard","has-post-thumbnail","hentry","category-orszaguti-kerekpar","global-categories-cycling"],"yoast_head":"<!-- This site is optimized with the Yoast SEO Premium plugin v25.3 (Yoast SEO v25.9) - https:\/\/yoast.com\/wordpress\/plugins\/seo\/ -->\n<title>Quintana karrierj\u00e9t megmenti a Movistar, Poga\u010dar van der Poel sziv\u00e1rv\u00e1nyos mez\u00e9re p\u00e1ly\u00e1zik<\/title>\n<meta name=\"description\" content=\"Zajlik az \u00e9let az uborkaszezonban is.\" \/>\n<meta name=\"robots\" content=\"index, follow, max-snippet:-1, max-image-preview:large, max-video-preview:-1\" \/>\n<link rel=\"canonical\" href=\"https:\/\/www.welovecycling.com\/hu\/orszaguti-kerekpar\/quintana-karrierjet-megmenti-a-movistar-pogacar-van-der-poel-szivarvanyos-mezere-palyazik\/\" \/>\n<meta property=\"og:locale\" content=\"hu_HU\" \/>\n<meta property=\"og:type\" content=\"article\" \/>\n<meta property=\"og:title\" content=\"Quintana karrierj\u00e9t megmenti a Movistar, Poga\u010dar van der Poel sziv\u00e1rv\u00e1nyos mez\u00e9re p\u00e1ly\u00e1zik\" \/>\n<meta property=\"og:description\" content=\"Zajlik az \u00e9let az uborkaszezonban is.\" \/>\n<meta property=\"og:url\" content=\"https:\/\/www.welovecycling.com\/hu\/orszaguti-kerekpar\/quintana-karrierjet-megmenti-a-movistar-pogacar-van-der-poel-szivarvanyos-mezere-palyazik\/\" \/>\n<meta property=\"og:site_name\" content=\"\u0160koda We Love Cycling - Magyarorsz\u00e1g\" \/>\n<meta property=\"article:publisher\" content=\"https:\/\/www.facebook.com\/WeLoveCyclingHungary\/\" \/>\n<meta property=\"article:published_time\" content=\"2023-11-03T10:49:46+00:00\" \/>\n<meta property=\"og:image\" content=\"https:\/\/d2p6e6u75xmxt8.cloudfront.net\/12\/2023\/11\/Nairo-Quintana-17.-szakasz.webp\" \/>\n\t<meta property=\"og:image:width\" content=\"1280\" \/>\n\t<meta property=\"og:image:height\" content=\"853\" \/>\n\t<meta property=\"og:image:type\" content=\"image\/webp\" \/>\n<meta name=\"author\" content=\"hegyizs\" \/>\n<meta name=\"twitter:card\" content=\"summary_large_image\" \/>\n<meta name=\"twitter:label1\" content=\"Written by\" \/>\n\t<meta name=\"twitter:data1\" content=\"WLC\" \/>\n\t<meta name=\"twitter:label2\" content=\"Est. reading time\" \/>\n\t<meta name=\"twitter:data2\" content=\"3 minutes\" \/>\n<script type=\"application\/ld+json\" class=\"yoast-schema-graph\">{\"@context\":\"https:\/\/schema.org\",\"@graph\":[{\"@type\":\"WebPage\",\"@id\":\"https:\/\/www.welovecycling.com\/hu\/orszaguti-kerekpar\/quintana-karrierjet-megmenti-a-movistar-pogacar-van-der-poel-szivarvanyos-mezere-palyazik\/\",\"url\":\"https:\/\/www.welovecycling.com\/hu\/orszaguti-kerekpar\/quintana-karrierjet-megmenti-a-movistar-pogacar-van-der-poel-szivarvanyos-mezere-palyazik\/\",\"name\":\"Quintana karrierj\u00e9t megmenti a Movistar, Poga\u010dar van der Poel sziv\u00e1rv\u00e1nyos mez\u00e9re p\u00e1ly\u00e1zik\",\"isPartOf\":{\"@id\":\"https:\/\/www.welovecycling.com\/hu\/#website\"},\"primaryImageOfPage\":{\"@id\":\"https:\/\/www.welovecycling.com\/hu\/orszaguti-kerekpar\/quintana-karrierjet-megmenti-a-movistar-pogacar-van-der-poel-szivarvanyos-mezere-palyazik\/#primaryimage\"},\"image\":{\"@id\":\"https:\/\/www.welovecycling.com\/hu\/orszaguti-kerekpar\/quintana-karrierjet-megmenti-a-movistar-pogacar-van-der-poel-szivarvanyos-mezere-palyazik\/#primaryimage\"},\"thumbnailUrl\":\"https:\/\/d2p6e6u75xmxt8.cloudfront.net\/12\/2023\/11\/Nairo-Quintana-17.-szakasz.webp\",\"datePublished\":\"2023-11-03T10:49:46+00:00\",\"author\":{\"@id\":\"https:\/\/www.welovecycling.com\/hu\/#\/schema\/person\/414a2aebf1801691a5320edb6468e194\"},\"description\":\"Zajlik az \u00e9let az uborkaszezonban is.\",\"breadcrumb\":{\"@id\":\"https:\/\/www.welovecycling.com\/hu\/orszaguti-kerekpar\/quintana-karrierjet-megmenti-a-movistar-pogacar-van-der-poel-szivarvanyos-mezere-palyazik\/#breadcrumb\"},\"inLanguage\":\"hu\",\"potentialAction\":[{\"@type\":\"ReadAction\",\"target\":[\"https:\/\/www.welovecycling.com\/hu\/orszaguti-kerekpar\/quintana-karrierjet-megmenti-a-movistar-pogacar-van-der-poel-szivarvanyos-mezere-palyazik\/\"]}]},{\"@type\":\"ImageObject\",\"inLanguage\":\"hu\",\"@id\":\"https:\/\/www.welovecycling.com\/hu\/orszaguti-kerekpar\/quintana-karrierjet-megmenti-a-movistar-pogacar-van-der-poel-szivarvanyos-mezere-palyazik\/#primaryimage\",\"url\":\"https:\/\/d2p6e6u75xmxt8.cloudfront.net\/12\/2023\/11\/Nairo-Quintana-17.-szakasz.webp\",\"contentUrl\":\"https:\/\/d2p6e6u75xmxt8.cloudfront.net\/12\/2023\/11\/Nairo-Quintana-17.-szakasz.webp\",\"width\":1280,\"height\":853},{\"@type\":\"BreadcrumbList\",\"@id\":\"https:\/\/www.welovecycling.com\/hu\/orszaguti-kerekpar\/quintana-karrierjet-megmenti-a-movistar-pogacar-van-der-poel-szivarvanyos-mezere-palyazik\/#breadcrumb\",\"itemListElement\":[{\"@type\":\"ListItem\",\"position\":1,\"name\":\"Home\",\"item\":\"https:\/\/www.welovecycling.com\/hu\/\"},{\"@type\":\"ListItem\",\"position\":2,\"name\":\"Quintana karrierj\u00e9t megmenti a Movistar, Poga\u010dar van der Poel sziv\u00e1rv\u00e1nyos mez\u00e9re p\u00e1ly\u00e1zik\"}]},{\"@type\":\"WebSite\",\"@id\":\"https:\/\/www.welovecycling.com\/hu\/#website\",\"url\":\"https:\/\/www.welovecycling.com\/hu\/\",\"name\":\"\u0160koda We Love Cycling - Magyarorsz\u00e1g\",\"description\":\"\u0160koda WeLoveCycling\",\"potentialAction\":[{\"@type\":\"SearchAction\",\"target\":{\"@type\":\"EntryPoint\",\"urlTemplate\":\"https:\/\/www.welovecycling.com\/hu\/?s={search_term_string}\"},\"query-input\":{\"@type\":\"PropertyValueSpecification\",\"valueRequired\":true,\"valueName\":\"search_term_string\"}}],\"inLanguage\":\"hu\"},{\"@type\":\"Person\",\"@id\":\"https:\/\/www.welovecycling.com\/hu\/#\/schema\/person\/414a2aebf1801691a5320edb6468e194\",\"name\":\"hegyizs\",\"image\":{\"@type\":\"ImageObject\",\"inLanguage\":\"hu\",\"@id\":\"https:\/\/www.welovecycling.com\/hu\/#\/schema\/person\/image\/\",\"url\":\"https:\/\/secure.gravatar.com\/avatar\/02cf8a7906b8cf90cecb4679defac7cfd33a1c2e3b88e4903d947f3bb58eedd3?s=96&d=mm&r=g\",\"contentUrl\":\"https:\/\/secure.gravatar.com\/avatar\/02cf8a7906b8cf90cecb4679defac7cfd33a1c2e3b88e4903d947f3bb58eedd3?s=96&d=mm&r=g\",\"caption\":\"hegyizs\"},\"url\":\"https:\/\/www.welovecycling.com\/hu\/author\/hegyizs\/\"}]}<\/script>\n<!-- \/ Yoast SEO Premium plugin. -->","yoast_head_json":{"title":"Quintana karrierj\u00e9t megmenti a Movistar, Poga\u010dar van der Poel sziv\u00e1rv\u00e1nyos mez\u00e9re p\u00e1ly\u00e1zik","description":"Zajlik az \u00e9let az uborkaszezonban is.","robots":{"index":"index","follow":"follow","max-snippet":"max-snippet:-1","max-image-preview":"max-image-preview:large","max-video-preview":"max-video-preview:-1"},"canonical":"https:\/\/www.welovecycling.com\/hu\/orszaguti-kerekpar\/quintana-karrierjet-megmenti-a-movistar-pogacar-van-der-poel-szivarvanyos-mezere-palyazik\/","og_locale":"hu_HU","og_type":"article","og_title":"Quintana karrierj\u00e9t megmenti a Movistar, Poga\u010dar van der Poel sziv\u00e1rv\u00e1nyos mez\u00e9re p\u00e1ly\u00e1zik","og_description":"Zajlik az \u00e9let az uborkaszezonban is.","og_url":"https:\/\/www.welovecycling.com\/hu\/orszaguti-kerekpar\/quintana-karrierjet-megmenti-a-movistar-pogacar-van-der-poel-szivarvanyos-mezere-palyazik\/","og_site_name":"\u0160koda We Love Cycling - Magyarorsz\u00e1g","article_publisher":"https:\/\/www.facebook.com\/WeLoveCyclingHungary\/","article_published_time":"2023-11-03T10:49:46+00:00","og_image":[{"width":1280,"height":853,"url":"https:\/\/d2p6e6u75xmxt8.cloudfront.net\/12\/2023\/11\/Nairo-Quintana-17.-szakasz.webp","type":"image\/webp"}],"author":"hegyizs","twitter_card":"summary_large_image","twitter_misc":{"Written by":"WLC","Est. reading time":"3 minutes"},"schema":{"@context":"https:\/\/schema.org","@graph":[{"@type":"WebPage","@id":"https:\/\/www.welovecycling.com\/hu\/orszaguti-kerekpar\/quintana-karrierjet-megmenti-a-movistar-pogacar-van-der-poel-szivarvanyos-mezere-palyazik\/","url":"https:\/\/www.welovecycling.com\/hu\/orszaguti-kerekpar\/quintana-karrierjet-megmenti-a-movistar-pogacar-van-der-poel-szivarvanyos-mezere-palyazik\/","name":"Quintana karrierj\u00e9t megmenti a Movistar, Poga\u010dar van der Poel sziv\u00e1rv\u00e1nyos mez\u00e9re p\u00e1ly\u00e1zik","isPartOf":{"@id":"https:\/\/www.welovecycling.com\/hu\/#website"},"primaryImageOfPage":{"@id":"https:\/\/www.welovecycling.com\/hu\/orszaguti-kerekpar\/quintana-karrierjet-megmenti-a-movistar-pogacar-van-der-poel-szivarvanyos-mezere-palyazik\/#primaryimage"},"image":{"@id":"https:\/\/www.welovecycling.com\/hu\/orszaguti-kerekpar\/quintana-karrierjet-megmenti-a-movistar-pogacar-van-der-poel-szivarvanyos-mezere-palyazik\/#primaryimage"},"thumbnailUrl":"https:\/\/d2p6e6u75xmxt8.cloudfront.net\/12\/2023\/11\/Nairo-Quintana-17.-szakasz.webp","datePublished":"2023-11-03T10:49:46+00:00","author":{"@id":"https:\/\/www.welovecycling.com\/hu\/#\/schema\/person\/414a2aebf1801691a5320edb6468e194"},"description":"Zajlik az \u00e9let az uborkaszezonban is.","breadcrumb":{"@id":"https:\/\/www.welovecycling.com\/hu\/orszaguti-kerekpar\/quintana-karrierjet-megmenti-a-movistar-pogacar-van-der-poel-szivarvanyos-mezere-palyazik\/#breadcrumb"},"inLanguage":"hu","potentialAction":[{"@type":"ReadAction","target":["https:\/\/www.welovecycling.com\/hu\/orszaguti-kerekpar\/quintana-karrierjet-megmenti-a-movistar-pogacar-van-der-poel-szivarvanyos-mezere-palyazik\/"]}]},{"@type":"ImageObject","inLanguage":"hu","@id":"https:\/\/www.welovecycling.com\/hu\/orszaguti-kerekpar\/quintana-karrierjet-megmenti-a-movistar-pogacar-van-der-poel-szivarvanyos-mezere-palyazik\/#primaryimage","url":"https:\/\/d2p6e6u75xmxt8.cloudfront.net\/12\/2023\/11\/Nairo-Quintana-17.-szakasz.webp","contentUrl":"https:\/\/d2p6e6u75xmxt8.cloudfront.net\/12\/2023\/11\/Nairo-Quintana-17.-szakasz.webp","width":1280,"height":853},{"@type":"BreadcrumbList","@id":"https:\/\/www.welovecycling.com\/hu\/orszaguti-kerekpar\/quintana-karrierjet-megmenti-a-movistar-pogacar-van-der-poel-szivarvanyos-mezere-palyazik\/#breadcrumb","itemListElement":[{"@type":"ListItem","position":1,"name":"Home","item":"https:\/\/www.welovecycling.com\/hu\/"},{"@type":"ListItem","position":2,"name":"Quintana karrierj\u00e9t megmenti a Movistar, Poga\u010dar van der Poel sziv\u00e1rv\u00e1nyos mez\u00e9re p\u00e1ly\u00e1zik"}]},{"@type":"WebSite","@id":"https:\/\/www.welovecycling.com\/hu\/#website","url":"https:\/\/www.welovecycling.com\/hu\/","name":"\u0160koda We Love Cycling - Magyarorsz\u00e1g","description":"\u0160koda WeLoveCycling","potentialAction":[{"@type":"SearchAction","target":{"@type":"EntryPoint","urlTemplate":"https:\/\/www.welovecycling.com\/hu\/?s={search_term_string}"},"query-input":{"@type":"PropertyValueSpecification","valueRequired":true,"valueName":"search_term_string"}}],"inLanguage":"hu"},{"@type":"Person","@id":"https:\/\/www.welovecycling.com\/hu\/#\/schema\/person\/414a2aebf1801691a5320edb6468e194","name":"hegyizs","image":{"@type":"ImageObject","inLanguage":"hu","@id":"https:\/\/www.welovecycling.com\/hu\/#\/schema\/person\/image\/","url":"https:\/\/secure.gravatar.com\/avatar\/02cf8a7906b8cf90cecb4679defac7cfd33a1c2e3b88e4903d947f3bb58eedd3?s=96&d=mm&r=g","contentUrl":"https:\/\/secure.gravatar.com\/avatar\/02cf8a7906b8cf90cecb4679defac7cfd33a1c2e3b88e4903d947f3bb58eedd3?s=96&d=mm&r=g","caption":"hegyizs"},"url":"https:\/\/www.welovecycling.com\/hu\/author\/hegyizs\/"}]}},"_links":{"self":[{"href":"https:\/\/www.welovecycling.com\/hu\/wp-json\/wp\/v2\/posts\/18078","targetHints":{"allow":["GET"]}}],"collection":[{"href":"https:\/\/www.welovecycling.com\/hu\/wp-json\/wp\/v2\/posts"}],"about":[{"href":"https:\/\/www.welovecycling.com\/hu\/wp-json\/wp\/v2\/types\/post"}],"author":[{"embeddable":true,"href":"https:\/\/www.welovecycling.com\/hu\/wp-json\/wp\/v2\/users\/71"}],"replies":[{"embeddable":true,"href":"https:\/\/www.welovecycling.com\/hu\/wp-json\/wp\/v2\/comments?post=18078"}],"version-history":[{"count":2,"href":"https:\/\/www.welovecycling.com\/hu\/wp-json\/wp\/v2\/posts\/18078\/revisions"}],"predecessor-version":[{"id":18087,"href":"https:\/\/www.welovecycling.com\/hu\/wp-json\/wp\/v2\/posts\/18078\/revisions\/18087"}],"wp:featuredmedia":[{"embeddable":true,"href":"https:\/\/www.welovecycling.com\/hu\/wp-json\/wp\/v2\/media\/18083"}],"wp:attachment":[{"href":"https:\/\/www.welovecycling.com\/hu\/wp-json\/wp\/v2\/media?parent=18078"}],"wp:term":[{"taxonomy":"category","embeddable":true,"href":"https:\/\/www.welovecycling.com\/hu\/wp-json\/wp\/v2\/categories?post=18078"},{"taxonomy":"post_tag","embeddable":true,"href":"https:\/\/www.welovecycling.com\/hu\/wp-json\/wp\/v2\/tags?post=18078"},{"taxonomy":"global-categories","embeddable":true,"href":"https:\/\/www.welovecycling.com\/hu\/wp-json\/wp\/v2\/global-categories?post=18078"}],"curies":[{"name":"wp","href":"https:\/\/api.w.org\/{rel}","templated":true}]}}