{"id":18066,"date":"2023-10-27T14:50:49","date_gmt":"2023-10-27T12:50:49","guid":{"rendered":"https:\/\/www.welovecycling.com\/hu\/?p=18066"},"modified":"2023-10-27T14:50:49","modified_gmt":"2023-10-27T12:50:49","slug":"cavendish-megis-nekifut-a-2024-es-tournak-de-sokkolta-az-utvonal-nehezsege","status":"publish","type":"post","link":"https:\/\/www.welovecycling.com\/hu\/orszaguti-kerekpar\/cavendish-megis-nekifut-a-2024-es-tournak-de-sokkolta-az-utvonal-nehezsege\/","title":{"rendered":"Cavendish m\u00e9gis nekifut a 2024-es Tournak, de sokkolta az \u00fatvonal neh\u00e9zs\u00e9ge"},"content":{"rendered":"<p><strong>Az Eddy Merckx \u00f6r\u00f6krekordj\u00e1ra hajt\u00f3 sprinterklasszis m\u00e9gsem vonul vissza, de a j\u00f6v\u0151 \u00e9vi Tour de France \u00fatvonalleleplez\u00e9se ut\u00e1n az\u00e9rt nem volt teljesen \u0151szinte a mosolya\u2026 <\/strong><!--more--><\/p>\n<p>Mark Cavendish kezd kicsit azokra a veter\u00e1n zenekarokra hasonl\u00edtani, akik sz\u00e1mtalanszor bejelentett\u00e9k m\u00e1r a feloszl\u00e1sukat, m\u00e9gis \u00e9vek \u00f3ta folyamatosan \u201eb\u00facs\u00fakoncerteznek\u201d.<\/p>\n<p>Minden id\u0151k egyik legnagyszer\u0171bb sprintere is annyiszor vonult m\u00e1r vissza, hogy szinte sz\u00e1montartani is neh\u00e9z, hogy azt\u00e1n v\u00e9g\u00fcl m\u00e9gis folytassa \u2013 most is ugyanez a helyzet. A Manxman legut\u00f3bb id\u00e9n m\u00e1jusban, 38. sz\u00fclet\u00e9snapja ut\u00e1n n\u00e9h\u00e1ny nappal, a Giro sz\u00fcnnapj\u00e1n h\u00edvott \u00f6ssze sajt\u00f3t\u00e1j\u00e9koztat\u00f3t, hogy <a href=\"https:\/\/www.welovecycling.com\/hu\/orszaguti-kerekpar\/cavendish-visszavonul-fuggoben-marad-a-tour-rekord\/\">csal\u00e1dja k\u00f6r\u00e9ben \u00fcnnep\u00e9lyesen bejelentse<\/a> (ism\u00e9t), hogy a szezon v\u00e9gezt\u00e9vel befejezi, f\u00fcggetlen\u00fcl att\u00f3l, hogy a ny\u00e1ri Tour de France-on v\u00e9ghez tudja-e vinni a h\u0151n \u00e1h\u00edtott cs\u00facsd\u00f6nt\u00e9st. Az\u00f3ta m\u00e1r tudjuk, nemhogy a rekord nem j\u00f6tt \u00f6ssze, de Cavendish v\u00e9g\u00fcl a versenyt sem tudta befejezni. Pedig csup\u00e1n egy hajsz\u00e1l v\u00e1lasztotta el a t\u00f6rt\u00e9nelem\u00edr\u00e1st\u00f3l: a 7. szakasz sprintbefut\u00f3j\u00e1ban centikkel maradt le az etapsikerr\u0151l a bombaform\u00e1ban l\u00e9v\u0151 Jasper Philipsen m\u00f6g\u00f6tt \u2013 a k\u00f6vetkez\u0151 napon viszont bukott, kulcscsontj\u00e1t t\u00f6rte, \u00edgy azonnal fel kellett adnia a viadalt, \u00e9s \u00fcnnepl\u00e9s helyett m\u0171t\u00e9t k\u00f6vetkezett.<\/p>\n<figure id=\"attachment_18073\" aria-describedby=\"caption-attachment-18073\" style=\"width: 1024px\" class=\"wp-caption alignnone\"><img loading=\"lazy\" decoding=\"async\" class=\"size-large wp-image-18073\" src=\"https:\/\/d2p6e6u75xmxt8.cloudfront.net\/12\/2023\/10\/iK4YPWViQiqTHcmWZq5CYJ-Large-1024x705.webp\" alt=\"\" width=\"1024\" height=\"705\" srcset=\"https:\/\/d2p6e6u75xmxt8.cloudfront.net\/12\/2023\/10\/iK4YPWViQiqTHcmWZq5CYJ-Large-1024x705.webp 1024w, https:\/\/d2p6e6u75xmxt8.cloudfront.net\/12\/2023\/10\/iK4YPWViQiqTHcmWZq5CYJ-Large-300x206.webp 300w, https:\/\/d2p6e6u75xmxt8.cloudfront.net\/12\/2023\/10\/iK4YPWViQiqTHcmWZq5CYJ-Large-768x529.webp 768w, https:\/\/d2p6e6u75xmxt8.cloudfront.net\/12\/2023\/10\/iK4YPWViQiqTHcmWZq5CYJ-Large-400x275.webp 400w, https:\/\/d2p6e6u75xmxt8.cloudfront.net\/12\/2023\/10\/iK4YPWViQiqTHcmWZq5CYJ-Large.webp 1280w\" sizes=\"auto, (max-width: 1024px) 100vw, 1024px\" \/><figcaption id=\"caption-attachment-18073\" class=\"wp-caption-text\">\u00dcnnepl\u00e9s helyett s\u00edr\u00e1s lett az idei Tour v\u00e9ge (fot\u00f3: Thomas Samson\/Getty Images)<\/figcaption><\/figure>\n<p>Ekkor \u00fagy t\u0171nt, Eddx Merckx sok\u00e1ig megd\u00f6nthetetlennek hitt rekordja, a 34 Tour-szakaszsiker biztosan \u00e9letben marad m\u00e9g sok-sok \u00e9vig, pontosabban egy\u00fctt tartj\u00e1k majd a szint\u00e9n ugyanennyivel \u00e1ll\u00f3 Cavendish-sel. \u00c1m az \u00f6nt\u00f6rv\u00e9ny\u0171 brit sprinterzseni v\u00e9g\u00fcl m\u00e9gis meggy\u0151zte mag\u00e1t, mondv\u00e1n, ha m\u00e9g mindig k\u00e9pes ilyen szinten \u00e9s form\u00e1ban versenyezni \u2013 r\u00e1ad\u00e1sul kis t\u00falz\u00e1ssal \u00f6ner\u0151b\u0151l, egy relat\u00edve gyenge sprintervonattal rendelkez\u0151 csapatban is \u2013, akkor v\u00e1ltozatlanul re\u00e1lis es\u00e9lye lehet a rekordra, ama bizonyos 35. Tour-szakaszsiker begy\u0171jt\u00e9s\u00e9re. Okt\u00f3berben \u00edgy \u00fajra bejelentette visszat\u00e9r\u00e9s\u00e9t, fogadkozva, hogy ez\u00fattal t\u00e9nyleg ez lesz az utols\u00f3 \u00e9ve:<\/p>\n<blockquote class=\"twitter-tweet\">\n<p dir=\"ltr\" lang=\"en\">Just one more year, hey? <a href=\"https:\/\/twitter.com\/MarkCavendish?ref_src=twsrc%5Etfw\">@MarkCavendish<\/a> <a href=\"https:\/\/t.co\/ThgdbGaBzf\">pic.twitter.com\/ThgdbGaBzf<\/a><\/p>\n<p>\u2014 Astana Qazaqstan Team (@AstanaQazTeam) <a href=\"https:\/\/twitter.com\/AstanaQazTeam\/status\/1709485605678145768?ref_src=twsrc%5Etfw\">October 4, 2023<\/a><\/p><\/blockquote>\n<p><script async src=\"https:\/\/platform.twitter.com\/widgets.js\" charset=\"utf-8\"><\/script><br \/>\nIdei csapata, az Astana persze kit\u00f6r\u0151 \u00f6r\u00f6mmel fogadta a fordulatot \u2013 nyilv\u00e1n m\u00e1r csak Cav \u00e9s a rekord\u00fcld\u00f6z\u00e9s marketing\u00e9rt\u00e9ke miatt is \u2013, \u00e9s az\u00f3ta minden k\u00f6vet meg is mozgat, hogy legnagyobb szt\u00e1rja keze al\u00e1 dolgozzon, kis t\u00falz\u00e1ssal mindent a t\u00f6rt\u00e9nelmi cs\u00facsd\u00f6nt\u00e9s al\u00e1 rendelve. Ennek \u00e9rdek\u00e9ben m\u00e1ris komoly er\u0151s\u00edt\u00e9seket eszk\u00f6z\u00f6lt az ist\u00e1ll\u00f3, amely megszerezte a Quick-Stept\u0151l Cavendish kedvenc felvezet\u0151ember\u00e9t, a m\u0171faj egyik, ha nem a legjobbj\u00e1nak sz\u00e1m\u00edt\u00f3 Michael M\u00f6rk\u00f6v\u00f6t, az olasz klasszist, Davide Ballerinit is, \u00e9s \u00e9rkezett m\u00e9g Max Kanter, illetve R\u00fcdiger Selig is \u2013 a kazahok sprintervonata \u00edgy m\u00e1ris komolyan er\u0151s\u00f6d\u00f6tt, l\u00e1tatlanban is jelent\u0151sen megn\u00f6velve ezzel Cav es\u00e9lyeit.<\/p>\n<figure id=\"attachment_18067\" aria-describedby=\"caption-attachment-18067\" style=\"width: 1024px\" class=\"wp-caption alignnone\"><img loading=\"lazy\" decoding=\"async\" class=\"size-large wp-image-18067\" src=\"https:\/\/d2p6e6u75xmxt8.cloudfront.net\/12\/2023\/10\/426e6091c1cba372be36a006dbaa2634f6cb57dc-4396x2931-1-1024x683.webp\" alt=\"\" width=\"1024\" height=\"683\" srcset=\"https:\/\/d2p6e6u75xmxt8.cloudfront.net\/12\/2023\/10\/426e6091c1cba372be36a006dbaa2634f6cb57dc-4396x2931-1-1024x683.webp 1024w, https:\/\/d2p6e6u75xmxt8.cloudfront.net\/12\/2023\/10\/426e6091c1cba372be36a006dbaa2634f6cb57dc-4396x2931-1-300x200.webp 300w, https:\/\/d2p6e6u75xmxt8.cloudfront.net\/12\/2023\/10\/426e6091c1cba372be36a006dbaa2634f6cb57dc-4396x2931-1-768x512.webp 768w, https:\/\/d2p6e6u75xmxt8.cloudfront.net\/12\/2023\/10\/426e6091c1cba372be36a006dbaa2634f6cb57dc-4396x2931-1-1536x1024.webp 1536w, https:\/\/d2p6e6u75xmxt8.cloudfront.net\/12\/2023\/10\/426e6091c1cba372be36a006dbaa2634f6cb57dc-4396x2931-1-2048x1365.webp 2048w, https:\/\/d2p6e6u75xmxt8.cloudfront.net\/12\/2023\/10\/426e6091c1cba372be36a006dbaa2634f6cb57dc-4396x2931-1-1920x1280.webp 1920w, https:\/\/d2p6e6u75xmxt8.cloudfront.net\/12\/2023\/10\/426e6091c1cba372be36a006dbaa2634f6cb57dc-4396x2931-1-400x267.webp 400w, https:\/\/d2p6e6u75xmxt8.cloudfront.net\/12\/2023\/10\/426e6091c1cba372be36a006dbaa2634f6cb57dc-4396x2931-1-272x182.webp 272w, https:\/\/d2p6e6u75xmxt8.cloudfront.net\/12\/2023\/10\/426e6091c1cba372be36a006dbaa2634f6cb57dc-4396x2931-1-1920x1280.webp 1920w\" sizes=\"auto, (max-width: 1024px) 100vw, 1024px\" \/><figcaption id=\"caption-attachment-18067\" class=\"wp-caption-text\">A nagy p\u00e1ros, M\u00f6rk\u00f6v \u00e9s Cavendish \u00fajra egy\u00fctt versenyezhet j\u00f6v\u0151re (fot\u00f3: Velo Collection (TDW) \/ Getty Images)<\/figcaption><\/figure>\n<p>A \u201ebibi\u201d azonban szerd\u00e1n \u00e9rkezett, ekkor leplezt\u00e9k le ugyanis a 2024-es francia k\u00f6rverseny \u00fatvonal\u00e1t, ami az\u00e9rt lelohasztotta n\u00e9mileg Cavendish lelkesed\u00e9s\u00e9t. A j\u00f6v\u0151 \u00e9vi Tour ugyanis ink\u00e1bb fog sz\u00f3lni a hegyekr\u0151l \u00e9s a neh\u00e9z szakaszokr\u00f3l, id\u0151futamokr\u00f3l, mintsem a sprinterekr\u0151l, ami nyilv\u00e1n nem k\u00f6nny\u00edti meg a rekordot \u00fcld\u00f6z\u0151 rak\u00e9tal\u00e1b\u00fa dolg\u00e1t. Lesz p\u00e9ld\u00e1ul nem kevesebb, mint n\u00e9gy kem\u00e9ny hegyi befut\u00f3, egy murv\u00e1s etap, \u00e9s m\u00e9g a k\u00e9t id\u0151futam k\u00f6z\u00fcl is a m\u00e1sodik egy tr\u00fckk\u00f6s, dimbes-dombos lesz (ez egyben a z\u00e1r\u00f3etap is Monaco \u00e9s Nizza k\u00f6z\u00f6tt, a p\u00e1rizsi olimpia k\u00f6zels\u00e9ge miatt ugyanis j\u00f6v\u0151re kiv\u00e9telesen nem a Champs \u00c9lys\u00e9es-n \u00e9r c\u00e9lba a verseny). Cavendish nem is kertelt, az \u00fatvonalbemutat\u00f3 ut\u00e1n kerek-perec \u00edgy nyilatkozott a m\u00e9di\u00e1nak: <em>\u201eEz baromi neh\u00e9z lesz, konkr\u00e9tan kaptam most egy kisebb sokkot \u2013 megkock\u00e1ztatom, tal\u00e1n a legnehezebb \u00fatvonal, amit valaha l\u00e1ttam egy Tour-on.\u201d <\/em><\/p>\n<p>Nyilv\u00e1n \u00edgy is lesznek az\u00e9rt sprintereknek fekv\u0151 etapok, de nem sok, \u00e9s azon a kb. 6-7 napon a vil\u00e1g legjobb sprinterei k\u00fczdenek majd v\u00e1llvetve az\u00e9rt, hogy megragadj\u00e1k a kev\u00e9s lehet\u0151s\u00e9gek egyik\u00e9t \u2013 val\u00f3ban piszkosul neh\u00e9z dolga lesz teh\u00e1t az akkor m\u00e1r 39 \u00e9ves Cavendish-nek.<\/p>\n","protected":false},"excerpt":{"rendered":"<p>Az Eddy Merckx \u00f6r\u00f6krekordj\u00e1ra hajt\u00f3 sprinterklasszis m\u00e9gsem vonul vissza, de a j\u00f6v\u0151 \u00e9vi Tour de France \u00fatvonalleleplez\u00e9se ut\u00e1n az\u00e9rt nem [&hellip;]<\/p>\n","protected":false},"author":71,"featured_media":18074,"comment_status":"open","ping_status":"open","sticky":false,"template":"","format":"standard","meta":{"footnotes":""},"categories":[8],"tags":[],"global-categories":[419],"class_list":["post-18066","post","type-post","status-publish","format-standard","has-post-thumbnail","hentry","category-orszaguti-kerekpar","global-categories-cycling"],"yoast_head":"<!-- This site is optimized with the Yoast SEO Premium plugin v25.3 (Yoast SEO v25.9) - https:\/\/yoast.com\/wordpress\/plugins\/seo\/ -->\n<title>Cavendish m\u00e9gis nekifut a 2024-es Tournak, de sokkolta az \u00fatvonal neh\u00e9zs\u00e9ge<\/title>\n<meta name=\"description\" content=\"Az Eddy Merckx \u00f6r\u00f6krekordj\u00e1ra hajt\u00f3 sprinterklasszis m\u00e9gsem vonul vissza, de a j\u00f6v\u0151 \u00e9vi Tour de France \u00fatvonalleleplez\u00e9se ut\u00e1n az\u00e9rt nem volt teljesen \u0151szinte a mosolya\u2026\" \/>\n<meta name=\"robots\" content=\"index, follow, max-snippet:-1, max-image-preview:large, max-video-preview:-1\" \/>\n<link rel=\"canonical\" href=\"https:\/\/www.welovecycling.com\/hu\/orszaguti-kerekpar\/cavendish-megis-nekifut-a-2024-es-tournak-de-sokkolta-az-utvonal-nehezsege\/\" \/>\n<meta property=\"og:locale\" content=\"hu_HU\" \/>\n<meta property=\"og:type\" content=\"article\" \/>\n<meta property=\"og:title\" content=\"Cavendish m\u00e9gis nekifut a 2024-es Tournak, de sokkolta az \u00fatvonal neh\u00e9zs\u00e9ge\" \/>\n<meta property=\"og:description\" content=\"Az Eddy Merckx \u00f6r\u00f6krekordj\u00e1ra hajt\u00f3 sprinterklasszis m\u00e9gsem vonul vissza, de a j\u00f6v\u0151 \u00e9vi Tour de France \u00fatvonalleleplez\u00e9se ut\u00e1n az\u00e9rt nem volt teljesen \u0151szinte a mosolya\u2026\" \/>\n<meta property=\"og:url\" content=\"https:\/\/www.welovecycling.com\/hu\/orszaguti-kerekpar\/cavendish-megis-nekifut-a-2024-es-tournak-de-sokkolta-az-utvonal-nehezsege\/\" \/>\n<meta property=\"og:site_name\" content=\"\u0160koda We Love Cycling - Magyarorsz\u00e1g\" \/>\n<meta property=\"article:publisher\" content=\"https:\/\/www.facebook.com\/WeLoveCyclingHungary\/\" \/>\n<meta property=\"article:published_time\" content=\"2023-10-27T12:50:49+00:00\" \/>\n<meta property=\"og:image\" content=\"https:\/\/d2p6e6u75xmxt8.cloudfront.net\/12\/2023\/10\/Mark_Cavendish_1.webp\" \/>\n\t<meta property=\"og:image:width\" content=\"1920\" \/>\n\t<meta property=\"og:image:height\" content=\"1080\" \/>\n\t<meta property=\"og:image:type\" content=\"image\/webp\" \/>\n<meta name=\"author\" content=\"hegyizs\" \/>\n<meta name=\"twitter:card\" content=\"summary_large_image\" \/>\n<meta name=\"twitter:label1\" content=\"Written by\" \/>\n\t<meta name=\"twitter:data1\" content=\"WLC\" \/>\n\t<meta name=\"twitter:label2\" content=\"Est. reading time\" \/>\n\t<meta name=\"twitter:data2\" content=\"4 minutes\" \/>\n<script type=\"application\/ld+json\" class=\"yoast-schema-graph\">{\"@context\":\"https:\/\/schema.org\",\"@graph\":[{\"@type\":\"WebPage\",\"@id\":\"https:\/\/www.welovecycling.com\/hu\/orszaguti-kerekpar\/cavendish-megis-nekifut-a-2024-es-tournak-de-sokkolta-az-utvonal-nehezsege\/\",\"url\":\"https:\/\/www.welovecycling.com\/hu\/orszaguti-kerekpar\/cavendish-megis-nekifut-a-2024-es-tournak-de-sokkolta-az-utvonal-nehezsege\/\",\"name\":\"Cavendish m\u00e9gis nekifut a 2024-es Tournak, de sokkolta az \u00fatvonal neh\u00e9zs\u00e9ge\",\"isPartOf\":{\"@id\":\"https:\/\/www.welovecycling.com\/hu\/#website\"},\"primaryImageOfPage\":{\"@id\":\"https:\/\/www.welovecycling.com\/hu\/orszaguti-kerekpar\/cavendish-megis-nekifut-a-2024-es-tournak-de-sokkolta-az-utvonal-nehezsege\/#primaryimage\"},\"image\":{\"@id\":\"https:\/\/www.welovecycling.com\/hu\/orszaguti-kerekpar\/cavendish-megis-nekifut-a-2024-es-tournak-de-sokkolta-az-utvonal-nehezsege\/#primaryimage\"},\"thumbnailUrl\":\"https:\/\/d2p6e6u75xmxt8.cloudfront.net\/12\/2023\/10\/Mark_Cavendish_1.webp\",\"datePublished\":\"2023-10-27T12:50:49+00:00\",\"author\":{\"@id\":\"https:\/\/www.welovecycling.com\/hu\/#\/schema\/person\/414a2aebf1801691a5320edb6468e194\"},\"description\":\"Az Eddy Merckx \u00f6r\u00f6krekordj\u00e1ra hajt\u00f3 sprinterklasszis m\u00e9gsem vonul vissza, de a j\u00f6v\u0151 \u00e9vi Tour de France \u00fatvonalleleplez\u00e9se ut\u00e1n az\u00e9rt nem volt teljesen \u0151szinte a mosolya\u2026\",\"breadcrumb\":{\"@id\":\"https:\/\/www.welovecycling.com\/hu\/orszaguti-kerekpar\/cavendish-megis-nekifut-a-2024-es-tournak-de-sokkolta-az-utvonal-nehezsege\/#breadcrumb\"},\"inLanguage\":\"hu\",\"potentialAction\":[{\"@type\":\"ReadAction\",\"target\":[\"https:\/\/www.welovecycling.com\/hu\/orszaguti-kerekpar\/cavendish-megis-nekifut-a-2024-es-tournak-de-sokkolta-az-utvonal-nehezsege\/\"]}]},{\"@type\":\"ImageObject\",\"inLanguage\":\"hu\",\"@id\":\"https:\/\/www.welovecycling.com\/hu\/orszaguti-kerekpar\/cavendish-megis-nekifut-a-2024-es-tournak-de-sokkolta-az-utvonal-nehezsege\/#primaryimage\",\"url\":\"https:\/\/d2p6e6u75xmxt8.cloudfront.net\/12\/2023\/10\/Mark_Cavendish_1.webp\",\"contentUrl\":\"https:\/\/d2p6e6u75xmxt8.cloudfront.net\/12\/2023\/10\/Mark_Cavendish_1.webp\",\"width\":1920,\"height\":1080},{\"@type\":\"BreadcrumbList\",\"@id\":\"https:\/\/www.welovecycling.com\/hu\/orszaguti-kerekpar\/cavendish-megis-nekifut-a-2024-es-tournak-de-sokkolta-az-utvonal-nehezsege\/#breadcrumb\",\"itemListElement\":[{\"@type\":\"ListItem\",\"position\":1,\"name\":\"Home\",\"item\":\"https:\/\/www.welovecycling.com\/hu\/\"},{\"@type\":\"ListItem\",\"position\":2,\"name\":\"Cavendish m\u00e9gis nekifut a 2024-es Tournak, de sokkolta az \u00fatvonal neh\u00e9zs\u00e9ge\"}]},{\"@type\":\"WebSite\",\"@id\":\"https:\/\/www.welovecycling.com\/hu\/#website\",\"url\":\"https:\/\/www.welovecycling.com\/hu\/\",\"name\":\"\u0160koda We Love Cycling - Magyarorsz\u00e1g\",\"description\":\"\u0160koda WeLoveCycling\",\"potentialAction\":[{\"@type\":\"SearchAction\",\"target\":{\"@type\":\"EntryPoint\",\"urlTemplate\":\"https:\/\/www.welovecycling.com\/hu\/?s={search_term_string}\"},\"query-input\":{\"@type\":\"PropertyValueSpecification\",\"valueRequired\":true,\"valueName\":\"search_term_string\"}}],\"inLanguage\":\"hu\"},{\"@type\":\"Person\",\"@id\":\"https:\/\/www.welovecycling.com\/hu\/#\/schema\/person\/414a2aebf1801691a5320edb6468e194\",\"name\":\"hegyizs\",\"image\":{\"@type\":\"ImageObject\",\"inLanguage\":\"hu\",\"@id\":\"https:\/\/www.welovecycling.com\/hu\/#\/schema\/person\/image\/\",\"url\":\"https:\/\/secure.gravatar.com\/avatar\/02cf8a7906b8cf90cecb4679defac7cfd33a1c2e3b88e4903d947f3bb58eedd3?s=96&d=mm&r=g\",\"contentUrl\":\"https:\/\/secure.gravatar.com\/avatar\/02cf8a7906b8cf90cecb4679defac7cfd33a1c2e3b88e4903d947f3bb58eedd3?s=96&d=mm&r=g\",\"caption\":\"hegyizs\"},\"url\":\"https:\/\/www.welovecycling.com\/hu\/author\/hegyizs\/\"}]}<\/script>\n<!-- \/ Yoast SEO Premium plugin. -->","yoast_head_json":{"title":"Cavendish m\u00e9gis nekifut a 2024-es Tournak, de sokkolta az \u00fatvonal neh\u00e9zs\u00e9ge","description":"Az Eddy Merckx \u00f6r\u00f6krekordj\u00e1ra hajt\u00f3 sprinterklasszis m\u00e9gsem vonul vissza, de a j\u00f6v\u0151 \u00e9vi Tour de France \u00fatvonalleleplez\u00e9se ut\u00e1n az\u00e9rt nem volt teljesen \u0151szinte a mosolya\u2026","robots":{"index":"index","follow":"follow","max-snippet":"max-snippet:-1","max-image-preview":"max-image-preview:large","max-video-preview":"max-video-preview:-1"},"canonical":"https:\/\/www.welovecycling.com\/hu\/orszaguti-kerekpar\/cavendish-megis-nekifut-a-2024-es-tournak-de-sokkolta-az-utvonal-nehezsege\/","og_locale":"hu_HU","og_type":"article","og_title":"Cavendish m\u00e9gis nekifut a 2024-es Tournak, de sokkolta az \u00fatvonal neh\u00e9zs\u00e9ge","og_description":"Az Eddy Merckx \u00f6r\u00f6krekordj\u00e1ra hajt\u00f3 sprinterklasszis m\u00e9gsem vonul vissza, de a j\u00f6v\u0151 \u00e9vi Tour de France \u00fatvonalleleplez\u00e9se ut\u00e1n az\u00e9rt nem volt teljesen \u0151szinte a mosolya\u2026","og_url":"https:\/\/www.welovecycling.com\/hu\/orszaguti-kerekpar\/cavendish-megis-nekifut-a-2024-es-tournak-de-sokkolta-az-utvonal-nehezsege\/","og_site_name":"\u0160koda We Love Cycling - Magyarorsz\u00e1g","article_publisher":"https:\/\/www.facebook.com\/WeLoveCyclingHungary\/","article_published_time":"2023-10-27T12:50:49+00:00","og_image":[{"width":1920,"height":1080,"url":"https:\/\/d2p6e6u75xmxt8.cloudfront.net\/12\/2023\/10\/Mark_Cavendish_1.webp","type":"image\/webp"}],"author":"hegyizs","twitter_card":"summary_large_image","twitter_misc":{"Written by":"WLC","Est. reading time":"4 minutes"},"schema":{"@context":"https:\/\/schema.org","@graph":[{"@type":"WebPage","@id":"https:\/\/www.welovecycling.com\/hu\/orszaguti-kerekpar\/cavendish-megis-nekifut-a-2024-es-tournak-de-sokkolta-az-utvonal-nehezsege\/","url":"https:\/\/www.welovecycling.com\/hu\/orszaguti-kerekpar\/cavendish-megis-nekifut-a-2024-es-tournak-de-sokkolta-az-utvonal-nehezsege\/","name":"Cavendish m\u00e9gis nekifut a 2024-es Tournak, de sokkolta az \u00fatvonal neh\u00e9zs\u00e9ge","isPartOf":{"@id":"https:\/\/www.welovecycling.com\/hu\/#website"},"primaryImageOfPage":{"@id":"https:\/\/www.welovecycling.com\/hu\/orszaguti-kerekpar\/cavendish-megis-nekifut-a-2024-es-tournak-de-sokkolta-az-utvonal-nehezsege\/#primaryimage"},"image":{"@id":"https:\/\/www.welovecycling.com\/hu\/orszaguti-kerekpar\/cavendish-megis-nekifut-a-2024-es-tournak-de-sokkolta-az-utvonal-nehezsege\/#primaryimage"},"thumbnailUrl":"https:\/\/d2p6e6u75xmxt8.cloudfront.net\/12\/2023\/10\/Mark_Cavendish_1.webp","datePublished":"2023-10-27T12:50:49+00:00","author":{"@id":"https:\/\/www.welovecycling.com\/hu\/#\/schema\/person\/414a2aebf1801691a5320edb6468e194"},"description":"Az Eddy Merckx \u00f6r\u00f6krekordj\u00e1ra hajt\u00f3 sprinterklasszis m\u00e9gsem vonul vissza, de a j\u00f6v\u0151 \u00e9vi Tour de France \u00fatvonalleleplez\u00e9se ut\u00e1n az\u00e9rt nem volt teljesen \u0151szinte a mosolya\u2026","breadcrumb":{"@id":"https:\/\/www.welovecycling.com\/hu\/orszaguti-kerekpar\/cavendish-megis-nekifut-a-2024-es-tournak-de-sokkolta-az-utvonal-nehezsege\/#breadcrumb"},"inLanguage":"hu","potentialAction":[{"@type":"ReadAction","target":["https:\/\/www.welovecycling.com\/hu\/orszaguti-kerekpar\/cavendish-megis-nekifut-a-2024-es-tournak-de-sokkolta-az-utvonal-nehezsege\/"]}]},{"@type":"ImageObject","inLanguage":"hu","@id":"https:\/\/www.welovecycling.com\/hu\/orszaguti-kerekpar\/cavendish-megis-nekifut-a-2024-es-tournak-de-sokkolta-az-utvonal-nehezsege\/#primaryimage","url":"https:\/\/d2p6e6u75xmxt8.cloudfront.net\/12\/2023\/10\/Mark_Cavendish_1.webp","contentUrl":"https:\/\/d2p6e6u75xmxt8.cloudfront.net\/12\/2023\/10\/Mark_Cavendish_1.webp","width":1920,"height":1080},{"@type":"BreadcrumbList","@id":"https:\/\/www.welovecycling.com\/hu\/orszaguti-kerekpar\/cavendish-megis-nekifut-a-2024-es-tournak-de-sokkolta-az-utvonal-nehezsege\/#breadcrumb","itemListElement":[{"@type":"ListItem","position":1,"name":"Home","item":"https:\/\/www.welovecycling.com\/hu\/"},{"@type":"ListItem","position":2,"name":"Cavendish m\u00e9gis nekifut a 2024-es Tournak, de sokkolta az \u00fatvonal neh\u00e9zs\u00e9ge"}]},{"@type":"WebSite","@id":"https:\/\/www.welovecycling.com\/hu\/#website","url":"https:\/\/www.welovecycling.com\/hu\/","name":"\u0160koda We Love Cycling - Magyarorsz\u00e1g","description":"\u0160koda WeLoveCycling","potentialAction":[{"@type":"SearchAction","target":{"@type":"EntryPoint","urlTemplate":"https:\/\/www.welovecycling.com\/hu\/?s={search_term_string}"},"query-input":{"@type":"PropertyValueSpecification","valueRequired":true,"valueName":"search_term_string"}}],"inLanguage":"hu"},{"@type":"Person","@id":"https:\/\/www.welovecycling.com\/hu\/#\/schema\/person\/414a2aebf1801691a5320edb6468e194","name":"hegyizs","image":{"@type":"ImageObject","inLanguage":"hu","@id":"https:\/\/www.welovecycling.com\/hu\/#\/schema\/person\/image\/","url":"https:\/\/secure.gravatar.com\/avatar\/02cf8a7906b8cf90cecb4679defac7cfd33a1c2e3b88e4903d947f3bb58eedd3?s=96&d=mm&r=g","contentUrl":"https:\/\/secure.gravatar.com\/avatar\/02cf8a7906b8cf90cecb4679defac7cfd33a1c2e3b88e4903d947f3bb58eedd3?s=96&d=mm&r=g","caption":"hegyizs"},"url":"https:\/\/www.welovecycling.com\/hu\/author\/hegyizs\/"}]}},"_links":{"self":[{"href":"https:\/\/www.welovecycling.com\/hu\/wp-json\/wp\/v2\/posts\/18066","targetHints":{"allow":["GET"]}}],"collection":[{"href":"https:\/\/www.welovecycling.com\/hu\/wp-json\/wp\/v2\/posts"}],"about":[{"href":"https:\/\/www.welovecycling.com\/hu\/wp-json\/wp\/v2\/types\/post"}],"author":[{"embeddable":true,"href":"https:\/\/www.welovecycling.com\/hu\/wp-json\/wp\/v2\/users\/71"}],"replies":[{"embeddable":true,"href":"https:\/\/www.welovecycling.com\/hu\/wp-json\/wp\/v2\/comments?post=18066"}],"version-history":[{"count":1,"href":"https:\/\/www.welovecycling.com\/hu\/wp-json\/wp\/v2\/posts\/18066\/revisions"}],"predecessor-version":[{"id":18075,"href":"https:\/\/www.welovecycling.com\/hu\/wp-json\/wp\/v2\/posts\/18066\/revisions\/18075"}],"wp:featuredmedia":[{"embeddable":true,"href":"https:\/\/www.welovecycling.com\/hu\/wp-json\/wp\/v2\/media\/18074"}],"wp:attachment":[{"href":"https:\/\/www.welovecycling.com\/hu\/wp-json\/wp\/v2\/media?parent=18066"}],"wp:term":[{"taxonomy":"category","embeddable":true,"href":"https:\/\/www.welovecycling.com\/hu\/wp-json\/wp\/v2\/categories?post=18066"},{"taxonomy":"post_tag","embeddable":true,"href":"https:\/\/www.welovecycling.com\/hu\/wp-json\/wp\/v2\/tags?post=18066"},{"taxonomy":"global-categories","embeddable":true,"href":"https:\/\/www.welovecycling.com\/hu\/wp-json\/wp\/v2\/global-categories?post=18066"}],"curies":[{"name":"wp","href":"https:\/\/api.w.org\/{rel}","templated":true}]}}