{"id":18057,"date":"2023-11-03T08:00:39","date_gmt":"2023-11-03T06:00:39","guid":{"rendered":"https:\/\/www.welovecycling.com\/hu\/?p=18057"},"modified":"2023-10-27T15:05:39","modified_gmt":"2023-10-27T13:05:39","slug":"ejszakai-kerekparozas-utvonaltervezes","status":"publish","type":"post","link":"https:\/\/www.welovecycling.com\/hu\/edzes-es-eletmod\/ejszakai-kerekparozas-utvonaltervezes\/","title":{"rendered":"\u00c9jszakai ker\u00e9kp\u00e1roz\u00e1s \u2013 \u00datvonaltervez\u00e9s"},"content":{"rendered":"<p><strong>A tervez\u00e9s rendk\u00edv\u00fcl fontos, amikor s\u00f6t\u00e9tben indulsz \u00fatnak. \u00c9jszaka minden m\u00e1sk\u00e9pp n\u00e9z ki, \u00e9s ha folyton elt\u00e9vedsz, egy b\u00e9k\u00e9s, \u00e9lvezetes utaz\u00e1s gyorsan meg\u00e1ll\u00e1sok \u00e9s elindul\u00e1sok frusztr\u00e1l\u00f3 sorozat\u00e1v\u00e1 v\u00e1lhat. \u00cdme n\u00e9h\u00e1ny tipp, amely seg\u00edthet profi m\u00f3don megtervezni az \u00fatvonalaidat, ak\u00e1r v\u00e1rosi k\u00f6rnyezetben, ak\u00e1r erdei \u00f6sv\u00e9nyeken tekersz.<\/strong><\/p>\n<p><!--more--><\/p>\n<p>Nem felt\u00e9tlen\u00fcl kell olyan \u00fatvonalat tervezned, ami kiveszi az \u00e9lvezetet az \u00e9jszakai t\u00far\u00e1b\u00f3l. A l\u00e9nyeg, hogy biztons\u00e1gos legyen. Ker\u00fcld az \u00e9jszaka lez\u00e1rt vagy korl\u00e1tozottan haszn\u00e1lhat\u00f3 ter\u00fcleteket, \u00e9s pr\u00f3b\u00e1lj an\u00e9lk\u00fcl haza\u00e9rni, hogy f\u00e1zn\u00e1l vagy \u00e1t\u00e1zn\u00e1l. Hosszabb \u00e9s nyugodtabb t\u00far\u00e1khoz elegend\u0151 lehet, ha el\u0151re kiv\u00e1lasztasz n\u00e9h\u00e1ny \u00fatjelz\u0151t, amelyek eligaz\u00edtanak majd. M\u00e1skor teljes m\u00e9rt\u00e9kben kihaszn\u00e1lhatod a GPS-t \u00e9s egy\u00e9b alkalmaz\u00e1sokat, melyek gondoskodnak helyetted a navig\u00e1ci\u00f3r\u00f3l.<\/p>\n<h2><strong>\u00d3vatosan a v\u00e1rosi ter\u00fcleteken<\/strong><\/h2>\n<figure id=\"attachment_18058\" aria-describedby=\"caption-attachment-18058\" style=\"width: 1250px\" class=\"wp-caption alignnone\"><a href=\"https:\/\/d2p6e6u75xmxt8.cloudfront.net\/12\/2023\/10\/Denmark-Traffic-Cycling-profimedia-0159649491.webp\"><img loading=\"lazy\" decoding=\"async\" class=\"wp-image-18058 size-full\" src=\"https:\/\/d2p6e6u75xmxt8.cloudfront.net\/12\/2023\/10\/Denmark-Traffic-Cycling-profimedia-0159649491.webp\" alt=\"Cycling at night\" width=\"1250\" height=\"833\" srcset=\"https:\/\/d2p6e6u75xmxt8.cloudfront.net\/12\/2023\/10\/Denmark-Traffic-Cycling-profimedia-0159649491.webp 1250w, https:\/\/d2p6e6u75xmxt8.cloudfront.net\/12\/2023\/10\/Denmark-Traffic-Cycling-profimedia-0159649491-300x200.webp 300w, https:\/\/d2p6e6u75xmxt8.cloudfront.net\/12\/2023\/10\/Denmark-Traffic-Cycling-profimedia-0159649491-1024x682.webp 1024w, https:\/\/d2p6e6u75xmxt8.cloudfront.net\/12\/2023\/10\/Denmark-Traffic-Cycling-profimedia-0159649491-768x512.webp 768w, https:\/\/d2p6e6u75xmxt8.cloudfront.net\/12\/2023\/10\/Denmark-Traffic-Cycling-profimedia-0159649491-400x267.webp 400w, https:\/\/d2p6e6u75xmxt8.cloudfront.net\/12\/2023\/10\/Denmark-Traffic-Cycling-profimedia-0159649491-272x182.webp 272w\" sizes=\"auto, (max-width: 1250px) 100vw, 1250px\" \/><\/a><figcaption id=\"caption-attachment-18058\" class=\"wp-caption-text\">Legy\u00e9l k\u00fcl\u00f6n\u00f6sen \u00f3vatos a v\u00e1rosi ter\u00fcleteken. \u00a9 Jochen Tack \/ Alamy \/ Alamy \/ Profimedia<\/figcaption><\/figure>\n<p>A v\u00e1rosok \u00e9s falvak t\u0171nhetnek a legbiztons\u00e1gosabb helysz\u00edneknek az \u00e9jszakai ker\u00e9kp\u00e1roz\u00e1shoz, de ennek az ellenkez\u0151je is igaz lehet, hiszen ezesetben a forgalmat is figyelembe kell venned. Fontos, hogy j\u00f3l felszerelkezz l\u00e1mp\u00e1kkal \u00e9s f\u00e9nyvisszaver\u0151 elemekkel, hogy az aut\u00f3sok \u00e9szrevegyenek. Emellett legy\u00e9l k\u00fcl\u00f6n\u00f6sen \u00f3vatos naplementekor, ugyanis a vak\u00edt\u00f3 f\u00e9ny miatt k\u00f6nnyen el\u0151fordulhat, hogy egyes j\u00e1rm\u0171vezet\u0151k sz\u00e1m\u00e1ra kev\u00e9sb\u00e9 leszel l\u00e1that\u00f3.<\/p>\n<p>A legjobb, ha a v\u00e1rosban val\u00f3 \u00e9jszakai bring\u00e1z\u00e1shoz j\u00f3l kivil\u00e1g\u00edtott ker\u00e9kp\u00e1rutakat vagy kis forgalm\u00fa \u00fatvonalakat v\u00e1lasztasz, \u00e9s ker\u00fcl\u00f6d az elszigetelt ter\u00fcleteket. A tervez\u00e9skor azt is ellen\u0151rizd, hogy a kiv\u00e1lasztott utak vagy parkok az \u00e9jszaka bizonyos \u00f3r\u00e1iban le vannak-e z\u00e1rva.<\/p>\n<h2><strong>Ker\u00fcld a v\u00e1ratlan meglepet\u00e9seket az \u00f6sv\u00e9nyeken<\/strong><\/h2>\n<p>Egy j\u00f3l megtervezett \u00fatvonal fokozza a ker\u00e9kp\u00e1roz\u00e1s \u00f6r\u00f6m\u00e9t a der\u0171s, csillagos \u00e9gbolt alatt. Lehet\u0151v\u00e9 teszi, hogy an\u00e9lk\u00fcl fedezd fel az \u00e9jszakai t\u00e1j csendes sz\u00e9ps\u00e9g\u00e9t, hogy folyamatosan v\u00e1ratlan akad\u00e1lyok vagy kih\u00edv\u00e1sok k\u00f6z\u00f6tt kellene navig\u00e1lnod. Ha indul\u00e1s el\u0151tt megtervezed az utat, el\u0151re leellen\u0151rizheted, hogy vannak-e a k\u00f6rny\u00e9ken \u00e9p\u00edtkez\u00e9sek vagy egy\u00e9b \u00fatakad\u00e1lyok, \u00edgy elker\u00fclheted a nem k\u00edv\u00e1nt meglepet\u00e9seket.<\/p>\n<p>\u00c9jszakai t\u00far\u00e1dhoz v\u00e1lassz m\u00e9rs\u00e9kelten neh\u00e9z terepet. A helyi \u00f6sv\u00e9nyek, melyeket kor\u00e1bban m\u00e1r megh\u00f3d\u00edtott\u00e1l, \u00e9jszaka teljesen m\u00e1sk\u00e9pp fognak kin\u00e9zni, olyan \u00e1rny\u00e9kokkal, holtterekkel \u00e9s szikl\u00e1kkal, amiket kor\u00e1bban \u00e9szre sem vett\u00e9l. Ahogy egyre t\u00f6bb tapasztalatot szerzel, n\u00f6velheted majd a neh\u00e9zs\u00e9gi szintet.<\/p>\n<h2><strong>Ford\u00edtsd el\u0151ny\u00f6dre a navig\u00e1ci\u00f3s technol\u00f3gi\u00e1kat <\/strong><\/h2>\n<p>Ha van egy telefon a zsebedben, az \u00e1ltal\u00e1ban kiseg\u00edt a bajb\u00f3l, ha esetleg elt\u00e9vedsz \u00e9jszaka. De ne feledd, hogy a telefon akkumul\u00e1tora lemer\u00fclhet, \u00e9s t\u00e9rer\u0151 sincs mindig. Jav\u00edthatod az es\u00e9lyeidet, ha el\u0151re let\u00f6lt\u00f6d a k\u00f6rny\u00e9k t\u00e9rk\u00e9p\u00e9t, s\u0151t, ha hosszabb kalandra indulsz, \u00e9rdemes egy j\u00f3 \u00f6reg pap\u00edrt\u00e9rk\u00e9pet is magaddal vinned.<\/p>\n<p>Ezen k\u00edv\u00fcl haszn\u00e1lhatsz riaszt\u00f3rendszert is. A Garmin k\u00e9sz\u00fcl\u00e9ked, valamint a telefonod rendelkezik olyan funkci\u00f3val, hogy jelz\u00e9st k\u00fcldj\u00f6n a seg\u00e9lyszolg\u00e1latoknak vagy a csal\u00e1dodnak, ha bajba ker\u00fclsz. Ez bizonyos k\u00f6r\u00fclm\u00e9nyek k\u00f6z\u00f6tt sz\u00f3 szerint \u00e9letment\u0151 lehet.<\/p>\n<h2><strong>Csekkold az id\u0151j\u00e1r\u00e1st<\/strong><\/h2>\n<p>S\u00f6t\u00e9ted\u00e9s ut\u00e1n az id\u0151j\u00e1r\u00e1s dr\u00e1maian megv\u00e1ltozhat. Ha m\u00e9g nincs tapasztalatod az \u00e9jszakai ker\u00e9kp\u00e1roz\u00e1sban, az \u00fatvonal megtervez\u00e9sekor mindenk\u00e9ppen n\u00e9zd meg az el\u0151rejelz\u00e9seket. Az \u00e9jszakai t\u00far\u00e1k olyan \u00e9rz\u00e9st kelthetnek, mintha t\u00e9len tekern\u00e9l, m\u00e9g akkor is, ha nappal egy\u00e9bk\u00e9nt meleg van. Emellett val\u00f3sz\u00edn\u0171leg azt sem szeretn\u00e9d, ha az \u00e9jszaka k\u00f6zep\u00e9n felk\u00e9sz\u00fcletlen\u00fcl \u00e9rne egy heves es\u0151. Ha pedig az \u00e9jszakai h\u0151m\u00e9rs\u00e9klet k\u00f6zel\u00edt a fagyponthoz, legy\u00e9l m\u00e9g \u00f3vatosabb, k\u00fcl\u00f6n\u00f6sen, ha v\u00edzk\u00f6zeli \u00fatvonalat tervezel, mivel azok nagyon gyorsan cs\u00fasz\u00f3ss\u00e1 v\u00e1lhatnak.<\/p>\n<h2><strong>Tekerj egy bar\u00e1ttal<\/strong><\/h2>\n<p>Az \u00e9jszakai bring\u00e1z\u00e1s fantasztikus csoportos tev\u00e9kenys\u00e9g, amely mindig maradand\u00f3 eml\u00e9keket teremt. A biztons\u00e1gotokat is n\u00f6veli, ha t\u00f6bb f\u00e9ny van az \u00faton, tov\u00e1bb\u00e1 a bar\u00e1tok seg\u00edts\u00e9gedre lehetnek egy baleset vagy egy mechanikai probl\u00e9ma eset\u00e9n is. Mindemellett pedig egy nagyobb csoport t\u00f6bb telefont \u00e9s t\u00f6bb akkumul\u00e1torid\u0151t is jelent, ha esetleg GPS-re lenne sz\u00fcks\u00e9g.<\/p>\n<p>A megfelel\u0151 felszerel\u00e9ssel \u00e9s az \u00fatvonal el\u0151zetes megtervez\u00e9s\u00e9vel biztons\u00e1gosan v\u00e1ghatsz neki az els\u0151 \u00e9jszakai t\u00far\u00e1dnak. Ha pedig elkap az \u00e9jszakai ker\u00e9kp\u00e1roz\u00e1s lend\u00fclete, n\u00e9zd meg a k\u00f6vetkez\u0151 cikk\u00fcnket a s\u00f6t\u00e9tben val\u00f3 bicikliz\u00e9s elsaj\u00e1t\u00edt\u00e1s\u00e1hoz sz\u00fcks\u00e9ges halad\u00f3 tippekr\u0151l!<\/p>\n","protected":false},"excerpt":{"rendered":"<p>A tervez\u00e9s rendk\u00edv\u00fcl fontos, amikor s\u00f6t\u00e9tben indulsz \u00fatnak. \u00c9jszaka minden m\u00e1sk\u00e9pp n\u00e9z ki, \u00e9s ha folyton elt\u00e9vedsz, egy b\u00e9k\u00e9s, \u00e9lvezetes [&hellip;]<\/p>\n","protected":false},"author":71,"featured_media":18060,"comment_status":"open","ping_status":"open","sticky":false,"template":"","format":"standard","meta":{"footnotes":""},"categories":[6],"tags":[],"global-categories":[],"class_list":["post-18057","post","type-post","status-publish","format-standard","has-post-thumbnail","hentry","category-edzes-es-eletmod"],"yoast_head":"<!-- This site is optimized with the Yoast SEO Premium plugin v25.3 (Yoast SEO v25.9) - https:\/\/yoast.com\/wordpress\/plugins\/seo\/ -->\n<title>\u00c9jszakai ker\u00e9kp\u00e1roz\u00e1s \u2013 \u00datvonaltervez\u00e9s<\/title>\n<meta name=\"description\" content=\"A tervez\u00e9s rendk\u00edv\u00fcl fontos, amikor s\u00f6t\u00e9tben indulsz \u00fatnak. \u00c9jszaka minden m\u00e1sk\u00e9pp n\u00e9z ki, \u00e9s ha folyton elt\u00e9vedsz, egy b\u00e9k\u00e9s, \u00e9lvezetes utaz\u00e1s gyorsan meg\u00e1ll\u00e1sok \u00e9s elindul\u00e1sok frusztr\u00e1l\u00f3 sorozat\u00e1v\u00e1 v\u00e1lhat. \u00cdme n\u00e9h\u00e1ny tipp, amely seg\u00edthet profi m\u00f3don megtervezni az \u00fatvonalaidat, ak\u00e1r v\u00e1rosi k\u00f6rnyezetben, ak\u00e1r erdei \u00f6sv\u00e9nyeken tekersz.\" \/>\n<meta name=\"robots\" content=\"index, follow, max-snippet:-1, max-image-preview:large, max-video-preview:-1\" \/>\n<link rel=\"canonical\" href=\"https:\/\/www.welovecycling.com\/hu\/edzes-es-eletmod\/ejszakai-kerekparozas-utvonaltervezes\/\" \/>\n<meta property=\"og:locale\" content=\"hu_HU\" \/>\n<meta property=\"og:type\" content=\"article\" \/>\n<meta property=\"og:title\" content=\"\u00c9jszakai ker\u00e9kp\u00e1roz\u00e1s \u2013 \u00datvonaltervez\u00e9s\" \/>\n<meta property=\"og:description\" content=\"A tervez\u00e9s rendk\u00edv\u00fcl fontos, amikor s\u00f6t\u00e9tben indulsz \u00fatnak. \u00c9jszaka minden m\u00e1sk\u00e9pp n\u00e9z ki, \u00e9s ha folyton elt\u00e9vedsz, egy b\u00e9k\u00e9s, \u00e9lvezetes utaz\u00e1s gyorsan meg\u00e1ll\u00e1sok \u00e9s elindul\u00e1sok frusztr\u00e1l\u00f3 sorozat\u00e1v\u00e1 v\u00e1lhat. \u00cdme n\u00e9h\u00e1ny tipp, amely seg\u00edthet profi m\u00f3don megtervezni az \u00fatvonalaidat, ak\u00e1r v\u00e1rosi k\u00f6rnyezetben, ak\u00e1r erdei \u00f6sv\u00e9nyeken tekersz.\" \/>\n<meta property=\"og:url\" content=\"https:\/\/www.welovecycling.com\/hu\/edzes-es-eletmod\/ejszakai-kerekparozas-utvonaltervezes\/\" \/>\n<meta property=\"og:site_name\" content=\"\u0160koda We Love Cycling - Magyarorsz\u00e1g\" \/>\n<meta property=\"article:publisher\" content=\"https:\/\/www.facebook.com\/WeLoveCyclingHungary\/\" \/>\n<meta property=\"article:published_time\" content=\"2023-11-03T06:00:39+00:00\" \/>\n<meta property=\"og:image\" content=\"https:\/\/d2p6e6u75xmxt8.cloudfront.net\/12\/2023\/10\/Night-Cycling-profimedia-0034549988-CVR.webp\" \/>\n\t<meta property=\"og:image:width\" content=\"990\" \/>\n\t<meta property=\"og:image:height\" content=\"660\" \/>\n\t<meta property=\"og:image:type\" content=\"image\/webp\" \/>\n<meta name=\"author\" content=\"hegyizs\" \/>\n<meta name=\"twitter:card\" content=\"summary_large_image\" \/>\n<meta name=\"twitter:label1\" content=\"Written by\" \/>\n\t<meta name=\"twitter:data1\" content=\"Jiri Kaloc\" \/>\n\t<meta name=\"twitter:label2\" content=\"Est. reading time\" \/>\n\t<meta name=\"twitter:data2\" content=\"3\" \/>\n<script type=\"application\/ld+json\" class=\"yoast-schema-graph\">{\"@context\":\"https:\/\/schema.org\",\"@graph\":[{\"@type\":\"WebPage\",\"@id\":\"https:\/\/www.welovecycling.com\/hu\/edzes-es-eletmod\/ejszakai-kerekparozas-utvonaltervezes\/\",\"url\":\"https:\/\/www.welovecycling.com\/hu\/edzes-es-eletmod\/ejszakai-kerekparozas-utvonaltervezes\/\",\"name\":\"\u00c9jszakai ker\u00e9kp\u00e1roz\u00e1s \u2013 \u00datvonaltervez\u00e9s\",\"isPartOf\":{\"@id\":\"https:\/\/www.welovecycling.com\/hu\/#website\"},\"primaryImageOfPage\":{\"@id\":\"https:\/\/www.welovecycling.com\/hu\/edzes-es-eletmod\/ejszakai-kerekparozas-utvonaltervezes\/#primaryimage\"},\"image\":{\"@id\":\"https:\/\/www.welovecycling.com\/hu\/edzes-es-eletmod\/ejszakai-kerekparozas-utvonaltervezes\/#primaryimage\"},\"thumbnailUrl\":\"https:\/\/d2p6e6u75xmxt8.cloudfront.net\/12\/2023\/10\/Night-Cycling-profimedia-0034549988-CVR.webp\",\"datePublished\":\"2023-11-03T06:00:39+00:00\",\"author\":{\"@id\":\"https:\/\/www.welovecycling.com\/hu\/#\/schema\/person\/414a2aebf1801691a5320edb6468e194\"},\"description\":\"A tervez\u00e9s rendk\u00edv\u00fcl fontos, amikor s\u00f6t\u00e9tben indulsz \u00fatnak. \u00c9jszaka minden m\u00e1sk\u00e9pp n\u00e9z ki, \u00e9s ha folyton elt\u00e9vedsz, egy b\u00e9k\u00e9s, \u00e9lvezetes utaz\u00e1s gyorsan meg\u00e1ll\u00e1sok \u00e9s elindul\u00e1sok frusztr\u00e1l\u00f3 sorozat\u00e1v\u00e1 v\u00e1lhat. \u00cdme n\u00e9h\u00e1ny tipp, amely seg\u00edthet profi m\u00f3don megtervezni az \u00fatvonalaidat, ak\u00e1r v\u00e1rosi k\u00f6rnyezetben, ak\u00e1r erdei \u00f6sv\u00e9nyeken tekersz.\",\"breadcrumb\":{\"@id\":\"https:\/\/www.welovecycling.com\/hu\/edzes-es-eletmod\/ejszakai-kerekparozas-utvonaltervezes\/#breadcrumb\"},\"inLanguage\":\"hu\",\"potentialAction\":[{\"@type\":\"ReadAction\",\"target\":[\"https:\/\/www.welovecycling.com\/hu\/edzes-es-eletmod\/ejszakai-kerekparozas-utvonaltervezes\/\"]}]},{\"@type\":\"ImageObject\",\"inLanguage\":\"hu\",\"@id\":\"https:\/\/www.welovecycling.com\/hu\/edzes-es-eletmod\/ejszakai-kerekparozas-utvonaltervezes\/#primaryimage\",\"url\":\"https:\/\/d2p6e6u75xmxt8.cloudfront.net\/12\/2023\/10\/Night-Cycling-profimedia-0034549988-CVR.webp\",\"contentUrl\":\"https:\/\/d2p6e6u75xmxt8.cloudfront.net\/12\/2023\/10\/Night-Cycling-profimedia-0034549988-CVR.webp\",\"width\":990,\"height\":660,\"caption\":\"Night Cycling\"},{\"@type\":\"BreadcrumbList\",\"@id\":\"https:\/\/www.welovecycling.com\/hu\/edzes-es-eletmod\/ejszakai-kerekparozas-utvonaltervezes\/#breadcrumb\",\"itemListElement\":[{\"@type\":\"ListItem\",\"position\":1,\"name\":\"Home\",\"item\":\"https:\/\/www.welovecycling.com\/hu\/\"},{\"@type\":\"ListItem\",\"position\":2,\"name\":\"\u00c9jszakai ker\u00e9kp\u00e1roz\u00e1s \u2013 \u00datvonaltervez\u00e9s\"}]},{\"@type\":\"WebSite\",\"@id\":\"https:\/\/www.welovecycling.com\/hu\/#website\",\"url\":\"https:\/\/www.welovecycling.com\/hu\/\",\"name\":\"\u0160koda We Love Cycling - Magyarorsz\u00e1g\",\"description\":\"\u0160koda WeLoveCycling\",\"potentialAction\":[{\"@type\":\"SearchAction\",\"target\":{\"@type\":\"EntryPoint\",\"urlTemplate\":\"https:\/\/www.welovecycling.com\/hu\/?s={search_term_string}\"},\"query-input\":{\"@type\":\"PropertyValueSpecification\",\"valueRequired\":true,\"valueName\":\"search_term_string\"}}],\"inLanguage\":\"hu\"},{\"@type\":\"Person\",\"@id\":\"https:\/\/www.welovecycling.com\/hu\/#\/schema\/person\/414a2aebf1801691a5320edb6468e194\",\"name\":\"hegyizs\",\"image\":{\"@type\":\"ImageObject\",\"inLanguage\":\"hu\",\"@id\":\"https:\/\/www.welovecycling.com\/hu\/#\/schema\/person\/image\/\",\"url\":\"https:\/\/secure.gravatar.com\/avatar\/02cf8a7906b8cf90cecb4679defac7cfd33a1c2e3b88e4903d947f3bb58eedd3?s=96&d=mm&r=g\",\"contentUrl\":\"https:\/\/secure.gravatar.com\/avatar\/02cf8a7906b8cf90cecb4679defac7cfd33a1c2e3b88e4903d947f3bb58eedd3?s=96&d=mm&r=g\",\"caption\":\"hegyizs\"},\"url\":\"https:\/\/www.welovecycling.com\/hu\/author\/hegyizs\/\"}]}<\/script>\n<!-- \/ Yoast SEO Premium plugin. -->","yoast_head_json":{"title":"\u00c9jszakai ker\u00e9kp\u00e1roz\u00e1s \u2013 \u00datvonaltervez\u00e9s","description":"A tervez\u00e9s rendk\u00edv\u00fcl fontos, amikor s\u00f6t\u00e9tben indulsz \u00fatnak. \u00c9jszaka minden m\u00e1sk\u00e9pp n\u00e9z ki, \u00e9s ha folyton elt\u00e9vedsz, egy b\u00e9k\u00e9s, \u00e9lvezetes utaz\u00e1s gyorsan meg\u00e1ll\u00e1sok \u00e9s elindul\u00e1sok frusztr\u00e1l\u00f3 sorozat\u00e1v\u00e1 v\u00e1lhat. \u00cdme n\u00e9h\u00e1ny tipp, amely seg\u00edthet profi m\u00f3don megtervezni az \u00fatvonalaidat, ak\u00e1r v\u00e1rosi k\u00f6rnyezetben, ak\u00e1r erdei \u00f6sv\u00e9nyeken tekersz.","robots":{"index":"index","follow":"follow","max-snippet":"max-snippet:-1","max-image-preview":"max-image-preview:large","max-video-preview":"max-video-preview:-1"},"canonical":"https:\/\/www.welovecycling.com\/hu\/edzes-es-eletmod\/ejszakai-kerekparozas-utvonaltervezes\/","og_locale":"hu_HU","og_type":"article","og_title":"\u00c9jszakai ker\u00e9kp\u00e1roz\u00e1s \u2013 \u00datvonaltervez\u00e9s","og_description":"A tervez\u00e9s rendk\u00edv\u00fcl fontos, amikor s\u00f6t\u00e9tben indulsz \u00fatnak. \u00c9jszaka minden m\u00e1sk\u00e9pp n\u00e9z ki, \u00e9s ha folyton elt\u00e9vedsz, egy b\u00e9k\u00e9s, \u00e9lvezetes utaz\u00e1s gyorsan meg\u00e1ll\u00e1sok \u00e9s elindul\u00e1sok frusztr\u00e1l\u00f3 sorozat\u00e1v\u00e1 v\u00e1lhat. \u00cdme n\u00e9h\u00e1ny tipp, amely seg\u00edthet profi m\u00f3don megtervezni az \u00fatvonalaidat, ak\u00e1r v\u00e1rosi k\u00f6rnyezetben, ak\u00e1r erdei \u00f6sv\u00e9nyeken tekersz.","og_url":"https:\/\/www.welovecycling.com\/hu\/edzes-es-eletmod\/ejszakai-kerekparozas-utvonaltervezes\/","og_site_name":"\u0160koda We Love Cycling - Magyarorsz\u00e1g","article_publisher":"https:\/\/www.facebook.com\/WeLoveCyclingHungary\/","article_published_time":"2023-11-03T06:00:39+00:00","og_image":[{"width":990,"height":660,"url":"https:\/\/d2p6e6u75xmxt8.cloudfront.net\/12\/2023\/10\/Night-Cycling-profimedia-0034549988-CVR.webp","type":"image\/webp"}],"author":"hegyizs","twitter_card":"summary_large_image","twitter_misc":{"Written by":"Jiri Kaloc","Est. reading time":"3"},"schema":{"@context":"https:\/\/schema.org","@graph":[{"@type":"WebPage","@id":"https:\/\/www.welovecycling.com\/hu\/edzes-es-eletmod\/ejszakai-kerekparozas-utvonaltervezes\/","url":"https:\/\/www.welovecycling.com\/hu\/edzes-es-eletmod\/ejszakai-kerekparozas-utvonaltervezes\/","name":"\u00c9jszakai ker\u00e9kp\u00e1roz\u00e1s \u2013 \u00datvonaltervez\u00e9s","isPartOf":{"@id":"https:\/\/www.welovecycling.com\/hu\/#website"},"primaryImageOfPage":{"@id":"https:\/\/www.welovecycling.com\/hu\/edzes-es-eletmod\/ejszakai-kerekparozas-utvonaltervezes\/#primaryimage"},"image":{"@id":"https:\/\/www.welovecycling.com\/hu\/edzes-es-eletmod\/ejszakai-kerekparozas-utvonaltervezes\/#primaryimage"},"thumbnailUrl":"https:\/\/d2p6e6u75xmxt8.cloudfront.net\/12\/2023\/10\/Night-Cycling-profimedia-0034549988-CVR.webp","datePublished":"2023-11-03T06:00:39+00:00","author":{"@id":"https:\/\/www.welovecycling.com\/hu\/#\/schema\/person\/414a2aebf1801691a5320edb6468e194"},"description":"A tervez\u00e9s rendk\u00edv\u00fcl fontos, amikor s\u00f6t\u00e9tben indulsz \u00fatnak. \u00c9jszaka minden m\u00e1sk\u00e9pp n\u00e9z ki, \u00e9s ha folyton elt\u00e9vedsz, egy b\u00e9k\u00e9s, \u00e9lvezetes utaz\u00e1s gyorsan meg\u00e1ll\u00e1sok \u00e9s elindul\u00e1sok frusztr\u00e1l\u00f3 sorozat\u00e1v\u00e1 v\u00e1lhat. \u00cdme n\u00e9h\u00e1ny tipp, amely seg\u00edthet profi m\u00f3don megtervezni az \u00fatvonalaidat, ak\u00e1r v\u00e1rosi k\u00f6rnyezetben, ak\u00e1r erdei \u00f6sv\u00e9nyeken tekersz.","breadcrumb":{"@id":"https:\/\/www.welovecycling.com\/hu\/edzes-es-eletmod\/ejszakai-kerekparozas-utvonaltervezes\/#breadcrumb"},"inLanguage":"hu","potentialAction":[{"@type":"ReadAction","target":["https:\/\/www.welovecycling.com\/hu\/edzes-es-eletmod\/ejszakai-kerekparozas-utvonaltervezes\/"]}]},{"@type":"ImageObject","inLanguage":"hu","@id":"https:\/\/www.welovecycling.com\/hu\/edzes-es-eletmod\/ejszakai-kerekparozas-utvonaltervezes\/#primaryimage","url":"https:\/\/d2p6e6u75xmxt8.cloudfront.net\/12\/2023\/10\/Night-Cycling-profimedia-0034549988-CVR.webp","contentUrl":"https:\/\/d2p6e6u75xmxt8.cloudfront.net\/12\/2023\/10\/Night-Cycling-profimedia-0034549988-CVR.webp","width":990,"height":660,"caption":"Night Cycling"},{"@type":"BreadcrumbList","@id":"https:\/\/www.welovecycling.com\/hu\/edzes-es-eletmod\/ejszakai-kerekparozas-utvonaltervezes\/#breadcrumb","itemListElement":[{"@type":"ListItem","position":1,"name":"Home","item":"https:\/\/www.welovecycling.com\/hu\/"},{"@type":"ListItem","position":2,"name":"\u00c9jszakai ker\u00e9kp\u00e1roz\u00e1s \u2013 \u00datvonaltervez\u00e9s"}]},{"@type":"WebSite","@id":"https:\/\/www.welovecycling.com\/hu\/#website","url":"https:\/\/www.welovecycling.com\/hu\/","name":"\u0160koda We Love Cycling - Magyarorsz\u00e1g","description":"\u0160koda WeLoveCycling","potentialAction":[{"@type":"SearchAction","target":{"@type":"EntryPoint","urlTemplate":"https:\/\/www.welovecycling.com\/hu\/?s={search_term_string}"},"query-input":{"@type":"PropertyValueSpecification","valueRequired":true,"valueName":"search_term_string"}}],"inLanguage":"hu"},{"@type":"Person","@id":"https:\/\/www.welovecycling.com\/hu\/#\/schema\/person\/414a2aebf1801691a5320edb6468e194","name":"hegyizs","image":{"@type":"ImageObject","inLanguage":"hu","@id":"https:\/\/www.welovecycling.com\/hu\/#\/schema\/person\/image\/","url":"https:\/\/secure.gravatar.com\/avatar\/02cf8a7906b8cf90cecb4679defac7cfd33a1c2e3b88e4903d947f3bb58eedd3?s=96&d=mm&r=g","contentUrl":"https:\/\/secure.gravatar.com\/avatar\/02cf8a7906b8cf90cecb4679defac7cfd33a1c2e3b88e4903d947f3bb58eedd3?s=96&d=mm&r=g","caption":"hegyizs"},"url":"https:\/\/www.welovecycling.com\/hu\/author\/hegyizs\/"}]}},"_links":{"self":[{"href":"https:\/\/www.welovecycling.com\/hu\/wp-json\/wp\/v2\/posts\/18057","targetHints":{"allow":["GET"]}}],"collection":[{"href":"https:\/\/www.welovecycling.com\/hu\/wp-json\/wp\/v2\/posts"}],"about":[{"href":"https:\/\/www.welovecycling.com\/hu\/wp-json\/wp\/v2\/types\/post"}],"author":[{"embeddable":true,"href":"https:\/\/www.welovecycling.com\/hu\/wp-json\/wp\/v2\/users\/71"}],"replies":[{"embeddable":true,"href":"https:\/\/www.welovecycling.com\/hu\/wp-json\/wp\/v2\/comments?post=18057"}],"version-history":[{"count":2,"href":"https:\/\/www.welovecycling.com\/hu\/wp-json\/wp\/v2\/posts\/18057\/revisions"}],"predecessor-version":[{"id":18061,"href":"https:\/\/www.welovecycling.com\/hu\/wp-json\/wp\/v2\/posts\/18057\/revisions\/18061"}],"wp:featuredmedia":[{"embeddable":true,"href":"https:\/\/www.welovecycling.com\/hu\/wp-json\/wp\/v2\/media\/18060"}],"wp:attachment":[{"href":"https:\/\/www.welovecycling.com\/hu\/wp-json\/wp\/v2\/media?parent=18057"}],"wp:term":[{"taxonomy":"category","embeddable":true,"href":"https:\/\/www.welovecycling.com\/hu\/wp-json\/wp\/v2\/categories?post=18057"},{"taxonomy":"post_tag","embeddable":true,"href":"https:\/\/www.welovecycling.com\/hu\/wp-json\/wp\/v2\/tags?post=18057"},{"taxonomy":"global-categories","embeddable":true,"href":"https:\/\/www.welovecycling.com\/hu\/wp-json\/wp\/v2\/global-categories?post=18057"}],"curies":[{"name":"wp","href":"https:\/\/api.w.org\/{rel}","templated":true}]}}