{"id":18050,"date":"2023-10-31T08:00:24","date_gmt":"2023-10-31T06:00:24","guid":{"rendered":"https:\/\/www.welovecycling.com\/hu\/?p=18050"},"modified":"2023-10-27T15:04:03","modified_gmt":"2023-10-27T13:04:03","slug":"10-kisertetjarta-osveny-tekerj-hatborzongato-torteneteikrol-ismert-helyszineken-iden-halloweenkor","status":"publish","type":"post","link":"https:\/\/www.welovecycling.com\/hu\/kozosseg-es-kultura\/10-kisertetjarta-osveny-tekerj-hatborzongato-torteneteikrol-ismert-helyszineken-iden-halloweenkor\/","title":{"rendered":"10 k\u00eds\u00e9rtetj\u00e1rta \u00f6sv\u00e9ny: Tekerj h\u00e1tborzongat\u00f3 t\u00f6rt\u00e9neteikr\u0151l ismert helysz\u00edneken id\u00e9n Halloweenkor!"},"content":{"rendered":"<p><strong>Itt az ideje szabadj\u00e1ra engedni a k\u00e9pzeleted. V\u00e1lassz egyet a legrejt\u00e9lyesebb \u00e9s legh\u00e1tborzongat\u00f3bb c\u00e9lpontok k\u00f6z\u00fcl, \u00e9s indulj el egy ijeszt\u0151 utaz\u00e1sra. Ebben a cikkben bemutatjuk a vil\u00e1g azon k\u00eds\u00e9rtetj\u00e1rta helyeinek list\u00e1j\u00e1t, melyekt\u0151l nemcsak borzong\u00e1st, de egy szuper ker\u00e9kp\u00e1ros kalandot is rem\u00e9lhetsz. Te elmenn\u00e9l ezekre a k\u00eds\u00e9rteties, ugyanakkor izgalmas teker\u00e9sekre ezeken a t\u00falvil\u00e1gi helysz\u00edneken?<\/strong><\/p>\n<p><!--more--><\/p>\n<h2><strong>1. M\u00e1laga, Spanyolorsz\u00e1g<\/strong><\/h2>\n<p>Ha M\u00e1lag\u00e1ra gondolsz, minden bizonnyal a naps\u00fct\u00f6tte strandok \u00e9s a friss\u00edt\u0151 italok jutnak eszedbe. A vibr\u00e1l\u00f3 k\u00fcls\u0151 m\u00f6g\u00f6tt azonban a Cortijo Jurado, egy 19. sz\u00e1zadi angol g\u00f3tikus k\u00faria rejt\u0151zik, s\u00f6t\u00e9t \u00e9s titokzatos m\u00falttal. Ez a r\u00e9miszt\u0151 helysz\u00edn, amit egykor &#8220;Elvar\u00e1zsolt Kast\u00e9lyk\u00e9nt&#8221; ismertek, h\u00e1tborzongat\u00f3 esem\u00e9nyeknek volt egykor a szemtan\u00faja. A mai napig hallani a balj\u00f3s pletyk\u00e1kat fiatal l\u00e1nyok elt\u0171n\u00e9s\u00e9r\u0151l, f\u00f6ld alatti alagutakr\u00f3l, k\u00ednz\u00f3kamr\u00e1kr\u00f3l \u00e9s s\u00e1t\u00e1ni ritu\u00e1l\u00e9kr\u00f3l. B\u00e1r az igazs\u00e1got tov\u00e1bbra is rejt\u00e9ly \u00f6vezi, az elhagyatott h\u00e1z k\u00f6r\u00fcl tekerg\u0151 ker\u00e9kp\u00e1ros \u00fatvonalon bicajozva a hideg futkos majd a h\u00e1tadon, ak\u00e1r s\u00fct a nap, ak\u00e1r nem. Ha pedig m\u00e9g t\u00f6bb k\u00eds\u00e9rteties \u00e9lm\u00e9nyre v\u00e1gysz, n\u00e9zd meg a M\u00e1laga k\u00fclv\u00e1ros\u00e1ban tal\u00e1lhat\u00f3 Campanillas k\u00f6rny\u00e9ki ker\u00e9kp\u00e1ros \u00fatvonalakat is.<\/p>\n<h2><strong>2. <\/strong><strong>Drakula kast\u00e9lya, T\u00f6rcsv\u00e1r, Rom\u00e1nia<\/strong><\/h2>\n<figure id=\"attachment_18051\" aria-describedby=\"caption-attachment-18051\" style=\"width: 990px\" class=\"wp-caption alignnone\"><a href=\"https:\/\/d2p6e6u75xmxt8.cloudfront.net\/12\/2023\/10\/Dracula-Casle-Romania-profimedia-0805893745.webp\"><img loading=\"lazy\" decoding=\"async\" class=\"wp-image-18051 size-full\" src=\"https:\/\/d2p6e6u75xmxt8.cloudfront.net\/12\/2023\/10\/Dracula-Casle-Romania-profimedia-0805893745.webp\" alt=\"Castle of Dracula\" width=\"990\" height=\"660\" srcset=\"https:\/\/d2p6e6u75xmxt8.cloudfront.net\/12\/2023\/10\/Dracula-Casle-Romania-profimedia-0805893745.webp 990w, https:\/\/d2p6e6u75xmxt8.cloudfront.net\/12\/2023\/10\/Dracula-Casle-Romania-profimedia-0805893745-300x200.webp 300w, https:\/\/d2p6e6u75xmxt8.cloudfront.net\/12\/2023\/10\/Dracula-Casle-Romania-profimedia-0805893745-768x512.webp 768w, https:\/\/d2p6e6u75xmxt8.cloudfront.net\/12\/2023\/10\/Dracula-Casle-Romania-profimedia-0805893745-400x267.webp 400w, https:\/\/d2p6e6u75xmxt8.cloudfront.net\/12\/2023\/10\/Dracula-Casle-Romania-profimedia-0805893745-272x182.webp 272w\" sizes=\"auto, (max-width: 990px) 100vw, 990px\" \/><\/a><figcaption id=\"caption-attachment-18051\" class=\"wp-caption-text\">A Drakula kast\u00e9lyak\u00e9nt is ismert t\u00f6rcsv\u00e1ri kast\u00e9ly. \u00a9 Profimedia<\/figcaption><\/figure>\n<p>A Drakula kast\u00e9lyak\u00e9nt is ismert t\u00f6rcsv\u00e1ri kast\u00e9ly Rom\u00e1nia sz\u00edv\u00e9ben tal\u00e1lhat\u00f3. Felejtsd el a modern m\u00e9di\u00e1ban l\u00e1tott ny\u00e1jas v\u00e1mp\u00edrt; Drakula val\u00f3j\u00e1ban egy t\u00f6rt\u00e9nelmi alak, III. Vlad havasf\u00f6ldi fejedelem volt. B\u00e1r a kast\u00e9ly t\u00f6rt\u00e9nete nem igaz\u00e1n kapcsol\u00f3dik Drakul\u00e1hoz, Bram Stoker m\u00e9gis ezt a helysz\u00ednt v\u00e1lasztotta f\u0151h\u0151se otthonak\u00e9nt, \u00e9s szerint\u00fcnk hamar meg fogod \u00e9rteni, mi\u00e9rt. A fest\u0151i k\u00f6rnyezetben ker\u00e9kp\u00e1rozva elgondolkodhatsz a kast\u00e9ly m\u00faltj\u00e1nak val\u00f3di t\u00f6rt\u00e9netein, mik\u00f6zben engedsz az egyik legh\u00edresebb v\u00e1mp\u00edr vonzerej\u00e9nek.<\/p>\n<h2><strong>3. Hampton Court Palota, Egyes\u00fclt Kir\u00e1lys\u00e1g<\/strong><\/h2>\n<p>Engedd szabadj\u00e1ra szellemvad\u00e1sz \u00e9ned, mik\u00f6zben felfedezed az Egyes\u00fclt Kir\u00e1lys\u00e1g nemzeti ker\u00e9kp\u00e1r\u00fat-h\u00e1l\u00f3zat\u00e1nak egyik \u00fatvonal\u00e1t a Hampton Court Palota ment\u00e9n, amely a k\u00f6rny\u00e9k egyik legn\u00e9pszer\u0171bb turisztikai l\u00e1tv\u00e1nyoss\u00e1ga. A l\u00e1tsz\u00f3lag f\u00e9ny\u0171z\u0151 palota s\u00f6t\u00e9t titkot rejt: \u00e1ll\u00edt\u00f3lag VIII. Henrik \u00f6t\u00f6dik feles\u00e9g\u00e9nek, Howard Katalinnak a szelleme k\u00f3borol a kast\u00e9ly termeiben. Katalin tragikus t\u00f6rt\u00e9nete, h\u00e1zi \u0151rizetbe helyez\u00e9se \u00e9s korai kiv\u00e9gz\u00e9se a mai napig k\u00eds\u00e9rteties \u00e1rny\u00e9kot vet a palot\u00e1ra. A l\u00e1togat\u00f3k f\u00e9lelmetes jelens\u00e9gekr\u0151l sz\u00e1molnak be \u00e9s azt \u00e1ll\u00edtj\u00e1k, hogy hallhat\u00f3ak az \u00farn\u0151 sikolyai.<\/p>\n<h2><strong>4. Maine-et-Loire, Franciaorsz\u00e1g<\/strong><\/h2>\n<p>A Loire-v\u00f6lgy &#8220;\u00f3ri\u00e1sak\u00e9nt&#8221; uralkod\u00f3 francia kast\u00e9ly 204 szob\u00e1val, gal\u00e9ri\u00e1kkal \u00e9s egy megr\u00e1z\u00f3 t\u00f6rt\u00e9nettel b\u00fcszk\u00e9lkedhet. A mendemonda szerint La Dame Verte, m\u00e1s n\u00e9ven a Z\u00f6ld H\u00f6lgy egy rosszul siker\u00fclt szerelmi viszony \u00e1ldozata lett itt. Ma a kast\u00e9ly sz\u00e1llodak\u00e9nt m\u0171k\u00f6dik, \u00e9s aki el\u00e9g b\u00e1tor, tal\u00e1lkozhat a Z\u00f6ld H\u00f6lggyel \u00e9jszaka. Mik\u00f6zben \u00e9lvezed a fest\u0151i vid\u00e9ken tett ker\u00e9kp\u00e1rutakat, tal\u00e1n sort ker\u00edthetsz egy kis szellemvad\u00e1szatra is.<\/p>\n<h2><strong>5. Bhangarh, Rajasthan, India<\/strong><\/h2>\n<figure id=\"attachment_18052\" aria-describedby=\"caption-attachment-18052\" style=\"width: 990px\" class=\"wp-caption alignnone\"><a href=\"https:\/\/d2p6e6u75xmxt8.cloudfront.net\/12\/2023\/10\/Somnath-India-profimedia-0159891011.webp\"><img loading=\"lazy\" decoding=\"async\" class=\"wp-image-18052 size-full\" src=\"https:\/\/d2p6e6u75xmxt8.cloudfront.net\/12\/2023\/10\/Somnath-India-profimedia-0159891011.webp\" alt=\"Bhanargh, India\" width=\"990\" height=\"660\" srcset=\"https:\/\/d2p6e6u75xmxt8.cloudfront.net\/12\/2023\/10\/Somnath-India-profimedia-0159891011.webp 990w, https:\/\/d2p6e6u75xmxt8.cloudfront.net\/12\/2023\/10\/Somnath-India-profimedia-0159891011-300x200.webp 300w, https:\/\/d2p6e6u75xmxt8.cloudfront.net\/12\/2023\/10\/Somnath-India-profimedia-0159891011-768x512.webp 768w, https:\/\/d2p6e6u75xmxt8.cloudfront.net\/12\/2023\/10\/Somnath-India-profimedia-0159891011-400x267.webp 400w, https:\/\/d2p6e6u75xmxt8.cloudfront.net\/12\/2023\/10\/Somnath-India-profimedia-0159891011-272x182.webp 272w\" sizes=\"auto, (max-width: 990px) 100vw, 990px\" \/><\/a><figcaption id=\"caption-attachment-18052\" class=\"wp-caption-text\">A Somnath templom romjai az indiai Bhangarhban. \u00a9 Profimedia<\/figcaption><\/figure>\n<p>Utazz vissza a 17. sz\u00e1zadba \u00e9s l\u00e1togass el a Rajasthanban tal\u00e1lhat\u00f3 Bhangarh romjaihoz. Itt \u00e9lvezheted a fens\u00e9ges er\u0151d\u00edtm\u00e9nyek \u00e9s templomok l\u00e9legzetel\u00e1ll\u00edt\u00f3 l\u00e1tv\u00e1ny\u00e1t, melyekre h\u00e1tborzongat\u00f3 \u00e1rny\u00e9kot vetnek a k\u00eds\u00e9rtetekr\u0151l \u00e9s \u00e1tkokr\u00f3l sz\u00f3l\u00f3 t\u00f6rt\u00e9netek. A legend\u00e1k egy var\u00e1zsl\u00f3r\u00f3l \u00e9s egy el\u00e1tkozott hercegn\u0151r\u0151l sz\u00f3lnak, akik m\u00e9g mindig az er\u0151d folyos\u00f3in j\u00e1rk\u00e1lnak. Mik\u00f6zben bej\u00e1rod a k\u00f6rny\u00e9ket a ker\u00e9kp\u00e1roddal, tartsd nyitva a szemed, \u00fagy tal\u00e1n felfedheted a rejt\u00e9lyeket, melyek ezt az \u0151si helysz\u00ednt \u00f6vezik.<\/p>\n<h2><strong>6. Wotton-Under-Edge, Gloucestershire, Egyes\u00fclt Kir\u00e1lys\u00e1g <\/strong><\/h2>\n<p>Mer\u00e9szkedj el az Egyes\u00fclt Kir\u00e1lys\u00e1g var\u00e1zslatos Cotswolds vid\u00e9k\u00e9re, ahol Wotton-Under-Edge v\u00e1r t\u00e9ged. A falu, amelyr\u0151l \u00fagy tartj\u00e1k, hogy spiritu\u00e1lis energi\u00e1val rendelkezik, s\u00f6t\u00e9t mes\u00e9ket reg\u00e9l gyermek\u00e1ldozatokr\u00f3l \u00e9s s\u00e1t\u00e1nim\u00e1d\u00f3kr\u00f3l. A helysz\u00ednen tal\u00e1lhat\u00f3 Ancient Ram Inn pedig, amely a term\u00e9szetfeletti tal\u00e1lkoz\u00f3k h\u00edrhedt helysz\u00edne, egy k\u00eds\u00e9rtetj\u00e1rta &#8220;boszork\u00e1nyszob\u00e1val&#8221; \u00e9s az 1500-as \u00e9vekig visszany\u00fal\u00f3 t\u00f6rt\u00e9nelm\u00e9vel b\u00fcszk\u00e9lkedhet. Ker\u00e9kp\u00e1rozz kereszt\u00fcl a gy\u00f6ny\u00f6r\u0171 Cotswolds vid\u00e9ken, \u00e9s ha mered, fejezd be az utat egy s\u00f6r\u00f6z\u00e9ssel az Ancient Ram Innben.<\/p>\n<h2><strong>7. Hell Fire Club, Montpellier Hill, \u00cdrorsz\u00e1g<\/strong><\/h2>\n<p>\u00cdrorsz\u00e1got \u00e1tsz\u00f6vik a k\u00eds\u00e9rtethist\u00f3ri\u00e1k, \u00e9s ez al\u00f3l a Montpelier Hillen tal\u00e1lhat\u00f3 Hell Fire Club sem kiv\u00e9tel. Az 1925-ben \u00e9p\u00fclt s\u00f6t\u00e9t m\u00falt\u00fa vad\u00e1szkast\u00e9ly \u0151si s\u00edrokkal van tele. Az \u00e1llat\u00e1ldozatokr\u00f3l, fekete mis\u00e9kr\u0151l \u00e9s egy pat\u00e1s s\u00e1t\u00e1ni l\u00e1togat\u00f3r\u00f3l sz\u00f3l\u00f3 t\u00f6rt\u00e9netek pedig csak m\u00e9g h\u00e1tborzongat\u00f3bb\u00e1 teszik a helyet. A ter\u00fclet sz\u00e1mos j\u00f3l karbantartott \u00f6sv\u00e9nynek is otthont ad, amiket kedved szerint felfedezhetsz, mik\u00f6zben Halloween alkalm\u00e1b\u00f3l bej\u00e1rod a bring\u00e1ddal ezt a k\u00eds\u00e9rteties vid\u00e9ket.<\/p>\n<h2><strong>8. Fort Worden \u00c1llami T\u00f6rt\u00e9nelmi Park, Washington<\/strong><\/h2>\n<figure id=\"attachment_18053\" aria-describedby=\"caption-attachment-18053\" style=\"width: 990px\" class=\"wp-caption alignnone\"><a href=\"https:\/\/d2p6e6u75xmxt8.cloudfront.net\/12\/2023\/10\/Fort-Worden-State-profimedia-0779167890.webp\"><img loading=\"lazy\" decoding=\"async\" class=\"wp-image-18053 size-full\" src=\"https:\/\/d2p6e6u75xmxt8.cloudfront.net\/12\/2023\/10\/Fort-Worden-State-profimedia-0779167890.webp\" alt=\"Fort Worden State\" width=\"990\" height=\"660\" srcset=\"https:\/\/d2p6e6u75xmxt8.cloudfront.net\/12\/2023\/10\/Fort-Worden-State-profimedia-0779167890.webp 990w, https:\/\/d2p6e6u75xmxt8.cloudfront.net\/12\/2023\/10\/Fort-Worden-State-profimedia-0779167890-300x200.webp 300w, https:\/\/d2p6e6u75xmxt8.cloudfront.net\/12\/2023\/10\/Fort-Worden-State-profimedia-0779167890-768x512.webp 768w, https:\/\/d2p6e6u75xmxt8.cloudfront.net\/12\/2023\/10\/Fort-Worden-State-profimedia-0779167890-400x267.webp 400w, https:\/\/d2p6e6u75xmxt8.cloudfront.net\/12\/2023\/10\/Fort-Worden-State-profimedia-0779167890-272x182.webp 272w\" sizes=\"auto, (max-width: 990px) 100vw, 990px\" \/><\/a><figcaption id=\"caption-attachment-18053\" class=\"wp-caption-text\">A Fort Worden t\u00fcz\u00e9rs\u00e9gi \u00fcteg l\u00e1tk\u00e9pe. \u00a9 Profimedia<\/figcaption><\/figure>\n<p>A washingtoni Fort Worden T\u00f6rt\u00e9nelmi \u00c1llami Park alatt eltemetett alagutak, titokzatos szob\u00e1k \u00e9s t\u00f6bbsz\u00e1z\u00e9ves er\u0151d\u00edtm\u00e9nyek v\u00e1rj\u00e1k a b\u00e1tor ker\u00e9kp\u00e1rosokat. A helysz\u00ednt illet\u0151en k\u00eds\u00e9rtetekr\u0151l sz\u00f3l\u00f3 pletyk\u00e1k keringenek, \u00e9s sok l\u00e1togat\u00f3 nyugtalan\u00edt\u00f3 \u00e9lm\u00e9nyekr\u0151l is besz\u00e1molt. A szellemvad\u00e1szok paranorm\u00e1lis jelens\u00e9geket dokument\u00e1ltak, k\u00f6zt\u00fck izz\u00f3 g\u00f6mb\u00f6ket \u00e9s megmagyar\u00e1zhatatlan elektrom\u00e1gneses jeleket. Nem csoda, hogy a m\u00falt visszhangjai m\u00e9g mindig ott lappanganak a ter\u00fcleten, hiszen az egykor katonai b\u00e1zisk\u00e9nt \u00e9s fiatalkor\u00faak b\u00f6rt\u00f6nek\u00e9nt is m\u0171k\u00f6d\u0151 hely gazdag t\u00f6rt\u00e9nelemre tekint vissza. Vedd el\u0151 a mountain bike-odat, \u00e9s k\u00e9sz\u00fclj a retteg\u00e9sre.<\/p>\n<h2><strong>9. A Holtak szigete, Vancouver<\/strong><\/h2>\n<p>A Stanley Park, Vancouver \u00fatvonal-h\u00e1l\u00f3zat\u00e1nak fest\u0151i \u00e9kk\u00f6ve, amely ugyanakkor k\u00f6zel \u00e1ll Kanada egyik legh\u00e1tborzongat\u00f3bb hely\u00e9hez, a Holtak sziget\u00e9hez. Ez a f\u00e9lelmetes ter\u00fclet a Coast Salish t\u00f6rzsek csataterek\u00e9nt, az \u0151slakosok temetkez\u00e9si helyek\u00e9nt \u00e9s az eur\u00f3pai telepesek nyughelyek\u00e9nt szolg\u00e1lt. Manaps\u00e1g sokan \u2013 k\u00fcl\u00f6n\u00f6sen a k\u00f6zeli haditenger\u00e9szeti b\u00e1zison \u00e1llom\u00e1soz\u00f3k \u2013 arr\u00f3l suttognak, hogy \u00e9jjelente hallani a k\u00eds\u00e9rteties l\u00e9ptek \u00e9s a cs\u00f6rg\u0151 l\u00e1ncok zaj\u00e1t. Ez az \u00fat egyszerre k\u00edn\u00e1l sz\u00e9ps\u00e9get \u00e9s r\u00e9ms\u00e9get, ami t\u00f6k\u00e9letes kombin\u00e1ci\u00f3ja egy halloweeni kalandnak.<\/p>\n<h2><strong>10. Gippsland, Haunted Hills Bike Park, Victoria, Ausztr\u00e1lia<\/strong><\/h2>\n<p>Tekerj egyet a Victoria \u00e1llambeli Latrobe Valley k\u00f6rny\u00e9k\u00e9n h\u00faz\u00f3d\u00f3 f\u00e9lelmetes hegyekben, ahol a szarvasmarh\u00e1k l\u00e1thatatlan k\u00eds\u00e9rtetek el\u0151tt toporognak, \u00e9s k\u00fcl\u00f6n\u00f6s hangok rezon\u00e1lnak a f\u00f6ldben. Az egykori \u00e1llattart\u00f3k szellemeir\u0151l sz\u00f3l\u00f3 legend\u00e1k \u00e9s a vid\u00e9k h\u00e1tborzongat\u00f3 t\u00f6rt\u00e9nelme nem hagy majd nyugodni. Hajmereszt\u0151 mitol\u00f3gi\u00e1ja k\u00fcl\u00f6n\u00f6sen felejthetetlen \u00fati c\u00e9ll\u00e1 teszi a Newborough \u00e9s Morwell k\u00f6z\u00f6tt fekv\u0151 Haunted Hills-t. Csak el ne feledd, hogy a szomsz\u00e9dban egy temet\u0151 van, \u00edgy ez a k\u00eds\u00e9rteties \u00e9lm\u00e9ny tal\u00e1n kicsit t\u00fals\u00e1gosan is val\u00f3s\u00e1gos lesz.<\/p>\n","protected":false},"excerpt":{"rendered":"<p>Itt az ideje szabadj\u00e1ra engedni a k\u00e9pzeleted. V\u00e1lassz egyet a legrejt\u00e9lyesebb \u00e9s legh\u00e1tborzongat\u00f3bb c\u00e9lpontok k\u00f6z\u00fcl, \u00e9s indulj el egy ijeszt\u0151 [&hellip;]<\/p>\n","protected":false},"author":71,"featured_media":18055,"comment_status":"open","ping_status":"open","sticky":false,"template":"","format":"standard","meta":{"footnotes":""},"categories":[12],"tags":[],"global-categories":[],"class_list":["post-18050","post","type-post","status-publish","format-standard","has-post-thumbnail","hentry","category-kozosseg-es-kultura"],"yoast_head":"<!-- This site is optimized with the Yoast SEO Premium plugin v25.3 (Yoast SEO v25.9) - https:\/\/yoast.com\/wordpress\/plugins\/seo\/ -->\n<title>10 k\u00eds\u00e9rtetj\u00e1rta \u00f6sv\u00e9ny: Tekerj h\u00e1tborzongat\u00f3 t\u00f6rt\u00e9neteikr\u0151l ismert helysz\u00edneken id\u00e9n Halloweenkor!<\/title>\n<meta name=\"description\" content=\"Itt az ideje szabadj\u00e1ra engedni a k\u00e9pzeleted. V\u00e1lassz egyet a legrejt\u00e9lyesebb \u00e9s legh\u00e1tborzongat\u00f3bb c\u00e9lpontok k\u00f6z\u00fcl, \u00e9s indulj el egy ijeszt\u0151 utaz\u00e1sra. Ebben a cikkben bemutatjuk a vil\u00e1g azon k\u00eds\u00e9rtetj\u00e1rta helyeinek list\u00e1j\u00e1t, melyekt\u0151l nemcsak borzong\u00e1st, de egy szuper ker\u00e9kp\u00e1ros kalandot is rem\u00e9lhetsz. Te elmenn\u00e9l ezekre a k\u00eds\u00e9rteties, ugyanakkor izgalmas teker\u00e9sekre ezeken a t\u00falvil\u00e1gi helysz\u00edneken?\" \/>\n<meta name=\"robots\" content=\"index, follow, max-snippet:-1, max-image-preview:large, max-video-preview:-1\" \/>\n<link rel=\"canonical\" href=\"https:\/\/www.welovecycling.com\/hu\/kozosseg-es-kultura\/10-kisertetjarta-osveny-tekerj-hatborzongato-torteneteikrol-ismert-helyszineken-iden-halloweenkor\/\" \/>\n<meta property=\"og:locale\" content=\"hu_HU\" \/>\n<meta property=\"og:type\" content=\"article\" \/>\n<meta property=\"og:title\" content=\"10 k\u00eds\u00e9rtetj\u00e1rta \u00f6sv\u00e9ny: Tekerj h\u00e1tborzongat\u00f3 t\u00f6rt\u00e9neteikr\u0151l ismert helysz\u00edneken id\u00e9n Halloweenkor!\" \/>\n<meta property=\"og:description\" content=\"Itt az ideje szabadj\u00e1ra engedni a k\u00e9pzeleted. V\u00e1lassz egyet a legrejt\u00e9lyesebb \u00e9s legh\u00e1tborzongat\u00f3bb c\u00e9lpontok k\u00f6z\u00fcl, \u00e9s indulj el egy ijeszt\u0151 utaz\u00e1sra. Ebben a cikkben bemutatjuk a vil\u00e1g azon k\u00eds\u00e9rtetj\u00e1rta helyeinek list\u00e1j\u00e1t, melyekt\u0151l nemcsak borzong\u00e1st, de egy szuper ker\u00e9kp\u00e1ros kalandot is rem\u00e9lhetsz. Te elmenn\u00e9l ezekre a k\u00eds\u00e9rteties, ugyanakkor izgalmas teker\u00e9sekre ezeken a t\u00falvil\u00e1gi helysz\u00edneken?\" \/>\n<meta property=\"og:url\" content=\"https:\/\/www.welovecycling.com\/hu\/kozosseg-es-kultura\/10-kisertetjarta-osveny-tekerj-hatborzongato-torteneteikrol-ismert-helyszineken-iden-halloweenkor\/\" \/>\n<meta property=\"og:site_name\" content=\"\u0160koda We Love Cycling - Magyarorsz\u00e1g\" \/>\n<meta property=\"article:publisher\" content=\"https:\/\/www.facebook.com\/WeLoveCyclingHungary\/\" \/>\n<meta property=\"article:published_time\" content=\"2023-10-31T06:00:24+00:00\" \/>\n<meta property=\"og:image\" content=\"https:\/\/d2p6e6u75xmxt8.cloudfront.net\/12\/2023\/10\/Halloween-Pexels-5859427-CVR.webp\" \/>\n\t<meta property=\"og:image:width\" content=\"990\" \/>\n\t<meta property=\"og:image:height\" content=\"660\" \/>\n\t<meta property=\"og:image:type\" content=\"image\/webp\" \/>\n<meta name=\"author\" content=\"hegyizs\" \/>\n<meta name=\"twitter:card\" content=\"summary_large_image\" \/>\n<meta name=\"twitter:label1\" content=\"Written by\" \/>\n\t<meta name=\"twitter:data1\" content=\"Megan Flottorp\" \/>\n\t<meta name=\"twitter:label2\" content=\"Est. reading time\" \/>\n\t<meta name=\"twitter:data2\" content=\"5\" \/>\n<script type=\"application\/ld+json\" class=\"yoast-schema-graph\">{\"@context\":\"https:\/\/schema.org\",\"@graph\":[{\"@type\":\"WebPage\",\"@id\":\"https:\/\/www.welovecycling.com\/hu\/kozosseg-es-kultura\/10-kisertetjarta-osveny-tekerj-hatborzongato-torteneteikrol-ismert-helyszineken-iden-halloweenkor\/\",\"url\":\"https:\/\/www.welovecycling.com\/hu\/kozosseg-es-kultura\/10-kisertetjarta-osveny-tekerj-hatborzongato-torteneteikrol-ismert-helyszineken-iden-halloweenkor\/\",\"name\":\"10 k\u00eds\u00e9rtetj\u00e1rta \u00f6sv\u00e9ny: Tekerj h\u00e1tborzongat\u00f3 t\u00f6rt\u00e9neteikr\u0151l ismert helysz\u00edneken id\u00e9n Halloweenkor!\",\"isPartOf\":{\"@id\":\"https:\/\/www.welovecycling.com\/hu\/#website\"},\"primaryImageOfPage\":{\"@id\":\"https:\/\/www.welovecycling.com\/hu\/kozosseg-es-kultura\/10-kisertetjarta-osveny-tekerj-hatborzongato-torteneteikrol-ismert-helyszineken-iden-halloweenkor\/#primaryimage\"},\"image\":{\"@id\":\"https:\/\/www.welovecycling.com\/hu\/kozosseg-es-kultura\/10-kisertetjarta-osveny-tekerj-hatborzongato-torteneteikrol-ismert-helyszineken-iden-halloweenkor\/#primaryimage\"},\"thumbnailUrl\":\"https:\/\/d2p6e6u75xmxt8.cloudfront.net\/12\/2023\/10\/Halloween-Pexels-5859427-CVR.webp\",\"datePublished\":\"2023-10-31T06:00:24+00:00\",\"author\":{\"@id\":\"https:\/\/www.welovecycling.com\/hu\/#\/schema\/person\/414a2aebf1801691a5320edb6468e194\"},\"description\":\"Itt az ideje szabadj\u00e1ra engedni a k\u00e9pzeleted. V\u00e1lassz egyet a legrejt\u00e9lyesebb \u00e9s legh\u00e1tborzongat\u00f3bb c\u00e9lpontok k\u00f6z\u00fcl, \u00e9s indulj el egy ijeszt\u0151 utaz\u00e1sra. Ebben a cikkben bemutatjuk a vil\u00e1g azon k\u00eds\u00e9rtetj\u00e1rta helyeinek list\u00e1j\u00e1t, melyekt\u0151l nemcsak borzong\u00e1st, de egy szuper ker\u00e9kp\u00e1ros kalandot is rem\u00e9lhetsz. Te elmenn\u00e9l ezekre a k\u00eds\u00e9rteties, ugyanakkor izgalmas teker\u00e9sekre ezeken a t\u00falvil\u00e1gi helysz\u00edneken?\",\"breadcrumb\":{\"@id\":\"https:\/\/www.welovecycling.com\/hu\/kozosseg-es-kultura\/10-kisertetjarta-osveny-tekerj-hatborzongato-torteneteikrol-ismert-helyszineken-iden-halloweenkor\/#breadcrumb\"},\"inLanguage\":\"hu\",\"potentialAction\":[{\"@type\":\"ReadAction\",\"target\":[\"https:\/\/www.welovecycling.com\/hu\/kozosseg-es-kultura\/10-kisertetjarta-osveny-tekerj-hatborzongato-torteneteikrol-ismert-helyszineken-iden-halloweenkor\/\"]}]},{\"@type\":\"ImageObject\",\"inLanguage\":\"hu\",\"@id\":\"https:\/\/www.welovecycling.com\/hu\/kozosseg-es-kultura\/10-kisertetjarta-osveny-tekerj-hatborzongato-torteneteikrol-ismert-helyszineken-iden-halloweenkor\/#primaryimage\",\"url\":\"https:\/\/d2p6e6u75xmxt8.cloudfront.net\/12\/2023\/10\/Halloween-Pexels-5859427-CVR.webp\",\"contentUrl\":\"https:\/\/d2p6e6u75xmxt8.cloudfront.net\/12\/2023\/10\/Halloween-Pexels-5859427-CVR.webp\",\"width\":990,\"height\":660,\"caption\":\"Halloween\"},{\"@type\":\"BreadcrumbList\",\"@id\":\"https:\/\/www.welovecycling.com\/hu\/kozosseg-es-kultura\/10-kisertetjarta-osveny-tekerj-hatborzongato-torteneteikrol-ismert-helyszineken-iden-halloweenkor\/#breadcrumb\",\"itemListElement\":[{\"@type\":\"ListItem\",\"position\":1,\"name\":\"Home\",\"item\":\"https:\/\/www.welovecycling.com\/hu\/\"},{\"@type\":\"ListItem\",\"position\":2,\"name\":\"10 k\u00eds\u00e9rtetj\u00e1rta \u00f6sv\u00e9ny: Tekerj h\u00e1tborzongat\u00f3 t\u00f6rt\u00e9neteikr\u0151l ismert helysz\u00edneken id\u00e9n Halloweenkor!\"}]},{\"@type\":\"WebSite\",\"@id\":\"https:\/\/www.welovecycling.com\/hu\/#website\",\"url\":\"https:\/\/www.welovecycling.com\/hu\/\",\"name\":\"\u0160koda We Love Cycling - Magyarorsz\u00e1g\",\"description\":\"\u0160koda WeLoveCycling\",\"potentialAction\":[{\"@type\":\"SearchAction\",\"target\":{\"@type\":\"EntryPoint\",\"urlTemplate\":\"https:\/\/www.welovecycling.com\/hu\/?s={search_term_string}\"},\"query-input\":{\"@type\":\"PropertyValueSpecification\",\"valueRequired\":true,\"valueName\":\"search_term_string\"}}],\"inLanguage\":\"hu\"},{\"@type\":\"Person\",\"@id\":\"https:\/\/www.welovecycling.com\/hu\/#\/schema\/person\/414a2aebf1801691a5320edb6468e194\",\"name\":\"hegyizs\",\"image\":{\"@type\":\"ImageObject\",\"inLanguage\":\"hu\",\"@id\":\"https:\/\/www.welovecycling.com\/hu\/#\/schema\/person\/image\/\",\"url\":\"https:\/\/secure.gravatar.com\/avatar\/02cf8a7906b8cf90cecb4679defac7cfd33a1c2e3b88e4903d947f3bb58eedd3?s=96&d=mm&r=g\",\"contentUrl\":\"https:\/\/secure.gravatar.com\/avatar\/02cf8a7906b8cf90cecb4679defac7cfd33a1c2e3b88e4903d947f3bb58eedd3?s=96&d=mm&r=g\",\"caption\":\"hegyizs\"},\"url\":\"https:\/\/www.welovecycling.com\/hu\/author\/hegyizs\/\"}]}<\/script>\n<!-- \/ Yoast SEO Premium plugin. -->","yoast_head_json":{"title":"10 k\u00eds\u00e9rtetj\u00e1rta \u00f6sv\u00e9ny: Tekerj h\u00e1tborzongat\u00f3 t\u00f6rt\u00e9neteikr\u0151l ismert helysz\u00edneken id\u00e9n Halloweenkor!","description":"Itt az ideje szabadj\u00e1ra engedni a k\u00e9pzeleted. V\u00e1lassz egyet a legrejt\u00e9lyesebb \u00e9s legh\u00e1tborzongat\u00f3bb c\u00e9lpontok k\u00f6z\u00fcl, \u00e9s indulj el egy ijeszt\u0151 utaz\u00e1sra. Ebben a cikkben bemutatjuk a vil\u00e1g azon k\u00eds\u00e9rtetj\u00e1rta helyeinek list\u00e1j\u00e1t, melyekt\u0151l nemcsak borzong\u00e1st, de egy szuper ker\u00e9kp\u00e1ros kalandot is rem\u00e9lhetsz. Te elmenn\u00e9l ezekre a k\u00eds\u00e9rteties, ugyanakkor izgalmas teker\u00e9sekre ezeken a t\u00falvil\u00e1gi helysz\u00edneken?","robots":{"index":"index","follow":"follow","max-snippet":"max-snippet:-1","max-image-preview":"max-image-preview:large","max-video-preview":"max-video-preview:-1"},"canonical":"https:\/\/www.welovecycling.com\/hu\/kozosseg-es-kultura\/10-kisertetjarta-osveny-tekerj-hatborzongato-torteneteikrol-ismert-helyszineken-iden-halloweenkor\/","og_locale":"hu_HU","og_type":"article","og_title":"10 k\u00eds\u00e9rtetj\u00e1rta \u00f6sv\u00e9ny: Tekerj h\u00e1tborzongat\u00f3 t\u00f6rt\u00e9neteikr\u0151l ismert helysz\u00edneken id\u00e9n Halloweenkor!","og_description":"Itt az ideje szabadj\u00e1ra engedni a k\u00e9pzeleted. V\u00e1lassz egyet a legrejt\u00e9lyesebb \u00e9s legh\u00e1tborzongat\u00f3bb c\u00e9lpontok k\u00f6z\u00fcl, \u00e9s indulj el egy ijeszt\u0151 utaz\u00e1sra. Ebben a cikkben bemutatjuk a vil\u00e1g azon k\u00eds\u00e9rtetj\u00e1rta helyeinek list\u00e1j\u00e1t, melyekt\u0151l nemcsak borzong\u00e1st, de egy szuper ker\u00e9kp\u00e1ros kalandot is rem\u00e9lhetsz. Te elmenn\u00e9l ezekre a k\u00eds\u00e9rteties, ugyanakkor izgalmas teker\u00e9sekre ezeken a t\u00falvil\u00e1gi helysz\u00edneken?","og_url":"https:\/\/www.welovecycling.com\/hu\/kozosseg-es-kultura\/10-kisertetjarta-osveny-tekerj-hatborzongato-torteneteikrol-ismert-helyszineken-iden-halloweenkor\/","og_site_name":"\u0160koda We Love Cycling - Magyarorsz\u00e1g","article_publisher":"https:\/\/www.facebook.com\/WeLoveCyclingHungary\/","article_published_time":"2023-10-31T06:00:24+00:00","og_image":[{"width":990,"height":660,"url":"https:\/\/d2p6e6u75xmxt8.cloudfront.net\/12\/2023\/10\/Halloween-Pexels-5859427-CVR.webp","type":"image\/webp"}],"author":"hegyizs","twitter_card":"summary_large_image","twitter_misc":{"Written by":"Megan Flottorp","Est. reading time":"5"},"schema":{"@context":"https:\/\/schema.org","@graph":[{"@type":"WebPage","@id":"https:\/\/www.welovecycling.com\/hu\/kozosseg-es-kultura\/10-kisertetjarta-osveny-tekerj-hatborzongato-torteneteikrol-ismert-helyszineken-iden-halloweenkor\/","url":"https:\/\/www.welovecycling.com\/hu\/kozosseg-es-kultura\/10-kisertetjarta-osveny-tekerj-hatborzongato-torteneteikrol-ismert-helyszineken-iden-halloweenkor\/","name":"10 k\u00eds\u00e9rtetj\u00e1rta \u00f6sv\u00e9ny: Tekerj h\u00e1tborzongat\u00f3 t\u00f6rt\u00e9neteikr\u0151l ismert helysz\u00edneken id\u00e9n Halloweenkor!","isPartOf":{"@id":"https:\/\/www.welovecycling.com\/hu\/#website"},"primaryImageOfPage":{"@id":"https:\/\/www.welovecycling.com\/hu\/kozosseg-es-kultura\/10-kisertetjarta-osveny-tekerj-hatborzongato-torteneteikrol-ismert-helyszineken-iden-halloweenkor\/#primaryimage"},"image":{"@id":"https:\/\/www.welovecycling.com\/hu\/kozosseg-es-kultura\/10-kisertetjarta-osveny-tekerj-hatborzongato-torteneteikrol-ismert-helyszineken-iden-halloweenkor\/#primaryimage"},"thumbnailUrl":"https:\/\/d2p6e6u75xmxt8.cloudfront.net\/12\/2023\/10\/Halloween-Pexels-5859427-CVR.webp","datePublished":"2023-10-31T06:00:24+00:00","author":{"@id":"https:\/\/www.welovecycling.com\/hu\/#\/schema\/person\/414a2aebf1801691a5320edb6468e194"},"description":"Itt az ideje szabadj\u00e1ra engedni a k\u00e9pzeleted. V\u00e1lassz egyet a legrejt\u00e9lyesebb \u00e9s legh\u00e1tborzongat\u00f3bb c\u00e9lpontok k\u00f6z\u00fcl, \u00e9s indulj el egy ijeszt\u0151 utaz\u00e1sra. Ebben a cikkben bemutatjuk a vil\u00e1g azon k\u00eds\u00e9rtetj\u00e1rta helyeinek list\u00e1j\u00e1t, melyekt\u0151l nemcsak borzong\u00e1st, de egy szuper ker\u00e9kp\u00e1ros kalandot is rem\u00e9lhetsz. Te elmenn\u00e9l ezekre a k\u00eds\u00e9rteties, ugyanakkor izgalmas teker\u00e9sekre ezeken a t\u00falvil\u00e1gi helysz\u00edneken?","breadcrumb":{"@id":"https:\/\/www.welovecycling.com\/hu\/kozosseg-es-kultura\/10-kisertetjarta-osveny-tekerj-hatborzongato-torteneteikrol-ismert-helyszineken-iden-halloweenkor\/#breadcrumb"},"inLanguage":"hu","potentialAction":[{"@type":"ReadAction","target":["https:\/\/www.welovecycling.com\/hu\/kozosseg-es-kultura\/10-kisertetjarta-osveny-tekerj-hatborzongato-torteneteikrol-ismert-helyszineken-iden-halloweenkor\/"]}]},{"@type":"ImageObject","inLanguage":"hu","@id":"https:\/\/www.welovecycling.com\/hu\/kozosseg-es-kultura\/10-kisertetjarta-osveny-tekerj-hatborzongato-torteneteikrol-ismert-helyszineken-iden-halloweenkor\/#primaryimage","url":"https:\/\/d2p6e6u75xmxt8.cloudfront.net\/12\/2023\/10\/Halloween-Pexels-5859427-CVR.webp","contentUrl":"https:\/\/d2p6e6u75xmxt8.cloudfront.net\/12\/2023\/10\/Halloween-Pexels-5859427-CVR.webp","width":990,"height":660,"caption":"Halloween"},{"@type":"BreadcrumbList","@id":"https:\/\/www.welovecycling.com\/hu\/kozosseg-es-kultura\/10-kisertetjarta-osveny-tekerj-hatborzongato-torteneteikrol-ismert-helyszineken-iden-halloweenkor\/#breadcrumb","itemListElement":[{"@type":"ListItem","position":1,"name":"Home","item":"https:\/\/www.welovecycling.com\/hu\/"},{"@type":"ListItem","position":2,"name":"10 k\u00eds\u00e9rtetj\u00e1rta \u00f6sv\u00e9ny: Tekerj h\u00e1tborzongat\u00f3 t\u00f6rt\u00e9neteikr\u0151l ismert helysz\u00edneken id\u00e9n Halloweenkor!"}]},{"@type":"WebSite","@id":"https:\/\/www.welovecycling.com\/hu\/#website","url":"https:\/\/www.welovecycling.com\/hu\/","name":"\u0160koda We Love Cycling - Magyarorsz\u00e1g","description":"\u0160koda WeLoveCycling","potentialAction":[{"@type":"SearchAction","target":{"@type":"EntryPoint","urlTemplate":"https:\/\/www.welovecycling.com\/hu\/?s={search_term_string}"},"query-input":{"@type":"PropertyValueSpecification","valueRequired":true,"valueName":"search_term_string"}}],"inLanguage":"hu"},{"@type":"Person","@id":"https:\/\/www.welovecycling.com\/hu\/#\/schema\/person\/414a2aebf1801691a5320edb6468e194","name":"hegyizs","image":{"@type":"ImageObject","inLanguage":"hu","@id":"https:\/\/www.welovecycling.com\/hu\/#\/schema\/person\/image\/","url":"https:\/\/secure.gravatar.com\/avatar\/02cf8a7906b8cf90cecb4679defac7cfd33a1c2e3b88e4903d947f3bb58eedd3?s=96&d=mm&r=g","contentUrl":"https:\/\/secure.gravatar.com\/avatar\/02cf8a7906b8cf90cecb4679defac7cfd33a1c2e3b88e4903d947f3bb58eedd3?s=96&d=mm&r=g","caption":"hegyizs"},"url":"https:\/\/www.welovecycling.com\/hu\/author\/hegyizs\/"}]}},"_links":{"self":[{"href":"https:\/\/www.welovecycling.com\/hu\/wp-json\/wp\/v2\/posts\/18050","targetHints":{"allow":["GET"]}}],"collection":[{"href":"https:\/\/www.welovecycling.com\/hu\/wp-json\/wp\/v2\/posts"}],"about":[{"href":"https:\/\/www.welovecycling.com\/hu\/wp-json\/wp\/v2\/types\/post"}],"author":[{"embeddable":true,"href":"https:\/\/www.welovecycling.com\/hu\/wp-json\/wp\/v2\/users\/71"}],"replies":[{"embeddable":true,"href":"https:\/\/www.welovecycling.com\/hu\/wp-json\/wp\/v2\/comments?post=18050"}],"version-history":[{"count":2,"href":"https:\/\/www.welovecycling.com\/hu\/wp-json\/wp\/v2\/posts\/18050\/revisions"}],"predecessor-version":[{"id":18056,"href":"https:\/\/www.welovecycling.com\/hu\/wp-json\/wp\/v2\/posts\/18050\/revisions\/18056"}],"wp:featuredmedia":[{"embeddable":true,"href":"https:\/\/www.welovecycling.com\/hu\/wp-json\/wp\/v2\/media\/18055"}],"wp:attachment":[{"href":"https:\/\/www.welovecycling.com\/hu\/wp-json\/wp\/v2\/media?parent=18050"}],"wp:term":[{"taxonomy":"category","embeddable":true,"href":"https:\/\/www.welovecycling.com\/hu\/wp-json\/wp\/v2\/categories?post=18050"},{"taxonomy":"post_tag","embeddable":true,"href":"https:\/\/www.welovecycling.com\/hu\/wp-json\/wp\/v2\/tags?post=18050"},{"taxonomy":"global-categories","embeddable":true,"href":"https:\/\/www.welovecycling.com\/hu\/wp-json\/wp\/v2\/global-categories?post=18050"}],"curies":[{"name":"wp","href":"https:\/\/api.w.org\/{rel}","templated":true}]}}