{"id":18039,"date":"2023-01-22T08:00:59","date_gmt":"2023-01-22T06:00:59","guid":{"rendered":"https:\/\/www.welovecycling.com\/hu\/?p=18039"},"modified":"2023-10-20T14:41:11","modified_gmt":"2023-10-20T12:41:11","slug":"vas-kata-blanka-gyozelemmel-kezdte-a-cyclocross-szezont-aztan-viszont-kulcscsontjat-torte","status":"publish","type":"post","link":"https:\/\/www.welovecycling.com\/hu\/trekking-mtb\/vas-kata-blanka-gyozelemmel-kezdte-a-cyclocross-szezont-aztan-viszont-kulcscsontjat-torte\/","title":{"rendered":"Vas Kata Blanka gy\u0151zelemmel kezdte a cyclocross-szezont, azt\u00e1n viszont kulcscsontj\u00e1t t\u00f6rte"},"content":{"rendered":"<p><strong>Der\u0171re bor\u00fa: legjobb n\u0151i bring\u00e1sunkat m\u00e1r meg is m\u0171t\u00f6tt\u00e9k, t\u00f6bbhetes kihagy\u00e1s v\u00e1r r\u00e1. K\u00f6zben a legkisebbik Vas fiv\u00e9r is egyre jobban bontogatja a sz\u00e1rnyait. <\/strong><!--more--><\/p>\n<p>Valahogy \u00fagy kezdte az \u0151szi-t\u00e9li versenyszezont Vas Kata Blanka, ahogy azt t\u0151le lassan elv\u00e1rja a \u201eszakma\u201d \u00e9s a rajong\u00f3t\u00e1bor. Legjobb n\u0151i ker\u00e9kp\u00e1rosunk a h\u00e9tv\u00e9gi, eur\u00f3pai cyclocross-id\u00e9nynyit\u00f3t r\u00f6gt\u00f6n lehengerl\u0151 teljes\u00edtm\u00e9nnyel nyerte meg a hollandiai Oisterwijkben: a majdnem h\u00e1romkilom\u00e9teres, neh\u00e9z \u00e9s v\u00e1ltozatos terep\u0171 p\u00e1ly\u00e1n Blanka a rossz id\u0151j\u00e1r\u00e1s ellen\u00e9re is szinte v\u00e9gig vezetve diadalmaskodott, r\u00e1ad\u00e1sul igen er\u0151s mez\u0151nyben olyan, hazai k\u00f6z\u00f6ns\u00e9g el\u0151tt versenyz\u0151 nagy\u00e1gy\u00fakat is megel\u0151zve, mint az Eur\u00f3pa-bajnok Annemarie Worst, az Eb-bronz\u00e9rmes Denise Betsema, vagy \u00e9ppen az U23-as vb-ez\u00fcst\u00e9rmes Aniek van Alphen. K\u00fcl\u00f6n \u00e9rdekess\u00e9g, hogy Blank\u00e1nak a k\u00e9t fi\u00fatestv\u00e9re, a b\u00e1tyja, Bal\u00e1zs \u00e9s \u00f6ccse, Barnab\u00e1s is ker\u00e9kp\u00e1rversenyz\u0151, \u00e9s a legkisebb fiv\u00e9r is egyre jobban bontogatja most m\u00e1r sz\u00e1rnyait a nemzetk\u00f6zi sz\u00ednt\u00e9ren: a Cube-Cs\u00f6m\u00f6r sz\u00edneiben versenyz\u0151 17 \u00e9ves fiatalember ugyanezen a hollandiai vil\u00e1gkup\u00e1n a juniormez\u0151nyben a dobog\u00f3r\u00f3l \u00e9ppen lemaradva a nagyszer\u0171 negyedik helyen v\u00e9gzett, el\u0151tte pedig megnyerte a szeptember utols\u00f3 h\u00e9tv\u00e9g\u00e9j\u00e9n rendezett csehorsz\u00e1gi Toi Toi Kup\u00e1t.<\/p>\n<figure id=\"attachment_18044\" aria-describedby=\"caption-attachment-18044\" style=\"width: 819px\" class=\"wp-caption alignnone\"><img loading=\"lazy\" decoding=\"async\" class=\"size-large wp-image-18044\" src=\"https:\/\/d2p6e6u75xmxt8.cloudfront.net\/12\/2023\/10\/391610861_18402224080021867_2203935746889353910_n-819x1024.webp\" alt=\"\" width=\"819\" height=\"1024\" srcset=\"https:\/\/d2p6e6u75xmxt8.cloudfront.net\/12\/2023\/10\/391610861_18402224080021867_2203935746889353910_n-819x1024.webp 819w, https:\/\/d2p6e6u75xmxt8.cloudfront.net\/12\/2023\/10\/391610861_18402224080021867_2203935746889353910_n-240x300.webp 240w, https:\/\/d2p6e6u75xmxt8.cloudfront.net\/12\/2023\/10\/391610861_18402224080021867_2203935746889353910_n-768x960.webp 768w, https:\/\/d2p6e6u75xmxt8.cloudfront.net\/12\/2023\/10\/391610861_18402224080021867_2203935746889353910_n-1229x1536.webp 1229w, https:\/\/d2p6e6u75xmxt8.cloudfront.net\/12\/2023\/10\/391610861_18402224080021867_2203935746889353910_n-320x400.webp 320w, https:\/\/d2p6e6u75xmxt8.cloudfront.net\/12\/2023\/10\/391610861_18402224080021867_2203935746889353910_n.webp 1440w\" sizes=\"auto, (max-width: 819px) 100vw, 819px\" \/><figcaption id=\"caption-attachment-18044\" class=\"wp-caption-text\">fot\u00f3k: Facebook\/Blanka Vas<\/figcaption><\/figure>\n<p>A j\u00f3 h\u00edrek sora azonban sajnos itt v\u00e9get is \u00e9rt. Vas Blanka ugyanis a remek gy\u0151zelm\u00e9t k\u00f6vet\u0151en n\u00e9h\u00e1ny nappal edz\u00e9sbalesetet szenvedett: szerd\u00e1n bukott csapata, az SD Worx edz\u00e9s\u00e9n, sajnos kulcscsontj\u00e1t t\u00f6rte, amit m\u00e9g aznap este meg is kellett oper\u00e1lni a herentals-i k\u00f3rh\u00e1zban. A 21 \u00e9ves klasszis megkezdte rehabilit\u00e1ci\u00f3j\u00e1t, v\u00e1rhat\u00f3an t\u00f6bbhetes kihagy\u00e1s v\u00e1r r\u00e1, \u00edgy a cyclocross-szezon jelent\u0151s r\u00e9sz\u00e9r\u0151l alighanem le kell mondania.<\/p>\n<p>Ez\u00e9rt pedig nagyon k\u00e1r, m\u00e1r csak az\u00e9rt is, mert Vas Kata Blanka szenz\u00e1ci\u00f3s szezont futott, ahogy arr\u00f3l mi is rendszeresen besz\u00e1moltunk: el\u0151bb j\u00faniusban t\u00f6rt\u00e9nelmi szakaszsikert aratott a Sv\u00e1jci k\u00f6rversenyen, h\u00e1rom h\u00e9ttel k\u00e9s\u0151bb m\u00e9g ezt is megfejelte a n\u0151i Giro 8. etapj\u00e1n szerzett diadal\u00e1val, a glasgow-i vil\u00e1gbajnoks\u00e1g orsz\u00e1g\u00fati mez\u0151nyverseny\u00e9ben pedig \u00f6sszetett 11. hely\u00e9vel egyben U23-as vil\u00e1gbajnok lett.<\/p>\n<p><img loading=\"lazy\" decoding=\"async\" class=\"alignnone size-large wp-image-18043\" src=\"https:\/\/d2p6e6u75xmxt8.cloudfront.net\/12\/2023\/10\/367441408_785246150277357_686133077096095805_n-819x1024.webp\" alt=\"\" width=\"819\" height=\"1024\" srcset=\"https:\/\/d2p6e6u75xmxt8.cloudfront.net\/12\/2023\/10\/367441408_785246150277357_686133077096095805_n-819x1024.webp 819w, https:\/\/d2p6e6u75xmxt8.cloudfront.net\/12\/2023\/10\/367441408_785246150277357_686133077096095805_n-240x300.webp 240w, https:\/\/d2p6e6u75xmxt8.cloudfront.net\/12\/2023\/10\/367441408_785246150277357_686133077096095805_n-768x960.webp 768w, https:\/\/d2p6e6u75xmxt8.cloudfront.net\/12\/2023\/10\/367441408_785246150277357_686133077096095805_n-1229x1536.webp 1229w, https:\/\/d2p6e6u75xmxt8.cloudfront.net\/12\/2023\/10\/367441408_785246150277357_686133077096095805_n-320x400.webp 320w, https:\/\/d2p6e6u75xmxt8.cloudfront.net\/12\/2023\/10\/367441408_785246150277357_686133077096095805_n.webp 1440w\" sizes=\"auto, (max-width: 819px) 100vw, 819px\" \/><\/p>\n<p>\u00c9s hogy a mountain bike-ban olimpiai negyedik k\u00f6z\u00f6ns\u00e9gkedvenc az\u00e9rt hegyiker\u00e9kp\u00e1rozni sem felejtett el, azt j\u00f3l mutatta, hogy Sk\u00f3ci\u00e1ban ebben a sz\u00e1mban is rajthoz \u00e1llt, \u00e9s gyakorlatilag id\u00e9n nulla szak\u00e1gi felk\u00e9sz\u00fcl\u00e9ssel is oda tudott \u00e9rni az el\u0151kel\u0151 5. helyre. Ez a j\u00f6v\u0151 \u00e9vi, p\u00e1rizsi \u00f6tkarik\u00e1s j\u00e1t\u00e9kok szempontj\u00e1b\u00f3l is roppant biztat\u00f3 eredm\u00e9ny \u2013 rem\u00e9lhet\u0151leg a mostani s\u00e9r\u00fcl\u00e9s nem h\u00e1tr\u00e1ltatja majd \u00e9rdemben a felk\u00e9sz\u00fcl\u00e9s\u00e9t.<\/p>\n<p><img loading=\"lazy\" decoding=\"async\" class=\"alignnone size-large wp-image-18042\" src=\"https:\/\/d2p6e6u75xmxt8.cloudfront.net\/12\/2023\/10\/366371044_779946150807357_6556299660625533453_n-820x1024.webp\" alt=\"\" width=\"820\" height=\"1024\" srcset=\"https:\/\/d2p6e6u75xmxt8.cloudfront.net\/12\/2023\/10\/366371044_779946150807357_6556299660625533453_n-820x1024.webp 820w, https:\/\/d2p6e6u75xmxt8.cloudfront.net\/12\/2023\/10\/366371044_779946150807357_6556299660625533453_n-240x300.webp 240w, https:\/\/d2p6e6u75xmxt8.cloudfront.net\/12\/2023\/10\/366371044_779946150807357_6556299660625533453_n-768x959.webp 768w, https:\/\/d2p6e6u75xmxt8.cloudfront.net\/12\/2023\/10\/366371044_779946150807357_6556299660625533453_n-1229x1536.webp 1229w, https:\/\/d2p6e6u75xmxt8.cloudfront.net\/12\/2023\/10\/366371044_779946150807357_6556299660625533453_n-320x400.webp 320w, https:\/\/d2p6e6u75xmxt8.cloudfront.net\/12\/2023\/10\/366371044_779946150807357_6556299660625533453_n.webp 1440w\" sizes=\"auto, (max-width: 820px) 100vw, 820px\" \/><\/p>\n","protected":false},"excerpt":{"rendered":"<p>Der\u0171re bor\u00fa: legjobb n\u0151i bring\u00e1sunkat m\u00e1r meg is m\u0171t\u00f6tt\u00e9k, t\u00f6bbhetes kihagy\u00e1s v\u00e1r r\u00e1. K\u00f6zben a legkisebbik Vas fiv\u00e9r is egyre [&hellip;]<\/p>\n","protected":false},"author":71,"featured_media":18040,"comment_status":"open","ping_status":"open","sticky":false,"template":"","format":"standard","meta":{"footnotes":""},"categories":[7],"tags":[],"global-categories":[],"class_list":["post-18039","post","type-post","status-publish","format-standard","has-post-thumbnail","hentry","category-trekking-mtb"],"yoast_head":"<!-- This site is optimized with the Yoast SEO Premium plugin v25.3 (Yoast SEO v25.9) - https:\/\/yoast.com\/wordpress\/plugins\/seo\/ -->\n<title>Vas Kata Blanka gy\u0151zelemmel kezdte a cyclocross-szezont, azt\u00e1n viszont kulcscsontj\u00e1t t\u00f6rte<\/title>\n<meta name=\"description\" content=\"Der\u0171re bor\u00fa: legjobb n\u0151i bring\u00e1sunkat m\u00e1r meg is m\u0171t\u00f6tt\u00e9k, t\u00f6bbhetes kihagy\u00e1s v\u00e1r r\u00e1. K\u00f6zben a legkisebbik Vas fiv\u00e9r is egyre jobban bontogatja a sz\u00e1rnyait.\" \/>\n<meta name=\"robots\" content=\"index, follow, max-snippet:-1, max-image-preview:large, max-video-preview:-1\" \/>\n<link rel=\"canonical\" href=\"https:\/\/www.welovecycling.com\/hu\/trekking-mtb\/vas-kata-blanka-gyozelemmel-kezdte-a-cyclocross-szezont-aztan-viszont-kulcscsontjat-torte\/\" \/>\n<meta property=\"og:locale\" content=\"hu_HU\" \/>\n<meta property=\"og:type\" content=\"article\" \/>\n<meta property=\"og:title\" content=\"Vas Kata Blanka gy\u0151zelemmel kezdte a cyclocross-szezont, azt\u00e1n viszont kulcscsontj\u00e1t t\u00f6rte\" \/>\n<meta property=\"og:description\" content=\"Der\u0171re bor\u00fa: legjobb n\u0151i bring\u00e1sunkat m\u00e1r meg is m\u0171t\u00f6tt\u00e9k, t\u00f6bbhetes kihagy\u00e1s v\u00e1r r\u00e1. K\u00f6zben a legkisebbik Vas fiv\u00e9r is egyre jobban bontogatja a sz\u00e1rnyait.\" \/>\n<meta property=\"og:url\" content=\"https:\/\/www.welovecycling.com\/hu\/trekking-mtb\/vas-kata-blanka-gyozelemmel-kezdte-a-cyclocross-szezont-aztan-viszont-kulcscsontjat-torte\/\" \/>\n<meta property=\"og:site_name\" content=\"\u0160koda We Love Cycling - Magyarorsz\u00e1g\" \/>\n<meta property=\"article:publisher\" content=\"https:\/\/www.facebook.com\/WeLoveCyclingHungary\/\" \/>\n<meta property=\"article:published_time\" content=\"2023-01-22T06:00:59+00:00\" \/>\n<meta property=\"article:modified_time\" content=\"2023-10-20T12:41:11+00:00\" \/>\n<meta property=\"og:image\" content=\"https:\/\/d2p6e6u75xmxt8.cloudfront.net\/12\/2023\/10\/unnamed.webp\" \/>\n\t<meta property=\"og:image:width\" content=\"1500\" \/>\n\t<meta property=\"og:image:height\" content=\"844\" \/>\n\t<meta property=\"og:image:type\" content=\"image\/webp\" \/>\n<meta name=\"author\" content=\"hegyizs\" \/>\n<meta name=\"twitter:card\" content=\"summary_large_image\" \/>\n<meta name=\"twitter:label1\" content=\"Written by\" \/>\n\t<meta name=\"twitter:data1\" content=\"WLC\" \/>\n\t<meta name=\"twitter:label2\" content=\"Est. reading time\" \/>\n\t<meta name=\"twitter:data2\" content=\"3 minutes\" \/>\n<script type=\"application\/ld+json\" class=\"yoast-schema-graph\">{\"@context\":\"https:\/\/schema.org\",\"@graph\":[{\"@type\":\"WebPage\",\"@id\":\"https:\/\/www.welovecycling.com\/hu\/trekking-mtb\/vas-kata-blanka-gyozelemmel-kezdte-a-cyclocross-szezont-aztan-viszont-kulcscsontjat-torte\/\",\"url\":\"https:\/\/www.welovecycling.com\/hu\/trekking-mtb\/vas-kata-blanka-gyozelemmel-kezdte-a-cyclocross-szezont-aztan-viszont-kulcscsontjat-torte\/\",\"name\":\"Vas Kata Blanka gy\u0151zelemmel kezdte a cyclocross-szezont, azt\u00e1n viszont kulcscsontj\u00e1t t\u00f6rte\",\"isPartOf\":{\"@id\":\"https:\/\/www.welovecycling.com\/hu\/#website\"},\"primaryImageOfPage\":{\"@id\":\"https:\/\/www.welovecycling.com\/hu\/trekking-mtb\/vas-kata-blanka-gyozelemmel-kezdte-a-cyclocross-szezont-aztan-viszont-kulcscsontjat-torte\/#primaryimage\"},\"image\":{\"@id\":\"https:\/\/www.welovecycling.com\/hu\/trekking-mtb\/vas-kata-blanka-gyozelemmel-kezdte-a-cyclocross-szezont-aztan-viszont-kulcscsontjat-torte\/#primaryimage\"},\"thumbnailUrl\":\"https:\/\/d2p6e6u75xmxt8.cloudfront.net\/12\/2023\/10\/unnamed.webp\",\"datePublished\":\"2023-01-22T06:00:59+00:00\",\"dateModified\":\"2023-10-20T12:41:11+00:00\",\"author\":{\"@id\":\"https:\/\/www.welovecycling.com\/hu\/#\/schema\/person\/414a2aebf1801691a5320edb6468e194\"},\"description\":\"Der\u0171re bor\u00fa: legjobb n\u0151i bring\u00e1sunkat m\u00e1r meg is m\u0171t\u00f6tt\u00e9k, t\u00f6bbhetes kihagy\u00e1s v\u00e1r r\u00e1. K\u00f6zben a legkisebbik Vas fiv\u00e9r is egyre jobban bontogatja a sz\u00e1rnyait.\",\"breadcrumb\":{\"@id\":\"https:\/\/www.welovecycling.com\/hu\/trekking-mtb\/vas-kata-blanka-gyozelemmel-kezdte-a-cyclocross-szezont-aztan-viszont-kulcscsontjat-torte\/#breadcrumb\"},\"inLanguage\":\"hu\",\"potentialAction\":[{\"@type\":\"ReadAction\",\"target\":[\"https:\/\/www.welovecycling.com\/hu\/trekking-mtb\/vas-kata-blanka-gyozelemmel-kezdte-a-cyclocross-szezont-aztan-viszont-kulcscsontjat-torte\/\"]}]},{\"@type\":\"ImageObject\",\"inLanguage\":\"hu\",\"@id\":\"https:\/\/www.welovecycling.com\/hu\/trekking-mtb\/vas-kata-blanka-gyozelemmel-kezdte-a-cyclocross-szezont-aztan-viszont-kulcscsontjat-torte\/#primaryimage\",\"url\":\"https:\/\/d2p6e6u75xmxt8.cloudfront.net\/12\/2023\/10\/unnamed.webp\",\"contentUrl\":\"https:\/\/d2p6e6u75xmxt8.cloudfront.net\/12\/2023\/10\/unnamed.webp\",\"width\":1500,\"height\":844},{\"@type\":\"BreadcrumbList\",\"@id\":\"https:\/\/www.welovecycling.com\/hu\/trekking-mtb\/vas-kata-blanka-gyozelemmel-kezdte-a-cyclocross-szezont-aztan-viszont-kulcscsontjat-torte\/#breadcrumb\",\"itemListElement\":[{\"@type\":\"ListItem\",\"position\":1,\"name\":\"Home\",\"item\":\"https:\/\/www.welovecycling.com\/hu\/\"},{\"@type\":\"ListItem\",\"position\":2,\"name\":\"Vas Kata Blanka gy\u0151zelemmel kezdte a cyclocross-szezont, azt\u00e1n viszont kulcscsontj\u00e1t t\u00f6rte\"}]},{\"@type\":\"WebSite\",\"@id\":\"https:\/\/www.welovecycling.com\/hu\/#website\",\"url\":\"https:\/\/www.welovecycling.com\/hu\/\",\"name\":\"\u0160koda We Love Cycling - Magyarorsz\u00e1g\",\"description\":\"\u0160koda WeLoveCycling\",\"potentialAction\":[{\"@type\":\"SearchAction\",\"target\":{\"@type\":\"EntryPoint\",\"urlTemplate\":\"https:\/\/www.welovecycling.com\/hu\/?s={search_term_string}\"},\"query-input\":{\"@type\":\"PropertyValueSpecification\",\"valueRequired\":true,\"valueName\":\"search_term_string\"}}],\"inLanguage\":\"hu\"},{\"@type\":\"Person\",\"@id\":\"https:\/\/www.welovecycling.com\/hu\/#\/schema\/person\/414a2aebf1801691a5320edb6468e194\",\"name\":\"hegyizs\",\"image\":{\"@type\":\"ImageObject\",\"inLanguage\":\"hu\",\"@id\":\"https:\/\/www.welovecycling.com\/hu\/#\/schema\/person\/image\/\",\"url\":\"https:\/\/secure.gravatar.com\/avatar\/02cf8a7906b8cf90cecb4679defac7cfd33a1c2e3b88e4903d947f3bb58eedd3?s=96&d=mm&r=g\",\"contentUrl\":\"https:\/\/secure.gravatar.com\/avatar\/02cf8a7906b8cf90cecb4679defac7cfd33a1c2e3b88e4903d947f3bb58eedd3?s=96&d=mm&r=g\",\"caption\":\"hegyizs\"},\"url\":\"https:\/\/www.welovecycling.com\/hu\/author\/hegyizs\/\"}]}<\/script>\n<!-- \/ Yoast SEO Premium plugin. -->","yoast_head_json":{"title":"Vas Kata Blanka gy\u0151zelemmel kezdte a cyclocross-szezont, azt\u00e1n viszont kulcscsontj\u00e1t t\u00f6rte","description":"Der\u0171re bor\u00fa: legjobb n\u0151i bring\u00e1sunkat m\u00e1r meg is m\u0171t\u00f6tt\u00e9k, t\u00f6bbhetes kihagy\u00e1s v\u00e1r r\u00e1. K\u00f6zben a legkisebbik Vas fiv\u00e9r is egyre jobban bontogatja a sz\u00e1rnyait.","robots":{"index":"index","follow":"follow","max-snippet":"max-snippet:-1","max-image-preview":"max-image-preview:large","max-video-preview":"max-video-preview:-1"},"canonical":"https:\/\/www.welovecycling.com\/hu\/trekking-mtb\/vas-kata-blanka-gyozelemmel-kezdte-a-cyclocross-szezont-aztan-viszont-kulcscsontjat-torte\/","og_locale":"hu_HU","og_type":"article","og_title":"Vas Kata Blanka gy\u0151zelemmel kezdte a cyclocross-szezont, azt\u00e1n viszont kulcscsontj\u00e1t t\u00f6rte","og_description":"Der\u0171re bor\u00fa: legjobb n\u0151i bring\u00e1sunkat m\u00e1r meg is m\u0171t\u00f6tt\u00e9k, t\u00f6bbhetes kihagy\u00e1s v\u00e1r r\u00e1. K\u00f6zben a legkisebbik Vas fiv\u00e9r is egyre jobban bontogatja a sz\u00e1rnyait.","og_url":"https:\/\/www.welovecycling.com\/hu\/trekking-mtb\/vas-kata-blanka-gyozelemmel-kezdte-a-cyclocross-szezont-aztan-viszont-kulcscsontjat-torte\/","og_site_name":"\u0160koda We Love Cycling - Magyarorsz\u00e1g","article_publisher":"https:\/\/www.facebook.com\/WeLoveCyclingHungary\/","article_published_time":"2023-01-22T06:00:59+00:00","article_modified_time":"2023-10-20T12:41:11+00:00","og_image":[{"width":1500,"height":844,"url":"https:\/\/d2p6e6u75xmxt8.cloudfront.net\/12\/2023\/10\/unnamed.webp","type":"image\/webp"}],"author":"hegyizs","twitter_card":"summary_large_image","twitter_misc":{"Written by":"WLC","Est. reading time":"3 minutes"},"schema":{"@context":"https:\/\/schema.org","@graph":[{"@type":"WebPage","@id":"https:\/\/www.welovecycling.com\/hu\/trekking-mtb\/vas-kata-blanka-gyozelemmel-kezdte-a-cyclocross-szezont-aztan-viszont-kulcscsontjat-torte\/","url":"https:\/\/www.welovecycling.com\/hu\/trekking-mtb\/vas-kata-blanka-gyozelemmel-kezdte-a-cyclocross-szezont-aztan-viszont-kulcscsontjat-torte\/","name":"Vas Kata Blanka gy\u0151zelemmel kezdte a cyclocross-szezont, azt\u00e1n viszont kulcscsontj\u00e1t t\u00f6rte","isPartOf":{"@id":"https:\/\/www.welovecycling.com\/hu\/#website"},"primaryImageOfPage":{"@id":"https:\/\/www.welovecycling.com\/hu\/trekking-mtb\/vas-kata-blanka-gyozelemmel-kezdte-a-cyclocross-szezont-aztan-viszont-kulcscsontjat-torte\/#primaryimage"},"image":{"@id":"https:\/\/www.welovecycling.com\/hu\/trekking-mtb\/vas-kata-blanka-gyozelemmel-kezdte-a-cyclocross-szezont-aztan-viszont-kulcscsontjat-torte\/#primaryimage"},"thumbnailUrl":"https:\/\/d2p6e6u75xmxt8.cloudfront.net\/12\/2023\/10\/unnamed.webp","datePublished":"2023-01-22T06:00:59+00:00","dateModified":"2023-10-20T12:41:11+00:00","author":{"@id":"https:\/\/www.welovecycling.com\/hu\/#\/schema\/person\/414a2aebf1801691a5320edb6468e194"},"description":"Der\u0171re bor\u00fa: legjobb n\u0151i bring\u00e1sunkat m\u00e1r meg is m\u0171t\u00f6tt\u00e9k, t\u00f6bbhetes kihagy\u00e1s v\u00e1r r\u00e1. K\u00f6zben a legkisebbik Vas fiv\u00e9r is egyre jobban bontogatja a sz\u00e1rnyait.","breadcrumb":{"@id":"https:\/\/www.welovecycling.com\/hu\/trekking-mtb\/vas-kata-blanka-gyozelemmel-kezdte-a-cyclocross-szezont-aztan-viszont-kulcscsontjat-torte\/#breadcrumb"},"inLanguage":"hu","potentialAction":[{"@type":"ReadAction","target":["https:\/\/www.welovecycling.com\/hu\/trekking-mtb\/vas-kata-blanka-gyozelemmel-kezdte-a-cyclocross-szezont-aztan-viszont-kulcscsontjat-torte\/"]}]},{"@type":"ImageObject","inLanguage":"hu","@id":"https:\/\/www.welovecycling.com\/hu\/trekking-mtb\/vas-kata-blanka-gyozelemmel-kezdte-a-cyclocross-szezont-aztan-viszont-kulcscsontjat-torte\/#primaryimage","url":"https:\/\/d2p6e6u75xmxt8.cloudfront.net\/12\/2023\/10\/unnamed.webp","contentUrl":"https:\/\/d2p6e6u75xmxt8.cloudfront.net\/12\/2023\/10\/unnamed.webp","width":1500,"height":844},{"@type":"BreadcrumbList","@id":"https:\/\/www.welovecycling.com\/hu\/trekking-mtb\/vas-kata-blanka-gyozelemmel-kezdte-a-cyclocross-szezont-aztan-viszont-kulcscsontjat-torte\/#breadcrumb","itemListElement":[{"@type":"ListItem","position":1,"name":"Home","item":"https:\/\/www.welovecycling.com\/hu\/"},{"@type":"ListItem","position":2,"name":"Vas Kata Blanka gy\u0151zelemmel kezdte a cyclocross-szezont, azt\u00e1n viszont kulcscsontj\u00e1t t\u00f6rte"}]},{"@type":"WebSite","@id":"https:\/\/www.welovecycling.com\/hu\/#website","url":"https:\/\/www.welovecycling.com\/hu\/","name":"\u0160koda We Love Cycling - Magyarorsz\u00e1g","description":"\u0160koda WeLoveCycling","potentialAction":[{"@type":"SearchAction","target":{"@type":"EntryPoint","urlTemplate":"https:\/\/www.welovecycling.com\/hu\/?s={search_term_string}"},"query-input":{"@type":"PropertyValueSpecification","valueRequired":true,"valueName":"search_term_string"}}],"inLanguage":"hu"},{"@type":"Person","@id":"https:\/\/www.welovecycling.com\/hu\/#\/schema\/person\/414a2aebf1801691a5320edb6468e194","name":"hegyizs","image":{"@type":"ImageObject","inLanguage":"hu","@id":"https:\/\/www.welovecycling.com\/hu\/#\/schema\/person\/image\/","url":"https:\/\/secure.gravatar.com\/avatar\/02cf8a7906b8cf90cecb4679defac7cfd33a1c2e3b88e4903d947f3bb58eedd3?s=96&d=mm&r=g","contentUrl":"https:\/\/secure.gravatar.com\/avatar\/02cf8a7906b8cf90cecb4679defac7cfd33a1c2e3b88e4903d947f3bb58eedd3?s=96&d=mm&r=g","caption":"hegyizs"},"url":"https:\/\/www.welovecycling.com\/hu\/author\/hegyizs\/"}]}},"_links":{"self":[{"href":"https:\/\/www.welovecycling.com\/hu\/wp-json\/wp\/v2\/posts\/18039","targetHints":{"allow":["GET"]}}],"collection":[{"href":"https:\/\/www.welovecycling.com\/hu\/wp-json\/wp\/v2\/posts"}],"about":[{"href":"https:\/\/www.welovecycling.com\/hu\/wp-json\/wp\/v2\/types\/post"}],"author":[{"embeddable":true,"href":"https:\/\/www.welovecycling.com\/hu\/wp-json\/wp\/v2\/users\/71"}],"replies":[{"embeddable":true,"href":"https:\/\/www.welovecycling.com\/hu\/wp-json\/wp\/v2\/comments?post=18039"}],"version-history":[{"count":1,"href":"https:\/\/www.welovecycling.com\/hu\/wp-json\/wp\/v2\/posts\/18039\/revisions"}],"predecessor-version":[{"id":18045,"href":"https:\/\/www.welovecycling.com\/hu\/wp-json\/wp\/v2\/posts\/18039\/revisions\/18045"}],"wp:featuredmedia":[{"embeddable":true,"href":"https:\/\/www.welovecycling.com\/hu\/wp-json\/wp\/v2\/media\/18040"}],"wp:attachment":[{"href":"https:\/\/www.welovecycling.com\/hu\/wp-json\/wp\/v2\/media?parent=18039"}],"wp:term":[{"taxonomy":"category","embeddable":true,"href":"https:\/\/www.welovecycling.com\/hu\/wp-json\/wp\/v2\/categories?post=18039"},{"taxonomy":"post_tag","embeddable":true,"href":"https:\/\/www.welovecycling.com\/hu\/wp-json\/wp\/v2\/tags?post=18039"},{"taxonomy":"global-categories","embeddable":true,"href":"https:\/\/www.welovecycling.com\/hu\/wp-json\/wp\/v2\/global-categories?post=18039"}],"curies":[{"name":"wp","href":"https:\/\/api.w.org\/{rel}","templated":true}]}}