{"id":18017,"date":"2023-10-27T08:00:49","date_gmt":"2023-10-27T06:00:49","guid":{"rendered":"https:\/\/www.welovecycling.com\/hu\/?p=18017"},"modified":"2023-10-20T14:38:15","modified_gmt":"2023-10-20T12:38:15","slug":"csaladi-kerekparos-nyaralas-elbuvolo-toszkana","status":"publish","type":"post","link":"https:\/\/www.welovecycling.com\/hu\/csalad\/csaladi-kerekparos-nyaralas-elbuvolo-toszkana\/","title":{"rendered":"Csal\u00e1di ker\u00e9kp\u00e1ros nyaral\u00e1s: Elb\u0171v\u00f6l\u0151 Toszk\u00e1na"},"content":{"rendered":"<p><strong>Toszk\u00e1na h\u00edres a renesz\u00e1nsz m\u0171v\u00e9szet\u00e9r\u0151l, fest\u0151i t\u00e1jair\u00f3l \u00e9s vil\u00e1gsz\u00ednvonal\u00fa borair\u00f3l: val\u00f3di \u00e9lm\u00e9nyt \u00edg\u00e9r minden \u00e9rz\u00e9kszervnek. Azoknak a csal\u00e1doknak, akik szeretnek ker\u00e9kp\u00e1rozni, kanyarg\u00f3 utakat, ciprusf\u00e1kkal szeg\u00e9lyezett \u00f6sv\u00e9nyeket \u00e9s elb\u0171v\u00f6l\u0151 kisv\u00e1rosokat rejt, amik csak arra v\u00e1rnak, hogy felfedezz\u00e9k \u0151ket. \u00cdme, egy \u00fatmutat\u00f3 a toszk\u00e1n ker\u00e9kp\u00e1ros kalandotokhoz!<\/strong><\/p>\n<p><!--more--><\/p>\n<h2><strong>Firenz\u00e9t\u0151l Fiesol\u00e9ig (10 km)<\/strong><\/h2>\n<figure id=\"attachment_18018\" aria-describedby=\"caption-attachment-18018\" style=\"width: 1250px\" class=\"wp-caption alignnone\"><a href=\"https:\/\/d2p6e6u75xmxt8.cloudfront.net\/12\/2023\/10\/Fiesole-profimedia-0766572449.webp\"><img loading=\"lazy\" decoding=\"async\" class=\"wp-image-18018 size-full\" src=\"https:\/\/d2p6e6u75xmxt8.cloudfront.net\/12\/2023\/10\/Fiesole-profimedia-0766572449.webp\" alt=\"Fiesole\" width=\"1250\" height=\"833\" srcset=\"https:\/\/d2p6e6u75xmxt8.cloudfront.net\/12\/2023\/10\/Fiesole-profimedia-0766572449.webp 1250w, https:\/\/d2p6e6u75xmxt8.cloudfront.net\/12\/2023\/10\/Fiesole-profimedia-0766572449-300x200.webp 300w, https:\/\/d2p6e6u75xmxt8.cloudfront.net\/12\/2023\/10\/Fiesole-profimedia-0766572449-1024x682.webp 1024w, https:\/\/d2p6e6u75xmxt8.cloudfront.net\/12\/2023\/10\/Fiesole-profimedia-0766572449-768x512.webp 768w, https:\/\/d2p6e6u75xmxt8.cloudfront.net\/12\/2023\/10\/Fiesole-profimedia-0766572449-400x267.webp 400w, https:\/\/d2p6e6u75xmxt8.cloudfront.net\/12\/2023\/10\/Fiesole-profimedia-0766572449-272x182.webp 272w\" sizes=\"auto, (max-width: 1250px) 100vw, 1250px\" \/><\/a><figcaption id=\"caption-attachment-18018\" class=\"wp-caption-text\">\u00c9lvezd a Fiesole-i kil\u00e1t\u00e1st. \u00a9 Profimedia<\/figcaption><\/figure>\n<p>Aj\u00e1nlott: 8 \u00e9ves \u00e9s id\u0151sebb gyermekek sz\u00e1m\u00e1ra<\/p>\n<p>Az \u00fat Firenz\u00e9b\u0151l, a renesz\u00e1nsz b\u00f6lcs\u0151j\u00e9b\u0151l indul, \u00e9s Fiesol\u00e9ig visz. B\u00e1r r\u00f6vid ker\u00e9kp\u00e1roz\u00e1sr\u00f3l van sz\u00f3, a kil\u00e1t\u00e1s leny\u0171g\u00f6z\u0151, mad\u00e1rt\u00e1vlatb\u00f3l csod\u00e1lhatj\u00e1tok meg Firenz\u00e9t \u00e9s az Arno foly\u00f3t. \u00datk\u00f6zben \u00e1lljatok meg az \u0151si r\u00f3mai sz\u00ednh\u00e1zakn\u00e1l \u00e9s az etruszk romokn\u00e1l. Mivel emelked\u0151r\u0151l van sz\u00f3, legink\u00e1bb 8 \u00e9vesn\u00e9l id\u0151sebb gyermekeknek aj\u00e1nlott.<\/p>\n<h2><strong>Siena Val d\u2019Orcia k\u00f6rt\u00fara(40 km)<\/strong><\/h2>\n<figure id=\"attachment_18019\" aria-describedby=\"caption-attachment-18019\" style=\"width: 1250px\" class=\"wp-caption alignnone\"><a href=\"https:\/\/d2p6e6u75xmxt8.cloudfront.net\/12\/2023\/10\/Val-d39Orcia-profimedia-0684923046.webp\"><img loading=\"lazy\" decoding=\"async\" class=\"wp-image-18019 size-full\" src=\"https:\/\/d2p6e6u75xmxt8.cloudfront.net\/12\/2023\/10\/Val-d39Orcia-profimedia-0684923046.webp\" alt=\"Val d'Orcia\" width=\"1250\" height=\"703\" srcset=\"https:\/\/d2p6e6u75xmxt8.cloudfront.net\/12\/2023\/10\/Val-d39Orcia-profimedia-0684923046.webp 1250w, https:\/\/d2p6e6u75xmxt8.cloudfront.net\/12\/2023\/10\/Val-d39Orcia-profimedia-0684923046-300x169.webp 300w, https:\/\/d2p6e6u75xmxt8.cloudfront.net\/12\/2023\/10\/Val-d39Orcia-profimedia-0684923046-1024x576.webp 1024w, https:\/\/d2p6e6u75xmxt8.cloudfront.net\/12\/2023\/10\/Val-d39Orcia-profimedia-0684923046-768x432.webp 768w, https:\/\/d2p6e6u75xmxt8.cloudfront.net\/12\/2023\/10\/Val-d39Orcia-profimedia-0684923046-400x225.webp 400w\" sizes=\"auto, (max-width: 1250px) 100vw, 1250px\" \/><\/a><figcaption id=\"caption-attachment-18019\" class=\"wp-caption-text\">A h\u00edres, sienai Val D\u2019orcia.<\/figcaption><\/figure>\n<p>Aj\u00e1nlott: 10 \u00e9ves \u00e9s id\u0151sebb gyermekek sz\u00e1m\u00e1ra<\/p>\n<p>Siena t\u00f6rt\u00e9nelmi v\u00e1ros\u00e1b\u00f3l kiindulva \u00e1thaladhattok a Val d\u2019Orcia v\u00f6lgy\u00e9n, mely nem v\u00e9letlen\u00fcl UNESCO Vil\u00e1g\u00f6r\u00f6ks\u00e9gi helysz\u00edn. A 40 km-es \u00faton tal\u00e1lkoztok majd dombvid\u00e9kekkel, k\u00f6z\u00e9pkori v\u00e1rakkal \u00e9s a Toszk\u00e1na jellegzetes ciprusf\u00e1ival szeg\u00e9lyezett, ikonikus szakaszokkal. A kedves kis falvak, mint amilyen Pienza \u00e9s Montalcino, t\u00f6k\u00e9letes meg\u00e1ll\u00f3helyeket k\u00edn\u00e1lnak a pecorino sajt \u00e9s a Brunello bor megk\u00f3stol\u00e1s\u00e1hoz.<\/p>\n<h2><strong>Lucca Renaissance falai (4 km)<\/strong><\/h2>\n<figure id=\"attachment_18020\" aria-describedby=\"caption-attachment-18020\" style=\"width: 990px\" class=\"wp-caption alignnone\"><a href=\"https:\/\/d2p6e6u75xmxt8.cloudfront.net\/12\/2023\/10\/Lucca-Italy-Walls-profimedia-0812316866.webp\"><img loading=\"lazy\" decoding=\"async\" class=\"wp-image-18020 size-full\" src=\"https:\/\/d2p6e6u75xmxt8.cloudfront.net\/12\/2023\/10\/Lucca-Italy-Walls-profimedia-0812316866.webp\" alt=\"Lucca\" width=\"990\" height=\"660\" srcset=\"https:\/\/d2p6e6u75xmxt8.cloudfront.net\/12\/2023\/10\/Lucca-Italy-Walls-profimedia-0812316866.webp 990w, https:\/\/d2p6e6u75xmxt8.cloudfront.net\/12\/2023\/10\/Lucca-Italy-Walls-profimedia-0812316866-300x200.webp 300w, https:\/\/d2p6e6u75xmxt8.cloudfront.net\/12\/2023\/10\/Lucca-Italy-Walls-profimedia-0812316866-768x512.webp 768w, https:\/\/d2p6e6u75xmxt8.cloudfront.net\/12\/2023\/10\/Lucca-Italy-Walls-profimedia-0812316866-400x267.webp 400w, https:\/\/d2p6e6u75xmxt8.cloudfront.net\/12\/2023\/10\/Lucca-Italy-Walls-profimedia-0812316866-272x182.webp 272w\" sizes=\"auto, (max-width: 990px) 100vw, 990px\" \/><\/a><figcaption id=\"caption-attachment-18020\" class=\"wp-caption-text\">Lucca t\u00f6rt\u00e9nelmi falai. \u00a9 Profimedia<\/figcaption><\/figure>\n<p>Aj\u00e1nlott: 6 \u00e9ves \u00e9s id\u0151sebb gyermekek sz\u00e1m\u00e1ra<\/p>\n<p>Lucca \u0151si renesz\u00e1nsz falai ma m\u00e1r gyalog\u00f6sv\u00e9nyk\u00e9nt funkcion\u00e1lnak, ez pedig azt jelenti, hogy ide\u00e1lisak egy csal\u00e1di ker\u00e9kp\u00e1rt\u00far\u00e1hoz is. Ez a 4 km-es p\u00e1lya k\u00f6rbeveszi a r\u00e9gi v\u00e1rost, kil\u00e1t\u00e1st ny\u00fajt t\u00f6rt\u00e9nelmi templomokra, tornyokra \u00e9s ny\u00fczsg\u0151 terekre. Lapos \u00e9s biztons\u00e1gos \u00fatj\u00e1val m\u00e9g a kisebb gyermekek sz\u00e1m\u00e1ra is t\u00f6k\u00e9letes.<\/p>\n<h2><strong>Chianti bor\u00fat (50 km)<\/strong><\/h2>\n<figure id=\"attachment_18021\" aria-describedby=\"caption-attachment-18021\" style=\"width: 990px\" class=\"wp-caption alignnone\"><a href=\"https:\/\/d2p6e6u75xmxt8.cloudfront.net\/12\/2023\/10\/Tuscany-profimedia-0739332607-CVR.webp\"><img loading=\"lazy\" decoding=\"async\" class=\"wp-image-18021 size-full\" src=\"https:\/\/d2p6e6u75xmxt8.cloudfront.net\/12\/2023\/10\/Tuscany-profimedia-0739332607-CVR.webp\" alt=\"Tuscany\" width=\"990\" height=\"660\" srcset=\"https:\/\/d2p6e6u75xmxt8.cloudfront.net\/12\/2023\/10\/Tuscany-profimedia-0739332607-CVR.webp 990w, https:\/\/d2p6e6u75xmxt8.cloudfront.net\/12\/2023\/10\/Tuscany-profimedia-0739332607-CVR-300x200.webp 300w, https:\/\/d2p6e6u75xmxt8.cloudfront.net\/12\/2023\/10\/Tuscany-profimedia-0739332607-CVR-768x512.webp 768w, https:\/\/d2p6e6u75xmxt8.cloudfront.net\/12\/2023\/10\/Tuscany-profimedia-0739332607-CVR-400x267.webp 400w, https:\/\/d2p6e6u75xmxt8.cloudfront.net\/12\/2023\/10\/Tuscany-profimedia-0739332607-CVR-272x182.webp 272w\" sizes=\"auto, (max-width: 990px) 100vw, 990px\" \/><\/a><figcaption id=\"caption-attachment-18021\" class=\"wp-caption-text\">F\u0171szerezd meg utaz\u00e1sod borokkal Chianti ter\u00fclet\u00e9n. \u00a9 Profimedia<\/figcaption><\/figure>\n<p>Aj\u00e1nlott: 12 \u00e9ves \u00e9s id\u0151sebb gyermekek sz\u00e1m\u00e1ra<\/p>\n<p>Azoknak, akik a csod\u00e1latos t\u00e1jak mellett gasztron\u00f3miai \u00e9lm\u00e9nyekre is v\u00e1gynak, a Chianti Bor\u00fat t\u00f6k\u00e9letes v\u00e1laszt\u00e1s. A Greve in Chianti v\u00e1ros\u00e1b\u00f3l indul \u00e9s a Radda in Chianti v\u00e1ros\u00e1ban \u00e9r v\u00e9get. Az 50 km-es \u00fat sz\u0151l\u0151\u00fcltetv\u00e9nyek, olajf\u00e1k \u00e9s elb\u0171v\u00f6l\u0151 kis falvak k\u00f6z\u00f6tt k\u00edgy\u00f3zik. \u00datk\u00f6zben sz\u00e1mos borpinc\u00e9ben megk\u00f3stolhatod a h\u00edres Chianti Classico-t. Tekintettel az \u00fat hossz\u00e1ra \u00e9s az id\u0151nk\u00e9nt dombos terepre, ink\u00e1bb az id\u0151sebb gyermekek sz\u00e1m\u00e1ra alkalmas.<\/p>\n<h2><strong>Pis\u00e1t\u00f3l Lucc\u00e1ig (20 km)<\/strong><\/h2>\n<figure id=\"attachment_18022\" aria-describedby=\"caption-attachment-18022\" style=\"width: 1250px\" class=\"wp-caption alignnone\"><a href=\"https:\/\/d2p6e6u75xmxt8.cloudfront.net\/12\/2023\/10\/Pisa-profimedia-0811862142.webp\"><img loading=\"lazy\" decoding=\"async\" class=\"wp-image-18022 size-full\" src=\"https:\/\/d2p6e6u75xmxt8.cloudfront.net\/12\/2023\/10\/Pisa-profimedia-0811862142.webp\" alt=\"Pisa\" width=\"1250\" height=\"833\" srcset=\"https:\/\/d2p6e6u75xmxt8.cloudfront.net\/12\/2023\/10\/Pisa-profimedia-0811862142.webp 1250w, https:\/\/d2p6e6u75xmxt8.cloudfront.net\/12\/2023\/10\/Pisa-profimedia-0811862142-300x200.webp 300w, https:\/\/d2p6e6u75xmxt8.cloudfront.net\/12\/2023\/10\/Pisa-profimedia-0811862142-1024x682.webp 1024w, https:\/\/d2p6e6u75xmxt8.cloudfront.net\/12\/2023\/10\/Pisa-profimedia-0811862142-768x512.webp 768w, https:\/\/d2p6e6u75xmxt8.cloudfront.net\/12\/2023\/10\/Pisa-profimedia-0811862142-400x267.webp 400w, https:\/\/d2p6e6u75xmxt8.cloudfront.net\/12\/2023\/10\/Pisa-profimedia-0811862142-272x182.webp 272w\" sizes=\"auto, (max-width: 1250px) 100vw, 1250px\" \/><\/a><figcaption id=\"caption-attachment-18022\" class=\"wp-caption-text\">A Pisai ferde torony a Cathdrale Santa Maria Assunta-val. \u00a9 Profimedia<\/figcaption><\/figure>\n<p>Aj\u00e1nlott: 10 \u00e9ves \u00e9s id\u0151sebb gyermekek sz\u00e1m\u00e1ra<\/p>\n<p>A Pisai ferde tornyot k\u00f6ti \u00f6ssze a b\u00e1jos Lucca v\u00e1ros\u00e1val ez a viszonylag lapos \u00fatvonal, mely gy\u00fcm\u00f6lcs\u00f6s\u00f6kkel, mez\u0151kkel \u00e9s gy\u00f6ny\u00f6r\u0171 kil\u00e1t\u00e1ssal v\u00e1rj titeket. A 20 km-es ker\u00e9kp\u00e1rt\u00fara kellemes \u00e9s egy nem t\u00fal nagy kih\u00edv\u00e1st jelent\u0151 kalandot k\u00edn\u00e1l, ide\u00e1lis a 10 \u00e9vesn\u00e9l id\u0151sebb gyermekek sz\u00e1m\u00e1ra.<\/p>\n<h2><strong>B\u00f3nusz Kaland: Maremma parti t\u00fara (45 km)<\/strong><\/h2>\n<figure id=\"attachment_18023\" aria-describedby=\"caption-attachment-18023\" style=\"width: 990px\" class=\"wp-caption alignnone\"><a href=\"https:\/\/d2p6e6u75xmxt8.cloudfront.net\/12\/2023\/10\/Tuscany-Maremma-profimedia-0663931059.webp\"><img loading=\"lazy\" decoding=\"async\" class=\"wp-image-18023 size-full\" src=\"https:\/\/d2p6e6u75xmxt8.cloudfront.net\/12\/2023\/10\/Tuscany-Maremma-profimedia-0663931059.webp\" alt=\"Maremma\" width=\"990\" height=\"660\" srcset=\"https:\/\/d2p6e6u75xmxt8.cloudfront.net\/12\/2023\/10\/Tuscany-Maremma-profimedia-0663931059.webp 990w, https:\/\/d2p6e6u75xmxt8.cloudfront.net\/12\/2023\/10\/Tuscany-Maremma-profimedia-0663931059-300x200.webp 300w, https:\/\/d2p6e6u75xmxt8.cloudfront.net\/12\/2023\/10\/Tuscany-Maremma-profimedia-0663931059-768x512.webp 768w, https:\/\/d2p6e6u75xmxt8.cloudfront.net\/12\/2023\/10\/Tuscany-Maremma-profimedia-0663931059-400x267.webp 400w, https:\/\/d2p6e6u75xmxt8.cloudfront.net\/12\/2023\/10\/Tuscany-Maremma-profimedia-0663931059-272x182.webp 272w\" sizes=\"auto, (max-width: 990px) 100vw, 990px\" \/><\/a><figcaption id=\"caption-attachment-18023\" class=\"wp-caption-text\">A gy\u00f6ny\u00f6r\u0171 Maremma parti \u00fat. \u00a9 Profimedia<\/figcaption><\/figure>\n<p>Aj\u00e1nlott: Tini kor\u00fa gyerekek sz\u00e1m\u00e1ra<\/p>\n<p>Azokra, akik a tengerpart l\u00e1tv\u00e1ny\u00e1t r\u00e9szes\u00edtik el\u0151nyben, Maremma partjai v\u00e1rnak! Ez a 45 km-es \u00fatvonal Grosset\u00f3b\u00f3l indul, \u00e9s a Marina di Alberese tengerpartj\u00e1hoz vezet, erdei \u00e9s tengeri panor\u00e1m\u00e1val szeg\u00e9lyezve az utat. Az \u00f6sv\u00e9nyek j\u00f3 min\u0151s\u00e9g\u0171ek, \u00e9s a tengeri szell\u0151 friss\u00edt\u0151 hat\u00e1ssal van a tini kor\u00fa gyermekek \u00e9s sz\u00fcleik sz\u00e1m\u00e1ra. Toszk\u00e1na val\u00f3di ker\u00e9kp\u00e1ros-paradicsom. M\u0171v\u00e9szet\u00e9nek, t\u00f6rt\u00e9nelm\u00e9nek, gasztron\u00f3miai k\u00fcl\u00f6nlegess\u00e9geinek \u00e9s fest\u0151i sz\u00e9ps\u00e9g\u00e9nek k\u00f6sz\u00f6nhet\u0151en, minden megtett m\u00e9ter elvar\u00e1zsol. Ahogy kereszt\u00fclhaladsz az orsz\u00e1g sz\u00edv\u00e9n, sz\u00e1nj id\u0151t a vil\u00e1gsz\u00ednvonal\u00fa borok, az \u00ednyenc \u00e9telek \u00e9lvezet\u00e9re, \u00e9s mer\u00fclj el ennek az olasz \u00e9kszernek az id\u0151tlen vonz\u00e1s\u00e1ban. Biztons\u00e1gos utaz\u00e1st k\u00edv\u00e1nunk!<\/p>\n","protected":false},"excerpt":{"rendered":"<p>Toszk\u00e1na h\u00edres a renesz\u00e1nsz m\u0171v\u00e9szet\u00e9r\u0151l, fest\u0151i t\u00e1jair\u00f3l \u00e9s vil\u00e1gsz\u00ednvonal\u00fa borair\u00f3l: val\u00f3di \u00e9lm\u00e9nyt \u00edg\u00e9r minden \u00e9rz\u00e9kszervnek. Azoknak a csal\u00e1doknak, akik szeretnek [&hellip;]<\/p>\n","protected":false},"author":71,"featured_media":18025,"comment_status":"open","ping_status":"open","sticky":false,"template":"","format":"standard","meta":{"footnotes":""},"categories":[11],"tags":[],"global-categories":[],"class_list":["post-18017","post","type-post","status-publish","format-standard","has-post-thumbnail","hentry","category-csalad"],"yoast_head":"<!-- This site is optimized with the Yoast SEO Premium plugin v25.3 (Yoast SEO v25.9) - https:\/\/yoast.com\/wordpress\/plugins\/seo\/ -->\n<title>Csal\u00e1di ker\u00e9kp\u00e1ros nyaral\u00e1s: Elb\u0171v\u00f6l\u0151 Toszk\u00e1na<\/title>\n<meta name=\"description\" content=\"Toszk\u00e1na h\u00edres a renesz\u00e1nsz m\u0171v\u00e9szet\u00e9r\u0151l, fest\u0151i t\u00e1jair\u00f3l \u00e9s vil\u00e1gsz\u00ednvonal\u00fa borair\u00f3l: val\u00f3di \u00e9lm\u00e9nyt \u00edg\u00e9r minden \u00e9rz\u00e9kszervnek. Azoknak a csal\u00e1doknak, akik szeretnek ker\u00e9kp\u00e1rozni, kanyarg\u00f3 utakat, ciprusf\u00e1kkal szeg\u00e9lyezett \u00f6sv\u00e9nyeket \u00e9s elb\u0171v\u00f6l\u0151 kisv\u00e1rosokat rejt, amik csak arra v\u00e1rnak, hogy felfedezz\u00e9k \u0151ket. \u00cdme, egy \u00fatmutat\u00f3 a toszk\u00e1n ker\u00e9kp\u00e1ros kalandotokhoz!\" \/>\n<meta name=\"robots\" content=\"index, follow, max-snippet:-1, max-image-preview:large, max-video-preview:-1\" \/>\n<link rel=\"canonical\" href=\"https:\/\/www.welovecycling.com\/hu\/csalad\/csaladi-kerekparos-nyaralas-elbuvolo-toszkana\/\" \/>\n<meta property=\"og:locale\" content=\"hu_HU\" \/>\n<meta property=\"og:type\" content=\"article\" \/>\n<meta property=\"og:title\" content=\"Csal\u00e1di ker\u00e9kp\u00e1ros nyaral\u00e1s: Elb\u0171v\u00f6l\u0151 Toszk\u00e1na\" \/>\n<meta property=\"og:description\" content=\"Toszk\u00e1na h\u00edres a renesz\u00e1nsz m\u0171v\u00e9szet\u00e9r\u0151l, fest\u0151i t\u00e1jair\u00f3l \u00e9s vil\u00e1gsz\u00ednvonal\u00fa borair\u00f3l: val\u00f3di \u00e9lm\u00e9nyt \u00edg\u00e9r minden \u00e9rz\u00e9kszervnek. Azoknak a csal\u00e1doknak, akik szeretnek ker\u00e9kp\u00e1rozni, kanyarg\u00f3 utakat, ciprusf\u00e1kkal szeg\u00e9lyezett \u00f6sv\u00e9nyeket \u00e9s elb\u0171v\u00f6l\u0151 kisv\u00e1rosokat rejt, amik csak arra v\u00e1rnak, hogy felfedezz\u00e9k \u0151ket. \u00cdme, egy \u00fatmutat\u00f3 a toszk\u00e1n ker\u00e9kp\u00e1ros kalandotokhoz!\" \/>\n<meta property=\"og:url\" content=\"https:\/\/www.welovecycling.com\/hu\/csalad\/csaladi-kerekparos-nyaralas-elbuvolo-toszkana\/\" \/>\n<meta property=\"og:site_name\" content=\"\u0160koda We Love Cycling - Magyarorsz\u00e1g\" \/>\n<meta property=\"article:publisher\" content=\"https:\/\/www.facebook.com\/WeLoveCyclingHungary\/\" \/>\n<meta property=\"article:published_time\" content=\"2023-10-27T06:00:49+00:00\" \/>\n<meta property=\"og:image\" content=\"https:\/\/d2p6e6u75xmxt8.cloudfront.net\/12\/2023\/10\/Firenze-Florence-profimedia-0812613690-CVR.webp\" \/>\n\t<meta property=\"og:image:width\" content=\"990\" \/>\n\t<meta property=\"og:image:height\" content=\"660\" \/>\n\t<meta property=\"og:image:type\" content=\"image\/webp\" \/>\n<meta name=\"author\" content=\"hegyizs\" \/>\n<meta name=\"twitter:card\" content=\"summary_large_image\" \/>\n<meta name=\"twitter:label1\" content=\"Written by\" \/>\n\t<meta name=\"twitter:data1\" content=\"We Love Cycling\" \/>\n\t<meta name=\"twitter:label2\" content=\"Est. reading time\" \/>\n\t<meta name=\"twitter:data2\" content=\"3\" \/>\n<script type=\"application\/ld+json\" class=\"yoast-schema-graph\">{\"@context\":\"https:\/\/schema.org\",\"@graph\":[{\"@type\":\"WebPage\",\"@id\":\"https:\/\/www.welovecycling.com\/hu\/csalad\/csaladi-kerekparos-nyaralas-elbuvolo-toszkana\/\",\"url\":\"https:\/\/www.welovecycling.com\/hu\/csalad\/csaladi-kerekparos-nyaralas-elbuvolo-toszkana\/\",\"name\":\"Csal\u00e1di ker\u00e9kp\u00e1ros nyaral\u00e1s: Elb\u0171v\u00f6l\u0151 Toszk\u00e1na\",\"isPartOf\":{\"@id\":\"https:\/\/www.welovecycling.com\/hu\/#website\"},\"primaryImageOfPage\":{\"@id\":\"https:\/\/www.welovecycling.com\/hu\/csalad\/csaladi-kerekparos-nyaralas-elbuvolo-toszkana\/#primaryimage\"},\"image\":{\"@id\":\"https:\/\/www.welovecycling.com\/hu\/csalad\/csaladi-kerekparos-nyaralas-elbuvolo-toszkana\/#primaryimage\"},\"thumbnailUrl\":\"https:\/\/d2p6e6u75xmxt8.cloudfront.net\/12\/2023\/10\/Firenze-Florence-profimedia-0812613690-CVR.webp\",\"datePublished\":\"2023-10-27T06:00:49+00:00\",\"author\":{\"@id\":\"https:\/\/www.welovecycling.com\/hu\/#\/schema\/person\/414a2aebf1801691a5320edb6468e194\"},\"description\":\"Toszk\u00e1na h\u00edres a renesz\u00e1nsz m\u0171v\u00e9szet\u00e9r\u0151l, fest\u0151i t\u00e1jair\u00f3l \u00e9s vil\u00e1gsz\u00ednvonal\u00fa borair\u00f3l: val\u00f3di \u00e9lm\u00e9nyt \u00edg\u00e9r minden \u00e9rz\u00e9kszervnek. Azoknak a csal\u00e1doknak, akik szeretnek ker\u00e9kp\u00e1rozni, kanyarg\u00f3 utakat, ciprusf\u00e1kkal szeg\u00e9lyezett \u00f6sv\u00e9nyeket \u00e9s elb\u0171v\u00f6l\u0151 kisv\u00e1rosokat rejt, amik csak arra v\u00e1rnak, hogy felfedezz\u00e9k \u0151ket. \u00cdme, egy \u00fatmutat\u00f3 a toszk\u00e1n ker\u00e9kp\u00e1ros kalandotokhoz!\",\"breadcrumb\":{\"@id\":\"https:\/\/www.welovecycling.com\/hu\/csalad\/csaladi-kerekparos-nyaralas-elbuvolo-toszkana\/#breadcrumb\"},\"inLanguage\":\"hu\",\"potentialAction\":[{\"@type\":\"ReadAction\",\"target\":[\"https:\/\/www.welovecycling.com\/hu\/csalad\/csaladi-kerekparos-nyaralas-elbuvolo-toszkana\/\"]}]},{\"@type\":\"ImageObject\",\"inLanguage\":\"hu\",\"@id\":\"https:\/\/www.welovecycling.com\/hu\/csalad\/csaladi-kerekparos-nyaralas-elbuvolo-toszkana\/#primaryimage\",\"url\":\"https:\/\/d2p6e6u75xmxt8.cloudfront.net\/12\/2023\/10\/Firenze-Florence-profimedia-0812613690-CVR.webp\",\"contentUrl\":\"https:\/\/d2p6e6u75xmxt8.cloudfront.net\/12\/2023\/10\/Firenze-Florence-profimedia-0812613690-CVR.webp\",\"width\":990,\"height\":660,\"caption\":\"Florence\"},{\"@type\":\"BreadcrumbList\",\"@id\":\"https:\/\/www.welovecycling.com\/hu\/csalad\/csaladi-kerekparos-nyaralas-elbuvolo-toszkana\/#breadcrumb\",\"itemListElement\":[{\"@type\":\"ListItem\",\"position\":1,\"name\":\"Home\",\"item\":\"https:\/\/www.welovecycling.com\/hu\/\"},{\"@type\":\"ListItem\",\"position\":2,\"name\":\"Csal\u00e1di ker\u00e9kp\u00e1ros nyaral\u00e1s: Elb\u0171v\u00f6l\u0151 Toszk\u00e1na\"}]},{\"@type\":\"WebSite\",\"@id\":\"https:\/\/www.welovecycling.com\/hu\/#website\",\"url\":\"https:\/\/www.welovecycling.com\/hu\/\",\"name\":\"\u0160koda We Love Cycling - Magyarorsz\u00e1g\",\"description\":\"\u0160koda WeLoveCycling\",\"potentialAction\":[{\"@type\":\"SearchAction\",\"target\":{\"@type\":\"EntryPoint\",\"urlTemplate\":\"https:\/\/www.welovecycling.com\/hu\/?s={search_term_string}\"},\"query-input\":{\"@type\":\"PropertyValueSpecification\",\"valueRequired\":true,\"valueName\":\"search_term_string\"}}],\"inLanguage\":\"hu\"},{\"@type\":\"Person\",\"@id\":\"https:\/\/www.welovecycling.com\/hu\/#\/schema\/person\/414a2aebf1801691a5320edb6468e194\",\"name\":\"hegyizs\",\"image\":{\"@type\":\"ImageObject\",\"inLanguage\":\"hu\",\"@id\":\"https:\/\/www.welovecycling.com\/hu\/#\/schema\/person\/image\/\",\"url\":\"https:\/\/secure.gravatar.com\/avatar\/02cf8a7906b8cf90cecb4679defac7cfd33a1c2e3b88e4903d947f3bb58eedd3?s=96&d=mm&r=g\",\"contentUrl\":\"https:\/\/secure.gravatar.com\/avatar\/02cf8a7906b8cf90cecb4679defac7cfd33a1c2e3b88e4903d947f3bb58eedd3?s=96&d=mm&r=g\",\"caption\":\"hegyizs\"},\"url\":\"https:\/\/www.welovecycling.com\/hu\/author\/hegyizs\/\"}]}<\/script>\n<!-- \/ Yoast SEO Premium plugin. -->","yoast_head_json":{"title":"Csal\u00e1di ker\u00e9kp\u00e1ros nyaral\u00e1s: Elb\u0171v\u00f6l\u0151 Toszk\u00e1na","description":"Toszk\u00e1na h\u00edres a renesz\u00e1nsz m\u0171v\u00e9szet\u00e9r\u0151l, fest\u0151i t\u00e1jair\u00f3l \u00e9s vil\u00e1gsz\u00ednvonal\u00fa borair\u00f3l: val\u00f3di \u00e9lm\u00e9nyt \u00edg\u00e9r minden \u00e9rz\u00e9kszervnek. Azoknak a csal\u00e1doknak, akik szeretnek ker\u00e9kp\u00e1rozni, kanyarg\u00f3 utakat, ciprusf\u00e1kkal szeg\u00e9lyezett \u00f6sv\u00e9nyeket \u00e9s elb\u0171v\u00f6l\u0151 kisv\u00e1rosokat rejt, amik csak arra v\u00e1rnak, hogy felfedezz\u00e9k \u0151ket. \u00cdme, egy \u00fatmutat\u00f3 a toszk\u00e1n ker\u00e9kp\u00e1ros kalandotokhoz!","robots":{"index":"index","follow":"follow","max-snippet":"max-snippet:-1","max-image-preview":"max-image-preview:large","max-video-preview":"max-video-preview:-1"},"canonical":"https:\/\/www.welovecycling.com\/hu\/csalad\/csaladi-kerekparos-nyaralas-elbuvolo-toszkana\/","og_locale":"hu_HU","og_type":"article","og_title":"Csal\u00e1di ker\u00e9kp\u00e1ros nyaral\u00e1s: Elb\u0171v\u00f6l\u0151 Toszk\u00e1na","og_description":"Toszk\u00e1na h\u00edres a renesz\u00e1nsz m\u0171v\u00e9szet\u00e9r\u0151l, fest\u0151i t\u00e1jair\u00f3l \u00e9s vil\u00e1gsz\u00ednvonal\u00fa borair\u00f3l: val\u00f3di \u00e9lm\u00e9nyt \u00edg\u00e9r minden \u00e9rz\u00e9kszervnek. Azoknak a csal\u00e1doknak, akik szeretnek ker\u00e9kp\u00e1rozni, kanyarg\u00f3 utakat, ciprusf\u00e1kkal szeg\u00e9lyezett \u00f6sv\u00e9nyeket \u00e9s elb\u0171v\u00f6l\u0151 kisv\u00e1rosokat rejt, amik csak arra v\u00e1rnak, hogy felfedezz\u00e9k \u0151ket. \u00cdme, egy \u00fatmutat\u00f3 a toszk\u00e1n ker\u00e9kp\u00e1ros kalandotokhoz!","og_url":"https:\/\/www.welovecycling.com\/hu\/csalad\/csaladi-kerekparos-nyaralas-elbuvolo-toszkana\/","og_site_name":"\u0160koda We Love Cycling - Magyarorsz\u00e1g","article_publisher":"https:\/\/www.facebook.com\/WeLoveCyclingHungary\/","article_published_time":"2023-10-27T06:00:49+00:00","og_image":[{"width":990,"height":660,"url":"https:\/\/d2p6e6u75xmxt8.cloudfront.net\/12\/2023\/10\/Firenze-Florence-profimedia-0812613690-CVR.webp","type":"image\/webp"}],"author":"hegyizs","twitter_card":"summary_large_image","twitter_misc":{"Written by":"We Love Cycling","Est. reading time":"3"},"schema":{"@context":"https:\/\/schema.org","@graph":[{"@type":"WebPage","@id":"https:\/\/www.welovecycling.com\/hu\/csalad\/csaladi-kerekparos-nyaralas-elbuvolo-toszkana\/","url":"https:\/\/www.welovecycling.com\/hu\/csalad\/csaladi-kerekparos-nyaralas-elbuvolo-toszkana\/","name":"Csal\u00e1di ker\u00e9kp\u00e1ros nyaral\u00e1s: Elb\u0171v\u00f6l\u0151 Toszk\u00e1na","isPartOf":{"@id":"https:\/\/www.welovecycling.com\/hu\/#website"},"primaryImageOfPage":{"@id":"https:\/\/www.welovecycling.com\/hu\/csalad\/csaladi-kerekparos-nyaralas-elbuvolo-toszkana\/#primaryimage"},"image":{"@id":"https:\/\/www.welovecycling.com\/hu\/csalad\/csaladi-kerekparos-nyaralas-elbuvolo-toszkana\/#primaryimage"},"thumbnailUrl":"https:\/\/d2p6e6u75xmxt8.cloudfront.net\/12\/2023\/10\/Firenze-Florence-profimedia-0812613690-CVR.webp","datePublished":"2023-10-27T06:00:49+00:00","author":{"@id":"https:\/\/www.welovecycling.com\/hu\/#\/schema\/person\/414a2aebf1801691a5320edb6468e194"},"description":"Toszk\u00e1na h\u00edres a renesz\u00e1nsz m\u0171v\u00e9szet\u00e9r\u0151l, fest\u0151i t\u00e1jair\u00f3l \u00e9s vil\u00e1gsz\u00ednvonal\u00fa borair\u00f3l: val\u00f3di \u00e9lm\u00e9nyt \u00edg\u00e9r minden \u00e9rz\u00e9kszervnek. Azoknak a csal\u00e1doknak, akik szeretnek ker\u00e9kp\u00e1rozni, kanyarg\u00f3 utakat, ciprusf\u00e1kkal szeg\u00e9lyezett \u00f6sv\u00e9nyeket \u00e9s elb\u0171v\u00f6l\u0151 kisv\u00e1rosokat rejt, amik csak arra v\u00e1rnak, hogy felfedezz\u00e9k \u0151ket. \u00cdme, egy \u00fatmutat\u00f3 a toszk\u00e1n ker\u00e9kp\u00e1ros kalandotokhoz!","breadcrumb":{"@id":"https:\/\/www.welovecycling.com\/hu\/csalad\/csaladi-kerekparos-nyaralas-elbuvolo-toszkana\/#breadcrumb"},"inLanguage":"hu","potentialAction":[{"@type":"ReadAction","target":["https:\/\/www.welovecycling.com\/hu\/csalad\/csaladi-kerekparos-nyaralas-elbuvolo-toszkana\/"]}]},{"@type":"ImageObject","inLanguage":"hu","@id":"https:\/\/www.welovecycling.com\/hu\/csalad\/csaladi-kerekparos-nyaralas-elbuvolo-toszkana\/#primaryimage","url":"https:\/\/d2p6e6u75xmxt8.cloudfront.net\/12\/2023\/10\/Firenze-Florence-profimedia-0812613690-CVR.webp","contentUrl":"https:\/\/d2p6e6u75xmxt8.cloudfront.net\/12\/2023\/10\/Firenze-Florence-profimedia-0812613690-CVR.webp","width":990,"height":660,"caption":"Florence"},{"@type":"BreadcrumbList","@id":"https:\/\/www.welovecycling.com\/hu\/csalad\/csaladi-kerekparos-nyaralas-elbuvolo-toszkana\/#breadcrumb","itemListElement":[{"@type":"ListItem","position":1,"name":"Home","item":"https:\/\/www.welovecycling.com\/hu\/"},{"@type":"ListItem","position":2,"name":"Csal\u00e1di ker\u00e9kp\u00e1ros nyaral\u00e1s: Elb\u0171v\u00f6l\u0151 Toszk\u00e1na"}]},{"@type":"WebSite","@id":"https:\/\/www.welovecycling.com\/hu\/#website","url":"https:\/\/www.welovecycling.com\/hu\/","name":"\u0160koda We Love Cycling - Magyarorsz\u00e1g","description":"\u0160koda WeLoveCycling","potentialAction":[{"@type":"SearchAction","target":{"@type":"EntryPoint","urlTemplate":"https:\/\/www.welovecycling.com\/hu\/?s={search_term_string}"},"query-input":{"@type":"PropertyValueSpecification","valueRequired":true,"valueName":"search_term_string"}}],"inLanguage":"hu"},{"@type":"Person","@id":"https:\/\/www.welovecycling.com\/hu\/#\/schema\/person\/414a2aebf1801691a5320edb6468e194","name":"hegyizs","image":{"@type":"ImageObject","inLanguage":"hu","@id":"https:\/\/www.welovecycling.com\/hu\/#\/schema\/person\/image\/","url":"https:\/\/secure.gravatar.com\/avatar\/02cf8a7906b8cf90cecb4679defac7cfd33a1c2e3b88e4903d947f3bb58eedd3?s=96&d=mm&r=g","contentUrl":"https:\/\/secure.gravatar.com\/avatar\/02cf8a7906b8cf90cecb4679defac7cfd33a1c2e3b88e4903d947f3bb58eedd3?s=96&d=mm&r=g","caption":"hegyizs"},"url":"https:\/\/www.welovecycling.com\/hu\/author\/hegyizs\/"}]}},"_links":{"self":[{"href":"https:\/\/www.welovecycling.com\/hu\/wp-json\/wp\/v2\/posts\/18017","targetHints":{"allow":["GET"]}}],"collection":[{"href":"https:\/\/www.welovecycling.com\/hu\/wp-json\/wp\/v2\/posts"}],"about":[{"href":"https:\/\/www.welovecycling.com\/hu\/wp-json\/wp\/v2\/types\/post"}],"author":[{"embeddable":true,"href":"https:\/\/www.welovecycling.com\/hu\/wp-json\/wp\/v2\/users\/71"}],"replies":[{"embeddable":true,"href":"https:\/\/www.welovecycling.com\/hu\/wp-json\/wp\/v2\/comments?post=18017"}],"version-history":[{"count":2,"href":"https:\/\/www.welovecycling.com\/hu\/wp-json\/wp\/v2\/posts\/18017\/revisions"}],"predecessor-version":[{"id":18026,"href":"https:\/\/www.welovecycling.com\/hu\/wp-json\/wp\/v2\/posts\/18017\/revisions\/18026"}],"wp:featuredmedia":[{"embeddable":true,"href":"https:\/\/www.welovecycling.com\/hu\/wp-json\/wp\/v2\/media\/18025"}],"wp:attachment":[{"href":"https:\/\/www.welovecycling.com\/hu\/wp-json\/wp\/v2\/media?parent=18017"}],"wp:term":[{"taxonomy":"category","embeddable":true,"href":"https:\/\/www.welovecycling.com\/hu\/wp-json\/wp\/v2\/categories?post=18017"},{"taxonomy":"post_tag","embeddable":true,"href":"https:\/\/www.welovecycling.com\/hu\/wp-json\/wp\/v2\/tags?post=18017"},{"taxonomy":"global-categories","embeddable":true,"href":"https:\/\/www.welovecycling.com\/hu\/wp-json\/wp\/v2\/global-categories?post=18017"}],"curies":[{"name":"wp","href":"https:\/\/api.w.org\/{rel}","templated":true}]}}