{"id":1801,"date":"2018-09-20T13:51:25","date_gmt":"2018-09-20T13:51:25","guid":{"rendered":"https:\/\/www.welovecycling.com\/hu\/?p=1801"},"modified":"2018-09-20T13:51:25","modified_gmt":"2018-09-20T13:51:25","slug":"igy-eltem-tul-a-megavalanche-downhill-versenyt","status":"publish","type":"post","link":"https:\/\/www.welovecycling.com\/hu\/adrenalin\/igy-eltem-tul-a-megavalanche-downhill-versenyt\/","title":{"rendered":"Saj\u00e1t szemmel: \u00cdgy \u00e9ltem t\u00fal a Megavalanche downhill-versenyt"},"content":{"rendered":"<p><strong>1995 \u00f3ta t\u00f6bb ezer biciklis vett m\u00e1r r\u00e9szt a Megavalanche elnevez\u00e9s\u0171 downhill t\u00f6megversenyen, amely az Alpe d\u2019Huez nev\u0171 franciaorsz\u00e1gi s\u00edparadicsom felett, 3300 m\u00e9ter magasan tal\u00e1lhat\u00f3 gleccserr\u0151l rajtol. A cseh Ondrej Barta (30) volt az egyik szerencs\u00e9s, aki be\u00e9rt a c\u00e9lba.<\/strong><\/p>\n<p>Ondrej geol\u00f3gia szakon diplom\u00e1zott \u00e9s van egy \u00e9p\u00edt\u0151v\u00e1llalata, amely kiser\u0151m\u0171vekre szakosodott. Tin\u00e9dzser kora \u00f3ta j\u00e1r profi mountain bike versenyekre. Dolgozott downhill- \u00e9s s\u00edoktat\u00f3k\u00e9nt is, \u00e9s t\u00f6bb sz\u00e1z versenyen indult m\u00e1r, k\u00f6zt\u00fck van p\u00e9ld\u00e1ul 30 MTB vil\u00e1gkupa rajt \u00e9s a kanadai Whistlerben rendezett h\u00edres Crankworx DH verseny.<\/p>\n<p><iframe loading=\"lazy\" src=\"https:\/\/www.youtube-nocookie.com\/embed\/Dpnh6yLj_OA\" width=\"792\" height=\"446\" frameborder=\"0\" allowfullscreen=\"allowfullscreen\"><\/iframe><\/p>\n<p>B\u00e1r sosem siker\u00fclt f\u0151\u00e1ll\u00e1s\u00fa ker\u00e9kp\u00e1ross\u00e1 v\u00e1lnia, m\u00e9gsem csal\u00f3dott, hiszen \u00faj c\u00e9lokat tudott kit\u0171zni maga el\u00e9. Kor\u00e1bban egyetemen tan\u00edtott, nemzetk\u00f6zi tudom\u00e1nyos konferenci\u00e1n adott el\u0151 szerkezeti geol\u00f3gia t\u00e9m\u00e1ban, \u00e9s a mountain bikeoz\u00e1s mellett m\u00e1s sportoknak is szerelmese, mint p\u00e9ld\u00e1ul a motocross, a s\u00edel\u00e9s, a boulder m\u00e1sz\u00e1s \u00e9s a sikl\u00f3erny\u0151z\u00e9s.<\/p>\n<p>Sz\u00e1mtalan helyi \u00e9s orsz\u00e1gos versenyt megnyert, \u00e9s \u00e1llt a dobog\u00f3n cseh, szlov\u00e1k, lengyel, osztr\u00e1k \u00e9s magyar kupaversenyeken is. Nyolc \u00e9vig volt a hivatalos cseh nemzeti csapat tagja. Id\u00e9n ny\u00e1ron val\u00f3ra v\u00e1ltotta egyik legmer\u00e9szebb \u00e1lm\u00e1t: elindult a legend\u00e1s Megavalance versenyen. \u00c1t is adjuk neki a sz\u00f3t:<\/p>\n<p>\u201eNagyon sok \u00f6r\u00f6met szereztek a k\u00fcl\u00f6nb\u00f6z\u0151 versenyek Eur\u00f3pa-szerte. Voltak nagy biciklis kalandjaim a Himal\u00e1j\u00e1ban, tr\u00f3pusi es\u0151erd\u0151ben, sivatagban, sz\u00e1mtalan szigeten, Brit-Kolumbi\u00e1ban, f\u00f6ld alatti b\u00e1ny\u00e1kban, h\u00f3ban-fagyban is. Mindig az olyan kalandos versenyeket keresem, amelyek \u00f6r\u00f6met okoznak, \u00e9s amelyeken \u00faj \u00e9lm\u00e9nyeket szerezhetek.\u201d<\/p>\n<p><a href=\"https:\/\/d2p6e6u75xmxt8.cloudfront.net\/12\/2018\/09\/megavalanche-downhill-verseny.jpg\"><img loading=\"lazy\" decoding=\"async\" class=\"alignnone size-extra-large wp-image-1803\" src=\"https:\/\/d2p6e6u75xmxt8.cloudfront.net\/12\/2018\/09\/megavalanche-downhill-verseny-1920x1080.jpg\" alt=\"megavalanche downhill verseny\" width=\"1920\" height=\"1080\" srcset=\"https:\/\/d2p6e6u75xmxt8.cloudfront.net\/12\/2018\/09\/megavalanche-downhill-verseny.jpg 1920w, https:\/\/d2p6e6u75xmxt8.cloudfront.net\/12\/2018\/09\/megavalanche-downhill-verseny-300x169.jpg 300w, https:\/\/d2p6e6u75xmxt8.cloudfront.net\/12\/2018\/09\/megavalanche-downhill-verseny-768x432.jpg 768w, https:\/\/d2p6e6u75xmxt8.cloudfront.net\/12\/2018\/09\/megavalanche-downhill-verseny-1024x576.jpg 1024w, https:\/\/d2p6e6u75xmxt8.cloudfront.net\/12\/2018\/09\/megavalanche-downhill-verseny-1920x1080.jpg 1920w\" sizes=\"auto, (max-width: 1920px) 100vw, 1920px\" \/><\/a><\/p>\n<p>\u201eSok \u00e9vig a Megavalanche volt az egyik olyan kih\u00edv\u00e1s, amit nagyon szerettem volna kipr\u00f3b\u00e1lni. K\u00e9t h\u00e9ttel a verseny el\u0151tt h\u00edvott fel egy bar\u00e1tom, aki k\u00f6z\u00f6lte, hogy m\u00e9g van hely a nevez\u00e9sre, \u00edgy azt\u00e1n &#8211; t\u00e9tov\u00e1z\u00e1s n\u00e9lk\u00fcl &#8211; jelentkeztem. Volt m\u00e1r tapasztalatom t\u00f6megrajtos, \u00a0havas p\u00e1ly\u00e1n rendezett versenyekkel, sz\u00f3val sejtettem, hogy nagyj\u00e1b\u00f3l mire sz\u00e1m\u00edthatok, de a fizikai er\u0151nl\u00e9tem nem volt el\u00e9g j\u00f3, ami k\u00e9s\u0151bb gondot is okozott a versenyen.\u201d<\/p>\n<p>\u201cMajdnem egy h\u00e9ttel a verseny el\u0151tt m\u00e1r ott voltam Alpe d\u2019Huez-ben. Az eg\u00e9sz v\u00e1roska leny\u0171g\u00f6z\u0151, k\u00fcl\u00f6n\u00f6sen t\u00e9len, olyankor szinte kihagyhatatlan. Mivel a k\u00e9s\u0151i nevez\u00e9s miatt h\u00e1tr\u00e9bbr\u00f3l kellett rajtolnom, tudtam, hogy nem lesz k\u00f6nny\u0171 eljutni a d\u00f6nt\u0151ig. A jelek szerint nagyon j\u00f3l siker\u00fclt a kvalifik\u00e1ci\u00f3s futamom, ami m\u00e9g nagyobb \u00e9lm\u00e9ny volt, mint a d\u00f6nt\u0151, mert 3300 m\u00e9ter magass\u00e1gb\u00f3l 720 m\u00e9terig kellett lej\u00f6nni.\u201d<\/p>\n<p>\u201e\u00d6sszesen t\u00edz el\u0151futam volt, mindegyiken 150 versenyz\u0151vel, \u00e9s mindegyik kvalifik\u00e1ci\u00f3s k\u00f6r l\u00e9nyegesen r\u00f6videbb t\u00e1von zajlott. Mindegyik el\u0151futamb\u00f3l a 35 leggyorsabb biciklis jutott tov\u00e1bb a vas\u00e1rnapi d\u00f6nt\u0151be, \u00edgy \u00f6sszesen 350-en \u00e1lltak rajthoz. Tov\u00e1bbi 350 versenyz\u0151 a szombati Megavalanche Challengers fordul\u00f3ba ker\u00fclhetett. A t\u00f6bbi r\u00e9sztvev\u0151 a Mega Amateurs, Affinity 1 vagy Affinity 2 elnevez\u00e9s\u0171 csoportban indulhatott.\u201d<\/p>\n<div id=\"gallery-3\" class=\"gallery galleryid-170010 gallery-columns-2 gallery-size-large\">\n<figure class=\"gallery-item\">\n<div class=\"gallery-icon landscape\"><a href=\"https:\/\/d2p6e6u75xmxt8.cloudfront.net\/2\/2018\/08\/A3A53D120A8693F33F13878E1D09B113.jpg\"><img loading=\"lazy\" decoding=\"async\" class=\"attachment-large size-large\" src=\"https:\/\/d2p6e6u75xmxt8.cloudfront.net\/2\/2018\/08\/A3A53D120A8693F33F13878E1D09B113-1024x576.jpg\" sizes=\"auto, (max-width: 1024px) 100vw, 1024px\" srcset=\"https:\/\/d2p6e6u75xmxt8.cloudfront.net\/2\/2018\/08\/A3A53D120A8693F33F13878E1D09B113-1024x576.jpg 1024w, https:\/\/d2p6e6u75xmxt8.cloudfront.net\/2\/2018\/08\/A3A53D120A8693F33F13878E1D09B113-300x169.jpg 300w, https:\/\/d2p6e6u75xmxt8.cloudfront.net\/2\/2018\/08\/A3A53D120A8693F33F13878E1D09B113-768x432.jpg 768w, https:\/\/d2p6e6u75xmxt8.cloudfront.net\/2\/2018\/08\/A3A53D120A8693F33F13878E1D09B113-1920x1080.jpg 1920w\" alt=\"\" width=\"1024\" height=\"576\" \/><\/a><\/div>\n<\/figure>\n<figure class=\"gallery-item\">\n<div class=\"gallery-icon landscape\"><a href=\"https:\/\/d2p6e6u75xmxt8.cloudfront.net\/2\/2018\/08\/AF1262614539D758A63208E4EF21C0C3.jpg\"><img loading=\"lazy\" decoding=\"async\" class=\"attachment-large size-large\" src=\"https:\/\/d2p6e6u75xmxt8.cloudfront.net\/2\/2018\/08\/AF1262614539D758A63208E4EF21C0C3-1024x576.jpg\" sizes=\"auto, (max-width: 1024px) 100vw, 1024px\" srcset=\"https:\/\/d2p6e6u75xmxt8.cloudfront.net\/2\/2018\/08\/AF1262614539D758A63208E4EF21C0C3-1024x576.jpg 1024w, https:\/\/d2p6e6u75xmxt8.cloudfront.net\/2\/2018\/08\/AF1262614539D758A63208E4EF21C0C3-300x169.jpg 300w, https:\/\/d2p6e6u75xmxt8.cloudfront.net\/2\/2018\/08\/AF1262614539D758A63208E4EF21C0C3-768x432.jpg 768w, https:\/\/d2p6e6u75xmxt8.cloudfront.net\/2\/2018\/08\/AF1262614539D758A63208E4EF21C0C3-1920x1080.jpg 1920w\" alt=\"\" width=\"1024\" height=\"576\" \/><\/a><\/div>\n<\/figure>\n<\/div>\n<p>\u201eA p\u00e1lya teljes hossza miatt a szok\u00e1sosn\u00e1l kev\u00e9sb\u00e9 agressz\u00edv felf\u00fcggeszt\u00e9st haszn\u00e1ltam, \u00edgy a Banshee biciklim a szokottn\u00e1l k\u00e9nyelmesebb volt. Amire nagyon nagy gondot ford\u00edtottam, az a defektek megel\u0151z\u00e9se volt. V\u00e9g\u00fcl bels\u0151 n\u00e9lk\u00fcli (tubeless) downhill gumikat haszn\u00e1ltam. A kvalifik\u00e1ci\u00f3s k\u00f6rt h\u00e1tulr\u00f3l kezdtem, \u00e9s tudtam, hogy \u00e1t kell verekednem magam a k\u00f6z\u00e9pmez\u0151ny\u00f6n, leel\u0151zve legal\u00e1bb 115 versenyz\u0151t, hogy odaf\u00e9rjek a d\u00f6nt\u0151 kezd\u0151sor\u00e1ba. A legjobb es\u00e9ly erre az els\u0151 szakaszon k\u00edn\u00e1lkozott, ahol a sz\u00e9les p\u00e1ly\u00e1n k\u00f6nnyebben lehetett el\u0151zni. A legjobb form\u00e1mat hoztam, \u00e9s a t\u00edzedik helyen v\u00e9geztem.\u201d<\/p>\n<p>\u201eAz utols\u00f3 el\u0151futam rajtja d\u00f6bbenetes volt. A nagysz\u00e1m\u00fa r\u00e9sztvev\u0151 miatt minden versenyz\u0151 m\u00e1r hajnali 6 \u00f3rakor a lenti \u00e1llom\u00e1son gy\u00fclekezett, hogy id\u0151ben oda\u00e9rhessen a kezd\u0151pontra, ami 3300 m\u00e9terrel van a tengerszint felett. B\u00e1r a h\u0151m\u00e9rs\u00e9klet j\u00f3val fagypont al\u00e1 ker\u00fclt \u00e9s jeges sz\u00e9l f\u00fajt, a rajt el\u0151tt termel\u0151d\u0151 adrenalin felf\u0171t\u00f6tt annyira, hogy megfeledkezzek r\u00f3la, hogy ny\u00e1ri mez van rajtam.\u201d<\/p>\n<p>\u201cA verseny hivatalos himnusza, az Alarma la Bomba, \u00e9s az \u00e9gen cirk\u00e1l\u00f3 helikopter teljesen egyediv\u00e9 tette a rajt hangulat\u00e1t, olyan volt az atmoszf\u00e9ra, mintha a frontvonalon \u00e1lln\u00e9k. V\u00e9g\u00fcl vettem egy nagy leveg\u0151t, \u00e9s felpattantam a biciklire.\u201d<\/p>\n<p><a href=\"https:\/\/d2p6e6u75xmxt8.cloudfront.net\/12\/2018\/09\/megavalanche.jpg\"><img loading=\"lazy\" decoding=\"async\" class=\"alignnone size-extra-large wp-image-1806\" src=\"https:\/\/d2p6e6u75xmxt8.cloudfront.net\/12\/2018\/09\/megavalanche-1920x1080.jpg\" alt=\"megavalanche\" width=\"1920\" height=\"1080\" srcset=\"https:\/\/d2p6e6u75xmxt8.cloudfront.net\/12\/2018\/09\/megavalanche.jpg 1920w, https:\/\/d2p6e6u75xmxt8.cloudfront.net\/12\/2018\/09\/megavalanche-300x169.jpg 300w, https:\/\/d2p6e6u75xmxt8.cloudfront.net\/12\/2018\/09\/megavalanche-768x432.jpg 768w, https:\/\/d2p6e6u75xmxt8.cloudfront.net\/12\/2018\/09\/megavalanche-1024x576.jpg 1024w, https:\/\/d2p6e6u75xmxt8.cloudfront.net\/12\/2018\/09\/megavalanche-1920x1080.jpg 1920w\" sizes=\"auto, (max-width: 1920px) 100vw, 1920px\" \/><\/a><\/p>\n<p>\u201eAz els\u0151 h\u00e1rom kilom\u00e9ter egy \u00f3ri\u00e1si downnhill \u0151r\u00fclet volt, havas p\u00e1ly\u00e1n. Ebben a tot\u00e1lis k\u00e1oszban el\u0151ztem meg kb. 70 m\u00e1sik versenyz\u0151t, \u00e9s be\u00e9rtem a 30 leggyorsabb k\u00f6z\u00e9. Akkor j\u00f6ttem r\u00e1, hogy kellett volna energi\u00e1t tartal\u00e9kolnom a k\u00e9s\u0151bbiekre. A t\u00f6megrajt, ahol mindenki igyekszik a lehet\u0151 legel\u0151r\u00e9bb jutni, nagyon sokat kivesz az emberb\u0151l, \u00e9s a magass\u00e1g miatt a leveg\u0151v\u00e9tel is sokkal meger\u0151ltet\u0151bb. Szerintem a mez\u0151nynek legal\u00e1bb a fele t\u00f6bb mint egyszer leesett a ker\u00e9kp\u00e1rj\u00e1r\u00f3l.\u201d<\/p>\n<p>\u201eB\u00e1r a lejt\u0151 j\u00f3l karbantartott fel\u00fclete miatt korm\u00e1nyozni k\u00e9nyelmesen lehetett, a sok borul\u00f3 biciklis miatt kisz\u00e1m\u00edthatatlan volt minden, \u00e9s v\u00e9g\u00fcl \u00e9n is \u00f6ssze\u00fctk\u00f6ztem egy m\u00e1sik versenyz\u0151vel, ami miatt \u00a0az els\u0151 kerekem el\u00e9 estem a f\u00f6ldre. Fel tudtam kelni, \u00e9s szerencs\u00e9re nem vesztettem sok id\u0151t. A gleccserszakaszt egy keskeny lejt\u0151s r\u00e9sz k\u00f6vette, k\u0151t\u00f6rmel\u00e9keken \u00e1t, ez\u00e9rt el\u0151zni szinte lehetetlen volt. Az Alpe d\u2019Huez k\u00f6r\u00fcli k\u00f6vetkez\u0151 szakaszon sokat kellett tekerni, de \u00e9n el\u00e9gg\u00e9 lelassultam, \u00e9s kb. 30-an meg tudtak el\u0151zni.\u201d<\/p>\n<p>\u201eAz utols\u00f3 r\u00e9sz egy downhill p\u00e1lya volt, amit kb. 10 perc alatt lehetett megtenni. A teljes id\u0151m 48 perc volt, \u00e9s siker\u00fclt m\u0171szaki hiba n\u00e9lk\u00fcl c\u00e9lba \u00e9rnem, \u00edgy a d\u00f6nt\u0151 futam 350 versenyz\u0151je k\u00f6z\u00fcl \u00e9n lettem a 67., ami nem is rossz, ha belegondolok, hogy 1500-an indultak a versenyen. Az \u00e1tlagos pulzussz\u00e1mom 170 volt percenk\u00e9nt, a maximum 196.\u201d<br \/>\n<a href=\"https:\/\/d2p6e6u75xmxt8.cloudfront.net\/2\/2018\/08\/PANO_20180707_085334.jpg\"><img loading=\"lazy\" decoding=\"async\" class=\"alignnone size-full wp-image-170023\" src=\"https:\/\/d2p6e6u75xmxt8.cloudfront.net\/2\/2018\/08\/PANO_20180707_085334.jpg\" sizes=\"auto, (max-width: 3328px) 100vw, 3328px\" srcset=\"https:\/\/d2p6e6u75xmxt8.cloudfront.net\/2\/2018\/08\/PANO_20180707_085334.jpg 3328w, https:\/\/d2p6e6u75xmxt8.cloudfront.net\/2\/2018\/08\/PANO_20180707_085334-300x104.jpg 300w, https:\/\/d2p6e6u75xmxt8.cloudfront.net\/2\/2018\/08\/PANO_20180707_085334-768x266.jpg 768w, https:\/\/d2p6e6u75xmxt8.cloudfront.net\/2\/2018\/08\/PANO_20180707_085334-1024x354.jpg 1024w, https:\/\/d2p6e6u75xmxt8.cloudfront.net\/2\/2018\/08\/PANO_20180707_085334-1920x665.jpg 1920w\" alt=\"\" width=\"3328\" height=\"1152\" \/><\/a><\/p>\n<div id=\"gallery-4\" class=\"gallery galleryid-170010 gallery-columns-3 gallery-size-large\">\n<figure class=\"gallery-item\">\n<div class=\"gallery-icon landscape\"><a href=\"https:\/\/d2p6e6u75xmxt8.cloudfront.net\/2\/2018\/08\/GOPR2075_1530801989889_high.jpg\"><img loading=\"lazy\" decoding=\"async\" class=\"attachment-large size-large\" src=\"https:\/\/d2p6e6u75xmxt8.cloudfront.net\/2\/2018\/08\/GOPR2075_1530801989889_high-1024x768.jpg\" sizes=\"auto, (max-width: 1024px) 100vw, 1024px\" srcset=\"https:\/\/d2p6e6u75xmxt8.cloudfront.net\/2\/2018\/08\/GOPR2075_1530801989889_high-1024x768.jpg 1024w, https:\/\/d2p6e6u75xmxt8.cloudfront.net\/2\/2018\/08\/GOPR2075_1530801989889_high-300x225.jpg 300w, https:\/\/d2p6e6u75xmxt8.cloudfront.net\/2\/2018\/08\/GOPR2075_1530801989889_high-768x576.jpg 768w, https:\/\/d2p6e6u75xmxt8.cloudfront.net\/2\/2018\/08\/GOPR2075_1530801989889_high-1920x1440.jpg 1920w\" alt=\"\" width=\"1024\" height=\"768\" \/><\/a><\/div>\n<\/figure>\n<figure class=\"gallery-item\">\n<div class=\"gallery-icon landscape\"><a href=\"https:\/\/d2p6e6u75xmxt8.cloudfront.net\/2\/2018\/08\/E16018AAF2E630F2340B28C0307CB45F.jpg\"><img loading=\"lazy\" decoding=\"async\" class=\"attachment-large size-large\" src=\"https:\/\/d2p6e6u75xmxt8.cloudfront.net\/2\/2018\/08\/E16018AAF2E630F2340B28C0307CB45F-1024x576.jpg\" sizes=\"auto, (max-width: 1024px) 100vw, 1024px\" srcset=\"https:\/\/d2p6e6u75xmxt8.cloudfront.net\/2\/2018\/08\/E16018AAF2E630F2340B28C0307CB45F-1024x576.jpg 1024w, https:\/\/d2p6e6u75xmxt8.cloudfront.net\/2\/2018\/08\/E16018AAF2E630F2340B28C0307CB45F-300x169.jpg 300w, https:\/\/d2p6e6u75xmxt8.cloudfront.net\/2\/2018\/08\/E16018AAF2E630F2340B28C0307CB45F-768x432.jpg 768w, https:\/\/d2p6e6u75xmxt8.cloudfront.net\/2\/2018\/08\/E16018AAF2E630F2340B28C0307CB45F-1920x1080.jpg 1920w\" alt=\"\" width=\"1024\" height=\"576\" \/><\/a><\/div>\n<\/figure>\n<figure class=\"gallery-item\">\n<div class=\"gallery-icon landscape\"><a href=\"https:\/\/d2p6e6u75xmxt8.cloudfront.net\/2\/2018\/08\/BF289A11CC5F62FCF4EDAD20501FAFA9.jpg\"><img loading=\"lazy\" decoding=\"async\" class=\"attachment-large size-large\" src=\"https:\/\/d2p6e6u75xmxt8.cloudfront.net\/2\/2018\/08\/BF289A11CC5F62FCF4EDAD20501FAFA9-1024x576.jpg\" sizes=\"auto, (max-width: 1024px) 100vw, 1024px\" srcset=\"https:\/\/d2p6e6u75xmxt8.cloudfront.net\/2\/2018\/08\/BF289A11CC5F62FCF4EDAD20501FAFA9-1024x576.jpg 1024w, https:\/\/d2p6e6u75xmxt8.cloudfront.net\/2\/2018\/08\/BF289A11CC5F62FCF4EDAD20501FAFA9-300x169.jpg 300w, https:\/\/d2p6e6u75xmxt8.cloudfront.net\/2\/2018\/08\/BF289A11CC5F62FCF4EDAD20501FAFA9-768x432.jpg 768w, https:\/\/d2p6e6u75xmxt8.cloudfront.net\/2\/2018\/08\/BF289A11CC5F62FCF4EDAD20501FAFA9-1920x1080.jpg 1920w\" alt=\"\" width=\"1024\" height=\"576\" \/><\/a><\/div>\n<\/figure>\n<\/div>\n<p>\u201eArra t\u00f6rekedtem, hogy az els\u0151 100-ba bef\u00e9rjek, \u00edgy azt\u00e1n nagyon \u00f6r\u00fcltem az eredm\u00e9nynek. A k\u00f6vetkez\u0151 alkalomra pr\u00f3b\u00e1lom majd jav\u00edtani a fizikai \u00e1ll\u00f3k\u00e9pess\u00e9gemet, mert az \u00e9len v\u00e9gzett versenyz\u0151k mind nagyon er\u0151sek \u00e9s kiegyenl\u00edtettek k\u00f6zt\u00fck az er\u0151viszonyok. A versenyz\u0151k 50 k\u00fcl\u00f6nb\u00f6z\u0151 orsz\u00e1gb\u00f3l \u00e9rkeztek, voltak k\u00f6zt\u00fck kiemelked\u0151 enduro \u00e9s downhill versenyz\u0151k is.\u201d<br \/>\n\u201eA Megavalanche \u00e9letem egyik legnagyobb mountain bike verseny\u00e9lm\u00e9nye volt, \u00e9s \u0151szint\u00e9n arra b\u00edztatok mindenkit, hogy pr\u00f3b\u00e1lja ki egyszer. Az indul\u00e1si d\u00edj legfeljebb 118 eur\u00f3. Ez\u00e9rt cser\u00e9be nem csak indulhatsz a versenyen, de kapsz egy hetijegyet is a k\u00f6rny\u00e9kbeli felvon\u00f3kra, \u00edgy meg pl\u00e1ne meg\u00e9ri. Legk\u00f6zelebb is biztosan itt leszek. Nyomj\u00e1tok teljes sebess\u00e9ggel az elej\u00e9t\u0151l, haszn\u00e1ljatok downhill gumit, legyetek j\u00f3 er\u0151ben, \u00e9s \u00e9lvezz\u00e9tek! Ott tal\u00e1lkozunk!\u201d<\/p>\n","protected":false},"excerpt":{"rendered":"<p>1995 \u00f3ta t\u00f6bb ezer biciklis vett m\u00e1r r\u00e9szt a Megavalanche elnevez\u00e9s\u0171 downhill t\u00f6megversenyen, amely az Alpe d\u2019Huez nev\u0171 franciaorsz\u00e1gi s\u00edparadicsom [&hellip;]<\/p>\n","protected":false},"author":71,"featured_media":1802,"comment_status":"open","ping_status":"open","sticky":false,"template":"","format":"standard","meta":{"footnotes":""},"categories":[5],"tags":[180,15,182,181,16,179,14,33],"global-categories":[],"class_list":["post-1801","post","type-post","status-publish","format-standard","has-post-thumbnail","hentry","category-adrenalin","tag-adneralin","tag-downhill","tag-downhill-verseny","tag-extreme-downhill","tag-kerekpar","tag-megavalanche","tag-mtb","tag-mtb-verseny"],"yoast_head":"<!-- This site is optimized with the Yoast SEO Premium plugin v25.3 (Yoast SEO v25.9) - https:\/\/yoast.com\/wordpress\/plugins\/seo\/ -->\n<title>Saj\u00e1t szemmel: \u00cdgy \u00e9ltem t\u00fal a Megavalanche downhill-versenyt - \u0160koda We Love Cycling - Magyarorsz\u00e1g<\/title>\n<meta name=\"description\" content=\"T\u00f6bb ezer biciklis vett m\u00e1r r\u00e9szt a Megavalanche elnevez\u00e9s\u0171 downhill t\u00f6megversenyen, amely egy 3300 m\u00e9ter magasan tal\u00e1lhat\u00f3 gleccserr\u0151l rajtol\" \/>\n<meta name=\"robots\" content=\"index, follow, max-snippet:-1, max-image-preview:large, max-video-preview:-1\" \/>\n<link rel=\"canonical\" href=\"https:\/\/www.welovecycling.com\/hu\/adrenalin\/igy-eltem-tul-a-megavalanche-downhill-versenyt\/\" \/>\n<meta property=\"og:locale\" content=\"hu_HU\" \/>\n<meta property=\"og:type\" content=\"article\" \/>\n<meta property=\"og:title\" content=\"Saj\u00e1t szemmel: \u00cdgy \u00e9ltem t\u00fal a Megavalanche downhill-versenyt\" \/>\n<meta property=\"og:description\" content=\"T\u00f6bb ezer biciklis vett m\u00e1r r\u00e9szt a Megavalanche elnevez\u00e9s\u0171 downhill t\u00f6megversenyen, amely egy 3300 m\u00e9ter magasan tal\u00e1lhat\u00f3 gleccserr\u0151l rajtol\" \/>\n<meta property=\"og:url\" content=\"https:\/\/www.welovecycling.com\/hu\/adrenalin\/igy-eltem-tul-a-megavalanche-downhill-versenyt\/\" \/>\n<meta property=\"og:site_name\" content=\"\u0160koda We Love Cycling - Magyarorsz\u00e1g\" \/>\n<meta property=\"article:publisher\" content=\"https:\/\/www.facebook.com\/WeLoveCyclingHungary\/\" \/>\n<meta property=\"article:published_time\" content=\"2018-09-20T13:51:25+00:00\" \/>\n<meta property=\"og:image\" content=\"https:\/\/d2p6e6u75xmxt8.cloudfront.net\/12\/2018\/09\/megavalanche-downhill.jpg\" \/>\n\t<meta property=\"og:image:width\" content=\"1024\" \/>\n\t<meta property=\"og:image:height\" content=\"450\" \/>\n\t<meta property=\"og:image:type\" content=\"image\/jpeg\" \/>\n<meta name=\"author\" content=\"hegyizs\" \/>\n<meta name=\"twitter:card\" content=\"summary_large_image\" \/>\n<meta name=\"twitter:label1\" content=\"Written by\" \/>\n\t<meta name=\"twitter:data1\" content=\"hegyizs\" \/>\n\t<meta name=\"twitter:label2\" content=\"Est. reading time\" \/>\n\t<meta name=\"twitter:data2\" content=\"6 minutes\" \/>\n<script type=\"application\/ld+json\" class=\"yoast-schema-graph\">{\"@context\":\"https:\/\/schema.org\",\"@graph\":[{\"@type\":\"WebPage\",\"@id\":\"https:\/\/www.welovecycling.com\/hu\/adrenalin\/igy-eltem-tul-a-megavalanche-downhill-versenyt\/\",\"url\":\"https:\/\/www.welovecycling.com\/hu\/adrenalin\/igy-eltem-tul-a-megavalanche-downhill-versenyt\/\",\"name\":\"Saj\u00e1t szemmel: \u00cdgy \u00e9ltem t\u00fal a Megavalanche downhill-versenyt - \u0160koda We Love Cycling - Magyarorsz\u00e1g\",\"isPartOf\":{\"@id\":\"https:\/\/www.welovecycling.com\/hu\/#website\"},\"primaryImageOfPage\":{\"@id\":\"https:\/\/www.welovecycling.com\/hu\/adrenalin\/igy-eltem-tul-a-megavalanche-downhill-versenyt\/#primaryimage\"},\"image\":{\"@id\":\"https:\/\/www.welovecycling.com\/hu\/adrenalin\/igy-eltem-tul-a-megavalanche-downhill-versenyt\/#primaryimage\"},\"thumbnailUrl\":\"https:\/\/d2p6e6u75xmxt8.cloudfront.net\/12\/2018\/09\/megavalanche-downhill.jpg\",\"datePublished\":\"2018-09-20T13:51:25+00:00\",\"author\":{\"@id\":\"https:\/\/www.welovecycling.com\/hu\/#\/schema\/person\/414a2aebf1801691a5320edb6468e194\"},\"description\":\"T\u00f6bb ezer biciklis vett m\u00e1r r\u00e9szt a Megavalanche elnevez\u00e9s\u0171 downhill t\u00f6megversenyen, amely egy 3300 m\u00e9ter magasan tal\u00e1lhat\u00f3 gleccserr\u0151l rajtol\",\"breadcrumb\":{\"@id\":\"https:\/\/www.welovecycling.com\/hu\/adrenalin\/igy-eltem-tul-a-megavalanche-downhill-versenyt\/#breadcrumb\"},\"inLanguage\":\"hu\",\"potentialAction\":[{\"@type\":\"ReadAction\",\"target\":[\"https:\/\/www.welovecycling.com\/hu\/adrenalin\/igy-eltem-tul-a-megavalanche-downhill-versenyt\/\"]}]},{\"@type\":\"ImageObject\",\"inLanguage\":\"hu\",\"@id\":\"https:\/\/www.welovecycling.com\/hu\/adrenalin\/igy-eltem-tul-a-megavalanche-downhill-versenyt\/#primaryimage\",\"url\":\"https:\/\/d2p6e6u75xmxt8.cloudfront.net\/12\/2018\/09\/megavalanche-downhill.jpg\",\"contentUrl\":\"https:\/\/d2p6e6u75xmxt8.cloudfront.net\/12\/2018\/09\/megavalanche-downhill.jpg\",\"width\":1024,\"height\":450,\"caption\":\"megavalanche downhill verseny\"},{\"@type\":\"BreadcrumbList\",\"@id\":\"https:\/\/www.welovecycling.com\/hu\/adrenalin\/igy-eltem-tul-a-megavalanche-downhill-versenyt\/#breadcrumb\",\"itemListElement\":[{\"@type\":\"ListItem\",\"position\":1,\"name\":\"Home\",\"item\":\"https:\/\/www.welovecycling.com\/hu\/\"},{\"@type\":\"ListItem\",\"position\":2,\"name\":\"Saj\u00e1t szemmel: \u00cdgy \u00e9ltem t\u00fal a Megavalanche downhill-versenyt\"}]},{\"@type\":\"WebSite\",\"@id\":\"https:\/\/www.welovecycling.com\/hu\/#website\",\"url\":\"https:\/\/www.welovecycling.com\/hu\/\",\"name\":\"\u0160koda We Love Cycling - Magyarorsz\u00e1g\",\"description\":\"\u0160koda WeLoveCycling\",\"potentialAction\":[{\"@type\":\"SearchAction\",\"target\":{\"@type\":\"EntryPoint\",\"urlTemplate\":\"https:\/\/www.welovecycling.com\/hu\/?s={search_term_string}\"},\"query-input\":{\"@type\":\"PropertyValueSpecification\",\"valueRequired\":true,\"valueName\":\"search_term_string\"}}],\"inLanguage\":\"hu\"},{\"@type\":\"Person\",\"@id\":\"https:\/\/www.welovecycling.com\/hu\/#\/schema\/person\/414a2aebf1801691a5320edb6468e194\",\"name\":\"hegyizs\",\"image\":{\"@type\":\"ImageObject\",\"inLanguage\":\"hu\",\"@id\":\"https:\/\/www.welovecycling.com\/hu\/#\/schema\/person\/image\/\",\"url\":\"https:\/\/secure.gravatar.com\/avatar\/02cf8a7906b8cf90cecb4679defac7cfd33a1c2e3b88e4903d947f3bb58eedd3?s=96&d=mm&r=g\",\"contentUrl\":\"https:\/\/secure.gravatar.com\/avatar\/02cf8a7906b8cf90cecb4679defac7cfd33a1c2e3b88e4903d947f3bb58eedd3?s=96&d=mm&r=g\",\"caption\":\"hegyizs\"},\"url\":\"https:\/\/www.welovecycling.com\/hu\/author\/hegyizs\/\"}]}<\/script>\n<!-- \/ Yoast SEO Premium plugin. -->","yoast_head_json":{"title":"Saj\u00e1t szemmel: \u00cdgy \u00e9ltem t\u00fal a Megavalanche downhill-versenyt - \u0160koda We Love Cycling - Magyarorsz\u00e1g","description":"T\u00f6bb ezer biciklis vett m\u00e1r r\u00e9szt a Megavalanche elnevez\u00e9s\u0171 downhill t\u00f6megversenyen, amely egy 3300 m\u00e9ter magasan tal\u00e1lhat\u00f3 gleccserr\u0151l rajtol","robots":{"index":"index","follow":"follow","max-snippet":"max-snippet:-1","max-image-preview":"max-image-preview:large","max-video-preview":"max-video-preview:-1"},"canonical":"https:\/\/www.welovecycling.com\/hu\/adrenalin\/igy-eltem-tul-a-megavalanche-downhill-versenyt\/","og_locale":"hu_HU","og_type":"article","og_title":"Saj\u00e1t szemmel: \u00cdgy \u00e9ltem t\u00fal a Megavalanche downhill-versenyt","og_description":"T\u00f6bb ezer biciklis vett m\u00e1r r\u00e9szt a Megavalanche elnevez\u00e9s\u0171 downhill t\u00f6megversenyen, amely egy 3300 m\u00e9ter magasan tal\u00e1lhat\u00f3 gleccserr\u0151l rajtol","og_url":"https:\/\/www.welovecycling.com\/hu\/adrenalin\/igy-eltem-tul-a-megavalanche-downhill-versenyt\/","og_site_name":"\u0160koda We Love Cycling - Magyarorsz\u00e1g","article_publisher":"https:\/\/www.facebook.com\/WeLoveCyclingHungary\/","article_published_time":"2018-09-20T13:51:25+00:00","og_image":[{"width":1024,"height":450,"url":"https:\/\/d2p6e6u75xmxt8.cloudfront.net\/12\/2018\/09\/megavalanche-downhill.jpg","type":"image\/jpeg"}],"author":"hegyizs","twitter_card":"summary_large_image","twitter_misc":{"Written by":"hegyizs","Est. reading time":"6 minutes"},"schema":{"@context":"https:\/\/schema.org","@graph":[{"@type":"WebPage","@id":"https:\/\/www.welovecycling.com\/hu\/adrenalin\/igy-eltem-tul-a-megavalanche-downhill-versenyt\/","url":"https:\/\/www.welovecycling.com\/hu\/adrenalin\/igy-eltem-tul-a-megavalanche-downhill-versenyt\/","name":"Saj\u00e1t szemmel: \u00cdgy \u00e9ltem t\u00fal a Megavalanche downhill-versenyt - \u0160koda We Love Cycling - Magyarorsz\u00e1g","isPartOf":{"@id":"https:\/\/www.welovecycling.com\/hu\/#website"},"primaryImageOfPage":{"@id":"https:\/\/www.welovecycling.com\/hu\/adrenalin\/igy-eltem-tul-a-megavalanche-downhill-versenyt\/#primaryimage"},"image":{"@id":"https:\/\/www.welovecycling.com\/hu\/adrenalin\/igy-eltem-tul-a-megavalanche-downhill-versenyt\/#primaryimage"},"thumbnailUrl":"https:\/\/d2p6e6u75xmxt8.cloudfront.net\/12\/2018\/09\/megavalanche-downhill.jpg","datePublished":"2018-09-20T13:51:25+00:00","author":{"@id":"https:\/\/www.welovecycling.com\/hu\/#\/schema\/person\/414a2aebf1801691a5320edb6468e194"},"description":"T\u00f6bb ezer biciklis vett m\u00e1r r\u00e9szt a Megavalanche elnevez\u00e9s\u0171 downhill t\u00f6megversenyen, amely egy 3300 m\u00e9ter magasan tal\u00e1lhat\u00f3 gleccserr\u0151l rajtol","breadcrumb":{"@id":"https:\/\/www.welovecycling.com\/hu\/adrenalin\/igy-eltem-tul-a-megavalanche-downhill-versenyt\/#breadcrumb"},"inLanguage":"hu","potentialAction":[{"@type":"ReadAction","target":["https:\/\/www.welovecycling.com\/hu\/adrenalin\/igy-eltem-tul-a-megavalanche-downhill-versenyt\/"]}]},{"@type":"ImageObject","inLanguage":"hu","@id":"https:\/\/www.welovecycling.com\/hu\/adrenalin\/igy-eltem-tul-a-megavalanche-downhill-versenyt\/#primaryimage","url":"https:\/\/d2p6e6u75xmxt8.cloudfront.net\/12\/2018\/09\/megavalanche-downhill.jpg","contentUrl":"https:\/\/d2p6e6u75xmxt8.cloudfront.net\/12\/2018\/09\/megavalanche-downhill.jpg","width":1024,"height":450,"caption":"megavalanche downhill verseny"},{"@type":"BreadcrumbList","@id":"https:\/\/www.welovecycling.com\/hu\/adrenalin\/igy-eltem-tul-a-megavalanche-downhill-versenyt\/#breadcrumb","itemListElement":[{"@type":"ListItem","position":1,"name":"Home","item":"https:\/\/www.welovecycling.com\/hu\/"},{"@type":"ListItem","position":2,"name":"Saj\u00e1t szemmel: \u00cdgy \u00e9ltem t\u00fal a Megavalanche downhill-versenyt"}]},{"@type":"WebSite","@id":"https:\/\/www.welovecycling.com\/hu\/#website","url":"https:\/\/www.welovecycling.com\/hu\/","name":"\u0160koda We Love Cycling - Magyarorsz\u00e1g","description":"\u0160koda WeLoveCycling","potentialAction":[{"@type":"SearchAction","target":{"@type":"EntryPoint","urlTemplate":"https:\/\/www.welovecycling.com\/hu\/?s={search_term_string}"},"query-input":{"@type":"PropertyValueSpecification","valueRequired":true,"valueName":"search_term_string"}}],"inLanguage":"hu"},{"@type":"Person","@id":"https:\/\/www.welovecycling.com\/hu\/#\/schema\/person\/414a2aebf1801691a5320edb6468e194","name":"hegyizs","image":{"@type":"ImageObject","inLanguage":"hu","@id":"https:\/\/www.welovecycling.com\/hu\/#\/schema\/person\/image\/","url":"https:\/\/secure.gravatar.com\/avatar\/02cf8a7906b8cf90cecb4679defac7cfd33a1c2e3b88e4903d947f3bb58eedd3?s=96&d=mm&r=g","contentUrl":"https:\/\/secure.gravatar.com\/avatar\/02cf8a7906b8cf90cecb4679defac7cfd33a1c2e3b88e4903d947f3bb58eedd3?s=96&d=mm&r=g","caption":"hegyizs"},"url":"https:\/\/www.welovecycling.com\/hu\/author\/hegyizs\/"}]}},"_links":{"self":[{"href":"https:\/\/www.welovecycling.com\/hu\/wp-json\/wp\/v2\/posts\/1801","targetHints":{"allow":["GET"]}}],"collection":[{"href":"https:\/\/www.welovecycling.com\/hu\/wp-json\/wp\/v2\/posts"}],"about":[{"href":"https:\/\/www.welovecycling.com\/hu\/wp-json\/wp\/v2\/types\/post"}],"author":[{"embeddable":true,"href":"https:\/\/www.welovecycling.com\/hu\/wp-json\/wp\/v2\/users\/71"}],"replies":[{"embeddable":true,"href":"https:\/\/www.welovecycling.com\/hu\/wp-json\/wp\/v2\/comments?post=1801"}],"version-history":[{"count":2,"href":"https:\/\/www.welovecycling.com\/hu\/wp-json\/wp\/v2\/posts\/1801\/revisions"}],"predecessor-version":[{"id":1808,"href":"https:\/\/www.welovecycling.com\/hu\/wp-json\/wp\/v2\/posts\/1801\/revisions\/1808"}],"wp:featuredmedia":[{"embeddable":true,"href":"https:\/\/www.welovecycling.com\/hu\/wp-json\/wp\/v2\/media\/1802"}],"wp:attachment":[{"href":"https:\/\/www.welovecycling.com\/hu\/wp-json\/wp\/v2\/media?parent=1801"}],"wp:term":[{"taxonomy":"category","embeddable":true,"href":"https:\/\/www.welovecycling.com\/hu\/wp-json\/wp\/v2\/categories?post=1801"},{"taxonomy":"post_tag","embeddable":true,"href":"https:\/\/www.welovecycling.com\/hu\/wp-json\/wp\/v2\/tags?post=1801"},{"taxonomy":"global-categories","embeddable":true,"href":"https:\/\/www.welovecycling.com\/hu\/wp-json\/wp\/v2\/global-categories?post=1801"}],"curies":[{"name":"wp","href":"https:\/\/api.w.org\/{rel}","templated":true}]}}