{"id":17978,"date":"2023-10-12T08:00:58","date_gmt":"2023-10-12T06:00:58","guid":{"rendered":"https:\/\/www.welovecycling.com\/hu\/?p=17978"},"modified":"2023-10-06T15:45:26","modified_gmt":"2023-10-06T13:45:26","slug":"fedezd-fel-a-farizmokban-rejlo-potencialt-a-sikeres-kerekparozashoz","status":"publish","type":"post","link":"https:\/\/www.welovecycling.com\/hu\/edzes-es-eletmod\/fedezd-fel-a-farizmokban-rejlo-potencialt-a-sikeres-kerekparozashoz\/","title":{"rendered":"Fedezd fel a farizmokban rejl\u0151 potenci\u00e1lt a sikeres ker\u00e9kp\u00e1roz\u00e1shoz!"},"content":{"rendered":"<p><strong>Ak\u00e1r csak most ismerkedsz a ker\u00e9kp\u00e1roz\u00e1ssal, ak\u00e1r n\u00f6velni szeretn\u00e9d az edz\u00e9sek hossz\u00e1t, vagy szeretn\u00e9d elker\u00fclni \u00e9s legy\u0151zni a sporttal kapcsolatos gyakori s\u00e9r\u00fcl\u00e9seket, ha tudod, hogy a tested k\u00fcl\u00f6nb\u00f6z\u0151 r\u00e9szei hogyan t\u00e1mogatj\u00e1k a ped\u00e1loz\u00e1sok erej\u00e9t, sokat seg\u00edthet. J\u00f3gatan\u00e1rk\u00e9nt \u00e9s ker\u00e9kp\u00e1rosk\u00e9nt els\u0151 k\u00e9zb\u0151l tudom, hogy egy er\u0151s \u00e9s rugalmas test hogyan seg\u00edthet a ker\u00e9kp\u00e1roz\u00e1sban.<\/strong><\/p>\n<p><!--more--><\/p>\n<p>A k\u00f6vetkez\u0151 h\u00f3napokban cikksorozatot ind\u00edtunk a k\u00fcl\u00f6nb\u00f6z\u0151 izmok \u00e9s izomcsoportok ker\u00e9kp\u00e1roz\u00e1sban bet\u00f6lt\u00f6tt l\u00e9tfontoss\u00e1g\u00fa szerep\u00e9r\u0151l. Ennek kezdetek\u00e9nt koncentr\u00e1ljunk egy gyakran al\u00e1becs\u00fclt, de l\u00e9tfontoss\u00e1g\u00fa izomcsoportra: a farizmokra.<\/p>\n<p>A k\u00f6vetkez\u0151 cikkekben olyan tud\u00e1st \u00e9s gyakorlati tan\u00e1csokat osztunk meg a kulcsizmok er\u0151s\u00edt\u00e9s\u00e9re, ny\u00fajt\u00e1s\u00e1ra \u00e9s mobiliz\u00e1l\u00e1s\u00e1ra vonatkoz\u00f3an, melyek seg\u00edtenek meg\u00e9rteni, hogy tested egyes r\u00e9szei hogyan j\u00e1rulnak hozz\u00e1 a ker\u00e9kp\u00e1roz\u00e1s \u00e9lm\u00e9ny\u00e9hez.<\/p>\n<h2><strong>A farizmok szerepe a ker\u00e9kp\u00e1roz\u00e1sban<\/strong><\/h2>\n<p>Miel\u0151tt belevetn\u00e9nk magunkat az er\u0151s\u00edt\u0151 \u00e9s ny\u00fajt\u00f3 gyakorlatokba, fontos meg\u00e9rten\u00fcnk, mi\u00e9rt kulcsfontoss\u00e1g\u00faak a farizmok a ker\u00e9kp\u00e1roz\u00e1sban. A farizmaid \u2013 melyek a gluteus maximus, gluteus medius \u00e9s gluteus minimus izmokb\u00f3l \u00e1llnak \u2013 d\u00f6nt\u0151 szerepet j\u00e1tszanak a ped\u00e1loz\u00e1skor kidejtett er\u0151 nagys\u00e1g\u00e1ban, a cs\u00edp\u0151 stabiliz\u00e1l\u00e1s\u00e1ban \u00e9s a ker\u00e9kp\u00e1ron stabil testhelyzet fenntart\u00e1s\u00e1ban. \u00cdme, hogyan t\u00e1mogatj\u00e1k a farizmok a ker\u00e9kp\u00e1roz\u00e1sodat:<\/p>\n<p><strong>Er\u0151kifejt\u00e9s:<\/strong> A gluteus maximus, a farizomcsoport legnagyobb izma, felel\u0151s az er\u0151kifejt\u00e9s\u00e9rt a ped\u00e1loz\u00e1s lefel\u00e9 ir\u00e1nyul\u00f3 f\u00e1zis\u00e1ban. Az er\u0151s farizmok lehet\u0151v\u00e9 teszik, hogy t\u00f6bb er\u0151t fejts ki, n\u00f6velve a sebess\u00e9get \u00e9s hat\u00e9konys\u00e1got.<\/p>\n<p><strong>A cs\u00edp\u0151 stabiliz\u00e1l\u00e1sa:<\/strong> Az akt\u00edv farizmok szerepe nem mer\u00fcl ki puszt\u00e1n a teker\u00e9sben. A gluteus medius \u00e9s minimus seg\u00edtenek stabiliz\u00e1lni a medenc\u00e9t ker\u00e9kp\u00e1roz\u00e1s k\u00f6zben. Ezek az izmok munk\u00e1lkodnak azon, hogy a cs\u00edp\u0151det v\u00edzszintesen tarts\u00e1k, megel\u0151zve a t\u00falzott r\u00e1zk\u00f3d\u00e1st vagy megd\u0151l\u00e9st, ami k\u00e9nyelmetlens\u00e9ghez \u00e9s ak\u00e1r s\u00e9r\u00fcl\u00e9shez is vezethet.<\/p>\n<p><strong>A t\u00e9rd v\u00e9delme:<\/strong> B\u00e1r a ped\u00e1loz\u00f3 mozdulatok t\u00falnyom\u00f3r\u00e9szt s\u00edkban t\u00f6rt\u00e9nnek, ahol a combhajl\u00edt\u00f3 \u00e9s a combfesz\u00edt\u0151 izmok \u00e1llnak a k\u00f6z\u00e9ppontban, a farizmok d\u00f6nt\u0151 szerepet j\u00e1tszanak a t\u00e9rd stabilit\u00e1s\u00e1nak \u00e9s eg\u00e9szs\u00e9g\u00e9nek meg\u0151rz\u00e9s\u00e9ben. Ha a farizmaid nem vesznek akt\u00edvan r\u00e9szt a ped\u00e1oz\u00e1sban, a tested kompenz\u00e1l\u00f3 mechanizmushoz folyamodik. Ebben a helyzetben a stabilit\u00e1si feladatokat, amelyeket \u00e1ltal\u00e1ban a farizmok l\u00e1tnak el, a combhajl\u00edt\u00f3 \u00e9s combfesz\u00edt\u0151 izmok veszik \u00e1t. Ez azt jelenti, hogy a combizmaid nem csak nyomj\u00e1k a ped\u00e1lt, hanem az a plusz felel\u0151ss\u00e9g is r\u00e1juk h\u00e1rul, hogy stabiliz\u00e1lj\u00e1k a t\u00e9rd\u00edz\u00fcletet.<\/p>\n<p><strong>A t\u00f6rzs stabiliz\u00e1l\u00e1sa:<\/strong> A farizmok \u00e9s a t\u00f6rzs izmai egy\u00fcttm\u0171k\u00f6dnek a gerinced t\u00e1mogat\u00e1s\u00e1ban \u2013 v\u00e9delmezik az als\u00f3 h\u00e1tat \u00e9s lehet\u0151v\u00e9 teszik a t\u00f6rzsed stabilit\u00e1s\u00e1nak fenntart\u00e1s\u00e1t. Egy stabil testhelyzet l\u00e9tfontoss\u00e1g\u00fa az egyens\u00falyhoz \u00e9s az er\u0151 \u00e1tvitel\u00e9hez a l\u00e1baidt\u00f3l a ped\u00e1lig.<\/p>\n<div class=\"embed-controller-wrapper\">\n<div class=\"embed-wrapper\"><iframe title=\"Yoga for Cyclists\" width=\"500\" height=\"281\" data-src=\"https:\/\/www.youtube.com\/embed\/77ViDBu9Qls?feature=oembed&#038;si=abABaTEicWaiCU-g&#038;enablejsapi=1\" frameborder=\"0\" allow=\"accelerometer; autoplay; clipboard-write; encrypted-media; gyroscope; picture-in-picture; web-share\" referrerpolicy=\"strict-origin-when-cross-origin\" allowfullscreen><\/iframe><\/div>\n<\/div>\n<h2><strong>A farizmok er\u0151s\u00edt\u00e9se<\/strong><\/h2>\n<p>Most, hogy tiszt\u00e1ztuk a farizmok fontoss\u00e1g\u00e1t, l\u00e1ssuk a gyakorlati m\u00f3dszereket, hogy hogyan er\u0151s\u00edthetj\u00fck, ny\u00fajthatjuk \u00e9s jav\u00edthatjuk ezeknek az izmoknak a mobilit\u00e1s\u00e1t.<\/p>\n<p><strong>Guggol\u00e1s:<\/strong> A guggol\u00e1s fantasztikus gyakorlat a gluteus maximus meger\u0151s\u00edt\u00e9s\u00e9hez. \u00c1llj v\u00e1llsz\u00e9less\u00e9g\u0171 terpeszben, a mellkasodat emeld fel \u00e9s tartsd a h\u00e1tad egyenesen. Engedd le a testedet \u00fagy, hogy a t\u00e9rdedet hajl\u00edtod \u00e9s a cs\u00edp\u0151det h\u00e1tra tolod, mintha egy sz\u00e9kre \u00fcln\u00e9l. V\u00e9gezz h\u00e1rom szettet 10-15 ism\u00e9tl\u00e9ssel, fokozatosan \u00fclj egyre m\u00e9lyebbre, ahogy az er\u0151d n\u00f6vekszik.<\/p>\n<p><strong>Cs\u00edp\u0151emel\u00e9s:<\/strong> Fek\u00fcdj a h\u00e1tadra, a t\u00e9rdeid hajl\u00edtsd be, a talpaid a padl\u00f3n, cs\u00edp\u0151sz\u00e9less\u00e9g\u0171 terpeszben. Emeld fel a cs\u00edp\u0151det a mennyezet fel\u00e9, mik\u00f6zben \u00f6sszeszor\u00edtod a farizmaidat. Tartsd n\u00e9h\u00e1ny m\u00e1sodpercig, majd engedd le. Ism\u00e9teld meg h\u00e1rom szettben, 12-15 ism\u00e9tl\u00e9ssel.<\/p>\n<p><strong>Oldals\u00f3 l\u00e1bemel\u00e9sek:<\/strong> A gluteus medius er\u0151s\u00edt\u00e9s\u00e9hez ereszkedj n\u00e9gyk\u00e9zl\u00e1bra, cs\u00edp\u0151sz\u00e9less\u00e9gre legyenek a l\u00e1baid \u00e9s a kezeid egym\u00e1st\u00f3l, \u00e9s emeld fel az egyik l\u00e1bad oldalra, egyenesen. Engedd le \u00e9s ism\u00e9teld meg a m\u00e1sik oldalon. C\u00e9lzottan v\u00e9gezz h\u00e1rom szettet, 12-15 ism\u00e9tl\u00e9ssel mindk\u00e9t l\u00e1bon.<\/p>\n<p><strong>Kagyl\u00f3: <\/strong>Fek\u00fcdj az egyik oldaladra, a l\u00e1baid 90 fokos sz\u00f6gben hajl\u00edtva. A talpaid tartsd egy\u00fctt \u00e9s emeld fel a fels\u0151 t\u00e9rded a lehet\u0151 legmagasabbra, an\u00e9lk\u00fcl, hogy elmozd\u00edtan\u00e1d a medenc\u00e9det. Engedd le \u00e9s ism\u00e9teld meg h\u00e1rom szettben, 12-15 ism\u00e9tl\u00e9ssel mindk\u00e9t oldalon.<\/p>\n<h2><strong>A farizmok ny\u00fajt\u00e1sa<\/strong><\/h2>\n<p>Azok a gyakorlatok, melyek meghosszabb\u00edtj\u00e1k \u00e9s ny\u00fajtj\u00e1k a farizmokat, seg\u00edtenek megel\u0151zni a s\u00e9r\u00fcl\u00e9seket, amelyek a meger\u0151ltet\u00e9s \u00e9s az izomgyullad\u00e1s miatt keletkezhetnek.<\/p>\n<p><strong>Galamb p\u00f3z:<\/strong> Ez a j\u00f3gap\u00f3z kiv\u00e1l\u00f3an ny\u00fajtja a farizmokat. \u00c1llj n\u00e9gyk\u00e9zl\u00e1b, majd hozd el\u0151re az egyik t\u00e9rded \u00e9s helyezd azt a csukl\u00f3d m\u00f6g\u00e9. Ny\u00fajtsd ki a m\u00e1sik l\u00e1bad h\u00e1tra, egyenesen. Lassan engedd le a mellkasod a f\u00f6ldre, \u00e9rezd a ny\u00fajt\u00e1st a h\u00e1ts\u00f3 l\u00e1badban. Tartsd 30 m\u00e1sodpercig vagy 1 percig mindk\u00e9t oldalon.<\/p>\n<p><strong>\u00dcl\u0151 el\u0151rehajl\u00e1s<\/strong>: \u00dclj le a f\u00f6ldre, a l\u00e1baidat ny\u00fajtsd el\u0151re. Hajolj el\u0151re \u00e9s ny\u00fajt\u00f3zkodj a l\u00e1bujjaid fel\u00e9. Ez a ny\u00fajt\u00e1s nem csak a combhajl\u00edt\u00f3 izmokat c\u00e9lozza meg, hanem a farizmokat is. Tartsd 30 m\u00e1sodperct\u0151l 1 percig.<\/p>\n<p><strong>Pillang\u00f3 ny\u00fajt\u00e1s<\/strong>: \u00dclj a f\u00f6ldre, z\u00e1rd \u00f6ssze a talpaid \u00e9s engedd le a t\u00e9rdedet k\u00e9t oldalra, ahogy egy pillang\u00f3 sz\u00e1rnyai is \u00e1llnak. Finoman nyomd a t\u00e9rdedet a f\u00f6ld fel\u00e9, mik\u00f6zben a h\u00e1tad egyenesen tartod. Tartsd 30 m\u00e1sodperct\u0151l 1 percig.<\/p>\n<h2><strong>A farizmok mobilit\u00e1s\u00e1nak jav\u00edt\u00e1sa<\/strong><\/h2>\n<p>\u00d3vd meg az izmaidat a s\u00e9r\u00fcl\u00e9sekt\u0151l \u00e9s n\u00f6veld az \u00e1ll\u00f3k\u00e9pess\u00e9ged!<\/p>\n<p><strong>Cs\u00edp\u0151k\u00f6rz\u00e9sek:<\/strong> \u00c1llj cs\u00edp\u0151sz\u00e9less\u00e9g\u0171 terpeszben. Lassan k\u00f6r\u00f6zz a cs\u00edp\u0151ddel az \u00f3ramutat\u00f3 j\u00e1r\u00e1s\u00e1val megegyez\u0151 ir\u00e1nyban, majd v\u00e1lts ellent\u00e9tes ir\u00e1nyra. Ez a gyakorlat jav\u00edtja a cs\u00edp\u0151 mobilit\u00e1s\u00e1t, amely l\u00e9tfontoss\u00e1g\u00fa az hat\u00e9kony ped\u00e1loz\u00e1shoz.<\/p>\n<p><strong>Cs\u00edp\u0151nyit\u00f3 j\u00f3gap\u00f3zok: <\/strong>A gy\u00edk p\u00f3z, a f\u00e9l galamb p\u00f3z, \u00e9s a boldog csecsem\u0151 p\u00f3z be\u00e9p\u00edt\u00e9se a rutinodba nagyban jav\u00edthatja a cs\u00edp\u0151 \u00e9s a farizmok mobilit\u00e1s\u00e1t. Ezek a p\u00f3zok a cs\u00edp\u0151nyit\u00e1sra \u00e9s a farizmok ny\u00fajt\u00e1s\u00e1ra koncentr\u00e1lnak.<\/p>\n<h2><strong>Lassan v\u00e1ltoztass \u00e9s tal\u00e1lj egy rutint, amit k\u00f6vetni tudsz<\/strong><\/h2>\n<p>Term\u00e9szetesen nem kell az \u00f6sszes gyakorlatot elv\u00e9gezned a fentiek k\u00f6z\u00fcl. Eml\u00e9kezz arra, hogy a farizmaid fontosak a bicikliz\u00e9s sor\u00e1n \u00e9s sz\u00e1nj r\u00e1juk egy kis id\u0151t &#8211; nem fogod megb\u00e1nni.<\/p>\n<p>Tedd ezeket a gyakorlatokat \u00e9s ny\u00fajt\u00e1sokat a rutinod r\u00e9sz\u00e9v\u00e9, \u00e9s j\u00f3l \u00faton leszel a farizmaid teljes potenci\u00e1lj\u00e1nak kiakn\u00e1z\u00e1sa fel\u00e9. Ak\u00e1r alkalmi ker\u00e9kp\u00e1ros vagy, ak\u00e1r elk\u00f6telezett versenyz\u0151, az er\u0151s \u00e9s mobilis farizmok seg\u00edtsenek biztons\u00e1gosan \u00e9s er\u0151sen ped\u00e1lozni, illetve magabiztosnak \u00e9s stabilnak maradni az utakon.<\/p>\n","protected":false},"excerpt":{"rendered":"<p>Ak\u00e1r csak most ismerkedsz a ker\u00e9kp\u00e1roz\u00e1ssal, ak\u00e1r n\u00f6velni szeretn\u00e9d az edz\u00e9sek hossz\u00e1t, vagy szeretn\u00e9d elker\u00fclni \u00e9s legy\u0151zni a sporttal kapcsolatos [&hellip;]<\/p>\n","protected":false},"author":71,"featured_media":17979,"comment_status":"open","ping_status":"open","sticky":false,"template":"","format":"standard","meta":{"footnotes":""},"categories":[6],"tags":[],"global-categories":[],"class_list":["post-17978","post","type-post","status-publish","format-standard","has-post-thumbnail","hentry","category-edzes-es-eletmod"],"yoast_head":"<!-- This site is optimized with the Yoast SEO Premium plugin v25.3 (Yoast SEO v25.9) - https:\/\/yoast.com\/wordpress\/plugins\/seo\/ -->\n<title>Fedezd fel a farizmokban rejl\u0151 potenci\u00e1lt a sikeres ker\u00e9kp\u00e1roz\u00e1shoz!<\/title>\n<meta name=\"description\" content=\"Ak\u00e1r csak most ismerkedsz a ker\u00e9kp\u00e1roz\u00e1ssal, ak\u00e1r n\u00f6velni szeretn\u00e9d az edz\u00e9sek hossz\u00e1t, vagy szeretn\u00e9d elker\u00fclni \u00e9s legy\u0151zni a sporttal kapcsolatos gyakori s\u00e9r\u00fcl\u00e9seket, ha tudod, hogy a tested k\u00fcl\u00f6nb\u00f6z\u0151 r\u00e9szei hogyan t\u00e1mogatj\u00e1k a ped\u00e1loz\u00e1sok erej\u00e9t, sokat seg\u00edthet. J\u00f3gatan\u00e1rk\u00e9nt \u00e9s ker\u00e9kp\u00e1rosk\u00e9nt els\u0151 k\u00e9zb\u0151l tudom, hogy egy er\u0151s \u00e9s rugalmas test hogyan seg\u00edthet a ker\u00e9kp\u00e1roz\u00e1sban.\" \/>\n<meta name=\"robots\" content=\"index, follow, max-snippet:-1, max-image-preview:large, max-video-preview:-1\" \/>\n<link rel=\"canonical\" href=\"https:\/\/www.welovecycling.com\/hu\/edzes-es-eletmod\/fedezd-fel-a-farizmokban-rejlo-potencialt-a-sikeres-kerekparozashoz\/\" \/>\n<meta property=\"og:locale\" content=\"hu_HU\" \/>\n<meta property=\"og:type\" content=\"article\" \/>\n<meta property=\"og:title\" content=\"Fedezd fel a farizmokban rejl\u0151 potenci\u00e1lt a sikeres ker\u00e9kp\u00e1roz\u00e1shoz!\" \/>\n<meta property=\"og:description\" content=\"Ak\u00e1r csak most ismerkedsz a ker\u00e9kp\u00e1roz\u00e1ssal, ak\u00e1r n\u00f6velni szeretn\u00e9d az edz\u00e9sek hossz\u00e1t, vagy szeretn\u00e9d elker\u00fclni \u00e9s legy\u0151zni a sporttal kapcsolatos gyakori s\u00e9r\u00fcl\u00e9seket, ha tudod, hogy a tested k\u00fcl\u00f6nb\u00f6z\u0151 r\u00e9szei hogyan t\u00e1mogatj\u00e1k a ped\u00e1loz\u00e1sok erej\u00e9t, sokat seg\u00edthet. J\u00f3gatan\u00e1rk\u00e9nt \u00e9s ker\u00e9kp\u00e1rosk\u00e9nt els\u0151 k\u00e9zb\u0151l tudom, hogy egy er\u0151s \u00e9s rugalmas test hogyan seg\u00edthet a ker\u00e9kp\u00e1roz\u00e1sban.\" \/>\n<meta property=\"og:url\" content=\"https:\/\/www.welovecycling.com\/hu\/edzes-es-eletmod\/fedezd-fel-a-farizmokban-rejlo-potencialt-a-sikeres-kerekparozashoz\/\" \/>\n<meta property=\"og:site_name\" content=\"\u0160koda We Love Cycling - Magyarorsz\u00e1g\" \/>\n<meta property=\"article:publisher\" content=\"https:\/\/www.facebook.com\/WeLoveCyclingHungary\/\" \/>\n<meta property=\"article:published_time\" content=\"2023-10-12T06:00:58+00:00\" \/>\n<meta property=\"og:image\" content=\"https:\/\/d2p6e6u75xmxt8.cloudfront.net\/12\/2023\/10\/Bicycle-Ride-Nature-Gravel-profimedia-0809173988-CVR.webp\" \/>\n\t<meta property=\"og:image:width\" content=\"990\" \/>\n\t<meta property=\"og:image:height\" content=\"660\" \/>\n\t<meta property=\"og:image:type\" content=\"image\/webp\" \/>\n<meta name=\"author\" content=\"hegyizs\" \/>\n<meta name=\"twitter:card\" content=\"summary_large_image\" \/>\n<meta name=\"twitter:label1\" content=\"Written by\" \/>\n\t<meta name=\"twitter:data1\" content=\"Megan Flottorp\" \/>\n\t<meta name=\"twitter:label2\" content=\"Est. reading time\" \/>\n\t<meta name=\"twitter:data2\" content=\"5\" \/>\n<script type=\"application\/ld+json\" class=\"yoast-schema-graph\">{\"@context\":\"https:\/\/schema.org\",\"@graph\":[{\"@type\":\"WebPage\",\"@id\":\"https:\/\/www.welovecycling.com\/hu\/edzes-es-eletmod\/fedezd-fel-a-farizmokban-rejlo-potencialt-a-sikeres-kerekparozashoz\/\",\"url\":\"https:\/\/www.welovecycling.com\/hu\/edzes-es-eletmod\/fedezd-fel-a-farizmokban-rejlo-potencialt-a-sikeres-kerekparozashoz\/\",\"name\":\"Fedezd fel a farizmokban rejl\u0151 potenci\u00e1lt a sikeres ker\u00e9kp\u00e1roz\u00e1shoz!\",\"isPartOf\":{\"@id\":\"https:\/\/www.welovecycling.com\/hu\/#website\"},\"primaryImageOfPage\":{\"@id\":\"https:\/\/www.welovecycling.com\/hu\/edzes-es-eletmod\/fedezd-fel-a-farizmokban-rejlo-potencialt-a-sikeres-kerekparozashoz\/#primaryimage\"},\"image\":{\"@id\":\"https:\/\/www.welovecycling.com\/hu\/edzes-es-eletmod\/fedezd-fel-a-farizmokban-rejlo-potencialt-a-sikeres-kerekparozashoz\/#primaryimage\"},\"thumbnailUrl\":\"https:\/\/d2p6e6u75xmxt8.cloudfront.net\/12\/2023\/10\/Bicycle-Ride-Nature-Gravel-profimedia-0809173988-CVR.webp\",\"datePublished\":\"2023-10-12T06:00:58+00:00\",\"author\":{\"@id\":\"https:\/\/www.welovecycling.com\/hu\/#\/schema\/person\/414a2aebf1801691a5320edb6468e194\"},\"description\":\"Ak\u00e1r csak most ismerkedsz a ker\u00e9kp\u00e1roz\u00e1ssal, ak\u00e1r n\u00f6velni szeretn\u00e9d az edz\u00e9sek hossz\u00e1t, vagy szeretn\u00e9d elker\u00fclni \u00e9s legy\u0151zni a sporttal kapcsolatos gyakori s\u00e9r\u00fcl\u00e9seket, ha tudod, hogy a tested k\u00fcl\u00f6nb\u00f6z\u0151 r\u00e9szei hogyan t\u00e1mogatj\u00e1k a ped\u00e1loz\u00e1sok erej\u00e9t, sokat seg\u00edthet. J\u00f3gatan\u00e1rk\u00e9nt \u00e9s ker\u00e9kp\u00e1rosk\u00e9nt els\u0151 k\u00e9zb\u0151l tudom, hogy egy er\u0151s \u00e9s rugalmas test hogyan seg\u00edthet a ker\u00e9kp\u00e1roz\u00e1sban.\",\"breadcrumb\":{\"@id\":\"https:\/\/www.welovecycling.com\/hu\/edzes-es-eletmod\/fedezd-fel-a-farizmokban-rejlo-potencialt-a-sikeres-kerekparozashoz\/#breadcrumb\"},\"inLanguage\":\"hu\",\"potentialAction\":[{\"@type\":\"ReadAction\",\"target\":[\"https:\/\/www.welovecycling.com\/hu\/edzes-es-eletmod\/fedezd-fel-a-farizmokban-rejlo-potencialt-a-sikeres-kerekparozashoz\/\"]}]},{\"@type\":\"ImageObject\",\"inLanguage\":\"hu\",\"@id\":\"https:\/\/www.welovecycling.com\/hu\/edzes-es-eletmod\/fedezd-fel-a-farizmokban-rejlo-potencialt-a-sikeres-kerekparozashoz\/#primaryimage\",\"url\":\"https:\/\/d2p6e6u75xmxt8.cloudfront.net\/12\/2023\/10\/Bicycle-Ride-Nature-Gravel-profimedia-0809173988-CVR.webp\",\"contentUrl\":\"https:\/\/d2p6e6u75xmxt8.cloudfront.net\/12\/2023\/10\/Bicycle-Ride-Nature-Gravel-profimedia-0809173988-CVR.webp\",\"width\":990,\"height\":660,\"caption\":\"Bicycle ride\"},{\"@type\":\"BreadcrumbList\",\"@id\":\"https:\/\/www.welovecycling.com\/hu\/edzes-es-eletmod\/fedezd-fel-a-farizmokban-rejlo-potencialt-a-sikeres-kerekparozashoz\/#breadcrumb\",\"itemListElement\":[{\"@type\":\"ListItem\",\"position\":1,\"name\":\"Home\",\"item\":\"https:\/\/www.welovecycling.com\/hu\/\"},{\"@type\":\"ListItem\",\"position\":2,\"name\":\"Fedezd fel a farizmokban rejl\u0151 potenci\u00e1lt a sikeres ker\u00e9kp\u00e1roz\u00e1shoz!\"}]},{\"@type\":\"WebSite\",\"@id\":\"https:\/\/www.welovecycling.com\/hu\/#website\",\"url\":\"https:\/\/www.welovecycling.com\/hu\/\",\"name\":\"\u0160koda We Love Cycling - Magyarorsz\u00e1g\",\"description\":\"\u0160koda WeLoveCycling\",\"potentialAction\":[{\"@type\":\"SearchAction\",\"target\":{\"@type\":\"EntryPoint\",\"urlTemplate\":\"https:\/\/www.welovecycling.com\/hu\/?s={search_term_string}\"},\"query-input\":{\"@type\":\"PropertyValueSpecification\",\"valueRequired\":true,\"valueName\":\"search_term_string\"}}],\"inLanguage\":\"hu\"},{\"@type\":\"Person\",\"@id\":\"https:\/\/www.welovecycling.com\/hu\/#\/schema\/person\/414a2aebf1801691a5320edb6468e194\",\"name\":\"hegyizs\",\"image\":{\"@type\":\"ImageObject\",\"inLanguage\":\"hu\",\"@id\":\"https:\/\/www.welovecycling.com\/hu\/#\/schema\/person\/image\/\",\"url\":\"https:\/\/secure.gravatar.com\/avatar\/02cf8a7906b8cf90cecb4679defac7cfd33a1c2e3b88e4903d947f3bb58eedd3?s=96&d=mm&r=g\",\"contentUrl\":\"https:\/\/secure.gravatar.com\/avatar\/02cf8a7906b8cf90cecb4679defac7cfd33a1c2e3b88e4903d947f3bb58eedd3?s=96&d=mm&r=g\",\"caption\":\"hegyizs\"},\"url\":\"https:\/\/www.welovecycling.com\/hu\/author\/hegyizs\/\"}]}<\/script>\n<!-- \/ Yoast SEO Premium plugin. -->","yoast_head_json":{"title":"Fedezd fel a farizmokban rejl\u0151 potenci\u00e1lt a sikeres ker\u00e9kp\u00e1roz\u00e1shoz!","description":"Ak\u00e1r csak most ismerkedsz a ker\u00e9kp\u00e1roz\u00e1ssal, ak\u00e1r n\u00f6velni szeretn\u00e9d az edz\u00e9sek hossz\u00e1t, vagy szeretn\u00e9d elker\u00fclni \u00e9s legy\u0151zni a sporttal kapcsolatos gyakori s\u00e9r\u00fcl\u00e9seket, ha tudod, hogy a tested k\u00fcl\u00f6nb\u00f6z\u0151 r\u00e9szei hogyan t\u00e1mogatj\u00e1k a ped\u00e1loz\u00e1sok erej\u00e9t, sokat seg\u00edthet. J\u00f3gatan\u00e1rk\u00e9nt \u00e9s ker\u00e9kp\u00e1rosk\u00e9nt els\u0151 k\u00e9zb\u0151l tudom, hogy egy er\u0151s \u00e9s rugalmas test hogyan seg\u00edthet a ker\u00e9kp\u00e1roz\u00e1sban.","robots":{"index":"index","follow":"follow","max-snippet":"max-snippet:-1","max-image-preview":"max-image-preview:large","max-video-preview":"max-video-preview:-1"},"canonical":"https:\/\/www.welovecycling.com\/hu\/edzes-es-eletmod\/fedezd-fel-a-farizmokban-rejlo-potencialt-a-sikeres-kerekparozashoz\/","og_locale":"hu_HU","og_type":"article","og_title":"Fedezd fel a farizmokban rejl\u0151 potenci\u00e1lt a sikeres ker\u00e9kp\u00e1roz\u00e1shoz!","og_description":"Ak\u00e1r csak most ismerkedsz a ker\u00e9kp\u00e1roz\u00e1ssal, ak\u00e1r n\u00f6velni szeretn\u00e9d az edz\u00e9sek hossz\u00e1t, vagy szeretn\u00e9d elker\u00fclni \u00e9s legy\u0151zni a sporttal kapcsolatos gyakori s\u00e9r\u00fcl\u00e9seket, ha tudod, hogy a tested k\u00fcl\u00f6nb\u00f6z\u0151 r\u00e9szei hogyan t\u00e1mogatj\u00e1k a ped\u00e1loz\u00e1sok erej\u00e9t, sokat seg\u00edthet. J\u00f3gatan\u00e1rk\u00e9nt \u00e9s ker\u00e9kp\u00e1rosk\u00e9nt els\u0151 k\u00e9zb\u0151l tudom, hogy egy er\u0151s \u00e9s rugalmas test hogyan seg\u00edthet a ker\u00e9kp\u00e1roz\u00e1sban.","og_url":"https:\/\/www.welovecycling.com\/hu\/edzes-es-eletmod\/fedezd-fel-a-farizmokban-rejlo-potencialt-a-sikeres-kerekparozashoz\/","og_site_name":"\u0160koda We Love Cycling - Magyarorsz\u00e1g","article_publisher":"https:\/\/www.facebook.com\/WeLoveCyclingHungary\/","article_published_time":"2023-10-12T06:00:58+00:00","og_image":[{"width":990,"height":660,"url":"https:\/\/d2p6e6u75xmxt8.cloudfront.net\/12\/2023\/10\/Bicycle-Ride-Nature-Gravel-profimedia-0809173988-CVR.webp","type":"image\/webp"}],"author":"hegyizs","twitter_card":"summary_large_image","twitter_misc":{"Written by":"Megan Flottorp","Est. reading time":"5"},"schema":{"@context":"https:\/\/schema.org","@graph":[{"@type":"WebPage","@id":"https:\/\/www.welovecycling.com\/hu\/edzes-es-eletmod\/fedezd-fel-a-farizmokban-rejlo-potencialt-a-sikeres-kerekparozashoz\/","url":"https:\/\/www.welovecycling.com\/hu\/edzes-es-eletmod\/fedezd-fel-a-farizmokban-rejlo-potencialt-a-sikeres-kerekparozashoz\/","name":"Fedezd fel a farizmokban rejl\u0151 potenci\u00e1lt a sikeres ker\u00e9kp\u00e1roz\u00e1shoz!","isPartOf":{"@id":"https:\/\/www.welovecycling.com\/hu\/#website"},"primaryImageOfPage":{"@id":"https:\/\/www.welovecycling.com\/hu\/edzes-es-eletmod\/fedezd-fel-a-farizmokban-rejlo-potencialt-a-sikeres-kerekparozashoz\/#primaryimage"},"image":{"@id":"https:\/\/www.welovecycling.com\/hu\/edzes-es-eletmod\/fedezd-fel-a-farizmokban-rejlo-potencialt-a-sikeres-kerekparozashoz\/#primaryimage"},"thumbnailUrl":"https:\/\/d2p6e6u75xmxt8.cloudfront.net\/12\/2023\/10\/Bicycle-Ride-Nature-Gravel-profimedia-0809173988-CVR.webp","datePublished":"2023-10-12T06:00:58+00:00","author":{"@id":"https:\/\/www.welovecycling.com\/hu\/#\/schema\/person\/414a2aebf1801691a5320edb6468e194"},"description":"Ak\u00e1r csak most ismerkedsz a ker\u00e9kp\u00e1roz\u00e1ssal, ak\u00e1r n\u00f6velni szeretn\u00e9d az edz\u00e9sek hossz\u00e1t, vagy szeretn\u00e9d elker\u00fclni \u00e9s legy\u0151zni a sporttal kapcsolatos gyakori s\u00e9r\u00fcl\u00e9seket, ha tudod, hogy a tested k\u00fcl\u00f6nb\u00f6z\u0151 r\u00e9szei hogyan t\u00e1mogatj\u00e1k a ped\u00e1loz\u00e1sok erej\u00e9t, sokat seg\u00edthet. J\u00f3gatan\u00e1rk\u00e9nt \u00e9s ker\u00e9kp\u00e1rosk\u00e9nt els\u0151 k\u00e9zb\u0151l tudom, hogy egy er\u0151s \u00e9s rugalmas test hogyan seg\u00edthet a ker\u00e9kp\u00e1roz\u00e1sban.","breadcrumb":{"@id":"https:\/\/www.welovecycling.com\/hu\/edzes-es-eletmod\/fedezd-fel-a-farizmokban-rejlo-potencialt-a-sikeres-kerekparozashoz\/#breadcrumb"},"inLanguage":"hu","potentialAction":[{"@type":"ReadAction","target":["https:\/\/www.welovecycling.com\/hu\/edzes-es-eletmod\/fedezd-fel-a-farizmokban-rejlo-potencialt-a-sikeres-kerekparozashoz\/"]}]},{"@type":"ImageObject","inLanguage":"hu","@id":"https:\/\/www.welovecycling.com\/hu\/edzes-es-eletmod\/fedezd-fel-a-farizmokban-rejlo-potencialt-a-sikeres-kerekparozashoz\/#primaryimage","url":"https:\/\/d2p6e6u75xmxt8.cloudfront.net\/12\/2023\/10\/Bicycle-Ride-Nature-Gravel-profimedia-0809173988-CVR.webp","contentUrl":"https:\/\/d2p6e6u75xmxt8.cloudfront.net\/12\/2023\/10\/Bicycle-Ride-Nature-Gravel-profimedia-0809173988-CVR.webp","width":990,"height":660,"caption":"Bicycle ride"},{"@type":"BreadcrumbList","@id":"https:\/\/www.welovecycling.com\/hu\/edzes-es-eletmod\/fedezd-fel-a-farizmokban-rejlo-potencialt-a-sikeres-kerekparozashoz\/#breadcrumb","itemListElement":[{"@type":"ListItem","position":1,"name":"Home","item":"https:\/\/www.welovecycling.com\/hu\/"},{"@type":"ListItem","position":2,"name":"Fedezd fel a farizmokban rejl\u0151 potenci\u00e1lt a sikeres ker\u00e9kp\u00e1roz\u00e1shoz!"}]},{"@type":"WebSite","@id":"https:\/\/www.welovecycling.com\/hu\/#website","url":"https:\/\/www.welovecycling.com\/hu\/","name":"\u0160koda We Love Cycling - Magyarorsz\u00e1g","description":"\u0160koda WeLoveCycling","potentialAction":[{"@type":"SearchAction","target":{"@type":"EntryPoint","urlTemplate":"https:\/\/www.welovecycling.com\/hu\/?s={search_term_string}"},"query-input":{"@type":"PropertyValueSpecification","valueRequired":true,"valueName":"search_term_string"}}],"inLanguage":"hu"},{"@type":"Person","@id":"https:\/\/www.welovecycling.com\/hu\/#\/schema\/person\/414a2aebf1801691a5320edb6468e194","name":"hegyizs","image":{"@type":"ImageObject","inLanguage":"hu","@id":"https:\/\/www.welovecycling.com\/hu\/#\/schema\/person\/image\/","url":"https:\/\/secure.gravatar.com\/avatar\/02cf8a7906b8cf90cecb4679defac7cfd33a1c2e3b88e4903d947f3bb58eedd3?s=96&d=mm&r=g","contentUrl":"https:\/\/secure.gravatar.com\/avatar\/02cf8a7906b8cf90cecb4679defac7cfd33a1c2e3b88e4903d947f3bb58eedd3?s=96&d=mm&r=g","caption":"hegyizs"},"url":"https:\/\/www.welovecycling.com\/hu\/author\/hegyizs\/"}]}},"_links":{"self":[{"href":"https:\/\/www.welovecycling.com\/hu\/wp-json\/wp\/v2\/posts\/17978","targetHints":{"allow":["GET"]}}],"collection":[{"href":"https:\/\/www.welovecycling.com\/hu\/wp-json\/wp\/v2\/posts"}],"about":[{"href":"https:\/\/www.welovecycling.com\/hu\/wp-json\/wp\/v2\/types\/post"}],"author":[{"embeddable":true,"href":"https:\/\/www.welovecycling.com\/hu\/wp-json\/wp\/v2\/users\/71"}],"replies":[{"embeddable":true,"href":"https:\/\/www.welovecycling.com\/hu\/wp-json\/wp\/v2\/comments?post=17978"}],"version-history":[{"count":1,"href":"https:\/\/www.welovecycling.com\/hu\/wp-json\/wp\/v2\/posts\/17978\/revisions"}],"predecessor-version":[{"id":17980,"href":"https:\/\/www.welovecycling.com\/hu\/wp-json\/wp\/v2\/posts\/17978\/revisions\/17980"}],"wp:featuredmedia":[{"embeddable":true,"href":"https:\/\/www.welovecycling.com\/hu\/wp-json\/wp\/v2\/media\/17979"}],"wp:attachment":[{"href":"https:\/\/www.welovecycling.com\/hu\/wp-json\/wp\/v2\/media?parent=17978"}],"wp:term":[{"taxonomy":"category","embeddable":true,"href":"https:\/\/www.welovecycling.com\/hu\/wp-json\/wp\/v2\/categories?post=17978"},{"taxonomy":"post_tag","embeddable":true,"href":"https:\/\/www.welovecycling.com\/hu\/wp-json\/wp\/v2\/tags?post=17978"},{"taxonomy":"global-categories","embeddable":true,"href":"https:\/\/www.welovecycling.com\/hu\/wp-json\/wp\/v2\/global-categories?post=17978"}],"curies":[{"name":"wp","href":"https:\/\/api.w.org\/{rel}","templated":true}]}}