{"id":1797,"date":"2018-09-18T12:31:53","date_gmt":"2018-09-18T12:31:53","guid":{"rendered":"https:\/\/www.welovecycling.com\/hu\/?p=1797"},"modified":"2018-09-18T12:31:53","modified_gmt":"2018-09-18T12:31:53","slug":"ismerd-meg-a-rekumbens-mas-neven-fekvokerekparokat","status":"publish","type":"post","link":"https:\/\/www.welovecycling.com\/hu\/orszaguti-kerekpar\/ismerd-meg-a-rekumbens-mas-neven-fekvokerekparokat\/","title":{"rendered":"Ismerd meg a rekumbens, m\u00e1s n\u00e9ven fekv\u0151ker\u00e9kp\u00e1rokat!"},"content":{"rendered":"<p><strong>Felejtsd el a Nemzetk\u00f6zi Ker\u00e9kp\u00e1ros-sz\u00f6vets\u00e9g \u00e1ltal hivatalosan j\u00f3v\u00e1hagyott ker\u00e9kp\u00e1rokat &#8211; d\u0151lj h\u00e1tra, engedd el magad, mi pedig bevezet\u00fcnk a rekumbensek vil\u00e1g\u00e1ba.<\/strong><\/p>\n<h2>Egy k\u00f6z\u00fcl\u00fcnk<\/h2>\n<p>A kiv\u00e1l\u00f3 Catrike 7000 h\u00e1romkerek\u0171 t\u00f6k\u00e9letes bizony\u00edt\u00e9k r\u00e1, hogy a fekv\u0151ker\u00e9kp\u00e1roz\u00e1s rajong\u00f3i is ugyan\u00fagy szeretnek tekerni, mint a t\u00f6bbi biciklis. A \u201efekv\u0151s\u00f6k\u201d is kedvelik a karbonsz\u00e1las anyagokat \u00e9s a teljes\u00edtm\u00e9nyn\u00f6vel\u0151 k\u00fcty\u00fcket. A legfontosabb pedig, hogy \u0151k is im\u00e1dnak a g\u00e9peikr\u0151l besz\u00e9lni.<\/p>\n<p><iframe loading=\"lazy\" src=\"https:\/\/www.youtube-nocookie.com\/embed\/B-ZwHiuaIVA\" width=\"792\" height=\"446\" frameborder=\"0\" allowfullscreen=\"allowfullscreen\"><\/iframe><\/p>\n<p>A s\u00faly \u00e9s a kerekek fontos t\u00e9nyez\u0151k, k\u00fcl\u00f6n\u00f6sen az\u00e9rt, mert a h\u00e1romkerek\u0171 v\u00e1ltozat komoly teljes\u00edtm\u00e9nyn\u00f6vel\u0151 komponenseket tud felmutatni, nem \u00fagy, mint a hagyom\u00e1nyos, \u00fclve haszn\u00e1lt h\u00e1romkerek\u0171ek. Lehet, hogy a fordul\u00f3k\u00f6r nagyobb, de a tricikli m\u00e9gis j\u00f3val \u00e1ramvonalasabb, mint ak\u00e1r a legjobb Tour de France TT bring\u00e1k.<\/p>\n<h2>\u00dajabb szerelem<\/h2>\n<p>K\u00f6nny\u0171 az orrunkat h\u00fazni valami furcsa vagy szokatlan dolog l\u00e1tt\u00e1n &#8211; ez\u00e9rt is leny\u0171g\u00f6z\u0151 a JaYoe Nation vide\u00f3ja, amelyben k\u00fcl\u00f6nb\u00f6z\u0151 alternat\u00edv teker\u00e9si form\u00e1kat mutatnak be. A rekumbens az egyik legjobb p\u00e9lda az ilyen alternat\u00edv j\u00e1rm\u0171vekre &#8211; n\u00e9zz\u00e9tek meg ezt a vide\u00f3t, amelyben egy fekv\u0151ker\u00e9kp\u00e1rokra specializ\u00e1lt \u00fczletet l\u00e1togatnak meg els\u0151 alkalommal, \u00e9s azonnal szerelembe esnek vel\u00fck.<\/p>\n<p><iframe loading=\"lazy\" src=\"https:\/\/www.youtube-nocookie.com\/embed\/l3Jc71QBFKE\" width=\"792\" height=\"446\" frameborder=\"0\" allowfullscreen=\"allowfullscreen\"><\/iframe><\/p>\n<p>Matt \u00e9s Ryan \u00c9szak-Hollywoodba ment, hogy a felkeress\u00e9k a h\u00edres Bent Up Cycles \u00fczletet, ahol a \u201efekv\u0151s\u00f6k\u201d legnagyobb szak\u00e9rt\u0151ivel tan\u00e1cskoztak. Szokatlan felfedez\u00e9seik egyike az is, hogy milyen el\u0151nytelen lehet a hanyatt fekv\u00e9s beleink szempontj\u00e1b\u00f3l. Egy azonban biztos: JaYoe-\u00e9k els\u0151 l\u00e1t\u00e1sra beleszerettek a fekv\u0151bring\u00e1s \u00e9let\u00e9rz\u00e9sbe.<\/p>\n<h2>Bicikli kontra tricikli<\/h2>\n<p>Azt nem neh\u00e9z el\u00e9rni, hogy egy ker\u00e9kkel hajtott j\u00e1rm\u0171 \u00e1ramvonalas legyen. Az ember az, akinek a teste t\u00f6nkreteszi az aerodinamikai t\u00f6k\u00e9letess\u00e9get. Hanyatt helyzetben k\u00f6nnyebb a tervez\u0151knek megoldani, hogy cs\u00f6kkents\u00e9k a l\u00e9gellen\u00e1ll\u00e1st, \u00e9s \u00e9rthet\u0151 m\u00f3don a rekumbens bicikli is \u00e1ramvonalasabb tud lenni, mint egy tricikli.<\/p>\n<p><iframe loading=\"lazy\" src=\"https:\/\/www.youtube-nocookie.com\/embed\/WYuva-S19Yg\" width=\"792\" height=\"446\" frameborder=\"0\" allowfullscreen=\"allowfullscreen\"><\/iframe><\/p>\n<p>Ahhoz, hogy a bicikli s\u00falypontja is olyan alacsonyra ker\u00fclj\u00f6n, mint egy tricikli\u00e9, sz\u00fcks\u00e9gtelen\u00fcl hossz\u00fa j\u00e1rm\u0171vet k\u00e9ne kital\u00e1lni. Ez\u00e9rt azt\u00e1n a rekumbens biciklik \u00e1ltal\u00e1ban magasabban vannak a f\u00f6ld felett, mint a triciklik, \u00edgy viszont a korm\u00e1nyz\u00e1s v\u00e1lik szertelenebb\u00e9&#8230; Olyan, mintha \u00fajra k\u00e9ne tanulnod biciklizni.<\/p>\n<h2>Triciklivel az emelked\u0151n<\/h2>\n<p>Az csak mese, hogy a triciklivel nem lehet emelked\u0151n felfel\u00e9 tekerni &#8211; dehogyisnem. Legal\u00e1bbis annyira, amennyire az ember k\u00e9pes r\u00e1. Az biztos, hogy ez\u00fattal nem tudod a combizmodat k\u00edm\u00e9lni \u00fagy, hogy a nyeregb\u0151l felugorva a l\u00e1bikr\u00e1dra \u00e9s a farizomra csoportos\u00edtod \u00e1t a terhel\u00e9st. M\u00e9gis van egy nagy el\u0151ny\u00f6d. N\u00e9zd csak meg az ICE prom\u00f3ci\u00f3s vide\u00f3j\u00e1t!<iframe loading=\"lazy\" src=\"https:\/\/www.youtube-nocookie.com\/embed\/Lp3ZDkR8BRA\" width=\"792\" height=\"446\" frameborder=\"0\" allowfullscreen=\"allowfullscreen\"><\/iframe><\/p>\n<p>Egy j\u00f3 \u00fcl\u00e9s a rekumbensen (olyan, mint a sportaut\u00f3k verseny\u00fcl\u00e9se) szorosan megtartja a testedet. Ez cs\u00f6kkenti a t\u00f6rzsre es\u0151 terhel\u00e9st \u00e9s hat\u00e9konyan seg\u00edt \u00e1tvinni az energi\u00e1t a l\u00e1baidb\u00f3l a ped\u00e1lokhoz. Ha a t\u00f6rzsed er\u0151s, k\u00e9pzeld csak el, mikre lehetsz \u00edgy k\u00e9pes!<\/p>\n<h2>Sokoldal\u00fas\u00e1g<\/h2>\n<p>Most m\u00e1r l\u00e1thatjuk, hogy a fekv\u0151ker\u00e9kp\u00e1r hat\u00e9kony \u00e9s gyors, ez\u00e9rt \u00e9rdemes azt is megjegyezni, hogy nagyon j\u00f3l alak\u00edthat\u00f3ak. Ha nem tudod a l\u00e1baidat haszn\u00e1lni, de m\u00e9gis szeretn\u00e9l kerekezni, el\u00e9g \u00fagy \u00e1talak\u00edtani a triciklit, hogy k\u00e9t ker\u00e9k ker\u00fclj\u00f6n h\u00e1tra, egy pedig el\u0151re, \u00e9s m\u00e1ris lehet tekerni ezerrel.<\/p>\n<p><iframe loading=\"lazy\" src=\"https:\/\/www.youtube-nocookie.com\/embed\/ERvNyta4shk\" width=\"792\" height=\"446\" frameborder=\"0\" allowfullscreen=\"allowfullscreen\"><\/iframe><\/p>\n<p>Nem akarjuk rekl\u00e1mozni egyik ker\u00e9kp\u00e1ros hihetetlen\u00fcl felel\u0151tlen magatart\u00e1s\u00e1t sem, de ha arra vagy k\u00edv\u00e1ncsi, mikre k\u00e9pes egy rekumbens, akkor itt mindent megl\u00e1thatsz. Elj\u00e1tszott\u00e1l a gondolattal, hogy te is beszerezz egyet? Aludj r\u00e1 egyet! Egy h\u00e9t el\u00e9g, hogy eld\u00f6ntsd, ki akarod-e pr\u00f3b\u00e1lni.<\/p>\n","protected":false},"excerpt":{"rendered":"<p>Felejtsd el a Nemzetk\u00f6zi Ker\u00e9kp\u00e1ros-sz\u00f6vets\u00e9g \u00e1ltal hivatalosan j\u00f3v\u00e1hagyott ker\u00e9kp\u00e1rokat &#8211; d\u0151lj h\u00e1tra, engedd el magad, mi pedig bevezet\u00fcnk a rekumbensek [&hellip;]<\/p>\n","protected":false},"author":71,"featured_media":1798,"comment_status":"open","ping_status":"open","sticky":false,"template":"","format":"standard","meta":{"footnotes":""},"categories":[8],"tags":[17,177,16,176,94,167,178,128],"global-categories":[],"class_list":["post-1797","post","type-post","status-publish","format-standard","has-post-thumbnail","hentry","category-orszaguti-kerekpar","tag-bicikli","tag-fekvokerekpar","tag-kerekpar","tag-rekumbens","tag-skoda","tag-tricikli","tag-trike","tag-welovecycling"],"yoast_head":"<!-- This site is optimized with the Yoast SEO Premium plugin v25.3 (Yoast SEO v25.9) - https:\/\/yoast.com\/wordpress\/plugins\/seo\/ -->\n<title>Ismerd meg a rekumbens, m\u00e1s n\u00e9ven fekv\u0151ker\u00e9kp\u00e1rokat! - \u0160koda We Love Cycling - Magyarorsz\u00e1g<\/title>\n<meta name=\"description\" content=\"Ha arra vagy k\u00edv\u00e1ncsi, mikre k\u00e9pes egy rekumbens, akkor ebben a cikkben mindent megl\u00e1thatsz a fekv\u0151ker\u00e9kp\u00e1rokr\u00f3l.\" \/>\n<meta name=\"robots\" content=\"index, follow, max-snippet:-1, max-image-preview:large, max-video-preview:-1\" \/>\n<link rel=\"canonical\" href=\"https:\/\/www.welovecycling.com\/hu\/orszaguti-kerekpar\/ismerd-meg-a-rekumbens-mas-neven-fekvokerekparokat\/\" \/>\n<meta property=\"og:locale\" content=\"hu_HU\" \/>\n<meta property=\"og:type\" content=\"article\" \/>\n<meta property=\"og:title\" content=\"Ismerd meg a rekumbens, m\u00e1s n\u00e9ven fekv\u0151ker\u00e9kp\u00e1rokat!\" \/>\n<meta property=\"og:description\" content=\"Ha arra vagy k\u00edv\u00e1ncsi, mikre k\u00e9pes egy rekumbens, akkor ebben a cikkben mindent megl\u00e1thatsz a fekv\u0151ker\u00e9kp\u00e1rokr\u00f3l.\" \/>\n<meta property=\"og:url\" content=\"https:\/\/www.welovecycling.com\/hu\/orszaguti-kerekpar\/ismerd-meg-a-rekumbens-mas-neven-fekvokerekparokat\/\" \/>\n<meta property=\"og:site_name\" content=\"\u0160koda We Love Cycling - Magyarorsz\u00e1g\" \/>\n<meta property=\"article:publisher\" content=\"https:\/\/www.facebook.com\/WeLoveCyclingHungary\/\" \/>\n<meta property=\"article:published_time\" content=\"2018-09-18T12:31:53+00:00\" \/>\n<meta property=\"og:image\" content=\"https:\/\/d2p6e6u75xmxt8.cloudfront.net\/12\/2018\/09\/Ismerd-meg-a-rekumbens-m\u00e1s-n\u00e9ven-fekv\u0151ker\u00e9kp\u00e1rokat.jpg\" \/>\n\t<meta property=\"og:image:width\" content=\"1366\" \/>\n\t<meta property=\"og:image:height\" content=\"600\" \/>\n\t<meta property=\"og:image:type\" content=\"image\/jpeg\" \/>\n<meta name=\"author\" content=\"hegyizs\" \/>\n<meta name=\"twitter:card\" content=\"summary_large_image\" \/>\n<meta name=\"twitter:label1\" content=\"Written by\" \/>\n\t<meta name=\"twitter:data1\" content=\"hegyizs\" \/>\n\t<meta name=\"twitter:label2\" content=\"Est. reading time\" \/>\n\t<meta name=\"twitter:data2\" content=\"4 minutes\" \/>\n<script type=\"application\/ld+json\" class=\"yoast-schema-graph\">{\"@context\":\"https:\/\/schema.org\",\"@graph\":[{\"@type\":\"WebPage\",\"@id\":\"https:\/\/www.welovecycling.com\/hu\/orszaguti-kerekpar\/ismerd-meg-a-rekumbens-mas-neven-fekvokerekparokat\/\",\"url\":\"https:\/\/www.welovecycling.com\/hu\/orszaguti-kerekpar\/ismerd-meg-a-rekumbens-mas-neven-fekvokerekparokat\/\",\"name\":\"Ismerd meg a rekumbens, m\u00e1s n\u00e9ven fekv\u0151ker\u00e9kp\u00e1rokat! - \u0160koda We Love Cycling - Magyarorsz\u00e1g\",\"isPartOf\":{\"@id\":\"https:\/\/www.welovecycling.com\/hu\/#website\"},\"primaryImageOfPage\":{\"@id\":\"https:\/\/www.welovecycling.com\/hu\/orszaguti-kerekpar\/ismerd-meg-a-rekumbens-mas-neven-fekvokerekparokat\/#primaryimage\"},\"image\":{\"@id\":\"https:\/\/www.welovecycling.com\/hu\/orszaguti-kerekpar\/ismerd-meg-a-rekumbens-mas-neven-fekvokerekparokat\/#primaryimage\"},\"thumbnailUrl\":\"https:\/\/d2p6e6u75xmxt8.cloudfront.net\/12\/2018\/09\/Ismerd-meg-a-rekumbens-m\u00e1s-n\u00e9ven-fekv\u0151ker\u00e9kp\u00e1rokat.jpg\",\"datePublished\":\"2018-09-18T12:31:53+00:00\",\"author\":{\"@id\":\"https:\/\/www.welovecycling.com\/hu\/#\/schema\/person\/414a2aebf1801691a5320edb6468e194\"},\"description\":\"Ha arra vagy k\u00edv\u00e1ncsi, mikre k\u00e9pes egy rekumbens, akkor ebben a cikkben mindent megl\u00e1thatsz a fekv\u0151ker\u00e9kp\u00e1rokr\u00f3l.\",\"breadcrumb\":{\"@id\":\"https:\/\/www.welovecycling.com\/hu\/orszaguti-kerekpar\/ismerd-meg-a-rekumbens-mas-neven-fekvokerekparokat\/#breadcrumb\"},\"inLanguage\":\"hu\",\"potentialAction\":[{\"@type\":\"ReadAction\",\"target\":[\"https:\/\/www.welovecycling.com\/hu\/orszaguti-kerekpar\/ismerd-meg-a-rekumbens-mas-neven-fekvokerekparokat\/\"]}]},{\"@type\":\"ImageObject\",\"inLanguage\":\"hu\",\"@id\":\"https:\/\/www.welovecycling.com\/hu\/orszaguti-kerekpar\/ismerd-meg-a-rekumbens-mas-neven-fekvokerekparokat\/#primaryimage\",\"url\":\"https:\/\/d2p6e6u75xmxt8.cloudfront.net\/12\/2018\/09\/Ismerd-meg-a-rekumbens-m\u00e1s-n\u00e9ven-fekv\u0151ker\u00e9kp\u00e1rokat.jpg\",\"contentUrl\":\"https:\/\/d2p6e6u75xmxt8.cloudfront.net\/12\/2018\/09\/Ismerd-meg-a-rekumbens-m\u00e1s-n\u00e9ven-fekv\u0151ker\u00e9kp\u00e1rokat.jpg\",\"width\":1366,\"height\":600},{\"@type\":\"BreadcrumbList\",\"@id\":\"https:\/\/www.welovecycling.com\/hu\/orszaguti-kerekpar\/ismerd-meg-a-rekumbens-mas-neven-fekvokerekparokat\/#breadcrumb\",\"itemListElement\":[{\"@type\":\"ListItem\",\"position\":1,\"name\":\"Home\",\"item\":\"https:\/\/www.welovecycling.com\/hu\/\"},{\"@type\":\"ListItem\",\"position\":2,\"name\":\"Ismerd meg a rekumbens, m\u00e1s n\u00e9ven fekv\u0151ker\u00e9kp\u00e1rokat!\"}]},{\"@type\":\"WebSite\",\"@id\":\"https:\/\/www.welovecycling.com\/hu\/#website\",\"url\":\"https:\/\/www.welovecycling.com\/hu\/\",\"name\":\"\u0160koda We Love Cycling - Magyarorsz\u00e1g\",\"description\":\"\u0160koda WeLoveCycling\",\"potentialAction\":[{\"@type\":\"SearchAction\",\"target\":{\"@type\":\"EntryPoint\",\"urlTemplate\":\"https:\/\/www.welovecycling.com\/hu\/?s={search_term_string}\"},\"query-input\":{\"@type\":\"PropertyValueSpecification\",\"valueRequired\":true,\"valueName\":\"search_term_string\"}}],\"inLanguage\":\"hu\"},{\"@type\":\"Person\",\"@id\":\"https:\/\/www.welovecycling.com\/hu\/#\/schema\/person\/414a2aebf1801691a5320edb6468e194\",\"name\":\"hegyizs\",\"image\":{\"@type\":\"ImageObject\",\"inLanguage\":\"hu\",\"@id\":\"https:\/\/www.welovecycling.com\/hu\/#\/schema\/person\/image\/\",\"url\":\"https:\/\/secure.gravatar.com\/avatar\/02cf8a7906b8cf90cecb4679defac7cfd33a1c2e3b88e4903d947f3bb58eedd3?s=96&d=mm&r=g\",\"contentUrl\":\"https:\/\/secure.gravatar.com\/avatar\/02cf8a7906b8cf90cecb4679defac7cfd33a1c2e3b88e4903d947f3bb58eedd3?s=96&d=mm&r=g\",\"caption\":\"hegyizs\"},\"url\":\"https:\/\/www.welovecycling.com\/hu\/author\/hegyizs\/\"}]}<\/script>\n<!-- \/ Yoast SEO Premium plugin. -->","yoast_head_json":{"title":"Ismerd meg a rekumbens, m\u00e1s n\u00e9ven fekv\u0151ker\u00e9kp\u00e1rokat! - \u0160koda We Love Cycling - Magyarorsz\u00e1g","description":"Ha arra vagy k\u00edv\u00e1ncsi, mikre k\u00e9pes egy rekumbens, akkor ebben a cikkben mindent megl\u00e1thatsz a fekv\u0151ker\u00e9kp\u00e1rokr\u00f3l.","robots":{"index":"index","follow":"follow","max-snippet":"max-snippet:-1","max-image-preview":"max-image-preview:large","max-video-preview":"max-video-preview:-1"},"canonical":"https:\/\/www.welovecycling.com\/hu\/orszaguti-kerekpar\/ismerd-meg-a-rekumbens-mas-neven-fekvokerekparokat\/","og_locale":"hu_HU","og_type":"article","og_title":"Ismerd meg a rekumbens, m\u00e1s n\u00e9ven fekv\u0151ker\u00e9kp\u00e1rokat!","og_description":"Ha arra vagy k\u00edv\u00e1ncsi, mikre k\u00e9pes egy rekumbens, akkor ebben a cikkben mindent megl\u00e1thatsz a fekv\u0151ker\u00e9kp\u00e1rokr\u00f3l.","og_url":"https:\/\/www.welovecycling.com\/hu\/orszaguti-kerekpar\/ismerd-meg-a-rekumbens-mas-neven-fekvokerekparokat\/","og_site_name":"\u0160koda We Love Cycling - Magyarorsz\u00e1g","article_publisher":"https:\/\/www.facebook.com\/WeLoveCyclingHungary\/","article_published_time":"2018-09-18T12:31:53+00:00","og_image":[{"width":1366,"height":600,"url":"https:\/\/d2p6e6u75xmxt8.cloudfront.net\/12\/2018\/09\/Ismerd-meg-a-rekumbens-m\u00e1s-n\u00e9ven-fekv\u0151ker\u00e9kp\u00e1rokat.jpg","type":"image\/jpeg"}],"author":"hegyizs","twitter_card":"summary_large_image","twitter_misc":{"Written by":"hegyizs","Est. reading time":"4 minutes"},"schema":{"@context":"https:\/\/schema.org","@graph":[{"@type":"WebPage","@id":"https:\/\/www.welovecycling.com\/hu\/orszaguti-kerekpar\/ismerd-meg-a-rekumbens-mas-neven-fekvokerekparokat\/","url":"https:\/\/www.welovecycling.com\/hu\/orszaguti-kerekpar\/ismerd-meg-a-rekumbens-mas-neven-fekvokerekparokat\/","name":"Ismerd meg a rekumbens, m\u00e1s n\u00e9ven fekv\u0151ker\u00e9kp\u00e1rokat! - \u0160koda We Love Cycling - Magyarorsz\u00e1g","isPartOf":{"@id":"https:\/\/www.welovecycling.com\/hu\/#website"},"primaryImageOfPage":{"@id":"https:\/\/www.welovecycling.com\/hu\/orszaguti-kerekpar\/ismerd-meg-a-rekumbens-mas-neven-fekvokerekparokat\/#primaryimage"},"image":{"@id":"https:\/\/www.welovecycling.com\/hu\/orszaguti-kerekpar\/ismerd-meg-a-rekumbens-mas-neven-fekvokerekparokat\/#primaryimage"},"thumbnailUrl":"https:\/\/d2p6e6u75xmxt8.cloudfront.net\/12\/2018\/09\/Ismerd-meg-a-rekumbens-m\u00e1s-n\u00e9ven-fekv\u0151ker\u00e9kp\u00e1rokat.jpg","datePublished":"2018-09-18T12:31:53+00:00","author":{"@id":"https:\/\/www.welovecycling.com\/hu\/#\/schema\/person\/414a2aebf1801691a5320edb6468e194"},"description":"Ha arra vagy k\u00edv\u00e1ncsi, mikre k\u00e9pes egy rekumbens, akkor ebben a cikkben mindent megl\u00e1thatsz a fekv\u0151ker\u00e9kp\u00e1rokr\u00f3l.","breadcrumb":{"@id":"https:\/\/www.welovecycling.com\/hu\/orszaguti-kerekpar\/ismerd-meg-a-rekumbens-mas-neven-fekvokerekparokat\/#breadcrumb"},"inLanguage":"hu","potentialAction":[{"@type":"ReadAction","target":["https:\/\/www.welovecycling.com\/hu\/orszaguti-kerekpar\/ismerd-meg-a-rekumbens-mas-neven-fekvokerekparokat\/"]}]},{"@type":"ImageObject","inLanguage":"hu","@id":"https:\/\/www.welovecycling.com\/hu\/orszaguti-kerekpar\/ismerd-meg-a-rekumbens-mas-neven-fekvokerekparokat\/#primaryimage","url":"https:\/\/d2p6e6u75xmxt8.cloudfront.net\/12\/2018\/09\/Ismerd-meg-a-rekumbens-m\u00e1s-n\u00e9ven-fekv\u0151ker\u00e9kp\u00e1rokat.jpg","contentUrl":"https:\/\/d2p6e6u75xmxt8.cloudfront.net\/12\/2018\/09\/Ismerd-meg-a-rekumbens-m\u00e1s-n\u00e9ven-fekv\u0151ker\u00e9kp\u00e1rokat.jpg","width":1366,"height":600},{"@type":"BreadcrumbList","@id":"https:\/\/www.welovecycling.com\/hu\/orszaguti-kerekpar\/ismerd-meg-a-rekumbens-mas-neven-fekvokerekparokat\/#breadcrumb","itemListElement":[{"@type":"ListItem","position":1,"name":"Home","item":"https:\/\/www.welovecycling.com\/hu\/"},{"@type":"ListItem","position":2,"name":"Ismerd meg a rekumbens, m\u00e1s n\u00e9ven fekv\u0151ker\u00e9kp\u00e1rokat!"}]},{"@type":"WebSite","@id":"https:\/\/www.welovecycling.com\/hu\/#website","url":"https:\/\/www.welovecycling.com\/hu\/","name":"\u0160koda We Love Cycling - Magyarorsz\u00e1g","description":"\u0160koda WeLoveCycling","potentialAction":[{"@type":"SearchAction","target":{"@type":"EntryPoint","urlTemplate":"https:\/\/www.welovecycling.com\/hu\/?s={search_term_string}"},"query-input":{"@type":"PropertyValueSpecification","valueRequired":true,"valueName":"search_term_string"}}],"inLanguage":"hu"},{"@type":"Person","@id":"https:\/\/www.welovecycling.com\/hu\/#\/schema\/person\/414a2aebf1801691a5320edb6468e194","name":"hegyizs","image":{"@type":"ImageObject","inLanguage":"hu","@id":"https:\/\/www.welovecycling.com\/hu\/#\/schema\/person\/image\/","url":"https:\/\/secure.gravatar.com\/avatar\/02cf8a7906b8cf90cecb4679defac7cfd33a1c2e3b88e4903d947f3bb58eedd3?s=96&d=mm&r=g","contentUrl":"https:\/\/secure.gravatar.com\/avatar\/02cf8a7906b8cf90cecb4679defac7cfd33a1c2e3b88e4903d947f3bb58eedd3?s=96&d=mm&r=g","caption":"hegyizs"},"url":"https:\/\/www.welovecycling.com\/hu\/author\/hegyizs\/"}]}},"_links":{"self":[{"href":"https:\/\/www.welovecycling.com\/hu\/wp-json\/wp\/v2\/posts\/1797","targetHints":{"allow":["GET"]}}],"collection":[{"href":"https:\/\/www.welovecycling.com\/hu\/wp-json\/wp\/v2\/posts"}],"about":[{"href":"https:\/\/www.welovecycling.com\/hu\/wp-json\/wp\/v2\/types\/post"}],"author":[{"embeddable":true,"href":"https:\/\/www.welovecycling.com\/hu\/wp-json\/wp\/v2\/users\/71"}],"replies":[{"embeddable":true,"href":"https:\/\/www.welovecycling.com\/hu\/wp-json\/wp\/v2\/comments?post=1797"}],"version-history":[{"count":2,"href":"https:\/\/www.welovecycling.com\/hu\/wp-json\/wp\/v2\/posts\/1797\/revisions"}],"predecessor-version":[{"id":1800,"href":"https:\/\/www.welovecycling.com\/hu\/wp-json\/wp\/v2\/posts\/1797\/revisions\/1800"}],"wp:featuredmedia":[{"embeddable":true,"href":"https:\/\/www.welovecycling.com\/hu\/wp-json\/wp\/v2\/media\/1798"}],"wp:attachment":[{"href":"https:\/\/www.welovecycling.com\/hu\/wp-json\/wp\/v2\/media?parent=1797"}],"wp:term":[{"taxonomy":"category","embeddable":true,"href":"https:\/\/www.welovecycling.com\/hu\/wp-json\/wp\/v2\/categories?post=1797"},{"taxonomy":"post_tag","embeddable":true,"href":"https:\/\/www.welovecycling.com\/hu\/wp-json\/wp\/v2\/tags?post=1797"},{"taxonomy":"global-categories","embeddable":true,"href":"https:\/\/www.welovecycling.com\/hu\/wp-json\/wp\/v2\/global-categories?post=1797"}],"curies":[{"name":"wp","href":"https:\/\/api.w.org\/{rel}","templated":true}]}}