{"id":17957,"date":"2023-10-05T08:00:57","date_gmt":"2023-10-05T06:00:57","guid":{"rendered":"https:\/\/www.welovecycling.com\/hu\/?p=17957"},"modified":"2023-09-29T16:08:46","modified_gmt":"2023-09-29T14:08:46","slug":"hogyan-pakoljuk-meg-a-mezunk-zsebeit","status":"publish","type":"post","link":"https:\/\/www.welovecycling.com\/hu\/orszaguti-kerekpar\/hogyan-pakoljuk-meg-a-mezunk-zsebeit\/","title":{"rendered":"Hogyan pakoljuk meg a mez\u00fcnk zsebeit?"},"content":{"rendered":"<p><strong>A h\u00e1tizs\u00e1k n\u00e9lk\u00fcli ker\u00e9kp\u00e1roz\u00e1s nem \u00fajdons\u00e1g az orsz\u00e1g\u00fati biciklisek sz\u00e1m\u00e1ra. Azonban az XC (cross-country) bicikliseknek, k\u00fcl\u00f6n\u00f6sen azoknak, akik a hossz\u00fa \u00f6sv\u00e9nyeket r\u00e9szes\u00edtik el\u0151nyben, az extra t\u00e1rol\u00f3hely hi\u00e1nya pokolinak t\u0171nhet. Nos, nem az. S\u0151t, meglehet\u0151sen felszabad\u00edt\u00f3 \u00e9rz\u00e9s, ahogy a h\u00e1tunk l\u00e9legzik \u00e9s izzad an\u00e9lk\u00fcl, hogy valami neh\u00e9z zs\u00e1k h\u00fazn\u00e1 a v\u00e1llaidat. M\u00e9gis, ahogyan a legt\u00f6bb XC biciklis tudja, van n\u00e9h\u00e1ny holmi, amit musz\u00e1j elvinned a t\u00far\u00e1ra. Itt j\u00f6nnek k\u00e9pbe a ker\u00e9kp\u00e1ros mezek. M\u00e9ghozz\u00e1 azok, amelyeknek zsebeik vannak a derekadon, ami els\u0151re furcs\u00e1nak t\u0171nik, de amint hozz\u00e1szoksz, nem akarsz t\u00f6bb\u00e9 h\u00e1tizs\u00e1kot l\u00e1tni.<\/strong><\/p>\n<p><!--more--><\/p>\n<p>Nem k\u00f6nny\u0171 magaddal vinni minden sz\u00fcks\u00e9ges felszerel\u00e9st egy XC versenyre vagy t\u00far\u00e1ra, de egy\u00e1ltal\u00e1n nem lehetetlen. M\u00e9g ha nincs is plusz t\u00e1sk\u00e1d a bicikliden, akkor is el tudod tenni az \u00f6sszes sz\u00fcks\u00e9ges dolgot a h\u00e1ts\u00f3 zsebeidben. Csak egy kis rendszerez\u00e9sre van sz\u00fcks\u00e9g, \u00e9s mi itt vagyunk, hogy seg\u00edts\u00fcnk ebben.<\/p>\n<h2><strong>Hol kezdj\u00fck?<\/strong><\/h2>\n<p>\u00c1ltal\u00e1ban egy ker\u00e9kp\u00e1ros meznek h\u00e1rom zsebe van. J\u00f3 \u00f6tlet a k\u00f6z\u00e9ps\u0151vel kezdeni. Itt tartsd a legnagyobb t\u00e1rgyaidat! Ha ezeket az oldals\u00f3 zsebekbe teszed, akkor nehezebben f\u00e9rsz hozz\u00e1 a k\u00f6z\u00e9ps\u0151 zsebhez.<\/p>\n<p>Ha az id\u0151j\u00e1r\u00e1s kellemes, fogd a sz\u00e9ldzsekid, tekerd fel, \u00e9s tedd k\u00f6zvetlen\u00fcl a k\u00f6z\u00e9ps\u0151 zsebbe. Ha kis pump\u00e1t haszn\u00e1lsz CO2 patronos infl\u00e1tor helyett, azt is beletekerheted a kab\u00e1tod k\u00f6zep\u00e9be, \u00e9s k\u00e9sz is.<\/p>\n<p>Ha az id\u0151j\u00e1r\u00e1s perzsel\u0151en meleg, esetleg lecser\u00e9lheted a kab\u00e1tot egy extra palack v\u00edzre. Ez k\u00f6telez\u0151 is, ha naps\u00fct\u00e9ses, nyitott \u00f6sv\u00e9nyeken m\u00e1szol, ahol kev\u00e9s es\u00e9ly van a palackok \u00fajrat\u00f6lt\u00e9s\u00e9re. Teh\u00e1t vegy\u00e9l egy 750ml-es sportpalackot, t\u00f6ltsd meg v\u00edzzel, \u00e9s tedd a pump\u00e1d mell\u00e9. \u00dcgyelj arra, hogy ezt a palackot idd meg el\u0151sz\u00f6r, \u00edgy cs\u00f6kkentheted a h\u00e1tadon cipelt s\u00falyt, \u00e9s a v\u00edz sem forr\u00f3sodik fel a t\u00fara sor\u00e1n. \u00c9s ennyi lenne a k\u00f6z\u00e9ps\u0151 zseb. Ne felejtsd el, hogy durv\u00e1bb terepen \u00e9s ugr\u00e1sok k\u00f6zben a palack kieshet, gy\u0151z\u0151dj meg r\u00f3la, hogy a zsebek nem kopottak \u00e9s a gumik nem laz\u00e1k. V\u00e9g\u00fcl is tipikus XC-r\u0151l besz\u00e9l\u00fcnk, nem DH-r\u00f3l, teh\u00e1t val\u00f3sz\u00edn\u0171leg j\u00f3 \u00f6tlet ugr\u00e1lni rosszul r\u00f6gz\u00edtett t\u00e1rgyakkal a h\u00e1tadon.<\/p>\n<h2><strong>A bal zseb<\/strong><\/h2>\n<p>Tiszt\u00e1zni kell, hogy \u00e9n jobb kezes vagyok. Ha teh\u00e1t, te balkezes vagy, csak t\u00fckr\u00f6zd ezt a pakol\u00e1si rendszert. A bal zsebedbe olyan t\u00e1rgyakat tegy\u00e9l, amiket ritk\u00e1n haszn\u00e1lsz bicikliz\u00e9s k\u00f6zben. El\u0151sz\u00f6r is gy\u0151z\u0151dj meg r\u00f3la, hogy az igazolv\u00e1nyaid, egy bankk\u00e1rtya \u00e9s n\u00e9mi k\u00e9szp\u00e9nz a telefonod tokj\u00e1ban vannak. \u00cdgy nem kell p\u00e9nzt\u00e1rc\u00e1t vinned. Tedd a telefonod, ami most a t\u00e1rc\u00e1d helyett is szolg\u00e1l, a mez bal zseb\u00e9be. J\u00f3 \u00f6tlet lehet az is, ha egy v\u00e9d\u0151, v\u00edz\u00e1ll\u00f3 tokba teszed. Ez megv\u00e9di az elker\u00fclhetetlen izzad\u00e1st\u00f3l \u00e9s a t\u00f3cs\u00e1kon, pocsoly\u00e1kon vagy s\u00e1rban val\u00f3 \u00e1thalad\u00e1skor keletkez\u0151 v\u00edzpermett\u0151l.<\/p>\n<p>A f\u00e9lig \u00fcres zseb nem j\u00f3, \u00fagyhogy a tartal\u00e9k gumibels\u0151t (j\u00f3, ha van!), a foltoz\u00f3 k\u00e9szletet \u00e9s a multifunkci\u00f3s szersz\u00e1mot is ide teheted. Tal\u00e1n zs\u00fafoltnak hangzik, de a mez zsebe elb\u00edrja. Ha m\u00e9gis \u00fagy \u00e9rzed, hogy ez sok egy zsebbe, a tartal\u00e9k bels\u0151t feltekerheted a kab\u00e1todba.<\/p>\n<figure id=\"attachment_17958\" aria-describedby=\"caption-attachment-17958\" style=\"width: 1250px\" class=\"wp-caption alignnone\"><a href=\"https:\/\/d2p6e6u75xmxt8.cloudfront.net\/12\/2023\/09\/XC-Ride-profimedia-0804354524.webp\"><img loading=\"lazy\" decoding=\"async\" class=\"size-full wp-image-17958\" src=\"https:\/\/d2p6e6u75xmxt8.cloudfront.net\/12\/2023\/09\/XC-Ride-profimedia-0804354524.webp\" alt=\"XC Race\" width=\"1250\" height=\"833\" srcset=\"https:\/\/d2p6e6u75xmxt8.cloudfront.net\/12\/2023\/09\/XC-Ride-profimedia-0804354524.webp 1250w, https:\/\/d2p6e6u75xmxt8.cloudfront.net\/12\/2023\/09\/XC-Ride-profimedia-0804354524-300x200.webp 300w, https:\/\/d2p6e6u75xmxt8.cloudfront.net\/12\/2023\/09\/XC-Ride-profimedia-0804354524-1024x682.webp 1024w, https:\/\/d2p6e6u75xmxt8.cloudfront.net\/12\/2023\/09\/XC-Ride-profimedia-0804354524-768x512.webp 768w, https:\/\/d2p6e6u75xmxt8.cloudfront.net\/12\/2023\/09\/XC-Ride-profimedia-0804354524-400x267.webp 400w, https:\/\/d2p6e6u75xmxt8.cloudfront.net\/12\/2023\/09\/XC-Ride-profimedia-0804354524-272x182.webp 272w\" sizes=\"auto, (max-width: 1250px) 100vw, 1250px\" \/><\/a><figcaption id=\"caption-attachment-17958\" class=\"wp-caption-text\">\u00a9 Profimedia<\/figcaption><\/figure>\n<h2><strong>A jobb zseb<\/strong><\/h2>\n<p>M\u00e9g egyszer: ha balkezes vagy, akkor ford\u00edtva kell csin\u00e1lnod!<\/p>\n<p>A l\u00e9nyeg az, hogy ide azokat a t\u00e1rgyakat tedd, amiket a t\u00fara sor\u00e1n haszn\u00e1lni szeretn\u00e9l. F\u0151k\u00e9nt \u00e9telekr\u0151l, elektrolitokr\u00f3l \u00e9s energiag\u00e9lekr\u0151l besz\u00e9l\u00fcnk. \u00c1ltal\u00e1ban ez az a zseb, amit a t\u00fara sor\u00e1n a legk\u00f6nnyebben el\u00e9rsz.<\/p>\n<p>Term\u00e9szetesen, az, hogy mennyi \u00e9telt viszel magaddal, teljes m\u00e9rt\u00e9kben att\u00f3l f\u00fcgg, hogy mennyi ideig tart a t\u00far\u00e1d, h\u00e1ny \u00e1llom\u00e1s van az \u00faton, \u00e9s mennyi energi\u00e1ra van sz\u00fcks\u00e9ged. M\u00e9gis j\u00f3, ha t\u00f6bbet viszel, mint gondoln\u00e1d, \u00e9s biztosra m\u00e9sz!<\/p>\n<p>Pakolj be n\u00e9h\u00e1ny energiag\u00e9lt, elektrolit-tablett\u00e1t, \u00e9s legal\u00e1bb egy magn\u00e9zium shotot, b\u00e1r jobb, ha kett\u0151t viszel \u00e9s seg\u00edteni tudsz valakinek, ha g\u00f6rcsbe r\u00e1ndul a l\u00e1ba. Szerezz be n\u00e9h\u00e1ny energiaszeletet is!<\/p>\n<h2><strong>K\u00e9sz vagy!<\/strong><\/h2>\n<p>\u00cdme. Mi\u00e9rt is kellene h\u00e1tizs\u00e1k? Mindent, amire sz\u00fcks\u00e9ged van, eltehetsz a zsebeidbe, \u00e9s \u00e9lvezheted, hogy semmi nem h\u00fazza a v\u00e1llaidat \u00e9s nem izzaszt meg! \u00c9s hidd el nekem, ez az \u00e9rz\u00e9s le\u00edrhatatlan. Ha egyszer otthonhagyod a h\u00e1tizs\u00e1kot, nincs vissza\u00fat. Nos, val\u00f3j\u00e1ban van, k\u00fcl\u00f6n\u00f6sen, ha sokkal durv\u00e1bb terepen biciklizel, sok ugr\u00e1ssal \u00e9s kem\u00e9ny landol\u00e1ssal. De ez egy m\u00e1sik t\u00f6rt\u00e9net.<\/p>\n","protected":false},"excerpt":{"rendered":"<p>A h\u00e1tizs\u00e1k n\u00e9lk\u00fcli ker\u00e9kp\u00e1roz\u00e1s nem \u00fajdons\u00e1g az orsz\u00e1g\u00fati biciklisek sz\u00e1m\u00e1ra. Azonban az XC (cross-country) bicikliseknek, k\u00fcl\u00f6n\u00f6sen azoknak, akik a hossz\u00fa [&hellip;]<\/p>\n","protected":false},"author":71,"featured_media":17960,"comment_status":"open","ping_status":"open","sticky":false,"template":"","format":"standard","meta":{"footnotes":""},"categories":[8],"tags":[],"global-categories":[],"class_list":["post-17957","post","type-post","status-publish","format-standard","has-post-thumbnail","hentry","category-orszaguti-kerekpar"],"yoast_head":"<!-- This site is optimized with the Yoast SEO Premium plugin v25.3 (Yoast SEO v25.9) - https:\/\/yoast.com\/wordpress\/plugins\/seo\/ -->\n<title>Hogyan pakoljuk meg a mez\u00fcnk zsebeit?<\/title>\n<meta name=\"description\" content=\"A h\u00e1tizs\u00e1k n\u00e9lk\u00fcli ker\u00e9kp\u00e1roz\u00e1s nem \u00fajdons\u00e1g az orsz\u00e1g\u00fati biciklisek sz\u00e1m\u00e1ra. Azonban az XC (cross-country) bicikliseknek, k\u00fcl\u00f6n\u00f6sen azoknak, akik a hossz\u00fa \u00f6sv\u00e9nyeket r\u00e9szes\u00edtik el\u0151nyben, az extra t\u00e1rol\u00f3hely hi\u00e1nya pokolinak t\u0171nhet. Nos, nem az. S\u0151t, meglehet\u0151sen felszabad\u00edt\u00f3 \u00e9rz\u00e9s, ahogy a h\u00e1tunk l\u00e9legzik \u00e9s izzad an\u00e9lk\u00fcl, hogy valami neh\u00e9z zs\u00e1k h\u00fazn\u00e1 a v\u00e1llaidat.\" \/>\n<meta name=\"robots\" content=\"index, follow, max-snippet:-1, max-image-preview:large, max-video-preview:-1\" \/>\n<link rel=\"canonical\" href=\"https:\/\/www.welovecycling.com\/hu\/orszaguti-kerekpar\/hogyan-pakoljuk-meg-a-mezunk-zsebeit\/\" \/>\n<meta property=\"og:locale\" content=\"hu_HU\" \/>\n<meta property=\"og:type\" content=\"article\" \/>\n<meta property=\"og:title\" content=\"Hogyan pakoljuk meg a mez\u00fcnk zsebeit?\" \/>\n<meta property=\"og:description\" content=\"A h\u00e1tizs\u00e1k n\u00e9lk\u00fcli ker\u00e9kp\u00e1roz\u00e1s nem \u00fajdons\u00e1g az orsz\u00e1g\u00fati biciklisek sz\u00e1m\u00e1ra. Azonban az XC (cross-country) bicikliseknek, k\u00fcl\u00f6n\u00f6sen azoknak, akik a hossz\u00fa \u00f6sv\u00e9nyeket r\u00e9szes\u00edtik el\u0151nyben, az extra t\u00e1rol\u00f3hely hi\u00e1nya pokolinak t\u0171nhet. Nos, nem az. S\u0151t, meglehet\u0151sen felszabad\u00edt\u00f3 \u00e9rz\u00e9s, ahogy a h\u00e1tunk l\u00e9legzik \u00e9s izzad an\u00e9lk\u00fcl, hogy valami neh\u00e9z zs\u00e1k h\u00fazn\u00e1 a v\u00e1llaidat.\" \/>\n<meta property=\"og:url\" content=\"https:\/\/www.welovecycling.com\/hu\/orszaguti-kerekpar\/hogyan-pakoljuk-meg-a-mezunk-zsebeit\/\" \/>\n<meta property=\"og:site_name\" content=\"\u0160koda We Love Cycling - Magyarorsz\u00e1g\" \/>\n<meta property=\"article:publisher\" content=\"https:\/\/www.facebook.com\/WeLoveCyclingHungary\/\" \/>\n<meta property=\"article:published_time\" content=\"2023-10-05T06:00:57+00:00\" \/>\n<meta property=\"og:image\" content=\"https:\/\/d2p6e6u75xmxt8.cloudfront.net\/12\/2023\/09\/Jersey-Pockets-Soudal-profimedia-0372850941-CVR.webp\" \/>\n\t<meta property=\"og:image:width\" content=\"990\" \/>\n\t<meta property=\"og:image:height\" content=\"660\" \/>\n\t<meta property=\"og:image:type\" content=\"image\/webp\" \/>\n<meta name=\"author\" content=\"hegyizs\" \/>\n<meta name=\"twitter:card\" content=\"summary_large_image\" \/>\n<meta name=\"twitter:label1\" content=\"Written by\" \/>\n\t<meta name=\"twitter:data1\" content=\"Martin Atanasov\" \/>\n\t<meta name=\"twitter:label2\" content=\"Est. reading time\" \/>\n\t<meta name=\"twitter:data2\" content=\"5\" \/>\n<script type=\"application\/ld+json\" class=\"yoast-schema-graph\">{\"@context\":\"https:\/\/schema.org\",\"@graph\":[{\"@type\":\"WebPage\",\"@id\":\"https:\/\/www.welovecycling.com\/hu\/orszaguti-kerekpar\/hogyan-pakoljuk-meg-a-mezunk-zsebeit\/\",\"url\":\"https:\/\/www.welovecycling.com\/hu\/orszaguti-kerekpar\/hogyan-pakoljuk-meg-a-mezunk-zsebeit\/\",\"name\":\"Hogyan pakoljuk meg a mez\u00fcnk zsebeit?\",\"isPartOf\":{\"@id\":\"https:\/\/www.welovecycling.com\/hu\/#website\"},\"primaryImageOfPage\":{\"@id\":\"https:\/\/www.welovecycling.com\/hu\/orszaguti-kerekpar\/hogyan-pakoljuk-meg-a-mezunk-zsebeit\/#primaryimage\"},\"image\":{\"@id\":\"https:\/\/www.welovecycling.com\/hu\/orszaguti-kerekpar\/hogyan-pakoljuk-meg-a-mezunk-zsebeit\/#primaryimage\"},\"thumbnailUrl\":\"https:\/\/d2p6e6u75xmxt8.cloudfront.net\/12\/2023\/09\/Jersey-Pockets-Soudal-profimedia-0372850941-CVR.webp\",\"datePublished\":\"2023-10-05T06:00:57+00:00\",\"author\":{\"@id\":\"https:\/\/www.welovecycling.com\/hu\/#\/schema\/person\/414a2aebf1801691a5320edb6468e194\"},\"description\":\"A h\u00e1tizs\u00e1k n\u00e9lk\u00fcli ker\u00e9kp\u00e1roz\u00e1s nem \u00fajdons\u00e1g az orsz\u00e1g\u00fati biciklisek sz\u00e1m\u00e1ra. Azonban az XC (cross-country) bicikliseknek, k\u00fcl\u00f6n\u00f6sen azoknak, akik a hossz\u00fa \u00f6sv\u00e9nyeket r\u00e9szes\u00edtik el\u0151nyben, az extra t\u00e1rol\u00f3hely hi\u00e1nya pokolinak t\u0171nhet. Nos, nem az. S\u0151t, meglehet\u0151sen felszabad\u00edt\u00f3 \u00e9rz\u00e9s, ahogy a h\u00e1tunk l\u00e9legzik \u00e9s izzad an\u00e9lk\u00fcl, hogy valami neh\u00e9z zs\u00e1k h\u00fazn\u00e1 a v\u00e1llaidat.\",\"breadcrumb\":{\"@id\":\"https:\/\/www.welovecycling.com\/hu\/orszaguti-kerekpar\/hogyan-pakoljuk-meg-a-mezunk-zsebeit\/#breadcrumb\"},\"inLanguage\":\"hu\",\"potentialAction\":[{\"@type\":\"ReadAction\",\"target\":[\"https:\/\/www.welovecycling.com\/hu\/orszaguti-kerekpar\/hogyan-pakoljuk-meg-a-mezunk-zsebeit\/\"]}]},{\"@type\":\"ImageObject\",\"inLanguage\":\"hu\",\"@id\":\"https:\/\/www.welovecycling.com\/hu\/orszaguti-kerekpar\/hogyan-pakoljuk-meg-a-mezunk-zsebeit\/#primaryimage\",\"url\":\"https:\/\/d2p6e6u75xmxt8.cloudfront.net\/12\/2023\/09\/Jersey-Pockets-Soudal-profimedia-0372850941-CVR.webp\",\"contentUrl\":\"https:\/\/d2p6e6u75xmxt8.cloudfront.net\/12\/2023\/09\/Jersey-Pockets-Soudal-profimedia-0372850941-CVR.webp\",\"width\":990,\"height\":660,\"caption\":\"Jersey pockets\"},{\"@type\":\"BreadcrumbList\",\"@id\":\"https:\/\/www.welovecycling.com\/hu\/orszaguti-kerekpar\/hogyan-pakoljuk-meg-a-mezunk-zsebeit\/#breadcrumb\",\"itemListElement\":[{\"@type\":\"ListItem\",\"position\":1,\"name\":\"Home\",\"item\":\"https:\/\/www.welovecycling.com\/hu\/\"},{\"@type\":\"ListItem\",\"position\":2,\"name\":\"Hogyan pakoljuk meg a mez\u00fcnk zsebeit?\"}]},{\"@type\":\"WebSite\",\"@id\":\"https:\/\/www.welovecycling.com\/hu\/#website\",\"url\":\"https:\/\/www.welovecycling.com\/hu\/\",\"name\":\"\u0160koda We Love Cycling - Magyarorsz\u00e1g\",\"description\":\"\u0160koda WeLoveCycling\",\"potentialAction\":[{\"@type\":\"SearchAction\",\"target\":{\"@type\":\"EntryPoint\",\"urlTemplate\":\"https:\/\/www.welovecycling.com\/hu\/?s={search_term_string}\"},\"query-input\":{\"@type\":\"PropertyValueSpecification\",\"valueRequired\":true,\"valueName\":\"search_term_string\"}}],\"inLanguage\":\"hu\"},{\"@type\":\"Person\",\"@id\":\"https:\/\/www.welovecycling.com\/hu\/#\/schema\/person\/414a2aebf1801691a5320edb6468e194\",\"name\":\"hegyizs\",\"image\":{\"@type\":\"ImageObject\",\"inLanguage\":\"hu\",\"@id\":\"https:\/\/www.welovecycling.com\/hu\/#\/schema\/person\/image\/\",\"url\":\"https:\/\/secure.gravatar.com\/avatar\/02cf8a7906b8cf90cecb4679defac7cfd33a1c2e3b88e4903d947f3bb58eedd3?s=96&d=mm&r=g\",\"contentUrl\":\"https:\/\/secure.gravatar.com\/avatar\/02cf8a7906b8cf90cecb4679defac7cfd33a1c2e3b88e4903d947f3bb58eedd3?s=96&d=mm&r=g\",\"caption\":\"hegyizs\"},\"url\":\"https:\/\/www.welovecycling.com\/hu\/author\/hegyizs\/\"}]}<\/script>\n<!-- \/ Yoast SEO Premium plugin. -->","yoast_head_json":{"title":"Hogyan pakoljuk meg a mez\u00fcnk zsebeit?","description":"A h\u00e1tizs\u00e1k n\u00e9lk\u00fcli ker\u00e9kp\u00e1roz\u00e1s nem \u00fajdons\u00e1g az orsz\u00e1g\u00fati biciklisek sz\u00e1m\u00e1ra. Azonban az XC (cross-country) bicikliseknek, k\u00fcl\u00f6n\u00f6sen azoknak, akik a hossz\u00fa \u00f6sv\u00e9nyeket r\u00e9szes\u00edtik el\u0151nyben, az extra t\u00e1rol\u00f3hely hi\u00e1nya pokolinak t\u0171nhet. Nos, nem az. S\u0151t, meglehet\u0151sen felszabad\u00edt\u00f3 \u00e9rz\u00e9s, ahogy a h\u00e1tunk l\u00e9legzik \u00e9s izzad an\u00e9lk\u00fcl, hogy valami neh\u00e9z zs\u00e1k h\u00fazn\u00e1 a v\u00e1llaidat.","robots":{"index":"index","follow":"follow","max-snippet":"max-snippet:-1","max-image-preview":"max-image-preview:large","max-video-preview":"max-video-preview:-1"},"canonical":"https:\/\/www.welovecycling.com\/hu\/orszaguti-kerekpar\/hogyan-pakoljuk-meg-a-mezunk-zsebeit\/","og_locale":"hu_HU","og_type":"article","og_title":"Hogyan pakoljuk meg a mez\u00fcnk zsebeit?","og_description":"A h\u00e1tizs\u00e1k n\u00e9lk\u00fcli ker\u00e9kp\u00e1roz\u00e1s nem \u00fajdons\u00e1g az orsz\u00e1g\u00fati biciklisek sz\u00e1m\u00e1ra. Azonban az XC (cross-country) bicikliseknek, k\u00fcl\u00f6n\u00f6sen azoknak, akik a hossz\u00fa \u00f6sv\u00e9nyeket r\u00e9szes\u00edtik el\u0151nyben, az extra t\u00e1rol\u00f3hely hi\u00e1nya pokolinak t\u0171nhet. Nos, nem az. S\u0151t, meglehet\u0151sen felszabad\u00edt\u00f3 \u00e9rz\u00e9s, ahogy a h\u00e1tunk l\u00e9legzik \u00e9s izzad an\u00e9lk\u00fcl, hogy valami neh\u00e9z zs\u00e1k h\u00fazn\u00e1 a v\u00e1llaidat.","og_url":"https:\/\/www.welovecycling.com\/hu\/orszaguti-kerekpar\/hogyan-pakoljuk-meg-a-mezunk-zsebeit\/","og_site_name":"\u0160koda We Love Cycling - Magyarorsz\u00e1g","article_publisher":"https:\/\/www.facebook.com\/WeLoveCyclingHungary\/","article_published_time":"2023-10-05T06:00:57+00:00","og_image":[{"width":990,"height":660,"url":"https:\/\/d2p6e6u75xmxt8.cloudfront.net\/12\/2023\/09\/Jersey-Pockets-Soudal-profimedia-0372850941-CVR.webp","type":"image\/webp"}],"author":"hegyizs","twitter_card":"summary_large_image","twitter_misc":{"Written by":"Martin Atanasov","Est. reading time":"5"},"schema":{"@context":"https:\/\/schema.org","@graph":[{"@type":"WebPage","@id":"https:\/\/www.welovecycling.com\/hu\/orszaguti-kerekpar\/hogyan-pakoljuk-meg-a-mezunk-zsebeit\/","url":"https:\/\/www.welovecycling.com\/hu\/orszaguti-kerekpar\/hogyan-pakoljuk-meg-a-mezunk-zsebeit\/","name":"Hogyan pakoljuk meg a mez\u00fcnk zsebeit?","isPartOf":{"@id":"https:\/\/www.welovecycling.com\/hu\/#website"},"primaryImageOfPage":{"@id":"https:\/\/www.welovecycling.com\/hu\/orszaguti-kerekpar\/hogyan-pakoljuk-meg-a-mezunk-zsebeit\/#primaryimage"},"image":{"@id":"https:\/\/www.welovecycling.com\/hu\/orszaguti-kerekpar\/hogyan-pakoljuk-meg-a-mezunk-zsebeit\/#primaryimage"},"thumbnailUrl":"https:\/\/d2p6e6u75xmxt8.cloudfront.net\/12\/2023\/09\/Jersey-Pockets-Soudal-profimedia-0372850941-CVR.webp","datePublished":"2023-10-05T06:00:57+00:00","author":{"@id":"https:\/\/www.welovecycling.com\/hu\/#\/schema\/person\/414a2aebf1801691a5320edb6468e194"},"description":"A h\u00e1tizs\u00e1k n\u00e9lk\u00fcli ker\u00e9kp\u00e1roz\u00e1s nem \u00fajdons\u00e1g az orsz\u00e1g\u00fati biciklisek sz\u00e1m\u00e1ra. Azonban az XC (cross-country) bicikliseknek, k\u00fcl\u00f6n\u00f6sen azoknak, akik a hossz\u00fa \u00f6sv\u00e9nyeket r\u00e9szes\u00edtik el\u0151nyben, az extra t\u00e1rol\u00f3hely hi\u00e1nya pokolinak t\u0171nhet. Nos, nem az. S\u0151t, meglehet\u0151sen felszabad\u00edt\u00f3 \u00e9rz\u00e9s, ahogy a h\u00e1tunk l\u00e9legzik \u00e9s izzad an\u00e9lk\u00fcl, hogy valami neh\u00e9z zs\u00e1k h\u00fazn\u00e1 a v\u00e1llaidat.","breadcrumb":{"@id":"https:\/\/www.welovecycling.com\/hu\/orszaguti-kerekpar\/hogyan-pakoljuk-meg-a-mezunk-zsebeit\/#breadcrumb"},"inLanguage":"hu","potentialAction":[{"@type":"ReadAction","target":["https:\/\/www.welovecycling.com\/hu\/orszaguti-kerekpar\/hogyan-pakoljuk-meg-a-mezunk-zsebeit\/"]}]},{"@type":"ImageObject","inLanguage":"hu","@id":"https:\/\/www.welovecycling.com\/hu\/orszaguti-kerekpar\/hogyan-pakoljuk-meg-a-mezunk-zsebeit\/#primaryimage","url":"https:\/\/d2p6e6u75xmxt8.cloudfront.net\/12\/2023\/09\/Jersey-Pockets-Soudal-profimedia-0372850941-CVR.webp","contentUrl":"https:\/\/d2p6e6u75xmxt8.cloudfront.net\/12\/2023\/09\/Jersey-Pockets-Soudal-profimedia-0372850941-CVR.webp","width":990,"height":660,"caption":"Jersey pockets"},{"@type":"BreadcrumbList","@id":"https:\/\/www.welovecycling.com\/hu\/orszaguti-kerekpar\/hogyan-pakoljuk-meg-a-mezunk-zsebeit\/#breadcrumb","itemListElement":[{"@type":"ListItem","position":1,"name":"Home","item":"https:\/\/www.welovecycling.com\/hu\/"},{"@type":"ListItem","position":2,"name":"Hogyan pakoljuk meg a mez\u00fcnk zsebeit?"}]},{"@type":"WebSite","@id":"https:\/\/www.welovecycling.com\/hu\/#website","url":"https:\/\/www.welovecycling.com\/hu\/","name":"\u0160koda We Love Cycling - Magyarorsz\u00e1g","description":"\u0160koda WeLoveCycling","potentialAction":[{"@type":"SearchAction","target":{"@type":"EntryPoint","urlTemplate":"https:\/\/www.welovecycling.com\/hu\/?s={search_term_string}"},"query-input":{"@type":"PropertyValueSpecification","valueRequired":true,"valueName":"search_term_string"}}],"inLanguage":"hu"},{"@type":"Person","@id":"https:\/\/www.welovecycling.com\/hu\/#\/schema\/person\/414a2aebf1801691a5320edb6468e194","name":"hegyizs","image":{"@type":"ImageObject","inLanguage":"hu","@id":"https:\/\/www.welovecycling.com\/hu\/#\/schema\/person\/image\/","url":"https:\/\/secure.gravatar.com\/avatar\/02cf8a7906b8cf90cecb4679defac7cfd33a1c2e3b88e4903d947f3bb58eedd3?s=96&d=mm&r=g","contentUrl":"https:\/\/secure.gravatar.com\/avatar\/02cf8a7906b8cf90cecb4679defac7cfd33a1c2e3b88e4903d947f3bb58eedd3?s=96&d=mm&r=g","caption":"hegyizs"},"url":"https:\/\/www.welovecycling.com\/hu\/author\/hegyizs\/"}]}},"_links":{"self":[{"href":"https:\/\/www.welovecycling.com\/hu\/wp-json\/wp\/v2\/posts\/17957","targetHints":{"allow":["GET"]}}],"collection":[{"href":"https:\/\/www.welovecycling.com\/hu\/wp-json\/wp\/v2\/posts"}],"about":[{"href":"https:\/\/www.welovecycling.com\/hu\/wp-json\/wp\/v2\/types\/post"}],"author":[{"embeddable":true,"href":"https:\/\/www.welovecycling.com\/hu\/wp-json\/wp\/v2\/users\/71"}],"replies":[{"embeddable":true,"href":"https:\/\/www.welovecycling.com\/hu\/wp-json\/wp\/v2\/comments?post=17957"}],"version-history":[{"count":2,"href":"https:\/\/www.welovecycling.com\/hu\/wp-json\/wp\/v2\/posts\/17957\/revisions"}],"predecessor-version":[{"id":17961,"href":"https:\/\/www.welovecycling.com\/hu\/wp-json\/wp\/v2\/posts\/17957\/revisions\/17961"}],"wp:featuredmedia":[{"embeddable":true,"href":"https:\/\/www.welovecycling.com\/hu\/wp-json\/wp\/v2\/media\/17960"}],"wp:attachment":[{"href":"https:\/\/www.welovecycling.com\/hu\/wp-json\/wp\/v2\/media?parent=17957"}],"wp:term":[{"taxonomy":"category","embeddable":true,"href":"https:\/\/www.welovecycling.com\/hu\/wp-json\/wp\/v2\/categories?post=17957"},{"taxonomy":"post_tag","embeddable":true,"href":"https:\/\/www.welovecycling.com\/hu\/wp-json\/wp\/v2\/tags?post=17957"},{"taxonomy":"global-categories","embeddable":true,"href":"https:\/\/www.welovecycling.com\/hu\/wp-json\/wp\/v2\/global-categories?post=17957"}],"curies":[{"name":"wp","href":"https:\/\/api.w.org\/{rel}","templated":true}]}}