{"id":17948,"date":"2023-10-02T08:00:30","date_gmt":"2023-10-02T06:00:30","guid":{"rendered":"https:\/\/www.welovecycling.com\/hu\/?p=17948"},"modified":"2023-09-29T16:07:11","modified_gmt":"2023-09-29T14:07:11","slug":"az-elet-korforgasa-egy-no-utja-az-oromtol-a-gyaszig-es-az-ujrakezdesig","status":"publish","type":"post","link":"https:\/\/www.welovecycling.com\/hu\/kozosseg-es-kultura\/az-elet-korforgasa-egy-no-utja-az-oromtol-a-gyaszig-es-az-ujrakezdesig\/","title":{"rendered":"Az \u00e9let k\u00f6rforg\u00e1sa: Egy n\u0151 \u00fatja az \u00f6r\u00f6mt\u0151l a gy\u00e1szig, \u00e9s az \u00fajrakezd\u00e9sig"},"content":{"rendered":"<p><strong>Laura Krstovska \u00e9let\u00e9ben a kezdetekt\u0151l fogva fontos szerepet j\u00e1tszik a ker\u00e9kp\u00e1roz\u00e1s. Egy olyan csal\u00e1dban sz\u00fcletett, ahol nem csup\u00e1n hobbi; \u00e9letforma volt a teker\u00e9s. Laura sz\u00e1m\u00e1r mindig is \u00e1lland\u00f3 t\u00e1rs \u00e9s t\u00e1masz volt a biciklije &#8211; egy olyan kapcsolatot jelentett, amely v\u00e9g\u00fcl seg\u00edtett neki megbirk\u00f3zni egy elk\u00e9pzelhetetlen vesztes\u00e9ggel. Megosztotta vel\u00fcnk a t\u00f6rt\u00e9net\u00e9t arr\u00f3l, hogyan v\u00e1lt a ker\u00e9kp\u00e1roz\u00e1s \u00f6r\u00f6mforr\u00e1ss\u00e1, mened\u00e9kk\u00e9 \u00e9s tutajj\u00e1 a gy\u00e1sz ismeretlen vizein.<\/strong><\/p>\n<p><!--more--><\/p>\n<p>Laura ker\u00e9kp\u00e1ron nevelkedett. Apja, egy profi kontinent\u00e1lis versenyz\u0151, m\u00e9ly tiszteletet keltett benne a sport ir\u00e1nt. \u00c9lesen eml\u00e9kszik els\u0151 ker\u00e9kp\u00e1ros napjaira, amikor versenyzett a helyi fi\u00fakkal. <em>&#8220;Akkoriban gyakori mond\u00e1s volt, hogy a l\u00e1nyok csak lelass\u00edtj\u00e1k a csapatot&#8221;<\/em> &#8211; eml\u00e9kezett vissza Laura. <em>\u201cDe \u00e9n nem \u00e9rtettem ezzel egyet.\u201d<\/em><\/p>\n<p>M\u00e9gis, annak ellen\u00e9re, hogy m\u00e1r fiatalon szenved\u00e9lyesen szerette, Laura kapcsolata a ker\u00e9kp\u00e1roz\u00e1ssal nem volt mentes a hull\u00e1mv\u00f6lgyekt\u0151l. Egy s\u00falyos s\u00e9r\u00fcl\u00e9s miatt egy id\u0151re t\u00e1vol kellett maradnia. <em>&#8220;Egyszer\u0171en rosszul estem. Az 80-as \u00e9vek v\u00e9g\u00e9n a n\u0151i ker\u00e9kp\u00e1roz\u00e1s m\u00e9g nem volt jelent\u0151s, ez\u00e9rt nem l\u00e1ttam benne nagy j\u00f6v\u0151t.&#8221;<\/em><\/p>\n<p>De a ker\u00e9kp\u00e1roz\u00e1s visszatal\u00e1lt Laura \u00e9let\u00e9be. Mindig tartott maga mellett egy biciklit, \u00e9s m\u00e9g n\u00e9metorsz\u00e1gi tanulm\u00e1nyai alatt is h\u0171s\u00e9ges t\u00e1rsa maradt a megb\u00edzhat\u00f3 ker\u00e9kp\u00e1rja.<\/p>\n<p>Amikor Laura Bristolba k\u00f6lt\u00f6z\u00f6tt \u00e9s megismerte a f\u00e9rj\u00e9t, a biciklije ism\u00e9t a mindennapi \u00e9let\u00e9nek praktikus r\u00e9sz\u00e9v\u00e9 v\u00e1lt, amikor egy 7-sebess\u00e9g\u0171 Electra cruiserbe fektetett. A napi ing\u00e1z\u00e1s lehet\u0151s\u00e9get k\u00edn\u00e1lt a ker\u00e9kp\u00e1roz\u00e1s \u00e9lvezet\u00e9re.<\/p>\n<p>M\u00e9lyebb kapcsolatot alak\u00edtott ki a ker\u00e9kp\u00e1roz\u00e1ssal, amikor 2014-ben \u00fagy d\u00f6nt\u00f6tt, ker\u00e9kp\u00e1rboltot nyit. B\u00e1tor l\u00e9p\u00e9s volt. Azt tervezte, hogy a boutique ker\u00e9kp\u00e1rm\u00e1rk\u00e1k sz\u00e1m\u00e1ra ad teret. Abban az \u00e9vben a Tour de France az Egyes\u00fclt Kir\u00e1lys\u00e1gban rajtolt, \u00edgy benne volt a leveg\u0151ben a brit ker\u00e9kp\u00e1rok ir\u00e1nti kereslet. <em>&#8220;Nagyon bej\u00f6tt az \u00f6tlet,&#8221;<\/em> mondta b\u00fcszk\u00e9n Laura.<\/p>\n<p>M\u00e9g szem\u00e9lyesebb\u00e9 v\u00e1lt a kapcsolata a sporttal, amikor csatlakozott apja ker\u00e9kp\u00e1ros klubj\u00e1hoz. A csoportszellem \u00e9s az \u00f6sszetartoz\u00e1s \u00e9rz\u00e9se hatalmas l\u00f6ketet adott neki. <em>&#8220;Nagyon gyorsan megtanultam az \u00f6sszes szok\u00e1st \u00e9s szab\u00e1lyt. Felismertem, kivel biztons\u00e1gos egy\u00fctt tekerni, \u00e9s rengeteget fejl\u0151dtem.\u201d<\/em> Sz\u00e1rnyaik al\u00e1 vett\u00e9k: \u00f6r\u00f6mmel l\u00e1ttak egy fiatal n\u0151i ker\u00e9kp\u00e1rost k\u00f6r\u00fckben. Apja jelenl\u00e9te inspir\u00e1lta a legjobban, \u00e9s hamarosan elengedhetetlen r\u00e9sze lett a csapatnak.<\/p>\n<figure id=\"attachment_17949\" aria-describedby=\"caption-attachment-17949\" style=\"width: 990px\" class=\"wp-caption alignnone\"><a href=\"https:\/\/d2p6e6u75xmxt8.cloudfront.net\/12\/2023\/09\/Laura-Krstovska-4.webp\"><img loading=\"lazy\" decoding=\"async\" class=\"size-full wp-image-17949\" src=\"https:\/\/d2p6e6u75xmxt8.cloudfront.net\/12\/2023\/09\/Laura-Krstovska-4.webp\" alt=\"Laura Krstovska\" width=\"990\" height=\"660\" srcset=\"https:\/\/d2p6e6u75xmxt8.cloudfront.net\/12\/2023\/09\/Laura-Krstovska-4.webp 990w, https:\/\/d2p6e6u75xmxt8.cloudfront.net\/12\/2023\/09\/Laura-Krstovska-4-300x200.webp 300w, https:\/\/d2p6e6u75xmxt8.cloudfront.net\/12\/2023\/09\/Laura-Krstovska-4-768x512.webp 768w, https:\/\/d2p6e6u75xmxt8.cloudfront.net\/12\/2023\/09\/Laura-Krstovska-4-400x267.webp 400w, https:\/\/d2p6e6u75xmxt8.cloudfront.net\/12\/2023\/09\/Laura-Krstovska-4-272x182.webp 272w\" sizes=\"auto, (max-width: 990px) 100vw, 990px\" \/><\/a><figcaption id=\"caption-attachment-17949\" class=\"wp-caption-text\">Laura Krstovska.<\/figcaption><\/figure>\n<div id='gallery-1' class='gallery galleryid-17948 gallery-columns-3 gallery-size-large'><figure class='gallery-item'>\n\t\t\t<div class='gallery-icon landscape'>\n\t\t\t\t<a href='https:\/\/d2p6e6u75xmxt8.cloudfront.net\/12\/2023\/09\/Laura-Krstovska-3.webp'><img loading=\"lazy\" decoding=\"async\" width=\"990\" height=\"660\" src=\"https:\/\/d2p6e6u75xmxt8.cloudfront.net\/12\/2023\/09\/Laura-Krstovska-3.webp\" class=\"attachment-large size-large\" alt=\"\" srcset=\"https:\/\/d2p6e6u75xmxt8.cloudfront.net\/12\/2023\/09\/Laura-Krstovska-3.webp 990w, https:\/\/d2p6e6u75xmxt8.cloudfront.net\/12\/2023\/09\/Laura-Krstovska-3-300x200.webp 300w, https:\/\/d2p6e6u75xmxt8.cloudfront.net\/12\/2023\/09\/Laura-Krstovska-3-768x512.webp 768w, https:\/\/d2p6e6u75xmxt8.cloudfront.net\/12\/2023\/09\/Laura-Krstovska-3-400x267.webp 400w, https:\/\/d2p6e6u75xmxt8.cloudfront.net\/12\/2023\/09\/Laura-Krstovska-3-272x182.webp 272w\" sizes=\"auto, (max-width: 990px) 100vw, 990px\" \/><\/a>\n\t\t\t<\/div><\/figure><figure class='gallery-item'>\n\t\t\t<div class='gallery-icon landscape'>\n\t\t\t\t<a href='https:\/\/d2p6e6u75xmxt8.cloudfront.net\/12\/2023\/09\/Laura-Krstovska-2.webp'><img loading=\"lazy\" decoding=\"async\" width=\"990\" height=\"660\" src=\"https:\/\/d2p6e6u75xmxt8.cloudfront.net\/12\/2023\/09\/Laura-Krstovska-2.webp\" class=\"attachment-large size-large\" alt=\"\" srcset=\"https:\/\/d2p6e6u75xmxt8.cloudfront.net\/12\/2023\/09\/Laura-Krstovska-2.webp 990w, https:\/\/d2p6e6u75xmxt8.cloudfront.net\/12\/2023\/09\/Laura-Krstovska-2-300x200.webp 300w, https:\/\/d2p6e6u75xmxt8.cloudfront.net\/12\/2023\/09\/Laura-Krstovska-2-768x512.webp 768w, https:\/\/d2p6e6u75xmxt8.cloudfront.net\/12\/2023\/09\/Laura-Krstovska-2-400x267.webp 400w, https:\/\/d2p6e6u75xmxt8.cloudfront.net\/12\/2023\/09\/Laura-Krstovska-2-272x182.webp 272w\" sizes=\"auto, (max-width: 990px) 100vw, 990px\" \/><\/a>\n\t\t\t<\/div><\/figure><figure class='gallery-item'>\n\t\t\t<div class='gallery-icon landscape'>\n\t\t\t\t<a href='https:\/\/d2p6e6u75xmxt8.cloudfront.net\/12\/2023\/09\/Laura-Krstovska-1.webp'><img loading=\"lazy\" decoding=\"async\" width=\"990\" height=\"660\" src=\"https:\/\/d2p6e6u75xmxt8.cloudfront.net\/12\/2023\/09\/Laura-Krstovska-1.webp\" class=\"attachment-large size-large\" alt=\"\" srcset=\"https:\/\/d2p6e6u75xmxt8.cloudfront.net\/12\/2023\/09\/Laura-Krstovska-1.webp 990w, https:\/\/d2p6e6u75xmxt8.cloudfront.net\/12\/2023\/09\/Laura-Krstovska-1-300x200.webp 300w, https:\/\/d2p6e6u75xmxt8.cloudfront.net\/12\/2023\/09\/Laura-Krstovska-1-768x512.webp 768w, https:\/\/d2p6e6u75xmxt8.cloudfront.net\/12\/2023\/09\/Laura-Krstovska-1-400x267.webp 400w, https:\/\/d2p6e6u75xmxt8.cloudfront.net\/12\/2023\/09\/Laura-Krstovska-1-272x182.webp 272w\" sizes=\"auto, (max-width: 990px) 100vw, 990px\" \/><\/a>\n\t\t\t<\/div><\/figure>\n\t\t<\/div>\n\n<h2><strong>Amikor a ker\u00e9kp\u00e1roz\u00e1s \u00faj jelent\u00e9st kap <\/strong><\/h2>\n<p>Ez az er\u0151s alap, amit a ker\u00e9kp\u00e1ros k\u00f6z\u00f6ss\u00e9gben ki\u00e9p\u00edtett, kulcsfontoss\u00e1g\u00fav\u00e1 v\u00e1lt, amikor f\u00e9rj\u00e9t ALS-szel diagnosztiz\u00e1lt\u00e1k. Az ALS, vagyis amiotr\u00f3f later\u00e1lszkler\u00f3zis, egy progressz\u00edv neurodegenerat\u00edv betegs\u00e9g, amely els\u0151sorban az agyban \u00e9s a gerincvel\u0151ben tal\u00e1lhat\u00f3 idegsejteket \u00e9rinti.<\/p>\n<p>Laura mes\u00e9lt a k\u00f6z\u00f6s szenved\u00e9ly\u00fckr\u0151l is: <em>&#8220;A f\u00e9rjem ink\u00e1bb a fut\u00e1s fel\u00e9 hajlott, m\u00edg \u00e9n a ker\u00e9kp\u00e1roz\u00e1s fel\u00e9. Egy\u00fctt futottunk ultramaratonokat, de voltak saj\u00e1t szenved\u00e9lyeink \u00e9s t\u00f6rekv\u00e9seink is.&#8221;<\/em><\/p>\n<p>\u00dagy d\u00f6nt\u00f6ttek, hogy egy\u00fctt vesznek r\u00e9szt a grandi\u00f3zus Transalpine fut\u00f3versenyen, ami az utols\u00f3 nagy kalandjuknak bizonyult. <em>&#8220;Fut\u00e1s k\u00f6zben folyamatosan megbotlott \u00e9s sokszor elesett, nyilv\u00e1nval\u00f3 volt, hogy valami nincs rendben. Ekkor m\u00e9g fogalmunk sem volt r\u00f3la, hogy neuronbetegs\u00e9ggel k\u00fczd.&#8221;<\/em><\/p>\n<p>Sz\u00e1mos orvosi vizsg\u00e1lat ut\u00e1n megkapt\u00e1k a diagn\u00f3zist \u00e9s a v\u00e1rhat\u00f3 2-3 \u00e9ves progn\u00f3zist. <em>\u201cAz orvos megjegyezte, hogy a kiv\u00e1l\u00f3 fizikai \u00e1llapota val\u00f3sz\u00edn\u0171leg hosszabb ideig elrejtette a betegs\u00e9g t\u00fcneteit, mint \u00e1ltal\u00e1ban. Rendk\u00edv\u00fcl neh\u00e9z id\u0151szak volt, k\u00fcl\u00f6n\u00f6sen a 10 \u00e9s 8 \u00e9ves gyermekeink miatt.\u201d<\/em><\/p>\n<p>Innent\u0151l kezdve a ker\u00e9kp\u00e1roz\u00e1s nem csak menek\u00fcl\u00e9s volt Laura sz\u00e1m\u00e1ra, hanem eszk\u00f6z is, mely seg\u00edtett navig\u00e1lni a rengeteg feladat \u00e9s \u00e9rzelem k\u00f6z\u00f6tt. <em>&#8220;Sz\u00fcks\u00e9gem volt a szabadban t\u00f6lt\u00f6tt id\u0151re a ment\u00e1lis eg\u00e9szs\u00e9gem\u00e9rt, \u00e9s hogy megtal\u00e1ljam magamban az er\u0151t a f\u00e9rjem gondoz\u00e1s\u00e1hoz&#8221;<\/em> magyar\u00e1zta Laura. Es\u0151ben \u00e9s h\u00f3ban is tekert, vigaszt keresett a rutinban \u00e9s a fizikai meger\u0151ltet\u00e9sben, amit a ker\u00e9kp\u00e1roz\u00e1s k\u00edn\u00e1lt.<\/p>\n<p>Amikor m\u00e9g f\u00e9rje el\u00e9g j\u00f3 \u00e1llapotban volt, a csal\u00e1d \u00fagy d\u00f6nt\u00f6tt, hogy egy\u00fctt indulnak \u00fatnak. Elindultak egy kalandra, hogy \u00faj helyeket fedezzenek fel \u00e9s maradand\u00f3 eml\u00e9keket teremtsenek. <em>\u201cH\u00e1rom h\u00f3napig utazgattunk a gyerekeket, \u00e9s magammal vittem a biciklimet is,\u201d<\/em> eml\u00e9kezett vissza Laura.<\/p>\n<p>Ezen a felejthetetlen ny\u00e1ron Laura kapcsolata a ker\u00e9kp\u00e1roz\u00e1ssal \u00faj jelent\u00e9st kapott. Elmondta, hogyan birk\u00f3zott meg a kih\u00edv\u00e1sokkal teli emelked\u0151kkel \u00e9s hogy a siker pillanatai megaj\u00e1nd\u00e9kozt\u00e1k a b\u00e9ke \u00e9rz\u00e9s\u00e9vel.<\/p>\n<p>Egy eml\u00e9k Olaszorsz\u00e1gb\u00f3l k\u00fcl\u00f6n\u00f6sen er\u0151sen megmaradt benne: <em>&#8220;Toszk\u00e1n\u00e1ban voltunk. A csal\u00e1d m\u00e9g aludt, \u00e9s \u00fagy d\u00f6nt\u00f6ttem, hogy elindulok tekerni egyet,\u201d<\/em> mes\u00e9lte mosolyogva Laura. A kora reggeli t\u00far\u00e1k mened\u00e9kk\u00e9 v\u00e1ltak \u2013 ez egy olyan id\u0151szak volt, amikor csak mag\u00e1\u00e9rt dolgozott, \u00e9s minden m\u00e1st elfelejthetett. <em>\u201cA fizikai aktivit\u00e1s megnyugtat,\u201d<\/em> magyar\u00e1zta, <em>\u201ccsak a teker\u00e9sre, a megfelel\u0151 temp\u00f3ra, a biciklire \u00e9s arra gondolok, ami k\u00f6r\u00fcl\u00f6ttem van.\u201d <\/em><\/p>\n<p>Laur\u00e1nak a ker\u00e9kp\u00e1roz\u00e1s egyszer\u0171 mozdulatsora lehet\u0151v\u00e9 tette, hogy a jelen pillanatra \u00f6sszpontos\u00edtson. <em>&#8220;Nem kell semmi m\u00e1sra gondolnom ilyenkor,&#8221;<\/em> mondta, \u00e9s szavai mindenkiben ott rezon\u00e1lhatnak, aki m\u00e1r megtapasztalta a ker\u00e9kp\u00e1roz\u00e1s meditat\u00edv term\u00e9szet\u00e9t. <em>&#8220;Csak a l\u00e9legz\u00e9sre, a testedre, a halad\u00e1sra gondolsz.&#8221;<\/em><\/p>\n<p>A ker\u00e9kp\u00e1roz\u00e1s a nevet\u00e9s \u00e9s a mosoly forr\u00e1s\u00e1v\u00e1 v\u00e1lt, ami seg\u00edtett neki \u00fajra kapcsol\u00f3dni az \u00e9let \u00f6r\u00f6m\u00e9hez. &#8220;<em>Ez sz\u00e1momra a ker\u00e9kp\u00e1roz\u00e1s,&#8221;<\/em> mondta, <em>&#8220;felszabadul\u00e1s \u00e9s izgalom.&#8221;<\/em> Az \u00e9rz\u00e9s, ahogy belef\u00faj a sz\u00e9l a hajadba, a gumiabroncsok hangja az \u00faton, \u00e9s a sz\u00e1guld\u00f3 vil\u00e1g sz\u00e9ps\u00e9ge \u2013 ezek voltak azok az egyszer\u0171 \u00f6r\u00f6m\u00f6k, amelyek vigaszt ny\u00fajtottak.<\/p>\n<p>A m\u00e1sokkal val\u00f3 \u00f6sszetartoz\u00e1s \u00e9rz\u00e9se m\u00e9g k\u00fcl\u00f6nlegesebb\u00e9 tette ezeket az utakat. Legyen az egy m\u00e1sik ker\u00e9kp\u00e1ros bar\u00e1ts\u00e1gos integet\u00e9se vagy egy spont\u00e1n csevej egy k\u00e1v\u00e9z\u00e1s sor\u00e1n, ezek az interakci\u00f3k eml\u00e9keztett\u00e9k \u0151t az emberi kapcsolatok sz\u00e9ps\u00e9g\u00e9re.<\/p>\n<h2><strong>Ker\u00e9kp\u00e1roz\u00e1s egy\u00fctt \u00e9s el\u0151re<\/strong><\/h2>\n<p>A ker\u00e9kp\u00e1roz\u00e1s csal\u00e1di \u00fcgy lett Laura sz\u00e1m\u00e1ra, \u00e9s b\u00fcszk\u00e9n mes\u00e9lte, hogyan mutatta be gyermekeinek a sportot. <em>&#8220;Elvittem a gyerekeket downhillezni, \u00e9s teljesen beleszerettek,&#8221; <\/em>mondta.<\/p>\n<p>A gy\u00e1sz feldolgoz\u00e1sa \u00e9s az \u00fajrakezd\u00e9s megtal\u00e1l\u00e1sa sor\u00e1n Laura az edz\u00e9sbe is belemer\u00fclt. K\u00e9pezte mag\u00e1t, hogy edz\u0151 lehessen \u00e9s seg\u00edthessen a kezd\u0151knek felfedezni a ker\u00e9kp\u00e1roz\u00e1s \u00f6r\u00f6meit.<em> &#8220;Fantasztikus l\u00e1tni, hogyan fejl\u0151dnek \u00e9s lesznek egyre magabiztosabbak az emberek,<\/em>&#8221; mondta lelkesen. Laura edz\u0151i p\u00e1lyafut\u00e1sa lehet\u0151v\u00e9 tette sz\u00e1m\u00e1ra, hogy visszaadjon a ker\u00e9kp\u00e1roz\u00f3 k\u00f6z\u00f6ss\u00e9gnek, \u00e9s ez\u00fattal \u0151 biztos\u00edtsa m\u00e1soknak azt a t\u00e1mogat\u00e1st \u00e9s \u00fatmutat\u00e1st, amit a legnehezebb id\u0151kben kapott.<\/p>\n<p>Ez a t\u00f6rt\u00e9net az emberi l\u00e9lek gy\u00f3gyul\u00e1s\u00e1nak \u00e9s a ker\u00e9kp\u00e1roz\u00e1s transzformat\u00edv erej\u00e9nek tan\u00fabizonys\u00e1ga. Egy utaz\u00e1s, amelyet hull\u00e1mhegyek \u00e9s -v\u00f6lgyek, mag\u00e1ny \u00e9s bar\u00e1ts\u00e1g pillanatai, \u00e9s t\u00e1rsaink t\u00e1mogat\u00e1sa k\u00f6vezett ki.<\/p>\n","protected":false},"excerpt":{"rendered":"<p>Laura Krstovska \u00e9let\u00e9ben a kezdetekt\u0151l fogva fontos szerepet j\u00e1tszik a ker\u00e9kp\u00e1roz\u00e1s. Egy olyan csal\u00e1dban sz\u00fcletett, ahol nem csup\u00e1n hobbi; \u00e9letforma [&hellip;]<\/p>\n","protected":false},"author":71,"featured_media":17951,"comment_status":"open","ping_status":"open","sticky":false,"template":"","format":"standard","meta":{"footnotes":""},"categories":[12],"tags":[],"global-categories":[],"class_list":["post-17948","post","type-post","status-publish","format-standard","has-post-thumbnail","hentry","category-kozosseg-es-kultura"],"yoast_head":"<!-- This site is optimized with the Yoast SEO Premium plugin v25.3 (Yoast SEO v25.9) - https:\/\/yoast.com\/wordpress\/plugins\/seo\/ -->\n<title>Az \u00e9let k\u00f6rforg\u00e1sa: Egy n\u0151 \u00fatja az \u00f6r\u00f6mt\u0151l a gy\u00e1szig, \u00e9s az \u00fajrakezd\u00e9sig<\/title>\n<meta name=\"description\" content=\"Laura Krstovska \u00e9let\u00e9ben a kezdetekt\u0151l fogva fontos szerepet j\u00e1tszik a ker\u00e9kp\u00e1roz\u00e1s. Egy olyan csal\u00e1dban sz\u00fcletett, ahol nem csup\u00e1n hobbi; \u00e9letforma volt a teker\u00e9s. Laura sz\u00e1m\u00e1r mindig is \u00e1lland\u00f3 t\u00e1rs \u00e9s t\u00e1masz volt a biciklije - egy olyan kapcsolatot jelentett, amely v\u00e9g\u00fcl seg\u00edtett neki megbirk\u00f3zni egy elk\u00e9pzelhetetlen vesztes\u00e9ggel. Megosztotta vel\u00fcnk a t\u00f6rt\u00e9net\u00e9t arr\u00f3l, hogyan v\u00e1lt a ker\u00e9kp\u00e1roz\u00e1s \u00f6r\u00f6mforr\u00e1ss\u00e1, mened\u00e9kk\u00e9 \u00e9s tutajj\u00e1 a gy\u00e1sz ismeretlen vizein.\" \/>\n<meta name=\"robots\" content=\"index, follow, max-snippet:-1, max-image-preview:large, max-video-preview:-1\" \/>\n<link rel=\"canonical\" href=\"https:\/\/www.welovecycling.com\/hu\/kozosseg-es-kultura\/az-elet-korforgasa-egy-no-utja-az-oromtol-a-gyaszig-es-az-ujrakezdesig\/\" \/>\n<meta property=\"og:locale\" content=\"hu_HU\" \/>\n<meta property=\"og:type\" content=\"article\" \/>\n<meta property=\"og:title\" content=\"Az \u00e9let k\u00f6rforg\u00e1sa: Egy n\u0151 \u00fatja az \u00f6r\u00f6mt\u0151l a gy\u00e1szig, \u00e9s az \u00fajrakezd\u00e9sig\" \/>\n<meta property=\"og:description\" content=\"Laura Krstovska \u00e9let\u00e9ben a kezdetekt\u0151l fogva fontos szerepet j\u00e1tszik a ker\u00e9kp\u00e1roz\u00e1s. Egy olyan csal\u00e1dban sz\u00fcletett, ahol nem csup\u00e1n hobbi; \u00e9letforma volt a teker\u00e9s. Laura sz\u00e1m\u00e1r mindig is \u00e1lland\u00f3 t\u00e1rs \u00e9s t\u00e1masz volt a biciklije - egy olyan kapcsolatot jelentett, amely v\u00e9g\u00fcl seg\u00edtett neki megbirk\u00f3zni egy elk\u00e9pzelhetetlen vesztes\u00e9ggel. Megosztotta vel\u00fcnk a t\u00f6rt\u00e9net\u00e9t arr\u00f3l, hogyan v\u00e1lt a ker\u00e9kp\u00e1roz\u00e1s \u00f6r\u00f6mforr\u00e1ss\u00e1, mened\u00e9kk\u00e9 \u00e9s tutajj\u00e1 a gy\u00e1sz ismeretlen vizein.\" \/>\n<meta property=\"og:url\" content=\"https:\/\/www.welovecycling.com\/hu\/kozosseg-es-kultura\/az-elet-korforgasa-egy-no-utja-az-oromtol-a-gyaszig-es-az-ujrakezdesig\/\" \/>\n<meta property=\"og:site_name\" content=\"\u0160koda We Love Cycling - Magyarorsz\u00e1g\" \/>\n<meta property=\"article:publisher\" content=\"https:\/\/www.facebook.com\/WeLoveCyclingHungary\/\" \/>\n<meta property=\"article:published_time\" content=\"2023-10-02T06:00:30+00:00\" \/>\n<meta property=\"og:image\" content=\"https:\/\/d2p6e6u75xmxt8.cloudfront.net\/12\/2023\/09\/Laura-Krstovska-CVR.webp\" \/>\n\t<meta property=\"og:image:width\" content=\"990\" \/>\n\t<meta property=\"og:image:height\" content=\"660\" \/>\n\t<meta property=\"og:image:type\" content=\"image\/webp\" \/>\n<meta name=\"author\" content=\"hegyizs\" \/>\n<meta name=\"twitter:card\" content=\"summary_large_image\" \/>\n<meta name=\"twitter:label1\" content=\"Written by\" \/>\n\t<meta name=\"twitter:data1\" content=\"Megan Flottorp\" \/>\n\t<meta name=\"twitter:label2\" content=\"Est. reading time\" \/>\n\t<meta name=\"twitter:data2\" content=\"6\" \/>\n<script type=\"application\/ld+json\" class=\"yoast-schema-graph\">{\"@context\":\"https:\/\/schema.org\",\"@graph\":[{\"@type\":\"WebPage\",\"@id\":\"https:\/\/www.welovecycling.com\/hu\/kozosseg-es-kultura\/az-elet-korforgasa-egy-no-utja-az-oromtol-a-gyaszig-es-az-ujrakezdesig\/\",\"url\":\"https:\/\/www.welovecycling.com\/hu\/kozosseg-es-kultura\/az-elet-korforgasa-egy-no-utja-az-oromtol-a-gyaszig-es-az-ujrakezdesig\/\",\"name\":\"Az \u00e9let k\u00f6rforg\u00e1sa: Egy n\u0151 \u00fatja az \u00f6r\u00f6mt\u0151l a gy\u00e1szig, \u00e9s az \u00fajrakezd\u00e9sig\",\"isPartOf\":{\"@id\":\"https:\/\/www.welovecycling.com\/hu\/#website\"},\"primaryImageOfPage\":{\"@id\":\"https:\/\/www.welovecycling.com\/hu\/kozosseg-es-kultura\/az-elet-korforgasa-egy-no-utja-az-oromtol-a-gyaszig-es-az-ujrakezdesig\/#primaryimage\"},\"image\":{\"@id\":\"https:\/\/www.welovecycling.com\/hu\/kozosseg-es-kultura\/az-elet-korforgasa-egy-no-utja-az-oromtol-a-gyaszig-es-az-ujrakezdesig\/#primaryimage\"},\"thumbnailUrl\":\"https:\/\/d2p6e6u75xmxt8.cloudfront.net\/12\/2023\/09\/Laura-Krstovska-CVR.webp\",\"datePublished\":\"2023-10-02T06:00:30+00:00\",\"author\":{\"@id\":\"https:\/\/www.welovecycling.com\/hu\/#\/schema\/person\/414a2aebf1801691a5320edb6468e194\"},\"description\":\"Laura Krstovska \u00e9let\u00e9ben a kezdetekt\u0151l fogva fontos szerepet j\u00e1tszik a ker\u00e9kp\u00e1roz\u00e1s. Egy olyan csal\u00e1dban sz\u00fcletett, ahol nem csup\u00e1n hobbi; \u00e9letforma volt a teker\u00e9s. Laura sz\u00e1m\u00e1r mindig is \u00e1lland\u00f3 t\u00e1rs \u00e9s t\u00e1masz volt a biciklije - egy olyan kapcsolatot jelentett, amely v\u00e9g\u00fcl seg\u00edtett neki megbirk\u00f3zni egy elk\u00e9pzelhetetlen vesztes\u00e9ggel. Megosztotta vel\u00fcnk a t\u00f6rt\u00e9net\u00e9t arr\u00f3l, hogyan v\u00e1lt a ker\u00e9kp\u00e1roz\u00e1s \u00f6r\u00f6mforr\u00e1ss\u00e1, mened\u00e9kk\u00e9 \u00e9s tutajj\u00e1 a gy\u00e1sz ismeretlen vizein.\",\"breadcrumb\":{\"@id\":\"https:\/\/www.welovecycling.com\/hu\/kozosseg-es-kultura\/az-elet-korforgasa-egy-no-utja-az-oromtol-a-gyaszig-es-az-ujrakezdesig\/#breadcrumb\"},\"inLanguage\":\"hu\",\"potentialAction\":[{\"@type\":\"ReadAction\",\"target\":[\"https:\/\/www.welovecycling.com\/hu\/kozosseg-es-kultura\/az-elet-korforgasa-egy-no-utja-az-oromtol-a-gyaszig-es-az-ujrakezdesig\/\"]}]},{\"@type\":\"ImageObject\",\"inLanguage\":\"hu\",\"@id\":\"https:\/\/www.welovecycling.com\/hu\/kozosseg-es-kultura\/az-elet-korforgasa-egy-no-utja-az-oromtol-a-gyaszig-es-az-ujrakezdesig\/#primaryimage\",\"url\":\"https:\/\/d2p6e6u75xmxt8.cloudfront.net\/12\/2023\/09\/Laura-Krstovska-CVR.webp\",\"contentUrl\":\"https:\/\/d2p6e6u75xmxt8.cloudfront.net\/12\/2023\/09\/Laura-Krstovska-CVR.webp\",\"width\":990,\"height\":660,\"caption\":\"Laura Krstovska\"},{\"@type\":\"BreadcrumbList\",\"@id\":\"https:\/\/www.welovecycling.com\/hu\/kozosseg-es-kultura\/az-elet-korforgasa-egy-no-utja-az-oromtol-a-gyaszig-es-az-ujrakezdesig\/#breadcrumb\",\"itemListElement\":[{\"@type\":\"ListItem\",\"position\":1,\"name\":\"Home\",\"item\":\"https:\/\/www.welovecycling.com\/hu\/\"},{\"@type\":\"ListItem\",\"position\":2,\"name\":\"Az \u00e9let k\u00f6rforg\u00e1sa: Egy n\u0151 \u00fatja az \u00f6r\u00f6mt\u0151l a gy\u00e1szig, \u00e9s az \u00fajrakezd\u00e9sig\"}]},{\"@type\":\"WebSite\",\"@id\":\"https:\/\/www.welovecycling.com\/hu\/#website\",\"url\":\"https:\/\/www.welovecycling.com\/hu\/\",\"name\":\"\u0160koda We Love Cycling - Magyarorsz\u00e1g\",\"description\":\"\u0160koda WeLoveCycling\",\"potentialAction\":[{\"@type\":\"SearchAction\",\"target\":{\"@type\":\"EntryPoint\",\"urlTemplate\":\"https:\/\/www.welovecycling.com\/hu\/?s={search_term_string}\"},\"query-input\":{\"@type\":\"PropertyValueSpecification\",\"valueRequired\":true,\"valueName\":\"search_term_string\"}}],\"inLanguage\":\"hu\"},{\"@type\":\"Person\",\"@id\":\"https:\/\/www.welovecycling.com\/hu\/#\/schema\/person\/414a2aebf1801691a5320edb6468e194\",\"name\":\"hegyizs\",\"image\":{\"@type\":\"ImageObject\",\"inLanguage\":\"hu\",\"@id\":\"https:\/\/www.welovecycling.com\/hu\/#\/schema\/person\/image\/\",\"url\":\"https:\/\/secure.gravatar.com\/avatar\/02cf8a7906b8cf90cecb4679defac7cfd33a1c2e3b88e4903d947f3bb58eedd3?s=96&d=mm&r=g\",\"contentUrl\":\"https:\/\/secure.gravatar.com\/avatar\/02cf8a7906b8cf90cecb4679defac7cfd33a1c2e3b88e4903d947f3bb58eedd3?s=96&d=mm&r=g\",\"caption\":\"hegyizs\"},\"url\":\"https:\/\/www.welovecycling.com\/hu\/author\/hegyizs\/\"}]}<\/script>\n<!-- \/ Yoast SEO Premium plugin. -->","yoast_head_json":{"title":"Az \u00e9let k\u00f6rforg\u00e1sa: Egy n\u0151 \u00fatja az \u00f6r\u00f6mt\u0151l a gy\u00e1szig, \u00e9s az \u00fajrakezd\u00e9sig","description":"Laura Krstovska \u00e9let\u00e9ben a kezdetekt\u0151l fogva fontos szerepet j\u00e1tszik a ker\u00e9kp\u00e1roz\u00e1s. Egy olyan csal\u00e1dban sz\u00fcletett, ahol nem csup\u00e1n hobbi; \u00e9letforma volt a teker\u00e9s. Laura sz\u00e1m\u00e1r mindig is \u00e1lland\u00f3 t\u00e1rs \u00e9s t\u00e1masz volt a biciklije - egy olyan kapcsolatot jelentett, amely v\u00e9g\u00fcl seg\u00edtett neki megbirk\u00f3zni egy elk\u00e9pzelhetetlen vesztes\u00e9ggel. Megosztotta vel\u00fcnk a t\u00f6rt\u00e9net\u00e9t arr\u00f3l, hogyan v\u00e1lt a ker\u00e9kp\u00e1roz\u00e1s \u00f6r\u00f6mforr\u00e1ss\u00e1, mened\u00e9kk\u00e9 \u00e9s tutajj\u00e1 a gy\u00e1sz ismeretlen vizein.","robots":{"index":"index","follow":"follow","max-snippet":"max-snippet:-1","max-image-preview":"max-image-preview:large","max-video-preview":"max-video-preview:-1"},"canonical":"https:\/\/www.welovecycling.com\/hu\/kozosseg-es-kultura\/az-elet-korforgasa-egy-no-utja-az-oromtol-a-gyaszig-es-az-ujrakezdesig\/","og_locale":"hu_HU","og_type":"article","og_title":"Az \u00e9let k\u00f6rforg\u00e1sa: Egy n\u0151 \u00fatja az \u00f6r\u00f6mt\u0151l a gy\u00e1szig, \u00e9s az \u00fajrakezd\u00e9sig","og_description":"Laura Krstovska \u00e9let\u00e9ben a kezdetekt\u0151l fogva fontos szerepet j\u00e1tszik a ker\u00e9kp\u00e1roz\u00e1s. Egy olyan csal\u00e1dban sz\u00fcletett, ahol nem csup\u00e1n hobbi; \u00e9letforma volt a teker\u00e9s. Laura sz\u00e1m\u00e1r mindig is \u00e1lland\u00f3 t\u00e1rs \u00e9s t\u00e1masz volt a biciklije - egy olyan kapcsolatot jelentett, amely v\u00e9g\u00fcl seg\u00edtett neki megbirk\u00f3zni egy elk\u00e9pzelhetetlen vesztes\u00e9ggel. Megosztotta vel\u00fcnk a t\u00f6rt\u00e9net\u00e9t arr\u00f3l, hogyan v\u00e1lt a ker\u00e9kp\u00e1roz\u00e1s \u00f6r\u00f6mforr\u00e1ss\u00e1, mened\u00e9kk\u00e9 \u00e9s tutajj\u00e1 a gy\u00e1sz ismeretlen vizein.","og_url":"https:\/\/www.welovecycling.com\/hu\/kozosseg-es-kultura\/az-elet-korforgasa-egy-no-utja-az-oromtol-a-gyaszig-es-az-ujrakezdesig\/","og_site_name":"\u0160koda We Love Cycling - Magyarorsz\u00e1g","article_publisher":"https:\/\/www.facebook.com\/WeLoveCyclingHungary\/","article_published_time":"2023-10-02T06:00:30+00:00","og_image":[{"width":990,"height":660,"url":"https:\/\/d2p6e6u75xmxt8.cloudfront.net\/12\/2023\/09\/Laura-Krstovska-CVR.webp","type":"image\/webp"}],"author":"hegyizs","twitter_card":"summary_large_image","twitter_misc":{"Written by":"Megan Flottorp","Est. reading time":"6"},"schema":{"@context":"https:\/\/schema.org","@graph":[{"@type":"WebPage","@id":"https:\/\/www.welovecycling.com\/hu\/kozosseg-es-kultura\/az-elet-korforgasa-egy-no-utja-az-oromtol-a-gyaszig-es-az-ujrakezdesig\/","url":"https:\/\/www.welovecycling.com\/hu\/kozosseg-es-kultura\/az-elet-korforgasa-egy-no-utja-az-oromtol-a-gyaszig-es-az-ujrakezdesig\/","name":"Az \u00e9let k\u00f6rforg\u00e1sa: Egy n\u0151 \u00fatja az \u00f6r\u00f6mt\u0151l a gy\u00e1szig, \u00e9s az \u00fajrakezd\u00e9sig","isPartOf":{"@id":"https:\/\/www.welovecycling.com\/hu\/#website"},"primaryImageOfPage":{"@id":"https:\/\/www.welovecycling.com\/hu\/kozosseg-es-kultura\/az-elet-korforgasa-egy-no-utja-az-oromtol-a-gyaszig-es-az-ujrakezdesig\/#primaryimage"},"image":{"@id":"https:\/\/www.welovecycling.com\/hu\/kozosseg-es-kultura\/az-elet-korforgasa-egy-no-utja-az-oromtol-a-gyaszig-es-az-ujrakezdesig\/#primaryimage"},"thumbnailUrl":"https:\/\/d2p6e6u75xmxt8.cloudfront.net\/12\/2023\/09\/Laura-Krstovska-CVR.webp","datePublished":"2023-10-02T06:00:30+00:00","author":{"@id":"https:\/\/www.welovecycling.com\/hu\/#\/schema\/person\/414a2aebf1801691a5320edb6468e194"},"description":"Laura Krstovska \u00e9let\u00e9ben a kezdetekt\u0151l fogva fontos szerepet j\u00e1tszik a ker\u00e9kp\u00e1roz\u00e1s. Egy olyan csal\u00e1dban sz\u00fcletett, ahol nem csup\u00e1n hobbi; \u00e9letforma volt a teker\u00e9s. Laura sz\u00e1m\u00e1r mindig is \u00e1lland\u00f3 t\u00e1rs \u00e9s t\u00e1masz volt a biciklije - egy olyan kapcsolatot jelentett, amely v\u00e9g\u00fcl seg\u00edtett neki megbirk\u00f3zni egy elk\u00e9pzelhetetlen vesztes\u00e9ggel. Megosztotta vel\u00fcnk a t\u00f6rt\u00e9net\u00e9t arr\u00f3l, hogyan v\u00e1lt a ker\u00e9kp\u00e1roz\u00e1s \u00f6r\u00f6mforr\u00e1ss\u00e1, mened\u00e9kk\u00e9 \u00e9s tutajj\u00e1 a gy\u00e1sz ismeretlen vizein.","breadcrumb":{"@id":"https:\/\/www.welovecycling.com\/hu\/kozosseg-es-kultura\/az-elet-korforgasa-egy-no-utja-az-oromtol-a-gyaszig-es-az-ujrakezdesig\/#breadcrumb"},"inLanguage":"hu","potentialAction":[{"@type":"ReadAction","target":["https:\/\/www.welovecycling.com\/hu\/kozosseg-es-kultura\/az-elet-korforgasa-egy-no-utja-az-oromtol-a-gyaszig-es-az-ujrakezdesig\/"]}]},{"@type":"ImageObject","inLanguage":"hu","@id":"https:\/\/www.welovecycling.com\/hu\/kozosseg-es-kultura\/az-elet-korforgasa-egy-no-utja-az-oromtol-a-gyaszig-es-az-ujrakezdesig\/#primaryimage","url":"https:\/\/d2p6e6u75xmxt8.cloudfront.net\/12\/2023\/09\/Laura-Krstovska-CVR.webp","contentUrl":"https:\/\/d2p6e6u75xmxt8.cloudfront.net\/12\/2023\/09\/Laura-Krstovska-CVR.webp","width":990,"height":660,"caption":"Laura Krstovska"},{"@type":"BreadcrumbList","@id":"https:\/\/www.welovecycling.com\/hu\/kozosseg-es-kultura\/az-elet-korforgasa-egy-no-utja-az-oromtol-a-gyaszig-es-az-ujrakezdesig\/#breadcrumb","itemListElement":[{"@type":"ListItem","position":1,"name":"Home","item":"https:\/\/www.welovecycling.com\/hu\/"},{"@type":"ListItem","position":2,"name":"Az \u00e9let k\u00f6rforg\u00e1sa: Egy n\u0151 \u00fatja az \u00f6r\u00f6mt\u0151l a gy\u00e1szig, \u00e9s az \u00fajrakezd\u00e9sig"}]},{"@type":"WebSite","@id":"https:\/\/www.welovecycling.com\/hu\/#website","url":"https:\/\/www.welovecycling.com\/hu\/","name":"\u0160koda We Love Cycling - Magyarorsz\u00e1g","description":"\u0160koda WeLoveCycling","potentialAction":[{"@type":"SearchAction","target":{"@type":"EntryPoint","urlTemplate":"https:\/\/www.welovecycling.com\/hu\/?s={search_term_string}"},"query-input":{"@type":"PropertyValueSpecification","valueRequired":true,"valueName":"search_term_string"}}],"inLanguage":"hu"},{"@type":"Person","@id":"https:\/\/www.welovecycling.com\/hu\/#\/schema\/person\/414a2aebf1801691a5320edb6468e194","name":"hegyizs","image":{"@type":"ImageObject","inLanguage":"hu","@id":"https:\/\/www.welovecycling.com\/hu\/#\/schema\/person\/image\/","url":"https:\/\/secure.gravatar.com\/avatar\/02cf8a7906b8cf90cecb4679defac7cfd33a1c2e3b88e4903d947f3bb58eedd3?s=96&d=mm&r=g","contentUrl":"https:\/\/secure.gravatar.com\/avatar\/02cf8a7906b8cf90cecb4679defac7cfd33a1c2e3b88e4903d947f3bb58eedd3?s=96&d=mm&r=g","caption":"hegyizs"},"url":"https:\/\/www.welovecycling.com\/hu\/author\/hegyizs\/"}]}},"_links":{"self":[{"href":"https:\/\/www.welovecycling.com\/hu\/wp-json\/wp\/v2\/posts\/17948","targetHints":{"allow":["GET"]}}],"collection":[{"href":"https:\/\/www.welovecycling.com\/hu\/wp-json\/wp\/v2\/posts"}],"about":[{"href":"https:\/\/www.welovecycling.com\/hu\/wp-json\/wp\/v2\/types\/post"}],"author":[{"embeddable":true,"href":"https:\/\/www.welovecycling.com\/hu\/wp-json\/wp\/v2\/users\/71"}],"replies":[{"embeddable":true,"href":"https:\/\/www.welovecycling.com\/hu\/wp-json\/wp\/v2\/comments?post=17948"}],"version-history":[{"count":2,"href":"https:\/\/www.welovecycling.com\/hu\/wp-json\/wp\/v2\/posts\/17948\/revisions"}],"predecessor-version":[{"id":17952,"href":"https:\/\/www.welovecycling.com\/hu\/wp-json\/wp\/v2\/posts\/17948\/revisions\/17952"}],"wp:featuredmedia":[{"embeddable":true,"href":"https:\/\/www.welovecycling.com\/hu\/wp-json\/wp\/v2\/media\/17951"}],"wp:attachment":[{"href":"https:\/\/www.welovecycling.com\/hu\/wp-json\/wp\/v2\/media?parent=17948"}],"wp:term":[{"taxonomy":"category","embeddable":true,"href":"https:\/\/www.welovecycling.com\/hu\/wp-json\/wp\/v2\/categories?post=17948"},{"taxonomy":"post_tag","embeddable":true,"href":"https:\/\/www.welovecycling.com\/hu\/wp-json\/wp\/v2\/tags?post=17948"},{"taxonomy":"global-categories","embeddable":true,"href":"https:\/\/www.welovecycling.com\/hu\/wp-json\/wp\/v2\/global-categories?post=17948"}],"curies":[{"name":"wp","href":"https:\/\/api.w.org\/{rel}","templated":true}]}}