{"id":17938,"date":"2023-10-01T08:00:13","date_gmt":"2023-10-01T06:00:13","guid":{"rendered":"https:\/\/www.welovecycling.com\/hu\/?p=17938"},"modified":"2023-09-29T16:06:23","modified_gmt":"2023-09-29T14:06:23","slug":"valter-attila-vegleg-megerkezett-a-szuk-vilagelitbe-fetter-erik-az-eb-utan-horvatorszagban-vitezkedik","status":"publish","type":"post","link":"https:\/\/www.welovecycling.com\/hu\/orszaguti-kerekpar\/valter-attila-vegleg-megerkezett-a-szuk-vilagelitbe-fetter-erik-az-eb-utan-horvatorszagban-vitezkedik\/","title":{"rendered":"Valter Attila v\u00e9gleg meg\u00e9rkezett a sz\u0171k vil\u00e1gelitbe, Fetter Erik az Eb ut\u00e1n Horv\u00e1torsz\u00e1gban vit\u00e9zkedik"},"content":{"rendered":"<p><strong>Ismeretlen\u00fcl j\u00f3 \u00e9rz\u00e9s v\u00e9gre val\u00f3ban b\u00fcszke magyar ker\u00e9kp\u00e1rszurkol\u00f3nak lenni, \u00e9s ez\u00e9rt \u00f3ri\u00e1si h\u00e1la illeti a \u201ecs\u00f6m\u00f6ri havasok\u201d h\u0151s\u00e9t: hihetetlen\u00fcl j\u00f3 kimondani, hogy v\u00e9gre nek\u00fcnk is van egy szt\u00e1rversenyz\u0151nk!<\/strong><!--more--><\/p>\n<p>Tulajdonk\u00e9ppen Valter Attila m\u00e1r azzal megcselekedte a c\u00edmbeli \u00e1ll\u00edt\u00e1st, hogy tavaly a vil\u00e1g jelenleg vit\u00e1n fel\u00fcl leger\u0151sebb csapata, a Jumbo-Visma szerz\u0151dtette, \u00e1m k\u00f6z\u00f6ns\u00e9gkedvenc bring\u00e1sunk az idei \u00e9v\u00e9vel nagyon mark\u00e1nsan bizony\u00edtotta, hogy r\u00e1szolg\u00e1lt a bizalomra, \u00e9s nem v\u00e9letlen\u00fcl v\u00e1lasztotta \u0151t ki a kiz\u00e1r\u00f3lag a legkiv\u00e1l\u00f3bb elitversenyz\u0151kkel dolgoz\u00f3 holland szt\u00e1rist\u00e1ll\u00f3. Eleve m\u00e1r az felfoghatatlanul nagy sz\u00f3, hogy a 4-5 \u00e9ve m\u00e9g a Pannon Cycling Team kontinent\u00e1lis sor\u00e1ban teker\u0151 versenyz\u0151nk honnan hova jutott el ilyen r\u00f6vid id\u0151 alatt \u2013 a \u201ecs\u00f6m\u00f6ri havasokb\u00f3l\u201d kettes\u00e9vel-h\u00e1rmas\u00e1val szedve a l\u00e9pcs\u0151fokokat, az \u0151 szavaj\u00e1r\u00e1s\u00e1val \u00e9lve \u2013, de ez a verseny\u00e9ve m\u00e1r t\u00e9nyleg arr\u00f3l sz\u00f3lt, hogy a magyar orsz\u00e1g\u00fati ker\u00e9kp\u00e1rszurkol\u00f3k v\u00e9gig olyasmit \u00e9rezhettek, amit eddig m\u00e9g soha, vagy csak nagyon-nagyon ritk\u00e1n: hogy v\u00e9gre nek\u00fcnk is van egy klasszisunk, aki\u00e9rt h\u00e9tr\u0151l h\u00e9tre re\u00e1lisan szor\u00edthatunk a legnagyobb versenyek \u00e9lmez\u0151ny\u00e9ben, r\u00e1ad\u00e1sul a magyar bajnoki trik\u00f3ban t\u00fcnd\u00f6k\u00f6lve.<\/p>\n<figure id=\"attachment_17939\" aria-describedby=\"caption-attachment-17939\" style=\"width: 768px\" class=\"wp-caption alignnone\"><img loading=\"lazy\" decoding=\"async\" class=\"size-full wp-image-17939\" src=\"https:\/\/d2p6e6u75xmxt8.cloudfront.net\/12\/2023\/09\/379332579_765240255611856_6788204448172877492_n.webp\" alt=\"\" width=\"768\" height=\"1024\" srcset=\"https:\/\/d2p6e6u75xmxt8.cloudfront.net\/12\/2023\/09\/379332579_765240255611856_6788204448172877492_n.webp 768w, https:\/\/d2p6e6u75xmxt8.cloudfront.net\/12\/2023\/09\/379332579_765240255611856_6788204448172877492_n-225x300.webp 225w, https:\/\/d2p6e6u75xmxt8.cloudfront.net\/12\/2023\/09\/379332579_765240255611856_6788204448172877492_n-300x400.webp 300w\" sizes=\"auto, (max-width: 768px) 100vw, 768px\" \/><figcaption id=\"caption-attachment-17939\" class=\"wp-caption-text\">Vannak k\u00e9pek, amelyek minden sz\u00f3n\u00e1l t\u00f6bbet mondanak (fot\u00f3k: Facebook\/Valter Attila)<\/figcaption><\/figure>\n<p>Top 30-as hely sorrendben a Gran Camin\u00f3n, a Baszk k\u00f6r\u00f6n, az Amstelen, a La Fleche Wallonne-on, a Liege\u2013Bastogne\u2013Liege-en, a Crit\u00e9rium du Dauphin\u00e9-n, a Burgosi k\u00f6r\u00f6n, 5. hely a Strade Bianch\u00e9n, \u00f6sszetett 4. hely a Norv\u00e9g k\u00f6rr\u0151l \u2013 \u00e9s akkor j\u00f6tt a szezon utols\u00f3 nagy h\u00e1romhetese, a Vuelta, hogy v\u00e9gk\u00e9pp felrakja a pontot az i-re. A Jumbo Vuelta-keret\u00e9be odaker\u00fclni \u00f6nmag\u00e1ban elismer\u00e9s \u00e9s brav\u00far, de az, hogy Ati v\u00e9g\u00fcl \u00fagy tudott hozz\u00e1j\u00e1rulni Sepp Kuss szenz\u00e1ci\u00f3sz\u00e1mba men\u0151 piros trik\u00f3j\u00e1hoz, csapata soha nem l\u00e1tott t\u00f6rt\u00e9nelmi tripl\u00e1j\u00e1hoz \u00e9s sz\u00edntiszta dobog\u00f3j\u00e1hoz, hogy egy\u00fattal a szt\u00e1rokkal telet\u0171zdelt brig\u00e1d egyik, ha nem a legfontosabb seg\u00edt\u0151je volt, mik\u00f6zben maga is az \u00f6sszetett 22. \u00e9s a fiatalok verseny\u00e9nek 8. hely\u00e9n v\u00e9gzett, t\u00e9nyleg minden jelz\u0151n\u00e9l besz\u00e9desebb.<\/p>\n<figure id=\"attachment_17941\" aria-describedby=\"caption-attachment-17941\" style=\"width: 1024px\" class=\"wp-caption alignnone\"><img loading=\"lazy\" decoding=\"async\" class=\"size-large wp-image-17941\" src=\"https:\/\/d2p6e6u75xmxt8.cloudfront.net\/12\/2023\/09\/380666596_766631912139357_4824749125202316633_n-1024x683.webp\" alt=\"\" width=\"1024\" height=\"683\" srcset=\"https:\/\/d2p6e6u75xmxt8.cloudfront.net\/12\/2023\/09\/380666596_766631912139357_4824749125202316633_n-1024x683.webp 1024w, https:\/\/d2p6e6u75xmxt8.cloudfront.net\/12\/2023\/09\/380666596_766631912139357_4824749125202316633_n-300x200.webp 300w, https:\/\/d2p6e6u75xmxt8.cloudfront.net\/12\/2023\/09\/380666596_766631912139357_4824749125202316633_n-768x512.webp 768w, https:\/\/d2p6e6u75xmxt8.cloudfront.net\/12\/2023\/09\/380666596_766631912139357_4824749125202316633_n-1536x1025.webp 1536w, https:\/\/d2p6e6u75xmxt8.cloudfront.net\/12\/2023\/09\/380666596_766631912139357_4824749125202316633_n-1920x1281.webp 1920w, https:\/\/d2p6e6u75xmxt8.cloudfront.net\/12\/2023\/09\/380666596_766631912139357_4824749125202316633_n-400x267.webp 400w, https:\/\/d2p6e6u75xmxt8.cloudfront.net\/12\/2023\/09\/380666596_766631912139357_4824749125202316633_n-272x182.webp 272w, https:\/\/d2p6e6u75xmxt8.cloudfront.net\/12\/2023\/09\/380666596_766631912139357_4824749125202316633_n.webp 2048w, https:\/\/d2p6e6u75xmxt8.cloudfront.net\/12\/2023\/09\/380666596_766631912139357_4824749125202316633_n-1920x1281.webp 1920w\" sizes=\"auto, (max-width: 1024px) 100vw, 1024px\" \/><figcaption id=\"caption-attachment-17941\" class=\"wp-caption-text\">A vil\u00e1g legjobb csapata \u2013 \u00e9s az ott k\u00f6z\u00e9pen bizony az egyik legfontosabb l\u00e1ncszeme, egy magyar sr\u00e1c, Valter Attila!<\/figcaption><\/figure>\n<p>\u0150 maga \u00edgy <a href=\"https:\/\/www.facebook.com\/permalink.php?story_fbid=pfbid0a7gs66gkHEacXXUVu82AqcwUxnf1ShrmDTcNEe9K3zzp6HJ74cKD13iDfX23cHBTl&amp;id=100063776644112\">fogalmazta<\/a> ezt meg a verseny ut\u00e1n: <em>\u201eT\u00f6rt\u00e9nelem. Nem sokszor \u00edrn\u00e1m le ezt a sz\u00f3t. Olyan fellengz\u0151s nekem, most m\u00e9gis illik ide. Tegnap egy h\u00f3nap, vagy ink\u00e1bb egy \u00e9let kem\u00e9ny munk\u00e1j\u00e1t fejezt\u00fck be. Egy \u00e9ven bel\u00fcl h\u00e1rom Grand Tourt nyert\u00fcnk a <\/em><a href=\"https:\/\/www.facebook.com\/JumboVismaRoad?__cft__%5b0%5d=AZXSkS3kZ7bfg3VvDI2tL1mjxFVyuxc8nvHEv80z5IkmGq8D4cv-ZeuyG0KELSlLdol7bbx7OzM8q2ro1S46Gpb26VIC97Ep_-lKFeO8Pb41eluAaER46JlYlRRpl-0VeoCu9Tys8SahSdxhcjBoWExNVHfe3pvP67Jj7QldtNqvkz5vXBIEFoSWPge1xpmP3Es&amp;__tn__=-%5dK-R\"><em>Team Jumbo-Visma Cycling<\/em><\/a><em> csapat\u00e1val \u00e9s ebb\u0151l \u00e9n is kivehettem a r\u00e9szem! Hihetetlen sz\u00e1momra, hogy mennyi minden t\u00f6rt\u00e9nt velem kevesebb mint egy \u00e9v alatt. Nem gondoltam, hogy ekkora hat\u00e1ssal lesz r\u00e1m ez az \u00e9lm\u00e9ny, de most olyan \u00f6nfeledt b\u00fcszkes\u00e9get \u00e9s boldogs\u00e1got \u00e9rzek, ami csak p\u00e1rszor adatik meg az \u00e9letben.\u201d<\/em> Attila ezt k\u00f6vet\u0151en itthon telt h\u00e1zas k\u00f6z\u00f6ns\u00e9gtal\u00e1lkoz\u00f3t tartott a K\u00f6zleked\u00e9si M\u00fazeumban, nem meglep\u0151 m\u00f3don hatalmas \u00e9rdekl\u0151d\u00e9s mellett, hogy egy kis pihen\u00e9s ut\u00e1n tov\u00e1bbinduljon a szezon utols\u00f3, olaszorsz\u00e1gi versenyeire, hogy rem\u00e9lhet\u0151leg m\u00e9g eml\u00e9kezetesebb\u00e9 tegye t\u00f6rt\u00e9nelmi \u00e9v\u00e9t!<\/p>\n<p><img loading=\"lazy\" decoding=\"async\" class=\"alignnone size-large wp-image-17943\" src=\"https:\/\/d2p6e6u75xmxt8.cloudfront.net\/12\/2023\/09\/380246590_770697991732749_216797122630054042_n-1024x684.webp\" alt=\"\" width=\"1024\" height=\"684\" srcset=\"https:\/\/d2p6e6u75xmxt8.cloudfront.net\/12\/2023\/09\/380246590_770697991732749_216797122630054042_n-1024x684.webp 1024w, https:\/\/d2p6e6u75xmxt8.cloudfront.net\/12\/2023\/09\/380246590_770697991732749_216797122630054042_n-300x200.webp 300w, https:\/\/d2p6e6u75xmxt8.cloudfront.net\/12\/2023\/09\/380246590_770697991732749_216797122630054042_n-768x513.webp 768w, https:\/\/d2p6e6u75xmxt8.cloudfront.net\/12\/2023\/09\/380246590_770697991732749_216797122630054042_n-1536x1025.webp 1536w, https:\/\/d2p6e6u75xmxt8.cloudfront.net\/12\/2023\/09\/380246590_770697991732749_216797122630054042_n-400x267.webp 400w, https:\/\/d2p6e6u75xmxt8.cloudfront.net\/12\/2023\/09\/380246590_770697991732749_216797122630054042_n-272x182.webp 272w, https:\/\/d2p6e6u75xmxt8.cloudfront.net\/12\/2023\/09\/380246590_770697991732749_216797122630054042_n.webp 1600w\" sizes=\"auto, (max-width: 1024px) 100vw, 1024px\" \/><\/p>\n<p>Ek\u00f6zben honfit\u00e1rsa, Fetter Erik sem lazs\u00e1l. Az EOLO-Kometa magyar versenyz\u0151je a h\u00e9tv\u00e9gi, hollandiai Eur\u00f3pa-bajnoks\u00e1g mez\u0151nyverseny\u00e9t a 43. helyen fejezte be, amit annak f\u00e9ny\u00e9ben kell \u00e9rt\u00e9kelni, hogy a 137 indul\u00f3 csaknem harmada be sem \u00e9rt a 200 kilom\u00e9teres, kem\u00e9ny terep\u0171, macskak\u00f6vekkel nehez\u00edtett \u00e9s buk\u00e1sokkal tark\u00edtott p\u00e1lya c\u00e9lj\u00e1ba. Fetter r\u00f6gt\u00f6n az Eb ut\u00e1n tov\u00e1bb is \u00e1llt, a 2.1-es Horv\u00e1t k\u00f6rversenyre, amelynek cs\u00fct\u00f6rt\u00f6ki, harmadik szakasz\u00e1n sikeresen sz\u00f6k\u00f6tt, \u00e9s v\u00e9g\u00fcl a nagyszer\u0171 hatodik helyen sz\u00e1guldott c\u00e9lba \u2013 mostan\u00e1ban t\u00e9nyleg j\u00f3 \u00e9rz\u00e9s teh\u00e1t magyar ker\u00e9kp\u00e1rszurkol\u00f3nak lenni.<\/p>\n<figure id=\"attachment_17942\" aria-describedby=\"caption-attachment-17942\" style=\"width: 1024px\" class=\"wp-caption alignnone\"><img loading=\"lazy\" decoding=\"async\" class=\"size-large wp-image-17942\" src=\"https:\/\/d2p6e6u75xmxt8.cloudfront.net\/12\/2023\/09\/381423330_645117817605624_2918435133738713241_n-1024x682.webp\" alt=\"\" width=\"1024\" height=\"682\" srcset=\"https:\/\/d2p6e6u75xmxt8.cloudfront.net\/12\/2023\/09\/381423330_645117817605624_2918435133738713241_n-1024x682.webp 1024w, https:\/\/d2p6e6u75xmxt8.cloudfront.net\/12\/2023\/09\/381423330_645117817605624_2918435133738713241_n-300x200.webp 300w, https:\/\/d2p6e6u75xmxt8.cloudfront.net\/12\/2023\/09\/381423330_645117817605624_2918435133738713241_n-768x512.webp 768w, https:\/\/d2p6e6u75xmxt8.cloudfront.net\/12\/2023\/09\/381423330_645117817605624_2918435133738713241_n-1536x1024.webp 1536w, https:\/\/d2p6e6u75xmxt8.cloudfront.net\/12\/2023\/09\/381423330_645117817605624_2918435133738713241_n-1920x1280.webp 1920w, https:\/\/d2p6e6u75xmxt8.cloudfront.net\/12\/2023\/09\/381423330_645117817605624_2918435133738713241_n-400x267.webp 400w, https:\/\/d2p6e6u75xmxt8.cloudfront.net\/12\/2023\/09\/381423330_645117817605624_2918435133738713241_n-272x182.webp 272w, https:\/\/d2p6e6u75xmxt8.cloudfront.net\/12\/2023\/09\/381423330_645117817605624_2918435133738713241_n.webp 2000w, https:\/\/d2p6e6u75xmxt8.cloudfront.net\/12\/2023\/09\/381423330_645117817605624_2918435133738713241_n-1920x1280.webp 1920w\" sizes=\"auto, (max-width: 1024px) 100vw, 1024px\" \/><figcaption id=\"caption-attachment-17942\" class=\"wp-caption-text\">\u00c9gsz\u00ednk\u00e9kben ott sz\u00e1guld Fetter Erik Horv\u00e1torsz\u00e1gban (forr\u00e1s: Facebook\/Fetter Erik)<\/figcaption><\/figure>\n","protected":false},"excerpt":{"rendered":"<p>Ismeretlen\u00fcl j\u00f3 \u00e9rz\u00e9s v\u00e9gre val\u00f3ban b\u00fcszke magyar ker\u00e9kp\u00e1rszurkol\u00f3nak lenni, \u00e9s ez\u00e9rt \u00f3ri\u00e1si h\u00e1la illeti a \u201ecs\u00f6m\u00f6ri havasok\u201d h\u0151s\u00e9t: hihetetlen\u00fcl j\u00f3 [&hellip;]<\/p>\n","protected":false},"author":71,"featured_media":17940,"comment_status":"open","ping_status":"open","sticky":false,"template":"","format":"standard","meta":{"footnotes":""},"categories":[8],"tags":[],"global-categories":[],"class_list":["post-17938","post","type-post","status-publish","format-standard","has-post-thumbnail","hentry","category-orszaguti-kerekpar"],"yoast_head":"<!-- This site is optimized with the Yoast SEO Premium plugin v25.3 (Yoast SEO v25.9) - https:\/\/yoast.com\/wordpress\/plugins\/seo\/ -->\n<title>Valter Attila v\u00e9gleg meg\u00e9rkezett a sz\u0171k vil\u00e1gelitbe, Fetter Erik az Eb ut\u00e1n Horv\u00e1torsz\u00e1gban vit\u00e9zkedik<\/title>\n<meta name=\"description\" content=\"Ismeretlen\u00fcl j\u00f3 \u00e9rz\u00e9s v\u00e9gre val\u00f3ban b\u00fcszke magyar ker\u00e9kp\u00e1rszurkol\u00f3nak lenni, \u00e9s ez\u00e9rt \u00f3ri\u00e1si h\u00e1la illeti a \u201ecs\u00f6m\u00f6ri havasok\u201d h\u0151s\u00e9t: hihetetlen\u00fcl j\u00f3 kimondani, hogy v\u00e9gre nek\u00fcnk is van egy szt\u00e1rversenyz\u0151nk!\" \/>\n<meta name=\"robots\" content=\"index, follow, max-snippet:-1, max-image-preview:large, max-video-preview:-1\" \/>\n<link rel=\"canonical\" href=\"https:\/\/www.welovecycling.com\/hu\/orszaguti-kerekpar\/valter-attila-vegleg-megerkezett-a-szuk-vilagelitbe-fetter-erik-az-eb-utan-horvatorszagban-vitezkedik\/\" \/>\n<meta property=\"og:locale\" content=\"hu_HU\" \/>\n<meta property=\"og:type\" content=\"article\" \/>\n<meta property=\"og:title\" content=\"Valter Attila v\u00e9gleg meg\u00e9rkezett a sz\u0171k vil\u00e1gelitbe, Fetter Erik az Eb ut\u00e1n Horv\u00e1torsz\u00e1gban vit\u00e9zkedik\" \/>\n<meta property=\"og:description\" content=\"Ismeretlen\u00fcl j\u00f3 \u00e9rz\u00e9s v\u00e9gre val\u00f3ban b\u00fcszke magyar ker\u00e9kp\u00e1rszurkol\u00f3nak lenni, \u00e9s ez\u00e9rt \u00f3ri\u00e1si h\u00e1la illeti a \u201ecs\u00f6m\u00f6ri havasok\u201d h\u0151s\u00e9t: hihetetlen\u00fcl j\u00f3 kimondani, hogy v\u00e9gre nek\u00fcnk is van egy szt\u00e1rversenyz\u0151nk!\" \/>\n<meta property=\"og:url\" content=\"https:\/\/www.welovecycling.com\/hu\/orszaguti-kerekpar\/valter-attila-vegleg-megerkezett-a-szuk-vilagelitbe-fetter-erik-az-eb-utan-horvatorszagban-vitezkedik\/\" \/>\n<meta property=\"og:site_name\" content=\"\u0160koda We Love Cycling - Magyarorsz\u00e1g\" \/>\n<meta property=\"article:publisher\" content=\"https:\/\/www.facebook.com\/WeLoveCyclingHungary\/\" \/>\n<meta property=\"article:published_time\" content=\"2023-10-01T06:00:13+00:00\" \/>\n<meta property=\"og:image\" content=\"https:\/\/d2p6e6u75xmxt8.cloudfront.net\/12\/2023\/09\/380219002_766600825475799_1671926842557865287_n.webp\" \/>\n\t<meta property=\"og:image:width\" content=\"2048\" \/>\n\t<meta property=\"og:image:height\" content=\"1492\" \/>\n\t<meta property=\"og:image:type\" content=\"image\/webp\" \/>\n<meta name=\"author\" content=\"hegyizs\" \/>\n<meta name=\"twitter:card\" content=\"summary_large_image\" \/>\n<meta name=\"twitter:label1\" content=\"Written by\" \/>\n\t<meta name=\"twitter:data1\" content=\"WLC\" \/>\n\t<meta name=\"twitter:label2\" content=\"Est. reading time\" \/>\n\t<meta name=\"twitter:data2\" content=\"4 minutes\" \/>\n<script type=\"application\/ld+json\" class=\"yoast-schema-graph\">{\"@context\":\"https:\/\/schema.org\",\"@graph\":[{\"@type\":\"WebPage\",\"@id\":\"https:\/\/www.welovecycling.com\/hu\/orszaguti-kerekpar\/valter-attila-vegleg-megerkezett-a-szuk-vilagelitbe-fetter-erik-az-eb-utan-horvatorszagban-vitezkedik\/\",\"url\":\"https:\/\/www.welovecycling.com\/hu\/orszaguti-kerekpar\/valter-attila-vegleg-megerkezett-a-szuk-vilagelitbe-fetter-erik-az-eb-utan-horvatorszagban-vitezkedik\/\",\"name\":\"Valter Attila v\u00e9gleg meg\u00e9rkezett a sz\u0171k vil\u00e1gelitbe, Fetter Erik az Eb ut\u00e1n Horv\u00e1torsz\u00e1gban vit\u00e9zkedik\",\"isPartOf\":{\"@id\":\"https:\/\/www.welovecycling.com\/hu\/#website\"},\"primaryImageOfPage\":{\"@id\":\"https:\/\/www.welovecycling.com\/hu\/orszaguti-kerekpar\/valter-attila-vegleg-megerkezett-a-szuk-vilagelitbe-fetter-erik-az-eb-utan-horvatorszagban-vitezkedik\/#primaryimage\"},\"image\":{\"@id\":\"https:\/\/www.welovecycling.com\/hu\/orszaguti-kerekpar\/valter-attila-vegleg-megerkezett-a-szuk-vilagelitbe-fetter-erik-az-eb-utan-horvatorszagban-vitezkedik\/#primaryimage\"},\"thumbnailUrl\":\"https:\/\/d2p6e6u75xmxt8.cloudfront.net\/12\/2023\/09\/380219002_766600825475799_1671926842557865287_n.webp\",\"datePublished\":\"2023-10-01T06:00:13+00:00\",\"author\":{\"@id\":\"https:\/\/www.welovecycling.com\/hu\/#\/schema\/person\/414a2aebf1801691a5320edb6468e194\"},\"description\":\"Ismeretlen\u00fcl j\u00f3 \u00e9rz\u00e9s v\u00e9gre val\u00f3ban b\u00fcszke magyar ker\u00e9kp\u00e1rszurkol\u00f3nak lenni, \u00e9s ez\u00e9rt \u00f3ri\u00e1si h\u00e1la illeti a \u201ecs\u00f6m\u00f6ri havasok\u201d h\u0151s\u00e9t: hihetetlen\u00fcl j\u00f3 kimondani, hogy v\u00e9gre nek\u00fcnk is van egy szt\u00e1rversenyz\u0151nk!\",\"breadcrumb\":{\"@id\":\"https:\/\/www.welovecycling.com\/hu\/orszaguti-kerekpar\/valter-attila-vegleg-megerkezett-a-szuk-vilagelitbe-fetter-erik-az-eb-utan-horvatorszagban-vitezkedik\/#breadcrumb\"},\"inLanguage\":\"hu\",\"potentialAction\":[{\"@type\":\"ReadAction\",\"target\":[\"https:\/\/www.welovecycling.com\/hu\/orszaguti-kerekpar\/valter-attila-vegleg-megerkezett-a-szuk-vilagelitbe-fetter-erik-az-eb-utan-horvatorszagban-vitezkedik\/\"]}]},{\"@type\":\"ImageObject\",\"inLanguage\":\"hu\",\"@id\":\"https:\/\/www.welovecycling.com\/hu\/orszaguti-kerekpar\/valter-attila-vegleg-megerkezett-a-szuk-vilagelitbe-fetter-erik-az-eb-utan-horvatorszagban-vitezkedik\/#primaryimage\",\"url\":\"https:\/\/d2p6e6u75xmxt8.cloudfront.net\/12\/2023\/09\/380219002_766600825475799_1671926842557865287_n.webp\",\"contentUrl\":\"https:\/\/d2p6e6u75xmxt8.cloudfront.net\/12\/2023\/09\/380219002_766600825475799_1671926842557865287_n.webp\",\"width\":2048,\"height\":1492},{\"@type\":\"BreadcrumbList\",\"@id\":\"https:\/\/www.welovecycling.com\/hu\/orszaguti-kerekpar\/valter-attila-vegleg-megerkezett-a-szuk-vilagelitbe-fetter-erik-az-eb-utan-horvatorszagban-vitezkedik\/#breadcrumb\",\"itemListElement\":[{\"@type\":\"ListItem\",\"position\":1,\"name\":\"Home\",\"item\":\"https:\/\/www.welovecycling.com\/hu\/\"},{\"@type\":\"ListItem\",\"position\":2,\"name\":\"Valter Attila v\u00e9gleg meg\u00e9rkezett a sz\u0171k vil\u00e1gelitbe, Fetter Erik az Eb ut\u00e1n Horv\u00e1torsz\u00e1gban vit\u00e9zkedik\"}]},{\"@type\":\"WebSite\",\"@id\":\"https:\/\/www.welovecycling.com\/hu\/#website\",\"url\":\"https:\/\/www.welovecycling.com\/hu\/\",\"name\":\"\u0160koda We Love Cycling - Magyarorsz\u00e1g\",\"description\":\"\u0160koda WeLoveCycling\",\"potentialAction\":[{\"@type\":\"SearchAction\",\"target\":{\"@type\":\"EntryPoint\",\"urlTemplate\":\"https:\/\/www.welovecycling.com\/hu\/?s={search_term_string}\"},\"query-input\":{\"@type\":\"PropertyValueSpecification\",\"valueRequired\":true,\"valueName\":\"search_term_string\"}}],\"inLanguage\":\"hu\"},{\"@type\":\"Person\",\"@id\":\"https:\/\/www.welovecycling.com\/hu\/#\/schema\/person\/414a2aebf1801691a5320edb6468e194\",\"name\":\"hegyizs\",\"image\":{\"@type\":\"ImageObject\",\"inLanguage\":\"hu\",\"@id\":\"https:\/\/www.welovecycling.com\/hu\/#\/schema\/person\/image\/\",\"url\":\"https:\/\/secure.gravatar.com\/avatar\/02cf8a7906b8cf90cecb4679defac7cfd33a1c2e3b88e4903d947f3bb58eedd3?s=96&d=mm&r=g\",\"contentUrl\":\"https:\/\/secure.gravatar.com\/avatar\/02cf8a7906b8cf90cecb4679defac7cfd33a1c2e3b88e4903d947f3bb58eedd3?s=96&d=mm&r=g\",\"caption\":\"hegyizs\"},\"url\":\"https:\/\/www.welovecycling.com\/hu\/author\/hegyizs\/\"}]}<\/script>\n<!-- \/ Yoast SEO Premium plugin. -->","yoast_head_json":{"title":"Valter Attila v\u00e9gleg meg\u00e9rkezett a sz\u0171k vil\u00e1gelitbe, Fetter Erik az Eb ut\u00e1n Horv\u00e1torsz\u00e1gban vit\u00e9zkedik","description":"Ismeretlen\u00fcl j\u00f3 \u00e9rz\u00e9s v\u00e9gre val\u00f3ban b\u00fcszke magyar ker\u00e9kp\u00e1rszurkol\u00f3nak lenni, \u00e9s ez\u00e9rt \u00f3ri\u00e1si h\u00e1la illeti a \u201ecs\u00f6m\u00f6ri havasok\u201d h\u0151s\u00e9t: hihetetlen\u00fcl j\u00f3 kimondani, hogy v\u00e9gre nek\u00fcnk is van egy szt\u00e1rversenyz\u0151nk!","robots":{"index":"index","follow":"follow","max-snippet":"max-snippet:-1","max-image-preview":"max-image-preview:large","max-video-preview":"max-video-preview:-1"},"canonical":"https:\/\/www.welovecycling.com\/hu\/orszaguti-kerekpar\/valter-attila-vegleg-megerkezett-a-szuk-vilagelitbe-fetter-erik-az-eb-utan-horvatorszagban-vitezkedik\/","og_locale":"hu_HU","og_type":"article","og_title":"Valter Attila v\u00e9gleg meg\u00e9rkezett a sz\u0171k vil\u00e1gelitbe, Fetter Erik az Eb ut\u00e1n Horv\u00e1torsz\u00e1gban vit\u00e9zkedik","og_description":"Ismeretlen\u00fcl j\u00f3 \u00e9rz\u00e9s v\u00e9gre val\u00f3ban b\u00fcszke magyar ker\u00e9kp\u00e1rszurkol\u00f3nak lenni, \u00e9s ez\u00e9rt \u00f3ri\u00e1si h\u00e1la illeti a \u201ecs\u00f6m\u00f6ri havasok\u201d h\u0151s\u00e9t: hihetetlen\u00fcl j\u00f3 kimondani, hogy v\u00e9gre nek\u00fcnk is van egy szt\u00e1rversenyz\u0151nk!","og_url":"https:\/\/www.welovecycling.com\/hu\/orszaguti-kerekpar\/valter-attila-vegleg-megerkezett-a-szuk-vilagelitbe-fetter-erik-az-eb-utan-horvatorszagban-vitezkedik\/","og_site_name":"\u0160koda We Love Cycling - Magyarorsz\u00e1g","article_publisher":"https:\/\/www.facebook.com\/WeLoveCyclingHungary\/","article_published_time":"2023-10-01T06:00:13+00:00","og_image":[{"width":2048,"height":1492,"url":"https:\/\/d2p6e6u75xmxt8.cloudfront.net\/12\/2023\/09\/380219002_766600825475799_1671926842557865287_n.webp","type":"image\/webp"}],"author":"hegyizs","twitter_card":"summary_large_image","twitter_misc":{"Written by":"WLC","Est. reading time":"4 minutes"},"schema":{"@context":"https:\/\/schema.org","@graph":[{"@type":"WebPage","@id":"https:\/\/www.welovecycling.com\/hu\/orszaguti-kerekpar\/valter-attila-vegleg-megerkezett-a-szuk-vilagelitbe-fetter-erik-az-eb-utan-horvatorszagban-vitezkedik\/","url":"https:\/\/www.welovecycling.com\/hu\/orszaguti-kerekpar\/valter-attila-vegleg-megerkezett-a-szuk-vilagelitbe-fetter-erik-az-eb-utan-horvatorszagban-vitezkedik\/","name":"Valter Attila v\u00e9gleg meg\u00e9rkezett a sz\u0171k vil\u00e1gelitbe, Fetter Erik az Eb ut\u00e1n Horv\u00e1torsz\u00e1gban vit\u00e9zkedik","isPartOf":{"@id":"https:\/\/www.welovecycling.com\/hu\/#website"},"primaryImageOfPage":{"@id":"https:\/\/www.welovecycling.com\/hu\/orszaguti-kerekpar\/valter-attila-vegleg-megerkezett-a-szuk-vilagelitbe-fetter-erik-az-eb-utan-horvatorszagban-vitezkedik\/#primaryimage"},"image":{"@id":"https:\/\/www.welovecycling.com\/hu\/orszaguti-kerekpar\/valter-attila-vegleg-megerkezett-a-szuk-vilagelitbe-fetter-erik-az-eb-utan-horvatorszagban-vitezkedik\/#primaryimage"},"thumbnailUrl":"https:\/\/d2p6e6u75xmxt8.cloudfront.net\/12\/2023\/09\/380219002_766600825475799_1671926842557865287_n.webp","datePublished":"2023-10-01T06:00:13+00:00","author":{"@id":"https:\/\/www.welovecycling.com\/hu\/#\/schema\/person\/414a2aebf1801691a5320edb6468e194"},"description":"Ismeretlen\u00fcl j\u00f3 \u00e9rz\u00e9s v\u00e9gre val\u00f3ban b\u00fcszke magyar ker\u00e9kp\u00e1rszurkol\u00f3nak lenni, \u00e9s ez\u00e9rt \u00f3ri\u00e1si h\u00e1la illeti a \u201ecs\u00f6m\u00f6ri havasok\u201d h\u0151s\u00e9t: hihetetlen\u00fcl j\u00f3 kimondani, hogy v\u00e9gre nek\u00fcnk is van egy szt\u00e1rversenyz\u0151nk!","breadcrumb":{"@id":"https:\/\/www.welovecycling.com\/hu\/orszaguti-kerekpar\/valter-attila-vegleg-megerkezett-a-szuk-vilagelitbe-fetter-erik-az-eb-utan-horvatorszagban-vitezkedik\/#breadcrumb"},"inLanguage":"hu","potentialAction":[{"@type":"ReadAction","target":["https:\/\/www.welovecycling.com\/hu\/orszaguti-kerekpar\/valter-attila-vegleg-megerkezett-a-szuk-vilagelitbe-fetter-erik-az-eb-utan-horvatorszagban-vitezkedik\/"]}]},{"@type":"ImageObject","inLanguage":"hu","@id":"https:\/\/www.welovecycling.com\/hu\/orszaguti-kerekpar\/valter-attila-vegleg-megerkezett-a-szuk-vilagelitbe-fetter-erik-az-eb-utan-horvatorszagban-vitezkedik\/#primaryimage","url":"https:\/\/d2p6e6u75xmxt8.cloudfront.net\/12\/2023\/09\/380219002_766600825475799_1671926842557865287_n.webp","contentUrl":"https:\/\/d2p6e6u75xmxt8.cloudfront.net\/12\/2023\/09\/380219002_766600825475799_1671926842557865287_n.webp","width":2048,"height":1492},{"@type":"BreadcrumbList","@id":"https:\/\/www.welovecycling.com\/hu\/orszaguti-kerekpar\/valter-attila-vegleg-megerkezett-a-szuk-vilagelitbe-fetter-erik-az-eb-utan-horvatorszagban-vitezkedik\/#breadcrumb","itemListElement":[{"@type":"ListItem","position":1,"name":"Home","item":"https:\/\/www.welovecycling.com\/hu\/"},{"@type":"ListItem","position":2,"name":"Valter Attila v\u00e9gleg meg\u00e9rkezett a sz\u0171k vil\u00e1gelitbe, Fetter Erik az Eb ut\u00e1n Horv\u00e1torsz\u00e1gban vit\u00e9zkedik"}]},{"@type":"WebSite","@id":"https:\/\/www.welovecycling.com\/hu\/#website","url":"https:\/\/www.welovecycling.com\/hu\/","name":"\u0160koda We Love Cycling - Magyarorsz\u00e1g","description":"\u0160koda WeLoveCycling","potentialAction":[{"@type":"SearchAction","target":{"@type":"EntryPoint","urlTemplate":"https:\/\/www.welovecycling.com\/hu\/?s={search_term_string}"},"query-input":{"@type":"PropertyValueSpecification","valueRequired":true,"valueName":"search_term_string"}}],"inLanguage":"hu"},{"@type":"Person","@id":"https:\/\/www.welovecycling.com\/hu\/#\/schema\/person\/414a2aebf1801691a5320edb6468e194","name":"hegyizs","image":{"@type":"ImageObject","inLanguage":"hu","@id":"https:\/\/www.welovecycling.com\/hu\/#\/schema\/person\/image\/","url":"https:\/\/secure.gravatar.com\/avatar\/02cf8a7906b8cf90cecb4679defac7cfd33a1c2e3b88e4903d947f3bb58eedd3?s=96&d=mm&r=g","contentUrl":"https:\/\/secure.gravatar.com\/avatar\/02cf8a7906b8cf90cecb4679defac7cfd33a1c2e3b88e4903d947f3bb58eedd3?s=96&d=mm&r=g","caption":"hegyizs"},"url":"https:\/\/www.welovecycling.com\/hu\/author\/hegyizs\/"}]}},"_links":{"self":[{"href":"https:\/\/www.welovecycling.com\/hu\/wp-json\/wp\/v2\/posts\/17938","targetHints":{"allow":["GET"]}}],"collection":[{"href":"https:\/\/www.welovecycling.com\/hu\/wp-json\/wp\/v2\/posts"}],"about":[{"href":"https:\/\/www.welovecycling.com\/hu\/wp-json\/wp\/v2\/types\/post"}],"author":[{"embeddable":true,"href":"https:\/\/www.welovecycling.com\/hu\/wp-json\/wp\/v2\/users\/71"}],"replies":[{"embeddable":true,"href":"https:\/\/www.welovecycling.com\/hu\/wp-json\/wp\/v2\/comments?post=17938"}],"version-history":[{"count":1,"href":"https:\/\/www.welovecycling.com\/hu\/wp-json\/wp\/v2\/posts\/17938\/revisions"}],"predecessor-version":[{"id":17944,"href":"https:\/\/www.welovecycling.com\/hu\/wp-json\/wp\/v2\/posts\/17938\/revisions\/17944"}],"wp:featuredmedia":[{"embeddable":true,"href":"https:\/\/www.welovecycling.com\/hu\/wp-json\/wp\/v2\/media\/17940"}],"wp:attachment":[{"href":"https:\/\/www.welovecycling.com\/hu\/wp-json\/wp\/v2\/media?parent=17938"}],"wp:term":[{"taxonomy":"category","embeddable":true,"href":"https:\/\/www.welovecycling.com\/hu\/wp-json\/wp\/v2\/categories?post=17938"},{"taxonomy":"post_tag","embeddable":true,"href":"https:\/\/www.welovecycling.com\/hu\/wp-json\/wp\/v2\/tags?post=17938"},{"taxonomy":"global-categories","embeddable":true,"href":"https:\/\/www.welovecycling.com\/hu\/wp-json\/wp\/v2\/global-categories?post=17938"}],"curies":[{"name":"wp","href":"https:\/\/api.w.org\/{rel}","templated":true}]}}