{"id":17929,"date":"2023-09-22T15:39:05","date_gmt":"2023-09-22T13:39:05","guid":{"rendered":"https:\/\/www.welovecycling.com\/hu\/?p=17929"},"modified":"2023-09-22T15:39:05","modified_gmt":"2023-09-22T13:39:05","slug":"a-coloradoi-kolyok-aki-a-vilag-egyik-legjobb-segitojebol-lett-tortenelmi-gyoztes","status":"publish","type":"post","link":"https:\/\/www.welovecycling.com\/hu\/orszaguti-kerekpar\/a-coloradoi-kolyok-aki-a-vilag-egyik-legjobb-segitojebol-lett-tortenelmi-gyoztes\/","title":{"rendered":"A Colorad\u00f3i K\u00f6ly\u00f6k, aki a vil\u00e1g egyik legjobb seg\u00edt\u0151j\u00e9b\u0151l lett t\u00f6rt\u00e9nelmi gy\u0151ztes"},"content":{"rendered":"<p><strong>Sepp Kuss az idei Vuelt\u00e1n meg\u00edrta az igazi amerikai sikersztorit: az egyszer\u0171 hegyi sr\u00e1c a s\u00edp\u00e1ly\u00e1k \u00e9s a mountain bike-versenyek ut\u00e1n el\u0151bb a ker\u00e9kp\u00e1rvil\u00e1g uralkod\u00f3 nagycsapat\u00e1nak egyik legfontosabb csendes l\u00e1ncszem\u00e9v\u00e9 n\u0151tte ki mag\u00e1t, hogy azt\u00e1n h\u00e9tm\u00e9rf\u00f6ldes meglepet\u00e9sre \u0151 tegye fel a koron\u00e1t a Jumbo t\u00f6rt\u00e9nelmi szezonj\u00e1ra. A lehet\u0151 legmeg\u00e9rdemeltebben: n\u00e1la keveseknek j\u00e1rt volna ki jobban a szenz\u00e1ci\u00f3s diadal.<\/strong><\/p>\n<p><!--more--><\/p>\n<p>A h\u00e9tv\u00e9g\u00e9n z\u00e1rult Vuelta a Espan\u00e1n megt\u00f6rt\u00e9nt az, amire el\u0151zetesen a legvadabb \u00e1lm\u00e1ban sem gondolt volna senki: a Jumbo v\u00e9g\u00fcl nemcsak, hogy beteljes\u00edtette nagy mesterterv\u00e9t, a t\u00f6rt\u00e9nelmi Grand Tour-tripl\u00e1z\u00e1st, de ezt m\u00e9g pluszban siker\u00fclt megfejelni azzal, hogy ezt r\u00e1ad\u00e1sul h\u00e1rom k\u00fcl\u00f6nb\u00f6z\u0151 versenyz\u0151j\u00fckkel tudt\u00e1k el\u00e9rni, \u00fagy, hogy a spanyol k\u00f6r\u00f6n a dobog\u00f3t is teljesen kisaj\u00e1t\u00edtott\u00e1k maguknak. \u00c9s b\u00e1r az ember egyik \u00e1mulat\u00e1b\u00f3l a m\u00e1sikba esve is igyekszik nem t\u00falz\u00e1sokba esni, azt az\u00e9rt nagyon neh\u00e9z elk\u00e9pzelni, hogy ezt az emberfeletti teljes\u00edtm\u00e9nyt egyhamar (valaha?) b\u00e1rki le tudja kop\u00edrozni.<\/p>\n<figure id=\"attachment_17934\" aria-describedby=\"caption-attachment-17934\" style=\"width: 960px\" class=\"wp-caption alignnone\"><a href=\"https:\/\/d2p6e6u75xmxt8.cloudfront.net\/12\/2023\/09\/WT36NW37QTPGLTX3A5WTZ4IJM4.webp\"><img loading=\"lazy\" decoding=\"async\" class=\"size-full wp-image-17934\" src=\"https:\/\/d2p6e6u75xmxt8.cloudfront.net\/12\/2023\/09\/WT36NW37QTPGLTX3A5WTZ4IJM4.webp\" alt=\"\" width=\"960\" height=\"640\" srcset=\"https:\/\/d2p6e6u75xmxt8.cloudfront.net\/12\/2023\/09\/WT36NW37QTPGLTX3A5WTZ4IJM4.webp 960w, https:\/\/d2p6e6u75xmxt8.cloudfront.net\/12\/2023\/09\/WT36NW37QTPGLTX3A5WTZ4IJM4-300x200.webp 300w, https:\/\/d2p6e6u75xmxt8.cloudfront.net\/12\/2023\/09\/WT36NW37QTPGLTX3A5WTZ4IJM4-768x512.webp 768w, https:\/\/d2p6e6u75xmxt8.cloudfront.net\/12\/2023\/09\/WT36NW37QTPGLTX3A5WTZ4IJM4-400x267.webp 400w, https:\/\/d2p6e6u75xmxt8.cloudfront.net\/12\/2023\/09\/WT36NW37QTPGLTX3A5WTZ4IJM4-272x182.webp 272w\" sizes=\"auto, (max-width: 960px) 100vw, 960px\" \/><\/a><figcaption id=\"caption-attachment-17934\" class=\"wp-caption-text\">A Szupercsapat \u2013 a gy\u0151ztes Sepp Kuss a t\u00e1rsakkal, rendez\u0151i balj\u00e1n Valter Attil\u00e1val (fot\u00f3: Manu Fernandez\/AP)<\/figcaption><\/figure>\n<p>Az \u00e1ltal\u00e1nos elk\u00e9ped\u00e9s t\u00e1rgya ezzel egy\u00fctt v\u00e1ltozatlanul Sepp Kuss, aki jelenleg m\u00e9g a Valter Attil\u00e1val egy\u00fctt sport\u00e1gt\u00f6rt\u00e9nelmet \u00edr\u00f3 szenz\u00e1ci\u00f3s csapat\u00e1t is elhom\u00e1lyos\u00edtja n\u00e9mileg. Sokan ugyanis m\u00e9g a verseny v\u00e9ge fel\u00e9 k\u00f6zeledve is k\u00e9telkedtek abban, hogy a viadalt eg\u00e9szen a 8. szakasz v\u00e9g\u00e9t\u0151l vezet\u0151 amerikai seg\u00edt\u0151 t\u00e9nyleg megcsin\u00e1lhatja a sok\u00e1ig lehetetlennek gondolt k\u00fcldet\u00e9st, jeles\u00fcl, hogy az idei Giro-, illetve Tour-gy\u0151ztes Primoz Roglic \u00e9s Jonas Vingegaard el\u0151tt maradjon. Ma m\u00e1r tudjuk, a fantasztikus hegyi men\u0151 Kuss v\u00e9g\u00fcl kitartott, \u00e9s (szerencs\u00e9re) a csapat sem ny\u00falt bele a versenybe, \u00edgy az egyik legal\u00e1zatosabb seg\u00edt\u0151 elnyerte nagyszer\u0171 jutalm\u00e1t, s egy elk\u00e9peszt\u0151 \u00e9v v\u00e9g\u00e9n, a Giro \u00e9s a Tour sikeres leteker\u00e9se ut\u00e1n v\u00e1ratlanul, de a lehet\u0151 legmeg\u00e9rdemeltebben imm\u00e1r \u0151 is piros trik\u00f3snak \u00e9s Grand Tour-gy\u0151ztesnek mondhatja mag\u00e1t. <em>\u201eHihetetlen\u2026 Ezek ut\u00e1n sem leszek m\u00e1s ember, mint aki most vagyok, egy\u00e1ltal\u00e1n nem; maradok ugyanaz, aki eddig is voltam, de az biztos, hogy ez teljesen megv\u00e1ltoztatja az \u00e9letemet. M\u00e9g mindig csak em\u00e9sztgetem, szerintem kell egy kis id\u0151, hogy teljesen felfogjam\u201d<\/em> \u2013 hitetlenkedett Kuss a 21. szakasz ut\u00e1n a maillot roj\u00f3ban t\u00fcnd\u00f6k\u00f6lve. Sikere m\u00e9g a sportnagyhatalom Egyes\u00fclt \u00c1llamokban is komoly m\u00e9diavisszhangot v\u00e1ltott ki, ami nem is csoda, hiszen legut\u00f3bb kerek egy \u00e9vtizede, 2013-ban tudott amerikai bring\u00e1s nagy k\u00f6rversenyt nyerni \u2013 akkor Chris Horner ugyancsak a Vuelt\u00e1n diadalmaskodott.<\/p>\n<figure id=\"attachment_17930\" aria-describedby=\"caption-attachment-17930\" style=\"width: 1240px\" class=\"wp-caption alignnone\"><a href=\"https:\/\/d2p6e6u75xmxt8.cloudfront.net\/12\/2023\/09\/230917-sepp-kuss-1-cc-0513p-a8df1d.webp\"><img loading=\"lazy\" decoding=\"async\" class=\"size-full wp-image-17930\" src=\"https:\/\/d2p6e6u75xmxt8.cloudfront.net\/12\/2023\/09\/230917-sepp-kuss-1-cc-0513p-a8df1d.webp\" alt=\"\" width=\"1240\" height=\"827\" srcset=\"https:\/\/d2p6e6u75xmxt8.cloudfront.net\/12\/2023\/09\/230917-sepp-kuss-1-cc-0513p-a8df1d.webp 1240w, https:\/\/d2p6e6u75xmxt8.cloudfront.net\/12\/2023\/09\/230917-sepp-kuss-1-cc-0513p-a8df1d-300x200.webp 300w, https:\/\/d2p6e6u75xmxt8.cloudfront.net\/12\/2023\/09\/230917-sepp-kuss-1-cc-0513p-a8df1d-1024x683.webp 1024w, https:\/\/d2p6e6u75xmxt8.cloudfront.net\/12\/2023\/09\/230917-sepp-kuss-1-cc-0513p-a8df1d-768x512.webp 768w, https:\/\/d2p6e6u75xmxt8.cloudfront.net\/12\/2023\/09\/230917-sepp-kuss-1-cc-0513p-a8df1d-400x267.webp 400w, https:\/\/d2p6e6u75xmxt8.cloudfront.net\/12\/2023\/09\/230917-sepp-kuss-1-cc-0513p-a8df1d-272x182.webp 272w\" sizes=\"auto, (max-width: 1240px) 100vw, 1240px\" \/><\/a><figcaption id=\"caption-attachment-17930\" class=\"wp-caption-text\">Klasszisok, klasszisok mindenhol \u2013 \u00edgy n\u00e9z ki egy sz\u00edntiszta Jumbo-dobog\u00f3 (fot\u00f3: Manu Fernandez\/AP)<\/figcaption><\/figure>\n<p>K\u00fcl\u00f6n\u00f6sen nagy a felhajt\u00e1s a Colorado \u00e1llambeli Durang\u00f3ban, Kuss sz\u00fcl\u0151v\u00e1ros\u00e1ban, ahol helyi h\u0151sk\u00e9nt \u00fcnneplik a 29 \u00e9ves ker\u00e9kp\u00e1rost. Itt, a Szikl\u00e1s-hegys\u00e9g l\u00e1b\u00e1n\u00e1l fekv\u0151 h\u00faszezres v\u00e1rosk\u00e1ban sz\u00fcletett \u00e9s n\u0151tt fel Sepp Kuss, aki sz\u00fcleinek h\u00e1la kiskor\u00e1t\u00f3l kezdve akt\u00edv, term\u00e9szetk\u00f6zeli sport\u00e9letet \u00e9lt rengeteg kir\u00e1ndul\u00e1ssal, bring\u00e1z\u00e1ssal, vadv\u00edzi evez\u00e9ssel \u00e9s s\u00edel\u00e9ssel. \u00c9desapja, Dolph az amerikai \u00e9szakis\u00ed-v\u00e1logatott edz\u0151je volt k\u00e9t olimpiai cikluson \u00e1t, Kuss eleinte sokkal nagyobb figyelmet is ford\u00edtott a s\u00edfut\u00e1sra, amellyel remek \u00e1ll\u00f3k\u00e9pess\u00e9gre tett szert \u2013 a Jumb\u00f3n\u00e1l teh\u00e1t nem Roglic az egyetlen, aki s\u00edtalpakkal a l\u00e1b\u00e1n kezdte sikeres sportp\u00e1lyafut\u00e1s\u00e1t, m\u00e9g ha eg\u00e9szen m\u00e1smilyenekkel is.<\/p>\n<figure id=\"attachment_17932\" aria-describedby=\"caption-attachment-17932\" style=\"width: 1080px\" class=\"wp-caption alignnone\"><a href=\"https:\/\/d2p6e6u75xmxt8.cloudfront.net\/12\/2023\/09\/kuss-si.webp\"><img loading=\"lazy\" decoding=\"async\" class=\"size-full wp-image-17932\" src=\"https:\/\/d2p6e6u75xmxt8.cloudfront.net\/12\/2023\/09\/kuss-si.webp\" alt=\"\" width=\"1080\" height=\"1277\" srcset=\"https:\/\/d2p6e6u75xmxt8.cloudfront.net\/12\/2023\/09\/kuss-si.webp 1080w, https:\/\/d2p6e6u75xmxt8.cloudfront.net\/12\/2023\/09\/kuss-si-254x300.webp 254w, https:\/\/d2p6e6u75xmxt8.cloudfront.net\/12\/2023\/09\/kuss-si-866x1024.webp 866w, https:\/\/d2p6e6u75xmxt8.cloudfront.net\/12\/2023\/09\/kuss-si-768x908.webp 768w, https:\/\/d2p6e6u75xmxt8.cloudfront.net\/12\/2023\/09\/kuss-si-338x400.webp 338w\" sizes=\"auto, (max-width: 1080px) 100vw, 1080px\" \/><\/a><figcaption id=\"caption-attachment-17932\" class=\"wp-caption-text\">Sepp Kuss a mai napig sz\u00edvesen h\u00f3dol a s\u00edfut\u00e1snak Durang\u00f3ban (fot\u00f3: Instagram\/seppkuss)<\/figcaption><\/figure>\n<p>Kuss k\u00e9s\u0151bb azt\u00e1n hegyiker\u00e9kp\u00e1roz\u00e1ssal ind\u00edtotta meg bring\u00e1s karrierj\u00e9t \u2013 itt meg Valter Attil\u00e1val \u00e9l a p\u00e1rhuzam! \u2013, el\u0151bb csak egyetemi szinten, v\u00e9g\u00fcl 2014-ben m\u00e1r vil\u00e1gbajnoks\u00e1gra is eljutott, miel\u0151tt m\u00e9g komolyabban kipr\u00f3b\u00e1lta volna mag\u00e1t az aszfalton is. V\u00e9g\u00fcl az egyetemen nyergelt \u00e1t az orsz\u00e1g\u00fatra, \u00e9s egyb\u0151l ott is ragadt, a t\u00f6bbi pedig m\u00e1r t\u00f6rt\u00e9nelem: a kezdetekt\u0151l a Jumbo versenyz\u0151jek\u00e9nt jutott egyre magasabbra \u00e9s fontosabb szerepekhez, most pedig v\u00e1ratlanul kapit\u00e1nny\u00e1 el\u0151l\u00e9pve feltette a koron\u00e1t meseszer\u0171 p\u00e1ly\u00e1j\u00e1ra. K\u00f6zben az\u00e9rt lediplom\u00e1zott rekl\u00e1mszakon, egy ideje pedig Andorr\u00e1ban \u00e9l a feles\u00e9g\u00e9vel, Noemivel, ak\u00e1rcsak a mi Valter Atink \u2013 \u0151szint\u00e9n b\u00edzunk benne, a p\u00e1rhuzamok itt nem fognak v\u00e9get \u00e9rni.<\/p>\n<figure id=\"attachment_17931\" aria-describedby=\"caption-attachment-17931\" style=\"width: 1080px\" class=\"wp-caption alignnone\"><a href=\"https:\/\/d2p6e6u75xmxt8.cloudfront.net\/12\/2023\/09\/kuss-kicsi.webp\"><img loading=\"lazy\" decoding=\"async\" class=\"size-full wp-image-17931\" src=\"https:\/\/d2p6e6u75xmxt8.cloudfront.net\/12\/2023\/09\/kuss-kicsi.webp\" alt=\"\" width=\"1080\" height=\"1080\" srcset=\"https:\/\/d2p6e6u75xmxt8.cloudfront.net\/12\/2023\/09\/kuss-kicsi.webp 1080w, https:\/\/d2p6e6u75xmxt8.cloudfront.net\/12\/2023\/09\/kuss-kicsi-300x300.webp 300w, https:\/\/d2p6e6u75xmxt8.cloudfront.net\/12\/2023\/09\/kuss-kicsi-1024x1024.webp 1024w, https:\/\/d2p6e6u75xmxt8.cloudfront.net\/12\/2023\/09\/kuss-kicsi-150x150.webp 150w, https:\/\/d2p6e6u75xmxt8.cloudfront.net\/12\/2023\/09\/kuss-kicsi-768x768.webp 768w, https:\/\/d2p6e6u75xmxt8.cloudfront.net\/12\/2023\/09\/kuss-kicsi-400x400.webp 400w\" sizes=\"auto, (max-width: 1080px) 100vw, 1080px\" \/><\/a><figcaption id=\"caption-attachment-17931\" class=\"wp-caption-text\">Korabeli eml\u00e9kk\u00e9pek, avagy a kis Kuss a nagy mountain bike-on (forr\u00e1s: Instagram\/Durango Devo)<\/figcaption><\/figure>\n<p>&nbsp;<\/p>\n","protected":false},"excerpt":{"rendered":"<p>Sepp Kuss az idei Vuelt\u00e1n meg\u00edrta az igazi amerikai sikersztorit: az egyszer\u0171 hegyi sr\u00e1c a s\u00edp\u00e1ly\u00e1k \u00e9s a mountain bike-versenyek [&hellip;]<\/p>\n","protected":false},"author":145,"featured_media":17933,"comment_status":"open","ping_status":"open","sticky":false,"template":"","format":"standard","meta":{"footnotes":""},"categories":[8],"tags":[],"global-categories":[419],"class_list":["post-17929","post","type-post","status-publish","format-standard","has-post-thumbnail","hentry","category-orszaguti-kerekpar","global-categories-cycling"],"yoast_head":"<!-- This site is optimized with the Yoast SEO Premium plugin v25.3 (Yoast SEO v25.9) - https:\/\/yoast.com\/wordpress\/plugins\/seo\/ -->\n<title>A Colorad\u00f3i K\u00f6ly\u00f6k, aki a vil\u00e1g egyik legjobb seg\u00edt\u0151j\u00e9b\u0151l lett t\u00f6rt\u00e9nelmi gy\u0151ztes - \u0160koda We Love Cycling - Magyarorsz\u00e1g<\/title>\n<meta name=\"robots\" content=\"index, follow, max-snippet:-1, max-image-preview:large, max-video-preview:-1\" \/>\n<link rel=\"canonical\" href=\"https:\/\/www.welovecycling.com\/hu\/orszaguti-kerekpar\/a-coloradoi-kolyok-aki-a-vilag-egyik-legjobb-segitojebol-lett-tortenelmi-gyoztes\/\" \/>\n<meta property=\"og:locale\" content=\"hu_HU\" \/>\n<meta property=\"og:type\" content=\"article\" \/>\n<meta property=\"og:title\" content=\"A Colorad\u00f3i K\u00f6ly\u00f6k, aki a vil\u00e1g egyik legjobb seg\u00edt\u0151j\u00e9b\u0151l lett t\u00f6rt\u00e9nelmi gy\u0151ztes\" \/>\n<meta property=\"og:description\" content=\"Sepp Kuss az idei Vuelt\u00e1n meg\u00edrta az igazi amerikai sikersztorit: az egyszer\u0171 hegyi sr\u00e1c a s\u00edp\u00e1ly\u00e1k \u00e9s a mountain bike-versenyek [&hellip;]\" \/>\n<meta property=\"og:url\" content=\"https:\/\/www.welovecycling.com\/hu\/orszaguti-kerekpar\/a-coloradoi-kolyok-aki-a-vilag-egyik-legjobb-segitojebol-lett-tortenelmi-gyoztes\/\" \/>\n<meta property=\"og:site_name\" content=\"\u0160koda We Love Cycling - Magyarorsz\u00e1g\" \/>\n<meta property=\"article:publisher\" content=\"https:\/\/www.facebook.com\/WeLoveCyclingHungary\/\" \/>\n<meta property=\"article:published_time\" content=\"2023-09-22T13:39:05+00:00\" \/>\n<meta property=\"og:image\" content=\"https:\/\/d2p6e6u75xmxt8.cloudfront.net\/12\/2023\/09\/Sepp-Kuss-The-Durango-Kid-1.webp\" \/>\n\t<meta property=\"og:image:width\" content=\"1600\" \/>\n\t<meta property=\"og:image:height\" content=\"900\" \/>\n\t<meta property=\"og:image:type\" content=\"image\/webp\" \/>\n<meta name=\"author\" content=\"kitti\" \/>\n<meta name=\"twitter:card\" content=\"summary_large_image\" \/>\n<meta name=\"twitter:label1\" content=\"Written by\" \/>\n\t<meta name=\"twitter:data1\" content=\"We Love Cycling\" \/>\n\t<meta name=\"twitter:label2\" content=\"Est. reading time\" \/>\n\t<meta name=\"twitter:data2\" content=\"5 minutes\" \/>\n<script type=\"application\/ld+json\" class=\"yoast-schema-graph\">{\"@context\":\"https:\/\/schema.org\",\"@graph\":[{\"@type\":\"WebPage\",\"@id\":\"https:\/\/www.welovecycling.com\/hu\/orszaguti-kerekpar\/a-coloradoi-kolyok-aki-a-vilag-egyik-legjobb-segitojebol-lett-tortenelmi-gyoztes\/\",\"url\":\"https:\/\/www.welovecycling.com\/hu\/orszaguti-kerekpar\/a-coloradoi-kolyok-aki-a-vilag-egyik-legjobb-segitojebol-lett-tortenelmi-gyoztes\/\",\"name\":\"A Colorad\u00f3i K\u00f6ly\u00f6k, aki a vil\u00e1g egyik legjobb seg\u00edt\u0151j\u00e9b\u0151l lett t\u00f6rt\u00e9nelmi gy\u0151ztes - \u0160koda We Love Cycling - Magyarorsz\u00e1g\",\"isPartOf\":{\"@id\":\"https:\/\/www.welovecycling.com\/hu\/#website\"},\"primaryImageOfPage\":{\"@id\":\"https:\/\/www.welovecycling.com\/hu\/orszaguti-kerekpar\/a-coloradoi-kolyok-aki-a-vilag-egyik-legjobb-segitojebol-lett-tortenelmi-gyoztes\/#primaryimage\"},\"image\":{\"@id\":\"https:\/\/www.welovecycling.com\/hu\/orszaguti-kerekpar\/a-coloradoi-kolyok-aki-a-vilag-egyik-legjobb-segitojebol-lett-tortenelmi-gyoztes\/#primaryimage\"},\"thumbnailUrl\":\"https:\/\/d2p6e6u75xmxt8.cloudfront.net\/12\/2023\/09\/Sepp-Kuss-The-Durango-Kid-1.webp\",\"datePublished\":\"2023-09-22T13:39:05+00:00\",\"author\":{\"@id\":\"https:\/\/www.welovecycling.com\/hu\/#\/schema\/person\/bec7dcdbcc59f58489cf603e4040ced1\"},\"breadcrumb\":{\"@id\":\"https:\/\/www.welovecycling.com\/hu\/orszaguti-kerekpar\/a-coloradoi-kolyok-aki-a-vilag-egyik-legjobb-segitojebol-lett-tortenelmi-gyoztes\/#breadcrumb\"},\"inLanguage\":\"hu\",\"potentialAction\":[{\"@type\":\"ReadAction\",\"target\":[\"https:\/\/www.welovecycling.com\/hu\/orszaguti-kerekpar\/a-coloradoi-kolyok-aki-a-vilag-egyik-legjobb-segitojebol-lett-tortenelmi-gyoztes\/\"]}]},{\"@type\":\"ImageObject\",\"inLanguage\":\"hu\",\"@id\":\"https:\/\/www.welovecycling.com\/hu\/orszaguti-kerekpar\/a-coloradoi-kolyok-aki-a-vilag-egyik-legjobb-segitojebol-lett-tortenelmi-gyoztes\/#primaryimage\",\"url\":\"https:\/\/d2p6e6u75xmxt8.cloudfront.net\/12\/2023\/09\/Sepp-Kuss-The-Durango-Kid-1.webp\",\"contentUrl\":\"https:\/\/d2p6e6u75xmxt8.cloudfront.net\/12\/2023\/09\/Sepp-Kuss-The-Durango-Kid-1.webp\",\"width\":1600,\"height\":900},{\"@type\":\"BreadcrumbList\",\"@id\":\"https:\/\/www.welovecycling.com\/hu\/orszaguti-kerekpar\/a-coloradoi-kolyok-aki-a-vilag-egyik-legjobb-segitojebol-lett-tortenelmi-gyoztes\/#breadcrumb\",\"itemListElement\":[{\"@type\":\"ListItem\",\"position\":1,\"name\":\"Home\",\"item\":\"https:\/\/www.welovecycling.com\/hu\/\"},{\"@type\":\"ListItem\",\"position\":2,\"name\":\"A Colorad\u00f3i K\u00f6ly\u00f6k, aki a vil\u00e1g egyik legjobb seg\u00edt\u0151j\u00e9b\u0151l lett t\u00f6rt\u00e9nelmi gy\u0151ztes\"}]},{\"@type\":\"WebSite\",\"@id\":\"https:\/\/www.welovecycling.com\/hu\/#website\",\"url\":\"https:\/\/www.welovecycling.com\/hu\/\",\"name\":\"\u0160koda We Love Cycling - Magyarorsz\u00e1g\",\"description\":\"\u0160koda WeLoveCycling\",\"potentialAction\":[{\"@type\":\"SearchAction\",\"target\":{\"@type\":\"EntryPoint\",\"urlTemplate\":\"https:\/\/www.welovecycling.com\/hu\/?s={search_term_string}\"},\"query-input\":{\"@type\":\"PropertyValueSpecification\",\"valueRequired\":true,\"valueName\":\"search_term_string\"}}],\"inLanguage\":\"hu\"},{\"@type\":\"Person\",\"@id\":\"https:\/\/www.welovecycling.com\/hu\/#\/schema\/person\/bec7dcdbcc59f58489cf603e4040ced1\",\"name\":\"kitti\",\"image\":{\"@type\":\"ImageObject\",\"inLanguage\":\"hu\",\"@id\":\"https:\/\/www.welovecycling.com\/hu\/#\/schema\/person\/image\/\",\"url\":\"https:\/\/secure.gravatar.com\/avatar\/e3196a110e1b57b96f56d92d10ce9bb4e9d7210076832a16243337e949410b52?s=96&d=mm&r=g\",\"contentUrl\":\"https:\/\/secure.gravatar.com\/avatar\/e3196a110e1b57b96f56d92d10ce9bb4e9d7210076832a16243337e949410b52?s=96&d=mm&r=g\",\"caption\":\"kitti\"},\"url\":\"https:\/\/www.welovecycling.com\/hu\/author\/kitti\/\"}]}<\/script>\n<!-- \/ Yoast SEO Premium plugin. -->","yoast_head_json":{"title":"A Colorad\u00f3i K\u00f6ly\u00f6k, aki a vil\u00e1g egyik legjobb seg\u00edt\u0151j\u00e9b\u0151l lett t\u00f6rt\u00e9nelmi gy\u0151ztes - \u0160koda We Love Cycling - Magyarorsz\u00e1g","robots":{"index":"index","follow":"follow","max-snippet":"max-snippet:-1","max-image-preview":"max-image-preview:large","max-video-preview":"max-video-preview:-1"},"canonical":"https:\/\/www.welovecycling.com\/hu\/orszaguti-kerekpar\/a-coloradoi-kolyok-aki-a-vilag-egyik-legjobb-segitojebol-lett-tortenelmi-gyoztes\/","og_locale":"hu_HU","og_type":"article","og_title":"A Colorad\u00f3i K\u00f6ly\u00f6k, aki a vil\u00e1g egyik legjobb seg\u00edt\u0151j\u00e9b\u0151l lett t\u00f6rt\u00e9nelmi gy\u0151ztes","og_description":"Sepp Kuss az idei Vuelt\u00e1n meg\u00edrta az igazi amerikai sikersztorit: az egyszer\u0171 hegyi sr\u00e1c a s\u00edp\u00e1ly\u00e1k \u00e9s a mountain bike-versenyek [&hellip;]","og_url":"https:\/\/www.welovecycling.com\/hu\/orszaguti-kerekpar\/a-coloradoi-kolyok-aki-a-vilag-egyik-legjobb-segitojebol-lett-tortenelmi-gyoztes\/","og_site_name":"\u0160koda We Love Cycling - Magyarorsz\u00e1g","article_publisher":"https:\/\/www.facebook.com\/WeLoveCyclingHungary\/","article_published_time":"2023-09-22T13:39:05+00:00","og_image":[{"width":1600,"height":900,"url":"https:\/\/d2p6e6u75xmxt8.cloudfront.net\/12\/2023\/09\/Sepp-Kuss-The-Durango-Kid-1.webp","type":"image\/webp"}],"author":"kitti","twitter_card":"summary_large_image","twitter_misc":{"Written by":"We Love Cycling","Est. reading time":"5 minutes"},"schema":{"@context":"https:\/\/schema.org","@graph":[{"@type":"WebPage","@id":"https:\/\/www.welovecycling.com\/hu\/orszaguti-kerekpar\/a-coloradoi-kolyok-aki-a-vilag-egyik-legjobb-segitojebol-lett-tortenelmi-gyoztes\/","url":"https:\/\/www.welovecycling.com\/hu\/orszaguti-kerekpar\/a-coloradoi-kolyok-aki-a-vilag-egyik-legjobb-segitojebol-lett-tortenelmi-gyoztes\/","name":"A Colorad\u00f3i K\u00f6ly\u00f6k, aki a vil\u00e1g egyik legjobb seg\u00edt\u0151j\u00e9b\u0151l lett t\u00f6rt\u00e9nelmi gy\u0151ztes - \u0160koda We Love Cycling - Magyarorsz\u00e1g","isPartOf":{"@id":"https:\/\/www.welovecycling.com\/hu\/#website"},"primaryImageOfPage":{"@id":"https:\/\/www.welovecycling.com\/hu\/orszaguti-kerekpar\/a-coloradoi-kolyok-aki-a-vilag-egyik-legjobb-segitojebol-lett-tortenelmi-gyoztes\/#primaryimage"},"image":{"@id":"https:\/\/www.welovecycling.com\/hu\/orszaguti-kerekpar\/a-coloradoi-kolyok-aki-a-vilag-egyik-legjobb-segitojebol-lett-tortenelmi-gyoztes\/#primaryimage"},"thumbnailUrl":"https:\/\/d2p6e6u75xmxt8.cloudfront.net\/12\/2023\/09\/Sepp-Kuss-The-Durango-Kid-1.webp","datePublished":"2023-09-22T13:39:05+00:00","author":{"@id":"https:\/\/www.welovecycling.com\/hu\/#\/schema\/person\/bec7dcdbcc59f58489cf603e4040ced1"},"breadcrumb":{"@id":"https:\/\/www.welovecycling.com\/hu\/orszaguti-kerekpar\/a-coloradoi-kolyok-aki-a-vilag-egyik-legjobb-segitojebol-lett-tortenelmi-gyoztes\/#breadcrumb"},"inLanguage":"hu","potentialAction":[{"@type":"ReadAction","target":["https:\/\/www.welovecycling.com\/hu\/orszaguti-kerekpar\/a-coloradoi-kolyok-aki-a-vilag-egyik-legjobb-segitojebol-lett-tortenelmi-gyoztes\/"]}]},{"@type":"ImageObject","inLanguage":"hu","@id":"https:\/\/www.welovecycling.com\/hu\/orszaguti-kerekpar\/a-coloradoi-kolyok-aki-a-vilag-egyik-legjobb-segitojebol-lett-tortenelmi-gyoztes\/#primaryimage","url":"https:\/\/d2p6e6u75xmxt8.cloudfront.net\/12\/2023\/09\/Sepp-Kuss-The-Durango-Kid-1.webp","contentUrl":"https:\/\/d2p6e6u75xmxt8.cloudfront.net\/12\/2023\/09\/Sepp-Kuss-The-Durango-Kid-1.webp","width":1600,"height":900},{"@type":"BreadcrumbList","@id":"https:\/\/www.welovecycling.com\/hu\/orszaguti-kerekpar\/a-coloradoi-kolyok-aki-a-vilag-egyik-legjobb-segitojebol-lett-tortenelmi-gyoztes\/#breadcrumb","itemListElement":[{"@type":"ListItem","position":1,"name":"Home","item":"https:\/\/www.welovecycling.com\/hu\/"},{"@type":"ListItem","position":2,"name":"A Colorad\u00f3i K\u00f6ly\u00f6k, aki a vil\u00e1g egyik legjobb seg\u00edt\u0151j\u00e9b\u0151l lett t\u00f6rt\u00e9nelmi gy\u0151ztes"}]},{"@type":"WebSite","@id":"https:\/\/www.welovecycling.com\/hu\/#website","url":"https:\/\/www.welovecycling.com\/hu\/","name":"\u0160koda We Love Cycling - Magyarorsz\u00e1g","description":"\u0160koda WeLoveCycling","potentialAction":[{"@type":"SearchAction","target":{"@type":"EntryPoint","urlTemplate":"https:\/\/www.welovecycling.com\/hu\/?s={search_term_string}"},"query-input":{"@type":"PropertyValueSpecification","valueRequired":true,"valueName":"search_term_string"}}],"inLanguage":"hu"},{"@type":"Person","@id":"https:\/\/www.welovecycling.com\/hu\/#\/schema\/person\/bec7dcdbcc59f58489cf603e4040ced1","name":"kitti","image":{"@type":"ImageObject","inLanguage":"hu","@id":"https:\/\/www.welovecycling.com\/hu\/#\/schema\/person\/image\/","url":"https:\/\/secure.gravatar.com\/avatar\/e3196a110e1b57b96f56d92d10ce9bb4e9d7210076832a16243337e949410b52?s=96&d=mm&r=g","contentUrl":"https:\/\/secure.gravatar.com\/avatar\/e3196a110e1b57b96f56d92d10ce9bb4e9d7210076832a16243337e949410b52?s=96&d=mm&r=g","caption":"kitti"},"url":"https:\/\/www.welovecycling.com\/hu\/author\/kitti\/"}]}},"_links":{"self":[{"href":"https:\/\/www.welovecycling.com\/hu\/wp-json\/wp\/v2\/posts\/17929","targetHints":{"allow":["GET"]}}],"collection":[{"href":"https:\/\/www.welovecycling.com\/hu\/wp-json\/wp\/v2\/posts"}],"about":[{"href":"https:\/\/www.welovecycling.com\/hu\/wp-json\/wp\/v2\/types\/post"}],"author":[{"embeddable":true,"href":"https:\/\/www.welovecycling.com\/hu\/wp-json\/wp\/v2\/users\/145"}],"replies":[{"embeddable":true,"href":"https:\/\/www.welovecycling.com\/hu\/wp-json\/wp\/v2\/comments?post=17929"}],"version-history":[{"count":2,"href":"https:\/\/www.welovecycling.com\/hu\/wp-json\/wp\/v2\/posts\/17929\/revisions"}],"predecessor-version":[{"id":17936,"href":"https:\/\/www.welovecycling.com\/hu\/wp-json\/wp\/v2\/posts\/17929\/revisions\/17936"}],"wp:featuredmedia":[{"embeddable":true,"href":"https:\/\/www.welovecycling.com\/hu\/wp-json\/wp\/v2\/media\/17933"}],"wp:attachment":[{"href":"https:\/\/www.welovecycling.com\/hu\/wp-json\/wp\/v2\/media?parent=17929"}],"wp:term":[{"taxonomy":"category","embeddable":true,"href":"https:\/\/www.welovecycling.com\/hu\/wp-json\/wp\/v2\/categories?post=17929"},{"taxonomy":"post_tag","embeddable":true,"href":"https:\/\/www.welovecycling.com\/hu\/wp-json\/wp\/v2\/tags?post=17929"},{"taxonomy":"global-categories","embeddable":true,"href":"https:\/\/www.welovecycling.com\/hu\/wp-json\/wp\/v2\/global-categories?post=17929"}],"curies":[{"name":"wp","href":"https:\/\/api.w.org\/{rel}","templated":true}]}}