{"id":17924,"date":"2023-09-27T08:00:08","date_gmt":"2023-09-27T06:00:08","guid":{"rendered":"https:\/\/www.welovecycling.com\/hu\/?p=17924"},"modified":"2023-09-22T15:05:20","modified_gmt":"2023-09-22T13:05:20","slug":"biciklivel-suliba-10-tipp-hogy-biztonsagosabba-es-szorakoztatobba-tedd-gyermekeid-szamara","status":"publish","type":"post","link":"https:\/\/www.welovecycling.com\/hu\/csalad\/biciklivel-suliba-10-tipp-hogy-biztonsagosabba-es-szorakoztatobba-tedd-gyermekeid-szamara\/","title":{"rendered":"Biciklivel suliba? 10 tipp, hogy biztons\u00e1gosabb\u00e1 \u00e9s sz\u00f3rakoztat\u00f3bb\u00e1 tedd gyermekeid sz\u00e1m\u00e1ra"},"content":{"rendered":"<p><strong>Amennyiben ker\u00e9kp\u00e1ros \u00e9s sz\u00fcl\u0151 is vagy egyben, val\u00f3sz\u00edn\u0171leg szeretn\u00e9d, ha gyermekeid megtapasztaln\u00e1k, mennyi \u00f6r\u00f6m \u00e9s szabads\u00e1g rejlik abban, ha valaki biciklivel j\u00e1r iskol\u00e1ba. A ker\u00e9kp\u00e1roz\u00e1s nem csak eg\u00e9szs\u00e9ges \u00e9s k\u00f6rnyezetbar\u00e1t k\u00f6zleked\u00e9si m\u00f3d, de a f\u00fcggetlens\u00e9get \u00e9s az \u00f6nbizalmat is n\u00f6veli. Ugyanakkor a biztons\u00e1guk biztos\u00edt\u00e1sa mindig els\u0151dleges szempont marad. Az \u00faj tan\u00e9v kezdet\u00e9vel szerett\u00fcnk volna megosztani n\u00e9h\u00e1ny tippet, melyek seg\u00edts\u00e9g\u00e9vel biztons\u00e1gosabb\u00e1 \u00e9s \u00e9lvezetesebb\u00e9 teheted a biciklis utakat. Egy kis felk\u00e9sz\u00fcl\u00e9ssel \u00e9s n\u00e9h\u00e1ny egyszer\u0171 \u00f3vint\u00e9zked\u00e9ssel magabiztosan k\u00fcldheted k\u00e9t ker\u00e9ken iskol\u00e1ba gyerekeid!<\/strong><\/p>\n<p><!--more--><\/p>\n<h2><strong>V\u00e1laszd ki a megfelel\u0151 biciklit \u00e9s felszerel\u00e9st!<\/strong><\/h2>\n<p>Miel\u0151tt gyermeked \u00fatnak indul, gy\u0151z\u0151dj meg r\u00f3la, hogy a biciklije megfelel\u0151 m\u00e9ret\u0171 \u00e9s j\u00f3 \u00e1llapotban van. A megfelel\u0151 m\u00e9ret\u0171 ker\u00e9kp\u00e1r elengedhetetlen az ir\u00e1ny\u00edt\u00e1s \u00e9s az egyens\u00falyoz\u00e1s szempontj\u00e1b\u00f3l. Rendszeresen ellen\u0151rizd a f\u00e9keket, a gumiabroncsokat \u00e9s a sebess\u00e9gv\u00e1lt\u00f3kat, hogy megbizonyosodj azok megfelel\u0151 m\u0171k\u00f6d\u00e9s\u00e9r\u0151l. Emellett a t\u00f6k\u00e9letesen illeszked\u0151 sisakr\u00f3l, vil\u00e1gos ruh\u00e1zatr\u00f3l \u00e9s a f\u00e9nyvisszaver\u0151 kieg\u00e9sz\u00edt\u0151kr\u0151l se feledkezz meg! A buk\u00f3sisak egy kihagyhatatlan biztons\u00e1gi elem, ami es\u00e9s vagy baleset eset\u00e9n megel\u0151zheti a fejs\u00e9r\u00fcl\u00e9seket.<\/p>\n<h2><strong>Megfelel\u0151 biciklis oktat\u00e1s<\/strong><\/h2>\n<p>A megfelel\u0151 ker\u00e9kp\u00e1roz\u00e1si k\u00e9szs\u00e9gek elsaj\u00e1t\u00edt\u00e1sa elengedhetetlen gyermeked biztons\u00e1ga \u00e9rdek\u00e9ben. T\u00f6lts id\u0151t azzal, hogy megtan\u00edtsd neki, hogyan kell jelezni a kanyarokat, meg\u00e1llni a keresztez\u0151d\u00e9sekben, \u00e9s hogyan kell egyenes vonalban maradni bicikliz\u00e9s k\u00f6zben. B\u00e1tor\u00edtsd \u0151ket, hogy s\u00e1vv\u00e1lt\u00e1skor vagy a forgalomba val\u00f3 becsatlakoz\u00e1sr\u00f3l n\u00e9zzenek a v\u00e1lluk f\u00f6l\u00e9. Tan\u00edtsd meg nekik, hogy milyen fontos, hogy k\u00e9zjelekkel jelezz\u00e9k sz\u00e1nd\u00e9kaikat a t\u00f6bbi k\u00f6zleked\u0151nek. Ezek a k\u00e9szs\u00e9gek seg\u00edtenek gyermekednek abban, hogy magabiztos \u00e9s felel\u0151ss\u00e9gteljes biciklis v\u00e1ljon bel\u0151le.<\/p>\n<h2><strong>Tervezz biztons\u00e1gos \u00fatvonalat!<\/strong><\/h2>\n<p>Seg\u00edts gyerk\u0151c\u00f6dnek megtervezni egy biztons\u00e1gos \u00fatvonalat az iskol\u00e1ba, ami elker\u00fcli a forgalmas utc\u00e1kat \u00e9s a vesz\u00e9lyes keresztez\u0151d\u00e9seket. Keress kijel\u00f6lt ker\u00e9kp\u00e1rs\u00e1vokat \u00e9s v\u00e1lassz olyan utakat, ahol minim\u00e1lis a forgalomtorl\u00f3d\u00e1s. A biciklibar\u00e1t \u00fatvonalak keres\u00e9s\u00e9hez haszn\u00e1lhatsz olyan online eszk\u00f6z\u00f6ket, mint a Google Maps ker\u00e9kp\u00e1ros funkci\u00f3ja. B\u00e1tor\u00edtsd gyermeked, hogy tartsa mag\u00e1t a tervezett \u00fatvonalhoz, \u00e9s ker\u00fclje el a r\u00f6videbb utakat, k\u00fcl\u00f6n\u00f6sen, ha ezek nagy forgalmat vagy ismeretlen ter\u00fcleteket \u00e9rintenek.<\/p>\n<h2><strong>Gyakorolj\u00e1tok egy\u00fctt az \u00fatvonalat!<\/strong><\/h2>\n<p>Miel\u0151tt gyermeked egyed\u00fcl v\u00e1gna neki az \u00fatnak, sz\u00e1nj egy kis id\u0151t az \u00fatvonal k\u00f6z\u00f6s begyakorl\u00e1s\u00e1ra. Tekerj mellette \u00e9s mutass r\u00e1 a lehets\u00e9ges vesz\u00e9lyekre, p\u00e9ld\u00e1ul a forgalmas keresztez\u0151d\u00e9sekre, a holtpontokra vagy a tr\u00fckk\u00f6s \u00fatviszonyokra. Tan\u00edtsd meg neki, hogyan navig\u00e1ljon biztons\u00e1gosan! A gyakorl\u00e1s n\u00f6veli a magabiztoss\u00e1got \u00e9s biztos\u00edtja, hogy gyermeked felk\u00e9sz\u00fclten n\u00e9zzen szembe a napi ing\u00e1z\u00e1sokkal.<\/p>\n<h2><strong>Mutass j\u00f3 p\u00e9ld\u00e1t!<\/strong><\/h2>\n<p>A gyerekek az el\u00e9j\u00fck \u00e1ll\u00edtott p\u00e9ld\u00e1b\u00f3l tanulnak, ez\u00e9rt mutass p\u00e9ld\u00e1t nekik a biztons\u00e1gos bicikliz\u00e9s ter\u00e9n is! Amennyiben ker\u00e9kp\u00e1rral k\u00f6zlekedsz, mutasd be a megfelel\u0151 k\u00f6z\u00fati etikettet \u00e9s tan\u00edtsd meg nekik, hogy be kell tartani a k\u00f6zleked\u00e9si szab\u00e1lyokat. Hangs\u00falyozd a buk\u00f3sisak visel\u00e9s\u00e9nek \u00e9s a biztons\u00e1gi szab\u00e1lyok betart\u00e1s\u00e1nak fontoss\u00e1g\u00e1t! Ha gyermeked azt l\u00e1tja, hogy komolyan veszed a bicikliz\u00e9st, nagy val\u00f3sz\u00edn\u0171s\u00e9ggel \u0151 is ezt fogja tenni.<\/p>\n<p>Egy szem\u00e9lyre szabott biztons\u00e1gi list\u00e1val reggeli ritu\u00e1l\u00e9t is l\u00e9trehozhatsz. P\u00e9ld\u00e1ul ilyen pontokat pip\u00e1lhatsz ki gyermekeddel indul\u00e1s el\u0151tt, mint \u201c<em>Sisak: pipa\u201d, \u201cVil\u00e1g\u00edt\u00e1s: pipa\u201d \u00e9s \u201cF\u00e9nyvisszaver\u0151: pipa\u201d.<\/em> Ez a vizu\u00e1lis eml\u00e9keztet\u0151 biztos\u00edtja, hogy mindig eml\u00e9kezzenek az alapvet\u0151 biztons\u00e1gi felszerel\u00e9sekre.<\/p>\n<figure id=\"attachment_17925\" aria-describedby=\"caption-attachment-17925\" style=\"width: 1250px\" class=\"wp-caption alignnone\"><a href=\"https:\/\/d2p6e6u75xmxt8.cloudfront.net\/12\/2023\/09\/Child-Boy-Cycling-to-School-profimedia-0762966486.webp\"><img loading=\"lazy\" decoding=\"async\" class=\"wp-image-17925 size-full\" src=\"https:\/\/d2p6e6u75xmxt8.cloudfront.net\/12\/2023\/09\/Child-Boy-Cycling-to-School-profimedia-0762966486.webp\" alt=\"A boy cycling to school\" width=\"1250\" height=\"833\" srcset=\"https:\/\/d2p6e6u75xmxt8.cloudfront.net\/12\/2023\/09\/Child-Boy-Cycling-to-School-profimedia-0762966486.webp 1250w, https:\/\/d2p6e6u75xmxt8.cloudfront.net\/12\/2023\/09\/Child-Boy-Cycling-to-School-profimedia-0762966486-300x200.webp 300w, https:\/\/d2p6e6u75xmxt8.cloudfront.net\/12\/2023\/09\/Child-Boy-Cycling-to-School-profimedia-0762966486-1024x682.webp 1024w, https:\/\/d2p6e6u75xmxt8.cloudfront.net\/12\/2023\/09\/Child-Boy-Cycling-to-School-profimedia-0762966486-768x512.webp 768w, https:\/\/d2p6e6u75xmxt8.cloudfront.net\/12\/2023\/09\/Child-Boy-Cycling-to-School-profimedia-0762966486-400x267.webp 400w, https:\/\/d2p6e6u75xmxt8.cloudfront.net\/12\/2023\/09\/Child-Boy-Cycling-to-School-profimedia-0762966486-272x182.webp 272w\" sizes=\"auto, (max-width: 1250px) 100vw, 1250px\" \/><\/a><figcaption id=\"caption-attachment-17925\" class=\"wp-caption-text\">N\u00e9ha neh\u00e9z r\u00e1venni a gyerekeket arra, hogy bicajjal j\u00e1rjanak iskol\u00e1ba. Szerencs\u00e9re a bicikliz\u0151 fiatalok sz\u00e1ma egyre n\u0151, \u00e9s az iskolai \u00e9s k\u00f6z\u00f6ss\u00e9gi kezdem\u00e9nyez\u00e9sekkel \u00e9s klubokkal val\u00f3sz\u00edn\u0171leg minden t\u00e1mogat\u00e1st megkaptok ahhoz, hogy meggy\u0151zz\u00e9tek \u0151ket, hogy adjanak neki egy es\u00e9lyt. \u00a9 Profimedia<\/figcaption><\/figure>\n<h2><strong>Figyelj az id\u0151menedzsmentre!<\/strong><\/h2>\n<p>Seg\u00edts gyermekednek kialak\u00edtani egy j\u00f3 rutint, \u00edgy elegend\u0151 ideje lesz biztons\u00e1gosan \u00e9s nyugodtan tekerni. A kapkod\u00e1s hib\u00e1khoz \u00e9s fokozott kock\u00e1zatokhoz vezethet. Amennyiben sz\u00fcks\u00e9ges, kelj fel egy kicsit kor\u00e1bban, hogy gyermeked nyugodtan reggelizhessen \u00e9s siets\u00e9g n\u00e9lk\u00fcl v\u00e9gezhesse el a reggeli rutint. Egy j\u00f3 temp\u00f3j\u00fa reggel pozit\u00edv hangulattal t\u00f6lti meg a napot \u00e9s biztos\u00edtja a stresszmentes utat gyerk\u0151c\u00f6d sz\u00e1m\u00e1ra.<\/p>\n<h2><strong>Ne feledd a l\u00e1that\u00f3s\u00e1g fontoss\u00e1g\u00e1t!<\/strong><\/h2>\n<p>Gyermeked l\u00e1that\u00f3s\u00e1g\u00e1nak jav\u00edt\u00e1sa kulcsfontoss\u00e1g\u00fa, k\u00fcl\u00f6n\u00f6sen az \u00e9v s\u00f6t\u00e9t h\u00f3napjaiban. Gondoskodj arr\u00f3l, hogy ker\u00e9kp\u00e1rja vil\u00e1g\u00edt\u00e1ssal &#8211; el\u00f6l feh\u00e9r, h\u00e1tul piros l\u00e1mp\u00e1val &#8211; \u00e9s f\u00e9nyvisszaver\u0151vel legyen felszerelve. A f\u00e9nyvisszaver\u0151 ruh\u00e1zat \u00e9s kieg\u00e9sz\u00edt\u0151k, p\u00e9ld\u00e1ul a mell\u00e9nyek \u00e9s a szalagok szint\u00e9n sokat seg\u00edtenek a l\u00e1that\u00f3s\u00e1g n\u00f6vel\u00e9s\u00e9ben. Eml\u00e9keztesd gyermeked, hogy gyenge f\u00e9nyviszonyok vagy k\u00f6d eset\u00e9n kapcsolja be a l\u00e1mp\u00e1t, \u00e9s viseljen f\u00e9nyvisszaver\u0151 felszerel\u00e9st.<\/p>\n<h2><strong>\u00d6szt\u00f6n\u00f6zd, hogy egy\u00fctt biciklizzen a bar\u00e1taival!<\/strong><\/h2>\n<p>A bar\u00e1tokkal val\u00f3 ker\u00e9kp\u00e1roz\u00e1s \u00e9lvezetesebb\u00e9 \u00e9s biztons\u00e1gosabb\u00e1 teheti az iskol\u00e1ba vezet\u0151 utat. B\u00e1tor\u00edtsd gyermeked arra, hogy alak\u00edtson ki egy kis bar\u00e1ti csoportot, akik egy\u00fctt biciklizhetnek, vigy\u00e1zhatnak egym\u00e1sra \u00e9s t\u00e1rsas\u00e1got ny\u00fajthatnak a ker\u00e9kp\u00e1roz\u00e1s sor\u00e1n. Eml\u00e9keztesd \u0151ket azonban arra, hogy a csoportban val\u00f3 bicikliz\u00e9s k\u00f6zben ne legyenek sz\u00f3rakozottak vagy t\u00fals\u00e1gosan j\u00e1t\u00e9kosak &#8211; mindig a biztons\u00e1g az els\u0151.<\/p>\n<h2><strong>T\u00e1j\u00e9koz\u00f3dj az iskolai ir\u00e1nyelvekr\u0151l!<\/strong><\/h2>\n<p>T\u00e1j\u00e9koz\u00f3dj az iskola szab\u00e1lyair\u00f3l a ker\u00e9kp\u00e1roz\u00e1ssal kapcsolatban. Egyes iskol\u00e1knak speci\u00e1lis szab\u00e1lyaik vagy ir\u00e1nyelveik lehetnek a biciklivel k\u00f6zleked\u0151k sz\u00e1m\u00e1ra. Gy\u0151z\u0151dj meg r\u00f3la, hogy gyermeked ismeri \u00e9s betartja ezeket a szab\u00e1lyokat. Az is j\u00f3 \u00f6tlet, ha kommunik\u00e1lsz m\u00e1s sz\u00fcl\u0151kkel, akiknek gyermeke ker\u00e9kp\u00e1rral j\u00e1r iskol\u00e1ba, hogy k\u00f6z\u00f6sen foglalkozhassatok a biztons\u00e1g jav\u00edt\u00e1s\u00e1ra vonatkoz\u00f3 agg\u00e1lyokkal vagy javaslatokkal.<\/p>\n<h2><strong>A biztons\u00e1gos gondolkod\u00e1sm\u00f3d elsaj\u00e1t\u00edt\u00e1sa<\/strong><\/h2>\n<p>V\u00e9gezet\u00fcl, tan\u00edtsd meg gyermeked biztons\u00e1gosan gondolkozni! Gy\u0151z\u0151dj meg r\u00f3la, hogy meg\u00e9rti, hogy a biztons\u00e1got soha nem szabad a k\u00e9nyelem vagy a siets\u00e9g kedv\u00e9\u00e9rt feladni. B\u00e1tor\u00edtsd, hogy mindig legyen \u00f3vatos \u00e9s figyeljen oda a k\u00f6rnyezet\u00e9re. Eml\u00e9keztesd, hogy maradjon \u00e9ber, ne hagyja, hogy elterel\u0151dj\u00f6n a figyelme (p\u00e9ld\u00e1ul ker\u00fclje a telefon haszn\u00e1lat\u00e1t teker\u00e9s k\u00f6zben), \u00e9s soha ne v\u00e1llaljon felesleges kock\u00e1zatot. Er\u0151s\u00edtsd meg a gondolatot, hogy a biztons\u00e1g a legfontosabb, \u00e9s mindig ezt kell el\u0151t\u00e9rbe helyezni. Ahhoz, hogy mindezt sz\u00f3rakoztat\u00f3bb\u00e1 \u00e9s el\u00e9rhet\u0151bb\u00e9 tedd a fiatalok sz\u00e1m\u00e1ra, ak\u00e1r egy interakt\u00edv biztons\u00e1gi t\u00e9rk\u00e9pet is k\u00e9sz\u00edthetsz. Haszn\u00e1lj matric\u00e1kat a biztons\u00e1gos z\u00f3n\u00e1k, az \u00f3vatoss\u00e1gra int\u0151 ter\u00fcletek \u00e9s a kijel\u00f6lt tal\u00e1lkoz\u00e1si pontok megjel\u00f6l\u00e9s\u00e9re az iskol\u00e1ba vezet\u0151 \u00fat ment\u00e9n. Ez a vizu\u00e1lis seg\u00e9deszk\u00f6z seg\u00edt nekik megtervezni az \u00fatjukat, \u00e9s tiszt\u00e1ban lesznek a lehets\u00e9ges vesz\u00e9lyekkel.<\/p>\n","protected":false},"excerpt":{"rendered":"<p>Amennyiben ker\u00e9kp\u00e1ros \u00e9s sz\u00fcl\u0151 is vagy egyben, val\u00f3sz\u00edn\u0171leg szeretn\u00e9d, ha gyermekeid megtapasztaln\u00e1k, mennyi \u00f6r\u00f6m \u00e9s szabads\u00e1g rejlik abban, ha valaki [&hellip;]<\/p>\n","protected":false},"author":71,"featured_media":17927,"comment_status":"open","ping_status":"open","sticky":false,"template":"","format":"standard","meta":{"footnotes":""},"categories":[11],"tags":[],"global-categories":[],"class_list":["post-17924","post","type-post","status-publish","format-standard","has-post-thumbnail","hentry","category-csalad"],"yoast_head":"<!-- This site is optimized with the Yoast SEO Premium plugin v25.3 (Yoast SEO v25.9) - https:\/\/yoast.com\/wordpress\/plugins\/seo\/ -->\n<title>Biciklivel suliba? 10 tipp, hogy biztons\u00e1gosabb\u00e1 \u00e9s sz\u00f3rakoztat\u00f3bb\u00e1 tedd gyermekeid sz\u00e1m\u00e1ra<\/title>\n<meta name=\"description\" content=\"Amennyiben ker\u00e9kp\u00e1ros \u00e9s sz\u00fcl\u0151 is vagy egyben, val\u00f3sz\u00edn\u0171leg szeretn\u00e9d, ha gyermekeid megtapasztaln\u00e1k, mennyi \u00f6r\u00f6m \u00e9s szabads\u00e1g rejlik abban, ha valaki biciklivel j\u00e1r iskol\u00e1ba. A ker\u00e9kp\u00e1roz\u00e1s nem csak eg\u00e9szs\u00e9ges \u00e9s k\u00f6rnyezetbar\u00e1t k\u00f6zleked\u00e9si m\u00f3d, de a f\u00fcggetlens\u00e9get \u00e9s az \u00f6nbizalmat is n\u00f6veli. Ugyanakkor a biztons\u00e1guk biztos\u00edt\u00e1sa mindig els\u0151dleges szempont marad.\" \/>\n<meta name=\"robots\" content=\"index, follow, max-snippet:-1, max-image-preview:large, max-video-preview:-1\" \/>\n<link rel=\"canonical\" href=\"https:\/\/www.welovecycling.com\/hu\/csalad\/biciklivel-suliba-10-tipp-hogy-biztonsagosabba-es-szorakoztatobba-tedd-gyermekeid-szamara\/\" \/>\n<meta property=\"og:locale\" content=\"hu_HU\" \/>\n<meta property=\"og:type\" content=\"article\" \/>\n<meta property=\"og:title\" content=\"Biciklivel suliba? 10 tipp, hogy biztons\u00e1gosabb\u00e1 \u00e9s sz\u00f3rakoztat\u00f3bb\u00e1 tedd gyermekeid sz\u00e1m\u00e1ra\" \/>\n<meta property=\"og:description\" content=\"Amennyiben ker\u00e9kp\u00e1ros \u00e9s sz\u00fcl\u0151 is vagy egyben, val\u00f3sz\u00edn\u0171leg szeretn\u00e9d, ha gyermekeid megtapasztaln\u00e1k, mennyi \u00f6r\u00f6m \u00e9s szabads\u00e1g rejlik abban, ha valaki biciklivel j\u00e1r iskol\u00e1ba. A ker\u00e9kp\u00e1roz\u00e1s nem csak eg\u00e9szs\u00e9ges \u00e9s k\u00f6rnyezetbar\u00e1t k\u00f6zleked\u00e9si m\u00f3d, de a f\u00fcggetlens\u00e9get \u00e9s az \u00f6nbizalmat is n\u00f6veli. Ugyanakkor a biztons\u00e1guk biztos\u00edt\u00e1sa mindig els\u0151dleges szempont marad.\" \/>\n<meta property=\"og:url\" content=\"https:\/\/www.welovecycling.com\/hu\/csalad\/biciklivel-suliba-10-tipp-hogy-biztonsagosabba-es-szorakoztatobba-tedd-gyermekeid-szamara\/\" \/>\n<meta property=\"og:site_name\" content=\"\u0160koda We Love Cycling - Magyarorsz\u00e1g\" \/>\n<meta property=\"article:publisher\" content=\"https:\/\/www.facebook.com\/WeLoveCyclingHungary\/\" \/>\n<meta property=\"article:published_time\" content=\"2023-09-27T06:00:08+00:00\" \/>\n<meta property=\"og:image\" content=\"https:\/\/d2p6e6u75xmxt8.cloudfront.net\/12\/2023\/09\/Kids-Cycling-to-School-profimedia-0793881364-CVR.webp\" \/>\n\t<meta property=\"og:image:width\" content=\"990\" \/>\n\t<meta property=\"og:image:height\" content=\"660\" \/>\n\t<meta property=\"og:image:type\" content=\"image\/webp\" \/>\n<meta name=\"author\" content=\"hegyizs\" \/>\n<meta name=\"twitter:card\" content=\"summary_large_image\" \/>\n<meta name=\"twitter:label1\" content=\"Written by\" \/>\n\t<meta name=\"twitter:data1\" content=\"Megan Flottorp\" \/>\n\t<meta name=\"twitter:label2\" content=\"Est. reading time\" \/>\n\t<meta name=\"twitter:data2\" content=\"5\" \/>\n<script type=\"application\/ld+json\" class=\"yoast-schema-graph\">{\"@context\":\"https:\/\/schema.org\",\"@graph\":[{\"@type\":\"WebPage\",\"@id\":\"https:\/\/www.welovecycling.com\/hu\/csalad\/biciklivel-suliba-10-tipp-hogy-biztonsagosabba-es-szorakoztatobba-tedd-gyermekeid-szamara\/\",\"url\":\"https:\/\/www.welovecycling.com\/hu\/csalad\/biciklivel-suliba-10-tipp-hogy-biztonsagosabba-es-szorakoztatobba-tedd-gyermekeid-szamara\/\",\"name\":\"Biciklivel suliba? 10 tipp, hogy biztons\u00e1gosabb\u00e1 \u00e9s sz\u00f3rakoztat\u00f3bb\u00e1 tedd gyermekeid sz\u00e1m\u00e1ra\",\"isPartOf\":{\"@id\":\"https:\/\/www.welovecycling.com\/hu\/#website\"},\"primaryImageOfPage\":{\"@id\":\"https:\/\/www.welovecycling.com\/hu\/csalad\/biciklivel-suliba-10-tipp-hogy-biztonsagosabba-es-szorakoztatobba-tedd-gyermekeid-szamara\/#primaryimage\"},\"image\":{\"@id\":\"https:\/\/www.welovecycling.com\/hu\/csalad\/biciklivel-suliba-10-tipp-hogy-biztonsagosabba-es-szorakoztatobba-tedd-gyermekeid-szamara\/#primaryimage\"},\"thumbnailUrl\":\"https:\/\/d2p6e6u75xmxt8.cloudfront.net\/12\/2023\/09\/Kids-Cycling-to-School-profimedia-0793881364-CVR.webp\",\"datePublished\":\"2023-09-27T06:00:08+00:00\",\"author\":{\"@id\":\"https:\/\/www.welovecycling.com\/hu\/#\/schema\/person\/414a2aebf1801691a5320edb6468e194\"},\"description\":\"Amennyiben ker\u00e9kp\u00e1ros \u00e9s sz\u00fcl\u0151 is vagy egyben, val\u00f3sz\u00edn\u0171leg szeretn\u00e9d, ha gyermekeid megtapasztaln\u00e1k, mennyi \u00f6r\u00f6m \u00e9s szabads\u00e1g rejlik abban, ha valaki biciklivel j\u00e1r iskol\u00e1ba. A ker\u00e9kp\u00e1roz\u00e1s nem csak eg\u00e9szs\u00e9ges \u00e9s k\u00f6rnyezetbar\u00e1t k\u00f6zleked\u00e9si m\u00f3d, de a f\u00fcggetlens\u00e9get \u00e9s az \u00f6nbizalmat is n\u00f6veli. Ugyanakkor a biztons\u00e1guk biztos\u00edt\u00e1sa mindig els\u0151dleges szempont marad.\",\"breadcrumb\":{\"@id\":\"https:\/\/www.welovecycling.com\/hu\/csalad\/biciklivel-suliba-10-tipp-hogy-biztonsagosabba-es-szorakoztatobba-tedd-gyermekeid-szamara\/#breadcrumb\"},\"inLanguage\":\"hu\",\"potentialAction\":[{\"@type\":\"ReadAction\",\"target\":[\"https:\/\/www.welovecycling.com\/hu\/csalad\/biciklivel-suliba-10-tipp-hogy-biztonsagosabba-es-szorakoztatobba-tedd-gyermekeid-szamara\/\"]}]},{\"@type\":\"ImageObject\",\"inLanguage\":\"hu\",\"@id\":\"https:\/\/www.welovecycling.com\/hu\/csalad\/biciklivel-suliba-10-tipp-hogy-biztonsagosabba-es-szorakoztatobba-tedd-gyermekeid-szamara\/#primaryimage\",\"url\":\"https:\/\/d2p6e6u75xmxt8.cloudfront.net\/12\/2023\/09\/Kids-Cycling-to-School-profimedia-0793881364-CVR.webp\",\"contentUrl\":\"https:\/\/d2p6e6u75xmxt8.cloudfront.net\/12\/2023\/09\/Kids-Cycling-to-School-profimedia-0793881364-CVR.webp\",\"width\":990,\"height\":660,\"caption\":\"Kids cycling to school\"},{\"@type\":\"BreadcrumbList\",\"@id\":\"https:\/\/www.welovecycling.com\/hu\/csalad\/biciklivel-suliba-10-tipp-hogy-biztonsagosabba-es-szorakoztatobba-tedd-gyermekeid-szamara\/#breadcrumb\",\"itemListElement\":[{\"@type\":\"ListItem\",\"position\":1,\"name\":\"Home\",\"item\":\"https:\/\/www.welovecycling.com\/hu\/\"},{\"@type\":\"ListItem\",\"position\":2,\"name\":\"Biciklivel suliba? 10 tipp, hogy biztons\u00e1gosabb\u00e1 \u00e9s sz\u00f3rakoztat\u00f3bb\u00e1 tedd gyermekeid sz\u00e1m\u00e1ra\"}]},{\"@type\":\"WebSite\",\"@id\":\"https:\/\/www.welovecycling.com\/hu\/#website\",\"url\":\"https:\/\/www.welovecycling.com\/hu\/\",\"name\":\"\u0160koda We Love Cycling - Magyarorsz\u00e1g\",\"description\":\"\u0160koda WeLoveCycling\",\"potentialAction\":[{\"@type\":\"SearchAction\",\"target\":{\"@type\":\"EntryPoint\",\"urlTemplate\":\"https:\/\/www.welovecycling.com\/hu\/?s={search_term_string}\"},\"query-input\":{\"@type\":\"PropertyValueSpecification\",\"valueRequired\":true,\"valueName\":\"search_term_string\"}}],\"inLanguage\":\"hu\"},{\"@type\":\"Person\",\"@id\":\"https:\/\/www.welovecycling.com\/hu\/#\/schema\/person\/414a2aebf1801691a5320edb6468e194\",\"name\":\"hegyizs\",\"image\":{\"@type\":\"ImageObject\",\"inLanguage\":\"hu\",\"@id\":\"https:\/\/www.welovecycling.com\/hu\/#\/schema\/person\/image\/\",\"url\":\"https:\/\/secure.gravatar.com\/avatar\/02cf8a7906b8cf90cecb4679defac7cfd33a1c2e3b88e4903d947f3bb58eedd3?s=96&d=mm&r=g\",\"contentUrl\":\"https:\/\/secure.gravatar.com\/avatar\/02cf8a7906b8cf90cecb4679defac7cfd33a1c2e3b88e4903d947f3bb58eedd3?s=96&d=mm&r=g\",\"caption\":\"hegyizs\"},\"url\":\"https:\/\/www.welovecycling.com\/hu\/author\/hegyizs\/\"}]}<\/script>\n<!-- \/ Yoast SEO Premium plugin. -->","yoast_head_json":{"title":"Biciklivel suliba? 10 tipp, hogy biztons\u00e1gosabb\u00e1 \u00e9s sz\u00f3rakoztat\u00f3bb\u00e1 tedd gyermekeid sz\u00e1m\u00e1ra","description":"Amennyiben ker\u00e9kp\u00e1ros \u00e9s sz\u00fcl\u0151 is vagy egyben, val\u00f3sz\u00edn\u0171leg szeretn\u00e9d, ha gyermekeid megtapasztaln\u00e1k, mennyi \u00f6r\u00f6m \u00e9s szabads\u00e1g rejlik abban, ha valaki biciklivel j\u00e1r iskol\u00e1ba. A ker\u00e9kp\u00e1roz\u00e1s nem csak eg\u00e9szs\u00e9ges \u00e9s k\u00f6rnyezetbar\u00e1t k\u00f6zleked\u00e9si m\u00f3d, de a f\u00fcggetlens\u00e9get \u00e9s az \u00f6nbizalmat is n\u00f6veli. Ugyanakkor a biztons\u00e1guk biztos\u00edt\u00e1sa mindig els\u0151dleges szempont marad.","robots":{"index":"index","follow":"follow","max-snippet":"max-snippet:-1","max-image-preview":"max-image-preview:large","max-video-preview":"max-video-preview:-1"},"canonical":"https:\/\/www.welovecycling.com\/hu\/csalad\/biciklivel-suliba-10-tipp-hogy-biztonsagosabba-es-szorakoztatobba-tedd-gyermekeid-szamara\/","og_locale":"hu_HU","og_type":"article","og_title":"Biciklivel suliba? 10 tipp, hogy biztons\u00e1gosabb\u00e1 \u00e9s sz\u00f3rakoztat\u00f3bb\u00e1 tedd gyermekeid sz\u00e1m\u00e1ra","og_description":"Amennyiben ker\u00e9kp\u00e1ros \u00e9s sz\u00fcl\u0151 is vagy egyben, val\u00f3sz\u00edn\u0171leg szeretn\u00e9d, ha gyermekeid megtapasztaln\u00e1k, mennyi \u00f6r\u00f6m \u00e9s szabads\u00e1g rejlik abban, ha valaki biciklivel j\u00e1r iskol\u00e1ba. A ker\u00e9kp\u00e1roz\u00e1s nem csak eg\u00e9szs\u00e9ges \u00e9s k\u00f6rnyezetbar\u00e1t k\u00f6zleked\u00e9si m\u00f3d, de a f\u00fcggetlens\u00e9get \u00e9s az \u00f6nbizalmat is n\u00f6veli. Ugyanakkor a biztons\u00e1guk biztos\u00edt\u00e1sa mindig els\u0151dleges szempont marad.","og_url":"https:\/\/www.welovecycling.com\/hu\/csalad\/biciklivel-suliba-10-tipp-hogy-biztonsagosabba-es-szorakoztatobba-tedd-gyermekeid-szamara\/","og_site_name":"\u0160koda We Love Cycling - Magyarorsz\u00e1g","article_publisher":"https:\/\/www.facebook.com\/WeLoveCyclingHungary\/","article_published_time":"2023-09-27T06:00:08+00:00","og_image":[{"width":990,"height":660,"url":"https:\/\/d2p6e6u75xmxt8.cloudfront.net\/12\/2023\/09\/Kids-Cycling-to-School-profimedia-0793881364-CVR.webp","type":"image\/webp"}],"author":"hegyizs","twitter_card":"summary_large_image","twitter_misc":{"Written by":"Megan Flottorp","Est. reading time":"5"},"schema":{"@context":"https:\/\/schema.org","@graph":[{"@type":"WebPage","@id":"https:\/\/www.welovecycling.com\/hu\/csalad\/biciklivel-suliba-10-tipp-hogy-biztonsagosabba-es-szorakoztatobba-tedd-gyermekeid-szamara\/","url":"https:\/\/www.welovecycling.com\/hu\/csalad\/biciklivel-suliba-10-tipp-hogy-biztonsagosabba-es-szorakoztatobba-tedd-gyermekeid-szamara\/","name":"Biciklivel suliba? 10 tipp, hogy biztons\u00e1gosabb\u00e1 \u00e9s sz\u00f3rakoztat\u00f3bb\u00e1 tedd gyermekeid sz\u00e1m\u00e1ra","isPartOf":{"@id":"https:\/\/www.welovecycling.com\/hu\/#website"},"primaryImageOfPage":{"@id":"https:\/\/www.welovecycling.com\/hu\/csalad\/biciklivel-suliba-10-tipp-hogy-biztonsagosabba-es-szorakoztatobba-tedd-gyermekeid-szamara\/#primaryimage"},"image":{"@id":"https:\/\/www.welovecycling.com\/hu\/csalad\/biciklivel-suliba-10-tipp-hogy-biztonsagosabba-es-szorakoztatobba-tedd-gyermekeid-szamara\/#primaryimage"},"thumbnailUrl":"https:\/\/d2p6e6u75xmxt8.cloudfront.net\/12\/2023\/09\/Kids-Cycling-to-School-profimedia-0793881364-CVR.webp","datePublished":"2023-09-27T06:00:08+00:00","author":{"@id":"https:\/\/www.welovecycling.com\/hu\/#\/schema\/person\/414a2aebf1801691a5320edb6468e194"},"description":"Amennyiben ker\u00e9kp\u00e1ros \u00e9s sz\u00fcl\u0151 is vagy egyben, val\u00f3sz\u00edn\u0171leg szeretn\u00e9d, ha gyermekeid megtapasztaln\u00e1k, mennyi \u00f6r\u00f6m \u00e9s szabads\u00e1g rejlik abban, ha valaki biciklivel j\u00e1r iskol\u00e1ba. A ker\u00e9kp\u00e1roz\u00e1s nem csak eg\u00e9szs\u00e9ges \u00e9s k\u00f6rnyezetbar\u00e1t k\u00f6zleked\u00e9si m\u00f3d, de a f\u00fcggetlens\u00e9get \u00e9s az \u00f6nbizalmat is n\u00f6veli. Ugyanakkor a biztons\u00e1guk biztos\u00edt\u00e1sa mindig els\u0151dleges szempont marad.","breadcrumb":{"@id":"https:\/\/www.welovecycling.com\/hu\/csalad\/biciklivel-suliba-10-tipp-hogy-biztonsagosabba-es-szorakoztatobba-tedd-gyermekeid-szamara\/#breadcrumb"},"inLanguage":"hu","potentialAction":[{"@type":"ReadAction","target":["https:\/\/www.welovecycling.com\/hu\/csalad\/biciklivel-suliba-10-tipp-hogy-biztonsagosabba-es-szorakoztatobba-tedd-gyermekeid-szamara\/"]}]},{"@type":"ImageObject","inLanguage":"hu","@id":"https:\/\/www.welovecycling.com\/hu\/csalad\/biciklivel-suliba-10-tipp-hogy-biztonsagosabba-es-szorakoztatobba-tedd-gyermekeid-szamara\/#primaryimage","url":"https:\/\/d2p6e6u75xmxt8.cloudfront.net\/12\/2023\/09\/Kids-Cycling-to-School-profimedia-0793881364-CVR.webp","contentUrl":"https:\/\/d2p6e6u75xmxt8.cloudfront.net\/12\/2023\/09\/Kids-Cycling-to-School-profimedia-0793881364-CVR.webp","width":990,"height":660,"caption":"Kids cycling to school"},{"@type":"BreadcrumbList","@id":"https:\/\/www.welovecycling.com\/hu\/csalad\/biciklivel-suliba-10-tipp-hogy-biztonsagosabba-es-szorakoztatobba-tedd-gyermekeid-szamara\/#breadcrumb","itemListElement":[{"@type":"ListItem","position":1,"name":"Home","item":"https:\/\/www.welovecycling.com\/hu\/"},{"@type":"ListItem","position":2,"name":"Biciklivel suliba? 10 tipp, hogy biztons\u00e1gosabb\u00e1 \u00e9s sz\u00f3rakoztat\u00f3bb\u00e1 tedd gyermekeid sz\u00e1m\u00e1ra"}]},{"@type":"WebSite","@id":"https:\/\/www.welovecycling.com\/hu\/#website","url":"https:\/\/www.welovecycling.com\/hu\/","name":"\u0160koda We Love Cycling - Magyarorsz\u00e1g","description":"\u0160koda WeLoveCycling","potentialAction":[{"@type":"SearchAction","target":{"@type":"EntryPoint","urlTemplate":"https:\/\/www.welovecycling.com\/hu\/?s={search_term_string}"},"query-input":{"@type":"PropertyValueSpecification","valueRequired":true,"valueName":"search_term_string"}}],"inLanguage":"hu"},{"@type":"Person","@id":"https:\/\/www.welovecycling.com\/hu\/#\/schema\/person\/414a2aebf1801691a5320edb6468e194","name":"hegyizs","image":{"@type":"ImageObject","inLanguage":"hu","@id":"https:\/\/www.welovecycling.com\/hu\/#\/schema\/person\/image\/","url":"https:\/\/secure.gravatar.com\/avatar\/02cf8a7906b8cf90cecb4679defac7cfd33a1c2e3b88e4903d947f3bb58eedd3?s=96&d=mm&r=g","contentUrl":"https:\/\/secure.gravatar.com\/avatar\/02cf8a7906b8cf90cecb4679defac7cfd33a1c2e3b88e4903d947f3bb58eedd3?s=96&d=mm&r=g","caption":"hegyizs"},"url":"https:\/\/www.welovecycling.com\/hu\/author\/hegyizs\/"}]}},"_links":{"self":[{"href":"https:\/\/www.welovecycling.com\/hu\/wp-json\/wp\/v2\/posts\/17924","targetHints":{"allow":["GET"]}}],"collection":[{"href":"https:\/\/www.welovecycling.com\/hu\/wp-json\/wp\/v2\/posts"}],"about":[{"href":"https:\/\/www.welovecycling.com\/hu\/wp-json\/wp\/v2\/types\/post"}],"author":[{"embeddable":true,"href":"https:\/\/www.welovecycling.com\/hu\/wp-json\/wp\/v2\/users\/71"}],"replies":[{"embeddable":true,"href":"https:\/\/www.welovecycling.com\/hu\/wp-json\/wp\/v2\/comments?post=17924"}],"version-history":[{"count":2,"href":"https:\/\/www.welovecycling.com\/hu\/wp-json\/wp\/v2\/posts\/17924\/revisions"}],"predecessor-version":[{"id":17928,"href":"https:\/\/www.welovecycling.com\/hu\/wp-json\/wp\/v2\/posts\/17924\/revisions\/17928"}],"wp:featuredmedia":[{"embeddable":true,"href":"https:\/\/www.welovecycling.com\/hu\/wp-json\/wp\/v2\/media\/17927"}],"wp:attachment":[{"href":"https:\/\/www.welovecycling.com\/hu\/wp-json\/wp\/v2\/media?parent=17924"}],"wp:term":[{"taxonomy":"category","embeddable":true,"href":"https:\/\/www.welovecycling.com\/hu\/wp-json\/wp\/v2\/categories?post=17924"},{"taxonomy":"post_tag","embeddable":true,"href":"https:\/\/www.welovecycling.com\/hu\/wp-json\/wp\/v2\/tags?post=17924"},{"taxonomy":"global-categories","embeddable":true,"href":"https:\/\/www.welovecycling.com\/hu\/wp-json\/wp\/v2\/global-categories?post=17924"}],"curies":[{"name":"wp","href":"https:\/\/api.w.org\/{rel}","templated":true}]}}