{"id":17914,"date":"2023-09-18T13:53:48","date_gmt":"2023-09-18T11:53:48","guid":{"rendered":"https:\/\/www.welovecycling.com\/hu\/?p=17914"},"modified":"2023-09-19T09:09:23","modified_gmt":"2023-09-19T07:09:23","slug":"kuss-a-vuelt-gyozelemrol-mintha-egy-meseben-lennek","status":"publish","type":"post","link":"https:\/\/www.welovecycling.com\/hu\/orszaguti-kerekpar\/kuss-a-vuelt-gyozelemrol-mintha-egy-meseben-lennek\/","title":{"rendered":"Kuss a Vuelta-gy\u0151zelemr\u0151l: mintha egy mes\u00e9ben lenn\u00e9k"},"content":{"rendered":"<p><b>A ker\u00e9kp\u00e1roz\u00e1s t\u00f6rt\u00e9nelm\u00e9ben p\u00e9lda n\u00e9lk\u00fcli eredm\u00e9nyt \u00e9rt el a Jumbo-Visma csapata, amikor egy szezonban mindh\u00e1rom nagy k\u00f6rversenyen bajnokk\u00e9nt ker\u00fcltek ki. A Primo\u017e Rogli\u010d \u00e1ltal a Giro d&#8217;Itali\u00e1n kitaposott \u00f6sv\u00e9nyt \u00e9s Jonas Vingegaard TdF-nyomdokait k\u00f6vetve Sepp Kuss leny\u0171g\u00f6z\u0151 gy\u0151zelmet aratott a Vuelta a Espa\u00f1\u00e1n.<\/b><\/p>\n<p><span style=\"font-weight: 400;\">Az amerikai a nyolcadik szakasz ut\u00e1n \u00f6lt\u00f6tte mag\u00e1ra a piros mezt, \u00e9s megtartotta vezet\u00e9s\u00e9t az eg\u00e9sz verseny alatt. A sorsford\u00edt\u00f3 pillanatnak Madridban egy vas\u00e1rnap est\u00e9n a csapatt\u00e1rsai, Vingegaard \u00e9s Rogli\u010d is szemtan\u00fai voltak, akik osztoztak a dobog\u00f3n Kuss-szal.<\/span><i><span style=\"font-weight: 400;\">&#8220;Olyan, mintha egy mes\u00e9ben lenn\u00e9k. Miut\u00e1n Primo\u017e nyert Olaszorsz\u00e1gban, \u00e9s Jonas nyert Franciaorsz\u00e1gban, \u00e9n is r\u00e9szese akartam lenni a csapat sikereinek. Az \u00f6sszes\u00edtett gy\u0151zelemre hajtottunk a Vuelt\u00e1n is. Itt \u00e1llni most az \u00f6sszetett gy\u0151ztesek\u00e9nt olyan, amit m\u00e9g a legvadabb \u00e1lmaimban sem tudtam volna elk\u00e9pzelni&#8221;<\/span><\/i><span style=\"font-weight: 400;\"> &#8211; mondta Kuss a csapat weboldala szerint.<\/span><\/p>\n<p><span style=\"font-weight: 400;\">Az \u00fcnnepel\u00e9s k\u00f6zepette Richard Plugge, a Team Jumbo-Visma vez\u00e9rigazgat\u00f3ja is kifejezte \u00e9rz\u00e9seit, \u00e9s elmondta: <\/span><i><span style=\"font-weight: 400;\">&#8220;Ez fantasztikus. Az, hogy az els\u0151, m\u00e1sodik \u00e9s harmadik helyen is mi \u00e1llunk a dobog\u00f3n, igaz\u00e1n kiv\u00e9teles&#8230; Egy\u00fctt nyerni nemcsak szlogen\u00fcnk, hanem a v\u00e9djegy\u00fcnk is.&#8221;<\/span><\/i><\/p>\n<p><span style=\"font-weight: 400;\">Kussb\u00f3l \u00e1radtak az \u00e9rzelmek: <\/span><i><span style=\"font-weight: 400;\">&#8220;Eltart egy darabig, mire ezt felfogom. \u00dagy \u00e9reztem, hogy lehets\u00e9ges. Napr\u00f3l napra er\u0151sebb \u00e9s magabiztosabb lettem. Amikor ehhez hozz\u00e1adod a csapat erej\u00e9t, k\u00e9pes vagy szemben\u00e9zni az eg\u00e9sz vil\u00e1ggal. Az elm\u00falt hetekben sz\u00e1rnyaim n\u0151ttek. H\u00e1l\u00e1s vagyok Jonasnak, Primo\u017enak \u00e9s a t\u00f6bbieknek a t\u00e1mogat\u00e1suk\u00e9rt. Ez egy olyan eredm\u00e9ny, amire eg\u00e9sz \u00e9letemben eml\u00e9kezni fogok. Ugyanez vonatkozik a vil\u00e1g minden t\u00e1j\u00e1r\u00f3l \u00e9rkez\u0151 szurkol\u00f3kra is. Szeretn\u00e9m megk\u00f6sz\u00f6nni mindenkinek, aki hozz\u00e1j\u00e1rult ehhez a sikerhez. Egy\u00fctt \u00edrtunk t\u00f6rt\u00e9nelmet.&#8221;<\/span><\/i><\/p>\n<p><span style=\"font-weight: 400;\">A csapat 2023-ban 62 gy\u0151zelmet szerzett, m\u00e9gis al\u00e1zatos \u00e9s c\u00e9ltudatos marad. &#8220;<\/span><i><span style=\"font-weight: 400;\">H\u00e1rom k\u00fcl\u00f6nb\u00f6z\u0151 versenyz\u0151vel ugyanabban az \u00e9vben h\u00e1rom nagy k\u00f6rversenyt nyerni az elm\u00falt t\u00edz \u00e9v legnagyobb eredm\u00e9nye<\/span><\/i><span style=\"font-weight: 400;\">&#8221; &#8211; tette hozz\u00e1 Plugge.<\/span><\/p>\n<p><span style=\"font-weight: 400;\">Az eml\u00e9kezetes sikert \u0151rzik az \u00faj csapatmezek, amik s\u00e1rg\u00e1r\u00f3l egy l\u00e1tv\u00e1nyos, teljesen fekete \u00f6ssze\u00e1ll\u00edt\u00e1sra v\u00e1ltottak, r\u00f3zsasz\u00edn, s\u00e1rga \u00e9s piros d\u00edsz\u00edt\u00e9sekkel, a Grand Tour gy\u0151zelmek szimb\u00f3lumak\u00e9nt. Az biztos, hogy a csapat bev\u00e9ste a nev\u00e9t a ker\u00e9kp\u00e1roz\u00e1s t\u00f6rt\u00e9nelm\u00e9be.<\/span><\/p>\n","protected":false},"excerpt":{"rendered":"<p>A ker\u00e9kp\u00e1roz\u00e1s t\u00f6rt\u00e9nelm\u00e9ben p\u00e9lda n\u00e9lk\u00fcli eredm\u00e9nyt \u00e9rt el a Jumbo-Visma csapata, amikor egy szezonban mindh\u00e1rom nagy k\u00f6rversenyen bajnokk\u00e9nt ker\u00fcltek ki. [&hellip;]<\/p>\n","protected":false},"author":145,"featured_media":17915,"comment_status":"open","ping_status":"open","sticky":false,"template":"","format":"standard","meta":{"footnotes":""},"categories":[8],"tags":[],"global-categories":[419],"class_list":["post-17914","post","type-post","status-publish","format-standard","has-post-thumbnail","hentry","category-orszaguti-kerekpar","global-categories-cycling"],"yoast_head":"<!-- This site is optimized with the Yoast SEO Premium plugin v25.3 (Yoast SEO v25.9) - https:\/\/yoast.com\/wordpress\/plugins\/seo\/ -->\n<title>Kuss a Vuelta-gy\u0151zelemr\u0151l: mintha egy mes\u00e9ben lenn\u00e9k - \u0160koda We Love Cycling - Magyarorsz\u00e1g<\/title>\n<meta name=\"robots\" content=\"index, follow, max-snippet:-1, max-image-preview:large, max-video-preview:-1\" \/>\n<link rel=\"canonical\" href=\"https:\/\/www.welovecycling.com\/hu\/orszaguti-kerekpar\/kuss-a-vuelt-gyozelemrol-mintha-egy-meseben-lennek\/\" \/>\n<meta property=\"og:locale\" content=\"hu_HU\" \/>\n<meta property=\"og:type\" content=\"article\" \/>\n<meta property=\"og:title\" content=\"Kuss a Vuelta-gy\u0151zelemr\u0151l: mintha egy mes\u00e9ben lenn\u00e9k\" \/>\n<meta property=\"og:description\" content=\"A ker\u00e9kp\u00e1roz\u00e1s t\u00f6rt\u00e9nelm\u00e9ben p\u00e9lda n\u00e9lk\u00fcli eredm\u00e9nyt \u00e9rt el a Jumbo-Visma csapata, amikor egy szezonban mindh\u00e1rom nagy k\u00f6rversenyen bajnokk\u00e9nt ker\u00fcltek ki. [&hellip;]\" \/>\n<meta property=\"og:url\" content=\"https:\/\/www.welovecycling.com\/hu\/orszaguti-kerekpar\/kuss-a-vuelt-gyozelemrol-mintha-egy-meseben-lennek\/\" \/>\n<meta property=\"og:site_name\" content=\"\u0160koda We Love Cycling - Magyarorsz\u00e1g\" \/>\n<meta property=\"article:publisher\" content=\"https:\/\/www.facebook.com\/WeLoveCyclingHungary\/\" \/>\n<meta property=\"article:published_time\" content=\"2023-09-18T11:53:48+00:00\" \/>\n<meta property=\"article:modified_time\" content=\"2023-09-19T07:09:23+00:00\" \/>\n<meta property=\"og:image\" content=\"https:\/\/d2p6e6u75xmxt8.cloudfront.net\/12\/2023\/09\/ezgif.com-webp-to-jpg.webp\" \/>\n\t<meta property=\"og:image:width\" content=\"990\" \/>\n\t<meta property=\"og:image:height\" content=\"660\" \/>\n\t<meta property=\"og:image:type\" content=\"image\/webp\" \/>\n<meta name=\"author\" content=\"kitti\" \/>\n<meta name=\"twitter:card\" content=\"summary_large_image\" \/>\n<meta name=\"twitter:label1\" content=\"Written by\" \/>\n\t<meta name=\"twitter:data1\" content=\"We Love Cycling\" \/>\n\t<meta name=\"twitter:label2\" content=\"Est. reading time\" \/>\n\t<meta name=\"twitter:data2\" content=\"2 minutes\" \/>\n<script type=\"application\/ld+json\" class=\"yoast-schema-graph\">{\"@context\":\"https:\/\/schema.org\",\"@graph\":[{\"@type\":\"WebPage\",\"@id\":\"https:\/\/www.welovecycling.com\/hu\/orszaguti-kerekpar\/kuss-a-vuelt-gyozelemrol-mintha-egy-meseben-lennek\/\",\"url\":\"https:\/\/www.welovecycling.com\/hu\/orszaguti-kerekpar\/kuss-a-vuelt-gyozelemrol-mintha-egy-meseben-lennek\/\",\"name\":\"Kuss a Vuelta-gy\u0151zelemr\u0151l: mintha egy mes\u00e9ben lenn\u00e9k - \u0160koda We Love Cycling - Magyarorsz\u00e1g\",\"isPartOf\":{\"@id\":\"https:\/\/www.welovecycling.com\/hu\/#website\"},\"primaryImageOfPage\":{\"@id\":\"https:\/\/www.welovecycling.com\/hu\/orszaguti-kerekpar\/kuss-a-vuelt-gyozelemrol-mintha-egy-meseben-lennek\/#primaryimage\"},\"image\":{\"@id\":\"https:\/\/www.welovecycling.com\/hu\/orszaguti-kerekpar\/kuss-a-vuelt-gyozelemrol-mintha-egy-meseben-lennek\/#primaryimage\"},\"thumbnailUrl\":\"https:\/\/d2p6e6u75xmxt8.cloudfront.net\/12\/2023\/09\/ezgif.com-webp-to-jpg.webp\",\"datePublished\":\"2023-09-18T11:53:48+00:00\",\"dateModified\":\"2023-09-19T07:09:23+00:00\",\"author\":{\"@id\":\"https:\/\/www.welovecycling.com\/hu\/#\/schema\/person\/bec7dcdbcc59f58489cf603e4040ced1\"},\"breadcrumb\":{\"@id\":\"https:\/\/www.welovecycling.com\/hu\/orszaguti-kerekpar\/kuss-a-vuelt-gyozelemrol-mintha-egy-meseben-lennek\/#breadcrumb\"},\"inLanguage\":\"hu\",\"potentialAction\":[{\"@type\":\"ReadAction\",\"target\":[\"https:\/\/www.welovecycling.com\/hu\/orszaguti-kerekpar\/kuss-a-vuelt-gyozelemrol-mintha-egy-meseben-lennek\/\"]}]},{\"@type\":\"ImageObject\",\"inLanguage\":\"hu\",\"@id\":\"https:\/\/www.welovecycling.com\/hu\/orszaguti-kerekpar\/kuss-a-vuelt-gyozelemrol-mintha-egy-meseben-lennek\/#primaryimage\",\"url\":\"https:\/\/d2p6e6u75xmxt8.cloudfront.net\/12\/2023\/09\/ezgif.com-webp-to-jpg.webp\",\"contentUrl\":\"https:\/\/d2p6e6u75xmxt8.cloudfront.net\/12\/2023\/09\/ezgif.com-webp-to-jpg.webp\",\"width\":990,\"height\":660},{\"@type\":\"BreadcrumbList\",\"@id\":\"https:\/\/www.welovecycling.com\/hu\/orszaguti-kerekpar\/kuss-a-vuelt-gyozelemrol-mintha-egy-meseben-lennek\/#breadcrumb\",\"itemListElement\":[{\"@type\":\"ListItem\",\"position\":1,\"name\":\"Home\",\"item\":\"https:\/\/www.welovecycling.com\/hu\/\"},{\"@type\":\"ListItem\",\"position\":2,\"name\":\"Kuss a Vuelta-gy\u0151zelemr\u0151l: mintha egy mes\u00e9ben lenn\u00e9k\"}]},{\"@type\":\"WebSite\",\"@id\":\"https:\/\/www.welovecycling.com\/hu\/#website\",\"url\":\"https:\/\/www.welovecycling.com\/hu\/\",\"name\":\"\u0160koda We Love Cycling - Magyarorsz\u00e1g\",\"description\":\"\u0160koda WeLoveCycling\",\"potentialAction\":[{\"@type\":\"SearchAction\",\"target\":{\"@type\":\"EntryPoint\",\"urlTemplate\":\"https:\/\/www.welovecycling.com\/hu\/?s={search_term_string}\"},\"query-input\":{\"@type\":\"PropertyValueSpecification\",\"valueRequired\":true,\"valueName\":\"search_term_string\"}}],\"inLanguage\":\"hu\"},{\"@type\":\"Person\",\"@id\":\"https:\/\/www.welovecycling.com\/hu\/#\/schema\/person\/bec7dcdbcc59f58489cf603e4040ced1\",\"name\":\"kitti\",\"image\":{\"@type\":\"ImageObject\",\"inLanguage\":\"hu\",\"@id\":\"https:\/\/www.welovecycling.com\/hu\/#\/schema\/person\/image\/\",\"url\":\"https:\/\/secure.gravatar.com\/avatar\/e3196a110e1b57b96f56d92d10ce9bb4e9d7210076832a16243337e949410b52?s=96&d=mm&r=g\",\"contentUrl\":\"https:\/\/secure.gravatar.com\/avatar\/e3196a110e1b57b96f56d92d10ce9bb4e9d7210076832a16243337e949410b52?s=96&d=mm&r=g\",\"caption\":\"kitti\"},\"url\":\"https:\/\/www.welovecycling.com\/hu\/author\/kitti\/\"}]}<\/script>\n<!-- \/ Yoast SEO Premium plugin. -->","yoast_head_json":{"title":"Kuss a Vuelta-gy\u0151zelemr\u0151l: mintha egy mes\u00e9ben lenn\u00e9k - \u0160koda We Love Cycling - Magyarorsz\u00e1g","robots":{"index":"index","follow":"follow","max-snippet":"max-snippet:-1","max-image-preview":"max-image-preview:large","max-video-preview":"max-video-preview:-1"},"canonical":"https:\/\/www.welovecycling.com\/hu\/orszaguti-kerekpar\/kuss-a-vuelt-gyozelemrol-mintha-egy-meseben-lennek\/","og_locale":"hu_HU","og_type":"article","og_title":"Kuss a Vuelta-gy\u0151zelemr\u0151l: mintha egy mes\u00e9ben lenn\u00e9k","og_description":"A ker\u00e9kp\u00e1roz\u00e1s t\u00f6rt\u00e9nelm\u00e9ben p\u00e9lda n\u00e9lk\u00fcli eredm\u00e9nyt \u00e9rt el a Jumbo-Visma csapata, amikor egy szezonban mindh\u00e1rom nagy k\u00f6rversenyen bajnokk\u00e9nt ker\u00fcltek ki. [&hellip;]","og_url":"https:\/\/www.welovecycling.com\/hu\/orszaguti-kerekpar\/kuss-a-vuelt-gyozelemrol-mintha-egy-meseben-lennek\/","og_site_name":"\u0160koda We Love Cycling - Magyarorsz\u00e1g","article_publisher":"https:\/\/www.facebook.com\/WeLoveCyclingHungary\/","article_published_time":"2023-09-18T11:53:48+00:00","article_modified_time":"2023-09-19T07:09:23+00:00","og_image":[{"width":990,"height":660,"url":"https:\/\/d2p6e6u75xmxt8.cloudfront.net\/12\/2023\/09\/ezgif.com-webp-to-jpg.webp","type":"image\/webp"}],"author":"kitti","twitter_card":"summary_large_image","twitter_misc":{"Written by":"We Love Cycling","Est. reading time":"2 minutes"},"schema":{"@context":"https:\/\/schema.org","@graph":[{"@type":"WebPage","@id":"https:\/\/www.welovecycling.com\/hu\/orszaguti-kerekpar\/kuss-a-vuelt-gyozelemrol-mintha-egy-meseben-lennek\/","url":"https:\/\/www.welovecycling.com\/hu\/orszaguti-kerekpar\/kuss-a-vuelt-gyozelemrol-mintha-egy-meseben-lennek\/","name":"Kuss a Vuelta-gy\u0151zelemr\u0151l: mintha egy mes\u00e9ben lenn\u00e9k - \u0160koda We Love Cycling - Magyarorsz\u00e1g","isPartOf":{"@id":"https:\/\/www.welovecycling.com\/hu\/#website"},"primaryImageOfPage":{"@id":"https:\/\/www.welovecycling.com\/hu\/orszaguti-kerekpar\/kuss-a-vuelt-gyozelemrol-mintha-egy-meseben-lennek\/#primaryimage"},"image":{"@id":"https:\/\/www.welovecycling.com\/hu\/orszaguti-kerekpar\/kuss-a-vuelt-gyozelemrol-mintha-egy-meseben-lennek\/#primaryimage"},"thumbnailUrl":"https:\/\/d2p6e6u75xmxt8.cloudfront.net\/12\/2023\/09\/ezgif.com-webp-to-jpg.webp","datePublished":"2023-09-18T11:53:48+00:00","dateModified":"2023-09-19T07:09:23+00:00","author":{"@id":"https:\/\/www.welovecycling.com\/hu\/#\/schema\/person\/bec7dcdbcc59f58489cf603e4040ced1"},"breadcrumb":{"@id":"https:\/\/www.welovecycling.com\/hu\/orszaguti-kerekpar\/kuss-a-vuelt-gyozelemrol-mintha-egy-meseben-lennek\/#breadcrumb"},"inLanguage":"hu","potentialAction":[{"@type":"ReadAction","target":["https:\/\/www.welovecycling.com\/hu\/orszaguti-kerekpar\/kuss-a-vuelt-gyozelemrol-mintha-egy-meseben-lennek\/"]}]},{"@type":"ImageObject","inLanguage":"hu","@id":"https:\/\/www.welovecycling.com\/hu\/orszaguti-kerekpar\/kuss-a-vuelt-gyozelemrol-mintha-egy-meseben-lennek\/#primaryimage","url":"https:\/\/d2p6e6u75xmxt8.cloudfront.net\/12\/2023\/09\/ezgif.com-webp-to-jpg.webp","contentUrl":"https:\/\/d2p6e6u75xmxt8.cloudfront.net\/12\/2023\/09\/ezgif.com-webp-to-jpg.webp","width":990,"height":660},{"@type":"BreadcrumbList","@id":"https:\/\/www.welovecycling.com\/hu\/orszaguti-kerekpar\/kuss-a-vuelt-gyozelemrol-mintha-egy-meseben-lennek\/#breadcrumb","itemListElement":[{"@type":"ListItem","position":1,"name":"Home","item":"https:\/\/www.welovecycling.com\/hu\/"},{"@type":"ListItem","position":2,"name":"Kuss a Vuelta-gy\u0151zelemr\u0151l: mintha egy mes\u00e9ben lenn\u00e9k"}]},{"@type":"WebSite","@id":"https:\/\/www.welovecycling.com\/hu\/#website","url":"https:\/\/www.welovecycling.com\/hu\/","name":"\u0160koda We Love Cycling - Magyarorsz\u00e1g","description":"\u0160koda WeLoveCycling","potentialAction":[{"@type":"SearchAction","target":{"@type":"EntryPoint","urlTemplate":"https:\/\/www.welovecycling.com\/hu\/?s={search_term_string}"},"query-input":{"@type":"PropertyValueSpecification","valueRequired":true,"valueName":"search_term_string"}}],"inLanguage":"hu"},{"@type":"Person","@id":"https:\/\/www.welovecycling.com\/hu\/#\/schema\/person\/bec7dcdbcc59f58489cf603e4040ced1","name":"kitti","image":{"@type":"ImageObject","inLanguage":"hu","@id":"https:\/\/www.welovecycling.com\/hu\/#\/schema\/person\/image\/","url":"https:\/\/secure.gravatar.com\/avatar\/e3196a110e1b57b96f56d92d10ce9bb4e9d7210076832a16243337e949410b52?s=96&d=mm&r=g","contentUrl":"https:\/\/secure.gravatar.com\/avatar\/e3196a110e1b57b96f56d92d10ce9bb4e9d7210076832a16243337e949410b52?s=96&d=mm&r=g","caption":"kitti"},"url":"https:\/\/www.welovecycling.com\/hu\/author\/kitti\/"}]}},"_links":{"self":[{"href":"https:\/\/www.welovecycling.com\/hu\/wp-json\/wp\/v2\/posts\/17914","targetHints":{"allow":["GET"]}}],"collection":[{"href":"https:\/\/www.welovecycling.com\/hu\/wp-json\/wp\/v2\/posts"}],"about":[{"href":"https:\/\/www.welovecycling.com\/hu\/wp-json\/wp\/v2\/types\/post"}],"author":[{"embeddable":true,"href":"https:\/\/www.welovecycling.com\/hu\/wp-json\/wp\/v2\/users\/145"}],"replies":[{"embeddable":true,"href":"https:\/\/www.welovecycling.com\/hu\/wp-json\/wp\/v2\/comments?post=17914"}],"version-history":[{"count":2,"href":"https:\/\/www.welovecycling.com\/hu\/wp-json\/wp\/v2\/posts\/17914\/revisions"}],"predecessor-version":[{"id":17917,"href":"https:\/\/www.welovecycling.com\/hu\/wp-json\/wp\/v2\/posts\/17914\/revisions\/17917"}],"wp:featuredmedia":[{"embeddable":true,"href":"https:\/\/www.welovecycling.com\/hu\/wp-json\/wp\/v2\/media\/17915"}],"wp:attachment":[{"href":"https:\/\/www.welovecycling.com\/hu\/wp-json\/wp\/v2\/media?parent=17914"}],"wp:term":[{"taxonomy":"category","embeddable":true,"href":"https:\/\/www.welovecycling.com\/hu\/wp-json\/wp\/v2\/categories?post=17914"},{"taxonomy":"post_tag","embeddable":true,"href":"https:\/\/www.welovecycling.com\/hu\/wp-json\/wp\/v2\/tags?post=17914"},{"taxonomy":"global-categories","embeddable":true,"href":"https:\/\/www.welovecycling.com\/hu\/wp-json\/wp\/v2\/global-categories?post=17914"}],"curies":[{"name":"wp","href":"https:\/\/api.w.org\/{rel}","templated":true}]}}