{"id":17905,"date":"2023-09-21T08:00:37","date_gmt":"2023-09-21T06:00:37","guid":{"rendered":"https:\/\/www.welovecycling.com\/hu\/?p=17905"},"modified":"2023-09-18T11:51:23","modified_gmt":"2023-09-18T09:51:23","slug":"teljesitmenyadatok-a-grand-tourokon-sokkolo-idofutam-eredmenyek","status":"publish","type":"post","link":"https:\/\/www.welovecycling.com\/hu\/orszaguti-kerekpar\/teljesitmenyadatok-a-grand-tourokon-sokkolo-idofutam-eredmenyek\/","title":{"rendered":"Teljes\u00edtm\u00e9nyadatok a Grand Tourokon &#8211; Sokkol\u00f3 id\u0151futam eredm\u00e9nyek"},"content":{"rendered":"<p><strong>A 2023-as Tour de France egy\u00e9ni id\u0151futam\u00e1n Jonas Vingegaard mindenkit meglepett, bele\u00e9rtve saj\u00e1t mag\u00e1t is. Az \u00e1ltala el\u00e9rt gy\u0151zelmi k\u00fcl\u00f6nbs\u00e9g \u00e9s a megtartott teljes\u00edtm\u00e9ny-ar\u00e1ny el\u00e9g l\u00e1tv\u00e1nyos. N\u00e9zz\u00fck meg k\u00f6zelebbr\u0151l!<\/strong><\/p>\n<p><!--more--><\/p>\n<h2><strong>Az id\u0151futam els\u0151 fele<\/strong><\/h2>\n<p>M\u00e1r az els\u0151 ellen\u0151rz\u0151pontn\u00e1l egy\u00e9rtelm\u0171 volt, hogy Jonas semmit nem vesz f\u00e9lv\u00e1llr\u00f3l. Az els\u0151 id\u0151futamon 16 m\u00e1sodperccel el\u0151zte meg riv\u00e1lis\u00e1t, Tadej Poga\u010dart \u00e9s 49 m\u00e1sodperccel Jumbo-Visma csapatt\u00e1rs\u00e1t, Wout Van Aertet. Az edz\u0151i k\u00e9s\u0151bb azt mondt\u00e1k, hogy agg\u00f3dtak, hogy az id\u0151futam k\u00e9s\u0151bbi szakasz\u00e1ban meg fog fizetni a vill\u00e1mgyors rajt\u00e9rt. Ez azonban nem \u00edgy t\u00f6rt\u00e9nt:<\/p>\n<ul>\n<li>Vingegaard: id\u0151 19:05; \u00e1tlagsebess\u00e9g 50,6 km\/h<\/li>\n<li>Poga\u010dar: id\u0151 19:36; \u00e1tlagsebess\u00e9g 49,3 km\/\u00f3ra<\/li>\n<li>Van Aert: id\u0151 20:16; \u00e1tlagsebess\u00e9g 47,6 km\/h<\/li>\n<\/ul>\n<h2><strong>A hegyek kir\u00e1lya<\/strong><\/h2>\n<p>A C\u00f4te de Domancy megm\u00e1sz\u00e1sa sor\u00e1n Giulio Ciccone Neilson Powless-szel csat\u00e1zott a p\u00f6tty\u00f6s mez\u00e9rt, \u00e9s egy\u00e9rtelm\u0171 volt, hogy mindketten mindent megtettek a maxim\u00e1lis pontsz\u00e1m megszerz\u00e9s\u00e9\u00e9rt. Ultrak\u00f6nny\u0171 hegym\u00e1sz\u00f3 biciklikre v\u00e1ltottak az emelked\u0151 el\u0151tt. Ciccone meg tudta verni Vingegaardot ezen a szakaszon, de csak 3 m\u00e1sodperccel annak ellen\u00e9re, hogy az id\u0151futam els\u0151 fel\u00e9ben \u00e9rezhet\u0151en lassabban tekert, \u00e9s az emelked\u0151 el\u0151tt biciklit v\u00e1ltott.<\/p>\n<h4>C\u00f4te de Domancy (a 2. ellen\u0151rz\u0151 pontt\u00f3l a 3. ellen\u0151rz\u0151 pontig):<\/h4>\n<ul>\n<li>Ciccone: 6:44; ~7,4W\/kg<\/li>\n<li>Vingegaard: 6:47; ~7,4W\/kg<\/li>\n<li>Powless: 7:20; 6,5W\/kg<\/li>\n<li>Poga\u010dar: 7:21; ~6,5W\/kg<\/li>\n<li>Van Aert: 7:26; ~6,4W\/kg<\/li>\n<\/ul>\n<h2><strong>Az id\u0151futam m\u00e1sodik fele<\/strong><\/h2>\n<p>A p\u00e1lya tov\u00e1bb emelkedett eg\u00e9szen a Combloux-i c\u00e9lvonalig. Ez volt az a szakasz, ahol Jonas Vingegaard t\u00f6bb mint 13 percen kereszt\u00fcl folyamatosan k\u00f6r\u00fclbel\u00fcl 7,4 W\/kg teljes\u00edtm\u00e9ny\/t\u00f6meg ar\u00e1nyban tudott tekerni. Ez a teljes\u00edtm\u00e9ny val\u00f3ban nem evil\u00e1gi, k\u00fcl\u00f6n\u00f6sen akkor, ha a Tour de France t\u00f6bb mint 2 hetes, megterhel\u0151 verseny\u00e9r\u0151l besz\u00e9l\u00fcnk.<\/p>\n<h4>A Combloux-ba vezet\u0151 emelked\u0151 (a 2. ellen\u0151rz\u0151 pontt\u00f3l a c\u00e9lvonalig):<\/h4>\n<ul>\n<li>Vingegaard: 13:31; ~7,4W\/kg<\/li>\n<li>Poga\u010dar: 14:38; ~6,7W\/kg<\/li>\n<li>Van Aert: 15:11; ~6,2W\/kg<\/li>\n<\/ul>\n<figure id=\"attachment_17906\" aria-describedby=\"caption-attachment-17906\" style=\"width: 1250px\" class=\"wp-caption alignnone\"><a href=\"https:\/\/d2p6e6u75xmxt8.cloudfront.net\/12\/2023\/09\/Wout-van-Aert-profimedia-0789991910.webp\"><img loading=\"lazy\" decoding=\"async\" class=\"wp-image-17906 size-full\" src=\"https:\/\/d2p6e6u75xmxt8.cloudfront.net\/12\/2023\/09\/Wout-van-Aert-profimedia-0789991910.webp\" alt=\"Van Aert a Tour de France 16. szakasz\u00e1nak c\u00e9lj\u00e1ban. \u00a9 Profimedia\" width=\"1250\" height=\"833\" srcset=\"https:\/\/d2p6e6u75xmxt8.cloudfront.net\/12\/2023\/09\/Wout-van-Aert-profimedia-0789991910.webp 1250w, https:\/\/d2p6e6u75xmxt8.cloudfront.net\/12\/2023\/09\/Wout-van-Aert-profimedia-0789991910-300x200.webp 300w, https:\/\/d2p6e6u75xmxt8.cloudfront.net\/12\/2023\/09\/Wout-van-Aert-profimedia-0789991910-1024x682.webp 1024w, https:\/\/d2p6e6u75xmxt8.cloudfront.net\/12\/2023\/09\/Wout-van-Aert-profimedia-0789991910-768x512.webp 768w, https:\/\/d2p6e6u75xmxt8.cloudfront.net\/12\/2023\/09\/Wout-van-Aert-profimedia-0789991910-400x267.webp 400w, https:\/\/d2p6e6u75xmxt8.cloudfront.net\/12\/2023\/09\/Wout-van-Aert-profimedia-0789991910-272x182.webp 272w\" sizes=\"auto, (max-width: 1250px) 100vw, 1250px\" \/><\/a><figcaption id=\"caption-attachment-17906\" class=\"wp-caption-text\">Van Aert a Tour de France 16. szakasz\u00e1nak c\u00e9lj\u00e1ban. \u00a9 Profimedia<\/figcaption><\/figure>\n<h2><strong>A modern biciklisport t\u00f6rt\u00e9net\u00e9nek legnagyobb id\u0151futam gy\u0151zelme<\/strong><\/h2>\n<p>Ahhoz, hogy Vingegaard gy\u0151zelm\u00e9t megfelel\u0151 perspekt\u00edv\u00e1ba helyezz\u00fck, n\u00e9zz\u00fck meg az elm\u00falt 10 \u00e9v legleny\u0171g\u00f6z\u0151bb id\u0151futam gy\u0151zelmeit a Grand Tourokon. A 2014-es Tour de France 20. szakasz\u00e1n p\u00e9ld\u00e1ul Tony Martin 1 perc 39 m\u00e1sodperccel el\u0151zte meg Tom Dumoulint, ami 1 m\u00e1sodperccel t\u00f6bb, mint Vingegaard gy\u0151zelmi k\u00fcl\u00f6nb\u00f6zete. A probl\u00e9ma az, hogy a 2014-es id\u0151futam 54 km hossz\u00fa volt, a gy\u0151ztes ideje pedig t\u00f6bb mint 1 \u00f3ra 6 perc lett, t\u00f6bb mint k\u00e9tszer olyan hossz\u00fa, mint 2023-ban.<\/p>\n<p>Ha a p\u00e1lya hossz\u00e1t \u00e9s a c\u00e9lba \u00e9r\u00e9si id\u0151t vessz\u00fck figyelembe, a legfigyelemrem\u00e9lt\u00f3bb gy\u0151zelmi k\u00fcl\u00f6nbs\u00e9g Tadej Poga\u010dar 1 perc 21 m\u00e1sodperce a 2020-as Tour de France 20. szakasz\u00e1n, ahol 55 perc 55 m\u00e1sodperc alatt \u00e9rt c\u00e9lba 36,2 km megt\u00e9tele ut\u00e1n. Ugyanilyen leny\u0171g\u00f6z\u0151 Primo\u017e Rogli\u010d 19 m\u00e1sodperce a 2019-es Giro d&#8217;Italia 1. szakasz\u00e1n, miut\u00e1n 8 km hossz\u00fa p\u00e1ly\u00e1n 12 perc 54 m\u00e1sodperc alatt \u00e9rt c\u00e9lba.<\/p>\n<p>Egyik\u00fck sem k\u00f6zel\u00edti meg azonban Jonas Vingegaardot, aki a 22,4 km-es t\u00e1von 1 perc 38 m\u00e1sodperccel a 2. helyezett el\u0151tt 32 perc 36 m\u00e1sodperccel \u00e9rt c\u00e9lba. \u00c9s ne feledj\u00fck, ha nem lett volna Tadej Poga\u010dar, akkor a gy\u0151zelmi id\u0151 2 perc 51 m\u00e1sodperc lenne a 3. Wout Van Aert el\u0151tt, aki mint tudjuk, egy\u00e1ltal\u00e1n nem sz\u00e1m\u00edt gyeng\u00e9nek, ha id\u0151futamr\u00f3l besz\u00e9l\u00fcnk.<\/p>\n<p>A 2023-as rekordot jelent\u0151 teljes\u00edtm\u00e9nysz\u00e1mok nem kiz\u00e1r\u00f3lag Vingegaard \u00e9s Poga\u010dar \u00e9rdemei. A sorozat k\u00f6vetkez\u0151 r\u00e9sz\u00e9ben m\u00e1s versenyz\u0151ket is g\u00f3rcs\u0151 al\u00e1 vesz\u00fcnk, akik ikonikus Grand Tour-emelked\u0151k\u00f6n mutattak be elk\u00e9peszt\u0151 teljes\u00edtm\u00e9nyt.<\/p>\n","protected":false},"excerpt":{"rendered":"<p>A 2023-as Tour de France egy\u00e9ni id\u0151futam\u00e1n Jonas Vingegaard mindenkit meglepett, bele\u00e9rtve saj\u00e1t mag\u00e1t is. Az \u00e1ltala el\u00e9rt gy\u0151zelmi k\u00fcl\u00f6nbs\u00e9g [&hellip;]<\/p>\n","protected":false},"author":71,"featured_media":17908,"comment_status":"open","ping_status":"open","sticky":false,"template":"","format":"standard","meta":{"footnotes":""},"categories":[8],"tags":[],"global-categories":[],"class_list":["post-17905","post","type-post","status-publish","format-standard","has-post-thumbnail","hentry","category-orszaguti-kerekpar"],"yoast_head":"<!-- This site is optimized with the Yoast SEO Premium plugin v25.3 (Yoast SEO v25.9) - https:\/\/yoast.com\/wordpress\/plugins\/seo\/ -->\n<title>Teljes\u00edtm\u00e9nyadatok a Grand Tourokon - Sokkol\u00f3 id\u0151futam eredm\u00e9nyek<\/title>\n<meta name=\"description\" content=\"A 2023-as Tour de France egy\u00e9ni id\u0151futam\u00e1n Jonas Vingegaard mindenkit meglepett, bele\u00e9rtve saj\u00e1t mag\u00e1t is. Az \u00e1ltala el\u00e9rt gy\u0151zelmi k\u00fcl\u00f6nbs\u00e9g \u00e9s a megtartott teljes\u00edtm\u00e9ny-ar\u00e1ny el\u00e9g l\u00e1tv\u00e1nyos. N\u00e9zz\u00fck meg k\u00f6zelebbr\u0151l!\" \/>\n<meta name=\"robots\" content=\"index, follow, max-snippet:-1, max-image-preview:large, max-video-preview:-1\" \/>\n<link rel=\"canonical\" href=\"https:\/\/www.welovecycling.com\/hu\/orszaguti-kerekpar\/teljesitmenyadatok-a-grand-tourokon-sokkolo-idofutam-eredmenyek\/\" \/>\n<meta property=\"og:locale\" content=\"hu_HU\" \/>\n<meta property=\"og:type\" content=\"article\" \/>\n<meta property=\"og:title\" content=\"Teljes\u00edtm\u00e9nyadatok a Grand Tourokon - Sokkol\u00f3 id\u0151futam eredm\u00e9nyek\" \/>\n<meta property=\"og:description\" content=\"A 2023-as Tour de France egy\u00e9ni id\u0151futam\u00e1n Jonas Vingegaard mindenkit meglepett, bele\u00e9rtve saj\u00e1t mag\u00e1t is. Az \u00e1ltala el\u00e9rt gy\u0151zelmi k\u00fcl\u00f6nbs\u00e9g \u00e9s a megtartott teljes\u00edtm\u00e9ny-ar\u00e1ny el\u00e9g l\u00e1tv\u00e1nyos. N\u00e9zz\u00fck meg k\u00f6zelebbr\u0151l!\" \/>\n<meta property=\"og:url\" content=\"https:\/\/www.welovecycling.com\/hu\/orszaguti-kerekpar\/teljesitmenyadatok-a-grand-tourokon-sokkolo-idofutam-eredmenyek\/\" \/>\n<meta property=\"og:site_name\" content=\"\u0160koda We Love Cycling - Magyarorsz\u00e1g\" \/>\n<meta property=\"article:publisher\" content=\"https:\/\/www.facebook.com\/WeLoveCyclingHungary\/\" \/>\n<meta property=\"article:published_time\" content=\"2023-09-21T06:00:37+00:00\" \/>\n<meta property=\"og:image\" content=\"https:\/\/d2p6e6u75xmxt8.cloudfront.net\/12\/2023\/09\/Vingegaard-Tour-de-France-Time-Trial-profimedia-0790004608-CVR.webp\" \/>\n\t<meta property=\"og:image:width\" content=\"990\" \/>\n\t<meta property=\"og:image:height\" content=\"660\" \/>\n\t<meta property=\"og:image:type\" content=\"image\/webp\" \/>\n<meta name=\"author\" content=\"hegyizs\" \/>\n<meta name=\"twitter:card\" content=\"summary_large_image\" \/>\n<meta name=\"twitter:label1\" content=\"Written by\" \/>\n\t<meta name=\"twitter:data1\" content=\"Jiri Kaloc\" \/>\n\t<meta name=\"twitter:label2\" content=\"Est. reading time\" \/>\n\t<meta name=\"twitter:data2\" content=\"4\" \/>\n<script type=\"application\/ld+json\" class=\"yoast-schema-graph\">{\"@context\":\"https:\/\/schema.org\",\"@graph\":[{\"@type\":\"WebPage\",\"@id\":\"https:\/\/www.welovecycling.com\/hu\/orszaguti-kerekpar\/teljesitmenyadatok-a-grand-tourokon-sokkolo-idofutam-eredmenyek\/\",\"url\":\"https:\/\/www.welovecycling.com\/hu\/orszaguti-kerekpar\/teljesitmenyadatok-a-grand-tourokon-sokkolo-idofutam-eredmenyek\/\",\"name\":\"Teljes\u00edtm\u00e9nyadatok a Grand Tourokon - Sokkol\u00f3 id\u0151futam eredm\u00e9nyek\",\"isPartOf\":{\"@id\":\"https:\/\/www.welovecycling.com\/hu\/#website\"},\"primaryImageOfPage\":{\"@id\":\"https:\/\/www.welovecycling.com\/hu\/orszaguti-kerekpar\/teljesitmenyadatok-a-grand-tourokon-sokkolo-idofutam-eredmenyek\/#primaryimage\"},\"image\":{\"@id\":\"https:\/\/www.welovecycling.com\/hu\/orszaguti-kerekpar\/teljesitmenyadatok-a-grand-tourokon-sokkolo-idofutam-eredmenyek\/#primaryimage\"},\"thumbnailUrl\":\"https:\/\/d2p6e6u75xmxt8.cloudfront.net\/12\/2023\/09\/Vingegaard-Tour-de-France-Time-Trial-profimedia-0790004608-CVR.webp\",\"datePublished\":\"2023-09-21T06:00:37+00:00\",\"author\":{\"@id\":\"https:\/\/www.welovecycling.com\/hu\/#\/schema\/person\/414a2aebf1801691a5320edb6468e194\"},\"description\":\"A 2023-as Tour de France egy\u00e9ni id\u0151futam\u00e1n Jonas Vingegaard mindenkit meglepett, bele\u00e9rtve saj\u00e1t mag\u00e1t is. Az \u00e1ltala el\u00e9rt gy\u0151zelmi k\u00fcl\u00f6nbs\u00e9g \u00e9s a megtartott teljes\u00edtm\u00e9ny-ar\u00e1ny el\u00e9g l\u00e1tv\u00e1nyos. N\u00e9zz\u00fck meg k\u00f6zelebbr\u0151l!\",\"breadcrumb\":{\"@id\":\"https:\/\/www.welovecycling.com\/hu\/orszaguti-kerekpar\/teljesitmenyadatok-a-grand-tourokon-sokkolo-idofutam-eredmenyek\/#breadcrumb\"},\"inLanguage\":\"hu\",\"potentialAction\":[{\"@type\":\"ReadAction\",\"target\":[\"https:\/\/www.welovecycling.com\/hu\/orszaguti-kerekpar\/teljesitmenyadatok-a-grand-tourokon-sokkolo-idofutam-eredmenyek\/\"]}]},{\"@type\":\"ImageObject\",\"inLanguage\":\"hu\",\"@id\":\"https:\/\/www.welovecycling.com\/hu\/orszaguti-kerekpar\/teljesitmenyadatok-a-grand-tourokon-sokkolo-idofutam-eredmenyek\/#primaryimage\",\"url\":\"https:\/\/d2p6e6u75xmxt8.cloudfront.net\/12\/2023\/09\/Vingegaard-Tour-de-France-Time-Trial-profimedia-0790004608-CVR.webp\",\"contentUrl\":\"https:\/\/d2p6e6u75xmxt8.cloudfront.net\/12\/2023\/09\/Vingegaard-Tour-de-France-Time-Trial-profimedia-0790004608-CVR.webp\",\"width\":990,\"height\":660,\"caption\":\"van Aert of Team Jumbo-Visma crosses the finish line of stage 16 of the Tour de France cycling race, an individual time trial from Passy to Combloux\"},{\"@type\":\"BreadcrumbList\",\"@id\":\"https:\/\/www.welovecycling.com\/hu\/orszaguti-kerekpar\/teljesitmenyadatok-a-grand-tourokon-sokkolo-idofutam-eredmenyek\/#breadcrumb\",\"itemListElement\":[{\"@type\":\"ListItem\",\"position\":1,\"name\":\"Home\",\"item\":\"https:\/\/www.welovecycling.com\/hu\/\"},{\"@type\":\"ListItem\",\"position\":2,\"name\":\"Teljes\u00edtm\u00e9nyadatok a Grand Tourokon &#8211; Sokkol\u00f3 id\u0151futam eredm\u00e9nyek\"}]},{\"@type\":\"WebSite\",\"@id\":\"https:\/\/www.welovecycling.com\/hu\/#website\",\"url\":\"https:\/\/www.welovecycling.com\/hu\/\",\"name\":\"\u0160koda We Love Cycling - Magyarorsz\u00e1g\",\"description\":\"\u0160koda WeLoveCycling\",\"potentialAction\":[{\"@type\":\"SearchAction\",\"target\":{\"@type\":\"EntryPoint\",\"urlTemplate\":\"https:\/\/www.welovecycling.com\/hu\/?s={search_term_string}\"},\"query-input\":{\"@type\":\"PropertyValueSpecification\",\"valueRequired\":true,\"valueName\":\"search_term_string\"}}],\"inLanguage\":\"hu\"},{\"@type\":\"Person\",\"@id\":\"https:\/\/www.welovecycling.com\/hu\/#\/schema\/person\/414a2aebf1801691a5320edb6468e194\",\"name\":\"hegyizs\",\"image\":{\"@type\":\"ImageObject\",\"inLanguage\":\"hu\",\"@id\":\"https:\/\/www.welovecycling.com\/hu\/#\/schema\/person\/image\/\",\"url\":\"https:\/\/secure.gravatar.com\/avatar\/02cf8a7906b8cf90cecb4679defac7cfd33a1c2e3b88e4903d947f3bb58eedd3?s=96&d=mm&r=g\",\"contentUrl\":\"https:\/\/secure.gravatar.com\/avatar\/02cf8a7906b8cf90cecb4679defac7cfd33a1c2e3b88e4903d947f3bb58eedd3?s=96&d=mm&r=g\",\"caption\":\"hegyizs\"},\"url\":\"https:\/\/www.welovecycling.com\/hu\/author\/hegyizs\/\"}]}<\/script>\n<!-- \/ Yoast SEO Premium plugin. -->","yoast_head_json":{"title":"Teljes\u00edtm\u00e9nyadatok a Grand Tourokon - Sokkol\u00f3 id\u0151futam eredm\u00e9nyek","description":"A 2023-as Tour de France egy\u00e9ni id\u0151futam\u00e1n Jonas Vingegaard mindenkit meglepett, bele\u00e9rtve saj\u00e1t mag\u00e1t is. Az \u00e1ltala el\u00e9rt gy\u0151zelmi k\u00fcl\u00f6nbs\u00e9g \u00e9s a megtartott teljes\u00edtm\u00e9ny-ar\u00e1ny el\u00e9g l\u00e1tv\u00e1nyos. N\u00e9zz\u00fck meg k\u00f6zelebbr\u0151l!","robots":{"index":"index","follow":"follow","max-snippet":"max-snippet:-1","max-image-preview":"max-image-preview:large","max-video-preview":"max-video-preview:-1"},"canonical":"https:\/\/www.welovecycling.com\/hu\/orszaguti-kerekpar\/teljesitmenyadatok-a-grand-tourokon-sokkolo-idofutam-eredmenyek\/","og_locale":"hu_HU","og_type":"article","og_title":"Teljes\u00edtm\u00e9nyadatok a Grand Tourokon - Sokkol\u00f3 id\u0151futam eredm\u00e9nyek","og_description":"A 2023-as Tour de France egy\u00e9ni id\u0151futam\u00e1n Jonas Vingegaard mindenkit meglepett, bele\u00e9rtve saj\u00e1t mag\u00e1t is. Az \u00e1ltala el\u00e9rt gy\u0151zelmi k\u00fcl\u00f6nbs\u00e9g \u00e9s a megtartott teljes\u00edtm\u00e9ny-ar\u00e1ny el\u00e9g l\u00e1tv\u00e1nyos. N\u00e9zz\u00fck meg k\u00f6zelebbr\u0151l!","og_url":"https:\/\/www.welovecycling.com\/hu\/orszaguti-kerekpar\/teljesitmenyadatok-a-grand-tourokon-sokkolo-idofutam-eredmenyek\/","og_site_name":"\u0160koda We Love Cycling - Magyarorsz\u00e1g","article_publisher":"https:\/\/www.facebook.com\/WeLoveCyclingHungary\/","article_published_time":"2023-09-21T06:00:37+00:00","og_image":[{"width":990,"height":660,"url":"https:\/\/d2p6e6u75xmxt8.cloudfront.net\/12\/2023\/09\/Vingegaard-Tour-de-France-Time-Trial-profimedia-0790004608-CVR.webp","type":"image\/webp"}],"author":"hegyizs","twitter_card":"summary_large_image","twitter_misc":{"Written by":"Jiri Kaloc","Est. reading time":"4"},"schema":{"@context":"https:\/\/schema.org","@graph":[{"@type":"WebPage","@id":"https:\/\/www.welovecycling.com\/hu\/orszaguti-kerekpar\/teljesitmenyadatok-a-grand-tourokon-sokkolo-idofutam-eredmenyek\/","url":"https:\/\/www.welovecycling.com\/hu\/orszaguti-kerekpar\/teljesitmenyadatok-a-grand-tourokon-sokkolo-idofutam-eredmenyek\/","name":"Teljes\u00edtm\u00e9nyadatok a Grand Tourokon - Sokkol\u00f3 id\u0151futam eredm\u00e9nyek","isPartOf":{"@id":"https:\/\/www.welovecycling.com\/hu\/#website"},"primaryImageOfPage":{"@id":"https:\/\/www.welovecycling.com\/hu\/orszaguti-kerekpar\/teljesitmenyadatok-a-grand-tourokon-sokkolo-idofutam-eredmenyek\/#primaryimage"},"image":{"@id":"https:\/\/www.welovecycling.com\/hu\/orszaguti-kerekpar\/teljesitmenyadatok-a-grand-tourokon-sokkolo-idofutam-eredmenyek\/#primaryimage"},"thumbnailUrl":"https:\/\/d2p6e6u75xmxt8.cloudfront.net\/12\/2023\/09\/Vingegaard-Tour-de-France-Time-Trial-profimedia-0790004608-CVR.webp","datePublished":"2023-09-21T06:00:37+00:00","author":{"@id":"https:\/\/www.welovecycling.com\/hu\/#\/schema\/person\/414a2aebf1801691a5320edb6468e194"},"description":"A 2023-as Tour de France egy\u00e9ni id\u0151futam\u00e1n Jonas Vingegaard mindenkit meglepett, bele\u00e9rtve saj\u00e1t mag\u00e1t is. Az \u00e1ltala el\u00e9rt gy\u0151zelmi k\u00fcl\u00f6nbs\u00e9g \u00e9s a megtartott teljes\u00edtm\u00e9ny-ar\u00e1ny el\u00e9g l\u00e1tv\u00e1nyos. N\u00e9zz\u00fck meg k\u00f6zelebbr\u0151l!","breadcrumb":{"@id":"https:\/\/www.welovecycling.com\/hu\/orszaguti-kerekpar\/teljesitmenyadatok-a-grand-tourokon-sokkolo-idofutam-eredmenyek\/#breadcrumb"},"inLanguage":"hu","potentialAction":[{"@type":"ReadAction","target":["https:\/\/www.welovecycling.com\/hu\/orszaguti-kerekpar\/teljesitmenyadatok-a-grand-tourokon-sokkolo-idofutam-eredmenyek\/"]}]},{"@type":"ImageObject","inLanguage":"hu","@id":"https:\/\/www.welovecycling.com\/hu\/orszaguti-kerekpar\/teljesitmenyadatok-a-grand-tourokon-sokkolo-idofutam-eredmenyek\/#primaryimage","url":"https:\/\/d2p6e6u75xmxt8.cloudfront.net\/12\/2023\/09\/Vingegaard-Tour-de-France-Time-Trial-profimedia-0790004608-CVR.webp","contentUrl":"https:\/\/d2p6e6u75xmxt8.cloudfront.net\/12\/2023\/09\/Vingegaard-Tour-de-France-Time-Trial-profimedia-0790004608-CVR.webp","width":990,"height":660,"caption":"van Aert of Team Jumbo-Visma crosses the finish line of stage 16 of the Tour de France cycling race, an individual time trial from Passy to Combloux"},{"@type":"BreadcrumbList","@id":"https:\/\/www.welovecycling.com\/hu\/orszaguti-kerekpar\/teljesitmenyadatok-a-grand-tourokon-sokkolo-idofutam-eredmenyek\/#breadcrumb","itemListElement":[{"@type":"ListItem","position":1,"name":"Home","item":"https:\/\/www.welovecycling.com\/hu\/"},{"@type":"ListItem","position":2,"name":"Teljes\u00edtm\u00e9nyadatok a Grand Tourokon &#8211; Sokkol\u00f3 id\u0151futam eredm\u00e9nyek"}]},{"@type":"WebSite","@id":"https:\/\/www.welovecycling.com\/hu\/#website","url":"https:\/\/www.welovecycling.com\/hu\/","name":"\u0160koda We Love Cycling - Magyarorsz\u00e1g","description":"\u0160koda WeLoveCycling","potentialAction":[{"@type":"SearchAction","target":{"@type":"EntryPoint","urlTemplate":"https:\/\/www.welovecycling.com\/hu\/?s={search_term_string}"},"query-input":{"@type":"PropertyValueSpecification","valueRequired":true,"valueName":"search_term_string"}}],"inLanguage":"hu"},{"@type":"Person","@id":"https:\/\/www.welovecycling.com\/hu\/#\/schema\/person\/414a2aebf1801691a5320edb6468e194","name":"hegyizs","image":{"@type":"ImageObject","inLanguage":"hu","@id":"https:\/\/www.welovecycling.com\/hu\/#\/schema\/person\/image\/","url":"https:\/\/secure.gravatar.com\/avatar\/02cf8a7906b8cf90cecb4679defac7cfd33a1c2e3b88e4903d947f3bb58eedd3?s=96&d=mm&r=g","contentUrl":"https:\/\/secure.gravatar.com\/avatar\/02cf8a7906b8cf90cecb4679defac7cfd33a1c2e3b88e4903d947f3bb58eedd3?s=96&d=mm&r=g","caption":"hegyizs"},"url":"https:\/\/www.welovecycling.com\/hu\/author\/hegyizs\/"}]}},"_links":{"self":[{"href":"https:\/\/www.welovecycling.com\/hu\/wp-json\/wp\/v2\/posts\/17905","targetHints":{"allow":["GET"]}}],"collection":[{"href":"https:\/\/www.welovecycling.com\/hu\/wp-json\/wp\/v2\/posts"}],"about":[{"href":"https:\/\/www.welovecycling.com\/hu\/wp-json\/wp\/v2\/types\/post"}],"author":[{"embeddable":true,"href":"https:\/\/www.welovecycling.com\/hu\/wp-json\/wp\/v2\/users\/71"}],"replies":[{"embeddable":true,"href":"https:\/\/www.welovecycling.com\/hu\/wp-json\/wp\/v2\/comments?post=17905"}],"version-history":[{"count":4,"href":"https:\/\/www.welovecycling.com\/hu\/wp-json\/wp\/v2\/posts\/17905\/revisions"}],"predecessor-version":[{"id":17911,"href":"https:\/\/www.welovecycling.com\/hu\/wp-json\/wp\/v2\/posts\/17905\/revisions\/17911"}],"wp:featuredmedia":[{"embeddable":true,"href":"https:\/\/www.welovecycling.com\/hu\/wp-json\/wp\/v2\/media\/17908"}],"wp:attachment":[{"href":"https:\/\/www.welovecycling.com\/hu\/wp-json\/wp\/v2\/media?parent=17905"}],"wp:term":[{"taxonomy":"category","embeddable":true,"href":"https:\/\/www.welovecycling.com\/hu\/wp-json\/wp\/v2\/categories?post=17905"},{"taxonomy":"post_tag","embeddable":true,"href":"https:\/\/www.welovecycling.com\/hu\/wp-json\/wp\/v2\/tags?post=17905"},{"taxonomy":"global-categories","embeddable":true,"href":"https:\/\/www.welovecycling.com\/hu\/wp-json\/wp\/v2\/global-categories?post=17905"}],"curies":[{"name":"wp","href":"https:\/\/api.w.org\/{rel}","templated":true}]}}