{"id":17897,"date":"2023-09-20T08:00:58","date_gmt":"2023-09-20T06:00:58","guid":{"rendered":"https:\/\/www.welovecycling.com\/hu\/?p=17897"},"modified":"2023-09-18T11:50:52","modified_gmt":"2023-09-18T09:50:52","slug":"a-tour-de-france-femmes-avec-zwift-a-korai-adatok-elemzese","status":"publish","type":"post","link":"https:\/\/www.welovecycling.com\/hu\/orszaguti-kerekpar\/a-tour-de-france-femmes-avec-zwift-a-korai-adatok-elemzese\/","title":{"rendered":"A Tour de France Femmes avec Zwift: A korai adatok elemz\u00e9se"},"content":{"rendered":"<p><strong>Nyugodtan kijelenthetj\u00fck, hogy a k\u00f6zelm\u00faltban megrendezett Tour de France Femmes avec Zwift kit\u00f6r\u00f6lhetetlen nyomot hagyott a ker\u00e9kp\u00e1rsport vil\u00e1g\u00e1ban, \u00e9s mind a tapasztalt rajong\u00f3k, mind pedig azok figyelm\u00e9t felkeltette, akiknek esetleg m\u00e9g \u00faj a profi bicikliz\u00e9s vil\u00e1ga. A 2023-as verseny k\u00fcl\u00f6n\u00f6sen jelent\u0151snek bizonyult \u00f6sszehasonl\u00edtva az el\u0151z\u0151 \u00e9vi sikerrel, amely m\u00e1r akkor is m\u00e9rf\u00f6ldk\u0151nek sz\u00e1m\u00edtott a n\u0151i versenyz\u00e9sben. A felt\u00f6rekv\u0151 tehets\u00e9gek karrierj\u00e9nek cs\u00facspontj\u00e1t\u00f3l kezdve Vollering epikus gy\u0151zelm\u00e9ig &#8211; ez a verseny bizony folyamatos izgalmakat ny\u00fajtott.<\/strong><\/p>\n<p><!--more--><\/p>\n<p>B\u00e1r az idei futam k\u00f6r\u00fcl uralkod\u00f3 hangulat t\u00falnyom\u00f3r\u00e9szt pozit\u00edv volt, fontos felismerni, hogy a j\u00f3 hangulat \u00f6nmag\u00e1ban nem biztos\u00edtja a j\u00f6v\u0151beli telev\u00edzi\u00f3s szerz\u0151d\u00e9seket, \u00e9s nem vonzza be a kulcsfontoss\u00e1g\u00fa szponzori t\u00e1mogat\u00e1sokat. A sportelemz\u00e9s vil\u00e1g\u00e1ban a konkr\u00e9t, ellen\u0151rizhet\u0151 adatok sz\u00e1m\u00edtanak.<\/p>\n<h2><strong>Az el\u0151zetes sz\u00e1mok meg\u00e9rkeztek, \u00e9s j\u00f3l n\u00e9znek ki<\/strong><\/h2>\n<p>Szerencs\u00e9re a Tour de France hivatalos Twitter-fi\u00f3kj\u00e1n nemr\u00e9giben k\u00f6zz\u00e9tett infografika adatai al\u00e1t\u00e1masztj\u00e1k a versenyt \u00f6vez\u0151 pozit\u00edv hangulatot \u00e9s lelkesed\u00e9st. Ezek az adatok nemcsak meger\u0151s\u00edtik a biztat\u00f3 anekdot\u00e1kat, hanem megalapozz\u00e1k a potenci\u00e1lis befektet\u00e9seket is, melyek \u00faj magass\u00e1gokba emelhetik a n\u0151i versenyz\u00e9st.<\/p>\n<p>A Tour de France Femmes leny\u0171g\u00f6z\u0151 n\u00e9zetts\u00e9ge kiemelked\u0151nek sz\u00e1m\u00edtott a francia telev\u00edzi\u00f3ban. A 7. szakaszt, amikor Demi Vollering nekiv\u00e1gott a kih\u00edv\u00e1sokkal teli Tourmalet-nek, 4,3 milli\u00f3an k\u00f6vett\u00e9k, ami a n\u00e9zetts\u00e9g 34,6 sz\u00e1zal\u00e9k\u00e1t jelentette. Az eg\u00e9sz verseny sor\u00e1n minden egyes szakasz \u00e1tlagosan 2 milli\u00f3 n\u00e9z\u0151t tudott lek\u00f6tni, ami az orsz\u00e1gos k\u00f6z\u00f6ns\u00e9gar\u00e1ny 24,8 sz\u00e1zal\u00e9k\u00e1t teszi ki.<\/p>\n<p>A hat\u00e1s nem csup\u00e1n Franciaorsz\u00e1g hat\u00e1raira korl\u00e1toz\u00f3dott. H\u00e9t eur\u00f3pai orsz\u00e1gban t\u00f6bb mint 80 milli\u00f3 \u00f3r\u00e1n kereszt\u00fcl n\u00e9zt\u00e9k a versenyt. Az Eurosport k\u00f6zvet\u00edt\u00e9sei 15 milli\u00f3 n\u00e9z\u0151t\u00a0 \u00e9rtek el, ami 7,14 sz\u00e1zal\u00e9kos n\u00f6veked\u00e9st jelentett az el\u0151z\u0151 \u00e9vhez k\u00e9pest.<\/p>\n<div class=\"embed-controller-wrapper\">\n<blockquote class=\"twitter-tweet\" data-width=\"500\" data-dnt=\"true\">\n<p lang=\"en\" dir=\"ltr\">\ud83d\udc9b Here are the numbers of the incredible edition of the <a href=\"https:\/\/twitter.com\/hashtag\/TDFF2023?src=hash&amp;ref_src=twsrc%5Etfw\">#TDFF2023<\/a>!<a href=\"https:\/\/twitter.com\/hashtag\/WatchTheFemmes?src=hash&amp;ref_src=twsrc%5Etfw\">#WatchTheFemmes<\/a> l <a href=\"https:\/\/twitter.com\/GoZwift?ref_src=twsrc%5Etfw\">@GoZwift<\/a> <a href=\"https:\/\/t.co\/b3dM2Ub3ej\">pic.twitter.com\/b3dM2Ub3ej<\/a><\/p>\n<p>&mdash; Le Tour de France Femmes avec Zwift (@LeTourFemmes) <a href=\"https:\/\/twitter.com\/LeTourFemmes\/status\/1687136348732366850?ref_src=twsrc%5Etfw\">August 3, 2023<\/a><\/p><\/blockquote>\n<p><script async data-src=\"https:\/\/platform.twitter.com\/widgets.js\" charset=\"utf-8\"><\/script><\/div>\n<h2><strong>Az online adatok is nagy menetr\u0151l sz\u00e1molnak be <\/strong><\/h2>\n<p>A Tour de France Femmes avec Zwift a digit\u00e1lis t\u00e9rben is jelent\u0151s lend\u00fcletet vett. A hivatalos weboldalon 80 sz\u00e1zal\u00e9kkal n\u0151tt az egyedi l\u00e1togat\u00f3k sz\u00e1ma az el\u0151z\u0151 \u00e9vhez k\u00e9pest, \u00e9s az oldal l\u00e1togatotts\u00e1ga is jelent\u0151s, 60 sz\u00e1zal\u00e9kos n\u00f6veked\u00e9st mutatott. A legjelent\u0151sebb n\u00f6veked\u00e9s azonban a verseny k\u00f6z\u00f6ss\u00e9gi oldalain volt megfigyelhet\u0151, ahol a k\u00f6vet\u0151k sz\u00e1ma az el\u0151z\u0151 \u00e9vhez k\u00e9pest elk\u00e9peszt\u0151 797 sz\u00e1zal\u00e9kkal b\u0151v\u00fclt, \u00e9s egy\u00fcttesen t\u00f6bb mint 100 milli\u00f3 megtekint\u00e9st gy\u0171jt\u00f6tt \u00f6ssze.<\/p>\n<p>Amennyiben k\u00f6zelebbr\u0151l is elemezz\u00fck a digit\u00e1lis hat\u00e1st, figyelemre m\u00e9lt\u00f3 eredm\u00e9nyekre lehet\u00fcnk figyelmesek. Yara Kastelijn gy\u0151zelme 1,4 milli\u00f3 n\u00e9z\u0151t vonzott a TikTok-on. Demi Vollering s\u0171r\u0171 k\u00f6dben t\u00f6rt\u00e9n\u0151 Tourmalet-felkapaszkod\u00e1sa 856 000 embert \u00e9rt el az Instagramon. A Facebookon h\u00e9tsz\u00e1zkilencvenezer ember l\u00e1tta az 5. szakasz kiemelt pillanatait, a 3. szakasz utols\u00f3 perceit pedig 361 ezer Twitter-felhaszn\u00e1l\u00f3 figyelm\u00e9t keltett\u00e9k fel.<\/p>\n<p>Ezek jelent\u0151s sz\u00e1mok egy olyan verseny eset\u00e9ben, amely k\u00e9ts\u00e9gtelen\u00fcl meg\u00e9rdemelte a sz\u00e9les k\u00f6r\u0171 figyelmet. A statisztik\u00e1k szerint a Tour de France Femmes avec Zwift olyan \u00e9rdekl\u0151d\u00e9si hull\u00e1mot gerjesztett, amit nem szabad al\u00e1becs\u00fclni. Mik\u00f6zben megem\u00e9sztj\u00fck ezeket az adatokat, nyilv\u00e1nval\u00f3v\u00e1 v\u00e1lik, hogy fordul\u00f3ponthoz \u00e9rkezt\u00fcnk &#8211; egy olyan pillanathoz, amikor az \u00e1tfog\u00f3bb k\u00f6zvet\u00edt\u00e9s sz\u00fcks\u00e9gess\u00e9ge tagadhatatlan.<\/p>\n<h2><strong>A 2023-as n\u00e9zetts\u00e9gi adatok legfontosabb elemei:<\/strong><\/h2>\n<p>A France 2 \u00e9s France 3 csatorn\u00e1kon az egyes szakaszok \u00e1tlagos francia n\u00e9zetts\u00e9ge k\u00e9tmilli\u00f3 n\u00e9z\u0151 volt.<\/p>\n<ul>\n<li>A verseny mindk\u00e9t csatorn\u00e1n \u00e1tlagosan 24,8 sz\u00e1zal\u00e9kos k\u00f6z\u00f6ns\u00e9gar\u00e1nyt \u00e9rt el.<\/li>\n<li>A hetedik szakasz sor\u00e1n 4,3 milli\u00f3s maxim\u00e1lis n\u00e9z\u0151sz\u00e1mot regisztr\u00e1ltak, ami 34,6 sz\u00e1zal\u00e9kos k\u00f6z\u00f6ns\u00e9gar\u00e1nyt jelentett.<\/li>\n<li>A France T\u00e9l\u00e9visions streaming \u00e9s online platformjain a versenyr\u0151l sz\u00f3l\u00f3 vide\u00f3kat 1,3 milli\u00f3an n\u00e9zt\u00e9k meg, ami nyolc sz\u00e1zal\u00e9kkal t\u00f6bb, mint tavaly.<\/li>\n<li>Az Eurosport k\u00f6zvet\u00edt\u00e9sei k\u00f6zel 15 milli\u00f3 n\u00e9z\u0151t \u00e9rtek el, ami 7,14 sz\u00e1zal\u00e9kos n\u00f6veked\u00e9st jelent 2022-hez k\u00e9pest.<\/li>\n<li>Hollandi\u00e1ban 42 sz\u00e1zal\u00e9kos k\u00f6z\u00f6ns\u00e9gar\u00e1nyt regisztr\u00e1ltak a hetedik szakasz sor\u00e1n<\/li>\n<li>A Tour de France Femmes honlapja 2,7 milli\u00f3 egyedi l\u00e1togat\u00f3t \u00e9rt el, ami 80 sz\u00e1zal\u00e9kos n\u00f6veked\u00e9st jelent a tavalyi \u00e9vhez k\u00e9pest.<\/li>\n<li>A weboldalon mintegy 4,5 milli\u00f3 l\u00e1togat\u00e1st regisztr\u00e1ltak, ami 60,7 sz\u00e1zal\u00e9kos n\u00f6veked\u00e9st jelent 2022-hez k\u00e9pest.<\/li>\n<li>A verseny 74,4 milli\u00f3 megtekint\u00e9st \u00e9rt el a k\u00f6z\u00f6ss\u00e9gi platformokon, amelynek fele a TikTok-r\u00f3l \u00e9rkezett (238 sz\u00e1zal\u00e9kos n\u00f6veked\u00e9s az el\u0151z\u0151 kiad\u00e1shoz k\u00e9pest).<\/li>\n<li>A Tour de France Femmes k\u00f6z\u00f6ss\u00e9gi m\u00e9dia fi\u00f3kjainak posztjai t\u00f6bb mint 100 milli\u00f3 megtekint\u00e9st \u00e9rtek el.<\/li>\n<\/ul>\n<h2><strong>Adjuk meg az embereknek azt, amit (egy\u00e9rtelm\u0171en) akarnak 2024-ben is!<\/strong><\/h2>\n<p>A n\u0151i ker\u00e9kp\u00e1roz\u00e1s ir\u00e1nti \u00e9rdekl\u0151d\u00e9s tagadhatatlan, \u00e9s a sz\u00e1mok is ezt igazolj\u00e1k. A tov\u00e1bbi n\u00f6veked\u00e9s \u00e9rdek\u00e9ben azonban a j\u00f6v\u0151 olyan k\u00f6zvet\u00edt\u00e9si \u00e9lm\u00e9nyt k\u00edv\u00e1n, amely m\u00e9lyebb szinten k\u00e9pes \u00f6sszek\u00f6tni a sportol\u00f3kat \u00e9s a szurkol\u00f3kat.<\/p>\n<p>A telev\u00edzi\u00f3nak egy\u00fctt kell fejl\u0151dnie a n\u00e9z\u0151k lelkesed\u00e9s\u00e9vel. A sz\u00e9lesebb k\u00f6r\u0171 k\u00f6zvet\u00edt\u00e9s k\u00e9pes feler\u0151s\u00edteni a Tour de France Femmes avec Zwift jelent\u0151s\u00e9g\u00e9t, \u00e9s olyan \u00e9lm\u00e9nyt ny\u00fajtani, amely \u00e9vr\u0151l \u00e9vre \u00faj rajong\u00f3k t\u00f6megeit viszi k\u00f6zelebb a sport\u00e1ghoz. M\u00e1r kor\u00e1bban is mondtuk, \u00e9s \u00fajra elmondjuk &#8211; a n\u0151k m\u00e1r el\u00e9gszer bizony\u00edtott\u00e1k, hogy k\u00e9pesek folyamatos izgalmakat ny\u00fajtani, \u00fagyhogy az isten szerelm\u00e9re, k\u00e9rem, engedj\u00e9k, hogy min\u00e9l t\u00f6bben tan\u00fai legyenek ennek!<\/p>\n","protected":false},"excerpt":{"rendered":"<p>Nyugodtan kijelenthetj\u00fck, hogy a k\u00f6zelm\u00faltban megrendezett Tour de France Femmes avec Zwift kit\u00f6r\u00f6lhetetlen nyomot hagyott a ker\u00e9kp\u00e1rsport vil\u00e1g\u00e1ban, \u00e9s mind [&hellip;]<\/p>\n","protected":false},"author":71,"featured_media":17898,"comment_status":"open","ping_status":"open","sticky":false,"template":"","format":"standard","meta":{"footnotes":""},"categories":[8],"tags":[],"global-categories":[],"class_list":["post-17897","post","type-post","status-publish","format-standard","has-post-thumbnail","hentry","category-orszaguti-kerekpar"],"yoast_head":"<!-- This site is optimized with the Yoast SEO Premium plugin v25.3 (Yoast SEO v25.9) - https:\/\/yoast.com\/wordpress\/plugins\/seo\/ -->\n<title>A Tour de France Femmes avec Zwift: A korai adatok elemz\u00e9se<\/title>\n<meta name=\"description\" content=\"Nyugodtan kijelenthetj\u00fck, hogy a k\u00f6zelm\u00faltban megrendezett Tour de France Femmes avec Zwift kit\u00f6r\u00f6lhetetlen nyomot hagyott a ker\u00e9kp\u00e1rsport vil\u00e1g\u00e1ban, \u00e9s mind a tapasztalt rajong\u00f3k, mind pedig azok figyelm\u00e9t felkeltette, akiknek esetleg m\u00e9g \u00faj a profi bicikliz\u00e9s vil\u00e1ga.\" \/>\n<meta name=\"robots\" content=\"index, follow, max-snippet:-1, max-image-preview:large, max-video-preview:-1\" \/>\n<link rel=\"canonical\" href=\"https:\/\/www.welovecycling.com\/hu\/orszaguti-kerekpar\/a-tour-de-france-femmes-avec-zwift-a-korai-adatok-elemzese\/\" \/>\n<meta property=\"og:locale\" content=\"hu_HU\" \/>\n<meta property=\"og:type\" content=\"article\" \/>\n<meta property=\"og:title\" content=\"A Tour de France Femmes avec Zwift: A korai adatok elemz\u00e9se\" \/>\n<meta property=\"og:description\" content=\"Nyugodtan kijelenthetj\u00fck, hogy a k\u00f6zelm\u00faltban megrendezett Tour de France Femmes avec Zwift kit\u00f6r\u00f6lhetetlen nyomot hagyott a ker\u00e9kp\u00e1rsport vil\u00e1g\u00e1ban, \u00e9s mind a tapasztalt rajong\u00f3k, mind pedig azok figyelm\u00e9t felkeltette, akiknek esetleg m\u00e9g \u00faj a profi bicikliz\u00e9s vil\u00e1ga.\" \/>\n<meta property=\"og:url\" content=\"https:\/\/www.welovecycling.com\/hu\/orszaguti-kerekpar\/a-tour-de-france-femmes-avec-zwift-a-korai-adatok-elemzese\/\" \/>\n<meta property=\"og:site_name\" content=\"\u0160koda We Love Cycling - Magyarorsz\u00e1g\" \/>\n<meta property=\"article:publisher\" content=\"https:\/\/www.facebook.com\/WeLoveCyclingHungary\/\" \/>\n<meta property=\"article:published_time\" content=\"2023-09-20T06:00:58+00:00\" \/>\n<meta property=\"og:image\" content=\"https:\/\/d2p6e6u75xmxt8.cloudfront.net\/12\/2023\/09\/Tour-de-France-Femmes-2023-profimedia-0791334531-CVR.webp\" \/>\n\t<meta property=\"og:image:width\" content=\"990\" \/>\n\t<meta property=\"og:image:height\" content=\"660\" \/>\n\t<meta property=\"og:image:type\" content=\"image\/webp\" \/>\n<meta name=\"author\" content=\"hegyizs\" \/>\n<meta name=\"twitter:card\" content=\"summary_large_image\" \/>\n<meta name=\"twitter:label1\" content=\"Written by\" \/>\n\t<meta name=\"twitter:data1\" content=\"Megan Flottor\" \/>\n\t<meta name=\"twitter:label2\" content=\"Est. reading time\" \/>\n\t<meta name=\"twitter:data2\" content=\"4\" \/>\n<script type=\"application\/ld+json\" class=\"yoast-schema-graph\">{\"@context\":\"https:\/\/schema.org\",\"@graph\":[{\"@type\":\"WebPage\",\"@id\":\"https:\/\/www.welovecycling.com\/hu\/orszaguti-kerekpar\/a-tour-de-france-femmes-avec-zwift-a-korai-adatok-elemzese\/\",\"url\":\"https:\/\/www.welovecycling.com\/hu\/orszaguti-kerekpar\/a-tour-de-france-femmes-avec-zwift-a-korai-adatok-elemzese\/\",\"name\":\"A Tour de France Femmes avec Zwift: A korai adatok elemz\u00e9se\",\"isPartOf\":{\"@id\":\"https:\/\/www.welovecycling.com\/hu\/#website\"},\"primaryImageOfPage\":{\"@id\":\"https:\/\/www.welovecycling.com\/hu\/orszaguti-kerekpar\/a-tour-de-france-femmes-avec-zwift-a-korai-adatok-elemzese\/#primaryimage\"},\"image\":{\"@id\":\"https:\/\/www.welovecycling.com\/hu\/orszaguti-kerekpar\/a-tour-de-france-femmes-avec-zwift-a-korai-adatok-elemzese\/#primaryimage\"},\"thumbnailUrl\":\"https:\/\/d2p6e6u75xmxt8.cloudfront.net\/12\/2023\/09\/Tour-de-France-Femmes-2023-profimedia-0791334531-CVR.webp\",\"datePublished\":\"2023-09-20T06:00:58+00:00\",\"author\":{\"@id\":\"https:\/\/www.welovecycling.com\/hu\/#\/schema\/person\/414a2aebf1801691a5320edb6468e194\"},\"description\":\"Nyugodtan kijelenthetj\u00fck, hogy a k\u00f6zelm\u00faltban megrendezett Tour de France Femmes avec Zwift kit\u00f6r\u00f6lhetetlen nyomot hagyott a ker\u00e9kp\u00e1rsport vil\u00e1g\u00e1ban, \u00e9s mind a tapasztalt rajong\u00f3k, mind pedig azok figyelm\u00e9t felkeltette, akiknek esetleg m\u00e9g \u00faj a profi bicikliz\u00e9s vil\u00e1ga.\",\"breadcrumb\":{\"@id\":\"https:\/\/www.welovecycling.com\/hu\/orszaguti-kerekpar\/a-tour-de-france-femmes-avec-zwift-a-korai-adatok-elemzese\/#breadcrumb\"},\"inLanguage\":\"hu\",\"potentialAction\":[{\"@type\":\"ReadAction\",\"target\":[\"https:\/\/www.welovecycling.com\/hu\/orszaguti-kerekpar\/a-tour-de-france-femmes-avec-zwift-a-korai-adatok-elemzese\/\"]}]},{\"@type\":\"ImageObject\",\"inLanguage\":\"hu\",\"@id\":\"https:\/\/www.welovecycling.com\/hu\/orszaguti-kerekpar\/a-tour-de-france-femmes-avec-zwift-a-korai-adatok-elemzese\/#primaryimage\",\"url\":\"https:\/\/d2p6e6u75xmxt8.cloudfront.net\/12\/2023\/09\/Tour-de-France-Femmes-2023-profimedia-0791334531-CVR.webp\",\"contentUrl\":\"https:\/\/d2p6e6u75xmxt8.cloudfront.net\/12\/2023\/09\/Tour-de-France-Femmes-2023-profimedia-0791334531-CVR.webp\",\"width\":990,\"height\":660,\"caption\":\"Tour de France Femmes 2023\"},{\"@type\":\"BreadcrumbList\",\"@id\":\"https:\/\/www.welovecycling.com\/hu\/orszaguti-kerekpar\/a-tour-de-france-femmes-avec-zwift-a-korai-adatok-elemzese\/#breadcrumb\",\"itemListElement\":[{\"@type\":\"ListItem\",\"position\":1,\"name\":\"Home\",\"item\":\"https:\/\/www.welovecycling.com\/hu\/\"},{\"@type\":\"ListItem\",\"position\":2,\"name\":\"A Tour de France Femmes avec Zwift: A korai adatok elemz\u00e9se\"}]},{\"@type\":\"WebSite\",\"@id\":\"https:\/\/www.welovecycling.com\/hu\/#website\",\"url\":\"https:\/\/www.welovecycling.com\/hu\/\",\"name\":\"\u0160koda We Love Cycling - Magyarorsz\u00e1g\",\"description\":\"\u0160koda WeLoveCycling\",\"potentialAction\":[{\"@type\":\"SearchAction\",\"target\":{\"@type\":\"EntryPoint\",\"urlTemplate\":\"https:\/\/www.welovecycling.com\/hu\/?s={search_term_string}\"},\"query-input\":{\"@type\":\"PropertyValueSpecification\",\"valueRequired\":true,\"valueName\":\"search_term_string\"}}],\"inLanguage\":\"hu\"},{\"@type\":\"Person\",\"@id\":\"https:\/\/www.welovecycling.com\/hu\/#\/schema\/person\/414a2aebf1801691a5320edb6468e194\",\"name\":\"hegyizs\",\"image\":{\"@type\":\"ImageObject\",\"inLanguage\":\"hu\",\"@id\":\"https:\/\/www.welovecycling.com\/hu\/#\/schema\/person\/image\/\",\"url\":\"https:\/\/secure.gravatar.com\/avatar\/02cf8a7906b8cf90cecb4679defac7cfd33a1c2e3b88e4903d947f3bb58eedd3?s=96&d=mm&r=g\",\"contentUrl\":\"https:\/\/secure.gravatar.com\/avatar\/02cf8a7906b8cf90cecb4679defac7cfd33a1c2e3b88e4903d947f3bb58eedd3?s=96&d=mm&r=g\",\"caption\":\"hegyizs\"},\"url\":\"https:\/\/www.welovecycling.com\/hu\/author\/hegyizs\/\"}]}<\/script>\n<!-- \/ Yoast SEO Premium plugin. -->","yoast_head_json":{"title":"A Tour de France Femmes avec Zwift: A korai adatok elemz\u00e9se","description":"Nyugodtan kijelenthetj\u00fck, hogy a k\u00f6zelm\u00faltban megrendezett Tour de France Femmes avec Zwift kit\u00f6r\u00f6lhetetlen nyomot hagyott a ker\u00e9kp\u00e1rsport vil\u00e1g\u00e1ban, \u00e9s mind a tapasztalt rajong\u00f3k, mind pedig azok figyelm\u00e9t felkeltette, akiknek esetleg m\u00e9g \u00faj a profi bicikliz\u00e9s vil\u00e1ga.","robots":{"index":"index","follow":"follow","max-snippet":"max-snippet:-1","max-image-preview":"max-image-preview:large","max-video-preview":"max-video-preview:-1"},"canonical":"https:\/\/www.welovecycling.com\/hu\/orszaguti-kerekpar\/a-tour-de-france-femmes-avec-zwift-a-korai-adatok-elemzese\/","og_locale":"hu_HU","og_type":"article","og_title":"A Tour de France Femmes avec Zwift: A korai adatok elemz\u00e9se","og_description":"Nyugodtan kijelenthetj\u00fck, hogy a k\u00f6zelm\u00faltban megrendezett Tour de France Femmes avec Zwift kit\u00f6r\u00f6lhetetlen nyomot hagyott a ker\u00e9kp\u00e1rsport vil\u00e1g\u00e1ban, \u00e9s mind a tapasztalt rajong\u00f3k, mind pedig azok figyelm\u00e9t felkeltette, akiknek esetleg m\u00e9g \u00faj a profi bicikliz\u00e9s vil\u00e1ga.","og_url":"https:\/\/www.welovecycling.com\/hu\/orszaguti-kerekpar\/a-tour-de-france-femmes-avec-zwift-a-korai-adatok-elemzese\/","og_site_name":"\u0160koda We Love Cycling - Magyarorsz\u00e1g","article_publisher":"https:\/\/www.facebook.com\/WeLoveCyclingHungary\/","article_published_time":"2023-09-20T06:00:58+00:00","og_image":[{"width":990,"height":660,"url":"https:\/\/d2p6e6u75xmxt8.cloudfront.net\/12\/2023\/09\/Tour-de-France-Femmes-2023-profimedia-0791334531-CVR.webp","type":"image\/webp"}],"author":"hegyizs","twitter_card":"summary_large_image","twitter_misc":{"Written by":"Megan Flottor","Est. reading time":"4"},"schema":{"@context":"https:\/\/schema.org","@graph":[{"@type":"WebPage","@id":"https:\/\/www.welovecycling.com\/hu\/orszaguti-kerekpar\/a-tour-de-france-femmes-avec-zwift-a-korai-adatok-elemzese\/","url":"https:\/\/www.welovecycling.com\/hu\/orszaguti-kerekpar\/a-tour-de-france-femmes-avec-zwift-a-korai-adatok-elemzese\/","name":"A Tour de France Femmes avec Zwift: A korai adatok elemz\u00e9se","isPartOf":{"@id":"https:\/\/www.welovecycling.com\/hu\/#website"},"primaryImageOfPage":{"@id":"https:\/\/www.welovecycling.com\/hu\/orszaguti-kerekpar\/a-tour-de-france-femmes-avec-zwift-a-korai-adatok-elemzese\/#primaryimage"},"image":{"@id":"https:\/\/www.welovecycling.com\/hu\/orszaguti-kerekpar\/a-tour-de-france-femmes-avec-zwift-a-korai-adatok-elemzese\/#primaryimage"},"thumbnailUrl":"https:\/\/d2p6e6u75xmxt8.cloudfront.net\/12\/2023\/09\/Tour-de-France-Femmes-2023-profimedia-0791334531-CVR.webp","datePublished":"2023-09-20T06:00:58+00:00","author":{"@id":"https:\/\/www.welovecycling.com\/hu\/#\/schema\/person\/414a2aebf1801691a5320edb6468e194"},"description":"Nyugodtan kijelenthetj\u00fck, hogy a k\u00f6zelm\u00faltban megrendezett Tour de France Femmes avec Zwift kit\u00f6r\u00f6lhetetlen nyomot hagyott a ker\u00e9kp\u00e1rsport vil\u00e1g\u00e1ban, \u00e9s mind a tapasztalt rajong\u00f3k, mind pedig azok figyelm\u00e9t felkeltette, akiknek esetleg m\u00e9g \u00faj a profi bicikliz\u00e9s vil\u00e1ga.","breadcrumb":{"@id":"https:\/\/www.welovecycling.com\/hu\/orszaguti-kerekpar\/a-tour-de-france-femmes-avec-zwift-a-korai-adatok-elemzese\/#breadcrumb"},"inLanguage":"hu","potentialAction":[{"@type":"ReadAction","target":["https:\/\/www.welovecycling.com\/hu\/orszaguti-kerekpar\/a-tour-de-france-femmes-avec-zwift-a-korai-adatok-elemzese\/"]}]},{"@type":"ImageObject","inLanguage":"hu","@id":"https:\/\/www.welovecycling.com\/hu\/orszaguti-kerekpar\/a-tour-de-france-femmes-avec-zwift-a-korai-adatok-elemzese\/#primaryimage","url":"https:\/\/d2p6e6u75xmxt8.cloudfront.net\/12\/2023\/09\/Tour-de-France-Femmes-2023-profimedia-0791334531-CVR.webp","contentUrl":"https:\/\/d2p6e6u75xmxt8.cloudfront.net\/12\/2023\/09\/Tour-de-France-Femmes-2023-profimedia-0791334531-CVR.webp","width":990,"height":660,"caption":"Tour de France Femmes 2023"},{"@type":"BreadcrumbList","@id":"https:\/\/www.welovecycling.com\/hu\/orszaguti-kerekpar\/a-tour-de-france-femmes-avec-zwift-a-korai-adatok-elemzese\/#breadcrumb","itemListElement":[{"@type":"ListItem","position":1,"name":"Home","item":"https:\/\/www.welovecycling.com\/hu\/"},{"@type":"ListItem","position":2,"name":"A Tour de France Femmes avec Zwift: A korai adatok elemz\u00e9se"}]},{"@type":"WebSite","@id":"https:\/\/www.welovecycling.com\/hu\/#website","url":"https:\/\/www.welovecycling.com\/hu\/","name":"\u0160koda We Love Cycling - Magyarorsz\u00e1g","description":"\u0160koda WeLoveCycling","potentialAction":[{"@type":"SearchAction","target":{"@type":"EntryPoint","urlTemplate":"https:\/\/www.welovecycling.com\/hu\/?s={search_term_string}"},"query-input":{"@type":"PropertyValueSpecification","valueRequired":true,"valueName":"search_term_string"}}],"inLanguage":"hu"},{"@type":"Person","@id":"https:\/\/www.welovecycling.com\/hu\/#\/schema\/person\/414a2aebf1801691a5320edb6468e194","name":"hegyizs","image":{"@type":"ImageObject","inLanguage":"hu","@id":"https:\/\/www.welovecycling.com\/hu\/#\/schema\/person\/image\/","url":"https:\/\/secure.gravatar.com\/avatar\/02cf8a7906b8cf90cecb4679defac7cfd33a1c2e3b88e4903d947f3bb58eedd3?s=96&d=mm&r=g","contentUrl":"https:\/\/secure.gravatar.com\/avatar\/02cf8a7906b8cf90cecb4679defac7cfd33a1c2e3b88e4903d947f3bb58eedd3?s=96&d=mm&r=g","caption":"hegyizs"},"url":"https:\/\/www.welovecycling.com\/hu\/author\/hegyizs\/"}]}},"_links":{"self":[{"href":"https:\/\/www.welovecycling.com\/hu\/wp-json\/wp\/v2\/posts\/17897","targetHints":{"allow":["GET"]}}],"collection":[{"href":"https:\/\/www.welovecycling.com\/hu\/wp-json\/wp\/v2\/posts"}],"about":[{"href":"https:\/\/www.welovecycling.com\/hu\/wp-json\/wp\/v2\/types\/post"}],"author":[{"embeddable":true,"href":"https:\/\/www.welovecycling.com\/hu\/wp-json\/wp\/v2\/users\/71"}],"replies":[{"embeddable":true,"href":"https:\/\/www.welovecycling.com\/hu\/wp-json\/wp\/v2\/comments?post=17897"}],"version-history":[{"count":1,"href":"https:\/\/www.welovecycling.com\/hu\/wp-json\/wp\/v2\/posts\/17897\/revisions"}],"predecessor-version":[{"id":17899,"href":"https:\/\/www.welovecycling.com\/hu\/wp-json\/wp\/v2\/posts\/17897\/revisions\/17899"}],"wp:featuredmedia":[{"embeddable":true,"href":"https:\/\/www.welovecycling.com\/hu\/wp-json\/wp\/v2\/media\/17898"}],"wp:attachment":[{"href":"https:\/\/www.welovecycling.com\/hu\/wp-json\/wp\/v2\/media?parent=17897"}],"wp:term":[{"taxonomy":"category","embeddable":true,"href":"https:\/\/www.welovecycling.com\/hu\/wp-json\/wp\/v2\/categories?post=17897"},{"taxonomy":"post_tag","embeddable":true,"href":"https:\/\/www.welovecycling.com\/hu\/wp-json\/wp\/v2\/tags?post=17897"},{"taxonomy":"global-categories","embeddable":true,"href":"https:\/\/www.welovecycling.com\/hu\/wp-json\/wp\/v2\/global-categories?post=17897"}],"curies":[{"name":"wp","href":"https:\/\/api.w.org\/{rel}","templated":true}]}}