{"id":17891,"date":"2023-09-15T16:36:32","date_gmt":"2023-09-15T14:36:32","guid":{"rendered":"https:\/\/www.welovecycling.com\/hu\/?p=17891"},"modified":"2023-09-15T16:36:32","modified_gmt":"2023-09-15T14:36:32","slug":"a-vegere-nem-az-lett-a-kerdes-megcsinalja-e-a-jumbo-hanem-hogy-kivel","status":"publish","type":"post","link":"https:\/\/www.welovecycling.com\/hu\/orszaguti-kerekpar\/a-vegere-nem-az-lett-a-kerdes-megcsinalja-e-a-jumbo-hanem-hogy-kivel\/","title":{"rendered":"A v\u00e9g\u00e9re nem az lett a k\u00e9rd\u00e9s, megcsin\u00e1lja-e a Jumbo, hanem hogy kivel"},"content":{"rendered":"<p><strong>M\u00e1r-m\u00e1r nyomaszt\u00f3 a Valter Attil\u00e1val er\u0151t demonstr\u00e1l\u00f3 holland szt\u00e1rcsapat f\u00f6l\u00e9nye a Vuelt\u00e1n, amely imm\u00e1r biztosan t\u00f6rt\u00e9nelmet \u00edr. A z\u00e1r\u00f3 h\u00e9tv\u00e9g\u00e9re csup\u00e1n egyetlen k\u00e9rd\u0151jel maradt: melyik \u00e1szukkal nyerik meg az \u00e9v harmadik nagy k\u00f6rverseny\u00e9t is?<\/strong><!--more--><\/p>\n<p>A Jumbo-Visma nagyrat\u00f6r\u0151 terveivel harangoztuk be mi magunk is az idei Vuelta a Espan\u00e1t: mint ismert, a holland szt\u00e1rcsapat a Giro d\u2019Italia (Primoz Roglic) \u00e9s a Tour de France (Jonas Vingegaard) kipip\u00e1l\u00e1sa ut\u00e1n azzal a sz\u00e1nd\u00e9kkal v\u00e1gott neki az \u00e9v utols\u00f3 nagy h\u00e1romhetes\u00e9nek, hogy onnan is elhozza az \u00f6sszetett gy\u0151zelmet, vagyis egy napt\u00e1ri \u00e9ven bel\u00fcl mindh\u00e1rom Grand Tourt megnyerje \u2013 ami kor\u00e1bban egyetlen ist\u00e1ll\u00f3nak, m\u00e9g a dominanci\u00e1ja cs\u00facs\u00e1n \u00e1ll\u00f3 Sky\/Ineosnak sem siker\u00fclt anno.<\/p>\n<p>Nos, a z\u00e1r\u00f3h\u00e9tv\u00e9g\u00e9re lesz\u0171k\u00fclt a k\u00e9rd\u00e9sek k\u00f6re: a Jumbo nyomaszt\u00f3 f\u00f6l\u00e9ny\u00e9t semmi sem jelzi jobban, minthogy az utols\u00f3 h\u00e1rom szakasznak \u00fagy megy neki a mez\u0151ny, hogy az \u00f6sszetett dobog\u00f3t teljesen kisaj\u00e1t\u00edtotta mag\u00e1nak a Valter Attila hathat\u00f3s t\u00e1mogat\u00e1s\u00e1t is \u00e9lvez\u0151 holland csapat. Az egyetlen komoly meglepet\u00e9s viszont maradt, ez pedig a sorrend: a versenyt a nyolcadik szakasz \u00f3ta vezet\u0151 meglepet\u00e9sember, Sepp Kuss v\u00e1ltozatlanul \u0151rzi piros trik\u00f3j\u00e1t, el\u0151ny\u00e9b\u0151l el\u0151bb nyolc m\u00e1sodpercet \u0151rz\u00f6tt meg tulajdon csapatt\u00e1rsa, Jonas Vingegaard el\u0151tt, majd ezt m\u00e9g n\u00f6velni is tudta 17 mp-re cs\u00fct\u00f6rt\u00f6k\u00f6n, a 18. etap kem\u00e9ny kaptat\u00f3in. \u0150ket Primoz Roglic k\u00f6veti alig 50 m\u00e1sodperces h\u00e1tr\u00e1nnyal, a negyedik helyen \u00e1ll\u00f3 Juan Ayuso m\u00e1r kerek 4 percre van Kusst\u00f3l (a c\u00edmv\u00e9d\u0151 Remco Evenepoel pedig m\u00e1r kor\u00e1bban elsz\u00e1llt) \u2013 vagyis nagyobb rizik\u00f3v\u00e1llal\u00e1s n\u00e9lk\u00fcl kijelenthet\u0151, ezt a Jumbo innen m\u00e1r nem engedi ki a kez\u00e9b\u0151l, a k\u00e9rd\u00e9s \u201ecsak\u201d az, melyik versenyz\u0151j\u00e9vel teljes\u00edti be a t\u00f6rt\u00e9nelmi tripl\u00e1z\u00e1st.<\/p>\n<figure id=\"attachment_17893\" aria-describedby=\"caption-attachment-17893\" style=\"width: 828px\" class=\"wp-caption alignnone\"><img loading=\"lazy\" decoding=\"async\" class=\"size-full wp-image-17893\" src=\"https:\/\/d2p6e6u75xmxt8.cloudfront.net\/12\/2023\/09\/4aabc.webp\" alt=\"\" width=\"828\" height=\"828\" srcset=\"https:\/\/d2p6e6u75xmxt8.cloudfront.net\/12\/2023\/09\/4aabc.webp 828w, https:\/\/d2p6e6u75xmxt8.cloudfront.net\/12\/2023\/09\/4aabc-300x300.webp 300w, https:\/\/d2p6e6u75xmxt8.cloudfront.net\/12\/2023\/09\/4aabc-150x150.webp 150w, https:\/\/d2p6e6u75xmxt8.cloudfront.net\/12\/2023\/09\/4aabc-768x768.webp 768w, https:\/\/d2p6e6u75xmxt8.cloudfront.net\/12\/2023\/09\/4aabc-400x400.webp 400w\" sizes=\"auto, (max-width: 828px) 100vw, 828px\" \/><figcaption id=\"caption-attachment-17893\" class=\"wp-caption-text\">fot\u00f3: L. A. Gomez\/Presse Sport (forr\u00e1s: lequipe.fr)<\/figcaption><\/figure>\n<p>Az egyszeri, romantikus ker\u00e9kp\u00e1rdrukker val\u00f3sz\u00edn\u0171leg annak a Sepp Kussnak szurkol, akit most v\u00e9gre elker\u00fcl a balszerencse \u00e9s a s\u00e9r\u00fcl\u00e9sek, \u00e9s aki igaz\u00e1n meg\u00e9rdemeln\u00e9 a sikert, f\u0151leg annak tudat\u00e1ban, hogy nagyj\u00e1b\u00f3l felfoghatatlan, amit m\u0171vel: a Giro \u00e9s a Tour leteker\u00e9se ut\u00e1n az \u00e9v harmadik h\u00e1romhetes\u00e9t is a lehet\u0151 legmagasabb szinten csin\u00e1lja v\u00e9gig, \u00fagy, hogy az utols\u00f3 h\u00e1rom szakaszra fordulva re\u00e1lis es\u00e9lye van a gy\u0151zelemre is \u2013 ez t\u00e9nyleg emberfeletti teljes\u00edtm\u00e9ny. R\u00e1ad\u00e1sul a sztori tal\u00e1n akkor lenne igaz\u00e1n kerek, ha a Jumbo \u00fagy tudn\u00e1 mag\u00e1t kit\u00f6r\u00f6lhetetlen\u00fcl be\u00edrni a ker\u00e9kp\u00e1rsport (\u00e9s az egyetemes sport) aranyk\u00f6nyv\u00e9be, hogy a t\u00f6rt\u00e9nelmi tripl\u00e1t h\u00e1rom k\u00fcl\u00f6nb\u00f6z\u0151 versenyz\u0151j\u00e9vel \u00e9rn\u00e9 el, ez ugyanis szinte bizonyosan megism\u00e9telhetetlen brav\u00far lenne. E ponton teh\u00e1t \u00f3ri\u00e1si k\u00e9rd\u00e9s, hogy a csapatvezet\u00e9s prioriz\u00e1l-e valakit a nagy tri\u00f3b\u00f3l, vagy hagyja, hogy versenyz\u0151i egym\u00e1s k\u00f6z\u00f6tt, h\u00e1zon bel\u00fcl meccselj\u00e9k le a v\u00e9gs\u0151 gy\u0151zelem k\u00e9rd\u00e9s\u00e9t. Az mindenesetre val\u00f3sz\u00edn\u0171nek t\u0171nik, hogy az utols\u00f3 el\u0151tti, 4361 m\u00e9ter szintet tartalmaz\u00f3 20. etapon d\u0151l majd el a piros trik\u00f3 sorsa, az egy csapatban teker\u0151k pedig ez\u00fattal egym\u00e1s ellen is tekernek majd, vagyis izgalmaknak a z\u00e1r\u00f3 h\u00e9tv\u00e9g\u00e9n sem lesz\u00fcnk h\u00edj\u00e1n, \u00e9s ak\u00e1r a sz\u00edntiszta Jumbo-dobog\u00f3 is sim\u00e1n elk\u00e9pzelhet\u0151 a v\u00e9gelsz\u00e1mol\u00e1sn\u00e1l. Azt\u00e1n hogy ez mennyire tenne j\u00f3t a ker\u00e9kp\u00e1rsportnak, egyel\u0151re ne feszegess\u00fck, a kor\u00e1bbi Jumbo-klasszis Tom Dumoulin szerint \u00e9ppens\u00e9ggel semennyire \u2013 mi mindenesetre eln\u00e9z\u0151bbek vagyunk \u00edgy, hogy a vil\u00e1g legjobb csapat\u00e1nak t\u00f6rt\u00e9nelmi siker\u00e9b\u0151l egy magyar versenyz\u0151 is nagyon akt\u00edv szerepet v\u00e1llal.<\/p>\n<figure id=\"attachment_17894\" aria-describedby=\"caption-attachment-17894\" style=\"width: 970px\" class=\"wp-caption alignnone\"><img loading=\"lazy\" decoding=\"async\" class=\"size-full wp-image-17894\" src=\"https:\/\/d2p6e6u75xmxt8.cloudfront.net\/12\/2023\/09\/jumbo-trio-Large.webp\" alt=\"\" width=\"970\" height=\"647\" srcset=\"https:\/\/d2p6e6u75xmxt8.cloudfront.net\/12\/2023\/09\/jumbo-trio-Large.webp 970w, https:\/\/d2p6e6u75xmxt8.cloudfront.net\/12\/2023\/09\/jumbo-trio-Large-300x200.webp 300w, https:\/\/d2p6e6u75xmxt8.cloudfront.net\/12\/2023\/09\/jumbo-trio-Large-768x512.webp 768w, https:\/\/d2p6e6u75xmxt8.cloudfront.net\/12\/2023\/09\/jumbo-trio-Large-400x267.webp 400w, https:\/\/d2p6e6u75xmxt8.cloudfront.net\/12\/2023\/09\/jumbo-trio-Large-272x182.webp 272w\" sizes=\"auto, (max-width: 970px) 100vw, 970px\" \/><figcaption id=\"caption-attachment-17894\" class=\"wp-caption-text\">A Jumbo nagy tri\u00f3j\u00e1nak csak a h\u00e1t\u00e1t n\u00e9zi a mez\u0151ny (fot\u00f3: Getty Images)<\/figcaption><\/figure>\n<p>Mert Valter Attila ism\u00e9t d\u00f6bbenetesen nagyot dolgozik t\u00e1rsai\u00e9rt, a kegyetlen keddi hegyi befut\u00f3 el\u0151tt v\u00e9gig \u0151 h\u00fazta a sort, \u00e9s m\u00e1snap, az anglirus kir\u00e1lyszakaszon is sokat v\u00e1llalt \u2013 \u00fagy \u00e1ll az \u00f6sszetett 21., \u00e9s a fiatalok verseny\u00e9nek 8. hely\u00e9n, hogy k\u00f6zben oroszl\u00e1nr\u00e9sze van az eszement Jumbo-dominanci\u00e1ban. Ahogy Ati fogalmazott, csupa b\u00fcszkes\u00e9g, hogy ennek a csapatnak lehet a tagja, mert, mint k\u00f6z\u00f6ss\u00e9gi oldal\u00e1n \u00edrta: \u201eEgyre jobban \u00e9rzem azt, hogy ez a csapat beker\u00fcl a t\u00f6rt\u00e9nelemk\u00f6nyvekbe!\u201d<\/p>\n<p>Ez imm\u00e1r val\u00f3ban biztosnak t\u0171nik \u2013 az \u00e9get\u0151 k\u00e9rd\u00e9s csup\u00e1n a hogyan\u2026<\/p>\n<figure id=\"attachment_17895\" aria-describedby=\"caption-attachment-17895\" style=\"width: 1024px\" class=\"wp-caption alignnone\"><img loading=\"lazy\" decoding=\"async\" class=\"size-large wp-image-17895\" src=\"https:\/\/d2p6e6u75xmxt8.cloudfront.net\/12\/2023\/09\/375908372_761745499294665_219198331371566176_n-1024x683.webp\" alt=\"\" width=\"1024\" height=\"683\" srcset=\"https:\/\/d2p6e6u75xmxt8.cloudfront.net\/12\/2023\/09\/375908372_761745499294665_219198331371566176_n-1024x683.webp 1024w, https:\/\/d2p6e6u75xmxt8.cloudfront.net\/12\/2023\/09\/375908372_761745499294665_219198331371566176_n-300x200.webp 300w, https:\/\/d2p6e6u75xmxt8.cloudfront.net\/12\/2023\/09\/375908372_761745499294665_219198331371566176_n-768x512.webp 768w, https:\/\/d2p6e6u75xmxt8.cloudfront.net\/12\/2023\/09\/375908372_761745499294665_219198331371566176_n-400x267.webp 400w, https:\/\/d2p6e6u75xmxt8.cloudfront.net\/12\/2023\/09\/375908372_761745499294665_219198331371566176_n-272x182.webp 272w, https:\/\/d2p6e6u75xmxt8.cloudfront.net\/12\/2023\/09\/375908372_761745499294665_219198331371566176_n.webp 1440w\" sizes=\"auto, (max-width: 1024px) 100vw, 1024px\" \/><figcaption id=\"caption-attachment-17895\" class=\"wp-caption-text\">Szenz\u00e1ci\u00f3s Valter, szenz\u00e1ci\u00f3s csapat, szenz\u00e1ci\u00f3s fot\u00f3 (forr\u00e1s: Facebook\/Valter Attila)<\/figcaption><\/figure>\n<p>Bor\u00edt\u00f3k\u00e9p: <em>Sprint Cycling Academy<\/em><\/p>\n","protected":false},"excerpt":{"rendered":"<p>M\u00e1r-m\u00e1r nyomaszt\u00f3 a Valter Attil\u00e1val er\u0151t demonstr\u00e1l\u00f3 holland szt\u00e1rcsapat f\u00f6l\u00e9nye a Vuelt\u00e1n, amely imm\u00e1r biztosan t\u00f6rt\u00e9nelmet \u00edr. A z\u00e1r\u00f3 h\u00e9tv\u00e9g\u00e9re [&hellip;]<\/p>\n","protected":false},"author":71,"featured_media":17892,"comment_status":"open","ping_status":"open","sticky":false,"template":"","format":"standard","meta":{"footnotes":""},"categories":[8],"tags":[],"global-categories":[419],"class_list":["post-17891","post","type-post","status-publish","format-standard","has-post-thumbnail","hentry","category-orszaguti-kerekpar","global-categories-cycling"],"yoast_head":"<!-- This site is optimized with the Yoast SEO Premium plugin v25.3 (Yoast SEO v25.9) - https:\/\/yoast.com\/wordpress\/plugins\/seo\/ -->\n<title>A v\u00e9g\u00e9re nem az lett a k\u00e9rd\u00e9s, megcsin\u00e1lja-e a Jumbo, hanem hogy kivel<\/title>\n<meta name=\"description\" content=\"M\u00e1r-m\u00e1r nyomaszt\u00f3 a Valter Attil\u00e1val er\u0151t demonstr\u00e1l\u00f3 holland szt\u00e1rcsapat f\u00f6l\u00e9nye a Vuelt\u00e1n, amely imm\u00e1r biztosan t\u00f6rt\u00e9nelmet \u00edr. A z\u00e1r\u00f3 h\u00e9tv\u00e9g\u00e9re csup\u00e1n egyetlen k\u00e9rd\u0151jel maradt: melyik \u00e1szukkal nyerik meg az \u00e9v harmadik nagy k\u00f6rverseny\u00e9t is?\" \/>\n<meta name=\"robots\" content=\"index, follow, max-snippet:-1, max-image-preview:large, max-video-preview:-1\" \/>\n<link rel=\"canonical\" href=\"https:\/\/www.welovecycling.com\/hu\/orszaguti-kerekpar\/a-vegere-nem-az-lett-a-kerdes-megcsinalja-e-a-jumbo-hanem-hogy-kivel\/\" \/>\n<meta property=\"og:locale\" content=\"hu_HU\" \/>\n<meta property=\"og:type\" content=\"article\" \/>\n<meta property=\"og:title\" content=\"A v\u00e9g\u00e9re nem az lett a k\u00e9rd\u00e9s, megcsin\u00e1lja-e a Jumbo, hanem hogy kivel\" \/>\n<meta property=\"og:description\" content=\"M\u00e1r-m\u00e1r nyomaszt\u00f3 a Valter Attil\u00e1val er\u0151t demonstr\u00e1l\u00f3 holland szt\u00e1rcsapat f\u00f6l\u00e9nye a Vuelt\u00e1n, amely imm\u00e1r biztosan t\u00f6rt\u00e9nelmet \u00edr. A z\u00e1r\u00f3 h\u00e9tv\u00e9g\u00e9re csup\u00e1n egyetlen k\u00e9rd\u0151jel maradt: melyik \u00e1szukkal nyerik meg az \u00e9v harmadik nagy k\u00f6rverseny\u00e9t is?\" \/>\n<meta property=\"og:url\" content=\"https:\/\/www.welovecycling.com\/hu\/orszaguti-kerekpar\/a-vegere-nem-az-lett-a-kerdes-megcsinalja-e-a-jumbo-hanem-hogy-kivel\/\" \/>\n<meta property=\"og:site_name\" content=\"\u0160koda We Love Cycling - Magyarorsz\u00e1g\" \/>\n<meta property=\"article:publisher\" content=\"https:\/\/www.facebook.com\/WeLoveCyclingHungary\/\" \/>\n<meta property=\"article:published_time\" content=\"2023-09-15T14:36:32+00:00\" \/>\n<meta property=\"og:image\" content=\"https:\/\/d2p6e6u75xmxt8.cloudfront.net\/12\/2023\/09\/323680fca57dcbcfca5c3b5a4daeb41d8a1f1ab8-6000x4000-Large.webp\" \/>\n\t<meta property=\"og:image:width\" content=\"1280\" \/>\n\t<meta property=\"og:image:height\" content=\"853\" \/>\n\t<meta property=\"og:image:type\" content=\"image\/webp\" \/>\n<meta name=\"author\" content=\"hegyizs\" \/>\n<meta name=\"twitter:card\" content=\"summary_large_image\" \/>\n<meta name=\"twitter:label1\" content=\"Written by\" \/>\n\t<meta name=\"twitter:data1\" content=\"WLC\" \/>\n\t<meta name=\"twitter:label2\" content=\"Est. reading time\" \/>\n\t<meta name=\"twitter:data2\" content=\"4 minutes\" \/>\n<script type=\"application\/ld+json\" class=\"yoast-schema-graph\">{\"@context\":\"https:\/\/schema.org\",\"@graph\":[{\"@type\":\"WebPage\",\"@id\":\"https:\/\/www.welovecycling.com\/hu\/orszaguti-kerekpar\/a-vegere-nem-az-lett-a-kerdes-megcsinalja-e-a-jumbo-hanem-hogy-kivel\/\",\"url\":\"https:\/\/www.welovecycling.com\/hu\/orszaguti-kerekpar\/a-vegere-nem-az-lett-a-kerdes-megcsinalja-e-a-jumbo-hanem-hogy-kivel\/\",\"name\":\"A v\u00e9g\u00e9re nem az lett a k\u00e9rd\u00e9s, megcsin\u00e1lja-e a Jumbo, hanem hogy kivel\",\"isPartOf\":{\"@id\":\"https:\/\/www.welovecycling.com\/hu\/#website\"},\"primaryImageOfPage\":{\"@id\":\"https:\/\/www.welovecycling.com\/hu\/orszaguti-kerekpar\/a-vegere-nem-az-lett-a-kerdes-megcsinalja-e-a-jumbo-hanem-hogy-kivel\/#primaryimage\"},\"image\":{\"@id\":\"https:\/\/www.welovecycling.com\/hu\/orszaguti-kerekpar\/a-vegere-nem-az-lett-a-kerdes-megcsinalja-e-a-jumbo-hanem-hogy-kivel\/#primaryimage\"},\"thumbnailUrl\":\"https:\/\/d2p6e6u75xmxt8.cloudfront.net\/12\/2023\/09\/323680fca57dcbcfca5c3b5a4daeb41d8a1f1ab8-6000x4000-Large.webp\",\"datePublished\":\"2023-09-15T14:36:32+00:00\",\"author\":{\"@id\":\"https:\/\/www.welovecycling.com\/hu\/#\/schema\/person\/414a2aebf1801691a5320edb6468e194\"},\"description\":\"M\u00e1r-m\u00e1r nyomaszt\u00f3 a Valter Attil\u00e1val er\u0151t demonstr\u00e1l\u00f3 holland szt\u00e1rcsapat f\u00f6l\u00e9nye a Vuelt\u00e1n, amely imm\u00e1r biztosan t\u00f6rt\u00e9nelmet \u00edr. A z\u00e1r\u00f3 h\u00e9tv\u00e9g\u00e9re csup\u00e1n egyetlen k\u00e9rd\u0151jel maradt: melyik \u00e1szukkal nyerik meg az \u00e9v harmadik nagy k\u00f6rverseny\u00e9t is?\",\"breadcrumb\":{\"@id\":\"https:\/\/www.welovecycling.com\/hu\/orszaguti-kerekpar\/a-vegere-nem-az-lett-a-kerdes-megcsinalja-e-a-jumbo-hanem-hogy-kivel\/#breadcrumb\"},\"inLanguage\":\"hu\",\"potentialAction\":[{\"@type\":\"ReadAction\",\"target\":[\"https:\/\/www.welovecycling.com\/hu\/orszaguti-kerekpar\/a-vegere-nem-az-lett-a-kerdes-megcsinalja-e-a-jumbo-hanem-hogy-kivel\/\"]}]},{\"@type\":\"ImageObject\",\"inLanguage\":\"hu\",\"@id\":\"https:\/\/www.welovecycling.com\/hu\/orszaguti-kerekpar\/a-vegere-nem-az-lett-a-kerdes-megcsinalja-e-a-jumbo-hanem-hogy-kivel\/#primaryimage\",\"url\":\"https:\/\/d2p6e6u75xmxt8.cloudfront.net\/12\/2023\/09\/323680fca57dcbcfca5c3b5a4daeb41d8a1f1ab8-6000x4000-Large.webp\",\"contentUrl\":\"https:\/\/d2p6e6u75xmxt8.cloudfront.net\/12\/2023\/09\/323680fca57dcbcfca5c3b5a4daeb41d8a1f1ab8-6000x4000-Large.webp\",\"width\":1280,\"height\":853},{\"@type\":\"BreadcrumbList\",\"@id\":\"https:\/\/www.welovecycling.com\/hu\/orszaguti-kerekpar\/a-vegere-nem-az-lett-a-kerdes-megcsinalja-e-a-jumbo-hanem-hogy-kivel\/#breadcrumb\",\"itemListElement\":[{\"@type\":\"ListItem\",\"position\":1,\"name\":\"Home\",\"item\":\"https:\/\/www.welovecycling.com\/hu\/\"},{\"@type\":\"ListItem\",\"position\":2,\"name\":\"A v\u00e9g\u00e9re nem az lett a k\u00e9rd\u00e9s, megcsin\u00e1lja-e a Jumbo, hanem hogy kivel\"}]},{\"@type\":\"WebSite\",\"@id\":\"https:\/\/www.welovecycling.com\/hu\/#website\",\"url\":\"https:\/\/www.welovecycling.com\/hu\/\",\"name\":\"\u0160koda We Love Cycling - Magyarorsz\u00e1g\",\"description\":\"\u0160koda WeLoveCycling\",\"potentialAction\":[{\"@type\":\"SearchAction\",\"target\":{\"@type\":\"EntryPoint\",\"urlTemplate\":\"https:\/\/www.welovecycling.com\/hu\/?s={search_term_string}\"},\"query-input\":{\"@type\":\"PropertyValueSpecification\",\"valueRequired\":true,\"valueName\":\"search_term_string\"}}],\"inLanguage\":\"hu\"},{\"@type\":\"Person\",\"@id\":\"https:\/\/www.welovecycling.com\/hu\/#\/schema\/person\/414a2aebf1801691a5320edb6468e194\",\"name\":\"hegyizs\",\"image\":{\"@type\":\"ImageObject\",\"inLanguage\":\"hu\",\"@id\":\"https:\/\/www.welovecycling.com\/hu\/#\/schema\/person\/image\/\",\"url\":\"https:\/\/secure.gravatar.com\/avatar\/02cf8a7906b8cf90cecb4679defac7cfd33a1c2e3b88e4903d947f3bb58eedd3?s=96&d=mm&r=g\",\"contentUrl\":\"https:\/\/secure.gravatar.com\/avatar\/02cf8a7906b8cf90cecb4679defac7cfd33a1c2e3b88e4903d947f3bb58eedd3?s=96&d=mm&r=g\",\"caption\":\"hegyizs\"},\"url\":\"https:\/\/www.welovecycling.com\/hu\/author\/hegyizs\/\"}]}<\/script>\n<!-- \/ Yoast SEO Premium plugin. -->","yoast_head_json":{"title":"A v\u00e9g\u00e9re nem az lett a k\u00e9rd\u00e9s, megcsin\u00e1lja-e a Jumbo, hanem hogy kivel","description":"M\u00e1r-m\u00e1r nyomaszt\u00f3 a Valter Attil\u00e1val er\u0151t demonstr\u00e1l\u00f3 holland szt\u00e1rcsapat f\u00f6l\u00e9nye a Vuelt\u00e1n, amely imm\u00e1r biztosan t\u00f6rt\u00e9nelmet \u00edr. A z\u00e1r\u00f3 h\u00e9tv\u00e9g\u00e9re csup\u00e1n egyetlen k\u00e9rd\u0151jel maradt: melyik \u00e1szukkal nyerik meg az \u00e9v harmadik nagy k\u00f6rverseny\u00e9t is?","robots":{"index":"index","follow":"follow","max-snippet":"max-snippet:-1","max-image-preview":"max-image-preview:large","max-video-preview":"max-video-preview:-1"},"canonical":"https:\/\/www.welovecycling.com\/hu\/orszaguti-kerekpar\/a-vegere-nem-az-lett-a-kerdes-megcsinalja-e-a-jumbo-hanem-hogy-kivel\/","og_locale":"hu_HU","og_type":"article","og_title":"A v\u00e9g\u00e9re nem az lett a k\u00e9rd\u00e9s, megcsin\u00e1lja-e a Jumbo, hanem hogy kivel","og_description":"M\u00e1r-m\u00e1r nyomaszt\u00f3 a Valter Attil\u00e1val er\u0151t demonstr\u00e1l\u00f3 holland szt\u00e1rcsapat f\u00f6l\u00e9nye a Vuelt\u00e1n, amely imm\u00e1r biztosan t\u00f6rt\u00e9nelmet \u00edr. A z\u00e1r\u00f3 h\u00e9tv\u00e9g\u00e9re csup\u00e1n egyetlen k\u00e9rd\u0151jel maradt: melyik \u00e1szukkal nyerik meg az \u00e9v harmadik nagy k\u00f6rverseny\u00e9t is?","og_url":"https:\/\/www.welovecycling.com\/hu\/orszaguti-kerekpar\/a-vegere-nem-az-lett-a-kerdes-megcsinalja-e-a-jumbo-hanem-hogy-kivel\/","og_site_name":"\u0160koda We Love Cycling - Magyarorsz\u00e1g","article_publisher":"https:\/\/www.facebook.com\/WeLoveCyclingHungary\/","article_published_time":"2023-09-15T14:36:32+00:00","og_image":[{"width":1280,"height":853,"url":"https:\/\/d2p6e6u75xmxt8.cloudfront.net\/12\/2023\/09\/323680fca57dcbcfca5c3b5a4daeb41d8a1f1ab8-6000x4000-Large.webp","type":"image\/webp"}],"author":"hegyizs","twitter_card":"summary_large_image","twitter_misc":{"Written by":"WLC","Est. reading time":"4 minutes"},"schema":{"@context":"https:\/\/schema.org","@graph":[{"@type":"WebPage","@id":"https:\/\/www.welovecycling.com\/hu\/orszaguti-kerekpar\/a-vegere-nem-az-lett-a-kerdes-megcsinalja-e-a-jumbo-hanem-hogy-kivel\/","url":"https:\/\/www.welovecycling.com\/hu\/orszaguti-kerekpar\/a-vegere-nem-az-lett-a-kerdes-megcsinalja-e-a-jumbo-hanem-hogy-kivel\/","name":"A v\u00e9g\u00e9re nem az lett a k\u00e9rd\u00e9s, megcsin\u00e1lja-e a Jumbo, hanem hogy kivel","isPartOf":{"@id":"https:\/\/www.welovecycling.com\/hu\/#website"},"primaryImageOfPage":{"@id":"https:\/\/www.welovecycling.com\/hu\/orszaguti-kerekpar\/a-vegere-nem-az-lett-a-kerdes-megcsinalja-e-a-jumbo-hanem-hogy-kivel\/#primaryimage"},"image":{"@id":"https:\/\/www.welovecycling.com\/hu\/orszaguti-kerekpar\/a-vegere-nem-az-lett-a-kerdes-megcsinalja-e-a-jumbo-hanem-hogy-kivel\/#primaryimage"},"thumbnailUrl":"https:\/\/d2p6e6u75xmxt8.cloudfront.net\/12\/2023\/09\/323680fca57dcbcfca5c3b5a4daeb41d8a1f1ab8-6000x4000-Large.webp","datePublished":"2023-09-15T14:36:32+00:00","author":{"@id":"https:\/\/www.welovecycling.com\/hu\/#\/schema\/person\/414a2aebf1801691a5320edb6468e194"},"description":"M\u00e1r-m\u00e1r nyomaszt\u00f3 a Valter Attil\u00e1val er\u0151t demonstr\u00e1l\u00f3 holland szt\u00e1rcsapat f\u00f6l\u00e9nye a Vuelt\u00e1n, amely imm\u00e1r biztosan t\u00f6rt\u00e9nelmet \u00edr. A z\u00e1r\u00f3 h\u00e9tv\u00e9g\u00e9re csup\u00e1n egyetlen k\u00e9rd\u0151jel maradt: melyik \u00e1szukkal nyerik meg az \u00e9v harmadik nagy k\u00f6rverseny\u00e9t is?","breadcrumb":{"@id":"https:\/\/www.welovecycling.com\/hu\/orszaguti-kerekpar\/a-vegere-nem-az-lett-a-kerdes-megcsinalja-e-a-jumbo-hanem-hogy-kivel\/#breadcrumb"},"inLanguage":"hu","potentialAction":[{"@type":"ReadAction","target":["https:\/\/www.welovecycling.com\/hu\/orszaguti-kerekpar\/a-vegere-nem-az-lett-a-kerdes-megcsinalja-e-a-jumbo-hanem-hogy-kivel\/"]}]},{"@type":"ImageObject","inLanguage":"hu","@id":"https:\/\/www.welovecycling.com\/hu\/orszaguti-kerekpar\/a-vegere-nem-az-lett-a-kerdes-megcsinalja-e-a-jumbo-hanem-hogy-kivel\/#primaryimage","url":"https:\/\/d2p6e6u75xmxt8.cloudfront.net\/12\/2023\/09\/323680fca57dcbcfca5c3b5a4daeb41d8a1f1ab8-6000x4000-Large.webp","contentUrl":"https:\/\/d2p6e6u75xmxt8.cloudfront.net\/12\/2023\/09\/323680fca57dcbcfca5c3b5a4daeb41d8a1f1ab8-6000x4000-Large.webp","width":1280,"height":853},{"@type":"BreadcrumbList","@id":"https:\/\/www.welovecycling.com\/hu\/orszaguti-kerekpar\/a-vegere-nem-az-lett-a-kerdes-megcsinalja-e-a-jumbo-hanem-hogy-kivel\/#breadcrumb","itemListElement":[{"@type":"ListItem","position":1,"name":"Home","item":"https:\/\/www.welovecycling.com\/hu\/"},{"@type":"ListItem","position":2,"name":"A v\u00e9g\u00e9re nem az lett a k\u00e9rd\u00e9s, megcsin\u00e1lja-e a Jumbo, hanem hogy kivel"}]},{"@type":"WebSite","@id":"https:\/\/www.welovecycling.com\/hu\/#website","url":"https:\/\/www.welovecycling.com\/hu\/","name":"\u0160koda We Love Cycling - Magyarorsz\u00e1g","description":"\u0160koda WeLoveCycling","potentialAction":[{"@type":"SearchAction","target":{"@type":"EntryPoint","urlTemplate":"https:\/\/www.welovecycling.com\/hu\/?s={search_term_string}"},"query-input":{"@type":"PropertyValueSpecification","valueRequired":true,"valueName":"search_term_string"}}],"inLanguage":"hu"},{"@type":"Person","@id":"https:\/\/www.welovecycling.com\/hu\/#\/schema\/person\/414a2aebf1801691a5320edb6468e194","name":"hegyizs","image":{"@type":"ImageObject","inLanguage":"hu","@id":"https:\/\/www.welovecycling.com\/hu\/#\/schema\/person\/image\/","url":"https:\/\/secure.gravatar.com\/avatar\/02cf8a7906b8cf90cecb4679defac7cfd33a1c2e3b88e4903d947f3bb58eedd3?s=96&d=mm&r=g","contentUrl":"https:\/\/secure.gravatar.com\/avatar\/02cf8a7906b8cf90cecb4679defac7cfd33a1c2e3b88e4903d947f3bb58eedd3?s=96&d=mm&r=g","caption":"hegyizs"},"url":"https:\/\/www.welovecycling.com\/hu\/author\/hegyizs\/"}]}},"_links":{"self":[{"href":"https:\/\/www.welovecycling.com\/hu\/wp-json\/wp\/v2\/posts\/17891","targetHints":{"allow":["GET"]}}],"collection":[{"href":"https:\/\/www.welovecycling.com\/hu\/wp-json\/wp\/v2\/posts"}],"about":[{"href":"https:\/\/www.welovecycling.com\/hu\/wp-json\/wp\/v2\/types\/post"}],"author":[{"embeddable":true,"href":"https:\/\/www.welovecycling.com\/hu\/wp-json\/wp\/v2\/users\/71"}],"replies":[{"embeddable":true,"href":"https:\/\/www.welovecycling.com\/hu\/wp-json\/wp\/v2\/comments?post=17891"}],"version-history":[{"count":1,"href":"https:\/\/www.welovecycling.com\/hu\/wp-json\/wp\/v2\/posts\/17891\/revisions"}],"predecessor-version":[{"id":17896,"href":"https:\/\/www.welovecycling.com\/hu\/wp-json\/wp\/v2\/posts\/17891\/revisions\/17896"}],"wp:featuredmedia":[{"embeddable":true,"href":"https:\/\/www.welovecycling.com\/hu\/wp-json\/wp\/v2\/media\/17892"}],"wp:attachment":[{"href":"https:\/\/www.welovecycling.com\/hu\/wp-json\/wp\/v2\/media?parent=17891"}],"wp:term":[{"taxonomy":"category","embeddable":true,"href":"https:\/\/www.welovecycling.com\/hu\/wp-json\/wp\/v2\/categories?post=17891"},{"taxonomy":"post_tag","embeddable":true,"href":"https:\/\/www.welovecycling.com\/hu\/wp-json\/wp\/v2\/tags?post=17891"},{"taxonomy":"global-categories","embeddable":true,"href":"https:\/\/www.welovecycling.com\/hu\/wp-json\/wp\/v2\/global-categories?post=17891"}],"curies":[{"name":"wp","href":"https:\/\/api.w.org\/{rel}","templated":true}]}}