{"id":17877,"date":"2023-09-13T08:00:04","date_gmt":"2023-09-13T06:00:04","guid":{"rendered":"https:\/\/www.welovecycling.com\/hu\/?p=17877"},"modified":"2023-09-11T11:36:17","modified_gmt":"2023-09-11T09:36:17","slug":"annemiek-van-vleuten-lenyugozo-kerekparos-karrierje","status":"publish","type":"post","link":"https:\/\/www.welovecycling.com\/hu\/orszaguti-kerekpar\/annemiek-van-vleuten-lenyugozo-kerekparos-karrierje\/","title":{"rendered":"Annemiek van Vleuten leny\u0171g\u00f6z\u0151 ker\u00e9kp\u00e1ros karrierje"},"content":{"rendered":"<p><strong>Ahogy Annemiek van Vleuten (Movistar Team) leny\u0171g\u00f6z\u0151 profi versenykarrierj\u00e9nek utols\u00f3 fejezet\u00e9hez \u00e9r\u00fcnk, ism\u00e9t mindenki r\u00f3la besz\u00e9l, \u00e9s nem is csoda. A legut\u00f3bbi gy\u0151zelme ut\u00e1n a Skandin\u00e1via K\u00f6rversenyen a 40 \u00e9ves szuperszt\u00e1r szeptember 5-\u00e9n, hazai holland p\u00e1ly\u00e1n, a Simac Ladies Touron fejezte be 16 \u00e9ves ker\u00e9kp\u00e1ros \u00f6r\u00f6ks\u00e9g\u00e9t.<\/strong><\/p>\n<p><!--more--><\/p>\n<h2><strong>Egy legend\u00e1hoz m\u00e9lt\u00f3 befejez\u00e9s<\/strong><\/h2>\n<p>Karrierj\u00e9nek utols\u00f3 szakasz\u00e1hoz k\u00f6zeledve a sportol\u00f3 \u00edgy nyilatkozott a Haderslevben aratott gy\u0151zelme ut\u00e1n: <em>&#8220;\u00d6r\u00fcl\u00f6k, hogy m\u00e9g mindig a gy\u0151zelem\u00e9rt harcolhatok az utols\u00f3 versenyeimen. Ez\u00e9rt szeretek bring\u00e1zni, nem is csak a gy\u0151zelem\u00e9rt, hanem mert j\u00f3 form\u00e1ban vagyok. Ott vagyok az \u00e9lmez\u0151nyben, j\u00f3k a l\u00e1baim, \u00edgy mosolyogva b\u00facs\u00fazhatok a sportt\u00f3l&#8221;<\/em>.<\/p>\n<p>A Simac Ladies Tour-on visszhangzott a k\u00e1nt\u00e1l\u00e1s &#8211; &#8220;Annemiek bedankt&#8221;, vagyis &#8220;K\u00f6sz\u00f6nj\u00fck, Annemiek&#8221; -, ahogy Vleuten \u00e1ttekert a c\u00e9lvonalon. Egy\u00fctt \u00fcnnepelte rajong\u00f3ival az utols\u00f3 verseny\u00e9t, \u00e9s azt hissz\u00fck, nem is v\u00e9gz\u0151dhetett volna szebben az elm\u00falt 16 \u00e9v. A p\u00f3diumon elmondta, hogy ki\u00e9lvezte az utols\u00f3 kilom\u00e9tereket. Igaz, hogy a 26. helyen v\u00e9gzett, \u00edgy nem koron\u00e1zta gy\u0151zelem a karrierj\u00e9t, de tal\u00e1n nem is ez volt a l\u00e9nyeg.<\/p>\n<h2><strong>Gy\u0151zelmek \u00e9s kih\u00edv\u00e1sok \u00fatja<\/strong><\/h2>\n<p>Annemiek van Vleuten ker\u00e9kp\u00e1ros \u00fatja a hollandiai Vleuten v\u00e1ros\u00e1ban kezd\u0151d\u00f6tt, ahol 1982. okt\u00f3ber 8-\u00e1n sz\u00fcletett. Az els\u0151 teker\u00e9se egy s\u00e9r\u00fcl\u00e9sb\u0151l val\u00f3 fel\u00e9p\u00fcl\u00e9s eszk\u00f6ze volt, egy apr\u00f3 l\u00e9p\u00e9s, amely v\u00e9g\u00fcl monument\u00e1lis eredm\u00e9nyekhez vezetett. 2007-ben csatlakozott az amat\u0151r Therme Skin Care csapathoz, \u00e9s nem tartott sok\u00e1ig, m\u00edg tehets\u00e9ge kiemelte.<\/p>\n<div class=\"embed-controller-wrapper\">\n<blockquote class=\"twitter-tweet\" data-width=\"500\" data-dnt=\"true\">\n<p lang=\"en\" dir=\"ltr\">Didn&#39;t expect to win the Tour of Scandinavia <a href=\"https:\/\/twitter.com\/Battlenor?ref_src=twsrc%5Etfw\">@Battlenor<\/a>  \ud83c\udde9\ud83c\uddf0\ud83c\uddf3\ud83c\uddf4, but very happy that I did! It was a great week, also because of getting so much support of people and talking to a lot of riders. An update (in Dutch) on my website: <a href=\"https:\/\/t.co\/tLvvnfsahM\">https:\/\/t.co\/tLvvnfsahM<\/a><\/p>\n<p>\ud83d\udcf8: Getty Images <a href=\"https:\/\/t.co\/qUAuQ7IUVe\">pic.twitter.com\/qUAuQ7IUVe<\/a><\/p>\n<p>&mdash; Annemiek van Vleuten (@AvVleuten) <a href=\"https:\/\/twitter.com\/AvVleuten\/status\/1696100257048719611?ref_src=twsrc%5Etfw\">August 28, 2023<\/a><\/p><\/blockquote>\n<p><script async data-src=\"https:\/\/platform.twitter.com\/widgets.js\" charset=\"utf-8\"><\/script><\/div>\n<h2><strong>Bel\u00e9p\u00e9s a profik k\u00f6z\u00e9<\/strong><\/h2>\n<p>2008-ban csatlakozott a Vrienden van het Platteland csapathoz csatlakozott, ahol Annemiek \u00edg\u00e9retesen teljes\u00edtett, de az igazi \u00e1tt\u00f6r\u00e9st a Rabobank-Liv csapathoz val\u00f3 \u00e1tigazol\u00e1sa jelentette. 2010-ben megszerezte els\u0151 profi gy\u0151zelm\u00e9t az Eurocup Ronde van Drenthe versenyen, \u00e9s innen m\u00e1r nem volt meg\u00e1ll\u00e1s.<\/p>\n<h2><strong>Az \u00e1tt\u00f6r\u00e9s pillanatai<\/strong><\/h2>\n<p>A 2011-es \u00e9v meghat\u00e1roz\u00f3v\u00e1 v\u00e1lt Annemiek sz\u00e1m\u00e1ra. Sikereket \u00e9rt el a klasszikusokon, \u00e9s a Tour des Flandres gy\u0151zelm\u00e9vel a figyelem k\u00f6z\u00e9ppontj\u00e1ba ker\u00fclt. Az Open de Su\u00e8de Vargard\u00e1n \u00e9s a GP de Plouay-n tov\u00e1bb er\u0151s\u00edtett\u00e9k imidzs\u00e9t a n\u0151i ker\u00e9kp\u00e1roz\u00e1s domin\u00e1ns alakjak\u00e9nt. Ehhez pedig hozz\u00e1j\u00e1rult els\u0151 holland nemzeti bajnoki c\u00edm\u00e9nek megszerz\u00e9se 2012-ben.<\/p>\n<h2><strong>Az elk\u00f6vetkez\u0151 \u00e9vek<\/strong><\/h2>\n<p>Annemiek folyamatosan csod\u00e1latos sikereket \u00e9rt el \u00e9s hihetetlen gy\u0151zelmeket aratott. A Giro d&#8217;Italia Donne \u00e9s m\u00e1s, k\u00fcl\u00f6nb\u00f6z\u0151 versenyek megmutatt\u00e1k sokoldal\u00fas\u00e1g\u00e1t. Az elk\u00f6telezetts\u00e9ge a szakm\u00e1ja ir\u00e1nt v\u00e1ltozatlan maradt, m\u00e9g a csapatv\u00e1lt\u00e1sok sor\u00e1n is.<\/p>\n<h2><strong>A dominancia korszaka<\/strong><\/h2>\n<p>Van Vleuten karrierje \u00faj magass\u00e1gokat \u00e9rt el, amikor 2016-ban csatlakozott az Orica &#8211; AIS csapat\u00e1hoz (ami k\u00e9s\u0151bb Mitchelton-Scott n\u00e9ven lett ismert). Elhivatotts\u00e1ga meghozta gy\u00fcm\u00f6lcs\u00e9t: id\u0151futamokon gy\u0151zedelmeskedett, \u00e9s leny\u0171g\u00f6z\u0151 eredm\u00e9nyeket hozott. Azonban 2016-ban a ri\u00f3i olimpiai j\u00e1t\u00e9kokon t\u00f6rt\u00e9nt balesete\u00a0 \u00e1rny\u00e9kot vetett karrierj\u00e9re. Meglep\u0151 m\u00f3don azonban ez a visszaes\u00e9s csak meger\u0151s\u00edtette elsz\u00e1nts\u00e1g\u00e1t.<\/p>\n<p>2017-ben Annemiek \u00fajult er\u0151vel v\u00e1gott bele a szezonba,mely Bergenben az UCI Orsz\u00e1g\u00fati Vil\u00e1gbajnoks\u00e1g gy\u0151zelm\u00e9vel z\u00e1rult. A k\u00f6vetkez\u0151 \u00e9vekben tov\u00e1bbi nemzeti bajnoki c\u00edmeket, Giro d&#8217;Italia gy\u0151zelmeket \u00e9s sz\u00e1mos versenygy\u0151zelmet aratott. Az \u00fat a cs\u00facs fel\u00e9 akad\u00e1lyokkal volt kirakva, de \u0151 mindent vette, \u00e9s a visszaes\u00e9sek val\u00f3j\u00e1ban \u00fajj\u00e1sz\u00fclet\u00e9sekk\u00e9 v\u00e1ltoztak.<\/p>\n<h2><strong>Legend\u00e1s szezonok<\/strong><\/h2>\n<p>Az eredm\u00e9nyekben gazdag karrier \u00e9vei k\u00f6z\u00fcl 2020 kiemelkedett. Az \u00e9v elej\u00e9n el\u00e9rt gy\u0151zelmei, k\u00f6zt\u00fck a Strade Bianche \u00e9s az Eur\u00f3pai Bajnoks\u00e1gok p\u00e1ratlan form\u00e1j\u00e1t mutatt\u00e1k meg. M\u00e9g a glob\u00e1lis j\u00e1rv\u00e1ny sem \u00e1ll\u00edthatta meg lend\u00fclet\u00e9t. 2021-ben Van Vleuten megmutatta k\u00e9pess\u00e9geit a toki\u00f3i olimpi\u00e1n, ahol arany\u00e9rmet nyert az id\u0151futamon \u00e9s ez\u00fcst\u00e9rmet a orsz\u00e1g\u00fati versenyen.<\/p>\n<p>Ezt k\u00f6vette a 2022-es \u00e9v &#8211; egy szezon, amely meger\u0151s\u00edtette Annemiek hely\u00e9t a ker\u00e9kp\u00e1roz\u00e1s t\u00f6rt\u00e9nelm\u00e9ben. Van Vleuten p\u00e9ld\u00e1tlan teljes\u00edtm\u00e9nye, amikor megnyerte mindh\u00e1rom Nagy K\u00f6rversenyt &#8211; a Giro Rosa-t, a Tour de France Femmes avec Zwift-et \u00e9s a Vuelt\u00e1t &#8211; leny\u0171g\u00f6zte a ker\u00e9kp\u00e1ros vil\u00e1got. A legnehezebb kih\u00edv\u00e1sok legy\u0151z\u00e9s\u00e9re val\u00f3 k\u00e9pess\u00e9ge \u00e9s al\u00e1zatos \u00e9s kedves hozz\u00e1\u00e1ll\u00e1sa elb\u0171v\u00f6lte a szurkol\u00f3kat \u00e9s a versenyt\u00e1rsakat is.<\/p>\n<h2><strong>A n\u0151i ker\u00e9kp\u00e1roz\u00e1s felemel\u00e9se<\/strong><\/h2>\n<p>Annemiek van Vleuten egy\u00e9ni eredm\u00e9nyei mellett kulcsfontoss\u00e1g\u00fa szerepet j\u00e1tszott a n\u0151i ker\u00e9kp\u00e1roz\u00e1s felemel\u00e9s\u00e9ben a glob\u00e1lis sz\u00ednt\u00e9ren is. A sport egyik legtapasztaltabb \u00e9s legelismertebb nevek\u00e9nt jelenl\u00e9te hozz\u00e1j\u00e1rult a n\u0151i versenyz\u00e9s elismerts\u00e9g\u00e9nek n\u00f6veked\u00e9s\u00e9hez.<\/p>\n<h2><strong>Egy felejthetetlen \u00f6r\u00f6ks\u00e9g<\/strong><\/h2>\n<p>Annemiek van Vleuten egy olyan ker\u00e9kp\u00e1ros \u00f6r\u00f6ks\u00e9get hagy h\u00e1tra, ami m\u00e9g hossz\u00fa ideig inspir\u00e1lni fogja k\u00f6vet\u0151it. Az \u0151 \u00fatja a hat\u00e1rozotts\u00e1gr\u00f3l, az ellen\u00e1ll\u00f3k\u00e9pess\u00e9gr\u0151l \u00e9s a sport ir\u00e1nti szeretet erej\u00e9r\u0151l sz\u00f3lt. A ker\u00e9kp\u00e1ros k\u00f6z\u00f6ss\u00e9g v\u00e9gtelen\u00fcl h\u00e1l\u00e1s azok\u00e9rt az eml\u00e9kek\u00e9rt, amiket nek\u00fcnk aj\u00e1nd\u00e9kozott, \u00e9s az \u00fat\u00e9rt, amit a j\u00f6v\u0151 bajnokai sz\u00e1m\u00e1ra kijel\u00f6lt.<\/p>\n","protected":false},"excerpt":{"rendered":"<p>Ahogy Annemiek van Vleuten (Movistar Team) leny\u0171g\u00f6z\u0151 profi versenykarrierj\u00e9nek utols\u00f3 fejezet\u00e9hez \u00e9r\u00fcnk, ism\u00e9t mindenki r\u00f3la besz\u00e9l, \u00e9s nem is csoda. [&hellip;]<\/p>\n","protected":false},"author":71,"featured_media":17878,"comment_status":"open","ping_status":"open","sticky":false,"template":"","format":"standard","meta":{"footnotes":""},"categories":[8],"tags":[],"global-categories":[],"class_list":["post-17877","post","type-post","status-publish","format-standard","has-post-thumbnail","hentry","category-orszaguti-kerekpar"],"yoast_head":"<!-- This site is optimized with the Yoast SEO Premium plugin v25.3 (Yoast SEO v25.9) - https:\/\/yoast.com\/wordpress\/plugins\/seo\/ -->\n<title>Annemiek van Vleuten leny\u0171g\u00f6z\u0151 ker\u00e9kp\u00e1ros karrierje<\/title>\n<meta name=\"description\" content=\"Ahogy Annemiek van Vleuten (Movistar Team) leny\u0171g\u00f6z\u0151 profi versenykarrierj\u00e9nek utols\u00f3 fejezet\u00e9hez \u00e9r\u00fcnk, ism\u00e9t mindenki r\u00f3la besz\u00e9l, \u00e9s nem is csoda. A legut\u00f3bbi gy\u0151zelme ut\u00e1n a Skandin\u00e1via K\u00f6rversenyen a 40 \u00e9ves szuperszt\u00e1r szeptember 5-\u00e9n, hazai holland p\u00e1ly\u00e1n, a Simac Ladies Touron fejezte be 16 \u00e9ves ker\u00e9kp\u00e1ros \u00f6r\u00f6ks\u00e9g\u00e9t.\" \/>\n<meta name=\"robots\" content=\"index, follow, max-snippet:-1, max-image-preview:large, max-video-preview:-1\" \/>\n<link rel=\"canonical\" href=\"https:\/\/www.welovecycling.com\/hu\/orszaguti-kerekpar\/annemiek-van-vleuten-lenyugozo-kerekparos-karrierje\/\" \/>\n<meta property=\"og:locale\" content=\"hu_HU\" \/>\n<meta property=\"og:type\" content=\"article\" \/>\n<meta property=\"og:title\" content=\"Annemiek van Vleuten leny\u0171g\u00f6z\u0151 ker\u00e9kp\u00e1ros karrierje\" \/>\n<meta property=\"og:description\" content=\"Ahogy Annemiek van Vleuten (Movistar Team) leny\u0171g\u00f6z\u0151 profi versenykarrierj\u00e9nek utols\u00f3 fejezet\u00e9hez \u00e9r\u00fcnk, ism\u00e9t mindenki r\u00f3la besz\u00e9l, \u00e9s nem is csoda. A legut\u00f3bbi gy\u0151zelme ut\u00e1n a Skandin\u00e1via K\u00f6rversenyen a 40 \u00e9ves szuperszt\u00e1r szeptember 5-\u00e9n, hazai holland p\u00e1ly\u00e1n, a Simac Ladies Touron fejezte be 16 \u00e9ves ker\u00e9kp\u00e1ros \u00f6r\u00f6ks\u00e9g\u00e9t.\" \/>\n<meta property=\"og:url\" content=\"https:\/\/www.welovecycling.com\/hu\/orszaguti-kerekpar\/annemiek-van-vleuten-lenyugozo-kerekparos-karrierje\/\" \/>\n<meta property=\"og:site_name\" content=\"\u0160koda We Love Cycling - Magyarorsz\u00e1g\" \/>\n<meta property=\"article:publisher\" content=\"https:\/\/www.facebook.com\/WeLoveCyclingHungary\/\" \/>\n<meta property=\"article:published_time\" content=\"2023-09-13T06:00:04+00:00\" \/>\n<meta property=\"og:image\" content=\"https:\/\/d2p6e6u75xmxt8.cloudfront.net\/12\/2023\/09\/Annemiek-van-Vleuten-profimedia-0799011274-CVR.webp\" \/>\n\t<meta property=\"og:image:width\" content=\"990\" \/>\n\t<meta property=\"og:image:height\" content=\"660\" \/>\n\t<meta property=\"og:image:type\" content=\"image\/webp\" \/>\n<meta name=\"author\" content=\"hegyizs\" \/>\n<meta name=\"twitter:card\" content=\"summary_large_image\" \/>\n<meta name=\"twitter:label1\" content=\"Written by\" \/>\n\t<meta name=\"twitter:data1\" content=\"Megan Flottorp\" \/>\n\t<meta name=\"twitter:label2\" content=\"Est. reading time\" \/>\n\t<meta name=\"twitter:data2\" content=\"5\" \/>\n<script type=\"application\/ld+json\" class=\"yoast-schema-graph\">{\"@context\":\"https:\/\/schema.org\",\"@graph\":[{\"@type\":\"WebPage\",\"@id\":\"https:\/\/www.welovecycling.com\/hu\/orszaguti-kerekpar\/annemiek-van-vleuten-lenyugozo-kerekparos-karrierje\/\",\"url\":\"https:\/\/www.welovecycling.com\/hu\/orszaguti-kerekpar\/annemiek-van-vleuten-lenyugozo-kerekparos-karrierje\/\",\"name\":\"Annemiek van Vleuten leny\u0171g\u00f6z\u0151 ker\u00e9kp\u00e1ros karrierje\",\"isPartOf\":{\"@id\":\"https:\/\/www.welovecycling.com\/hu\/#website\"},\"primaryImageOfPage\":{\"@id\":\"https:\/\/www.welovecycling.com\/hu\/orszaguti-kerekpar\/annemiek-van-vleuten-lenyugozo-kerekparos-karrierje\/#primaryimage\"},\"image\":{\"@id\":\"https:\/\/www.welovecycling.com\/hu\/orszaguti-kerekpar\/annemiek-van-vleuten-lenyugozo-kerekparos-karrierje\/#primaryimage\"},\"thumbnailUrl\":\"https:\/\/d2p6e6u75xmxt8.cloudfront.net\/12\/2023\/09\/Annemiek-van-Vleuten-profimedia-0799011274-CVR.webp\",\"datePublished\":\"2023-09-13T06:00:04+00:00\",\"author\":{\"@id\":\"https:\/\/www.welovecycling.com\/hu\/#\/schema\/person\/414a2aebf1801691a5320edb6468e194\"},\"description\":\"Ahogy Annemiek van Vleuten (Movistar Team) leny\u0171g\u00f6z\u0151 profi versenykarrierj\u00e9nek utols\u00f3 fejezet\u00e9hez \u00e9r\u00fcnk, ism\u00e9t mindenki r\u00f3la besz\u00e9l, \u00e9s nem is csoda. A legut\u00f3bbi gy\u0151zelme ut\u00e1n a Skandin\u00e1via K\u00f6rversenyen a 40 \u00e9ves szuperszt\u00e1r szeptember 5-\u00e9n, hazai holland p\u00e1ly\u00e1n, a Simac Ladies Touron fejezte be 16 \u00e9ves ker\u00e9kp\u00e1ros \u00f6r\u00f6ks\u00e9g\u00e9t.\",\"breadcrumb\":{\"@id\":\"https:\/\/www.welovecycling.com\/hu\/orszaguti-kerekpar\/annemiek-van-vleuten-lenyugozo-kerekparos-karrierje\/#breadcrumb\"},\"inLanguage\":\"hu\",\"potentialAction\":[{\"@type\":\"ReadAction\",\"target\":[\"https:\/\/www.welovecycling.com\/hu\/orszaguti-kerekpar\/annemiek-van-vleuten-lenyugozo-kerekparos-karrierje\/\"]}]},{\"@type\":\"ImageObject\",\"inLanguage\":\"hu\",\"@id\":\"https:\/\/www.welovecycling.com\/hu\/orszaguti-kerekpar\/annemiek-van-vleuten-lenyugozo-kerekparos-karrierje\/#primaryimage\",\"url\":\"https:\/\/d2p6e6u75xmxt8.cloudfront.net\/12\/2023\/09\/Annemiek-van-Vleuten-profimedia-0799011274-CVR.webp\",\"contentUrl\":\"https:\/\/d2p6e6u75xmxt8.cloudfront.net\/12\/2023\/09\/Annemiek-van-Vleuten-profimedia-0799011274-CVR.webp\",\"width\":990,\"height\":660,\"caption\":\"Annemiek van Vleuten\"},{\"@type\":\"BreadcrumbList\",\"@id\":\"https:\/\/www.welovecycling.com\/hu\/orszaguti-kerekpar\/annemiek-van-vleuten-lenyugozo-kerekparos-karrierje\/#breadcrumb\",\"itemListElement\":[{\"@type\":\"ListItem\",\"position\":1,\"name\":\"Home\",\"item\":\"https:\/\/www.welovecycling.com\/hu\/\"},{\"@type\":\"ListItem\",\"position\":2,\"name\":\"Annemiek van Vleuten leny\u0171g\u00f6z\u0151 ker\u00e9kp\u00e1ros karrierje\"}]},{\"@type\":\"WebSite\",\"@id\":\"https:\/\/www.welovecycling.com\/hu\/#website\",\"url\":\"https:\/\/www.welovecycling.com\/hu\/\",\"name\":\"\u0160koda We Love Cycling - Magyarorsz\u00e1g\",\"description\":\"\u0160koda WeLoveCycling\",\"potentialAction\":[{\"@type\":\"SearchAction\",\"target\":{\"@type\":\"EntryPoint\",\"urlTemplate\":\"https:\/\/www.welovecycling.com\/hu\/?s={search_term_string}\"},\"query-input\":{\"@type\":\"PropertyValueSpecification\",\"valueRequired\":true,\"valueName\":\"search_term_string\"}}],\"inLanguage\":\"hu\"},{\"@type\":\"Person\",\"@id\":\"https:\/\/www.welovecycling.com\/hu\/#\/schema\/person\/414a2aebf1801691a5320edb6468e194\",\"name\":\"hegyizs\",\"image\":{\"@type\":\"ImageObject\",\"inLanguage\":\"hu\",\"@id\":\"https:\/\/www.welovecycling.com\/hu\/#\/schema\/person\/image\/\",\"url\":\"https:\/\/secure.gravatar.com\/avatar\/02cf8a7906b8cf90cecb4679defac7cfd33a1c2e3b88e4903d947f3bb58eedd3?s=96&d=mm&r=g\",\"contentUrl\":\"https:\/\/secure.gravatar.com\/avatar\/02cf8a7906b8cf90cecb4679defac7cfd33a1c2e3b88e4903d947f3bb58eedd3?s=96&d=mm&r=g\",\"caption\":\"hegyizs\"},\"url\":\"https:\/\/www.welovecycling.com\/hu\/author\/hegyizs\/\"}]}<\/script>\n<!-- \/ Yoast SEO Premium plugin. -->","yoast_head_json":{"title":"Annemiek van Vleuten leny\u0171g\u00f6z\u0151 ker\u00e9kp\u00e1ros karrierje","description":"Ahogy Annemiek van Vleuten (Movistar Team) leny\u0171g\u00f6z\u0151 profi versenykarrierj\u00e9nek utols\u00f3 fejezet\u00e9hez \u00e9r\u00fcnk, ism\u00e9t mindenki r\u00f3la besz\u00e9l, \u00e9s nem is csoda. A legut\u00f3bbi gy\u0151zelme ut\u00e1n a Skandin\u00e1via K\u00f6rversenyen a 40 \u00e9ves szuperszt\u00e1r szeptember 5-\u00e9n, hazai holland p\u00e1ly\u00e1n, a Simac Ladies Touron fejezte be 16 \u00e9ves ker\u00e9kp\u00e1ros \u00f6r\u00f6ks\u00e9g\u00e9t.","robots":{"index":"index","follow":"follow","max-snippet":"max-snippet:-1","max-image-preview":"max-image-preview:large","max-video-preview":"max-video-preview:-1"},"canonical":"https:\/\/www.welovecycling.com\/hu\/orszaguti-kerekpar\/annemiek-van-vleuten-lenyugozo-kerekparos-karrierje\/","og_locale":"hu_HU","og_type":"article","og_title":"Annemiek van Vleuten leny\u0171g\u00f6z\u0151 ker\u00e9kp\u00e1ros karrierje","og_description":"Ahogy Annemiek van Vleuten (Movistar Team) leny\u0171g\u00f6z\u0151 profi versenykarrierj\u00e9nek utols\u00f3 fejezet\u00e9hez \u00e9r\u00fcnk, ism\u00e9t mindenki r\u00f3la besz\u00e9l, \u00e9s nem is csoda. A legut\u00f3bbi gy\u0151zelme ut\u00e1n a Skandin\u00e1via K\u00f6rversenyen a 40 \u00e9ves szuperszt\u00e1r szeptember 5-\u00e9n, hazai holland p\u00e1ly\u00e1n, a Simac Ladies Touron fejezte be 16 \u00e9ves ker\u00e9kp\u00e1ros \u00f6r\u00f6ks\u00e9g\u00e9t.","og_url":"https:\/\/www.welovecycling.com\/hu\/orszaguti-kerekpar\/annemiek-van-vleuten-lenyugozo-kerekparos-karrierje\/","og_site_name":"\u0160koda We Love Cycling - Magyarorsz\u00e1g","article_publisher":"https:\/\/www.facebook.com\/WeLoveCyclingHungary\/","article_published_time":"2023-09-13T06:00:04+00:00","og_image":[{"width":990,"height":660,"url":"https:\/\/d2p6e6u75xmxt8.cloudfront.net\/12\/2023\/09\/Annemiek-van-Vleuten-profimedia-0799011274-CVR.webp","type":"image\/webp"}],"author":"hegyizs","twitter_card":"summary_large_image","twitter_misc":{"Written by":"Megan Flottorp","Est. reading time":"5"},"schema":{"@context":"https:\/\/schema.org","@graph":[{"@type":"WebPage","@id":"https:\/\/www.welovecycling.com\/hu\/orszaguti-kerekpar\/annemiek-van-vleuten-lenyugozo-kerekparos-karrierje\/","url":"https:\/\/www.welovecycling.com\/hu\/orszaguti-kerekpar\/annemiek-van-vleuten-lenyugozo-kerekparos-karrierje\/","name":"Annemiek van Vleuten leny\u0171g\u00f6z\u0151 ker\u00e9kp\u00e1ros karrierje","isPartOf":{"@id":"https:\/\/www.welovecycling.com\/hu\/#website"},"primaryImageOfPage":{"@id":"https:\/\/www.welovecycling.com\/hu\/orszaguti-kerekpar\/annemiek-van-vleuten-lenyugozo-kerekparos-karrierje\/#primaryimage"},"image":{"@id":"https:\/\/www.welovecycling.com\/hu\/orszaguti-kerekpar\/annemiek-van-vleuten-lenyugozo-kerekparos-karrierje\/#primaryimage"},"thumbnailUrl":"https:\/\/d2p6e6u75xmxt8.cloudfront.net\/12\/2023\/09\/Annemiek-van-Vleuten-profimedia-0799011274-CVR.webp","datePublished":"2023-09-13T06:00:04+00:00","author":{"@id":"https:\/\/www.welovecycling.com\/hu\/#\/schema\/person\/414a2aebf1801691a5320edb6468e194"},"description":"Ahogy Annemiek van Vleuten (Movistar Team) leny\u0171g\u00f6z\u0151 profi versenykarrierj\u00e9nek utols\u00f3 fejezet\u00e9hez \u00e9r\u00fcnk, ism\u00e9t mindenki r\u00f3la besz\u00e9l, \u00e9s nem is csoda. A legut\u00f3bbi gy\u0151zelme ut\u00e1n a Skandin\u00e1via K\u00f6rversenyen a 40 \u00e9ves szuperszt\u00e1r szeptember 5-\u00e9n, hazai holland p\u00e1ly\u00e1n, a Simac Ladies Touron fejezte be 16 \u00e9ves ker\u00e9kp\u00e1ros \u00f6r\u00f6ks\u00e9g\u00e9t.","breadcrumb":{"@id":"https:\/\/www.welovecycling.com\/hu\/orszaguti-kerekpar\/annemiek-van-vleuten-lenyugozo-kerekparos-karrierje\/#breadcrumb"},"inLanguage":"hu","potentialAction":[{"@type":"ReadAction","target":["https:\/\/www.welovecycling.com\/hu\/orszaguti-kerekpar\/annemiek-van-vleuten-lenyugozo-kerekparos-karrierje\/"]}]},{"@type":"ImageObject","inLanguage":"hu","@id":"https:\/\/www.welovecycling.com\/hu\/orszaguti-kerekpar\/annemiek-van-vleuten-lenyugozo-kerekparos-karrierje\/#primaryimage","url":"https:\/\/d2p6e6u75xmxt8.cloudfront.net\/12\/2023\/09\/Annemiek-van-Vleuten-profimedia-0799011274-CVR.webp","contentUrl":"https:\/\/d2p6e6u75xmxt8.cloudfront.net\/12\/2023\/09\/Annemiek-van-Vleuten-profimedia-0799011274-CVR.webp","width":990,"height":660,"caption":"Annemiek van Vleuten"},{"@type":"BreadcrumbList","@id":"https:\/\/www.welovecycling.com\/hu\/orszaguti-kerekpar\/annemiek-van-vleuten-lenyugozo-kerekparos-karrierje\/#breadcrumb","itemListElement":[{"@type":"ListItem","position":1,"name":"Home","item":"https:\/\/www.welovecycling.com\/hu\/"},{"@type":"ListItem","position":2,"name":"Annemiek van Vleuten leny\u0171g\u00f6z\u0151 ker\u00e9kp\u00e1ros karrierje"}]},{"@type":"WebSite","@id":"https:\/\/www.welovecycling.com\/hu\/#website","url":"https:\/\/www.welovecycling.com\/hu\/","name":"\u0160koda We Love Cycling - Magyarorsz\u00e1g","description":"\u0160koda WeLoveCycling","potentialAction":[{"@type":"SearchAction","target":{"@type":"EntryPoint","urlTemplate":"https:\/\/www.welovecycling.com\/hu\/?s={search_term_string}"},"query-input":{"@type":"PropertyValueSpecification","valueRequired":true,"valueName":"search_term_string"}}],"inLanguage":"hu"},{"@type":"Person","@id":"https:\/\/www.welovecycling.com\/hu\/#\/schema\/person\/414a2aebf1801691a5320edb6468e194","name":"hegyizs","image":{"@type":"ImageObject","inLanguage":"hu","@id":"https:\/\/www.welovecycling.com\/hu\/#\/schema\/person\/image\/","url":"https:\/\/secure.gravatar.com\/avatar\/02cf8a7906b8cf90cecb4679defac7cfd33a1c2e3b88e4903d947f3bb58eedd3?s=96&d=mm&r=g","contentUrl":"https:\/\/secure.gravatar.com\/avatar\/02cf8a7906b8cf90cecb4679defac7cfd33a1c2e3b88e4903d947f3bb58eedd3?s=96&d=mm&r=g","caption":"hegyizs"},"url":"https:\/\/www.welovecycling.com\/hu\/author\/hegyizs\/"}]}},"_links":{"self":[{"href":"https:\/\/www.welovecycling.com\/hu\/wp-json\/wp\/v2\/posts\/17877","targetHints":{"allow":["GET"]}}],"collection":[{"href":"https:\/\/www.welovecycling.com\/hu\/wp-json\/wp\/v2\/posts"}],"about":[{"href":"https:\/\/www.welovecycling.com\/hu\/wp-json\/wp\/v2\/types\/post"}],"author":[{"embeddable":true,"href":"https:\/\/www.welovecycling.com\/hu\/wp-json\/wp\/v2\/users\/71"}],"replies":[{"embeddable":true,"href":"https:\/\/www.welovecycling.com\/hu\/wp-json\/wp\/v2\/comments?post=17877"}],"version-history":[{"count":3,"href":"https:\/\/www.welovecycling.com\/hu\/wp-json\/wp\/v2\/posts\/17877\/revisions"}],"predecessor-version":[{"id":17888,"href":"https:\/\/www.welovecycling.com\/hu\/wp-json\/wp\/v2\/posts\/17877\/revisions\/17888"}],"wp:featuredmedia":[{"embeddable":true,"href":"https:\/\/www.welovecycling.com\/hu\/wp-json\/wp\/v2\/media\/17878"}],"wp:attachment":[{"href":"https:\/\/www.welovecycling.com\/hu\/wp-json\/wp\/v2\/media?parent=17877"}],"wp:term":[{"taxonomy":"category","embeddable":true,"href":"https:\/\/www.welovecycling.com\/hu\/wp-json\/wp\/v2\/categories?post=17877"},{"taxonomy":"post_tag","embeddable":true,"href":"https:\/\/www.welovecycling.com\/hu\/wp-json\/wp\/v2\/tags?post=17877"},{"taxonomy":"global-categories","embeddable":true,"href":"https:\/\/www.welovecycling.com\/hu\/wp-json\/wp\/v2\/global-categories?post=17877"}],"curies":[{"name":"wp","href":"https:\/\/api.w.org\/{rel}","templated":true}]}}