{"id":17872,"date":"2023-09-11T08:00:01","date_gmt":"2023-09-11T06:00:01","guid":{"rendered":"https:\/\/www.welovecycling.com\/hu\/?p=17872"},"modified":"2023-09-08T13:31:50","modified_gmt":"2023-09-08T11:31:50","slug":"marad-vagy-megy-hol-lesz-jovore-roglic-a-kiraly","status":"publish","type":"post","link":"https:\/\/www.welovecycling.com\/hu\/orszaguti-kerekpar\/marad-vagy-megy-hol-lesz-jovore-roglic-a-kiraly\/","title":{"rendered":"Marad vagy megy: Hol lesz j\u00f6v\u0151re Rogli\u010d, a &#8216;Kir\u00e1ly&#8217;?"},"content":{"rendered":"<p><strong>K\u00e9rd\u00e9sek keringenek Primo\u017e Rogli\u010d k\u00f6r\u00fcl, mik\u00f6zben Jonas Vingegaarddal a Vuelta a Espa\u00f1a-n versenyeznek. A k\u00e9rd\u00e9sek a csapat strat\u00e9gi\u00e1j\u00e1t \u00e9rintik, hiszen id\u00e9n k\u00e9t Grand Tour gy\u0151ztest \u00e1ll\u00edtottak a csapat \u00e9l\u00e9re, egyenrang\u00fa vezet\u0151k\u00e9nt. De ki akkor a f\u0151 vezet\u0151? Mikor lesz ez eld\u00f6ntve? Milyen lesz Rogli\u010d j\u00f6v\u0151je a csapatn\u00e1l?<\/strong><\/p>\n<p><!--more--><\/p>\n<p>A k\u00e9rd\u00e9sek akkor mer\u00fcltek fel el\u0151sz\u00f6r, amikor megjelent egy cikk, ami \u00edgy kezd\u0151d\u00f6tt: &#8220;<em>Ha Primo\u017e Rogli\u010d \u00fajabb es\u00e9lyt akar a Tour de France-on, biztosan nem maradhat a Jumbo-Visma csapatn\u00e1l<\/em>&#8220;. A cikk szerint folyamatban vannak a t\u00e1rgyal\u00e1sok a 33 \u00e9ves szlov\u00e9n \u00e9s a Lidl-Trek k\u00f6z\u00f6tt. A Lidl-Trek csapata exponenci\u00e1lisan n\u00f6velte a k\u00f6lts\u00e9gvet\u00e9s\u00e9t az ut\u00f3bbi id\u0151ben, \u00e9s nagy v\u00e1s\u00e1rl\u00e1si l\u00e1zban \u00e9g, amit bizony\u00edt az egykori Giro gy\u0151ztes Tao Geoghegan Hart \u00e9s az idei Giro pontverseny gy\u0151ztese, Jonathan Milan szerz\u0151dtet\u00e9se is.<\/p>\n<p>B\u00e1r nem er\u0151s\u00edtette meg, hogy folynak a t\u00e1rgyal\u00e1sok, a Lidl-Trek menedzsere, Luca Guarcilena term\u00e9szetesen \u00e9rdekl\u0151dik a h\u00e1romszoros Vuelta gy\u0151ztes \u00e9s idei Giro gy\u0151ztes ir\u00e1nt. &#8220;<em>Egy versenyz\u0151, aki ilyen k\u00e9pess\u00e9gekkel rendelkezik, val\u00f3ban egyezik azzal a l\u00e1t\u00e1sm\u00f3ddal, amit a csapatunk k\u00e9pvisel&#8221;<\/em> &#8211; mondta. <em>&#8220;Sok fiatal versenyz\u0151nk van, \u00f3ri\u00e1si potenci\u00e1llal, \u00e9s jelenleg is fantasztikus lend\u00fcletben vagyunk, egy ilyen versenyz\u0151 pedig k\u00e9pes lenne rak\u00e9tak\u00e9nt dobni a csapaton.&#8221;<\/em> Azonban hozz\u00e1tette: <em>&#8220;Ez mind elm\u00e9leti, mivel tudjuk, hogy Primo\u017enak szerz\u0151d\u00e9se van j\u00f6v\u0151re a Jumb\u00f3val.&#8221;<\/em> Val\u00f3j\u00e1ban Rogli\u010d szerz\u0151d\u00e9se 2025 v\u00e9g\u00e9ig tart.<\/p>\n<p>A Jumbo-Visma vezet\u0151je, Ruchard Plugge cs\u00edr\u00e1j\u00e1ban elfojtotta a pletyk\u00e1kat Rogli\u010d t\u00e1voz\u00e1s\u00e1r\u00f3l. <em>&#8220;Elengedni Primo\u017et? Az nagyon rossz lenne, \u0151 a mi kir\u00e1lyunk,<\/em>&#8221; mondta a Het Nieuwsbladnak. <em>&#8220;Nonszensz ez a h\u00edr\u201d <\/em>&#8211; tette hozz\u00e1.<\/p>\n<p style=\"font-weight: 400;\">Az azonban t\u00e9ny, hogy a &#8220;Kir\u00e1ly&#8221; tov\u00e1bbra is nagyon elsz\u00e1ntan k\u00e9sz\u00fcl a Tour gy\u0151zelemre, miut\u00e1n megfosztott\u00e1k ett\u0151l 2020-ban, amikor az utols\u00f3 el\u0151tti szakaszon hib\u00e1zott az id\u0151futamban, \u00e9s Tadej Poga\u010dar megel\u0151zte, majd 2021-ben, amikor egy 3. szakaszbeli baleset miatt kellett feladnia a verseny, \u00e9s 2022-ben, amikor egy m\u00e1sik baleset miatt szint\u00e9n kisz\u00e1llt &#8211; de csak miut\u00e1n seg\u00edtett Vingegaardnak megel\u0151zni Poga\u010dart, \u00e9s megnyerni az els\u0151 s\u00e1rga trik\u00f3j\u00e1t. \u00c9s mag\u00e1t\u00f3l \u00e9rtet\u0151dik, hogy am\u00edg Vingegaard a csapatn\u00e1l marad \u00e9s j\u00f3 eg\u00e9szs\u00e9gnek \u00f6rvend, \u0151 lesz a vezet\u0151 a Touron, f\u00fcggetlen\u00fcl att\u00f3l, amit Plugge \u00e1ll\u00edt.<\/p>\n<figure id=\"attachment_17873\" aria-describedby=\"caption-attachment-17873\" style=\"width: 1250px\" class=\"wp-caption alignnone\"><a href=\"https:\/\/d2p6e6u75xmxt8.cloudfront.net\/12\/2023\/09\/Primoz-Roglic-profimedia-0800788685.webp\"><img loading=\"lazy\" decoding=\"async\" class=\"wp-image-17873 size-full\" src=\"https:\/\/d2p6e6u75xmxt8.cloudfront.net\/12\/2023\/09\/Primoz-Roglic-profimedia-0800788685.webp\" alt=\"Primo\u017e Rogli\u010d\" width=\"1250\" height=\"834\" srcset=\"https:\/\/d2p6e6u75xmxt8.cloudfront.net\/12\/2023\/09\/Primoz-Roglic-profimedia-0800788685.webp 1250w, https:\/\/d2p6e6u75xmxt8.cloudfront.net\/12\/2023\/09\/Primoz-Roglic-profimedia-0800788685-300x200.webp 300w, https:\/\/d2p6e6u75xmxt8.cloudfront.net\/12\/2023\/09\/Primoz-Roglic-profimedia-0800788685-1024x683.webp 1024w, https:\/\/d2p6e6u75xmxt8.cloudfront.net\/12\/2023\/09\/Primoz-Roglic-profimedia-0800788685-768x512.webp 768w, https:\/\/d2p6e6u75xmxt8.cloudfront.net\/12\/2023\/09\/Primoz-Roglic-profimedia-0800788685-400x267.webp 400w, https:\/\/d2p6e6u75xmxt8.cloudfront.net\/12\/2023\/09\/Primoz-Roglic-profimedia-0800788685-272x182.webp 272w\" sizes=\"auto, (max-width: 1250px) 100vw, 1250px\" \/><\/a><figcaption id=\"caption-attachment-17873\" class=\"wp-caption-text\">Rogli\u010d a 2023-as Vuelt\u00e1n. \u00a9 Profimedia<\/figcaption><\/figure>\n<p><em>&#8220;Amint megtudjuk a 2024-es [Tour de France] \u00fatvonal\u00e1t, megvizsg\u00e1ljuk, hogy milyen es\u00e9ly\u00fcnk van a gy\u0151zelemre,&#8221;<\/em> mondta a Het Nieuwsbladnak. <em>&#8220;Kett\u0151, vagy ak\u00e1r h\u00e1rom vezet\u0151vel is indulhatunk.\u201d<\/em> Ezt neh\u00e9z elhinni, figyelembe v\u00e9ve Vingegaard teljes\u00edtm\u00e9ny\u00e9t, aki hihetetlen m\u00f3don,\u00a0 7:29-el nyerte meg idei Tour-t Poga\u010dar el\u0151l.<\/p>\n<p>De nem lehet hib\u00e1ztatni a Jumbo-Visma vez\u00e9rigazgat\u00f3j\u00e1t, hogy mindent megtesz annak \u00e9rdek\u00e9ben, hogy ne vesz\u00edtse el Rogli\u010dot, aki az egyik legjobb versenyz\u0151je az elm\u00falt sz\u00e1z \u00e9vben, \u00e9s id\u00e9n is fantasztikus \u00e9vet z\u00e1r. &#8220;<em>N\u00e9zz\u00e9tek csak meg Primo\u017et,&#8221;<\/em> mondta Remco Evenepoel a Vuelta kezdete el\u0151tt. <em>&#8220;Id\u00e9n minden versenyt megnyert, amin indult. A Vuelta a Burgos kiv\u00e9tel\u00e9vel ezek mind World Tour versenyek voltak. Ha a megb\u00edzhat\u00f3 teljes\u00edtm\u00e9nyr\u0151l besz\u00e9l\u00fcnk, mindig meg eml\u00edteni kell Rogli\u010dot.&#8221;<\/em><\/p>\n<p>Az egy\u00e9ni szakaszokkal egy\u00fctt a szlov\u00e9n versenyz\u0151 77 gy\u0151zelmet jegyez, ide\u00e9rtve 4 Grand Tour-t \u00e9s 9 m\u00e1sik jelent\u0151s versenyt, mint amilyen p\u00e9ld\u00e1ul a Paris-Nice (2022), a Tirreno-Adriatico (2019 \u00e9s 2023), a Tour de Romandie (2018, 2019) \u00e9s a Crit\u00e9rium du Dauphin\u00e9 (2022). Nyolc egynapos versenyt is megnyert, ide\u00e9rtve a Li\u00e8ge\u2013Bastogne\u2013Li\u00e8ge-t (2020) \u00e9s a Milano-Torino-t (2021). Minden olyan k\u00e9pess\u00e9ggel rendelkezik, amire egy domin\u00e1ns orsz\u00e1g\u00fati versenyz\u0151nek sz\u00fcks\u00e9ge van, hiszen az egyik legjobb sprintet \u00e9s a vil\u00e1g egyik legjobb hegym\u00e1sz\u00f3ja is.<\/p>\n<p>Rogli\u010d f\u0151 probl\u00e9m\u00e1ja a ker\u00e9kp\u00e1rkezel\u00e9ssel kapcsolatos, ami miatt gyakrabban bukik, mint a f\u0151 Grand Tour riv\u00e1lisai. M\u00e1r esett az idei Vuelta sor\u00e1n is. Ilyenkor pedig ki kell v\u00e1rni, hogy a baleset k\u00f6vetkezm\u00e9nyei \u00e9s a s\u00e9r\u00fcl\u00e9sei h\u00e1tr\u00e1ltatj\u00e1k-e a versenyz\u0151k\u00e9pess\u00e9g\u00e9t, \u00e9s k\u00f6nnyen elvesz\u00edtheti vezet\u0151 szerep\u00e9t.<\/p>\n<p>Miut\u00e1n dr\u00e1mai Giro gy\u0151zelme ut\u00e1n bejelentette, hogy kihagyja a Tour de France-ot, \u00e9s a Vuelt\u00e1n indul, feltett\u00e9k Rogli\u010dnak a k\u00e9rd\u00e9st, hogy fontolgatja-e a csapatv\u00e1lt\u00e1st. &#8220;<em>Sz\u00e1momra az a f\u0151, hogy el\u00e9rjem azokat az eredm\u00e9nyeket, amik m\u00e9g hi\u00e1nyoznak.&#8221;<\/em> mondta. <em>&#8220;Eddig mindig megkaptam a t\u00e1mogat\u00e1st, amire sz\u00fcks\u00e9gem volt. Teh\u00e1t nem l\u00e1tok probl\u00e9m\u00e1t a j\u00f6v\u0151vel kapcsolatban. De ha nem tudom el\u00e9rni ezeket a c\u00e9lokat, ki tudja, mi lesz\u2026&#8221;<\/em><\/p>\n","protected":false},"excerpt":{"rendered":"<p>K\u00e9rd\u00e9sek keringenek Primo\u017e Rogli\u010d k\u00f6r\u00fcl, mik\u00f6zben Jonas Vingegaarddal a Vuelta a Espa\u00f1a-n versenyeznek. A k\u00e9rd\u00e9sek a csapat strat\u00e9gi\u00e1j\u00e1t \u00e9rintik, hiszen [&hellip;]<\/p>\n","protected":false},"author":71,"featured_media":17875,"comment_status":"open","ping_status":"open","sticky":false,"template":"","format":"standard","meta":{"footnotes":""},"categories":[8],"tags":[],"global-categories":[],"class_list":["post-17872","post","type-post","status-publish","format-standard","has-post-thumbnail","hentry","category-orszaguti-kerekpar"],"yoast_head":"<!-- This site is optimized with the Yoast SEO Premium plugin v25.3 (Yoast SEO v25.9) - https:\/\/yoast.com\/wordpress\/plugins\/seo\/ -->\n<title>Marad vagy megy: Hol lesz j\u00f6v\u0151re Rogli\u010d, a &#039;Kir\u00e1ly&#039;?<\/title>\n<meta name=\"description\" content=\"K\u00e9rd\u00e9sek keringenek Primo\u017e Rogli\u010d k\u00f6r\u00fcl, mik\u00f6zben Jonas Vingegaarddal a Vuelta a Espa\u00f1a-n versenyeznek. A k\u00e9rd\u00e9sek a csapat strat\u00e9gi\u00e1j\u00e1t \u00e9rintik, hiszen id\u00e9n k\u00e9t Grand Tour gy\u0151ztest \u00e1ll\u00edtottak a csapat \u00e9l\u00e9re, egyenrang\u00fa vezet\u0151k\u00e9nt. De ki akkor a f\u0151 vezet\u0151? Mikor lesz ez eld\u00f6ntve? Milyen lesz Rogli\u010d j\u00f6v\u0151je a csapatn\u00e1l?\" \/>\n<meta name=\"robots\" content=\"index, follow, max-snippet:-1, max-image-preview:large, max-video-preview:-1\" \/>\n<link rel=\"canonical\" href=\"https:\/\/www.welovecycling.com\/hu\/orszaguti-kerekpar\/marad-vagy-megy-hol-lesz-jovore-roglic-a-kiraly\/\" \/>\n<meta property=\"og:locale\" content=\"hu_HU\" \/>\n<meta property=\"og:type\" content=\"article\" \/>\n<meta property=\"og:title\" content=\"Marad vagy megy: Hol lesz j\u00f6v\u0151re Rogli\u010d, a &#039;Kir\u00e1ly&#039;?\" \/>\n<meta property=\"og:description\" content=\"K\u00e9rd\u00e9sek keringenek Primo\u017e Rogli\u010d k\u00f6r\u00fcl, mik\u00f6zben Jonas Vingegaarddal a Vuelta a Espa\u00f1a-n versenyeznek. A k\u00e9rd\u00e9sek a csapat strat\u00e9gi\u00e1j\u00e1t \u00e9rintik, hiszen id\u00e9n k\u00e9t Grand Tour gy\u0151ztest \u00e1ll\u00edtottak a csapat \u00e9l\u00e9re, egyenrang\u00fa vezet\u0151k\u00e9nt. De ki akkor a f\u0151 vezet\u0151? Mikor lesz ez eld\u00f6ntve? Milyen lesz Rogli\u010d j\u00f6v\u0151je a csapatn\u00e1l?\" \/>\n<meta property=\"og:url\" content=\"https:\/\/www.welovecycling.com\/hu\/orszaguti-kerekpar\/marad-vagy-megy-hol-lesz-jovore-roglic-a-kiraly\/\" \/>\n<meta property=\"og:site_name\" content=\"\u0160koda We Love Cycling - Magyarorsz\u00e1g\" \/>\n<meta property=\"article:publisher\" content=\"https:\/\/www.facebook.com\/WeLoveCyclingHungary\/\" \/>\n<meta property=\"article:published_time\" content=\"2023-09-11T06:00:01+00:00\" \/>\n<meta property=\"og:image\" content=\"https:\/\/d2p6e6u75xmxt8.cloudfront.net\/12\/2023\/09\/Primoz-Roglic-profimedia-0801682548-CVR.webp\" \/>\n\t<meta property=\"og:image:width\" content=\"990\" \/>\n\t<meta property=\"og:image:height\" content=\"660\" \/>\n\t<meta property=\"og:image:type\" content=\"image\/webp\" \/>\n<meta name=\"author\" content=\"hegyizs\" \/>\n<meta name=\"twitter:card\" content=\"summary_large_image\" \/>\n<meta name=\"twitter:label1\" content=\"Written by\" \/>\n\t<meta name=\"twitter:data1\" content=\"Siegfried Mortkowitz\" \/>\n\t<meta name=\"twitter:label2\" content=\"Est. reading time\" \/>\n\t<meta name=\"twitter:data2\" content=\"3\" \/>\n<script type=\"application\/ld+json\" class=\"yoast-schema-graph\">{\"@context\":\"https:\/\/schema.org\",\"@graph\":[{\"@type\":\"WebPage\",\"@id\":\"https:\/\/www.welovecycling.com\/hu\/orszaguti-kerekpar\/marad-vagy-megy-hol-lesz-jovore-roglic-a-kiraly\/\",\"url\":\"https:\/\/www.welovecycling.com\/hu\/orszaguti-kerekpar\/marad-vagy-megy-hol-lesz-jovore-roglic-a-kiraly\/\",\"name\":\"Marad vagy megy: Hol lesz j\u00f6v\u0151re Rogli\u010d, a 'Kir\u00e1ly'?\",\"isPartOf\":{\"@id\":\"https:\/\/www.welovecycling.com\/hu\/#website\"},\"primaryImageOfPage\":{\"@id\":\"https:\/\/www.welovecycling.com\/hu\/orszaguti-kerekpar\/marad-vagy-megy-hol-lesz-jovore-roglic-a-kiraly\/#primaryimage\"},\"image\":{\"@id\":\"https:\/\/www.welovecycling.com\/hu\/orszaguti-kerekpar\/marad-vagy-megy-hol-lesz-jovore-roglic-a-kiraly\/#primaryimage\"},\"thumbnailUrl\":\"https:\/\/d2p6e6u75xmxt8.cloudfront.net\/12\/2023\/09\/Primoz-Roglic-profimedia-0801682548-CVR.webp\",\"datePublished\":\"2023-09-11T06:00:01+00:00\",\"author\":{\"@id\":\"https:\/\/www.welovecycling.com\/hu\/#\/schema\/person\/414a2aebf1801691a5320edb6468e194\"},\"description\":\"K\u00e9rd\u00e9sek keringenek Primo\u017e Rogli\u010d k\u00f6r\u00fcl, mik\u00f6zben Jonas Vingegaarddal a Vuelta a Espa\u00f1a-n versenyeznek. A k\u00e9rd\u00e9sek a csapat strat\u00e9gi\u00e1j\u00e1t \u00e9rintik, hiszen id\u00e9n k\u00e9t Grand Tour gy\u0151ztest \u00e1ll\u00edtottak a csapat \u00e9l\u00e9re, egyenrang\u00fa vezet\u0151k\u00e9nt. De ki akkor a f\u0151 vezet\u0151? Mikor lesz ez eld\u00f6ntve? Milyen lesz Rogli\u010d j\u00f6v\u0151je a csapatn\u00e1l?\",\"breadcrumb\":{\"@id\":\"https:\/\/www.welovecycling.com\/hu\/orszaguti-kerekpar\/marad-vagy-megy-hol-lesz-jovore-roglic-a-kiraly\/#breadcrumb\"},\"inLanguage\":\"hu\",\"potentialAction\":[{\"@type\":\"ReadAction\",\"target\":[\"https:\/\/www.welovecycling.com\/hu\/orszaguti-kerekpar\/marad-vagy-megy-hol-lesz-jovore-roglic-a-kiraly\/\"]}]},{\"@type\":\"ImageObject\",\"inLanguage\":\"hu\",\"@id\":\"https:\/\/www.welovecycling.com\/hu\/orszaguti-kerekpar\/marad-vagy-megy-hol-lesz-jovore-roglic-a-kiraly\/#primaryimage\",\"url\":\"https:\/\/d2p6e6u75xmxt8.cloudfront.net\/12\/2023\/09\/Primoz-Roglic-profimedia-0801682548-CVR.webp\",\"contentUrl\":\"https:\/\/d2p6e6u75xmxt8.cloudfront.net\/12\/2023\/09\/Primoz-Roglic-profimedia-0801682548-CVR.webp\",\"width\":990,\"height\":660,\"caption\":\"Primo\u017e Rogli\u010d\"},{\"@type\":\"BreadcrumbList\",\"@id\":\"https:\/\/www.welovecycling.com\/hu\/orszaguti-kerekpar\/marad-vagy-megy-hol-lesz-jovore-roglic-a-kiraly\/#breadcrumb\",\"itemListElement\":[{\"@type\":\"ListItem\",\"position\":1,\"name\":\"Home\",\"item\":\"https:\/\/www.welovecycling.com\/hu\/\"},{\"@type\":\"ListItem\",\"position\":2,\"name\":\"Marad vagy megy: Hol lesz j\u00f6v\u0151re Rogli\u010d, a &#8216;Kir\u00e1ly&#8217;?\"}]},{\"@type\":\"WebSite\",\"@id\":\"https:\/\/www.welovecycling.com\/hu\/#website\",\"url\":\"https:\/\/www.welovecycling.com\/hu\/\",\"name\":\"\u0160koda We Love Cycling - Magyarorsz\u00e1g\",\"description\":\"\u0160koda WeLoveCycling\",\"potentialAction\":[{\"@type\":\"SearchAction\",\"target\":{\"@type\":\"EntryPoint\",\"urlTemplate\":\"https:\/\/www.welovecycling.com\/hu\/?s={search_term_string}\"},\"query-input\":{\"@type\":\"PropertyValueSpecification\",\"valueRequired\":true,\"valueName\":\"search_term_string\"}}],\"inLanguage\":\"hu\"},{\"@type\":\"Person\",\"@id\":\"https:\/\/www.welovecycling.com\/hu\/#\/schema\/person\/414a2aebf1801691a5320edb6468e194\",\"name\":\"hegyizs\",\"image\":{\"@type\":\"ImageObject\",\"inLanguage\":\"hu\",\"@id\":\"https:\/\/www.welovecycling.com\/hu\/#\/schema\/person\/image\/\",\"url\":\"https:\/\/secure.gravatar.com\/avatar\/02cf8a7906b8cf90cecb4679defac7cfd33a1c2e3b88e4903d947f3bb58eedd3?s=96&d=mm&r=g\",\"contentUrl\":\"https:\/\/secure.gravatar.com\/avatar\/02cf8a7906b8cf90cecb4679defac7cfd33a1c2e3b88e4903d947f3bb58eedd3?s=96&d=mm&r=g\",\"caption\":\"hegyizs\"},\"url\":\"https:\/\/www.welovecycling.com\/hu\/author\/hegyizs\/\"}]}<\/script>\n<!-- \/ Yoast SEO Premium plugin. -->","yoast_head_json":{"title":"Marad vagy megy: Hol lesz j\u00f6v\u0151re Rogli\u010d, a 'Kir\u00e1ly'?","description":"K\u00e9rd\u00e9sek keringenek Primo\u017e Rogli\u010d k\u00f6r\u00fcl, mik\u00f6zben Jonas Vingegaarddal a Vuelta a Espa\u00f1a-n versenyeznek. A k\u00e9rd\u00e9sek a csapat strat\u00e9gi\u00e1j\u00e1t \u00e9rintik, hiszen id\u00e9n k\u00e9t Grand Tour gy\u0151ztest \u00e1ll\u00edtottak a csapat \u00e9l\u00e9re, egyenrang\u00fa vezet\u0151k\u00e9nt. De ki akkor a f\u0151 vezet\u0151? Mikor lesz ez eld\u00f6ntve? Milyen lesz Rogli\u010d j\u00f6v\u0151je a csapatn\u00e1l?","robots":{"index":"index","follow":"follow","max-snippet":"max-snippet:-1","max-image-preview":"max-image-preview:large","max-video-preview":"max-video-preview:-1"},"canonical":"https:\/\/www.welovecycling.com\/hu\/orszaguti-kerekpar\/marad-vagy-megy-hol-lesz-jovore-roglic-a-kiraly\/","og_locale":"hu_HU","og_type":"article","og_title":"Marad vagy megy: Hol lesz j\u00f6v\u0151re Rogli\u010d, a 'Kir\u00e1ly'?","og_description":"K\u00e9rd\u00e9sek keringenek Primo\u017e Rogli\u010d k\u00f6r\u00fcl, mik\u00f6zben Jonas Vingegaarddal a Vuelta a Espa\u00f1a-n versenyeznek. A k\u00e9rd\u00e9sek a csapat strat\u00e9gi\u00e1j\u00e1t \u00e9rintik, hiszen id\u00e9n k\u00e9t Grand Tour gy\u0151ztest \u00e1ll\u00edtottak a csapat \u00e9l\u00e9re, egyenrang\u00fa vezet\u0151k\u00e9nt. De ki akkor a f\u0151 vezet\u0151? Mikor lesz ez eld\u00f6ntve? Milyen lesz Rogli\u010d j\u00f6v\u0151je a csapatn\u00e1l?","og_url":"https:\/\/www.welovecycling.com\/hu\/orszaguti-kerekpar\/marad-vagy-megy-hol-lesz-jovore-roglic-a-kiraly\/","og_site_name":"\u0160koda We Love Cycling - Magyarorsz\u00e1g","article_publisher":"https:\/\/www.facebook.com\/WeLoveCyclingHungary\/","article_published_time":"2023-09-11T06:00:01+00:00","og_image":[{"width":990,"height":660,"url":"https:\/\/d2p6e6u75xmxt8.cloudfront.net\/12\/2023\/09\/Primoz-Roglic-profimedia-0801682548-CVR.webp","type":"image\/webp"}],"author":"hegyizs","twitter_card":"summary_large_image","twitter_misc":{"Written by":"Siegfried Mortkowitz","Est. reading time":"3"},"schema":{"@context":"https:\/\/schema.org","@graph":[{"@type":"WebPage","@id":"https:\/\/www.welovecycling.com\/hu\/orszaguti-kerekpar\/marad-vagy-megy-hol-lesz-jovore-roglic-a-kiraly\/","url":"https:\/\/www.welovecycling.com\/hu\/orszaguti-kerekpar\/marad-vagy-megy-hol-lesz-jovore-roglic-a-kiraly\/","name":"Marad vagy megy: Hol lesz j\u00f6v\u0151re Rogli\u010d, a 'Kir\u00e1ly'?","isPartOf":{"@id":"https:\/\/www.welovecycling.com\/hu\/#website"},"primaryImageOfPage":{"@id":"https:\/\/www.welovecycling.com\/hu\/orszaguti-kerekpar\/marad-vagy-megy-hol-lesz-jovore-roglic-a-kiraly\/#primaryimage"},"image":{"@id":"https:\/\/www.welovecycling.com\/hu\/orszaguti-kerekpar\/marad-vagy-megy-hol-lesz-jovore-roglic-a-kiraly\/#primaryimage"},"thumbnailUrl":"https:\/\/d2p6e6u75xmxt8.cloudfront.net\/12\/2023\/09\/Primoz-Roglic-profimedia-0801682548-CVR.webp","datePublished":"2023-09-11T06:00:01+00:00","author":{"@id":"https:\/\/www.welovecycling.com\/hu\/#\/schema\/person\/414a2aebf1801691a5320edb6468e194"},"description":"K\u00e9rd\u00e9sek keringenek Primo\u017e Rogli\u010d k\u00f6r\u00fcl, mik\u00f6zben Jonas Vingegaarddal a Vuelta a Espa\u00f1a-n versenyeznek. A k\u00e9rd\u00e9sek a csapat strat\u00e9gi\u00e1j\u00e1t \u00e9rintik, hiszen id\u00e9n k\u00e9t Grand Tour gy\u0151ztest \u00e1ll\u00edtottak a csapat \u00e9l\u00e9re, egyenrang\u00fa vezet\u0151k\u00e9nt. De ki akkor a f\u0151 vezet\u0151? Mikor lesz ez eld\u00f6ntve? Milyen lesz Rogli\u010d j\u00f6v\u0151je a csapatn\u00e1l?","breadcrumb":{"@id":"https:\/\/www.welovecycling.com\/hu\/orszaguti-kerekpar\/marad-vagy-megy-hol-lesz-jovore-roglic-a-kiraly\/#breadcrumb"},"inLanguage":"hu","potentialAction":[{"@type":"ReadAction","target":["https:\/\/www.welovecycling.com\/hu\/orszaguti-kerekpar\/marad-vagy-megy-hol-lesz-jovore-roglic-a-kiraly\/"]}]},{"@type":"ImageObject","inLanguage":"hu","@id":"https:\/\/www.welovecycling.com\/hu\/orszaguti-kerekpar\/marad-vagy-megy-hol-lesz-jovore-roglic-a-kiraly\/#primaryimage","url":"https:\/\/d2p6e6u75xmxt8.cloudfront.net\/12\/2023\/09\/Primoz-Roglic-profimedia-0801682548-CVR.webp","contentUrl":"https:\/\/d2p6e6u75xmxt8.cloudfront.net\/12\/2023\/09\/Primoz-Roglic-profimedia-0801682548-CVR.webp","width":990,"height":660,"caption":"Primo\u017e Rogli\u010d"},{"@type":"BreadcrumbList","@id":"https:\/\/www.welovecycling.com\/hu\/orszaguti-kerekpar\/marad-vagy-megy-hol-lesz-jovore-roglic-a-kiraly\/#breadcrumb","itemListElement":[{"@type":"ListItem","position":1,"name":"Home","item":"https:\/\/www.welovecycling.com\/hu\/"},{"@type":"ListItem","position":2,"name":"Marad vagy megy: Hol lesz j\u00f6v\u0151re Rogli\u010d, a &#8216;Kir\u00e1ly&#8217;?"}]},{"@type":"WebSite","@id":"https:\/\/www.welovecycling.com\/hu\/#website","url":"https:\/\/www.welovecycling.com\/hu\/","name":"\u0160koda We Love Cycling - Magyarorsz\u00e1g","description":"\u0160koda WeLoveCycling","potentialAction":[{"@type":"SearchAction","target":{"@type":"EntryPoint","urlTemplate":"https:\/\/www.welovecycling.com\/hu\/?s={search_term_string}"},"query-input":{"@type":"PropertyValueSpecification","valueRequired":true,"valueName":"search_term_string"}}],"inLanguage":"hu"},{"@type":"Person","@id":"https:\/\/www.welovecycling.com\/hu\/#\/schema\/person\/414a2aebf1801691a5320edb6468e194","name":"hegyizs","image":{"@type":"ImageObject","inLanguage":"hu","@id":"https:\/\/www.welovecycling.com\/hu\/#\/schema\/person\/image\/","url":"https:\/\/secure.gravatar.com\/avatar\/02cf8a7906b8cf90cecb4679defac7cfd33a1c2e3b88e4903d947f3bb58eedd3?s=96&d=mm&r=g","contentUrl":"https:\/\/secure.gravatar.com\/avatar\/02cf8a7906b8cf90cecb4679defac7cfd33a1c2e3b88e4903d947f3bb58eedd3?s=96&d=mm&r=g","caption":"hegyizs"},"url":"https:\/\/www.welovecycling.com\/hu\/author\/hegyizs\/"}]}},"_links":{"self":[{"href":"https:\/\/www.welovecycling.com\/hu\/wp-json\/wp\/v2\/posts\/17872","targetHints":{"allow":["GET"]}}],"collection":[{"href":"https:\/\/www.welovecycling.com\/hu\/wp-json\/wp\/v2\/posts"}],"about":[{"href":"https:\/\/www.welovecycling.com\/hu\/wp-json\/wp\/v2\/types\/post"}],"author":[{"embeddable":true,"href":"https:\/\/www.welovecycling.com\/hu\/wp-json\/wp\/v2\/users\/71"}],"replies":[{"embeddable":true,"href":"https:\/\/www.welovecycling.com\/hu\/wp-json\/wp\/v2\/comments?post=17872"}],"version-history":[{"count":2,"href":"https:\/\/www.welovecycling.com\/hu\/wp-json\/wp\/v2\/posts\/17872\/revisions"}],"predecessor-version":[{"id":17876,"href":"https:\/\/www.welovecycling.com\/hu\/wp-json\/wp\/v2\/posts\/17872\/revisions\/17876"}],"wp:featuredmedia":[{"embeddable":true,"href":"https:\/\/www.welovecycling.com\/hu\/wp-json\/wp\/v2\/media\/17875"}],"wp:attachment":[{"href":"https:\/\/www.welovecycling.com\/hu\/wp-json\/wp\/v2\/media?parent=17872"}],"wp:term":[{"taxonomy":"category","embeddable":true,"href":"https:\/\/www.welovecycling.com\/hu\/wp-json\/wp\/v2\/categories?post=17872"},{"taxonomy":"post_tag","embeddable":true,"href":"https:\/\/www.welovecycling.com\/hu\/wp-json\/wp\/v2\/tags?post=17872"},{"taxonomy":"global-categories","embeddable":true,"href":"https:\/\/www.welovecycling.com\/hu\/wp-json\/wp\/v2\/global-categories?post=17872"}],"curies":[{"name":"wp","href":"https:\/\/api.w.org\/{rel}","templated":true}]}}