{"id":17865,"date":"2023-09-08T09:14:50","date_gmt":"2023-09-08T07:14:50","guid":{"rendered":"https:\/\/www.welovecycling.com\/hu\/?p=17865"},"modified":"2023-09-08T09:14:50","modified_gmt":"2023-09-08T07:14:50","slug":"jon-a-tourmalet-ami-nagyon-sok-kerdojelet-kiegyenesithet-a-vueltan","status":"publish","type":"post","link":"https:\/\/www.welovecycling.com\/hu\/orszaguti-kerekpar\/jon-a-tourmalet-ami-nagyon-sok-kerdojelet-kiegyenesithet-a-vueltan\/","title":{"rendered":"J\u00f6n a Tourmalet, ami nagyon sok k\u00e9rd\u0151jelet kiegyenes\u00edthet a Vuelt\u00e1n"},"content":{"rendered":"<p><strong>De nem az \u00f6sszeset: noha az ikonikus francia hegycs\u00facs fenekest\u00fcl felforgathatja a mez\u0151nyt, \u00e9s ak\u00e1r arra is v\u00e1laszt adhat, a piros trik\u00f3s Sepp Kussnak val\u00f3ban lehet-e es\u00e9lye a v\u00e9gelsz\u00e1mol\u00e1sn\u00e1l, a verseny java m\u00e9g csak most j\u00f6n. Valter Attila tov\u00e1bbra is a top 20-at ostromolja.<\/strong><\/p>\n<p><!--more--><\/p>\n<p>Tulajdonk\u00e9ppen bej\u00f6tt, amit a <a href=\"https:\/\/www.welovecycling.com\/hu\/orszaguti-kerekpar\/valter-csapata-a-jumbo-viszi-a-show-t-a-vueltan-de-egyelore-nem-a-fo-sztarjaival-hanem-egy-meglepetesemberrel\/\">legut\u00f3bbi Vuelta-\u00f6sszefoglal\u00f3nk<\/a> v\u00e9g\u00e9n j\u00f3soltunk, m\u00e1rmint Sepp Kusszal kapcsolatban: a hatodik szakasz els\u0151 kateg\u00f3ri\u00e1s hegyi befut\u00f3j\u00e1t megnyer\u0151, \u00e9s ezzel az \u00f6sszetett m\u00e1sodik hely\u00e9re ugr\u00f3 Jumbo-versenyz\u0151 val\u00f3ban r\u00e1ment a piros trik\u00f3ra, \u00e9s k\u00e9t nappal k\u00e9s\u0151bb, egy \u00fajabb hegyi etapon meg is szerezte, mi t\u00f6bb, az egy\u00e9ni id\u0151futam, majd a 12. szakasz zaragozai befut\u00f3ja ut\u00e1n is \u0151rzi. Ez akkor is nagy sz\u00f3, ha nem sok az el\u0151nye \u2013 a m\u00e1sodik helyen \u00e1ll\u00f3 Marc Solerhez k\u00e9pest csup\u00e1n 26 m\u00e1sodperc, de a top 9 is 3 percen bel\u00fcl van \u2013, de igaz\u00e1n hatalmasra akkor n\u00f6veli az \u00e9rt\u00e9k\u00e9t, ha m\u00e9g egy t\u00e9nyt figyelembe vesz\u00fcnk. M\u00e9gpedig azt, hogy az amerikai sr\u00e1c id\u00e9n m\u00e1r letekert k\u00e9t h\u00e1romhetes k\u00f6rversenyt, hiszen a Gir\u00f3t \u00e9s a Tourt is teljes\u00edtette \u2013 mit teljes\u00edtette, el\u0151bbin az \u00f6sszetett 14., ut\u00f3bbin a 12. helyen z\u00e1rt, most pedig vezeti a Vuelt\u00e1t! Ugyanakkor azzal egy\u00fctt, hogy ez k\u00e9ts\u00e9gk\u00edv\u00fcl hatalmas \u00e9s ritk\u00e1n l\u00e1that\u00f3 fegyvert\u00e9ny, \u00e9ppen ez lehet az, ami hosszabb t\u00e1von vissza\u00fcthet a spanyol k\u00f6r\u00f6n, hiszen a n\u00e9gy h\u00f3nap alatt t\u00edzezer kilom\u00e9ternyi v\u00e1logatott szenved\u00e9s nem embernek val\u00f3, brut\u00e1lisan kizsigereli a szervezetet.<\/p>\n<figure id=\"attachment_17868\" aria-describedby=\"caption-attachment-17868\" style=\"width: 1920px\" class=\"wp-caption alignnone\"><a href=\"https:\/\/d2p6e6u75xmxt8.cloudfront.net\/12\/2023\/09\/CORVOS_00035924-034.webp\"><img loading=\"lazy\" decoding=\"async\" class=\"size-full wp-image-17868\" src=\"https:\/\/d2p6e6u75xmxt8.cloudfront.net\/12\/2023\/09\/CORVOS_00035924-034.webp\" alt=\"\" width=\"1920\" height=\"1280\" srcset=\"https:\/\/d2p6e6u75xmxt8.cloudfront.net\/12\/2023\/09\/CORVOS_00035924-034.webp 1920w, https:\/\/d2p6e6u75xmxt8.cloudfront.net\/12\/2023\/09\/CORVOS_00035924-034-300x200.webp 300w, https:\/\/d2p6e6u75xmxt8.cloudfront.net\/12\/2023\/09\/CORVOS_00035924-034-1024x683.webp 1024w, https:\/\/d2p6e6u75xmxt8.cloudfront.net\/12\/2023\/09\/CORVOS_00035924-034-768x512.webp 768w, https:\/\/d2p6e6u75xmxt8.cloudfront.net\/12\/2023\/09\/CORVOS_00035924-034-1536x1024.webp 1536w, https:\/\/d2p6e6u75xmxt8.cloudfront.net\/12\/2023\/09\/CORVOS_00035924-034-400x267.webp 400w, https:\/\/d2p6e6u75xmxt8.cloudfront.net\/12\/2023\/09\/CORVOS_00035924-034-272x182.webp 272w\" sizes=\"auto, (max-width: 1920px) 100vw, 1920px\" \/><\/a><figcaption id=\"caption-attachment-17868\" class=\"wp-caption-text\">Evenepoel mosolyog, de levenn\u00e9 a pirosat Sepp Kussr\u00f3l (fot\u00f3: Cor Vos\/escapecollective.com)<\/figcaption><\/figure>\n<p>Kusst ett\u0151l m\u00e9g persze hajtja az adrenalin, elmondta, hisz mag\u00e1ban, igenis szeretn\u00e9 megtartani a piros mezt \u00e9s megnyerni a versenyt, m\u00e9ghozz\u00e1 \u00fagy, hogy v\u00e9gig \u00e9rz\u00e9sb\u0151l versenyez \u00e9s az \u00f6szt\u00f6neire hallgat. M\u00e1s k\u00e9rd\u00e9s, a legt\u00f6bben \u00fagy l\u00e1tj\u00e1k (t\u00f6bbek k\u00f6z\u00f6tt a c\u00edmv\u00e9d\u0151 Remco Evenepoel is), hogy az aktu\u00e1lis \u00e1ll\u00e1st\u00f3l f\u00fcggetlen\u00fcl a Jumb\u00f3n\u00e1l v\u00e1ltozatlanul Primoz Rogli\u010d \u00e9s Jonas Vingegaard a k\u00e9t f\u0151 ember, Evenepoel is \u0151ket tekinti f\u0151 riv\u00e1lisainak, m\u00e9g ha f\u00e9l szemmel folyamatosan figyel el\u0151re is, Sepp Kussra. Ut\u00f3bbi egy\u00e9bk\u00e9nt azt mondta, a legjobb es\u00e9ly\u00fck akkor lehet Remco ellen, ha a csapat seg\u00edts\u00e9g\u00e9vel el tudj\u00e1k szigetelni, m\u00e1rpedig ha van ist\u00e1ll\u00f3, amelyik erre k\u00e9pes lehet, akkor az a Jumbo. Evenepoel mindenesetre k\u00f6sz\u00f6ni, j\u00f3l van, \u00e9s csak mag\u00e1val foglalkozik: az id\u0151futamon a m\u00e1sodik legjobb id\u0151t repesztette Filippo Ganna m\u00f6g\u00f6tt, ezzel alig egypercesre faragta le h\u00e1tr\u00e1ny\u00e1t Kusshoz k\u00e9pest, Rogli\u010d 27, Vingegaard 73 m\u00e1sodperccel van m\u00f6g\u00f6tte \u2013 ebb\u0151l a brig\u00e1db\u00f3l gyakorlatilag megj\u00f3solhatatlan, ki nevet a legv\u00e9g\u00e9n.<\/p>\n<figure id=\"attachment_17869\" aria-describedby=\"caption-attachment-17869\" style=\"width: 1200px\" class=\"wp-caption alignnone\"><a href=\"https:\/\/d2p6e6u75xmxt8.cloudfront.net\/12\/2023\/09\/imengine.public.prod_.dur_.navigacloud.webp\"><img loading=\"lazy\" decoding=\"async\" class=\"size-full wp-image-17869\" src=\"https:\/\/d2p6e6u75xmxt8.cloudfront.net\/12\/2023\/09\/imengine.public.prod_.dur_.navigacloud.webp\" alt=\"\" width=\"1200\" height=\"661\" srcset=\"https:\/\/d2p6e6u75xmxt8.cloudfront.net\/12\/2023\/09\/imengine.public.prod_.dur_.navigacloud.webp 1200w, https:\/\/d2p6e6u75xmxt8.cloudfront.net\/12\/2023\/09\/imengine.public.prod_.dur_.navigacloud-300x165.webp 300w, https:\/\/d2p6e6u75xmxt8.cloudfront.net\/12\/2023\/09\/imengine.public.prod_.dur_.navigacloud-1024x564.webp 1024w, https:\/\/d2p6e6u75xmxt8.cloudfront.net\/12\/2023\/09\/imengine.public.prod_.dur_.navigacloud-768x423.webp 768w, https:\/\/d2p6e6u75xmxt8.cloudfront.net\/12\/2023\/09\/imengine.public.prod_.dur_.navigacloud-400x220.webp 400w\" sizes=\"auto, (max-width: 1200px) 100vw, 1200px\" \/><\/a><figcaption id=\"caption-attachment-17869\" class=\"wp-caption-text\">Roglic \u00e9s Kuss a Gir\u00f3n nagy p\u00e1rost alkottak, akkor ez gy\u0151zelemhez vezetett \u2013 k\u00e9rd\u00e9s, lesz-e ism\u00e9tl\u00e9s, s ha igen, milyen form\u00e1ban (fot\u00f3: Jumbo-Visma)<\/figcaption><\/figure>\n<p>\u00cdgy megy neki teh\u00e1t az \u00e9lmez\u0151ny a verseny jav\u00e1nak, kezd\u00e9sk\u00e9ppen p\u00e9nteken a Tourmalet cs\u00facs\u00e1nak. A Tour de France legend\u00e1s hegy\u00e9n, a Pireneusokban sz\u00e1mos \u00f3ri\u00e1si megzuhan\u00e1st l\u00e1ttunk m\u00e1r, komplett versenyek is d\u0151ltek el itt, \u00e9s most is sok k\u00e9rd\u00e9sre v\u00e1laszt adhat. Kuss mindenesetre sz\u00f3ban igyekezett cs\u00f6kkenteni a p\u00e9nteki nap jelent\u0151s\u00e9g\u00e9t, mondv\u00e1n, a Tourmalet szerinte egy kicsit t\u00fal van \u201eh\u00e1jpolva\u201d \u2013 nos, az egyik legjobb hegyi men\u0151k\u00e9nt \u0151 nyilv\u00e1n nem retten meg t\u0151le, ugyanakkor t\u00e9nyleg \u00f3ri\u00e1si k\u00e9rd\u00e9s lesz, hogy a napt\u00e1ri \u00e9v harmadik Grand Tourj\u00e1n meddig b\u00edrj\u00e1k a l\u00e1bai. F\u0151leg, hogy r\u00f6gt\u00f6n m\u00e1snap j\u00f6n majd egy \u00fajabb, t\u00f6bb mint 4600 m\u00e9ter szintet tartalmaz\u00f3 k\u0151kem\u00e9ny hegyi etap, \u00e9s akkor m\u00e9g nem sz\u00f3ltunk az utols\u00f3 h\u00e9ten az Anglirur\u00f3l \u00e9s a h\u00e1rom els\u0151 kateg\u00f3ri\u00e1s heggyel nehez\u00edtett 18. szakaszr\u00f3l\u2026<\/p>\n<figure id=\"attachment_17866\" aria-describedby=\"caption-attachment-17866\" style=\"width: 1600px\" class=\"wp-caption alignnone\"><a href=\"https:\/\/d2p6e6u75xmxt8.cloudfront.net\/12\/2023\/09\/74cab6e5c7b9be4ce33c7ac5448a63af.webp\"><img loading=\"lazy\" decoding=\"async\" class=\"size-full wp-image-17866\" src=\"https:\/\/d2p6e6u75xmxt8.cloudfront.net\/12\/2023\/09\/74cab6e5c7b9be4ce33c7ac5448a63af.webp\" alt=\"\" width=\"1600\" height=\"900\" srcset=\"https:\/\/d2p6e6u75xmxt8.cloudfront.net\/12\/2023\/09\/74cab6e5c7b9be4ce33c7ac5448a63af.webp 1600w, https:\/\/d2p6e6u75xmxt8.cloudfront.net\/12\/2023\/09\/74cab6e5c7b9be4ce33c7ac5448a63af-300x169.webp 300w, https:\/\/d2p6e6u75xmxt8.cloudfront.net\/12\/2023\/09\/74cab6e5c7b9be4ce33c7ac5448a63af-1024x576.webp 1024w, https:\/\/d2p6e6u75xmxt8.cloudfront.net\/12\/2023\/09\/74cab6e5c7b9be4ce33c7ac5448a63af-768x432.webp 768w, https:\/\/d2p6e6u75xmxt8.cloudfront.net\/12\/2023\/09\/74cab6e5c7b9be4ce33c7ac5448a63af-1536x864.webp 1536w, https:\/\/d2p6e6u75xmxt8.cloudfront.net\/12\/2023\/09\/74cab6e5c7b9be4ce33c7ac5448a63af-400x225.webp 400w\" sizes=\"auto, (max-width: 1600px) 100vw, 1600px\" \/><\/a><figcaption id=\"caption-attachment-17866\" class=\"wp-caption-text\">A Tourmalet rettegett cs\u00facsa mad\u00e1rt\u00e1vlatb\u00f3l<\/figcaption><\/figure>\n<p>De ami minket legal\u00e1bb ennyire \u00e9rdekel, az Valter Attila szerepl\u00e9se, aki ezen a Vuelt\u00e1n f\u00e9lre\u00e9rthetetlen bizonys\u00e1g\u00e1t adja, hogy v\u00e9gleg feln\u0151tt a Jumbo szintj\u00e9hez, vagyis az elit elitj\u00e9hez. A magyar bajnoki trik\u00f3s \u00fagy van ott az \u00f6sszetett 21. hely\u00e9n, hogy k\u00f6zben v\u00e9gig komoly seg\u00edts\u00e9get ny\u00fajt \u00e9lmen\u0151 t\u00e1rsainak, \u00e9s mint mondta, eddig az \u00f6sszes etapon meg tudta csin\u00e1lni, amit a csapatvezet\u00e9s feladat\u00e1ul sz\u00e1nt \u2013 nem csoda, hogy dics\u00e9rik is rendesen t\u00e1rsak \u00e9s vezet\u0151k egyar\u00e1nt. Ak\u00e1rmi is lesz ennek a Vuelt\u00e1nak a v\u00e9ge, az m\u00e1r most kijelenthet\u0151, hogy Ati v\u00e9gk\u00e9pp meg\u00e9rkezett oda, ahova mindig is v\u00e1gyott, vagyis a sport\u00e1g legjobbjai k\u00f6z\u00e9.<\/p>\n<figure id=\"attachment_17867\" aria-describedby=\"caption-attachment-17867\" style=\"width: 1179px\" class=\"wp-caption alignnone\"><a href=\"https:\/\/d2p6e6u75xmxt8.cloudfront.net\/12\/2023\/09\/370351999_757227886413093_5378044611640560015_n.webp\"><img loading=\"lazy\" decoding=\"async\" class=\"size-full wp-image-17867\" src=\"https:\/\/d2p6e6u75xmxt8.cloudfront.net\/12\/2023\/09\/370351999_757227886413093_5378044611640560015_n.webp\" alt=\"\" width=\"1179\" height=\"1430\" srcset=\"https:\/\/d2p6e6u75xmxt8.cloudfront.net\/12\/2023\/09\/370351999_757227886413093_5378044611640560015_n.webp 1179w, https:\/\/d2p6e6u75xmxt8.cloudfront.net\/12\/2023\/09\/370351999_757227886413093_5378044611640560015_n-247x300.webp 247w, https:\/\/d2p6e6u75xmxt8.cloudfront.net\/12\/2023\/09\/370351999_757227886413093_5378044611640560015_n-844x1024.webp 844w, https:\/\/d2p6e6u75xmxt8.cloudfront.net\/12\/2023\/09\/370351999_757227886413093_5378044611640560015_n-768x932.webp 768w, https:\/\/d2p6e6u75xmxt8.cloudfront.net\/12\/2023\/09\/370351999_757227886413093_5378044611640560015_n-330x400.webp 330w\" sizes=\"auto, (max-width: 1179px) 100vw, 1179px\" \/><\/a><figcaption id=\"caption-attachment-17867\" class=\"wp-caption-text\">forr\u00e1s: Facebook\/Valter Attila<\/figcaption><\/figure>\n","protected":false},"excerpt":{"rendered":"<p>De nem az \u00f6sszeset: noha az ikonikus francia hegycs\u00facs fenekest\u00fcl felforgathatja a mez\u0151nyt, \u00e9s ak\u00e1r arra is v\u00e1laszt adhat, a [&hellip;]<\/p>\n","protected":false},"author":145,"featured_media":17870,"comment_status":"open","ping_status":"open","sticky":false,"template":"","format":"standard","meta":{"footnotes":""},"categories":[8],"tags":[],"global-categories":[419],"class_list":["post-17865","post","type-post","status-publish","format-standard","has-post-thumbnail","hentry","category-orszaguti-kerekpar","global-categories-cycling"],"yoast_head":"<!-- This site is optimized with the Yoast SEO Premium plugin v25.3 (Yoast SEO v25.9) - https:\/\/yoast.com\/wordpress\/plugins\/seo\/ -->\n<title>J\u00f6n a Tourmalet, ami nagyon sok k\u00e9rd\u0151jelet kiegyenes\u00edthet a Vuelt\u00e1n - \u0160koda We Love Cycling - Magyarorsz\u00e1g<\/title>\n<meta name=\"robots\" content=\"index, follow, max-snippet:-1, max-image-preview:large, max-video-preview:-1\" \/>\n<link rel=\"canonical\" href=\"https:\/\/www.welovecycling.com\/hu\/orszaguti-kerekpar\/jon-a-tourmalet-ami-nagyon-sok-kerdojelet-kiegyenesithet-a-vueltan\/\" \/>\n<meta property=\"og:locale\" content=\"hu_HU\" \/>\n<meta property=\"og:type\" content=\"article\" \/>\n<meta property=\"og:title\" content=\"J\u00f6n a Tourmalet, ami nagyon sok k\u00e9rd\u0151jelet kiegyenes\u00edthet a Vuelt\u00e1n\" \/>\n<meta property=\"og:description\" content=\"De nem az \u00f6sszeset: noha az ikonikus francia hegycs\u00facs fenekest\u00fcl felforgathatja a mez\u0151nyt, \u00e9s ak\u00e1r arra is v\u00e1laszt adhat, a [&hellip;]\" \/>\n<meta property=\"og:url\" content=\"https:\/\/www.welovecycling.com\/hu\/orszaguti-kerekpar\/jon-a-tourmalet-ami-nagyon-sok-kerdojelet-kiegyenesithet-a-vueltan\/\" \/>\n<meta property=\"og:site_name\" content=\"\u0160koda We Love Cycling - Magyarorsz\u00e1g\" \/>\n<meta property=\"article:publisher\" content=\"https:\/\/www.facebook.com\/WeLoveCyclingHungary\/\" \/>\n<meta property=\"article:published_time\" content=\"2023-09-08T07:14:50+00:00\" \/>\n<meta property=\"og:image\" content=\"https:\/\/d2p6e6u75xmxt8.cloudfront.net\/12\/2023\/09\/Le-Geant-du-Tourmalet-scaled.webp\" \/>\n\t<meta property=\"og:image:width\" content=\"2560\" \/>\n\t<meta property=\"og:image:height\" content=\"1920\" \/>\n\t<meta property=\"og:image:type\" content=\"image\/webp\" \/>\n<meta name=\"author\" content=\"kitti\" \/>\n<meta name=\"twitter:card\" content=\"summary_large_image\" \/>\n<meta name=\"twitter:label1\" content=\"Written by\" \/>\n\t<meta name=\"twitter:data1\" content=\"We Love Cycling\" \/>\n\t<meta name=\"twitter:label2\" content=\"Est. reading time\" \/>\n\t<meta name=\"twitter:data2\" content=\"5 minutes\" \/>\n<script type=\"application\/ld+json\" class=\"yoast-schema-graph\">{\"@context\":\"https:\/\/schema.org\",\"@graph\":[{\"@type\":\"WebPage\",\"@id\":\"https:\/\/www.welovecycling.com\/hu\/orszaguti-kerekpar\/jon-a-tourmalet-ami-nagyon-sok-kerdojelet-kiegyenesithet-a-vueltan\/\",\"url\":\"https:\/\/www.welovecycling.com\/hu\/orszaguti-kerekpar\/jon-a-tourmalet-ami-nagyon-sok-kerdojelet-kiegyenesithet-a-vueltan\/\",\"name\":\"J\u00f6n a Tourmalet, ami nagyon sok k\u00e9rd\u0151jelet kiegyenes\u00edthet a Vuelt\u00e1n - \u0160koda We Love Cycling - Magyarorsz\u00e1g\",\"isPartOf\":{\"@id\":\"https:\/\/www.welovecycling.com\/hu\/#website\"},\"primaryImageOfPage\":{\"@id\":\"https:\/\/www.welovecycling.com\/hu\/orszaguti-kerekpar\/jon-a-tourmalet-ami-nagyon-sok-kerdojelet-kiegyenesithet-a-vueltan\/#primaryimage\"},\"image\":{\"@id\":\"https:\/\/www.welovecycling.com\/hu\/orszaguti-kerekpar\/jon-a-tourmalet-ami-nagyon-sok-kerdojelet-kiegyenesithet-a-vueltan\/#primaryimage\"},\"thumbnailUrl\":\"https:\/\/d2p6e6u75xmxt8.cloudfront.net\/12\/2023\/09\/Le-Geant-du-Tourmalet-scaled.webp\",\"datePublished\":\"2023-09-08T07:14:50+00:00\",\"author\":{\"@id\":\"https:\/\/www.welovecycling.com\/hu\/#\/schema\/person\/bec7dcdbcc59f58489cf603e4040ced1\"},\"breadcrumb\":{\"@id\":\"https:\/\/www.welovecycling.com\/hu\/orszaguti-kerekpar\/jon-a-tourmalet-ami-nagyon-sok-kerdojelet-kiegyenesithet-a-vueltan\/#breadcrumb\"},\"inLanguage\":\"hu\",\"potentialAction\":[{\"@type\":\"ReadAction\",\"target\":[\"https:\/\/www.welovecycling.com\/hu\/orszaguti-kerekpar\/jon-a-tourmalet-ami-nagyon-sok-kerdojelet-kiegyenesithet-a-vueltan\/\"]}]},{\"@type\":\"ImageObject\",\"inLanguage\":\"hu\",\"@id\":\"https:\/\/www.welovecycling.com\/hu\/orszaguti-kerekpar\/jon-a-tourmalet-ami-nagyon-sok-kerdojelet-kiegyenesithet-a-vueltan\/#primaryimage\",\"url\":\"https:\/\/d2p6e6u75xmxt8.cloudfront.net\/12\/2023\/09\/Le-Geant-du-Tourmalet-scaled.webp\",\"contentUrl\":\"https:\/\/d2p6e6u75xmxt8.cloudfront.net\/12\/2023\/09\/Le-Geant-du-Tourmalet-scaled.webp\",\"width\":2560,\"height\":1920},{\"@type\":\"BreadcrumbList\",\"@id\":\"https:\/\/www.welovecycling.com\/hu\/orszaguti-kerekpar\/jon-a-tourmalet-ami-nagyon-sok-kerdojelet-kiegyenesithet-a-vueltan\/#breadcrumb\",\"itemListElement\":[{\"@type\":\"ListItem\",\"position\":1,\"name\":\"Home\",\"item\":\"https:\/\/www.welovecycling.com\/hu\/\"},{\"@type\":\"ListItem\",\"position\":2,\"name\":\"J\u00f6n a Tourmalet, ami nagyon sok k\u00e9rd\u0151jelet kiegyenes\u00edthet a Vuelt\u00e1n\"}]},{\"@type\":\"WebSite\",\"@id\":\"https:\/\/www.welovecycling.com\/hu\/#website\",\"url\":\"https:\/\/www.welovecycling.com\/hu\/\",\"name\":\"\u0160koda We Love Cycling - Magyarorsz\u00e1g\",\"description\":\"\u0160koda WeLoveCycling\",\"potentialAction\":[{\"@type\":\"SearchAction\",\"target\":{\"@type\":\"EntryPoint\",\"urlTemplate\":\"https:\/\/www.welovecycling.com\/hu\/?s={search_term_string}\"},\"query-input\":{\"@type\":\"PropertyValueSpecification\",\"valueRequired\":true,\"valueName\":\"search_term_string\"}}],\"inLanguage\":\"hu\"},{\"@type\":\"Person\",\"@id\":\"https:\/\/www.welovecycling.com\/hu\/#\/schema\/person\/bec7dcdbcc59f58489cf603e4040ced1\",\"name\":\"kitti\",\"image\":{\"@type\":\"ImageObject\",\"inLanguage\":\"hu\",\"@id\":\"https:\/\/www.welovecycling.com\/hu\/#\/schema\/person\/image\/\",\"url\":\"https:\/\/secure.gravatar.com\/avatar\/e3196a110e1b57b96f56d92d10ce9bb4e9d7210076832a16243337e949410b52?s=96&d=mm&r=g\",\"contentUrl\":\"https:\/\/secure.gravatar.com\/avatar\/e3196a110e1b57b96f56d92d10ce9bb4e9d7210076832a16243337e949410b52?s=96&d=mm&r=g\",\"caption\":\"kitti\"},\"url\":\"https:\/\/www.welovecycling.com\/hu\/author\/kitti\/\"}]}<\/script>\n<!-- \/ Yoast SEO Premium plugin. -->","yoast_head_json":{"title":"J\u00f6n a Tourmalet, ami nagyon sok k\u00e9rd\u0151jelet kiegyenes\u00edthet a Vuelt\u00e1n - \u0160koda We Love Cycling - Magyarorsz\u00e1g","robots":{"index":"index","follow":"follow","max-snippet":"max-snippet:-1","max-image-preview":"max-image-preview:large","max-video-preview":"max-video-preview:-1"},"canonical":"https:\/\/www.welovecycling.com\/hu\/orszaguti-kerekpar\/jon-a-tourmalet-ami-nagyon-sok-kerdojelet-kiegyenesithet-a-vueltan\/","og_locale":"hu_HU","og_type":"article","og_title":"J\u00f6n a Tourmalet, ami nagyon sok k\u00e9rd\u0151jelet kiegyenes\u00edthet a Vuelt\u00e1n","og_description":"De nem az \u00f6sszeset: noha az ikonikus francia hegycs\u00facs fenekest\u00fcl felforgathatja a mez\u0151nyt, \u00e9s ak\u00e1r arra is v\u00e1laszt adhat, a [&hellip;]","og_url":"https:\/\/www.welovecycling.com\/hu\/orszaguti-kerekpar\/jon-a-tourmalet-ami-nagyon-sok-kerdojelet-kiegyenesithet-a-vueltan\/","og_site_name":"\u0160koda We Love Cycling - Magyarorsz\u00e1g","article_publisher":"https:\/\/www.facebook.com\/WeLoveCyclingHungary\/","article_published_time":"2023-09-08T07:14:50+00:00","og_image":[{"width":2560,"height":1920,"url":"https:\/\/d2p6e6u75xmxt8.cloudfront.net\/12\/2023\/09\/Le-Geant-du-Tourmalet-scaled.webp","type":"image\/webp"}],"author":"kitti","twitter_card":"summary_large_image","twitter_misc":{"Written by":"We Love Cycling","Est. reading time":"5 minutes"},"schema":{"@context":"https:\/\/schema.org","@graph":[{"@type":"WebPage","@id":"https:\/\/www.welovecycling.com\/hu\/orszaguti-kerekpar\/jon-a-tourmalet-ami-nagyon-sok-kerdojelet-kiegyenesithet-a-vueltan\/","url":"https:\/\/www.welovecycling.com\/hu\/orszaguti-kerekpar\/jon-a-tourmalet-ami-nagyon-sok-kerdojelet-kiegyenesithet-a-vueltan\/","name":"J\u00f6n a Tourmalet, ami nagyon sok k\u00e9rd\u0151jelet kiegyenes\u00edthet a Vuelt\u00e1n - \u0160koda We Love Cycling - Magyarorsz\u00e1g","isPartOf":{"@id":"https:\/\/www.welovecycling.com\/hu\/#website"},"primaryImageOfPage":{"@id":"https:\/\/www.welovecycling.com\/hu\/orszaguti-kerekpar\/jon-a-tourmalet-ami-nagyon-sok-kerdojelet-kiegyenesithet-a-vueltan\/#primaryimage"},"image":{"@id":"https:\/\/www.welovecycling.com\/hu\/orszaguti-kerekpar\/jon-a-tourmalet-ami-nagyon-sok-kerdojelet-kiegyenesithet-a-vueltan\/#primaryimage"},"thumbnailUrl":"https:\/\/d2p6e6u75xmxt8.cloudfront.net\/12\/2023\/09\/Le-Geant-du-Tourmalet-scaled.webp","datePublished":"2023-09-08T07:14:50+00:00","author":{"@id":"https:\/\/www.welovecycling.com\/hu\/#\/schema\/person\/bec7dcdbcc59f58489cf603e4040ced1"},"breadcrumb":{"@id":"https:\/\/www.welovecycling.com\/hu\/orszaguti-kerekpar\/jon-a-tourmalet-ami-nagyon-sok-kerdojelet-kiegyenesithet-a-vueltan\/#breadcrumb"},"inLanguage":"hu","potentialAction":[{"@type":"ReadAction","target":["https:\/\/www.welovecycling.com\/hu\/orszaguti-kerekpar\/jon-a-tourmalet-ami-nagyon-sok-kerdojelet-kiegyenesithet-a-vueltan\/"]}]},{"@type":"ImageObject","inLanguage":"hu","@id":"https:\/\/www.welovecycling.com\/hu\/orszaguti-kerekpar\/jon-a-tourmalet-ami-nagyon-sok-kerdojelet-kiegyenesithet-a-vueltan\/#primaryimage","url":"https:\/\/d2p6e6u75xmxt8.cloudfront.net\/12\/2023\/09\/Le-Geant-du-Tourmalet-scaled.webp","contentUrl":"https:\/\/d2p6e6u75xmxt8.cloudfront.net\/12\/2023\/09\/Le-Geant-du-Tourmalet-scaled.webp","width":2560,"height":1920},{"@type":"BreadcrumbList","@id":"https:\/\/www.welovecycling.com\/hu\/orszaguti-kerekpar\/jon-a-tourmalet-ami-nagyon-sok-kerdojelet-kiegyenesithet-a-vueltan\/#breadcrumb","itemListElement":[{"@type":"ListItem","position":1,"name":"Home","item":"https:\/\/www.welovecycling.com\/hu\/"},{"@type":"ListItem","position":2,"name":"J\u00f6n a Tourmalet, ami nagyon sok k\u00e9rd\u0151jelet kiegyenes\u00edthet a Vuelt\u00e1n"}]},{"@type":"WebSite","@id":"https:\/\/www.welovecycling.com\/hu\/#website","url":"https:\/\/www.welovecycling.com\/hu\/","name":"\u0160koda We Love Cycling - Magyarorsz\u00e1g","description":"\u0160koda WeLoveCycling","potentialAction":[{"@type":"SearchAction","target":{"@type":"EntryPoint","urlTemplate":"https:\/\/www.welovecycling.com\/hu\/?s={search_term_string}"},"query-input":{"@type":"PropertyValueSpecification","valueRequired":true,"valueName":"search_term_string"}}],"inLanguage":"hu"},{"@type":"Person","@id":"https:\/\/www.welovecycling.com\/hu\/#\/schema\/person\/bec7dcdbcc59f58489cf603e4040ced1","name":"kitti","image":{"@type":"ImageObject","inLanguage":"hu","@id":"https:\/\/www.welovecycling.com\/hu\/#\/schema\/person\/image\/","url":"https:\/\/secure.gravatar.com\/avatar\/e3196a110e1b57b96f56d92d10ce9bb4e9d7210076832a16243337e949410b52?s=96&d=mm&r=g","contentUrl":"https:\/\/secure.gravatar.com\/avatar\/e3196a110e1b57b96f56d92d10ce9bb4e9d7210076832a16243337e949410b52?s=96&d=mm&r=g","caption":"kitti"},"url":"https:\/\/www.welovecycling.com\/hu\/author\/kitti\/"}]}},"_links":{"self":[{"href":"https:\/\/www.welovecycling.com\/hu\/wp-json\/wp\/v2\/posts\/17865","targetHints":{"allow":["GET"]}}],"collection":[{"href":"https:\/\/www.welovecycling.com\/hu\/wp-json\/wp\/v2\/posts"}],"about":[{"href":"https:\/\/www.welovecycling.com\/hu\/wp-json\/wp\/v2\/types\/post"}],"author":[{"embeddable":true,"href":"https:\/\/www.welovecycling.com\/hu\/wp-json\/wp\/v2\/users\/145"}],"replies":[{"embeddable":true,"href":"https:\/\/www.welovecycling.com\/hu\/wp-json\/wp\/v2\/comments?post=17865"}],"version-history":[{"count":1,"href":"https:\/\/www.welovecycling.com\/hu\/wp-json\/wp\/v2\/posts\/17865\/revisions"}],"predecessor-version":[{"id":17871,"href":"https:\/\/www.welovecycling.com\/hu\/wp-json\/wp\/v2\/posts\/17865\/revisions\/17871"}],"wp:featuredmedia":[{"embeddable":true,"href":"https:\/\/www.welovecycling.com\/hu\/wp-json\/wp\/v2\/media\/17870"}],"wp:attachment":[{"href":"https:\/\/www.welovecycling.com\/hu\/wp-json\/wp\/v2\/media?parent=17865"}],"wp:term":[{"taxonomy":"category","embeddable":true,"href":"https:\/\/www.welovecycling.com\/hu\/wp-json\/wp\/v2\/categories?post=17865"},{"taxonomy":"post_tag","embeddable":true,"href":"https:\/\/www.welovecycling.com\/hu\/wp-json\/wp\/v2\/tags?post=17865"},{"taxonomy":"global-categories","embeddable":true,"href":"https:\/\/www.welovecycling.com\/hu\/wp-json\/wp\/v2\/global-categories?post=17865"}],"curies":[{"name":"wp","href":"https:\/\/api.w.org\/{rel}","templated":true}]}}